{"id":1960,"date":"2022-09-14T08:38:36","date_gmt":"2022-09-14T08:38:36","guid":{"rendered":"https:\/\/www.public.sn\/?p=1960"},"modified":"2022-09-14T08:39:38","modified_gmt":"2022-09-14T08:39:38","slug":"amadou-ba-et-aly-ngouye-ndiaye-deja-presentis-dans-le-prochain-gouvernement","status":"publish","type":"post","link":"https:\/\/www.public.sn\/index.php\/2022\/09\/14\/amadou-ba-et-aly-ngouye-ndiaye-deja-presentis-dans-le-prochain-gouvernement\/","title":{"rendered":"Amadou Ba et Aly Ngouye Ndiaye d\u00e9j\u00e0 pr\u00e9sentis dans le prochain gouvernement."},"content":{"rendered":"\n<p><strong>L\u2019Assembl\u00e9e nationale a fini d\u2019\u00e9lire hier ses membres du bureau.De l\u2019avis de Les Echos, la pr\u00e9sence ou l\u2019absence de certaines grosses pointures de l\u2019APR indiquent si elles resteront d\u00e9put\u00e9s ou si elles vont rejoindre le futur gouvernement.<\/strong><\/p><div class=\"publi-paragraphe1\" style=\"margin-top: 10px;margin-bottom: 10px;margin-left: auto;margin-right: auto;text-align: center;\" id=\"publi-321075826\"><div class=\"publi-adlabel\">Publicit\u00e9<\/div><script async src=\"\/\/pagead2.googlesyndication.com\/pagead\/js\/adsbygoogle.js?client=ca-pub-4089586018074219\" crossorigin=\"anonymous\"><\/script><ins class=\"adsbygoogle\" style=\"display:block;\" data-ad-client=\"ca-pub-4089586018074219\" \ndata-ad-slot=\"2087940154\" \ndata-ad-format=\"auto\"><\/ins>\n<script> \n(adsbygoogle = window.adsbygoogle || []).push({}); \n<\/script>\n<\/div>\n\n\n\n<p>D\u00e9sign\u00e9 pr\u00e9sident du groupe parlementaire de Benno Bokk Yakaar, Me Oumar Youm ne devrait donc pas redevenir ministre. Abdoulaye Diouf Sarr, qui figure parmi les vice-pr\u00e9sidents de l\u2019Assembl\u00e9e nationale, non plus.<\/p>\n\n\n\n<p>Cependant, Amadou Ba et Aly Ngouye Ndiaye ne figurant nullement le bureau de l\u2019assembl\u00e9e nationale sont pr\u00e9sentis  dans la formation du nouveau gouvernement. Le journal Les Echos croit savoir que sinon, les anciens ministres des Affaires \u00e9trang\u00e8res et de l\u2019Int\u00e9rieur seraient d\u00e9sign\u00e9s membres du bureau de l\u2019H\u00e9micycle.<\/p>\n\n\n\n<p>Pour rappel, la formation du nouveau gouvernement doit intervenir au d\u00e9tour de l\u2019installation de la 14e l\u00e9gislature, qui est effective depuis hier, mardi, avec l\u2019\u00e9lection du bureau de l\u2019Assembl\u00e9e nationale.<\/p>\n\n\n\n<figure class=\"wp-block-embed is-type-video is-provider-youtube wp-block-embed-youtube wp-embed-aspect-16-9 wp-has-aspect-ratio\"><div class=\"wp-block-embed__wrapper\">\n<p class=\"responsive-video-wrap clr\"><iframe title=\"Birame Soul\u00e9ye Diop corrige les d\u00e9put\u00e9s de Benno sur la r\u00e9partition des\u2026\" width=\"1200\" height=\"675\" src=\"https:\/\/www.youtube.com\/embed\/W3D0Y4FTCU0?feature=oembed\" frameborder=\"0\" allow=\"accelerometer; autoplay; clipboard-write; encrypted-media; gyroscope; picture-in-picture\" allowfullscreen><\/iframe><\/p>\n<\/div><\/figure>\n<div class=\"publi-apres-le-contenu\" style=\"margin-top: 10px;margin-bottom: 10px;margin-left: auto;margin-right: auto;text-align: center;\" id=\"publi-1988963366\"><div class=\"publi-adlabel\">Publicit\u00e9<\/div><script async src=\"\/\/pagead2.googlesyndication.com\/pagead\/js\/adsbygoogle.js?client=ca-pub-4089586018074219\" crossorigin=\"anonymous\"><\/script><ins class=\"adsbygoogle\" style=\"display:block;\" data-ad-client=\"ca-pub-4089586018074219\" \ndata-ad-slot=\"2087940154\" \ndata-ad-format=\"auto\"><\/ins>\n<script> \n(adsbygoogle = window.adsbygoogle || []).push({}); \n<\/script>\n<\/div>","protected":false},"excerpt":{"rendered":"<p>L\u2019Assembl\u00e9e nationale a fini d\u2019\u00e9lire hier ses membres du bureau.De l\u2019avis de Les Echos, la pr\u00e9sence ou l\u2019absence de certaines grosses pointures de l\u2019APR indiquent si elles resteront d\u00e9put\u00e9s ou si elles vont rejoindre le futur gouvernement. D\u00e9sign\u00e9 pr\u00e9sident du groupe parlementaire de Benno Bokk Yakaar, Me Oumar Youm ne devrait donc pas redevenir ministre. Abdoulaye Diouf Sarr, qui figure parmi les vice-pr\u00e9sidents de l\u2019Assembl\u00e9e nationale, non plus. Cependant, Amadou Ba et Aly Ngouye Ndiaye ne figurant nullement le bureau de l\u2019assembl\u00e9e nationale sont pr\u00e9sentis dans la formation du nouveau gouvernement. Le journal Les Echos croit savoir que sinon, les anciens ministres des Affaires \u00e9trang\u00e8res et de l\u2019Int\u00e9rieur seraient d\u00e9sign\u00e9s membres du bureau de l\u2019H\u00e9micycle. Pour rappel, la formation du nouveau gouvernement doit intervenir au d\u00e9tour de l\u2019installation de la 14e l\u00e9gislature, qui est effective depuis hier, mardi, avec l\u2019\u00e9lection du bureau de l\u2019Assembl\u00e9e nationale.<\/p>\n","protected":false},"author":1,"featured_media":1961,"comment_status":"open","ping_status":"open","sticky":false,"template":"","format":"standard","meta":{"_jetpack_memberships_contains_paid_content":false,"footnotes":""},"categories":[375,3,372],"tags":[745,743,744,11,44],"class_list":["post-1960","post","type-post","status-publish","format-standard","has-post-thumbnail","hentry","category-actualites","category-politique","category-vedette","tag-14eme-legislature","tag-aly-ngouille-ndiaye","tag-amadou-ba","tag-macky-sall","tag-premier-ministre","entry","has-media","owp-thumbs-layout-horizontal","owp-btn-normal","owp-tabs-layout-horizontal","has-no-thumbnails","has-product-nav"],"yoast_head":"<!-- This site is optimized with the Yoast SEO plugin v25.5 - https:\/\/yoast.com\/wordpress\/plugins\/seo\/ -->\n<title>Amadou Ba et Aly Ngouye Ndiaye d\u00e9j\u00e0 pr\u00e9sentis dans le prochain gouvernement. - LE PUBLIC<\/title>\n<meta name=\"robots\" content=\"index, follow, max-snippet:-1, max-image-preview:large, max-video-preview:-1\" \/>\n<link rel=\"canonical\" href=\"https:\/\/www.public.sn\/index.php\/2022\/09\/14\/amadou-ba-et-aly-ngouye-ndiaye-deja-presentis-dans-le-prochain-gouvernement\/\" \/>\n<meta property=\"og:locale\" content=\"fr_FR\" \/>\n<meta property=\"og:type\" content=\"article\" \/>\n<meta property=\"og:title\" content=\"Amadou Ba et Aly Ngouye Ndiaye d\u00e9j\u00e0 pr\u00e9sentis dans le prochain gouvernement. - LE PUBLIC\" \/>\n<meta property=\"og:description\" content=\"L\u2019Assembl\u00e9e nationale a fini d\u2019\u00e9lire hier ses membres du bureau.De l\u2019avis de Les Echos, la pr\u00e9sence ou l\u2019absence de certaines grosses pointures de l\u2019APR indiquent si elles resteront d\u00e9put\u00e9s ou si elles vont rejoindre le futur gouvernement. D\u00e9sign\u00e9 pr\u00e9sident du groupe parlementaire de Benno Bokk Yakaar, Me Oumar Youm ne devrait donc pas redevenir ministre. Abdoulaye Diouf Sarr, qui figure parmi les vice-pr\u00e9sidents de l\u2019Assembl\u00e9e nationale, non plus. Cependant, Amadou Ba et Aly Ngouye Ndiaye ne figurant nullement le bureau de l\u2019assembl\u00e9e nationale sont pr\u00e9sentis dans la formation du nouveau gouvernement. Le journal Les Echos croit savoir que sinon, les anciens ministres des Affaires \u00e9trang\u00e8res et de l\u2019Int\u00e9rieur seraient d\u00e9sign\u00e9s membres du bureau de l\u2019H\u00e9micycle. Pour rappel, la formation du nouveau gouvernement doit intervenir au d\u00e9tour de l\u2019installation de la 14e l\u00e9gislature, qui est effective depuis hier, mardi, avec l\u2019\u00e9lection du bureau de l\u2019Assembl\u00e9e nationale.\" \/>\n<meta property=\"og:url\" content=\"https:\/\/www.public.sn\/index.php\/2022\/09\/14\/amadou-ba-et-aly-ngouye-ndiaye-deja-presentis-dans-le-prochain-gouvernement\/\" \/>\n<meta property=\"og:site_name\" content=\"LE PUBLIC\" \/>\n<meta property=\"article:published_time\" content=\"2022-09-14T08:38:36+00:00\" \/>\n<meta property=\"article:modified_time\" content=\"2022-09-14T08:39:38+00:00\" \/>\n<meta property=\"og:image\" content=\"https:\/\/www.public.sn\/wp-content\/uploads\/2022\/09\/233D09D2-0CFA-478E-881E-C5BB74FF87C2.jpeg\" \/>\n\t<meta property=\"og:image:width\" content=\"696\" \/>\n\t<meta property=\"og:image:height\" content=\"425\" \/>\n\t<meta property=\"og:image:type\" content=\"image\/jpeg\" \/>\n<meta name=\"author\" content=\"LA REDACTION\" \/>\n<meta name=\"twitter:card\" content=\"summary_large_image\" \/>\n<meta name=\"twitter:label1\" content=\"\u00c9crit par\" \/>\n\t<meta name=\"twitter:data1\" content=\"LA REDACTION\" \/>\n\t<meta name=\"twitter:label2\" content=\"Dur\u00e9e de lecture estim\u00e9e\" \/>\n\t<meta name=\"twitter:data2\" content=\"1 minute\" \/>\n<script type=\"application\/ld+json\" class=\"yoast-schema-graph\">{\"@context\":\"https:\/\/schema.org\",\"@graph\":[{\"@type\":\"Article\",\"@id\":\"https:\/\/www.public.sn\/index.php\/2022\/09\/14\/amadou-ba-et-aly-ngouye-ndiaye-deja-presentis-dans-le-prochain-gouvernement\/#article\",\"isPartOf\":{\"@id\":\"https:\/\/www.public.sn\/index.php\/2022\/09\/14\/amadou-ba-et-aly-ngouye-ndiaye-deja-presentis-dans-le-prochain-gouvernement\/\"},\"author\":{\"name\":\"LA REDACTION\",\"@id\":\"https:\/\/www.public.sn\/#\/schema\/person\/e3f4a11b037d4203902db148f9bc8d5a\"},\"headline\":\"Amadou Ba et Aly Ngouye Ndiaye d\u00e9j\u00e0 pr\u00e9sentis dans le prochain gouvernement.\",\"datePublished\":\"2022-09-14T08:38:36+00:00\",\"dateModified\":\"2022-09-14T08:39:38+00:00\",\"mainEntityOfPage\":{\"@id\":\"https:\/\/www.public.sn\/index.php\/2022\/09\/14\/amadou-ba-et-aly-ngouye-ndiaye-deja-presentis-dans-le-prochain-gouvernement\/\"},\"wordCount\":197,\"commentCount\":0,\"publisher\":{\"@id\":\"https:\/\/www.public.sn\/#organization\"},\"image\":{\"@id\":\"https:\/\/www.public.sn\/index.php\/2022\/09\/14\/amadou-ba-et-aly-ngouye-ndiaye-deja-presentis-dans-le-prochain-gouvernement\/#primaryimage\"},\"thumbnailUrl\":\"https:\/\/www.public.sn\/wp-content\/uploads\/2022\/09\/233D09D2-0CFA-478E-881E-C5BB74FF87C2.jpeg\",\"keywords\":[\"14\u00e8me l\u00e9gislature\",\"Aly Ngouille Ndiaye\",\"Amadou Ba\",\"Macky Sall\",\"Premier Ministre\"],\"articleSection\":[\"ACTUALIT\u00c9S\",\"POLITIQUE\",\"VEDETTE\"],\"inLanguage\":\"fr-FR\",\"potentialAction\":[{\"@type\":\"CommentAction\",\"name\":\"Comment\",\"target\":[\"https:\/\/www.public.sn\/index.php\/2022\/09\/14\/amadou-ba-et-aly-ngouye-ndiaye-deja-presentis-dans-le-prochain-gouvernement\/#respond\"]}]},{\"@type\":\"WebPage\",\"@id\":\"https:\/\/www.public.sn\/index.php\/2022\/09\/14\/amadou-ba-et-aly-ngouye-ndiaye-deja-presentis-dans-le-prochain-gouvernement\/\",\"url\":\"https:\/\/www.public.sn\/index.php\/2022\/09\/14\/amadou-ba-et-aly-ngouye-ndiaye-deja-presentis-dans-le-prochain-gouvernement\/\",\"name\":\"Amadou Ba et Aly Ngouye Ndiaye d\u00e9j\u00e0 pr\u00e9sentis dans le prochain gouvernement. - LE PUBLIC\",\"isPartOf\":{\"@id\":\"https:\/\/www.public.sn\/#website\"},\"primaryImageOfPage\":{\"@id\":\"https:\/\/www.public.sn\/index.php\/2022\/09\/14\/amadou-ba-et-aly-ngouye-ndiaye-deja-presentis-dans-le-prochain-gouvernement\/#primaryimage\"},\"image\":{\"@id\":\"https:\/\/www.public.sn\/index.php\/2022\/09\/14\/amadou-ba-et-aly-ngouye-ndiaye-deja-presentis-dans-le-prochain-gouvernement\/#primaryimage\"},\"thumbnailUrl\":\"https:\/\/www.public.sn\/wp-content\/uploads\/2022\/09\/233D09D2-0CFA-478E-881E-C5BB74FF87C2.jpeg\",\"datePublished\":\"2022-09-14T08:38:36+00:00\",\"dateModified\":\"2022-09-14T08:39:38+00:00\",\"breadcrumb\":{\"@id\":\"https:\/\/www.public.sn\/index.php\/2022\/09\/14\/amadou-ba-et-aly-ngouye-ndiaye-deja-presentis-dans-le-prochain-gouvernement\/#breadcrumb\"},\"inLanguage\":\"fr-FR\",\"potentialAction\":[{\"@type\":\"ReadAction\",\"target\":[\"https:\/\/www.public.sn\/index.php\/2022\/09\/14\/amadou-ba-et-aly-ngouye-ndiaye-deja-presentis-dans-le-prochain-gouvernement\/\"]}]},{\"@type\":\"ImageObject\",\"inLanguage\":\"fr-FR\",\"@id\":\"https:\/\/www.public.sn\/index.php\/2022\/09\/14\/amadou-ba-et-aly-ngouye-ndiaye-deja-presentis-dans-le-prochain-gouvernement\/#primaryimage\",\"url\":\"https:\/\/www.public.sn\/wp-content\/uploads\/2022\/09\/233D09D2-0CFA-478E-881E-C5BB74FF87C2.jpeg\",\"contentUrl\":\"https:\/\/www.public.sn\/wp-content\/uploads\/2022\/09\/233D09D2-0CFA-478E-881E-C5BB74FF87C2.jpeg\",\"width\":696,\"height\":425},{\"@type\":\"BreadcrumbList\",\"@id\":\"https:\/\/www.public.sn\/index.php\/2022\/09\/14\/amadou-ba-et-aly-ngouye-ndiaye-deja-presentis-dans-le-prochain-gouvernement\/#breadcrumb\",\"itemListElement\":[{\"@type\":\"ListItem\",\"position\":1,\"name\":\"Accueil\",\"item\":\"https:\/\/www.public.sn\/\"},{\"@type\":\"ListItem\",\"position\":2,\"name\":\"Amadou Ba et Aly Ngouye Ndiaye d\u00e9j\u00e0 pr\u00e9sentis dans le prochain gouvernement.\"}]},{\"@type\":\"WebSite\",\"@id\":\"https:\/\/www.public.sn\/#website\",\"url\":\"https:\/\/www.public.sn\/\",\"name\":\"LE PUBLIC\",\"description\":\"\",\"publisher\":{\"@id\":\"https:\/\/www.public.sn\/#organization\"},\"potentialAction\":[{\"@type\":\"SearchAction\",\"target\":{\"@type\":\"EntryPoint\",\"urlTemplate\":\"https:\/\/www.public.sn\/?s={search_term_string}\"},\"query-input\":{\"@type\":\"PropertyValueSpecification\",\"valueRequired\":true,\"valueName\":\"search_term_string\"}}],\"inLanguage\":\"fr-FR\"},{\"@type\":\"Organization\",\"@id\":\"https:\/\/www.public.sn\/#organization\",\"name\":\"LE PUBLIC\",\"url\":\"https:\/\/www.public.sn\/\",\"logo\":{\"@type\":\"ImageObject\",\"inLanguage\":\"fr-FR\",\"@id\":\"https:\/\/www.public.sn\/#\/schema\/logo\/image\/\",\"url\":\"https:\/\/www.public.sn\/wp-content\/uploads\/2024\/05\/cropped-LOGO-PUBLIC.SN_.png\",\"contentUrl\":\"https:\/\/www.public.sn\/wp-content\/uploads\/2024\/05\/cropped-LOGO-PUBLIC.SN_.png\",\"width\":682,\"height\":192,\"caption\":\"LE PUBLIC\"},\"image\":{\"@id\":\"https:\/\/www.public.sn\/#\/schema\/logo\/image\/\"}},{\"@type\":\"Person\",\"@id\":\"https:\/\/www.public.sn\/#\/schema\/person\/e3f4a11b037d4203902db148f9bc8d5a\",\"name\":\"LA REDACTION\",\"image\":{\"@type\":\"ImageObject\",\"inLanguage\":\"fr-FR\",\"@id\":\"https:\/\/www.public.sn\/#\/schema\/person\/image\/\",\"url\":\"https:\/\/secure.gravatar.com\/avatar\/d6c030db45db2883c075085c5d6c6258654a801a93766b49af0b82d4f454e2a5?s=96&d=mm&r=g\",\"contentUrl\":\"https:\/\/secure.gravatar.com\/avatar\/d6c030db45db2883c075085c5d6c6258654a801a93766b49af0b82d4f454e2a5?s=96&d=mm&r=g\",\"caption\":\"LA REDACTION\"},\"sameAs\":[\"http:\/\/www.public.sn\"],\"url\":\"https:\/\/www.public.sn\/index.php\/author\/admin7324\/\"}]}<\/script>\n<!-- \/ Yoast SEO plugin. -->","yoast_head_json":{"title":"Amadou Ba et Aly Ngouye Ndiaye d\u00e9j\u00e0 pr\u00e9sentis dans le prochain gouvernement. - LE PUBLIC","robots":{"index":"index","follow":"follow","max-snippet":"max-snippet:-1","max-image-preview":"max-image-preview:large","max-video-preview":"max-video-preview:-1"},"canonical":"https:\/\/www.public.sn\/index.php\/2022\/09\/14\/amadou-ba-et-aly-ngouye-ndiaye-deja-presentis-dans-le-prochain-gouvernement\/","og_locale":"fr_FR","og_type":"article","og_title":"Amadou Ba et Aly Ngouye Ndiaye d\u00e9j\u00e0 pr\u00e9sentis dans le prochain gouvernement. - LE PUBLIC","og_description":"L\u2019Assembl\u00e9e nationale a fini d\u2019\u00e9lire hier ses membres du bureau.De l\u2019avis de Les Echos, la pr\u00e9sence ou l\u2019absence de certaines grosses pointures de l\u2019APR indiquent si elles resteront d\u00e9put\u00e9s ou si elles vont rejoindre le futur gouvernement. D\u00e9sign\u00e9 pr\u00e9sident du groupe parlementaire de Benno Bokk Yakaar, Me Oumar Youm ne devrait donc pas redevenir ministre. Abdoulaye Diouf Sarr, qui figure parmi les vice-pr\u00e9sidents de l\u2019Assembl\u00e9e nationale, non plus. Cependant, Amadou Ba et Aly Ngouye Ndiaye ne figurant nullement le bureau de l\u2019assembl\u00e9e nationale sont pr\u00e9sentis dans la formation du nouveau gouvernement. Le journal Les Echos croit savoir que sinon, les anciens ministres des Affaires \u00e9trang\u00e8res et de l\u2019Int\u00e9rieur seraient d\u00e9sign\u00e9s membres du bureau de l\u2019H\u00e9micycle. Pour rappel, la formation du nouveau gouvernement doit intervenir au d\u00e9tour de l\u2019installation de la 14e l\u00e9gislature, qui est effective depuis hier, mardi, avec l\u2019\u00e9lection du bureau de l\u2019Assembl\u00e9e nationale.","og_url":"https:\/\/www.public.sn\/index.php\/2022\/09\/14\/amadou-ba-et-aly-ngouye-ndiaye-deja-presentis-dans-le-prochain-gouvernement\/","og_site_name":"LE PUBLIC","article_published_time":"2022-09-14T08:38:36+00:00","article_modified_time":"2022-09-14T08:39:38+00:00","og_image":[{"width":696,"height":425,"url":"https:\/\/www.public.sn\/wp-content\/uploads\/2022\/09\/233D09D2-0CFA-478E-881E-C5BB74FF87C2.jpeg","type":"image\/jpeg"}],"author":"LA REDACTION","twitter_card":"summary_large_image","twitter_misc":{"\u00c9crit par":"LA REDACTION","Dur\u00e9e de lecture estim\u00e9e":"1 minute"},"schema":{"@context":"https:\/\/schema.org","@graph":[{"@type":"Article","@id":"https:\/\/www.public.sn\/index.php\/2022\/09\/14\/amadou-ba-et-aly-ngouye-ndiaye-deja-presentis-dans-le-prochain-gouvernement\/#article","isPartOf":{"@id":"https:\/\/www.public.sn\/index.php\/2022\/09\/14\/amadou-ba-et-aly-ngouye-ndiaye-deja-presentis-dans-le-prochain-gouvernement\/"},"author":{"name":"LA REDACTION","@id":"https:\/\/www.public.sn\/#\/schema\/person\/e3f4a11b037d4203902db148f9bc8d5a"},"headline":"Amadou Ba et Aly Ngouye Ndiaye d\u00e9j\u00e0 pr\u00e9sentis dans le prochain gouvernement.","datePublished":"2022-09-14T08:38:36+00:00","dateModified":"2022-09-14T08:39:38+00:00","mainEntityOfPage":{"@id":"https:\/\/www.public.sn\/index.php\/2022\/09\/14\/amadou-ba-et-aly-ngouye-ndiaye-deja-presentis-dans-le-prochain-gouvernement\/"},"wordCount":197,"commentCount":0,"publisher":{"@id":"https:\/\/www.public.sn\/#organization"},"image":{"@id":"https:\/\/www.public.sn\/index.php\/2022\/09\/14\/amadou-ba-et-aly-ngouye-ndiaye-deja-presentis-dans-le-prochain-gouvernement\/#primaryimage"},"thumbnailUrl":"https:\/\/www.public.sn\/wp-content\/uploads\/2022\/09\/233D09D2-0CFA-478E-881E-C5BB74FF87C2.jpeg","keywords":["14\u00e8me l\u00e9gislature","Aly Ngouille Ndiaye","Amadou Ba","Macky Sall","Premier Ministre"],"articleSection":["ACTUALIT\u00c9S","POLITIQUE","VEDETTE"],"inLanguage":"fr-FR","potentialAction":[{"@type":"CommentAction","name":"Comment","target":["https:\/\/www.public.sn\/index.php\/2022\/09\/14\/amadou-ba-et-aly-ngouye-ndiaye-deja-presentis-dans-le-prochain-gouvernement\/#respond"]}]},{"@type":"WebPage","@id":"https:\/\/www.public.sn\/index.php\/2022\/09\/14\/amadou-ba-et-aly-ngouye-ndiaye-deja-presentis-dans-le-prochain-gouvernement\/","url":"https:\/\/www.public.sn\/index.php\/2022\/09\/14\/amadou-ba-et-aly-ngouye-ndiaye-deja-presentis-dans-le-prochain-gouvernement\/","name":"Amadou Ba et Aly Ngouye Ndiaye d\u00e9j\u00e0 pr\u00e9sentis dans le prochain gouvernement. - LE PUBLIC","isPartOf":{"@id":"https:\/\/www.public.sn\/#website"},"primaryImageOfPage":{"@id":"https:\/\/www.public.sn\/index.php\/2022\/09\/14\/amadou-ba-et-aly-ngouye-ndiaye-deja-presentis-dans-le-prochain-gouvernement\/#primaryimage"},"image":{"@id":"https:\/\/www.public.sn\/index.php\/2022\/09\/14\/amadou-ba-et-aly-ngouye-ndiaye-deja-presentis-dans-le-prochain-gouvernement\/#primaryimage"},"thumbnailUrl":"https:\/\/www.public.sn\/wp-content\/uploads\/2022\/09\/233D09D2-0CFA-478E-881E-C5BB74FF87C2.jpeg","datePublished":"2022-09-14T08:38:36+00:00","dateModified":"2022-09-14T08:39:38+00:00","breadcrumb":{"@id":"https:\/\/www.public.sn\/index.php\/2022\/09\/14\/amadou-ba-et-aly-ngouye-ndiaye-deja-presentis-dans-le-prochain-gouvernement\/#breadcrumb"},"inLanguage":"fr-FR","potentialAction":[{"@type":"ReadAction","target":["https:\/\/www.public.sn\/index.php\/2022\/09\/14\/amadou-ba-et-aly-ngouye-ndiaye-deja-presentis-dans-le-prochain-gouvernement\/"]}]},{"@type":"ImageObject","inLanguage":"fr-FR","@id":"https:\/\/www.public.sn\/index.php\/2022\/09\/14\/amadou-ba-et-aly-ngouye-ndiaye-deja-presentis-dans-le-prochain-gouvernement\/#primaryimage","url":"https:\/\/www.public.sn\/wp-content\/uploads\/2022\/09\/233D09D2-0CFA-478E-881E-C5BB74FF87C2.jpeg","contentUrl":"https:\/\/www.public.sn\/wp-content\/uploads\/2022\/09\/233D09D2-0CFA-478E-881E-C5BB74FF87C2.jpeg","width":696,"height":425},{"@type":"BreadcrumbList","@id":"https:\/\/www.public.sn\/index.php\/2022\/09\/14\/amadou-ba-et-aly-ngouye-ndiaye-deja-presentis-dans-le-prochain-gouvernement\/#breadcrumb","itemListElement":[{"@type":"ListItem","position":1,"name":"Accueil","item":"https:\/\/www.public.sn\/"},{"@type":"ListItem","position":2,"name":"Amadou Ba et Aly Ngouye Ndiaye d\u00e9j\u00e0 pr\u00e9sentis dans le prochain gouvernement."}]},{"@type":"WebSite","@id":"https:\/\/www.public.sn\/#website","url":"https:\/\/www.public.sn\/","name":"LE PUBLIC","description":"","publisher":{"@id":"https:\/\/www.public.sn\/#organization"},"potentialAction":[{"@type":"SearchAction","target":{"@type":"EntryPoint","urlTemplate":"https:\/\/www.public.sn\/?s={search_term_string}"},"query-input":{"@type":"PropertyValueSpecification","valueRequired":true,"valueName":"search_term_string"}}],"inLanguage":"fr-FR"},{"@type":"Organization","@id":"https:\/\/www.public.sn\/#organization","name":"LE PUBLIC","url":"https:\/\/www.public.sn\/","logo":{"@type":"ImageObject","inLanguage":"fr-FR","@id":"https:\/\/www.public.sn\/#\/schema\/logo\/image\/","url":"https:\/\/www.public.sn\/wp-content\/uploads\/2024\/05\/cropped-LOGO-PUBLIC.SN_.png","contentUrl":"https:\/\/www.public.sn\/wp-content\/uploads\/2024\/05\/cropped-LOGO-PUBLIC.SN_.png","width":682,"height":192,"caption":"LE PUBLIC"},"image":{"@id":"https:\/\/www.public.sn\/#\/schema\/logo\/image\/"}},{"@type":"Person","@id":"https:\/\/www.public.sn\/#\/schema\/person\/e3f4a11b037d4203902db148f9bc8d5a","name":"LA REDACTION","image":{"@type":"ImageObject","inLanguage":"fr-FR","@id":"https:\/\/www.public.sn\/#\/schema\/person\/image\/","url":"https:\/\/secure.gravatar.com\/avatar\/d6c030db45db2883c075085c5d6c6258654a801a93766b49af0b82d4f454e2a5?s=96&d=mm&r=g","contentUrl":"https:\/\/secure.gravatar.com\/avatar\/d6c030db45db2883c075085c5d6c6258654a801a93766b49af0b82d4f454e2a5?s=96&d=mm&r=g","caption":"LA REDACTION"},"sameAs":["http:\/\/www.public.sn"],"url":"https:\/\/www.public.sn\/index.php\/author\/admin7324\/"}]}},"jetpack_featured_media_url":"https:\/\/www.public.sn\/wp-content\/uploads\/2022\/09\/233D09D2-0CFA-478E-881E-C5BB74FF87C2.jpeg","jetpack_sharing_enabled":true,"_links":{"self":[{"href":"https:\/\/www.public.sn\/index.php\/wp-json\/wp\/v2\/posts\/1960","targetHints":{"allow":["GET"]}}],"collection":[{"href":"https:\/\/www.public.sn\/index.php\/wp-json\/wp\/v2\/posts"}],"about":[{"href":"https:\/\/www.public.sn\/index.php\/wp-json\/wp\/v2\/types\/post"}],"author":[{"embeddable":true,"href":"https:\/\/www.public.sn\/index.php\/wp-json\/wp\/v2\/users\/1"}],"replies":[{"embeddable":true,"href":"https:\/\/www.public.sn\/index.php\/wp-json\/wp\/v2\/comments?post=1960"}],"version-history":[{"count":2,"href":"https:\/\/www.public.sn\/index.php\/wp-json\/wp\/v2\/posts\/1960\/revisions"}],"predecessor-version":[{"id":1963,"href":"https:\/\/www.public.sn\/index.php\/wp-json\/wp\/v2\/posts\/1960\/revisions\/1963"}],"wp:featuredmedia":[{"embeddable":true,"href":"https:\/\/www.public.sn\/index.php\/wp-json\/wp\/v2\/media\/1961"}],"wp:attachment":[{"href":"https:\/\/www.public.sn\/index.php\/wp-json\/wp\/v2\/media?parent=1960"}],"wp:term":[{"taxonomy":"category","embeddable":true,"href":"https:\/\/www.public.sn\/index.php\/wp-json\/wp\/v2\/categories?post=1960"},{"taxonomy":"post_tag","embeddable":true,"href":"https:\/\/www.public.sn\/index.php\/wp-json\/wp\/v2\/tags?post=1960"}],"curies":[{"name":"wp","href":"https:\/\/api.w.org\/{rel}","templated":true}]}}