{"id":19602,"date":"2023-04-10T18:49:48","date_gmt":"2023-04-10T18:49:48","guid":{"rendered":"https:\/\/www.public.sn\/?p=19602"},"modified":"2023-04-10T18:49:48","modified_gmt":"2023-04-10T18:49:48","slug":"levee-du-corps-dibrahima-sene-pit-le-chef-de-letat-rend-hommage-a-un-combattant-de-la-democratie-et-des-libertes","status":"publish","type":"post","link":"https:\/\/www.public.sn\/index.php\/2023\/04\/10\/levee-du-corps-dibrahima-sene-pit-le-chef-de-letat-rend-hommage-a-un-combattant-de-la-democratie-et-des-libertes\/","title":{"rendered":"Lev\u00e9e du corps d\u2019Ibrahima Sene (PIT): Le chef de l\u2019Etat rend hommage \u00e0 un combattant de la d\u00e9mocratie et des libert\u00e9s"},"content":{"rendered":"<p><strong>\u00a0\u00ab Son amour pour son pays a toujours \u00e9t\u00e9 entier. Sa disparition ne peut qu\u2019\u00eatre douloureuse \u00bb a d\u00e9clar\u00e9 le chef de l\u2019Etat Macky Sall \u00a0lors de la lev\u00e9e du corps Ibrahima S\u00e9ne membre<\/strong> <strong>fondateur du parti de l\u2019Ind\u00e9pendance et du Travail (PIT).<\/strong><\/p><div class=\"publi-paragraphe1\" style=\"margin-top: 10px;margin-bottom: 10px;margin-left: auto;margin-right: auto;text-align: center;\" id=\"publi-576475077\"><div class=\"publi-adlabel\">Publicit\u00e9<\/div><script async src=\"\/\/pagead2.googlesyndication.com\/pagead\/js\/adsbygoogle.js?client=ca-pub-4089586018074219\" crossorigin=\"anonymous\"><\/script><ins class=\"adsbygoogle\" style=\"display:block;\" data-ad-client=\"ca-pub-4089586018074219\" \ndata-ad-slot=\"2087940154\" \ndata-ad-format=\"auto\"><\/ins>\n<script> \n(adsbygoogle = window.adsbygoogle || []).push({}); \n<\/script>\n<\/div>\n<p><strong>\u00a0<\/strong>Accompagn\u00e9 par le ministre des forces arm\u00e9es Sidiki Kaba et le ministre de l\u2019Agriculture Aly Ngouille Ndiaye ainsi que le ministre des mines et de la g\u00e9ologie Omar Sarr, le chef de l\u2019Etat \u00a0a rendu un dernier hommage au d\u00e9funt membre fondateur du PIT. Selon le Pr\u00e9sident Macky Sall Ibrahima Sene fait parti de cette cat\u00e9gorie d\u2019homme politique engag\u00e9 dans la cause de la d\u00e9mocratie et des libert\u00e9s. Ainsi \u00ab\u00a0Au nom de toute la Nation\u00a0\u00bb, dira le Pr\u00e9sident de la R\u00e9publique Macky Sall, \u00ab\u00a0 Je rends un vibrant hommage \u00e0 un patriote sinc\u00e8re, un combattant acharn\u00e9 de la d\u00e9mocratie et des libert\u00e9s, un intellectuel disponible et g\u00e9n\u00e9reux\u00a0\u00bb, a regrett\u00e9 le chef de l\u2019\u00c9tat qui pr\u00e9sente ses condol\u00e9ances \u00e0 sa famille, au PIT et \u00a0\u00e0 la classe politique. Le chef de l\u2019Etat a par ailleurs rappel\u00e9 qu\u2019Ibrahima Sene a commenc\u00e9 \u00e0 militer dans un parti dans la clandestinit\u00e9. Mais s\u2019est toujours donn\u00e9 pour la d\u00e9fense des int\u00e9r\u00eats des peuples en prenant des risques en mettant en jeu sa carri\u00e8re d\u2019agronome.\u00a0Tr\u00e8s attrist\u00e9e par le d\u00e9c\u00e8s de son p\u00e8re Oumy Sene s\u2019est confi\u00e9e c\u2019est avec plein d\u2019\u00e9motions \u00ab Il \u00e9tait notre boussole, il nous disait que la vie est un \u00e9ternel combat et qu\u2019il ne faut surtout pas baisser les bras\u00bb.<\/p>\n<p>D\u00e9c\u00e9d\u00e9 \u00e0 l\u2019\u00e2ge de 76 ans, Ibrahima Sene \u00a0repose d\u00e9sormais \u00e0 Ngaye Mekh\u00e9.\u00a0Une grande perte pour la classe politique, dont le pr\u00e9sident Macky Sall, qui n\u2019a d\u2019ailleurs pas \u00e9t\u00e9 insensible \u00e0 ce douloureux \u00e9v\u00e9nement.<\/p>\n<p><strong>Ndeye Khady MBAYE GOUDIABY<\/strong><\/p>\n<p>&nbsp;<\/p>\n<p>&nbsp;<\/p>\n<div class=\"publi-apres-le-contenu\" style=\"margin-top: 10px;margin-bottom: 10px;margin-left: auto;margin-right: auto;text-align: center;\" id=\"publi-3496359782\"><div class=\"publi-adlabel\">Publicit\u00e9<\/div><script async src=\"\/\/pagead2.googlesyndication.com\/pagead\/js\/adsbygoogle.js?client=ca-pub-4089586018074219\" crossorigin=\"anonymous\"><\/script><ins class=\"adsbygoogle\" style=\"display:block;\" data-ad-client=\"ca-pub-4089586018074219\" \ndata-ad-slot=\"2087940154\" \ndata-ad-format=\"auto\"><\/ins>\n<script> \n(adsbygoogle = window.adsbygoogle || []).push({}); \n<\/script>\n<\/div>","protected":false},"excerpt":{"rendered":"<p>\u00a0\u00ab Son amour pour son pays a toujours \u00e9t\u00e9 entier. Sa disparition ne peut qu\u2019\u00eatre douloureuse \u00bb a d\u00e9clar\u00e9 le chef de l\u2019Etat Macky Sall \u00a0lors de la lev\u00e9e du corps Ibrahima S\u00e9ne membre fondateur du parti de l\u2019Ind\u00e9pendance et du Travail (PIT). \u00a0Accompagn\u00e9 par le ministre des forces arm\u00e9es Sidiki Kaba et le ministre de l\u2019Agriculture Aly Ngouille Ndiaye ainsi que le ministre des mines et de la g\u00e9ologie Omar Sarr, le chef de l\u2019Etat \u00a0a rendu un dernier hommage au d\u00e9funt membre fondateur du PIT. Selon le Pr\u00e9sident Macky Sall Ibrahima Sene fait parti de cette cat\u00e9gorie d\u2019homme politique engag\u00e9 dans la cause de la d\u00e9mocratie et des libert\u00e9s. Ainsi \u00ab\u00a0Au nom de toute la Nation\u00a0\u00bb, dira le Pr\u00e9sident de la R\u00e9publique Macky Sall, \u00ab\u00a0 Je rends un vibrant hommage \u00e0 un patriote sinc\u00e8re, un combattant acharn\u00e9 de la d\u00e9mocratie et des libert\u00e9s, un intellectuel disponible et g\u00e9n\u00e9reux\u00a0\u00bb, a regrett\u00e9 le chef de l\u2019\u00c9tat qui pr\u00e9sente ses condol\u00e9ances \u00e0 sa famille, au PIT et \u00a0\u00e0 la classe politique. Le chef de l\u2019Etat a par ailleurs rappel\u00e9 qu\u2019Ibrahima Sene a commenc\u00e9 \u00e0 militer dans un parti dans la clandestinit\u00e9. Mais s\u2019est toujours donn\u00e9 pour la d\u00e9fense des int\u00e9r\u00eats des peuples en prenant des risques en mettant en jeu sa carri\u00e8re d\u2019agronome.\u00a0Tr\u00e8s attrist\u00e9e par le d\u00e9c\u00e8s de son p\u00e8re Oumy Sene s\u2019est confi\u00e9e c\u2019est avec plein d\u2019\u00e9motions \u00ab Il \u00e9tait notre boussole, il nous disait que la vie est un \u00e9ternel combat et qu\u2019il ne faut surtout pas baisser les bras\u00bb. D\u00e9c\u00e9d\u00e9 \u00e0 l\u2019\u00e2ge de 76 ans, Ibrahima Sene \u00a0repose d\u00e9sormais \u00e0 Ngaye Mekh\u00e9.\u00a0Une grande perte pour la classe politique, dont le pr\u00e9sident Macky Sall, qui n\u2019a d\u2019ailleurs pas \u00e9t\u00e9 insensible \u00e0 ce douloureux \u00e9v\u00e9nement. Ndeye Khady MBAYE GOUDIABY &nbsp; &nbsp;<\/p>\n","protected":false},"author":7,"featured_media":5628,"comment_status":"open","ping_status":"open","sticky":false,"template":"","format":"standard","meta":{"_jetpack_memberships_contains_paid_content":false,"footnotes":""},"categories":[1],"tags":[5081],"class_list":["post-19602","post","type-post","status-publish","format-standard","has-post-thumbnail","hentry","category-non-classe","tag-levee-du-corps-ibrahima-sene","entry","has-media","owp-thumbs-layout-horizontal","owp-btn-normal","owp-tabs-layout-horizontal","has-no-thumbnails","has-product-nav"],"yoast_head":"<!-- This site is optimized with the Yoast SEO plugin v25.5 - https:\/\/yoast.com\/wordpress\/plugins\/seo\/ -->\n<title>Lev\u00e9e du corps d\u2019Ibrahima Sene (PIT): Le chef de l\u2019Etat rend hommage \u00e0 un combattant de la d\u00e9mocratie et des libert\u00e9s - LE PUBLIC<\/title>\n<meta name=\"robots\" content=\"index, follow, max-snippet:-1, max-image-preview:large, max-video-preview:-1\" \/>\n<link rel=\"canonical\" href=\"https:\/\/www.public.sn\/index.php\/2023\/04\/10\/levee-du-corps-dibrahima-sene-pit-le-chef-de-letat-rend-hommage-a-un-combattant-de-la-democratie-et-des-libertes\/\" \/>\n<meta property=\"og:locale\" content=\"fr_FR\" \/>\n<meta property=\"og:type\" content=\"article\" \/>\n<meta property=\"og:title\" content=\"Lev\u00e9e du corps d\u2019Ibrahima Sene (PIT): Le chef de l\u2019Etat rend hommage \u00e0 un combattant de la d\u00e9mocratie et des libert\u00e9s - LE PUBLIC\" \/>\n<meta property=\"og:description\" content=\"\u00a0\u00ab Son amour pour son pays a toujours \u00e9t\u00e9 entier. Sa disparition ne peut qu\u2019\u00eatre douloureuse \u00bb a d\u00e9clar\u00e9 le chef de l\u2019Etat Macky Sall \u00a0lors de la lev\u00e9e du corps Ibrahima S\u00e9ne membre fondateur du parti de l\u2019Ind\u00e9pendance et du Travail (PIT). \u00a0Accompagn\u00e9 par le ministre des forces arm\u00e9es Sidiki Kaba et le ministre de l\u2019Agriculture Aly Ngouille Ndiaye ainsi que le ministre des mines et de la g\u00e9ologie Omar Sarr, le chef de l\u2019Etat \u00a0a rendu un dernier hommage au d\u00e9funt membre fondateur du PIT. Selon le Pr\u00e9sident Macky Sall Ibrahima Sene fait parti de cette cat\u00e9gorie d\u2019homme politique engag\u00e9 dans la cause de la d\u00e9mocratie et des libert\u00e9s. Ainsi \u00ab\u00a0Au nom de toute la Nation\u00a0\u00bb, dira le Pr\u00e9sident de la R\u00e9publique Macky Sall, \u00ab\u00a0 Je rends un vibrant hommage \u00e0 un patriote sinc\u00e8re, un combattant acharn\u00e9 de la d\u00e9mocratie et des libert\u00e9s, un intellectuel disponible et g\u00e9n\u00e9reux\u00a0\u00bb, a regrett\u00e9 le chef de l\u2019\u00c9tat qui pr\u00e9sente ses condol\u00e9ances \u00e0 sa famille, au PIT et \u00a0\u00e0 la classe politique. Le chef de l\u2019Etat a par ailleurs rappel\u00e9 qu\u2019Ibrahima Sene a commenc\u00e9 \u00e0 militer dans un parti dans la clandestinit\u00e9. Mais s\u2019est toujours donn\u00e9 pour la d\u00e9fense des int\u00e9r\u00eats des peuples en prenant des risques en mettant en jeu sa carri\u00e8re d\u2019agronome.\u00a0Tr\u00e8s attrist\u00e9e par le d\u00e9c\u00e8s de son p\u00e8re Oumy Sene s\u2019est confi\u00e9e c\u2019est avec plein d\u2019\u00e9motions \u00ab Il \u00e9tait notre boussole, il nous disait que la vie est un \u00e9ternel combat et qu\u2019il ne faut surtout pas baisser les bras\u00bb. D\u00e9c\u00e9d\u00e9 \u00e0 l\u2019\u00e2ge de 76 ans, Ibrahima Sene \u00a0repose d\u00e9sormais \u00e0 Ngaye Mekh\u00e9.\u00a0Une grande perte pour la classe politique, dont le pr\u00e9sident Macky Sall, qui n\u2019a d\u2019ailleurs pas \u00e9t\u00e9 insensible \u00e0 ce douloureux \u00e9v\u00e9nement. Ndeye Khady MBAYE GOUDIABY &nbsp; &nbsp;\" \/>\n<meta property=\"og:url\" content=\"https:\/\/www.public.sn\/index.php\/2023\/04\/10\/levee-du-corps-dibrahima-sene-pit-le-chef-de-letat-rend-hommage-a-un-combattant-de-la-democratie-et-des-libertes\/\" \/>\n<meta property=\"og:site_name\" content=\"LE PUBLIC\" \/>\n<meta property=\"article:published_time\" content=\"2023-04-10T18:49:48+00:00\" \/>\n<meta property=\"og:image\" content=\"https:\/\/www.public.sn\/wp-content\/uploads\/2022\/10\/IBRAHIMA-SENE.jpg\" \/>\n\t<meta property=\"og:image:width\" content=\"750\" \/>\n\t<meta property=\"og:image:height\" content=\"430\" \/>\n\t<meta property=\"og:image:type\" content=\"image\/jpeg\" \/>\n<meta name=\"author\" content=\"LA REDACTION\" \/>\n<meta name=\"twitter:card\" content=\"summary_large_image\" \/>\n<meta name=\"twitter:label1\" content=\"\u00c9crit par\" \/>\n\t<meta name=\"twitter:data1\" content=\"LA REDACTION\" \/>\n\t<meta name=\"twitter:label2\" content=\"Dur\u00e9e de lecture estim\u00e9e\" \/>\n\t<meta name=\"twitter:data2\" content=\"2 minutes\" \/>\n<script type=\"application\/ld+json\" class=\"yoast-schema-graph\">{\"@context\":\"https:\/\/schema.org\",\"@graph\":[{\"@type\":\"Article\",\"@id\":\"https:\/\/www.public.sn\/index.php\/2023\/04\/10\/levee-du-corps-dibrahima-sene-pit-le-chef-de-letat-rend-hommage-a-un-combattant-de-la-democratie-et-des-libertes\/#article\",\"isPartOf\":{\"@id\":\"https:\/\/www.public.sn\/index.php\/2023\/04\/10\/levee-du-corps-dibrahima-sene-pit-le-chef-de-letat-rend-hommage-a-un-combattant-de-la-democratie-et-des-libertes\/\"},\"author\":{\"name\":\"LA REDACTION\",\"@id\":\"https:\/\/www.public.sn\/#\/schema\/person\/cb76c8e1b8becc6be61fb5e92d6d0224\"},\"headline\":\"Lev\u00e9e du corps d\u2019Ibrahima Sene (PIT): Le chef de l\u2019Etat rend hommage \u00e0 un combattant de la d\u00e9mocratie et des libert\u00e9s\",\"datePublished\":\"2023-04-10T18:49:48+00:00\",\"mainEntityOfPage\":{\"@id\":\"https:\/\/www.public.sn\/index.php\/2023\/04\/10\/levee-du-corps-dibrahima-sene-pit-le-chef-de-letat-rend-hommage-a-un-combattant-de-la-democratie-et-des-libertes\/\"},\"wordCount\":359,\"commentCount\":0,\"publisher\":{\"@id\":\"https:\/\/www.public.sn\/#organization\"},\"image\":{\"@id\":\"https:\/\/www.public.sn\/index.php\/2023\/04\/10\/levee-du-corps-dibrahima-sene-pit-le-chef-de-letat-rend-hommage-a-un-combattant-de-la-democratie-et-des-libertes\/#primaryimage\"},\"thumbnailUrl\":\"https:\/\/www.public.sn\/wp-content\/uploads\/2022\/10\/IBRAHIMA-SENE.jpg\",\"keywords\":[\"lev\u00e9e du corps Ibrahima S\u00e9ne\"],\"articleSection\":[\"S\u00c9N\u00c9GAL\"],\"inLanguage\":\"fr-FR\",\"potentialAction\":[{\"@type\":\"CommentAction\",\"name\":\"Comment\",\"target\":[\"https:\/\/www.public.sn\/index.php\/2023\/04\/10\/levee-du-corps-dibrahima-sene-pit-le-chef-de-letat-rend-hommage-a-un-combattant-de-la-democratie-et-des-libertes\/#respond\"]}]},{\"@type\":\"WebPage\",\"@id\":\"https:\/\/www.public.sn\/index.php\/2023\/04\/10\/levee-du-corps-dibrahima-sene-pit-le-chef-de-letat-rend-hommage-a-un-combattant-de-la-democratie-et-des-libertes\/\",\"url\":\"https:\/\/www.public.sn\/index.php\/2023\/04\/10\/levee-du-corps-dibrahima-sene-pit-le-chef-de-letat-rend-hommage-a-un-combattant-de-la-democratie-et-des-libertes\/\",\"name\":\"Lev\u00e9e du corps d\u2019Ibrahima Sene (PIT): Le chef de l\u2019Etat rend hommage \u00e0 un combattant de la d\u00e9mocratie et des libert\u00e9s - LE PUBLIC\",\"isPartOf\":{\"@id\":\"https:\/\/www.public.sn\/#website\"},\"primaryImageOfPage\":{\"@id\":\"https:\/\/www.public.sn\/index.php\/2023\/04\/10\/levee-du-corps-dibrahima-sene-pit-le-chef-de-letat-rend-hommage-a-un-combattant-de-la-democratie-et-des-libertes\/#primaryimage\"},\"image\":{\"@id\":\"https:\/\/www.public.sn\/index.php\/2023\/04\/10\/levee-du-corps-dibrahima-sene-pit-le-chef-de-letat-rend-hommage-a-un-combattant-de-la-democratie-et-des-libertes\/#primaryimage\"},\"thumbnailUrl\":\"https:\/\/www.public.sn\/wp-content\/uploads\/2022\/10\/IBRAHIMA-SENE.jpg\",\"datePublished\":\"2023-04-10T18:49:48+00:00\",\"breadcrumb\":{\"@id\":\"https:\/\/www.public.sn\/index.php\/2023\/04\/10\/levee-du-corps-dibrahima-sene-pit-le-chef-de-letat-rend-hommage-a-un-combattant-de-la-democratie-et-des-libertes\/#breadcrumb\"},\"inLanguage\":\"fr-FR\",\"potentialAction\":[{\"@type\":\"ReadAction\",\"target\":[\"https:\/\/www.public.sn\/index.php\/2023\/04\/10\/levee-du-corps-dibrahima-sene-pit-le-chef-de-letat-rend-hommage-a-un-combattant-de-la-democratie-et-des-libertes\/\"]}]},{\"@type\":\"ImageObject\",\"inLanguage\":\"fr-FR\",\"@id\":\"https:\/\/www.public.sn\/index.php\/2023\/04\/10\/levee-du-corps-dibrahima-sene-pit-le-chef-de-letat-rend-hommage-a-un-combattant-de-la-democratie-et-des-libertes\/#primaryimage\",\"url\":\"https:\/\/www.public.sn\/wp-content\/uploads\/2022\/10\/IBRAHIMA-SENE.jpg\",\"contentUrl\":\"https:\/\/www.public.sn\/wp-content\/uploads\/2022\/10\/IBRAHIMA-SENE.jpg\",\"width\":750,\"height\":430,\"caption\":\"publicsn\"},{\"@type\":\"BreadcrumbList\",\"@id\":\"https:\/\/www.public.sn\/index.php\/2023\/04\/10\/levee-du-corps-dibrahima-sene-pit-le-chef-de-letat-rend-hommage-a-un-combattant-de-la-democratie-et-des-libertes\/#breadcrumb\",\"itemListElement\":[{\"@type\":\"ListItem\",\"position\":1,\"name\":\"Accueil\",\"item\":\"https:\/\/www.public.sn\/\"},{\"@type\":\"ListItem\",\"position\":2,\"name\":\"Lev\u00e9e du corps d\u2019Ibrahima Sene (PIT): Le chef de l\u2019Etat rend hommage \u00e0 un combattant de la d\u00e9mocratie et des libert\u00e9s\"}]},{\"@type\":\"WebSite\",\"@id\":\"https:\/\/www.public.sn\/#website\",\"url\":\"https:\/\/www.public.sn\/\",\"name\":\"LE PUBLIC\",\"description\":\"\",\"publisher\":{\"@id\":\"https:\/\/www.public.sn\/#organization\"},\"potentialAction\":[{\"@type\":\"SearchAction\",\"target\":{\"@type\":\"EntryPoint\",\"urlTemplate\":\"https:\/\/www.public.sn\/?s={search_term_string}\"},\"query-input\":{\"@type\":\"PropertyValueSpecification\",\"valueRequired\":true,\"valueName\":\"search_term_string\"}}],\"inLanguage\":\"fr-FR\"},{\"@type\":\"Organization\",\"@id\":\"https:\/\/www.public.sn\/#organization\",\"name\":\"LE PUBLIC\",\"url\":\"https:\/\/www.public.sn\/\",\"logo\":{\"@type\":\"ImageObject\",\"inLanguage\":\"fr-FR\",\"@id\":\"https:\/\/www.public.sn\/#\/schema\/logo\/image\/\",\"url\":\"https:\/\/www.public.sn\/wp-content\/uploads\/2024\/05\/cropped-LOGO-PUBLIC.SN_.png\",\"contentUrl\":\"https:\/\/www.public.sn\/wp-content\/uploads\/2024\/05\/cropped-LOGO-PUBLIC.SN_.png\",\"width\":682,\"height\":192,\"caption\":\"LE PUBLIC\"},\"image\":{\"@id\":\"https:\/\/www.public.sn\/#\/schema\/logo\/image\/\"}},{\"@type\":\"Person\",\"@id\":\"https:\/\/www.public.sn\/#\/schema\/person\/cb76c8e1b8becc6be61fb5e92d6d0224\",\"name\":\"LA REDACTION\",\"image\":{\"@type\":\"ImageObject\",\"inLanguage\":\"fr-FR\",\"@id\":\"https:\/\/www.public.sn\/#\/schema\/person\/image\/\",\"url\":\"https:\/\/secure.gravatar.com\/avatar\/2dce5ddd34b8fef0180efe03aa2a9bee7d953856048f9a16b298190a3178407c?s=96&d=mm&r=g\",\"contentUrl\":\"https:\/\/secure.gravatar.com\/avatar\/2dce5ddd34b8fef0180efe03aa2a9bee7d953856048f9a16b298190a3178407c?s=96&d=mm&r=g\",\"caption\":\"LA REDACTION\"},\"url\":\"https:\/\/www.public.sn\/index.php\/author\/editeurpsn\/\"}]}<\/script>\n<!-- \/ Yoast SEO plugin. -->","yoast_head_json":{"title":"Lev\u00e9e du corps d\u2019Ibrahima Sene (PIT): Le chef de l\u2019Etat rend hommage \u00e0 un combattant de la d\u00e9mocratie et des libert\u00e9s - LE PUBLIC","robots":{"index":"index","follow":"follow","max-snippet":"max-snippet:-1","max-image-preview":"max-image-preview:large","max-video-preview":"max-video-preview:-1"},"canonical":"https:\/\/www.public.sn\/index.php\/2023\/04\/10\/levee-du-corps-dibrahima-sene-pit-le-chef-de-letat-rend-hommage-a-un-combattant-de-la-democratie-et-des-libertes\/","og_locale":"fr_FR","og_type":"article","og_title":"Lev\u00e9e du corps d\u2019Ibrahima Sene (PIT): Le chef de l\u2019Etat rend hommage \u00e0 un combattant de la d\u00e9mocratie et des libert\u00e9s - LE PUBLIC","og_description":"\u00a0\u00ab Son amour pour son pays a toujours \u00e9t\u00e9 entier. Sa disparition ne peut qu\u2019\u00eatre douloureuse \u00bb a d\u00e9clar\u00e9 le chef de l\u2019Etat Macky Sall \u00a0lors de la lev\u00e9e du corps Ibrahima S\u00e9ne membre fondateur du parti de l\u2019Ind\u00e9pendance et du Travail (PIT). \u00a0Accompagn\u00e9 par le ministre des forces arm\u00e9es Sidiki Kaba et le ministre de l\u2019Agriculture Aly Ngouille Ndiaye ainsi que le ministre des mines et de la g\u00e9ologie Omar Sarr, le chef de l\u2019Etat \u00a0a rendu un dernier hommage au d\u00e9funt membre fondateur du PIT. Selon le Pr\u00e9sident Macky Sall Ibrahima Sene fait parti de cette cat\u00e9gorie d\u2019homme politique engag\u00e9 dans la cause de la d\u00e9mocratie et des libert\u00e9s. Ainsi \u00ab\u00a0Au nom de toute la Nation\u00a0\u00bb, dira le Pr\u00e9sident de la R\u00e9publique Macky Sall, \u00ab\u00a0 Je rends un vibrant hommage \u00e0 un patriote sinc\u00e8re, un combattant acharn\u00e9 de la d\u00e9mocratie et des libert\u00e9s, un intellectuel disponible et g\u00e9n\u00e9reux\u00a0\u00bb, a regrett\u00e9 le chef de l\u2019\u00c9tat qui pr\u00e9sente ses condol\u00e9ances \u00e0 sa famille, au PIT et \u00a0\u00e0 la classe politique. Le chef de l\u2019Etat a par ailleurs rappel\u00e9 qu\u2019Ibrahima Sene a commenc\u00e9 \u00e0 militer dans un parti dans la clandestinit\u00e9. Mais s\u2019est toujours donn\u00e9 pour la d\u00e9fense des int\u00e9r\u00eats des peuples en prenant des risques en mettant en jeu sa carri\u00e8re d\u2019agronome.\u00a0Tr\u00e8s attrist\u00e9e par le d\u00e9c\u00e8s de son p\u00e8re Oumy Sene s\u2019est confi\u00e9e c\u2019est avec plein d\u2019\u00e9motions \u00ab Il \u00e9tait notre boussole, il nous disait que la vie est un \u00e9ternel combat et qu\u2019il ne faut surtout pas baisser les bras\u00bb. D\u00e9c\u00e9d\u00e9 \u00e0 l\u2019\u00e2ge de 76 ans, Ibrahima Sene \u00a0repose d\u00e9sormais \u00e0 Ngaye Mekh\u00e9.\u00a0Une grande perte pour la classe politique, dont le pr\u00e9sident Macky Sall, qui n\u2019a d\u2019ailleurs pas \u00e9t\u00e9 insensible \u00e0 ce douloureux \u00e9v\u00e9nement. Ndeye Khady MBAYE GOUDIABY &nbsp; &nbsp;","og_url":"https:\/\/www.public.sn\/index.php\/2023\/04\/10\/levee-du-corps-dibrahima-sene-pit-le-chef-de-letat-rend-hommage-a-un-combattant-de-la-democratie-et-des-libertes\/","og_site_name":"LE PUBLIC","article_published_time":"2023-04-10T18:49:48+00:00","og_image":[{"width":750,"height":430,"url":"https:\/\/www.public.sn\/wp-content\/uploads\/2022\/10\/IBRAHIMA-SENE.jpg","type":"image\/jpeg"}],"author":"LA REDACTION","twitter_card":"summary_large_image","twitter_misc":{"\u00c9crit par":"LA REDACTION","Dur\u00e9e de lecture estim\u00e9e":"2 minutes"},"schema":{"@context":"https:\/\/schema.org","@graph":[{"@type":"Article","@id":"https:\/\/www.public.sn\/index.php\/2023\/04\/10\/levee-du-corps-dibrahima-sene-pit-le-chef-de-letat-rend-hommage-a-un-combattant-de-la-democratie-et-des-libertes\/#article","isPartOf":{"@id":"https:\/\/www.public.sn\/index.php\/2023\/04\/10\/levee-du-corps-dibrahima-sene-pit-le-chef-de-letat-rend-hommage-a-un-combattant-de-la-democratie-et-des-libertes\/"},"author":{"name":"LA REDACTION","@id":"https:\/\/www.public.sn\/#\/schema\/person\/cb76c8e1b8becc6be61fb5e92d6d0224"},"headline":"Lev\u00e9e du corps d\u2019Ibrahima Sene (PIT): Le chef de l\u2019Etat rend hommage \u00e0 un combattant de la d\u00e9mocratie et des libert\u00e9s","datePublished":"2023-04-10T18:49:48+00:00","mainEntityOfPage":{"@id":"https:\/\/www.public.sn\/index.php\/2023\/04\/10\/levee-du-corps-dibrahima-sene-pit-le-chef-de-letat-rend-hommage-a-un-combattant-de-la-democratie-et-des-libertes\/"},"wordCount":359,"commentCount":0,"publisher":{"@id":"https:\/\/www.public.sn\/#organization"},"image":{"@id":"https:\/\/www.public.sn\/index.php\/2023\/04\/10\/levee-du-corps-dibrahima-sene-pit-le-chef-de-letat-rend-hommage-a-un-combattant-de-la-democratie-et-des-libertes\/#primaryimage"},"thumbnailUrl":"https:\/\/www.public.sn\/wp-content\/uploads\/2022\/10\/IBRAHIMA-SENE.jpg","keywords":["lev\u00e9e du corps Ibrahima S\u00e9ne"],"articleSection":["S\u00c9N\u00c9GAL"],"inLanguage":"fr-FR","potentialAction":[{"@type":"CommentAction","name":"Comment","target":["https:\/\/www.public.sn\/index.php\/2023\/04\/10\/levee-du-corps-dibrahima-sene-pit-le-chef-de-letat-rend-hommage-a-un-combattant-de-la-democratie-et-des-libertes\/#respond"]}]},{"@type":"WebPage","@id":"https:\/\/www.public.sn\/index.php\/2023\/04\/10\/levee-du-corps-dibrahima-sene-pit-le-chef-de-letat-rend-hommage-a-un-combattant-de-la-democratie-et-des-libertes\/","url":"https:\/\/www.public.sn\/index.php\/2023\/04\/10\/levee-du-corps-dibrahima-sene-pit-le-chef-de-letat-rend-hommage-a-un-combattant-de-la-democratie-et-des-libertes\/","name":"Lev\u00e9e du corps d\u2019Ibrahima Sene (PIT): Le chef de l\u2019Etat rend hommage \u00e0 un combattant de la d\u00e9mocratie et des libert\u00e9s - LE PUBLIC","isPartOf":{"@id":"https:\/\/www.public.sn\/#website"},"primaryImageOfPage":{"@id":"https:\/\/www.public.sn\/index.php\/2023\/04\/10\/levee-du-corps-dibrahima-sene-pit-le-chef-de-letat-rend-hommage-a-un-combattant-de-la-democratie-et-des-libertes\/#primaryimage"},"image":{"@id":"https:\/\/www.public.sn\/index.php\/2023\/04\/10\/levee-du-corps-dibrahima-sene-pit-le-chef-de-letat-rend-hommage-a-un-combattant-de-la-democratie-et-des-libertes\/#primaryimage"},"thumbnailUrl":"https:\/\/www.public.sn\/wp-content\/uploads\/2022\/10\/IBRAHIMA-SENE.jpg","datePublished":"2023-04-10T18:49:48+00:00","breadcrumb":{"@id":"https:\/\/www.public.sn\/index.php\/2023\/04\/10\/levee-du-corps-dibrahima-sene-pit-le-chef-de-letat-rend-hommage-a-un-combattant-de-la-democratie-et-des-libertes\/#breadcrumb"},"inLanguage":"fr-FR","potentialAction":[{"@type":"ReadAction","target":["https:\/\/www.public.sn\/index.php\/2023\/04\/10\/levee-du-corps-dibrahima-sene-pit-le-chef-de-letat-rend-hommage-a-un-combattant-de-la-democratie-et-des-libertes\/"]}]},{"@type":"ImageObject","inLanguage":"fr-FR","@id":"https:\/\/www.public.sn\/index.php\/2023\/04\/10\/levee-du-corps-dibrahima-sene-pit-le-chef-de-letat-rend-hommage-a-un-combattant-de-la-democratie-et-des-libertes\/#primaryimage","url":"https:\/\/www.public.sn\/wp-content\/uploads\/2022\/10\/IBRAHIMA-SENE.jpg","contentUrl":"https:\/\/www.public.sn\/wp-content\/uploads\/2022\/10\/IBRAHIMA-SENE.jpg","width":750,"height":430,"caption":"publicsn"},{"@type":"BreadcrumbList","@id":"https:\/\/www.public.sn\/index.php\/2023\/04\/10\/levee-du-corps-dibrahima-sene-pit-le-chef-de-letat-rend-hommage-a-un-combattant-de-la-democratie-et-des-libertes\/#breadcrumb","itemListElement":[{"@type":"ListItem","position":1,"name":"Accueil","item":"https:\/\/www.public.sn\/"},{"@type":"ListItem","position":2,"name":"Lev\u00e9e du corps d\u2019Ibrahima Sene (PIT): Le chef de l\u2019Etat rend hommage \u00e0 un combattant de la d\u00e9mocratie et des libert\u00e9s"}]},{"@type":"WebSite","@id":"https:\/\/www.public.sn\/#website","url":"https:\/\/www.public.sn\/","name":"LE PUBLIC","description":"","publisher":{"@id":"https:\/\/www.public.sn\/#organization"},"potentialAction":[{"@type":"SearchAction","target":{"@type":"EntryPoint","urlTemplate":"https:\/\/www.public.sn\/?s={search_term_string}"},"query-input":{"@type":"PropertyValueSpecification","valueRequired":true,"valueName":"search_term_string"}}],"inLanguage":"fr-FR"},{"@type":"Organization","@id":"https:\/\/www.public.sn\/#organization","name":"LE PUBLIC","url":"https:\/\/www.public.sn\/","logo":{"@type":"ImageObject","inLanguage":"fr-FR","@id":"https:\/\/www.public.sn\/#\/schema\/logo\/image\/","url":"https:\/\/www.public.sn\/wp-content\/uploads\/2024\/05\/cropped-LOGO-PUBLIC.SN_.png","contentUrl":"https:\/\/www.public.sn\/wp-content\/uploads\/2024\/05\/cropped-LOGO-PUBLIC.SN_.png","width":682,"height":192,"caption":"LE PUBLIC"},"image":{"@id":"https:\/\/www.public.sn\/#\/schema\/logo\/image\/"}},{"@type":"Person","@id":"https:\/\/www.public.sn\/#\/schema\/person\/cb76c8e1b8becc6be61fb5e92d6d0224","name":"LA REDACTION","image":{"@type":"ImageObject","inLanguage":"fr-FR","@id":"https:\/\/www.public.sn\/#\/schema\/person\/image\/","url":"https:\/\/secure.gravatar.com\/avatar\/2dce5ddd34b8fef0180efe03aa2a9bee7d953856048f9a16b298190a3178407c?s=96&d=mm&r=g","contentUrl":"https:\/\/secure.gravatar.com\/avatar\/2dce5ddd34b8fef0180efe03aa2a9bee7d953856048f9a16b298190a3178407c?s=96&d=mm&r=g","caption":"LA REDACTION"},"url":"https:\/\/www.public.sn\/index.php\/author\/editeurpsn\/"}]}},"jetpack_featured_media_url":"https:\/\/www.public.sn\/wp-content\/uploads\/2022\/10\/IBRAHIMA-SENE.jpg","jetpack_sharing_enabled":true,"_links":{"self":[{"href":"https:\/\/www.public.sn\/index.php\/wp-json\/wp\/v2\/posts\/19602","targetHints":{"allow":["GET"]}}],"collection":[{"href":"https:\/\/www.public.sn\/index.php\/wp-json\/wp\/v2\/posts"}],"about":[{"href":"https:\/\/www.public.sn\/index.php\/wp-json\/wp\/v2\/types\/post"}],"author":[{"embeddable":true,"href":"https:\/\/www.public.sn\/index.php\/wp-json\/wp\/v2\/users\/7"}],"replies":[{"embeddable":true,"href":"https:\/\/www.public.sn\/index.php\/wp-json\/wp\/v2\/comments?post=19602"}],"version-history":[{"count":1,"href":"https:\/\/www.public.sn\/index.php\/wp-json\/wp\/v2\/posts\/19602\/revisions"}],"predecessor-version":[{"id":19603,"href":"https:\/\/www.public.sn\/index.php\/wp-json\/wp\/v2\/posts\/19602\/revisions\/19603"}],"wp:featuredmedia":[{"embeddable":true,"href":"https:\/\/www.public.sn\/index.php\/wp-json\/wp\/v2\/media\/5628"}],"wp:attachment":[{"href":"https:\/\/www.public.sn\/index.php\/wp-json\/wp\/v2\/media?parent=19602"}],"wp:term":[{"taxonomy":"category","embeddable":true,"href":"https:\/\/www.public.sn\/index.php\/wp-json\/wp\/v2\/categories?post=19602"},{"taxonomy":"post_tag","embeddable":true,"href":"https:\/\/www.public.sn\/index.php\/wp-json\/wp\/v2\/tags?post=19602"}],"curies":[{"name":"wp","href":"https:\/\/api.w.org\/{rel}","templated":true}]}}