{"id":19681,"date":"2023-04-11T17:02:15","date_gmt":"2023-04-11T17:02:15","guid":{"rendered":"https:\/\/www.public.sn\/?p=19681"},"modified":"2023-04-11T17:03:13","modified_gmt":"2023-04-11T17:03:13","slug":"necrologie-le-minsitre-ismaila-madior-fall-endeuille","status":"publish","type":"post","link":"https:\/\/www.public.sn\/index.php\/2023\/04\/11\/necrologie-le-minsitre-ismaila-madior-fall-endeuille\/","title":{"rendered":"N\u00e9crologie : le ministre Ismaila Madior Fall endeuill\u00e9"},"content":{"rendered":"<p><strong>Le ministre Ismaila Madior Fall est endeuill\u00e9. C\u2019est le Garde des Sceaux lui m\u00eame qui\u00a0 annonce la mauvaise nouvelle. Il a perdu son p\u00e8re Papa Madior Fall.<\/strong><\/p><div class=\"publi-paragraphe1\" style=\"margin-top: 10px;margin-bottom: 10px;margin-left: auto;margin-right: auto;text-align: center;\" id=\"publi-3640938543\"><div class=\"publi-adlabel\">Publicit\u00e9<\/div><script async src=\"\/\/pagead2.googlesyndication.com\/pagead\/js\/adsbygoogle.js?client=ca-pub-4089586018074219\" crossorigin=\"anonymous\"><\/script><ins class=\"adsbygoogle\" style=\"display:block;\" data-ad-client=\"ca-pub-4089586018074219\" \ndata-ad-slot=\"2087940154\" \ndata-ad-format=\"auto\"><\/ins>\n<script> \n(adsbygoogle = window.adsbygoogle || []).push({}); \n<\/script>\n<\/div>\n<blockquote><p>\u00ab D\u00e9c\u00e8s de mon p\u00e8re. J\u2019ai le regret de vous annoncer le d\u00e9c\u00e8s de mon p\u00e8re Papa Madior Fall. Il avait 79 ans.<br \/>\nInhumation ce jour \u00e0 Rufisque<br \/>\nPri\u00e8re mortuaire \u00e0 la grande mosqu\u00e9e Arafat<br \/>\nEnterrement au cimeti\u00e8re de Dangou 17h.<br \/>\nSarakh demain mercredi<br \/>\nIsmaila Madior Fall \u00bb<\/p><\/blockquote>\n<p>La r\u00e9daction de PUBLIC.SN lui pr\u00e9sente ses condol\u00e9ances les plus sinc\u00e8res et prie pour le repos de l\u2019\u00e2me du d\u00e9funt.<\/p>\n<div class=\"publi-apres-le-contenu\" style=\"margin-top: 10px;margin-bottom: 10px;margin-left: auto;margin-right: auto;text-align: center;\" id=\"publi-278873072\"><div class=\"publi-adlabel\">Publicit\u00e9<\/div><script async src=\"\/\/pagead2.googlesyndication.com\/pagead\/js\/adsbygoogle.js?client=ca-pub-4089586018074219\" crossorigin=\"anonymous\"><\/script><ins class=\"adsbygoogle\" style=\"display:block;\" data-ad-client=\"ca-pub-4089586018074219\" \ndata-ad-slot=\"2087940154\" \ndata-ad-format=\"auto\"><\/ins>\n<script> \n(adsbygoogle = window.adsbygoogle || []).push({}); \n<\/script>\n<\/div>","protected":false},"excerpt":{"rendered":"<p>Le ministre Ismaila Madior Fall est endeuill\u00e9. C\u2019est le Garde des Sceaux lui m\u00eame qui\u00a0 annonce la mauvaise nouvelle. Il a perdu son p\u00e8re Papa Madior Fall. \u00ab D\u00e9c\u00e8s de mon p\u00e8re. J\u2019ai le regret de vous annoncer le d\u00e9c\u00e8s de mon p\u00e8re Papa Madior Fall. Il avait 79 ans. Inhumation ce jour \u00e0 Rufisque Pri\u00e8re mortuaire \u00e0 la grande mosqu\u00e9e Arafat Enterrement au cimeti\u00e8re de Dangou 17h. Sarakh demain mercredi Ismaila Madior Fall \u00bb La r\u00e9daction de PUBLIC.SN lui pr\u00e9sente ses condol\u00e9ances les plus sinc\u00e8res et prie pour le repos de l\u2019\u00e2me du d\u00e9funt.<\/p>\n","protected":false},"author":1,"featured_media":8540,"comment_status":"open","ping_status":"open","sticky":false,"template":"","format":"standard","meta":{"_jetpack_memberships_contains_paid_content":false,"footnotes":""},"categories":[375,371,3,1,372],"tags":[374,5091,5092],"class_list":["post-19681","post","type-post","status-publish","format-standard","has-post-thumbnail","hentry","category-actualites","category-necrologie","category-politique","category-non-classe","category-vedette","tag-deces","tag-ismaila-madio-fall","tag-papa","entry","has-media","owp-thumbs-layout-horizontal","owp-btn-normal","owp-tabs-layout-horizontal","has-no-thumbnails","has-product-nav"],"yoast_head":"<!-- This site is optimized with the Yoast SEO plugin v25.5 - https:\/\/yoast.com\/wordpress\/plugins\/seo\/ -->\n<title>N\u00e9crologie : le ministre Ismaila Madior Fall endeuill\u00e9 - LE PUBLIC<\/title>\n<meta name=\"description\" content=\"Le ministre Ismaila Madior Fall est endeuill\u00e9. C\u2019est le Garde des Sceaux lui m\u00eame qui\u00a0 annonce la mauvaise nouvelle. Il a perdu son p\u00e8re Papa Madior Fall.\" \/>\n<meta name=\"robots\" content=\"index, follow, max-snippet:-1, max-image-preview:large, max-video-preview:-1\" \/>\n<link rel=\"canonical\" href=\"https:\/\/www.public.sn\/index.php\/2023\/04\/11\/necrologie-le-minsitre-ismaila-madior-fall-endeuille\/\" \/>\n<meta property=\"og:locale\" content=\"fr_FR\" \/>\n<meta property=\"og:type\" content=\"article\" \/>\n<meta property=\"og:title\" content=\"N\u00e9crologie : le ministre Ismaila Madior Fall endeuill\u00e9 - LE PUBLIC\" \/>\n<meta property=\"og:description\" content=\"Le ministre Ismaila Madior Fall est endeuill\u00e9. C\u2019est le Garde des Sceaux lui m\u00eame qui\u00a0 annonce la mauvaise nouvelle. Il a perdu son p\u00e8re Papa Madior Fall.\" \/>\n<meta property=\"og:url\" content=\"https:\/\/www.public.sn\/index.php\/2023\/04\/11\/necrologie-le-minsitre-ismaila-madior-fall-endeuille\/\" \/>\n<meta property=\"og:site_name\" content=\"LE PUBLIC\" \/>\n<meta property=\"article:published_time\" content=\"2023-04-11T17:02:15+00:00\" \/>\n<meta property=\"article:modified_time\" content=\"2023-04-11T17:03:13+00:00\" \/>\n<meta property=\"og:image\" content=\"https:\/\/www.public.sn\/wp-content\/uploads\/2022\/11\/ismaila-madior-fall.jpg\" \/>\n\t<meta property=\"og:image:width\" content=\"652\" \/>\n\t<meta property=\"og:image:height\" content=\"366\" \/>\n\t<meta property=\"og:image:type\" content=\"image\/jpeg\" \/>\n<meta name=\"author\" content=\"LA REDACTION\" \/>\n<meta name=\"twitter:card\" content=\"summary_large_image\" \/>\n<meta name=\"twitter:label1\" content=\"\u00c9crit par\" \/>\n\t<meta name=\"twitter:data1\" content=\"LA REDACTION\" \/>\n\t<meta name=\"twitter:label2\" content=\"Dur\u00e9e de lecture estim\u00e9e\" \/>\n\t<meta name=\"twitter:data2\" content=\"1 minute\" \/>\n<script type=\"application\/ld+json\" class=\"yoast-schema-graph\">{\"@context\":\"https:\/\/schema.org\",\"@graph\":[{\"@type\":\"Article\",\"@id\":\"https:\/\/www.public.sn\/index.php\/2023\/04\/11\/necrologie-le-minsitre-ismaila-madior-fall-endeuille\/#article\",\"isPartOf\":{\"@id\":\"https:\/\/www.public.sn\/index.php\/2023\/04\/11\/necrologie-le-minsitre-ismaila-madior-fall-endeuille\/\"},\"author\":{\"name\":\"LA REDACTION\",\"@id\":\"https:\/\/www.public.sn\/#\/schema\/person\/e3f4a11b037d4203902db148f9bc8d5a\"},\"headline\":\"N\u00e9crologie : le ministre Ismaila Madior Fall endeuill\u00e9\",\"datePublished\":\"2023-04-11T17:02:15+00:00\",\"dateModified\":\"2023-04-11T17:03:13+00:00\",\"mainEntityOfPage\":{\"@id\":\"https:\/\/www.public.sn\/index.php\/2023\/04\/11\/necrologie-le-minsitre-ismaila-madior-fall-endeuille\/\"},\"wordCount\":118,\"commentCount\":0,\"publisher\":{\"@id\":\"https:\/\/www.public.sn\/#organization\"},\"image\":{\"@id\":\"https:\/\/www.public.sn\/index.php\/2023\/04\/11\/necrologie-le-minsitre-ismaila-madior-fall-endeuille\/#primaryimage\"},\"thumbnailUrl\":\"https:\/\/www.public.sn\/wp-content\/uploads\/2022\/11\/ismaila-madior-fall.jpg\",\"keywords\":[\"d\u00e9c\u00e8s\",\"Ismaila Madio Fall\",\"Papa\"],\"articleSection\":[\"ACTUALIT\u00c9S\",\"N\u00c9CROLOGIE\",\"POLITIQUE\",\"S\u00c9N\u00c9GAL\",\"VEDETTE\"],\"inLanguage\":\"fr-FR\",\"potentialAction\":[{\"@type\":\"CommentAction\",\"name\":\"Comment\",\"target\":[\"https:\/\/www.public.sn\/index.php\/2023\/04\/11\/necrologie-le-minsitre-ismaila-madior-fall-endeuille\/#respond\"]}]},{\"@type\":\"WebPage\",\"@id\":\"https:\/\/www.public.sn\/index.php\/2023\/04\/11\/necrologie-le-minsitre-ismaila-madior-fall-endeuille\/\",\"url\":\"https:\/\/www.public.sn\/index.php\/2023\/04\/11\/necrologie-le-minsitre-ismaila-madior-fall-endeuille\/\",\"name\":\"N\u00e9crologie : le ministre Ismaila Madior Fall endeuill\u00e9 - LE PUBLIC\",\"isPartOf\":{\"@id\":\"https:\/\/www.public.sn\/#website\"},\"primaryImageOfPage\":{\"@id\":\"https:\/\/www.public.sn\/index.php\/2023\/04\/11\/necrologie-le-minsitre-ismaila-madior-fall-endeuille\/#primaryimage\"},\"image\":{\"@id\":\"https:\/\/www.public.sn\/index.php\/2023\/04\/11\/necrologie-le-minsitre-ismaila-madior-fall-endeuille\/#primaryimage\"},\"thumbnailUrl\":\"https:\/\/www.public.sn\/wp-content\/uploads\/2022\/11\/ismaila-madior-fall.jpg\",\"datePublished\":\"2023-04-11T17:02:15+00:00\",\"dateModified\":\"2023-04-11T17:03:13+00:00\",\"description\":\"Le ministre Ismaila Madior Fall est endeuill\u00e9. C\u2019est le Garde des Sceaux lui m\u00eame qui\u00a0 annonce la mauvaise nouvelle. Il a perdu son p\u00e8re Papa Madior Fall.\",\"breadcrumb\":{\"@id\":\"https:\/\/www.public.sn\/index.php\/2023\/04\/11\/necrologie-le-minsitre-ismaila-madior-fall-endeuille\/#breadcrumb\"},\"inLanguage\":\"fr-FR\",\"potentialAction\":[{\"@type\":\"ReadAction\",\"target\":[\"https:\/\/www.public.sn\/index.php\/2023\/04\/11\/necrologie-le-minsitre-ismaila-madior-fall-endeuille\/\"]}]},{\"@type\":\"ImageObject\",\"inLanguage\":\"fr-FR\",\"@id\":\"https:\/\/www.public.sn\/index.php\/2023\/04\/11\/necrologie-le-minsitre-ismaila-madior-fall-endeuille\/#primaryimage\",\"url\":\"https:\/\/www.public.sn\/wp-content\/uploads\/2022\/11\/ismaila-madior-fall.jpg\",\"contentUrl\":\"https:\/\/www.public.sn\/wp-content\/uploads\/2022\/11\/ismaila-madior-fall.jpg\",\"width\":652,\"height\":366,\"caption\":\"publicsn\"},{\"@type\":\"BreadcrumbList\",\"@id\":\"https:\/\/www.public.sn\/index.php\/2023\/04\/11\/necrologie-le-minsitre-ismaila-madior-fall-endeuille\/#breadcrumb\",\"itemListElement\":[{\"@type\":\"ListItem\",\"position\":1,\"name\":\"Accueil\",\"item\":\"https:\/\/www.public.sn\/\"},{\"@type\":\"ListItem\",\"position\":2,\"name\":\"N\u00e9crologie : le ministre Ismaila Madior Fall endeuill\u00e9\"}]},{\"@type\":\"WebSite\",\"@id\":\"https:\/\/www.public.sn\/#website\",\"url\":\"https:\/\/www.public.sn\/\",\"name\":\"LE PUBLIC\",\"description\":\"\",\"publisher\":{\"@id\":\"https:\/\/www.public.sn\/#organization\"},\"potentialAction\":[{\"@type\":\"SearchAction\",\"target\":{\"@type\":\"EntryPoint\",\"urlTemplate\":\"https:\/\/www.public.sn\/?s={search_term_string}\"},\"query-input\":{\"@type\":\"PropertyValueSpecification\",\"valueRequired\":true,\"valueName\":\"search_term_string\"}}],\"inLanguage\":\"fr-FR\"},{\"@type\":\"Organization\",\"@id\":\"https:\/\/www.public.sn\/#organization\",\"name\":\"LE PUBLIC\",\"url\":\"https:\/\/www.public.sn\/\",\"logo\":{\"@type\":\"ImageObject\",\"inLanguage\":\"fr-FR\",\"@id\":\"https:\/\/www.public.sn\/#\/schema\/logo\/image\/\",\"url\":\"https:\/\/www.public.sn\/wp-content\/uploads\/2024\/05\/cropped-LOGO-PUBLIC.SN_.png\",\"contentUrl\":\"https:\/\/www.public.sn\/wp-content\/uploads\/2024\/05\/cropped-LOGO-PUBLIC.SN_.png\",\"width\":682,\"height\":192,\"caption\":\"LE PUBLIC\"},\"image\":{\"@id\":\"https:\/\/www.public.sn\/#\/schema\/logo\/image\/\"}},{\"@type\":\"Person\",\"@id\":\"https:\/\/www.public.sn\/#\/schema\/person\/e3f4a11b037d4203902db148f9bc8d5a\",\"name\":\"LA REDACTION\",\"image\":{\"@type\":\"ImageObject\",\"inLanguage\":\"fr-FR\",\"@id\":\"https:\/\/www.public.sn\/#\/schema\/person\/image\/\",\"url\":\"https:\/\/secure.gravatar.com\/avatar\/d6c030db45db2883c075085c5d6c6258654a801a93766b49af0b82d4f454e2a5?s=96&d=mm&r=g\",\"contentUrl\":\"https:\/\/secure.gravatar.com\/avatar\/d6c030db45db2883c075085c5d6c6258654a801a93766b49af0b82d4f454e2a5?s=96&d=mm&r=g\",\"caption\":\"LA REDACTION\"},\"sameAs\":[\"http:\/\/www.public.sn\"],\"url\":\"https:\/\/www.public.sn\/index.php\/author\/admin7324\/\"}]}<\/script>\n<!-- \/ Yoast SEO plugin. -->","yoast_head_json":{"title":"N\u00e9crologie : le ministre Ismaila Madior Fall endeuill\u00e9 - LE PUBLIC","description":"Le ministre Ismaila Madior Fall est endeuill\u00e9. C\u2019est le Garde des Sceaux lui m\u00eame qui\u00a0 annonce la mauvaise nouvelle. Il a perdu son p\u00e8re Papa Madior Fall.","robots":{"index":"index","follow":"follow","max-snippet":"max-snippet:-1","max-image-preview":"max-image-preview:large","max-video-preview":"max-video-preview:-1"},"canonical":"https:\/\/www.public.sn\/index.php\/2023\/04\/11\/necrologie-le-minsitre-ismaila-madior-fall-endeuille\/","og_locale":"fr_FR","og_type":"article","og_title":"N\u00e9crologie : le ministre Ismaila Madior Fall endeuill\u00e9 - LE PUBLIC","og_description":"Le ministre Ismaila Madior Fall est endeuill\u00e9. C\u2019est le Garde des Sceaux lui m\u00eame qui\u00a0 annonce la mauvaise nouvelle. Il a perdu son p\u00e8re Papa Madior Fall.","og_url":"https:\/\/www.public.sn\/index.php\/2023\/04\/11\/necrologie-le-minsitre-ismaila-madior-fall-endeuille\/","og_site_name":"LE PUBLIC","article_published_time":"2023-04-11T17:02:15+00:00","article_modified_time":"2023-04-11T17:03:13+00:00","og_image":[{"width":652,"height":366,"url":"https:\/\/www.public.sn\/wp-content\/uploads\/2022\/11\/ismaila-madior-fall.jpg","type":"image\/jpeg"}],"author":"LA REDACTION","twitter_card":"summary_large_image","twitter_misc":{"\u00c9crit par":"LA REDACTION","Dur\u00e9e de lecture estim\u00e9e":"1 minute"},"schema":{"@context":"https:\/\/schema.org","@graph":[{"@type":"Article","@id":"https:\/\/www.public.sn\/index.php\/2023\/04\/11\/necrologie-le-minsitre-ismaila-madior-fall-endeuille\/#article","isPartOf":{"@id":"https:\/\/www.public.sn\/index.php\/2023\/04\/11\/necrologie-le-minsitre-ismaila-madior-fall-endeuille\/"},"author":{"name":"LA REDACTION","@id":"https:\/\/www.public.sn\/#\/schema\/person\/e3f4a11b037d4203902db148f9bc8d5a"},"headline":"N\u00e9crologie : le ministre Ismaila Madior Fall endeuill\u00e9","datePublished":"2023-04-11T17:02:15+00:00","dateModified":"2023-04-11T17:03:13+00:00","mainEntityOfPage":{"@id":"https:\/\/www.public.sn\/index.php\/2023\/04\/11\/necrologie-le-minsitre-ismaila-madior-fall-endeuille\/"},"wordCount":118,"commentCount":0,"publisher":{"@id":"https:\/\/www.public.sn\/#organization"},"image":{"@id":"https:\/\/www.public.sn\/index.php\/2023\/04\/11\/necrologie-le-minsitre-ismaila-madior-fall-endeuille\/#primaryimage"},"thumbnailUrl":"https:\/\/www.public.sn\/wp-content\/uploads\/2022\/11\/ismaila-madior-fall.jpg","keywords":["d\u00e9c\u00e8s","Ismaila Madio Fall","Papa"],"articleSection":["ACTUALIT\u00c9S","N\u00c9CROLOGIE","POLITIQUE","S\u00c9N\u00c9GAL","VEDETTE"],"inLanguage":"fr-FR","potentialAction":[{"@type":"CommentAction","name":"Comment","target":["https:\/\/www.public.sn\/index.php\/2023\/04\/11\/necrologie-le-minsitre-ismaila-madior-fall-endeuille\/#respond"]}]},{"@type":"WebPage","@id":"https:\/\/www.public.sn\/index.php\/2023\/04\/11\/necrologie-le-minsitre-ismaila-madior-fall-endeuille\/","url":"https:\/\/www.public.sn\/index.php\/2023\/04\/11\/necrologie-le-minsitre-ismaila-madior-fall-endeuille\/","name":"N\u00e9crologie : le ministre Ismaila Madior Fall endeuill\u00e9 - LE PUBLIC","isPartOf":{"@id":"https:\/\/www.public.sn\/#website"},"primaryImageOfPage":{"@id":"https:\/\/www.public.sn\/index.php\/2023\/04\/11\/necrologie-le-minsitre-ismaila-madior-fall-endeuille\/#primaryimage"},"image":{"@id":"https:\/\/www.public.sn\/index.php\/2023\/04\/11\/necrologie-le-minsitre-ismaila-madior-fall-endeuille\/#primaryimage"},"thumbnailUrl":"https:\/\/www.public.sn\/wp-content\/uploads\/2022\/11\/ismaila-madior-fall.jpg","datePublished":"2023-04-11T17:02:15+00:00","dateModified":"2023-04-11T17:03:13+00:00","description":"Le ministre Ismaila Madior Fall est endeuill\u00e9. C\u2019est le Garde des Sceaux lui m\u00eame qui\u00a0 annonce la mauvaise nouvelle. Il a perdu son p\u00e8re Papa Madior Fall.","breadcrumb":{"@id":"https:\/\/www.public.sn\/index.php\/2023\/04\/11\/necrologie-le-minsitre-ismaila-madior-fall-endeuille\/#breadcrumb"},"inLanguage":"fr-FR","potentialAction":[{"@type":"ReadAction","target":["https:\/\/www.public.sn\/index.php\/2023\/04\/11\/necrologie-le-minsitre-ismaila-madior-fall-endeuille\/"]}]},{"@type":"ImageObject","inLanguage":"fr-FR","@id":"https:\/\/www.public.sn\/index.php\/2023\/04\/11\/necrologie-le-minsitre-ismaila-madior-fall-endeuille\/#primaryimage","url":"https:\/\/www.public.sn\/wp-content\/uploads\/2022\/11\/ismaila-madior-fall.jpg","contentUrl":"https:\/\/www.public.sn\/wp-content\/uploads\/2022\/11\/ismaila-madior-fall.jpg","width":652,"height":366,"caption":"publicsn"},{"@type":"BreadcrumbList","@id":"https:\/\/www.public.sn\/index.php\/2023\/04\/11\/necrologie-le-minsitre-ismaila-madior-fall-endeuille\/#breadcrumb","itemListElement":[{"@type":"ListItem","position":1,"name":"Accueil","item":"https:\/\/www.public.sn\/"},{"@type":"ListItem","position":2,"name":"N\u00e9crologie : le ministre Ismaila Madior Fall endeuill\u00e9"}]},{"@type":"WebSite","@id":"https:\/\/www.public.sn\/#website","url":"https:\/\/www.public.sn\/","name":"LE PUBLIC","description":"","publisher":{"@id":"https:\/\/www.public.sn\/#organization"},"potentialAction":[{"@type":"SearchAction","target":{"@type":"EntryPoint","urlTemplate":"https:\/\/www.public.sn\/?s={search_term_string}"},"query-input":{"@type":"PropertyValueSpecification","valueRequired":true,"valueName":"search_term_string"}}],"inLanguage":"fr-FR"},{"@type":"Organization","@id":"https:\/\/www.public.sn\/#organization","name":"LE PUBLIC","url":"https:\/\/www.public.sn\/","logo":{"@type":"ImageObject","inLanguage":"fr-FR","@id":"https:\/\/www.public.sn\/#\/schema\/logo\/image\/","url":"https:\/\/www.public.sn\/wp-content\/uploads\/2024\/05\/cropped-LOGO-PUBLIC.SN_.png","contentUrl":"https:\/\/www.public.sn\/wp-content\/uploads\/2024\/05\/cropped-LOGO-PUBLIC.SN_.png","width":682,"height":192,"caption":"LE PUBLIC"},"image":{"@id":"https:\/\/www.public.sn\/#\/schema\/logo\/image\/"}},{"@type":"Person","@id":"https:\/\/www.public.sn\/#\/schema\/person\/e3f4a11b037d4203902db148f9bc8d5a","name":"LA REDACTION","image":{"@type":"ImageObject","inLanguage":"fr-FR","@id":"https:\/\/www.public.sn\/#\/schema\/person\/image\/","url":"https:\/\/secure.gravatar.com\/avatar\/d6c030db45db2883c075085c5d6c6258654a801a93766b49af0b82d4f454e2a5?s=96&d=mm&r=g","contentUrl":"https:\/\/secure.gravatar.com\/avatar\/d6c030db45db2883c075085c5d6c6258654a801a93766b49af0b82d4f454e2a5?s=96&d=mm&r=g","caption":"LA REDACTION"},"sameAs":["http:\/\/www.public.sn"],"url":"https:\/\/www.public.sn\/index.php\/author\/admin7324\/"}]}},"jetpack_featured_media_url":"https:\/\/www.public.sn\/wp-content\/uploads\/2022\/11\/ismaila-madior-fall.jpg","jetpack_sharing_enabled":true,"_links":{"self":[{"href":"https:\/\/www.public.sn\/index.php\/wp-json\/wp\/v2\/posts\/19681","targetHints":{"allow":["GET"]}}],"collection":[{"href":"https:\/\/www.public.sn\/index.php\/wp-json\/wp\/v2\/posts"}],"about":[{"href":"https:\/\/www.public.sn\/index.php\/wp-json\/wp\/v2\/types\/post"}],"author":[{"embeddable":true,"href":"https:\/\/www.public.sn\/index.php\/wp-json\/wp\/v2\/users\/1"}],"replies":[{"embeddable":true,"href":"https:\/\/www.public.sn\/index.php\/wp-json\/wp\/v2\/comments?post=19681"}],"version-history":[{"count":2,"href":"https:\/\/www.public.sn\/index.php\/wp-json\/wp\/v2\/posts\/19681\/revisions"}],"predecessor-version":[{"id":19684,"href":"https:\/\/www.public.sn\/index.php\/wp-json\/wp\/v2\/posts\/19681\/revisions\/19684"}],"wp:featuredmedia":[{"embeddable":true,"href":"https:\/\/www.public.sn\/index.php\/wp-json\/wp\/v2\/media\/8540"}],"wp:attachment":[{"href":"https:\/\/www.public.sn\/index.php\/wp-json\/wp\/v2\/media?parent=19681"}],"wp:term":[{"taxonomy":"category","embeddable":true,"href":"https:\/\/www.public.sn\/index.php\/wp-json\/wp\/v2\/categories?post=19681"},{"taxonomy":"post_tag","embeddable":true,"href":"https:\/\/www.public.sn\/index.php\/wp-json\/wp\/v2\/tags?post=19681"}],"curies":[{"name":"wp","href":"https:\/\/api.w.org\/{rel}","templated":true}]}}