{"id":197,"date":"2022-08-19T16:46:20","date_gmt":"2022-08-19T14:46:20","guid":{"rendered":"https:\/\/www.public.sn\/?p=197"},"modified":"2022-08-19T16:47:07","modified_gmt":"2022-08-19T14:47:07","slug":"ledantec-les-syndicalistes-dans-la-rue-pour-denoncer-letat-du-senegal-et-le-projet-de-mise-en-vente-des-3-hectares","status":"publish","type":"post","link":"https:\/\/www.public.sn\/index.php\/2022\/08\/19\/ledantec-les-syndicalistes-dans-la-rue-pour-denoncer-letat-du-senegal-et-le-projet-de-mise-en-vente-des-3-hectares\/","title":{"rendered":"Ledantec : Les syndicalistes dans la rue pour d\u00e9noncer l&rsquo;\u00c9tat du S\u00e9n\u00e9gal et le projet de mise en vente des 3 hectares."},"content":{"rendered":"\n<p class=\"has-drop-cap\"><em>Malgr\u00e9 le red\u00e9ploiement de certains services, mat\u00e9riels et personnel de Ledantec dans diverses structures sanitaires, les syndicalistes sont plus que jamais d\u00e9termin\u00e9s \u00e0 s&rsquo;opposer au projet de la mise en vente des 03 hectares pour reconstruire ce centre vieux de 112 ans<\/em>.<\/p><div class=\"publi-paragraphe1\" style=\"margin-top: 10px;margin-bottom: 10px;margin-left: auto;margin-right: auto;text-align: center;\" id=\"publi-1602987793\"><div class=\"publi-adlabel\">Publicit\u00e9<\/div><script async src=\"\/\/pagead2.googlesyndication.com\/pagead\/js\/adsbygoogle.js?client=ca-pub-4089586018074219\" crossorigin=\"anonymous\"><\/script><ins class=\"adsbygoogle\" style=\"display:block;\" data-ad-client=\"ca-pub-4089586018074219\" \ndata-ad-slot=\"2087940154\" \ndata-ad-format=\"auto\"><\/ins>\n<script> \n(adsbygoogle = window.adsbygoogle || []).push({}); \n<\/script>\n<\/div>\n\n\n\n<p>Le Collectif pour La D\u00e9fense et la Sauvegarde de l&rsquo;h\u00f4pital Aristide Ledantec conteste la vente des 03 hectares dudit h\u00f4pital. Hier (Jeudi), les membres du collectif ont annonc\u00e9 une marche pacifique pr\u00e9vue ce samedi 20 aout 2022 \u00e0 partir de 12 heures \u00e0 la place de la Nation ex Ob\u00e9lisque. Ils comptent d\u00e9verser leur col\u00e8re et indignation face \u00e0 ce qu&rsquo;ils appellent <em>\u00ab\u00a0Scandale\u00a0\u00bb<\/em> li\u00e9 \u00e0 la d\u00e9localisation de l&rsquo;h\u00f4pital Ledantec pour une dur\u00e9e de 18 mois.<\/p>\n\n\n\n<p>\u00c0 en croire au collectif, le Pr\u00e9sident Macky Sall est entrain de mettre en danger la sant\u00e9 de la population. Cependant, il l&rsquo;invite \u00e0 revenir sur cette d\u00e9cision et appelle tous les acteurs de la sant\u00e9 ainsi que tous les s\u00e9n\u00e9galais \u00e0 se mobiliser pour la sauvegarde de ce patrimoine nationale.<\/p>\n\n\n\n<p><em>R\u00e9daction Public SN<\/em><\/p>\n<div class=\"publi-apres-le-contenu\" style=\"margin-top: 10px;margin-bottom: 10px;margin-left: auto;margin-right: auto;text-align: center;\" id=\"publi-828067454\"><div class=\"publi-adlabel\">Publicit\u00e9<\/div><script async src=\"\/\/pagead2.googlesyndication.com\/pagead\/js\/adsbygoogle.js?client=ca-pub-4089586018074219\" crossorigin=\"anonymous\"><\/script><ins class=\"adsbygoogle\" style=\"display:block;\" data-ad-client=\"ca-pub-4089586018074219\" \ndata-ad-slot=\"2087940154\" \ndata-ad-format=\"auto\"><\/ins>\n<script> \n(adsbygoogle = window.adsbygoogle || []).push({}); \n<\/script>\n<\/div>","protected":false},"excerpt":{"rendered":"<p>Malgr\u00e9 le red\u00e9ploiement de certains services, mat\u00e9riels et personnel de Ledantec dans diverses structures sanitaires, les syndicalistes sont plus que jamais d\u00e9termin\u00e9s \u00e0 s&rsquo;opposer au projet de la mise en vente des 03 hectares pour reconstruire ce centre vieux de 112 ans. Le Collectif pour La D\u00e9fense et la Sauvegarde de l&rsquo;h\u00f4pital Aristide Ledantec conteste la vente des 03 hectares dudit h\u00f4pital. Hier (Jeudi), les membres du collectif ont annonc\u00e9 une marche pacifique pr\u00e9vue ce samedi 20 aout 2022 \u00e0 partir de 12 heures \u00e0 la place de la Nation ex Ob\u00e9lisque. Ils comptent d\u00e9verser leur col\u00e8re et indignation face \u00e0 ce qu&rsquo;ils appellent \u00ab\u00a0Scandale\u00a0\u00bb li\u00e9 \u00e0 la d\u00e9localisation de l&rsquo;h\u00f4pital Ledantec pour une dur\u00e9e de 18 mois. \u00c0 en croire au collectif, le Pr\u00e9sident Macky Sall est entrain de mettre en danger la sant\u00e9 de la population. Cependant, il l&rsquo;invite \u00e0 revenir sur cette d\u00e9cision et appelle tous les acteurs de la sant\u00e9 ainsi que tous les s\u00e9n\u00e9galais \u00e0 se mobiliser pour la sauvegarde de ce patrimoine nationale. R\u00e9daction Public SN<\/p>\n","protected":false},"author":1,"featured_media":198,"comment_status":"open","ping_status":"open","sticky":false,"template":"","format":"standard","meta":{"_jetpack_memberships_contains_paid_content":false,"footnotes":""},"categories":[4],"tags":[78,11,79,80,81],"class_list":["post-197","post","type-post","status-publish","format-standard","has-post-thumbnail","hentry","category-societe","tag-ledantec","tag-macky-sall","tag-marche-pacifique","tag-place-de-la-nation","tag-pr-babacar-thiandoum","entry","has-media","owp-thumbs-layout-horizontal","owp-btn-normal","owp-tabs-layout-horizontal","has-no-thumbnails","has-product-nav"],"yoast_head":"<!-- This site is optimized with the Yoast SEO plugin v25.5 - https:\/\/yoast.com\/wordpress\/plugins\/seo\/ -->\n<title>Ledantec : Les syndicalistes dans la rue pour d\u00e9noncer l&#039;\u00c9tat du S\u00e9n\u00e9gal et le projet de mise en vente des 3 hectares. - LE PUBLIC<\/title>\n<meta name=\"robots\" content=\"index, follow, max-snippet:-1, max-image-preview:large, max-video-preview:-1\" \/>\n<link rel=\"canonical\" href=\"https:\/\/www.public.sn\/index.php\/2022\/08\/19\/ledantec-les-syndicalistes-dans-la-rue-pour-denoncer-letat-du-senegal-et-le-projet-de-mise-en-vente-des-3-hectares\/\" \/>\n<meta property=\"og:locale\" content=\"fr_FR\" \/>\n<meta property=\"og:type\" content=\"article\" \/>\n<meta property=\"og:title\" content=\"Ledantec : Les syndicalistes dans la rue pour d\u00e9noncer l&#039;\u00c9tat du S\u00e9n\u00e9gal et le projet de mise en vente des 3 hectares. - LE PUBLIC\" \/>\n<meta property=\"og:description\" content=\"Malgr\u00e9 le red\u00e9ploiement de certains services, mat\u00e9riels et personnel de Ledantec dans diverses structures sanitaires, les syndicalistes sont plus que jamais d\u00e9termin\u00e9s \u00e0 s&rsquo;opposer au projet de la mise en vente des 03 hectares pour reconstruire ce centre vieux de 112 ans. Le Collectif pour La D\u00e9fense et la Sauvegarde de l&rsquo;h\u00f4pital Aristide Ledantec conteste la vente des 03 hectares dudit h\u00f4pital. Hier (Jeudi), les membres du collectif ont annonc\u00e9 une marche pacifique pr\u00e9vue ce samedi 20 aout 2022 \u00e0 partir de 12 heures \u00e0 la place de la Nation ex Ob\u00e9lisque. Ils comptent d\u00e9verser leur col\u00e8re et indignation face \u00e0 ce qu&rsquo;ils appellent \u00ab\u00a0Scandale\u00a0\u00bb li\u00e9 \u00e0 la d\u00e9localisation de l&rsquo;h\u00f4pital Ledantec pour une dur\u00e9e de 18 mois. \u00c0 en croire au collectif, le Pr\u00e9sident Macky Sall est entrain de mettre en danger la sant\u00e9 de la population. Cependant, il l&rsquo;invite \u00e0 revenir sur cette d\u00e9cision et appelle tous les acteurs de la sant\u00e9 ainsi que tous les s\u00e9n\u00e9galais \u00e0 se mobiliser pour la sauvegarde de ce patrimoine nationale. R\u00e9daction Public SN\" \/>\n<meta property=\"og:url\" content=\"https:\/\/www.public.sn\/index.php\/2022\/08\/19\/ledantec-les-syndicalistes-dans-la-rue-pour-denoncer-letat-du-senegal-et-le-projet-de-mise-en-vente-des-3-hectares\/\" \/>\n<meta property=\"og:site_name\" content=\"LE PUBLIC\" \/>\n<meta property=\"article:published_time\" content=\"2022-08-19T14:46:20+00:00\" \/>\n<meta property=\"article:modified_time\" content=\"2022-08-19T14:47:07+00:00\" \/>\n<meta property=\"og:image\" content=\"https:\/\/www.public.sn\/wp-content\/uploads\/2022\/08\/66633463-47311955.jpeg\" \/>\n\t<meta property=\"og:image:width\" content=\"1200\" \/>\n\t<meta property=\"og:image:height\" content=\"630\" \/>\n\t<meta property=\"og:image:type\" content=\"image\/jpeg\" \/>\n<meta name=\"author\" content=\"LA REDACTION\" \/>\n<meta name=\"twitter:card\" content=\"summary_large_image\" \/>\n<meta name=\"twitter:label1\" content=\"\u00c9crit par\" \/>\n\t<meta name=\"twitter:data1\" content=\"LA REDACTION\" \/>\n\t<meta name=\"twitter:label2\" content=\"Dur\u00e9e de lecture estim\u00e9e\" \/>\n\t<meta name=\"twitter:data2\" content=\"1 minute\" \/>\n<script type=\"application\/ld+json\" class=\"yoast-schema-graph\">{\"@context\":\"https:\/\/schema.org\",\"@graph\":[{\"@type\":\"Article\",\"@id\":\"https:\/\/www.public.sn\/index.php\/2022\/08\/19\/ledantec-les-syndicalistes-dans-la-rue-pour-denoncer-letat-du-senegal-et-le-projet-de-mise-en-vente-des-3-hectares\/#article\",\"isPartOf\":{\"@id\":\"https:\/\/www.public.sn\/index.php\/2022\/08\/19\/ledantec-les-syndicalistes-dans-la-rue-pour-denoncer-letat-du-senegal-et-le-projet-de-mise-en-vente-des-3-hectares\/\"},\"author\":{\"name\":\"LA REDACTION\",\"@id\":\"https:\/\/www.public.sn\/#\/schema\/person\/e3f4a11b037d4203902db148f9bc8d5a\"},\"headline\":\"Ledantec : Les syndicalistes dans la rue pour d\u00e9noncer l&rsquo;\u00c9tat du S\u00e9n\u00e9gal et le projet de mise en vente des 3 hectares.\",\"datePublished\":\"2022-08-19T14:46:20+00:00\",\"dateModified\":\"2022-08-19T14:47:07+00:00\",\"mainEntityOfPage\":{\"@id\":\"https:\/\/www.public.sn\/index.php\/2022\/08\/19\/ledantec-les-syndicalistes-dans-la-rue-pour-denoncer-letat-du-senegal-et-le-projet-de-mise-en-vente-des-3-hectares\/\"},\"wordCount\":200,\"commentCount\":0,\"publisher\":{\"@id\":\"https:\/\/www.public.sn\/#organization\"},\"image\":{\"@id\":\"https:\/\/www.public.sn\/index.php\/2022\/08\/19\/ledantec-les-syndicalistes-dans-la-rue-pour-denoncer-letat-du-senegal-et-le-projet-de-mise-en-vente-des-3-hectares\/#primaryimage\"},\"thumbnailUrl\":\"https:\/\/www.public.sn\/wp-content\/uploads\/2022\/08\/66633463-47311955.jpeg\",\"keywords\":[\"Ledantec\",\"Macky Sall\",\"Marche Pacifique\",\"Place de la Nation\",\"Pr Babacar Thiandoum\"],\"articleSection\":[\"SOCIETE\"],\"inLanguage\":\"fr-FR\",\"potentialAction\":[{\"@type\":\"CommentAction\",\"name\":\"Comment\",\"target\":[\"https:\/\/www.public.sn\/index.php\/2022\/08\/19\/ledantec-les-syndicalistes-dans-la-rue-pour-denoncer-letat-du-senegal-et-le-projet-de-mise-en-vente-des-3-hectares\/#respond\"]}]},{\"@type\":\"WebPage\",\"@id\":\"https:\/\/www.public.sn\/index.php\/2022\/08\/19\/ledantec-les-syndicalistes-dans-la-rue-pour-denoncer-letat-du-senegal-et-le-projet-de-mise-en-vente-des-3-hectares\/\",\"url\":\"https:\/\/www.public.sn\/index.php\/2022\/08\/19\/ledantec-les-syndicalistes-dans-la-rue-pour-denoncer-letat-du-senegal-et-le-projet-de-mise-en-vente-des-3-hectares\/\",\"name\":\"Ledantec : Les syndicalistes dans la rue pour d\u00e9noncer l'\u00c9tat du S\u00e9n\u00e9gal et le projet de mise en vente des 3 hectares. - LE PUBLIC\",\"isPartOf\":{\"@id\":\"https:\/\/www.public.sn\/#website\"},\"primaryImageOfPage\":{\"@id\":\"https:\/\/www.public.sn\/index.php\/2022\/08\/19\/ledantec-les-syndicalistes-dans-la-rue-pour-denoncer-letat-du-senegal-et-le-projet-de-mise-en-vente-des-3-hectares\/#primaryimage\"},\"image\":{\"@id\":\"https:\/\/www.public.sn\/index.php\/2022\/08\/19\/ledantec-les-syndicalistes-dans-la-rue-pour-denoncer-letat-du-senegal-et-le-projet-de-mise-en-vente-des-3-hectares\/#primaryimage\"},\"thumbnailUrl\":\"https:\/\/www.public.sn\/wp-content\/uploads\/2022\/08\/66633463-47311955.jpeg\",\"datePublished\":\"2022-08-19T14:46:20+00:00\",\"dateModified\":\"2022-08-19T14:47:07+00:00\",\"breadcrumb\":{\"@id\":\"https:\/\/www.public.sn\/index.php\/2022\/08\/19\/ledantec-les-syndicalistes-dans-la-rue-pour-denoncer-letat-du-senegal-et-le-projet-de-mise-en-vente-des-3-hectares\/#breadcrumb\"},\"inLanguage\":\"fr-FR\",\"potentialAction\":[{\"@type\":\"ReadAction\",\"target\":[\"https:\/\/www.public.sn\/index.php\/2022\/08\/19\/ledantec-les-syndicalistes-dans-la-rue-pour-denoncer-letat-du-senegal-et-le-projet-de-mise-en-vente-des-3-hectares\/\"]}]},{\"@type\":\"ImageObject\",\"inLanguage\":\"fr-FR\",\"@id\":\"https:\/\/www.public.sn\/index.php\/2022\/08\/19\/ledantec-les-syndicalistes-dans-la-rue-pour-denoncer-letat-du-senegal-et-le-projet-de-mise-en-vente-des-3-hectares\/#primaryimage\",\"url\":\"https:\/\/www.public.sn\/wp-content\/uploads\/2022\/08\/66633463-47311955.jpeg\",\"contentUrl\":\"https:\/\/www.public.sn\/wp-content\/uploads\/2022\/08\/66633463-47311955.jpeg\",\"width\":1200,\"height\":630},{\"@type\":\"BreadcrumbList\",\"@id\":\"https:\/\/www.public.sn\/index.php\/2022\/08\/19\/ledantec-les-syndicalistes-dans-la-rue-pour-denoncer-letat-du-senegal-et-le-projet-de-mise-en-vente-des-3-hectares\/#breadcrumb\",\"itemListElement\":[{\"@type\":\"ListItem\",\"position\":1,\"name\":\"Accueil\",\"item\":\"https:\/\/www.public.sn\/\"},{\"@type\":\"ListItem\",\"position\":2,\"name\":\"Ledantec : Les syndicalistes dans la rue pour d\u00e9noncer l&rsquo;\u00c9tat du S\u00e9n\u00e9gal et le projet de mise en vente des 3 hectares.\"}]},{\"@type\":\"WebSite\",\"@id\":\"https:\/\/www.public.sn\/#website\",\"url\":\"https:\/\/www.public.sn\/\",\"name\":\"LE PUBLIC\",\"description\":\"\",\"publisher\":{\"@id\":\"https:\/\/www.public.sn\/#organization\"},\"potentialAction\":[{\"@type\":\"SearchAction\",\"target\":{\"@type\":\"EntryPoint\",\"urlTemplate\":\"https:\/\/www.public.sn\/?s={search_term_string}\"},\"query-input\":{\"@type\":\"PropertyValueSpecification\",\"valueRequired\":true,\"valueName\":\"search_term_string\"}}],\"inLanguage\":\"fr-FR\"},{\"@type\":\"Organization\",\"@id\":\"https:\/\/www.public.sn\/#organization\",\"name\":\"LE PUBLIC\",\"url\":\"https:\/\/www.public.sn\/\",\"logo\":{\"@type\":\"ImageObject\",\"inLanguage\":\"fr-FR\",\"@id\":\"https:\/\/www.public.sn\/#\/schema\/logo\/image\/\",\"url\":\"https:\/\/www.public.sn\/wp-content\/uploads\/2024\/05\/cropped-LOGO-PUBLIC.SN_.png\",\"contentUrl\":\"https:\/\/www.public.sn\/wp-content\/uploads\/2024\/05\/cropped-LOGO-PUBLIC.SN_.png\",\"width\":682,\"height\":192,\"caption\":\"LE PUBLIC\"},\"image\":{\"@id\":\"https:\/\/www.public.sn\/#\/schema\/logo\/image\/\"}},{\"@type\":\"Person\",\"@id\":\"https:\/\/www.public.sn\/#\/schema\/person\/e3f4a11b037d4203902db148f9bc8d5a\",\"name\":\"LA REDACTION\",\"image\":{\"@type\":\"ImageObject\",\"inLanguage\":\"fr-FR\",\"@id\":\"https:\/\/www.public.sn\/#\/schema\/person\/image\/\",\"url\":\"https:\/\/secure.gravatar.com\/avatar\/d6c030db45db2883c075085c5d6c6258654a801a93766b49af0b82d4f454e2a5?s=96&d=mm&r=g\",\"contentUrl\":\"https:\/\/secure.gravatar.com\/avatar\/d6c030db45db2883c075085c5d6c6258654a801a93766b49af0b82d4f454e2a5?s=96&d=mm&r=g\",\"caption\":\"LA REDACTION\"},\"sameAs\":[\"http:\/\/www.public.sn\"],\"url\":\"https:\/\/www.public.sn\/index.php\/author\/admin7324\/\"}]}<\/script>\n<!-- \/ Yoast SEO plugin. -->","yoast_head_json":{"title":"Ledantec : Les syndicalistes dans la rue pour d\u00e9noncer l'\u00c9tat du S\u00e9n\u00e9gal et le projet de mise en vente des 3 hectares. - LE PUBLIC","robots":{"index":"index","follow":"follow","max-snippet":"max-snippet:-1","max-image-preview":"max-image-preview:large","max-video-preview":"max-video-preview:-1"},"canonical":"https:\/\/www.public.sn\/index.php\/2022\/08\/19\/ledantec-les-syndicalistes-dans-la-rue-pour-denoncer-letat-du-senegal-et-le-projet-de-mise-en-vente-des-3-hectares\/","og_locale":"fr_FR","og_type":"article","og_title":"Ledantec : Les syndicalistes dans la rue pour d\u00e9noncer l'\u00c9tat du S\u00e9n\u00e9gal et le projet de mise en vente des 3 hectares. - LE PUBLIC","og_description":"Malgr\u00e9 le red\u00e9ploiement de certains services, mat\u00e9riels et personnel de Ledantec dans diverses structures sanitaires, les syndicalistes sont plus que jamais d\u00e9termin\u00e9s \u00e0 s&rsquo;opposer au projet de la mise en vente des 03 hectares pour reconstruire ce centre vieux de 112 ans. Le Collectif pour La D\u00e9fense et la Sauvegarde de l&rsquo;h\u00f4pital Aristide Ledantec conteste la vente des 03 hectares dudit h\u00f4pital. Hier (Jeudi), les membres du collectif ont annonc\u00e9 une marche pacifique pr\u00e9vue ce samedi 20 aout 2022 \u00e0 partir de 12 heures \u00e0 la place de la Nation ex Ob\u00e9lisque. Ils comptent d\u00e9verser leur col\u00e8re et indignation face \u00e0 ce qu&rsquo;ils appellent \u00ab\u00a0Scandale\u00a0\u00bb li\u00e9 \u00e0 la d\u00e9localisation de l&rsquo;h\u00f4pital Ledantec pour une dur\u00e9e de 18 mois. \u00c0 en croire au collectif, le Pr\u00e9sident Macky Sall est entrain de mettre en danger la sant\u00e9 de la population. Cependant, il l&rsquo;invite \u00e0 revenir sur cette d\u00e9cision et appelle tous les acteurs de la sant\u00e9 ainsi que tous les s\u00e9n\u00e9galais \u00e0 se mobiliser pour la sauvegarde de ce patrimoine nationale. R\u00e9daction Public SN","og_url":"https:\/\/www.public.sn\/index.php\/2022\/08\/19\/ledantec-les-syndicalistes-dans-la-rue-pour-denoncer-letat-du-senegal-et-le-projet-de-mise-en-vente-des-3-hectares\/","og_site_name":"LE PUBLIC","article_published_time":"2022-08-19T14:46:20+00:00","article_modified_time":"2022-08-19T14:47:07+00:00","og_image":[{"width":1200,"height":630,"url":"https:\/\/www.public.sn\/wp-content\/uploads\/2022\/08\/66633463-47311955.jpeg","type":"image\/jpeg"}],"author":"LA REDACTION","twitter_card":"summary_large_image","twitter_misc":{"\u00c9crit par":"LA REDACTION","Dur\u00e9e de lecture estim\u00e9e":"1 minute"},"schema":{"@context":"https:\/\/schema.org","@graph":[{"@type":"Article","@id":"https:\/\/www.public.sn\/index.php\/2022\/08\/19\/ledantec-les-syndicalistes-dans-la-rue-pour-denoncer-letat-du-senegal-et-le-projet-de-mise-en-vente-des-3-hectares\/#article","isPartOf":{"@id":"https:\/\/www.public.sn\/index.php\/2022\/08\/19\/ledantec-les-syndicalistes-dans-la-rue-pour-denoncer-letat-du-senegal-et-le-projet-de-mise-en-vente-des-3-hectares\/"},"author":{"name":"LA REDACTION","@id":"https:\/\/www.public.sn\/#\/schema\/person\/e3f4a11b037d4203902db148f9bc8d5a"},"headline":"Ledantec : Les syndicalistes dans la rue pour d\u00e9noncer l&rsquo;\u00c9tat du S\u00e9n\u00e9gal et le projet de mise en vente des 3 hectares.","datePublished":"2022-08-19T14:46:20+00:00","dateModified":"2022-08-19T14:47:07+00:00","mainEntityOfPage":{"@id":"https:\/\/www.public.sn\/index.php\/2022\/08\/19\/ledantec-les-syndicalistes-dans-la-rue-pour-denoncer-letat-du-senegal-et-le-projet-de-mise-en-vente-des-3-hectares\/"},"wordCount":200,"commentCount":0,"publisher":{"@id":"https:\/\/www.public.sn\/#organization"},"image":{"@id":"https:\/\/www.public.sn\/index.php\/2022\/08\/19\/ledantec-les-syndicalistes-dans-la-rue-pour-denoncer-letat-du-senegal-et-le-projet-de-mise-en-vente-des-3-hectares\/#primaryimage"},"thumbnailUrl":"https:\/\/www.public.sn\/wp-content\/uploads\/2022\/08\/66633463-47311955.jpeg","keywords":["Ledantec","Macky Sall","Marche Pacifique","Place de la Nation","Pr Babacar Thiandoum"],"articleSection":["SOCIETE"],"inLanguage":"fr-FR","potentialAction":[{"@type":"CommentAction","name":"Comment","target":["https:\/\/www.public.sn\/index.php\/2022\/08\/19\/ledantec-les-syndicalistes-dans-la-rue-pour-denoncer-letat-du-senegal-et-le-projet-de-mise-en-vente-des-3-hectares\/#respond"]}]},{"@type":"WebPage","@id":"https:\/\/www.public.sn\/index.php\/2022\/08\/19\/ledantec-les-syndicalistes-dans-la-rue-pour-denoncer-letat-du-senegal-et-le-projet-de-mise-en-vente-des-3-hectares\/","url":"https:\/\/www.public.sn\/index.php\/2022\/08\/19\/ledantec-les-syndicalistes-dans-la-rue-pour-denoncer-letat-du-senegal-et-le-projet-de-mise-en-vente-des-3-hectares\/","name":"Ledantec : Les syndicalistes dans la rue pour d\u00e9noncer l'\u00c9tat du S\u00e9n\u00e9gal et le projet de mise en vente des 3 hectares. - LE PUBLIC","isPartOf":{"@id":"https:\/\/www.public.sn\/#website"},"primaryImageOfPage":{"@id":"https:\/\/www.public.sn\/index.php\/2022\/08\/19\/ledantec-les-syndicalistes-dans-la-rue-pour-denoncer-letat-du-senegal-et-le-projet-de-mise-en-vente-des-3-hectares\/#primaryimage"},"image":{"@id":"https:\/\/www.public.sn\/index.php\/2022\/08\/19\/ledantec-les-syndicalistes-dans-la-rue-pour-denoncer-letat-du-senegal-et-le-projet-de-mise-en-vente-des-3-hectares\/#primaryimage"},"thumbnailUrl":"https:\/\/www.public.sn\/wp-content\/uploads\/2022\/08\/66633463-47311955.jpeg","datePublished":"2022-08-19T14:46:20+00:00","dateModified":"2022-08-19T14:47:07+00:00","breadcrumb":{"@id":"https:\/\/www.public.sn\/index.php\/2022\/08\/19\/ledantec-les-syndicalistes-dans-la-rue-pour-denoncer-letat-du-senegal-et-le-projet-de-mise-en-vente-des-3-hectares\/#breadcrumb"},"inLanguage":"fr-FR","potentialAction":[{"@type":"ReadAction","target":["https:\/\/www.public.sn\/index.php\/2022\/08\/19\/ledantec-les-syndicalistes-dans-la-rue-pour-denoncer-letat-du-senegal-et-le-projet-de-mise-en-vente-des-3-hectares\/"]}]},{"@type":"ImageObject","inLanguage":"fr-FR","@id":"https:\/\/www.public.sn\/index.php\/2022\/08\/19\/ledantec-les-syndicalistes-dans-la-rue-pour-denoncer-letat-du-senegal-et-le-projet-de-mise-en-vente-des-3-hectares\/#primaryimage","url":"https:\/\/www.public.sn\/wp-content\/uploads\/2022\/08\/66633463-47311955.jpeg","contentUrl":"https:\/\/www.public.sn\/wp-content\/uploads\/2022\/08\/66633463-47311955.jpeg","width":1200,"height":630},{"@type":"BreadcrumbList","@id":"https:\/\/www.public.sn\/index.php\/2022\/08\/19\/ledantec-les-syndicalistes-dans-la-rue-pour-denoncer-letat-du-senegal-et-le-projet-de-mise-en-vente-des-3-hectares\/#breadcrumb","itemListElement":[{"@type":"ListItem","position":1,"name":"Accueil","item":"https:\/\/www.public.sn\/"},{"@type":"ListItem","position":2,"name":"Ledantec : Les syndicalistes dans la rue pour d\u00e9noncer l&rsquo;\u00c9tat du S\u00e9n\u00e9gal et le projet de mise en vente des 3 hectares."}]},{"@type":"WebSite","@id":"https:\/\/www.public.sn\/#website","url":"https:\/\/www.public.sn\/","name":"LE PUBLIC","description":"","publisher":{"@id":"https:\/\/www.public.sn\/#organization"},"potentialAction":[{"@type":"SearchAction","target":{"@type":"EntryPoint","urlTemplate":"https:\/\/www.public.sn\/?s={search_term_string}"},"query-input":{"@type":"PropertyValueSpecification","valueRequired":true,"valueName":"search_term_string"}}],"inLanguage":"fr-FR"},{"@type":"Organization","@id":"https:\/\/www.public.sn\/#organization","name":"LE PUBLIC","url":"https:\/\/www.public.sn\/","logo":{"@type":"ImageObject","inLanguage":"fr-FR","@id":"https:\/\/www.public.sn\/#\/schema\/logo\/image\/","url":"https:\/\/www.public.sn\/wp-content\/uploads\/2024\/05\/cropped-LOGO-PUBLIC.SN_.png","contentUrl":"https:\/\/www.public.sn\/wp-content\/uploads\/2024\/05\/cropped-LOGO-PUBLIC.SN_.png","width":682,"height":192,"caption":"LE PUBLIC"},"image":{"@id":"https:\/\/www.public.sn\/#\/schema\/logo\/image\/"}},{"@type":"Person","@id":"https:\/\/www.public.sn\/#\/schema\/person\/e3f4a11b037d4203902db148f9bc8d5a","name":"LA REDACTION","image":{"@type":"ImageObject","inLanguage":"fr-FR","@id":"https:\/\/www.public.sn\/#\/schema\/person\/image\/","url":"https:\/\/secure.gravatar.com\/avatar\/d6c030db45db2883c075085c5d6c6258654a801a93766b49af0b82d4f454e2a5?s=96&d=mm&r=g","contentUrl":"https:\/\/secure.gravatar.com\/avatar\/d6c030db45db2883c075085c5d6c6258654a801a93766b49af0b82d4f454e2a5?s=96&d=mm&r=g","caption":"LA REDACTION"},"sameAs":["http:\/\/www.public.sn"],"url":"https:\/\/www.public.sn\/index.php\/author\/admin7324\/"}]}},"jetpack_featured_media_url":"https:\/\/www.public.sn\/wp-content\/uploads\/2022\/08\/66633463-47311955.jpeg","jetpack_sharing_enabled":true,"_links":{"self":[{"href":"https:\/\/www.public.sn\/index.php\/wp-json\/wp\/v2\/posts\/197","targetHints":{"allow":["GET"]}}],"collection":[{"href":"https:\/\/www.public.sn\/index.php\/wp-json\/wp\/v2\/posts"}],"about":[{"href":"https:\/\/www.public.sn\/index.php\/wp-json\/wp\/v2\/types\/post"}],"author":[{"embeddable":true,"href":"https:\/\/www.public.sn\/index.php\/wp-json\/wp\/v2\/users\/1"}],"replies":[{"embeddable":true,"href":"https:\/\/www.public.sn\/index.php\/wp-json\/wp\/v2\/comments?post=197"}],"version-history":[{"count":2,"href":"https:\/\/www.public.sn\/index.php\/wp-json\/wp\/v2\/posts\/197\/revisions"}],"predecessor-version":[{"id":200,"href":"https:\/\/www.public.sn\/index.php\/wp-json\/wp\/v2\/posts\/197\/revisions\/200"}],"wp:featuredmedia":[{"embeddable":true,"href":"https:\/\/www.public.sn\/index.php\/wp-json\/wp\/v2\/media\/198"}],"wp:attachment":[{"href":"https:\/\/www.public.sn\/index.php\/wp-json\/wp\/v2\/media?parent=197"}],"wp:term":[{"taxonomy":"category","embeddable":true,"href":"https:\/\/www.public.sn\/index.php\/wp-json\/wp\/v2\/categories?post=197"},{"taxonomy":"post_tag","embeddable":true,"href":"https:\/\/www.public.sn\/index.php\/wp-json\/wp\/v2\/tags?post=197"}],"curies":[{"name":"wp","href":"https:\/\/api.w.org\/{rel}","templated":true}]}}