{"id":19710,"date":"2023-04-11T21:18:45","date_gmt":"2023-04-11T21:18:45","guid":{"rendered":"https:\/\/www.public.sn\/?p=19710"},"modified":"2023-04-11T21:18:45","modified_gmt":"2023-04-11T21:18:45","slug":"manchester-city-bayern-munich-les-skyblues-frappent-fort-et-foncent-vers-les-demi-finales","status":"publish","type":"post","link":"https:\/\/www.public.sn\/index.php\/2023\/04\/11\/manchester-city-bayern-munich-les-skyblues-frappent-fort-et-foncent-vers-les-demi-finales\/","title":{"rendered":"Manchester City-Bayern Munich: les Skyblues frappent fort et foncent vers les demi-finales"},"content":{"rendered":"<p><strong>Port\u00e9 par un bijou de Rodri et une fin de match canon, Manchester City cartonnne face au Bayern Munich et prend une grosse option pour les demi-finales. Les Bavarois sont condamn\u00e9s \u00e0 un exploit, mercredi prochain devant leur public.<\/strong><\/p><div class=\"publi-paragraphe1\" style=\"margin-top: 10px;margin-bottom: 10px;margin-left: auto;margin-right: auto;text-align: center;\" id=\"publi-2395219990\"><div class=\"publi-adlabel\">Publicit\u00e9<\/div><script async src=\"\/\/pagead2.googlesyndication.com\/pagead\/js\/adsbygoogle.js?client=ca-pub-4089586018074219\" crossorigin=\"anonymous\"><\/script><ins class=\"adsbygoogle\" style=\"display:block;\" data-ad-client=\"ca-pub-4089586018074219\" \ndata-ad-slot=\"2087940154\" \ndata-ad-format=\"auto\"><\/ins>\n<script> \n(adsbygoogle = window.adsbygoogle || []).push({}); \n<\/script>\n<\/div>\n<p>La Ligue des Champions a fait son retour ce mardi soir avec les rencontres des quarts de finale. En Angleterre et plus pr\u00e9cis\u00e9ment \u00e0 l\u2019Ethiad Stadium, Manchester City recevait le Bayern Munich pour un duel de gladiateurs. Dans ce choc annonc\u00e9, c\u2019est finalement les hommes de Pep Guardiola qui ont dict\u00e9 leur loi.<\/p>\n<p>En quart de finale aller de la Ligue des Champions, Manchester City a dispos\u00e9 du Bayern sur le large score de 3 \u00e0 0. La qualification tend les bras aux Anglais.<\/p>\n<p>C\u2019est peut-\u00eatre la bonne ann\u00e9e pour Manchester City et Pep Guardiola. Oppos\u00e9 ce mardi au Bayern Munich dans le choc des quarts de finale de la C1, le club champion d\u2019Angleterre a sign\u00e9 une victoire probante qui le met dans les meilleures pr\u00e9dispositions en vue d\u2019une qualification. Les Sky Blues l\u2019ont emport\u00e9 3-0 face aux tombeurs du PSG.<\/p>\n<div class=\"publi-apres-le-contenu\" style=\"margin-top: 10px;margin-bottom: 10px;margin-left: auto;margin-right: auto;text-align: center;\" id=\"publi-3061484592\"><div class=\"publi-adlabel\">Publicit\u00e9<\/div><script async src=\"\/\/pagead2.googlesyndication.com\/pagead\/js\/adsbygoogle.js?client=ca-pub-4089586018074219\" crossorigin=\"anonymous\"><\/script><ins class=\"adsbygoogle\" style=\"display:block;\" data-ad-client=\"ca-pub-4089586018074219\" \ndata-ad-slot=\"2087940154\" \ndata-ad-format=\"auto\"><\/ins>\n<script> \n(adsbygoogle = window.adsbygoogle || []).push({}); \n<\/script>\n<\/div>","protected":false},"excerpt":{"rendered":"<p>Port\u00e9 par un bijou de Rodri et une fin de match canon, Manchester City cartonnne face au Bayern Munich et prend une grosse option pour les demi-finales. Les Bavarois sont condamn\u00e9s \u00e0 un exploit, mercredi prochain devant leur public. La Ligue des Champions a fait son retour ce mardi soir avec les rencontres des quarts de finale. En Angleterre et plus pr\u00e9cis\u00e9ment \u00e0 l\u2019Ethiad Stadium, Manchester City recevait le Bayern Munich pour un duel de gladiateurs. Dans ce choc annonc\u00e9, c\u2019est finalement les hommes de Pep Guardiola qui ont dict\u00e9 leur loi. En quart de finale aller de la Ligue des Champions, Manchester City a dispos\u00e9 du Bayern sur le large score de 3 \u00e0 0. La qualification tend les bras aux Anglais. C\u2019est peut-\u00eatre la bonne ann\u00e9e pour Manchester City et Pep Guardiola. Oppos\u00e9 ce mardi au Bayern Munich dans le choc des quarts de finale de la C1, le club champion d\u2019Angleterre a sign\u00e9 une victoire probante qui le met dans les meilleures pr\u00e9dispositions en vue d\u2019une qualification. Les Sky Blues l\u2019ont emport\u00e9 3-0 face aux tombeurs du PSG.<\/p>\n","protected":false},"author":1,"featured_media":19711,"comment_status":"open","ping_status":"open","sticky":false,"template":"","format":"standard","meta":{"_jetpack_memberships_contains_paid_content":false,"footnotes":""},"categories":[375,3412,7],"tags":[1313,5093],"class_list":["post-19710","post","type-post","status-publish","format-standard","has-post-thumbnail","hentry","category-actualites","category-football","category-sport","tag-bayern","tag-man-city","entry","has-media","owp-thumbs-layout-horizontal","owp-btn-normal","owp-tabs-layout-horizontal","has-no-thumbnails","has-product-nav"],"yoast_head":"<!-- This site is optimized with the Yoast SEO plugin v25.5 - https:\/\/yoast.com\/wordpress\/plugins\/seo\/ -->\n<title>Manchester City-Bayern Munich: les Skyblues frappent fort et foncent vers les demi-finales - LE PUBLIC<\/title>\n<meta name=\"description\" content=\"Port\u00e9 par un bijou de Rodri et une fin de match canon, Manchester City cartonnne face au Bayern Munich et prend une grosse option pour les demi-finales. Les Bavarois sont condamn\u00e9s \u00e0 un exploit, mercredi prochain devant leur public.\" \/>\n<meta name=\"robots\" content=\"index, follow, max-snippet:-1, max-image-preview:large, max-video-preview:-1\" \/>\n<link rel=\"canonical\" href=\"https:\/\/www.public.sn\/index.php\/2023\/04\/11\/manchester-city-bayern-munich-les-skyblues-frappent-fort-et-foncent-vers-les-demi-finales\/\" \/>\n<meta property=\"og:locale\" content=\"fr_FR\" \/>\n<meta property=\"og:type\" content=\"article\" \/>\n<meta property=\"og:title\" content=\"Manchester City-Bayern Munich: les Skyblues frappent fort et foncent vers les demi-finales - LE PUBLIC\" \/>\n<meta property=\"og:description\" content=\"Port\u00e9 par un bijou de Rodri et une fin de match canon, Manchester City cartonnne face au Bayern Munich et prend une grosse option pour les demi-finales. Les Bavarois sont condamn\u00e9s \u00e0 un exploit, mercredi prochain devant leur public.\" \/>\n<meta property=\"og:url\" content=\"https:\/\/www.public.sn\/index.php\/2023\/04\/11\/manchester-city-bayern-munich-les-skyblues-frappent-fort-et-foncent-vers-les-demi-finales\/\" \/>\n<meta property=\"og:site_name\" content=\"LE PUBLIC\" \/>\n<meta property=\"article:published_time\" content=\"2023-04-11T21:18:45+00:00\" \/>\n<meta property=\"og:image\" content=\"https:\/\/www.public.sn\/wp-content\/uploads\/2023\/04\/MAN-CITY-BAYERN.jpg\" \/>\n\t<meta property=\"og:image:width\" content=\"850\" \/>\n\t<meta property=\"og:image:height\" content=\"450\" \/>\n\t<meta property=\"og:image:type\" content=\"image\/jpeg\" \/>\n<meta name=\"author\" content=\"LA REDACTION\" \/>\n<meta name=\"twitter:card\" content=\"summary_large_image\" \/>\n<meta name=\"twitter:label1\" content=\"\u00c9crit par\" \/>\n\t<meta name=\"twitter:data1\" content=\"LA REDACTION\" \/>\n\t<meta name=\"twitter:label2\" content=\"Dur\u00e9e de lecture estim\u00e9e\" \/>\n\t<meta name=\"twitter:data2\" content=\"1 minute\" \/>\n<script type=\"application\/ld+json\" class=\"yoast-schema-graph\">{\"@context\":\"https:\/\/schema.org\",\"@graph\":[{\"@type\":\"Article\",\"@id\":\"https:\/\/www.public.sn\/index.php\/2023\/04\/11\/manchester-city-bayern-munich-les-skyblues-frappent-fort-et-foncent-vers-les-demi-finales\/#article\",\"isPartOf\":{\"@id\":\"https:\/\/www.public.sn\/index.php\/2023\/04\/11\/manchester-city-bayern-munich-les-skyblues-frappent-fort-et-foncent-vers-les-demi-finales\/\"},\"author\":{\"name\":\"LA REDACTION\",\"@id\":\"https:\/\/www.public.sn\/#\/schema\/person\/e3f4a11b037d4203902db148f9bc8d5a\"},\"headline\":\"Manchester City-Bayern Munich: les Skyblues frappent fort et foncent vers les demi-finales\",\"datePublished\":\"2023-04-11T21:18:45+00:00\",\"mainEntityOfPage\":{\"@id\":\"https:\/\/www.public.sn\/index.php\/2023\/04\/11\/manchester-city-bayern-munich-les-skyblues-frappent-fort-et-foncent-vers-les-demi-finales\/\"},\"wordCount\":200,\"commentCount\":0,\"publisher\":{\"@id\":\"https:\/\/www.public.sn\/#organization\"},\"image\":{\"@id\":\"https:\/\/www.public.sn\/index.php\/2023\/04\/11\/manchester-city-bayern-munich-les-skyblues-frappent-fort-et-foncent-vers-les-demi-finales\/#primaryimage\"},\"thumbnailUrl\":\"https:\/\/www.public.sn\/wp-content\/uploads\/2023\/04\/MAN-CITY-BAYERN.jpg\",\"keywords\":[\"bayern\",\"Man City\"],\"articleSection\":[\"ACTUALIT\u00c9S\",\"FOOTBALL\",\"SPORTS\"],\"inLanguage\":\"fr-FR\",\"potentialAction\":[{\"@type\":\"CommentAction\",\"name\":\"Comment\",\"target\":[\"https:\/\/www.public.sn\/index.php\/2023\/04\/11\/manchester-city-bayern-munich-les-skyblues-frappent-fort-et-foncent-vers-les-demi-finales\/#respond\"]}]},{\"@type\":\"WebPage\",\"@id\":\"https:\/\/www.public.sn\/index.php\/2023\/04\/11\/manchester-city-bayern-munich-les-skyblues-frappent-fort-et-foncent-vers-les-demi-finales\/\",\"url\":\"https:\/\/www.public.sn\/index.php\/2023\/04\/11\/manchester-city-bayern-munich-les-skyblues-frappent-fort-et-foncent-vers-les-demi-finales\/\",\"name\":\"Manchester City-Bayern Munich: les Skyblues frappent fort et foncent vers les demi-finales - LE PUBLIC\",\"isPartOf\":{\"@id\":\"https:\/\/www.public.sn\/#website\"},\"primaryImageOfPage\":{\"@id\":\"https:\/\/www.public.sn\/index.php\/2023\/04\/11\/manchester-city-bayern-munich-les-skyblues-frappent-fort-et-foncent-vers-les-demi-finales\/#primaryimage\"},\"image\":{\"@id\":\"https:\/\/www.public.sn\/index.php\/2023\/04\/11\/manchester-city-bayern-munich-les-skyblues-frappent-fort-et-foncent-vers-les-demi-finales\/#primaryimage\"},\"thumbnailUrl\":\"https:\/\/www.public.sn\/wp-content\/uploads\/2023\/04\/MAN-CITY-BAYERN.jpg\",\"datePublished\":\"2023-04-11T21:18:45+00:00\",\"description\":\"Port\u00e9 par un bijou de Rodri et une fin de match canon, Manchester City cartonnne face au Bayern Munich et prend une grosse option pour les demi-finales. Les Bavarois sont condamn\u00e9s \u00e0 un exploit, mercredi prochain devant leur public.\",\"breadcrumb\":{\"@id\":\"https:\/\/www.public.sn\/index.php\/2023\/04\/11\/manchester-city-bayern-munich-les-skyblues-frappent-fort-et-foncent-vers-les-demi-finales\/#breadcrumb\"},\"inLanguage\":\"fr-FR\",\"potentialAction\":[{\"@type\":\"ReadAction\",\"target\":[\"https:\/\/www.public.sn\/index.php\/2023\/04\/11\/manchester-city-bayern-munich-les-skyblues-frappent-fort-et-foncent-vers-les-demi-finales\/\"]}]},{\"@type\":\"ImageObject\",\"inLanguage\":\"fr-FR\",\"@id\":\"https:\/\/www.public.sn\/index.php\/2023\/04\/11\/manchester-city-bayern-munich-les-skyblues-frappent-fort-et-foncent-vers-les-demi-finales\/#primaryimage\",\"url\":\"https:\/\/www.public.sn\/wp-content\/uploads\/2023\/04\/MAN-CITY-BAYERN.jpg\",\"contentUrl\":\"https:\/\/www.public.sn\/wp-content\/uploads\/2023\/04\/MAN-CITY-BAYERN.jpg\",\"width\":850,\"height\":450},{\"@type\":\"BreadcrumbList\",\"@id\":\"https:\/\/www.public.sn\/index.php\/2023\/04\/11\/manchester-city-bayern-munich-les-skyblues-frappent-fort-et-foncent-vers-les-demi-finales\/#breadcrumb\",\"itemListElement\":[{\"@type\":\"ListItem\",\"position\":1,\"name\":\"Accueil\",\"item\":\"https:\/\/www.public.sn\/\"},{\"@type\":\"ListItem\",\"position\":2,\"name\":\"Manchester City-Bayern Munich: les Skyblues frappent fort et foncent vers les demi-finales\"}]},{\"@type\":\"WebSite\",\"@id\":\"https:\/\/www.public.sn\/#website\",\"url\":\"https:\/\/www.public.sn\/\",\"name\":\"LE PUBLIC\",\"description\":\"\",\"publisher\":{\"@id\":\"https:\/\/www.public.sn\/#organization\"},\"potentialAction\":[{\"@type\":\"SearchAction\",\"target\":{\"@type\":\"EntryPoint\",\"urlTemplate\":\"https:\/\/www.public.sn\/?s={search_term_string}\"},\"query-input\":{\"@type\":\"PropertyValueSpecification\",\"valueRequired\":true,\"valueName\":\"search_term_string\"}}],\"inLanguage\":\"fr-FR\"},{\"@type\":\"Organization\",\"@id\":\"https:\/\/www.public.sn\/#organization\",\"name\":\"LE PUBLIC\",\"url\":\"https:\/\/www.public.sn\/\",\"logo\":{\"@type\":\"ImageObject\",\"inLanguage\":\"fr-FR\",\"@id\":\"https:\/\/www.public.sn\/#\/schema\/logo\/image\/\",\"url\":\"https:\/\/www.public.sn\/wp-content\/uploads\/2024\/05\/cropped-LOGO-PUBLIC.SN_.png\",\"contentUrl\":\"https:\/\/www.public.sn\/wp-content\/uploads\/2024\/05\/cropped-LOGO-PUBLIC.SN_.png\",\"width\":682,\"height\":192,\"caption\":\"LE PUBLIC\"},\"image\":{\"@id\":\"https:\/\/www.public.sn\/#\/schema\/logo\/image\/\"}},{\"@type\":\"Person\",\"@id\":\"https:\/\/www.public.sn\/#\/schema\/person\/e3f4a11b037d4203902db148f9bc8d5a\",\"name\":\"LA REDACTION\",\"image\":{\"@type\":\"ImageObject\",\"inLanguage\":\"fr-FR\",\"@id\":\"https:\/\/www.public.sn\/#\/schema\/person\/image\/\",\"url\":\"https:\/\/secure.gravatar.com\/avatar\/d6c030db45db2883c075085c5d6c6258654a801a93766b49af0b82d4f454e2a5?s=96&d=mm&r=g\",\"contentUrl\":\"https:\/\/secure.gravatar.com\/avatar\/d6c030db45db2883c075085c5d6c6258654a801a93766b49af0b82d4f454e2a5?s=96&d=mm&r=g\",\"caption\":\"LA REDACTION\"},\"sameAs\":[\"http:\/\/www.public.sn\"],\"url\":\"https:\/\/www.public.sn\/index.php\/author\/admin7324\/\"}]}<\/script>\n<!-- \/ Yoast SEO plugin. -->","yoast_head_json":{"title":"Manchester City-Bayern Munich: les Skyblues frappent fort et foncent vers les demi-finales - LE PUBLIC","description":"Port\u00e9 par un bijou de Rodri et une fin de match canon, Manchester City cartonnne face au Bayern Munich et prend une grosse option pour les demi-finales. Les Bavarois sont condamn\u00e9s \u00e0 un exploit, mercredi prochain devant leur public.","robots":{"index":"index","follow":"follow","max-snippet":"max-snippet:-1","max-image-preview":"max-image-preview:large","max-video-preview":"max-video-preview:-1"},"canonical":"https:\/\/www.public.sn\/index.php\/2023\/04\/11\/manchester-city-bayern-munich-les-skyblues-frappent-fort-et-foncent-vers-les-demi-finales\/","og_locale":"fr_FR","og_type":"article","og_title":"Manchester City-Bayern Munich: les Skyblues frappent fort et foncent vers les demi-finales - LE PUBLIC","og_description":"Port\u00e9 par un bijou de Rodri et une fin de match canon, Manchester City cartonnne face au Bayern Munich et prend une grosse option pour les demi-finales. Les Bavarois sont condamn\u00e9s \u00e0 un exploit, mercredi prochain devant leur public.","og_url":"https:\/\/www.public.sn\/index.php\/2023\/04\/11\/manchester-city-bayern-munich-les-skyblues-frappent-fort-et-foncent-vers-les-demi-finales\/","og_site_name":"LE PUBLIC","article_published_time":"2023-04-11T21:18:45+00:00","og_image":[{"width":850,"height":450,"url":"https:\/\/www.public.sn\/wp-content\/uploads\/2023\/04\/MAN-CITY-BAYERN.jpg","type":"image\/jpeg"}],"author":"LA REDACTION","twitter_card":"summary_large_image","twitter_misc":{"\u00c9crit par":"LA REDACTION","Dur\u00e9e de lecture estim\u00e9e":"1 minute"},"schema":{"@context":"https:\/\/schema.org","@graph":[{"@type":"Article","@id":"https:\/\/www.public.sn\/index.php\/2023\/04\/11\/manchester-city-bayern-munich-les-skyblues-frappent-fort-et-foncent-vers-les-demi-finales\/#article","isPartOf":{"@id":"https:\/\/www.public.sn\/index.php\/2023\/04\/11\/manchester-city-bayern-munich-les-skyblues-frappent-fort-et-foncent-vers-les-demi-finales\/"},"author":{"name":"LA REDACTION","@id":"https:\/\/www.public.sn\/#\/schema\/person\/e3f4a11b037d4203902db148f9bc8d5a"},"headline":"Manchester City-Bayern Munich: les Skyblues frappent fort et foncent vers les demi-finales","datePublished":"2023-04-11T21:18:45+00:00","mainEntityOfPage":{"@id":"https:\/\/www.public.sn\/index.php\/2023\/04\/11\/manchester-city-bayern-munich-les-skyblues-frappent-fort-et-foncent-vers-les-demi-finales\/"},"wordCount":200,"commentCount":0,"publisher":{"@id":"https:\/\/www.public.sn\/#organization"},"image":{"@id":"https:\/\/www.public.sn\/index.php\/2023\/04\/11\/manchester-city-bayern-munich-les-skyblues-frappent-fort-et-foncent-vers-les-demi-finales\/#primaryimage"},"thumbnailUrl":"https:\/\/www.public.sn\/wp-content\/uploads\/2023\/04\/MAN-CITY-BAYERN.jpg","keywords":["bayern","Man City"],"articleSection":["ACTUALIT\u00c9S","FOOTBALL","SPORTS"],"inLanguage":"fr-FR","potentialAction":[{"@type":"CommentAction","name":"Comment","target":["https:\/\/www.public.sn\/index.php\/2023\/04\/11\/manchester-city-bayern-munich-les-skyblues-frappent-fort-et-foncent-vers-les-demi-finales\/#respond"]}]},{"@type":"WebPage","@id":"https:\/\/www.public.sn\/index.php\/2023\/04\/11\/manchester-city-bayern-munich-les-skyblues-frappent-fort-et-foncent-vers-les-demi-finales\/","url":"https:\/\/www.public.sn\/index.php\/2023\/04\/11\/manchester-city-bayern-munich-les-skyblues-frappent-fort-et-foncent-vers-les-demi-finales\/","name":"Manchester City-Bayern Munich: les Skyblues frappent fort et foncent vers les demi-finales - LE PUBLIC","isPartOf":{"@id":"https:\/\/www.public.sn\/#website"},"primaryImageOfPage":{"@id":"https:\/\/www.public.sn\/index.php\/2023\/04\/11\/manchester-city-bayern-munich-les-skyblues-frappent-fort-et-foncent-vers-les-demi-finales\/#primaryimage"},"image":{"@id":"https:\/\/www.public.sn\/index.php\/2023\/04\/11\/manchester-city-bayern-munich-les-skyblues-frappent-fort-et-foncent-vers-les-demi-finales\/#primaryimage"},"thumbnailUrl":"https:\/\/www.public.sn\/wp-content\/uploads\/2023\/04\/MAN-CITY-BAYERN.jpg","datePublished":"2023-04-11T21:18:45+00:00","description":"Port\u00e9 par un bijou de Rodri et une fin de match canon, Manchester City cartonnne face au Bayern Munich et prend une grosse option pour les demi-finales. Les Bavarois sont condamn\u00e9s \u00e0 un exploit, mercredi prochain devant leur public.","breadcrumb":{"@id":"https:\/\/www.public.sn\/index.php\/2023\/04\/11\/manchester-city-bayern-munich-les-skyblues-frappent-fort-et-foncent-vers-les-demi-finales\/#breadcrumb"},"inLanguage":"fr-FR","potentialAction":[{"@type":"ReadAction","target":["https:\/\/www.public.sn\/index.php\/2023\/04\/11\/manchester-city-bayern-munich-les-skyblues-frappent-fort-et-foncent-vers-les-demi-finales\/"]}]},{"@type":"ImageObject","inLanguage":"fr-FR","@id":"https:\/\/www.public.sn\/index.php\/2023\/04\/11\/manchester-city-bayern-munich-les-skyblues-frappent-fort-et-foncent-vers-les-demi-finales\/#primaryimage","url":"https:\/\/www.public.sn\/wp-content\/uploads\/2023\/04\/MAN-CITY-BAYERN.jpg","contentUrl":"https:\/\/www.public.sn\/wp-content\/uploads\/2023\/04\/MAN-CITY-BAYERN.jpg","width":850,"height":450},{"@type":"BreadcrumbList","@id":"https:\/\/www.public.sn\/index.php\/2023\/04\/11\/manchester-city-bayern-munich-les-skyblues-frappent-fort-et-foncent-vers-les-demi-finales\/#breadcrumb","itemListElement":[{"@type":"ListItem","position":1,"name":"Accueil","item":"https:\/\/www.public.sn\/"},{"@type":"ListItem","position":2,"name":"Manchester City-Bayern Munich: les Skyblues frappent fort et foncent vers les demi-finales"}]},{"@type":"WebSite","@id":"https:\/\/www.public.sn\/#website","url":"https:\/\/www.public.sn\/","name":"LE PUBLIC","description":"","publisher":{"@id":"https:\/\/www.public.sn\/#organization"},"potentialAction":[{"@type":"SearchAction","target":{"@type":"EntryPoint","urlTemplate":"https:\/\/www.public.sn\/?s={search_term_string}"},"query-input":{"@type":"PropertyValueSpecification","valueRequired":true,"valueName":"search_term_string"}}],"inLanguage":"fr-FR"},{"@type":"Organization","@id":"https:\/\/www.public.sn\/#organization","name":"LE PUBLIC","url":"https:\/\/www.public.sn\/","logo":{"@type":"ImageObject","inLanguage":"fr-FR","@id":"https:\/\/www.public.sn\/#\/schema\/logo\/image\/","url":"https:\/\/www.public.sn\/wp-content\/uploads\/2024\/05\/cropped-LOGO-PUBLIC.SN_.png","contentUrl":"https:\/\/www.public.sn\/wp-content\/uploads\/2024\/05\/cropped-LOGO-PUBLIC.SN_.png","width":682,"height":192,"caption":"LE PUBLIC"},"image":{"@id":"https:\/\/www.public.sn\/#\/schema\/logo\/image\/"}},{"@type":"Person","@id":"https:\/\/www.public.sn\/#\/schema\/person\/e3f4a11b037d4203902db148f9bc8d5a","name":"LA REDACTION","image":{"@type":"ImageObject","inLanguage":"fr-FR","@id":"https:\/\/www.public.sn\/#\/schema\/person\/image\/","url":"https:\/\/secure.gravatar.com\/avatar\/d6c030db45db2883c075085c5d6c6258654a801a93766b49af0b82d4f454e2a5?s=96&d=mm&r=g","contentUrl":"https:\/\/secure.gravatar.com\/avatar\/d6c030db45db2883c075085c5d6c6258654a801a93766b49af0b82d4f454e2a5?s=96&d=mm&r=g","caption":"LA REDACTION"},"sameAs":["http:\/\/www.public.sn"],"url":"https:\/\/www.public.sn\/index.php\/author\/admin7324\/"}]}},"jetpack_featured_media_url":"https:\/\/www.public.sn\/wp-content\/uploads\/2023\/04\/MAN-CITY-BAYERN.jpg","jetpack_sharing_enabled":true,"_links":{"self":[{"href":"https:\/\/www.public.sn\/index.php\/wp-json\/wp\/v2\/posts\/19710","targetHints":{"allow":["GET"]}}],"collection":[{"href":"https:\/\/www.public.sn\/index.php\/wp-json\/wp\/v2\/posts"}],"about":[{"href":"https:\/\/www.public.sn\/index.php\/wp-json\/wp\/v2\/types\/post"}],"author":[{"embeddable":true,"href":"https:\/\/www.public.sn\/index.php\/wp-json\/wp\/v2\/users\/1"}],"replies":[{"embeddable":true,"href":"https:\/\/www.public.sn\/index.php\/wp-json\/wp\/v2\/comments?post=19710"}],"version-history":[{"count":1,"href":"https:\/\/www.public.sn\/index.php\/wp-json\/wp\/v2\/posts\/19710\/revisions"}],"predecessor-version":[{"id":19712,"href":"https:\/\/www.public.sn\/index.php\/wp-json\/wp\/v2\/posts\/19710\/revisions\/19712"}],"wp:featuredmedia":[{"embeddable":true,"href":"https:\/\/www.public.sn\/index.php\/wp-json\/wp\/v2\/media\/19711"}],"wp:attachment":[{"href":"https:\/\/www.public.sn\/index.php\/wp-json\/wp\/v2\/media?parent=19710"}],"wp:term":[{"taxonomy":"category","embeddable":true,"href":"https:\/\/www.public.sn\/index.php\/wp-json\/wp\/v2\/categories?post=19710"},{"taxonomy":"post_tag","embeddable":true,"href":"https:\/\/www.public.sn\/index.php\/wp-json\/wp\/v2\/tags?post=19710"}],"curies":[{"name":"wp","href":"https:\/\/api.w.org\/{rel}","templated":true}]}}