{"id":19774,"date":"2023-04-12T13:23:59","date_gmt":"2023-04-12T13:23:59","guid":{"rendered":"https:\/\/www.public.sn\/?p=19774"},"modified":"2023-04-12T19:00:07","modified_gmt":"2023-04-12T19:00:07","slug":"arrestation-de-assane-diouf-khalifa-sall-sort-de-ses-gongs-et-vilipende-le-regime-en-place","status":"publish","type":"post","link":"https:\/\/www.public.sn\/index.php\/2023\/04\/12\/arrestation-de-assane-diouf-khalifa-sall-sort-de-ses-gongs-et-vilipende-le-regime-en-place\/","title":{"rendered":"Arrestation de Assane Diouf : Khalifa Sall sort de ses gongs et vilipende le r\u00e9gime en place"},"content":{"rendered":"<p><b>\u00a0Le dossier de l\u2019activiste Assane Diouf interpell\u00e9, ce samedi 08 avril 2023, dans son lieu de travail par des \u00e9l\u00e9ments de la Division des Investigations Criminelles (DIC), est sur toutes le l\u00e8vres. Apr\u00e8s la r\u00e9action de ses pairs, c&rsquo;est celle des hommes politiques qui inondent la toile. En effet, l&rsquo;ancien maire de la ville de Dakar s&rsquo;est exprim\u00e9 sur cette affaire qui d\u00e9fraie la chronique actuellement au S\u00e9n\u00e9gal.\u00a0<\/b><\/p><div class=\"publi-paragraphe1\" style=\"margin-top: 10px;margin-bottom: 10px;margin-left: auto;margin-right: auto;text-align: center;\" id=\"publi-639325294\"><div class=\"publi-adlabel\">Publicit\u00e9<\/div><script async src=\"\/\/pagead2.googlesyndication.com\/pagead\/js\/adsbygoogle.js?client=ca-pub-4089586018074219\" crossorigin=\"anonymous\"><\/script><ins class=\"adsbygoogle\" style=\"display:block;\" data-ad-client=\"ca-pub-4089586018074219\" \ndata-ad-slot=\"2087940154\" \ndata-ad-format=\"auto\"><\/ins>\n<script> \n(adsbygoogle = window.adsbygoogle || []).push({}); \n<\/script>\n<\/div>\n<p>Sur son compte Twitter, Khalifa Sall puisque c&rsquo;est de lui qu&rsquo;il s&rsquo;agit d\u00e9nonce avec la derni\u00e8re \u00e9nergie, l&rsquo;interpellation de Assane Diouf non sans lui apporter son soutien.<\/p>\n<p><em>\u00ab L\u2019arrestation r\u00e9cente de Assane Diouf r\u00e9v\u00e8le la psychose d\u2019un r\u00e9gime finissant qui, d\u00e9sormais, s\u2019arroge le droit d\u2019emprisonner un citoyen pour des faits non av\u00e9r\u00e9s. J\u2019apporte tout mon soutien \u00e0 Assane Diouf, pers\u00e9cut\u00e9 et injustement maintenu en d\u00e9tention \u00bb<\/em>, d\u00e9nonce le socialiste Khalifa Ababacar Sall.<\/p>\n<p>Pour rappel, Assane Diouf a \u00e9t\u00e9 arr\u00eat\u00e9 par les agents de la Division des Investigations Criminelles (DIC) pour propos outrageants \u00e0 l\u2019endroit du pr\u00e9sident Macky Sall et appel \u00e0 un soul\u00e8vement\u00a0 populaire.<\/p>\n<p><strong>Par Lala RASSOUL<\/strong><\/p>\n<div class=\"publi-apres-le-contenu\" style=\"margin-top: 10px;margin-bottom: 10px;margin-left: auto;margin-right: auto;text-align: center;\" id=\"publi-2294869667\"><div class=\"publi-adlabel\">Publicit\u00e9<\/div><script async src=\"\/\/pagead2.googlesyndication.com\/pagead\/js\/adsbygoogle.js?client=ca-pub-4089586018074219\" crossorigin=\"anonymous\"><\/script><ins class=\"adsbygoogle\" style=\"display:block;\" data-ad-client=\"ca-pub-4089586018074219\" \ndata-ad-slot=\"2087940154\" \ndata-ad-format=\"auto\"><\/ins>\n<script> \n(adsbygoogle = window.adsbygoogle || []).push({}); \n<\/script>\n<\/div>","protected":false},"excerpt":{"rendered":"<p>\u00a0Le dossier de l\u2019activiste Assane Diouf interpell\u00e9, ce samedi 08 avril 2023, dans son lieu de travail par des \u00e9l\u00e9ments de la Division des Investigations Criminelles (DIC), est sur toutes le l\u00e8vres. Apr\u00e8s la r\u00e9action de ses pairs, c&rsquo;est celle des hommes politiques qui inondent la toile. En effet, l&rsquo;ancien maire de la ville de Dakar s&rsquo;est exprim\u00e9 sur cette affaire qui d\u00e9fraie la chronique actuellement au S\u00e9n\u00e9gal.\u00a0 Sur son compte Twitter, Khalifa Sall puisque c&rsquo;est de lui qu&rsquo;il s&rsquo;agit d\u00e9nonce avec la derni\u00e8re \u00e9nergie, l&rsquo;interpellation de Assane Diouf non sans lui apporter son soutien. \u00ab L\u2019arrestation r\u00e9cente de Assane Diouf r\u00e9v\u00e8le la psychose d\u2019un r\u00e9gime finissant qui, d\u00e9sormais, s\u2019arroge le droit d\u2019emprisonner un citoyen pour des faits non av\u00e9r\u00e9s. J\u2019apporte tout mon soutien \u00e0 Assane Diouf, pers\u00e9cut\u00e9 et injustement maintenu en d\u00e9tention \u00bb, d\u00e9nonce le socialiste Khalifa Ababacar Sall. Pour rappel, Assane Diouf a \u00e9t\u00e9 arr\u00eat\u00e9 par les agents de la Division des Investigations Criminelles (DIC) pour propos outrageants \u00e0 l\u2019endroit du pr\u00e9sident Macky Sall et appel \u00e0 un soul\u00e8vement\u00a0 populaire. Par Lala RASSOUL<\/p>\n","protected":false},"author":7,"featured_media":19775,"comment_status":"open","ping_status":"open","sticky":false,"template":"","format":"standard","meta":{"_jetpack_memberships_contains_paid_content":false,"footnotes":""},"categories":[375,3,1],"tags":[5080,5097],"class_list":["post-19774","post","type-post","status-publish","format-standard","has-post-thumbnail","hentry","category-actualites","category-politique","category-non-classe","tag-assane-diouf","tag-khalifa-ababacar-sall","entry","has-media","owp-thumbs-layout-horizontal","owp-btn-normal","owp-tabs-layout-horizontal","has-no-thumbnails","has-product-nav"],"yoast_head":"<!-- This site is optimized with the Yoast SEO plugin v25.5 - https:\/\/yoast.com\/wordpress\/plugins\/seo\/ -->\n<title>Arrestation de Assane Diouf : Khalifa Sall sort de ses gongs et vilipende le r\u00e9gime en place - LE PUBLIC<\/title>\n<meta name=\"description\" content=\"\u00a0Le dossier de l\u2019activiste Assane Diouf interpell\u00e9, ce samedi 08 avril 2023, dans son lieu de travail par des \u00e9l\u00e9ments de la Division des Investigations Criminelles (DIC), est sur toutes le l\u00e8vres. Apr\u00e8s la r\u00e9action de ses pairs, c&#039;est celle des hommes politiques qui inondent la toile. En effet, l&#039;ancien maire de la ville de Dakar s&#039;est exprim\u00e9 sur cette affaire qui d\u00e9fraie la chronique actuellement au S\u00e9n\u00e9gal.\u00a0\" \/>\n<meta name=\"robots\" content=\"index, follow, max-snippet:-1, max-image-preview:large, max-video-preview:-1\" \/>\n<link rel=\"canonical\" href=\"https:\/\/www.public.sn\/index.php\/2023\/04\/12\/arrestation-de-assane-diouf-khalifa-sall-sort-de-ses-gongs-et-vilipende-le-regime-en-place\/\" \/>\n<meta property=\"og:locale\" content=\"fr_FR\" \/>\n<meta property=\"og:type\" content=\"article\" \/>\n<meta property=\"og:title\" content=\"Arrestation de Assane Diouf : Khalifa Sall sort de ses gongs et vilipende le r\u00e9gime en place - LE PUBLIC\" \/>\n<meta property=\"og:description\" content=\"\u00a0Le dossier de l\u2019activiste Assane Diouf interpell\u00e9, ce samedi 08 avril 2023, dans son lieu de travail par des \u00e9l\u00e9ments de la Division des Investigations Criminelles (DIC), est sur toutes le l\u00e8vres. Apr\u00e8s la r\u00e9action de ses pairs, c&#039;est celle des hommes politiques qui inondent la toile. En effet, l&#039;ancien maire de la ville de Dakar s&#039;est exprim\u00e9 sur cette affaire qui d\u00e9fraie la chronique actuellement au S\u00e9n\u00e9gal.\u00a0\" \/>\n<meta property=\"og:url\" content=\"https:\/\/www.public.sn\/index.php\/2023\/04\/12\/arrestation-de-assane-diouf-khalifa-sall-sort-de-ses-gongs-et-vilipende-le-regime-en-place\/\" \/>\n<meta property=\"og:site_name\" content=\"LE PUBLIC\" \/>\n<meta property=\"article:published_time\" content=\"2023-04-12T13:23:59+00:00\" \/>\n<meta property=\"article:modified_time\" content=\"2023-04-12T19:00:07+00:00\" \/>\n<meta property=\"og:image\" content=\"https:\/\/www.public.sn\/wp-content\/uploads\/2023\/04\/rs62319_ja15070113410037-scr.jpg\" \/>\n\t<meta property=\"og:image:width\" content=\"850\" \/>\n\t<meta property=\"og:image:height\" content=\"566\" \/>\n\t<meta property=\"og:image:type\" content=\"image\/jpeg\" \/>\n<meta name=\"author\" content=\"LA REDACTION\" \/>\n<meta name=\"twitter:card\" content=\"summary_large_image\" \/>\n<meta name=\"twitter:label1\" content=\"\u00c9crit par\" \/>\n\t<meta name=\"twitter:data1\" content=\"LA REDACTION\" \/>\n\t<meta name=\"twitter:label2\" content=\"Dur\u00e9e de lecture estim\u00e9e\" \/>\n\t<meta name=\"twitter:data2\" content=\"1 minute\" \/>\n<script type=\"application\/ld+json\" class=\"yoast-schema-graph\">{\"@context\":\"https:\/\/schema.org\",\"@graph\":[{\"@type\":\"Article\",\"@id\":\"https:\/\/www.public.sn\/index.php\/2023\/04\/12\/arrestation-de-assane-diouf-khalifa-sall-sort-de-ses-gongs-et-vilipende-le-regime-en-place\/#article\",\"isPartOf\":{\"@id\":\"https:\/\/www.public.sn\/index.php\/2023\/04\/12\/arrestation-de-assane-diouf-khalifa-sall-sort-de-ses-gongs-et-vilipende-le-regime-en-place\/\"},\"author\":{\"name\":\"LA REDACTION\",\"@id\":\"https:\/\/www.public.sn\/#\/schema\/person\/cb76c8e1b8becc6be61fb5e92d6d0224\"},\"headline\":\"Arrestation de Assane Diouf : Khalifa Sall sort de ses gongs et vilipende le r\u00e9gime en place\",\"datePublished\":\"2023-04-12T13:23:59+00:00\",\"dateModified\":\"2023-04-12T19:00:07+00:00\",\"mainEntityOfPage\":{\"@id\":\"https:\/\/www.public.sn\/index.php\/2023\/04\/12\/arrestation-de-assane-diouf-khalifa-sall-sort-de-ses-gongs-et-vilipende-le-regime-en-place\/\"},\"wordCount\":214,\"commentCount\":0,\"publisher\":{\"@id\":\"https:\/\/www.public.sn\/#organization\"},\"image\":{\"@id\":\"https:\/\/www.public.sn\/index.php\/2023\/04\/12\/arrestation-de-assane-diouf-khalifa-sall-sort-de-ses-gongs-et-vilipende-le-regime-en-place\/#primaryimage\"},\"thumbnailUrl\":\"https:\/\/www.public.sn\/wp-content\/uploads\/2023\/04\/rs62319_ja15070113410037-scr.jpg\",\"keywords\":[\"Assane Diouf\",\"Khalifa Ababacar Sall\"],\"articleSection\":[\"ACTUALIT\u00c9S\",\"POLITIQUE\",\"S\u00c9N\u00c9GAL\"],\"inLanguage\":\"fr-FR\",\"potentialAction\":[{\"@type\":\"CommentAction\",\"name\":\"Comment\",\"target\":[\"https:\/\/www.public.sn\/index.php\/2023\/04\/12\/arrestation-de-assane-diouf-khalifa-sall-sort-de-ses-gongs-et-vilipende-le-regime-en-place\/#respond\"]}]},{\"@type\":\"WebPage\",\"@id\":\"https:\/\/www.public.sn\/index.php\/2023\/04\/12\/arrestation-de-assane-diouf-khalifa-sall-sort-de-ses-gongs-et-vilipende-le-regime-en-place\/\",\"url\":\"https:\/\/www.public.sn\/index.php\/2023\/04\/12\/arrestation-de-assane-diouf-khalifa-sall-sort-de-ses-gongs-et-vilipende-le-regime-en-place\/\",\"name\":\"Arrestation de Assane Diouf : Khalifa Sall sort de ses gongs et vilipende le r\u00e9gime en place - LE PUBLIC\",\"isPartOf\":{\"@id\":\"https:\/\/www.public.sn\/#website\"},\"primaryImageOfPage\":{\"@id\":\"https:\/\/www.public.sn\/index.php\/2023\/04\/12\/arrestation-de-assane-diouf-khalifa-sall-sort-de-ses-gongs-et-vilipende-le-regime-en-place\/#primaryimage\"},\"image\":{\"@id\":\"https:\/\/www.public.sn\/index.php\/2023\/04\/12\/arrestation-de-assane-diouf-khalifa-sall-sort-de-ses-gongs-et-vilipende-le-regime-en-place\/#primaryimage\"},\"thumbnailUrl\":\"https:\/\/www.public.sn\/wp-content\/uploads\/2023\/04\/rs62319_ja15070113410037-scr.jpg\",\"datePublished\":\"2023-04-12T13:23:59+00:00\",\"dateModified\":\"2023-04-12T19:00:07+00:00\",\"description\":\"\u00a0Le dossier de l\u2019activiste Assane Diouf interpell\u00e9, ce samedi 08 avril 2023, dans son lieu de travail par des \u00e9l\u00e9ments de la Division des Investigations Criminelles (DIC), est sur toutes le l\u00e8vres. Apr\u00e8s la r\u00e9action de ses pairs, c'est celle des hommes politiques qui inondent la toile. En effet, l'ancien maire de la ville de Dakar s'est exprim\u00e9 sur cette affaire qui d\u00e9fraie la chronique actuellement au S\u00e9n\u00e9gal.\u00a0\",\"breadcrumb\":{\"@id\":\"https:\/\/www.public.sn\/index.php\/2023\/04\/12\/arrestation-de-assane-diouf-khalifa-sall-sort-de-ses-gongs-et-vilipende-le-regime-en-place\/#breadcrumb\"},\"inLanguage\":\"fr-FR\",\"potentialAction\":[{\"@type\":\"ReadAction\",\"target\":[\"https:\/\/www.public.sn\/index.php\/2023\/04\/12\/arrestation-de-assane-diouf-khalifa-sall-sort-de-ses-gongs-et-vilipende-le-regime-en-place\/\"]}]},{\"@type\":\"ImageObject\",\"inLanguage\":\"fr-FR\",\"@id\":\"https:\/\/www.public.sn\/index.php\/2023\/04\/12\/arrestation-de-assane-diouf-khalifa-sall-sort-de-ses-gongs-et-vilipende-le-regime-en-place\/#primaryimage\",\"url\":\"https:\/\/www.public.sn\/wp-content\/uploads\/2023\/04\/rs62319_ja15070113410037-scr.jpg\",\"contentUrl\":\"https:\/\/www.public.sn\/wp-content\/uploads\/2023\/04\/rs62319_ja15070113410037-scr.jpg\",\"width\":850,\"height\":566},{\"@type\":\"BreadcrumbList\",\"@id\":\"https:\/\/www.public.sn\/index.php\/2023\/04\/12\/arrestation-de-assane-diouf-khalifa-sall-sort-de-ses-gongs-et-vilipende-le-regime-en-place\/#breadcrumb\",\"itemListElement\":[{\"@type\":\"ListItem\",\"position\":1,\"name\":\"Accueil\",\"item\":\"https:\/\/www.public.sn\/\"},{\"@type\":\"ListItem\",\"position\":2,\"name\":\"Arrestation de Assane Diouf : Khalifa Sall sort de ses gongs et vilipende le r\u00e9gime en place\"}]},{\"@type\":\"WebSite\",\"@id\":\"https:\/\/www.public.sn\/#website\",\"url\":\"https:\/\/www.public.sn\/\",\"name\":\"LE PUBLIC\",\"description\":\"\",\"publisher\":{\"@id\":\"https:\/\/www.public.sn\/#organization\"},\"potentialAction\":[{\"@type\":\"SearchAction\",\"target\":{\"@type\":\"EntryPoint\",\"urlTemplate\":\"https:\/\/www.public.sn\/?s={search_term_string}\"},\"query-input\":{\"@type\":\"PropertyValueSpecification\",\"valueRequired\":true,\"valueName\":\"search_term_string\"}}],\"inLanguage\":\"fr-FR\"},{\"@type\":\"Organization\",\"@id\":\"https:\/\/www.public.sn\/#organization\",\"name\":\"LE PUBLIC\",\"url\":\"https:\/\/www.public.sn\/\",\"logo\":{\"@type\":\"ImageObject\",\"inLanguage\":\"fr-FR\",\"@id\":\"https:\/\/www.public.sn\/#\/schema\/logo\/image\/\",\"url\":\"https:\/\/www.public.sn\/wp-content\/uploads\/2024\/05\/cropped-LOGO-PUBLIC.SN_.png\",\"contentUrl\":\"https:\/\/www.public.sn\/wp-content\/uploads\/2024\/05\/cropped-LOGO-PUBLIC.SN_.png\",\"width\":682,\"height\":192,\"caption\":\"LE PUBLIC\"},\"image\":{\"@id\":\"https:\/\/www.public.sn\/#\/schema\/logo\/image\/\"}},{\"@type\":\"Person\",\"@id\":\"https:\/\/www.public.sn\/#\/schema\/person\/cb76c8e1b8becc6be61fb5e92d6d0224\",\"name\":\"LA REDACTION\",\"image\":{\"@type\":\"ImageObject\",\"inLanguage\":\"fr-FR\",\"@id\":\"https:\/\/www.public.sn\/#\/schema\/person\/image\/\",\"url\":\"https:\/\/secure.gravatar.com\/avatar\/2dce5ddd34b8fef0180efe03aa2a9bee7d953856048f9a16b298190a3178407c?s=96&d=mm&r=g\",\"contentUrl\":\"https:\/\/secure.gravatar.com\/avatar\/2dce5ddd34b8fef0180efe03aa2a9bee7d953856048f9a16b298190a3178407c?s=96&d=mm&r=g\",\"caption\":\"LA REDACTION\"},\"url\":\"https:\/\/www.public.sn\/index.php\/author\/editeurpsn\/\"}]}<\/script>\n<!-- \/ Yoast SEO plugin. -->","yoast_head_json":{"title":"Arrestation de Assane Diouf : Khalifa Sall sort de ses gongs et vilipende le r\u00e9gime en place - LE PUBLIC","description":"\u00a0Le dossier de l\u2019activiste Assane Diouf interpell\u00e9, ce samedi 08 avril 2023, dans son lieu de travail par des \u00e9l\u00e9ments de la Division des Investigations Criminelles (DIC), est sur toutes le l\u00e8vres. Apr\u00e8s la r\u00e9action de ses pairs, c'est celle des hommes politiques qui inondent la toile. En effet, l'ancien maire de la ville de Dakar s'est exprim\u00e9 sur cette affaire qui d\u00e9fraie la chronique actuellement au S\u00e9n\u00e9gal.\u00a0","robots":{"index":"index","follow":"follow","max-snippet":"max-snippet:-1","max-image-preview":"max-image-preview:large","max-video-preview":"max-video-preview:-1"},"canonical":"https:\/\/www.public.sn\/index.php\/2023\/04\/12\/arrestation-de-assane-diouf-khalifa-sall-sort-de-ses-gongs-et-vilipende-le-regime-en-place\/","og_locale":"fr_FR","og_type":"article","og_title":"Arrestation de Assane Diouf : Khalifa Sall sort de ses gongs et vilipende le r\u00e9gime en place - LE PUBLIC","og_description":"\u00a0Le dossier de l\u2019activiste Assane Diouf interpell\u00e9, ce samedi 08 avril 2023, dans son lieu de travail par des \u00e9l\u00e9ments de la Division des Investigations Criminelles (DIC), est sur toutes le l\u00e8vres. Apr\u00e8s la r\u00e9action de ses pairs, c'est celle des hommes politiques qui inondent la toile. En effet, l'ancien maire de la ville de Dakar s'est exprim\u00e9 sur cette affaire qui d\u00e9fraie la chronique actuellement au S\u00e9n\u00e9gal.\u00a0","og_url":"https:\/\/www.public.sn\/index.php\/2023\/04\/12\/arrestation-de-assane-diouf-khalifa-sall-sort-de-ses-gongs-et-vilipende-le-regime-en-place\/","og_site_name":"LE PUBLIC","article_published_time":"2023-04-12T13:23:59+00:00","article_modified_time":"2023-04-12T19:00:07+00:00","og_image":[{"width":850,"height":566,"url":"https:\/\/www.public.sn\/wp-content\/uploads\/2023\/04\/rs62319_ja15070113410037-scr.jpg","type":"image\/jpeg"}],"author":"LA REDACTION","twitter_card":"summary_large_image","twitter_misc":{"\u00c9crit par":"LA REDACTION","Dur\u00e9e de lecture estim\u00e9e":"1 minute"},"schema":{"@context":"https:\/\/schema.org","@graph":[{"@type":"Article","@id":"https:\/\/www.public.sn\/index.php\/2023\/04\/12\/arrestation-de-assane-diouf-khalifa-sall-sort-de-ses-gongs-et-vilipende-le-regime-en-place\/#article","isPartOf":{"@id":"https:\/\/www.public.sn\/index.php\/2023\/04\/12\/arrestation-de-assane-diouf-khalifa-sall-sort-de-ses-gongs-et-vilipende-le-regime-en-place\/"},"author":{"name":"LA REDACTION","@id":"https:\/\/www.public.sn\/#\/schema\/person\/cb76c8e1b8becc6be61fb5e92d6d0224"},"headline":"Arrestation de Assane Diouf : Khalifa Sall sort de ses gongs et vilipende le r\u00e9gime en place","datePublished":"2023-04-12T13:23:59+00:00","dateModified":"2023-04-12T19:00:07+00:00","mainEntityOfPage":{"@id":"https:\/\/www.public.sn\/index.php\/2023\/04\/12\/arrestation-de-assane-diouf-khalifa-sall-sort-de-ses-gongs-et-vilipende-le-regime-en-place\/"},"wordCount":214,"commentCount":0,"publisher":{"@id":"https:\/\/www.public.sn\/#organization"},"image":{"@id":"https:\/\/www.public.sn\/index.php\/2023\/04\/12\/arrestation-de-assane-diouf-khalifa-sall-sort-de-ses-gongs-et-vilipende-le-regime-en-place\/#primaryimage"},"thumbnailUrl":"https:\/\/www.public.sn\/wp-content\/uploads\/2023\/04\/rs62319_ja15070113410037-scr.jpg","keywords":["Assane Diouf","Khalifa Ababacar Sall"],"articleSection":["ACTUALIT\u00c9S","POLITIQUE","S\u00c9N\u00c9GAL"],"inLanguage":"fr-FR","potentialAction":[{"@type":"CommentAction","name":"Comment","target":["https:\/\/www.public.sn\/index.php\/2023\/04\/12\/arrestation-de-assane-diouf-khalifa-sall-sort-de-ses-gongs-et-vilipende-le-regime-en-place\/#respond"]}]},{"@type":"WebPage","@id":"https:\/\/www.public.sn\/index.php\/2023\/04\/12\/arrestation-de-assane-diouf-khalifa-sall-sort-de-ses-gongs-et-vilipende-le-regime-en-place\/","url":"https:\/\/www.public.sn\/index.php\/2023\/04\/12\/arrestation-de-assane-diouf-khalifa-sall-sort-de-ses-gongs-et-vilipende-le-regime-en-place\/","name":"Arrestation de Assane Diouf : Khalifa Sall sort de ses gongs et vilipende le r\u00e9gime en place - LE PUBLIC","isPartOf":{"@id":"https:\/\/www.public.sn\/#website"},"primaryImageOfPage":{"@id":"https:\/\/www.public.sn\/index.php\/2023\/04\/12\/arrestation-de-assane-diouf-khalifa-sall-sort-de-ses-gongs-et-vilipende-le-regime-en-place\/#primaryimage"},"image":{"@id":"https:\/\/www.public.sn\/index.php\/2023\/04\/12\/arrestation-de-assane-diouf-khalifa-sall-sort-de-ses-gongs-et-vilipende-le-regime-en-place\/#primaryimage"},"thumbnailUrl":"https:\/\/www.public.sn\/wp-content\/uploads\/2023\/04\/rs62319_ja15070113410037-scr.jpg","datePublished":"2023-04-12T13:23:59+00:00","dateModified":"2023-04-12T19:00:07+00:00","description":"\u00a0Le dossier de l\u2019activiste Assane Diouf interpell\u00e9, ce samedi 08 avril 2023, dans son lieu de travail par des \u00e9l\u00e9ments de la Division des Investigations Criminelles (DIC), est sur toutes le l\u00e8vres. Apr\u00e8s la r\u00e9action de ses pairs, c'est celle des hommes politiques qui inondent la toile. En effet, l'ancien maire de la ville de Dakar s'est exprim\u00e9 sur cette affaire qui d\u00e9fraie la chronique actuellement au S\u00e9n\u00e9gal.\u00a0","breadcrumb":{"@id":"https:\/\/www.public.sn\/index.php\/2023\/04\/12\/arrestation-de-assane-diouf-khalifa-sall-sort-de-ses-gongs-et-vilipende-le-regime-en-place\/#breadcrumb"},"inLanguage":"fr-FR","potentialAction":[{"@type":"ReadAction","target":["https:\/\/www.public.sn\/index.php\/2023\/04\/12\/arrestation-de-assane-diouf-khalifa-sall-sort-de-ses-gongs-et-vilipende-le-regime-en-place\/"]}]},{"@type":"ImageObject","inLanguage":"fr-FR","@id":"https:\/\/www.public.sn\/index.php\/2023\/04\/12\/arrestation-de-assane-diouf-khalifa-sall-sort-de-ses-gongs-et-vilipende-le-regime-en-place\/#primaryimage","url":"https:\/\/www.public.sn\/wp-content\/uploads\/2023\/04\/rs62319_ja15070113410037-scr.jpg","contentUrl":"https:\/\/www.public.sn\/wp-content\/uploads\/2023\/04\/rs62319_ja15070113410037-scr.jpg","width":850,"height":566},{"@type":"BreadcrumbList","@id":"https:\/\/www.public.sn\/index.php\/2023\/04\/12\/arrestation-de-assane-diouf-khalifa-sall-sort-de-ses-gongs-et-vilipende-le-regime-en-place\/#breadcrumb","itemListElement":[{"@type":"ListItem","position":1,"name":"Accueil","item":"https:\/\/www.public.sn\/"},{"@type":"ListItem","position":2,"name":"Arrestation de Assane Diouf : Khalifa Sall sort de ses gongs et vilipende le r\u00e9gime en place"}]},{"@type":"WebSite","@id":"https:\/\/www.public.sn\/#website","url":"https:\/\/www.public.sn\/","name":"LE PUBLIC","description":"","publisher":{"@id":"https:\/\/www.public.sn\/#organization"},"potentialAction":[{"@type":"SearchAction","target":{"@type":"EntryPoint","urlTemplate":"https:\/\/www.public.sn\/?s={search_term_string}"},"query-input":{"@type":"PropertyValueSpecification","valueRequired":true,"valueName":"search_term_string"}}],"inLanguage":"fr-FR"},{"@type":"Organization","@id":"https:\/\/www.public.sn\/#organization","name":"LE PUBLIC","url":"https:\/\/www.public.sn\/","logo":{"@type":"ImageObject","inLanguage":"fr-FR","@id":"https:\/\/www.public.sn\/#\/schema\/logo\/image\/","url":"https:\/\/www.public.sn\/wp-content\/uploads\/2024\/05\/cropped-LOGO-PUBLIC.SN_.png","contentUrl":"https:\/\/www.public.sn\/wp-content\/uploads\/2024\/05\/cropped-LOGO-PUBLIC.SN_.png","width":682,"height":192,"caption":"LE PUBLIC"},"image":{"@id":"https:\/\/www.public.sn\/#\/schema\/logo\/image\/"}},{"@type":"Person","@id":"https:\/\/www.public.sn\/#\/schema\/person\/cb76c8e1b8becc6be61fb5e92d6d0224","name":"LA REDACTION","image":{"@type":"ImageObject","inLanguage":"fr-FR","@id":"https:\/\/www.public.sn\/#\/schema\/person\/image\/","url":"https:\/\/secure.gravatar.com\/avatar\/2dce5ddd34b8fef0180efe03aa2a9bee7d953856048f9a16b298190a3178407c?s=96&d=mm&r=g","contentUrl":"https:\/\/secure.gravatar.com\/avatar\/2dce5ddd34b8fef0180efe03aa2a9bee7d953856048f9a16b298190a3178407c?s=96&d=mm&r=g","caption":"LA REDACTION"},"url":"https:\/\/www.public.sn\/index.php\/author\/editeurpsn\/"}]}},"jetpack_featured_media_url":"https:\/\/www.public.sn\/wp-content\/uploads\/2023\/04\/rs62319_ja15070113410037-scr.jpg","jetpack_sharing_enabled":true,"_links":{"self":[{"href":"https:\/\/www.public.sn\/index.php\/wp-json\/wp\/v2\/posts\/19774","targetHints":{"allow":["GET"]}}],"collection":[{"href":"https:\/\/www.public.sn\/index.php\/wp-json\/wp\/v2\/posts"}],"about":[{"href":"https:\/\/www.public.sn\/index.php\/wp-json\/wp\/v2\/types\/post"}],"author":[{"embeddable":true,"href":"https:\/\/www.public.sn\/index.php\/wp-json\/wp\/v2\/users\/7"}],"replies":[{"embeddable":true,"href":"https:\/\/www.public.sn\/index.php\/wp-json\/wp\/v2\/comments?post=19774"}],"version-history":[{"count":3,"href":"https:\/\/www.public.sn\/index.php\/wp-json\/wp\/v2\/posts\/19774\/revisions"}],"predecessor-version":[{"id":19781,"href":"https:\/\/www.public.sn\/index.php\/wp-json\/wp\/v2\/posts\/19774\/revisions\/19781"}],"wp:featuredmedia":[{"embeddable":true,"href":"https:\/\/www.public.sn\/index.php\/wp-json\/wp\/v2\/media\/19775"}],"wp:attachment":[{"href":"https:\/\/www.public.sn\/index.php\/wp-json\/wp\/v2\/media?parent=19774"}],"wp:term":[{"taxonomy":"category","embeddable":true,"href":"https:\/\/www.public.sn\/index.php\/wp-json\/wp\/v2\/categories?post=19774"},{"taxonomy":"post_tag","embeddable":true,"href":"https:\/\/www.public.sn\/index.php\/wp-json\/wp\/v2\/tags?post=19774"}],"curies":[{"name":"wp","href":"https:\/\/api.w.org\/{rel}","templated":true}]}}