{"id":1980,"date":"2022-09-14T13:19:07","date_gmt":"2022-09-14T13:19:07","guid":{"rendered":"https:\/\/www.public.sn\/?p=1980"},"modified":"2022-09-14T14:01:30","modified_gmt":"2022-09-14T14:01:30","slug":"incompatibilite-du-mandat-de-depute-a-la-qualite-de-ministre-que-prevoit-le-reglement-interieur-de-lassemblee-nationale","status":"publish","type":"post","link":"https:\/\/www.public.sn\/index.php\/2022\/09\/14\/incompatibilite-du-mandat-de-depute-a-la-qualite-de-ministre-que-prevoit-le-reglement-interieur-de-lassemblee-nationale\/","title":{"rendered":"Incompatibilit\u00e9 du mandat de d\u00e9put\u00e9 \u00e0 la qualit\u00e9 de ministre: Que pr\u00e9voit le reglement int\u00e9rieur de l\u2019Assembl\u00e9e Nationale ?"},"content":{"rendered":"\n<p>Le mandat de d\u00e9put\u00e9 est incompatible avec la qualit\u00e9 de membre du Gouvernement dit le R\u00e8glement int\u00e9rieur de l\u2019Assembl\u00e9e nationale rappelant l\u2019article LO 155 du Code \u00e9lectoral. Par ailleurs, l\u2019article 110 dudit r\u00e8glement signale que l\u2019exercice de toute fonction publique non \u00e9lective est incompatible avec le mandat de d\u00e9put\u00e9.<\/p><div class=\"publi-paragraphe1\" style=\"margin-top: 10px;margin-bottom: 10px;margin-left: auto;margin-right: auto;text-align: center;\" id=\"publi-1603085071\"><div class=\"publi-adlabel\">Publicit\u00e9<\/div><script async src=\"\/\/pagead2.googlesyndication.com\/pagead\/js\/adsbygoogle.js?client=ca-pub-4089586018074219\" crossorigin=\"anonymous\"><\/script><ins class=\"adsbygoogle\" style=\"display:block;\" data-ad-client=\"ca-pub-4089586018074219\" \ndata-ad-slot=\"2087940154\" \ndata-ad-format=\"auto\"><\/ins>\n<script> \n(adsbygoogle = window.adsbygoogle || []).push({}); \n<\/script>\n<\/div>\n\n\n\n<p>En cons\u00e9quence, toute personne vis\u00e9e \u00e0 l\u2019alin\u00e9a pr\u00e9c\u00e9dent \u00e9lue \u00e0 l\u2019Assembl\u00e9e nationale est remplac\u00e9e dans ses fonctions et plac\u00e9e dans la position pr\u00e9vue \u00e0 cet effet par le statut la r\u00e9gissant dans les huit jours qui suivent son entr\u00e9e en fonction, ou en cas de contestation de l\u2019\u00e9lection, dans les huit jours suivant la d\u00e9cision de validation. L\u2019exercice de fonctions confi\u00e9es par un Etat \u00e9tranger ou une organisation internationale et r\u00e9mun\u00e9r\u00e9es sur leurs fonds, est \u00e9galement incompatible avec le mandat de d\u00e9put\u00e9.&nbsp;<\/p>\n\n\n\n<p>Toutefois, les membres du personnel enseignant de l\u2019enseignement sup\u00e9rieur sont except\u00e9s des dispositions des deux premiers alin\u00e9as du pr\u00e9sent article (article LO 156 du Code \u00e9lectoral). Selon l\u2019article 112 du R\u00e8glement int\u00e9rieur de l\u2019Assembl\u00e9e nationale, sont incompatibles avec le mandat parlementaire, les fonctions de Pr\u00e9sident et de membre du Conseil d\u2019Administration, ainsi que l\u2019exercice de toute profession salari\u00e9e dans les entreprises du secteur parapublic. Il en est de m\u00eame de toutes fonctions exerc\u00e9es de fa\u00e7on permanente en qualit\u00e9 de conseil aupr\u00e8s de ces m\u00eames \u00e9tablissements ou entreprises.&nbsp;<\/p>\n\n\n\n<p>Il en est de m\u00eame de la situation d\u2019actionnaire majoritaire dans les entreprises plac\u00e9es sous le contr\u00f4le de l\u2019Etat. L\u2019incompatibilit\u00e9 \u00e9dict\u00e9e au pr\u00e9sent article ne s\u2019applique pas aux d\u00e9put\u00e9s d\u00e9sign\u00e9s en cette qualit\u00e9 comme membres du Conseil d\u2019Administration d\u2019\u00e9tablissements publics ou d\u2019entreprises plac\u00e9es sous le contr\u00f4le de l\u2019Etat, en vertu des textes organisant ces entreprises ou \u00e9tablissements (article LO 158 du Code \u00e9lectoral).&nbsp;<\/p>\n\n\n\n<p>L\u2019article 113 dudit R\u00e8glement int\u00e9rieur signale qu\u2019il est incompatible avec le mandat de d\u00e9put\u00e9, les fonctions de chef d\u2019entreprise, de pr\u00e9sident de Conseil d\u2019Administration, d\u2019administrateur d\u00e9l\u00e9gu\u00e9, de directeur g\u00e9n\u00e9ral, directeur adjoint ou g\u00e9rant, exerc\u00e9es dans les soci\u00e9t\u00e9s, entreprises ou \u00e9tablissements jouissant, sous forme de garantie d\u2019int\u00e9r\u00eats, de subvention, ou sous une forme \u00e9quivalente, d\u2019avantages assur\u00e9s par l\u2019Etat ou par une Assembl\u00e9e nationale du S\u00e9n\u00e9gal collectivit\u00e9 publique, sauf dans le cas o\u00f9 ces avantages d\u00e9coulent de l\u2019application automatique d\u2019une l\u00e9gislation g\u00e9n\u00e9rale ou d\u2019une r\u00e9glementation g\u00e9n\u00e9rale.&nbsp;<\/p>\n\n\n\n<p>Les soci\u00e9t\u00e9s ayant exclusivement un objet financier et faisant publiquement appel \u00e0 l\u2019\u00e9pargne et au cr\u00e9dit, les soci\u00e9t\u00e9s et entreprises dont l\u2019activit\u00e9 consiste principalement dans l\u2019ex\u00e9cution de travaux, la prestation de fournitures ou de services pour le compte ou sous le contr\u00f4le de l\u2019Etat, d\u2019une collectivit\u00e9 ou d\u2019un \u00e9tablissement dont plus de la moiti\u00e9 du capital social est constitu\u00e9e des participations de soci\u00e9t\u00e9s ou d\u2019entreprises ayant ces m\u00eames activit\u00e9s (article LO 159 du Code \u00e9lectoral).<\/p>\n\n\n\n<figure class=\"wp-block-embed is-type-video is-provider-youtube wp-block-embed-youtube wp-embed-aspect-16-9 wp-has-aspect-ratio\"><div class=\"wp-block-embed__wrapper\">\n<p class=\"responsive-video-wrap clr\"><iframe title=\"Sa Thi\u00e8s\/Reug Reug: Gaston Mbengue et B\u00e9caye r\u00e9concili\u00e9s- Modou Mbaye \u201cCombat bi dou\u2026 dina dem\u2026\u201d\" width=\"1200\" height=\"675\" src=\"https:\/\/www.youtube.com\/embed\/Pf8pBFKg4fw?feature=oembed\" frameborder=\"0\" allow=\"accelerometer; autoplay; clipboard-write; encrypted-media; gyroscope; picture-in-picture\" allowfullscreen><\/iframe><\/p>\n<\/div><\/figure>\n<div class=\"publi-apres-le-contenu\" style=\"margin-top: 10px;margin-bottom: 10px;margin-left: auto;margin-right: auto;text-align: center;\" id=\"publi-2163663839\"><div class=\"publi-adlabel\">Publicit\u00e9<\/div><script async src=\"\/\/pagead2.googlesyndication.com\/pagead\/js\/adsbygoogle.js?client=ca-pub-4089586018074219\" crossorigin=\"anonymous\"><\/script><ins class=\"adsbygoogle\" style=\"display:block;\" data-ad-client=\"ca-pub-4089586018074219\" \ndata-ad-slot=\"2087940154\" \ndata-ad-format=\"auto\"><\/ins>\n<script> \n(adsbygoogle = window.adsbygoogle || []).push({}); \n<\/script>\n<\/div>","protected":false},"excerpt":{"rendered":"<p>Le mandat de d\u00e9put\u00e9 est incompatible avec la qualit\u00e9 de membre du Gouvernement dit le R\u00e8glement int\u00e9rieur de l\u2019Assembl\u00e9e nationale rappelant l\u2019article LO 155 du Code \u00e9lectoral. Par ailleurs, l\u2019article 110 dudit r\u00e8glement signale que l\u2019exercice de toute fonction publique non \u00e9lective est incompatible avec le mandat de d\u00e9put\u00e9. En cons\u00e9quence, toute personne vis\u00e9e \u00e0 l\u2019alin\u00e9a pr\u00e9c\u00e9dent \u00e9lue \u00e0 l\u2019Assembl\u00e9e nationale est remplac\u00e9e dans ses fonctions et plac\u00e9e dans la position pr\u00e9vue \u00e0 cet effet par le statut la r\u00e9gissant dans les huit jours qui suivent son entr\u00e9e en fonction, ou en cas de contestation de l\u2019\u00e9lection, dans les huit jours suivant la d\u00e9cision de validation. L\u2019exercice de fonctions confi\u00e9es par un Etat \u00e9tranger ou une organisation internationale et r\u00e9mun\u00e9r\u00e9es sur leurs fonds, est \u00e9galement incompatible avec le mandat de d\u00e9put\u00e9.&nbsp; Toutefois, les membres du personnel enseignant de l\u2019enseignement sup\u00e9rieur sont except\u00e9s des dispositions des deux premiers alin\u00e9as du pr\u00e9sent article (article LO 156 du Code \u00e9lectoral). Selon l\u2019article 112 du R\u00e8glement int\u00e9rieur de l\u2019Assembl\u00e9e nationale, sont incompatibles avec le mandat parlementaire, les fonctions de Pr\u00e9sident et de membre du Conseil d\u2019Administration, ainsi que l\u2019exercice de toute profession salari\u00e9e dans les entreprises du secteur parapublic. Il en est de m\u00eame de toutes fonctions exerc\u00e9es de fa\u00e7on permanente en qualit\u00e9 de conseil aupr\u00e8s de ces m\u00eames \u00e9tablissements ou entreprises.&nbsp; Il en est de m\u00eame de la situation d\u2019actionnaire majoritaire dans les entreprises plac\u00e9es sous le contr\u00f4le de l\u2019Etat. L\u2019incompatibilit\u00e9 \u00e9dict\u00e9e au pr\u00e9sent article ne s\u2019applique pas aux d\u00e9put\u00e9s d\u00e9sign\u00e9s en cette qualit\u00e9 comme membres du Conseil d\u2019Administration d\u2019\u00e9tablissements publics ou d\u2019entreprises plac\u00e9es sous le contr\u00f4le de l\u2019Etat, en vertu des textes organisant ces entreprises ou \u00e9tablissements (article LO 158 du Code \u00e9lectoral).&nbsp; L\u2019article 113 dudit R\u00e8glement int\u00e9rieur signale qu\u2019il est incompatible avec le mandat de d\u00e9put\u00e9, les fonctions de chef d\u2019entreprise, de pr\u00e9sident de Conseil d\u2019Administration, d\u2019administrateur d\u00e9l\u00e9gu\u00e9, de directeur g\u00e9n\u00e9ral, directeur adjoint ou g\u00e9rant, exerc\u00e9es dans les soci\u00e9t\u00e9s, entreprises ou \u00e9tablissements jouissant, sous forme de garantie d\u2019int\u00e9r\u00eats, de subvention, ou sous une forme \u00e9quivalente, d\u2019avantages assur\u00e9s par l\u2019Etat ou par une Assembl\u00e9e nationale du S\u00e9n\u00e9gal collectivit\u00e9 publique, sauf dans le cas o\u00f9 ces avantages d\u00e9coulent de l\u2019application automatique d\u2019une l\u00e9gislation g\u00e9n\u00e9rale ou d\u2019une r\u00e9glementation g\u00e9n\u00e9rale.&nbsp; Les soci\u00e9t\u00e9s ayant exclusivement un objet financier et faisant publiquement appel \u00e0 l\u2019\u00e9pargne et au cr\u00e9dit, les soci\u00e9t\u00e9s et entreprises dont l\u2019activit\u00e9 consiste principalement dans l\u2019ex\u00e9cution de travaux, la prestation de fournitures ou de services pour le compte ou sous le contr\u00f4le de l\u2019Etat, d\u2019une collectivit\u00e9 ou d\u2019un \u00e9tablissement dont plus de la moiti\u00e9 du capital social est constitu\u00e9e des participations de soci\u00e9t\u00e9s ou d\u2019entreprises ayant ces m\u00eames activit\u00e9s (article LO 159 du Code \u00e9lectoral).<\/p>\n","protected":false},"author":1,"featured_media":1981,"comment_status":"open","ping_status":"open","sticky":false,"template":"","format":"standard","meta":{"_jetpack_memberships_contains_paid_content":false,"footnotes":""},"categories":[375,3],"tags":[12,754,11,753],"class_list":["post-1980","post","type-post","status-publish","format-standard","has-post-thumbnail","hentry","category-actualites","category-politique","tag-assemblee-nationale","tag-gouvernement","tag-macky-sall","tag-mandat-de-depute","entry","has-media","owp-thumbs-layout-horizontal","owp-btn-normal","owp-tabs-layout-horizontal","has-no-thumbnails","has-product-nav"],"yoast_head":"<!-- This site is optimized with the Yoast SEO plugin v25.5 - https:\/\/yoast.com\/wordpress\/plugins\/seo\/ -->\n<title>Incompatibilit\u00e9 du mandat de d\u00e9put\u00e9 \u00e0 la qualit\u00e9 de ministre: Que pr\u00e9voit le reglement int\u00e9rieur de l\u2019Assembl\u00e9e Nationale ? - LE PUBLIC<\/title>\n<meta name=\"robots\" content=\"index, follow, max-snippet:-1, max-image-preview:large, max-video-preview:-1\" \/>\n<link rel=\"canonical\" href=\"https:\/\/www.public.sn\/index.php\/2022\/09\/14\/incompatibilite-du-mandat-de-depute-a-la-qualite-de-ministre-que-prevoit-le-reglement-interieur-de-lassemblee-nationale\/\" \/>\n<meta property=\"og:locale\" content=\"fr_FR\" \/>\n<meta property=\"og:type\" content=\"article\" \/>\n<meta property=\"og:title\" content=\"Incompatibilit\u00e9 du mandat de d\u00e9put\u00e9 \u00e0 la qualit\u00e9 de ministre: Que pr\u00e9voit le reglement int\u00e9rieur de l\u2019Assembl\u00e9e Nationale ? - LE PUBLIC\" \/>\n<meta property=\"og:description\" content=\"Le mandat de d\u00e9put\u00e9 est incompatible avec la qualit\u00e9 de membre du Gouvernement dit le R\u00e8glement int\u00e9rieur de l\u2019Assembl\u00e9e nationale rappelant l\u2019article LO 155 du Code \u00e9lectoral. Par ailleurs, l\u2019article 110 dudit r\u00e8glement signale que l\u2019exercice de toute fonction publique non \u00e9lective est incompatible avec le mandat de d\u00e9put\u00e9. En cons\u00e9quence, toute personne vis\u00e9e \u00e0 l\u2019alin\u00e9a pr\u00e9c\u00e9dent \u00e9lue \u00e0 l\u2019Assembl\u00e9e nationale est remplac\u00e9e dans ses fonctions et plac\u00e9e dans la position pr\u00e9vue \u00e0 cet effet par le statut la r\u00e9gissant dans les huit jours qui suivent son entr\u00e9e en fonction, ou en cas de contestation de l\u2019\u00e9lection, dans les huit jours suivant la d\u00e9cision de validation. L\u2019exercice de fonctions confi\u00e9es par un Etat \u00e9tranger ou une organisation internationale et r\u00e9mun\u00e9r\u00e9es sur leurs fonds, est \u00e9galement incompatible avec le mandat de d\u00e9put\u00e9.&nbsp; Toutefois, les membres du personnel enseignant de l\u2019enseignement sup\u00e9rieur sont except\u00e9s des dispositions des deux premiers alin\u00e9as du pr\u00e9sent article (article LO 156 du Code \u00e9lectoral). Selon l\u2019article 112 du R\u00e8glement int\u00e9rieur de l\u2019Assembl\u00e9e nationale, sont incompatibles avec le mandat parlementaire, les fonctions de Pr\u00e9sident et de membre du Conseil d\u2019Administration, ainsi que l\u2019exercice de toute profession salari\u00e9e dans les entreprises du secteur parapublic. Il en est de m\u00eame de toutes fonctions exerc\u00e9es de fa\u00e7on permanente en qualit\u00e9 de conseil aupr\u00e8s de ces m\u00eames \u00e9tablissements ou entreprises.&nbsp; Il en est de m\u00eame de la situation d\u2019actionnaire majoritaire dans les entreprises plac\u00e9es sous le contr\u00f4le de l\u2019Etat. L\u2019incompatibilit\u00e9 \u00e9dict\u00e9e au pr\u00e9sent article ne s\u2019applique pas aux d\u00e9put\u00e9s d\u00e9sign\u00e9s en cette qualit\u00e9 comme membres du Conseil d\u2019Administration d\u2019\u00e9tablissements publics ou d\u2019entreprises plac\u00e9es sous le contr\u00f4le de l\u2019Etat, en vertu des textes organisant ces entreprises ou \u00e9tablissements (article LO 158 du Code \u00e9lectoral).&nbsp; L\u2019article 113 dudit R\u00e8glement int\u00e9rieur signale qu\u2019il est incompatible avec le mandat de d\u00e9put\u00e9, les fonctions de chef d\u2019entreprise, de pr\u00e9sident de Conseil d\u2019Administration, d\u2019administrateur d\u00e9l\u00e9gu\u00e9, de directeur g\u00e9n\u00e9ral, directeur adjoint ou g\u00e9rant, exerc\u00e9es dans les soci\u00e9t\u00e9s, entreprises ou \u00e9tablissements jouissant, sous forme de garantie d\u2019int\u00e9r\u00eats, de subvention, ou sous une forme \u00e9quivalente, d\u2019avantages assur\u00e9s par l\u2019Etat ou par une Assembl\u00e9e nationale du S\u00e9n\u00e9gal collectivit\u00e9 publique, sauf dans le cas o\u00f9 ces avantages d\u00e9coulent de l\u2019application automatique d\u2019une l\u00e9gislation g\u00e9n\u00e9rale ou d\u2019une r\u00e9glementation g\u00e9n\u00e9rale.&nbsp; Les soci\u00e9t\u00e9s ayant exclusivement un objet financier et faisant publiquement appel \u00e0 l\u2019\u00e9pargne et au cr\u00e9dit, les soci\u00e9t\u00e9s et entreprises dont l\u2019activit\u00e9 consiste principalement dans l\u2019ex\u00e9cution de travaux, la prestation de fournitures ou de services pour le compte ou sous le contr\u00f4le de l\u2019Etat, d\u2019une collectivit\u00e9 ou d\u2019un \u00e9tablissement dont plus de la moiti\u00e9 du capital social est constitu\u00e9e des participations de soci\u00e9t\u00e9s ou d\u2019entreprises ayant ces m\u00eames activit\u00e9s (article LO 159 du Code \u00e9lectoral).\" \/>\n<meta property=\"og:url\" content=\"https:\/\/www.public.sn\/index.php\/2022\/09\/14\/incompatibilite-du-mandat-de-depute-a-la-qualite-de-ministre-que-prevoit-le-reglement-interieur-de-lassemblee-nationale\/\" \/>\n<meta property=\"og:site_name\" content=\"LE PUBLIC\" \/>\n<meta property=\"article:published_time\" content=\"2022-09-14T13:19:07+00:00\" \/>\n<meta property=\"article:modified_time\" content=\"2022-09-14T14:01:30+00:00\" \/>\n<meta property=\"og:image\" content=\"https:\/\/www.public.sn\/wp-content\/uploads\/2022\/09\/D82EEFA6-D672-4DBB-9996-4CC90DA3ABB5.jpeg\" \/>\n\t<meta property=\"og:image:width\" content=\"664\" \/>\n\t<meta property=\"og:image:height\" content=\"443\" \/>\n\t<meta property=\"og:image:type\" content=\"image\/jpeg\" \/>\n<meta name=\"author\" content=\"LA REDACTION\" \/>\n<meta name=\"twitter:card\" content=\"summary_large_image\" \/>\n<meta name=\"twitter:label1\" content=\"\u00c9crit par\" \/>\n\t<meta name=\"twitter:data1\" content=\"LA REDACTION\" \/>\n\t<meta name=\"twitter:label2\" content=\"Dur\u00e9e de lecture estim\u00e9e\" \/>\n\t<meta name=\"twitter:data2\" content=\"3 minutes\" \/>\n<script type=\"application\/ld+json\" class=\"yoast-schema-graph\">{\"@context\":\"https:\/\/schema.org\",\"@graph\":[{\"@type\":\"Article\",\"@id\":\"https:\/\/www.public.sn\/index.php\/2022\/09\/14\/incompatibilite-du-mandat-de-depute-a-la-qualite-de-ministre-que-prevoit-le-reglement-interieur-de-lassemblee-nationale\/#article\",\"isPartOf\":{\"@id\":\"https:\/\/www.public.sn\/index.php\/2022\/09\/14\/incompatibilite-du-mandat-de-depute-a-la-qualite-de-ministre-que-prevoit-le-reglement-interieur-de-lassemblee-nationale\/\"},\"author\":{\"name\":\"LA REDACTION\",\"@id\":\"https:\/\/www.public.sn\/#\/schema\/person\/e3f4a11b037d4203902db148f9bc8d5a\"},\"headline\":\"Incompatibilit\u00e9 du mandat de d\u00e9put\u00e9 \u00e0 la qualit\u00e9 de ministre: Que pr\u00e9voit le reglement int\u00e9rieur de l\u2019Assembl\u00e9e Nationale ?\",\"datePublished\":\"2022-09-14T13:19:07+00:00\",\"dateModified\":\"2022-09-14T14:01:30+00:00\",\"mainEntityOfPage\":{\"@id\":\"https:\/\/www.public.sn\/index.php\/2022\/09\/14\/incompatibilite-du-mandat-de-depute-a-la-qualite-de-ministre-que-prevoit-le-reglement-interieur-de-lassemblee-nationale\/\"},\"wordCount\":585,\"commentCount\":0,\"publisher\":{\"@id\":\"https:\/\/www.public.sn\/#organization\"},\"image\":{\"@id\":\"https:\/\/www.public.sn\/index.php\/2022\/09\/14\/incompatibilite-du-mandat-de-depute-a-la-qualite-de-ministre-que-prevoit-le-reglement-interieur-de-lassemblee-nationale\/#primaryimage\"},\"thumbnailUrl\":\"https:\/\/www.public.sn\/wp-content\/uploads\/2022\/09\/D82EEFA6-D672-4DBB-9996-4CC90DA3ABB5.jpeg\",\"keywords\":[\"Assembl\u00e9e Nationale\",\"Gouvernement\",\"Macky Sall\",\"Mandat de d\u00e9put\u00e9\"],\"articleSection\":[\"ACTUALIT\u00c9S\",\"POLITIQUE\"],\"inLanguage\":\"fr-FR\",\"potentialAction\":[{\"@type\":\"CommentAction\",\"name\":\"Comment\",\"target\":[\"https:\/\/www.public.sn\/index.php\/2022\/09\/14\/incompatibilite-du-mandat-de-depute-a-la-qualite-de-ministre-que-prevoit-le-reglement-interieur-de-lassemblee-nationale\/#respond\"]}]},{\"@type\":\"WebPage\",\"@id\":\"https:\/\/www.public.sn\/index.php\/2022\/09\/14\/incompatibilite-du-mandat-de-depute-a-la-qualite-de-ministre-que-prevoit-le-reglement-interieur-de-lassemblee-nationale\/\",\"url\":\"https:\/\/www.public.sn\/index.php\/2022\/09\/14\/incompatibilite-du-mandat-de-depute-a-la-qualite-de-ministre-que-prevoit-le-reglement-interieur-de-lassemblee-nationale\/\",\"name\":\"Incompatibilit\u00e9 du mandat de d\u00e9put\u00e9 \u00e0 la qualit\u00e9 de ministre: Que pr\u00e9voit le reglement int\u00e9rieur de l\u2019Assembl\u00e9e Nationale ? - LE PUBLIC\",\"isPartOf\":{\"@id\":\"https:\/\/www.public.sn\/#website\"},\"primaryImageOfPage\":{\"@id\":\"https:\/\/www.public.sn\/index.php\/2022\/09\/14\/incompatibilite-du-mandat-de-depute-a-la-qualite-de-ministre-que-prevoit-le-reglement-interieur-de-lassemblee-nationale\/#primaryimage\"},\"image\":{\"@id\":\"https:\/\/www.public.sn\/index.php\/2022\/09\/14\/incompatibilite-du-mandat-de-depute-a-la-qualite-de-ministre-que-prevoit-le-reglement-interieur-de-lassemblee-nationale\/#primaryimage\"},\"thumbnailUrl\":\"https:\/\/www.public.sn\/wp-content\/uploads\/2022\/09\/D82EEFA6-D672-4DBB-9996-4CC90DA3ABB5.jpeg\",\"datePublished\":\"2022-09-14T13:19:07+00:00\",\"dateModified\":\"2022-09-14T14:01:30+00:00\",\"breadcrumb\":{\"@id\":\"https:\/\/www.public.sn\/index.php\/2022\/09\/14\/incompatibilite-du-mandat-de-depute-a-la-qualite-de-ministre-que-prevoit-le-reglement-interieur-de-lassemblee-nationale\/#breadcrumb\"},\"inLanguage\":\"fr-FR\",\"potentialAction\":[{\"@type\":\"ReadAction\",\"target\":[\"https:\/\/www.public.sn\/index.php\/2022\/09\/14\/incompatibilite-du-mandat-de-depute-a-la-qualite-de-ministre-que-prevoit-le-reglement-interieur-de-lassemblee-nationale\/\"]}]},{\"@type\":\"ImageObject\",\"inLanguage\":\"fr-FR\",\"@id\":\"https:\/\/www.public.sn\/index.php\/2022\/09\/14\/incompatibilite-du-mandat-de-depute-a-la-qualite-de-ministre-que-prevoit-le-reglement-interieur-de-lassemblee-nationale\/#primaryimage\",\"url\":\"https:\/\/www.public.sn\/wp-content\/uploads\/2022\/09\/D82EEFA6-D672-4DBB-9996-4CC90DA3ABB5.jpeg\",\"contentUrl\":\"https:\/\/www.public.sn\/wp-content\/uploads\/2022\/09\/D82EEFA6-D672-4DBB-9996-4CC90DA3ABB5.jpeg\",\"width\":664,\"height\":443,\"caption\":\"Senegalese deputies take part in the first parliamentary session since the July 2022 legislative elections, in Dakar on September 12, 2022. (Photo by CARMEN ABD ALI \/ AFP)\"},{\"@type\":\"BreadcrumbList\",\"@id\":\"https:\/\/www.public.sn\/index.php\/2022\/09\/14\/incompatibilite-du-mandat-de-depute-a-la-qualite-de-ministre-que-prevoit-le-reglement-interieur-de-lassemblee-nationale\/#breadcrumb\",\"itemListElement\":[{\"@type\":\"ListItem\",\"position\":1,\"name\":\"Accueil\",\"item\":\"https:\/\/www.public.sn\/\"},{\"@type\":\"ListItem\",\"position\":2,\"name\":\"Incompatibilit\u00e9 du mandat de d\u00e9put\u00e9 \u00e0 la qualit\u00e9 de ministre: Que pr\u00e9voit le reglement int\u00e9rieur de l\u2019Assembl\u00e9e Nationale ?\"}]},{\"@type\":\"WebSite\",\"@id\":\"https:\/\/www.public.sn\/#website\",\"url\":\"https:\/\/www.public.sn\/\",\"name\":\"LE PUBLIC\",\"description\":\"\",\"publisher\":{\"@id\":\"https:\/\/www.public.sn\/#organization\"},\"potentialAction\":[{\"@type\":\"SearchAction\",\"target\":{\"@type\":\"EntryPoint\",\"urlTemplate\":\"https:\/\/www.public.sn\/?s={search_term_string}\"},\"query-input\":{\"@type\":\"PropertyValueSpecification\",\"valueRequired\":true,\"valueName\":\"search_term_string\"}}],\"inLanguage\":\"fr-FR\"},{\"@type\":\"Organization\",\"@id\":\"https:\/\/www.public.sn\/#organization\",\"name\":\"LE PUBLIC\",\"url\":\"https:\/\/www.public.sn\/\",\"logo\":{\"@type\":\"ImageObject\",\"inLanguage\":\"fr-FR\",\"@id\":\"https:\/\/www.public.sn\/#\/schema\/logo\/image\/\",\"url\":\"https:\/\/www.public.sn\/wp-content\/uploads\/2024\/05\/cropped-LOGO-PUBLIC.SN_.png\",\"contentUrl\":\"https:\/\/www.public.sn\/wp-content\/uploads\/2024\/05\/cropped-LOGO-PUBLIC.SN_.png\",\"width\":682,\"height\":192,\"caption\":\"LE PUBLIC\"},\"image\":{\"@id\":\"https:\/\/www.public.sn\/#\/schema\/logo\/image\/\"}},{\"@type\":\"Person\",\"@id\":\"https:\/\/www.public.sn\/#\/schema\/person\/e3f4a11b037d4203902db148f9bc8d5a\",\"name\":\"LA REDACTION\",\"image\":{\"@type\":\"ImageObject\",\"inLanguage\":\"fr-FR\",\"@id\":\"https:\/\/www.public.sn\/#\/schema\/person\/image\/\",\"url\":\"https:\/\/secure.gravatar.com\/avatar\/d6c030db45db2883c075085c5d6c6258654a801a93766b49af0b82d4f454e2a5?s=96&d=mm&r=g\",\"contentUrl\":\"https:\/\/secure.gravatar.com\/avatar\/d6c030db45db2883c075085c5d6c6258654a801a93766b49af0b82d4f454e2a5?s=96&d=mm&r=g\",\"caption\":\"LA REDACTION\"},\"sameAs\":[\"http:\/\/www.public.sn\"],\"url\":\"https:\/\/www.public.sn\/index.php\/author\/admin7324\/\"}]}<\/script>\n<!-- \/ Yoast SEO plugin. -->","yoast_head_json":{"title":"Incompatibilit\u00e9 du mandat de d\u00e9put\u00e9 \u00e0 la qualit\u00e9 de ministre: Que pr\u00e9voit le reglement int\u00e9rieur de l\u2019Assembl\u00e9e Nationale ? - LE PUBLIC","robots":{"index":"index","follow":"follow","max-snippet":"max-snippet:-1","max-image-preview":"max-image-preview:large","max-video-preview":"max-video-preview:-1"},"canonical":"https:\/\/www.public.sn\/index.php\/2022\/09\/14\/incompatibilite-du-mandat-de-depute-a-la-qualite-de-ministre-que-prevoit-le-reglement-interieur-de-lassemblee-nationale\/","og_locale":"fr_FR","og_type":"article","og_title":"Incompatibilit\u00e9 du mandat de d\u00e9put\u00e9 \u00e0 la qualit\u00e9 de ministre: Que pr\u00e9voit le reglement int\u00e9rieur de l\u2019Assembl\u00e9e Nationale ? - LE PUBLIC","og_description":"Le mandat de d\u00e9put\u00e9 est incompatible avec la qualit\u00e9 de membre du Gouvernement dit le R\u00e8glement int\u00e9rieur de l\u2019Assembl\u00e9e nationale rappelant l\u2019article LO 155 du Code \u00e9lectoral. Par ailleurs, l\u2019article 110 dudit r\u00e8glement signale que l\u2019exercice de toute fonction publique non \u00e9lective est incompatible avec le mandat de d\u00e9put\u00e9. En cons\u00e9quence, toute personne vis\u00e9e \u00e0 l\u2019alin\u00e9a pr\u00e9c\u00e9dent \u00e9lue \u00e0 l\u2019Assembl\u00e9e nationale est remplac\u00e9e dans ses fonctions et plac\u00e9e dans la position pr\u00e9vue \u00e0 cet effet par le statut la r\u00e9gissant dans les huit jours qui suivent son entr\u00e9e en fonction, ou en cas de contestation de l\u2019\u00e9lection, dans les huit jours suivant la d\u00e9cision de validation. L\u2019exercice de fonctions confi\u00e9es par un Etat \u00e9tranger ou une organisation internationale et r\u00e9mun\u00e9r\u00e9es sur leurs fonds, est \u00e9galement incompatible avec le mandat de d\u00e9put\u00e9.&nbsp; Toutefois, les membres du personnel enseignant de l\u2019enseignement sup\u00e9rieur sont except\u00e9s des dispositions des deux premiers alin\u00e9as du pr\u00e9sent article (article LO 156 du Code \u00e9lectoral). Selon l\u2019article 112 du R\u00e8glement int\u00e9rieur de l\u2019Assembl\u00e9e nationale, sont incompatibles avec le mandat parlementaire, les fonctions de Pr\u00e9sident et de membre du Conseil d\u2019Administration, ainsi que l\u2019exercice de toute profession salari\u00e9e dans les entreprises du secteur parapublic. Il en est de m\u00eame de toutes fonctions exerc\u00e9es de fa\u00e7on permanente en qualit\u00e9 de conseil aupr\u00e8s de ces m\u00eames \u00e9tablissements ou entreprises.&nbsp; Il en est de m\u00eame de la situation d\u2019actionnaire majoritaire dans les entreprises plac\u00e9es sous le contr\u00f4le de l\u2019Etat. L\u2019incompatibilit\u00e9 \u00e9dict\u00e9e au pr\u00e9sent article ne s\u2019applique pas aux d\u00e9put\u00e9s d\u00e9sign\u00e9s en cette qualit\u00e9 comme membres du Conseil d\u2019Administration d\u2019\u00e9tablissements publics ou d\u2019entreprises plac\u00e9es sous le contr\u00f4le de l\u2019Etat, en vertu des textes organisant ces entreprises ou \u00e9tablissements (article LO 158 du Code \u00e9lectoral).&nbsp; L\u2019article 113 dudit R\u00e8glement int\u00e9rieur signale qu\u2019il est incompatible avec le mandat de d\u00e9put\u00e9, les fonctions de chef d\u2019entreprise, de pr\u00e9sident de Conseil d\u2019Administration, d\u2019administrateur d\u00e9l\u00e9gu\u00e9, de directeur g\u00e9n\u00e9ral, directeur adjoint ou g\u00e9rant, exerc\u00e9es dans les soci\u00e9t\u00e9s, entreprises ou \u00e9tablissements jouissant, sous forme de garantie d\u2019int\u00e9r\u00eats, de subvention, ou sous une forme \u00e9quivalente, d\u2019avantages assur\u00e9s par l\u2019Etat ou par une Assembl\u00e9e nationale du S\u00e9n\u00e9gal collectivit\u00e9 publique, sauf dans le cas o\u00f9 ces avantages d\u00e9coulent de l\u2019application automatique d\u2019une l\u00e9gislation g\u00e9n\u00e9rale ou d\u2019une r\u00e9glementation g\u00e9n\u00e9rale.&nbsp; Les soci\u00e9t\u00e9s ayant exclusivement un objet financier et faisant publiquement appel \u00e0 l\u2019\u00e9pargne et au cr\u00e9dit, les soci\u00e9t\u00e9s et entreprises dont l\u2019activit\u00e9 consiste principalement dans l\u2019ex\u00e9cution de travaux, la prestation de fournitures ou de services pour le compte ou sous le contr\u00f4le de l\u2019Etat, d\u2019une collectivit\u00e9 ou d\u2019un \u00e9tablissement dont plus de la moiti\u00e9 du capital social est constitu\u00e9e des participations de soci\u00e9t\u00e9s ou d\u2019entreprises ayant ces m\u00eames activit\u00e9s (article LO 159 du Code \u00e9lectoral).","og_url":"https:\/\/www.public.sn\/index.php\/2022\/09\/14\/incompatibilite-du-mandat-de-depute-a-la-qualite-de-ministre-que-prevoit-le-reglement-interieur-de-lassemblee-nationale\/","og_site_name":"LE PUBLIC","article_published_time":"2022-09-14T13:19:07+00:00","article_modified_time":"2022-09-14T14:01:30+00:00","og_image":[{"width":664,"height":443,"url":"https:\/\/www.public.sn\/wp-content\/uploads\/2022\/09\/D82EEFA6-D672-4DBB-9996-4CC90DA3ABB5.jpeg","type":"image\/jpeg"}],"author":"LA REDACTION","twitter_card":"summary_large_image","twitter_misc":{"\u00c9crit par":"LA REDACTION","Dur\u00e9e de lecture estim\u00e9e":"3 minutes"},"schema":{"@context":"https:\/\/schema.org","@graph":[{"@type":"Article","@id":"https:\/\/www.public.sn\/index.php\/2022\/09\/14\/incompatibilite-du-mandat-de-depute-a-la-qualite-de-ministre-que-prevoit-le-reglement-interieur-de-lassemblee-nationale\/#article","isPartOf":{"@id":"https:\/\/www.public.sn\/index.php\/2022\/09\/14\/incompatibilite-du-mandat-de-depute-a-la-qualite-de-ministre-que-prevoit-le-reglement-interieur-de-lassemblee-nationale\/"},"author":{"name":"LA REDACTION","@id":"https:\/\/www.public.sn\/#\/schema\/person\/e3f4a11b037d4203902db148f9bc8d5a"},"headline":"Incompatibilit\u00e9 du mandat de d\u00e9put\u00e9 \u00e0 la qualit\u00e9 de ministre: Que pr\u00e9voit le reglement int\u00e9rieur de l\u2019Assembl\u00e9e Nationale ?","datePublished":"2022-09-14T13:19:07+00:00","dateModified":"2022-09-14T14:01:30+00:00","mainEntityOfPage":{"@id":"https:\/\/www.public.sn\/index.php\/2022\/09\/14\/incompatibilite-du-mandat-de-depute-a-la-qualite-de-ministre-que-prevoit-le-reglement-interieur-de-lassemblee-nationale\/"},"wordCount":585,"commentCount":0,"publisher":{"@id":"https:\/\/www.public.sn\/#organization"},"image":{"@id":"https:\/\/www.public.sn\/index.php\/2022\/09\/14\/incompatibilite-du-mandat-de-depute-a-la-qualite-de-ministre-que-prevoit-le-reglement-interieur-de-lassemblee-nationale\/#primaryimage"},"thumbnailUrl":"https:\/\/www.public.sn\/wp-content\/uploads\/2022\/09\/D82EEFA6-D672-4DBB-9996-4CC90DA3ABB5.jpeg","keywords":["Assembl\u00e9e Nationale","Gouvernement","Macky Sall","Mandat de d\u00e9put\u00e9"],"articleSection":["ACTUALIT\u00c9S","POLITIQUE"],"inLanguage":"fr-FR","potentialAction":[{"@type":"CommentAction","name":"Comment","target":["https:\/\/www.public.sn\/index.php\/2022\/09\/14\/incompatibilite-du-mandat-de-depute-a-la-qualite-de-ministre-que-prevoit-le-reglement-interieur-de-lassemblee-nationale\/#respond"]}]},{"@type":"WebPage","@id":"https:\/\/www.public.sn\/index.php\/2022\/09\/14\/incompatibilite-du-mandat-de-depute-a-la-qualite-de-ministre-que-prevoit-le-reglement-interieur-de-lassemblee-nationale\/","url":"https:\/\/www.public.sn\/index.php\/2022\/09\/14\/incompatibilite-du-mandat-de-depute-a-la-qualite-de-ministre-que-prevoit-le-reglement-interieur-de-lassemblee-nationale\/","name":"Incompatibilit\u00e9 du mandat de d\u00e9put\u00e9 \u00e0 la qualit\u00e9 de ministre: Que pr\u00e9voit le reglement int\u00e9rieur de l\u2019Assembl\u00e9e Nationale ? - LE PUBLIC","isPartOf":{"@id":"https:\/\/www.public.sn\/#website"},"primaryImageOfPage":{"@id":"https:\/\/www.public.sn\/index.php\/2022\/09\/14\/incompatibilite-du-mandat-de-depute-a-la-qualite-de-ministre-que-prevoit-le-reglement-interieur-de-lassemblee-nationale\/#primaryimage"},"image":{"@id":"https:\/\/www.public.sn\/index.php\/2022\/09\/14\/incompatibilite-du-mandat-de-depute-a-la-qualite-de-ministre-que-prevoit-le-reglement-interieur-de-lassemblee-nationale\/#primaryimage"},"thumbnailUrl":"https:\/\/www.public.sn\/wp-content\/uploads\/2022\/09\/D82EEFA6-D672-4DBB-9996-4CC90DA3ABB5.jpeg","datePublished":"2022-09-14T13:19:07+00:00","dateModified":"2022-09-14T14:01:30+00:00","breadcrumb":{"@id":"https:\/\/www.public.sn\/index.php\/2022\/09\/14\/incompatibilite-du-mandat-de-depute-a-la-qualite-de-ministre-que-prevoit-le-reglement-interieur-de-lassemblee-nationale\/#breadcrumb"},"inLanguage":"fr-FR","potentialAction":[{"@type":"ReadAction","target":["https:\/\/www.public.sn\/index.php\/2022\/09\/14\/incompatibilite-du-mandat-de-depute-a-la-qualite-de-ministre-que-prevoit-le-reglement-interieur-de-lassemblee-nationale\/"]}]},{"@type":"ImageObject","inLanguage":"fr-FR","@id":"https:\/\/www.public.sn\/index.php\/2022\/09\/14\/incompatibilite-du-mandat-de-depute-a-la-qualite-de-ministre-que-prevoit-le-reglement-interieur-de-lassemblee-nationale\/#primaryimage","url":"https:\/\/www.public.sn\/wp-content\/uploads\/2022\/09\/D82EEFA6-D672-4DBB-9996-4CC90DA3ABB5.jpeg","contentUrl":"https:\/\/www.public.sn\/wp-content\/uploads\/2022\/09\/D82EEFA6-D672-4DBB-9996-4CC90DA3ABB5.jpeg","width":664,"height":443,"caption":"Senegalese deputies take part in the first parliamentary session since the July 2022 legislative elections, in Dakar on September 12, 2022. (Photo by CARMEN ABD ALI \/ AFP)"},{"@type":"BreadcrumbList","@id":"https:\/\/www.public.sn\/index.php\/2022\/09\/14\/incompatibilite-du-mandat-de-depute-a-la-qualite-de-ministre-que-prevoit-le-reglement-interieur-de-lassemblee-nationale\/#breadcrumb","itemListElement":[{"@type":"ListItem","position":1,"name":"Accueil","item":"https:\/\/www.public.sn\/"},{"@type":"ListItem","position":2,"name":"Incompatibilit\u00e9 du mandat de d\u00e9put\u00e9 \u00e0 la qualit\u00e9 de ministre: Que pr\u00e9voit le reglement int\u00e9rieur de l\u2019Assembl\u00e9e Nationale ?"}]},{"@type":"WebSite","@id":"https:\/\/www.public.sn\/#website","url":"https:\/\/www.public.sn\/","name":"LE PUBLIC","description":"","publisher":{"@id":"https:\/\/www.public.sn\/#organization"},"potentialAction":[{"@type":"SearchAction","target":{"@type":"EntryPoint","urlTemplate":"https:\/\/www.public.sn\/?s={search_term_string}"},"query-input":{"@type":"PropertyValueSpecification","valueRequired":true,"valueName":"search_term_string"}}],"inLanguage":"fr-FR"},{"@type":"Organization","@id":"https:\/\/www.public.sn\/#organization","name":"LE PUBLIC","url":"https:\/\/www.public.sn\/","logo":{"@type":"ImageObject","inLanguage":"fr-FR","@id":"https:\/\/www.public.sn\/#\/schema\/logo\/image\/","url":"https:\/\/www.public.sn\/wp-content\/uploads\/2024\/05\/cropped-LOGO-PUBLIC.SN_.png","contentUrl":"https:\/\/www.public.sn\/wp-content\/uploads\/2024\/05\/cropped-LOGO-PUBLIC.SN_.png","width":682,"height":192,"caption":"LE PUBLIC"},"image":{"@id":"https:\/\/www.public.sn\/#\/schema\/logo\/image\/"}},{"@type":"Person","@id":"https:\/\/www.public.sn\/#\/schema\/person\/e3f4a11b037d4203902db148f9bc8d5a","name":"LA REDACTION","image":{"@type":"ImageObject","inLanguage":"fr-FR","@id":"https:\/\/www.public.sn\/#\/schema\/person\/image\/","url":"https:\/\/secure.gravatar.com\/avatar\/d6c030db45db2883c075085c5d6c6258654a801a93766b49af0b82d4f454e2a5?s=96&d=mm&r=g","contentUrl":"https:\/\/secure.gravatar.com\/avatar\/d6c030db45db2883c075085c5d6c6258654a801a93766b49af0b82d4f454e2a5?s=96&d=mm&r=g","caption":"LA REDACTION"},"sameAs":["http:\/\/www.public.sn"],"url":"https:\/\/www.public.sn\/index.php\/author\/admin7324\/"}]}},"jetpack_featured_media_url":"https:\/\/www.public.sn\/wp-content\/uploads\/2022\/09\/D82EEFA6-D672-4DBB-9996-4CC90DA3ABB5.jpeg","jetpack_sharing_enabled":true,"_links":{"self":[{"href":"https:\/\/www.public.sn\/index.php\/wp-json\/wp\/v2\/posts\/1980","targetHints":{"allow":["GET"]}}],"collection":[{"href":"https:\/\/www.public.sn\/index.php\/wp-json\/wp\/v2\/posts"}],"about":[{"href":"https:\/\/www.public.sn\/index.php\/wp-json\/wp\/v2\/types\/post"}],"author":[{"embeddable":true,"href":"https:\/\/www.public.sn\/index.php\/wp-json\/wp\/v2\/users\/1"}],"replies":[{"embeddable":true,"href":"https:\/\/www.public.sn\/index.php\/wp-json\/wp\/v2\/comments?post=1980"}],"version-history":[{"count":2,"href":"https:\/\/www.public.sn\/index.php\/wp-json\/wp\/v2\/posts\/1980\/revisions"}],"predecessor-version":[{"id":1984,"href":"https:\/\/www.public.sn\/index.php\/wp-json\/wp\/v2\/posts\/1980\/revisions\/1984"}],"wp:featuredmedia":[{"embeddable":true,"href":"https:\/\/www.public.sn\/index.php\/wp-json\/wp\/v2\/media\/1981"}],"wp:attachment":[{"href":"https:\/\/www.public.sn\/index.php\/wp-json\/wp\/v2\/media?parent=1980"}],"wp:term":[{"taxonomy":"category","embeddable":true,"href":"https:\/\/www.public.sn\/index.php\/wp-json\/wp\/v2\/categories?post=1980"},{"taxonomy":"post_tag","embeddable":true,"href":"https:\/\/www.public.sn\/index.php\/wp-json\/wp\/v2\/tags?post=1980"}],"curies":[{"name":"wp","href":"https:\/\/api.w.org\/{rel}","templated":true}]}}