{"id":19856,"date":"2023-04-14T17:02:23","date_gmt":"2023-04-14T17:02:23","guid":{"rendered":"https:\/\/www.public.sn\/?p=19856"},"modified":"2023-04-14T17:58:22","modified_gmt":"2023-04-14T17:58:22","slug":"presidentielle-2024-ce-que-idrissa-seck-pense-de-la-candidature-de-macky-sall","status":"publish","type":"post","link":"https:\/\/www.public.sn\/index.php\/2023\/04\/14\/presidentielle-2024-ce-que-idrissa-seck-pense-de-la-candidature-de-macky-sall\/","title":{"rendered":"Pr\u00e9sidentielle 2024 \/  candidature de Macky Sall : Ce que Idrissa Seck en pense"},"content":{"rendered":"<p><strong>Comme il l&rsquo;avait annonc\u00e9, Idrissa Seck tient pr\u00e9sentement un point de presse dans son fief (Thi\u00e8s). Le leader de rewmi s&rsquo;est exprim\u00e9 sur la candidature de Macky Sall qui fait couler beaucoup de salives et d&rsquo;encre.<\/strong><\/p><div class=\"publi-paragraphe1\" style=\"margin-top: 10px;margin-bottom: 10px;margin-left: auto;margin-right: auto;text-align: center;\" id=\"publi-3197022470\"><div class=\"publi-adlabel\">Publicit\u00e9<\/div><script async src=\"\/\/pagead2.googlesyndication.com\/pagead\/js\/adsbygoogle.js?client=ca-pub-4089586018074219\" crossorigin=\"anonymous\"><\/script><ins class=\"adsbygoogle\" style=\"display:block;\" data-ad-client=\"ca-pub-4089586018074219\" \ndata-ad-slot=\"2087940154\" \ndata-ad-format=\"auto\"><\/ins>\n<script> \n(adsbygoogle = window.adsbygoogle || []).push({}); \n<\/script>\n<\/div>\n<p>\u00ab Je vous connais, vous mes amis journalistes, je sais pourquoi vous \u00eates l\u00e0. Dites la v\u00e9rit\u00e9, vous voulez savoir ma position sur un possible troisi\u00e8me mandat de Macky Sall ? Vous voulez savoir si je suis candidat \u00e0 la pr\u00e9sidentielle, oui ou non ? \u00bb a d\u00e9clar\u00e9 Idrissa Seck.<\/p>\n<p>Poursuivant, il a fait durer le suspense, car au lieu de r\u00e9pondre directement \u00e0 ces questions, Idrissa Seck s\u2019est fendu d\u2019un rire, accompagn\u00e9 par ses militants autour de lui : \u00ab Je ne vais pas aborder le sujet du troisi\u00e8me mandat, je ne vais pas non plus annoncer ma candidature, du moins pour aujourd\u2019hui. \u00bb<\/p>\n<p>\u00ab Oui, vous allez devoir attendre. Vous savez pourquoi il faut attendre ? Car on ne conna\u00eet pas encore les intentions du pr\u00e9sident Macky Sall. Macky Sall est un berger, car il y a un adage qui dit \u2018Balangay oup gu\u00e9mignou samm, dangay kham loumou weuliss\u2019. dans un autre fran\u00e7ais \u2018Parler \u00e0 tort et \u00e0 travers\u2018. alors que Macky Sall ne donne aucune indication sur ses intentions, donc puisque nous ne connaissons pas ses intentions, il va nous falloir attendre le moment venu. \u00bb<\/p>\n<p>C\u2019est peut-\u00eatre donc une d\u00e9ception pour tous les militants et les observateurs qui attendaient qu\u2019Idrissa Seck annonce sa candidature. Dans un article publi\u00e9 ce matin sur Senego, citant le journal Les \u00c9chos, un proche anonyme avait annonc\u00e9 qu\u2019Idrissa Seck allait officialiser sa candidature.<\/p>\n<div class=\"publi-apres-le-contenu\" style=\"margin-top: 10px;margin-bottom: 10px;margin-left: auto;margin-right: auto;text-align: center;\" id=\"publi-272822940\"><div class=\"publi-adlabel\">Publicit\u00e9<\/div><script async src=\"\/\/pagead2.googlesyndication.com\/pagead\/js\/adsbygoogle.js?client=ca-pub-4089586018074219\" crossorigin=\"anonymous\"><\/script><ins class=\"adsbygoogle\" style=\"display:block;\" data-ad-client=\"ca-pub-4089586018074219\" \ndata-ad-slot=\"2087940154\" \ndata-ad-format=\"auto\"><\/ins>\n<script> \n(adsbygoogle = window.adsbygoogle || []).push({}); \n<\/script>\n<\/div>","protected":false},"excerpt":{"rendered":"<p>Comme il l&rsquo;avait annonc\u00e9, Idrissa Seck tient pr\u00e9sentement un point de presse dans son fief (Thi\u00e8s). Le leader de rewmi s&rsquo;est exprim\u00e9 sur la candidature de Macky Sall qui fait couler beaucoup de salives et d&rsquo;encre. \u00ab Je vous connais, vous mes amis journalistes, je sais pourquoi vous \u00eates l\u00e0. Dites la v\u00e9rit\u00e9, vous voulez savoir ma position sur un possible troisi\u00e8me mandat de Macky Sall ? Vous voulez savoir si je suis candidat \u00e0 la pr\u00e9sidentielle, oui ou non ? \u00bb a d\u00e9clar\u00e9 Idrissa Seck. Poursuivant, il a fait durer le suspense, car au lieu de r\u00e9pondre directement \u00e0 ces questions, Idrissa Seck s\u2019est fendu d\u2019un rire, accompagn\u00e9 par ses militants autour de lui : \u00ab Je ne vais pas aborder le sujet du troisi\u00e8me mandat, je ne vais pas non plus annoncer ma candidature, du moins pour aujourd\u2019hui. \u00bb \u00ab Oui, vous allez devoir attendre. Vous savez pourquoi il faut attendre ? Car on ne conna\u00eet pas encore les intentions du pr\u00e9sident Macky Sall. Macky Sall est un berger, car il y a un adage qui dit \u2018Balangay oup gu\u00e9mignou samm, dangay kham loumou weuliss\u2019. dans un autre fran\u00e7ais \u2018Parler \u00e0 tort et \u00e0 travers\u2018. alors que Macky Sall ne donne aucune indication sur ses intentions, donc puisque nous ne connaissons pas ses intentions, il va nous falloir attendre le moment venu. \u00bb C\u2019est peut-\u00eatre donc une d\u00e9ception pour tous les militants et les observateurs qui attendaient qu\u2019Idrissa Seck annonce sa candidature. Dans un article publi\u00e9 ce matin sur Senego, citant le journal Les \u00c9chos, un proche anonyme avait annonc\u00e9 qu\u2019Idrissa Seck allait officialiser sa candidature.<\/p>\n","protected":false},"author":1,"featured_media":18830,"comment_status":"open","ping_status":"open","sticky":false,"template":"","format":"standard","meta":{"_jetpack_memberships_contains_paid_content":false,"footnotes":""},"categories":[375,3,1],"tags":[5104,11,20],"class_list":["post-19856","post","type-post","status-publish","format-standard","has-post-thumbnail","hentry","category-actualites","category-politique","category-non-classe","tag-irdissa-seck","tag-macky-sall","tag-presidentielle-2024","entry","has-media","owp-thumbs-layout-horizontal","owp-btn-normal","owp-tabs-layout-horizontal","has-no-thumbnails","has-product-nav"],"yoast_head":"<!-- This site is optimized with the Yoast SEO plugin v25.5 - https:\/\/yoast.com\/wordpress\/plugins\/seo\/ -->\n<title>Pr\u00e9sidentielle 2024 \/ candidature de Macky Sall : Ce que Idrissa Seck en pense - LE PUBLIC<\/title>\n<meta name=\"description\" content=\"Comme il l&#039;avait annonc\u00e9, Idrissa Seck tient pr\u00e9sentement un point de presse dans son fief (Thi\u00e8s). Le leader de rewmi s&#039;est exprim\u00e9 sur la candidature de Macky Sall qui fait couler beaucoup de salives et d&#039;encre.\" \/>\n<meta name=\"robots\" content=\"index, follow, max-snippet:-1, max-image-preview:large, max-video-preview:-1\" \/>\n<link rel=\"canonical\" href=\"https:\/\/www.public.sn\/index.php\/2023\/04\/14\/presidentielle-2024-ce-que-idrissa-seck-pense-de-la-candidature-de-macky-sall\/\" \/>\n<meta property=\"og:locale\" content=\"fr_FR\" \/>\n<meta property=\"og:type\" content=\"article\" \/>\n<meta property=\"og:title\" content=\"Pr\u00e9sidentielle 2024 \/ candidature de Macky Sall : Ce que Idrissa Seck en pense - LE PUBLIC\" \/>\n<meta property=\"og:description\" content=\"Comme il l&#039;avait annonc\u00e9, Idrissa Seck tient pr\u00e9sentement un point de presse dans son fief (Thi\u00e8s). Le leader de rewmi s&#039;est exprim\u00e9 sur la candidature de Macky Sall qui fait couler beaucoup de salives et d&#039;encre.\" \/>\n<meta property=\"og:url\" content=\"https:\/\/www.public.sn\/index.php\/2023\/04\/14\/presidentielle-2024-ce-que-idrissa-seck-pense-de-la-candidature-de-macky-sall\/\" \/>\n<meta property=\"og:site_name\" content=\"LE PUBLIC\" \/>\n<meta property=\"article:published_time\" content=\"2023-04-14T17:02:23+00:00\" \/>\n<meta property=\"article:modified_time\" content=\"2023-04-14T17:58:22+00:00\" \/>\n<meta property=\"og:image\" content=\"https:\/\/www.public.sn\/wp-content\/uploads\/2023\/03\/idrissa-seck-1.jpg\" \/>\n\t<meta property=\"og:image:width\" content=\"650\" \/>\n\t<meta property=\"og:image:height\" content=\"394\" \/>\n\t<meta property=\"og:image:type\" content=\"image\/jpeg\" \/>\n<meta name=\"author\" content=\"LA REDACTION\" \/>\n<meta name=\"twitter:card\" content=\"summary_large_image\" \/>\n<meta name=\"twitter:label1\" content=\"\u00c9crit par\" \/>\n\t<meta name=\"twitter:data1\" content=\"LA REDACTION\" \/>\n\t<meta name=\"twitter:label2\" content=\"Dur\u00e9e de lecture estim\u00e9e\" \/>\n\t<meta name=\"twitter:data2\" content=\"2 minutes\" \/>\n<script type=\"application\/ld+json\" class=\"yoast-schema-graph\">{\"@context\":\"https:\/\/schema.org\",\"@graph\":[{\"@type\":\"Article\",\"@id\":\"https:\/\/www.public.sn\/index.php\/2023\/04\/14\/presidentielle-2024-ce-que-idrissa-seck-pense-de-la-candidature-de-macky-sall\/#article\",\"isPartOf\":{\"@id\":\"https:\/\/www.public.sn\/index.php\/2023\/04\/14\/presidentielle-2024-ce-que-idrissa-seck-pense-de-la-candidature-de-macky-sall\/\"},\"author\":{\"name\":\"LA REDACTION\",\"@id\":\"https:\/\/www.public.sn\/#\/schema\/person\/e3f4a11b037d4203902db148f9bc8d5a\"},\"headline\":\"Pr\u00e9sidentielle 2024 \/ candidature de Macky Sall : Ce que Idrissa Seck en pense\",\"datePublished\":\"2023-04-14T17:02:23+00:00\",\"dateModified\":\"2023-04-14T17:58:22+00:00\",\"mainEntityOfPage\":{\"@id\":\"https:\/\/www.public.sn\/index.php\/2023\/04\/14\/presidentielle-2024-ce-que-idrissa-seck-pense-de-la-candidature-de-macky-sall\/\"},\"wordCount\":286,\"commentCount\":0,\"publisher\":{\"@id\":\"https:\/\/www.public.sn\/#organization\"},\"image\":{\"@id\":\"https:\/\/www.public.sn\/index.php\/2023\/04\/14\/presidentielle-2024-ce-que-idrissa-seck-pense-de-la-candidature-de-macky-sall\/#primaryimage\"},\"thumbnailUrl\":\"https:\/\/www.public.sn\/wp-content\/uploads\/2023\/03\/idrissa-seck-1.jpg\",\"keywords\":[\"Irdissa Seck\",\"Macky Sall\",\"Pr\u00e9sidentielle 2024\"],\"articleSection\":[\"ACTUALIT\u00c9S\",\"POLITIQUE\",\"S\u00c9N\u00c9GAL\"],\"inLanguage\":\"fr-FR\",\"potentialAction\":[{\"@type\":\"CommentAction\",\"name\":\"Comment\",\"target\":[\"https:\/\/www.public.sn\/index.php\/2023\/04\/14\/presidentielle-2024-ce-que-idrissa-seck-pense-de-la-candidature-de-macky-sall\/#respond\"]}]},{\"@type\":\"WebPage\",\"@id\":\"https:\/\/www.public.sn\/index.php\/2023\/04\/14\/presidentielle-2024-ce-que-idrissa-seck-pense-de-la-candidature-de-macky-sall\/\",\"url\":\"https:\/\/www.public.sn\/index.php\/2023\/04\/14\/presidentielle-2024-ce-que-idrissa-seck-pense-de-la-candidature-de-macky-sall\/\",\"name\":\"Pr\u00e9sidentielle 2024 \/ candidature de Macky Sall : Ce que Idrissa Seck en pense - LE PUBLIC\",\"isPartOf\":{\"@id\":\"https:\/\/www.public.sn\/#website\"},\"primaryImageOfPage\":{\"@id\":\"https:\/\/www.public.sn\/index.php\/2023\/04\/14\/presidentielle-2024-ce-que-idrissa-seck-pense-de-la-candidature-de-macky-sall\/#primaryimage\"},\"image\":{\"@id\":\"https:\/\/www.public.sn\/index.php\/2023\/04\/14\/presidentielle-2024-ce-que-idrissa-seck-pense-de-la-candidature-de-macky-sall\/#primaryimage\"},\"thumbnailUrl\":\"https:\/\/www.public.sn\/wp-content\/uploads\/2023\/03\/idrissa-seck-1.jpg\",\"datePublished\":\"2023-04-14T17:02:23+00:00\",\"dateModified\":\"2023-04-14T17:58:22+00:00\",\"description\":\"Comme il l'avait annonc\u00e9, Idrissa Seck tient pr\u00e9sentement un point de presse dans son fief (Thi\u00e8s). Le leader de rewmi s'est exprim\u00e9 sur la candidature de Macky Sall qui fait couler beaucoup de salives et d'encre.\",\"breadcrumb\":{\"@id\":\"https:\/\/www.public.sn\/index.php\/2023\/04\/14\/presidentielle-2024-ce-que-idrissa-seck-pense-de-la-candidature-de-macky-sall\/#breadcrumb\"},\"inLanguage\":\"fr-FR\",\"potentialAction\":[{\"@type\":\"ReadAction\",\"target\":[\"https:\/\/www.public.sn\/index.php\/2023\/04\/14\/presidentielle-2024-ce-que-idrissa-seck-pense-de-la-candidature-de-macky-sall\/\"]}]},{\"@type\":\"ImageObject\",\"inLanguage\":\"fr-FR\",\"@id\":\"https:\/\/www.public.sn\/index.php\/2023\/04\/14\/presidentielle-2024-ce-que-idrissa-seck-pense-de-la-candidature-de-macky-sall\/#primaryimage\",\"url\":\"https:\/\/www.public.sn\/wp-content\/uploads\/2023\/03\/idrissa-seck-1.jpg\",\"contentUrl\":\"https:\/\/www.public.sn\/wp-content\/uploads\/2023\/03\/idrissa-seck-1.jpg\",\"width\":650,\"height\":394},{\"@type\":\"BreadcrumbList\",\"@id\":\"https:\/\/www.public.sn\/index.php\/2023\/04\/14\/presidentielle-2024-ce-que-idrissa-seck-pense-de-la-candidature-de-macky-sall\/#breadcrumb\",\"itemListElement\":[{\"@type\":\"ListItem\",\"position\":1,\"name\":\"Accueil\",\"item\":\"https:\/\/www.public.sn\/\"},{\"@type\":\"ListItem\",\"position\":2,\"name\":\"Pr\u00e9sidentielle 2024 \/ candidature de Macky Sall : Ce que Idrissa Seck en pense\"}]},{\"@type\":\"WebSite\",\"@id\":\"https:\/\/www.public.sn\/#website\",\"url\":\"https:\/\/www.public.sn\/\",\"name\":\"LE PUBLIC\",\"description\":\"\",\"publisher\":{\"@id\":\"https:\/\/www.public.sn\/#organization\"},\"potentialAction\":[{\"@type\":\"SearchAction\",\"target\":{\"@type\":\"EntryPoint\",\"urlTemplate\":\"https:\/\/www.public.sn\/?s={search_term_string}\"},\"query-input\":{\"@type\":\"PropertyValueSpecification\",\"valueRequired\":true,\"valueName\":\"search_term_string\"}}],\"inLanguage\":\"fr-FR\"},{\"@type\":\"Organization\",\"@id\":\"https:\/\/www.public.sn\/#organization\",\"name\":\"LE PUBLIC\",\"url\":\"https:\/\/www.public.sn\/\",\"logo\":{\"@type\":\"ImageObject\",\"inLanguage\":\"fr-FR\",\"@id\":\"https:\/\/www.public.sn\/#\/schema\/logo\/image\/\",\"url\":\"https:\/\/www.public.sn\/wp-content\/uploads\/2024\/05\/cropped-LOGO-PUBLIC.SN_.png\",\"contentUrl\":\"https:\/\/www.public.sn\/wp-content\/uploads\/2024\/05\/cropped-LOGO-PUBLIC.SN_.png\",\"width\":682,\"height\":192,\"caption\":\"LE PUBLIC\"},\"image\":{\"@id\":\"https:\/\/www.public.sn\/#\/schema\/logo\/image\/\"}},{\"@type\":\"Person\",\"@id\":\"https:\/\/www.public.sn\/#\/schema\/person\/e3f4a11b037d4203902db148f9bc8d5a\",\"name\":\"LA REDACTION\",\"image\":{\"@type\":\"ImageObject\",\"inLanguage\":\"fr-FR\",\"@id\":\"https:\/\/www.public.sn\/#\/schema\/person\/image\/\",\"url\":\"https:\/\/secure.gravatar.com\/avatar\/d6c030db45db2883c075085c5d6c6258654a801a93766b49af0b82d4f454e2a5?s=96&d=mm&r=g\",\"contentUrl\":\"https:\/\/secure.gravatar.com\/avatar\/d6c030db45db2883c075085c5d6c6258654a801a93766b49af0b82d4f454e2a5?s=96&d=mm&r=g\",\"caption\":\"LA REDACTION\"},\"sameAs\":[\"http:\/\/www.public.sn\"],\"url\":\"https:\/\/www.public.sn\/index.php\/author\/admin7324\/\"}]}<\/script>\n<!-- \/ Yoast SEO plugin. -->","yoast_head_json":{"title":"Pr\u00e9sidentielle 2024 \/ candidature de Macky Sall : Ce que Idrissa Seck en pense - LE PUBLIC","description":"Comme il l'avait annonc\u00e9, Idrissa Seck tient pr\u00e9sentement un point de presse dans son fief (Thi\u00e8s). Le leader de rewmi s'est exprim\u00e9 sur la candidature de Macky Sall qui fait couler beaucoup de salives et d'encre.","robots":{"index":"index","follow":"follow","max-snippet":"max-snippet:-1","max-image-preview":"max-image-preview:large","max-video-preview":"max-video-preview:-1"},"canonical":"https:\/\/www.public.sn\/index.php\/2023\/04\/14\/presidentielle-2024-ce-que-idrissa-seck-pense-de-la-candidature-de-macky-sall\/","og_locale":"fr_FR","og_type":"article","og_title":"Pr\u00e9sidentielle 2024 \/ candidature de Macky Sall : Ce que Idrissa Seck en pense - LE PUBLIC","og_description":"Comme il l'avait annonc\u00e9, Idrissa Seck tient pr\u00e9sentement un point de presse dans son fief (Thi\u00e8s). Le leader de rewmi s'est exprim\u00e9 sur la candidature de Macky Sall qui fait couler beaucoup de salives et d'encre.","og_url":"https:\/\/www.public.sn\/index.php\/2023\/04\/14\/presidentielle-2024-ce-que-idrissa-seck-pense-de-la-candidature-de-macky-sall\/","og_site_name":"LE PUBLIC","article_published_time":"2023-04-14T17:02:23+00:00","article_modified_time":"2023-04-14T17:58:22+00:00","og_image":[{"width":650,"height":394,"url":"https:\/\/www.public.sn\/wp-content\/uploads\/2023\/03\/idrissa-seck-1.jpg","type":"image\/jpeg"}],"author":"LA REDACTION","twitter_card":"summary_large_image","twitter_misc":{"\u00c9crit par":"LA REDACTION","Dur\u00e9e de lecture estim\u00e9e":"2 minutes"},"schema":{"@context":"https:\/\/schema.org","@graph":[{"@type":"Article","@id":"https:\/\/www.public.sn\/index.php\/2023\/04\/14\/presidentielle-2024-ce-que-idrissa-seck-pense-de-la-candidature-de-macky-sall\/#article","isPartOf":{"@id":"https:\/\/www.public.sn\/index.php\/2023\/04\/14\/presidentielle-2024-ce-que-idrissa-seck-pense-de-la-candidature-de-macky-sall\/"},"author":{"name":"LA REDACTION","@id":"https:\/\/www.public.sn\/#\/schema\/person\/e3f4a11b037d4203902db148f9bc8d5a"},"headline":"Pr\u00e9sidentielle 2024 \/ candidature de Macky Sall : Ce que Idrissa Seck en pense","datePublished":"2023-04-14T17:02:23+00:00","dateModified":"2023-04-14T17:58:22+00:00","mainEntityOfPage":{"@id":"https:\/\/www.public.sn\/index.php\/2023\/04\/14\/presidentielle-2024-ce-que-idrissa-seck-pense-de-la-candidature-de-macky-sall\/"},"wordCount":286,"commentCount":0,"publisher":{"@id":"https:\/\/www.public.sn\/#organization"},"image":{"@id":"https:\/\/www.public.sn\/index.php\/2023\/04\/14\/presidentielle-2024-ce-que-idrissa-seck-pense-de-la-candidature-de-macky-sall\/#primaryimage"},"thumbnailUrl":"https:\/\/www.public.sn\/wp-content\/uploads\/2023\/03\/idrissa-seck-1.jpg","keywords":["Irdissa Seck","Macky Sall","Pr\u00e9sidentielle 2024"],"articleSection":["ACTUALIT\u00c9S","POLITIQUE","S\u00c9N\u00c9GAL"],"inLanguage":"fr-FR","potentialAction":[{"@type":"CommentAction","name":"Comment","target":["https:\/\/www.public.sn\/index.php\/2023\/04\/14\/presidentielle-2024-ce-que-idrissa-seck-pense-de-la-candidature-de-macky-sall\/#respond"]}]},{"@type":"WebPage","@id":"https:\/\/www.public.sn\/index.php\/2023\/04\/14\/presidentielle-2024-ce-que-idrissa-seck-pense-de-la-candidature-de-macky-sall\/","url":"https:\/\/www.public.sn\/index.php\/2023\/04\/14\/presidentielle-2024-ce-que-idrissa-seck-pense-de-la-candidature-de-macky-sall\/","name":"Pr\u00e9sidentielle 2024 \/ candidature de Macky Sall : Ce que Idrissa Seck en pense - LE PUBLIC","isPartOf":{"@id":"https:\/\/www.public.sn\/#website"},"primaryImageOfPage":{"@id":"https:\/\/www.public.sn\/index.php\/2023\/04\/14\/presidentielle-2024-ce-que-idrissa-seck-pense-de-la-candidature-de-macky-sall\/#primaryimage"},"image":{"@id":"https:\/\/www.public.sn\/index.php\/2023\/04\/14\/presidentielle-2024-ce-que-idrissa-seck-pense-de-la-candidature-de-macky-sall\/#primaryimage"},"thumbnailUrl":"https:\/\/www.public.sn\/wp-content\/uploads\/2023\/03\/idrissa-seck-1.jpg","datePublished":"2023-04-14T17:02:23+00:00","dateModified":"2023-04-14T17:58:22+00:00","description":"Comme il l'avait annonc\u00e9, Idrissa Seck tient pr\u00e9sentement un point de presse dans son fief (Thi\u00e8s). Le leader de rewmi s'est exprim\u00e9 sur la candidature de Macky Sall qui fait couler beaucoup de salives et d'encre.","breadcrumb":{"@id":"https:\/\/www.public.sn\/index.php\/2023\/04\/14\/presidentielle-2024-ce-que-idrissa-seck-pense-de-la-candidature-de-macky-sall\/#breadcrumb"},"inLanguage":"fr-FR","potentialAction":[{"@type":"ReadAction","target":["https:\/\/www.public.sn\/index.php\/2023\/04\/14\/presidentielle-2024-ce-que-idrissa-seck-pense-de-la-candidature-de-macky-sall\/"]}]},{"@type":"ImageObject","inLanguage":"fr-FR","@id":"https:\/\/www.public.sn\/index.php\/2023\/04\/14\/presidentielle-2024-ce-que-idrissa-seck-pense-de-la-candidature-de-macky-sall\/#primaryimage","url":"https:\/\/www.public.sn\/wp-content\/uploads\/2023\/03\/idrissa-seck-1.jpg","contentUrl":"https:\/\/www.public.sn\/wp-content\/uploads\/2023\/03\/idrissa-seck-1.jpg","width":650,"height":394},{"@type":"BreadcrumbList","@id":"https:\/\/www.public.sn\/index.php\/2023\/04\/14\/presidentielle-2024-ce-que-idrissa-seck-pense-de-la-candidature-de-macky-sall\/#breadcrumb","itemListElement":[{"@type":"ListItem","position":1,"name":"Accueil","item":"https:\/\/www.public.sn\/"},{"@type":"ListItem","position":2,"name":"Pr\u00e9sidentielle 2024 \/ candidature de Macky Sall : Ce que Idrissa Seck en pense"}]},{"@type":"WebSite","@id":"https:\/\/www.public.sn\/#website","url":"https:\/\/www.public.sn\/","name":"LE PUBLIC","description":"","publisher":{"@id":"https:\/\/www.public.sn\/#organization"},"potentialAction":[{"@type":"SearchAction","target":{"@type":"EntryPoint","urlTemplate":"https:\/\/www.public.sn\/?s={search_term_string}"},"query-input":{"@type":"PropertyValueSpecification","valueRequired":true,"valueName":"search_term_string"}}],"inLanguage":"fr-FR"},{"@type":"Organization","@id":"https:\/\/www.public.sn\/#organization","name":"LE PUBLIC","url":"https:\/\/www.public.sn\/","logo":{"@type":"ImageObject","inLanguage":"fr-FR","@id":"https:\/\/www.public.sn\/#\/schema\/logo\/image\/","url":"https:\/\/www.public.sn\/wp-content\/uploads\/2024\/05\/cropped-LOGO-PUBLIC.SN_.png","contentUrl":"https:\/\/www.public.sn\/wp-content\/uploads\/2024\/05\/cropped-LOGO-PUBLIC.SN_.png","width":682,"height":192,"caption":"LE PUBLIC"},"image":{"@id":"https:\/\/www.public.sn\/#\/schema\/logo\/image\/"}},{"@type":"Person","@id":"https:\/\/www.public.sn\/#\/schema\/person\/e3f4a11b037d4203902db148f9bc8d5a","name":"LA REDACTION","image":{"@type":"ImageObject","inLanguage":"fr-FR","@id":"https:\/\/www.public.sn\/#\/schema\/person\/image\/","url":"https:\/\/secure.gravatar.com\/avatar\/d6c030db45db2883c075085c5d6c6258654a801a93766b49af0b82d4f454e2a5?s=96&d=mm&r=g","contentUrl":"https:\/\/secure.gravatar.com\/avatar\/d6c030db45db2883c075085c5d6c6258654a801a93766b49af0b82d4f454e2a5?s=96&d=mm&r=g","caption":"LA REDACTION"},"sameAs":["http:\/\/www.public.sn"],"url":"https:\/\/www.public.sn\/index.php\/author\/admin7324\/"}]}},"jetpack_featured_media_url":"https:\/\/www.public.sn\/wp-content\/uploads\/2023\/03\/idrissa-seck-1.jpg","jetpack_sharing_enabled":true,"_links":{"self":[{"href":"https:\/\/www.public.sn\/index.php\/wp-json\/wp\/v2\/posts\/19856","targetHints":{"allow":["GET"]}}],"collection":[{"href":"https:\/\/www.public.sn\/index.php\/wp-json\/wp\/v2\/posts"}],"about":[{"href":"https:\/\/www.public.sn\/index.php\/wp-json\/wp\/v2\/types\/post"}],"author":[{"embeddable":true,"href":"https:\/\/www.public.sn\/index.php\/wp-json\/wp\/v2\/users\/1"}],"replies":[{"embeddable":true,"href":"https:\/\/www.public.sn\/index.php\/wp-json\/wp\/v2\/comments?post=19856"}],"version-history":[{"count":2,"href":"https:\/\/www.public.sn\/index.php\/wp-json\/wp\/v2\/posts\/19856\/revisions"}],"predecessor-version":[{"id":19867,"href":"https:\/\/www.public.sn\/index.php\/wp-json\/wp\/v2\/posts\/19856\/revisions\/19867"}],"wp:featuredmedia":[{"embeddable":true,"href":"https:\/\/www.public.sn\/index.php\/wp-json\/wp\/v2\/media\/18830"}],"wp:attachment":[{"href":"https:\/\/www.public.sn\/index.php\/wp-json\/wp\/v2\/media?parent=19856"}],"wp:term":[{"taxonomy":"category","embeddable":true,"href":"https:\/\/www.public.sn\/index.php\/wp-json\/wp\/v2\/categories?post=19856"},{"taxonomy":"post_tag","embeddable":true,"href":"https:\/\/www.public.sn\/index.php\/wp-json\/wp\/v2\/tags?post=19856"}],"curies":[{"name":"wp","href":"https:\/\/api.w.org\/{rel}","templated":true}]}}