{"id":19894,"date":"2023-04-15T10:35:05","date_gmt":"2023-04-15T10:35:05","guid":{"rendered":"https:\/\/www.public.sn\/?p=19894"},"modified":"2023-04-15T10:35:05","modified_gmt":"2023-04-15T10:35:05","slug":"diffusion-de-fausses-nouvelles-et-loutrage-a-magistrat-bassirou-diomaye-faye-arrete-et-place-en-garde-a-vue","status":"publish","type":"post","link":"https:\/\/www.public.sn\/index.php\/2023\/04\/15\/diffusion-de-fausses-nouvelles-et-loutrage-a-magistrat-bassirou-diomaye-faye-arrete-et-place-en-garde-a-vue\/","title":{"rendered":"\u00ab Diffusion de fausses nouvelles et l\u2019outrage \u00e0 magistrat \u00bb: Bassirou Diomaye Faye arr\u00eat\u00e9 et plac\u00e9 en garde \u00e0 vue"},"content":{"rendered":"<p>Arr\u00eat\u00e9 par la Direction des investigations criminelles DGID, le charg\u00e9 de la coordination des cadres du parti Pastef Bassirou Diomaye Faye est actuellement plac\u00e9 en garde \u00e0 vue suite \u00e0 son arrestation hier, devant la direction g\u00e9n\u00e9rale des imp\u00f4ts et des domaines,\u00a0 tard dans la nuit. Pour ce qui concerne les charges retenues contre le collaborateur du leader du Pastef, Me Khoureychi B\u00e2 annonce : la diffamation sur un corps constitu\u00e9, la diffusion de fausses nouvelles et l\u2019outrage \u00e0 magistrat ceux sont les faits qui son reproch\u00e9 \u00e0 son client. Sur ce, Le Procureur s&rsquo;est auto-saisi suite \u00e0 cette publication, activant la Division des investigations criminelles (Dic), pour proc\u00e9der \u00e0 son arrestation.\u00a0 A cet effet, les limiers s&rsquo;\u00e9taient rendus au domicile du mis en cause pour remettre une convocation avec mention r\u00e9pondre d\u00e8s r\u00e9ception mais M. Faye ne se trouvait pas sur les lieux.\u00a0 Toutefois, Bassirou Diomaye Faye qui venait \u00a0alors de sortir de son bureau a crois\u00e9 les \u00e9l\u00e9ments de la DIC qui l\u2019ont invit\u00e9 \u00e0 les suivre. Chose qui n&rsquo;\u00e9tait pas facile pour le Past\u00e9fien malmen\u00e9 par les \u00e9l\u00e9ments de la division des investigations criminelles.<\/p><div class=\"publi-paragraphe1\" style=\"margin-top: 10px;margin-bottom: 10px;margin-left: auto;margin-right: auto;text-align: center;\" id=\"publi-309420871\"><div class=\"publi-adlabel\">Publicit\u00e9<\/div><script async src=\"\/\/pagead2.googlesyndication.com\/pagead\/js\/adsbygoogle.js?client=ca-pub-4089586018074219\" crossorigin=\"anonymous\"><\/script><ins class=\"adsbygoogle\" style=\"display:block;\" data-ad-client=\"ca-pub-4089586018074219\" \ndata-ad-slot=\"2087940154\" \ndata-ad-format=\"auto\"><\/ins>\n<script> \n(adsbygoogle = window.adsbygoogle || []).push({}); \n<\/script>\n<\/div>\n<p>A noter que le coordonnateur du Pastef Bassirou Diomaye Faye avait bien avant \u00e9crit sur son page facebook : \u00ab\u00a0Le Pr\u00e9sident Ousmane Sonko a jusqu&rsquo;au 29 avril 2023 pour interjeter appel. Ce d\u00e9lai court toujours. Mais, les magistrats ont d\u00e9cid\u00e9 de le juger avant l&rsquo;expiration m\u00eame de ce d\u00e9lai, \u00e0 lui imparti par la loi. En d&rsquo;autres termes, ils ont d\u00e9cid\u00e9 de lui d\u00e9nier le droit de faire appel de cette d\u00e9cision le condamnant et de reconna\u00eetre ce m\u00eame droit \u00e0 la partie adverse compos\u00e9e de Mame Mbaye Niang et du Procureur, qui du reste, demeure un intrus dans cette proc\u00e9dure. \u00a0Certains magistrats, une infime minorit\u00e9, se sont donn\u00e9s comme mission d&rsquo;\u00e9gorger, de d\u00e9pecer et de servir de la viande fraiche d&rsquo;opposants politiques au Pr\u00e9sident Macky Sall pour qu&rsquo;il d\u00e9cide, selon ses manies et ses phobies, \u00e0 quelle sauce il voudrait les manger\u00a0\u00bb.<\/p>\n<p><strong>Nd\u00e9ye Khady MBAYE GOUDIABY<\/strong><\/p>\n<div class=\"publi-apres-le-contenu\" style=\"margin-top: 10px;margin-bottom: 10px;margin-left: auto;margin-right: auto;text-align: center;\" id=\"publi-1268918909\"><div class=\"publi-adlabel\">Publicit\u00e9<\/div><script async src=\"\/\/pagead2.googlesyndication.com\/pagead\/js\/adsbygoogle.js?client=ca-pub-4089586018074219\" crossorigin=\"anonymous\"><\/script><ins class=\"adsbygoogle\" style=\"display:block;\" data-ad-client=\"ca-pub-4089586018074219\" \ndata-ad-slot=\"2087940154\" \ndata-ad-format=\"auto\"><\/ins>\n<script> \n(adsbygoogle = window.adsbygoogle || []).push({}); \n<\/script>\n<\/div>","protected":false},"excerpt":{"rendered":"<p>Arr\u00eat\u00e9 par la Direction des investigations criminelles DGID, le charg\u00e9 de la coordination des cadres du parti Pastef Bassirou Diomaye Faye est actuellement plac\u00e9 en garde \u00e0 vue suite \u00e0 son arrestation hier, devant la direction g\u00e9n\u00e9rale des imp\u00f4ts et des domaines,\u00a0 tard dans la nuit. Pour ce qui concerne les charges retenues contre le collaborateur du leader du Pastef, Me Khoureychi B\u00e2 annonce : la diffamation sur un corps constitu\u00e9, la diffusion de fausses nouvelles et l\u2019outrage \u00e0 magistrat ceux sont les faits qui son reproch\u00e9 \u00e0 son client. Sur ce, Le Procureur s&rsquo;est auto-saisi suite \u00e0 cette publication, activant la Division des investigations criminelles (Dic), pour proc\u00e9der \u00e0 son arrestation.\u00a0 A cet effet, les limiers s&rsquo;\u00e9taient rendus au domicile du mis en cause pour remettre une convocation avec mention r\u00e9pondre d\u00e8s r\u00e9ception mais M. Faye ne se trouvait pas sur les lieux.\u00a0 Toutefois, Bassirou Diomaye Faye qui venait \u00a0alors de sortir de son bureau a crois\u00e9 les \u00e9l\u00e9ments de la DIC qui l\u2019ont invit\u00e9 \u00e0 les suivre. Chose qui n&rsquo;\u00e9tait pas facile pour le Past\u00e9fien malmen\u00e9 par les \u00e9l\u00e9ments de la division des investigations criminelles. A noter que le coordonnateur du Pastef Bassirou Diomaye Faye avait bien avant \u00e9crit sur son page facebook : \u00ab\u00a0Le Pr\u00e9sident Ousmane Sonko a jusqu&rsquo;au 29 avril 2023 pour interjeter appel. Ce d\u00e9lai court toujours. Mais, les magistrats ont d\u00e9cid\u00e9 de le juger avant l&rsquo;expiration m\u00eame de ce d\u00e9lai, \u00e0 lui imparti par la loi. En d&rsquo;autres termes, ils ont d\u00e9cid\u00e9 de lui d\u00e9nier le droit de faire appel de cette d\u00e9cision le condamnant et de reconna\u00eetre ce m\u00eame droit \u00e0 la partie adverse compos\u00e9e de Mame Mbaye Niang et du Procureur, qui du reste, demeure un intrus dans cette proc\u00e9dure. \u00a0Certains magistrats, une infime minorit\u00e9, se sont donn\u00e9s comme mission d&rsquo;\u00e9gorger, de d\u00e9pecer et de servir de la viande fraiche d&rsquo;opposants politiques au Pr\u00e9sident Macky Sall pour qu&rsquo;il d\u00e9cide, selon ses manies et ses phobies, \u00e0 quelle sauce il voudrait les manger\u00a0\u00bb. Nd\u00e9ye Khady MBAYE GOUDIABY<\/p>\n","protected":false},"author":7,"featured_media":11231,"comment_status":"open","ping_status":"open","sticky":false,"template":"","format":"standard","meta":{"_jetpack_memberships_contains_paid_content":false,"footnotes":""},"categories":[1],"tags":[4161],"class_list":["post-19894","post","type-post","status-publish","format-standard","has-post-thumbnail","hentry","category-non-classe","tag-bassirou-diomaye","entry","has-media","owp-thumbs-layout-horizontal","owp-btn-normal","owp-tabs-layout-horizontal","has-no-thumbnails","has-product-nav"],"yoast_head":"<!-- This site is optimized with the Yoast SEO plugin v25.5 - https:\/\/yoast.com\/wordpress\/plugins\/seo\/ -->\n<title>\u00ab Diffusion de fausses nouvelles et l\u2019outrage \u00e0 magistrat \u00bb: Bassirou Diomaye Faye arr\u00eat\u00e9 et plac\u00e9 en garde \u00e0 vue - LE PUBLIC<\/title>\n<meta name=\"robots\" content=\"index, follow, max-snippet:-1, max-image-preview:large, max-video-preview:-1\" \/>\n<link rel=\"canonical\" href=\"https:\/\/www.public.sn\/index.php\/2023\/04\/15\/diffusion-de-fausses-nouvelles-et-loutrage-a-magistrat-bassirou-diomaye-faye-arrete-et-place-en-garde-a-vue\/\" \/>\n<meta property=\"og:locale\" content=\"fr_FR\" \/>\n<meta property=\"og:type\" content=\"article\" \/>\n<meta property=\"og:title\" content=\"\u00ab Diffusion de fausses nouvelles et l\u2019outrage \u00e0 magistrat \u00bb: Bassirou Diomaye Faye arr\u00eat\u00e9 et plac\u00e9 en garde \u00e0 vue - LE PUBLIC\" \/>\n<meta property=\"og:description\" content=\"Arr\u00eat\u00e9 par la Direction des investigations criminelles DGID, le charg\u00e9 de la coordination des cadres du parti Pastef Bassirou Diomaye Faye est actuellement plac\u00e9 en garde \u00e0 vue suite \u00e0 son arrestation hier, devant la direction g\u00e9n\u00e9rale des imp\u00f4ts et des domaines,\u00a0 tard dans la nuit. Pour ce qui concerne les charges retenues contre le collaborateur du leader du Pastef, Me Khoureychi B\u00e2 annonce : la diffamation sur un corps constitu\u00e9, la diffusion de fausses nouvelles et l\u2019outrage \u00e0 magistrat ceux sont les faits qui son reproch\u00e9 \u00e0 son client. Sur ce, Le Procureur s&rsquo;est auto-saisi suite \u00e0 cette publication, activant la Division des investigations criminelles (Dic), pour proc\u00e9der \u00e0 son arrestation.\u00a0 A cet effet, les limiers s&rsquo;\u00e9taient rendus au domicile du mis en cause pour remettre une convocation avec mention r\u00e9pondre d\u00e8s r\u00e9ception mais M. Faye ne se trouvait pas sur les lieux.\u00a0 Toutefois, Bassirou Diomaye Faye qui venait \u00a0alors de sortir de son bureau a crois\u00e9 les \u00e9l\u00e9ments de la DIC qui l\u2019ont invit\u00e9 \u00e0 les suivre. Chose qui n&rsquo;\u00e9tait pas facile pour le Past\u00e9fien malmen\u00e9 par les \u00e9l\u00e9ments de la division des investigations criminelles. A noter que le coordonnateur du Pastef Bassirou Diomaye Faye avait bien avant \u00e9crit sur son page facebook : \u00ab\u00a0Le Pr\u00e9sident Ousmane Sonko a jusqu&rsquo;au 29 avril 2023 pour interjeter appel. Ce d\u00e9lai court toujours. Mais, les magistrats ont d\u00e9cid\u00e9 de le juger avant l&rsquo;expiration m\u00eame de ce d\u00e9lai, \u00e0 lui imparti par la loi. En d&rsquo;autres termes, ils ont d\u00e9cid\u00e9 de lui d\u00e9nier le droit de faire appel de cette d\u00e9cision le condamnant et de reconna\u00eetre ce m\u00eame droit \u00e0 la partie adverse compos\u00e9e de Mame Mbaye Niang et du Procureur, qui du reste, demeure un intrus dans cette proc\u00e9dure. \u00a0Certains magistrats, une infime minorit\u00e9, se sont donn\u00e9s comme mission d&rsquo;\u00e9gorger, de d\u00e9pecer et de servir de la viande fraiche d&rsquo;opposants politiques au Pr\u00e9sident Macky Sall pour qu&rsquo;il d\u00e9cide, selon ses manies et ses phobies, \u00e0 quelle sauce il voudrait les manger\u00a0\u00bb. Nd\u00e9ye Khady MBAYE GOUDIABY\" \/>\n<meta property=\"og:url\" content=\"https:\/\/www.public.sn\/index.php\/2023\/04\/15\/diffusion-de-fausses-nouvelles-et-loutrage-a-magistrat-bassirou-diomaye-faye-arrete-et-place-en-garde-a-vue\/\" \/>\n<meta property=\"og:site_name\" content=\"LE PUBLIC\" \/>\n<meta property=\"article:published_time\" content=\"2023-04-15T10:35:05+00:00\" \/>\n<meta property=\"og:image\" content=\"https:\/\/www.public.sn\/wp-content\/uploads\/2022\/12\/bassirou-diomaye-faye.jpg\" \/>\n\t<meta property=\"og:image:width\" content=\"723\" \/>\n\t<meta property=\"og:image:height\" content=\"437\" \/>\n\t<meta property=\"og:image:type\" content=\"image\/jpeg\" \/>\n<meta name=\"author\" content=\"LA REDACTION\" \/>\n<meta name=\"twitter:card\" content=\"summary_large_image\" \/>\n<meta name=\"twitter:label1\" content=\"\u00c9crit par\" \/>\n\t<meta name=\"twitter:data1\" content=\"LA REDACTION\" \/>\n\t<meta name=\"twitter:label2\" content=\"Dur\u00e9e de lecture estim\u00e9e\" \/>\n\t<meta name=\"twitter:data2\" content=\"2 minutes\" \/>\n<script type=\"application\/ld+json\" class=\"yoast-schema-graph\">{\"@context\":\"https:\/\/schema.org\",\"@graph\":[{\"@type\":\"Article\",\"@id\":\"https:\/\/www.public.sn\/index.php\/2023\/04\/15\/diffusion-de-fausses-nouvelles-et-loutrage-a-magistrat-bassirou-diomaye-faye-arrete-et-place-en-garde-a-vue\/#article\",\"isPartOf\":{\"@id\":\"https:\/\/www.public.sn\/index.php\/2023\/04\/15\/diffusion-de-fausses-nouvelles-et-loutrage-a-magistrat-bassirou-diomaye-faye-arrete-et-place-en-garde-a-vue\/\"},\"author\":{\"name\":\"LA REDACTION\",\"@id\":\"https:\/\/www.public.sn\/#\/schema\/person\/cb76c8e1b8becc6be61fb5e92d6d0224\"},\"headline\":\"\u00ab Diffusion de fausses nouvelles et l\u2019outrage \u00e0 magistrat \u00bb: Bassirou Diomaye Faye arr\u00eat\u00e9 et plac\u00e9 en garde \u00e0 vue\",\"datePublished\":\"2023-04-15T10:35:05+00:00\",\"mainEntityOfPage\":{\"@id\":\"https:\/\/www.public.sn\/index.php\/2023\/04\/15\/diffusion-de-fausses-nouvelles-et-loutrage-a-magistrat-bassirou-diomaye-faye-arrete-et-place-en-garde-a-vue\/\"},\"wordCount\":371,\"commentCount\":0,\"publisher\":{\"@id\":\"https:\/\/www.public.sn\/#organization\"},\"image\":{\"@id\":\"https:\/\/www.public.sn\/index.php\/2023\/04\/15\/diffusion-de-fausses-nouvelles-et-loutrage-a-magistrat-bassirou-diomaye-faye-arrete-et-place-en-garde-a-vue\/#primaryimage\"},\"thumbnailUrl\":\"https:\/\/www.public.sn\/wp-content\/uploads\/2022\/12\/bassirou-diomaye-faye.jpg\",\"keywords\":[\"Bassirou Diomaye\"],\"articleSection\":[\"S\u00c9N\u00c9GAL\"],\"inLanguage\":\"fr-FR\",\"potentialAction\":[{\"@type\":\"CommentAction\",\"name\":\"Comment\",\"target\":[\"https:\/\/www.public.sn\/index.php\/2023\/04\/15\/diffusion-de-fausses-nouvelles-et-loutrage-a-magistrat-bassirou-diomaye-faye-arrete-et-place-en-garde-a-vue\/#respond\"]}]},{\"@type\":\"WebPage\",\"@id\":\"https:\/\/www.public.sn\/index.php\/2023\/04\/15\/diffusion-de-fausses-nouvelles-et-loutrage-a-magistrat-bassirou-diomaye-faye-arrete-et-place-en-garde-a-vue\/\",\"url\":\"https:\/\/www.public.sn\/index.php\/2023\/04\/15\/diffusion-de-fausses-nouvelles-et-loutrage-a-magistrat-bassirou-diomaye-faye-arrete-et-place-en-garde-a-vue\/\",\"name\":\"\u00ab Diffusion de fausses nouvelles et l\u2019outrage \u00e0 magistrat \u00bb: Bassirou Diomaye Faye arr\u00eat\u00e9 et plac\u00e9 en garde \u00e0 vue - LE PUBLIC\",\"isPartOf\":{\"@id\":\"https:\/\/www.public.sn\/#website\"},\"primaryImageOfPage\":{\"@id\":\"https:\/\/www.public.sn\/index.php\/2023\/04\/15\/diffusion-de-fausses-nouvelles-et-loutrage-a-magistrat-bassirou-diomaye-faye-arrete-et-place-en-garde-a-vue\/#primaryimage\"},\"image\":{\"@id\":\"https:\/\/www.public.sn\/index.php\/2023\/04\/15\/diffusion-de-fausses-nouvelles-et-loutrage-a-magistrat-bassirou-diomaye-faye-arrete-et-place-en-garde-a-vue\/#primaryimage\"},\"thumbnailUrl\":\"https:\/\/www.public.sn\/wp-content\/uploads\/2022\/12\/bassirou-diomaye-faye.jpg\",\"datePublished\":\"2023-04-15T10:35:05+00:00\",\"breadcrumb\":{\"@id\":\"https:\/\/www.public.sn\/index.php\/2023\/04\/15\/diffusion-de-fausses-nouvelles-et-loutrage-a-magistrat-bassirou-diomaye-faye-arrete-et-place-en-garde-a-vue\/#breadcrumb\"},\"inLanguage\":\"fr-FR\",\"potentialAction\":[{\"@type\":\"ReadAction\",\"target\":[\"https:\/\/www.public.sn\/index.php\/2023\/04\/15\/diffusion-de-fausses-nouvelles-et-loutrage-a-magistrat-bassirou-diomaye-faye-arrete-et-place-en-garde-a-vue\/\"]}]},{\"@type\":\"ImageObject\",\"inLanguage\":\"fr-FR\",\"@id\":\"https:\/\/www.public.sn\/index.php\/2023\/04\/15\/diffusion-de-fausses-nouvelles-et-loutrage-a-magistrat-bassirou-diomaye-faye-arrete-et-place-en-garde-a-vue\/#primaryimage\",\"url\":\"https:\/\/www.public.sn\/wp-content\/uploads\/2022\/12\/bassirou-diomaye-faye.jpg\",\"contentUrl\":\"https:\/\/www.public.sn\/wp-content\/uploads\/2022\/12\/bassirou-diomaye-faye.jpg\",\"width\":723,\"height\":437,\"caption\":\"publicsn\"},{\"@type\":\"BreadcrumbList\",\"@id\":\"https:\/\/www.public.sn\/index.php\/2023\/04\/15\/diffusion-de-fausses-nouvelles-et-loutrage-a-magistrat-bassirou-diomaye-faye-arrete-et-place-en-garde-a-vue\/#breadcrumb\",\"itemListElement\":[{\"@type\":\"ListItem\",\"position\":1,\"name\":\"Accueil\",\"item\":\"https:\/\/www.public.sn\/\"},{\"@type\":\"ListItem\",\"position\":2,\"name\":\"\u00ab Diffusion de fausses nouvelles et l\u2019outrage \u00e0 magistrat \u00bb: Bassirou Diomaye Faye arr\u00eat\u00e9 et plac\u00e9 en garde \u00e0 vue\"}]},{\"@type\":\"WebSite\",\"@id\":\"https:\/\/www.public.sn\/#website\",\"url\":\"https:\/\/www.public.sn\/\",\"name\":\"LE PUBLIC\",\"description\":\"\",\"publisher\":{\"@id\":\"https:\/\/www.public.sn\/#organization\"},\"potentialAction\":[{\"@type\":\"SearchAction\",\"target\":{\"@type\":\"EntryPoint\",\"urlTemplate\":\"https:\/\/www.public.sn\/?s={search_term_string}\"},\"query-input\":{\"@type\":\"PropertyValueSpecification\",\"valueRequired\":true,\"valueName\":\"search_term_string\"}}],\"inLanguage\":\"fr-FR\"},{\"@type\":\"Organization\",\"@id\":\"https:\/\/www.public.sn\/#organization\",\"name\":\"LE PUBLIC\",\"url\":\"https:\/\/www.public.sn\/\",\"logo\":{\"@type\":\"ImageObject\",\"inLanguage\":\"fr-FR\",\"@id\":\"https:\/\/www.public.sn\/#\/schema\/logo\/image\/\",\"url\":\"https:\/\/www.public.sn\/wp-content\/uploads\/2024\/05\/cropped-LOGO-PUBLIC.SN_.png\",\"contentUrl\":\"https:\/\/www.public.sn\/wp-content\/uploads\/2024\/05\/cropped-LOGO-PUBLIC.SN_.png\",\"width\":682,\"height\":192,\"caption\":\"LE PUBLIC\"},\"image\":{\"@id\":\"https:\/\/www.public.sn\/#\/schema\/logo\/image\/\"}},{\"@type\":\"Person\",\"@id\":\"https:\/\/www.public.sn\/#\/schema\/person\/cb76c8e1b8becc6be61fb5e92d6d0224\",\"name\":\"LA REDACTION\",\"image\":{\"@type\":\"ImageObject\",\"inLanguage\":\"fr-FR\",\"@id\":\"https:\/\/www.public.sn\/#\/schema\/person\/image\/\",\"url\":\"https:\/\/secure.gravatar.com\/avatar\/2dce5ddd34b8fef0180efe03aa2a9bee7d953856048f9a16b298190a3178407c?s=96&d=mm&r=g\",\"contentUrl\":\"https:\/\/secure.gravatar.com\/avatar\/2dce5ddd34b8fef0180efe03aa2a9bee7d953856048f9a16b298190a3178407c?s=96&d=mm&r=g\",\"caption\":\"LA REDACTION\"},\"url\":\"https:\/\/www.public.sn\/index.php\/author\/editeurpsn\/\"}]}<\/script>\n<!-- \/ Yoast SEO plugin. -->","yoast_head_json":{"title":"\u00ab Diffusion de fausses nouvelles et l\u2019outrage \u00e0 magistrat \u00bb: Bassirou Diomaye Faye arr\u00eat\u00e9 et plac\u00e9 en garde \u00e0 vue - LE PUBLIC","robots":{"index":"index","follow":"follow","max-snippet":"max-snippet:-1","max-image-preview":"max-image-preview:large","max-video-preview":"max-video-preview:-1"},"canonical":"https:\/\/www.public.sn\/index.php\/2023\/04\/15\/diffusion-de-fausses-nouvelles-et-loutrage-a-magistrat-bassirou-diomaye-faye-arrete-et-place-en-garde-a-vue\/","og_locale":"fr_FR","og_type":"article","og_title":"\u00ab Diffusion de fausses nouvelles et l\u2019outrage \u00e0 magistrat \u00bb: Bassirou Diomaye Faye arr\u00eat\u00e9 et plac\u00e9 en garde \u00e0 vue - LE PUBLIC","og_description":"Arr\u00eat\u00e9 par la Direction des investigations criminelles DGID, le charg\u00e9 de la coordination des cadres du parti Pastef Bassirou Diomaye Faye est actuellement plac\u00e9 en garde \u00e0 vue suite \u00e0 son arrestation hier, devant la direction g\u00e9n\u00e9rale des imp\u00f4ts et des domaines,\u00a0 tard dans la nuit. Pour ce qui concerne les charges retenues contre le collaborateur du leader du Pastef, Me Khoureychi B\u00e2 annonce : la diffamation sur un corps constitu\u00e9, la diffusion de fausses nouvelles et l\u2019outrage \u00e0 magistrat ceux sont les faits qui son reproch\u00e9 \u00e0 son client. Sur ce, Le Procureur s&rsquo;est auto-saisi suite \u00e0 cette publication, activant la Division des investigations criminelles (Dic), pour proc\u00e9der \u00e0 son arrestation.\u00a0 A cet effet, les limiers s&rsquo;\u00e9taient rendus au domicile du mis en cause pour remettre une convocation avec mention r\u00e9pondre d\u00e8s r\u00e9ception mais M. Faye ne se trouvait pas sur les lieux.\u00a0 Toutefois, Bassirou Diomaye Faye qui venait \u00a0alors de sortir de son bureau a crois\u00e9 les \u00e9l\u00e9ments de la DIC qui l\u2019ont invit\u00e9 \u00e0 les suivre. Chose qui n&rsquo;\u00e9tait pas facile pour le Past\u00e9fien malmen\u00e9 par les \u00e9l\u00e9ments de la division des investigations criminelles. A noter que le coordonnateur du Pastef Bassirou Diomaye Faye avait bien avant \u00e9crit sur son page facebook : \u00ab\u00a0Le Pr\u00e9sident Ousmane Sonko a jusqu&rsquo;au 29 avril 2023 pour interjeter appel. Ce d\u00e9lai court toujours. Mais, les magistrats ont d\u00e9cid\u00e9 de le juger avant l&rsquo;expiration m\u00eame de ce d\u00e9lai, \u00e0 lui imparti par la loi. En d&rsquo;autres termes, ils ont d\u00e9cid\u00e9 de lui d\u00e9nier le droit de faire appel de cette d\u00e9cision le condamnant et de reconna\u00eetre ce m\u00eame droit \u00e0 la partie adverse compos\u00e9e de Mame Mbaye Niang et du Procureur, qui du reste, demeure un intrus dans cette proc\u00e9dure. \u00a0Certains magistrats, une infime minorit\u00e9, se sont donn\u00e9s comme mission d&rsquo;\u00e9gorger, de d\u00e9pecer et de servir de la viande fraiche d&rsquo;opposants politiques au Pr\u00e9sident Macky Sall pour qu&rsquo;il d\u00e9cide, selon ses manies et ses phobies, \u00e0 quelle sauce il voudrait les manger\u00a0\u00bb. Nd\u00e9ye Khady MBAYE GOUDIABY","og_url":"https:\/\/www.public.sn\/index.php\/2023\/04\/15\/diffusion-de-fausses-nouvelles-et-loutrage-a-magistrat-bassirou-diomaye-faye-arrete-et-place-en-garde-a-vue\/","og_site_name":"LE PUBLIC","article_published_time":"2023-04-15T10:35:05+00:00","og_image":[{"width":723,"height":437,"url":"https:\/\/www.public.sn\/wp-content\/uploads\/2022\/12\/bassirou-diomaye-faye.jpg","type":"image\/jpeg"}],"author":"LA REDACTION","twitter_card":"summary_large_image","twitter_misc":{"\u00c9crit par":"LA REDACTION","Dur\u00e9e de lecture estim\u00e9e":"2 minutes"},"schema":{"@context":"https:\/\/schema.org","@graph":[{"@type":"Article","@id":"https:\/\/www.public.sn\/index.php\/2023\/04\/15\/diffusion-de-fausses-nouvelles-et-loutrage-a-magistrat-bassirou-diomaye-faye-arrete-et-place-en-garde-a-vue\/#article","isPartOf":{"@id":"https:\/\/www.public.sn\/index.php\/2023\/04\/15\/diffusion-de-fausses-nouvelles-et-loutrage-a-magistrat-bassirou-diomaye-faye-arrete-et-place-en-garde-a-vue\/"},"author":{"name":"LA REDACTION","@id":"https:\/\/www.public.sn\/#\/schema\/person\/cb76c8e1b8becc6be61fb5e92d6d0224"},"headline":"\u00ab Diffusion de fausses nouvelles et l\u2019outrage \u00e0 magistrat \u00bb: Bassirou Diomaye Faye arr\u00eat\u00e9 et plac\u00e9 en garde \u00e0 vue","datePublished":"2023-04-15T10:35:05+00:00","mainEntityOfPage":{"@id":"https:\/\/www.public.sn\/index.php\/2023\/04\/15\/diffusion-de-fausses-nouvelles-et-loutrage-a-magistrat-bassirou-diomaye-faye-arrete-et-place-en-garde-a-vue\/"},"wordCount":371,"commentCount":0,"publisher":{"@id":"https:\/\/www.public.sn\/#organization"},"image":{"@id":"https:\/\/www.public.sn\/index.php\/2023\/04\/15\/diffusion-de-fausses-nouvelles-et-loutrage-a-magistrat-bassirou-diomaye-faye-arrete-et-place-en-garde-a-vue\/#primaryimage"},"thumbnailUrl":"https:\/\/www.public.sn\/wp-content\/uploads\/2022\/12\/bassirou-diomaye-faye.jpg","keywords":["Bassirou Diomaye"],"articleSection":["S\u00c9N\u00c9GAL"],"inLanguage":"fr-FR","potentialAction":[{"@type":"CommentAction","name":"Comment","target":["https:\/\/www.public.sn\/index.php\/2023\/04\/15\/diffusion-de-fausses-nouvelles-et-loutrage-a-magistrat-bassirou-diomaye-faye-arrete-et-place-en-garde-a-vue\/#respond"]}]},{"@type":"WebPage","@id":"https:\/\/www.public.sn\/index.php\/2023\/04\/15\/diffusion-de-fausses-nouvelles-et-loutrage-a-magistrat-bassirou-diomaye-faye-arrete-et-place-en-garde-a-vue\/","url":"https:\/\/www.public.sn\/index.php\/2023\/04\/15\/diffusion-de-fausses-nouvelles-et-loutrage-a-magistrat-bassirou-diomaye-faye-arrete-et-place-en-garde-a-vue\/","name":"\u00ab Diffusion de fausses nouvelles et l\u2019outrage \u00e0 magistrat \u00bb: Bassirou Diomaye Faye arr\u00eat\u00e9 et plac\u00e9 en garde \u00e0 vue - LE PUBLIC","isPartOf":{"@id":"https:\/\/www.public.sn\/#website"},"primaryImageOfPage":{"@id":"https:\/\/www.public.sn\/index.php\/2023\/04\/15\/diffusion-de-fausses-nouvelles-et-loutrage-a-magistrat-bassirou-diomaye-faye-arrete-et-place-en-garde-a-vue\/#primaryimage"},"image":{"@id":"https:\/\/www.public.sn\/index.php\/2023\/04\/15\/diffusion-de-fausses-nouvelles-et-loutrage-a-magistrat-bassirou-diomaye-faye-arrete-et-place-en-garde-a-vue\/#primaryimage"},"thumbnailUrl":"https:\/\/www.public.sn\/wp-content\/uploads\/2022\/12\/bassirou-diomaye-faye.jpg","datePublished":"2023-04-15T10:35:05+00:00","breadcrumb":{"@id":"https:\/\/www.public.sn\/index.php\/2023\/04\/15\/diffusion-de-fausses-nouvelles-et-loutrage-a-magistrat-bassirou-diomaye-faye-arrete-et-place-en-garde-a-vue\/#breadcrumb"},"inLanguage":"fr-FR","potentialAction":[{"@type":"ReadAction","target":["https:\/\/www.public.sn\/index.php\/2023\/04\/15\/diffusion-de-fausses-nouvelles-et-loutrage-a-magistrat-bassirou-diomaye-faye-arrete-et-place-en-garde-a-vue\/"]}]},{"@type":"ImageObject","inLanguage":"fr-FR","@id":"https:\/\/www.public.sn\/index.php\/2023\/04\/15\/diffusion-de-fausses-nouvelles-et-loutrage-a-magistrat-bassirou-diomaye-faye-arrete-et-place-en-garde-a-vue\/#primaryimage","url":"https:\/\/www.public.sn\/wp-content\/uploads\/2022\/12\/bassirou-diomaye-faye.jpg","contentUrl":"https:\/\/www.public.sn\/wp-content\/uploads\/2022\/12\/bassirou-diomaye-faye.jpg","width":723,"height":437,"caption":"publicsn"},{"@type":"BreadcrumbList","@id":"https:\/\/www.public.sn\/index.php\/2023\/04\/15\/diffusion-de-fausses-nouvelles-et-loutrage-a-magistrat-bassirou-diomaye-faye-arrete-et-place-en-garde-a-vue\/#breadcrumb","itemListElement":[{"@type":"ListItem","position":1,"name":"Accueil","item":"https:\/\/www.public.sn\/"},{"@type":"ListItem","position":2,"name":"\u00ab Diffusion de fausses nouvelles et l\u2019outrage \u00e0 magistrat \u00bb: Bassirou Diomaye Faye arr\u00eat\u00e9 et plac\u00e9 en garde \u00e0 vue"}]},{"@type":"WebSite","@id":"https:\/\/www.public.sn\/#website","url":"https:\/\/www.public.sn\/","name":"LE PUBLIC","description":"","publisher":{"@id":"https:\/\/www.public.sn\/#organization"},"potentialAction":[{"@type":"SearchAction","target":{"@type":"EntryPoint","urlTemplate":"https:\/\/www.public.sn\/?s={search_term_string}"},"query-input":{"@type":"PropertyValueSpecification","valueRequired":true,"valueName":"search_term_string"}}],"inLanguage":"fr-FR"},{"@type":"Organization","@id":"https:\/\/www.public.sn\/#organization","name":"LE PUBLIC","url":"https:\/\/www.public.sn\/","logo":{"@type":"ImageObject","inLanguage":"fr-FR","@id":"https:\/\/www.public.sn\/#\/schema\/logo\/image\/","url":"https:\/\/www.public.sn\/wp-content\/uploads\/2024\/05\/cropped-LOGO-PUBLIC.SN_.png","contentUrl":"https:\/\/www.public.sn\/wp-content\/uploads\/2024\/05\/cropped-LOGO-PUBLIC.SN_.png","width":682,"height":192,"caption":"LE PUBLIC"},"image":{"@id":"https:\/\/www.public.sn\/#\/schema\/logo\/image\/"}},{"@type":"Person","@id":"https:\/\/www.public.sn\/#\/schema\/person\/cb76c8e1b8becc6be61fb5e92d6d0224","name":"LA REDACTION","image":{"@type":"ImageObject","inLanguage":"fr-FR","@id":"https:\/\/www.public.sn\/#\/schema\/person\/image\/","url":"https:\/\/secure.gravatar.com\/avatar\/2dce5ddd34b8fef0180efe03aa2a9bee7d953856048f9a16b298190a3178407c?s=96&d=mm&r=g","contentUrl":"https:\/\/secure.gravatar.com\/avatar\/2dce5ddd34b8fef0180efe03aa2a9bee7d953856048f9a16b298190a3178407c?s=96&d=mm&r=g","caption":"LA REDACTION"},"url":"https:\/\/www.public.sn\/index.php\/author\/editeurpsn\/"}]}},"jetpack_featured_media_url":"https:\/\/www.public.sn\/wp-content\/uploads\/2022\/12\/bassirou-diomaye-faye.jpg","jetpack_sharing_enabled":true,"_links":{"self":[{"href":"https:\/\/www.public.sn\/index.php\/wp-json\/wp\/v2\/posts\/19894","targetHints":{"allow":["GET"]}}],"collection":[{"href":"https:\/\/www.public.sn\/index.php\/wp-json\/wp\/v2\/posts"}],"about":[{"href":"https:\/\/www.public.sn\/index.php\/wp-json\/wp\/v2\/types\/post"}],"author":[{"embeddable":true,"href":"https:\/\/www.public.sn\/index.php\/wp-json\/wp\/v2\/users\/7"}],"replies":[{"embeddable":true,"href":"https:\/\/www.public.sn\/index.php\/wp-json\/wp\/v2\/comments?post=19894"}],"version-history":[{"count":1,"href":"https:\/\/www.public.sn\/index.php\/wp-json\/wp\/v2\/posts\/19894\/revisions"}],"predecessor-version":[{"id":19895,"href":"https:\/\/www.public.sn\/index.php\/wp-json\/wp\/v2\/posts\/19894\/revisions\/19895"}],"wp:featuredmedia":[{"embeddable":true,"href":"https:\/\/www.public.sn\/index.php\/wp-json\/wp\/v2\/media\/11231"}],"wp:attachment":[{"href":"https:\/\/www.public.sn\/index.php\/wp-json\/wp\/v2\/media?parent=19894"}],"wp:term":[{"taxonomy":"category","embeddable":true,"href":"https:\/\/www.public.sn\/index.php\/wp-json\/wp\/v2\/categories?post=19894"},{"taxonomy":"post_tag","embeddable":true,"href":"https:\/\/www.public.sn\/index.php\/wp-json\/wp\/v2\/tags?post=19894"}],"curies":[{"name":"wp","href":"https:\/\/api.w.org\/{rel}","templated":true}]}}