{"id":19908,"date":"2023-04-15T21:08:47","date_gmt":"2023-04-15T21:08:47","guid":{"rendered":"https:\/\/www.public.sn\/?p=19908"},"modified":"2023-04-15T21:08:47","modified_gmt":"2023-04-15T21:08:47","slug":"carnet-blanc-un-haut-responsable-de-lapr-a-epouse-une-seconde-femme","status":"publish","type":"post","link":"https:\/\/www.public.sn\/index.php\/2023\/04\/15\/carnet-blanc-un-haut-responsable-de-lapr-a-epouse-une-seconde-femme\/","title":{"rendered":"Carnet blanc : un haut responsable de l&rsquo;Apr a \u00e9pous\u00e9 une seconde femme"},"content":{"rendered":"<p><b>Disparu du petit \u00e9cran, le responsable politique de l&rsquo;Alliance pour la R\u00e9publique (Apr) \u00e0 la M\u00e9dina se la coule dans un coin de paradis. Adama Fall puisque c&rsquo;est de lui qu&rsquo;il s&rsquo;agit n&rsquo;a pas fui le petit \u00e9cran pour rien. En effet, l&rsquo;enseignant r\u00e9publicain a \u00e9pous\u00e9 une seconde femme. Publicsn qui a eu la primeur de l&rsquo;info vous donne plus de d\u00e9tails sur ce mariage.<\/b><\/p><div class=\"publi-paragraphe1\" style=\"margin-top: 10px;margin-bottom: 10px;margin-left: auto;margin-right: auto;text-align: center;\" id=\"publi-2818410640\"><div class=\"publi-adlabel\">Publicit\u00e9<\/div><script async src=\"\/\/pagead2.googlesyndication.com\/pagead\/js\/adsbygoogle.js?client=ca-pub-4089586018074219\" crossorigin=\"anonymous\"><\/script><ins class=\"adsbygoogle\" style=\"display:block;\" data-ad-client=\"ca-pub-4089586018074219\" \ndata-ad-slot=\"2087940154\" \ndata-ad-format=\"auto\"><\/ins>\n<script> \n(adsbygoogle = window.adsbygoogle || []).push({}); \n<\/script>\n<\/div>\n<p>Il est toujours fid\u00e8le aux rendez-vous. A la t\u00e9l\u00e9 comme \u00e0 la radio, il d\u00e9fend son mentor Macky Sall. Certains pensaient qu&rsquo;il \u00e9tait en col\u00e8re contre le r\u00e9gime mais tenez-vous bien, Adama Fall est en lune de miel actuellement dans un coin de paradis. Il a en effet \u00e9pous\u00e9 une seconde femme le dimanche pass\u00e9. L&rsquo;heureuse \u00e9lue est une vieille connaissance. Native de Gu\u00e9diawaye, elle est aussi une enseignante r\u00e9publicaine en service dans la r\u00e9gion de Louga. L&rsquo;union a \u00e9t\u00e9 scell\u00e9e le dimanche pass\u00e9 en toute discr\u00e9tion.<\/p>\n<p>La r\u00e9daction de PublicSN souhaite un heureux m\u00e9nage et plein succ\u00e8s \u00e0 ses deux tourtereaux.<\/p>\n<div class=\"publi-apres-le-contenu\" style=\"margin-top: 10px;margin-bottom: 10px;margin-left: auto;margin-right: auto;text-align: center;\" id=\"publi-83448199\"><div class=\"publi-adlabel\">Publicit\u00e9<\/div><script async src=\"\/\/pagead2.googlesyndication.com\/pagead\/js\/adsbygoogle.js?client=ca-pub-4089586018074219\" crossorigin=\"anonymous\"><\/script><ins class=\"adsbygoogle\" style=\"display:block;\" data-ad-client=\"ca-pub-4089586018074219\" \ndata-ad-slot=\"2087940154\" \ndata-ad-format=\"auto\"><\/ins>\n<script> \n(adsbygoogle = window.adsbygoogle || []).push({}); \n<\/script>\n<\/div>","protected":false},"excerpt":{"rendered":"<p>Disparu du petit \u00e9cran, le responsable politique de l&rsquo;Alliance pour la R\u00e9publique (Apr) \u00e0 la M\u00e9dina se la coule dans un coin de paradis. Adama Fall puisque c&rsquo;est de lui qu&rsquo;il s&rsquo;agit n&rsquo;a pas fui le petit \u00e9cran pour rien. En effet, l&rsquo;enseignant r\u00e9publicain a \u00e9pous\u00e9 une seconde femme. Publicsn qui a eu la primeur de l&rsquo;info vous donne plus de d\u00e9tails sur ce mariage. Il est toujours fid\u00e8le aux rendez-vous. A la t\u00e9l\u00e9 comme \u00e0 la radio, il d\u00e9fend son mentor Macky Sall. Certains pensaient qu&rsquo;il \u00e9tait en col\u00e8re contre le r\u00e9gime mais tenez-vous bien, Adama Fall est en lune de miel actuellement dans un coin de paradis. Il a en effet \u00e9pous\u00e9 une seconde femme le dimanche pass\u00e9. L&rsquo;heureuse \u00e9lue est une vieille connaissance. Native de Gu\u00e9diawaye, elle est aussi une enseignante r\u00e9publicaine en service dans la r\u00e9gion de Louga. L&rsquo;union a \u00e9t\u00e9 scell\u00e9e le dimanche pass\u00e9 en toute discr\u00e9tion. La r\u00e9daction de PublicSN souhaite un heureux m\u00e9nage et plein succ\u00e8s \u00e0 ses deux tourtereaux.<\/p>\n","protected":false},"author":1,"featured_media":19909,"comment_status":"open","ping_status":"open","sticky":false,"template":"","format":"standard","meta":{"_jetpack_memberships_contains_paid_content":false,"footnotes":""},"categories":[5,872],"tags":[2633,742,1374],"class_list":["post-19908","post","type-post","status-publish","format-standard","has-post-thumbnail","hentry","category-people","category-photos","tag-adama-fall","tag-apr","tag-mariage","entry","has-media","owp-thumbs-layout-horizontal","owp-btn-normal","owp-tabs-layout-horizontal","has-no-thumbnails","has-product-nav"],"yoast_head":"<!-- This site is optimized with the Yoast SEO plugin v25.5 - https:\/\/yoast.com\/wordpress\/plugins\/seo\/ -->\n<title>Carnet blanc : un haut responsable de l&#039;Apr a \u00e9pous\u00e9 une seconde femme - LE PUBLIC<\/title>\n<meta name=\"description\" content=\"Disparu du petit \u00e9cran, le responsable politique de l&#039;Alliance pour la R\u00e9publique (Apr) \u00e0 la M\u00e9dina se la coule dans un coin de paradis. Adama Fall puisque c&#039;est de lui qu&#039;il s&#039;agit n&#039;a pas fui le petit \u00e9cran pour rien. En effet, l&#039;enseignant r\u00e9publicain a \u00e9pous\u00e9 une seconde femme. Publicsn qui a eu la primeur de l&#039;info vous donne plus de d\u00e9tails sur ce mariage.\" \/>\n<meta name=\"robots\" content=\"index, follow, max-snippet:-1, max-image-preview:large, max-video-preview:-1\" \/>\n<link rel=\"canonical\" href=\"https:\/\/www.public.sn\/index.php\/2023\/04\/15\/carnet-blanc-un-haut-responsable-de-lapr-a-epouse-une-seconde-femme\/\" \/>\n<meta property=\"og:locale\" content=\"fr_FR\" \/>\n<meta property=\"og:type\" content=\"article\" \/>\n<meta property=\"og:title\" content=\"Carnet blanc : un haut responsable de l&#039;Apr a \u00e9pous\u00e9 une seconde femme - LE PUBLIC\" \/>\n<meta property=\"og:description\" content=\"Disparu du petit \u00e9cran, le responsable politique de l&#039;Alliance pour la R\u00e9publique (Apr) \u00e0 la M\u00e9dina se la coule dans un coin de paradis. Adama Fall puisque c&#039;est de lui qu&#039;il s&#039;agit n&#039;a pas fui le petit \u00e9cran pour rien. En effet, l&#039;enseignant r\u00e9publicain a \u00e9pous\u00e9 une seconde femme. Publicsn qui a eu la primeur de l&#039;info vous donne plus de d\u00e9tails sur ce mariage.\" \/>\n<meta property=\"og:url\" content=\"https:\/\/www.public.sn\/index.php\/2023\/04\/15\/carnet-blanc-un-haut-responsable-de-lapr-a-epouse-une-seconde-femme\/\" \/>\n<meta property=\"og:site_name\" content=\"LE PUBLIC\" \/>\n<meta property=\"article:published_time\" content=\"2023-04-15T21:08:47+00:00\" \/>\n<meta property=\"og:image\" content=\"https:\/\/www.public.sn\/wp-content\/uploads\/2023\/04\/Adama-Fall-APR.png\" \/>\n\t<meta property=\"og:image:width\" content=\"706\" \/>\n\t<meta property=\"og:image:height\" content=\"516\" \/>\n\t<meta property=\"og:image:type\" content=\"image\/png\" \/>\n<meta name=\"author\" content=\"LA REDACTION\" \/>\n<meta name=\"twitter:card\" content=\"summary_large_image\" \/>\n<meta name=\"twitter:label1\" content=\"\u00c9crit par\" \/>\n\t<meta name=\"twitter:data1\" content=\"LA REDACTION\" \/>\n\t<meta name=\"twitter:label2\" content=\"Dur\u00e9e de lecture estim\u00e9e\" \/>\n\t<meta name=\"twitter:data2\" content=\"1 minute\" \/>\n<script type=\"application\/ld+json\" class=\"yoast-schema-graph\">{\"@context\":\"https:\/\/schema.org\",\"@graph\":[{\"@type\":\"Article\",\"@id\":\"https:\/\/www.public.sn\/index.php\/2023\/04\/15\/carnet-blanc-un-haut-responsable-de-lapr-a-epouse-une-seconde-femme\/#article\",\"isPartOf\":{\"@id\":\"https:\/\/www.public.sn\/index.php\/2023\/04\/15\/carnet-blanc-un-haut-responsable-de-lapr-a-epouse-une-seconde-femme\/\"},\"author\":{\"name\":\"LA REDACTION\",\"@id\":\"https:\/\/www.public.sn\/#\/schema\/person\/e3f4a11b037d4203902db148f9bc8d5a\"},\"headline\":\"Carnet blanc : un haut responsable de l&rsquo;Apr a \u00e9pous\u00e9 une seconde femme\",\"datePublished\":\"2023-04-15T21:08:47+00:00\",\"mainEntityOfPage\":{\"@id\":\"https:\/\/www.public.sn\/index.php\/2023\/04\/15\/carnet-blanc-un-haut-responsable-de-lapr-a-epouse-une-seconde-femme\/\"},\"wordCount\":193,\"commentCount\":0,\"publisher\":{\"@id\":\"https:\/\/www.public.sn\/#organization\"},\"image\":{\"@id\":\"https:\/\/www.public.sn\/index.php\/2023\/04\/15\/carnet-blanc-un-haut-responsable-de-lapr-a-epouse-une-seconde-femme\/#primaryimage\"},\"thumbnailUrl\":\"https:\/\/www.public.sn\/wp-content\/uploads\/2023\/04\/Adama-Fall-APR.png\",\"keywords\":[\"Adama Fall\",\"Apr\",\"mariage\"],\"articleSection\":[\"PEOPLE\",\"PHOTOS\"],\"inLanguage\":\"fr-FR\",\"potentialAction\":[{\"@type\":\"CommentAction\",\"name\":\"Comment\",\"target\":[\"https:\/\/www.public.sn\/index.php\/2023\/04\/15\/carnet-blanc-un-haut-responsable-de-lapr-a-epouse-une-seconde-femme\/#respond\"]}]},{\"@type\":\"WebPage\",\"@id\":\"https:\/\/www.public.sn\/index.php\/2023\/04\/15\/carnet-blanc-un-haut-responsable-de-lapr-a-epouse-une-seconde-femme\/\",\"url\":\"https:\/\/www.public.sn\/index.php\/2023\/04\/15\/carnet-blanc-un-haut-responsable-de-lapr-a-epouse-une-seconde-femme\/\",\"name\":\"Carnet blanc : un haut responsable de l'Apr a \u00e9pous\u00e9 une seconde femme - LE PUBLIC\",\"isPartOf\":{\"@id\":\"https:\/\/www.public.sn\/#website\"},\"primaryImageOfPage\":{\"@id\":\"https:\/\/www.public.sn\/index.php\/2023\/04\/15\/carnet-blanc-un-haut-responsable-de-lapr-a-epouse-une-seconde-femme\/#primaryimage\"},\"image\":{\"@id\":\"https:\/\/www.public.sn\/index.php\/2023\/04\/15\/carnet-blanc-un-haut-responsable-de-lapr-a-epouse-une-seconde-femme\/#primaryimage\"},\"thumbnailUrl\":\"https:\/\/www.public.sn\/wp-content\/uploads\/2023\/04\/Adama-Fall-APR.png\",\"datePublished\":\"2023-04-15T21:08:47+00:00\",\"description\":\"Disparu du petit \u00e9cran, le responsable politique de l'Alliance pour la R\u00e9publique (Apr) \u00e0 la M\u00e9dina se la coule dans un coin de paradis. Adama Fall puisque c'est de lui qu'il s'agit n'a pas fui le petit \u00e9cran pour rien. En effet, l'enseignant r\u00e9publicain a \u00e9pous\u00e9 une seconde femme. Publicsn qui a eu la primeur de l'info vous donne plus de d\u00e9tails sur ce mariage.\",\"breadcrumb\":{\"@id\":\"https:\/\/www.public.sn\/index.php\/2023\/04\/15\/carnet-blanc-un-haut-responsable-de-lapr-a-epouse-une-seconde-femme\/#breadcrumb\"},\"inLanguage\":\"fr-FR\",\"potentialAction\":[{\"@type\":\"ReadAction\",\"target\":[\"https:\/\/www.public.sn\/index.php\/2023\/04\/15\/carnet-blanc-un-haut-responsable-de-lapr-a-epouse-une-seconde-femme\/\"]}]},{\"@type\":\"ImageObject\",\"inLanguage\":\"fr-FR\",\"@id\":\"https:\/\/www.public.sn\/index.php\/2023\/04\/15\/carnet-blanc-un-haut-responsable-de-lapr-a-epouse-une-seconde-femme\/#primaryimage\",\"url\":\"https:\/\/www.public.sn\/wp-content\/uploads\/2023\/04\/Adama-Fall-APR.png\",\"contentUrl\":\"https:\/\/www.public.sn\/wp-content\/uploads\/2023\/04\/Adama-Fall-APR.png\",\"width\":706,\"height\":516},{\"@type\":\"BreadcrumbList\",\"@id\":\"https:\/\/www.public.sn\/index.php\/2023\/04\/15\/carnet-blanc-un-haut-responsable-de-lapr-a-epouse-une-seconde-femme\/#breadcrumb\",\"itemListElement\":[{\"@type\":\"ListItem\",\"position\":1,\"name\":\"Accueil\",\"item\":\"https:\/\/www.public.sn\/\"},{\"@type\":\"ListItem\",\"position\":2,\"name\":\"Carnet blanc : un haut responsable de l&rsquo;Apr a \u00e9pous\u00e9 une seconde femme\"}]},{\"@type\":\"WebSite\",\"@id\":\"https:\/\/www.public.sn\/#website\",\"url\":\"https:\/\/www.public.sn\/\",\"name\":\"LE PUBLIC\",\"description\":\"\",\"publisher\":{\"@id\":\"https:\/\/www.public.sn\/#organization\"},\"potentialAction\":[{\"@type\":\"SearchAction\",\"target\":{\"@type\":\"EntryPoint\",\"urlTemplate\":\"https:\/\/www.public.sn\/?s={search_term_string}\"},\"query-input\":{\"@type\":\"PropertyValueSpecification\",\"valueRequired\":true,\"valueName\":\"search_term_string\"}}],\"inLanguage\":\"fr-FR\"},{\"@type\":\"Organization\",\"@id\":\"https:\/\/www.public.sn\/#organization\",\"name\":\"LE PUBLIC\",\"url\":\"https:\/\/www.public.sn\/\",\"logo\":{\"@type\":\"ImageObject\",\"inLanguage\":\"fr-FR\",\"@id\":\"https:\/\/www.public.sn\/#\/schema\/logo\/image\/\",\"url\":\"https:\/\/www.public.sn\/wp-content\/uploads\/2024\/05\/cropped-LOGO-PUBLIC.SN_.png\",\"contentUrl\":\"https:\/\/www.public.sn\/wp-content\/uploads\/2024\/05\/cropped-LOGO-PUBLIC.SN_.png\",\"width\":682,\"height\":192,\"caption\":\"LE PUBLIC\"},\"image\":{\"@id\":\"https:\/\/www.public.sn\/#\/schema\/logo\/image\/\"}},{\"@type\":\"Person\",\"@id\":\"https:\/\/www.public.sn\/#\/schema\/person\/e3f4a11b037d4203902db148f9bc8d5a\",\"name\":\"LA REDACTION\",\"image\":{\"@type\":\"ImageObject\",\"inLanguage\":\"fr-FR\",\"@id\":\"https:\/\/www.public.sn\/#\/schema\/person\/image\/\",\"url\":\"https:\/\/secure.gravatar.com\/avatar\/d6c030db45db2883c075085c5d6c6258654a801a93766b49af0b82d4f454e2a5?s=96&d=mm&r=g\",\"contentUrl\":\"https:\/\/secure.gravatar.com\/avatar\/d6c030db45db2883c075085c5d6c6258654a801a93766b49af0b82d4f454e2a5?s=96&d=mm&r=g\",\"caption\":\"LA REDACTION\"},\"sameAs\":[\"http:\/\/www.public.sn\"],\"url\":\"https:\/\/www.public.sn\/index.php\/author\/admin7324\/\"}]}<\/script>\n<!-- \/ Yoast SEO plugin. -->","yoast_head_json":{"title":"Carnet blanc : un haut responsable de l'Apr a \u00e9pous\u00e9 une seconde femme - LE PUBLIC","description":"Disparu du petit \u00e9cran, le responsable politique de l'Alliance pour la R\u00e9publique (Apr) \u00e0 la M\u00e9dina se la coule dans un coin de paradis. Adama Fall puisque c'est de lui qu'il s'agit n'a pas fui le petit \u00e9cran pour rien. En effet, l'enseignant r\u00e9publicain a \u00e9pous\u00e9 une seconde femme. Publicsn qui a eu la primeur de l'info vous donne plus de d\u00e9tails sur ce mariage.","robots":{"index":"index","follow":"follow","max-snippet":"max-snippet:-1","max-image-preview":"max-image-preview:large","max-video-preview":"max-video-preview:-1"},"canonical":"https:\/\/www.public.sn\/index.php\/2023\/04\/15\/carnet-blanc-un-haut-responsable-de-lapr-a-epouse-une-seconde-femme\/","og_locale":"fr_FR","og_type":"article","og_title":"Carnet blanc : un haut responsable de l'Apr a \u00e9pous\u00e9 une seconde femme - LE PUBLIC","og_description":"Disparu du petit \u00e9cran, le responsable politique de l'Alliance pour la R\u00e9publique (Apr) \u00e0 la M\u00e9dina se la coule dans un coin de paradis. Adama Fall puisque c'est de lui qu'il s'agit n'a pas fui le petit \u00e9cran pour rien. En effet, l'enseignant r\u00e9publicain a \u00e9pous\u00e9 une seconde femme. Publicsn qui a eu la primeur de l'info vous donne plus de d\u00e9tails sur ce mariage.","og_url":"https:\/\/www.public.sn\/index.php\/2023\/04\/15\/carnet-blanc-un-haut-responsable-de-lapr-a-epouse-une-seconde-femme\/","og_site_name":"LE PUBLIC","article_published_time":"2023-04-15T21:08:47+00:00","og_image":[{"width":706,"height":516,"url":"https:\/\/www.public.sn\/wp-content\/uploads\/2023\/04\/Adama-Fall-APR.png","type":"image\/png"}],"author":"LA REDACTION","twitter_card":"summary_large_image","twitter_misc":{"\u00c9crit par":"LA REDACTION","Dur\u00e9e de lecture estim\u00e9e":"1 minute"},"schema":{"@context":"https:\/\/schema.org","@graph":[{"@type":"Article","@id":"https:\/\/www.public.sn\/index.php\/2023\/04\/15\/carnet-blanc-un-haut-responsable-de-lapr-a-epouse-une-seconde-femme\/#article","isPartOf":{"@id":"https:\/\/www.public.sn\/index.php\/2023\/04\/15\/carnet-blanc-un-haut-responsable-de-lapr-a-epouse-une-seconde-femme\/"},"author":{"name":"LA REDACTION","@id":"https:\/\/www.public.sn\/#\/schema\/person\/e3f4a11b037d4203902db148f9bc8d5a"},"headline":"Carnet blanc : un haut responsable de l&rsquo;Apr a \u00e9pous\u00e9 une seconde femme","datePublished":"2023-04-15T21:08:47+00:00","mainEntityOfPage":{"@id":"https:\/\/www.public.sn\/index.php\/2023\/04\/15\/carnet-blanc-un-haut-responsable-de-lapr-a-epouse-une-seconde-femme\/"},"wordCount":193,"commentCount":0,"publisher":{"@id":"https:\/\/www.public.sn\/#organization"},"image":{"@id":"https:\/\/www.public.sn\/index.php\/2023\/04\/15\/carnet-blanc-un-haut-responsable-de-lapr-a-epouse-une-seconde-femme\/#primaryimage"},"thumbnailUrl":"https:\/\/www.public.sn\/wp-content\/uploads\/2023\/04\/Adama-Fall-APR.png","keywords":["Adama Fall","Apr","mariage"],"articleSection":["PEOPLE","PHOTOS"],"inLanguage":"fr-FR","potentialAction":[{"@type":"CommentAction","name":"Comment","target":["https:\/\/www.public.sn\/index.php\/2023\/04\/15\/carnet-blanc-un-haut-responsable-de-lapr-a-epouse-une-seconde-femme\/#respond"]}]},{"@type":"WebPage","@id":"https:\/\/www.public.sn\/index.php\/2023\/04\/15\/carnet-blanc-un-haut-responsable-de-lapr-a-epouse-une-seconde-femme\/","url":"https:\/\/www.public.sn\/index.php\/2023\/04\/15\/carnet-blanc-un-haut-responsable-de-lapr-a-epouse-une-seconde-femme\/","name":"Carnet blanc : un haut responsable de l'Apr a \u00e9pous\u00e9 une seconde femme - LE PUBLIC","isPartOf":{"@id":"https:\/\/www.public.sn\/#website"},"primaryImageOfPage":{"@id":"https:\/\/www.public.sn\/index.php\/2023\/04\/15\/carnet-blanc-un-haut-responsable-de-lapr-a-epouse-une-seconde-femme\/#primaryimage"},"image":{"@id":"https:\/\/www.public.sn\/index.php\/2023\/04\/15\/carnet-blanc-un-haut-responsable-de-lapr-a-epouse-une-seconde-femme\/#primaryimage"},"thumbnailUrl":"https:\/\/www.public.sn\/wp-content\/uploads\/2023\/04\/Adama-Fall-APR.png","datePublished":"2023-04-15T21:08:47+00:00","description":"Disparu du petit \u00e9cran, le responsable politique de l'Alliance pour la R\u00e9publique (Apr) \u00e0 la M\u00e9dina se la coule dans un coin de paradis. Adama Fall puisque c'est de lui qu'il s'agit n'a pas fui le petit \u00e9cran pour rien. En effet, l'enseignant r\u00e9publicain a \u00e9pous\u00e9 une seconde femme. Publicsn qui a eu la primeur de l'info vous donne plus de d\u00e9tails sur ce mariage.","breadcrumb":{"@id":"https:\/\/www.public.sn\/index.php\/2023\/04\/15\/carnet-blanc-un-haut-responsable-de-lapr-a-epouse-une-seconde-femme\/#breadcrumb"},"inLanguage":"fr-FR","potentialAction":[{"@type":"ReadAction","target":["https:\/\/www.public.sn\/index.php\/2023\/04\/15\/carnet-blanc-un-haut-responsable-de-lapr-a-epouse-une-seconde-femme\/"]}]},{"@type":"ImageObject","inLanguage":"fr-FR","@id":"https:\/\/www.public.sn\/index.php\/2023\/04\/15\/carnet-blanc-un-haut-responsable-de-lapr-a-epouse-une-seconde-femme\/#primaryimage","url":"https:\/\/www.public.sn\/wp-content\/uploads\/2023\/04\/Adama-Fall-APR.png","contentUrl":"https:\/\/www.public.sn\/wp-content\/uploads\/2023\/04\/Adama-Fall-APR.png","width":706,"height":516},{"@type":"BreadcrumbList","@id":"https:\/\/www.public.sn\/index.php\/2023\/04\/15\/carnet-blanc-un-haut-responsable-de-lapr-a-epouse-une-seconde-femme\/#breadcrumb","itemListElement":[{"@type":"ListItem","position":1,"name":"Accueil","item":"https:\/\/www.public.sn\/"},{"@type":"ListItem","position":2,"name":"Carnet blanc : un haut responsable de l&rsquo;Apr a \u00e9pous\u00e9 une seconde femme"}]},{"@type":"WebSite","@id":"https:\/\/www.public.sn\/#website","url":"https:\/\/www.public.sn\/","name":"LE PUBLIC","description":"","publisher":{"@id":"https:\/\/www.public.sn\/#organization"},"potentialAction":[{"@type":"SearchAction","target":{"@type":"EntryPoint","urlTemplate":"https:\/\/www.public.sn\/?s={search_term_string}"},"query-input":{"@type":"PropertyValueSpecification","valueRequired":true,"valueName":"search_term_string"}}],"inLanguage":"fr-FR"},{"@type":"Organization","@id":"https:\/\/www.public.sn\/#organization","name":"LE PUBLIC","url":"https:\/\/www.public.sn\/","logo":{"@type":"ImageObject","inLanguage":"fr-FR","@id":"https:\/\/www.public.sn\/#\/schema\/logo\/image\/","url":"https:\/\/www.public.sn\/wp-content\/uploads\/2024\/05\/cropped-LOGO-PUBLIC.SN_.png","contentUrl":"https:\/\/www.public.sn\/wp-content\/uploads\/2024\/05\/cropped-LOGO-PUBLIC.SN_.png","width":682,"height":192,"caption":"LE PUBLIC"},"image":{"@id":"https:\/\/www.public.sn\/#\/schema\/logo\/image\/"}},{"@type":"Person","@id":"https:\/\/www.public.sn\/#\/schema\/person\/e3f4a11b037d4203902db148f9bc8d5a","name":"LA REDACTION","image":{"@type":"ImageObject","inLanguage":"fr-FR","@id":"https:\/\/www.public.sn\/#\/schema\/person\/image\/","url":"https:\/\/secure.gravatar.com\/avatar\/d6c030db45db2883c075085c5d6c6258654a801a93766b49af0b82d4f454e2a5?s=96&d=mm&r=g","contentUrl":"https:\/\/secure.gravatar.com\/avatar\/d6c030db45db2883c075085c5d6c6258654a801a93766b49af0b82d4f454e2a5?s=96&d=mm&r=g","caption":"LA REDACTION"},"sameAs":["http:\/\/www.public.sn"],"url":"https:\/\/www.public.sn\/index.php\/author\/admin7324\/"}]}},"jetpack_featured_media_url":"https:\/\/www.public.sn\/wp-content\/uploads\/2023\/04\/Adama-Fall-APR.png","jetpack_sharing_enabled":true,"_links":{"self":[{"href":"https:\/\/www.public.sn\/index.php\/wp-json\/wp\/v2\/posts\/19908","targetHints":{"allow":["GET"]}}],"collection":[{"href":"https:\/\/www.public.sn\/index.php\/wp-json\/wp\/v2\/posts"}],"about":[{"href":"https:\/\/www.public.sn\/index.php\/wp-json\/wp\/v2\/types\/post"}],"author":[{"embeddable":true,"href":"https:\/\/www.public.sn\/index.php\/wp-json\/wp\/v2\/users\/1"}],"replies":[{"embeddable":true,"href":"https:\/\/www.public.sn\/index.php\/wp-json\/wp\/v2\/comments?post=19908"}],"version-history":[{"count":3,"href":"https:\/\/www.public.sn\/index.php\/wp-json\/wp\/v2\/posts\/19908\/revisions"}],"predecessor-version":[{"id":19912,"href":"https:\/\/www.public.sn\/index.php\/wp-json\/wp\/v2\/posts\/19908\/revisions\/19912"}],"wp:featuredmedia":[{"embeddable":true,"href":"https:\/\/www.public.sn\/index.php\/wp-json\/wp\/v2\/media\/19909"}],"wp:attachment":[{"href":"https:\/\/www.public.sn\/index.php\/wp-json\/wp\/v2\/media?parent=19908"}],"wp:term":[{"taxonomy":"category","embeddable":true,"href":"https:\/\/www.public.sn\/index.php\/wp-json\/wp\/v2\/categories?post=19908"},{"taxonomy":"post_tag","embeddable":true,"href":"https:\/\/www.public.sn\/index.php\/wp-json\/wp\/v2\/tags?post=19908"}],"curies":[{"name":"wp","href":"https:\/\/api.w.org\/{rel}","templated":true}]}}