{"id":1993,"date":"2022-09-14T16:35:20","date_gmt":"2022-09-14T16:35:20","guid":{"rendered":"https:\/\/www.public.sn\/?p=1993"},"modified":"2022-09-14T16:35:20","modified_gmt":"2022-09-14T16:35:20","slug":"magal-de-touba-lessentiel-des-besoins-satisfaits-a-plus-de-96","status":"publish","type":"post","link":"https:\/\/www.public.sn\/index.php\/2022\/09\/14\/magal-de-touba-lessentiel-des-besoins-satisfaits-a-plus-de-96\/","title":{"rendered":"Magal de Touba : L\u2019essentiel des besoins satisfaits \u00e0 plus de 96 %."},"content":{"rendered":"\n<p>Plus de 96% des besoins exprim\u00e9s par le comit\u00e9 d\u2019organisation du Grand Magal de Touba ont \u00e9t\u00e9 satisfaits par les autorit\u00e9s, a indiqu\u00e9 le ministre de l\u2019Int\u00e9rieur, Antoine Felix Diome. \u00ab<em>Sur 137 besoins exprim\u00e9s par le Comit\u00e9 d\u2019organisation, l\u2019\u00c9tat a satisfait 133 besoins \u00e0 ce jour, soit \u00e0 un taux d\u2019ex\u00e9cution de plus de 96%<\/em>\u00bb, a dit M. Diome.&nbsp;<\/p><div class=\"publi-paragraphe1\" style=\"margin-top: 10px;margin-bottom: 10px;margin-left: auto;margin-right: auto;text-align: center;\" id=\"publi-1637932732\"><div class=\"publi-adlabel\">Publicit\u00e9<\/div><script async src=\"\/\/pagead2.googlesyndication.com\/pagead\/js\/adsbygoogle.js?client=ca-pub-4089586018074219\" crossorigin=\"anonymous\"><\/script><ins class=\"adsbygoogle\" style=\"display:block;\" data-ad-client=\"ca-pub-4089586018074219\" \ndata-ad-slot=\"2087940154\" \ndata-ad-format=\"auto\"><\/ins>\n<script> \n(adsbygoogle = window.adsbygoogle || []).push({}); \n<\/script>\n<\/div>\n\n\n\n<p>Selon \u00ab\u00a0L&rsquo;As\u00a0\u00bb, il s\u2019exprimait au terme d\u2019une r\u00e9union d\u2019\u00e9valuation des pr\u00e9paratifs de l\u2019\u00e9dition 2022 du Grand Magal en pr\u00e9sence du pr\u00e9sident du comit\u00e9 d\u2019organisation, Serigne Bassirou Mback\u00e9 Abdou Khadre. \u00ab<em>Cela, nous le devons \u00e0 l\u2019engagement de tous les services de l\u2019Etat, mais \u00e9galement \u00e0 la bonne et franche collaboration des membres du Comit\u00e9 d\u2019organisation<\/em>\u00bb, a-t-il ajout\u00e9. \u00ab<em>Nous sommes \u00e0 moins de 72 heures du Grand Magal et pour ce qui reste des 4 % des engagements de l\u2019Etat non satisfaits, cela fera l\u2019objet d\u2019un suivi pr\u00e9cis<\/em>\u00bb, a-t-il assur\u00e9.&nbsp;<\/p>\n\n\n\n<p>Le ministre de l\u2019Int\u00e9rieur a ajout\u00e9 que ce suivi se fera d\u2019ici au Magal, avec l\u2019implication personnelle du gouverneur de la r\u00e9gion de Diourbel, Ibrahima Fall et des autres services de l\u2019Etat. Il a assur\u00e9 que la principale crainte portant sur l\u2019approvisionnement en eau pouvait \u00eatre lev\u00e9e avec la mise en service de quatre nouveaux forages \u00e0 Touba. Concernant les inondations, il a insist\u00e9 sur le fait que l\u2019augmentation des moyens de pompage avait permis d\u2019assurer un soulagement ressenti par les populations.<\/p>\n<div class=\"publi-apres-le-contenu\" style=\"margin-top: 10px;margin-bottom: 10px;margin-left: auto;margin-right: auto;text-align: center;\" id=\"publi-1293146900\"><div class=\"publi-adlabel\">Publicit\u00e9<\/div><script async src=\"\/\/pagead2.googlesyndication.com\/pagead\/js\/adsbygoogle.js?client=ca-pub-4089586018074219\" crossorigin=\"anonymous\"><\/script><ins class=\"adsbygoogle\" style=\"display:block;\" data-ad-client=\"ca-pub-4089586018074219\" \ndata-ad-slot=\"2087940154\" \ndata-ad-format=\"auto\"><\/ins>\n<script> \n(adsbygoogle = window.adsbygoogle || []).push({}); \n<\/script>\n<\/div>","protected":false},"excerpt":{"rendered":"<p>Plus de 96% des besoins exprim\u00e9s par le comit\u00e9 d\u2019organisation du Grand Magal de Touba ont \u00e9t\u00e9 satisfaits par les autorit\u00e9s, a indiqu\u00e9 le ministre de l\u2019Int\u00e9rieur, Antoine Felix Diome. \u00abSur 137 besoins exprim\u00e9s par le Comit\u00e9 d\u2019organisation, l\u2019\u00c9tat a satisfait 133 besoins \u00e0 ce jour, soit \u00e0 un taux d\u2019ex\u00e9cution de plus de 96%\u00bb, a dit M. Diome.&nbsp; Selon \u00ab\u00a0L&rsquo;As\u00a0\u00bb, il s\u2019exprimait au terme d\u2019une r\u00e9union d\u2019\u00e9valuation des pr\u00e9paratifs de l\u2019\u00e9dition 2022 du Grand Magal en pr\u00e9sence du pr\u00e9sident du comit\u00e9 d\u2019organisation, Serigne Bassirou Mback\u00e9 Abdou Khadre. \u00abCela, nous le devons \u00e0 l\u2019engagement de tous les services de l\u2019Etat, mais \u00e9galement \u00e0 la bonne et franche collaboration des membres du Comit\u00e9 d\u2019organisation\u00bb, a-t-il ajout\u00e9. \u00abNous sommes \u00e0 moins de 72 heures du Grand Magal et pour ce qui reste des 4 % des engagements de l\u2019Etat non satisfaits, cela fera l\u2019objet d\u2019un suivi pr\u00e9cis\u00bb, a-t-il assur\u00e9.&nbsp; Le ministre de l\u2019Int\u00e9rieur a ajout\u00e9 que ce suivi se fera d\u2019ici au Magal, avec l\u2019implication personnelle du gouverneur de la r\u00e9gion de Diourbel, Ibrahima Fall et des autres services de l\u2019Etat. Il a assur\u00e9 que la principale crainte portant sur l\u2019approvisionnement en eau pouvait \u00eatre lev\u00e9e avec la mise en service de quatre nouveaux forages \u00e0 Touba. Concernant les inondations, il a insist\u00e9 sur le fait que l\u2019augmentation des moyens de pompage avait permis d\u2019assurer un soulagement ressenti par les populations.<\/p>\n","protected":false},"author":1,"featured_media":1994,"comment_status":"open","ping_status":"open","sticky":false,"template":"","format":"standard","meta":{"_jetpack_memberships_contains_paid_content":false,"footnotes":""},"categories":[375],"tags":[256,758,92,69],"class_list":["post-1993","post","type-post","status-publish","format-standard","has-post-thumbnail","hentry","category-actualites","tag-antoine-felix-diome","tag-besoins-satisfaits","tag-inondations","tag-touba","entry","has-media","owp-thumbs-layout-horizontal","owp-btn-normal","owp-tabs-layout-horizontal","has-no-thumbnails","has-product-nav"],"yoast_head":"<!-- This site is optimized with the Yoast SEO plugin v25.5 - https:\/\/yoast.com\/wordpress\/plugins\/seo\/ -->\n<title>Magal de Touba : L\u2019essentiel des besoins satisfaits \u00e0 plus de 96 %. - LE PUBLIC<\/title>\n<meta name=\"robots\" content=\"index, follow, max-snippet:-1, max-image-preview:large, max-video-preview:-1\" \/>\n<link rel=\"canonical\" href=\"https:\/\/www.public.sn\/index.php\/2022\/09\/14\/magal-de-touba-lessentiel-des-besoins-satisfaits-a-plus-de-96\/\" \/>\n<meta property=\"og:locale\" content=\"fr_FR\" \/>\n<meta property=\"og:type\" content=\"article\" \/>\n<meta property=\"og:title\" content=\"Magal de Touba : L\u2019essentiel des besoins satisfaits \u00e0 plus de 96 %. - LE PUBLIC\" \/>\n<meta property=\"og:description\" content=\"Plus de 96% des besoins exprim\u00e9s par le comit\u00e9 d\u2019organisation du Grand Magal de Touba ont \u00e9t\u00e9 satisfaits par les autorit\u00e9s, a indiqu\u00e9 le ministre de l\u2019Int\u00e9rieur, Antoine Felix Diome. \u00abSur 137 besoins exprim\u00e9s par le Comit\u00e9 d\u2019organisation, l\u2019\u00c9tat a satisfait 133 besoins \u00e0 ce jour, soit \u00e0 un taux d\u2019ex\u00e9cution de plus de 96%\u00bb, a dit M. Diome.&nbsp; Selon \u00ab\u00a0L&rsquo;As\u00a0\u00bb, il s\u2019exprimait au terme d\u2019une r\u00e9union d\u2019\u00e9valuation des pr\u00e9paratifs de l\u2019\u00e9dition 2022 du Grand Magal en pr\u00e9sence du pr\u00e9sident du comit\u00e9 d\u2019organisation, Serigne Bassirou Mback\u00e9 Abdou Khadre. \u00abCela, nous le devons \u00e0 l\u2019engagement de tous les services de l\u2019Etat, mais \u00e9galement \u00e0 la bonne et franche collaboration des membres du Comit\u00e9 d\u2019organisation\u00bb, a-t-il ajout\u00e9. \u00abNous sommes \u00e0 moins de 72 heures du Grand Magal et pour ce qui reste des 4 % des engagements de l\u2019Etat non satisfaits, cela fera l\u2019objet d\u2019un suivi pr\u00e9cis\u00bb, a-t-il assur\u00e9.&nbsp; Le ministre de l\u2019Int\u00e9rieur a ajout\u00e9 que ce suivi se fera d\u2019ici au Magal, avec l\u2019implication personnelle du gouverneur de la r\u00e9gion de Diourbel, Ibrahima Fall et des autres services de l\u2019Etat. Il a assur\u00e9 que la principale crainte portant sur l\u2019approvisionnement en eau pouvait \u00eatre lev\u00e9e avec la mise en service de quatre nouveaux forages \u00e0 Touba. Concernant les inondations, il a insist\u00e9 sur le fait que l\u2019augmentation des moyens de pompage avait permis d\u2019assurer un soulagement ressenti par les populations.\" \/>\n<meta property=\"og:url\" content=\"https:\/\/www.public.sn\/index.php\/2022\/09\/14\/magal-de-touba-lessentiel-des-besoins-satisfaits-a-plus-de-96\/\" \/>\n<meta property=\"og:site_name\" content=\"LE PUBLIC\" \/>\n<meta property=\"article:published_time\" content=\"2022-09-14T16:35:20+00:00\" \/>\n<meta property=\"og:image\" content=\"https:\/\/www.public.sn\/wp-content\/uploads\/2022\/09\/A3F65CE0-6C67-40CB-BFFE-1B402137F33A.jpeg\" \/>\n\t<meta property=\"og:image:width\" content=\"696\" \/>\n\t<meta property=\"og:image:height\" content=\"422\" \/>\n\t<meta property=\"og:image:type\" content=\"image\/jpeg\" \/>\n<meta name=\"author\" content=\"LA REDACTION\" \/>\n<meta name=\"twitter:card\" content=\"summary_large_image\" \/>\n<meta name=\"twitter:label1\" content=\"\u00c9crit par\" \/>\n\t<meta name=\"twitter:data1\" content=\"LA REDACTION\" \/>\n\t<meta name=\"twitter:label2\" content=\"Dur\u00e9e de lecture estim\u00e9e\" \/>\n\t<meta name=\"twitter:data2\" content=\"2 minutes\" \/>\n<script type=\"application\/ld+json\" class=\"yoast-schema-graph\">{\"@context\":\"https:\/\/schema.org\",\"@graph\":[{\"@type\":\"Article\",\"@id\":\"https:\/\/www.public.sn\/index.php\/2022\/09\/14\/magal-de-touba-lessentiel-des-besoins-satisfaits-a-plus-de-96\/#article\",\"isPartOf\":{\"@id\":\"https:\/\/www.public.sn\/index.php\/2022\/09\/14\/magal-de-touba-lessentiel-des-besoins-satisfaits-a-plus-de-96\/\"},\"author\":{\"name\":\"LA REDACTION\",\"@id\":\"https:\/\/www.public.sn\/#\/schema\/person\/e3f4a11b037d4203902db148f9bc8d5a\"},\"headline\":\"Magal de Touba : L\u2019essentiel des besoins satisfaits \u00e0 plus de 96 %.\",\"datePublished\":\"2022-09-14T16:35:20+00:00\",\"mainEntityOfPage\":{\"@id\":\"https:\/\/www.public.sn\/index.php\/2022\/09\/14\/magal-de-touba-lessentiel-des-besoins-satisfaits-a-plus-de-96\/\"},\"wordCount\":263,\"commentCount\":0,\"publisher\":{\"@id\":\"https:\/\/www.public.sn\/#organization\"},\"image\":{\"@id\":\"https:\/\/www.public.sn\/index.php\/2022\/09\/14\/magal-de-touba-lessentiel-des-besoins-satisfaits-a-plus-de-96\/#primaryimage\"},\"thumbnailUrl\":\"https:\/\/www.public.sn\/wp-content\/uploads\/2022\/09\/A3F65CE0-6C67-40CB-BFFE-1B402137F33A.jpeg\",\"keywords\":[\"Antoine F\u00e9lix Diome\",\"Besoins satisfaits\",\"Inondations\",\"Touba\"],\"articleSection\":[\"ACTUALIT\u00c9S\"],\"inLanguage\":\"fr-FR\",\"potentialAction\":[{\"@type\":\"CommentAction\",\"name\":\"Comment\",\"target\":[\"https:\/\/www.public.sn\/index.php\/2022\/09\/14\/magal-de-touba-lessentiel-des-besoins-satisfaits-a-plus-de-96\/#respond\"]}]},{\"@type\":\"WebPage\",\"@id\":\"https:\/\/www.public.sn\/index.php\/2022\/09\/14\/magal-de-touba-lessentiel-des-besoins-satisfaits-a-plus-de-96\/\",\"url\":\"https:\/\/www.public.sn\/index.php\/2022\/09\/14\/magal-de-touba-lessentiel-des-besoins-satisfaits-a-plus-de-96\/\",\"name\":\"Magal de Touba : L\u2019essentiel des besoins satisfaits \u00e0 plus de 96 %. - LE PUBLIC\",\"isPartOf\":{\"@id\":\"https:\/\/www.public.sn\/#website\"},\"primaryImageOfPage\":{\"@id\":\"https:\/\/www.public.sn\/index.php\/2022\/09\/14\/magal-de-touba-lessentiel-des-besoins-satisfaits-a-plus-de-96\/#primaryimage\"},\"image\":{\"@id\":\"https:\/\/www.public.sn\/index.php\/2022\/09\/14\/magal-de-touba-lessentiel-des-besoins-satisfaits-a-plus-de-96\/#primaryimage\"},\"thumbnailUrl\":\"https:\/\/www.public.sn\/wp-content\/uploads\/2022\/09\/A3F65CE0-6C67-40CB-BFFE-1B402137F33A.jpeg\",\"datePublished\":\"2022-09-14T16:35:20+00:00\",\"breadcrumb\":{\"@id\":\"https:\/\/www.public.sn\/index.php\/2022\/09\/14\/magal-de-touba-lessentiel-des-besoins-satisfaits-a-plus-de-96\/#breadcrumb\"},\"inLanguage\":\"fr-FR\",\"potentialAction\":[{\"@type\":\"ReadAction\",\"target\":[\"https:\/\/www.public.sn\/index.php\/2022\/09\/14\/magal-de-touba-lessentiel-des-besoins-satisfaits-a-plus-de-96\/\"]}]},{\"@type\":\"ImageObject\",\"inLanguage\":\"fr-FR\",\"@id\":\"https:\/\/www.public.sn\/index.php\/2022\/09\/14\/magal-de-touba-lessentiel-des-besoins-satisfaits-a-plus-de-96\/#primaryimage\",\"url\":\"https:\/\/www.public.sn\/wp-content\/uploads\/2022\/09\/A3F65CE0-6C67-40CB-BFFE-1B402137F33A.jpeg\",\"contentUrl\":\"https:\/\/www.public.sn\/wp-content\/uploads\/2022\/09\/A3F65CE0-6C67-40CB-BFFE-1B402137F33A.jpeg\",\"width\":696,\"height\":422},{\"@type\":\"BreadcrumbList\",\"@id\":\"https:\/\/www.public.sn\/index.php\/2022\/09\/14\/magal-de-touba-lessentiel-des-besoins-satisfaits-a-plus-de-96\/#breadcrumb\",\"itemListElement\":[{\"@type\":\"ListItem\",\"position\":1,\"name\":\"Accueil\",\"item\":\"https:\/\/www.public.sn\/\"},{\"@type\":\"ListItem\",\"position\":2,\"name\":\"Magal de Touba : L\u2019essentiel des besoins satisfaits \u00e0 plus de 96 %.\"}]},{\"@type\":\"WebSite\",\"@id\":\"https:\/\/www.public.sn\/#website\",\"url\":\"https:\/\/www.public.sn\/\",\"name\":\"LE PUBLIC\",\"description\":\"\",\"publisher\":{\"@id\":\"https:\/\/www.public.sn\/#organization\"},\"potentialAction\":[{\"@type\":\"SearchAction\",\"target\":{\"@type\":\"EntryPoint\",\"urlTemplate\":\"https:\/\/www.public.sn\/?s={search_term_string}\"},\"query-input\":{\"@type\":\"PropertyValueSpecification\",\"valueRequired\":true,\"valueName\":\"search_term_string\"}}],\"inLanguage\":\"fr-FR\"},{\"@type\":\"Organization\",\"@id\":\"https:\/\/www.public.sn\/#organization\",\"name\":\"LE PUBLIC\",\"url\":\"https:\/\/www.public.sn\/\",\"logo\":{\"@type\":\"ImageObject\",\"inLanguage\":\"fr-FR\",\"@id\":\"https:\/\/www.public.sn\/#\/schema\/logo\/image\/\",\"url\":\"https:\/\/www.public.sn\/wp-content\/uploads\/2024\/05\/cropped-LOGO-PUBLIC.SN_.png\",\"contentUrl\":\"https:\/\/www.public.sn\/wp-content\/uploads\/2024\/05\/cropped-LOGO-PUBLIC.SN_.png\",\"width\":682,\"height\":192,\"caption\":\"LE PUBLIC\"},\"image\":{\"@id\":\"https:\/\/www.public.sn\/#\/schema\/logo\/image\/\"}},{\"@type\":\"Person\",\"@id\":\"https:\/\/www.public.sn\/#\/schema\/person\/e3f4a11b037d4203902db148f9bc8d5a\",\"name\":\"LA REDACTION\",\"image\":{\"@type\":\"ImageObject\",\"inLanguage\":\"fr-FR\",\"@id\":\"https:\/\/www.public.sn\/#\/schema\/person\/image\/\",\"url\":\"https:\/\/secure.gravatar.com\/avatar\/d6c030db45db2883c075085c5d6c6258654a801a93766b49af0b82d4f454e2a5?s=96&d=mm&r=g\",\"contentUrl\":\"https:\/\/secure.gravatar.com\/avatar\/d6c030db45db2883c075085c5d6c6258654a801a93766b49af0b82d4f454e2a5?s=96&d=mm&r=g\",\"caption\":\"LA REDACTION\"},\"sameAs\":[\"http:\/\/www.public.sn\"],\"url\":\"https:\/\/www.public.sn\/index.php\/author\/admin7324\/\"}]}<\/script>\n<!-- \/ Yoast SEO plugin. -->","yoast_head_json":{"title":"Magal de Touba : L\u2019essentiel des besoins satisfaits \u00e0 plus de 96 %. - LE PUBLIC","robots":{"index":"index","follow":"follow","max-snippet":"max-snippet:-1","max-image-preview":"max-image-preview:large","max-video-preview":"max-video-preview:-1"},"canonical":"https:\/\/www.public.sn\/index.php\/2022\/09\/14\/magal-de-touba-lessentiel-des-besoins-satisfaits-a-plus-de-96\/","og_locale":"fr_FR","og_type":"article","og_title":"Magal de Touba : L\u2019essentiel des besoins satisfaits \u00e0 plus de 96 %. - LE PUBLIC","og_description":"Plus de 96% des besoins exprim\u00e9s par le comit\u00e9 d\u2019organisation du Grand Magal de Touba ont \u00e9t\u00e9 satisfaits par les autorit\u00e9s, a indiqu\u00e9 le ministre de l\u2019Int\u00e9rieur, Antoine Felix Diome. \u00abSur 137 besoins exprim\u00e9s par le Comit\u00e9 d\u2019organisation, l\u2019\u00c9tat a satisfait 133 besoins \u00e0 ce jour, soit \u00e0 un taux d\u2019ex\u00e9cution de plus de 96%\u00bb, a dit M. Diome.&nbsp; Selon \u00ab\u00a0L&rsquo;As\u00a0\u00bb, il s\u2019exprimait au terme d\u2019une r\u00e9union d\u2019\u00e9valuation des pr\u00e9paratifs de l\u2019\u00e9dition 2022 du Grand Magal en pr\u00e9sence du pr\u00e9sident du comit\u00e9 d\u2019organisation, Serigne Bassirou Mback\u00e9 Abdou Khadre. \u00abCela, nous le devons \u00e0 l\u2019engagement de tous les services de l\u2019Etat, mais \u00e9galement \u00e0 la bonne et franche collaboration des membres du Comit\u00e9 d\u2019organisation\u00bb, a-t-il ajout\u00e9. \u00abNous sommes \u00e0 moins de 72 heures du Grand Magal et pour ce qui reste des 4 % des engagements de l\u2019Etat non satisfaits, cela fera l\u2019objet d\u2019un suivi pr\u00e9cis\u00bb, a-t-il assur\u00e9.&nbsp; Le ministre de l\u2019Int\u00e9rieur a ajout\u00e9 que ce suivi se fera d\u2019ici au Magal, avec l\u2019implication personnelle du gouverneur de la r\u00e9gion de Diourbel, Ibrahima Fall et des autres services de l\u2019Etat. Il a assur\u00e9 que la principale crainte portant sur l\u2019approvisionnement en eau pouvait \u00eatre lev\u00e9e avec la mise en service de quatre nouveaux forages \u00e0 Touba. Concernant les inondations, il a insist\u00e9 sur le fait que l\u2019augmentation des moyens de pompage avait permis d\u2019assurer un soulagement ressenti par les populations.","og_url":"https:\/\/www.public.sn\/index.php\/2022\/09\/14\/magal-de-touba-lessentiel-des-besoins-satisfaits-a-plus-de-96\/","og_site_name":"LE PUBLIC","article_published_time":"2022-09-14T16:35:20+00:00","og_image":[{"width":696,"height":422,"url":"https:\/\/www.public.sn\/wp-content\/uploads\/2022\/09\/A3F65CE0-6C67-40CB-BFFE-1B402137F33A.jpeg","type":"image\/jpeg"}],"author":"LA REDACTION","twitter_card":"summary_large_image","twitter_misc":{"\u00c9crit par":"LA REDACTION","Dur\u00e9e de lecture estim\u00e9e":"2 minutes"},"schema":{"@context":"https:\/\/schema.org","@graph":[{"@type":"Article","@id":"https:\/\/www.public.sn\/index.php\/2022\/09\/14\/magal-de-touba-lessentiel-des-besoins-satisfaits-a-plus-de-96\/#article","isPartOf":{"@id":"https:\/\/www.public.sn\/index.php\/2022\/09\/14\/magal-de-touba-lessentiel-des-besoins-satisfaits-a-plus-de-96\/"},"author":{"name":"LA REDACTION","@id":"https:\/\/www.public.sn\/#\/schema\/person\/e3f4a11b037d4203902db148f9bc8d5a"},"headline":"Magal de Touba : L\u2019essentiel des besoins satisfaits \u00e0 plus de 96 %.","datePublished":"2022-09-14T16:35:20+00:00","mainEntityOfPage":{"@id":"https:\/\/www.public.sn\/index.php\/2022\/09\/14\/magal-de-touba-lessentiel-des-besoins-satisfaits-a-plus-de-96\/"},"wordCount":263,"commentCount":0,"publisher":{"@id":"https:\/\/www.public.sn\/#organization"},"image":{"@id":"https:\/\/www.public.sn\/index.php\/2022\/09\/14\/magal-de-touba-lessentiel-des-besoins-satisfaits-a-plus-de-96\/#primaryimage"},"thumbnailUrl":"https:\/\/www.public.sn\/wp-content\/uploads\/2022\/09\/A3F65CE0-6C67-40CB-BFFE-1B402137F33A.jpeg","keywords":["Antoine F\u00e9lix Diome","Besoins satisfaits","Inondations","Touba"],"articleSection":["ACTUALIT\u00c9S"],"inLanguage":"fr-FR","potentialAction":[{"@type":"CommentAction","name":"Comment","target":["https:\/\/www.public.sn\/index.php\/2022\/09\/14\/magal-de-touba-lessentiel-des-besoins-satisfaits-a-plus-de-96\/#respond"]}]},{"@type":"WebPage","@id":"https:\/\/www.public.sn\/index.php\/2022\/09\/14\/magal-de-touba-lessentiel-des-besoins-satisfaits-a-plus-de-96\/","url":"https:\/\/www.public.sn\/index.php\/2022\/09\/14\/magal-de-touba-lessentiel-des-besoins-satisfaits-a-plus-de-96\/","name":"Magal de Touba : L\u2019essentiel des besoins satisfaits \u00e0 plus de 96 %. - LE PUBLIC","isPartOf":{"@id":"https:\/\/www.public.sn\/#website"},"primaryImageOfPage":{"@id":"https:\/\/www.public.sn\/index.php\/2022\/09\/14\/magal-de-touba-lessentiel-des-besoins-satisfaits-a-plus-de-96\/#primaryimage"},"image":{"@id":"https:\/\/www.public.sn\/index.php\/2022\/09\/14\/magal-de-touba-lessentiel-des-besoins-satisfaits-a-plus-de-96\/#primaryimage"},"thumbnailUrl":"https:\/\/www.public.sn\/wp-content\/uploads\/2022\/09\/A3F65CE0-6C67-40CB-BFFE-1B402137F33A.jpeg","datePublished":"2022-09-14T16:35:20+00:00","breadcrumb":{"@id":"https:\/\/www.public.sn\/index.php\/2022\/09\/14\/magal-de-touba-lessentiel-des-besoins-satisfaits-a-plus-de-96\/#breadcrumb"},"inLanguage":"fr-FR","potentialAction":[{"@type":"ReadAction","target":["https:\/\/www.public.sn\/index.php\/2022\/09\/14\/magal-de-touba-lessentiel-des-besoins-satisfaits-a-plus-de-96\/"]}]},{"@type":"ImageObject","inLanguage":"fr-FR","@id":"https:\/\/www.public.sn\/index.php\/2022\/09\/14\/magal-de-touba-lessentiel-des-besoins-satisfaits-a-plus-de-96\/#primaryimage","url":"https:\/\/www.public.sn\/wp-content\/uploads\/2022\/09\/A3F65CE0-6C67-40CB-BFFE-1B402137F33A.jpeg","contentUrl":"https:\/\/www.public.sn\/wp-content\/uploads\/2022\/09\/A3F65CE0-6C67-40CB-BFFE-1B402137F33A.jpeg","width":696,"height":422},{"@type":"BreadcrumbList","@id":"https:\/\/www.public.sn\/index.php\/2022\/09\/14\/magal-de-touba-lessentiel-des-besoins-satisfaits-a-plus-de-96\/#breadcrumb","itemListElement":[{"@type":"ListItem","position":1,"name":"Accueil","item":"https:\/\/www.public.sn\/"},{"@type":"ListItem","position":2,"name":"Magal de Touba : L\u2019essentiel des besoins satisfaits \u00e0 plus de 96 %."}]},{"@type":"WebSite","@id":"https:\/\/www.public.sn\/#website","url":"https:\/\/www.public.sn\/","name":"LE PUBLIC","description":"","publisher":{"@id":"https:\/\/www.public.sn\/#organization"},"potentialAction":[{"@type":"SearchAction","target":{"@type":"EntryPoint","urlTemplate":"https:\/\/www.public.sn\/?s={search_term_string}"},"query-input":{"@type":"PropertyValueSpecification","valueRequired":true,"valueName":"search_term_string"}}],"inLanguage":"fr-FR"},{"@type":"Organization","@id":"https:\/\/www.public.sn\/#organization","name":"LE PUBLIC","url":"https:\/\/www.public.sn\/","logo":{"@type":"ImageObject","inLanguage":"fr-FR","@id":"https:\/\/www.public.sn\/#\/schema\/logo\/image\/","url":"https:\/\/www.public.sn\/wp-content\/uploads\/2024\/05\/cropped-LOGO-PUBLIC.SN_.png","contentUrl":"https:\/\/www.public.sn\/wp-content\/uploads\/2024\/05\/cropped-LOGO-PUBLIC.SN_.png","width":682,"height":192,"caption":"LE PUBLIC"},"image":{"@id":"https:\/\/www.public.sn\/#\/schema\/logo\/image\/"}},{"@type":"Person","@id":"https:\/\/www.public.sn\/#\/schema\/person\/e3f4a11b037d4203902db148f9bc8d5a","name":"LA REDACTION","image":{"@type":"ImageObject","inLanguage":"fr-FR","@id":"https:\/\/www.public.sn\/#\/schema\/person\/image\/","url":"https:\/\/secure.gravatar.com\/avatar\/d6c030db45db2883c075085c5d6c6258654a801a93766b49af0b82d4f454e2a5?s=96&d=mm&r=g","contentUrl":"https:\/\/secure.gravatar.com\/avatar\/d6c030db45db2883c075085c5d6c6258654a801a93766b49af0b82d4f454e2a5?s=96&d=mm&r=g","caption":"LA REDACTION"},"sameAs":["http:\/\/www.public.sn"],"url":"https:\/\/www.public.sn\/index.php\/author\/admin7324\/"}]}},"jetpack_featured_media_url":"https:\/\/www.public.sn\/wp-content\/uploads\/2022\/09\/A3F65CE0-6C67-40CB-BFFE-1B402137F33A.jpeg","jetpack_sharing_enabled":true,"_links":{"self":[{"href":"https:\/\/www.public.sn\/index.php\/wp-json\/wp\/v2\/posts\/1993","targetHints":{"allow":["GET"]}}],"collection":[{"href":"https:\/\/www.public.sn\/index.php\/wp-json\/wp\/v2\/posts"}],"about":[{"href":"https:\/\/www.public.sn\/index.php\/wp-json\/wp\/v2\/types\/post"}],"author":[{"embeddable":true,"href":"https:\/\/www.public.sn\/index.php\/wp-json\/wp\/v2\/users\/1"}],"replies":[{"embeddable":true,"href":"https:\/\/www.public.sn\/index.php\/wp-json\/wp\/v2\/comments?post=1993"}],"version-history":[{"count":1,"href":"https:\/\/www.public.sn\/index.php\/wp-json\/wp\/v2\/posts\/1993\/revisions"}],"predecessor-version":[{"id":1995,"href":"https:\/\/www.public.sn\/index.php\/wp-json\/wp\/v2\/posts\/1993\/revisions\/1995"}],"wp:featuredmedia":[{"embeddable":true,"href":"https:\/\/www.public.sn\/index.php\/wp-json\/wp\/v2\/media\/1994"}],"wp:attachment":[{"href":"https:\/\/www.public.sn\/index.php\/wp-json\/wp\/v2\/media?parent=1993"}],"wp:term":[{"taxonomy":"category","embeddable":true,"href":"https:\/\/www.public.sn\/index.php\/wp-json\/wp\/v2\/categories?post=1993"},{"taxonomy":"post_tag","embeddable":true,"href":"https:\/\/www.public.sn\/index.php\/wp-json\/wp\/v2\/tags?post=1993"}],"curies":[{"name":"wp","href":"https:\/\/api.w.org\/{rel}","templated":true}]}}