{"id":20100,"date":"2023-04-19T17:45:18","date_gmt":"2023-04-19T17:45:18","guid":{"rendered":"https:\/\/www.public.sn\/?p=20100"},"modified":"2023-04-19T17:45:18","modified_gmt":"2023-04-19T17:45:18","slug":"condamne-a-20-ans-de-reclusion-criminelle-traite-dhomosexuel-laccuse-m-camara-avait-poignarde-mortellement-son-adversaire-a-laide-dune-paire-de-ciseaux","status":"publish","type":"post","link":"https:\/\/www.public.sn\/index.php\/2023\/04\/19\/condamne-a-20-ans-de-reclusion-criminelle-traite-dhomosexuel-laccuse-m-camara-avait-poignarde-mortellement-son-adversaire-a-laide-dune-paire-de-ciseaux\/","title":{"rendered":"Condamn\u00e9 \u00e0 20 ans de r\u00e9clusion criminelle : Trait\u00e9 d\u2019homosexuel, l\u2019accus\u00e9  M. Camara  avait poignard\u00e9 mortellement son adversaire \u00e0 l\u2019aide d\u2019une paire de ciseaux"},"content":{"rendered":"<p>Apr\u00e8s 7 ans pass\u00e9s dans les liens de la d\u00e9tention, l\u2019accus\u00e9 M. Camara a interjet\u00e9 appel devant la chambre criminelle d\u2019appel pour des faits d\u2019assassinat. L\u2019affaire est mise en d\u00e9lib\u00e9r\u00e9 au 17 mai prochain.                                                                                                  Les faits remontent au 7 d\u00e9cembre 2016 lorsqu\u2019une querelle a \u00e9clat\u00e9 entre le sieur M. Camara et la victime D. Sarr engendrant le d\u00e9c\u00e8s du dernier nomm\u00e9. Il a \u00e9t\u00e9 atteint avec une paire de ciseaux sur l\u2019aorte, une art\u00e8re qui part du c\u0153ur au niveau du ventricule gauche. Le mis en cause qui a \u00e9t\u00e9 jug\u00e9 et condamn\u00e9 \u00e0 20 ans de r\u00e9clusion criminelle a fait appel Il esp\u00e8re une r\u00e9duction de sa peine jug\u00e9e lourde par la d\u00e9fense. L&rsquo;affaire qui a r\u00e9sult\u00e9 d&rsquo;une ordonnance de renvoi devant la chambre criminelle, a \u00e9t\u00e9 rejug\u00e9 ce matin. Il ressort des d\u00e9bats d\u2019audience tenus aujourd\u2019hui, que tout est parti d\u2019une banale dispute entre le mis en cause et un groupe de jeunes dont faisait partie la victime. Selon le proc\u00e8s verbal d\u2019enqu\u00eate, c\u2019est l\u2019accus\u00e9 lui-m\u00eame qui a lanc\u00e9 les hostilit\u00e9s en traitant la victime D. Sarr d\u2019homosexuel et il s\u2019en est suivi une altercation entre les deux (2). Ils seront vite s\u00e9par\u00e9s avant que le pr\u00e9venu ne regagne sa demeure pour en ressortir cette-fois-ci avec une paire de ciseaux qu\u2019il a r\u00e9ussi \u00e0 planter au sieur D. Sarr. Devant la barre, il mesure la gravit\u00e9 de son acte. \u00ab J\u2019ai agi sous le coup de la col\u00e8re. Je n\u2019ai pas pris conscience de mon acte \u00bb, a confi\u00e9 le mis en cause \u00e2g\u00e9 de la trentaine. M. Camara comme c\u2019est de lui qu\u2019il s\u2019agit, devant la chambre criminelle a regrett\u00e9 son acte. \u00ab C\u2019est un acte que je regrette encore. \u00c7a a boulevers\u00e9 ma vie \u00bb, a-t-il expliqu\u00e9 avant de pr\u00e9senter ses plates excuses \u00e0 la chambre. Dans son r\u00e9quisitoire, l\u2019avocat g\u00e9n\u00e9ral a relev\u00e9 la mat\u00e9rialit\u00e9 des faits en enfon\u00e7ant le pr\u00e9venu. \u00ab Le mis en cause a ouvert les hostilit\u00e9s avant d\u2019aller chez lui pour y r\u00e9cup\u00e9rer une paire de ciseaux pour s\u2019en prendre mortellement \u00e0 la victime D. Sarr. La mort est caus\u00e9e par un objet pointu et tranchant selon les m\u00e9decins l\u00e9gistes. Il a atteint l\u2019aorte, vous imaginez alors la violence de son acte. Il a fait appel pour la lourdeur de la peine mais est-ce qu\u2019il a mesur\u00e9 la lourdeur de la perte d\u00e9finitive qu\u2019il a caus\u00e9e \u00e0 la famille du d\u00e9funt ? C\u2019est la question qu\u2019il faudrait se poser \u00bb, a expliqu\u00e9 le maitre des poursuites. Pour ce dernier, les faits d\u2019assassinat par pr\u00e9m\u00e9ditation sont constants du moment que le mis en cause a eu le temps de r\u00e9fl\u00e9chir sur sa d\u00e9marche de riposte en allant chercher une arme pour venir s\u2019attaquer mortellement \u00e0 la victime. Il a invit\u00e9 le tribunal \u00e0 maintenir l\u2019accus\u00e9 dans les liens de la d\u00e9tention. La d\u00e9fense quant \u00e0 elle croit que les faits tels que d\u00e9crits ne militent pas en faveur d\u2019une pr\u00e9m\u00e9ditation. C\u2019est la raison pour laquelle la robe noire a demand\u00e9 la cl\u00e9mence en faveur de son client. \u00ab C\u2019est un jeune qui a besoin d\u2019\u00eatre aid\u00e9 pour se relever. Donnez lui la chance de se resocialiser \u00bb, a soutenu l\u2019avocat de la d\u00e9fense. La chambre a mis en d\u00e9lib\u00e9r\u00e9 l\u2019affaire au 17 mai prochain. <\/p><div class=\"publi-paragraphe1\" style=\"margin-top: 10px;margin-bottom: 10px;margin-left: auto;margin-right: auto;text-align: center;\" id=\"publi-289847000\"><div class=\"publi-adlabel\">Publicit\u00e9<\/div><script async src=\"\/\/pagead2.googlesyndication.com\/pagead\/js\/adsbygoogle.js?client=ca-pub-4089586018074219\" crossorigin=\"anonymous\"><\/script><ins class=\"adsbygoogle\" style=\"display:block;\" data-ad-client=\"ca-pub-4089586018074219\" \ndata-ad-slot=\"2087940154\" \ndata-ad-format=\"auto\"><\/ins>\n<script> \n(adsbygoogle = window.adsbygoogle || []).push({}); \n<\/script>\n<\/div>\n<div class=\"publi-apres-le-contenu\" style=\"margin-top: 10px;margin-bottom: 10px;margin-left: auto;margin-right: auto;text-align: center;\" id=\"publi-1669118129\"><div class=\"publi-adlabel\">Publicit\u00e9<\/div><script async src=\"\/\/pagead2.googlesyndication.com\/pagead\/js\/adsbygoogle.js?client=ca-pub-4089586018074219\" crossorigin=\"anonymous\"><\/script><ins class=\"adsbygoogle\" style=\"display:block;\" data-ad-client=\"ca-pub-4089586018074219\" \ndata-ad-slot=\"2087940154\" \ndata-ad-format=\"auto\"><\/ins>\n<script> \n(adsbygoogle = window.adsbygoogle || []).push({}); \n<\/script>\n<\/div>","protected":false},"excerpt":{"rendered":"<p>Apr\u00e8s 7 ans pass\u00e9s dans les liens de la d\u00e9tention, l\u2019accus\u00e9 M. Camara a interjet\u00e9 appel devant la chambre criminelle d\u2019appel pour des faits d\u2019assassinat. L\u2019affaire est mise en d\u00e9lib\u00e9r\u00e9 au 17 mai prochain. Les faits remontent au 7 d\u00e9cembre 2016 lorsqu\u2019une querelle a \u00e9clat\u00e9 entre le sieur M. Camara et la victime D. Sarr engendrant le d\u00e9c\u00e8s du dernier nomm\u00e9. Il a \u00e9t\u00e9 atteint avec une paire de ciseaux sur l\u2019aorte, une art\u00e8re qui part du c\u0153ur au niveau du ventricule gauche. Le mis en cause qui a \u00e9t\u00e9 jug\u00e9 et condamn\u00e9 \u00e0 20 ans de r\u00e9clusion criminelle a fait appel Il esp\u00e8re une r\u00e9duction de sa peine jug\u00e9e lourde par la d\u00e9fense. L&rsquo;affaire qui a r\u00e9sult\u00e9 d&rsquo;une ordonnance de renvoi devant la chambre criminelle, a \u00e9t\u00e9 rejug\u00e9 ce matin. Il ressort des d\u00e9bats d\u2019audience tenus aujourd\u2019hui, que tout est parti d\u2019une banale dispute entre le mis en cause et un groupe de jeunes dont faisait partie la victime. Selon le proc\u00e8s verbal d\u2019enqu\u00eate, c\u2019est l\u2019accus\u00e9 lui-m\u00eame qui a lanc\u00e9 les hostilit\u00e9s en traitant la victime D. Sarr d\u2019homosexuel et il s\u2019en est suivi une altercation entre les deux (2). Ils seront vite s\u00e9par\u00e9s avant que le pr\u00e9venu ne regagne sa demeure pour en ressortir cette-fois-ci avec une paire de ciseaux qu\u2019il a r\u00e9ussi \u00e0 planter au sieur D. Sarr. Devant la barre, il mesure la gravit\u00e9 de son acte. \u00ab J\u2019ai agi sous le coup de la col\u00e8re. Je n\u2019ai pas pris conscience de mon acte \u00bb, a confi\u00e9 le mis en cause \u00e2g\u00e9 de la trentaine. M. Camara comme c\u2019est de lui qu\u2019il s\u2019agit, devant la chambre criminelle a regrett\u00e9 son acte. \u00ab C\u2019est un acte que je regrette encore. \u00c7a a boulevers\u00e9 ma vie \u00bb, a-t-il expliqu\u00e9 avant de pr\u00e9senter ses plates excuses \u00e0 la chambre. Dans son r\u00e9quisitoire, l\u2019avocat g\u00e9n\u00e9ral a relev\u00e9 la mat\u00e9rialit\u00e9 des faits en enfon\u00e7ant le pr\u00e9venu. \u00ab Le mis en cause a ouvert les hostilit\u00e9s avant d\u2019aller chez lui pour y r\u00e9cup\u00e9rer une paire de ciseaux pour s\u2019en prendre mortellement \u00e0 la victime D. Sarr. La mort est caus\u00e9e par un objet pointu et tranchant selon les m\u00e9decins l\u00e9gistes. Il a atteint l\u2019aorte, vous imaginez alors la violence de son acte. Il a fait appel pour la lourdeur de la peine mais est-ce qu\u2019il a mesur\u00e9 la lourdeur de la perte d\u00e9finitive qu\u2019il a caus\u00e9e \u00e0 la famille du d\u00e9funt ? C\u2019est la question qu\u2019il faudrait se poser \u00bb, a expliqu\u00e9 le maitre des poursuites. Pour ce dernier, les faits d\u2019assassinat par pr\u00e9m\u00e9ditation sont constants du moment que le mis en cause a eu le temps de r\u00e9fl\u00e9chir sur sa d\u00e9marche de riposte en allant chercher une arme pour venir s\u2019attaquer mortellement \u00e0 la victime. Il a invit\u00e9 le tribunal \u00e0 maintenir l\u2019accus\u00e9 dans les liens de la d\u00e9tention. La d\u00e9fense quant \u00e0 elle croit que les faits tels que d\u00e9crits ne militent pas en faveur d\u2019une pr\u00e9m\u00e9ditation. C\u2019est la raison pour laquelle la robe noire a demand\u00e9 la cl\u00e9mence en faveur de son client. \u00ab C\u2019est un jeune qui a besoin d\u2019\u00eatre aid\u00e9 pour se relever. Donnez lui la chance de se resocialiser \u00bb, a soutenu l\u2019avocat de la d\u00e9fense. La chambre a mis en d\u00e9lib\u00e9r\u00e9 l\u2019affaire au 17 mai prochain.<\/p>\n","protected":false},"author":1,"featured_media":20101,"comment_status":"open","ping_status":"open","sticky":false,"template":"","format":"standard","meta":{"_jetpack_memberships_contains_paid_content":false,"footnotes":""},"categories":[375,379,3724,372],"tags":[],"class_list":["post-20100","post","type-post","status-publish","format-standard","has-post-thumbnail","hentry","category-actualites","category-faits-divers","category-justice","category-vedette","entry","has-media","owp-thumbs-layout-horizontal","owp-btn-normal","owp-tabs-layout-horizontal","has-no-thumbnails","has-product-nav"],"yoast_head":"<!-- This site is optimized with the Yoast SEO plugin v25.5 - https:\/\/yoast.com\/wordpress\/plugins\/seo\/ -->\n<title>Condamn\u00e9 \u00e0 20 ans de r\u00e9clusion criminelle : Trait\u00e9 d\u2019homosexuel, l\u2019accus\u00e9 M. Camara avait poignard\u00e9 mortellement son adversaire \u00e0 l\u2019aide d\u2019une paire de ciseaux - LE PUBLIC<\/title>\n<meta name=\"robots\" content=\"index, follow, max-snippet:-1, max-image-preview:large, max-video-preview:-1\" \/>\n<link rel=\"canonical\" href=\"https:\/\/www.public.sn\/index.php\/2023\/04\/19\/condamne-a-20-ans-de-reclusion-criminelle-traite-dhomosexuel-laccuse-m-camara-avait-poignarde-mortellement-son-adversaire-a-laide-dune-paire-de-ciseaux\/\" \/>\n<meta property=\"og:locale\" content=\"fr_FR\" \/>\n<meta property=\"og:type\" content=\"article\" \/>\n<meta property=\"og:title\" content=\"Condamn\u00e9 \u00e0 20 ans de r\u00e9clusion criminelle : Trait\u00e9 d\u2019homosexuel, l\u2019accus\u00e9 M. Camara avait poignard\u00e9 mortellement son adversaire \u00e0 l\u2019aide d\u2019une paire de ciseaux - LE PUBLIC\" \/>\n<meta property=\"og:description\" content=\"Apr\u00e8s 7 ans pass\u00e9s dans les liens de la d\u00e9tention, l\u2019accus\u00e9 M. Camara a interjet\u00e9 appel devant la chambre criminelle d\u2019appel pour des faits d\u2019assassinat. L\u2019affaire est mise en d\u00e9lib\u00e9r\u00e9 au 17 mai prochain. Les faits remontent au 7 d\u00e9cembre 2016 lorsqu\u2019une querelle a \u00e9clat\u00e9 entre le sieur M. Camara et la victime D. Sarr engendrant le d\u00e9c\u00e8s du dernier nomm\u00e9. Il a \u00e9t\u00e9 atteint avec une paire de ciseaux sur l\u2019aorte, une art\u00e8re qui part du c\u0153ur au niveau du ventricule gauche. Le mis en cause qui a \u00e9t\u00e9 jug\u00e9 et condamn\u00e9 \u00e0 20 ans de r\u00e9clusion criminelle a fait appel Il esp\u00e8re une r\u00e9duction de sa peine jug\u00e9e lourde par la d\u00e9fense. L&rsquo;affaire qui a r\u00e9sult\u00e9 d&rsquo;une ordonnance de renvoi devant la chambre criminelle, a \u00e9t\u00e9 rejug\u00e9 ce matin. Il ressort des d\u00e9bats d\u2019audience tenus aujourd\u2019hui, que tout est parti d\u2019une banale dispute entre le mis en cause et un groupe de jeunes dont faisait partie la victime. Selon le proc\u00e8s verbal d\u2019enqu\u00eate, c\u2019est l\u2019accus\u00e9 lui-m\u00eame qui a lanc\u00e9 les hostilit\u00e9s en traitant la victime D. Sarr d\u2019homosexuel et il s\u2019en est suivi une altercation entre les deux (2). Ils seront vite s\u00e9par\u00e9s avant que le pr\u00e9venu ne regagne sa demeure pour en ressortir cette-fois-ci avec une paire de ciseaux qu\u2019il a r\u00e9ussi \u00e0 planter au sieur D. Sarr. Devant la barre, il mesure la gravit\u00e9 de son acte. \u00ab J\u2019ai agi sous le coup de la col\u00e8re. Je n\u2019ai pas pris conscience de mon acte \u00bb, a confi\u00e9 le mis en cause \u00e2g\u00e9 de la trentaine. M. Camara comme c\u2019est de lui qu\u2019il s\u2019agit, devant la chambre criminelle a regrett\u00e9 son acte. \u00ab C\u2019est un acte que je regrette encore. \u00c7a a boulevers\u00e9 ma vie \u00bb, a-t-il expliqu\u00e9 avant de pr\u00e9senter ses plates excuses \u00e0 la chambre. Dans son r\u00e9quisitoire, l\u2019avocat g\u00e9n\u00e9ral a relev\u00e9 la mat\u00e9rialit\u00e9 des faits en enfon\u00e7ant le pr\u00e9venu. \u00ab Le mis en cause a ouvert les hostilit\u00e9s avant d\u2019aller chez lui pour y r\u00e9cup\u00e9rer une paire de ciseaux pour s\u2019en prendre mortellement \u00e0 la victime D. Sarr. La mort est caus\u00e9e par un objet pointu et tranchant selon les m\u00e9decins l\u00e9gistes. Il a atteint l\u2019aorte, vous imaginez alors la violence de son acte. Il a fait appel pour la lourdeur de la peine mais est-ce qu\u2019il a mesur\u00e9 la lourdeur de la perte d\u00e9finitive qu\u2019il a caus\u00e9e \u00e0 la famille du d\u00e9funt ? C\u2019est la question qu\u2019il faudrait se poser \u00bb, a expliqu\u00e9 le maitre des poursuites. Pour ce dernier, les faits d\u2019assassinat par pr\u00e9m\u00e9ditation sont constants du moment que le mis en cause a eu le temps de r\u00e9fl\u00e9chir sur sa d\u00e9marche de riposte en allant chercher une arme pour venir s\u2019attaquer mortellement \u00e0 la victime. Il a invit\u00e9 le tribunal \u00e0 maintenir l\u2019accus\u00e9 dans les liens de la d\u00e9tention. La d\u00e9fense quant \u00e0 elle croit que les faits tels que d\u00e9crits ne militent pas en faveur d\u2019une pr\u00e9m\u00e9ditation. C\u2019est la raison pour laquelle la robe noire a demand\u00e9 la cl\u00e9mence en faveur de son client. \u00ab C\u2019est un jeune qui a besoin d\u2019\u00eatre aid\u00e9 pour se relever. Donnez lui la chance de se resocialiser \u00bb, a soutenu l\u2019avocat de la d\u00e9fense. La chambre a mis en d\u00e9lib\u00e9r\u00e9 l\u2019affaire au 17 mai prochain.\" \/>\n<meta property=\"og:url\" content=\"https:\/\/www.public.sn\/index.php\/2023\/04\/19\/condamne-a-20-ans-de-reclusion-criminelle-traite-dhomosexuel-laccuse-m-camara-avait-poignarde-mortellement-son-adversaire-a-laide-dune-paire-de-ciseaux\/\" \/>\n<meta property=\"og:site_name\" content=\"LE PUBLIC\" \/>\n<meta property=\"article:published_time\" content=\"2023-04-19T17:45:18+00:00\" \/>\n<meta property=\"og:image\" content=\"https:\/\/www.public.sn\/wp-content\/uploads\/2023\/04\/meurtre-diamagune-jpg-pagespeed-ic_-nc0zeld2nm.jpg\" \/>\n\t<meta property=\"og:image:width\" content=\"600\" \/>\n\t<meta property=\"og:image:height\" content=\"338\" \/>\n\t<meta property=\"og:image:type\" content=\"image\/jpeg\" \/>\n<meta name=\"author\" content=\"LA REDACTION\" \/>\n<meta name=\"twitter:card\" content=\"summary_large_image\" \/>\n<meta name=\"twitter:label1\" content=\"\u00c9crit par\" \/>\n\t<meta name=\"twitter:data1\" content=\"LA REDACTION\" \/>\n<script type=\"application\/ld+json\" class=\"yoast-schema-graph\">{\"@context\":\"https:\/\/schema.org\",\"@graph\":[{\"@type\":\"Article\",\"@id\":\"https:\/\/www.public.sn\/index.php\/2023\/04\/19\/condamne-a-20-ans-de-reclusion-criminelle-traite-dhomosexuel-laccuse-m-camara-avait-poignarde-mortellement-son-adversaire-a-laide-dune-paire-de-ciseaux\/#article\",\"isPartOf\":{\"@id\":\"https:\/\/www.public.sn\/index.php\/2023\/04\/19\/condamne-a-20-ans-de-reclusion-criminelle-traite-dhomosexuel-laccuse-m-camara-avait-poignarde-mortellement-son-adversaire-a-laide-dune-paire-de-ciseaux\/\"},\"author\":{\"name\":\"LA REDACTION\",\"@id\":\"https:\/\/www.public.sn\/#\/schema\/person\/e3f4a11b037d4203902db148f9bc8d5a\"},\"headline\":\"Condamn\u00e9 \u00e0 20 ans de r\u00e9clusion criminelle : Trait\u00e9 d\u2019homosexuel, l\u2019accus\u00e9 M. Camara avait poignard\u00e9 mortellement son adversaire \u00e0 l\u2019aide d\u2019une paire de ciseaux\",\"datePublished\":\"2023-04-19T17:45:18+00:00\",\"mainEntityOfPage\":{\"@id\":\"https:\/\/www.public.sn\/index.php\/2023\/04\/19\/condamne-a-20-ans-de-reclusion-criminelle-traite-dhomosexuel-laccuse-m-camara-avait-poignarde-mortellement-son-adversaire-a-laide-dune-paire-de-ciseaux\/\"},\"wordCount\":636,\"commentCount\":0,\"publisher\":{\"@id\":\"https:\/\/www.public.sn\/#organization\"},\"image\":{\"@id\":\"https:\/\/www.public.sn\/index.php\/2023\/04\/19\/condamne-a-20-ans-de-reclusion-criminelle-traite-dhomosexuel-laccuse-m-camara-avait-poignarde-mortellement-son-adversaire-a-laide-dune-paire-de-ciseaux\/#primaryimage\"},\"thumbnailUrl\":\"https:\/\/www.public.sn\/wp-content\/uploads\/2023\/04\/meurtre-diamagune-jpg-pagespeed-ic_-nc0zeld2nm.jpg\",\"articleSection\":[\"ACTUALIT\u00c9S\",\"FAITS DIVERS\",\"justice\",\"VEDETTE\"],\"inLanguage\":\"fr-FR\",\"potentialAction\":[{\"@type\":\"CommentAction\",\"name\":\"Comment\",\"target\":[\"https:\/\/www.public.sn\/index.php\/2023\/04\/19\/condamne-a-20-ans-de-reclusion-criminelle-traite-dhomosexuel-laccuse-m-camara-avait-poignarde-mortellement-son-adversaire-a-laide-dune-paire-de-ciseaux\/#respond\"]}]},{\"@type\":\"WebPage\",\"@id\":\"https:\/\/www.public.sn\/index.php\/2023\/04\/19\/condamne-a-20-ans-de-reclusion-criminelle-traite-dhomosexuel-laccuse-m-camara-avait-poignarde-mortellement-son-adversaire-a-laide-dune-paire-de-ciseaux\/\",\"url\":\"https:\/\/www.public.sn\/index.php\/2023\/04\/19\/condamne-a-20-ans-de-reclusion-criminelle-traite-dhomosexuel-laccuse-m-camara-avait-poignarde-mortellement-son-adversaire-a-laide-dune-paire-de-ciseaux\/\",\"name\":\"Condamn\u00e9 \u00e0 20 ans de r\u00e9clusion criminelle : Trait\u00e9 d\u2019homosexuel, l\u2019accus\u00e9 M. Camara avait poignard\u00e9 mortellement son adversaire \u00e0 l\u2019aide d\u2019une paire de ciseaux - LE PUBLIC\",\"isPartOf\":{\"@id\":\"https:\/\/www.public.sn\/#website\"},\"primaryImageOfPage\":{\"@id\":\"https:\/\/www.public.sn\/index.php\/2023\/04\/19\/condamne-a-20-ans-de-reclusion-criminelle-traite-dhomosexuel-laccuse-m-camara-avait-poignarde-mortellement-son-adversaire-a-laide-dune-paire-de-ciseaux\/#primaryimage\"},\"image\":{\"@id\":\"https:\/\/www.public.sn\/index.php\/2023\/04\/19\/condamne-a-20-ans-de-reclusion-criminelle-traite-dhomosexuel-laccuse-m-camara-avait-poignarde-mortellement-son-adversaire-a-laide-dune-paire-de-ciseaux\/#primaryimage\"},\"thumbnailUrl\":\"https:\/\/www.public.sn\/wp-content\/uploads\/2023\/04\/meurtre-diamagune-jpg-pagespeed-ic_-nc0zeld2nm.jpg\",\"datePublished\":\"2023-04-19T17:45:18+00:00\",\"breadcrumb\":{\"@id\":\"https:\/\/www.public.sn\/index.php\/2023\/04\/19\/condamne-a-20-ans-de-reclusion-criminelle-traite-dhomosexuel-laccuse-m-camara-avait-poignarde-mortellement-son-adversaire-a-laide-dune-paire-de-ciseaux\/#breadcrumb\"},\"inLanguage\":\"fr-FR\",\"potentialAction\":[{\"@type\":\"ReadAction\",\"target\":[\"https:\/\/www.public.sn\/index.php\/2023\/04\/19\/condamne-a-20-ans-de-reclusion-criminelle-traite-dhomosexuel-laccuse-m-camara-avait-poignarde-mortellement-son-adversaire-a-laide-dune-paire-de-ciseaux\/\"]}]},{\"@type\":\"ImageObject\",\"inLanguage\":\"fr-FR\",\"@id\":\"https:\/\/www.public.sn\/index.php\/2023\/04\/19\/condamne-a-20-ans-de-reclusion-criminelle-traite-dhomosexuel-laccuse-m-camara-avait-poignarde-mortellement-son-adversaire-a-laide-dune-paire-de-ciseaux\/#primaryimage\",\"url\":\"https:\/\/www.public.sn\/wp-content\/uploads\/2023\/04\/meurtre-diamagune-jpg-pagespeed-ic_-nc0zeld2nm.jpg\",\"contentUrl\":\"https:\/\/www.public.sn\/wp-content\/uploads\/2023\/04\/meurtre-diamagune-jpg-pagespeed-ic_-nc0zeld2nm.jpg\",\"width\":600,\"height\":338},{\"@type\":\"BreadcrumbList\",\"@id\":\"https:\/\/www.public.sn\/index.php\/2023\/04\/19\/condamne-a-20-ans-de-reclusion-criminelle-traite-dhomosexuel-laccuse-m-camara-avait-poignarde-mortellement-son-adversaire-a-laide-dune-paire-de-ciseaux\/#breadcrumb\",\"itemListElement\":[{\"@type\":\"ListItem\",\"position\":1,\"name\":\"Accueil\",\"item\":\"https:\/\/www.public.sn\/\"},{\"@type\":\"ListItem\",\"position\":2,\"name\":\"Condamn\u00e9 \u00e0 20 ans de r\u00e9clusion criminelle : Trait\u00e9 d\u2019homosexuel, l\u2019accus\u00e9 M. Camara avait poignard\u00e9 mortellement son adversaire \u00e0 l\u2019aide d\u2019une paire de ciseaux\"}]},{\"@type\":\"WebSite\",\"@id\":\"https:\/\/www.public.sn\/#website\",\"url\":\"https:\/\/www.public.sn\/\",\"name\":\"LE PUBLIC\",\"description\":\"\",\"publisher\":{\"@id\":\"https:\/\/www.public.sn\/#organization\"},\"potentialAction\":[{\"@type\":\"SearchAction\",\"target\":{\"@type\":\"EntryPoint\",\"urlTemplate\":\"https:\/\/www.public.sn\/?s={search_term_string}\"},\"query-input\":{\"@type\":\"PropertyValueSpecification\",\"valueRequired\":true,\"valueName\":\"search_term_string\"}}],\"inLanguage\":\"fr-FR\"},{\"@type\":\"Organization\",\"@id\":\"https:\/\/www.public.sn\/#organization\",\"name\":\"LE PUBLIC\",\"url\":\"https:\/\/www.public.sn\/\",\"logo\":{\"@type\":\"ImageObject\",\"inLanguage\":\"fr-FR\",\"@id\":\"https:\/\/www.public.sn\/#\/schema\/logo\/image\/\",\"url\":\"https:\/\/www.public.sn\/wp-content\/uploads\/2024\/05\/cropped-LOGO-PUBLIC.SN_.png\",\"contentUrl\":\"https:\/\/www.public.sn\/wp-content\/uploads\/2024\/05\/cropped-LOGO-PUBLIC.SN_.png\",\"width\":682,\"height\":192,\"caption\":\"LE PUBLIC\"},\"image\":{\"@id\":\"https:\/\/www.public.sn\/#\/schema\/logo\/image\/\"}},{\"@type\":\"Person\",\"@id\":\"https:\/\/www.public.sn\/#\/schema\/person\/e3f4a11b037d4203902db148f9bc8d5a\",\"name\":\"LA REDACTION\",\"image\":{\"@type\":\"ImageObject\",\"inLanguage\":\"fr-FR\",\"@id\":\"https:\/\/www.public.sn\/#\/schema\/person\/image\/\",\"url\":\"https:\/\/secure.gravatar.com\/avatar\/d6c030db45db2883c075085c5d6c6258654a801a93766b49af0b82d4f454e2a5?s=96&d=mm&r=g\",\"contentUrl\":\"https:\/\/secure.gravatar.com\/avatar\/d6c030db45db2883c075085c5d6c6258654a801a93766b49af0b82d4f454e2a5?s=96&d=mm&r=g\",\"caption\":\"LA REDACTION\"},\"sameAs\":[\"http:\/\/www.public.sn\"],\"url\":\"https:\/\/www.public.sn\/index.php\/author\/admin7324\/\"}]}<\/script>\n<!-- \/ Yoast SEO plugin. -->","yoast_head_json":{"title":"Condamn\u00e9 \u00e0 20 ans de r\u00e9clusion criminelle : Trait\u00e9 d\u2019homosexuel, l\u2019accus\u00e9 M. Camara avait poignard\u00e9 mortellement son adversaire \u00e0 l\u2019aide d\u2019une paire de ciseaux - LE PUBLIC","robots":{"index":"index","follow":"follow","max-snippet":"max-snippet:-1","max-image-preview":"max-image-preview:large","max-video-preview":"max-video-preview:-1"},"canonical":"https:\/\/www.public.sn\/index.php\/2023\/04\/19\/condamne-a-20-ans-de-reclusion-criminelle-traite-dhomosexuel-laccuse-m-camara-avait-poignarde-mortellement-son-adversaire-a-laide-dune-paire-de-ciseaux\/","og_locale":"fr_FR","og_type":"article","og_title":"Condamn\u00e9 \u00e0 20 ans de r\u00e9clusion criminelle : Trait\u00e9 d\u2019homosexuel, l\u2019accus\u00e9 M. Camara avait poignard\u00e9 mortellement son adversaire \u00e0 l\u2019aide d\u2019une paire de ciseaux - LE PUBLIC","og_description":"Apr\u00e8s 7 ans pass\u00e9s dans les liens de la d\u00e9tention, l\u2019accus\u00e9 M. Camara a interjet\u00e9 appel devant la chambre criminelle d\u2019appel pour des faits d\u2019assassinat. L\u2019affaire est mise en d\u00e9lib\u00e9r\u00e9 au 17 mai prochain. Les faits remontent au 7 d\u00e9cembre 2016 lorsqu\u2019une querelle a \u00e9clat\u00e9 entre le sieur M. Camara et la victime D. Sarr engendrant le d\u00e9c\u00e8s du dernier nomm\u00e9. Il a \u00e9t\u00e9 atteint avec une paire de ciseaux sur l\u2019aorte, une art\u00e8re qui part du c\u0153ur au niveau du ventricule gauche. Le mis en cause qui a \u00e9t\u00e9 jug\u00e9 et condamn\u00e9 \u00e0 20 ans de r\u00e9clusion criminelle a fait appel Il esp\u00e8re une r\u00e9duction de sa peine jug\u00e9e lourde par la d\u00e9fense. L&rsquo;affaire qui a r\u00e9sult\u00e9 d&rsquo;une ordonnance de renvoi devant la chambre criminelle, a \u00e9t\u00e9 rejug\u00e9 ce matin. Il ressort des d\u00e9bats d\u2019audience tenus aujourd\u2019hui, que tout est parti d\u2019une banale dispute entre le mis en cause et un groupe de jeunes dont faisait partie la victime. Selon le proc\u00e8s verbal d\u2019enqu\u00eate, c\u2019est l\u2019accus\u00e9 lui-m\u00eame qui a lanc\u00e9 les hostilit\u00e9s en traitant la victime D. Sarr d\u2019homosexuel et il s\u2019en est suivi une altercation entre les deux (2). Ils seront vite s\u00e9par\u00e9s avant que le pr\u00e9venu ne regagne sa demeure pour en ressortir cette-fois-ci avec une paire de ciseaux qu\u2019il a r\u00e9ussi \u00e0 planter au sieur D. Sarr. Devant la barre, il mesure la gravit\u00e9 de son acte. \u00ab J\u2019ai agi sous le coup de la col\u00e8re. Je n\u2019ai pas pris conscience de mon acte \u00bb, a confi\u00e9 le mis en cause \u00e2g\u00e9 de la trentaine. M. Camara comme c\u2019est de lui qu\u2019il s\u2019agit, devant la chambre criminelle a regrett\u00e9 son acte. \u00ab C\u2019est un acte que je regrette encore. \u00c7a a boulevers\u00e9 ma vie \u00bb, a-t-il expliqu\u00e9 avant de pr\u00e9senter ses plates excuses \u00e0 la chambre. Dans son r\u00e9quisitoire, l\u2019avocat g\u00e9n\u00e9ral a relev\u00e9 la mat\u00e9rialit\u00e9 des faits en enfon\u00e7ant le pr\u00e9venu. \u00ab Le mis en cause a ouvert les hostilit\u00e9s avant d\u2019aller chez lui pour y r\u00e9cup\u00e9rer une paire de ciseaux pour s\u2019en prendre mortellement \u00e0 la victime D. Sarr. La mort est caus\u00e9e par un objet pointu et tranchant selon les m\u00e9decins l\u00e9gistes. Il a atteint l\u2019aorte, vous imaginez alors la violence de son acte. Il a fait appel pour la lourdeur de la peine mais est-ce qu\u2019il a mesur\u00e9 la lourdeur de la perte d\u00e9finitive qu\u2019il a caus\u00e9e \u00e0 la famille du d\u00e9funt ? C\u2019est la question qu\u2019il faudrait se poser \u00bb, a expliqu\u00e9 le maitre des poursuites. Pour ce dernier, les faits d\u2019assassinat par pr\u00e9m\u00e9ditation sont constants du moment que le mis en cause a eu le temps de r\u00e9fl\u00e9chir sur sa d\u00e9marche de riposte en allant chercher une arme pour venir s\u2019attaquer mortellement \u00e0 la victime. Il a invit\u00e9 le tribunal \u00e0 maintenir l\u2019accus\u00e9 dans les liens de la d\u00e9tention. La d\u00e9fense quant \u00e0 elle croit que les faits tels que d\u00e9crits ne militent pas en faveur d\u2019une pr\u00e9m\u00e9ditation. C\u2019est la raison pour laquelle la robe noire a demand\u00e9 la cl\u00e9mence en faveur de son client. \u00ab C\u2019est un jeune qui a besoin d\u2019\u00eatre aid\u00e9 pour se relever. Donnez lui la chance de se resocialiser \u00bb, a soutenu l\u2019avocat de la d\u00e9fense. La chambre a mis en d\u00e9lib\u00e9r\u00e9 l\u2019affaire au 17 mai prochain.","og_url":"https:\/\/www.public.sn\/index.php\/2023\/04\/19\/condamne-a-20-ans-de-reclusion-criminelle-traite-dhomosexuel-laccuse-m-camara-avait-poignarde-mortellement-son-adversaire-a-laide-dune-paire-de-ciseaux\/","og_site_name":"LE PUBLIC","article_published_time":"2023-04-19T17:45:18+00:00","og_image":[{"width":600,"height":338,"url":"https:\/\/www.public.sn\/wp-content\/uploads\/2023\/04\/meurtre-diamagune-jpg-pagespeed-ic_-nc0zeld2nm.jpg","type":"image\/jpeg"}],"author":"LA REDACTION","twitter_card":"summary_large_image","twitter_misc":{"\u00c9crit par":"LA REDACTION"},"schema":{"@context":"https:\/\/schema.org","@graph":[{"@type":"Article","@id":"https:\/\/www.public.sn\/index.php\/2023\/04\/19\/condamne-a-20-ans-de-reclusion-criminelle-traite-dhomosexuel-laccuse-m-camara-avait-poignarde-mortellement-son-adversaire-a-laide-dune-paire-de-ciseaux\/#article","isPartOf":{"@id":"https:\/\/www.public.sn\/index.php\/2023\/04\/19\/condamne-a-20-ans-de-reclusion-criminelle-traite-dhomosexuel-laccuse-m-camara-avait-poignarde-mortellement-son-adversaire-a-laide-dune-paire-de-ciseaux\/"},"author":{"name":"LA REDACTION","@id":"https:\/\/www.public.sn\/#\/schema\/person\/e3f4a11b037d4203902db148f9bc8d5a"},"headline":"Condamn\u00e9 \u00e0 20 ans de r\u00e9clusion criminelle : Trait\u00e9 d\u2019homosexuel, l\u2019accus\u00e9 M. Camara avait poignard\u00e9 mortellement son adversaire \u00e0 l\u2019aide d\u2019une paire de ciseaux","datePublished":"2023-04-19T17:45:18+00:00","mainEntityOfPage":{"@id":"https:\/\/www.public.sn\/index.php\/2023\/04\/19\/condamne-a-20-ans-de-reclusion-criminelle-traite-dhomosexuel-laccuse-m-camara-avait-poignarde-mortellement-son-adversaire-a-laide-dune-paire-de-ciseaux\/"},"wordCount":636,"commentCount":0,"publisher":{"@id":"https:\/\/www.public.sn\/#organization"},"image":{"@id":"https:\/\/www.public.sn\/index.php\/2023\/04\/19\/condamne-a-20-ans-de-reclusion-criminelle-traite-dhomosexuel-laccuse-m-camara-avait-poignarde-mortellement-son-adversaire-a-laide-dune-paire-de-ciseaux\/#primaryimage"},"thumbnailUrl":"https:\/\/www.public.sn\/wp-content\/uploads\/2023\/04\/meurtre-diamagune-jpg-pagespeed-ic_-nc0zeld2nm.jpg","articleSection":["ACTUALIT\u00c9S","FAITS DIVERS","justice","VEDETTE"],"inLanguage":"fr-FR","potentialAction":[{"@type":"CommentAction","name":"Comment","target":["https:\/\/www.public.sn\/index.php\/2023\/04\/19\/condamne-a-20-ans-de-reclusion-criminelle-traite-dhomosexuel-laccuse-m-camara-avait-poignarde-mortellement-son-adversaire-a-laide-dune-paire-de-ciseaux\/#respond"]}]},{"@type":"WebPage","@id":"https:\/\/www.public.sn\/index.php\/2023\/04\/19\/condamne-a-20-ans-de-reclusion-criminelle-traite-dhomosexuel-laccuse-m-camara-avait-poignarde-mortellement-son-adversaire-a-laide-dune-paire-de-ciseaux\/","url":"https:\/\/www.public.sn\/index.php\/2023\/04\/19\/condamne-a-20-ans-de-reclusion-criminelle-traite-dhomosexuel-laccuse-m-camara-avait-poignarde-mortellement-son-adversaire-a-laide-dune-paire-de-ciseaux\/","name":"Condamn\u00e9 \u00e0 20 ans de r\u00e9clusion criminelle : Trait\u00e9 d\u2019homosexuel, l\u2019accus\u00e9 M. Camara avait poignard\u00e9 mortellement son adversaire \u00e0 l\u2019aide d\u2019une paire de ciseaux - LE PUBLIC","isPartOf":{"@id":"https:\/\/www.public.sn\/#website"},"primaryImageOfPage":{"@id":"https:\/\/www.public.sn\/index.php\/2023\/04\/19\/condamne-a-20-ans-de-reclusion-criminelle-traite-dhomosexuel-laccuse-m-camara-avait-poignarde-mortellement-son-adversaire-a-laide-dune-paire-de-ciseaux\/#primaryimage"},"image":{"@id":"https:\/\/www.public.sn\/index.php\/2023\/04\/19\/condamne-a-20-ans-de-reclusion-criminelle-traite-dhomosexuel-laccuse-m-camara-avait-poignarde-mortellement-son-adversaire-a-laide-dune-paire-de-ciseaux\/#primaryimage"},"thumbnailUrl":"https:\/\/www.public.sn\/wp-content\/uploads\/2023\/04\/meurtre-diamagune-jpg-pagespeed-ic_-nc0zeld2nm.jpg","datePublished":"2023-04-19T17:45:18+00:00","breadcrumb":{"@id":"https:\/\/www.public.sn\/index.php\/2023\/04\/19\/condamne-a-20-ans-de-reclusion-criminelle-traite-dhomosexuel-laccuse-m-camara-avait-poignarde-mortellement-son-adversaire-a-laide-dune-paire-de-ciseaux\/#breadcrumb"},"inLanguage":"fr-FR","potentialAction":[{"@type":"ReadAction","target":["https:\/\/www.public.sn\/index.php\/2023\/04\/19\/condamne-a-20-ans-de-reclusion-criminelle-traite-dhomosexuel-laccuse-m-camara-avait-poignarde-mortellement-son-adversaire-a-laide-dune-paire-de-ciseaux\/"]}]},{"@type":"ImageObject","inLanguage":"fr-FR","@id":"https:\/\/www.public.sn\/index.php\/2023\/04\/19\/condamne-a-20-ans-de-reclusion-criminelle-traite-dhomosexuel-laccuse-m-camara-avait-poignarde-mortellement-son-adversaire-a-laide-dune-paire-de-ciseaux\/#primaryimage","url":"https:\/\/www.public.sn\/wp-content\/uploads\/2023\/04\/meurtre-diamagune-jpg-pagespeed-ic_-nc0zeld2nm.jpg","contentUrl":"https:\/\/www.public.sn\/wp-content\/uploads\/2023\/04\/meurtre-diamagune-jpg-pagespeed-ic_-nc0zeld2nm.jpg","width":600,"height":338},{"@type":"BreadcrumbList","@id":"https:\/\/www.public.sn\/index.php\/2023\/04\/19\/condamne-a-20-ans-de-reclusion-criminelle-traite-dhomosexuel-laccuse-m-camara-avait-poignarde-mortellement-son-adversaire-a-laide-dune-paire-de-ciseaux\/#breadcrumb","itemListElement":[{"@type":"ListItem","position":1,"name":"Accueil","item":"https:\/\/www.public.sn\/"},{"@type":"ListItem","position":2,"name":"Condamn\u00e9 \u00e0 20 ans de r\u00e9clusion criminelle : Trait\u00e9 d\u2019homosexuel, l\u2019accus\u00e9 M. Camara avait poignard\u00e9 mortellement son adversaire \u00e0 l\u2019aide d\u2019une paire de ciseaux"}]},{"@type":"WebSite","@id":"https:\/\/www.public.sn\/#website","url":"https:\/\/www.public.sn\/","name":"LE PUBLIC","description":"","publisher":{"@id":"https:\/\/www.public.sn\/#organization"},"potentialAction":[{"@type":"SearchAction","target":{"@type":"EntryPoint","urlTemplate":"https:\/\/www.public.sn\/?s={search_term_string}"},"query-input":{"@type":"PropertyValueSpecification","valueRequired":true,"valueName":"search_term_string"}}],"inLanguage":"fr-FR"},{"@type":"Organization","@id":"https:\/\/www.public.sn\/#organization","name":"LE PUBLIC","url":"https:\/\/www.public.sn\/","logo":{"@type":"ImageObject","inLanguage":"fr-FR","@id":"https:\/\/www.public.sn\/#\/schema\/logo\/image\/","url":"https:\/\/www.public.sn\/wp-content\/uploads\/2024\/05\/cropped-LOGO-PUBLIC.SN_.png","contentUrl":"https:\/\/www.public.sn\/wp-content\/uploads\/2024\/05\/cropped-LOGO-PUBLIC.SN_.png","width":682,"height":192,"caption":"LE PUBLIC"},"image":{"@id":"https:\/\/www.public.sn\/#\/schema\/logo\/image\/"}},{"@type":"Person","@id":"https:\/\/www.public.sn\/#\/schema\/person\/e3f4a11b037d4203902db148f9bc8d5a","name":"LA REDACTION","image":{"@type":"ImageObject","inLanguage":"fr-FR","@id":"https:\/\/www.public.sn\/#\/schema\/person\/image\/","url":"https:\/\/secure.gravatar.com\/avatar\/d6c030db45db2883c075085c5d6c6258654a801a93766b49af0b82d4f454e2a5?s=96&d=mm&r=g","contentUrl":"https:\/\/secure.gravatar.com\/avatar\/d6c030db45db2883c075085c5d6c6258654a801a93766b49af0b82d4f454e2a5?s=96&d=mm&r=g","caption":"LA REDACTION"},"sameAs":["http:\/\/www.public.sn"],"url":"https:\/\/www.public.sn\/index.php\/author\/admin7324\/"}]}},"jetpack_featured_media_url":"https:\/\/www.public.sn\/wp-content\/uploads\/2023\/04\/meurtre-diamagune-jpg-pagespeed-ic_-nc0zeld2nm.jpg","jetpack_sharing_enabled":true,"_links":{"self":[{"href":"https:\/\/www.public.sn\/index.php\/wp-json\/wp\/v2\/posts\/20100","targetHints":{"allow":["GET"]}}],"collection":[{"href":"https:\/\/www.public.sn\/index.php\/wp-json\/wp\/v2\/posts"}],"about":[{"href":"https:\/\/www.public.sn\/index.php\/wp-json\/wp\/v2\/types\/post"}],"author":[{"embeddable":true,"href":"https:\/\/www.public.sn\/index.php\/wp-json\/wp\/v2\/users\/1"}],"replies":[{"embeddable":true,"href":"https:\/\/www.public.sn\/index.php\/wp-json\/wp\/v2\/comments?post=20100"}],"version-history":[{"count":2,"href":"https:\/\/www.public.sn\/index.php\/wp-json\/wp\/v2\/posts\/20100\/revisions"}],"predecessor-version":[{"id":20103,"href":"https:\/\/www.public.sn\/index.php\/wp-json\/wp\/v2\/posts\/20100\/revisions\/20103"}],"wp:featuredmedia":[{"embeddable":true,"href":"https:\/\/www.public.sn\/index.php\/wp-json\/wp\/v2\/media\/20101"}],"wp:attachment":[{"href":"https:\/\/www.public.sn\/index.php\/wp-json\/wp\/v2\/media?parent=20100"}],"wp:term":[{"taxonomy":"category","embeddable":true,"href":"https:\/\/www.public.sn\/index.php\/wp-json\/wp\/v2\/categories?post=20100"},{"taxonomy":"post_tag","embeddable":true,"href":"https:\/\/www.public.sn\/index.php\/wp-json\/wp\/v2\/tags?post=20100"}],"curies":[{"name":"wp","href":"https:\/\/api.w.org\/{rel}","templated":true}]}}