{"id":2028,"date":"2022-09-15T14:26:06","date_gmt":"2022-09-15T14:26:06","guid":{"rendered":"https:\/\/www.public.sn\/?p=2028"},"modified":"2022-09-15T14:26:08","modified_gmt":"2022-09-15T14:26:08","slug":"en-direct-magal-de-touba-suivez-les-reactions-des-pelerins-venus-de-plusieurs-horizons-public-tv","status":"publish","type":"post","link":"https:\/\/www.public.sn\/index.php\/2022\/09\/15\/en-direct-magal-de-touba-suivez-les-reactions-des-pelerins-venus-de-plusieurs-horizons-public-tv\/","title":{"rendered":"En Direct &#8211; Magal de Touba: Suivez les r\u00e9actions des p\u00e8lerins venus de plusieurs horizons &#8211; Public TV."},"content":{"rendered":"\n<p>La ferveur est \u00e0 son comble dans la ville sainte de Touba o\u00f9 une \u00e9quipe de la R\u00e9daction Public SN s\u2019est rendue \u00e0 la Grande Mosqu\u00e9e pour recueillir les r\u00e9actions des fid\u00e8les venus comm\u00e9morer le d\u00e9part en exil de Cheikh Ahmadou Bamba. Regardez !<\/p><div class=\"publi-paragraphe1\" style=\"margin-top: 10px;margin-bottom: 10px;margin-left: auto;margin-right: auto;text-align: center;\" id=\"publi-2271913289\"><div class=\"publi-adlabel\">Publicit\u00e9<\/div><script async src=\"\/\/pagead2.googlesyndication.com\/pagead\/js\/adsbygoogle.js?client=ca-pub-4089586018074219\" crossorigin=\"anonymous\"><\/script><ins class=\"adsbygoogle\" style=\"display:block;\" data-ad-client=\"ca-pub-4089586018074219\" \ndata-ad-slot=\"2087940154\" \ndata-ad-format=\"auto\"><\/ins>\n<script> \n(adsbygoogle = window.adsbygoogle || []).push({}); \n<\/script>\n<\/div>\n\n\n\n<figure class=\"wp-block-embed is-type-video is-provider-youtube wp-block-embed-youtube wp-embed-aspect-16-9 wp-has-aspect-ratio\"><div class=\"wp-block-embed__wrapper\">\n<p class=\"responsive-video-wrap clr\"><iframe title=\"Magal 2022: Vivez les moments intenses de pri\u00e8res et de d\u00e9votions des talib\u00e9s. Public TV\" width=\"1200\" height=\"675\" src=\"https:\/\/www.youtube.com\/embed\/I3g51tu43VQ?feature=oembed\" frameborder=\"0\" allow=\"accelerometer; autoplay; clipboard-write; encrypted-media; gyroscope; picture-in-picture\" allowfullscreen><\/iframe><\/p>\n<\/div><\/figure>\n<div class=\"publi-apres-le-contenu\" style=\"margin-top: 10px;margin-bottom: 10px;margin-left: auto;margin-right: auto;text-align: center;\" id=\"publi-817077488\"><div class=\"publi-adlabel\">Publicit\u00e9<\/div><script async src=\"\/\/pagead2.googlesyndication.com\/pagead\/js\/adsbygoogle.js?client=ca-pub-4089586018074219\" crossorigin=\"anonymous\"><\/script><ins class=\"adsbygoogle\" style=\"display:block;\" data-ad-client=\"ca-pub-4089586018074219\" \ndata-ad-slot=\"2087940154\" \ndata-ad-format=\"auto\"><\/ins>\n<script> \n(adsbygoogle = window.adsbygoogle || []).push({}); \n<\/script>\n<\/div>","protected":false},"excerpt":{"rendered":"<p>La ferveur est \u00e0 son comble dans la ville sainte de Touba o\u00f9 une \u00e9quipe de la R\u00e9daction Public SN s\u2019est rendue \u00e0 la Grande Mosqu\u00e9e pour recueillir les r\u00e9actions des fid\u00e8les venus comm\u00e9morer le d\u00e9part en exil de Cheikh Ahmadou Bamba. Regardez !<\/p>\n","protected":false},"author":1,"featured_media":2029,"comment_status":"open","ping_status":"open","sticky":false,"template":"","format":"standard","meta":{"_jetpack_memberships_contains_paid_content":false,"footnotes":""},"categories":[8,4,372],"tags":[773,772,771,460,157],"class_list":["post-2028","post","type-post","status-publish","format-standard","has-post-thumbnail","hentry","category-public-tv","category-societe","category-vedette","tag-devotions","tag-grande-mosquee","tag-magal-2022","tag-pelerins","tag-prieres","entry","has-media","owp-thumbs-layout-horizontal","owp-btn-normal","owp-tabs-layout-horizontal","has-no-thumbnails","has-product-nav"],"yoast_head":"<!-- This site is optimized with the Yoast SEO plugin v25.5 - https:\/\/yoast.com\/wordpress\/plugins\/seo\/ -->\n<title>En Direct - Magal de Touba: Suivez les r\u00e9actions des p\u00e8lerins venus de plusieurs horizons - Public TV. - LE PUBLIC<\/title>\n<meta name=\"robots\" content=\"index, follow, max-snippet:-1, max-image-preview:large, max-video-preview:-1\" \/>\n<link rel=\"canonical\" href=\"https:\/\/www.public.sn\/index.php\/2022\/09\/15\/en-direct-magal-de-touba-suivez-les-reactions-des-pelerins-venus-de-plusieurs-horizons-public-tv\/\" \/>\n<meta property=\"og:locale\" content=\"fr_FR\" \/>\n<meta property=\"og:type\" content=\"article\" \/>\n<meta property=\"og:title\" content=\"En Direct - Magal de Touba: Suivez les r\u00e9actions des p\u00e8lerins venus de plusieurs horizons - Public TV. - LE PUBLIC\" \/>\n<meta property=\"og:description\" content=\"La ferveur est \u00e0 son comble dans la ville sainte de Touba o\u00f9 une \u00e9quipe de la R\u00e9daction Public SN s\u2019est rendue \u00e0 la Grande Mosqu\u00e9e pour recueillir les r\u00e9actions des fid\u00e8les venus comm\u00e9morer le d\u00e9part en exil de Cheikh Ahmadou Bamba. Regardez !\" \/>\n<meta property=\"og:url\" content=\"https:\/\/www.public.sn\/index.php\/2022\/09\/15\/en-direct-magal-de-touba-suivez-les-reactions-des-pelerins-venus-de-plusieurs-horizons-public-tv\/\" \/>\n<meta property=\"og:site_name\" content=\"LE PUBLIC\" \/>\n<meta property=\"article:published_time\" content=\"2022-09-15T14:26:06+00:00\" \/>\n<meta property=\"article:modified_time\" content=\"2022-09-15T14:26:08+00:00\" \/>\n<meta property=\"og:image\" content=\"https:\/\/www.public.sn\/wp-content\/uploads\/2022\/09\/511D53A7-EBAE-4EB1-9D81-A5B974281EC9.jpeg\" \/>\n\t<meta property=\"og:image:width\" content=\"1024\" \/>\n\t<meta property=\"og:image:height\" content=\"680\" \/>\n\t<meta property=\"og:image:type\" content=\"image\/jpeg\" \/>\n<meta name=\"author\" content=\"LA REDACTION\" \/>\n<meta name=\"twitter:card\" content=\"summary_large_image\" \/>\n<meta name=\"twitter:label1\" content=\"\u00c9crit par\" \/>\n\t<meta name=\"twitter:data1\" content=\"LA REDACTION\" \/>\n\t<meta name=\"twitter:label2\" content=\"Dur\u00e9e de lecture estim\u00e9e\" \/>\n\t<meta name=\"twitter:data2\" content=\"1 minute\" \/>\n<script type=\"application\/ld+json\" class=\"yoast-schema-graph\">{\"@context\":\"https:\/\/schema.org\",\"@graph\":[{\"@type\":\"Article\",\"@id\":\"https:\/\/www.public.sn\/index.php\/2022\/09\/15\/en-direct-magal-de-touba-suivez-les-reactions-des-pelerins-venus-de-plusieurs-horizons-public-tv\/#article\",\"isPartOf\":{\"@id\":\"https:\/\/www.public.sn\/index.php\/2022\/09\/15\/en-direct-magal-de-touba-suivez-les-reactions-des-pelerins-venus-de-plusieurs-horizons-public-tv\/\"},\"author\":{\"name\":\"LA REDACTION\",\"@id\":\"https:\/\/www.public.sn\/#\/schema\/person\/e3f4a11b037d4203902db148f9bc8d5a\"},\"headline\":\"En Direct &#8211; Magal de Touba: Suivez les r\u00e9actions des p\u00e8lerins venus de plusieurs horizons &#8211; Public TV.\",\"datePublished\":\"2022-09-15T14:26:06+00:00\",\"dateModified\":\"2022-09-15T14:26:08+00:00\",\"mainEntityOfPage\":{\"@id\":\"https:\/\/www.public.sn\/index.php\/2022\/09\/15\/en-direct-magal-de-touba-suivez-les-reactions-des-pelerins-venus-de-plusieurs-horizons-public-tv\/\"},\"wordCount\":75,\"commentCount\":0,\"publisher\":{\"@id\":\"https:\/\/www.public.sn\/#organization\"},\"image\":{\"@id\":\"https:\/\/www.public.sn\/index.php\/2022\/09\/15\/en-direct-magal-de-touba-suivez-les-reactions-des-pelerins-venus-de-plusieurs-horizons-public-tv\/#primaryimage\"},\"thumbnailUrl\":\"https:\/\/www.public.sn\/wp-content\/uploads\/2022\/09\/511D53A7-EBAE-4EB1-9D81-A5B974281EC9.jpeg\",\"keywords\":[\"D\u00e9votions\",\"Grande Mosqu\u00e9e\",\"Magal 2022\",\"P\u00e9lerins\",\"Pri\u00e8res\"],\"articleSection\":[\"PUBLIC TV\",\"SOCIETE\",\"VEDETTE\"],\"inLanguage\":\"fr-FR\",\"potentialAction\":[{\"@type\":\"CommentAction\",\"name\":\"Comment\",\"target\":[\"https:\/\/www.public.sn\/index.php\/2022\/09\/15\/en-direct-magal-de-touba-suivez-les-reactions-des-pelerins-venus-de-plusieurs-horizons-public-tv\/#respond\"]}]},{\"@type\":\"WebPage\",\"@id\":\"https:\/\/www.public.sn\/index.php\/2022\/09\/15\/en-direct-magal-de-touba-suivez-les-reactions-des-pelerins-venus-de-plusieurs-horizons-public-tv\/\",\"url\":\"https:\/\/www.public.sn\/index.php\/2022\/09\/15\/en-direct-magal-de-touba-suivez-les-reactions-des-pelerins-venus-de-plusieurs-horizons-public-tv\/\",\"name\":\"En Direct - Magal de Touba: Suivez les r\u00e9actions des p\u00e8lerins venus de plusieurs horizons - Public TV. - LE PUBLIC\",\"isPartOf\":{\"@id\":\"https:\/\/www.public.sn\/#website\"},\"primaryImageOfPage\":{\"@id\":\"https:\/\/www.public.sn\/index.php\/2022\/09\/15\/en-direct-magal-de-touba-suivez-les-reactions-des-pelerins-venus-de-plusieurs-horizons-public-tv\/#primaryimage\"},\"image\":{\"@id\":\"https:\/\/www.public.sn\/index.php\/2022\/09\/15\/en-direct-magal-de-touba-suivez-les-reactions-des-pelerins-venus-de-plusieurs-horizons-public-tv\/#primaryimage\"},\"thumbnailUrl\":\"https:\/\/www.public.sn\/wp-content\/uploads\/2022\/09\/511D53A7-EBAE-4EB1-9D81-A5B974281EC9.jpeg\",\"datePublished\":\"2022-09-15T14:26:06+00:00\",\"dateModified\":\"2022-09-15T14:26:08+00:00\",\"breadcrumb\":{\"@id\":\"https:\/\/www.public.sn\/index.php\/2022\/09\/15\/en-direct-magal-de-touba-suivez-les-reactions-des-pelerins-venus-de-plusieurs-horizons-public-tv\/#breadcrumb\"},\"inLanguage\":\"fr-FR\",\"potentialAction\":[{\"@type\":\"ReadAction\",\"target\":[\"https:\/\/www.public.sn\/index.php\/2022\/09\/15\/en-direct-magal-de-touba-suivez-les-reactions-des-pelerins-venus-de-plusieurs-horizons-public-tv\/\"]}]},{\"@type\":\"ImageObject\",\"inLanguage\":\"fr-FR\",\"@id\":\"https:\/\/www.public.sn\/index.php\/2022\/09\/15\/en-direct-magal-de-touba-suivez-les-reactions-des-pelerins-venus-de-plusieurs-horizons-public-tv\/#primaryimage\",\"url\":\"https:\/\/www.public.sn\/wp-content\/uploads\/2022\/09\/511D53A7-EBAE-4EB1-9D81-A5B974281EC9.jpeg\",\"contentUrl\":\"https:\/\/www.public.sn\/wp-content\/uploads\/2022\/09\/511D53A7-EBAE-4EB1-9D81-A5B974281EC9.jpeg\",\"width\":1024,\"height\":680},{\"@type\":\"BreadcrumbList\",\"@id\":\"https:\/\/www.public.sn\/index.php\/2022\/09\/15\/en-direct-magal-de-touba-suivez-les-reactions-des-pelerins-venus-de-plusieurs-horizons-public-tv\/#breadcrumb\",\"itemListElement\":[{\"@type\":\"ListItem\",\"position\":1,\"name\":\"Accueil\",\"item\":\"https:\/\/www.public.sn\/\"},{\"@type\":\"ListItem\",\"position\":2,\"name\":\"En Direct &#8211; Magal de Touba: Suivez les r\u00e9actions des p\u00e8lerins venus de plusieurs horizons &#8211; Public TV.\"}]},{\"@type\":\"WebSite\",\"@id\":\"https:\/\/www.public.sn\/#website\",\"url\":\"https:\/\/www.public.sn\/\",\"name\":\"LE PUBLIC\",\"description\":\"\",\"publisher\":{\"@id\":\"https:\/\/www.public.sn\/#organization\"},\"potentialAction\":[{\"@type\":\"SearchAction\",\"target\":{\"@type\":\"EntryPoint\",\"urlTemplate\":\"https:\/\/www.public.sn\/?s={search_term_string}\"},\"query-input\":{\"@type\":\"PropertyValueSpecification\",\"valueRequired\":true,\"valueName\":\"search_term_string\"}}],\"inLanguage\":\"fr-FR\"},{\"@type\":\"Organization\",\"@id\":\"https:\/\/www.public.sn\/#organization\",\"name\":\"LE PUBLIC\",\"url\":\"https:\/\/www.public.sn\/\",\"logo\":{\"@type\":\"ImageObject\",\"inLanguage\":\"fr-FR\",\"@id\":\"https:\/\/www.public.sn\/#\/schema\/logo\/image\/\",\"url\":\"https:\/\/www.public.sn\/wp-content\/uploads\/2024\/05\/cropped-LOGO-PUBLIC.SN_.png\",\"contentUrl\":\"https:\/\/www.public.sn\/wp-content\/uploads\/2024\/05\/cropped-LOGO-PUBLIC.SN_.png\",\"width\":682,\"height\":192,\"caption\":\"LE PUBLIC\"},\"image\":{\"@id\":\"https:\/\/www.public.sn\/#\/schema\/logo\/image\/\"}},{\"@type\":\"Person\",\"@id\":\"https:\/\/www.public.sn\/#\/schema\/person\/e3f4a11b037d4203902db148f9bc8d5a\",\"name\":\"LA REDACTION\",\"image\":{\"@type\":\"ImageObject\",\"inLanguage\":\"fr-FR\",\"@id\":\"https:\/\/www.public.sn\/#\/schema\/person\/image\/\",\"url\":\"https:\/\/secure.gravatar.com\/avatar\/d6c030db45db2883c075085c5d6c6258654a801a93766b49af0b82d4f454e2a5?s=96&d=mm&r=g\",\"contentUrl\":\"https:\/\/secure.gravatar.com\/avatar\/d6c030db45db2883c075085c5d6c6258654a801a93766b49af0b82d4f454e2a5?s=96&d=mm&r=g\",\"caption\":\"LA REDACTION\"},\"sameAs\":[\"http:\/\/www.public.sn\"],\"url\":\"https:\/\/www.public.sn\/index.php\/author\/admin7324\/\"}]}<\/script>\n<!-- \/ Yoast SEO plugin. -->","yoast_head_json":{"title":"En Direct - Magal de Touba: Suivez les r\u00e9actions des p\u00e8lerins venus de plusieurs horizons - Public TV. - LE PUBLIC","robots":{"index":"index","follow":"follow","max-snippet":"max-snippet:-1","max-image-preview":"max-image-preview:large","max-video-preview":"max-video-preview:-1"},"canonical":"https:\/\/www.public.sn\/index.php\/2022\/09\/15\/en-direct-magal-de-touba-suivez-les-reactions-des-pelerins-venus-de-plusieurs-horizons-public-tv\/","og_locale":"fr_FR","og_type":"article","og_title":"En Direct - Magal de Touba: Suivez les r\u00e9actions des p\u00e8lerins venus de plusieurs horizons - Public TV. - LE PUBLIC","og_description":"La ferveur est \u00e0 son comble dans la ville sainte de Touba o\u00f9 une \u00e9quipe de la R\u00e9daction Public SN s\u2019est rendue \u00e0 la Grande Mosqu\u00e9e pour recueillir les r\u00e9actions des fid\u00e8les venus comm\u00e9morer le d\u00e9part en exil de Cheikh Ahmadou Bamba. Regardez !","og_url":"https:\/\/www.public.sn\/index.php\/2022\/09\/15\/en-direct-magal-de-touba-suivez-les-reactions-des-pelerins-venus-de-plusieurs-horizons-public-tv\/","og_site_name":"LE PUBLIC","article_published_time":"2022-09-15T14:26:06+00:00","article_modified_time":"2022-09-15T14:26:08+00:00","og_image":[{"width":1024,"height":680,"url":"https:\/\/www.public.sn\/wp-content\/uploads\/2022\/09\/511D53A7-EBAE-4EB1-9D81-A5B974281EC9.jpeg","type":"image\/jpeg"}],"author":"LA REDACTION","twitter_card":"summary_large_image","twitter_misc":{"\u00c9crit par":"LA REDACTION","Dur\u00e9e de lecture estim\u00e9e":"1 minute"},"schema":{"@context":"https:\/\/schema.org","@graph":[{"@type":"Article","@id":"https:\/\/www.public.sn\/index.php\/2022\/09\/15\/en-direct-magal-de-touba-suivez-les-reactions-des-pelerins-venus-de-plusieurs-horizons-public-tv\/#article","isPartOf":{"@id":"https:\/\/www.public.sn\/index.php\/2022\/09\/15\/en-direct-magal-de-touba-suivez-les-reactions-des-pelerins-venus-de-plusieurs-horizons-public-tv\/"},"author":{"name":"LA REDACTION","@id":"https:\/\/www.public.sn\/#\/schema\/person\/e3f4a11b037d4203902db148f9bc8d5a"},"headline":"En Direct &#8211; Magal de Touba: Suivez les r\u00e9actions des p\u00e8lerins venus de plusieurs horizons &#8211; Public TV.","datePublished":"2022-09-15T14:26:06+00:00","dateModified":"2022-09-15T14:26:08+00:00","mainEntityOfPage":{"@id":"https:\/\/www.public.sn\/index.php\/2022\/09\/15\/en-direct-magal-de-touba-suivez-les-reactions-des-pelerins-venus-de-plusieurs-horizons-public-tv\/"},"wordCount":75,"commentCount":0,"publisher":{"@id":"https:\/\/www.public.sn\/#organization"},"image":{"@id":"https:\/\/www.public.sn\/index.php\/2022\/09\/15\/en-direct-magal-de-touba-suivez-les-reactions-des-pelerins-venus-de-plusieurs-horizons-public-tv\/#primaryimage"},"thumbnailUrl":"https:\/\/www.public.sn\/wp-content\/uploads\/2022\/09\/511D53A7-EBAE-4EB1-9D81-A5B974281EC9.jpeg","keywords":["D\u00e9votions","Grande Mosqu\u00e9e","Magal 2022","P\u00e9lerins","Pri\u00e8res"],"articleSection":["PUBLIC TV","SOCIETE","VEDETTE"],"inLanguage":"fr-FR","potentialAction":[{"@type":"CommentAction","name":"Comment","target":["https:\/\/www.public.sn\/index.php\/2022\/09\/15\/en-direct-magal-de-touba-suivez-les-reactions-des-pelerins-venus-de-plusieurs-horizons-public-tv\/#respond"]}]},{"@type":"WebPage","@id":"https:\/\/www.public.sn\/index.php\/2022\/09\/15\/en-direct-magal-de-touba-suivez-les-reactions-des-pelerins-venus-de-plusieurs-horizons-public-tv\/","url":"https:\/\/www.public.sn\/index.php\/2022\/09\/15\/en-direct-magal-de-touba-suivez-les-reactions-des-pelerins-venus-de-plusieurs-horizons-public-tv\/","name":"En Direct - Magal de Touba: Suivez les r\u00e9actions des p\u00e8lerins venus de plusieurs horizons - Public TV. - LE PUBLIC","isPartOf":{"@id":"https:\/\/www.public.sn\/#website"},"primaryImageOfPage":{"@id":"https:\/\/www.public.sn\/index.php\/2022\/09\/15\/en-direct-magal-de-touba-suivez-les-reactions-des-pelerins-venus-de-plusieurs-horizons-public-tv\/#primaryimage"},"image":{"@id":"https:\/\/www.public.sn\/index.php\/2022\/09\/15\/en-direct-magal-de-touba-suivez-les-reactions-des-pelerins-venus-de-plusieurs-horizons-public-tv\/#primaryimage"},"thumbnailUrl":"https:\/\/www.public.sn\/wp-content\/uploads\/2022\/09\/511D53A7-EBAE-4EB1-9D81-A5B974281EC9.jpeg","datePublished":"2022-09-15T14:26:06+00:00","dateModified":"2022-09-15T14:26:08+00:00","breadcrumb":{"@id":"https:\/\/www.public.sn\/index.php\/2022\/09\/15\/en-direct-magal-de-touba-suivez-les-reactions-des-pelerins-venus-de-plusieurs-horizons-public-tv\/#breadcrumb"},"inLanguage":"fr-FR","potentialAction":[{"@type":"ReadAction","target":["https:\/\/www.public.sn\/index.php\/2022\/09\/15\/en-direct-magal-de-touba-suivez-les-reactions-des-pelerins-venus-de-plusieurs-horizons-public-tv\/"]}]},{"@type":"ImageObject","inLanguage":"fr-FR","@id":"https:\/\/www.public.sn\/index.php\/2022\/09\/15\/en-direct-magal-de-touba-suivez-les-reactions-des-pelerins-venus-de-plusieurs-horizons-public-tv\/#primaryimage","url":"https:\/\/www.public.sn\/wp-content\/uploads\/2022\/09\/511D53A7-EBAE-4EB1-9D81-A5B974281EC9.jpeg","contentUrl":"https:\/\/www.public.sn\/wp-content\/uploads\/2022\/09\/511D53A7-EBAE-4EB1-9D81-A5B974281EC9.jpeg","width":1024,"height":680},{"@type":"BreadcrumbList","@id":"https:\/\/www.public.sn\/index.php\/2022\/09\/15\/en-direct-magal-de-touba-suivez-les-reactions-des-pelerins-venus-de-plusieurs-horizons-public-tv\/#breadcrumb","itemListElement":[{"@type":"ListItem","position":1,"name":"Accueil","item":"https:\/\/www.public.sn\/"},{"@type":"ListItem","position":2,"name":"En Direct &#8211; Magal de Touba: Suivez les r\u00e9actions des p\u00e8lerins venus de plusieurs horizons &#8211; Public TV."}]},{"@type":"WebSite","@id":"https:\/\/www.public.sn\/#website","url":"https:\/\/www.public.sn\/","name":"LE PUBLIC","description":"","publisher":{"@id":"https:\/\/www.public.sn\/#organization"},"potentialAction":[{"@type":"SearchAction","target":{"@type":"EntryPoint","urlTemplate":"https:\/\/www.public.sn\/?s={search_term_string}"},"query-input":{"@type":"PropertyValueSpecification","valueRequired":true,"valueName":"search_term_string"}}],"inLanguage":"fr-FR"},{"@type":"Organization","@id":"https:\/\/www.public.sn\/#organization","name":"LE PUBLIC","url":"https:\/\/www.public.sn\/","logo":{"@type":"ImageObject","inLanguage":"fr-FR","@id":"https:\/\/www.public.sn\/#\/schema\/logo\/image\/","url":"https:\/\/www.public.sn\/wp-content\/uploads\/2024\/05\/cropped-LOGO-PUBLIC.SN_.png","contentUrl":"https:\/\/www.public.sn\/wp-content\/uploads\/2024\/05\/cropped-LOGO-PUBLIC.SN_.png","width":682,"height":192,"caption":"LE PUBLIC"},"image":{"@id":"https:\/\/www.public.sn\/#\/schema\/logo\/image\/"}},{"@type":"Person","@id":"https:\/\/www.public.sn\/#\/schema\/person\/e3f4a11b037d4203902db148f9bc8d5a","name":"LA REDACTION","image":{"@type":"ImageObject","inLanguage":"fr-FR","@id":"https:\/\/www.public.sn\/#\/schema\/person\/image\/","url":"https:\/\/secure.gravatar.com\/avatar\/d6c030db45db2883c075085c5d6c6258654a801a93766b49af0b82d4f454e2a5?s=96&d=mm&r=g","contentUrl":"https:\/\/secure.gravatar.com\/avatar\/d6c030db45db2883c075085c5d6c6258654a801a93766b49af0b82d4f454e2a5?s=96&d=mm&r=g","caption":"LA REDACTION"},"sameAs":["http:\/\/www.public.sn"],"url":"https:\/\/www.public.sn\/index.php\/author\/admin7324\/"}]}},"jetpack_featured_media_url":"https:\/\/www.public.sn\/wp-content\/uploads\/2022\/09\/511D53A7-EBAE-4EB1-9D81-A5B974281EC9.jpeg","jetpack_sharing_enabled":true,"_links":{"self":[{"href":"https:\/\/www.public.sn\/index.php\/wp-json\/wp\/v2\/posts\/2028","targetHints":{"allow":["GET"]}}],"collection":[{"href":"https:\/\/www.public.sn\/index.php\/wp-json\/wp\/v2\/posts"}],"about":[{"href":"https:\/\/www.public.sn\/index.php\/wp-json\/wp\/v2\/types\/post"}],"author":[{"embeddable":true,"href":"https:\/\/www.public.sn\/index.php\/wp-json\/wp\/v2\/users\/1"}],"replies":[{"embeddable":true,"href":"https:\/\/www.public.sn\/index.php\/wp-json\/wp\/v2\/comments?post=2028"}],"version-history":[{"count":1,"href":"https:\/\/www.public.sn\/index.php\/wp-json\/wp\/v2\/posts\/2028\/revisions"}],"predecessor-version":[{"id":2030,"href":"https:\/\/www.public.sn\/index.php\/wp-json\/wp\/v2\/posts\/2028\/revisions\/2030"}],"wp:featuredmedia":[{"embeddable":true,"href":"https:\/\/www.public.sn\/index.php\/wp-json\/wp\/v2\/media\/2029"}],"wp:attachment":[{"href":"https:\/\/www.public.sn\/index.php\/wp-json\/wp\/v2\/media?parent=2028"}],"wp:term":[{"taxonomy":"category","embeddable":true,"href":"https:\/\/www.public.sn\/index.php\/wp-json\/wp\/v2\/categories?post=2028"},{"taxonomy":"post_tag","embeddable":true,"href":"https:\/\/www.public.sn\/index.php\/wp-json\/wp\/v2\/tags?post=2028"}],"curies":[{"name":"wp","href":"https:\/\/api.w.org\/{rel}","templated":true}]}}