{"id":20393,"date":"2023-04-25T19:20:38","date_gmt":"2023-04-25T19:20:38","guid":{"rendered":"https:\/\/www.public.sn\/?p=20393"},"modified":"2023-04-25T19:20:38","modified_gmt":"2023-04-25T19:20:38","slug":"affaire-adji-sarr-la-cour-supreme-rejette-lunique-voie-de-recours-ousmane-sonko-file-vers-un-proces","status":"publish","type":"post","link":"https:\/\/www.public.sn\/index.php\/2023\/04\/25\/affaire-adji-sarr-la-cour-supreme-rejette-lunique-voie-de-recours-ousmane-sonko-file-vers-un-proces\/","title":{"rendered":"Affaire Adji Sarr: La Cour Supr\u00eame rejette l\u2019unique voie de recours, Ousmane Sonko file vers un proc\u00e8s"},"content":{"rendered":"<p>La Cour supr\u00eame a rejet\u00e9 le recours introduit par les avocats du leader du Pastef Ousmane Sonko dans le cadre de l\u2019affaire Sweet Beaut\u00e9. Son recours est d\u00e9clar\u00e9 irrecevable. Le pourvoi en cassation contre l\u2019ordonnance du Doyen des juges qui a envoy\u00e9 le dossier devant la chambre criminelle.\u00a0Selon notre source, la haute juridiction n\u2019a m\u00eame pas examin\u00e9 le fond du dossier. En effet, les juges de la haute juridiction ont estim\u00e9 que le pourvoi form\u00e9 \u00e9tait irrecevable. Ils s\u2019en sont donc limit\u00e9s aux questions de forme pour rendre leur d\u00e9cision.<br \/>\nCependant, le dossier va retourner directement au parquet qui doit d\u00e9sormais fixer la date du proc\u00e8s pour \u00ab viols r\u00e9p\u00e9t\u00e9s et menace de mort \u00bb opposant Ousmane Sonko \u00e0 la masseuse Adji Sarr.\u00a0La m\u00eame source de r\u00e9v\u00e9ler que la Cour supr\u00eame a \u00e9t\u00e9 du m\u00eame avis que la Chambre d\u2019accusation qui avait d\u00e9clar\u00e9 irrecevable le recours des avocats du maire de la ville de Ziguinchor contre l\u2019ordonnance du Doyen des juges qui envoie leur client devant la chambre criminelle.\u00a0Dans leur requ\u00eate les conseils de M. Sonko avaient soulev\u00e9 une exception d\u2019inconstitutionnalit\u00e9, consid\u00e9rant que c\u2019est une violation de la Constitution que d\u2019emp\u00eacher la d\u00e9fense a \u00e9t\u00e9 priv\u00e9e du droit de faire appel de l\u2019ordonnance de renvoi. Avec ce nouveau rejet, toutes les voies de recours pouvant permettre de faire du dilatoire \u00e0 propos du proc\u00e8s\u00a0sont ainsi \u00e9puis\u00e9es. Par cons\u00e9quent, Sonko va directement en proc\u00e8s contre Adji Sarr.<\/p><div class=\"publi-paragraphe1\" style=\"margin-top: 10px;margin-bottom: 10px;margin-left: auto;margin-right: auto;text-align: center;\" id=\"publi-1891755587\"><div class=\"publi-adlabel\">Publicit\u00e9<\/div><script async src=\"\/\/pagead2.googlesyndication.com\/pagead\/js\/adsbygoogle.js?client=ca-pub-4089586018074219\" crossorigin=\"anonymous\"><\/script><ins class=\"adsbygoogle\" style=\"display:block;\" data-ad-client=\"ca-pub-4089586018074219\" \ndata-ad-slot=\"2087940154\" \ndata-ad-format=\"auto\"><\/ins>\n<script> \n(adsbygoogle = window.adsbygoogle || []).push({}); \n<\/script>\n<\/div>\n<p><strong>Nd\u00e9ye Khady MBAYE GOUDIABY<\/strong><\/p>\n<div class=\"publi-apres-le-contenu\" style=\"margin-top: 10px;margin-bottom: 10px;margin-left: auto;margin-right: auto;text-align: center;\" id=\"publi-3734780169\"><div class=\"publi-adlabel\">Publicit\u00e9<\/div><script async src=\"\/\/pagead2.googlesyndication.com\/pagead\/js\/adsbygoogle.js?client=ca-pub-4089586018074219\" crossorigin=\"anonymous\"><\/script><ins class=\"adsbygoogle\" style=\"display:block;\" data-ad-client=\"ca-pub-4089586018074219\" \ndata-ad-slot=\"2087940154\" \ndata-ad-format=\"auto\"><\/ins>\n<script> \n(adsbygoogle = window.adsbygoogle || []).push({}); \n<\/script>\n<\/div>","protected":false},"excerpt":{"rendered":"<p>La Cour supr\u00eame a rejet\u00e9 le recours introduit par les avocats du leader du Pastef Ousmane Sonko dans le cadre de l\u2019affaire Sweet Beaut\u00e9. Son recours est d\u00e9clar\u00e9 irrecevable. Le pourvoi en cassation contre l\u2019ordonnance du Doyen des juges qui a envoy\u00e9 le dossier devant la chambre criminelle.\u00a0Selon notre source, la haute juridiction n\u2019a m\u00eame pas examin\u00e9 le fond du dossier. En effet, les juges de la haute juridiction ont estim\u00e9 que le pourvoi form\u00e9 \u00e9tait irrecevable. Ils s\u2019en sont donc limit\u00e9s aux questions de forme pour rendre leur d\u00e9cision. Cependant, le dossier va retourner directement au parquet qui doit d\u00e9sormais fixer la date du proc\u00e8s pour \u00ab viols r\u00e9p\u00e9t\u00e9s et menace de mort \u00bb opposant Ousmane Sonko \u00e0 la masseuse Adji Sarr.\u00a0La m\u00eame source de r\u00e9v\u00e9ler que la Cour supr\u00eame a \u00e9t\u00e9 du m\u00eame avis que la Chambre d\u2019accusation qui avait d\u00e9clar\u00e9 irrecevable le recours des avocats du maire de la ville de Ziguinchor contre l\u2019ordonnance du Doyen des juges qui envoie leur client devant la chambre criminelle.\u00a0Dans leur requ\u00eate les conseils de M. Sonko avaient soulev\u00e9 une exception d\u2019inconstitutionnalit\u00e9, consid\u00e9rant que c\u2019est une violation de la Constitution que d\u2019emp\u00eacher la d\u00e9fense a \u00e9t\u00e9 priv\u00e9e du droit de faire appel de l\u2019ordonnance de renvoi. Avec ce nouveau rejet, toutes les voies de recours pouvant permettre de faire du dilatoire \u00e0 propos du proc\u00e8s\u00a0sont ainsi \u00e9puis\u00e9es. Par cons\u00e9quent, Sonko va directement en proc\u00e8s contre Adji Sarr. Nd\u00e9ye Khady MBAYE GOUDIABY<\/p>\n","protected":false},"author":7,"featured_media":13222,"comment_status":"open","ping_status":"open","sticky":false,"template":"","format":"standard","meta":{"_jetpack_memberships_contains_paid_content":false,"footnotes":""},"categories":[1],"tags":[],"class_list":["post-20393","post","type-post","status-publish","format-standard","has-post-thumbnail","hentry","category-non-classe","entry","has-media","owp-thumbs-layout-horizontal","owp-btn-normal","owp-tabs-layout-horizontal","has-no-thumbnails","has-product-nav"],"yoast_head":"<!-- This site is optimized with the Yoast SEO plugin v25.5 - https:\/\/yoast.com\/wordpress\/plugins\/seo\/ -->\n<title>Affaire Adji Sarr: La Cour Supr\u00eame rejette l\u2019unique voie de recours, Ousmane Sonko file vers un proc\u00e8s - LE PUBLIC<\/title>\n<meta name=\"robots\" content=\"index, follow, max-snippet:-1, max-image-preview:large, max-video-preview:-1\" \/>\n<link rel=\"canonical\" href=\"https:\/\/www.public.sn\/index.php\/2023\/04\/25\/affaire-adji-sarr-la-cour-supreme-rejette-lunique-voie-de-recours-ousmane-sonko-file-vers-un-proces\/\" \/>\n<meta property=\"og:locale\" content=\"fr_FR\" \/>\n<meta property=\"og:type\" content=\"article\" \/>\n<meta property=\"og:title\" content=\"Affaire Adji Sarr: La Cour Supr\u00eame rejette l\u2019unique voie de recours, Ousmane Sonko file vers un proc\u00e8s - LE PUBLIC\" \/>\n<meta property=\"og:description\" content=\"La Cour supr\u00eame a rejet\u00e9 le recours introduit par les avocats du leader du Pastef Ousmane Sonko dans le cadre de l\u2019affaire Sweet Beaut\u00e9. Son recours est d\u00e9clar\u00e9 irrecevable. Le pourvoi en cassation contre l\u2019ordonnance du Doyen des juges qui a envoy\u00e9 le dossier devant la chambre criminelle.\u00a0Selon notre source, la haute juridiction n\u2019a m\u00eame pas examin\u00e9 le fond du dossier. En effet, les juges de la haute juridiction ont estim\u00e9 que le pourvoi form\u00e9 \u00e9tait irrecevable. Ils s\u2019en sont donc limit\u00e9s aux questions de forme pour rendre leur d\u00e9cision. Cependant, le dossier va retourner directement au parquet qui doit d\u00e9sormais fixer la date du proc\u00e8s pour \u00ab viols r\u00e9p\u00e9t\u00e9s et menace de mort \u00bb opposant Ousmane Sonko \u00e0 la masseuse Adji Sarr.\u00a0La m\u00eame source de r\u00e9v\u00e9ler que la Cour supr\u00eame a \u00e9t\u00e9 du m\u00eame avis que la Chambre d\u2019accusation qui avait d\u00e9clar\u00e9 irrecevable le recours des avocats du maire de la ville de Ziguinchor contre l\u2019ordonnance du Doyen des juges qui envoie leur client devant la chambre criminelle.\u00a0Dans leur requ\u00eate les conseils de M. Sonko avaient soulev\u00e9 une exception d\u2019inconstitutionnalit\u00e9, consid\u00e9rant que c\u2019est une violation de la Constitution que d\u2019emp\u00eacher la d\u00e9fense a \u00e9t\u00e9 priv\u00e9e du droit de faire appel de l\u2019ordonnance de renvoi. Avec ce nouveau rejet, toutes les voies de recours pouvant permettre de faire du dilatoire \u00e0 propos du proc\u00e8s\u00a0sont ainsi \u00e9puis\u00e9es. Par cons\u00e9quent, Sonko va directement en proc\u00e8s contre Adji Sarr. Nd\u00e9ye Khady MBAYE GOUDIABY\" \/>\n<meta property=\"og:url\" content=\"https:\/\/www.public.sn\/index.php\/2023\/04\/25\/affaire-adji-sarr-la-cour-supreme-rejette-lunique-voie-de-recours-ousmane-sonko-file-vers-un-proces\/\" \/>\n<meta property=\"og:site_name\" content=\"LE PUBLIC\" \/>\n<meta property=\"article:published_time\" content=\"2023-04-25T19:20:38+00:00\" \/>\n<meta property=\"og:image\" content=\"https:\/\/www.public.sn\/wp-content\/uploads\/2023\/01\/sonko-adji-sarr-palais-de-justice.jpg\" \/>\n\t<meta property=\"og:image:width\" content=\"1200\" \/>\n\t<meta property=\"og:image:height\" content=\"675\" \/>\n\t<meta property=\"og:image:type\" content=\"image\/jpeg\" \/>\n<meta name=\"author\" content=\"LA REDACTION\" \/>\n<meta name=\"twitter:card\" content=\"summary_large_image\" \/>\n<meta name=\"twitter:label1\" content=\"\u00c9crit par\" \/>\n\t<meta name=\"twitter:data1\" content=\"LA REDACTION\" \/>\n\t<meta name=\"twitter:label2\" content=\"Dur\u00e9e de lecture estim\u00e9e\" \/>\n\t<meta name=\"twitter:data2\" content=\"2 minutes\" \/>\n<script type=\"application\/ld+json\" class=\"yoast-schema-graph\">{\"@context\":\"https:\/\/schema.org\",\"@graph\":[{\"@type\":\"Article\",\"@id\":\"https:\/\/www.public.sn\/index.php\/2023\/04\/25\/affaire-adji-sarr-la-cour-supreme-rejette-lunique-voie-de-recours-ousmane-sonko-file-vers-un-proces\/#article\",\"isPartOf\":{\"@id\":\"https:\/\/www.public.sn\/index.php\/2023\/04\/25\/affaire-adji-sarr-la-cour-supreme-rejette-lunique-voie-de-recours-ousmane-sonko-file-vers-un-proces\/\"},\"author\":{\"name\":\"LA REDACTION\",\"@id\":\"https:\/\/www.public.sn\/#\/schema\/person\/cb76c8e1b8becc6be61fb5e92d6d0224\"},\"headline\":\"Affaire Adji Sarr: La Cour Supr\u00eame rejette l\u2019unique voie de recours, Ousmane Sonko file vers un proc\u00e8s\",\"datePublished\":\"2023-04-25T19:20:38+00:00\",\"mainEntityOfPage\":{\"@id\":\"https:\/\/www.public.sn\/index.php\/2023\/04\/25\/affaire-adji-sarr-la-cour-supreme-rejette-lunique-voie-de-recours-ousmane-sonko-file-vers-un-proces\/\"},\"wordCount\":296,\"commentCount\":0,\"publisher\":{\"@id\":\"https:\/\/www.public.sn\/#organization\"},\"image\":{\"@id\":\"https:\/\/www.public.sn\/index.php\/2023\/04\/25\/affaire-adji-sarr-la-cour-supreme-rejette-lunique-voie-de-recours-ousmane-sonko-file-vers-un-proces\/#primaryimage\"},\"thumbnailUrl\":\"https:\/\/www.public.sn\/wp-content\/uploads\/2023\/01\/sonko-adji-sarr-palais-de-justice.jpg\",\"articleSection\":[\"S\u00c9N\u00c9GAL\"],\"inLanguage\":\"fr-FR\",\"potentialAction\":[{\"@type\":\"CommentAction\",\"name\":\"Comment\",\"target\":[\"https:\/\/www.public.sn\/index.php\/2023\/04\/25\/affaire-adji-sarr-la-cour-supreme-rejette-lunique-voie-de-recours-ousmane-sonko-file-vers-un-proces\/#respond\"]}]},{\"@type\":\"WebPage\",\"@id\":\"https:\/\/www.public.sn\/index.php\/2023\/04\/25\/affaire-adji-sarr-la-cour-supreme-rejette-lunique-voie-de-recours-ousmane-sonko-file-vers-un-proces\/\",\"url\":\"https:\/\/www.public.sn\/index.php\/2023\/04\/25\/affaire-adji-sarr-la-cour-supreme-rejette-lunique-voie-de-recours-ousmane-sonko-file-vers-un-proces\/\",\"name\":\"Affaire Adji Sarr: La Cour Supr\u00eame rejette l\u2019unique voie de recours, Ousmane Sonko file vers un proc\u00e8s - LE PUBLIC\",\"isPartOf\":{\"@id\":\"https:\/\/www.public.sn\/#website\"},\"primaryImageOfPage\":{\"@id\":\"https:\/\/www.public.sn\/index.php\/2023\/04\/25\/affaire-adji-sarr-la-cour-supreme-rejette-lunique-voie-de-recours-ousmane-sonko-file-vers-un-proces\/#primaryimage\"},\"image\":{\"@id\":\"https:\/\/www.public.sn\/index.php\/2023\/04\/25\/affaire-adji-sarr-la-cour-supreme-rejette-lunique-voie-de-recours-ousmane-sonko-file-vers-un-proces\/#primaryimage\"},\"thumbnailUrl\":\"https:\/\/www.public.sn\/wp-content\/uploads\/2023\/01\/sonko-adji-sarr-palais-de-justice.jpg\",\"datePublished\":\"2023-04-25T19:20:38+00:00\",\"breadcrumb\":{\"@id\":\"https:\/\/www.public.sn\/index.php\/2023\/04\/25\/affaire-adji-sarr-la-cour-supreme-rejette-lunique-voie-de-recours-ousmane-sonko-file-vers-un-proces\/#breadcrumb\"},\"inLanguage\":\"fr-FR\",\"potentialAction\":[{\"@type\":\"ReadAction\",\"target\":[\"https:\/\/www.public.sn\/index.php\/2023\/04\/25\/affaire-adji-sarr-la-cour-supreme-rejette-lunique-voie-de-recours-ousmane-sonko-file-vers-un-proces\/\"]}]},{\"@type\":\"ImageObject\",\"inLanguage\":\"fr-FR\",\"@id\":\"https:\/\/www.public.sn\/index.php\/2023\/04\/25\/affaire-adji-sarr-la-cour-supreme-rejette-lunique-voie-de-recours-ousmane-sonko-file-vers-un-proces\/#primaryimage\",\"url\":\"https:\/\/www.public.sn\/wp-content\/uploads\/2023\/01\/sonko-adji-sarr-palais-de-justice.jpg\",\"contentUrl\":\"https:\/\/www.public.sn\/wp-content\/uploads\/2023\/01\/sonko-adji-sarr-palais-de-justice.jpg\",\"width\":1200,\"height\":675},{\"@type\":\"BreadcrumbList\",\"@id\":\"https:\/\/www.public.sn\/index.php\/2023\/04\/25\/affaire-adji-sarr-la-cour-supreme-rejette-lunique-voie-de-recours-ousmane-sonko-file-vers-un-proces\/#breadcrumb\",\"itemListElement\":[{\"@type\":\"ListItem\",\"position\":1,\"name\":\"Accueil\",\"item\":\"https:\/\/www.public.sn\/\"},{\"@type\":\"ListItem\",\"position\":2,\"name\":\"Affaire Adji Sarr: La Cour Supr\u00eame rejette l\u2019unique voie de recours, Ousmane Sonko file vers un proc\u00e8s\"}]},{\"@type\":\"WebSite\",\"@id\":\"https:\/\/www.public.sn\/#website\",\"url\":\"https:\/\/www.public.sn\/\",\"name\":\"LE PUBLIC\",\"description\":\"\",\"publisher\":{\"@id\":\"https:\/\/www.public.sn\/#organization\"},\"potentialAction\":[{\"@type\":\"SearchAction\",\"target\":{\"@type\":\"EntryPoint\",\"urlTemplate\":\"https:\/\/www.public.sn\/?s={search_term_string}\"},\"query-input\":{\"@type\":\"PropertyValueSpecification\",\"valueRequired\":true,\"valueName\":\"search_term_string\"}}],\"inLanguage\":\"fr-FR\"},{\"@type\":\"Organization\",\"@id\":\"https:\/\/www.public.sn\/#organization\",\"name\":\"LE PUBLIC\",\"url\":\"https:\/\/www.public.sn\/\",\"logo\":{\"@type\":\"ImageObject\",\"inLanguage\":\"fr-FR\",\"@id\":\"https:\/\/www.public.sn\/#\/schema\/logo\/image\/\",\"url\":\"https:\/\/www.public.sn\/wp-content\/uploads\/2024\/05\/cropped-LOGO-PUBLIC.SN_.png\",\"contentUrl\":\"https:\/\/www.public.sn\/wp-content\/uploads\/2024\/05\/cropped-LOGO-PUBLIC.SN_.png\",\"width\":682,\"height\":192,\"caption\":\"LE PUBLIC\"},\"image\":{\"@id\":\"https:\/\/www.public.sn\/#\/schema\/logo\/image\/\"}},{\"@type\":\"Person\",\"@id\":\"https:\/\/www.public.sn\/#\/schema\/person\/cb76c8e1b8becc6be61fb5e92d6d0224\",\"name\":\"LA REDACTION\",\"image\":{\"@type\":\"ImageObject\",\"inLanguage\":\"fr-FR\",\"@id\":\"https:\/\/www.public.sn\/#\/schema\/person\/image\/\",\"url\":\"https:\/\/secure.gravatar.com\/avatar\/2dce5ddd34b8fef0180efe03aa2a9bee7d953856048f9a16b298190a3178407c?s=96&d=mm&r=g\",\"contentUrl\":\"https:\/\/secure.gravatar.com\/avatar\/2dce5ddd34b8fef0180efe03aa2a9bee7d953856048f9a16b298190a3178407c?s=96&d=mm&r=g\",\"caption\":\"LA REDACTION\"},\"url\":\"https:\/\/www.public.sn\/index.php\/author\/editeurpsn\/\"}]}<\/script>\n<!-- \/ Yoast SEO plugin. -->","yoast_head_json":{"title":"Affaire Adji Sarr: La Cour Supr\u00eame rejette l\u2019unique voie de recours, Ousmane Sonko file vers un proc\u00e8s - LE PUBLIC","robots":{"index":"index","follow":"follow","max-snippet":"max-snippet:-1","max-image-preview":"max-image-preview:large","max-video-preview":"max-video-preview:-1"},"canonical":"https:\/\/www.public.sn\/index.php\/2023\/04\/25\/affaire-adji-sarr-la-cour-supreme-rejette-lunique-voie-de-recours-ousmane-sonko-file-vers-un-proces\/","og_locale":"fr_FR","og_type":"article","og_title":"Affaire Adji Sarr: La Cour Supr\u00eame rejette l\u2019unique voie de recours, Ousmane Sonko file vers un proc\u00e8s - LE PUBLIC","og_description":"La Cour supr\u00eame a rejet\u00e9 le recours introduit par les avocats du leader du Pastef Ousmane Sonko dans le cadre de l\u2019affaire Sweet Beaut\u00e9. Son recours est d\u00e9clar\u00e9 irrecevable. Le pourvoi en cassation contre l\u2019ordonnance du Doyen des juges qui a envoy\u00e9 le dossier devant la chambre criminelle.\u00a0Selon notre source, la haute juridiction n\u2019a m\u00eame pas examin\u00e9 le fond du dossier. En effet, les juges de la haute juridiction ont estim\u00e9 que le pourvoi form\u00e9 \u00e9tait irrecevable. Ils s\u2019en sont donc limit\u00e9s aux questions de forme pour rendre leur d\u00e9cision. Cependant, le dossier va retourner directement au parquet qui doit d\u00e9sormais fixer la date du proc\u00e8s pour \u00ab viols r\u00e9p\u00e9t\u00e9s et menace de mort \u00bb opposant Ousmane Sonko \u00e0 la masseuse Adji Sarr.\u00a0La m\u00eame source de r\u00e9v\u00e9ler que la Cour supr\u00eame a \u00e9t\u00e9 du m\u00eame avis que la Chambre d\u2019accusation qui avait d\u00e9clar\u00e9 irrecevable le recours des avocats du maire de la ville de Ziguinchor contre l\u2019ordonnance du Doyen des juges qui envoie leur client devant la chambre criminelle.\u00a0Dans leur requ\u00eate les conseils de M. Sonko avaient soulev\u00e9 une exception d\u2019inconstitutionnalit\u00e9, consid\u00e9rant que c\u2019est une violation de la Constitution que d\u2019emp\u00eacher la d\u00e9fense a \u00e9t\u00e9 priv\u00e9e du droit de faire appel de l\u2019ordonnance de renvoi. Avec ce nouveau rejet, toutes les voies de recours pouvant permettre de faire du dilatoire \u00e0 propos du proc\u00e8s\u00a0sont ainsi \u00e9puis\u00e9es. Par cons\u00e9quent, Sonko va directement en proc\u00e8s contre Adji Sarr. Nd\u00e9ye Khady MBAYE GOUDIABY","og_url":"https:\/\/www.public.sn\/index.php\/2023\/04\/25\/affaire-adji-sarr-la-cour-supreme-rejette-lunique-voie-de-recours-ousmane-sonko-file-vers-un-proces\/","og_site_name":"LE PUBLIC","article_published_time":"2023-04-25T19:20:38+00:00","og_image":[{"width":1200,"height":675,"url":"https:\/\/www.public.sn\/wp-content\/uploads\/2023\/01\/sonko-adji-sarr-palais-de-justice.jpg","type":"image\/jpeg"}],"author":"LA REDACTION","twitter_card":"summary_large_image","twitter_misc":{"\u00c9crit par":"LA REDACTION","Dur\u00e9e de lecture estim\u00e9e":"2 minutes"},"schema":{"@context":"https:\/\/schema.org","@graph":[{"@type":"Article","@id":"https:\/\/www.public.sn\/index.php\/2023\/04\/25\/affaire-adji-sarr-la-cour-supreme-rejette-lunique-voie-de-recours-ousmane-sonko-file-vers-un-proces\/#article","isPartOf":{"@id":"https:\/\/www.public.sn\/index.php\/2023\/04\/25\/affaire-adji-sarr-la-cour-supreme-rejette-lunique-voie-de-recours-ousmane-sonko-file-vers-un-proces\/"},"author":{"name":"LA REDACTION","@id":"https:\/\/www.public.sn\/#\/schema\/person\/cb76c8e1b8becc6be61fb5e92d6d0224"},"headline":"Affaire Adji Sarr: La Cour Supr\u00eame rejette l\u2019unique voie de recours, Ousmane Sonko file vers un proc\u00e8s","datePublished":"2023-04-25T19:20:38+00:00","mainEntityOfPage":{"@id":"https:\/\/www.public.sn\/index.php\/2023\/04\/25\/affaire-adji-sarr-la-cour-supreme-rejette-lunique-voie-de-recours-ousmane-sonko-file-vers-un-proces\/"},"wordCount":296,"commentCount":0,"publisher":{"@id":"https:\/\/www.public.sn\/#organization"},"image":{"@id":"https:\/\/www.public.sn\/index.php\/2023\/04\/25\/affaire-adji-sarr-la-cour-supreme-rejette-lunique-voie-de-recours-ousmane-sonko-file-vers-un-proces\/#primaryimage"},"thumbnailUrl":"https:\/\/www.public.sn\/wp-content\/uploads\/2023\/01\/sonko-adji-sarr-palais-de-justice.jpg","articleSection":["S\u00c9N\u00c9GAL"],"inLanguage":"fr-FR","potentialAction":[{"@type":"CommentAction","name":"Comment","target":["https:\/\/www.public.sn\/index.php\/2023\/04\/25\/affaire-adji-sarr-la-cour-supreme-rejette-lunique-voie-de-recours-ousmane-sonko-file-vers-un-proces\/#respond"]}]},{"@type":"WebPage","@id":"https:\/\/www.public.sn\/index.php\/2023\/04\/25\/affaire-adji-sarr-la-cour-supreme-rejette-lunique-voie-de-recours-ousmane-sonko-file-vers-un-proces\/","url":"https:\/\/www.public.sn\/index.php\/2023\/04\/25\/affaire-adji-sarr-la-cour-supreme-rejette-lunique-voie-de-recours-ousmane-sonko-file-vers-un-proces\/","name":"Affaire Adji Sarr: La Cour Supr\u00eame rejette l\u2019unique voie de recours, Ousmane Sonko file vers un proc\u00e8s - LE PUBLIC","isPartOf":{"@id":"https:\/\/www.public.sn\/#website"},"primaryImageOfPage":{"@id":"https:\/\/www.public.sn\/index.php\/2023\/04\/25\/affaire-adji-sarr-la-cour-supreme-rejette-lunique-voie-de-recours-ousmane-sonko-file-vers-un-proces\/#primaryimage"},"image":{"@id":"https:\/\/www.public.sn\/index.php\/2023\/04\/25\/affaire-adji-sarr-la-cour-supreme-rejette-lunique-voie-de-recours-ousmane-sonko-file-vers-un-proces\/#primaryimage"},"thumbnailUrl":"https:\/\/www.public.sn\/wp-content\/uploads\/2023\/01\/sonko-adji-sarr-palais-de-justice.jpg","datePublished":"2023-04-25T19:20:38+00:00","breadcrumb":{"@id":"https:\/\/www.public.sn\/index.php\/2023\/04\/25\/affaire-adji-sarr-la-cour-supreme-rejette-lunique-voie-de-recours-ousmane-sonko-file-vers-un-proces\/#breadcrumb"},"inLanguage":"fr-FR","potentialAction":[{"@type":"ReadAction","target":["https:\/\/www.public.sn\/index.php\/2023\/04\/25\/affaire-adji-sarr-la-cour-supreme-rejette-lunique-voie-de-recours-ousmane-sonko-file-vers-un-proces\/"]}]},{"@type":"ImageObject","inLanguage":"fr-FR","@id":"https:\/\/www.public.sn\/index.php\/2023\/04\/25\/affaire-adji-sarr-la-cour-supreme-rejette-lunique-voie-de-recours-ousmane-sonko-file-vers-un-proces\/#primaryimage","url":"https:\/\/www.public.sn\/wp-content\/uploads\/2023\/01\/sonko-adji-sarr-palais-de-justice.jpg","contentUrl":"https:\/\/www.public.sn\/wp-content\/uploads\/2023\/01\/sonko-adji-sarr-palais-de-justice.jpg","width":1200,"height":675},{"@type":"BreadcrumbList","@id":"https:\/\/www.public.sn\/index.php\/2023\/04\/25\/affaire-adji-sarr-la-cour-supreme-rejette-lunique-voie-de-recours-ousmane-sonko-file-vers-un-proces\/#breadcrumb","itemListElement":[{"@type":"ListItem","position":1,"name":"Accueil","item":"https:\/\/www.public.sn\/"},{"@type":"ListItem","position":2,"name":"Affaire Adji Sarr: La Cour Supr\u00eame rejette l\u2019unique voie de recours, Ousmane Sonko file vers un proc\u00e8s"}]},{"@type":"WebSite","@id":"https:\/\/www.public.sn\/#website","url":"https:\/\/www.public.sn\/","name":"LE PUBLIC","description":"","publisher":{"@id":"https:\/\/www.public.sn\/#organization"},"potentialAction":[{"@type":"SearchAction","target":{"@type":"EntryPoint","urlTemplate":"https:\/\/www.public.sn\/?s={search_term_string}"},"query-input":{"@type":"PropertyValueSpecification","valueRequired":true,"valueName":"search_term_string"}}],"inLanguage":"fr-FR"},{"@type":"Organization","@id":"https:\/\/www.public.sn\/#organization","name":"LE PUBLIC","url":"https:\/\/www.public.sn\/","logo":{"@type":"ImageObject","inLanguage":"fr-FR","@id":"https:\/\/www.public.sn\/#\/schema\/logo\/image\/","url":"https:\/\/www.public.sn\/wp-content\/uploads\/2024\/05\/cropped-LOGO-PUBLIC.SN_.png","contentUrl":"https:\/\/www.public.sn\/wp-content\/uploads\/2024\/05\/cropped-LOGO-PUBLIC.SN_.png","width":682,"height":192,"caption":"LE PUBLIC"},"image":{"@id":"https:\/\/www.public.sn\/#\/schema\/logo\/image\/"}},{"@type":"Person","@id":"https:\/\/www.public.sn\/#\/schema\/person\/cb76c8e1b8becc6be61fb5e92d6d0224","name":"LA REDACTION","image":{"@type":"ImageObject","inLanguage":"fr-FR","@id":"https:\/\/www.public.sn\/#\/schema\/person\/image\/","url":"https:\/\/secure.gravatar.com\/avatar\/2dce5ddd34b8fef0180efe03aa2a9bee7d953856048f9a16b298190a3178407c?s=96&d=mm&r=g","contentUrl":"https:\/\/secure.gravatar.com\/avatar\/2dce5ddd34b8fef0180efe03aa2a9bee7d953856048f9a16b298190a3178407c?s=96&d=mm&r=g","caption":"LA REDACTION"},"url":"https:\/\/www.public.sn\/index.php\/author\/editeurpsn\/"}]}},"jetpack_featured_media_url":"https:\/\/www.public.sn\/wp-content\/uploads\/2023\/01\/sonko-adji-sarr-palais-de-justice.jpg","jetpack_sharing_enabled":true,"_links":{"self":[{"href":"https:\/\/www.public.sn\/index.php\/wp-json\/wp\/v2\/posts\/20393","targetHints":{"allow":["GET"]}}],"collection":[{"href":"https:\/\/www.public.sn\/index.php\/wp-json\/wp\/v2\/posts"}],"about":[{"href":"https:\/\/www.public.sn\/index.php\/wp-json\/wp\/v2\/types\/post"}],"author":[{"embeddable":true,"href":"https:\/\/www.public.sn\/index.php\/wp-json\/wp\/v2\/users\/7"}],"replies":[{"embeddable":true,"href":"https:\/\/www.public.sn\/index.php\/wp-json\/wp\/v2\/comments?post=20393"}],"version-history":[{"count":1,"href":"https:\/\/www.public.sn\/index.php\/wp-json\/wp\/v2\/posts\/20393\/revisions"}],"predecessor-version":[{"id":20394,"href":"https:\/\/www.public.sn\/index.php\/wp-json\/wp\/v2\/posts\/20393\/revisions\/20394"}],"wp:featuredmedia":[{"embeddable":true,"href":"https:\/\/www.public.sn\/index.php\/wp-json\/wp\/v2\/media\/13222"}],"wp:attachment":[{"href":"https:\/\/www.public.sn\/index.php\/wp-json\/wp\/v2\/media?parent=20393"}],"wp:term":[{"taxonomy":"category","embeddable":true,"href":"https:\/\/www.public.sn\/index.php\/wp-json\/wp\/v2\/categories?post=20393"},{"taxonomy":"post_tag","embeddable":true,"href":"https:\/\/www.public.sn\/index.php\/wp-json\/wp\/v2\/tags?post=20393"}],"curies":[{"name":"wp","href":"https:\/\/api.w.org\/{rel}","templated":true}]}}