{"id":2044,"date":"2022-09-15T23:01:54","date_gmt":"2022-09-15T23:01:54","guid":{"rendered":"https:\/\/www.public.sn\/?p=2044"},"modified":"2022-09-16T06:30:34","modified_gmt":"2022-09-16T06:30:34","slug":"hopital-ahmadou-bamba-mbacke-50-victimes-daccidents-recensees-0-mort-tous-les-services-a-la-pointe","status":"publish","type":"post","link":"https:\/\/www.public.sn\/index.php\/2022\/09\/15\/hopital-ahmadou-bamba-mbacke-50-victimes-daccidents-recensees-0-mort-tous-les-services-a-la-pointe\/","title":{"rendered":"H\u00f4pital Ahmadou Bamba Mback\u00e9: 50 victimes d\u2019accidents recens\u00e9es, 0 mort, tous les services \u00e0 la pointe."},"content":{"rendered":"\n<p><br>L\u2019h\u00f4pital de Touba qui porte le nom du fondateur du mouridisme, Cheikh Ahmadou Bamba Khadim Rassoul, construit par le pr\u00e9sident Macky Sall et inaugur\u00e9 le 18 septembre 2021 en pr\u00e9sence du Khalife G\u00e9n\u00e9ral des Mourides, Serigne Mountakha Mback\u00e9, avait d\u00e9marr\u00e9 officiellement ses activit\u00e9s en mai 2022.&nbsp;<br>Cet h\u00f4pital de niveau 3 (niveau le plus \u00e9lev\u00e9 dans la classification des h\u00f4pitaux du S\u00e9n\u00e9gal) ayant une capacit\u00e9 de 300 lits, disposant des services tels que la M\u00e9decine Interne et tous les autres services pour une meilleure prise en charge des populations,  re\u00e7oit plus de patients que d\u2019habitude en cette p\u00e9riode de Magal. Un fait d\u00fb \u00e0 l\u2019affluence de plusieurs millions de p\u00e8lerins vers la ville sainte qui provoque des accidents de route. \u201c<em>Nous avons enregistr\u00e9 50 cas d\u00b4accidents dont les victimes sont toutes en vie. Aucun mort not\u00e9<\/em>, dit le chef de service des soins infirmiers Dr Ismaila Mbaye.<br>\u201c<em>Ces investissements participent \u00e0 l&rsquo;am\u00e9lioration de la prise en charge des populations aussi bien de Touba et alentours du S\u00e9n\u00e9gal\u201d,<\/em> ajoute t-il.<br><strong>Regardez l\u2019int\u00e9gralit\u00e9 avec le chef de service des soins infirmiers Dr.  Ismaila Mbaye !<\/strong><\/p><div class=\"publi-paragraphe1\" style=\"margin-top: 10px;margin-bottom: 10px;margin-left: auto;margin-right: auto;text-align: center;\" id=\"publi-3421695398\"><div class=\"publi-adlabel\">Publicit\u00e9<\/div><script async src=\"\/\/pagead2.googlesyndication.com\/pagead\/js\/adsbygoogle.js?client=ca-pub-4089586018074219\" crossorigin=\"anonymous\"><\/script><ins class=\"adsbygoogle\" style=\"display:block;\" data-ad-client=\"ca-pub-4089586018074219\" \ndata-ad-slot=\"2087940154\" \ndata-ad-format=\"auto\"><\/ins>\n<script> \n(adsbygoogle = window.adsbygoogle || []).push({}); \n<\/script>\n<\/div>\n\n\n\n<figure class=\"wp-block-embed is-type-video is-provider-youtube wp-block-embed-youtube wp-embed-aspect-16-9 wp-has-aspect-ratio\"><div class=\"wp-block-embed__wrapper\">\n<p class=\"responsive-video-wrap clr\"><iframe title=\"H\u00f4pital Ahmadou Bamba Mback\u00e9: 50 bless\u00e9s, 0 z\u00e9ro, patients de Ledantec, Plateau m\u00e9dical.\" width=\"1200\" height=\"675\" src=\"https:\/\/www.youtube.com\/embed\/ZS9Ec7Wowko?feature=oembed\" frameborder=\"0\" allow=\"accelerometer; autoplay; clipboard-write; encrypted-media; gyroscope; picture-in-picture\" allowfullscreen><\/iframe><\/p>\n<\/div><\/figure>\n<div class=\"publi-apres-le-contenu\" style=\"margin-top: 10px;margin-bottom: 10px;margin-left: auto;margin-right: auto;text-align: center;\" id=\"publi-1270766780\"><div class=\"publi-adlabel\">Publicit\u00e9<\/div><script async src=\"\/\/pagead2.googlesyndication.com\/pagead\/js\/adsbygoogle.js?client=ca-pub-4089586018074219\" crossorigin=\"anonymous\"><\/script><ins class=\"adsbygoogle\" style=\"display:block;\" data-ad-client=\"ca-pub-4089586018074219\" \ndata-ad-slot=\"2087940154\" \ndata-ad-format=\"auto\"><\/ins>\n<script> \n(adsbygoogle = window.adsbygoogle || []).push({}); \n<\/script>\n<\/div>","protected":false},"excerpt":{"rendered":"<p>L\u2019h\u00f4pital de Touba qui porte le nom du fondateur du mouridisme, Cheikh Ahmadou Bamba Khadim Rassoul, construit par le pr\u00e9sident Macky Sall et inaugur\u00e9 le 18 septembre 2021 en pr\u00e9sence du Khalife G\u00e9n\u00e9ral des Mourides, Serigne Mountakha Mback\u00e9, avait d\u00e9marr\u00e9 officiellement ses activit\u00e9s en mai 2022.&nbsp;Cet h\u00f4pital de niveau 3 (niveau le plus \u00e9lev\u00e9 dans la classification des h\u00f4pitaux du S\u00e9n\u00e9gal) ayant une capacit\u00e9 de 300 lits, disposant des services tels que la M\u00e9decine Interne et tous les autres services pour une meilleure prise en charge des populations, re\u00e7oit plus de patients que d\u2019habitude en cette p\u00e9riode de Magal. Un fait d\u00fb \u00e0 l\u2019affluence de plusieurs millions de p\u00e8lerins vers la ville sainte qui provoque des accidents de route. \u201cNous avons enregistr\u00e9 50 cas d\u00b4accidents dont les victimes sont toutes en vie. Aucun mort not\u00e9, dit le chef de service des soins infirmiers Dr Ismaila Mbaye.\u201cCes investissements participent \u00e0 l&rsquo;am\u00e9lioration de la prise en charge des populations aussi bien de Touba et alentours du S\u00e9n\u00e9gal\u201d, ajoute t-il.Regardez l\u2019int\u00e9gralit\u00e9 avec le chef de service des soins infirmiers Dr. Ismaila Mbaye !<\/p>\n","protected":false},"author":1,"featured_media":2045,"comment_status":"open","ping_status":"open","sticky":false,"template":"","format":"standard","meta":{"_jetpack_memberships_contains_paid_content":false,"footnotes":""},"categories":[375,4,372],"tags":[782,783,329,785,784],"class_list":["post-2044","post","type-post","status-publish","format-standard","has-post-thumbnail","hentry","category-actualites","category-societe","category-vedette","tag-ahmadou-bamba-mbacke","tag-dr-ismaila-mbaye","tag-hopital-2","tag-medecine","tag-soins-infirmiers","entry","has-media","owp-thumbs-layout-horizontal","owp-btn-normal","owp-tabs-layout-horizontal","has-no-thumbnails","has-product-nav"],"yoast_head":"<!-- This site is optimized with the Yoast SEO plugin v25.5 - https:\/\/yoast.com\/wordpress\/plugins\/seo\/ -->\n<title>H\u00f4pital Ahmadou Bamba Mback\u00e9: 50 victimes d\u2019accidents recens\u00e9es, 0 mort, tous les services \u00e0 la pointe. - LE PUBLIC<\/title>\n<meta name=\"robots\" content=\"index, follow, max-snippet:-1, max-image-preview:large, max-video-preview:-1\" \/>\n<link rel=\"canonical\" href=\"https:\/\/www.public.sn\/index.php\/2022\/09\/15\/hopital-ahmadou-bamba-mbacke-50-victimes-daccidents-recensees-0-mort-tous-les-services-a-la-pointe\/\" \/>\n<meta property=\"og:locale\" content=\"fr_FR\" \/>\n<meta property=\"og:type\" content=\"article\" \/>\n<meta property=\"og:title\" content=\"H\u00f4pital Ahmadou Bamba Mback\u00e9: 50 victimes d\u2019accidents recens\u00e9es, 0 mort, tous les services \u00e0 la pointe. - LE PUBLIC\" \/>\n<meta property=\"og:description\" content=\"L\u2019h\u00f4pital de Touba qui porte le nom du fondateur du mouridisme, Cheikh Ahmadou Bamba Khadim Rassoul, construit par le pr\u00e9sident Macky Sall et inaugur\u00e9 le 18 septembre 2021 en pr\u00e9sence du Khalife G\u00e9n\u00e9ral des Mourides, Serigne Mountakha Mback\u00e9, avait d\u00e9marr\u00e9 officiellement ses activit\u00e9s en mai 2022.&nbsp;Cet h\u00f4pital de niveau 3 (niveau le plus \u00e9lev\u00e9 dans la classification des h\u00f4pitaux du S\u00e9n\u00e9gal) ayant une capacit\u00e9 de 300 lits, disposant des services tels que la M\u00e9decine Interne et tous les autres services pour une meilleure prise en charge des populations, re\u00e7oit plus de patients que d\u2019habitude en cette p\u00e9riode de Magal. Un fait d\u00fb \u00e0 l\u2019affluence de plusieurs millions de p\u00e8lerins vers la ville sainte qui provoque des accidents de route. \u201cNous avons enregistr\u00e9 50 cas d\u00b4accidents dont les victimes sont toutes en vie. Aucun mort not\u00e9, dit le chef de service des soins infirmiers Dr Ismaila Mbaye.\u201cCes investissements participent \u00e0 l&rsquo;am\u00e9lioration de la prise en charge des populations aussi bien de Touba et alentours du S\u00e9n\u00e9gal\u201d, ajoute t-il.Regardez l\u2019int\u00e9gralit\u00e9 avec le chef de service des soins infirmiers Dr. Ismaila Mbaye !\" \/>\n<meta property=\"og:url\" content=\"https:\/\/www.public.sn\/index.php\/2022\/09\/15\/hopital-ahmadou-bamba-mbacke-50-victimes-daccidents-recensees-0-mort-tous-les-services-a-la-pointe\/\" \/>\n<meta property=\"og:site_name\" content=\"LE PUBLIC\" \/>\n<meta property=\"article:published_time\" content=\"2022-09-15T23:01:54+00:00\" \/>\n<meta property=\"article:modified_time\" content=\"2022-09-16T06:30:34+00:00\" \/>\n<meta property=\"og:image\" content=\"https:\/\/www.public.sn\/wp-content\/uploads\/2022\/09\/DA1A92AB-4A17-4A29-8147-0DB19C8FA576-rotated.jpeg\" \/>\n\t<meta property=\"og:image:width\" content=\"2208\" \/>\n\t<meta property=\"og:image:height\" content=\"1200\" \/>\n\t<meta property=\"og:image:type\" content=\"image\/jpeg\" \/>\n<meta name=\"author\" content=\"LA REDACTION\" \/>\n<meta name=\"twitter:card\" content=\"summary_large_image\" \/>\n<meta name=\"twitter:label1\" content=\"\u00c9crit par\" \/>\n\t<meta name=\"twitter:data1\" content=\"LA REDACTION\" \/>\n\t<meta name=\"twitter:label2\" content=\"Dur\u00e9e de lecture estim\u00e9e\" \/>\n\t<meta name=\"twitter:data2\" content=\"1 minute\" \/>\n<script type=\"application\/ld+json\" class=\"yoast-schema-graph\">{\"@context\":\"https:\/\/schema.org\",\"@graph\":[{\"@type\":\"Article\",\"@id\":\"https:\/\/www.public.sn\/index.php\/2022\/09\/15\/hopital-ahmadou-bamba-mbacke-50-victimes-daccidents-recensees-0-mort-tous-les-services-a-la-pointe\/#article\",\"isPartOf\":{\"@id\":\"https:\/\/www.public.sn\/index.php\/2022\/09\/15\/hopital-ahmadou-bamba-mbacke-50-victimes-daccidents-recensees-0-mort-tous-les-services-a-la-pointe\/\"},\"author\":{\"name\":\"LA REDACTION\",\"@id\":\"https:\/\/www.public.sn\/#\/schema\/person\/e3f4a11b037d4203902db148f9bc8d5a\"},\"headline\":\"H\u00f4pital Ahmadou Bamba Mback\u00e9: 50 victimes d\u2019accidents recens\u00e9es, 0 mort, tous les services \u00e0 la pointe.\",\"datePublished\":\"2022-09-15T23:01:54+00:00\",\"dateModified\":\"2022-09-16T06:30:34+00:00\",\"mainEntityOfPage\":{\"@id\":\"https:\/\/www.public.sn\/index.php\/2022\/09\/15\/hopital-ahmadou-bamba-mbacke-50-victimes-daccidents-recensees-0-mort-tous-les-services-a-la-pointe\/\"},\"wordCount\":221,\"commentCount\":0,\"publisher\":{\"@id\":\"https:\/\/www.public.sn\/#organization\"},\"image\":{\"@id\":\"https:\/\/www.public.sn\/index.php\/2022\/09\/15\/hopital-ahmadou-bamba-mbacke-50-victimes-daccidents-recensees-0-mort-tous-les-services-a-la-pointe\/#primaryimage\"},\"thumbnailUrl\":\"https:\/\/www.public.sn\/wp-content\/uploads\/2022\/09\/DA1A92AB-4A17-4A29-8147-0DB19C8FA576-rotated.jpeg\",\"keywords\":[\"Ahmadou Bamba Mback\u00e9\",\"Dr. Ismaila Mbaye\",\"Hopital\",\"M\u00e9decine\",\"Soins infirmiers\"],\"articleSection\":[\"ACTUALIT\u00c9S\",\"SOCIETE\",\"VEDETTE\"],\"inLanguage\":\"fr-FR\",\"potentialAction\":[{\"@type\":\"CommentAction\",\"name\":\"Comment\",\"target\":[\"https:\/\/www.public.sn\/index.php\/2022\/09\/15\/hopital-ahmadou-bamba-mbacke-50-victimes-daccidents-recensees-0-mort-tous-les-services-a-la-pointe\/#respond\"]}]},{\"@type\":\"WebPage\",\"@id\":\"https:\/\/www.public.sn\/index.php\/2022\/09\/15\/hopital-ahmadou-bamba-mbacke-50-victimes-daccidents-recensees-0-mort-tous-les-services-a-la-pointe\/\",\"url\":\"https:\/\/www.public.sn\/index.php\/2022\/09\/15\/hopital-ahmadou-bamba-mbacke-50-victimes-daccidents-recensees-0-mort-tous-les-services-a-la-pointe\/\",\"name\":\"H\u00f4pital Ahmadou Bamba Mback\u00e9: 50 victimes d\u2019accidents recens\u00e9es, 0 mort, tous les services \u00e0 la pointe. - LE PUBLIC\",\"isPartOf\":{\"@id\":\"https:\/\/www.public.sn\/#website\"},\"primaryImageOfPage\":{\"@id\":\"https:\/\/www.public.sn\/index.php\/2022\/09\/15\/hopital-ahmadou-bamba-mbacke-50-victimes-daccidents-recensees-0-mort-tous-les-services-a-la-pointe\/#primaryimage\"},\"image\":{\"@id\":\"https:\/\/www.public.sn\/index.php\/2022\/09\/15\/hopital-ahmadou-bamba-mbacke-50-victimes-daccidents-recensees-0-mort-tous-les-services-a-la-pointe\/#primaryimage\"},\"thumbnailUrl\":\"https:\/\/www.public.sn\/wp-content\/uploads\/2022\/09\/DA1A92AB-4A17-4A29-8147-0DB19C8FA576-rotated.jpeg\",\"datePublished\":\"2022-09-15T23:01:54+00:00\",\"dateModified\":\"2022-09-16T06:30:34+00:00\",\"breadcrumb\":{\"@id\":\"https:\/\/www.public.sn\/index.php\/2022\/09\/15\/hopital-ahmadou-bamba-mbacke-50-victimes-daccidents-recensees-0-mort-tous-les-services-a-la-pointe\/#breadcrumb\"},\"inLanguage\":\"fr-FR\",\"potentialAction\":[{\"@type\":\"ReadAction\",\"target\":[\"https:\/\/www.public.sn\/index.php\/2022\/09\/15\/hopital-ahmadou-bamba-mbacke-50-victimes-daccidents-recensees-0-mort-tous-les-services-a-la-pointe\/\"]}]},{\"@type\":\"ImageObject\",\"inLanguage\":\"fr-FR\",\"@id\":\"https:\/\/www.public.sn\/index.php\/2022\/09\/15\/hopital-ahmadou-bamba-mbacke-50-victimes-daccidents-recensees-0-mort-tous-les-services-a-la-pointe\/#primaryimage\",\"url\":\"https:\/\/www.public.sn\/wp-content\/uploads\/2022\/09\/DA1A92AB-4A17-4A29-8147-0DB19C8FA576-rotated.jpeg\",\"contentUrl\":\"https:\/\/www.public.sn\/wp-content\/uploads\/2022\/09\/DA1A92AB-4A17-4A29-8147-0DB19C8FA576-rotated.jpeg\",\"width\":2208,\"height\":1200},{\"@type\":\"BreadcrumbList\",\"@id\":\"https:\/\/www.public.sn\/index.php\/2022\/09\/15\/hopital-ahmadou-bamba-mbacke-50-victimes-daccidents-recensees-0-mort-tous-les-services-a-la-pointe\/#breadcrumb\",\"itemListElement\":[{\"@type\":\"ListItem\",\"position\":1,\"name\":\"Accueil\",\"item\":\"https:\/\/www.public.sn\/\"},{\"@type\":\"ListItem\",\"position\":2,\"name\":\"H\u00f4pital Ahmadou Bamba Mback\u00e9: 50 victimes d\u2019accidents recens\u00e9es, 0 mort, tous les services \u00e0 la pointe.\"}]},{\"@type\":\"WebSite\",\"@id\":\"https:\/\/www.public.sn\/#website\",\"url\":\"https:\/\/www.public.sn\/\",\"name\":\"LE PUBLIC\",\"description\":\"\",\"publisher\":{\"@id\":\"https:\/\/www.public.sn\/#organization\"},\"potentialAction\":[{\"@type\":\"SearchAction\",\"target\":{\"@type\":\"EntryPoint\",\"urlTemplate\":\"https:\/\/www.public.sn\/?s={search_term_string}\"},\"query-input\":{\"@type\":\"PropertyValueSpecification\",\"valueRequired\":true,\"valueName\":\"search_term_string\"}}],\"inLanguage\":\"fr-FR\"},{\"@type\":\"Organization\",\"@id\":\"https:\/\/www.public.sn\/#organization\",\"name\":\"LE PUBLIC\",\"url\":\"https:\/\/www.public.sn\/\",\"logo\":{\"@type\":\"ImageObject\",\"inLanguage\":\"fr-FR\",\"@id\":\"https:\/\/www.public.sn\/#\/schema\/logo\/image\/\",\"url\":\"https:\/\/www.public.sn\/wp-content\/uploads\/2024\/05\/cropped-LOGO-PUBLIC.SN_.png\",\"contentUrl\":\"https:\/\/www.public.sn\/wp-content\/uploads\/2024\/05\/cropped-LOGO-PUBLIC.SN_.png\",\"width\":682,\"height\":192,\"caption\":\"LE PUBLIC\"},\"image\":{\"@id\":\"https:\/\/www.public.sn\/#\/schema\/logo\/image\/\"}},{\"@type\":\"Person\",\"@id\":\"https:\/\/www.public.sn\/#\/schema\/person\/e3f4a11b037d4203902db148f9bc8d5a\",\"name\":\"LA REDACTION\",\"image\":{\"@type\":\"ImageObject\",\"inLanguage\":\"fr-FR\",\"@id\":\"https:\/\/www.public.sn\/#\/schema\/person\/image\/\",\"url\":\"https:\/\/secure.gravatar.com\/avatar\/d6c030db45db2883c075085c5d6c6258654a801a93766b49af0b82d4f454e2a5?s=96&d=mm&r=g\",\"contentUrl\":\"https:\/\/secure.gravatar.com\/avatar\/d6c030db45db2883c075085c5d6c6258654a801a93766b49af0b82d4f454e2a5?s=96&d=mm&r=g\",\"caption\":\"LA REDACTION\"},\"sameAs\":[\"http:\/\/www.public.sn\"],\"url\":\"https:\/\/www.public.sn\/index.php\/author\/admin7324\/\"}]}<\/script>\n<!-- \/ Yoast SEO plugin. -->","yoast_head_json":{"title":"H\u00f4pital Ahmadou Bamba Mback\u00e9: 50 victimes d\u2019accidents recens\u00e9es, 0 mort, tous les services \u00e0 la pointe. - LE PUBLIC","robots":{"index":"index","follow":"follow","max-snippet":"max-snippet:-1","max-image-preview":"max-image-preview:large","max-video-preview":"max-video-preview:-1"},"canonical":"https:\/\/www.public.sn\/index.php\/2022\/09\/15\/hopital-ahmadou-bamba-mbacke-50-victimes-daccidents-recensees-0-mort-tous-les-services-a-la-pointe\/","og_locale":"fr_FR","og_type":"article","og_title":"H\u00f4pital Ahmadou Bamba Mback\u00e9: 50 victimes d\u2019accidents recens\u00e9es, 0 mort, tous les services \u00e0 la pointe. - LE PUBLIC","og_description":"L\u2019h\u00f4pital de Touba qui porte le nom du fondateur du mouridisme, Cheikh Ahmadou Bamba Khadim Rassoul, construit par le pr\u00e9sident Macky Sall et inaugur\u00e9 le 18 septembre 2021 en pr\u00e9sence du Khalife G\u00e9n\u00e9ral des Mourides, Serigne Mountakha Mback\u00e9, avait d\u00e9marr\u00e9 officiellement ses activit\u00e9s en mai 2022.&nbsp;Cet h\u00f4pital de niveau 3 (niveau le plus \u00e9lev\u00e9 dans la classification des h\u00f4pitaux du S\u00e9n\u00e9gal) ayant une capacit\u00e9 de 300 lits, disposant des services tels que la M\u00e9decine Interne et tous les autres services pour une meilleure prise en charge des populations, re\u00e7oit plus de patients que d\u2019habitude en cette p\u00e9riode de Magal. Un fait d\u00fb \u00e0 l\u2019affluence de plusieurs millions de p\u00e8lerins vers la ville sainte qui provoque des accidents de route. \u201cNous avons enregistr\u00e9 50 cas d\u00b4accidents dont les victimes sont toutes en vie. Aucun mort not\u00e9, dit le chef de service des soins infirmiers Dr Ismaila Mbaye.\u201cCes investissements participent \u00e0 l&rsquo;am\u00e9lioration de la prise en charge des populations aussi bien de Touba et alentours du S\u00e9n\u00e9gal\u201d, ajoute t-il.Regardez l\u2019int\u00e9gralit\u00e9 avec le chef de service des soins infirmiers Dr. Ismaila Mbaye !","og_url":"https:\/\/www.public.sn\/index.php\/2022\/09\/15\/hopital-ahmadou-bamba-mbacke-50-victimes-daccidents-recensees-0-mort-tous-les-services-a-la-pointe\/","og_site_name":"LE PUBLIC","article_published_time":"2022-09-15T23:01:54+00:00","article_modified_time":"2022-09-16T06:30:34+00:00","og_image":[{"width":2208,"height":1200,"url":"https:\/\/www.public.sn\/wp-content\/uploads\/2022\/09\/DA1A92AB-4A17-4A29-8147-0DB19C8FA576-rotated.jpeg","type":"image\/jpeg"}],"author":"LA REDACTION","twitter_card":"summary_large_image","twitter_misc":{"\u00c9crit par":"LA REDACTION","Dur\u00e9e de lecture estim\u00e9e":"1 minute"},"schema":{"@context":"https:\/\/schema.org","@graph":[{"@type":"Article","@id":"https:\/\/www.public.sn\/index.php\/2022\/09\/15\/hopital-ahmadou-bamba-mbacke-50-victimes-daccidents-recensees-0-mort-tous-les-services-a-la-pointe\/#article","isPartOf":{"@id":"https:\/\/www.public.sn\/index.php\/2022\/09\/15\/hopital-ahmadou-bamba-mbacke-50-victimes-daccidents-recensees-0-mort-tous-les-services-a-la-pointe\/"},"author":{"name":"LA REDACTION","@id":"https:\/\/www.public.sn\/#\/schema\/person\/e3f4a11b037d4203902db148f9bc8d5a"},"headline":"H\u00f4pital Ahmadou Bamba Mback\u00e9: 50 victimes d\u2019accidents recens\u00e9es, 0 mort, tous les services \u00e0 la pointe.","datePublished":"2022-09-15T23:01:54+00:00","dateModified":"2022-09-16T06:30:34+00:00","mainEntityOfPage":{"@id":"https:\/\/www.public.sn\/index.php\/2022\/09\/15\/hopital-ahmadou-bamba-mbacke-50-victimes-daccidents-recensees-0-mort-tous-les-services-a-la-pointe\/"},"wordCount":221,"commentCount":0,"publisher":{"@id":"https:\/\/www.public.sn\/#organization"},"image":{"@id":"https:\/\/www.public.sn\/index.php\/2022\/09\/15\/hopital-ahmadou-bamba-mbacke-50-victimes-daccidents-recensees-0-mort-tous-les-services-a-la-pointe\/#primaryimage"},"thumbnailUrl":"https:\/\/www.public.sn\/wp-content\/uploads\/2022\/09\/DA1A92AB-4A17-4A29-8147-0DB19C8FA576-rotated.jpeg","keywords":["Ahmadou Bamba Mback\u00e9","Dr. Ismaila Mbaye","Hopital","M\u00e9decine","Soins infirmiers"],"articleSection":["ACTUALIT\u00c9S","SOCIETE","VEDETTE"],"inLanguage":"fr-FR","potentialAction":[{"@type":"CommentAction","name":"Comment","target":["https:\/\/www.public.sn\/index.php\/2022\/09\/15\/hopital-ahmadou-bamba-mbacke-50-victimes-daccidents-recensees-0-mort-tous-les-services-a-la-pointe\/#respond"]}]},{"@type":"WebPage","@id":"https:\/\/www.public.sn\/index.php\/2022\/09\/15\/hopital-ahmadou-bamba-mbacke-50-victimes-daccidents-recensees-0-mort-tous-les-services-a-la-pointe\/","url":"https:\/\/www.public.sn\/index.php\/2022\/09\/15\/hopital-ahmadou-bamba-mbacke-50-victimes-daccidents-recensees-0-mort-tous-les-services-a-la-pointe\/","name":"H\u00f4pital Ahmadou Bamba Mback\u00e9: 50 victimes d\u2019accidents recens\u00e9es, 0 mort, tous les services \u00e0 la pointe. - LE PUBLIC","isPartOf":{"@id":"https:\/\/www.public.sn\/#website"},"primaryImageOfPage":{"@id":"https:\/\/www.public.sn\/index.php\/2022\/09\/15\/hopital-ahmadou-bamba-mbacke-50-victimes-daccidents-recensees-0-mort-tous-les-services-a-la-pointe\/#primaryimage"},"image":{"@id":"https:\/\/www.public.sn\/index.php\/2022\/09\/15\/hopital-ahmadou-bamba-mbacke-50-victimes-daccidents-recensees-0-mort-tous-les-services-a-la-pointe\/#primaryimage"},"thumbnailUrl":"https:\/\/www.public.sn\/wp-content\/uploads\/2022\/09\/DA1A92AB-4A17-4A29-8147-0DB19C8FA576-rotated.jpeg","datePublished":"2022-09-15T23:01:54+00:00","dateModified":"2022-09-16T06:30:34+00:00","breadcrumb":{"@id":"https:\/\/www.public.sn\/index.php\/2022\/09\/15\/hopital-ahmadou-bamba-mbacke-50-victimes-daccidents-recensees-0-mort-tous-les-services-a-la-pointe\/#breadcrumb"},"inLanguage":"fr-FR","potentialAction":[{"@type":"ReadAction","target":["https:\/\/www.public.sn\/index.php\/2022\/09\/15\/hopital-ahmadou-bamba-mbacke-50-victimes-daccidents-recensees-0-mort-tous-les-services-a-la-pointe\/"]}]},{"@type":"ImageObject","inLanguage":"fr-FR","@id":"https:\/\/www.public.sn\/index.php\/2022\/09\/15\/hopital-ahmadou-bamba-mbacke-50-victimes-daccidents-recensees-0-mort-tous-les-services-a-la-pointe\/#primaryimage","url":"https:\/\/www.public.sn\/wp-content\/uploads\/2022\/09\/DA1A92AB-4A17-4A29-8147-0DB19C8FA576-rotated.jpeg","contentUrl":"https:\/\/www.public.sn\/wp-content\/uploads\/2022\/09\/DA1A92AB-4A17-4A29-8147-0DB19C8FA576-rotated.jpeg","width":2208,"height":1200},{"@type":"BreadcrumbList","@id":"https:\/\/www.public.sn\/index.php\/2022\/09\/15\/hopital-ahmadou-bamba-mbacke-50-victimes-daccidents-recensees-0-mort-tous-les-services-a-la-pointe\/#breadcrumb","itemListElement":[{"@type":"ListItem","position":1,"name":"Accueil","item":"https:\/\/www.public.sn\/"},{"@type":"ListItem","position":2,"name":"H\u00f4pital Ahmadou Bamba Mback\u00e9: 50 victimes d\u2019accidents recens\u00e9es, 0 mort, tous les services \u00e0 la pointe."}]},{"@type":"WebSite","@id":"https:\/\/www.public.sn\/#website","url":"https:\/\/www.public.sn\/","name":"LE PUBLIC","description":"","publisher":{"@id":"https:\/\/www.public.sn\/#organization"},"potentialAction":[{"@type":"SearchAction","target":{"@type":"EntryPoint","urlTemplate":"https:\/\/www.public.sn\/?s={search_term_string}"},"query-input":{"@type":"PropertyValueSpecification","valueRequired":true,"valueName":"search_term_string"}}],"inLanguage":"fr-FR"},{"@type":"Organization","@id":"https:\/\/www.public.sn\/#organization","name":"LE PUBLIC","url":"https:\/\/www.public.sn\/","logo":{"@type":"ImageObject","inLanguage":"fr-FR","@id":"https:\/\/www.public.sn\/#\/schema\/logo\/image\/","url":"https:\/\/www.public.sn\/wp-content\/uploads\/2024\/05\/cropped-LOGO-PUBLIC.SN_.png","contentUrl":"https:\/\/www.public.sn\/wp-content\/uploads\/2024\/05\/cropped-LOGO-PUBLIC.SN_.png","width":682,"height":192,"caption":"LE PUBLIC"},"image":{"@id":"https:\/\/www.public.sn\/#\/schema\/logo\/image\/"}},{"@type":"Person","@id":"https:\/\/www.public.sn\/#\/schema\/person\/e3f4a11b037d4203902db148f9bc8d5a","name":"LA REDACTION","image":{"@type":"ImageObject","inLanguage":"fr-FR","@id":"https:\/\/www.public.sn\/#\/schema\/person\/image\/","url":"https:\/\/secure.gravatar.com\/avatar\/d6c030db45db2883c075085c5d6c6258654a801a93766b49af0b82d4f454e2a5?s=96&d=mm&r=g","contentUrl":"https:\/\/secure.gravatar.com\/avatar\/d6c030db45db2883c075085c5d6c6258654a801a93766b49af0b82d4f454e2a5?s=96&d=mm&r=g","caption":"LA REDACTION"},"sameAs":["http:\/\/www.public.sn"],"url":"https:\/\/www.public.sn\/index.php\/author\/admin7324\/"}]}},"jetpack_featured_media_url":"https:\/\/www.public.sn\/wp-content\/uploads\/2022\/09\/DA1A92AB-4A17-4A29-8147-0DB19C8FA576-rotated.jpeg","jetpack_sharing_enabled":true,"_links":{"self":[{"href":"https:\/\/www.public.sn\/index.php\/wp-json\/wp\/v2\/posts\/2044","targetHints":{"allow":["GET"]}}],"collection":[{"href":"https:\/\/www.public.sn\/index.php\/wp-json\/wp\/v2\/posts"}],"about":[{"href":"https:\/\/www.public.sn\/index.php\/wp-json\/wp\/v2\/types\/post"}],"author":[{"embeddable":true,"href":"https:\/\/www.public.sn\/index.php\/wp-json\/wp\/v2\/users\/1"}],"replies":[{"embeddable":true,"href":"https:\/\/www.public.sn\/index.php\/wp-json\/wp\/v2\/comments?post=2044"}],"version-history":[{"count":3,"href":"https:\/\/www.public.sn\/index.php\/wp-json\/wp\/v2\/posts\/2044\/revisions"}],"predecessor-version":[{"id":2050,"href":"https:\/\/www.public.sn\/index.php\/wp-json\/wp\/v2\/posts\/2044\/revisions\/2050"}],"wp:featuredmedia":[{"embeddable":true,"href":"https:\/\/www.public.sn\/index.php\/wp-json\/wp\/v2\/media\/2045"}],"wp:attachment":[{"href":"https:\/\/www.public.sn\/index.php\/wp-json\/wp\/v2\/media?parent=2044"}],"wp:term":[{"taxonomy":"category","embeddable":true,"href":"https:\/\/www.public.sn\/index.php\/wp-json\/wp\/v2\/categories?post=2044"},{"taxonomy":"post_tag","embeddable":true,"href":"https:\/\/www.public.sn\/index.php\/wp-json\/wp\/v2\/tags?post=2044"}],"curies":[{"name":"wp","href":"https:\/\/api.w.org\/{rel}","templated":true}]}}