{"id":20460,"date":"2023-04-26T10:01:32","date_gmt":"2023-04-26T10:01:32","guid":{"rendered":"https:\/\/www.public.sn\/?p=20460"},"modified":"2023-04-26T10:01:32","modified_gmt":"2023-04-26T10:01:32","slug":"le-monde-universitaire-en-deuil-le-professeur-malick-ndiaye-nest-plus","status":"publish","type":"post","link":"https:\/\/www.public.sn\/index.php\/2023\/04\/26\/le-monde-universitaire-en-deuil-le-professeur-malick-ndiaye-nest-plus\/","title":{"rendered":"Le monde universitaire en deuil : Le Professeur Malick Ndiaye n\u2019est plus"},"content":{"rendered":"<p>Le monde universitaire s\u00e9n\u00e9galais en deuil. Le Professeur Malick Ndiaye n&rsquo;est plus, il est d\u00e9c\u00e9d\u00e9 ce mardi 25 avril 2023. Le professeur de sociologie de l\u2019universit\u00e9 Cheikh Anta Diop de Dakar \u00e9tait connu pour son franc-parler et son engagement en faveur de la recherche scientifique. Pour des principes de libert\u00e9s d\u00e9mocratiques, le Professeur s&rsquo;est toujours engag\u00e9\u00a0 dans plusieurs manifestations de l&rsquo;opposition.<br \/>\nLe sociologue est l\u2019auteur de plusieurs ouvrages dont le dernier est une Contribution socio-\u00e9conomique de l\u2019Agro-business au D\u00e9veloppement : cas de l\u2019Ile Maurice et du Delta du fleuve S\u00e9n\u00e9gal.<\/p><div class=\"publi-paragraphe1\" style=\"margin-top: 10px;margin-bottom: 10px;margin-left: auto;margin-right: auto;text-align: center;\" id=\"publi-3140198331\"><div class=\"publi-adlabel\">Publicit\u00e9<\/div><script async src=\"\/\/pagead2.googlesyndication.com\/pagead\/js\/adsbygoogle.js?client=ca-pub-4089586018074219\" crossorigin=\"anonymous\"><\/script><ins class=\"adsbygoogle\" style=\"display:block;\" data-ad-client=\"ca-pub-4089586018074219\" \ndata-ad-slot=\"2087940154\" \ndata-ad-format=\"auto\"><\/ins>\n<script> \n(adsbygoogle = window.adsbygoogle || []).push({}); \n<\/script>\n<\/div>\n<p>La lev\u00e9e du corps est pr\u00e9vue ce mercredi\u00a0 26 avril \u00e0 14h \u00e0 la mosqu\u00e9e de Mermoz suivie de l\u2019enterrement \u00e0 Touba.<\/p>\n<p>En ces douloureuses circonstances, Publicsn adresse ses plus sinc\u00e8res condol\u00e9ances \u00e0 la famille du d\u00e9funt tout en priant pour le repos de l\u2019\u00e2me<\/p>\n<p><b>Nd\u00e8ye<\/b><strong>\u00a0Khady MBAYE GOUDIABY<\/strong><\/p>\n<p>&nbsp;<\/p>\n<div class=\"publi-apres-le-contenu\" style=\"margin-top: 10px;margin-bottom: 10px;margin-left: auto;margin-right: auto;text-align: center;\" id=\"publi-3682667740\"><div class=\"publi-adlabel\">Publicit\u00e9<\/div><script async src=\"\/\/pagead2.googlesyndication.com\/pagead\/js\/adsbygoogle.js?client=ca-pub-4089586018074219\" crossorigin=\"anonymous\"><\/script><ins class=\"adsbygoogle\" style=\"display:block;\" data-ad-client=\"ca-pub-4089586018074219\" \ndata-ad-slot=\"2087940154\" \ndata-ad-format=\"auto\"><\/ins>\n<script> \n(adsbygoogle = window.adsbygoogle || []).push({}); \n<\/script>\n<\/div>","protected":false},"excerpt":{"rendered":"<p>Le monde universitaire s\u00e9n\u00e9galais en deuil. Le Professeur Malick Ndiaye n&rsquo;est plus, il est d\u00e9c\u00e9d\u00e9 ce mardi 25 avril 2023. Le professeur de sociologie de l\u2019universit\u00e9 Cheikh Anta Diop de Dakar \u00e9tait connu pour son franc-parler et son engagement en faveur de la recherche scientifique. Pour des principes de libert\u00e9s d\u00e9mocratiques, le Professeur s&rsquo;est toujours engag\u00e9\u00a0 dans plusieurs manifestations de l&rsquo;opposition. Le sociologue est l\u2019auteur de plusieurs ouvrages dont le dernier est une Contribution socio-\u00e9conomique de l\u2019Agro-business au D\u00e9veloppement : cas de l\u2019Ile Maurice et du Delta du fleuve S\u00e9n\u00e9gal. La lev\u00e9e du corps est pr\u00e9vue ce mercredi\u00a0 26 avril \u00e0 14h \u00e0 la mosqu\u00e9e de Mermoz suivie de l\u2019enterrement \u00e0 Touba. En ces douloureuses circonstances, Publicsn adresse ses plus sinc\u00e8res condol\u00e9ances \u00e0 la famille du d\u00e9funt tout en priant pour le repos de l\u2019\u00e2me Nd\u00e8ye\u00a0Khady MBAYE GOUDIABY &nbsp;<\/p>\n","protected":false},"author":7,"featured_media":20461,"comment_status":"open","ping_status":"open","sticky":false,"template":"","format":"standard","meta":{"_jetpack_memberships_contains_paid_content":false,"footnotes":""},"categories":[1],"tags":[],"class_list":["post-20460","post","type-post","status-publish","format-standard","has-post-thumbnail","hentry","category-non-classe","entry","has-media","owp-thumbs-layout-horizontal","owp-btn-normal","owp-tabs-layout-horizontal","has-no-thumbnails","has-product-nav"],"yoast_head":"<!-- This site is optimized with the Yoast SEO plugin v25.5 - https:\/\/yoast.com\/wordpress\/plugins\/seo\/ -->\n<title>Le monde universitaire en deuil : Le Professeur Malick Ndiaye n\u2019est plus - LE PUBLIC<\/title>\n<meta name=\"robots\" content=\"index, follow, max-snippet:-1, max-image-preview:large, max-video-preview:-1\" \/>\n<link rel=\"canonical\" href=\"https:\/\/www.public.sn\/index.php\/2023\/04\/26\/le-monde-universitaire-en-deuil-le-professeur-malick-ndiaye-nest-plus\/\" \/>\n<meta property=\"og:locale\" content=\"fr_FR\" \/>\n<meta property=\"og:type\" content=\"article\" \/>\n<meta property=\"og:title\" content=\"Le monde universitaire en deuil : Le Professeur Malick Ndiaye n\u2019est plus - LE PUBLIC\" \/>\n<meta property=\"og:description\" content=\"Le monde universitaire s\u00e9n\u00e9galais en deuil. Le Professeur Malick Ndiaye n&rsquo;est plus, il est d\u00e9c\u00e9d\u00e9 ce mardi 25 avril 2023. Le professeur de sociologie de l\u2019universit\u00e9 Cheikh Anta Diop de Dakar \u00e9tait connu pour son franc-parler et son engagement en faveur de la recherche scientifique. Pour des principes de libert\u00e9s d\u00e9mocratiques, le Professeur s&rsquo;est toujours engag\u00e9\u00a0 dans plusieurs manifestations de l&rsquo;opposition. Le sociologue est l\u2019auteur de plusieurs ouvrages dont le dernier est une Contribution socio-\u00e9conomique de l\u2019Agro-business au D\u00e9veloppement : cas de l\u2019Ile Maurice et du Delta du fleuve S\u00e9n\u00e9gal. La lev\u00e9e du corps est pr\u00e9vue ce mercredi\u00a0 26 avril \u00e0 14h \u00e0 la mosqu\u00e9e de Mermoz suivie de l\u2019enterrement \u00e0 Touba. En ces douloureuses circonstances, Publicsn adresse ses plus sinc\u00e8res condol\u00e9ances \u00e0 la famille du d\u00e9funt tout en priant pour le repos de l\u2019\u00e2me Nd\u00e8ye\u00a0Khady MBAYE GOUDIABY &nbsp;\" \/>\n<meta property=\"og:url\" content=\"https:\/\/www.public.sn\/index.php\/2023\/04\/26\/le-monde-universitaire-en-deuil-le-professeur-malick-ndiaye-nest-plus\/\" \/>\n<meta property=\"og:site_name\" content=\"LE PUBLIC\" \/>\n<meta property=\"article:published_time\" content=\"2023-04-26T10:01:32+00:00\" \/>\n<meta property=\"og:image\" content=\"https:\/\/www.public.sn\/wp-content\/uploads\/2023\/04\/72421236-50386162.jpg\" \/>\n\t<meta property=\"og:image:width\" content=\"1600\" \/>\n\t<meta property=\"og:image:height\" content=\"900\" \/>\n\t<meta property=\"og:image:type\" content=\"image\/jpeg\" \/>\n<meta name=\"author\" content=\"LA REDACTION\" \/>\n<meta name=\"twitter:card\" content=\"summary_large_image\" \/>\n<meta name=\"twitter:label1\" content=\"\u00c9crit par\" \/>\n\t<meta name=\"twitter:data1\" content=\"LA REDACTION\" \/>\n\t<meta name=\"twitter:label2\" content=\"Dur\u00e9e de lecture estim\u00e9e\" \/>\n\t<meta name=\"twitter:data2\" content=\"1 minute\" \/>\n<script type=\"application\/ld+json\" class=\"yoast-schema-graph\">{\"@context\":\"https:\/\/schema.org\",\"@graph\":[{\"@type\":\"Article\",\"@id\":\"https:\/\/www.public.sn\/index.php\/2023\/04\/26\/le-monde-universitaire-en-deuil-le-professeur-malick-ndiaye-nest-plus\/#article\",\"isPartOf\":{\"@id\":\"https:\/\/www.public.sn\/index.php\/2023\/04\/26\/le-monde-universitaire-en-deuil-le-professeur-malick-ndiaye-nest-plus\/\"},\"author\":{\"name\":\"LA REDACTION\",\"@id\":\"https:\/\/www.public.sn\/#\/schema\/person\/cb76c8e1b8becc6be61fb5e92d6d0224\"},\"headline\":\"Le monde universitaire en deuil : Le Professeur Malick Ndiaye n\u2019est plus\",\"datePublished\":\"2023-04-26T10:01:32+00:00\",\"mainEntityOfPage\":{\"@id\":\"https:\/\/www.public.sn\/index.php\/2023\/04\/26\/le-monde-universitaire-en-deuil-le-professeur-malick-ndiaye-nest-plus\/\"},\"wordCount\":167,\"commentCount\":0,\"publisher\":{\"@id\":\"https:\/\/www.public.sn\/#organization\"},\"image\":{\"@id\":\"https:\/\/www.public.sn\/index.php\/2023\/04\/26\/le-monde-universitaire-en-deuil-le-professeur-malick-ndiaye-nest-plus\/#primaryimage\"},\"thumbnailUrl\":\"https:\/\/www.public.sn\/wp-content\/uploads\/2023\/04\/72421236-50386162.jpg\",\"articleSection\":[\"S\u00c9N\u00c9GAL\"],\"inLanguage\":\"fr-FR\",\"potentialAction\":[{\"@type\":\"CommentAction\",\"name\":\"Comment\",\"target\":[\"https:\/\/www.public.sn\/index.php\/2023\/04\/26\/le-monde-universitaire-en-deuil-le-professeur-malick-ndiaye-nest-plus\/#respond\"]}]},{\"@type\":\"WebPage\",\"@id\":\"https:\/\/www.public.sn\/index.php\/2023\/04\/26\/le-monde-universitaire-en-deuil-le-professeur-malick-ndiaye-nest-plus\/\",\"url\":\"https:\/\/www.public.sn\/index.php\/2023\/04\/26\/le-monde-universitaire-en-deuil-le-professeur-malick-ndiaye-nest-plus\/\",\"name\":\"Le monde universitaire en deuil : Le Professeur Malick Ndiaye n\u2019est plus - LE PUBLIC\",\"isPartOf\":{\"@id\":\"https:\/\/www.public.sn\/#website\"},\"primaryImageOfPage\":{\"@id\":\"https:\/\/www.public.sn\/index.php\/2023\/04\/26\/le-monde-universitaire-en-deuil-le-professeur-malick-ndiaye-nest-plus\/#primaryimage\"},\"image\":{\"@id\":\"https:\/\/www.public.sn\/index.php\/2023\/04\/26\/le-monde-universitaire-en-deuil-le-professeur-malick-ndiaye-nest-plus\/#primaryimage\"},\"thumbnailUrl\":\"https:\/\/www.public.sn\/wp-content\/uploads\/2023\/04\/72421236-50386162.jpg\",\"datePublished\":\"2023-04-26T10:01:32+00:00\",\"breadcrumb\":{\"@id\":\"https:\/\/www.public.sn\/index.php\/2023\/04\/26\/le-monde-universitaire-en-deuil-le-professeur-malick-ndiaye-nest-plus\/#breadcrumb\"},\"inLanguage\":\"fr-FR\",\"potentialAction\":[{\"@type\":\"ReadAction\",\"target\":[\"https:\/\/www.public.sn\/index.php\/2023\/04\/26\/le-monde-universitaire-en-deuil-le-professeur-malick-ndiaye-nest-plus\/\"]}]},{\"@type\":\"ImageObject\",\"inLanguage\":\"fr-FR\",\"@id\":\"https:\/\/www.public.sn\/index.php\/2023\/04\/26\/le-monde-universitaire-en-deuil-le-professeur-malick-ndiaye-nest-plus\/#primaryimage\",\"url\":\"https:\/\/www.public.sn\/wp-content\/uploads\/2023\/04\/72421236-50386162.jpg\",\"contentUrl\":\"https:\/\/www.public.sn\/wp-content\/uploads\/2023\/04\/72421236-50386162.jpg\",\"width\":1600,\"height\":900},{\"@type\":\"BreadcrumbList\",\"@id\":\"https:\/\/www.public.sn\/index.php\/2023\/04\/26\/le-monde-universitaire-en-deuil-le-professeur-malick-ndiaye-nest-plus\/#breadcrumb\",\"itemListElement\":[{\"@type\":\"ListItem\",\"position\":1,\"name\":\"Accueil\",\"item\":\"https:\/\/www.public.sn\/\"},{\"@type\":\"ListItem\",\"position\":2,\"name\":\"Le monde universitaire en deuil : Le Professeur Malick Ndiaye n\u2019est plus\"}]},{\"@type\":\"WebSite\",\"@id\":\"https:\/\/www.public.sn\/#website\",\"url\":\"https:\/\/www.public.sn\/\",\"name\":\"LE PUBLIC\",\"description\":\"\",\"publisher\":{\"@id\":\"https:\/\/www.public.sn\/#organization\"},\"potentialAction\":[{\"@type\":\"SearchAction\",\"target\":{\"@type\":\"EntryPoint\",\"urlTemplate\":\"https:\/\/www.public.sn\/?s={search_term_string}\"},\"query-input\":{\"@type\":\"PropertyValueSpecification\",\"valueRequired\":true,\"valueName\":\"search_term_string\"}}],\"inLanguage\":\"fr-FR\"},{\"@type\":\"Organization\",\"@id\":\"https:\/\/www.public.sn\/#organization\",\"name\":\"LE PUBLIC\",\"url\":\"https:\/\/www.public.sn\/\",\"logo\":{\"@type\":\"ImageObject\",\"inLanguage\":\"fr-FR\",\"@id\":\"https:\/\/www.public.sn\/#\/schema\/logo\/image\/\",\"url\":\"https:\/\/www.public.sn\/wp-content\/uploads\/2024\/05\/cropped-LOGO-PUBLIC.SN_.png\",\"contentUrl\":\"https:\/\/www.public.sn\/wp-content\/uploads\/2024\/05\/cropped-LOGO-PUBLIC.SN_.png\",\"width\":682,\"height\":192,\"caption\":\"LE PUBLIC\"},\"image\":{\"@id\":\"https:\/\/www.public.sn\/#\/schema\/logo\/image\/\"}},{\"@type\":\"Person\",\"@id\":\"https:\/\/www.public.sn\/#\/schema\/person\/cb76c8e1b8becc6be61fb5e92d6d0224\",\"name\":\"LA REDACTION\",\"image\":{\"@type\":\"ImageObject\",\"inLanguage\":\"fr-FR\",\"@id\":\"https:\/\/www.public.sn\/#\/schema\/person\/image\/\",\"url\":\"https:\/\/secure.gravatar.com\/avatar\/2dce5ddd34b8fef0180efe03aa2a9bee7d953856048f9a16b298190a3178407c?s=96&d=mm&r=g\",\"contentUrl\":\"https:\/\/secure.gravatar.com\/avatar\/2dce5ddd34b8fef0180efe03aa2a9bee7d953856048f9a16b298190a3178407c?s=96&d=mm&r=g\",\"caption\":\"LA REDACTION\"},\"url\":\"https:\/\/www.public.sn\/index.php\/author\/editeurpsn\/\"}]}<\/script>\n<!-- \/ Yoast SEO plugin. -->","yoast_head_json":{"title":"Le monde universitaire en deuil : Le Professeur Malick Ndiaye n\u2019est plus - LE PUBLIC","robots":{"index":"index","follow":"follow","max-snippet":"max-snippet:-1","max-image-preview":"max-image-preview:large","max-video-preview":"max-video-preview:-1"},"canonical":"https:\/\/www.public.sn\/index.php\/2023\/04\/26\/le-monde-universitaire-en-deuil-le-professeur-malick-ndiaye-nest-plus\/","og_locale":"fr_FR","og_type":"article","og_title":"Le monde universitaire en deuil : Le Professeur Malick Ndiaye n\u2019est plus - LE PUBLIC","og_description":"Le monde universitaire s\u00e9n\u00e9galais en deuil. Le Professeur Malick Ndiaye n&rsquo;est plus, il est d\u00e9c\u00e9d\u00e9 ce mardi 25 avril 2023. Le professeur de sociologie de l\u2019universit\u00e9 Cheikh Anta Diop de Dakar \u00e9tait connu pour son franc-parler et son engagement en faveur de la recherche scientifique. Pour des principes de libert\u00e9s d\u00e9mocratiques, le Professeur s&rsquo;est toujours engag\u00e9\u00a0 dans plusieurs manifestations de l&rsquo;opposition. Le sociologue est l\u2019auteur de plusieurs ouvrages dont le dernier est une Contribution socio-\u00e9conomique de l\u2019Agro-business au D\u00e9veloppement : cas de l\u2019Ile Maurice et du Delta du fleuve S\u00e9n\u00e9gal. La lev\u00e9e du corps est pr\u00e9vue ce mercredi\u00a0 26 avril \u00e0 14h \u00e0 la mosqu\u00e9e de Mermoz suivie de l\u2019enterrement \u00e0 Touba. En ces douloureuses circonstances, Publicsn adresse ses plus sinc\u00e8res condol\u00e9ances \u00e0 la famille du d\u00e9funt tout en priant pour le repos de l\u2019\u00e2me Nd\u00e8ye\u00a0Khady MBAYE GOUDIABY &nbsp;","og_url":"https:\/\/www.public.sn\/index.php\/2023\/04\/26\/le-monde-universitaire-en-deuil-le-professeur-malick-ndiaye-nest-plus\/","og_site_name":"LE PUBLIC","article_published_time":"2023-04-26T10:01:32+00:00","og_image":[{"width":1600,"height":900,"url":"https:\/\/www.public.sn\/wp-content\/uploads\/2023\/04\/72421236-50386162.jpg","type":"image\/jpeg"}],"author":"LA REDACTION","twitter_card":"summary_large_image","twitter_misc":{"\u00c9crit par":"LA REDACTION","Dur\u00e9e de lecture estim\u00e9e":"1 minute"},"schema":{"@context":"https:\/\/schema.org","@graph":[{"@type":"Article","@id":"https:\/\/www.public.sn\/index.php\/2023\/04\/26\/le-monde-universitaire-en-deuil-le-professeur-malick-ndiaye-nest-plus\/#article","isPartOf":{"@id":"https:\/\/www.public.sn\/index.php\/2023\/04\/26\/le-monde-universitaire-en-deuil-le-professeur-malick-ndiaye-nest-plus\/"},"author":{"name":"LA REDACTION","@id":"https:\/\/www.public.sn\/#\/schema\/person\/cb76c8e1b8becc6be61fb5e92d6d0224"},"headline":"Le monde universitaire en deuil : Le Professeur Malick Ndiaye n\u2019est plus","datePublished":"2023-04-26T10:01:32+00:00","mainEntityOfPage":{"@id":"https:\/\/www.public.sn\/index.php\/2023\/04\/26\/le-monde-universitaire-en-deuil-le-professeur-malick-ndiaye-nest-plus\/"},"wordCount":167,"commentCount":0,"publisher":{"@id":"https:\/\/www.public.sn\/#organization"},"image":{"@id":"https:\/\/www.public.sn\/index.php\/2023\/04\/26\/le-monde-universitaire-en-deuil-le-professeur-malick-ndiaye-nest-plus\/#primaryimage"},"thumbnailUrl":"https:\/\/www.public.sn\/wp-content\/uploads\/2023\/04\/72421236-50386162.jpg","articleSection":["S\u00c9N\u00c9GAL"],"inLanguage":"fr-FR","potentialAction":[{"@type":"CommentAction","name":"Comment","target":["https:\/\/www.public.sn\/index.php\/2023\/04\/26\/le-monde-universitaire-en-deuil-le-professeur-malick-ndiaye-nest-plus\/#respond"]}]},{"@type":"WebPage","@id":"https:\/\/www.public.sn\/index.php\/2023\/04\/26\/le-monde-universitaire-en-deuil-le-professeur-malick-ndiaye-nest-plus\/","url":"https:\/\/www.public.sn\/index.php\/2023\/04\/26\/le-monde-universitaire-en-deuil-le-professeur-malick-ndiaye-nest-plus\/","name":"Le monde universitaire en deuil : Le Professeur Malick Ndiaye n\u2019est plus - LE PUBLIC","isPartOf":{"@id":"https:\/\/www.public.sn\/#website"},"primaryImageOfPage":{"@id":"https:\/\/www.public.sn\/index.php\/2023\/04\/26\/le-monde-universitaire-en-deuil-le-professeur-malick-ndiaye-nest-plus\/#primaryimage"},"image":{"@id":"https:\/\/www.public.sn\/index.php\/2023\/04\/26\/le-monde-universitaire-en-deuil-le-professeur-malick-ndiaye-nest-plus\/#primaryimage"},"thumbnailUrl":"https:\/\/www.public.sn\/wp-content\/uploads\/2023\/04\/72421236-50386162.jpg","datePublished":"2023-04-26T10:01:32+00:00","breadcrumb":{"@id":"https:\/\/www.public.sn\/index.php\/2023\/04\/26\/le-monde-universitaire-en-deuil-le-professeur-malick-ndiaye-nest-plus\/#breadcrumb"},"inLanguage":"fr-FR","potentialAction":[{"@type":"ReadAction","target":["https:\/\/www.public.sn\/index.php\/2023\/04\/26\/le-monde-universitaire-en-deuil-le-professeur-malick-ndiaye-nest-plus\/"]}]},{"@type":"ImageObject","inLanguage":"fr-FR","@id":"https:\/\/www.public.sn\/index.php\/2023\/04\/26\/le-monde-universitaire-en-deuil-le-professeur-malick-ndiaye-nest-plus\/#primaryimage","url":"https:\/\/www.public.sn\/wp-content\/uploads\/2023\/04\/72421236-50386162.jpg","contentUrl":"https:\/\/www.public.sn\/wp-content\/uploads\/2023\/04\/72421236-50386162.jpg","width":1600,"height":900},{"@type":"BreadcrumbList","@id":"https:\/\/www.public.sn\/index.php\/2023\/04\/26\/le-monde-universitaire-en-deuil-le-professeur-malick-ndiaye-nest-plus\/#breadcrumb","itemListElement":[{"@type":"ListItem","position":1,"name":"Accueil","item":"https:\/\/www.public.sn\/"},{"@type":"ListItem","position":2,"name":"Le monde universitaire en deuil : Le Professeur Malick Ndiaye n\u2019est plus"}]},{"@type":"WebSite","@id":"https:\/\/www.public.sn\/#website","url":"https:\/\/www.public.sn\/","name":"LE PUBLIC","description":"","publisher":{"@id":"https:\/\/www.public.sn\/#organization"},"potentialAction":[{"@type":"SearchAction","target":{"@type":"EntryPoint","urlTemplate":"https:\/\/www.public.sn\/?s={search_term_string}"},"query-input":{"@type":"PropertyValueSpecification","valueRequired":true,"valueName":"search_term_string"}}],"inLanguage":"fr-FR"},{"@type":"Organization","@id":"https:\/\/www.public.sn\/#organization","name":"LE PUBLIC","url":"https:\/\/www.public.sn\/","logo":{"@type":"ImageObject","inLanguage":"fr-FR","@id":"https:\/\/www.public.sn\/#\/schema\/logo\/image\/","url":"https:\/\/www.public.sn\/wp-content\/uploads\/2024\/05\/cropped-LOGO-PUBLIC.SN_.png","contentUrl":"https:\/\/www.public.sn\/wp-content\/uploads\/2024\/05\/cropped-LOGO-PUBLIC.SN_.png","width":682,"height":192,"caption":"LE PUBLIC"},"image":{"@id":"https:\/\/www.public.sn\/#\/schema\/logo\/image\/"}},{"@type":"Person","@id":"https:\/\/www.public.sn\/#\/schema\/person\/cb76c8e1b8becc6be61fb5e92d6d0224","name":"LA REDACTION","image":{"@type":"ImageObject","inLanguage":"fr-FR","@id":"https:\/\/www.public.sn\/#\/schema\/person\/image\/","url":"https:\/\/secure.gravatar.com\/avatar\/2dce5ddd34b8fef0180efe03aa2a9bee7d953856048f9a16b298190a3178407c?s=96&d=mm&r=g","contentUrl":"https:\/\/secure.gravatar.com\/avatar\/2dce5ddd34b8fef0180efe03aa2a9bee7d953856048f9a16b298190a3178407c?s=96&d=mm&r=g","caption":"LA REDACTION"},"url":"https:\/\/www.public.sn\/index.php\/author\/editeurpsn\/"}]}},"jetpack_featured_media_url":"https:\/\/www.public.sn\/wp-content\/uploads\/2023\/04\/72421236-50386162.jpg","jetpack_sharing_enabled":true,"_links":{"self":[{"href":"https:\/\/www.public.sn\/index.php\/wp-json\/wp\/v2\/posts\/20460","targetHints":{"allow":["GET"]}}],"collection":[{"href":"https:\/\/www.public.sn\/index.php\/wp-json\/wp\/v2\/posts"}],"about":[{"href":"https:\/\/www.public.sn\/index.php\/wp-json\/wp\/v2\/types\/post"}],"author":[{"embeddable":true,"href":"https:\/\/www.public.sn\/index.php\/wp-json\/wp\/v2\/users\/7"}],"replies":[{"embeddable":true,"href":"https:\/\/www.public.sn\/index.php\/wp-json\/wp\/v2\/comments?post=20460"}],"version-history":[{"count":1,"href":"https:\/\/www.public.sn\/index.php\/wp-json\/wp\/v2\/posts\/20460\/revisions"}],"predecessor-version":[{"id":20462,"href":"https:\/\/www.public.sn\/index.php\/wp-json\/wp\/v2\/posts\/20460\/revisions\/20462"}],"wp:featuredmedia":[{"embeddable":true,"href":"https:\/\/www.public.sn\/index.php\/wp-json\/wp\/v2\/media\/20461"}],"wp:attachment":[{"href":"https:\/\/www.public.sn\/index.php\/wp-json\/wp\/v2\/media?parent=20460"}],"wp:term":[{"taxonomy":"category","embeddable":true,"href":"https:\/\/www.public.sn\/index.php\/wp-json\/wp\/v2\/categories?post=20460"},{"taxonomy":"post_tag","embeddable":true,"href":"https:\/\/www.public.sn\/index.php\/wp-json\/wp\/v2\/tags?post=20460"}],"curies":[{"name":"wp","href":"https:\/\/api.w.org\/{rel}","templated":true}]}}