{"id":2056,"date":"2022-09-16T09:20:11","date_gmt":"2022-09-16T09:20:11","guid":{"rendered":"https:\/\/www.public.sn\/?p=2056"},"modified":"2022-09-16T09:20:12","modified_gmt":"2022-09-16T09:20:12","slug":"remaniement-suivi-dune-nomination-du-premier-prevu-ce-week-end","status":"publish","type":"post","link":"https:\/\/www.public.sn\/index.php\/2022\/09\/16\/remaniement-suivi-dune-nomination-du-premier-prevu-ce-week-end\/","title":{"rendered":"Remaniement suivi d&rsquo;une nomination du premier pr\u00e9vu ce week-end !"},"content":{"rendered":"\n<h5 class=\"wp-block-heading\">Les choses semblent se pr\u00e9ciser pour la formation d\u2019un nouveau gouvernement. Le pr\u00e9sident Macky Sall donnera le nom de son nouveau premier ministre ce samedi.<\/h5>\n\n\n\n<p>La nomination d\u2019un nouveau premier ministre est imminente. Mieux, elle devrait intervenir dans les 48 heures voire 72 heures, selon \u00abLes Echos\u00bb. Puis, le gouvernement sera connu, dans la foul\u00e9e.<\/p><div class=\"publi-paragraphe1\" style=\"margin-top: 10px;margin-bottom: 10px;margin-left: auto;margin-right: auto;text-align: center;\" id=\"publi-3473381088\"><div class=\"publi-adlabel\">Publicit\u00e9<\/div><script async src=\"\/\/pagead2.googlesyndication.com\/pagead\/js\/adsbygoogle.js?client=ca-pub-4089586018074219\" crossorigin=\"anonymous\"><\/script><ins class=\"adsbygoogle\" style=\"display:block;\" data-ad-client=\"ca-pub-4089586018074219\" \ndata-ad-slot=\"2087940154\" \ndata-ad-format=\"auto\"><\/ins>\n<script> \n(adsbygoogle = window.adsbygoogle || []).push({}); \n<\/script>\n<\/div>\n\n\n\n<p>En effet, le pr\u00e9sident de la R\u00e9publique va voyager dimanche pour se rendre aux obs\u00e8ques de la Reine Elisabeth II, pr\u00e9vues lundi. Et apr\u00e8s les obs\u00e8ques de la Reine, il fera cap sur les Usa pour prendre part \u00e0 l&rsquo;Assembl\u00e9e g\u00e9n\u00e9rale de l&rsquo;Onu.<\/p>\n\n\n\n<p>Comme \u00e0 son habitude donc, le chef de l&rsquo;Etat, apr\u00e8s l&rsquo;annonce du nouveau gouvernement, va s&rsquo;absenter du territoire national.<\/p>\n\n\n\n<p>\u00abLe Quotidien\u00bb aussi donne la m\u00eame information. Le journal informe que la nomination du premier ministre sera pour ce samedi. Le Pr\u00e9sident Macky Sall va mettre fin au suspense ce d\u00e9but de week-end, avant de s&rsquo;envoler pour New York le dimanche suivant, pour prendre part \u00e0 l&rsquo;Assembl\u00e9e g\u00e9n\u00e9rale des Nations unies, indique aussi Le Quotidien.<\/p>\n<div class=\"publi-apres-le-contenu\" style=\"margin-top: 10px;margin-bottom: 10px;margin-left: auto;margin-right: auto;text-align: center;\" id=\"publi-2838533846\"><div class=\"publi-adlabel\">Publicit\u00e9<\/div><script async src=\"\/\/pagead2.googlesyndication.com\/pagead\/js\/adsbygoogle.js?client=ca-pub-4089586018074219\" crossorigin=\"anonymous\"><\/script><ins class=\"adsbygoogle\" style=\"display:block;\" data-ad-client=\"ca-pub-4089586018074219\" \ndata-ad-slot=\"2087940154\" \ndata-ad-format=\"auto\"><\/ins>\n<script> \n(adsbygoogle = window.adsbygoogle || []).push({}); \n<\/script>\n<\/div>","protected":false},"excerpt":{"rendered":"<p>Les choses semblent se pr\u00e9ciser pour la formation d\u2019un nouveau gouvernement. Le pr\u00e9sident Macky Sall donnera le nom de son nouveau premier ministre ce samedi. La nomination d\u2019un nouveau premier ministre est imminente. Mieux, elle devrait intervenir dans les 48 heures voire 72 heures, selon \u00abLes Echos\u00bb. Puis, le gouvernement sera connu, dans la foul\u00e9e. En effet, le pr\u00e9sident de la R\u00e9publique va voyager dimanche pour se rendre aux obs\u00e8ques de la Reine Elisabeth II, pr\u00e9vues lundi. Et apr\u00e8s les obs\u00e8ques de la Reine, il fera cap sur les Usa pour prendre part \u00e0 l&rsquo;Assembl\u00e9e g\u00e9n\u00e9rale de l&rsquo;Onu. Comme \u00e0 son habitude donc, le chef de l&rsquo;Etat, apr\u00e8s l&rsquo;annonce du nouveau gouvernement, va s&rsquo;absenter du territoire national. \u00abLe Quotidien\u00bb aussi donne la m\u00eame information. Le journal informe que la nomination du premier ministre sera pour ce samedi. Le Pr\u00e9sident Macky Sall va mettre fin au suspense ce d\u00e9but de week-end, avant de s&rsquo;envoler pour New York le dimanche suivant, pour prendre part \u00e0 l&rsquo;Assembl\u00e9e g\u00e9n\u00e9rale des Nations unies, indique aussi Le Quotidien.<\/p>\n","protected":false},"author":1,"featured_media":2057,"comment_status":"open","ping_status":"open","sticky":false,"template":"","format":"standard","meta":{"_jetpack_memberships_contains_paid_content":false,"footnotes":""},"categories":[375,3],"tags":[12,11,789,20],"class_list":["post-2056","post","type-post","status-publish","format-standard","has-post-thumbnail","hentry","category-actualites","category-politique","tag-assemblee-nationale","tag-macky-sall","tag-pm","tag-presidentielle-2024","entry","has-media","owp-thumbs-layout-horizontal","owp-btn-normal","owp-tabs-layout-horizontal","has-no-thumbnails","has-product-nav"],"yoast_head":"<!-- This site is optimized with the Yoast SEO plugin v25.5 - https:\/\/yoast.com\/wordpress\/plugins\/seo\/ -->\n<title>Remaniement suivi d&#039;une nomination du premier pr\u00e9vu ce week-end ! - LE PUBLIC<\/title>\n<meta name=\"robots\" content=\"index, follow, max-snippet:-1, max-image-preview:large, max-video-preview:-1\" \/>\n<link rel=\"canonical\" href=\"https:\/\/www.public.sn\/index.php\/2022\/09\/16\/remaniement-suivi-dune-nomination-du-premier-prevu-ce-week-end\/\" \/>\n<meta property=\"og:locale\" content=\"fr_FR\" \/>\n<meta property=\"og:type\" content=\"article\" \/>\n<meta property=\"og:title\" content=\"Remaniement suivi d&#039;une nomination du premier pr\u00e9vu ce week-end ! - LE PUBLIC\" \/>\n<meta property=\"og:description\" content=\"Les choses semblent se pr\u00e9ciser pour la formation d\u2019un nouveau gouvernement. Le pr\u00e9sident Macky Sall donnera le nom de son nouveau premier ministre ce samedi. La nomination d\u2019un nouveau premier ministre est imminente. Mieux, elle devrait intervenir dans les 48 heures voire 72 heures, selon \u00abLes Echos\u00bb. Puis, le gouvernement sera connu, dans la foul\u00e9e. En effet, le pr\u00e9sident de la R\u00e9publique va voyager dimanche pour se rendre aux obs\u00e8ques de la Reine Elisabeth II, pr\u00e9vues lundi. Et apr\u00e8s les obs\u00e8ques de la Reine, il fera cap sur les Usa pour prendre part \u00e0 l&rsquo;Assembl\u00e9e g\u00e9n\u00e9rale de l&rsquo;Onu. Comme \u00e0 son habitude donc, le chef de l&rsquo;Etat, apr\u00e8s l&rsquo;annonce du nouveau gouvernement, va s&rsquo;absenter du territoire national. \u00abLe Quotidien\u00bb aussi donne la m\u00eame information. Le journal informe que la nomination du premier ministre sera pour ce samedi. Le Pr\u00e9sident Macky Sall va mettre fin au suspense ce d\u00e9but de week-end, avant de s&rsquo;envoler pour New York le dimanche suivant, pour prendre part \u00e0 l&rsquo;Assembl\u00e9e g\u00e9n\u00e9rale des Nations unies, indique aussi Le Quotidien.\" \/>\n<meta property=\"og:url\" content=\"https:\/\/www.public.sn\/index.php\/2022\/09\/16\/remaniement-suivi-dune-nomination-du-premier-prevu-ce-week-end\/\" \/>\n<meta property=\"og:site_name\" content=\"LE PUBLIC\" \/>\n<meta property=\"article:published_time\" content=\"2022-09-16T09:20:11+00:00\" \/>\n<meta property=\"article:modified_time\" content=\"2022-09-16T09:20:12+00:00\" \/>\n<meta property=\"og:image\" content=\"https:\/\/www.public.sn\/wp-content\/uploads\/2022\/09\/51183454-39344170.jpg\" \/>\n\t<meta property=\"og:image:width\" content=\"1280\" \/>\n\t<meta property=\"og:image:height\" content=\"727\" \/>\n\t<meta property=\"og:image:type\" content=\"image\/jpeg\" \/>\n<meta name=\"author\" content=\"LA REDACTION\" \/>\n<meta name=\"twitter:card\" content=\"summary_large_image\" \/>\n<meta name=\"twitter:label1\" content=\"\u00c9crit par\" \/>\n\t<meta name=\"twitter:data1\" content=\"LA REDACTION\" \/>\n\t<meta name=\"twitter:label2\" content=\"Dur\u00e9e de lecture estim\u00e9e\" \/>\n\t<meta name=\"twitter:data2\" content=\"1 minute\" \/>\n<script type=\"application\/ld+json\" class=\"yoast-schema-graph\">{\"@context\":\"https:\/\/schema.org\",\"@graph\":[{\"@type\":\"Article\",\"@id\":\"https:\/\/www.public.sn\/index.php\/2022\/09\/16\/remaniement-suivi-dune-nomination-du-premier-prevu-ce-week-end\/#article\",\"isPartOf\":{\"@id\":\"https:\/\/www.public.sn\/index.php\/2022\/09\/16\/remaniement-suivi-dune-nomination-du-premier-prevu-ce-week-end\/\"},\"author\":{\"name\":\"LA REDACTION\",\"@id\":\"https:\/\/www.public.sn\/#\/schema\/person\/e3f4a11b037d4203902db148f9bc8d5a\"},\"headline\":\"Remaniement suivi d&rsquo;une nomination du premier pr\u00e9vu ce week-end !\",\"datePublished\":\"2022-09-16T09:20:11+00:00\",\"dateModified\":\"2022-09-16T09:20:12+00:00\",\"mainEntityOfPage\":{\"@id\":\"https:\/\/www.public.sn\/index.php\/2022\/09\/16\/remaniement-suivi-dune-nomination-du-premier-prevu-ce-week-end\/\"},\"wordCount\":198,\"commentCount\":0,\"publisher\":{\"@id\":\"https:\/\/www.public.sn\/#organization\"},\"image\":{\"@id\":\"https:\/\/www.public.sn\/index.php\/2022\/09\/16\/remaniement-suivi-dune-nomination-du-premier-prevu-ce-week-end\/#primaryimage\"},\"thumbnailUrl\":\"https:\/\/www.public.sn\/wp-content\/uploads\/2022\/09\/51183454-39344170.jpg\",\"keywords\":[\"Assembl\u00e9e Nationale\",\"Macky Sall\",\"PM\",\"Pr\u00e9sidentielle 2024\"],\"articleSection\":[\"ACTUALIT\u00c9S\",\"POLITIQUE\"],\"inLanguage\":\"fr-FR\",\"potentialAction\":[{\"@type\":\"CommentAction\",\"name\":\"Comment\",\"target\":[\"https:\/\/www.public.sn\/index.php\/2022\/09\/16\/remaniement-suivi-dune-nomination-du-premier-prevu-ce-week-end\/#respond\"]}]},{\"@type\":\"WebPage\",\"@id\":\"https:\/\/www.public.sn\/index.php\/2022\/09\/16\/remaniement-suivi-dune-nomination-du-premier-prevu-ce-week-end\/\",\"url\":\"https:\/\/www.public.sn\/index.php\/2022\/09\/16\/remaniement-suivi-dune-nomination-du-premier-prevu-ce-week-end\/\",\"name\":\"Remaniement suivi d'une nomination du premier pr\u00e9vu ce week-end ! - LE PUBLIC\",\"isPartOf\":{\"@id\":\"https:\/\/www.public.sn\/#website\"},\"primaryImageOfPage\":{\"@id\":\"https:\/\/www.public.sn\/index.php\/2022\/09\/16\/remaniement-suivi-dune-nomination-du-premier-prevu-ce-week-end\/#primaryimage\"},\"image\":{\"@id\":\"https:\/\/www.public.sn\/index.php\/2022\/09\/16\/remaniement-suivi-dune-nomination-du-premier-prevu-ce-week-end\/#primaryimage\"},\"thumbnailUrl\":\"https:\/\/www.public.sn\/wp-content\/uploads\/2022\/09\/51183454-39344170.jpg\",\"datePublished\":\"2022-09-16T09:20:11+00:00\",\"dateModified\":\"2022-09-16T09:20:12+00:00\",\"breadcrumb\":{\"@id\":\"https:\/\/www.public.sn\/index.php\/2022\/09\/16\/remaniement-suivi-dune-nomination-du-premier-prevu-ce-week-end\/#breadcrumb\"},\"inLanguage\":\"fr-FR\",\"potentialAction\":[{\"@type\":\"ReadAction\",\"target\":[\"https:\/\/www.public.sn\/index.php\/2022\/09\/16\/remaniement-suivi-dune-nomination-du-premier-prevu-ce-week-end\/\"]}]},{\"@type\":\"ImageObject\",\"inLanguage\":\"fr-FR\",\"@id\":\"https:\/\/www.public.sn\/index.php\/2022\/09\/16\/remaniement-suivi-dune-nomination-du-premier-prevu-ce-week-end\/#primaryimage\",\"url\":\"https:\/\/www.public.sn\/wp-content\/uploads\/2022\/09\/51183454-39344170.jpg\",\"contentUrl\":\"https:\/\/www.public.sn\/wp-content\/uploads\/2022\/09\/51183454-39344170.jpg\",\"width\":1280,\"height\":727},{\"@type\":\"BreadcrumbList\",\"@id\":\"https:\/\/www.public.sn\/index.php\/2022\/09\/16\/remaniement-suivi-dune-nomination-du-premier-prevu-ce-week-end\/#breadcrumb\",\"itemListElement\":[{\"@type\":\"ListItem\",\"position\":1,\"name\":\"Accueil\",\"item\":\"https:\/\/www.public.sn\/\"},{\"@type\":\"ListItem\",\"position\":2,\"name\":\"Remaniement suivi d&rsquo;une nomination du premier pr\u00e9vu ce week-end !\"}]},{\"@type\":\"WebSite\",\"@id\":\"https:\/\/www.public.sn\/#website\",\"url\":\"https:\/\/www.public.sn\/\",\"name\":\"LE PUBLIC\",\"description\":\"\",\"publisher\":{\"@id\":\"https:\/\/www.public.sn\/#organization\"},\"potentialAction\":[{\"@type\":\"SearchAction\",\"target\":{\"@type\":\"EntryPoint\",\"urlTemplate\":\"https:\/\/www.public.sn\/?s={search_term_string}\"},\"query-input\":{\"@type\":\"PropertyValueSpecification\",\"valueRequired\":true,\"valueName\":\"search_term_string\"}}],\"inLanguage\":\"fr-FR\"},{\"@type\":\"Organization\",\"@id\":\"https:\/\/www.public.sn\/#organization\",\"name\":\"LE PUBLIC\",\"url\":\"https:\/\/www.public.sn\/\",\"logo\":{\"@type\":\"ImageObject\",\"inLanguage\":\"fr-FR\",\"@id\":\"https:\/\/www.public.sn\/#\/schema\/logo\/image\/\",\"url\":\"https:\/\/www.public.sn\/wp-content\/uploads\/2024\/05\/cropped-LOGO-PUBLIC.SN_.png\",\"contentUrl\":\"https:\/\/www.public.sn\/wp-content\/uploads\/2024\/05\/cropped-LOGO-PUBLIC.SN_.png\",\"width\":682,\"height\":192,\"caption\":\"LE PUBLIC\"},\"image\":{\"@id\":\"https:\/\/www.public.sn\/#\/schema\/logo\/image\/\"}},{\"@type\":\"Person\",\"@id\":\"https:\/\/www.public.sn\/#\/schema\/person\/e3f4a11b037d4203902db148f9bc8d5a\",\"name\":\"LA REDACTION\",\"image\":{\"@type\":\"ImageObject\",\"inLanguage\":\"fr-FR\",\"@id\":\"https:\/\/www.public.sn\/#\/schema\/person\/image\/\",\"url\":\"https:\/\/secure.gravatar.com\/avatar\/d6c030db45db2883c075085c5d6c6258654a801a93766b49af0b82d4f454e2a5?s=96&d=mm&r=g\",\"contentUrl\":\"https:\/\/secure.gravatar.com\/avatar\/d6c030db45db2883c075085c5d6c6258654a801a93766b49af0b82d4f454e2a5?s=96&d=mm&r=g\",\"caption\":\"LA REDACTION\"},\"sameAs\":[\"http:\/\/www.public.sn\"],\"url\":\"https:\/\/www.public.sn\/index.php\/author\/admin7324\/\"}]}<\/script>\n<!-- \/ Yoast SEO plugin. -->","yoast_head_json":{"title":"Remaniement suivi d'une nomination du premier pr\u00e9vu ce week-end ! - LE PUBLIC","robots":{"index":"index","follow":"follow","max-snippet":"max-snippet:-1","max-image-preview":"max-image-preview:large","max-video-preview":"max-video-preview:-1"},"canonical":"https:\/\/www.public.sn\/index.php\/2022\/09\/16\/remaniement-suivi-dune-nomination-du-premier-prevu-ce-week-end\/","og_locale":"fr_FR","og_type":"article","og_title":"Remaniement suivi d'une nomination du premier pr\u00e9vu ce week-end ! - LE PUBLIC","og_description":"Les choses semblent se pr\u00e9ciser pour la formation d\u2019un nouveau gouvernement. Le pr\u00e9sident Macky Sall donnera le nom de son nouveau premier ministre ce samedi. La nomination d\u2019un nouveau premier ministre est imminente. Mieux, elle devrait intervenir dans les 48 heures voire 72 heures, selon \u00abLes Echos\u00bb. Puis, le gouvernement sera connu, dans la foul\u00e9e. En effet, le pr\u00e9sident de la R\u00e9publique va voyager dimanche pour se rendre aux obs\u00e8ques de la Reine Elisabeth II, pr\u00e9vues lundi. Et apr\u00e8s les obs\u00e8ques de la Reine, il fera cap sur les Usa pour prendre part \u00e0 l&rsquo;Assembl\u00e9e g\u00e9n\u00e9rale de l&rsquo;Onu. Comme \u00e0 son habitude donc, le chef de l&rsquo;Etat, apr\u00e8s l&rsquo;annonce du nouveau gouvernement, va s&rsquo;absenter du territoire national. \u00abLe Quotidien\u00bb aussi donne la m\u00eame information. Le journal informe que la nomination du premier ministre sera pour ce samedi. Le Pr\u00e9sident Macky Sall va mettre fin au suspense ce d\u00e9but de week-end, avant de s&rsquo;envoler pour New York le dimanche suivant, pour prendre part \u00e0 l&rsquo;Assembl\u00e9e g\u00e9n\u00e9rale des Nations unies, indique aussi Le Quotidien.","og_url":"https:\/\/www.public.sn\/index.php\/2022\/09\/16\/remaniement-suivi-dune-nomination-du-premier-prevu-ce-week-end\/","og_site_name":"LE PUBLIC","article_published_time":"2022-09-16T09:20:11+00:00","article_modified_time":"2022-09-16T09:20:12+00:00","og_image":[{"width":1280,"height":727,"url":"https:\/\/www.public.sn\/wp-content\/uploads\/2022\/09\/51183454-39344170.jpg","type":"image\/jpeg"}],"author":"LA REDACTION","twitter_card":"summary_large_image","twitter_misc":{"\u00c9crit par":"LA REDACTION","Dur\u00e9e de lecture estim\u00e9e":"1 minute"},"schema":{"@context":"https:\/\/schema.org","@graph":[{"@type":"Article","@id":"https:\/\/www.public.sn\/index.php\/2022\/09\/16\/remaniement-suivi-dune-nomination-du-premier-prevu-ce-week-end\/#article","isPartOf":{"@id":"https:\/\/www.public.sn\/index.php\/2022\/09\/16\/remaniement-suivi-dune-nomination-du-premier-prevu-ce-week-end\/"},"author":{"name":"LA REDACTION","@id":"https:\/\/www.public.sn\/#\/schema\/person\/e3f4a11b037d4203902db148f9bc8d5a"},"headline":"Remaniement suivi d&rsquo;une nomination du premier pr\u00e9vu ce week-end !","datePublished":"2022-09-16T09:20:11+00:00","dateModified":"2022-09-16T09:20:12+00:00","mainEntityOfPage":{"@id":"https:\/\/www.public.sn\/index.php\/2022\/09\/16\/remaniement-suivi-dune-nomination-du-premier-prevu-ce-week-end\/"},"wordCount":198,"commentCount":0,"publisher":{"@id":"https:\/\/www.public.sn\/#organization"},"image":{"@id":"https:\/\/www.public.sn\/index.php\/2022\/09\/16\/remaniement-suivi-dune-nomination-du-premier-prevu-ce-week-end\/#primaryimage"},"thumbnailUrl":"https:\/\/www.public.sn\/wp-content\/uploads\/2022\/09\/51183454-39344170.jpg","keywords":["Assembl\u00e9e Nationale","Macky Sall","PM","Pr\u00e9sidentielle 2024"],"articleSection":["ACTUALIT\u00c9S","POLITIQUE"],"inLanguage":"fr-FR","potentialAction":[{"@type":"CommentAction","name":"Comment","target":["https:\/\/www.public.sn\/index.php\/2022\/09\/16\/remaniement-suivi-dune-nomination-du-premier-prevu-ce-week-end\/#respond"]}]},{"@type":"WebPage","@id":"https:\/\/www.public.sn\/index.php\/2022\/09\/16\/remaniement-suivi-dune-nomination-du-premier-prevu-ce-week-end\/","url":"https:\/\/www.public.sn\/index.php\/2022\/09\/16\/remaniement-suivi-dune-nomination-du-premier-prevu-ce-week-end\/","name":"Remaniement suivi d'une nomination du premier pr\u00e9vu ce week-end ! - LE PUBLIC","isPartOf":{"@id":"https:\/\/www.public.sn\/#website"},"primaryImageOfPage":{"@id":"https:\/\/www.public.sn\/index.php\/2022\/09\/16\/remaniement-suivi-dune-nomination-du-premier-prevu-ce-week-end\/#primaryimage"},"image":{"@id":"https:\/\/www.public.sn\/index.php\/2022\/09\/16\/remaniement-suivi-dune-nomination-du-premier-prevu-ce-week-end\/#primaryimage"},"thumbnailUrl":"https:\/\/www.public.sn\/wp-content\/uploads\/2022\/09\/51183454-39344170.jpg","datePublished":"2022-09-16T09:20:11+00:00","dateModified":"2022-09-16T09:20:12+00:00","breadcrumb":{"@id":"https:\/\/www.public.sn\/index.php\/2022\/09\/16\/remaniement-suivi-dune-nomination-du-premier-prevu-ce-week-end\/#breadcrumb"},"inLanguage":"fr-FR","potentialAction":[{"@type":"ReadAction","target":["https:\/\/www.public.sn\/index.php\/2022\/09\/16\/remaniement-suivi-dune-nomination-du-premier-prevu-ce-week-end\/"]}]},{"@type":"ImageObject","inLanguage":"fr-FR","@id":"https:\/\/www.public.sn\/index.php\/2022\/09\/16\/remaniement-suivi-dune-nomination-du-premier-prevu-ce-week-end\/#primaryimage","url":"https:\/\/www.public.sn\/wp-content\/uploads\/2022\/09\/51183454-39344170.jpg","contentUrl":"https:\/\/www.public.sn\/wp-content\/uploads\/2022\/09\/51183454-39344170.jpg","width":1280,"height":727},{"@type":"BreadcrumbList","@id":"https:\/\/www.public.sn\/index.php\/2022\/09\/16\/remaniement-suivi-dune-nomination-du-premier-prevu-ce-week-end\/#breadcrumb","itemListElement":[{"@type":"ListItem","position":1,"name":"Accueil","item":"https:\/\/www.public.sn\/"},{"@type":"ListItem","position":2,"name":"Remaniement suivi d&rsquo;une nomination du premier pr\u00e9vu ce week-end !"}]},{"@type":"WebSite","@id":"https:\/\/www.public.sn\/#website","url":"https:\/\/www.public.sn\/","name":"LE PUBLIC","description":"","publisher":{"@id":"https:\/\/www.public.sn\/#organization"},"potentialAction":[{"@type":"SearchAction","target":{"@type":"EntryPoint","urlTemplate":"https:\/\/www.public.sn\/?s={search_term_string}"},"query-input":{"@type":"PropertyValueSpecification","valueRequired":true,"valueName":"search_term_string"}}],"inLanguage":"fr-FR"},{"@type":"Organization","@id":"https:\/\/www.public.sn\/#organization","name":"LE PUBLIC","url":"https:\/\/www.public.sn\/","logo":{"@type":"ImageObject","inLanguage":"fr-FR","@id":"https:\/\/www.public.sn\/#\/schema\/logo\/image\/","url":"https:\/\/www.public.sn\/wp-content\/uploads\/2024\/05\/cropped-LOGO-PUBLIC.SN_.png","contentUrl":"https:\/\/www.public.sn\/wp-content\/uploads\/2024\/05\/cropped-LOGO-PUBLIC.SN_.png","width":682,"height":192,"caption":"LE PUBLIC"},"image":{"@id":"https:\/\/www.public.sn\/#\/schema\/logo\/image\/"}},{"@type":"Person","@id":"https:\/\/www.public.sn\/#\/schema\/person\/e3f4a11b037d4203902db148f9bc8d5a","name":"LA REDACTION","image":{"@type":"ImageObject","inLanguage":"fr-FR","@id":"https:\/\/www.public.sn\/#\/schema\/person\/image\/","url":"https:\/\/secure.gravatar.com\/avatar\/d6c030db45db2883c075085c5d6c6258654a801a93766b49af0b82d4f454e2a5?s=96&d=mm&r=g","contentUrl":"https:\/\/secure.gravatar.com\/avatar\/d6c030db45db2883c075085c5d6c6258654a801a93766b49af0b82d4f454e2a5?s=96&d=mm&r=g","caption":"LA REDACTION"},"sameAs":["http:\/\/www.public.sn"],"url":"https:\/\/www.public.sn\/index.php\/author\/admin7324\/"}]}},"jetpack_featured_media_url":"https:\/\/www.public.sn\/wp-content\/uploads\/2022\/09\/51183454-39344170.jpg","jetpack_sharing_enabled":true,"_links":{"self":[{"href":"https:\/\/www.public.sn\/index.php\/wp-json\/wp\/v2\/posts\/2056","targetHints":{"allow":["GET"]}}],"collection":[{"href":"https:\/\/www.public.sn\/index.php\/wp-json\/wp\/v2\/posts"}],"about":[{"href":"https:\/\/www.public.sn\/index.php\/wp-json\/wp\/v2\/types\/post"}],"author":[{"embeddable":true,"href":"https:\/\/www.public.sn\/index.php\/wp-json\/wp\/v2\/users\/1"}],"replies":[{"embeddable":true,"href":"https:\/\/www.public.sn\/index.php\/wp-json\/wp\/v2\/comments?post=2056"}],"version-history":[{"count":1,"href":"https:\/\/www.public.sn\/index.php\/wp-json\/wp\/v2\/posts\/2056\/revisions"}],"predecessor-version":[{"id":2058,"href":"https:\/\/www.public.sn\/index.php\/wp-json\/wp\/v2\/posts\/2056\/revisions\/2058"}],"wp:featuredmedia":[{"embeddable":true,"href":"https:\/\/www.public.sn\/index.php\/wp-json\/wp\/v2\/media\/2057"}],"wp:attachment":[{"href":"https:\/\/www.public.sn\/index.php\/wp-json\/wp\/v2\/media?parent=2056"}],"wp:term":[{"taxonomy":"category","embeddable":true,"href":"https:\/\/www.public.sn\/index.php\/wp-json\/wp\/v2\/categories?post=2056"},{"taxonomy":"post_tag","embeddable":true,"href":"https:\/\/www.public.sn\/index.php\/wp-json\/wp\/v2\/tags?post=2056"}],"curies":[{"name":"wp","href":"https:\/\/api.w.org\/{rel}","templated":true}]}}