{"id":20564,"date":"2023-04-27T12:59:19","date_gmt":"2023-04-27T12:59:19","guid":{"rendered":"https:\/\/www.public.sn\/?p=20564"},"modified":"2023-04-27T12:59:19","modified_gmt":"2023-04-27T12:59:19","slug":"me-cire-cledor-ly-liste-les-droits-bafoues-du-journaliste-babacar-toure","status":"publish","type":"post","link":"https:\/\/www.public.sn\/index.php\/2023\/04\/27\/me-cire-cledor-ly-liste-les-droits-bafoues-du-journaliste-babacar-toure\/","title":{"rendered":"Me Cir\u00e9 Cl\u00e9dor Ly liste les \u201cdroits bafou\u00e9s\u201d du journaliste Babacar Tour\u00e9"},"content":{"rendered":"<figure class=\"post_img_with_caption\"><figcaption>Me Cir\u00e9 Cl\u00e9dor Ly liste les \u201cdroits bafou\u00e9s\u201d du journaliste Babacar Tour\u00e9<\/figcaption><\/figure>\n<div><b><span style=\"font-size: x-large;\">Babacar Tour\u00e9,\u00a0 patron du site d&rsquo;informations Kewoulo est poursuivi pour trois\u00a0 chefs d&rsquo;accusation : d\u00e9nonciation calomnieuse, diffamation, diffusion de fausses nouvelles. Dans un texte, l\u2019un de ses avocats Me Cir\u00e9 Cl\u00e9dor Ly d\u00e9nonce les conditions de son arrestation et le d\u00e9roulement de la proc\u00e9dure jusque-l\u00e0. Seneweb vous propose l\u2019int\u00e9gralit\u00e9 de ses griefs contre la Justice dans le cadre de cette affaire.<br \/>\n<\/span><\/b><\/div>\n<div><span style=\"font-size: x-large;\">\u00a0<\/span><\/div>\n<div><span style=\"font-size: x-large;\">\u00a0<\/span><\/div>\n<div><span style=\"font-size: x-large;\">\u201cBabacar Tour\u00e9 a \u00e9t\u00e9 convoqu\u00e9 par la D.I.C t\u00e9l\u00e9phoniquement et non par un moyen ou proc\u00e9d\u00e9 pouvant laisser une trace \u00e9crite et sans aucune\u00a0 notification pr\u00e9alable ou concomitante de l&rsquo;objet de cette invitation forc\u00e9e peu r\u00e9publicaine.Il \u00e9tait ainsi priv\u00e9 de son droit \u00e9l\u00e9mentaire = celui de garder trace de la communication ainsi que\u00a0 de l&rsquo;identit\u00e9 de la personne ou du service qui a pos\u00e9 l&rsquo;acte,le lieu et l&rsquo;information sur le motif et l&rsquo;objet de la rencontre.<\/span><\/div>\n<div><span style=\"font-size: x-large;\">\u00a0<\/span><\/div>\n<div><span style=\"font-size: x-large;\">Une administration qui dispose d&rsquo;une force contraignante dans une R\u00e9publique et un \u00c9tat de droit,se doit d&rsquo;agir en laissant trace \u00e9crite par tout moyen physique ou \u00e9lectronique ou autres proc\u00e9d\u00e9s pouvant faire l&rsquo;objet d&rsquo;une v\u00e9rification ou d&rsquo;un contr\u00f4le.<\/span><\/div>\n<div><span style=\"font-size: x-large;\">\u00a0<\/span><\/div>\n<div><span style=\"font-size: x-large;\">C&rsquo;est seulement face aux enqu\u00eateurs que le journaliste conna\u00eetra les sept chefs d&rsquo;accusations port\u00e9s \u00e0 son encontre par le nomm\u00e9 Fr\u00e9d\u00e9ric Napal \u00e0 savoir : outrage,injures publiques,d\u00e9nonciation calomnieuse,diffamation, faux,usage de faux,diffusion de fausses nouvelles (qui est une infraction utilis\u00e9e comme une arme politique en vogue sous la 2\u00e8me alternance d\u00e9mocratique).<\/span><\/div>\n<div><span style=\"font-size: x-large;\">\u00a0<\/span><\/div>\n<div><span style=\"font-size: x-large;\">Apr\u00e8s une audition tr\u00e8s \u00e9prouvante de pr\u00e8s de quatre heures d&rsquo;horloge durant lesquelles le journaliste a livr\u00e9 sur chaque point les r\u00e9sultats de ses propres investigations et donn\u00e9 des preuves irr\u00e9futables parce de sources polici\u00e8res (\u00e9tant pr\u00e9cis\u00e9 aussi que la d\u00e9fense a aussi bien le parquet que le greffe pour la d\u00e9livrance de proc\u00e8s verbaux confortant des preuves juridiquement \u00e9tablies de la v\u00e9racit\u00e9 des investigations.\u00a0<\/span><\/div>\n<div><span style=\"font-size: x-large;\">\u00a0<\/span><\/div>\n<div><span style=\"font-size: x-large;\">A la fin de l&rsquo;audition,le seul respect de l&rsquo;\u00eatre humain et de la valeur de la libert\u00e9, ainsi que l&rsquo;exigence sacr\u00e9e du respect de la pr\u00e9somption d&rsquo;innocence et de la neutralit\u00e9 du parquet \u00e0 ce stade de la proc\u00e9dure surtout que l&rsquo;enqu\u00eate ne remplissait pas les conditions d&rsquo;une flagrance;commandaient le renseignement judiciaire et non pas des mesures privatives de libert\u00e9s fondamentales ,dans\u00a0 une soci\u00e9t\u00e9 d\u00e9mocratique et un \u00c9tat de droit.<\/span><\/div>\n<div><span style=\"font-size: x-large;\">\u00a0<\/span><\/div>\n<div><span style=\"font-size: x-large;\">Le parquet a curieusement instruit ou acquiesc\u00e9 la mesure de garde \u00e0 vue que rien ne justifie en droit en dehors de l&rsquo;opportunit\u00e9 que lui conf\u00e8re la fonction.<\/span><\/div>\n<div><span style=\"font-size: x-large;\">\u00a0<\/span><\/div>\n<div><span style=\"font-size: x-large;\">Le droit \u00e0 l&rsquo;expression d&rsquo;esprits pluriels et d&rsquo;esprits critiques ainsi que le devoir de critique citoyen et celui,\u00a0 inali\u00e9nable de divulgation par le journaliste d&rsquo;investigation des informations sur l&rsquo;administration de la cit\u00e9 et la d\u00e9linquance politique, judiciaire et parlementaire, sont des fondamentaux dans une soci\u00e9t\u00e9 d\u00e9mocratique et de justice.\u00a0<\/span><\/div>\n<div><span style=\"font-size: x-large;\">\u00a0<\/span><\/div>\n<div><span style=\"font-size: x-large;\">L&rsquo;instrumentalisation et la vassalisation de la justice avec l&rsquo;utilisation arbitraire d&rsquo;instruments de r\u00e9pressions est pr\u00e9curseur de la tyrannie.\u00a0<\/span><\/div>\n<div><span style=\"font-size: x-large;\">\u00a0<\/span><\/div>\n<div><span style=\"font-size: x-large;\">Les acteurs politiques,les jeunes forces vives de la nation ,les journalistes d&rsquo;investigation ou diffuseurs d&rsquo;ensignements et de renseignements,les mati\u00e8res grises dans tous les secteurs de la nation,activistes,patriotes et lanceurs d&rsquo;alertes,remplissent les cachots surpeupl\u00e9s du pays dans des conditions qui heurtent la d\u00e9claration de Kampala ainsi que la convention des nations unies sur les r\u00e8gles minimas des conditions de d\u00e9tention dans les lieux de privation des libert\u00e9s.Tr\u00e8s probablement pour tr\u00e8s bient\u00f4t,des personnes du secteur de la sant\u00e9 pr\u00e9sum\u00e9s\u00a0 coupables du &lt;&lt; d\u00e9lit d &lsquo;assistance de personnes en danger&gt;&gt; qui sont traumatis\u00e9es par des enqu\u00eates qui donnent de justes raisons d&rsquo;inqui\u00e9tudes et pas trop lointain,le tour des Avocats libres de la parole intelligente et de la pens\u00e9e cart\u00e9sienne, grossiront les places des embastill\u00e9s d&rsquo;un peuple qui commence \u00e0 se d\u00e9sillusionner de la justice.<\/span><\/div>\n<div><span style=\"font-size: x-large;\">\u00a0<\/span><\/div>\n<div><span style=\"font-size: x-large;\">La situation des journalistes emprisonn\u00e9s qui attendent l&rsquo;arriv\u00e9e pas lointaine de plusieurs autres de leurs coll\u00e8gues,ainsi que abus de qualifications et de proc\u00e9dures (de l &lsquo;article 255 du code p\u00e9nal et 139 du code de proc\u00e9dure p\u00e9nale qui effacent juges et avocats) ainsi que\u00a0 privation de toutes les formes de libert\u00e9s d\u00e9mocratiques,de m\u00eame que les entraves \u00e0 l&rsquo;exercice de la profession de journaliste,interpellent le monde de la presse et le monde dit &lt;&lt;civilis\u00e9&gt;&gt;.<\/span><\/div>\n<div><span style=\"font-size: x-large;\">\u00a0<\/span><\/div>\n<div><span style=\"font-size: x-large;\">Il est envisag\u00e9 le deff\u00e9rement du journaliste et tr\u00e8s probablement il sera victime de l&rsquo;article 139 du code de proc\u00e9dure p\u00e9nale et plac\u00e9 sous mandat de d\u00e9p\u00f4t,s&rsquo;il ne subit pas l&rsquo;humiliation du collier \u00e9lectronique (la forme est grossi\u00e8re et hideuse pour un bracelet).<\/span><\/div>\n<div><span style=\"font-size: x-large;\">\u00a0<\/span><\/div>\n<div><span style=\"font-size: x-large;\">Pour rappel, le nomm\u00e9 Fr\u00e9d\u00e9ric Napal avait aussi menac\u00e9 d&rsquo;une plainte le leader de l&rsquo;opposition patriotique Ousmane Sonko sonko, principal adversaire du chef de l&rsquo;\u00c9tat.<\/span><\/div>\n<div><span style=\"font-size: x-large;\">\u00a0<\/span><\/div>\n<div><span style=\"font-size: x-large;\">Si l&rsquo;opposition est convoqu\u00e9e,il sera de mon opinion, argu\u00e9 et pr\u00e9text\u00e9 l&rsquo;\u00e9galit\u00e9 de traitement des justiciables et le parall\u00e9lisme des formes.<\/span><\/div>\n<div><span style=\"font-size: x-large;\">\u00a0<\/span><\/div>\n<div><span style=\"font-size: x-large;\">&lt;&lt;Le monde\u00a0 civilis\u00e9&gt;&gt;\u00a0 qui prot\u00e9ge et sanctionne la violation par les Etats des valeurs d\u00e9mocratiques dont la pierre angulaire est le droit \u00e0 la comp\u00e9tition \u00e9lectorale et le droit pour tout citoyen de participer aux affaires publiques de son pays,continue passivement d&rsquo;observer au lieu de r\u00e9agir \u00e0 temps aux intrigues.\u00a0<\/span><\/div>\n<div><span style=\"font-size: x-large;\">\u00a0<\/span><\/div>\n<div><span style=\"font-size: x-large;\">Une arrestation ,une garde \u00e0 vue ,un d\u00e9ferrement ou une d\u00e9tention doivent \u00eatre utiles, n\u00e9cessaires et opportuns.<\/span><\/div>\n<div><span style=\"font-size: x-large;\">\u00a0<\/span><\/div>\n<div><span style=\"font-size: x-large;\">Faute de quoi,elles ob\u00e9issent \u00e0 des imp\u00e9ratifs qui sont \u00e9trangers \u00e0 la justice et servent une tierce cause.\u201d<\/span><\/div>\n<div><span style=\"font-size: x-large;\">\u00a0<\/span><\/div>\n<div><span style=\"font-size: x-large;\">\u00a0<\/span><\/div>\n<div><span style=\"font-size: x-large;\">\u00a0<\/span><\/div>\n<div><b><span style=\"font-size: x-large;\">Ma\u00eetre Cir\u00e9 Cl\u00e9dor Ly, membre du collectif des Avocats du journaliste Babacar Tour\u00e9<\/span><\/b><\/div>\n<div class=\"publi-apres-le-contenu\" style=\"margin-top: 10px;margin-bottom: 10px;margin-left: auto;margin-right: auto;text-align: center;\" id=\"publi-4206823226\"><div class=\"publi-adlabel\">Publicit\u00e9<\/div><script async src=\"\/\/pagead2.googlesyndication.com\/pagead\/js\/adsbygoogle.js?client=ca-pub-4089586018074219\" crossorigin=\"anonymous\"><\/script><ins class=\"adsbygoogle\" style=\"display:block;\" data-ad-client=\"ca-pub-4089586018074219\" \ndata-ad-slot=\"2087940154\" \ndata-ad-format=\"auto\"><\/ins>\n<script> \n(adsbygoogle = window.adsbygoogle || []).push({}); \n<\/script>\n<\/div>","protected":false},"excerpt":{"rendered":"<p>Me Cir\u00e9 Cl\u00e9dor Ly liste les \u201cdroits bafou\u00e9s\u201d du journaliste Babacar Tour\u00e9 Babacar Tour\u00e9,\u00a0 patron du site d&rsquo;informations Kewoulo est poursuivi pour trois\u00a0 chefs d&rsquo;accusation : d\u00e9nonciation calomnieuse, diffamation, diffusion de fausses nouvelles. Dans un texte, l\u2019un de ses avocats Me Cir\u00e9 Cl\u00e9dor Ly d\u00e9nonce les conditions de son arrestation et le d\u00e9roulement de la proc\u00e9dure jusque-l\u00e0. Seneweb vous propose l\u2019int\u00e9gralit\u00e9 de ses griefs contre la Justice dans le cadre de cette affaire. \u00a0 \u00a0 \u201cBabacar Tour\u00e9 a \u00e9t\u00e9 convoqu\u00e9 par la D.I.C t\u00e9l\u00e9phoniquement et non par un moyen ou proc\u00e9d\u00e9 pouvant laisser une trace \u00e9crite et sans aucune\u00a0 notification pr\u00e9alable ou concomitante de l&rsquo;objet de cette invitation forc\u00e9e peu r\u00e9publicaine.Il \u00e9tait ainsi priv\u00e9 de son droit \u00e9l\u00e9mentaire = celui de garder trace de la communication ainsi que\u00a0 de l&rsquo;identit\u00e9 de la personne ou du service qui a pos\u00e9 l&rsquo;acte,le lieu et l&rsquo;information sur le motif et l&rsquo;objet de la rencontre. \u00a0 Une administration qui dispose d&rsquo;une force contraignante dans une R\u00e9publique et un \u00c9tat de droit,se doit d&rsquo;agir en laissant trace \u00e9crite par tout moyen physique ou \u00e9lectronique ou autres proc\u00e9d\u00e9s pouvant faire l&rsquo;objet d&rsquo;une v\u00e9rification ou d&rsquo;un contr\u00f4le. \u00a0 C&rsquo;est seulement face aux enqu\u00eateurs que le journaliste conna\u00eetra les sept chefs d&rsquo;accusations port\u00e9s \u00e0 son encontre par le nomm\u00e9 Fr\u00e9d\u00e9ric Napal \u00e0 savoir : outrage,injures publiques,d\u00e9nonciation calomnieuse,diffamation, faux,usage de faux,diffusion de fausses nouvelles (qui est une infraction utilis\u00e9e comme une arme politique en vogue sous la 2\u00e8me alternance d\u00e9mocratique). \u00a0 Apr\u00e8s une audition tr\u00e8s \u00e9prouvante de pr\u00e8s de quatre heures d&rsquo;horloge durant lesquelles le journaliste a livr\u00e9 sur chaque point les r\u00e9sultats de ses propres investigations et donn\u00e9 des preuves irr\u00e9futables parce de sources polici\u00e8res (\u00e9tant pr\u00e9cis\u00e9 aussi que la d\u00e9fense a aussi bien le parquet que le greffe pour la d\u00e9livrance de proc\u00e8s verbaux confortant des preuves juridiquement \u00e9tablies de la v\u00e9racit\u00e9 des investigations.\u00a0 \u00a0 A la fin de l&rsquo;audition,le seul respect de l&rsquo;\u00eatre humain et de la valeur de la libert\u00e9, ainsi que l&rsquo;exigence sacr\u00e9e du respect de la pr\u00e9somption d&rsquo;innocence et de la neutralit\u00e9 du parquet \u00e0 ce stade de la proc\u00e9dure surtout que l&rsquo;enqu\u00eate ne remplissait pas les conditions d&rsquo;une flagrance;commandaient le renseignement judiciaire et non pas des mesures privatives de libert\u00e9s fondamentales ,dans\u00a0 une soci\u00e9t\u00e9 d\u00e9mocratique et un \u00c9tat de droit. \u00a0 Le parquet a curieusement instruit ou acquiesc\u00e9 la mesure de garde \u00e0 vue que rien ne justifie en droit en dehors de l&rsquo;opportunit\u00e9 que lui conf\u00e8re la fonction. \u00a0 Le droit \u00e0 l&rsquo;expression d&rsquo;esprits pluriels et d&rsquo;esprits critiques ainsi que le devoir de critique citoyen et celui,\u00a0 inali\u00e9nable de divulgation par le journaliste d&rsquo;investigation des informations sur l&rsquo;administration de la cit\u00e9 et la d\u00e9linquance politique, judiciaire et parlementaire, sont des fondamentaux dans une soci\u00e9t\u00e9 d\u00e9mocratique et de justice.\u00a0 \u00a0 L&rsquo;instrumentalisation et la vassalisation de la justice avec l&rsquo;utilisation arbitraire d&rsquo;instruments de r\u00e9pressions est pr\u00e9curseur de la tyrannie.\u00a0 \u00a0 Les acteurs politiques,les jeunes forces vives de la nation ,les journalistes d&rsquo;investigation ou diffuseurs d&rsquo;ensignements et de renseignements,les mati\u00e8res grises dans tous les secteurs de la nation,activistes,patriotes et lanceurs d&rsquo;alertes,remplissent les cachots surpeupl\u00e9s du pays dans des conditions qui heurtent la d\u00e9claration de Kampala ainsi que la convention des nations unies sur les r\u00e8gles minimas des conditions de d\u00e9tention dans les lieux de privation des libert\u00e9s.Tr\u00e8s probablement pour tr\u00e8s bient\u00f4t,des personnes du secteur de la sant\u00e9 pr\u00e9sum\u00e9s\u00a0 coupables du &lt;&lt; d\u00e9lit d &lsquo;assistance de personnes en danger&gt;&gt; qui sont traumatis\u00e9es par des enqu\u00eates qui donnent de justes raisons d&rsquo;inqui\u00e9tudes et pas trop lointain,le tour des Avocats libres de la parole intelligente et de la pens\u00e9e cart\u00e9sienne, grossiront les places des embastill\u00e9s d&rsquo;un peuple qui commence \u00e0 se d\u00e9sillusionner de la justice. \u00a0 La situation des journalistes emprisonn\u00e9s qui attendent l&rsquo;arriv\u00e9e pas lointaine de plusieurs autres de leurs coll\u00e8gues,ainsi que abus de qualifications et de proc\u00e9dures (de l &lsquo;article 255 du code p\u00e9nal et 139 du code de proc\u00e9dure p\u00e9nale qui effacent juges et avocats) ainsi que\u00a0 privation de toutes les formes de libert\u00e9s d\u00e9mocratiques,de m\u00eame que les entraves \u00e0 l&rsquo;exercice de la profession de journaliste,interpellent le monde de la presse et le monde dit &lt;&lt;civilis\u00e9&gt;&gt;. \u00a0 Il est envisag\u00e9 le deff\u00e9rement du journaliste et tr\u00e8s probablement il sera victime de l&rsquo;article 139 du code de proc\u00e9dure p\u00e9nale et plac\u00e9 sous mandat de d\u00e9p\u00f4t,s&rsquo;il ne subit pas l&rsquo;humiliation du collier \u00e9lectronique (la forme est grossi\u00e8re et hideuse pour un bracelet). \u00a0 Pour rappel, le nomm\u00e9 Fr\u00e9d\u00e9ric Napal avait aussi menac\u00e9 d&rsquo;une plainte le leader de l&rsquo;opposition patriotique Ousmane Sonko sonko, principal adversaire du chef de l&rsquo;\u00c9tat. \u00a0 Si l&rsquo;opposition est convoqu\u00e9e,il sera de mon opinion, argu\u00e9 et pr\u00e9text\u00e9 l&rsquo;\u00e9galit\u00e9 de traitement des justiciables et le parall\u00e9lisme des formes. \u00a0 &lt;&lt;Le monde\u00a0 civilis\u00e9&gt;&gt;\u00a0 qui prot\u00e9ge et sanctionne la violation par les Etats des valeurs d\u00e9mocratiques dont la pierre angulaire est le droit \u00e0 la comp\u00e9tition \u00e9lectorale et le droit pour tout citoyen de participer aux affaires publiques de son pays,continue passivement d&rsquo;observer au lieu de r\u00e9agir \u00e0 temps aux intrigues.\u00a0 \u00a0 Une arrestation ,une garde \u00e0 vue ,un d\u00e9ferrement ou une d\u00e9tention doivent \u00eatre utiles, n\u00e9cessaires et opportuns. \u00a0 Faute de quoi,elles ob\u00e9issent \u00e0 des imp\u00e9ratifs qui sont \u00e9trangers \u00e0 la justice et servent une tierce cause.\u201d \u00a0 \u00a0 \u00a0 Ma\u00eetre Cir\u00e9 Cl\u00e9dor Ly, membre du collectif des Avocats du journaliste Babacar Tour\u00e9<\/p>\n","protected":false},"author":7,"featured_media":20565,"comment_status":"open","ping_status":"open","sticky":false,"template":"","format":"standard","meta":{"_jetpack_memberships_contains_paid_content":false,"footnotes":""},"categories":[1],"tags":[],"class_list":["post-20564","post","type-post","status-publish","format-standard","has-post-thumbnail","hentry","category-non-classe","entry","has-media","owp-thumbs-layout-horizontal","owp-btn-normal","owp-tabs-layout-horizontal","has-no-thumbnails","has-product-nav"],"yoast_head":"<!-- This site is optimized with the Yoast SEO plugin v25.5 - https:\/\/yoast.com\/wordpress\/plugins\/seo\/ -->\n<title>Me Cir\u00e9 Cl\u00e9dor Ly liste les \u201cdroits bafou\u00e9s\u201d du journaliste Babacar Tour\u00e9 - LE PUBLIC<\/title>\n<meta name=\"robots\" content=\"index, follow, max-snippet:-1, max-image-preview:large, max-video-preview:-1\" \/>\n<link rel=\"canonical\" href=\"https:\/\/www.public.sn\/index.php\/2023\/04\/27\/me-cire-cledor-ly-liste-les-droits-bafoues-du-journaliste-babacar-toure\/\" \/>\n<meta property=\"og:locale\" content=\"fr_FR\" \/>\n<meta property=\"og:type\" content=\"article\" \/>\n<meta property=\"og:title\" content=\"Me Cir\u00e9 Cl\u00e9dor Ly liste les \u201cdroits bafou\u00e9s\u201d du journaliste Babacar Tour\u00e9 - LE PUBLIC\" \/>\n<meta property=\"og:description\" content=\"Me Cir\u00e9 Cl\u00e9dor Ly liste les \u201cdroits bafou\u00e9s\u201d du journaliste Babacar Tour\u00e9 Babacar Tour\u00e9,\u00a0 patron du site d&rsquo;informations Kewoulo est poursuivi pour trois\u00a0 chefs d&rsquo;accusation : d\u00e9nonciation calomnieuse, diffamation, diffusion de fausses nouvelles. Dans un texte, l\u2019un de ses avocats Me Cir\u00e9 Cl\u00e9dor Ly d\u00e9nonce les conditions de son arrestation et le d\u00e9roulement de la proc\u00e9dure jusque-l\u00e0. Seneweb vous propose l\u2019int\u00e9gralit\u00e9 de ses griefs contre la Justice dans le cadre de cette affaire. \u00a0 \u00a0 \u201cBabacar Tour\u00e9 a \u00e9t\u00e9 convoqu\u00e9 par la D.I.C t\u00e9l\u00e9phoniquement et non par un moyen ou proc\u00e9d\u00e9 pouvant laisser une trace \u00e9crite et sans aucune\u00a0 notification pr\u00e9alable ou concomitante de l&rsquo;objet de cette invitation forc\u00e9e peu r\u00e9publicaine.Il \u00e9tait ainsi priv\u00e9 de son droit \u00e9l\u00e9mentaire = celui de garder trace de la communication ainsi que\u00a0 de l&rsquo;identit\u00e9 de la personne ou du service qui a pos\u00e9 l&rsquo;acte,le lieu et l&rsquo;information sur le motif et l&rsquo;objet de la rencontre. \u00a0 Une administration qui dispose d&rsquo;une force contraignante dans une R\u00e9publique et un \u00c9tat de droit,se doit d&rsquo;agir en laissant trace \u00e9crite par tout moyen physique ou \u00e9lectronique ou autres proc\u00e9d\u00e9s pouvant faire l&rsquo;objet d&rsquo;une v\u00e9rification ou d&rsquo;un contr\u00f4le. \u00a0 C&rsquo;est seulement face aux enqu\u00eateurs que le journaliste conna\u00eetra les sept chefs d&rsquo;accusations port\u00e9s \u00e0 son encontre par le nomm\u00e9 Fr\u00e9d\u00e9ric Napal \u00e0 savoir : outrage,injures publiques,d\u00e9nonciation calomnieuse,diffamation, faux,usage de faux,diffusion de fausses nouvelles (qui est une infraction utilis\u00e9e comme une arme politique en vogue sous la 2\u00e8me alternance d\u00e9mocratique). \u00a0 Apr\u00e8s une audition tr\u00e8s \u00e9prouvante de pr\u00e8s de quatre heures d&rsquo;horloge durant lesquelles le journaliste a livr\u00e9 sur chaque point les r\u00e9sultats de ses propres investigations et donn\u00e9 des preuves irr\u00e9futables parce de sources polici\u00e8res (\u00e9tant pr\u00e9cis\u00e9 aussi que la d\u00e9fense a aussi bien le parquet que le greffe pour la d\u00e9livrance de proc\u00e8s verbaux confortant des preuves juridiquement \u00e9tablies de la v\u00e9racit\u00e9 des investigations.\u00a0 \u00a0 A la fin de l&rsquo;audition,le seul respect de l&rsquo;\u00eatre humain et de la valeur de la libert\u00e9, ainsi que l&rsquo;exigence sacr\u00e9e du respect de la pr\u00e9somption d&rsquo;innocence et de la neutralit\u00e9 du parquet \u00e0 ce stade de la proc\u00e9dure surtout que l&rsquo;enqu\u00eate ne remplissait pas les conditions d&rsquo;une flagrance;commandaient le renseignement judiciaire et non pas des mesures privatives de libert\u00e9s fondamentales ,dans\u00a0 une soci\u00e9t\u00e9 d\u00e9mocratique et un \u00c9tat de droit. \u00a0 Le parquet a curieusement instruit ou acquiesc\u00e9 la mesure de garde \u00e0 vue que rien ne justifie en droit en dehors de l&rsquo;opportunit\u00e9 que lui conf\u00e8re la fonction. \u00a0 Le droit \u00e0 l&rsquo;expression d&rsquo;esprits pluriels et d&rsquo;esprits critiques ainsi que le devoir de critique citoyen et celui,\u00a0 inali\u00e9nable de divulgation par le journaliste d&rsquo;investigation des informations sur l&rsquo;administration de la cit\u00e9 et la d\u00e9linquance politique, judiciaire et parlementaire, sont des fondamentaux dans une soci\u00e9t\u00e9 d\u00e9mocratique et de justice.\u00a0 \u00a0 L&rsquo;instrumentalisation et la vassalisation de la justice avec l&rsquo;utilisation arbitraire d&rsquo;instruments de r\u00e9pressions est pr\u00e9curseur de la tyrannie.\u00a0 \u00a0 Les acteurs politiques,les jeunes forces vives de la nation ,les journalistes d&rsquo;investigation ou diffuseurs d&rsquo;ensignements et de renseignements,les mati\u00e8res grises dans tous les secteurs de la nation,activistes,patriotes et lanceurs d&rsquo;alertes,remplissent les cachots surpeupl\u00e9s du pays dans des conditions qui heurtent la d\u00e9claration de Kampala ainsi que la convention des nations unies sur les r\u00e8gles minimas des conditions de d\u00e9tention dans les lieux de privation des libert\u00e9s.Tr\u00e8s probablement pour tr\u00e8s bient\u00f4t,des personnes du secteur de la sant\u00e9 pr\u00e9sum\u00e9s\u00a0 coupables du &lt;&lt; d\u00e9lit d &lsquo;assistance de personnes en danger&gt;&gt; qui sont traumatis\u00e9es par des enqu\u00eates qui donnent de justes raisons d&rsquo;inqui\u00e9tudes et pas trop lointain,le tour des Avocats libres de la parole intelligente et de la pens\u00e9e cart\u00e9sienne, grossiront les places des embastill\u00e9s d&rsquo;un peuple qui commence \u00e0 se d\u00e9sillusionner de la justice. \u00a0 La situation des journalistes emprisonn\u00e9s qui attendent l&rsquo;arriv\u00e9e pas lointaine de plusieurs autres de leurs coll\u00e8gues,ainsi que abus de qualifications et de proc\u00e9dures (de l &lsquo;article 255 du code p\u00e9nal et 139 du code de proc\u00e9dure p\u00e9nale qui effacent juges et avocats) ainsi que\u00a0 privation de toutes les formes de libert\u00e9s d\u00e9mocratiques,de m\u00eame que les entraves \u00e0 l&rsquo;exercice de la profession de journaliste,interpellent le monde de la presse et le monde dit &lt;&lt;civilis\u00e9&gt;&gt;. \u00a0 Il est envisag\u00e9 le deff\u00e9rement du journaliste et tr\u00e8s probablement il sera victime de l&rsquo;article 139 du code de proc\u00e9dure p\u00e9nale et plac\u00e9 sous mandat de d\u00e9p\u00f4t,s&rsquo;il ne subit pas l&rsquo;humiliation du collier \u00e9lectronique (la forme est grossi\u00e8re et hideuse pour un bracelet). \u00a0 Pour rappel, le nomm\u00e9 Fr\u00e9d\u00e9ric Napal avait aussi menac\u00e9 d&rsquo;une plainte le leader de l&rsquo;opposition patriotique Ousmane Sonko sonko, principal adversaire du chef de l&rsquo;\u00c9tat. \u00a0 Si l&rsquo;opposition est convoqu\u00e9e,il sera de mon opinion, argu\u00e9 et pr\u00e9text\u00e9 l&rsquo;\u00e9galit\u00e9 de traitement des justiciables et le parall\u00e9lisme des formes. \u00a0 &lt;&lt;Le monde\u00a0 civilis\u00e9&gt;&gt;\u00a0 qui prot\u00e9ge et sanctionne la violation par les Etats des valeurs d\u00e9mocratiques dont la pierre angulaire est le droit \u00e0 la comp\u00e9tition \u00e9lectorale et le droit pour tout citoyen de participer aux affaires publiques de son pays,continue passivement d&rsquo;observer au lieu de r\u00e9agir \u00e0 temps aux intrigues.\u00a0 \u00a0 Une arrestation ,une garde \u00e0 vue ,un d\u00e9ferrement ou une d\u00e9tention doivent \u00eatre utiles, n\u00e9cessaires et opportuns. \u00a0 Faute de quoi,elles ob\u00e9issent \u00e0 des imp\u00e9ratifs qui sont \u00e9trangers \u00e0 la justice et servent une tierce cause.\u201d \u00a0 \u00a0 \u00a0 Ma\u00eetre Cir\u00e9 Cl\u00e9dor Ly, membre du collectif des Avocats du journaliste Babacar Tour\u00e9\" \/>\n<meta property=\"og:url\" content=\"https:\/\/www.public.sn\/index.php\/2023\/04\/27\/me-cire-cledor-ly-liste-les-droits-bafoues-du-journaliste-babacar-toure\/\" \/>\n<meta property=\"og:site_name\" content=\"LE PUBLIC\" \/>\n<meta property=\"article:published_time\" content=\"2023-04-27T12:59:19+00:00\" \/>\n<meta property=\"og:image\" content=\"https:\/\/www.public.sn\/wp-content\/uploads\/2023\/04\/d6d3b20ca643a92ae6082cac582138c03bf2703f.jpg\" \/>\n\t<meta property=\"og:image:width\" content=\"612\" \/>\n\t<meta property=\"og:image:height\" content=\"298\" \/>\n\t<meta property=\"og:image:type\" content=\"image\/jpeg\" \/>\n<meta name=\"author\" content=\"LA REDACTION\" \/>\n<meta name=\"twitter:card\" content=\"summary_large_image\" \/>\n<meta name=\"twitter:label1\" content=\"\u00c9crit par\" \/>\n\t<meta name=\"twitter:data1\" content=\"LA REDACTION\" \/>\n\t<meta name=\"twitter:label2\" content=\"Dur\u00e9e de lecture estim\u00e9e\" \/>\n\t<meta name=\"twitter:data2\" content=\"5 minutes\" \/>\n<script type=\"application\/ld+json\" class=\"yoast-schema-graph\">{\"@context\":\"https:\/\/schema.org\",\"@graph\":[{\"@type\":\"Article\",\"@id\":\"https:\/\/www.public.sn\/index.php\/2023\/04\/27\/me-cire-cledor-ly-liste-les-droits-bafoues-du-journaliste-babacar-toure\/#article\",\"isPartOf\":{\"@id\":\"https:\/\/www.public.sn\/index.php\/2023\/04\/27\/me-cire-cledor-ly-liste-les-droits-bafoues-du-journaliste-babacar-toure\/\"},\"author\":{\"name\":\"LA REDACTION\",\"@id\":\"https:\/\/www.public.sn\/#\/schema\/person\/cb76c8e1b8becc6be61fb5e92d6d0224\"},\"headline\":\"Me Cir\u00e9 Cl\u00e9dor Ly liste les \u201cdroits bafou\u00e9s\u201d du journaliste Babacar Tour\u00e9\",\"datePublished\":\"2023-04-27T12:59:19+00:00\",\"mainEntityOfPage\":{\"@id\":\"https:\/\/www.public.sn\/index.php\/2023\/04\/27\/me-cire-cledor-ly-liste-les-droits-bafoues-du-journaliste-babacar-toure\/\"},\"wordCount\":1002,\"commentCount\":0,\"publisher\":{\"@id\":\"https:\/\/www.public.sn\/#organization\"},\"image\":{\"@id\":\"https:\/\/www.public.sn\/index.php\/2023\/04\/27\/me-cire-cledor-ly-liste-les-droits-bafoues-du-journaliste-babacar-toure\/#primaryimage\"},\"thumbnailUrl\":\"https:\/\/www.public.sn\/wp-content\/uploads\/2023\/04\/d6d3b20ca643a92ae6082cac582138c03bf2703f.jpg\",\"articleSection\":[\"S\u00c9N\u00c9GAL\"],\"inLanguage\":\"fr-FR\",\"potentialAction\":[{\"@type\":\"CommentAction\",\"name\":\"Comment\",\"target\":[\"https:\/\/www.public.sn\/index.php\/2023\/04\/27\/me-cire-cledor-ly-liste-les-droits-bafoues-du-journaliste-babacar-toure\/#respond\"]}]},{\"@type\":\"WebPage\",\"@id\":\"https:\/\/www.public.sn\/index.php\/2023\/04\/27\/me-cire-cledor-ly-liste-les-droits-bafoues-du-journaliste-babacar-toure\/\",\"url\":\"https:\/\/www.public.sn\/index.php\/2023\/04\/27\/me-cire-cledor-ly-liste-les-droits-bafoues-du-journaliste-babacar-toure\/\",\"name\":\"Me Cir\u00e9 Cl\u00e9dor Ly liste les \u201cdroits bafou\u00e9s\u201d du journaliste Babacar Tour\u00e9 - LE PUBLIC\",\"isPartOf\":{\"@id\":\"https:\/\/www.public.sn\/#website\"},\"primaryImageOfPage\":{\"@id\":\"https:\/\/www.public.sn\/index.php\/2023\/04\/27\/me-cire-cledor-ly-liste-les-droits-bafoues-du-journaliste-babacar-toure\/#primaryimage\"},\"image\":{\"@id\":\"https:\/\/www.public.sn\/index.php\/2023\/04\/27\/me-cire-cledor-ly-liste-les-droits-bafoues-du-journaliste-babacar-toure\/#primaryimage\"},\"thumbnailUrl\":\"https:\/\/www.public.sn\/wp-content\/uploads\/2023\/04\/d6d3b20ca643a92ae6082cac582138c03bf2703f.jpg\",\"datePublished\":\"2023-04-27T12:59:19+00:00\",\"breadcrumb\":{\"@id\":\"https:\/\/www.public.sn\/index.php\/2023\/04\/27\/me-cire-cledor-ly-liste-les-droits-bafoues-du-journaliste-babacar-toure\/#breadcrumb\"},\"inLanguage\":\"fr-FR\",\"potentialAction\":[{\"@type\":\"ReadAction\",\"target\":[\"https:\/\/www.public.sn\/index.php\/2023\/04\/27\/me-cire-cledor-ly-liste-les-droits-bafoues-du-journaliste-babacar-toure\/\"]}]},{\"@type\":\"ImageObject\",\"inLanguage\":\"fr-FR\",\"@id\":\"https:\/\/www.public.sn\/index.php\/2023\/04\/27\/me-cire-cledor-ly-liste-les-droits-bafoues-du-journaliste-babacar-toure\/#primaryimage\",\"url\":\"https:\/\/www.public.sn\/wp-content\/uploads\/2023\/04\/d6d3b20ca643a92ae6082cac582138c03bf2703f.jpg\",\"contentUrl\":\"https:\/\/www.public.sn\/wp-content\/uploads\/2023\/04\/d6d3b20ca643a92ae6082cac582138c03bf2703f.jpg\",\"width\":612,\"height\":298},{\"@type\":\"BreadcrumbList\",\"@id\":\"https:\/\/www.public.sn\/index.php\/2023\/04\/27\/me-cire-cledor-ly-liste-les-droits-bafoues-du-journaliste-babacar-toure\/#breadcrumb\",\"itemListElement\":[{\"@type\":\"ListItem\",\"position\":1,\"name\":\"Accueil\",\"item\":\"https:\/\/www.public.sn\/\"},{\"@type\":\"ListItem\",\"position\":2,\"name\":\"Me Cir\u00e9 Cl\u00e9dor Ly liste les \u201cdroits bafou\u00e9s\u201d du journaliste Babacar Tour\u00e9\"}]},{\"@type\":\"WebSite\",\"@id\":\"https:\/\/www.public.sn\/#website\",\"url\":\"https:\/\/www.public.sn\/\",\"name\":\"LE PUBLIC\",\"description\":\"\",\"publisher\":{\"@id\":\"https:\/\/www.public.sn\/#organization\"},\"potentialAction\":[{\"@type\":\"SearchAction\",\"target\":{\"@type\":\"EntryPoint\",\"urlTemplate\":\"https:\/\/www.public.sn\/?s={search_term_string}\"},\"query-input\":{\"@type\":\"PropertyValueSpecification\",\"valueRequired\":true,\"valueName\":\"search_term_string\"}}],\"inLanguage\":\"fr-FR\"},{\"@type\":\"Organization\",\"@id\":\"https:\/\/www.public.sn\/#organization\",\"name\":\"LE PUBLIC\",\"url\":\"https:\/\/www.public.sn\/\",\"logo\":{\"@type\":\"ImageObject\",\"inLanguage\":\"fr-FR\",\"@id\":\"https:\/\/www.public.sn\/#\/schema\/logo\/image\/\",\"url\":\"https:\/\/www.public.sn\/wp-content\/uploads\/2024\/05\/cropped-LOGO-PUBLIC.SN_.png\",\"contentUrl\":\"https:\/\/www.public.sn\/wp-content\/uploads\/2024\/05\/cropped-LOGO-PUBLIC.SN_.png\",\"width\":682,\"height\":192,\"caption\":\"LE PUBLIC\"},\"image\":{\"@id\":\"https:\/\/www.public.sn\/#\/schema\/logo\/image\/\"}},{\"@type\":\"Person\",\"@id\":\"https:\/\/www.public.sn\/#\/schema\/person\/cb76c8e1b8becc6be61fb5e92d6d0224\",\"name\":\"LA REDACTION\",\"image\":{\"@type\":\"ImageObject\",\"inLanguage\":\"fr-FR\",\"@id\":\"https:\/\/www.public.sn\/#\/schema\/person\/image\/\",\"url\":\"https:\/\/secure.gravatar.com\/avatar\/2dce5ddd34b8fef0180efe03aa2a9bee7d953856048f9a16b298190a3178407c?s=96&d=mm&r=g\",\"contentUrl\":\"https:\/\/secure.gravatar.com\/avatar\/2dce5ddd34b8fef0180efe03aa2a9bee7d953856048f9a16b298190a3178407c?s=96&d=mm&r=g\",\"caption\":\"LA REDACTION\"},\"url\":\"https:\/\/www.public.sn\/index.php\/author\/editeurpsn\/\"}]}<\/script>\n<!-- \/ Yoast SEO plugin. -->","yoast_head_json":{"title":"Me Cir\u00e9 Cl\u00e9dor Ly liste les \u201cdroits bafou\u00e9s\u201d du journaliste Babacar Tour\u00e9 - LE PUBLIC","robots":{"index":"index","follow":"follow","max-snippet":"max-snippet:-1","max-image-preview":"max-image-preview:large","max-video-preview":"max-video-preview:-1"},"canonical":"https:\/\/www.public.sn\/index.php\/2023\/04\/27\/me-cire-cledor-ly-liste-les-droits-bafoues-du-journaliste-babacar-toure\/","og_locale":"fr_FR","og_type":"article","og_title":"Me Cir\u00e9 Cl\u00e9dor Ly liste les \u201cdroits bafou\u00e9s\u201d du journaliste Babacar Tour\u00e9 - LE PUBLIC","og_description":"Me Cir\u00e9 Cl\u00e9dor Ly liste les \u201cdroits bafou\u00e9s\u201d du journaliste Babacar Tour\u00e9 Babacar Tour\u00e9,\u00a0 patron du site d&rsquo;informations Kewoulo est poursuivi pour trois\u00a0 chefs d&rsquo;accusation : d\u00e9nonciation calomnieuse, diffamation, diffusion de fausses nouvelles. Dans un texte, l\u2019un de ses avocats Me Cir\u00e9 Cl\u00e9dor Ly d\u00e9nonce les conditions de son arrestation et le d\u00e9roulement de la proc\u00e9dure jusque-l\u00e0. Seneweb vous propose l\u2019int\u00e9gralit\u00e9 de ses griefs contre la Justice dans le cadre de cette affaire. \u00a0 \u00a0 \u201cBabacar Tour\u00e9 a \u00e9t\u00e9 convoqu\u00e9 par la D.I.C t\u00e9l\u00e9phoniquement et non par un moyen ou proc\u00e9d\u00e9 pouvant laisser une trace \u00e9crite et sans aucune\u00a0 notification pr\u00e9alable ou concomitante de l&rsquo;objet de cette invitation forc\u00e9e peu r\u00e9publicaine.Il \u00e9tait ainsi priv\u00e9 de son droit \u00e9l\u00e9mentaire = celui de garder trace de la communication ainsi que\u00a0 de l&rsquo;identit\u00e9 de la personne ou du service qui a pos\u00e9 l&rsquo;acte,le lieu et l&rsquo;information sur le motif et l&rsquo;objet de la rencontre. \u00a0 Une administration qui dispose d&rsquo;une force contraignante dans une R\u00e9publique et un \u00c9tat de droit,se doit d&rsquo;agir en laissant trace \u00e9crite par tout moyen physique ou \u00e9lectronique ou autres proc\u00e9d\u00e9s pouvant faire l&rsquo;objet d&rsquo;une v\u00e9rification ou d&rsquo;un contr\u00f4le. \u00a0 C&rsquo;est seulement face aux enqu\u00eateurs que le journaliste conna\u00eetra les sept chefs d&rsquo;accusations port\u00e9s \u00e0 son encontre par le nomm\u00e9 Fr\u00e9d\u00e9ric Napal \u00e0 savoir : outrage,injures publiques,d\u00e9nonciation calomnieuse,diffamation, faux,usage de faux,diffusion de fausses nouvelles (qui est une infraction utilis\u00e9e comme une arme politique en vogue sous la 2\u00e8me alternance d\u00e9mocratique). \u00a0 Apr\u00e8s une audition tr\u00e8s \u00e9prouvante de pr\u00e8s de quatre heures d&rsquo;horloge durant lesquelles le journaliste a livr\u00e9 sur chaque point les r\u00e9sultats de ses propres investigations et donn\u00e9 des preuves irr\u00e9futables parce de sources polici\u00e8res (\u00e9tant pr\u00e9cis\u00e9 aussi que la d\u00e9fense a aussi bien le parquet que le greffe pour la d\u00e9livrance de proc\u00e8s verbaux confortant des preuves juridiquement \u00e9tablies de la v\u00e9racit\u00e9 des investigations.\u00a0 \u00a0 A la fin de l&rsquo;audition,le seul respect de l&rsquo;\u00eatre humain et de la valeur de la libert\u00e9, ainsi que l&rsquo;exigence sacr\u00e9e du respect de la pr\u00e9somption d&rsquo;innocence et de la neutralit\u00e9 du parquet \u00e0 ce stade de la proc\u00e9dure surtout que l&rsquo;enqu\u00eate ne remplissait pas les conditions d&rsquo;une flagrance;commandaient le renseignement judiciaire et non pas des mesures privatives de libert\u00e9s fondamentales ,dans\u00a0 une soci\u00e9t\u00e9 d\u00e9mocratique et un \u00c9tat de droit. \u00a0 Le parquet a curieusement instruit ou acquiesc\u00e9 la mesure de garde \u00e0 vue que rien ne justifie en droit en dehors de l&rsquo;opportunit\u00e9 que lui conf\u00e8re la fonction. \u00a0 Le droit \u00e0 l&rsquo;expression d&rsquo;esprits pluriels et d&rsquo;esprits critiques ainsi que le devoir de critique citoyen et celui,\u00a0 inali\u00e9nable de divulgation par le journaliste d&rsquo;investigation des informations sur l&rsquo;administration de la cit\u00e9 et la d\u00e9linquance politique, judiciaire et parlementaire, sont des fondamentaux dans une soci\u00e9t\u00e9 d\u00e9mocratique et de justice.\u00a0 \u00a0 L&rsquo;instrumentalisation et la vassalisation de la justice avec l&rsquo;utilisation arbitraire d&rsquo;instruments de r\u00e9pressions est pr\u00e9curseur de la tyrannie.\u00a0 \u00a0 Les acteurs politiques,les jeunes forces vives de la nation ,les journalistes d&rsquo;investigation ou diffuseurs d&rsquo;ensignements et de renseignements,les mati\u00e8res grises dans tous les secteurs de la nation,activistes,patriotes et lanceurs d&rsquo;alertes,remplissent les cachots surpeupl\u00e9s du pays dans des conditions qui heurtent la d\u00e9claration de Kampala ainsi que la convention des nations unies sur les r\u00e8gles minimas des conditions de d\u00e9tention dans les lieux de privation des libert\u00e9s.Tr\u00e8s probablement pour tr\u00e8s bient\u00f4t,des personnes du secteur de la sant\u00e9 pr\u00e9sum\u00e9s\u00a0 coupables du &lt;&lt; d\u00e9lit d &lsquo;assistance de personnes en danger&gt;&gt; qui sont traumatis\u00e9es par des enqu\u00eates qui donnent de justes raisons d&rsquo;inqui\u00e9tudes et pas trop lointain,le tour des Avocats libres de la parole intelligente et de la pens\u00e9e cart\u00e9sienne, grossiront les places des embastill\u00e9s d&rsquo;un peuple qui commence \u00e0 se d\u00e9sillusionner de la justice. \u00a0 La situation des journalistes emprisonn\u00e9s qui attendent l&rsquo;arriv\u00e9e pas lointaine de plusieurs autres de leurs coll\u00e8gues,ainsi que abus de qualifications et de proc\u00e9dures (de l &lsquo;article 255 du code p\u00e9nal et 139 du code de proc\u00e9dure p\u00e9nale qui effacent juges et avocats) ainsi que\u00a0 privation de toutes les formes de libert\u00e9s d\u00e9mocratiques,de m\u00eame que les entraves \u00e0 l&rsquo;exercice de la profession de journaliste,interpellent le monde de la presse et le monde dit &lt;&lt;civilis\u00e9&gt;&gt;. \u00a0 Il est envisag\u00e9 le deff\u00e9rement du journaliste et tr\u00e8s probablement il sera victime de l&rsquo;article 139 du code de proc\u00e9dure p\u00e9nale et plac\u00e9 sous mandat de d\u00e9p\u00f4t,s&rsquo;il ne subit pas l&rsquo;humiliation du collier \u00e9lectronique (la forme est grossi\u00e8re et hideuse pour un bracelet). \u00a0 Pour rappel, le nomm\u00e9 Fr\u00e9d\u00e9ric Napal avait aussi menac\u00e9 d&rsquo;une plainte le leader de l&rsquo;opposition patriotique Ousmane Sonko sonko, principal adversaire du chef de l&rsquo;\u00c9tat. \u00a0 Si l&rsquo;opposition est convoqu\u00e9e,il sera de mon opinion, argu\u00e9 et pr\u00e9text\u00e9 l&rsquo;\u00e9galit\u00e9 de traitement des justiciables et le parall\u00e9lisme des formes. \u00a0 &lt;&lt;Le monde\u00a0 civilis\u00e9&gt;&gt;\u00a0 qui prot\u00e9ge et sanctionne la violation par les Etats des valeurs d\u00e9mocratiques dont la pierre angulaire est le droit \u00e0 la comp\u00e9tition \u00e9lectorale et le droit pour tout citoyen de participer aux affaires publiques de son pays,continue passivement d&rsquo;observer au lieu de r\u00e9agir \u00e0 temps aux intrigues.\u00a0 \u00a0 Une arrestation ,une garde \u00e0 vue ,un d\u00e9ferrement ou une d\u00e9tention doivent \u00eatre utiles, n\u00e9cessaires et opportuns. \u00a0 Faute de quoi,elles ob\u00e9issent \u00e0 des imp\u00e9ratifs qui sont \u00e9trangers \u00e0 la justice et servent une tierce cause.\u201d \u00a0 \u00a0 \u00a0 Ma\u00eetre Cir\u00e9 Cl\u00e9dor Ly, membre du collectif des Avocats du journaliste Babacar Tour\u00e9","og_url":"https:\/\/www.public.sn\/index.php\/2023\/04\/27\/me-cire-cledor-ly-liste-les-droits-bafoues-du-journaliste-babacar-toure\/","og_site_name":"LE PUBLIC","article_published_time":"2023-04-27T12:59:19+00:00","og_image":[{"width":612,"height":298,"url":"https:\/\/www.public.sn\/wp-content\/uploads\/2023\/04\/d6d3b20ca643a92ae6082cac582138c03bf2703f.jpg","type":"image\/jpeg"}],"author":"LA REDACTION","twitter_card":"summary_large_image","twitter_misc":{"\u00c9crit par":"LA REDACTION","Dur\u00e9e de lecture estim\u00e9e":"5 minutes"},"schema":{"@context":"https:\/\/schema.org","@graph":[{"@type":"Article","@id":"https:\/\/www.public.sn\/index.php\/2023\/04\/27\/me-cire-cledor-ly-liste-les-droits-bafoues-du-journaliste-babacar-toure\/#article","isPartOf":{"@id":"https:\/\/www.public.sn\/index.php\/2023\/04\/27\/me-cire-cledor-ly-liste-les-droits-bafoues-du-journaliste-babacar-toure\/"},"author":{"name":"LA REDACTION","@id":"https:\/\/www.public.sn\/#\/schema\/person\/cb76c8e1b8becc6be61fb5e92d6d0224"},"headline":"Me Cir\u00e9 Cl\u00e9dor Ly liste les \u201cdroits bafou\u00e9s\u201d du journaliste Babacar Tour\u00e9","datePublished":"2023-04-27T12:59:19+00:00","mainEntityOfPage":{"@id":"https:\/\/www.public.sn\/index.php\/2023\/04\/27\/me-cire-cledor-ly-liste-les-droits-bafoues-du-journaliste-babacar-toure\/"},"wordCount":1002,"commentCount":0,"publisher":{"@id":"https:\/\/www.public.sn\/#organization"},"image":{"@id":"https:\/\/www.public.sn\/index.php\/2023\/04\/27\/me-cire-cledor-ly-liste-les-droits-bafoues-du-journaliste-babacar-toure\/#primaryimage"},"thumbnailUrl":"https:\/\/www.public.sn\/wp-content\/uploads\/2023\/04\/d6d3b20ca643a92ae6082cac582138c03bf2703f.jpg","articleSection":["S\u00c9N\u00c9GAL"],"inLanguage":"fr-FR","potentialAction":[{"@type":"CommentAction","name":"Comment","target":["https:\/\/www.public.sn\/index.php\/2023\/04\/27\/me-cire-cledor-ly-liste-les-droits-bafoues-du-journaliste-babacar-toure\/#respond"]}]},{"@type":"WebPage","@id":"https:\/\/www.public.sn\/index.php\/2023\/04\/27\/me-cire-cledor-ly-liste-les-droits-bafoues-du-journaliste-babacar-toure\/","url":"https:\/\/www.public.sn\/index.php\/2023\/04\/27\/me-cire-cledor-ly-liste-les-droits-bafoues-du-journaliste-babacar-toure\/","name":"Me Cir\u00e9 Cl\u00e9dor Ly liste les \u201cdroits bafou\u00e9s\u201d du journaliste Babacar Tour\u00e9 - LE PUBLIC","isPartOf":{"@id":"https:\/\/www.public.sn\/#website"},"primaryImageOfPage":{"@id":"https:\/\/www.public.sn\/index.php\/2023\/04\/27\/me-cire-cledor-ly-liste-les-droits-bafoues-du-journaliste-babacar-toure\/#primaryimage"},"image":{"@id":"https:\/\/www.public.sn\/index.php\/2023\/04\/27\/me-cire-cledor-ly-liste-les-droits-bafoues-du-journaliste-babacar-toure\/#primaryimage"},"thumbnailUrl":"https:\/\/www.public.sn\/wp-content\/uploads\/2023\/04\/d6d3b20ca643a92ae6082cac582138c03bf2703f.jpg","datePublished":"2023-04-27T12:59:19+00:00","breadcrumb":{"@id":"https:\/\/www.public.sn\/index.php\/2023\/04\/27\/me-cire-cledor-ly-liste-les-droits-bafoues-du-journaliste-babacar-toure\/#breadcrumb"},"inLanguage":"fr-FR","potentialAction":[{"@type":"ReadAction","target":["https:\/\/www.public.sn\/index.php\/2023\/04\/27\/me-cire-cledor-ly-liste-les-droits-bafoues-du-journaliste-babacar-toure\/"]}]},{"@type":"ImageObject","inLanguage":"fr-FR","@id":"https:\/\/www.public.sn\/index.php\/2023\/04\/27\/me-cire-cledor-ly-liste-les-droits-bafoues-du-journaliste-babacar-toure\/#primaryimage","url":"https:\/\/www.public.sn\/wp-content\/uploads\/2023\/04\/d6d3b20ca643a92ae6082cac582138c03bf2703f.jpg","contentUrl":"https:\/\/www.public.sn\/wp-content\/uploads\/2023\/04\/d6d3b20ca643a92ae6082cac582138c03bf2703f.jpg","width":612,"height":298},{"@type":"BreadcrumbList","@id":"https:\/\/www.public.sn\/index.php\/2023\/04\/27\/me-cire-cledor-ly-liste-les-droits-bafoues-du-journaliste-babacar-toure\/#breadcrumb","itemListElement":[{"@type":"ListItem","position":1,"name":"Accueil","item":"https:\/\/www.public.sn\/"},{"@type":"ListItem","position":2,"name":"Me Cir\u00e9 Cl\u00e9dor Ly liste les \u201cdroits bafou\u00e9s\u201d du journaliste Babacar Tour\u00e9"}]},{"@type":"WebSite","@id":"https:\/\/www.public.sn\/#website","url":"https:\/\/www.public.sn\/","name":"LE PUBLIC","description":"","publisher":{"@id":"https:\/\/www.public.sn\/#organization"},"potentialAction":[{"@type":"SearchAction","target":{"@type":"EntryPoint","urlTemplate":"https:\/\/www.public.sn\/?s={search_term_string}"},"query-input":{"@type":"PropertyValueSpecification","valueRequired":true,"valueName":"search_term_string"}}],"inLanguage":"fr-FR"},{"@type":"Organization","@id":"https:\/\/www.public.sn\/#organization","name":"LE PUBLIC","url":"https:\/\/www.public.sn\/","logo":{"@type":"ImageObject","inLanguage":"fr-FR","@id":"https:\/\/www.public.sn\/#\/schema\/logo\/image\/","url":"https:\/\/www.public.sn\/wp-content\/uploads\/2024\/05\/cropped-LOGO-PUBLIC.SN_.png","contentUrl":"https:\/\/www.public.sn\/wp-content\/uploads\/2024\/05\/cropped-LOGO-PUBLIC.SN_.png","width":682,"height":192,"caption":"LE PUBLIC"},"image":{"@id":"https:\/\/www.public.sn\/#\/schema\/logo\/image\/"}},{"@type":"Person","@id":"https:\/\/www.public.sn\/#\/schema\/person\/cb76c8e1b8becc6be61fb5e92d6d0224","name":"LA REDACTION","image":{"@type":"ImageObject","inLanguage":"fr-FR","@id":"https:\/\/www.public.sn\/#\/schema\/person\/image\/","url":"https:\/\/secure.gravatar.com\/avatar\/2dce5ddd34b8fef0180efe03aa2a9bee7d953856048f9a16b298190a3178407c?s=96&d=mm&r=g","contentUrl":"https:\/\/secure.gravatar.com\/avatar\/2dce5ddd34b8fef0180efe03aa2a9bee7d953856048f9a16b298190a3178407c?s=96&d=mm&r=g","caption":"LA REDACTION"},"url":"https:\/\/www.public.sn\/index.php\/author\/editeurpsn\/"}]}},"jetpack_featured_media_url":"https:\/\/www.public.sn\/wp-content\/uploads\/2023\/04\/d6d3b20ca643a92ae6082cac582138c03bf2703f.jpg","jetpack_sharing_enabled":true,"_links":{"self":[{"href":"https:\/\/www.public.sn\/index.php\/wp-json\/wp\/v2\/posts\/20564","targetHints":{"allow":["GET"]}}],"collection":[{"href":"https:\/\/www.public.sn\/index.php\/wp-json\/wp\/v2\/posts"}],"about":[{"href":"https:\/\/www.public.sn\/index.php\/wp-json\/wp\/v2\/types\/post"}],"author":[{"embeddable":true,"href":"https:\/\/www.public.sn\/index.php\/wp-json\/wp\/v2\/users\/7"}],"replies":[{"embeddable":true,"href":"https:\/\/www.public.sn\/index.php\/wp-json\/wp\/v2\/comments?post=20564"}],"version-history":[{"count":1,"href":"https:\/\/www.public.sn\/index.php\/wp-json\/wp\/v2\/posts\/20564\/revisions"}],"predecessor-version":[{"id":20566,"href":"https:\/\/www.public.sn\/index.php\/wp-json\/wp\/v2\/posts\/20564\/revisions\/20566"}],"wp:featuredmedia":[{"embeddable":true,"href":"https:\/\/www.public.sn\/index.php\/wp-json\/wp\/v2\/media\/20565"}],"wp:attachment":[{"href":"https:\/\/www.public.sn\/index.php\/wp-json\/wp\/v2\/media?parent=20564"}],"wp:term":[{"taxonomy":"category","embeddable":true,"href":"https:\/\/www.public.sn\/index.php\/wp-json\/wp\/v2\/categories?post=20564"},{"taxonomy":"post_tag","embeddable":true,"href":"https:\/\/www.public.sn\/index.php\/wp-json\/wp\/v2\/tags?post=20564"}],"curies":[{"name":"wp","href":"https:\/\/api.w.org\/{rel}","templated":true}]}}