{"id":2059,"date":"2022-09-16T09:27:25","date_gmt":"2022-09-16T09:27:25","guid":{"rendered":"https:\/\/www.public.sn\/?p=2059"},"modified":"2022-09-16T09:27:26","modified_gmt":"2022-09-16T09:27:26","slug":"le-cese-et-son-president-idrissa-seck-assignes-en-justice-par-la-bicis","status":"publish","type":"post","link":"https:\/\/www.public.sn\/index.php\/2022\/09\/16\/le-cese-et-son-president-idrissa-seck-assignes-en-justice-par-la-bicis\/","title":{"rendered":"Le CESE et son pr\u00e9sident Idrissa Seck assign\u00e9s en justice par la Bicis."},"content":{"rendered":"\n<p>Le Conseil \u00e9conomique, social et environnementale a \u00e9t\u00e9 assign\u00e9 en justice par la Bicis. Les Echos qui donne l\u2019information n\u2019a pas d\u00e9voil\u00e9 les dessous de la plainte de la banque contre l\u2019institution dirig\u00e9e par Idrissa Seck.<\/p><div class=\"publi-paragraphe1\" style=\"margin-top: 10px;margin-bottom: 10px;margin-left: auto;margin-right: auto;text-align: center;\" id=\"publi-923555999\"><div class=\"publi-adlabel\">Publicit\u00e9<\/div><script async src=\"\/\/pagead2.googlesyndication.com\/pagead\/js\/adsbygoogle.js?client=ca-pub-4089586018074219\" crossorigin=\"anonymous\"><\/script><ins class=\"adsbygoogle\" style=\"display:block;\" data-ad-client=\"ca-pub-4089586018074219\" \ndata-ad-slot=\"2087940154\" \ndata-ad-format=\"auto\"><\/ins>\n<script> \n(adsbygoogle = window.adsbygoogle || []).push({}); \n<\/script>\n<\/div>\n\n\n\n<p>Le d\u00e9lib\u00e9r\u00e9 sera prononc\u00e9 le 26 septembre prochain. A signaler que le groupe d\u2019assurance Sunu du franco-s\u00e9n\u00e9galais Path\u00e9 Dione s\u2019adjuge la filiale de BNP Paribas, nous dit senenews.<\/p>\n\n\n\n<p>Les administrateurs ont d\u00e9cid\u00e9 de c\u00e9der la majorit\u00e9 des parts 54,11% au groupe SUNU. Suite \u00e0 un accord conclu ce vendredi 29 juillet 2022. <\/p>\n\n\n\n<p>Apr\u00e8s la vente de ses filiales aux Comores, au Gabon, au Mali, en Guin\u00e9e, au Burkina Faso et en Tunisie, le g\u00e9ant BNP Paribas envisagerait de c\u00e9der un de ses derniers joyaux de la couronne en Afrique francophone.<\/p>\n\n\n\n<p>Selon des informations, le mandat de la cession des parts de BNP Paribas \u00e0 la Banque Internationale pour le Commerce et l\u2019Industrie du S\u00e9n\u00e9gal (BICIS) a \u00e9t\u00e9 confi\u00e9 \u00e0 Rothschild &amp; Co.<\/p>\n<div class=\"publi-apres-le-contenu\" style=\"margin-top: 10px;margin-bottom: 10px;margin-left: auto;margin-right: auto;text-align: center;\" id=\"publi-3814963826\"><div class=\"publi-adlabel\">Publicit\u00e9<\/div><script async src=\"\/\/pagead2.googlesyndication.com\/pagead\/js\/adsbygoogle.js?client=ca-pub-4089586018074219\" crossorigin=\"anonymous\"><\/script><ins class=\"adsbygoogle\" style=\"display:block;\" data-ad-client=\"ca-pub-4089586018074219\" \ndata-ad-slot=\"2087940154\" \ndata-ad-format=\"auto\"><\/ins>\n<script> \n(adsbygoogle = window.adsbygoogle || []).push({}); \n<\/script>\n<\/div>","protected":false},"excerpt":{"rendered":"<p>Le Conseil \u00e9conomique, social et environnementale a \u00e9t\u00e9 assign\u00e9 en justice par la Bicis. Les Echos qui donne l\u2019information n\u2019a pas d\u00e9voil\u00e9 les dessous de la plainte de la banque contre l\u2019institution dirig\u00e9e par Idrissa Seck. Le d\u00e9lib\u00e9r\u00e9 sera prononc\u00e9 le 26 septembre prochain. A signaler que le groupe d\u2019assurance Sunu du franco-s\u00e9n\u00e9galais Path\u00e9 Dione s\u2019adjuge la filiale de BNP Paribas, nous dit senenews. Les administrateurs ont d\u00e9cid\u00e9 de c\u00e9der la majorit\u00e9 des parts 54,11% au groupe SUNU. Suite \u00e0 un accord conclu ce vendredi 29 juillet 2022. Apr\u00e8s la vente de ses filiales aux Comores, au Gabon, au Mali, en Guin\u00e9e, au Burkina Faso et en Tunisie, le g\u00e9ant BNP Paribas envisagerait de c\u00e9der un de ses derniers joyaux de la couronne en Afrique francophone. Selon des informations, le mandat de la cession des parts de BNP Paribas \u00e0 la Banque Internationale pour le Commerce et l\u2019Industrie du S\u00e9n\u00e9gal (BICIS) a \u00e9t\u00e9 confi\u00e9 \u00e0 Rothschild &amp; Co.<\/p>\n","protected":false},"author":1,"featured_media":2060,"comment_status":"open","ping_status":"open","sticky":false,"template":"","format":"standard","meta":{"_jetpack_memberships_contains_paid_content":false,"footnotes":""},"categories":[375,376],"tags":[793,792,791,790,24],"class_list":["post-2059","post","type-post","status-publish","format-standard","has-post-thumbnail","hentry","category-actualites","category-securite-justice","tag-assignation","tag-bicis","tag-cese","tag-idrissa-seck","tag-justice","entry","has-media","owp-thumbs-layout-horizontal","owp-btn-normal","owp-tabs-layout-horizontal","has-no-thumbnails","has-product-nav"],"yoast_head":"<!-- This site is optimized with the Yoast SEO plugin v25.5 - https:\/\/yoast.com\/wordpress\/plugins\/seo\/ -->\n<title>Le CESE et son pr\u00e9sident Idrissa Seck assign\u00e9s en justice par la Bicis. - LE PUBLIC<\/title>\n<meta name=\"robots\" content=\"index, follow, max-snippet:-1, max-image-preview:large, max-video-preview:-1\" \/>\n<link rel=\"canonical\" href=\"https:\/\/www.public.sn\/index.php\/2022\/09\/16\/le-cese-et-son-president-idrissa-seck-assignes-en-justice-par-la-bicis\/\" \/>\n<meta property=\"og:locale\" content=\"fr_FR\" \/>\n<meta property=\"og:type\" content=\"article\" \/>\n<meta property=\"og:title\" content=\"Le CESE et son pr\u00e9sident Idrissa Seck assign\u00e9s en justice par la Bicis. - LE PUBLIC\" \/>\n<meta property=\"og:description\" content=\"Le Conseil \u00e9conomique, social et environnementale a \u00e9t\u00e9 assign\u00e9 en justice par la Bicis. Les Echos qui donne l\u2019information n\u2019a pas d\u00e9voil\u00e9 les dessous de la plainte de la banque contre l\u2019institution dirig\u00e9e par Idrissa Seck. Le d\u00e9lib\u00e9r\u00e9 sera prononc\u00e9 le 26 septembre prochain. A signaler que le groupe d\u2019assurance Sunu du franco-s\u00e9n\u00e9galais Path\u00e9 Dione s\u2019adjuge la filiale de BNP Paribas, nous dit senenews. Les administrateurs ont d\u00e9cid\u00e9 de c\u00e9der la majorit\u00e9 des parts 54,11% au groupe SUNU. Suite \u00e0 un accord conclu ce vendredi 29 juillet 2022. Apr\u00e8s la vente de ses filiales aux Comores, au Gabon, au Mali, en Guin\u00e9e, au Burkina Faso et en Tunisie, le g\u00e9ant BNP Paribas envisagerait de c\u00e9der un de ses derniers joyaux de la couronne en Afrique francophone. Selon des informations, le mandat de la cession des parts de BNP Paribas \u00e0 la Banque Internationale pour le Commerce et l\u2019Industrie du S\u00e9n\u00e9gal (BICIS) a \u00e9t\u00e9 confi\u00e9 \u00e0 Rothschild &amp; Co.\" \/>\n<meta property=\"og:url\" content=\"https:\/\/www.public.sn\/index.php\/2022\/09\/16\/le-cese-et-son-president-idrissa-seck-assignes-en-justice-par-la-bicis\/\" \/>\n<meta property=\"og:site_name\" content=\"LE PUBLIC\" \/>\n<meta property=\"article:published_time\" content=\"2022-09-16T09:27:25+00:00\" \/>\n<meta property=\"article:modified_time\" content=\"2022-09-16T09:27:26+00:00\" \/>\n<meta property=\"og:image\" content=\"https:\/\/www.public.sn\/wp-content\/uploads\/2022\/09\/images-34.jpg\" \/>\n\t<meta property=\"og:image:width\" content=\"335\" \/>\n\t<meta property=\"og:image:height\" content=\"150\" \/>\n\t<meta property=\"og:image:type\" content=\"image\/jpeg\" \/>\n<meta name=\"author\" content=\"LA REDACTION\" \/>\n<meta name=\"twitter:card\" content=\"summary_large_image\" \/>\n<meta name=\"twitter:label1\" content=\"\u00c9crit par\" \/>\n\t<meta name=\"twitter:data1\" content=\"LA REDACTION\" \/>\n\t<meta name=\"twitter:label2\" content=\"Dur\u00e9e de lecture estim\u00e9e\" \/>\n\t<meta name=\"twitter:data2\" content=\"1 minute\" \/>\n<script type=\"application\/ld+json\" class=\"yoast-schema-graph\">{\"@context\":\"https:\/\/schema.org\",\"@graph\":[{\"@type\":\"Article\",\"@id\":\"https:\/\/www.public.sn\/index.php\/2022\/09\/16\/le-cese-et-son-president-idrissa-seck-assignes-en-justice-par-la-bicis\/#article\",\"isPartOf\":{\"@id\":\"https:\/\/www.public.sn\/index.php\/2022\/09\/16\/le-cese-et-son-president-idrissa-seck-assignes-en-justice-par-la-bicis\/\"},\"author\":{\"name\":\"LA REDACTION\",\"@id\":\"https:\/\/www.public.sn\/#\/schema\/person\/e3f4a11b037d4203902db148f9bc8d5a\"},\"headline\":\"Le CESE et son pr\u00e9sident Idrissa Seck assign\u00e9s en justice par la Bicis.\",\"datePublished\":\"2022-09-16T09:27:25+00:00\",\"dateModified\":\"2022-09-16T09:27:26+00:00\",\"mainEntityOfPage\":{\"@id\":\"https:\/\/www.public.sn\/index.php\/2022\/09\/16\/le-cese-et-son-president-idrissa-seck-assignes-en-justice-par-la-bicis\/\"},\"wordCount\":186,\"commentCount\":0,\"publisher\":{\"@id\":\"https:\/\/www.public.sn\/#organization\"},\"image\":{\"@id\":\"https:\/\/www.public.sn\/index.php\/2022\/09\/16\/le-cese-et-son-president-idrissa-seck-assignes-en-justice-par-la-bicis\/#primaryimage\"},\"thumbnailUrl\":\"https:\/\/www.public.sn\/wp-content\/uploads\/2022\/09\/images-34.jpg\",\"keywords\":[\"Assignation\",\"Bicis\",\"Cese\",\"Idrissa Seck\",\"Justice\"],\"articleSection\":[\"ACTUALIT\u00c9S\",\"S\u00c9CURIT\u00c9 &amp; JUSTICE\"],\"inLanguage\":\"fr-FR\",\"potentialAction\":[{\"@type\":\"CommentAction\",\"name\":\"Comment\",\"target\":[\"https:\/\/www.public.sn\/index.php\/2022\/09\/16\/le-cese-et-son-president-idrissa-seck-assignes-en-justice-par-la-bicis\/#respond\"]}]},{\"@type\":\"WebPage\",\"@id\":\"https:\/\/www.public.sn\/index.php\/2022\/09\/16\/le-cese-et-son-president-idrissa-seck-assignes-en-justice-par-la-bicis\/\",\"url\":\"https:\/\/www.public.sn\/index.php\/2022\/09\/16\/le-cese-et-son-president-idrissa-seck-assignes-en-justice-par-la-bicis\/\",\"name\":\"Le CESE et son pr\u00e9sident Idrissa Seck assign\u00e9s en justice par la Bicis. - LE PUBLIC\",\"isPartOf\":{\"@id\":\"https:\/\/www.public.sn\/#website\"},\"primaryImageOfPage\":{\"@id\":\"https:\/\/www.public.sn\/index.php\/2022\/09\/16\/le-cese-et-son-president-idrissa-seck-assignes-en-justice-par-la-bicis\/#primaryimage\"},\"image\":{\"@id\":\"https:\/\/www.public.sn\/index.php\/2022\/09\/16\/le-cese-et-son-president-idrissa-seck-assignes-en-justice-par-la-bicis\/#primaryimage\"},\"thumbnailUrl\":\"https:\/\/www.public.sn\/wp-content\/uploads\/2022\/09\/images-34.jpg\",\"datePublished\":\"2022-09-16T09:27:25+00:00\",\"dateModified\":\"2022-09-16T09:27:26+00:00\",\"breadcrumb\":{\"@id\":\"https:\/\/www.public.sn\/index.php\/2022\/09\/16\/le-cese-et-son-president-idrissa-seck-assignes-en-justice-par-la-bicis\/#breadcrumb\"},\"inLanguage\":\"fr-FR\",\"potentialAction\":[{\"@type\":\"ReadAction\",\"target\":[\"https:\/\/www.public.sn\/index.php\/2022\/09\/16\/le-cese-et-son-president-idrissa-seck-assignes-en-justice-par-la-bicis\/\"]}]},{\"@type\":\"ImageObject\",\"inLanguage\":\"fr-FR\",\"@id\":\"https:\/\/www.public.sn\/index.php\/2022\/09\/16\/le-cese-et-son-president-idrissa-seck-assignes-en-justice-par-la-bicis\/#primaryimage\",\"url\":\"https:\/\/www.public.sn\/wp-content\/uploads\/2022\/09\/images-34.jpg\",\"contentUrl\":\"https:\/\/www.public.sn\/wp-content\/uploads\/2022\/09\/images-34.jpg\",\"width\":335,\"height\":150},{\"@type\":\"BreadcrumbList\",\"@id\":\"https:\/\/www.public.sn\/index.php\/2022\/09\/16\/le-cese-et-son-president-idrissa-seck-assignes-en-justice-par-la-bicis\/#breadcrumb\",\"itemListElement\":[{\"@type\":\"ListItem\",\"position\":1,\"name\":\"Accueil\",\"item\":\"https:\/\/www.public.sn\/\"},{\"@type\":\"ListItem\",\"position\":2,\"name\":\"Le CESE et son pr\u00e9sident Idrissa Seck assign\u00e9s en justice par la Bicis.\"}]},{\"@type\":\"WebSite\",\"@id\":\"https:\/\/www.public.sn\/#website\",\"url\":\"https:\/\/www.public.sn\/\",\"name\":\"LE PUBLIC\",\"description\":\"\",\"publisher\":{\"@id\":\"https:\/\/www.public.sn\/#organization\"},\"potentialAction\":[{\"@type\":\"SearchAction\",\"target\":{\"@type\":\"EntryPoint\",\"urlTemplate\":\"https:\/\/www.public.sn\/?s={search_term_string}\"},\"query-input\":{\"@type\":\"PropertyValueSpecification\",\"valueRequired\":true,\"valueName\":\"search_term_string\"}}],\"inLanguage\":\"fr-FR\"},{\"@type\":\"Organization\",\"@id\":\"https:\/\/www.public.sn\/#organization\",\"name\":\"LE PUBLIC\",\"url\":\"https:\/\/www.public.sn\/\",\"logo\":{\"@type\":\"ImageObject\",\"inLanguage\":\"fr-FR\",\"@id\":\"https:\/\/www.public.sn\/#\/schema\/logo\/image\/\",\"url\":\"https:\/\/www.public.sn\/wp-content\/uploads\/2024\/05\/cropped-LOGO-PUBLIC.SN_.png\",\"contentUrl\":\"https:\/\/www.public.sn\/wp-content\/uploads\/2024\/05\/cropped-LOGO-PUBLIC.SN_.png\",\"width\":682,\"height\":192,\"caption\":\"LE PUBLIC\"},\"image\":{\"@id\":\"https:\/\/www.public.sn\/#\/schema\/logo\/image\/\"}},{\"@type\":\"Person\",\"@id\":\"https:\/\/www.public.sn\/#\/schema\/person\/e3f4a11b037d4203902db148f9bc8d5a\",\"name\":\"LA REDACTION\",\"image\":{\"@type\":\"ImageObject\",\"inLanguage\":\"fr-FR\",\"@id\":\"https:\/\/www.public.sn\/#\/schema\/person\/image\/\",\"url\":\"https:\/\/secure.gravatar.com\/avatar\/d6c030db45db2883c075085c5d6c6258654a801a93766b49af0b82d4f454e2a5?s=96&d=mm&r=g\",\"contentUrl\":\"https:\/\/secure.gravatar.com\/avatar\/d6c030db45db2883c075085c5d6c6258654a801a93766b49af0b82d4f454e2a5?s=96&d=mm&r=g\",\"caption\":\"LA REDACTION\"},\"sameAs\":[\"http:\/\/www.public.sn\"],\"url\":\"https:\/\/www.public.sn\/index.php\/author\/admin7324\/\"}]}<\/script>\n<!-- \/ Yoast SEO plugin. -->","yoast_head_json":{"title":"Le CESE et son pr\u00e9sident Idrissa Seck assign\u00e9s en justice par la Bicis. - LE PUBLIC","robots":{"index":"index","follow":"follow","max-snippet":"max-snippet:-1","max-image-preview":"max-image-preview:large","max-video-preview":"max-video-preview:-1"},"canonical":"https:\/\/www.public.sn\/index.php\/2022\/09\/16\/le-cese-et-son-president-idrissa-seck-assignes-en-justice-par-la-bicis\/","og_locale":"fr_FR","og_type":"article","og_title":"Le CESE et son pr\u00e9sident Idrissa Seck assign\u00e9s en justice par la Bicis. - LE PUBLIC","og_description":"Le Conseil \u00e9conomique, social et environnementale a \u00e9t\u00e9 assign\u00e9 en justice par la Bicis. Les Echos qui donne l\u2019information n\u2019a pas d\u00e9voil\u00e9 les dessous de la plainte de la banque contre l\u2019institution dirig\u00e9e par Idrissa Seck. Le d\u00e9lib\u00e9r\u00e9 sera prononc\u00e9 le 26 septembre prochain. A signaler que le groupe d\u2019assurance Sunu du franco-s\u00e9n\u00e9galais Path\u00e9 Dione s\u2019adjuge la filiale de BNP Paribas, nous dit senenews. Les administrateurs ont d\u00e9cid\u00e9 de c\u00e9der la majorit\u00e9 des parts 54,11% au groupe SUNU. Suite \u00e0 un accord conclu ce vendredi 29 juillet 2022. Apr\u00e8s la vente de ses filiales aux Comores, au Gabon, au Mali, en Guin\u00e9e, au Burkina Faso et en Tunisie, le g\u00e9ant BNP Paribas envisagerait de c\u00e9der un de ses derniers joyaux de la couronne en Afrique francophone. Selon des informations, le mandat de la cession des parts de BNP Paribas \u00e0 la Banque Internationale pour le Commerce et l\u2019Industrie du S\u00e9n\u00e9gal (BICIS) a \u00e9t\u00e9 confi\u00e9 \u00e0 Rothschild &amp; Co.","og_url":"https:\/\/www.public.sn\/index.php\/2022\/09\/16\/le-cese-et-son-president-idrissa-seck-assignes-en-justice-par-la-bicis\/","og_site_name":"LE PUBLIC","article_published_time":"2022-09-16T09:27:25+00:00","article_modified_time":"2022-09-16T09:27:26+00:00","og_image":[{"width":335,"height":150,"url":"https:\/\/www.public.sn\/wp-content\/uploads\/2022\/09\/images-34.jpg","type":"image\/jpeg"}],"author":"LA REDACTION","twitter_card":"summary_large_image","twitter_misc":{"\u00c9crit par":"LA REDACTION","Dur\u00e9e de lecture estim\u00e9e":"1 minute"},"schema":{"@context":"https:\/\/schema.org","@graph":[{"@type":"Article","@id":"https:\/\/www.public.sn\/index.php\/2022\/09\/16\/le-cese-et-son-president-idrissa-seck-assignes-en-justice-par-la-bicis\/#article","isPartOf":{"@id":"https:\/\/www.public.sn\/index.php\/2022\/09\/16\/le-cese-et-son-president-idrissa-seck-assignes-en-justice-par-la-bicis\/"},"author":{"name":"LA REDACTION","@id":"https:\/\/www.public.sn\/#\/schema\/person\/e3f4a11b037d4203902db148f9bc8d5a"},"headline":"Le CESE et son pr\u00e9sident Idrissa Seck assign\u00e9s en justice par la Bicis.","datePublished":"2022-09-16T09:27:25+00:00","dateModified":"2022-09-16T09:27:26+00:00","mainEntityOfPage":{"@id":"https:\/\/www.public.sn\/index.php\/2022\/09\/16\/le-cese-et-son-president-idrissa-seck-assignes-en-justice-par-la-bicis\/"},"wordCount":186,"commentCount":0,"publisher":{"@id":"https:\/\/www.public.sn\/#organization"},"image":{"@id":"https:\/\/www.public.sn\/index.php\/2022\/09\/16\/le-cese-et-son-president-idrissa-seck-assignes-en-justice-par-la-bicis\/#primaryimage"},"thumbnailUrl":"https:\/\/www.public.sn\/wp-content\/uploads\/2022\/09\/images-34.jpg","keywords":["Assignation","Bicis","Cese","Idrissa Seck","Justice"],"articleSection":["ACTUALIT\u00c9S","S\u00c9CURIT\u00c9 &amp; JUSTICE"],"inLanguage":"fr-FR","potentialAction":[{"@type":"CommentAction","name":"Comment","target":["https:\/\/www.public.sn\/index.php\/2022\/09\/16\/le-cese-et-son-president-idrissa-seck-assignes-en-justice-par-la-bicis\/#respond"]}]},{"@type":"WebPage","@id":"https:\/\/www.public.sn\/index.php\/2022\/09\/16\/le-cese-et-son-president-idrissa-seck-assignes-en-justice-par-la-bicis\/","url":"https:\/\/www.public.sn\/index.php\/2022\/09\/16\/le-cese-et-son-president-idrissa-seck-assignes-en-justice-par-la-bicis\/","name":"Le CESE et son pr\u00e9sident Idrissa Seck assign\u00e9s en justice par la Bicis. - LE PUBLIC","isPartOf":{"@id":"https:\/\/www.public.sn\/#website"},"primaryImageOfPage":{"@id":"https:\/\/www.public.sn\/index.php\/2022\/09\/16\/le-cese-et-son-president-idrissa-seck-assignes-en-justice-par-la-bicis\/#primaryimage"},"image":{"@id":"https:\/\/www.public.sn\/index.php\/2022\/09\/16\/le-cese-et-son-president-idrissa-seck-assignes-en-justice-par-la-bicis\/#primaryimage"},"thumbnailUrl":"https:\/\/www.public.sn\/wp-content\/uploads\/2022\/09\/images-34.jpg","datePublished":"2022-09-16T09:27:25+00:00","dateModified":"2022-09-16T09:27:26+00:00","breadcrumb":{"@id":"https:\/\/www.public.sn\/index.php\/2022\/09\/16\/le-cese-et-son-president-idrissa-seck-assignes-en-justice-par-la-bicis\/#breadcrumb"},"inLanguage":"fr-FR","potentialAction":[{"@type":"ReadAction","target":["https:\/\/www.public.sn\/index.php\/2022\/09\/16\/le-cese-et-son-president-idrissa-seck-assignes-en-justice-par-la-bicis\/"]}]},{"@type":"ImageObject","inLanguage":"fr-FR","@id":"https:\/\/www.public.sn\/index.php\/2022\/09\/16\/le-cese-et-son-president-idrissa-seck-assignes-en-justice-par-la-bicis\/#primaryimage","url":"https:\/\/www.public.sn\/wp-content\/uploads\/2022\/09\/images-34.jpg","contentUrl":"https:\/\/www.public.sn\/wp-content\/uploads\/2022\/09\/images-34.jpg","width":335,"height":150},{"@type":"BreadcrumbList","@id":"https:\/\/www.public.sn\/index.php\/2022\/09\/16\/le-cese-et-son-president-idrissa-seck-assignes-en-justice-par-la-bicis\/#breadcrumb","itemListElement":[{"@type":"ListItem","position":1,"name":"Accueil","item":"https:\/\/www.public.sn\/"},{"@type":"ListItem","position":2,"name":"Le CESE et son pr\u00e9sident Idrissa Seck assign\u00e9s en justice par la Bicis."}]},{"@type":"WebSite","@id":"https:\/\/www.public.sn\/#website","url":"https:\/\/www.public.sn\/","name":"LE PUBLIC","description":"","publisher":{"@id":"https:\/\/www.public.sn\/#organization"},"potentialAction":[{"@type":"SearchAction","target":{"@type":"EntryPoint","urlTemplate":"https:\/\/www.public.sn\/?s={search_term_string}"},"query-input":{"@type":"PropertyValueSpecification","valueRequired":true,"valueName":"search_term_string"}}],"inLanguage":"fr-FR"},{"@type":"Organization","@id":"https:\/\/www.public.sn\/#organization","name":"LE PUBLIC","url":"https:\/\/www.public.sn\/","logo":{"@type":"ImageObject","inLanguage":"fr-FR","@id":"https:\/\/www.public.sn\/#\/schema\/logo\/image\/","url":"https:\/\/www.public.sn\/wp-content\/uploads\/2024\/05\/cropped-LOGO-PUBLIC.SN_.png","contentUrl":"https:\/\/www.public.sn\/wp-content\/uploads\/2024\/05\/cropped-LOGO-PUBLIC.SN_.png","width":682,"height":192,"caption":"LE PUBLIC"},"image":{"@id":"https:\/\/www.public.sn\/#\/schema\/logo\/image\/"}},{"@type":"Person","@id":"https:\/\/www.public.sn\/#\/schema\/person\/e3f4a11b037d4203902db148f9bc8d5a","name":"LA REDACTION","image":{"@type":"ImageObject","inLanguage":"fr-FR","@id":"https:\/\/www.public.sn\/#\/schema\/person\/image\/","url":"https:\/\/secure.gravatar.com\/avatar\/d6c030db45db2883c075085c5d6c6258654a801a93766b49af0b82d4f454e2a5?s=96&d=mm&r=g","contentUrl":"https:\/\/secure.gravatar.com\/avatar\/d6c030db45db2883c075085c5d6c6258654a801a93766b49af0b82d4f454e2a5?s=96&d=mm&r=g","caption":"LA REDACTION"},"sameAs":["http:\/\/www.public.sn"],"url":"https:\/\/www.public.sn\/index.php\/author\/admin7324\/"}]}},"jetpack_featured_media_url":"https:\/\/www.public.sn\/wp-content\/uploads\/2022\/09\/images-34.jpg","jetpack_sharing_enabled":true,"_links":{"self":[{"href":"https:\/\/www.public.sn\/index.php\/wp-json\/wp\/v2\/posts\/2059","targetHints":{"allow":["GET"]}}],"collection":[{"href":"https:\/\/www.public.sn\/index.php\/wp-json\/wp\/v2\/posts"}],"about":[{"href":"https:\/\/www.public.sn\/index.php\/wp-json\/wp\/v2\/types\/post"}],"author":[{"embeddable":true,"href":"https:\/\/www.public.sn\/index.php\/wp-json\/wp\/v2\/users\/1"}],"replies":[{"embeddable":true,"href":"https:\/\/www.public.sn\/index.php\/wp-json\/wp\/v2\/comments?post=2059"}],"version-history":[{"count":1,"href":"https:\/\/www.public.sn\/index.php\/wp-json\/wp\/v2\/posts\/2059\/revisions"}],"predecessor-version":[{"id":2061,"href":"https:\/\/www.public.sn\/index.php\/wp-json\/wp\/v2\/posts\/2059\/revisions\/2061"}],"wp:featuredmedia":[{"embeddable":true,"href":"https:\/\/www.public.sn\/index.php\/wp-json\/wp\/v2\/media\/2060"}],"wp:attachment":[{"href":"https:\/\/www.public.sn\/index.php\/wp-json\/wp\/v2\/media?parent=2059"}],"wp:term":[{"taxonomy":"category","embeddable":true,"href":"https:\/\/www.public.sn\/index.php\/wp-json\/wp\/v2\/categories?post=2059"},{"taxonomy":"post_tag","embeddable":true,"href":"https:\/\/www.public.sn\/index.php\/wp-json\/wp\/v2\/tags?post=2059"}],"curies":[{"name":"wp","href":"https:\/\/api.w.org\/{rel}","templated":true}]}}