{"id":20643,"date":"2023-04-28T18:10:16","date_gmt":"2023-04-28T18:10:16","guid":{"rendered":"https:\/\/www.public.sn\/?p=20643"},"modified":"2023-04-28T18:10:16","modified_gmt":"2023-04-28T18:10:16","slug":"presidentielle-2024-la-cr-2sr-statue-sur-le-candidat-de-benno-luy-jot-jotna-que-benno-libere-macky-et-que-macky-libere-benno","status":"publish","type":"post","link":"https:\/\/www.public.sn\/index.php\/2023\/04\/28\/presidentielle-2024-la-cr-2sr-statue-sur-le-candidat-de-benno-luy-jot-jotna-que-benno-libere-macky-et-que-macky-libere-benno\/","title":{"rendered":"Pr\u00e9sidentielle 2024, la CR\/2SR statue sur le candidat de Benno : \u00ab\u00a0LUY JOT JOTNA, Que Benno lib\u00e8re  Macky et  Que Macky lib\u00e8re Benno\u00a0\u00bb"},"content":{"rendered":"<p><b>Plusieurs leaders de l\u2019opposition ont annonc\u00e9 leur candidature pour la pr\u00e9sidentielle qui se tient dans 10 mois et pour laquelle l\u2019opposition et la soci\u00e9t\u00e9 civile exhortent le pr\u00e9sident sortant \u00e0 s\u2019abstenir de toute vell\u00e9it\u00e9 de briguer un 3\u00e8me mandat qu\u2019ils jugent ill\u00e9gitime. De l&rsquo;autre c\u00f4t\u00e9, (la mouvance r\u00e9sidentielle), le pr\u00e9sident sortant n&rsquo;a encore rien dit. Un mutisme qui s\u00e8me le doute au sein de la coalition Benno Bokk Yaakaar. En conclave ce mercredi 26 avril \u00e0 17h sous la pr\u00e9sidence effective de son coordonnateur national, le directeur de l\u2019emploi Pape Modou Fall\u00a0, la conf\u00e9rence des leaders de la coalition R\u00e9publicaine\/Samm Sunu Rew en abr\u00e9g\u00e9e (CR\/2SR) invite toutes les organisations politiques membres de Benno \u00e0 poser le d\u00e9bat lors de la prochaine rencontre de la conf\u00e9rence des leaders afin qu&rsquo;ils puissent \u00eatre \u00e9difier et porter ensemble comme un seul homme la candidature de leur candidat unique. Ainsi, elle a aussi demand\u00e9 au Pr\u00e9sident Macky Sall par souci de coh\u00e9rence politique et d\u2019organisation d\u2019\u00e9difier ses alli\u00e9s sur son \u00e9ventuelle candidature.<\/b><\/p><div class=\"publi-paragraphe1\" style=\"margin-top: 10px;margin-bottom: 10px;margin-left: auto;margin-right: auto;text-align: center;\" id=\"publi-1517430650\"><div class=\"publi-adlabel\">Publicit\u00e9<\/div><script async src=\"\/\/pagead2.googlesyndication.com\/pagead\/js\/adsbygoogle.js?client=ca-pub-4089586018074219\" crossorigin=\"anonymous\"><\/script><ins class=\"adsbygoogle\" style=\"display:block;\" data-ad-client=\"ca-pub-4089586018074219\" \ndata-ad-slot=\"2087940154\" \ndata-ad-format=\"auto\"><\/ins>\n<script> \n(adsbygoogle = window.adsbygoogle || []).push({}); \n<\/script>\n<\/div>\n<p>&nbsp;<\/p>\n<p><strong>In extenso, l\u2019int\u00e9gralit\u00e9 de la d\u00e9claration de coalition R\u00e9publicaine\/Samm Sunu Rew en abr\u00e9g\u00e9e (CR\/2SR)\u00a0<\/strong><\/p>\n<p>La conf\u00e9rence des leaders de la coalition R\u00e9publicaine\/Samm Sunu Rew en abr\u00e9g\u00e9e (CR\/2SR) s\u2019est r\u00e9unie ce Mercredi 26 Avril 2023 \u00e0 17H00 sous la pr\u00e9sidence effective de son coordonnateur national, le directeur de l\u2019emploi Pape Modou Fall afin de statuer sur le candidat \u00e0 la candidature de la coalition de Benno Bokk Yaakaar (BBY).<\/p>\n<p>Consid\u00e9rant 1 : une \u00e9lection pr\u00e9sidentielle est le rendez-vous d\u2019un homme avec son peuple,<br \/>\nConsid\u00e9rant 2 : une coalition est la somme des forces intrins\u00e8ques qui la compose, pour porter un id\u00e9al, une vision commune pour l\u2019int\u00e9r\u00eat g\u00e9n\u00e9ral.<\/p>\n<p>La coalition R\u00e9publicaine, ardent d\u00e9fenseur du second quinquennat du Pr\u00e9sident de la R\u00e9publique et pr\u00e9sident de la coalition Benno Book Yaakaar et de la grande majorit\u00e9 pr\u00e9sidentielle invite toutes les organisations politiques membres de Benno \u00e0 poser le d\u00e9bat lors de la prochaine rencontre de la conf\u00e9rence des leaders afin que nous puissions \u00eatre \u00e9difier et porter ensemble comme un seul homme la candidature de notre candidat unique. Nous demandons aussi au Pr\u00e9sident Macky Sall par souci de coh\u00e9rence politique et d\u2019organisation d\u2019\u00e9difier ses alli\u00e9s sur son \u00e9ventuelle candidature. La conf\u00e9rence des leaders de Benno est selon nous membres de la CR\/2SR l\u2019instance et la tribune id\u00e9ale pour fermer cette fen\u00eatre du ni Oui, ni Non.<\/p>\n<p>Sachant qu\u2019en toute d\u00e9mocratie, des crit\u00e8res pour d\u00e9finir le choix du candidat de Benno, conform\u00e9ment aux conclusions du dernier s\u00e9minaire de la coalition, peuvent \u00eatre visit\u00e9s et appliqu\u00e9s.<br \/>\nPour nous, leaders de la coalition samm sunu rew, le meilleur choix demeure et doit \u00eatre le pr\u00e9sident Macky Sall. Il est d\u2019ailleurs notre seul choix, sa vision battue sur le PSE est claire, r\u00e9aliste et r\u00e9alis\u00e9e en grande partie. Juridiquement et moralement la candidature est valable et acceptable.<\/p>\n<p>Enfin, la conf\u00e9rence des leaders f\u00e9licite le chef de l\u2019\u00e9tat pour son esprit d\u2019ouverture, sa qu\u00eate perp\u00e9tuelle de recherches de paix et de coh\u00e9sion sociale, son engagement sans faille \u00e0 consolider le dialogue et la concertation. Ainsi, nous invitons les forces vives de la Nation \u00e0 r\u00e9pondre favorablement l\u2019appel au dialogue pour un S\u00e9n\u00e9gal de Tous et un S\u00e9n\u00e9gal pour Tous.<\/p>\n<p><img fetchpriority=\"high\" decoding=\"async\" class=\"aligncenter wp-image-20644 size-full\" src=\"https:\/\/www.public.sn\/wp-content\/uploads\/2023\/04\/WhatsApp-Image-2023-04-28-at-16.46.50-2.jpeg\" alt=\"\" width=\"840\" height=\"1080\" srcset=\"https:\/\/www.public.sn\/wp-content\/uploads\/2023\/04\/WhatsApp-Image-2023-04-28-at-16.46.50-2.jpeg 840w, https:\/\/www.public.sn\/wp-content\/uploads\/2023\/04\/WhatsApp-Image-2023-04-28-at-16.46.50-2-600x771.jpeg 600w, https:\/\/www.public.sn\/wp-content\/uploads\/2023\/04\/WhatsApp-Image-2023-04-28-at-16.46.50-2-233x300.jpeg 233w, https:\/\/www.public.sn\/wp-content\/uploads\/2023\/04\/WhatsApp-Image-2023-04-28-at-16.46.50-2-796x1024.jpeg 796w, https:\/\/www.public.sn\/wp-content\/uploads\/2023\/04\/WhatsApp-Image-2023-04-28-at-16.46.50-2-768x987.jpeg 768w\" sizes=\"(max-width: 840px) 100vw, 840px\" \/><\/p>\n<p><img decoding=\"async\" class=\"aligncenter wp-image-20645 size-full\" src=\"https:\/\/www.public.sn\/wp-content\/uploads\/2023\/04\/WhatsApp-Image-2023-04-28-at-16.46.50-1.jpeg\" alt=\"\" width=\"1080\" height=\"856\" srcset=\"https:\/\/www.public.sn\/wp-content\/uploads\/2023\/04\/WhatsApp-Image-2023-04-28-at-16.46.50-1.jpeg 1080w, https:\/\/www.public.sn\/wp-content\/uploads\/2023\/04\/WhatsApp-Image-2023-04-28-at-16.46.50-1-600x476.jpeg 600w, https:\/\/www.public.sn\/wp-content\/uploads\/2023\/04\/WhatsApp-Image-2023-04-28-at-16.46.50-1-300x238.jpeg 300w, https:\/\/www.public.sn\/wp-content\/uploads\/2023\/04\/WhatsApp-Image-2023-04-28-at-16.46.50-1-1024x812.jpeg 1024w, https:\/\/www.public.sn\/wp-content\/uploads\/2023\/04\/WhatsApp-Image-2023-04-28-at-16.46.50-1-768x609.jpeg 768w\" sizes=\"(max-width: 1080px) 100vw, 1080px\" \/><\/p>\n<p><img decoding=\"async\" class=\"aligncenter wp-image-20646 size-full\" src=\"https:\/\/www.public.sn\/wp-content\/uploads\/2023\/04\/WhatsApp-Image-2023-04-28-at-16.46.50.jpeg\" alt=\"\" width=\"1080\" height=\"720\" srcset=\"https:\/\/www.public.sn\/wp-content\/uploads\/2023\/04\/WhatsApp-Image-2023-04-28-at-16.46.50.jpeg 1080w, https:\/\/www.public.sn\/wp-content\/uploads\/2023\/04\/WhatsApp-Image-2023-04-28-at-16.46.50-600x400.jpeg 600w, https:\/\/www.public.sn\/wp-content\/uploads\/2023\/04\/WhatsApp-Image-2023-04-28-at-16.46.50-300x200.jpeg 300w, https:\/\/www.public.sn\/wp-content\/uploads\/2023\/04\/WhatsApp-Image-2023-04-28-at-16.46.50-1024x683.jpeg 1024w, https:\/\/www.public.sn\/wp-content\/uploads\/2023\/04\/WhatsApp-Image-2023-04-28-at-16.46.50-768x512.jpeg 768w\" sizes=\"(max-width: 1080px) 100vw, 1080px\" \/><\/p>\n<p><img loading=\"lazy\" decoding=\"async\" class=\"aligncenter wp-image-20647 size-full\" src=\"https:\/\/www.public.sn\/wp-content\/uploads\/2023\/04\/WhatsApp-Image-2023-04-28-at-16.46.49-4.jpeg\" alt=\"\" width=\"1080\" height=\"486\" srcset=\"https:\/\/www.public.sn\/wp-content\/uploads\/2023\/04\/WhatsApp-Image-2023-04-28-at-16.46.49-4.jpeg 1080w, https:\/\/www.public.sn\/wp-content\/uploads\/2023\/04\/WhatsApp-Image-2023-04-28-at-16.46.49-4-600x270.jpeg 600w, https:\/\/www.public.sn\/wp-content\/uploads\/2023\/04\/WhatsApp-Image-2023-04-28-at-16.46.49-4-300x135.jpeg 300w, https:\/\/www.public.sn\/wp-content\/uploads\/2023\/04\/WhatsApp-Image-2023-04-28-at-16.46.49-4-1024x461.jpeg 1024w, https:\/\/www.public.sn\/wp-content\/uploads\/2023\/04\/WhatsApp-Image-2023-04-28-at-16.46.49-4-768x346.jpeg 768w\" sizes=\"(max-width: 1080px) 100vw, 1080px\" \/><\/p>\n<p><img loading=\"lazy\" decoding=\"async\" class=\"aligncenter wp-image-20648 size-full\" src=\"https:\/\/www.public.sn\/wp-content\/uploads\/2023\/04\/WhatsApp-Image-2023-04-28-at-16.46.49-3.jpeg\" alt=\"\" width=\"1080\" height=\"720\" srcset=\"https:\/\/www.public.sn\/wp-content\/uploads\/2023\/04\/WhatsApp-Image-2023-04-28-at-16.46.49-3.jpeg 1080w, https:\/\/www.public.sn\/wp-content\/uploads\/2023\/04\/WhatsApp-Image-2023-04-28-at-16.46.49-3-600x400.jpeg 600w, https:\/\/www.public.sn\/wp-content\/uploads\/2023\/04\/WhatsApp-Image-2023-04-28-at-16.46.49-3-300x200.jpeg 300w, https:\/\/www.public.sn\/wp-content\/uploads\/2023\/04\/WhatsApp-Image-2023-04-28-at-16.46.49-3-1024x683.jpeg 1024w, https:\/\/www.public.sn\/wp-content\/uploads\/2023\/04\/WhatsApp-Image-2023-04-28-at-16.46.49-3-768x512.jpeg 768w\" sizes=\"(max-width: 1080px) 100vw, 1080px\" \/><\/p>\n<p><img loading=\"lazy\" decoding=\"async\" class=\"aligncenter wp-image-20649 size-full\" src=\"https:\/\/www.public.sn\/wp-content\/uploads\/2023\/04\/WhatsApp-Image-2023-04-28-at-16.46.49-2.jpeg\" alt=\"\" width=\"1080\" height=\"720\" srcset=\"https:\/\/www.public.sn\/wp-content\/uploads\/2023\/04\/WhatsApp-Image-2023-04-28-at-16.46.49-2.jpeg 1080w, https:\/\/www.public.sn\/wp-content\/uploads\/2023\/04\/WhatsApp-Image-2023-04-28-at-16.46.49-2-600x400.jpeg 600w, https:\/\/www.public.sn\/wp-content\/uploads\/2023\/04\/WhatsApp-Image-2023-04-28-at-16.46.49-2-300x200.jpeg 300w, https:\/\/www.public.sn\/wp-content\/uploads\/2023\/04\/WhatsApp-Image-2023-04-28-at-16.46.49-2-1024x683.jpeg 1024w, https:\/\/www.public.sn\/wp-content\/uploads\/2023\/04\/WhatsApp-Image-2023-04-28-at-16.46.49-2-768x512.jpeg 768w\" sizes=\"(max-width: 1080px) 100vw, 1080px\" \/><\/p>\n<p><img loading=\"lazy\" decoding=\"async\" class=\"aligncenter wp-image-20650 size-full\" src=\"https:\/\/www.public.sn\/wp-content\/uploads\/2023\/04\/WhatsApp-Image-2023-04-28-at-16.46.49-1.jpeg\" alt=\"\" width=\"958\" height=\"1280\" srcset=\"https:\/\/www.public.sn\/wp-content\/uploads\/2023\/04\/WhatsApp-Image-2023-04-28-at-16.46.49-1.jpeg 958w, https:\/\/www.public.sn\/wp-content\/uploads\/2023\/04\/WhatsApp-Image-2023-04-28-at-16.46.49-1-600x802.jpeg 600w, https:\/\/www.public.sn\/wp-content\/uploads\/2023\/04\/WhatsApp-Image-2023-04-28-at-16.46.49-1-225x300.jpeg 225w, https:\/\/www.public.sn\/wp-content\/uploads\/2023\/04\/WhatsApp-Image-2023-04-28-at-16.46.49-1-766x1024.jpeg 766w, https:\/\/www.public.sn\/wp-content\/uploads\/2023\/04\/WhatsApp-Image-2023-04-28-at-16.46.49-1-768x1026.jpeg 768w\" sizes=\"(max-width: 958px) 100vw, 958px\" \/><\/p>\n<p><img loading=\"lazy\" decoding=\"async\" class=\"aligncenter wp-image-20651 size-full\" src=\"https:\/\/www.public.sn\/wp-content\/uploads\/2023\/04\/WhatsApp-Image-2023-04-28-at-16.46.49.jpeg\" alt=\"\" width=\"1280\" height=\"1021\" srcset=\"https:\/\/www.public.sn\/wp-content\/uploads\/2023\/04\/WhatsApp-Image-2023-04-28-at-16.46.49.jpeg 1280w, https:\/\/www.public.sn\/wp-content\/uploads\/2023\/04\/WhatsApp-Image-2023-04-28-at-16.46.49-600x479.jpeg 600w, https:\/\/www.public.sn\/wp-content\/uploads\/2023\/04\/WhatsApp-Image-2023-04-28-at-16.46.49-300x239.jpeg 300w, https:\/\/www.public.sn\/wp-content\/uploads\/2023\/04\/WhatsApp-Image-2023-04-28-at-16.46.49-1024x817.jpeg 1024w, https:\/\/www.public.sn\/wp-content\/uploads\/2023\/04\/WhatsApp-Image-2023-04-28-at-16.46.49-768x613.jpeg 768w\" sizes=\"(max-width: 1280px) 100vw, 1280px\" \/><\/p>\n<div class=\"publi-apres-le-contenu\" style=\"margin-top: 10px;margin-bottom: 10px;margin-left: auto;margin-right: auto;text-align: center;\" id=\"publi-2452444479\"><div class=\"publi-adlabel\">Publicit\u00e9<\/div><script async src=\"\/\/pagead2.googlesyndication.com\/pagead\/js\/adsbygoogle.js?client=ca-pub-4089586018074219\" crossorigin=\"anonymous\"><\/script><ins class=\"adsbygoogle\" style=\"display:block;\" data-ad-client=\"ca-pub-4089586018074219\" \ndata-ad-slot=\"2087940154\" \ndata-ad-format=\"auto\"><\/ins>\n<script> \n(adsbygoogle = window.adsbygoogle || []).push({}); \n<\/script>\n<\/div>","protected":false},"excerpt":{"rendered":"<p>Plusieurs leaders de l\u2019opposition ont annonc\u00e9 leur candidature pour la pr\u00e9sidentielle qui se tient dans 10 mois et pour laquelle l\u2019opposition et la soci\u00e9t\u00e9 civile exhortent le pr\u00e9sident sortant \u00e0 s\u2019abstenir de toute vell\u00e9it\u00e9 de briguer un 3\u00e8me mandat qu\u2019ils jugent ill\u00e9gitime. De l&rsquo;autre c\u00f4t\u00e9, (la mouvance r\u00e9sidentielle), le pr\u00e9sident sortant n&rsquo;a encore rien dit. Un mutisme qui s\u00e8me le doute au sein de la coalition Benno Bokk Yaakaar. En conclave ce mercredi 26 avril \u00e0 17h sous la pr\u00e9sidence effective de son coordonnateur national, le directeur de l\u2019emploi Pape Modou Fall\u00a0, la conf\u00e9rence des leaders de la coalition R\u00e9publicaine\/Samm Sunu Rew en abr\u00e9g\u00e9e (CR\/2SR) invite toutes les organisations politiques membres de Benno \u00e0 poser le d\u00e9bat lors de la prochaine rencontre de la conf\u00e9rence des leaders afin qu&rsquo;ils puissent \u00eatre \u00e9difier et porter ensemble comme un seul homme la candidature de leur candidat unique. Ainsi, elle a aussi demand\u00e9 au Pr\u00e9sident Macky Sall par souci de coh\u00e9rence politique et d\u2019organisation d\u2019\u00e9difier ses alli\u00e9s sur son \u00e9ventuelle candidature. &nbsp; In extenso, l\u2019int\u00e9gralit\u00e9 de la d\u00e9claration de coalition R\u00e9publicaine\/Samm Sunu Rew en abr\u00e9g\u00e9e (CR\/2SR)\u00a0 La conf\u00e9rence des leaders de la coalition R\u00e9publicaine\/Samm Sunu Rew en abr\u00e9g\u00e9e (CR\/2SR) s\u2019est r\u00e9unie ce Mercredi 26 Avril 2023 \u00e0 17H00 sous la pr\u00e9sidence effective de son coordonnateur national, le directeur de l\u2019emploi Pape Modou Fall afin de statuer sur le candidat \u00e0 la candidature de la coalition de Benno Bokk Yaakaar (BBY). Consid\u00e9rant 1 : une \u00e9lection pr\u00e9sidentielle est le rendez-vous d\u2019un homme avec son peuple, Consid\u00e9rant 2 : une coalition est la somme des forces intrins\u00e8ques qui la compose, pour porter un id\u00e9al, une vision commune pour l\u2019int\u00e9r\u00eat g\u00e9n\u00e9ral. La coalition R\u00e9publicaine, ardent d\u00e9fenseur du second quinquennat du Pr\u00e9sident de la R\u00e9publique et pr\u00e9sident de la coalition Benno Book Yaakaar et de la grande majorit\u00e9 pr\u00e9sidentielle invite toutes les organisations politiques membres de Benno \u00e0 poser le d\u00e9bat lors de la prochaine rencontre de la conf\u00e9rence des leaders afin que nous puissions \u00eatre \u00e9difier et porter ensemble comme un seul homme la candidature de notre candidat unique. Nous demandons aussi au Pr\u00e9sident Macky Sall par souci de coh\u00e9rence politique et d\u2019organisation d\u2019\u00e9difier ses alli\u00e9s sur son \u00e9ventuelle candidature. La conf\u00e9rence des leaders de Benno est selon nous membres de la CR\/2SR l\u2019instance et la tribune id\u00e9ale pour fermer cette fen\u00eatre du ni Oui, ni Non. Sachant qu\u2019en toute d\u00e9mocratie, des crit\u00e8res pour d\u00e9finir le choix du candidat de Benno, conform\u00e9ment aux conclusions du dernier s\u00e9minaire de la coalition, peuvent \u00eatre visit\u00e9s et appliqu\u00e9s. Pour nous, leaders de la coalition samm sunu rew, le meilleur choix demeure et doit \u00eatre le pr\u00e9sident Macky Sall. Il est d\u2019ailleurs notre seul choix, sa vision battue sur le PSE est claire, r\u00e9aliste et r\u00e9alis\u00e9e en grande partie. Juridiquement et moralement la candidature est valable et acceptable. Enfin, la conf\u00e9rence des leaders f\u00e9licite le chef de l\u2019\u00e9tat pour son esprit d\u2019ouverture, sa qu\u00eate perp\u00e9tuelle de recherches de paix et de coh\u00e9sion sociale, son engagement sans faille \u00e0 consolider le dialogue et la concertation. Ainsi, nous invitons les forces vives de la Nation \u00e0 r\u00e9pondre favorablement l\u2019appel au dialogue pour un S\u00e9n\u00e9gal de Tous et un S\u00e9n\u00e9gal pour Tous.<\/p>\n","protected":false},"author":1,"featured_media":20646,"comment_status":"open","ping_status":"open","sticky":false,"template":"","format":"standard","meta":{"_jetpack_memberships_contains_paid_content":false,"footnotes":""},"categories":[375,9,872,3,1],"tags":[479,11,5118,5117],"class_list":["post-20643","post","type-post","status-publish","format-standard","has-post-thumbnail","hentry","category-actualites","category-communique","category-photos","category-politique","category-non-classe","tag-benno","tag-macky-sall","tag-papa-modou-fall","tag-samm-sunu-rew","entry","has-media","owp-thumbs-layout-horizontal","owp-btn-normal","owp-tabs-layout-horizontal","has-no-thumbnails","has-product-nav"],"yoast_head":"<!-- This site is optimized with the Yoast SEO plugin v25.5 - https:\/\/yoast.com\/wordpress\/plugins\/seo\/ -->\n<title>Pr\u00e9sidentielle 2024, la CR\/2SR statue sur le candidat de Benno : &quot;LUY JOT JOTNA, Que Benno lib\u00e8re Macky et Que Macky lib\u00e8re Benno&quot; - LE PUBLIC<\/title>\n<meta name=\"robots\" content=\"index, follow, max-snippet:-1, max-image-preview:large, max-video-preview:-1\" \/>\n<link rel=\"canonical\" href=\"https:\/\/www.public.sn\/index.php\/2023\/04\/28\/presidentielle-2024-la-cr-2sr-statue-sur-le-candidat-de-benno-luy-jot-jotna-que-benno-libere-macky-et-que-macky-libere-benno\/\" \/>\n<meta property=\"og:locale\" content=\"fr_FR\" \/>\n<meta property=\"og:type\" content=\"article\" \/>\n<meta property=\"og:title\" content=\"Pr\u00e9sidentielle 2024, la CR\/2SR statue sur le candidat de Benno : &quot;LUY JOT JOTNA, Que Benno lib\u00e8re Macky et Que Macky lib\u00e8re Benno&quot; - LE PUBLIC\" \/>\n<meta property=\"og:description\" content=\"Plusieurs leaders de l\u2019opposition ont annonc\u00e9 leur candidature pour la pr\u00e9sidentielle qui se tient dans 10 mois et pour laquelle l\u2019opposition et la soci\u00e9t\u00e9 civile exhortent le pr\u00e9sident sortant \u00e0 s\u2019abstenir de toute vell\u00e9it\u00e9 de briguer un 3\u00e8me mandat qu\u2019ils jugent ill\u00e9gitime. De l&rsquo;autre c\u00f4t\u00e9, (la mouvance r\u00e9sidentielle), le pr\u00e9sident sortant n&rsquo;a encore rien dit. Un mutisme qui s\u00e8me le doute au sein de la coalition Benno Bokk Yaakaar. En conclave ce mercredi 26 avril \u00e0 17h sous la pr\u00e9sidence effective de son coordonnateur national, le directeur de l\u2019emploi Pape Modou Fall\u00a0, la conf\u00e9rence des leaders de la coalition R\u00e9publicaine\/Samm Sunu Rew en abr\u00e9g\u00e9e (CR\/2SR) invite toutes les organisations politiques membres de Benno \u00e0 poser le d\u00e9bat lors de la prochaine rencontre de la conf\u00e9rence des leaders afin qu&rsquo;ils puissent \u00eatre \u00e9difier et porter ensemble comme un seul homme la candidature de leur candidat unique. Ainsi, elle a aussi demand\u00e9 au Pr\u00e9sident Macky Sall par souci de coh\u00e9rence politique et d\u2019organisation d\u2019\u00e9difier ses alli\u00e9s sur son \u00e9ventuelle candidature. &nbsp; In extenso, l\u2019int\u00e9gralit\u00e9 de la d\u00e9claration de coalition R\u00e9publicaine\/Samm Sunu Rew en abr\u00e9g\u00e9e (CR\/2SR)\u00a0 La conf\u00e9rence des leaders de la coalition R\u00e9publicaine\/Samm Sunu Rew en abr\u00e9g\u00e9e (CR\/2SR) s\u2019est r\u00e9unie ce Mercredi 26 Avril 2023 \u00e0 17H00 sous la pr\u00e9sidence effective de son coordonnateur national, le directeur de l\u2019emploi Pape Modou Fall afin de statuer sur le candidat \u00e0 la candidature de la coalition de Benno Bokk Yaakaar (BBY). Consid\u00e9rant 1 : une \u00e9lection pr\u00e9sidentielle est le rendez-vous d\u2019un homme avec son peuple, Consid\u00e9rant 2 : une coalition est la somme des forces intrins\u00e8ques qui la compose, pour porter un id\u00e9al, une vision commune pour l\u2019int\u00e9r\u00eat g\u00e9n\u00e9ral. La coalition R\u00e9publicaine, ardent d\u00e9fenseur du second quinquennat du Pr\u00e9sident de la R\u00e9publique et pr\u00e9sident de la coalition Benno Book Yaakaar et de la grande majorit\u00e9 pr\u00e9sidentielle invite toutes les organisations politiques membres de Benno \u00e0 poser le d\u00e9bat lors de la prochaine rencontre de la conf\u00e9rence des leaders afin que nous puissions \u00eatre \u00e9difier et porter ensemble comme un seul homme la candidature de notre candidat unique. Nous demandons aussi au Pr\u00e9sident Macky Sall par souci de coh\u00e9rence politique et d\u2019organisation d\u2019\u00e9difier ses alli\u00e9s sur son \u00e9ventuelle candidature. La conf\u00e9rence des leaders de Benno est selon nous membres de la CR\/2SR l\u2019instance et la tribune id\u00e9ale pour fermer cette fen\u00eatre du ni Oui, ni Non. Sachant qu\u2019en toute d\u00e9mocratie, des crit\u00e8res pour d\u00e9finir le choix du candidat de Benno, conform\u00e9ment aux conclusions du dernier s\u00e9minaire de la coalition, peuvent \u00eatre visit\u00e9s et appliqu\u00e9s. Pour nous, leaders de la coalition samm sunu rew, le meilleur choix demeure et doit \u00eatre le pr\u00e9sident Macky Sall. Il est d\u2019ailleurs notre seul choix, sa vision battue sur le PSE est claire, r\u00e9aliste et r\u00e9alis\u00e9e en grande partie. Juridiquement et moralement la candidature est valable et acceptable. Enfin, la conf\u00e9rence des leaders f\u00e9licite le chef de l\u2019\u00e9tat pour son esprit d\u2019ouverture, sa qu\u00eate perp\u00e9tuelle de recherches de paix et de coh\u00e9sion sociale, son engagement sans faille \u00e0 consolider le dialogue et la concertation. Ainsi, nous invitons les forces vives de la Nation \u00e0 r\u00e9pondre favorablement l\u2019appel au dialogue pour un S\u00e9n\u00e9gal de Tous et un S\u00e9n\u00e9gal pour Tous.\" \/>\n<meta property=\"og:url\" content=\"https:\/\/www.public.sn\/index.php\/2023\/04\/28\/presidentielle-2024-la-cr-2sr-statue-sur-le-candidat-de-benno-luy-jot-jotna-que-benno-libere-macky-et-que-macky-libere-benno\/\" \/>\n<meta property=\"og:site_name\" content=\"LE PUBLIC\" \/>\n<meta property=\"article:published_time\" content=\"2023-04-28T18:10:16+00:00\" \/>\n<meta property=\"og:image\" content=\"https:\/\/www.public.sn\/wp-content\/uploads\/2023\/04\/WhatsApp-Image-2023-04-28-at-16.46.50.jpeg\" \/>\n\t<meta property=\"og:image:width\" content=\"1080\" \/>\n\t<meta property=\"og:image:height\" content=\"720\" \/>\n\t<meta property=\"og:image:type\" content=\"image\/jpeg\" \/>\n<meta name=\"author\" content=\"LA REDACTION\" \/>\n<meta name=\"twitter:card\" content=\"summary_large_image\" \/>\n<meta name=\"twitter:label1\" content=\"\u00c9crit par\" \/>\n\t<meta name=\"twitter:data1\" content=\"LA REDACTION\" \/>\n\t<meta name=\"twitter:label2\" content=\"Dur\u00e9e de lecture estim\u00e9e\" \/>\n\t<meta name=\"twitter:data2\" content=\"5 minutes\" \/>\n<script type=\"application\/ld+json\" class=\"yoast-schema-graph\">{\"@context\":\"https:\/\/schema.org\",\"@graph\":[{\"@type\":\"Article\",\"@id\":\"https:\/\/www.public.sn\/index.php\/2023\/04\/28\/presidentielle-2024-la-cr-2sr-statue-sur-le-candidat-de-benno-luy-jot-jotna-que-benno-libere-macky-et-que-macky-libere-benno\/#article\",\"isPartOf\":{\"@id\":\"https:\/\/www.public.sn\/index.php\/2023\/04\/28\/presidentielle-2024-la-cr-2sr-statue-sur-le-candidat-de-benno-luy-jot-jotna-que-benno-libere-macky-et-que-macky-libere-benno\/\"},\"author\":{\"name\":\"LA REDACTION\",\"@id\":\"https:\/\/www.public.sn\/#\/schema\/person\/e3f4a11b037d4203902db148f9bc8d5a\"},\"headline\":\"Pr\u00e9sidentielle 2024, la CR\/2SR statue sur le candidat de Benno : \u00ab\u00a0LUY JOT JOTNA, Que Benno lib\u00e8re Macky et Que Macky lib\u00e8re Benno\u00a0\u00bb\",\"datePublished\":\"2023-04-28T18:10:16+00:00\",\"mainEntityOfPage\":{\"@id\":\"https:\/\/www.public.sn\/index.php\/2023\/04\/28\/presidentielle-2024-la-cr-2sr-statue-sur-le-candidat-de-benno-luy-jot-jotna-que-benno-libere-macky-et-que-macky-libere-benno\/\"},\"wordCount\":639,\"commentCount\":0,\"publisher\":{\"@id\":\"https:\/\/www.public.sn\/#organization\"},\"image\":{\"@id\":\"https:\/\/www.public.sn\/index.php\/2023\/04\/28\/presidentielle-2024-la-cr-2sr-statue-sur-le-candidat-de-benno-luy-jot-jotna-que-benno-libere-macky-et-que-macky-libere-benno\/#primaryimage\"},\"thumbnailUrl\":\"https:\/\/www.public.sn\/wp-content\/uploads\/2023\/04\/WhatsApp-Image-2023-04-28-at-16.46.50.jpeg\",\"keywords\":[\"Benno\",\"Macky Sall\",\"Papa Modou Fall\",\"samm sunu rew\"],\"articleSection\":[\"ACTUALIT\u00c9S\",\"COMMUNIQU\u00c9\",\"PHOTOS\",\"POLITIQUE\",\"S\u00c9N\u00c9GAL\"],\"inLanguage\":\"fr-FR\",\"potentialAction\":[{\"@type\":\"CommentAction\",\"name\":\"Comment\",\"target\":[\"https:\/\/www.public.sn\/index.php\/2023\/04\/28\/presidentielle-2024-la-cr-2sr-statue-sur-le-candidat-de-benno-luy-jot-jotna-que-benno-libere-macky-et-que-macky-libere-benno\/#respond\"]}]},{\"@type\":\"WebPage\",\"@id\":\"https:\/\/www.public.sn\/index.php\/2023\/04\/28\/presidentielle-2024-la-cr-2sr-statue-sur-le-candidat-de-benno-luy-jot-jotna-que-benno-libere-macky-et-que-macky-libere-benno\/\",\"url\":\"https:\/\/www.public.sn\/index.php\/2023\/04\/28\/presidentielle-2024-la-cr-2sr-statue-sur-le-candidat-de-benno-luy-jot-jotna-que-benno-libere-macky-et-que-macky-libere-benno\/\",\"name\":\"Pr\u00e9sidentielle 2024, la CR\/2SR statue sur le candidat de Benno : \\\"LUY JOT JOTNA, Que Benno lib\u00e8re Macky et Que Macky lib\u00e8re Benno\\\" - LE PUBLIC\",\"isPartOf\":{\"@id\":\"https:\/\/www.public.sn\/#website\"},\"primaryImageOfPage\":{\"@id\":\"https:\/\/www.public.sn\/index.php\/2023\/04\/28\/presidentielle-2024-la-cr-2sr-statue-sur-le-candidat-de-benno-luy-jot-jotna-que-benno-libere-macky-et-que-macky-libere-benno\/#primaryimage\"},\"image\":{\"@id\":\"https:\/\/www.public.sn\/index.php\/2023\/04\/28\/presidentielle-2024-la-cr-2sr-statue-sur-le-candidat-de-benno-luy-jot-jotna-que-benno-libere-macky-et-que-macky-libere-benno\/#primaryimage\"},\"thumbnailUrl\":\"https:\/\/www.public.sn\/wp-content\/uploads\/2023\/04\/WhatsApp-Image-2023-04-28-at-16.46.50.jpeg\",\"datePublished\":\"2023-04-28T18:10:16+00:00\",\"breadcrumb\":{\"@id\":\"https:\/\/www.public.sn\/index.php\/2023\/04\/28\/presidentielle-2024-la-cr-2sr-statue-sur-le-candidat-de-benno-luy-jot-jotna-que-benno-libere-macky-et-que-macky-libere-benno\/#breadcrumb\"},\"inLanguage\":\"fr-FR\",\"potentialAction\":[{\"@type\":\"ReadAction\",\"target\":[\"https:\/\/www.public.sn\/index.php\/2023\/04\/28\/presidentielle-2024-la-cr-2sr-statue-sur-le-candidat-de-benno-luy-jot-jotna-que-benno-libere-macky-et-que-macky-libere-benno\/\"]}]},{\"@type\":\"ImageObject\",\"inLanguage\":\"fr-FR\",\"@id\":\"https:\/\/www.public.sn\/index.php\/2023\/04\/28\/presidentielle-2024-la-cr-2sr-statue-sur-le-candidat-de-benno-luy-jot-jotna-que-benno-libere-macky-et-que-macky-libere-benno\/#primaryimage\",\"url\":\"https:\/\/www.public.sn\/wp-content\/uploads\/2023\/04\/WhatsApp-Image-2023-04-28-at-16.46.50.jpeg\",\"contentUrl\":\"https:\/\/www.public.sn\/wp-content\/uploads\/2023\/04\/WhatsApp-Image-2023-04-28-at-16.46.50.jpeg\",\"width\":1080,\"height\":720},{\"@type\":\"BreadcrumbList\",\"@id\":\"https:\/\/www.public.sn\/index.php\/2023\/04\/28\/presidentielle-2024-la-cr-2sr-statue-sur-le-candidat-de-benno-luy-jot-jotna-que-benno-libere-macky-et-que-macky-libere-benno\/#breadcrumb\",\"itemListElement\":[{\"@type\":\"ListItem\",\"position\":1,\"name\":\"Accueil\",\"item\":\"https:\/\/www.public.sn\/\"},{\"@type\":\"ListItem\",\"position\":2,\"name\":\"Pr\u00e9sidentielle 2024, la CR\/2SR statue sur le candidat de Benno : \u00ab\u00a0LUY JOT JOTNA, Que Benno lib\u00e8re Macky et Que Macky lib\u00e8re Benno\u00a0\u00bb\"}]},{\"@type\":\"WebSite\",\"@id\":\"https:\/\/www.public.sn\/#website\",\"url\":\"https:\/\/www.public.sn\/\",\"name\":\"LE PUBLIC\",\"description\":\"\",\"publisher\":{\"@id\":\"https:\/\/www.public.sn\/#organization\"},\"potentialAction\":[{\"@type\":\"SearchAction\",\"target\":{\"@type\":\"EntryPoint\",\"urlTemplate\":\"https:\/\/www.public.sn\/?s={search_term_string}\"},\"query-input\":{\"@type\":\"PropertyValueSpecification\",\"valueRequired\":true,\"valueName\":\"search_term_string\"}}],\"inLanguage\":\"fr-FR\"},{\"@type\":\"Organization\",\"@id\":\"https:\/\/www.public.sn\/#organization\",\"name\":\"LE PUBLIC\",\"url\":\"https:\/\/www.public.sn\/\",\"logo\":{\"@type\":\"ImageObject\",\"inLanguage\":\"fr-FR\",\"@id\":\"https:\/\/www.public.sn\/#\/schema\/logo\/image\/\",\"url\":\"https:\/\/www.public.sn\/wp-content\/uploads\/2024\/05\/cropped-LOGO-PUBLIC.SN_.png\",\"contentUrl\":\"https:\/\/www.public.sn\/wp-content\/uploads\/2024\/05\/cropped-LOGO-PUBLIC.SN_.png\",\"width\":682,\"height\":192,\"caption\":\"LE PUBLIC\"},\"image\":{\"@id\":\"https:\/\/www.public.sn\/#\/schema\/logo\/image\/\"}},{\"@type\":\"Person\",\"@id\":\"https:\/\/www.public.sn\/#\/schema\/person\/e3f4a11b037d4203902db148f9bc8d5a\",\"name\":\"LA REDACTION\",\"image\":{\"@type\":\"ImageObject\",\"inLanguage\":\"fr-FR\",\"@id\":\"https:\/\/www.public.sn\/#\/schema\/person\/image\/\",\"url\":\"https:\/\/secure.gravatar.com\/avatar\/d6c030db45db2883c075085c5d6c6258654a801a93766b49af0b82d4f454e2a5?s=96&d=mm&r=g\",\"contentUrl\":\"https:\/\/secure.gravatar.com\/avatar\/d6c030db45db2883c075085c5d6c6258654a801a93766b49af0b82d4f454e2a5?s=96&d=mm&r=g\",\"caption\":\"LA REDACTION\"},\"sameAs\":[\"http:\/\/www.public.sn\"],\"url\":\"https:\/\/www.public.sn\/index.php\/author\/admin7324\/\"}]}<\/script>\n<!-- \/ Yoast SEO plugin. -->","yoast_head_json":{"title":"Pr\u00e9sidentielle 2024, la CR\/2SR statue sur le candidat de Benno : \"LUY JOT JOTNA, Que Benno lib\u00e8re Macky et Que Macky lib\u00e8re Benno\" - LE PUBLIC","robots":{"index":"index","follow":"follow","max-snippet":"max-snippet:-1","max-image-preview":"max-image-preview:large","max-video-preview":"max-video-preview:-1"},"canonical":"https:\/\/www.public.sn\/index.php\/2023\/04\/28\/presidentielle-2024-la-cr-2sr-statue-sur-le-candidat-de-benno-luy-jot-jotna-que-benno-libere-macky-et-que-macky-libere-benno\/","og_locale":"fr_FR","og_type":"article","og_title":"Pr\u00e9sidentielle 2024, la CR\/2SR statue sur le candidat de Benno : \"LUY JOT JOTNA, Que Benno lib\u00e8re Macky et Que Macky lib\u00e8re Benno\" - LE PUBLIC","og_description":"Plusieurs leaders de l\u2019opposition ont annonc\u00e9 leur candidature pour la pr\u00e9sidentielle qui se tient dans 10 mois et pour laquelle l\u2019opposition et la soci\u00e9t\u00e9 civile exhortent le pr\u00e9sident sortant \u00e0 s\u2019abstenir de toute vell\u00e9it\u00e9 de briguer un 3\u00e8me mandat qu\u2019ils jugent ill\u00e9gitime. De l&rsquo;autre c\u00f4t\u00e9, (la mouvance r\u00e9sidentielle), le pr\u00e9sident sortant n&rsquo;a encore rien dit. Un mutisme qui s\u00e8me le doute au sein de la coalition Benno Bokk Yaakaar. En conclave ce mercredi 26 avril \u00e0 17h sous la pr\u00e9sidence effective de son coordonnateur national, le directeur de l\u2019emploi Pape Modou Fall\u00a0, la conf\u00e9rence des leaders de la coalition R\u00e9publicaine\/Samm Sunu Rew en abr\u00e9g\u00e9e (CR\/2SR) invite toutes les organisations politiques membres de Benno \u00e0 poser le d\u00e9bat lors de la prochaine rencontre de la conf\u00e9rence des leaders afin qu&rsquo;ils puissent \u00eatre \u00e9difier et porter ensemble comme un seul homme la candidature de leur candidat unique. Ainsi, elle a aussi demand\u00e9 au Pr\u00e9sident Macky Sall par souci de coh\u00e9rence politique et d\u2019organisation d\u2019\u00e9difier ses alli\u00e9s sur son \u00e9ventuelle candidature. &nbsp; In extenso, l\u2019int\u00e9gralit\u00e9 de la d\u00e9claration de coalition R\u00e9publicaine\/Samm Sunu Rew en abr\u00e9g\u00e9e (CR\/2SR)\u00a0 La conf\u00e9rence des leaders de la coalition R\u00e9publicaine\/Samm Sunu Rew en abr\u00e9g\u00e9e (CR\/2SR) s\u2019est r\u00e9unie ce Mercredi 26 Avril 2023 \u00e0 17H00 sous la pr\u00e9sidence effective de son coordonnateur national, le directeur de l\u2019emploi Pape Modou Fall afin de statuer sur le candidat \u00e0 la candidature de la coalition de Benno Bokk Yaakaar (BBY). Consid\u00e9rant 1 : une \u00e9lection pr\u00e9sidentielle est le rendez-vous d\u2019un homme avec son peuple, Consid\u00e9rant 2 : une coalition est la somme des forces intrins\u00e8ques qui la compose, pour porter un id\u00e9al, une vision commune pour l\u2019int\u00e9r\u00eat g\u00e9n\u00e9ral. La coalition R\u00e9publicaine, ardent d\u00e9fenseur du second quinquennat du Pr\u00e9sident de la R\u00e9publique et pr\u00e9sident de la coalition Benno Book Yaakaar et de la grande majorit\u00e9 pr\u00e9sidentielle invite toutes les organisations politiques membres de Benno \u00e0 poser le d\u00e9bat lors de la prochaine rencontre de la conf\u00e9rence des leaders afin que nous puissions \u00eatre \u00e9difier et porter ensemble comme un seul homme la candidature de notre candidat unique. Nous demandons aussi au Pr\u00e9sident Macky Sall par souci de coh\u00e9rence politique et d\u2019organisation d\u2019\u00e9difier ses alli\u00e9s sur son \u00e9ventuelle candidature. La conf\u00e9rence des leaders de Benno est selon nous membres de la CR\/2SR l\u2019instance et la tribune id\u00e9ale pour fermer cette fen\u00eatre du ni Oui, ni Non. Sachant qu\u2019en toute d\u00e9mocratie, des crit\u00e8res pour d\u00e9finir le choix du candidat de Benno, conform\u00e9ment aux conclusions du dernier s\u00e9minaire de la coalition, peuvent \u00eatre visit\u00e9s et appliqu\u00e9s. Pour nous, leaders de la coalition samm sunu rew, le meilleur choix demeure et doit \u00eatre le pr\u00e9sident Macky Sall. Il est d\u2019ailleurs notre seul choix, sa vision battue sur le PSE est claire, r\u00e9aliste et r\u00e9alis\u00e9e en grande partie. Juridiquement et moralement la candidature est valable et acceptable. Enfin, la conf\u00e9rence des leaders f\u00e9licite le chef de l\u2019\u00e9tat pour son esprit d\u2019ouverture, sa qu\u00eate perp\u00e9tuelle de recherches de paix et de coh\u00e9sion sociale, son engagement sans faille \u00e0 consolider le dialogue et la concertation. Ainsi, nous invitons les forces vives de la Nation \u00e0 r\u00e9pondre favorablement l\u2019appel au dialogue pour un S\u00e9n\u00e9gal de Tous et un S\u00e9n\u00e9gal pour Tous.","og_url":"https:\/\/www.public.sn\/index.php\/2023\/04\/28\/presidentielle-2024-la-cr-2sr-statue-sur-le-candidat-de-benno-luy-jot-jotna-que-benno-libere-macky-et-que-macky-libere-benno\/","og_site_name":"LE PUBLIC","article_published_time":"2023-04-28T18:10:16+00:00","og_image":[{"width":1080,"height":720,"url":"https:\/\/www.public.sn\/wp-content\/uploads\/2023\/04\/WhatsApp-Image-2023-04-28-at-16.46.50.jpeg","type":"image\/jpeg"}],"author":"LA REDACTION","twitter_card":"summary_large_image","twitter_misc":{"\u00c9crit par":"LA REDACTION","Dur\u00e9e de lecture estim\u00e9e":"5 minutes"},"schema":{"@context":"https:\/\/schema.org","@graph":[{"@type":"Article","@id":"https:\/\/www.public.sn\/index.php\/2023\/04\/28\/presidentielle-2024-la-cr-2sr-statue-sur-le-candidat-de-benno-luy-jot-jotna-que-benno-libere-macky-et-que-macky-libere-benno\/#article","isPartOf":{"@id":"https:\/\/www.public.sn\/index.php\/2023\/04\/28\/presidentielle-2024-la-cr-2sr-statue-sur-le-candidat-de-benno-luy-jot-jotna-que-benno-libere-macky-et-que-macky-libere-benno\/"},"author":{"name":"LA REDACTION","@id":"https:\/\/www.public.sn\/#\/schema\/person\/e3f4a11b037d4203902db148f9bc8d5a"},"headline":"Pr\u00e9sidentielle 2024, la CR\/2SR statue sur le candidat de Benno : \u00ab\u00a0LUY JOT JOTNA, Que Benno lib\u00e8re Macky et Que Macky lib\u00e8re Benno\u00a0\u00bb","datePublished":"2023-04-28T18:10:16+00:00","mainEntityOfPage":{"@id":"https:\/\/www.public.sn\/index.php\/2023\/04\/28\/presidentielle-2024-la-cr-2sr-statue-sur-le-candidat-de-benno-luy-jot-jotna-que-benno-libere-macky-et-que-macky-libere-benno\/"},"wordCount":639,"commentCount":0,"publisher":{"@id":"https:\/\/www.public.sn\/#organization"},"image":{"@id":"https:\/\/www.public.sn\/index.php\/2023\/04\/28\/presidentielle-2024-la-cr-2sr-statue-sur-le-candidat-de-benno-luy-jot-jotna-que-benno-libere-macky-et-que-macky-libere-benno\/#primaryimage"},"thumbnailUrl":"https:\/\/www.public.sn\/wp-content\/uploads\/2023\/04\/WhatsApp-Image-2023-04-28-at-16.46.50.jpeg","keywords":["Benno","Macky Sall","Papa Modou Fall","samm sunu rew"],"articleSection":["ACTUALIT\u00c9S","COMMUNIQU\u00c9","PHOTOS","POLITIQUE","S\u00c9N\u00c9GAL"],"inLanguage":"fr-FR","potentialAction":[{"@type":"CommentAction","name":"Comment","target":["https:\/\/www.public.sn\/index.php\/2023\/04\/28\/presidentielle-2024-la-cr-2sr-statue-sur-le-candidat-de-benno-luy-jot-jotna-que-benno-libere-macky-et-que-macky-libere-benno\/#respond"]}]},{"@type":"WebPage","@id":"https:\/\/www.public.sn\/index.php\/2023\/04\/28\/presidentielle-2024-la-cr-2sr-statue-sur-le-candidat-de-benno-luy-jot-jotna-que-benno-libere-macky-et-que-macky-libere-benno\/","url":"https:\/\/www.public.sn\/index.php\/2023\/04\/28\/presidentielle-2024-la-cr-2sr-statue-sur-le-candidat-de-benno-luy-jot-jotna-que-benno-libere-macky-et-que-macky-libere-benno\/","name":"Pr\u00e9sidentielle 2024, la CR\/2SR statue sur le candidat de Benno : \"LUY JOT JOTNA, Que Benno lib\u00e8re Macky et Que Macky lib\u00e8re Benno\" - LE PUBLIC","isPartOf":{"@id":"https:\/\/www.public.sn\/#website"},"primaryImageOfPage":{"@id":"https:\/\/www.public.sn\/index.php\/2023\/04\/28\/presidentielle-2024-la-cr-2sr-statue-sur-le-candidat-de-benno-luy-jot-jotna-que-benno-libere-macky-et-que-macky-libere-benno\/#primaryimage"},"image":{"@id":"https:\/\/www.public.sn\/index.php\/2023\/04\/28\/presidentielle-2024-la-cr-2sr-statue-sur-le-candidat-de-benno-luy-jot-jotna-que-benno-libere-macky-et-que-macky-libere-benno\/#primaryimage"},"thumbnailUrl":"https:\/\/www.public.sn\/wp-content\/uploads\/2023\/04\/WhatsApp-Image-2023-04-28-at-16.46.50.jpeg","datePublished":"2023-04-28T18:10:16+00:00","breadcrumb":{"@id":"https:\/\/www.public.sn\/index.php\/2023\/04\/28\/presidentielle-2024-la-cr-2sr-statue-sur-le-candidat-de-benno-luy-jot-jotna-que-benno-libere-macky-et-que-macky-libere-benno\/#breadcrumb"},"inLanguage":"fr-FR","potentialAction":[{"@type":"ReadAction","target":["https:\/\/www.public.sn\/index.php\/2023\/04\/28\/presidentielle-2024-la-cr-2sr-statue-sur-le-candidat-de-benno-luy-jot-jotna-que-benno-libere-macky-et-que-macky-libere-benno\/"]}]},{"@type":"ImageObject","inLanguage":"fr-FR","@id":"https:\/\/www.public.sn\/index.php\/2023\/04\/28\/presidentielle-2024-la-cr-2sr-statue-sur-le-candidat-de-benno-luy-jot-jotna-que-benno-libere-macky-et-que-macky-libere-benno\/#primaryimage","url":"https:\/\/www.public.sn\/wp-content\/uploads\/2023\/04\/WhatsApp-Image-2023-04-28-at-16.46.50.jpeg","contentUrl":"https:\/\/www.public.sn\/wp-content\/uploads\/2023\/04\/WhatsApp-Image-2023-04-28-at-16.46.50.jpeg","width":1080,"height":720},{"@type":"BreadcrumbList","@id":"https:\/\/www.public.sn\/index.php\/2023\/04\/28\/presidentielle-2024-la-cr-2sr-statue-sur-le-candidat-de-benno-luy-jot-jotna-que-benno-libere-macky-et-que-macky-libere-benno\/#breadcrumb","itemListElement":[{"@type":"ListItem","position":1,"name":"Accueil","item":"https:\/\/www.public.sn\/"},{"@type":"ListItem","position":2,"name":"Pr\u00e9sidentielle 2024, la CR\/2SR statue sur le candidat de Benno : \u00ab\u00a0LUY JOT JOTNA, Que Benno lib\u00e8re Macky et Que Macky lib\u00e8re Benno\u00a0\u00bb"}]},{"@type":"WebSite","@id":"https:\/\/www.public.sn\/#website","url":"https:\/\/www.public.sn\/","name":"LE PUBLIC","description":"","publisher":{"@id":"https:\/\/www.public.sn\/#organization"},"potentialAction":[{"@type":"SearchAction","target":{"@type":"EntryPoint","urlTemplate":"https:\/\/www.public.sn\/?s={search_term_string}"},"query-input":{"@type":"PropertyValueSpecification","valueRequired":true,"valueName":"search_term_string"}}],"inLanguage":"fr-FR"},{"@type":"Organization","@id":"https:\/\/www.public.sn\/#organization","name":"LE PUBLIC","url":"https:\/\/www.public.sn\/","logo":{"@type":"ImageObject","inLanguage":"fr-FR","@id":"https:\/\/www.public.sn\/#\/schema\/logo\/image\/","url":"https:\/\/www.public.sn\/wp-content\/uploads\/2024\/05\/cropped-LOGO-PUBLIC.SN_.png","contentUrl":"https:\/\/www.public.sn\/wp-content\/uploads\/2024\/05\/cropped-LOGO-PUBLIC.SN_.png","width":682,"height":192,"caption":"LE PUBLIC"},"image":{"@id":"https:\/\/www.public.sn\/#\/schema\/logo\/image\/"}},{"@type":"Person","@id":"https:\/\/www.public.sn\/#\/schema\/person\/e3f4a11b037d4203902db148f9bc8d5a","name":"LA REDACTION","image":{"@type":"ImageObject","inLanguage":"fr-FR","@id":"https:\/\/www.public.sn\/#\/schema\/person\/image\/","url":"https:\/\/secure.gravatar.com\/avatar\/d6c030db45db2883c075085c5d6c6258654a801a93766b49af0b82d4f454e2a5?s=96&d=mm&r=g","contentUrl":"https:\/\/secure.gravatar.com\/avatar\/d6c030db45db2883c075085c5d6c6258654a801a93766b49af0b82d4f454e2a5?s=96&d=mm&r=g","caption":"LA REDACTION"},"sameAs":["http:\/\/www.public.sn"],"url":"https:\/\/www.public.sn\/index.php\/author\/admin7324\/"}]}},"jetpack_featured_media_url":"https:\/\/www.public.sn\/wp-content\/uploads\/2023\/04\/WhatsApp-Image-2023-04-28-at-16.46.50.jpeg","jetpack_sharing_enabled":true,"_links":{"self":[{"href":"https:\/\/www.public.sn\/index.php\/wp-json\/wp\/v2\/posts\/20643","targetHints":{"allow":["GET"]}}],"collection":[{"href":"https:\/\/www.public.sn\/index.php\/wp-json\/wp\/v2\/posts"}],"about":[{"href":"https:\/\/www.public.sn\/index.php\/wp-json\/wp\/v2\/types\/post"}],"author":[{"embeddable":true,"href":"https:\/\/www.public.sn\/index.php\/wp-json\/wp\/v2\/users\/1"}],"replies":[{"embeddable":true,"href":"https:\/\/www.public.sn\/index.php\/wp-json\/wp\/v2\/comments?post=20643"}],"version-history":[{"count":1,"href":"https:\/\/www.public.sn\/index.php\/wp-json\/wp\/v2\/posts\/20643\/revisions"}],"predecessor-version":[{"id":20658,"href":"https:\/\/www.public.sn\/index.php\/wp-json\/wp\/v2\/posts\/20643\/revisions\/20658"}],"wp:featuredmedia":[{"embeddable":true,"href":"https:\/\/www.public.sn\/index.php\/wp-json\/wp\/v2\/media\/20646"}],"wp:attachment":[{"href":"https:\/\/www.public.sn\/index.php\/wp-json\/wp\/v2\/media?parent=20643"}],"wp:term":[{"taxonomy":"category","embeddable":true,"href":"https:\/\/www.public.sn\/index.php\/wp-json\/wp\/v2\/categories?post=20643"},{"taxonomy":"post_tag","embeddable":true,"href":"https:\/\/www.public.sn\/index.php\/wp-json\/wp\/v2\/tags?post=20643"}],"curies":[{"name":"wp","href":"https:\/\/api.w.org\/{rel}","templated":true}]}}