{"id":2083,"date":"2022-09-16T17:58:33","date_gmt":"2022-09-16T17:58:33","guid":{"rendered":"https:\/\/www.public.sn\/?p=2083"},"modified":"2022-09-16T17:58:35","modified_gmt":"2022-09-16T17:58:35","slug":"le-chef-detat-macky-sall-sadresse-a-la-nation-a-20h","status":"publish","type":"post","link":"https:\/\/www.public.sn\/index.php\/2022\/09\/16\/le-chef-detat-macky-sall-sadresse-a-la-nation-a-20h\/","title":{"rendered":"Le Chef d\u2019\u00c9tat Macky Sall s\u2019adresse \u00e0 la Nation \u00e0 20H."},"content":{"rendered":"\n<p>Le Pr\u00e9sident de la R\u00e9publique va s\u2019exprimer ce vendredi \u00e0 20 heures, nous renseigne nos sources. Apr\u00e8s l\u2019installation du Bureau de l\u2019Assembl\u00e9e nationale, le chef de l\u2019\u00c9tat va \u00e9voquer les grandes urgences de l\u2019heure. Le remaniement minist\u00e9riel est \u00e9galement imminent, nous informe-t-on. En attente d&rsquo;ici \u00e0 3 heures.<\/p><div class=\"publi-paragraphe1\" style=\"margin-top: 10px;margin-bottom: 10px;margin-left: auto;margin-right: auto;text-align: center;\" id=\"publi-3887224701\"><div class=\"publi-adlabel\">Publicit\u00e9<\/div><script async src=\"\/\/pagead2.googlesyndication.com\/pagead\/js\/adsbygoogle.js?client=ca-pub-4089586018074219\" crossorigin=\"anonymous\"><\/script><ins class=\"adsbygoogle\" style=\"display:block;\" data-ad-client=\"ca-pub-4089586018074219\" \ndata-ad-slot=\"2087940154\" \ndata-ad-format=\"auto\"><\/ins>\n<script> \n(adsbygoogle = window.adsbygoogle || []).push({}); \n<\/script>\n<\/div>\n<div class=\"publi-apres-le-contenu\" style=\"margin-top: 10px;margin-bottom: 10px;margin-left: auto;margin-right: auto;text-align: center;\" id=\"publi-684172259\"><div class=\"publi-adlabel\">Publicit\u00e9<\/div><script async src=\"\/\/pagead2.googlesyndication.com\/pagead\/js\/adsbygoogle.js?client=ca-pub-4089586018074219\" crossorigin=\"anonymous\"><\/script><ins class=\"adsbygoogle\" style=\"display:block;\" data-ad-client=\"ca-pub-4089586018074219\" \ndata-ad-slot=\"2087940154\" \ndata-ad-format=\"auto\"><\/ins>\n<script> \n(adsbygoogle = window.adsbygoogle || []).push({}); \n<\/script>\n<\/div>","protected":false},"excerpt":{"rendered":"<p>Le Pr\u00e9sident de la R\u00e9publique va s\u2019exprimer ce vendredi \u00e0 20 heures, nous renseigne nos sources. Apr\u00e8s l\u2019installation du Bureau de l\u2019Assembl\u00e9e nationale, le chef de l\u2019\u00c9tat va \u00e9voquer les grandes urgences de l\u2019heure. Le remaniement minist\u00e9riel est \u00e9galement imminent, nous informe-t-on. En attente d&rsquo;ici \u00e0 3 heures.<\/p>\n","protected":false},"author":1,"featured_media":2084,"comment_status":"open","ping_status":"open","sticky":false,"template":"","format":"standard","meta":{"_jetpack_memberships_contains_paid_content":false,"footnotes":""},"categories":[375,3,372],"tags":[11,798,14],"class_list":["post-2083","post","type-post","status-publish","format-standard","has-post-thumbnail","hentry","category-actualites","category-politique","category-vedette","tag-macky-sall","tag-nation","tag-nouveau-gouvernement","entry","has-media","owp-thumbs-layout-horizontal","owp-btn-normal","owp-tabs-layout-horizontal","has-no-thumbnails","has-product-nav"],"yoast_head":"<!-- This site is optimized with the Yoast SEO plugin v25.5 - https:\/\/yoast.com\/wordpress\/plugins\/seo\/ -->\n<title>Le Chef d\u2019\u00c9tat Macky Sall s\u2019adresse \u00e0 la Nation \u00e0 20H. - LE PUBLIC<\/title>\n<meta name=\"robots\" content=\"index, follow, max-snippet:-1, max-image-preview:large, max-video-preview:-1\" \/>\n<link rel=\"canonical\" href=\"https:\/\/www.public.sn\/index.php\/2022\/09\/16\/le-chef-detat-macky-sall-sadresse-a-la-nation-a-20h\/\" \/>\n<meta property=\"og:locale\" content=\"fr_FR\" \/>\n<meta property=\"og:type\" content=\"article\" \/>\n<meta property=\"og:title\" content=\"Le Chef d\u2019\u00c9tat Macky Sall s\u2019adresse \u00e0 la Nation \u00e0 20H. - LE PUBLIC\" \/>\n<meta property=\"og:description\" content=\"Le Pr\u00e9sident de la R\u00e9publique va s\u2019exprimer ce vendredi \u00e0 20 heures, nous renseigne nos sources. Apr\u00e8s l\u2019installation du Bureau de l\u2019Assembl\u00e9e nationale, le chef de l\u2019\u00c9tat va \u00e9voquer les grandes urgences de l\u2019heure. Le remaniement minist\u00e9riel est \u00e9galement imminent, nous informe-t-on. En attente d&rsquo;ici \u00e0 3 heures.\" \/>\n<meta property=\"og:url\" content=\"https:\/\/www.public.sn\/index.php\/2022\/09\/16\/le-chef-detat-macky-sall-sadresse-a-la-nation-a-20h\/\" \/>\n<meta property=\"og:site_name\" content=\"LE PUBLIC\" \/>\n<meta property=\"article:published_time\" content=\"2022-09-16T17:58:33+00:00\" \/>\n<meta property=\"article:modified_time\" content=\"2022-09-16T17:58:35+00:00\" \/>\n<meta property=\"og:image\" content=\"https:\/\/www.public.sn\/wp-content\/uploads\/2022\/09\/42FD7947-B881-4FA3-9C06-4C3832F57D98.jpeg\" \/>\n\t<meta property=\"og:image:width\" content=\"1000\" \/>\n\t<meta property=\"og:image:height\" content=\"620\" \/>\n\t<meta property=\"og:image:type\" content=\"image\/jpeg\" \/>\n<meta name=\"author\" content=\"LA REDACTION\" \/>\n<meta name=\"twitter:card\" content=\"summary_large_image\" \/>\n<meta name=\"twitter:label1\" content=\"\u00c9crit par\" \/>\n\t<meta name=\"twitter:data1\" content=\"LA REDACTION\" \/>\n\t<meta name=\"twitter:label2\" content=\"Dur\u00e9e de lecture estim\u00e9e\" \/>\n\t<meta name=\"twitter:data2\" content=\"1 minute\" \/>\n<script type=\"application\/ld+json\" class=\"yoast-schema-graph\">{\"@context\":\"https:\/\/schema.org\",\"@graph\":[{\"@type\":\"Article\",\"@id\":\"https:\/\/www.public.sn\/index.php\/2022\/09\/16\/le-chef-detat-macky-sall-sadresse-a-la-nation-a-20h\/#article\",\"isPartOf\":{\"@id\":\"https:\/\/www.public.sn\/index.php\/2022\/09\/16\/le-chef-detat-macky-sall-sadresse-a-la-nation-a-20h\/\"},\"author\":{\"name\":\"LA REDACTION\",\"@id\":\"https:\/\/www.public.sn\/#\/schema\/person\/e3f4a11b037d4203902db148f9bc8d5a\"},\"headline\":\"Le Chef d\u2019\u00c9tat Macky Sall s\u2019adresse \u00e0 la Nation \u00e0 20H.\",\"datePublished\":\"2022-09-16T17:58:33+00:00\",\"dateModified\":\"2022-09-16T17:58:35+00:00\",\"mainEntityOfPage\":{\"@id\":\"https:\/\/www.public.sn\/index.php\/2022\/09\/16\/le-chef-detat-macky-sall-sadresse-a-la-nation-a-20h\/\"},\"wordCount\":65,\"commentCount\":0,\"publisher\":{\"@id\":\"https:\/\/www.public.sn\/#organization\"},\"image\":{\"@id\":\"https:\/\/www.public.sn\/index.php\/2022\/09\/16\/le-chef-detat-macky-sall-sadresse-a-la-nation-a-20h\/#primaryimage\"},\"thumbnailUrl\":\"https:\/\/www.public.sn\/wp-content\/uploads\/2022\/09\/42FD7947-B881-4FA3-9C06-4C3832F57D98.jpeg\",\"keywords\":[\"Macky Sall\",\"Nation\",\"Nouveau Gouvernement\"],\"articleSection\":[\"ACTUALIT\u00c9S\",\"POLITIQUE\",\"VEDETTE\"],\"inLanguage\":\"fr-FR\",\"potentialAction\":[{\"@type\":\"CommentAction\",\"name\":\"Comment\",\"target\":[\"https:\/\/www.public.sn\/index.php\/2022\/09\/16\/le-chef-detat-macky-sall-sadresse-a-la-nation-a-20h\/#respond\"]}]},{\"@type\":\"WebPage\",\"@id\":\"https:\/\/www.public.sn\/index.php\/2022\/09\/16\/le-chef-detat-macky-sall-sadresse-a-la-nation-a-20h\/\",\"url\":\"https:\/\/www.public.sn\/index.php\/2022\/09\/16\/le-chef-detat-macky-sall-sadresse-a-la-nation-a-20h\/\",\"name\":\"Le Chef d\u2019\u00c9tat Macky Sall s\u2019adresse \u00e0 la Nation \u00e0 20H. - LE PUBLIC\",\"isPartOf\":{\"@id\":\"https:\/\/www.public.sn\/#website\"},\"primaryImageOfPage\":{\"@id\":\"https:\/\/www.public.sn\/index.php\/2022\/09\/16\/le-chef-detat-macky-sall-sadresse-a-la-nation-a-20h\/#primaryimage\"},\"image\":{\"@id\":\"https:\/\/www.public.sn\/index.php\/2022\/09\/16\/le-chef-detat-macky-sall-sadresse-a-la-nation-a-20h\/#primaryimage\"},\"thumbnailUrl\":\"https:\/\/www.public.sn\/wp-content\/uploads\/2022\/09\/42FD7947-B881-4FA3-9C06-4C3832F57D98.jpeg\",\"datePublished\":\"2022-09-16T17:58:33+00:00\",\"dateModified\":\"2022-09-16T17:58:35+00:00\",\"breadcrumb\":{\"@id\":\"https:\/\/www.public.sn\/index.php\/2022\/09\/16\/le-chef-detat-macky-sall-sadresse-a-la-nation-a-20h\/#breadcrumb\"},\"inLanguage\":\"fr-FR\",\"potentialAction\":[{\"@type\":\"ReadAction\",\"target\":[\"https:\/\/www.public.sn\/index.php\/2022\/09\/16\/le-chef-detat-macky-sall-sadresse-a-la-nation-a-20h\/\"]}]},{\"@type\":\"ImageObject\",\"inLanguage\":\"fr-FR\",\"@id\":\"https:\/\/www.public.sn\/index.php\/2022\/09\/16\/le-chef-detat-macky-sall-sadresse-a-la-nation-a-20h\/#primaryimage\",\"url\":\"https:\/\/www.public.sn\/wp-content\/uploads\/2022\/09\/42FD7947-B881-4FA3-9C06-4C3832F57D98.jpeg\",\"contentUrl\":\"https:\/\/www.public.sn\/wp-content\/uploads\/2022\/09\/42FD7947-B881-4FA3-9C06-4C3832F57D98.jpeg\",\"width\":1000,\"height\":620},{\"@type\":\"BreadcrumbList\",\"@id\":\"https:\/\/www.public.sn\/index.php\/2022\/09\/16\/le-chef-detat-macky-sall-sadresse-a-la-nation-a-20h\/#breadcrumb\",\"itemListElement\":[{\"@type\":\"ListItem\",\"position\":1,\"name\":\"Accueil\",\"item\":\"https:\/\/www.public.sn\/\"},{\"@type\":\"ListItem\",\"position\":2,\"name\":\"Le Chef d\u2019\u00c9tat Macky Sall s\u2019adresse \u00e0 la Nation \u00e0 20H.\"}]},{\"@type\":\"WebSite\",\"@id\":\"https:\/\/www.public.sn\/#website\",\"url\":\"https:\/\/www.public.sn\/\",\"name\":\"LE PUBLIC\",\"description\":\"\",\"publisher\":{\"@id\":\"https:\/\/www.public.sn\/#organization\"},\"potentialAction\":[{\"@type\":\"SearchAction\",\"target\":{\"@type\":\"EntryPoint\",\"urlTemplate\":\"https:\/\/www.public.sn\/?s={search_term_string}\"},\"query-input\":{\"@type\":\"PropertyValueSpecification\",\"valueRequired\":true,\"valueName\":\"search_term_string\"}}],\"inLanguage\":\"fr-FR\"},{\"@type\":\"Organization\",\"@id\":\"https:\/\/www.public.sn\/#organization\",\"name\":\"LE PUBLIC\",\"url\":\"https:\/\/www.public.sn\/\",\"logo\":{\"@type\":\"ImageObject\",\"inLanguage\":\"fr-FR\",\"@id\":\"https:\/\/www.public.sn\/#\/schema\/logo\/image\/\",\"url\":\"https:\/\/www.public.sn\/wp-content\/uploads\/2024\/05\/cropped-LOGO-PUBLIC.SN_.png\",\"contentUrl\":\"https:\/\/www.public.sn\/wp-content\/uploads\/2024\/05\/cropped-LOGO-PUBLIC.SN_.png\",\"width\":682,\"height\":192,\"caption\":\"LE PUBLIC\"},\"image\":{\"@id\":\"https:\/\/www.public.sn\/#\/schema\/logo\/image\/\"}},{\"@type\":\"Person\",\"@id\":\"https:\/\/www.public.sn\/#\/schema\/person\/e3f4a11b037d4203902db148f9bc8d5a\",\"name\":\"LA REDACTION\",\"image\":{\"@type\":\"ImageObject\",\"inLanguage\":\"fr-FR\",\"@id\":\"https:\/\/www.public.sn\/#\/schema\/person\/image\/\",\"url\":\"https:\/\/secure.gravatar.com\/avatar\/d6c030db45db2883c075085c5d6c6258654a801a93766b49af0b82d4f454e2a5?s=96&d=mm&r=g\",\"contentUrl\":\"https:\/\/secure.gravatar.com\/avatar\/d6c030db45db2883c075085c5d6c6258654a801a93766b49af0b82d4f454e2a5?s=96&d=mm&r=g\",\"caption\":\"LA REDACTION\"},\"sameAs\":[\"http:\/\/www.public.sn\"],\"url\":\"https:\/\/www.public.sn\/index.php\/author\/admin7324\/\"}]}<\/script>\n<!-- \/ Yoast SEO plugin. -->","yoast_head_json":{"title":"Le Chef d\u2019\u00c9tat Macky Sall s\u2019adresse \u00e0 la Nation \u00e0 20H. - LE PUBLIC","robots":{"index":"index","follow":"follow","max-snippet":"max-snippet:-1","max-image-preview":"max-image-preview:large","max-video-preview":"max-video-preview:-1"},"canonical":"https:\/\/www.public.sn\/index.php\/2022\/09\/16\/le-chef-detat-macky-sall-sadresse-a-la-nation-a-20h\/","og_locale":"fr_FR","og_type":"article","og_title":"Le Chef d\u2019\u00c9tat Macky Sall s\u2019adresse \u00e0 la Nation \u00e0 20H. - LE PUBLIC","og_description":"Le Pr\u00e9sident de la R\u00e9publique va s\u2019exprimer ce vendredi \u00e0 20 heures, nous renseigne nos sources. Apr\u00e8s l\u2019installation du Bureau de l\u2019Assembl\u00e9e nationale, le chef de l\u2019\u00c9tat va \u00e9voquer les grandes urgences de l\u2019heure. Le remaniement minist\u00e9riel est \u00e9galement imminent, nous informe-t-on. En attente d&rsquo;ici \u00e0 3 heures.","og_url":"https:\/\/www.public.sn\/index.php\/2022\/09\/16\/le-chef-detat-macky-sall-sadresse-a-la-nation-a-20h\/","og_site_name":"LE PUBLIC","article_published_time":"2022-09-16T17:58:33+00:00","article_modified_time":"2022-09-16T17:58:35+00:00","og_image":[{"width":1000,"height":620,"url":"https:\/\/www.public.sn\/wp-content\/uploads\/2022\/09\/42FD7947-B881-4FA3-9C06-4C3832F57D98.jpeg","type":"image\/jpeg"}],"author":"LA REDACTION","twitter_card":"summary_large_image","twitter_misc":{"\u00c9crit par":"LA REDACTION","Dur\u00e9e de lecture estim\u00e9e":"1 minute"},"schema":{"@context":"https:\/\/schema.org","@graph":[{"@type":"Article","@id":"https:\/\/www.public.sn\/index.php\/2022\/09\/16\/le-chef-detat-macky-sall-sadresse-a-la-nation-a-20h\/#article","isPartOf":{"@id":"https:\/\/www.public.sn\/index.php\/2022\/09\/16\/le-chef-detat-macky-sall-sadresse-a-la-nation-a-20h\/"},"author":{"name":"LA REDACTION","@id":"https:\/\/www.public.sn\/#\/schema\/person\/e3f4a11b037d4203902db148f9bc8d5a"},"headline":"Le Chef d\u2019\u00c9tat Macky Sall s\u2019adresse \u00e0 la Nation \u00e0 20H.","datePublished":"2022-09-16T17:58:33+00:00","dateModified":"2022-09-16T17:58:35+00:00","mainEntityOfPage":{"@id":"https:\/\/www.public.sn\/index.php\/2022\/09\/16\/le-chef-detat-macky-sall-sadresse-a-la-nation-a-20h\/"},"wordCount":65,"commentCount":0,"publisher":{"@id":"https:\/\/www.public.sn\/#organization"},"image":{"@id":"https:\/\/www.public.sn\/index.php\/2022\/09\/16\/le-chef-detat-macky-sall-sadresse-a-la-nation-a-20h\/#primaryimage"},"thumbnailUrl":"https:\/\/www.public.sn\/wp-content\/uploads\/2022\/09\/42FD7947-B881-4FA3-9C06-4C3832F57D98.jpeg","keywords":["Macky Sall","Nation","Nouveau Gouvernement"],"articleSection":["ACTUALIT\u00c9S","POLITIQUE","VEDETTE"],"inLanguage":"fr-FR","potentialAction":[{"@type":"CommentAction","name":"Comment","target":["https:\/\/www.public.sn\/index.php\/2022\/09\/16\/le-chef-detat-macky-sall-sadresse-a-la-nation-a-20h\/#respond"]}]},{"@type":"WebPage","@id":"https:\/\/www.public.sn\/index.php\/2022\/09\/16\/le-chef-detat-macky-sall-sadresse-a-la-nation-a-20h\/","url":"https:\/\/www.public.sn\/index.php\/2022\/09\/16\/le-chef-detat-macky-sall-sadresse-a-la-nation-a-20h\/","name":"Le Chef d\u2019\u00c9tat Macky Sall s\u2019adresse \u00e0 la Nation \u00e0 20H. - LE PUBLIC","isPartOf":{"@id":"https:\/\/www.public.sn\/#website"},"primaryImageOfPage":{"@id":"https:\/\/www.public.sn\/index.php\/2022\/09\/16\/le-chef-detat-macky-sall-sadresse-a-la-nation-a-20h\/#primaryimage"},"image":{"@id":"https:\/\/www.public.sn\/index.php\/2022\/09\/16\/le-chef-detat-macky-sall-sadresse-a-la-nation-a-20h\/#primaryimage"},"thumbnailUrl":"https:\/\/www.public.sn\/wp-content\/uploads\/2022\/09\/42FD7947-B881-4FA3-9C06-4C3832F57D98.jpeg","datePublished":"2022-09-16T17:58:33+00:00","dateModified":"2022-09-16T17:58:35+00:00","breadcrumb":{"@id":"https:\/\/www.public.sn\/index.php\/2022\/09\/16\/le-chef-detat-macky-sall-sadresse-a-la-nation-a-20h\/#breadcrumb"},"inLanguage":"fr-FR","potentialAction":[{"@type":"ReadAction","target":["https:\/\/www.public.sn\/index.php\/2022\/09\/16\/le-chef-detat-macky-sall-sadresse-a-la-nation-a-20h\/"]}]},{"@type":"ImageObject","inLanguage":"fr-FR","@id":"https:\/\/www.public.sn\/index.php\/2022\/09\/16\/le-chef-detat-macky-sall-sadresse-a-la-nation-a-20h\/#primaryimage","url":"https:\/\/www.public.sn\/wp-content\/uploads\/2022\/09\/42FD7947-B881-4FA3-9C06-4C3832F57D98.jpeg","contentUrl":"https:\/\/www.public.sn\/wp-content\/uploads\/2022\/09\/42FD7947-B881-4FA3-9C06-4C3832F57D98.jpeg","width":1000,"height":620},{"@type":"BreadcrumbList","@id":"https:\/\/www.public.sn\/index.php\/2022\/09\/16\/le-chef-detat-macky-sall-sadresse-a-la-nation-a-20h\/#breadcrumb","itemListElement":[{"@type":"ListItem","position":1,"name":"Accueil","item":"https:\/\/www.public.sn\/"},{"@type":"ListItem","position":2,"name":"Le Chef d\u2019\u00c9tat Macky Sall s\u2019adresse \u00e0 la Nation \u00e0 20H."}]},{"@type":"WebSite","@id":"https:\/\/www.public.sn\/#website","url":"https:\/\/www.public.sn\/","name":"LE PUBLIC","description":"","publisher":{"@id":"https:\/\/www.public.sn\/#organization"},"potentialAction":[{"@type":"SearchAction","target":{"@type":"EntryPoint","urlTemplate":"https:\/\/www.public.sn\/?s={search_term_string}"},"query-input":{"@type":"PropertyValueSpecification","valueRequired":true,"valueName":"search_term_string"}}],"inLanguage":"fr-FR"},{"@type":"Organization","@id":"https:\/\/www.public.sn\/#organization","name":"LE PUBLIC","url":"https:\/\/www.public.sn\/","logo":{"@type":"ImageObject","inLanguage":"fr-FR","@id":"https:\/\/www.public.sn\/#\/schema\/logo\/image\/","url":"https:\/\/www.public.sn\/wp-content\/uploads\/2024\/05\/cropped-LOGO-PUBLIC.SN_.png","contentUrl":"https:\/\/www.public.sn\/wp-content\/uploads\/2024\/05\/cropped-LOGO-PUBLIC.SN_.png","width":682,"height":192,"caption":"LE PUBLIC"},"image":{"@id":"https:\/\/www.public.sn\/#\/schema\/logo\/image\/"}},{"@type":"Person","@id":"https:\/\/www.public.sn\/#\/schema\/person\/e3f4a11b037d4203902db148f9bc8d5a","name":"LA REDACTION","image":{"@type":"ImageObject","inLanguage":"fr-FR","@id":"https:\/\/www.public.sn\/#\/schema\/person\/image\/","url":"https:\/\/secure.gravatar.com\/avatar\/d6c030db45db2883c075085c5d6c6258654a801a93766b49af0b82d4f454e2a5?s=96&d=mm&r=g","contentUrl":"https:\/\/secure.gravatar.com\/avatar\/d6c030db45db2883c075085c5d6c6258654a801a93766b49af0b82d4f454e2a5?s=96&d=mm&r=g","caption":"LA REDACTION"},"sameAs":["http:\/\/www.public.sn"],"url":"https:\/\/www.public.sn\/index.php\/author\/admin7324\/"}]}},"jetpack_featured_media_url":"https:\/\/www.public.sn\/wp-content\/uploads\/2022\/09\/42FD7947-B881-4FA3-9C06-4C3832F57D98.jpeg","jetpack_sharing_enabled":true,"_links":{"self":[{"href":"https:\/\/www.public.sn\/index.php\/wp-json\/wp\/v2\/posts\/2083","targetHints":{"allow":["GET"]}}],"collection":[{"href":"https:\/\/www.public.sn\/index.php\/wp-json\/wp\/v2\/posts"}],"about":[{"href":"https:\/\/www.public.sn\/index.php\/wp-json\/wp\/v2\/types\/post"}],"author":[{"embeddable":true,"href":"https:\/\/www.public.sn\/index.php\/wp-json\/wp\/v2\/users\/1"}],"replies":[{"embeddable":true,"href":"https:\/\/www.public.sn\/index.php\/wp-json\/wp\/v2\/comments?post=2083"}],"version-history":[{"count":1,"href":"https:\/\/www.public.sn\/index.php\/wp-json\/wp\/v2\/posts\/2083\/revisions"}],"predecessor-version":[{"id":2085,"href":"https:\/\/www.public.sn\/index.php\/wp-json\/wp\/v2\/posts\/2083\/revisions\/2085"}],"wp:featuredmedia":[{"embeddable":true,"href":"https:\/\/www.public.sn\/index.php\/wp-json\/wp\/v2\/media\/2084"}],"wp:attachment":[{"href":"https:\/\/www.public.sn\/index.php\/wp-json\/wp\/v2\/media?parent=2083"}],"wp:term":[{"taxonomy":"category","embeddable":true,"href":"https:\/\/www.public.sn\/index.php\/wp-json\/wp\/v2\/categories?post=2083"},{"taxonomy":"post_tag","embeddable":true,"href":"https:\/\/www.public.sn\/index.php\/wp-json\/wp\/v2\/tags?post=2083"}],"curies":[{"name":"wp","href":"https:\/\/api.w.org\/{rel}","templated":true}]}}