{"id":2086,"date":"2022-09-16T18:20:40","date_gmt":"2022-09-16T18:20:40","guid":{"rendered":"https:\/\/www.public.sn\/?p=2086"},"modified":"2022-09-16T18:20:41","modified_gmt":"2022-09-16T18:20:41","slug":"lex-joueuse-du-psg-aminata-diallo-mise-en-examen","status":"publish","type":"post","link":"https:\/\/www.public.sn\/index.php\/2022\/09\/16\/lex-joueuse-du-psg-aminata-diallo-mise-en-examen\/","title":{"rendered":"L\u2019ex joueuse du Psg Aminata Diallo mise en examen."},"content":{"rendered":"\n<p>Aminata Diallo est mise en examen pour violences aggrav\u00e9es et association de malfaiteurs dans l\u2019affaire de l\u2019agression de Kheira Hamraoui. Le juge d\u2019instruction a demand\u00e9 son placement en d\u00e9tention provisoire, selon une source proche du dossier \u00e0 BFMTV. Quatre autres suspects, des hommes soup\u00e7onn\u00e9s d\u2019avoir particip\u00e9 \u00e0 l\u2019agression, ont \u00e9galement \u00e9t\u00e9 mis en examen des m\u00eames chefs, rapporte RMC Sport.<\/p><div class=\"publi-paragraphe1\" style=\"margin-top: 10px;margin-bottom: 10px;margin-left: auto;margin-right: auto;text-align: center;\" id=\"publi-4188027125\"><div class=\"publi-adlabel\">Publicit\u00e9<\/div><script async src=\"\/\/pagead2.googlesyndication.com\/pagead\/js\/adsbygoogle.js?client=ca-pub-4089586018074219\" crossorigin=\"anonymous\"><\/script><ins class=\"adsbygoogle\" style=\"display:block;\" data-ad-client=\"ca-pub-4089586018074219\" \ndata-ad-slot=\"2087940154\" \ndata-ad-format=\"auto\"><\/ins>\n<script> \n(adsbygoogle = window.adsbygoogle || []).push({}); \n<\/script>\n<\/div>\n<div class=\"publi-apres-le-contenu\" style=\"margin-top: 10px;margin-bottom: 10px;margin-left: auto;margin-right: auto;text-align: center;\" id=\"publi-4162495055\"><div class=\"publi-adlabel\">Publicit\u00e9<\/div><script async src=\"\/\/pagead2.googlesyndication.com\/pagead\/js\/adsbygoogle.js?client=ca-pub-4089586018074219\" crossorigin=\"anonymous\"><\/script><ins class=\"adsbygoogle\" style=\"display:block;\" data-ad-client=\"ca-pub-4089586018074219\" \ndata-ad-slot=\"2087940154\" \ndata-ad-format=\"auto\"><\/ins>\n<script> \n(adsbygoogle = window.adsbygoogle || []).push({}); \n<\/script>\n<\/div>","protected":false},"excerpt":{"rendered":"<p>Aminata Diallo est mise en examen pour violences aggrav\u00e9es et association de malfaiteurs dans l\u2019affaire de l\u2019agression de Kheira Hamraoui. Le juge d\u2019instruction a demand\u00e9 son placement en d\u00e9tention provisoire, selon une source proche du dossier \u00e0 BFMTV. Quatre autres suspects, des hommes soup\u00e7onn\u00e9s d\u2019avoir particip\u00e9 \u00e0 l\u2019agression, ont \u00e9galement \u00e9t\u00e9 mis en examen des m\u00eames chefs, rapporte RMC Sport.<\/p>\n","protected":false},"author":1,"featured_media":2087,"comment_status":"open","ping_status":"open","sticky":false,"template":"","format":"standard","meta":{"_jetpack_memberships_contains_paid_content":false,"footnotes":""},"categories":[375,376],"tags":[216,24,800,432,801],"class_list":["post-2086","post","type-post","status-publish","format-standard","has-post-thumbnail","hentry","category-actualites","category-securite-justice","tag-agressions","tag-justice","tag-mise-en-examen","tag-psg","tag-violences","entry","has-media","owp-thumbs-layout-horizontal","owp-btn-normal","owp-tabs-layout-horizontal","has-no-thumbnails","has-product-nav"],"yoast_head":"<!-- This site is optimized with the Yoast SEO plugin v25.5 - https:\/\/yoast.com\/wordpress\/plugins\/seo\/ -->\n<title>L\u2019ex joueuse du Psg Aminata Diallo mise en examen. - LE PUBLIC<\/title>\n<meta name=\"robots\" content=\"index, follow, max-snippet:-1, max-image-preview:large, max-video-preview:-1\" \/>\n<link rel=\"canonical\" href=\"https:\/\/www.public.sn\/index.php\/2022\/09\/16\/lex-joueuse-du-psg-aminata-diallo-mise-en-examen\/\" \/>\n<meta property=\"og:locale\" content=\"fr_FR\" \/>\n<meta property=\"og:type\" content=\"article\" \/>\n<meta property=\"og:title\" content=\"L\u2019ex joueuse du Psg Aminata Diallo mise en examen. - LE PUBLIC\" \/>\n<meta property=\"og:description\" content=\"Aminata Diallo est mise en examen pour violences aggrav\u00e9es et association de malfaiteurs dans l\u2019affaire de l\u2019agression de Kheira Hamraoui. Le juge d\u2019instruction a demand\u00e9 son placement en d\u00e9tention provisoire, selon une source proche du dossier \u00e0 BFMTV. Quatre autres suspects, des hommes soup\u00e7onn\u00e9s d\u2019avoir particip\u00e9 \u00e0 l\u2019agression, ont \u00e9galement \u00e9t\u00e9 mis en examen des m\u00eames chefs, rapporte RMC Sport.\" \/>\n<meta property=\"og:url\" content=\"https:\/\/www.public.sn\/index.php\/2022\/09\/16\/lex-joueuse-du-psg-aminata-diallo-mise-en-examen\/\" \/>\n<meta property=\"og:site_name\" content=\"LE PUBLIC\" \/>\n<meta property=\"article:published_time\" content=\"2022-09-16T18:20:40+00:00\" \/>\n<meta property=\"article:modified_time\" content=\"2022-09-16T18:20:41+00:00\" \/>\n<meta property=\"og:image\" content=\"https:\/\/www.public.sn\/wp-content\/uploads\/2022\/09\/282F58CE-02EA-4D71-A6C6-73F573FC17AA.jpeg\" \/>\n\t<meta property=\"og:image:width\" content=\"1250\" \/>\n\t<meta property=\"og:image:height\" content=\"625\" \/>\n\t<meta property=\"og:image:type\" content=\"image\/jpeg\" \/>\n<meta name=\"author\" content=\"LA REDACTION\" \/>\n<meta name=\"twitter:card\" content=\"summary_large_image\" \/>\n<meta name=\"twitter:label1\" content=\"\u00c9crit par\" \/>\n\t<meta name=\"twitter:data1\" content=\"LA REDACTION\" \/>\n\t<meta name=\"twitter:label2\" content=\"Dur\u00e9e de lecture estim\u00e9e\" \/>\n\t<meta name=\"twitter:data2\" content=\"1 minute\" \/>\n<script type=\"application\/ld+json\" class=\"yoast-schema-graph\">{\"@context\":\"https:\/\/schema.org\",\"@graph\":[{\"@type\":\"Article\",\"@id\":\"https:\/\/www.public.sn\/index.php\/2022\/09\/16\/lex-joueuse-du-psg-aminata-diallo-mise-en-examen\/#article\",\"isPartOf\":{\"@id\":\"https:\/\/www.public.sn\/index.php\/2022\/09\/16\/lex-joueuse-du-psg-aminata-diallo-mise-en-examen\/\"},\"author\":{\"name\":\"LA REDACTION\",\"@id\":\"https:\/\/www.public.sn\/#\/schema\/person\/e3f4a11b037d4203902db148f9bc8d5a\"},\"headline\":\"L\u2019ex joueuse du Psg Aminata Diallo mise en examen.\",\"datePublished\":\"2022-09-16T18:20:40+00:00\",\"dateModified\":\"2022-09-16T18:20:41+00:00\",\"mainEntityOfPage\":{\"@id\":\"https:\/\/www.public.sn\/index.php\/2022\/09\/16\/lex-joueuse-du-psg-aminata-diallo-mise-en-examen\/\"},\"wordCount\":78,\"commentCount\":0,\"publisher\":{\"@id\":\"https:\/\/www.public.sn\/#organization\"},\"image\":{\"@id\":\"https:\/\/www.public.sn\/index.php\/2022\/09\/16\/lex-joueuse-du-psg-aminata-diallo-mise-en-examen\/#primaryimage\"},\"thumbnailUrl\":\"https:\/\/www.public.sn\/wp-content\/uploads\/2022\/09\/282F58CE-02EA-4D71-A6C6-73F573FC17AA.jpeg\",\"keywords\":[\"Agressions\",\"Justice\",\"Mise en examen\",\"Psg\",\"Violences\"],\"articleSection\":[\"ACTUALIT\u00c9S\",\"S\u00c9CURIT\u00c9 &amp; JUSTICE\"],\"inLanguage\":\"fr-FR\",\"potentialAction\":[{\"@type\":\"CommentAction\",\"name\":\"Comment\",\"target\":[\"https:\/\/www.public.sn\/index.php\/2022\/09\/16\/lex-joueuse-du-psg-aminata-diallo-mise-en-examen\/#respond\"]}]},{\"@type\":\"WebPage\",\"@id\":\"https:\/\/www.public.sn\/index.php\/2022\/09\/16\/lex-joueuse-du-psg-aminata-diallo-mise-en-examen\/\",\"url\":\"https:\/\/www.public.sn\/index.php\/2022\/09\/16\/lex-joueuse-du-psg-aminata-diallo-mise-en-examen\/\",\"name\":\"L\u2019ex joueuse du Psg Aminata Diallo mise en examen. - LE PUBLIC\",\"isPartOf\":{\"@id\":\"https:\/\/www.public.sn\/#website\"},\"primaryImageOfPage\":{\"@id\":\"https:\/\/www.public.sn\/index.php\/2022\/09\/16\/lex-joueuse-du-psg-aminata-diallo-mise-en-examen\/#primaryimage\"},\"image\":{\"@id\":\"https:\/\/www.public.sn\/index.php\/2022\/09\/16\/lex-joueuse-du-psg-aminata-diallo-mise-en-examen\/#primaryimage\"},\"thumbnailUrl\":\"https:\/\/www.public.sn\/wp-content\/uploads\/2022\/09\/282F58CE-02EA-4D71-A6C6-73F573FC17AA.jpeg\",\"datePublished\":\"2022-09-16T18:20:40+00:00\",\"dateModified\":\"2022-09-16T18:20:41+00:00\",\"breadcrumb\":{\"@id\":\"https:\/\/www.public.sn\/index.php\/2022\/09\/16\/lex-joueuse-du-psg-aminata-diallo-mise-en-examen\/#breadcrumb\"},\"inLanguage\":\"fr-FR\",\"potentialAction\":[{\"@type\":\"ReadAction\",\"target\":[\"https:\/\/www.public.sn\/index.php\/2022\/09\/16\/lex-joueuse-du-psg-aminata-diallo-mise-en-examen\/\"]}]},{\"@type\":\"ImageObject\",\"inLanguage\":\"fr-FR\",\"@id\":\"https:\/\/www.public.sn\/index.php\/2022\/09\/16\/lex-joueuse-du-psg-aminata-diallo-mise-en-examen\/#primaryimage\",\"url\":\"https:\/\/www.public.sn\/wp-content\/uploads\/2022\/09\/282F58CE-02EA-4D71-A6C6-73F573FC17AA.jpeg\",\"contentUrl\":\"https:\/\/www.public.sn\/wp-content\/uploads\/2022\/09\/282F58CE-02EA-4D71-A6C6-73F573FC17AA.jpeg\",\"width\":1250,\"height\":625},{\"@type\":\"BreadcrumbList\",\"@id\":\"https:\/\/www.public.sn\/index.php\/2022\/09\/16\/lex-joueuse-du-psg-aminata-diallo-mise-en-examen\/#breadcrumb\",\"itemListElement\":[{\"@type\":\"ListItem\",\"position\":1,\"name\":\"Accueil\",\"item\":\"https:\/\/www.public.sn\/\"},{\"@type\":\"ListItem\",\"position\":2,\"name\":\"L\u2019ex joueuse du Psg Aminata Diallo mise en examen.\"}]},{\"@type\":\"WebSite\",\"@id\":\"https:\/\/www.public.sn\/#website\",\"url\":\"https:\/\/www.public.sn\/\",\"name\":\"LE PUBLIC\",\"description\":\"\",\"publisher\":{\"@id\":\"https:\/\/www.public.sn\/#organization\"},\"potentialAction\":[{\"@type\":\"SearchAction\",\"target\":{\"@type\":\"EntryPoint\",\"urlTemplate\":\"https:\/\/www.public.sn\/?s={search_term_string}\"},\"query-input\":{\"@type\":\"PropertyValueSpecification\",\"valueRequired\":true,\"valueName\":\"search_term_string\"}}],\"inLanguage\":\"fr-FR\"},{\"@type\":\"Organization\",\"@id\":\"https:\/\/www.public.sn\/#organization\",\"name\":\"LE PUBLIC\",\"url\":\"https:\/\/www.public.sn\/\",\"logo\":{\"@type\":\"ImageObject\",\"inLanguage\":\"fr-FR\",\"@id\":\"https:\/\/www.public.sn\/#\/schema\/logo\/image\/\",\"url\":\"https:\/\/www.public.sn\/wp-content\/uploads\/2024\/05\/cropped-LOGO-PUBLIC.SN_.png\",\"contentUrl\":\"https:\/\/www.public.sn\/wp-content\/uploads\/2024\/05\/cropped-LOGO-PUBLIC.SN_.png\",\"width\":682,\"height\":192,\"caption\":\"LE PUBLIC\"},\"image\":{\"@id\":\"https:\/\/www.public.sn\/#\/schema\/logo\/image\/\"}},{\"@type\":\"Person\",\"@id\":\"https:\/\/www.public.sn\/#\/schema\/person\/e3f4a11b037d4203902db148f9bc8d5a\",\"name\":\"LA REDACTION\",\"image\":{\"@type\":\"ImageObject\",\"inLanguage\":\"fr-FR\",\"@id\":\"https:\/\/www.public.sn\/#\/schema\/person\/image\/\",\"url\":\"https:\/\/secure.gravatar.com\/avatar\/d6c030db45db2883c075085c5d6c6258654a801a93766b49af0b82d4f454e2a5?s=96&d=mm&r=g\",\"contentUrl\":\"https:\/\/secure.gravatar.com\/avatar\/d6c030db45db2883c075085c5d6c6258654a801a93766b49af0b82d4f454e2a5?s=96&d=mm&r=g\",\"caption\":\"LA REDACTION\"},\"sameAs\":[\"http:\/\/www.public.sn\"],\"url\":\"https:\/\/www.public.sn\/index.php\/author\/admin7324\/\"}]}<\/script>\n<!-- \/ Yoast SEO plugin. -->","yoast_head_json":{"title":"L\u2019ex joueuse du Psg Aminata Diallo mise en examen. - LE PUBLIC","robots":{"index":"index","follow":"follow","max-snippet":"max-snippet:-1","max-image-preview":"max-image-preview:large","max-video-preview":"max-video-preview:-1"},"canonical":"https:\/\/www.public.sn\/index.php\/2022\/09\/16\/lex-joueuse-du-psg-aminata-diallo-mise-en-examen\/","og_locale":"fr_FR","og_type":"article","og_title":"L\u2019ex joueuse du Psg Aminata Diallo mise en examen. - LE PUBLIC","og_description":"Aminata Diallo est mise en examen pour violences aggrav\u00e9es et association de malfaiteurs dans l\u2019affaire de l\u2019agression de Kheira Hamraoui. Le juge d\u2019instruction a demand\u00e9 son placement en d\u00e9tention provisoire, selon une source proche du dossier \u00e0 BFMTV. Quatre autres suspects, des hommes soup\u00e7onn\u00e9s d\u2019avoir particip\u00e9 \u00e0 l\u2019agression, ont \u00e9galement \u00e9t\u00e9 mis en examen des m\u00eames chefs, rapporte RMC Sport.","og_url":"https:\/\/www.public.sn\/index.php\/2022\/09\/16\/lex-joueuse-du-psg-aminata-diallo-mise-en-examen\/","og_site_name":"LE PUBLIC","article_published_time":"2022-09-16T18:20:40+00:00","article_modified_time":"2022-09-16T18:20:41+00:00","og_image":[{"width":1250,"height":625,"url":"https:\/\/www.public.sn\/wp-content\/uploads\/2022\/09\/282F58CE-02EA-4D71-A6C6-73F573FC17AA.jpeg","type":"image\/jpeg"}],"author":"LA REDACTION","twitter_card":"summary_large_image","twitter_misc":{"\u00c9crit par":"LA REDACTION","Dur\u00e9e de lecture estim\u00e9e":"1 minute"},"schema":{"@context":"https:\/\/schema.org","@graph":[{"@type":"Article","@id":"https:\/\/www.public.sn\/index.php\/2022\/09\/16\/lex-joueuse-du-psg-aminata-diallo-mise-en-examen\/#article","isPartOf":{"@id":"https:\/\/www.public.sn\/index.php\/2022\/09\/16\/lex-joueuse-du-psg-aminata-diallo-mise-en-examen\/"},"author":{"name":"LA REDACTION","@id":"https:\/\/www.public.sn\/#\/schema\/person\/e3f4a11b037d4203902db148f9bc8d5a"},"headline":"L\u2019ex joueuse du Psg Aminata Diallo mise en examen.","datePublished":"2022-09-16T18:20:40+00:00","dateModified":"2022-09-16T18:20:41+00:00","mainEntityOfPage":{"@id":"https:\/\/www.public.sn\/index.php\/2022\/09\/16\/lex-joueuse-du-psg-aminata-diallo-mise-en-examen\/"},"wordCount":78,"commentCount":0,"publisher":{"@id":"https:\/\/www.public.sn\/#organization"},"image":{"@id":"https:\/\/www.public.sn\/index.php\/2022\/09\/16\/lex-joueuse-du-psg-aminata-diallo-mise-en-examen\/#primaryimage"},"thumbnailUrl":"https:\/\/www.public.sn\/wp-content\/uploads\/2022\/09\/282F58CE-02EA-4D71-A6C6-73F573FC17AA.jpeg","keywords":["Agressions","Justice","Mise en examen","Psg","Violences"],"articleSection":["ACTUALIT\u00c9S","S\u00c9CURIT\u00c9 &amp; JUSTICE"],"inLanguage":"fr-FR","potentialAction":[{"@type":"CommentAction","name":"Comment","target":["https:\/\/www.public.sn\/index.php\/2022\/09\/16\/lex-joueuse-du-psg-aminata-diallo-mise-en-examen\/#respond"]}]},{"@type":"WebPage","@id":"https:\/\/www.public.sn\/index.php\/2022\/09\/16\/lex-joueuse-du-psg-aminata-diallo-mise-en-examen\/","url":"https:\/\/www.public.sn\/index.php\/2022\/09\/16\/lex-joueuse-du-psg-aminata-diallo-mise-en-examen\/","name":"L\u2019ex joueuse du Psg Aminata Diallo mise en examen. - LE PUBLIC","isPartOf":{"@id":"https:\/\/www.public.sn\/#website"},"primaryImageOfPage":{"@id":"https:\/\/www.public.sn\/index.php\/2022\/09\/16\/lex-joueuse-du-psg-aminata-diallo-mise-en-examen\/#primaryimage"},"image":{"@id":"https:\/\/www.public.sn\/index.php\/2022\/09\/16\/lex-joueuse-du-psg-aminata-diallo-mise-en-examen\/#primaryimage"},"thumbnailUrl":"https:\/\/www.public.sn\/wp-content\/uploads\/2022\/09\/282F58CE-02EA-4D71-A6C6-73F573FC17AA.jpeg","datePublished":"2022-09-16T18:20:40+00:00","dateModified":"2022-09-16T18:20:41+00:00","breadcrumb":{"@id":"https:\/\/www.public.sn\/index.php\/2022\/09\/16\/lex-joueuse-du-psg-aminata-diallo-mise-en-examen\/#breadcrumb"},"inLanguage":"fr-FR","potentialAction":[{"@type":"ReadAction","target":["https:\/\/www.public.sn\/index.php\/2022\/09\/16\/lex-joueuse-du-psg-aminata-diallo-mise-en-examen\/"]}]},{"@type":"ImageObject","inLanguage":"fr-FR","@id":"https:\/\/www.public.sn\/index.php\/2022\/09\/16\/lex-joueuse-du-psg-aminata-diallo-mise-en-examen\/#primaryimage","url":"https:\/\/www.public.sn\/wp-content\/uploads\/2022\/09\/282F58CE-02EA-4D71-A6C6-73F573FC17AA.jpeg","contentUrl":"https:\/\/www.public.sn\/wp-content\/uploads\/2022\/09\/282F58CE-02EA-4D71-A6C6-73F573FC17AA.jpeg","width":1250,"height":625},{"@type":"BreadcrumbList","@id":"https:\/\/www.public.sn\/index.php\/2022\/09\/16\/lex-joueuse-du-psg-aminata-diallo-mise-en-examen\/#breadcrumb","itemListElement":[{"@type":"ListItem","position":1,"name":"Accueil","item":"https:\/\/www.public.sn\/"},{"@type":"ListItem","position":2,"name":"L\u2019ex joueuse du Psg Aminata Diallo mise en examen."}]},{"@type":"WebSite","@id":"https:\/\/www.public.sn\/#website","url":"https:\/\/www.public.sn\/","name":"LE PUBLIC","description":"","publisher":{"@id":"https:\/\/www.public.sn\/#organization"},"potentialAction":[{"@type":"SearchAction","target":{"@type":"EntryPoint","urlTemplate":"https:\/\/www.public.sn\/?s={search_term_string}"},"query-input":{"@type":"PropertyValueSpecification","valueRequired":true,"valueName":"search_term_string"}}],"inLanguage":"fr-FR"},{"@type":"Organization","@id":"https:\/\/www.public.sn\/#organization","name":"LE PUBLIC","url":"https:\/\/www.public.sn\/","logo":{"@type":"ImageObject","inLanguage":"fr-FR","@id":"https:\/\/www.public.sn\/#\/schema\/logo\/image\/","url":"https:\/\/www.public.sn\/wp-content\/uploads\/2024\/05\/cropped-LOGO-PUBLIC.SN_.png","contentUrl":"https:\/\/www.public.sn\/wp-content\/uploads\/2024\/05\/cropped-LOGO-PUBLIC.SN_.png","width":682,"height":192,"caption":"LE PUBLIC"},"image":{"@id":"https:\/\/www.public.sn\/#\/schema\/logo\/image\/"}},{"@type":"Person","@id":"https:\/\/www.public.sn\/#\/schema\/person\/e3f4a11b037d4203902db148f9bc8d5a","name":"LA REDACTION","image":{"@type":"ImageObject","inLanguage":"fr-FR","@id":"https:\/\/www.public.sn\/#\/schema\/person\/image\/","url":"https:\/\/secure.gravatar.com\/avatar\/d6c030db45db2883c075085c5d6c6258654a801a93766b49af0b82d4f454e2a5?s=96&d=mm&r=g","contentUrl":"https:\/\/secure.gravatar.com\/avatar\/d6c030db45db2883c075085c5d6c6258654a801a93766b49af0b82d4f454e2a5?s=96&d=mm&r=g","caption":"LA REDACTION"},"sameAs":["http:\/\/www.public.sn"],"url":"https:\/\/www.public.sn\/index.php\/author\/admin7324\/"}]}},"jetpack_featured_media_url":"https:\/\/www.public.sn\/wp-content\/uploads\/2022\/09\/282F58CE-02EA-4D71-A6C6-73F573FC17AA.jpeg","jetpack_sharing_enabled":true,"_links":{"self":[{"href":"https:\/\/www.public.sn\/index.php\/wp-json\/wp\/v2\/posts\/2086","targetHints":{"allow":["GET"]}}],"collection":[{"href":"https:\/\/www.public.sn\/index.php\/wp-json\/wp\/v2\/posts"}],"about":[{"href":"https:\/\/www.public.sn\/index.php\/wp-json\/wp\/v2\/types\/post"}],"author":[{"embeddable":true,"href":"https:\/\/www.public.sn\/index.php\/wp-json\/wp\/v2\/users\/1"}],"replies":[{"embeddable":true,"href":"https:\/\/www.public.sn\/index.php\/wp-json\/wp\/v2\/comments?post=2086"}],"version-history":[{"count":1,"href":"https:\/\/www.public.sn\/index.php\/wp-json\/wp\/v2\/posts\/2086\/revisions"}],"predecessor-version":[{"id":2088,"href":"https:\/\/www.public.sn\/index.php\/wp-json\/wp\/v2\/posts\/2086\/revisions\/2088"}],"wp:featuredmedia":[{"embeddable":true,"href":"https:\/\/www.public.sn\/index.php\/wp-json\/wp\/v2\/media\/2087"}],"wp:attachment":[{"href":"https:\/\/www.public.sn\/index.php\/wp-json\/wp\/v2\/media?parent=2086"}],"wp:term":[{"taxonomy":"category","embeddable":true,"href":"https:\/\/www.public.sn\/index.php\/wp-json\/wp\/v2\/categories?post=2086"},{"taxonomy":"post_tag","embeddable":true,"href":"https:\/\/www.public.sn\/index.php\/wp-json\/wp\/v2\/tags?post=2086"}],"curies":[{"name":"wp","href":"https:\/\/api.w.org\/{rel}","templated":true}]}}