{"id":2092,"date":"2022-09-16T19:53:07","date_gmt":"2022-09-16T19:53:07","guid":{"rendered":"https:\/\/www.public.sn\/?p=2092"},"modified":"2022-09-16T23:05:11","modified_gmt":"2022-09-16T23:05:11","slug":"adresse-a-la-nation-du-chef-de-letat-les-points-majeurs-de-la-declaration-de-macky-sall","status":"publish","type":"post","link":"https:\/\/www.public.sn\/index.php\/2022\/09\/16\/adresse-a-la-nation-du-chef-de-letat-les-points-majeurs-de-la-declaration-de-macky-sall\/","title":{"rendered":"Adresse \u00e0 la nation du chef de l\u2019Etat: Les points majeurs de la d\u00e9claration de Macky\u00a0Sall."},"content":{"rendered":"\n<p>L\u2019adresse \u00e0 la nation du pr\u00e9sident de la R\u00e9publique va \u00e9difier l\u2019opinion nationale et internationale sur des questions cruciales li\u00e9es au poste de Premier ministre, au troisi\u00e8me mandat, au cas Karim Wade et Khalifa Ababacar Sall (m\u00eame s\u2019il y a beaucoup d\u2019h\u00e9sitations sur ce point). Le leader de la Coalition Bennoo Bokk Yakaar a surtout d\u00e9crypt\u00e9 les r\u00e9sultats des derni\u00e8res \u00e9lections, le feu qui couve dans sa coalition et ses partisans, surtout la d\u00e9liquescence ambiante du tissu social.\u00a0<\/p><div class=\"publi-paragraphe1\" style=\"margin-top: 10px;margin-bottom: 10px;margin-left: auto;margin-right: auto;text-align: center;\" id=\"publi-3546704121\"><div class=\"publi-adlabel\">Publicit\u00e9<\/div><script async src=\"\/\/pagead2.googlesyndication.com\/pagead\/js\/adsbygoogle.js?client=ca-pub-4089586018074219\" crossorigin=\"anonymous\"><\/script><ins class=\"adsbygoogle\" style=\"display:block;\" data-ad-client=\"ca-pub-4089586018074219\" \ndata-ad-slot=\"2087940154\" \ndata-ad-format=\"auto\"><\/ins>\n<script> \n(adsbygoogle = window.adsbygoogle || []).push({}); \n<\/script>\n<\/div>\n\n\n\n<p>Le pr\u00e9sident de la R\u00e9publique va encore surprendre son monde avec l\u2019annonce des d\u00e9cisions majeures. En effet, cette adresse \u00e0 la nation qui avait \u00e9t\u00e9 pr\u00e9vue en fin janvier apr\u00e8s les \u00e9lections locales avait \u00e9t\u00e9 retard\u00e9e pour une lecture plus nette de la situation. Toutes les analyses et sondages lui d\u00e9montrent qu\u2019il est en train de perdre la main dans le pays et dans son propre parti. Il est guett\u00e9 par une dislocation de son appareil, sans compter le d\u00e9saveu de la population. En plus de ces facteurs r\u00e9els et dont la tendance est irr\u00e9versible, le chef de l\u2019Etat tient \u00e0 son aura internationale et est conscient de ses chances pour occuper un ou des postes au niveau mondial et qu\u2019un troisi\u00e8me mandat allait tout compliquer sans aucune certitude de gagner sur les deux tableaux.<\/p>\n\n\n\n<p>En cons\u00e9quence, des sources nous signalent que le pr\u00e9sident Macky Sall va profiter de son adresse \u00e0 la nation pour d\u00e9clarer sa volont\u00e9 de respecter scrupuleusement la Constitution qu\u2019il a lui-m\u00eame propos\u00e9e et fait voter. Il ne compte pas, ainsi, se pr\u00e9senter pour un troisi\u00e8me mandat. Le pr\u00e9sident de l\u2019APR tient \u00e0 marquer les esprits et \u00e0 figurer en bonne place dans les annales du pays. Cette d\u00e9cision \u00e9pargnerait aussi le S\u00e9n\u00e9gal de l\u2019\u00e9ventualit\u00e9 de crises profondes et lourdes de dangers par rapport \u00e0 la stabilit\u00e9 et la coh\u00e9sion sociale.&nbsp;<\/p>\n\n\n\n<p>Le point angulaire de sa d\u00e9claration sera la nomination d\u2019un nouveau Premier ministre. L\u00e0, \u00e9galement, pour enfin satisfaire \u00e0 une obligation l\u00e9gale de la Constitution, en tant que gardien de celle-ci. Toutefois, difficile de se prononcer sur le nom ou sur le profil. En tout \u00e9tat de cause, son choix aura des r\u00e9percussions sur l\u2019avenir de l\u2019APR.&nbsp;<\/p>\n\n\n\n<p>Une question tr\u00e8s incertaine, mais plausible est relative au cas Karim Meissa Wade et Khalifa Ababacar Sall. Dans une volont\u00e9 de rendre le jeu d\u00e9mocratique tr\u00e8s ouvert, Macky Sall serait tent\u00e9 de les amnistier. Un point qui suscite beaucoup d\u2019interrogations par rapport \u00e0 l\u2019opportunit\u00e9 mais aussi rendement politique.<\/p>\n<div class=\"publi-apres-le-contenu\" style=\"margin-top: 10px;margin-bottom: 10px;margin-left: auto;margin-right: auto;text-align: center;\" id=\"publi-1541253011\"><div class=\"publi-adlabel\">Publicit\u00e9<\/div><script async src=\"\/\/pagead2.googlesyndication.com\/pagead\/js\/adsbygoogle.js?client=ca-pub-4089586018074219\" crossorigin=\"anonymous\"><\/script><ins class=\"adsbygoogle\" style=\"display:block;\" data-ad-client=\"ca-pub-4089586018074219\" \ndata-ad-slot=\"2087940154\" \ndata-ad-format=\"auto\"><\/ins>\n<script> \n(adsbygoogle = window.adsbygoogle || []).push({}); \n<\/script>\n<\/div>","protected":false},"excerpt":{"rendered":"<p>L\u2019adresse \u00e0 la nation du pr\u00e9sident de la R\u00e9publique va \u00e9difier l\u2019opinion nationale et internationale sur des questions cruciales li\u00e9es au poste de Premier ministre, au troisi\u00e8me mandat, au cas Karim Wade et Khalifa Ababacar Sall (m\u00eame s\u2019il y a beaucoup d\u2019h\u00e9sitations sur ce point). Le leader de la Coalition Bennoo Bokk Yakaar a surtout d\u00e9crypt\u00e9 les r\u00e9sultats des derni\u00e8res \u00e9lections, le feu qui couve dans sa coalition et ses partisans, surtout la d\u00e9liquescence ambiante du tissu social.\u00a0 Le pr\u00e9sident de la R\u00e9publique va encore surprendre son monde avec l\u2019annonce des d\u00e9cisions majeures. En effet, cette adresse \u00e0 la nation qui avait \u00e9t\u00e9 pr\u00e9vue en fin janvier apr\u00e8s les \u00e9lections locales avait \u00e9t\u00e9 retard\u00e9e pour une lecture plus nette de la situation. Toutes les analyses et sondages lui d\u00e9montrent qu\u2019il est en train de perdre la main dans le pays et dans son propre parti. Il est guett\u00e9 par une dislocation de son appareil, sans compter le d\u00e9saveu de la population. En plus de ces facteurs r\u00e9els et dont la tendance est irr\u00e9versible, le chef de l\u2019Etat tient \u00e0 son aura internationale et est conscient de ses chances pour occuper un ou des postes au niveau mondial et qu\u2019un troisi\u00e8me mandat allait tout compliquer sans aucune certitude de gagner sur les deux tableaux. En cons\u00e9quence, des sources nous signalent que le pr\u00e9sident Macky Sall va profiter de son adresse \u00e0 la nation pour d\u00e9clarer sa volont\u00e9 de respecter scrupuleusement la Constitution qu\u2019il a lui-m\u00eame propos\u00e9e et fait voter. Il ne compte pas, ainsi, se pr\u00e9senter pour un troisi\u00e8me mandat. Le pr\u00e9sident de l\u2019APR tient \u00e0 marquer les esprits et \u00e0 figurer en bonne place dans les annales du pays. Cette d\u00e9cision \u00e9pargnerait aussi le S\u00e9n\u00e9gal de l\u2019\u00e9ventualit\u00e9 de crises profondes et lourdes de dangers par rapport \u00e0 la stabilit\u00e9 et la coh\u00e9sion sociale.&nbsp; Le point angulaire de sa d\u00e9claration sera la nomination d\u2019un nouveau Premier ministre. L\u00e0, \u00e9galement, pour enfin satisfaire \u00e0 une obligation l\u00e9gale de la Constitution, en tant que gardien de celle-ci. Toutefois, difficile de se prononcer sur le nom ou sur le profil. En tout \u00e9tat de cause, son choix aura des r\u00e9percussions sur l\u2019avenir de l\u2019APR.&nbsp; Une question tr\u00e8s incertaine, mais plausible est relative au cas Karim Meissa Wade et Khalifa Ababacar Sall. Dans une volont\u00e9 de rendre le jeu d\u00e9mocratique tr\u00e8s ouvert, Macky Sall serait tent\u00e9 de les amnistier. Un point qui suscite beaucoup d\u2019interrogations par rapport \u00e0 l\u2019opportunit\u00e9 mais aussi rendement politique.<\/p>\n","protected":false},"author":1,"featured_media":2093,"comment_status":"open","ping_status":"open","sticky":false,"template":"","format":"standard","meta":{"_jetpack_memberships_contains_paid_content":false,"footnotes":""},"categories":[375,3,8,372],"tags":[12,24,11,17,20],"class_list":["post-2092","post","type-post","status-publish","format-standard","has-post-thumbnail","hentry","category-actualites","category-politique","category-public-tv","category-vedette","tag-assemblee-nationale","tag-justice","tag-macky-sall","tag-opposition","tag-presidentielle-2024","entry","has-media","owp-thumbs-layout-horizontal","owp-btn-normal","owp-tabs-layout-horizontal","has-no-thumbnails","has-product-nav"],"yoast_head":"<!-- This site is optimized with the Yoast SEO plugin v25.5 - https:\/\/yoast.com\/wordpress\/plugins\/seo\/ -->\n<title>Adresse \u00e0 la nation du chef de l\u2019Etat: Les points majeurs de la d\u00e9claration de Macky\u00a0Sall. - LE PUBLIC<\/title>\n<meta name=\"robots\" content=\"index, follow, max-snippet:-1, max-image-preview:large, max-video-preview:-1\" \/>\n<link rel=\"canonical\" href=\"https:\/\/www.public.sn\/index.php\/2022\/09\/16\/adresse-a-la-nation-du-chef-de-letat-les-points-majeurs-de-la-declaration-de-macky-sall\/\" \/>\n<meta property=\"og:locale\" content=\"fr_FR\" \/>\n<meta property=\"og:type\" content=\"article\" \/>\n<meta property=\"og:title\" content=\"Adresse \u00e0 la nation du chef de l\u2019Etat: Les points majeurs de la d\u00e9claration de Macky\u00a0Sall. - LE PUBLIC\" \/>\n<meta property=\"og:description\" content=\"L\u2019adresse \u00e0 la nation du pr\u00e9sident de la R\u00e9publique va \u00e9difier l\u2019opinion nationale et internationale sur des questions cruciales li\u00e9es au poste de Premier ministre, au troisi\u00e8me mandat, au cas Karim Wade et Khalifa Ababacar Sall (m\u00eame s\u2019il y a beaucoup d\u2019h\u00e9sitations sur ce point). Le leader de la Coalition Bennoo Bokk Yakaar a surtout d\u00e9crypt\u00e9 les r\u00e9sultats des derni\u00e8res \u00e9lections, le feu qui couve dans sa coalition et ses partisans, surtout la d\u00e9liquescence ambiante du tissu social.\u00a0 Le pr\u00e9sident de la R\u00e9publique va encore surprendre son monde avec l\u2019annonce des d\u00e9cisions majeures. En effet, cette adresse \u00e0 la nation qui avait \u00e9t\u00e9 pr\u00e9vue en fin janvier apr\u00e8s les \u00e9lections locales avait \u00e9t\u00e9 retard\u00e9e pour une lecture plus nette de la situation. Toutes les analyses et sondages lui d\u00e9montrent qu\u2019il est en train de perdre la main dans le pays et dans son propre parti. Il est guett\u00e9 par une dislocation de son appareil, sans compter le d\u00e9saveu de la population. En plus de ces facteurs r\u00e9els et dont la tendance est irr\u00e9versible, le chef de l\u2019Etat tient \u00e0 son aura internationale et est conscient de ses chances pour occuper un ou des postes au niveau mondial et qu\u2019un troisi\u00e8me mandat allait tout compliquer sans aucune certitude de gagner sur les deux tableaux. En cons\u00e9quence, des sources nous signalent que le pr\u00e9sident Macky Sall va profiter de son adresse \u00e0 la nation pour d\u00e9clarer sa volont\u00e9 de respecter scrupuleusement la Constitution qu\u2019il a lui-m\u00eame propos\u00e9e et fait voter. Il ne compte pas, ainsi, se pr\u00e9senter pour un troisi\u00e8me mandat. Le pr\u00e9sident de l\u2019APR tient \u00e0 marquer les esprits et \u00e0 figurer en bonne place dans les annales du pays. Cette d\u00e9cision \u00e9pargnerait aussi le S\u00e9n\u00e9gal de l\u2019\u00e9ventualit\u00e9 de crises profondes et lourdes de dangers par rapport \u00e0 la stabilit\u00e9 et la coh\u00e9sion sociale.&nbsp; Le point angulaire de sa d\u00e9claration sera la nomination d\u2019un nouveau Premier ministre. L\u00e0, \u00e9galement, pour enfin satisfaire \u00e0 une obligation l\u00e9gale de la Constitution, en tant que gardien de celle-ci. Toutefois, difficile de se prononcer sur le nom ou sur le profil. En tout \u00e9tat de cause, son choix aura des r\u00e9percussions sur l\u2019avenir de l\u2019APR.&nbsp; Une question tr\u00e8s incertaine, mais plausible est relative au cas Karim Meissa Wade et Khalifa Ababacar Sall. Dans une volont\u00e9 de rendre le jeu d\u00e9mocratique tr\u00e8s ouvert, Macky Sall serait tent\u00e9 de les amnistier. Un point qui suscite beaucoup d\u2019interrogations par rapport \u00e0 l\u2019opportunit\u00e9 mais aussi rendement politique.\" \/>\n<meta property=\"og:url\" content=\"https:\/\/www.public.sn\/index.php\/2022\/09\/16\/adresse-a-la-nation-du-chef-de-letat-les-points-majeurs-de-la-declaration-de-macky-sall\/\" \/>\n<meta property=\"og:site_name\" content=\"LE PUBLIC\" \/>\n<meta property=\"article:published_time\" content=\"2022-09-16T19:53:07+00:00\" \/>\n<meta property=\"article:modified_time\" content=\"2022-09-16T23:05:11+00:00\" \/>\n<meta property=\"og:image\" content=\"https:\/\/www.public.sn\/wp-content\/uploads\/2022\/09\/BB1CA7D9-EF75-4147-B241-CB7D92A22F9D.jpeg\" \/>\n\t<meta property=\"og:image:width\" content=\"864\" \/>\n\t<meta property=\"og:image:height\" content=\"491\" \/>\n\t<meta property=\"og:image:type\" content=\"image\/jpeg\" \/>\n<meta name=\"author\" content=\"LA REDACTION\" \/>\n<meta name=\"twitter:card\" content=\"summary_large_image\" \/>\n<meta name=\"twitter:label1\" content=\"\u00c9crit par\" \/>\n\t<meta name=\"twitter:data1\" content=\"LA REDACTION\" \/>\n\t<meta name=\"twitter:label2\" content=\"Dur\u00e9e de lecture estim\u00e9e\" \/>\n\t<meta name=\"twitter:data2\" content=\"3 minutes\" \/>\n<script type=\"application\/ld+json\" class=\"yoast-schema-graph\">{\"@context\":\"https:\/\/schema.org\",\"@graph\":[{\"@type\":\"Article\",\"@id\":\"https:\/\/www.public.sn\/index.php\/2022\/09\/16\/adresse-a-la-nation-du-chef-de-letat-les-points-majeurs-de-la-declaration-de-macky-sall\/#article\",\"isPartOf\":{\"@id\":\"https:\/\/www.public.sn\/index.php\/2022\/09\/16\/adresse-a-la-nation-du-chef-de-letat-les-points-majeurs-de-la-declaration-de-macky-sall\/\"},\"author\":{\"name\":\"LA REDACTION\",\"@id\":\"https:\/\/www.public.sn\/#\/schema\/person\/e3f4a11b037d4203902db148f9bc8d5a\"},\"headline\":\"Adresse \u00e0 la nation du chef de l\u2019Etat: Les points majeurs de la d\u00e9claration de Macky\u00a0Sall.\",\"datePublished\":\"2022-09-16T19:53:07+00:00\",\"dateModified\":\"2022-09-16T23:05:11+00:00\",\"mainEntityOfPage\":{\"@id\":\"https:\/\/www.public.sn\/index.php\/2022\/09\/16\/adresse-a-la-nation-du-chef-de-letat-les-points-majeurs-de-la-declaration-de-macky-sall\/\"},\"wordCount\":474,\"commentCount\":0,\"publisher\":{\"@id\":\"https:\/\/www.public.sn\/#organization\"},\"image\":{\"@id\":\"https:\/\/www.public.sn\/index.php\/2022\/09\/16\/adresse-a-la-nation-du-chef-de-letat-les-points-majeurs-de-la-declaration-de-macky-sall\/#primaryimage\"},\"thumbnailUrl\":\"https:\/\/www.public.sn\/wp-content\/uploads\/2022\/09\/BB1CA7D9-EF75-4147-B241-CB7D92A22F9D.jpeg\",\"keywords\":[\"Assembl\u00e9e Nationale\",\"Justice\",\"Macky Sall\",\"Opposition\",\"Pr\u00e9sidentielle 2024\"],\"articleSection\":[\"ACTUALIT\u00c9S\",\"POLITIQUE\",\"PUBLIC TV\",\"VEDETTE\"],\"inLanguage\":\"fr-FR\",\"potentialAction\":[{\"@type\":\"CommentAction\",\"name\":\"Comment\",\"target\":[\"https:\/\/www.public.sn\/index.php\/2022\/09\/16\/adresse-a-la-nation-du-chef-de-letat-les-points-majeurs-de-la-declaration-de-macky-sall\/#respond\"]}]},{\"@type\":\"WebPage\",\"@id\":\"https:\/\/www.public.sn\/index.php\/2022\/09\/16\/adresse-a-la-nation-du-chef-de-letat-les-points-majeurs-de-la-declaration-de-macky-sall\/\",\"url\":\"https:\/\/www.public.sn\/index.php\/2022\/09\/16\/adresse-a-la-nation-du-chef-de-letat-les-points-majeurs-de-la-declaration-de-macky-sall\/\",\"name\":\"Adresse \u00e0 la nation du chef de l\u2019Etat: Les points majeurs de la d\u00e9claration de Macky\u00a0Sall. - LE PUBLIC\",\"isPartOf\":{\"@id\":\"https:\/\/www.public.sn\/#website\"},\"primaryImageOfPage\":{\"@id\":\"https:\/\/www.public.sn\/index.php\/2022\/09\/16\/adresse-a-la-nation-du-chef-de-letat-les-points-majeurs-de-la-declaration-de-macky-sall\/#primaryimage\"},\"image\":{\"@id\":\"https:\/\/www.public.sn\/index.php\/2022\/09\/16\/adresse-a-la-nation-du-chef-de-letat-les-points-majeurs-de-la-declaration-de-macky-sall\/#primaryimage\"},\"thumbnailUrl\":\"https:\/\/www.public.sn\/wp-content\/uploads\/2022\/09\/BB1CA7D9-EF75-4147-B241-CB7D92A22F9D.jpeg\",\"datePublished\":\"2022-09-16T19:53:07+00:00\",\"dateModified\":\"2022-09-16T23:05:11+00:00\",\"breadcrumb\":{\"@id\":\"https:\/\/www.public.sn\/index.php\/2022\/09\/16\/adresse-a-la-nation-du-chef-de-letat-les-points-majeurs-de-la-declaration-de-macky-sall\/#breadcrumb\"},\"inLanguage\":\"fr-FR\",\"potentialAction\":[{\"@type\":\"ReadAction\",\"target\":[\"https:\/\/www.public.sn\/index.php\/2022\/09\/16\/adresse-a-la-nation-du-chef-de-letat-les-points-majeurs-de-la-declaration-de-macky-sall\/\"]}]},{\"@type\":\"ImageObject\",\"inLanguage\":\"fr-FR\",\"@id\":\"https:\/\/www.public.sn\/index.php\/2022\/09\/16\/adresse-a-la-nation-du-chef-de-letat-les-points-majeurs-de-la-declaration-de-macky-sall\/#primaryimage\",\"url\":\"https:\/\/www.public.sn\/wp-content\/uploads\/2022\/09\/BB1CA7D9-EF75-4147-B241-CB7D92A22F9D.jpeg\",\"contentUrl\":\"https:\/\/www.public.sn\/wp-content\/uploads\/2022\/09\/BB1CA7D9-EF75-4147-B241-CB7D92A22F9D.jpeg\",\"width\":864,\"height\":491},{\"@type\":\"BreadcrumbList\",\"@id\":\"https:\/\/www.public.sn\/index.php\/2022\/09\/16\/adresse-a-la-nation-du-chef-de-letat-les-points-majeurs-de-la-declaration-de-macky-sall\/#breadcrumb\",\"itemListElement\":[{\"@type\":\"ListItem\",\"position\":1,\"name\":\"Accueil\",\"item\":\"https:\/\/www.public.sn\/\"},{\"@type\":\"ListItem\",\"position\":2,\"name\":\"Adresse \u00e0 la nation du chef de l\u2019Etat: Les points majeurs de la d\u00e9claration de Macky\u00a0Sall.\"}]},{\"@type\":\"WebSite\",\"@id\":\"https:\/\/www.public.sn\/#website\",\"url\":\"https:\/\/www.public.sn\/\",\"name\":\"LE PUBLIC\",\"description\":\"\",\"publisher\":{\"@id\":\"https:\/\/www.public.sn\/#organization\"},\"potentialAction\":[{\"@type\":\"SearchAction\",\"target\":{\"@type\":\"EntryPoint\",\"urlTemplate\":\"https:\/\/www.public.sn\/?s={search_term_string}\"},\"query-input\":{\"@type\":\"PropertyValueSpecification\",\"valueRequired\":true,\"valueName\":\"search_term_string\"}}],\"inLanguage\":\"fr-FR\"},{\"@type\":\"Organization\",\"@id\":\"https:\/\/www.public.sn\/#organization\",\"name\":\"LE PUBLIC\",\"url\":\"https:\/\/www.public.sn\/\",\"logo\":{\"@type\":\"ImageObject\",\"inLanguage\":\"fr-FR\",\"@id\":\"https:\/\/www.public.sn\/#\/schema\/logo\/image\/\",\"url\":\"https:\/\/www.public.sn\/wp-content\/uploads\/2024\/05\/cropped-LOGO-PUBLIC.SN_.png\",\"contentUrl\":\"https:\/\/www.public.sn\/wp-content\/uploads\/2024\/05\/cropped-LOGO-PUBLIC.SN_.png\",\"width\":682,\"height\":192,\"caption\":\"LE PUBLIC\"},\"image\":{\"@id\":\"https:\/\/www.public.sn\/#\/schema\/logo\/image\/\"}},{\"@type\":\"Person\",\"@id\":\"https:\/\/www.public.sn\/#\/schema\/person\/e3f4a11b037d4203902db148f9bc8d5a\",\"name\":\"LA REDACTION\",\"image\":{\"@type\":\"ImageObject\",\"inLanguage\":\"fr-FR\",\"@id\":\"https:\/\/www.public.sn\/#\/schema\/person\/image\/\",\"url\":\"https:\/\/secure.gravatar.com\/avatar\/d6c030db45db2883c075085c5d6c6258654a801a93766b49af0b82d4f454e2a5?s=96&d=mm&r=g\",\"contentUrl\":\"https:\/\/secure.gravatar.com\/avatar\/d6c030db45db2883c075085c5d6c6258654a801a93766b49af0b82d4f454e2a5?s=96&d=mm&r=g\",\"caption\":\"LA REDACTION\"},\"sameAs\":[\"http:\/\/www.public.sn\"],\"url\":\"https:\/\/www.public.sn\/index.php\/author\/admin7324\/\"}]}<\/script>\n<!-- \/ Yoast SEO plugin. -->","yoast_head_json":{"title":"Adresse \u00e0 la nation du chef de l\u2019Etat: Les points majeurs de la d\u00e9claration de Macky\u00a0Sall. - LE PUBLIC","robots":{"index":"index","follow":"follow","max-snippet":"max-snippet:-1","max-image-preview":"max-image-preview:large","max-video-preview":"max-video-preview:-1"},"canonical":"https:\/\/www.public.sn\/index.php\/2022\/09\/16\/adresse-a-la-nation-du-chef-de-letat-les-points-majeurs-de-la-declaration-de-macky-sall\/","og_locale":"fr_FR","og_type":"article","og_title":"Adresse \u00e0 la nation du chef de l\u2019Etat: Les points majeurs de la d\u00e9claration de Macky\u00a0Sall. - LE PUBLIC","og_description":"L\u2019adresse \u00e0 la nation du pr\u00e9sident de la R\u00e9publique va \u00e9difier l\u2019opinion nationale et internationale sur des questions cruciales li\u00e9es au poste de Premier ministre, au troisi\u00e8me mandat, au cas Karim Wade et Khalifa Ababacar Sall (m\u00eame s\u2019il y a beaucoup d\u2019h\u00e9sitations sur ce point). Le leader de la Coalition Bennoo Bokk Yakaar a surtout d\u00e9crypt\u00e9 les r\u00e9sultats des derni\u00e8res \u00e9lections, le feu qui couve dans sa coalition et ses partisans, surtout la d\u00e9liquescence ambiante du tissu social.\u00a0 Le pr\u00e9sident de la R\u00e9publique va encore surprendre son monde avec l\u2019annonce des d\u00e9cisions majeures. En effet, cette adresse \u00e0 la nation qui avait \u00e9t\u00e9 pr\u00e9vue en fin janvier apr\u00e8s les \u00e9lections locales avait \u00e9t\u00e9 retard\u00e9e pour une lecture plus nette de la situation. Toutes les analyses et sondages lui d\u00e9montrent qu\u2019il est en train de perdre la main dans le pays et dans son propre parti. Il est guett\u00e9 par une dislocation de son appareil, sans compter le d\u00e9saveu de la population. En plus de ces facteurs r\u00e9els et dont la tendance est irr\u00e9versible, le chef de l\u2019Etat tient \u00e0 son aura internationale et est conscient de ses chances pour occuper un ou des postes au niveau mondial et qu\u2019un troisi\u00e8me mandat allait tout compliquer sans aucune certitude de gagner sur les deux tableaux. En cons\u00e9quence, des sources nous signalent que le pr\u00e9sident Macky Sall va profiter de son adresse \u00e0 la nation pour d\u00e9clarer sa volont\u00e9 de respecter scrupuleusement la Constitution qu\u2019il a lui-m\u00eame propos\u00e9e et fait voter. Il ne compte pas, ainsi, se pr\u00e9senter pour un troisi\u00e8me mandat. Le pr\u00e9sident de l\u2019APR tient \u00e0 marquer les esprits et \u00e0 figurer en bonne place dans les annales du pays. Cette d\u00e9cision \u00e9pargnerait aussi le S\u00e9n\u00e9gal de l\u2019\u00e9ventualit\u00e9 de crises profondes et lourdes de dangers par rapport \u00e0 la stabilit\u00e9 et la coh\u00e9sion sociale.&nbsp; Le point angulaire de sa d\u00e9claration sera la nomination d\u2019un nouveau Premier ministre. L\u00e0, \u00e9galement, pour enfin satisfaire \u00e0 une obligation l\u00e9gale de la Constitution, en tant que gardien de celle-ci. Toutefois, difficile de se prononcer sur le nom ou sur le profil. En tout \u00e9tat de cause, son choix aura des r\u00e9percussions sur l\u2019avenir de l\u2019APR.&nbsp; Une question tr\u00e8s incertaine, mais plausible est relative au cas Karim Meissa Wade et Khalifa Ababacar Sall. Dans une volont\u00e9 de rendre le jeu d\u00e9mocratique tr\u00e8s ouvert, Macky Sall serait tent\u00e9 de les amnistier. Un point qui suscite beaucoup d\u2019interrogations par rapport \u00e0 l\u2019opportunit\u00e9 mais aussi rendement politique.","og_url":"https:\/\/www.public.sn\/index.php\/2022\/09\/16\/adresse-a-la-nation-du-chef-de-letat-les-points-majeurs-de-la-declaration-de-macky-sall\/","og_site_name":"LE PUBLIC","article_published_time":"2022-09-16T19:53:07+00:00","article_modified_time":"2022-09-16T23:05:11+00:00","og_image":[{"width":864,"height":491,"url":"https:\/\/www.public.sn\/wp-content\/uploads\/2022\/09\/BB1CA7D9-EF75-4147-B241-CB7D92A22F9D.jpeg","type":"image\/jpeg"}],"author":"LA REDACTION","twitter_card":"summary_large_image","twitter_misc":{"\u00c9crit par":"LA REDACTION","Dur\u00e9e de lecture estim\u00e9e":"3 minutes"},"schema":{"@context":"https:\/\/schema.org","@graph":[{"@type":"Article","@id":"https:\/\/www.public.sn\/index.php\/2022\/09\/16\/adresse-a-la-nation-du-chef-de-letat-les-points-majeurs-de-la-declaration-de-macky-sall\/#article","isPartOf":{"@id":"https:\/\/www.public.sn\/index.php\/2022\/09\/16\/adresse-a-la-nation-du-chef-de-letat-les-points-majeurs-de-la-declaration-de-macky-sall\/"},"author":{"name":"LA REDACTION","@id":"https:\/\/www.public.sn\/#\/schema\/person\/e3f4a11b037d4203902db148f9bc8d5a"},"headline":"Adresse \u00e0 la nation du chef de l\u2019Etat: Les points majeurs de la d\u00e9claration de Macky\u00a0Sall.","datePublished":"2022-09-16T19:53:07+00:00","dateModified":"2022-09-16T23:05:11+00:00","mainEntityOfPage":{"@id":"https:\/\/www.public.sn\/index.php\/2022\/09\/16\/adresse-a-la-nation-du-chef-de-letat-les-points-majeurs-de-la-declaration-de-macky-sall\/"},"wordCount":474,"commentCount":0,"publisher":{"@id":"https:\/\/www.public.sn\/#organization"},"image":{"@id":"https:\/\/www.public.sn\/index.php\/2022\/09\/16\/adresse-a-la-nation-du-chef-de-letat-les-points-majeurs-de-la-declaration-de-macky-sall\/#primaryimage"},"thumbnailUrl":"https:\/\/www.public.sn\/wp-content\/uploads\/2022\/09\/BB1CA7D9-EF75-4147-B241-CB7D92A22F9D.jpeg","keywords":["Assembl\u00e9e Nationale","Justice","Macky Sall","Opposition","Pr\u00e9sidentielle 2024"],"articleSection":["ACTUALIT\u00c9S","POLITIQUE","PUBLIC TV","VEDETTE"],"inLanguage":"fr-FR","potentialAction":[{"@type":"CommentAction","name":"Comment","target":["https:\/\/www.public.sn\/index.php\/2022\/09\/16\/adresse-a-la-nation-du-chef-de-letat-les-points-majeurs-de-la-declaration-de-macky-sall\/#respond"]}]},{"@type":"WebPage","@id":"https:\/\/www.public.sn\/index.php\/2022\/09\/16\/adresse-a-la-nation-du-chef-de-letat-les-points-majeurs-de-la-declaration-de-macky-sall\/","url":"https:\/\/www.public.sn\/index.php\/2022\/09\/16\/adresse-a-la-nation-du-chef-de-letat-les-points-majeurs-de-la-declaration-de-macky-sall\/","name":"Adresse \u00e0 la nation du chef de l\u2019Etat: Les points majeurs de la d\u00e9claration de Macky\u00a0Sall. - LE PUBLIC","isPartOf":{"@id":"https:\/\/www.public.sn\/#website"},"primaryImageOfPage":{"@id":"https:\/\/www.public.sn\/index.php\/2022\/09\/16\/adresse-a-la-nation-du-chef-de-letat-les-points-majeurs-de-la-declaration-de-macky-sall\/#primaryimage"},"image":{"@id":"https:\/\/www.public.sn\/index.php\/2022\/09\/16\/adresse-a-la-nation-du-chef-de-letat-les-points-majeurs-de-la-declaration-de-macky-sall\/#primaryimage"},"thumbnailUrl":"https:\/\/www.public.sn\/wp-content\/uploads\/2022\/09\/BB1CA7D9-EF75-4147-B241-CB7D92A22F9D.jpeg","datePublished":"2022-09-16T19:53:07+00:00","dateModified":"2022-09-16T23:05:11+00:00","breadcrumb":{"@id":"https:\/\/www.public.sn\/index.php\/2022\/09\/16\/adresse-a-la-nation-du-chef-de-letat-les-points-majeurs-de-la-declaration-de-macky-sall\/#breadcrumb"},"inLanguage":"fr-FR","potentialAction":[{"@type":"ReadAction","target":["https:\/\/www.public.sn\/index.php\/2022\/09\/16\/adresse-a-la-nation-du-chef-de-letat-les-points-majeurs-de-la-declaration-de-macky-sall\/"]}]},{"@type":"ImageObject","inLanguage":"fr-FR","@id":"https:\/\/www.public.sn\/index.php\/2022\/09\/16\/adresse-a-la-nation-du-chef-de-letat-les-points-majeurs-de-la-declaration-de-macky-sall\/#primaryimage","url":"https:\/\/www.public.sn\/wp-content\/uploads\/2022\/09\/BB1CA7D9-EF75-4147-B241-CB7D92A22F9D.jpeg","contentUrl":"https:\/\/www.public.sn\/wp-content\/uploads\/2022\/09\/BB1CA7D9-EF75-4147-B241-CB7D92A22F9D.jpeg","width":864,"height":491},{"@type":"BreadcrumbList","@id":"https:\/\/www.public.sn\/index.php\/2022\/09\/16\/adresse-a-la-nation-du-chef-de-letat-les-points-majeurs-de-la-declaration-de-macky-sall\/#breadcrumb","itemListElement":[{"@type":"ListItem","position":1,"name":"Accueil","item":"https:\/\/www.public.sn\/"},{"@type":"ListItem","position":2,"name":"Adresse \u00e0 la nation du chef de l\u2019Etat: Les points majeurs de la d\u00e9claration de Macky\u00a0Sall."}]},{"@type":"WebSite","@id":"https:\/\/www.public.sn\/#website","url":"https:\/\/www.public.sn\/","name":"LE PUBLIC","description":"","publisher":{"@id":"https:\/\/www.public.sn\/#organization"},"potentialAction":[{"@type":"SearchAction","target":{"@type":"EntryPoint","urlTemplate":"https:\/\/www.public.sn\/?s={search_term_string}"},"query-input":{"@type":"PropertyValueSpecification","valueRequired":true,"valueName":"search_term_string"}}],"inLanguage":"fr-FR"},{"@type":"Organization","@id":"https:\/\/www.public.sn\/#organization","name":"LE PUBLIC","url":"https:\/\/www.public.sn\/","logo":{"@type":"ImageObject","inLanguage":"fr-FR","@id":"https:\/\/www.public.sn\/#\/schema\/logo\/image\/","url":"https:\/\/www.public.sn\/wp-content\/uploads\/2024\/05\/cropped-LOGO-PUBLIC.SN_.png","contentUrl":"https:\/\/www.public.sn\/wp-content\/uploads\/2024\/05\/cropped-LOGO-PUBLIC.SN_.png","width":682,"height":192,"caption":"LE PUBLIC"},"image":{"@id":"https:\/\/www.public.sn\/#\/schema\/logo\/image\/"}},{"@type":"Person","@id":"https:\/\/www.public.sn\/#\/schema\/person\/e3f4a11b037d4203902db148f9bc8d5a","name":"LA REDACTION","image":{"@type":"ImageObject","inLanguage":"fr-FR","@id":"https:\/\/www.public.sn\/#\/schema\/person\/image\/","url":"https:\/\/secure.gravatar.com\/avatar\/d6c030db45db2883c075085c5d6c6258654a801a93766b49af0b82d4f454e2a5?s=96&d=mm&r=g","contentUrl":"https:\/\/secure.gravatar.com\/avatar\/d6c030db45db2883c075085c5d6c6258654a801a93766b49af0b82d4f454e2a5?s=96&d=mm&r=g","caption":"LA REDACTION"},"sameAs":["http:\/\/www.public.sn"],"url":"https:\/\/www.public.sn\/index.php\/author\/admin7324\/"}]}},"jetpack_featured_media_url":"https:\/\/www.public.sn\/wp-content\/uploads\/2022\/09\/BB1CA7D9-EF75-4147-B241-CB7D92A22F9D.jpeg","jetpack_sharing_enabled":true,"_links":{"self":[{"href":"https:\/\/www.public.sn\/index.php\/wp-json\/wp\/v2\/posts\/2092","targetHints":{"allow":["GET"]}}],"collection":[{"href":"https:\/\/www.public.sn\/index.php\/wp-json\/wp\/v2\/posts"}],"about":[{"href":"https:\/\/www.public.sn\/index.php\/wp-json\/wp\/v2\/types\/post"}],"author":[{"embeddable":true,"href":"https:\/\/www.public.sn\/index.php\/wp-json\/wp\/v2\/users\/1"}],"replies":[{"embeddable":true,"href":"https:\/\/www.public.sn\/index.php\/wp-json\/wp\/v2\/comments?post=2092"}],"version-history":[{"count":1,"href":"https:\/\/www.public.sn\/index.php\/wp-json\/wp\/v2\/posts\/2092\/revisions"}],"predecessor-version":[{"id":2094,"href":"https:\/\/www.public.sn\/index.php\/wp-json\/wp\/v2\/posts\/2092\/revisions\/2094"}],"wp:featuredmedia":[{"embeddable":true,"href":"https:\/\/www.public.sn\/index.php\/wp-json\/wp\/v2\/media\/2093"}],"wp:attachment":[{"href":"https:\/\/www.public.sn\/index.php\/wp-json\/wp\/v2\/media?parent=2092"}],"wp:term":[{"taxonomy":"category","embeddable":true,"href":"https:\/\/www.public.sn\/index.php\/wp-json\/wp\/v2\/categories?post=2092"},{"taxonomy":"post_tag","embeddable":true,"href":"https:\/\/www.public.sn\/index.php\/wp-json\/wp\/v2\/tags?post=2092"}],"curies":[{"name":"wp","href":"https:\/\/api.w.org\/{rel}","templated":true}]}}