{"id":2096,"date":"2022-09-16T22:55:40","date_gmt":"2022-09-16T22:55:40","guid":{"rendered":"https:\/\/www.public.sn\/?p=2096"},"modified":"2022-09-16T22:57:37","modified_gmt":"2022-09-16T22:57:37","slug":"incidents-a-lhemicycle-macky-sall-se-desole-des-attitudes-de-certains-deputes","status":"publish","type":"post","link":"https:\/\/www.public.sn\/index.php\/2022\/09\/16\/incidents-a-lhemicycle-macky-sall-se-desole-des-attitudes-de-certains-deputes\/","title":{"rendered":"Incidents \u00e0 l\u2019h\u00e9micycle: Macky Sall se d\u00e9sole des attitudes de certains d\u00e9put\u00e9s."},"content":{"rendered":"\n<p>Dans son discours \u00e0 la nation ce vendredi soir, le pr\u00e9sident s\u00e9n\u00e9galais Macky Sall a exprim\u00e9 son regret et sa d\u00e9solation \u00e0 la suite des barrages et insultes en d\u00e9put\u00e9s, not\u00e9es lundi 12 septembre, lors de l\u2019installation des d\u00e9put\u00e9s de la 14e l\u00e9gislature.<\/p><div class=\"publi-paragraphe1\" style=\"margin-top: 10px;margin-bottom: 10px;margin-left: auto;margin-right: auto;text-align: center;\" id=\"publi-3282615086\"><div class=\"publi-adlabel\">Publicit\u00e9<\/div><script async src=\"\/\/pagead2.googlesyndication.com\/pagead\/js\/adsbygoogle.js?client=ca-pub-4089586018074219\" crossorigin=\"anonymous\"><\/script><ins class=\"adsbygoogle\" style=\"display:block;\" data-ad-client=\"ca-pub-4089586018074219\" \ndata-ad-slot=\"2087940154\" \ndata-ad-format=\"auto\"><\/ins>\n<script> \n(adsbygoogle = window.adsbygoogle || []).push({}); \n<\/script>\n<\/div>\n\n\n\n<p><em>\u201cJ\u2019ai souhait\u00e9 m\u2019adresser \u00e0 vous apr\u00e8s les \u00e9lections l\u00e9gislatives du 31 juillet 2022 celle des hauts conseillers des collectivit\u00e9s territoriales du 04 septembre et l\u2019installation du nouveau Parlement\u201d,<\/em> a-t-il avanc\u00e9 vendredi soir dans un message radiot\u00e9l\u00e9vis\u00e9.<\/p>\n\n\n\n<p>Le pr\u00e9sident Sall a salu\u00e9 \u00ab&nbsp;dans le m\u00eame esprit (\u2026) le bon d\u00e9roulement des \u00e9lections pour le renouvellement du Haut Conseil des Collectivit\u00e9s Territoriales&nbsp;\u00bb, le 4 septembre dernier, avant de revenir sur les l\u00e9gislatives du 31 juillet dernier. Cette \u00e9ch\u00e9ance \u00e9lectorale \u00ab&nbsp;referm\u00e9e, il n\u2019y a plus \u00e0 mes yeux des candidats de camps oppos\u00e9s, mais des repr\u00e9sentants du peuple, \u00e9lus par et pour le peuple. Il en est ainsi parce que d\u2019Est en Ouest, du Nord au Sud, chaque voix citoyenne compte, avec les m\u00eames droits et la m\u00eame dignit\u00e9&nbsp;\u00bb, a-t-il relev\u00e9.<\/p>\n\n\n\n<p>\u00ab\u00a0Au demeurant, au-del\u00e0 de nos convictions et nos choix individuels, nous sommes un m\u00eame peuple, nous avons la m\u00eame histoire et le m\u00eame destin. La nation s\u00e9n\u00e9galaise reste une et indivisible. Nous sommes une seule et m\u00eame famille\u00a0\u00bb, a assen\u00e9 le pr\u00e9sident Sall. \u201c<em>Le choc des id\u00e9es et des ambitions ne doit jamais nous faire oublier notre vivre ensemble. Voil\u00e0 pourquoi je regrette profond\u00e9ment les incidents survenus \u00e0 l\u2019occasion de l\u2019\u00e9lection du Bureau de l\u2019Assembl\u00e9e nationale\u00a0 mardi et mercredi derniers\u201d, <\/em>dit-il.<\/p>\n\n\n\n<p>\u201c<em>Le spectacle d\u00e9solant auquel certains se sont livr\u00e9s dans l\u2019enceinte de la Repr\u00e9sentation nationale, en d\u00e9truisant du mat\u00e9riel et en violant la sacralit\u00e9 des lieux foulant ainsi aux pieds des dispositions du r\u00e8glement int\u00e9rieur de l\u2019Assembl\u00e9e nationale est d\u2019une extr\u00eame gravit\u00e9\u201d<\/em>, insiste Macky Sall. Selon lui, cette situation est \u00ab\u00a0indigne d\u2019une d\u00e9mocratie majeure et indigne de la confiance du peuple\u00a0\u00bb, et ce \u00ab\u00a0n\u2019est certainement pas ce que les citoyens, qui ont vot\u00e9 dans le calme et la transparence, attendent de leurs repr\u00e9sentants\u201d, <\/p>\n<div class=\"publi-apres-le-contenu\" style=\"margin-top: 10px;margin-bottom: 10px;margin-left: auto;margin-right: auto;text-align: center;\" id=\"publi-1694433592\"><div class=\"publi-adlabel\">Publicit\u00e9<\/div><script async src=\"\/\/pagead2.googlesyndication.com\/pagead\/js\/adsbygoogle.js?client=ca-pub-4089586018074219\" crossorigin=\"anonymous\"><\/script><ins class=\"adsbygoogle\" style=\"display:block;\" data-ad-client=\"ca-pub-4089586018074219\" \ndata-ad-slot=\"2087940154\" \ndata-ad-format=\"auto\"><\/ins>\n<script> \n(adsbygoogle = window.adsbygoogle || []).push({}); \n<\/script>\n<\/div>","protected":false},"excerpt":{"rendered":"<p>Dans son discours \u00e0 la nation ce vendredi soir, le pr\u00e9sident s\u00e9n\u00e9galais Macky Sall a exprim\u00e9 son regret et sa d\u00e9solation \u00e0 la suite des barrages et insultes en d\u00e9put\u00e9s, not\u00e9es lundi 12 septembre, lors de l\u2019installation des d\u00e9put\u00e9s de la 14e l\u00e9gislature. \u201cJ\u2019ai souhait\u00e9 m\u2019adresser \u00e0 vous apr\u00e8s les \u00e9lections l\u00e9gislatives du 31 juillet 2022 celle des hauts conseillers des collectivit\u00e9s territoriales du 04 septembre et l\u2019installation du nouveau Parlement\u201d, a-t-il avanc\u00e9 vendredi soir dans un message radiot\u00e9l\u00e9vis\u00e9. Le pr\u00e9sident Sall a salu\u00e9 \u00ab&nbsp;dans le m\u00eame esprit (\u2026) le bon d\u00e9roulement des \u00e9lections pour le renouvellement du Haut Conseil des Collectivit\u00e9s Territoriales&nbsp;\u00bb, le 4 septembre dernier, avant de revenir sur les l\u00e9gislatives du 31 juillet dernier. Cette \u00e9ch\u00e9ance \u00e9lectorale \u00ab&nbsp;referm\u00e9e, il n\u2019y a plus \u00e0 mes yeux des candidats de camps oppos\u00e9s, mais des repr\u00e9sentants du peuple, \u00e9lus par et pour le peuple. Il en est ainsi parce que d\u2019Est en Ouest, du Nord au Sud, chaque voix citoyenne compte, avec les m\u00eames droits et la m\u00eame dignit\u00e9&nbsp;\u00bb, a-t-il relev\u00e9. \u00ab\u00a0Au demeurant, au-del\u00e0 de nos convictions et nos choix individuels, nous sommes un m\u00eame peuple, nous avons la m\u00eame histoire et le m\u00eame destin. La nation s\u00e9n\u00e9galaise reste une et indivisible. Nous sommes une seule et m\u00eame famille\u00a0\u00bb, a assen\u00e9 le pr\u00e9sident Sall. \u201cLe choc des id\u00e9es et des ambitions ne doit jamais nous faire oublier notre vivre ensemble. Voil\u00e0 pourquoi je regrette profond\u00e9ment les incidents survenus \u00e0 l\u2019occasion de l\u2019\u00e9lection du Bureau de l\u2019Assembl\u00e9e nationale\u00a0 mardi et mercredi derniers\u201d, dit-il. \u201cLe spectacle d\u00e9solant auquel certains se sont livr\u00e9s dans l\u2019enceinte de la Repr\u00e9sentation nationale, en d\u00e9truisant du mat\u00e9riel et en violant la sacralit\u00e9 des lieux foulant ainsi aux pieds des dispositions du r\u00e8glement int\u00e9rieur de l\u2019Assembl\u00e9e nationale est d\u2019une extr\u00eame gravit\u00e9\u201d, insiste Macky Sall. Selon lui, cette situation est \u00ab\u00a0indigne d\u2019une d\u00e9mocratie majeure et indigne de la confiance du peuple\u00a0\u00bb, et ce \u00ab\u00a0n\u2019est certainement pas ce que les citoyens, qui ont vot\u00e9 dans le calme et la transparence, attendent de leurs repr\u00e9sentants\u201d,<\/p>\n","protected":false},"author":1,"featured_media":2099,"comment_status":"open","ping_status":"open","sticky":false,"template":"","format":"standard","meta":{"_jetpack_memberships_contains_paid_content":false,"footnotes":""},"categories":[375,3],"tags":[12,11,17,20],"class_list":["post-2096","post","type-post","status-publish","format-standard","has-post-thumbnail","hentry","category-actualites","category-politique","tag-assemblee-nationale","tag-macky-sall","tag-opposition","tag-presidentielle-2024","entry","has-media","owp-thumbs-layout-horizontal","owp-btn-normal","owp-tabs-layout-horizontal","has-no-thumbnails","has-product-nav"],"yoast_head":"<!-- This site is optimized with the Yoast SEO plugin v25.5 - https:\/\/yoast.com\/wordpress\/plugins\/seo\/ -->\n<title>Incidents \u00e0 l\u2019h\u00e9micycle: Macky Sall se d\u00e9sole des attitudes de certains d\u00e9put\u00e9s. - LE PUBLIC<\/title>\n<meta name=\"robots\" content=\"index, follow, max-snippet:-1, max-image-preview:large, max-video-preview:-1\" \/>\n<link rel=\"canonical\" href=\"https:\/\/www.public.sn\/index.php\/2022\/09\/16\/incidents-a-lhemicycle-macky-sall-se-desole-des-attitudes-de-certains-deputes\/\" \/>\n<meta property=\"og:locale\" content=\"fr_FR\" \/>\n<meta property=\"og:type\" content=\"article\" \/>\n<meta property=\"og:title\" content=\"Incidents \u00e0 l\u2019h\u00e9micycle: Macky Sall se d\u00e9sole des attitudes de certains d\u00e9put\u00e9s. - LE PUBLIC\" \/>\n<meta property=\"og:description\" content=\"Dans son discours \u00e0 la nation ce vendredi soir, le pr\u00e9sident s\u00e9n\u00e9galais Macky Sall a exprim\u00e9 son regret et sa d\u00e9solation \u00e0 la suite des barrages et insultes en d\u00e9put\u00e9s, not\u00e9es lundi 12 septembre, lors de l\u2019installation des d\u00e9put\u00e9s de la 14e l\u00e9gislature. \u201cJ\u2019ai souhait\u00e9 m\u2019adresser \u00e0 vous apr\u00e8s les \u00e9lections l\u00e9gislatives du 31 juillet 2022 celle des hauts conseillers des collectivit\u00e9s territoriales du 04 septembre et l\u2019installation du nouveau Parlement\u201d, a-t-il avanc\u00e9 vendredi soir dans un message radiot\u00e9l\u00e9vis\u00e9. Le pr\u00e9sident Sall a salu\u00e9 \u00ab&nbsp;dans le m\u00eame esprit (\u2026) le bon d\u00e9roulement des \u00e9lections pour le renouvellement du Haut Conseil des Collectivit\u00e9s Territoriales&nbsp;\u00bb, le 4 septembre dernier, avant de revenir sur les l\u00e9gislatives du 31 juillet dernier. Cette \u00e9ch\u00e9ance \u00e9lectorale \u00ab&nbsp;referm\u00e9e, il n\u2019y a plus \u00e0 mes yeux des candidats de camps oppos\u00e9s, mais des repr\u00e9sentants du peuple, \u00e9lus par et pour le peuple. Il en est ainsi parce que d\u2019Est en Ouest, du Nord au Sud, chaque voix citoyenne compte, avec les m\u00eames droits et la m\u00eame dignit\u00e9&nbsp;\u00bb, a-t-il relev\u00e9. \u00ab\u00a0Au demeurant, au-del\u00e0 de nos convictions et nos choix individuels, nous sommes un m\u00eame peuple, nous avons la m\u00eame histoire et le m\u00eame destin. La nation s\u00e9n\u00e9galaise reste une et indivisible. Nous sommes une seule et m\u00eame famille\u00a0\u00bb, a assen\u00e9 le pr\u00e9sident Sall. \u201cLe choc des id\u00e9es et des ambitions ne doit jamais nous faire oublier notre vivre ensemble. Voil\u00e0 pourquoi je regrette profond\u00e9ment les incidents survenus \u00e0 l\u2019occasion de l\u2019\u00e9lection du Bureau de l\u2019Assembl\u00e9e nationale\u00a0 mardi et mercredi derniers\u201d, dit-il. \u201cLe spectacle d\u00e9solant auquel certains se sont livr\u00e9s dans l\u2019enceinte de la Repr\u00e9sentation nationale, en d\u00e9truisant du mat\u00e9riel et en violant la sacralit\u00e9 des lieux foulant ainsi aux pieds des dispositions du r\u00e8glement int\u00e9rieur de l\u2019Assembl\u00e9e nationale est d\u2019une extr\u00eame gravit\u00e9\u201d, insiste Macky Sall. Selon lui, cette situation est \u00ab\u00a0indigne d\u2019une d\u00e9mocratie majeure et indigne de la confiance du peuple\u00a0\u00bb, et ce \u00ab\u00a0n\u2019est certainement pas ce que les citoyens, qui ont vot\u00e9 dans le calme et la transparence, attendent de leurs repr\u00e9sentants\u201d,\" \/>\n<meta property=\"og:url\" content=\"https:\/\/www.public.sn\/index.php\/2022\/09\/16\/incidents-a-lhemicycle-macky-sall-se-desole-des-attitudes-de-certains-deputes\/\" \/>\n<meta property=\"og:site_name\" content=\"LE PUBLIC\" \/>\n<meta property=\"article:published_time\" content=\"2022-09-16T22:55:40+00:00\" \/>\n<meta property=\"article:modified_time\" content=\"2022-09-16T22:57:37+00:00\" \/>\n<meta property=\"og:image\" content=\"https:\/\/www.public.sn\/wp-content\/uploads\/2022\/09\/31CA4C85-CD24-4327-BD24-7BD7ECA90611.jpeg\" \/>\n\t<meta property=\"og:image:width\" content=\"299\" \/>\n\t<meta property=\"og:image:height\" content=\"168\" \/>\n\t<meta property=\"og:image:type\" content=\"image\/jpeg\" \/>\n<meta name=\"author\" content=\"LA REDACTION\" \/>\n<meta name=\"twitter:card\" content=\"summary_large_image\" \/>\n<meta name=\"twitter:label1\" content=\"\u00c9crit par\" \/>\n\t<meta name=\"twitter:data1\" content=\"LA REDACTION\" \/>\n\t<meta name=\"twitter:label2\" content=\"Dur\u00e9e de lecture estim\u00e9e\" \/>\n\t<meta name=\"twitter:data2\" content=\"2 minutes\" \/>\n<script type=\"application\/ld+json\" class=\"yoast-schema-graph\">{\"@context\":\"https:\/\/schema.org\",\"@graph\":[{\"@type\":\"Article\",\"@id\":\"https:\/\/www.public.sn\/index.php\/2022\/09\/16\/incidents-a-lhemicycle-macky-sall-se-desole-des-attitudes-de-certains-deputes\/#article\",\"isPartOf\":{\"@id\":\"https:\/\/www.public.sn\/index.php\/2022\/09\/16\/incidents-a-lhemicycle-macky-sall-se-desole-des-attitudes-de-certains-deputes\/\"},\"author\":{\"name\":\"LA REDACTION\",\"@id\":\"https:\/\/www.public.sn\/#\/schema\/person\/e3f4a11b037d4203902db148f9bc8d5a\"},\"headline\":\"Incidents \u00e0 l\u2019h\u00e9micycle: Macky Sall se d\u00e9sole des attitudes de certains d\u00e9put\u00e9s.\",\"datePublished\":\"2022-09-16T22:55:40+00:00\",\"dateModified\":\"2022-09-16T22:57:37+00:00\",\"mainEntityOfPage\":{\"@id\":\"https:\/\/www.public.sn\/index.php\/2022\/09\/16\/incidents-a-lhemicycle-macky-sall-se-desole-des-attitudes-de-certains-deputes\/\"},\"wordCount\":403,\"commentCount\":0,\"publisher\":{\"@id\":\"https:\/\/www.public.sn\/#organization\"},\"image\":{\"@id\":\"https:\/\/www.public.sn\/index.php\/2022\/09\/16\/incidents-a-lhemicycle-macky-sall-se-desole-des-attitudes-de-certains-deputes\/#primaryimage\"},\"thumbnailUrl\":\"https:\/\/www.public.sn\/wp-content\/uploads\/2022\/09\/31CA4C85-CD24-4327-BD24-7BD7ECA90611.jpeg\",\"keywords\":[\"Assembl\u00e9e Nationale\",\"Macky Sall\",\"Opposition\",\"Pr\u00e9sidentielle 2024\"],\"articleSection\":[\"ACTUALIT\u00c9S\",\"POLITIQUE\"],\"inLanguage\":\"fr-FR\",\"potentialAction\":[{\"@type\":\"CommentAction\",\"name\":\"Comment\",\"target\":[\"https:\/\/www.public.sn\/index.php\/2022\/09\/16\/incidents-a-lhemicycle-macky-sall-se-desole-des-attitudes-de-certains-deputes\/#respond\"]}]},{\"@type\":\"WebPage\",\"@id\":\"https:\/\/www.public.sn\/index.php\/2022\/09\/16\/incidents-a-lhemicycle-macky-sall-se-desole-des-attitudes-de-certains-deputes\/\",\"url\":\"https:\/\/www.public.sn\/index.php\/2022\/09\/16\/incidents-a-lhemicycle-macky-sall-se-desole-des-attitudes-de-certains-deputes\/\",\"name\":\"Incidents \u00e0 l\u2019h\u00e9micycle: Macky Sall se d\u00e9sole des attitudes de certains d\u00e9put\u00e9s. - LE PUBLIC\",\"isPartOf\":{\"@id\":\"https:\/\/www.public.sn\/#website\"},\"primaryImageOfPage\":{\"@id\":\"https:\/\/www.public.sn\/index.php\/2022\/09\/16\/incidents-a-lhemicycle-macky-sall-se-desole-des-attitudes-de-certains-deputes\/#primaryimage\"},\"image\":{\"@id\":\"https:\/\/www.public.sn\/index.php\/2022\/09\/16\/incidents-a-lhemicycle-macky-sall-se-desole-des-attitudes-de-certains-deputes\/#primaryimage\"},\"thumbnailUrl\":\"https:\/\/www.public.sn\/wp-content\/uploads\/2022\/09\/31CA4C85-CD24-4327-BD24-7BD7ECA90611.jpeg\",\"datePublished\":\"2022-09-16T22:55:40+00:00\",\"dateModified\":\"2022-09-16T22:57:37+00:00\",\"breadcrumb\":{\"@id\":\"https:\/\/www.public.sn\/index.php\/2022\/09\/16\/incidents-a-lhemicycle-macky-sall-se-desole-des-attitudes-de-certains-deputes\/#breadcrumb\"},\"inLanguage\":\"fr-FR\",\"potentialAction\":[{\"@type\":\"ReadAction\",\"target\":[\"https:\/\/www.public.sn\/index.php\/2022\/09\/16\/incidents-a-lhemicycle-macky-sall-se-desole-des-attitudes-de-certains-deputes\/\"]}]},{\"@type\":\"ImageObject\",\"inLanguage\":\"fr-FR\",\"@id\":\"https:\/\/www.public.sn\/index.php\/2022\/09\/16\/incidents-a-lhemicycle-macky-sall-se-desole-des-attitudes-de-certains-deputes\/#primaryimage\",\"url\":\"https:\/\/www.public.sn\/wp-content\/uploads\/2022\/09\/31CA4C85-CD24-4327-BD24-7BD7ECA90611.jpeg\",\"contentUrl\":\"https:\/\/www.public.sn\/wp-content\/uploads\/2022\/09\/31CA4C85-CD24-4327-BD24-7BD7ECA90611.jpeg\",\"width\":299,\"height\":168},{\"@type\":\"BreadcrumbList\",\"@id\":\"https:\/\/www.public.sn\/index.php\/2022\/09\/16\/incidents-a-lhemicycle-macky-sall-se-desole-des-attitudes-de-certains-deputes\/#breadcrumb\",\"itemListElement\":[{\"@type\":\"ListItem\",\"position\":1,\"name\":\"Accueil\",\"item\":\"https:\/\/www.public.sn\/\"},{\"@type\":\"ListItem\",\"position\":2,\"name\":\"Incidents \u00e0 l\u2019h\u00e9micycle: Macky Sall se d\u00e9sole des attitudes de certains d\u00e9put\u00e9s.\"}]},{\"@type\":\"WebSite\",\"@id\":\"https:\/\/www.public.sn\/#website\",\"url\":\"https:\/\/www.public.sn\/\",\"name\":\"LE PUBLIC\",\"description\":\"\",\"publisher\":{\"@id\":\"https:\/\/www.public.sn\/#organization\"},\"potentialAction\":[{\"@type\":\"SearchAction\",\"target\":{\"@type\":\"EntryPoint\",\"urlTemplate\":\"https:\/\/www.public.sn\/?s={search_term_string}\"},\"query-input\":{\"@type\":\"PropertyValueSpecification\",\"valueRequired\":true,\"valueName\":\"search_term_string\"}}],\"inLanguage\":\"fr-FR\"},{\"@type\":\"Organization\",\"@id\":\"https:\/\/www.public.sn\/#organization\",\"name\":\"LE PUBLIC\",\"url\":\"https:\/\/www.public.sn\/\",\"logo\":{\"@type\":\"ImageObject\",\"inLanguage\":\"fr-FR\",\"@id\":\"https:\/\/www.public.sn\/#\/schema\/logo\/image\/\",\"url\":\"https:\/\/www.public.sn\/wp-content\/uploads\/2024\/05\/cropped-LOGO-PUBLIC.SN_.png\",\"contentUrl\":\"https:\/\/www.public.sn\/wp-content\/uploads\/2024\/05\/cropped-LOGO-PUBLIC.SN_.png\",\"width\":682,\"height\":192,\"caption\":\"LE PUBLIC\"},\"image\":{\"@id\":\"https:\/\/www.public.sn\/#\/schema\/logo\/image\/\"}},{\"@type\":\"Person\",\"@id\":\"https:\/\/www.public.sn\/#\/schema\/person\/e3f4a11b037d4203902db148f9bc8d5a\",\"name\":\"LA REDACTION\",\"image\":{\"@type\":\"ImageObject\",\"inLanguage\":\"fr-FR\",\"@id\":\"https:\/\/www.public.sn\/#\/schema\/person\/image\/\",\"url\":\"https:\/\/secure.gravatar.com\/avatar\/d6c030db45db2883c075085c5d6c6258654a801a93766b49af0b82d4f454e2a5?s=96&d=mm&r=g\",\"contentUrl\":\"https:\/\/secure.gravatar.com\/avatar\/d6c030db45db2883c075085c5d6c6258654a801a93766b49af0b82d4f454e2a5?s=96&d=mm&r=g\",\"caption\":\"LA REDACTION\"},\"sameAs\":[\"http:\/\/www.public.sn\"],\"url\":\"https:\/\/www.public.sn\/index.php\/author\/admin7324\/\"}]}<\/script>\n<!-- \/ Yoast SEO plugin. -->","yoast_head_json":{"title":"Incidents \u00e0 l\u2019h\u00e9micycle: Macky Sall se d\u00e9sole des attitudes de certains d\u00e9put\u00e9s. - LE PUBLIC","robots":{"index":"index","follow":"follow","max-snippet":"max-snippet:-1","max-image-preview":"max-image-preview:large","max-video-preview":"max-video-preview:-1"},"canonical":"https:\/\/www.public.sn\/index.php\/2022\/09\/16\/incidents-a-lhemicycle-macky-sall-se-desole-des-attitudes-de-certains-deputes\/","og_locale":"fr_FR","og_type":"article","og_title":"Incidents \u00e0 l\u2019h\u00e9micycle: Macky Sall se d\u00e9sole des attitudes de certains d\u00e9put\u00e9s. - LE PUBLIC","og_description":"Dans son discours \u00e0 la nation ce vendredi soir, le pr\u00e9sident s\u00e9n\u00e9galais Macky Sall a exprim\u00e9 son regret et sa d\u00e9solation \u00e0 la suite des barrages et insultes en d\u00e9put\u00e9s, not\u00e9es lundi 12 septembre, lors de l\u2019installation des d\u00e9put\u00e9s de la 14e l\u00e9gislature. \u201cJ\u2019ai souhait\u00e9 m\u2019adresser \u00e0 vous apr\u00e8s les \u00e9lections l\u00e9gislatives du 31 juillet 2022 celle des hauts conseillers des collectivit\u00e9s territoriales du 04 septembre et l\u2019installation du nouveau Parlement\u201d, a-t-il avanc\u00e9 vendredi soir dans un message radiot\u00e9l\u00e9vis\u00e9. Le pr\u00e9sident Sall a salu\u00e9 \u00ab&nbsp;dans le m\u00eame esprit (\u2026) le bon d\u00e9roulement des \u00e9lections pour le renouvellement du Haut Conseil des Collectivit\u00e9s Territoriales&nbsp;\u00bb, le 4 septembre dernier, avant de revenir sur les l\u00e9gislatives du 31 juillet dernier. Cette \u00e9ch\u00e9ance \u00e9lectorale \u00ab&nbsp;referm\u00e9e, il n\u2019y a plus \u00e0 mes yeux des candidats de camps oppos\u00e9s, mais des repr\u00e9sentants du peuple, \u00e9lus par et pour le peuple. Il en est ainsi parce que d\u2019Est en Ouest, du Nord au Sud, chaque voix citoyenne compte, avec les m\u00eames droits et la m\u00eame dignit\u00e9&nbsp;\u00bb, a-t-il relev\u00e9. \u00ab\u00a0Au demeurant, au-del\u00e0 de nos convictions et nos choix individuels, nous sommes un m\u00eame peuple, nous avons la m\u00eame histoire et le m\u00eame destin. La nation s\u00e9n\u00e9galaise reste une et indivisible. Nous sommes une seule et m\u00eame famille\u00a0\u00bb, a assen\u00e9 le pr\u00e9sident Sall. \u201cLe choc des id\u00e9es et des ambitions ne doit jamais nous faire oublier notre vivre ensemble. Voil\u00e0 pourquoi je regrette profond\u00e9ment les incidents survenus \u00e0 l\u2019occasion de l\u2019\u00e9lection du Bureau de l\u2019Assembl\u00e9e nationale\u00a0 mardi et mercredi derniers\u201d, dit-il. \u201cLe spectacle d\u00e9solant auquel certains se sont livr\u00e9s dans l\u2019enceinte de la Repr\u00e9sentation nationale, en d\u00e9truisant du mat\u00e9riel et en violant la sacralit\u00e9 des lieux foulant ainsi aux pieds des dispositions du r\u00e8glement int\u00e9rieur de l\u2019Assembl\u00e9e nationale est d\u2019une extr\u00eame gravit\u00e9\u201d, insiste Macky Sall. Selon lui, cette situation est \u00ab\u00a0indigne d\u2019une d\u00e9mocratie majeure et indigne de la confiance du peuple\u00a0\u00bb, et ce \u00ab\u00a0n\u2019est certainement pas ce que les citoyens, qui ont vot\u00e9 dans le calme et la transparence, attendent de leurs repr\u00e9sentants\u201d,","og_url":"https:\/\/www.public.sn\/index.php\/2022\/09\/16\/incidents-a-lhemicycle-macky-sall-se-desole-des-attitudes-de-certains-deputes\/","og_site_name":"LE PUBLIC","article_published_time":"2022-09-16T22:55:40+00:00","article_modified_time":"2022-09-16T22:57:37+00:00","og_image":[{"width":299,"height":168,"url":"https:\/\/www.public.sn\/wp-content\/uploads\/2022\/09\/31CA4C85-CD24-4327-BD24-7BD7ECA90611.jpeg","type":"image\/jpeg"}],"author":"LA REDACTION","twitter_card":"summary_large_image","twitter_misc":{"\u00c9crit par":"LA REDACTION","Dur\u00e9e de lecture estim\u00e9e":"2 minutes"},"schema":{"@context":"https:\/\/schema.org","@graph":[{"@type":"Article","@id":"https:\/\/www.public.sn\/index.php\/2022\/09\/16\/incidents-a-lhemicycle-macky-sall-se-desole-des-attitudes-de-certains-deputes\/#article","isPartOf":{"@id":"https:\/\/www.public.sn\/index.php\/2022\/09\/16\/incidents-a-lhemicycle-macky-sall-se-desole-des-attitudes-de-certains-deputes\/"},"author":{"name":"LA REDACTION","@id":"https:\/\/www.public.sn\/#\/schema\/person\/e3f4a11b037d4203902db148f9bc8d5a"},"headline":"Incidents \u00e0 l\u2019h\u00e9micycle: Macky Sall se d\u00e9sole des attitudes de certains d\u00e9put\u00e9s.","datePublished":"2022-09-16T22:55:40+00:00","dateModified":"2022-09-16T22:57:37+00:00","mainEntityOfPage":{"@id":"https:\/\/www.public.sn\/index.php\/2022\/09\/16\/incidents-a-lhemicycle-macky-sall-se-desole-des-attitudes-de-certains-deputes\/"},"wordCount":403,"commentCount":0,"publisher":{"@id":"https:\/\/www.public.sn\/#organization"},"image":{"@id":"https:\/\/www.public.sn\/index.php\/2022\/09\/16\/incidents-a-lhemicycle-macky-sall-se-desole-des-attitudes-de-certains-deputes\/#primaryimage"},"thumbnailUrl":"https:\/\/www.public.sn\/wp-content\/uploads\/2022\/09\/31CA4C85-CD24-4327-BD24-7BD7ECA90611.jpeg","keywords":["Assembl\u00e9e Nationale","Macky Sall","Opposition","Pr\u00e9sidentielle 2024"],"articleSection":["ACTUALIT\u00c9S","POLITIQUE"],"inLanguage":"fr-FR","potentialAction":[{"@type":"CommentAction","name":"Comment","target":["https:\/\/www.public.sn\/index.php\/2022\/09\/16\/incidents-a-lhemicycle-macky-sall-se-desole-des-attitudes-de-certains-deputes\/#respond"]}]},{"@type":"WebPage","@id":"https:\/\/www.public.sn\/index.php\/2022\/09\/16\/incidents-a-lhemicycle-macky-sall-se-desole-des-attitudes-de-certains-deputes\/","url":"https:\/\/www.public.sn\/index.php\/2022\/09\/16\/incidents-a-lhemicycle-macky-sall-se-desole-des-attitudes-de-certains-deputes\/","name":"Incidents \u00e0 l\u2019h\u00e9micycle: Macky Sall se d\u00e9sole des attitudes de certains d\u00e9put\u00e9s. - LE PUBLIC","isPartOf":{"@id":"https:\/\/www.public.sn\/#website"},"primaryImageOfPage":{"@id":"https:\/\/www.public.sn\/index.php\/2022\/09\/16\/incidents-a-lhemicycle-macky-sall-se-desole-des-attitudes-de-certains-deputes\/#primaryimage"},"image":{"@id":"https:\/\/www.public.sn\/index.php\/2022\/09\/16\/incidents-a-lhemicycle-macky-sall-se-desole-des-attitudes-de-certains-deputes\/#primaryimage"},"thumbnailUrl":"https:\/\/www.public.sn\/wp-content\/uploads\/2022\/09\/31CA4C85-CD24-4327-BD24-7BD7ECA90611.jpeg","datePublished":"2022-09-16T22:55:40+00:00","dateModified":"2022-09-16T22:57:37+00:00","breadcrumb":{"@id":"https:\/\/www.public.sn\/index.php\/2022\/09\/16\/incidents-a-lhemicycle-macky-sall-se-desole-des-attitudes-de-certains-deputes\/#breadcrumb"},"inLanguage":"fr-FR","potentialAction":[{"@type":"ReadAction","target":["https:\/\/www.public.sn\/index.php\/2022\/09\/16\/incidents-a-lhemicycle-macky-sall-se-desole-des-attitudes-de-certains-deputes\/"]}]},{"@type":"ImageObject","inLanguage":"fr-FR","@id":"https:\/\/www.public.sn\/index.php\/2022\/09\/16\/incidents-a-lhemicycle-macky-sall-se-desole-des-attitudes-de-certains-deputes\/#primaryimage","url":"https:\/\/www.public.sn\/wp-content\/uploads\/2022\/09\/31CA4C85-CD24-4327-BD24-7BD7ECA90611.jpeg","contentUrl":"https:\/\/www.public.sn\/wp-content\/uploads\/2022\/09\/31CA4C85-CD24-4327-BD24-7BD7ECA90611.jpeg","width":299,"height":168},{"@type":"BreadcrumbList","@id":"https:\/\/www.public.sn\/index.php\/2022\/09\/16\/incidents-a-lhemicycle-macky-sall-se-desole-des-attitudes-de-certains-deputes\/#breadcrumb","itemListElement":[{"@type":"ListItem","position":1,"name":"Accueil","item":"https:\/\/www.public.sn\/"},{"@type":"ListItem","position":2,"name":"Incidents \u00e0 l\u2019h\u00e9micycle: Macky Sall se d\u00e9sole des attitudes de certains d\u00e9put\u00e9s."}]},{"@type":"WebSite","@id":"https:\/\/www.public.sn\/#website","url":"https:\/\/www.public.sn\/","name":"LE PUBLIC","description":"","publisher":{"@id":"https:\/\/www.public.sn\/#organization"},"potentialAction":[{"@type":"SearchAction","target":{"@type":"EntryPoint","urlTemplate":"https:\/\/www.public.sn\/?s={search_term_string}"},"query-input":{"@type":"PropertyValueSpecification","valueRequired":true,"valueName":"search_term_string"}}],"inLanguage":"fr-FR"},{"@type":"Organization","@id":"https:\/\/www.public.sn\/#organization","name":"LE PUBLIC","url":"https:\/\/www.public.sn\/","logo":{"@type":"ImageObject","inLanguage":"fr-FR","@id":"https:\/\/www.public.sn\/#\/schema\/logo\/image\/","url":"https:\/\/www.public.sn\/wp-content\/uploads\/2024\/05\/cropped-LOGO-PUBLIC.SN_.png","contentUrl":"https:\/\/www.public.sn\/wp-content\/uploads\/2024\/05\/cropped-LOGO-PUBLIC.SN_.png","width":682,"height":192,"caption":"LE PUBLIC"},"image":{"@id":"https:\/\/www.public.sn\/#\/schema\/logo\/image\/"}},{"@type":"Person","@id":"https:\/\/www.public.sn\/#\/schema\/person\/e3f4a11b037d4203902db148f9bc8d5a","name":"LA REDACTION","image":{"@type":"ImageObject","inLanguage":"fr-FR","@id":"https:\/\/www.public.sn\/#\/schema\/person\/image\/","url":"https:\/\/secure.gravatar.com\/avatar\/d6c030db45db2883c075085c5d6c6258654a801a93766b49af0b82d4f454e2a5?s=96&d=mm&r=g","contentUrl":"https:\/\/secure.gravatar.com\/avatar\/d6c030db45db2883c075085c5d6c6258654a801a93766b49af0b82d4f454e2a5?s=96&d=mm&r=g","caption":"LA REDACTION"},"sameAs":["http:\/\/www.public.sn"],"url":"https:\/\/www.public.sn\/index.php\/author\/admin7324\/"}]}},"jetpack_featured_media_url":"https:\/\/www.public.sn\/wp-content\/uploads\/2022\/09\/31CA4C85-CD24-4327-BD24-7BD7ECA90611.jpeg","jetpack_sharing_enabled":true,"_links":{"self":[{"href":"https:\/\/www.public.sn\/index.php\/wp-json\/wp\/v2\/posts\/2096","targetHints":{"allow":["GET"]}}],"collection":[{"href":"https:\/\/www.public.sn\/index.php\/wp-json\/wp\/v2\/posts"}],"about":[{"href":"https:\/\/www.public.sn\/index.php\/wp-json\/wp\/v2\/types\/post"}],"author":[{"embeddable":true,"href":"https:\/\/www.public.sn\/index.php\/wp-json\/wp\/v2\/users\/1"}],"replies":[{"embeddable":true,"href":"https:\/\/www.public.sn\/index.php\/wp-json\/wp\/v2\/comments?post=2096"}],"version-history":[{"count":1,"href":"https:\/\/www.public.sn\/index.php\/wp-json\/wp\/v2\/posts\/2096\/revisions"}],"predecessor-version":[{"id":2098,"href":"https:\/\/www.public.sn\/index.php\/wp-json\/wp\/v2\/posts\/2096\/revisions\/2098"}],"wp:featuredmedia":[{"embeddable":true,"href":"https:\/\/www.public.sn\/index.php\/wp-json\/wp\/v2\/media\/2099"}],"wp:attachment":[{"href":"https:\/\/www.public.sn\/index.php\/wp-json\/wp\/v2\/media?parent=2096"}],"wp:term":[{"taxonomy":"category","embeddable":true,"href":"https:\/\/www.public.sn\/index.php\/wp-json\/wp\/v2\/categories?post=2096"},{"taxonomy":"post_tag","embeddable":true,"href":"https:\/\/www.public.sn\/index.php\/wp-json\/wp\/v2\/tags?post=2096"}],"curies":[{"name":"wp","href":"https:\/\/api.w.org\/{rel}","templated":true}]}}