{"id":210,"date":"2022-08-19T21:21:28","date_gmt":"2022-08-19T19:21:28","guid":{"rendered":"https:\/\/www.public.sn\/?p=210"},"modified":"2022-08-20T01:54:10","modified_gmt":"2022-08-19T23:54:10","slug":"ledantec-la-task-force-republicaine-a-la-defense-du-projet-de-reconstruction-salue-le-mode-de-financement","status":"publish","type":"post","link":"https:\/\/www.public.sn\/index.php\/2022\/08\/19\/ledantec-la-task-force-republicaine-a-la-defense-du-projet-de-reconstruction-salue-le-mode-de-financement\/","title":{"rendered":"Ledantec : La Task Force R\u00e9publicaine, \u00e0 la D\u00e9fense du Projet de reconstruction, salue le mode de financement."},"content":{"rendered":"\n<p class=\"has-drop-cap\"><em>Vieux de 112 ans, le centre hospitalier Aristide Ledantec devra \u00eatre reconstruit pour relever le niveau du plateau m\u00e9dical comme l&rsquo;avait annonc\u00e9 Mme le ministre de la Sant\u00e9 et de l&rsquo;Action Sociale, Mme Marie Khemesse Ngom lors de sa visite d&rsquo;hier sur les lieux devant recevoir les patients.<\/em><\/p><div class=\"publi-paragraphe1\" style=\"margin-top: 10px;margin-bottom: 10px;margin-left: auto;margin-right: auto;text-align: center;\" id=\"publi-2446186994\"><div class=\"publi-adlabel\">Publicit\u00e9<\/div><script async src=\"\/\/pagead2.googlesyndication.com\/pagead\/js\/adsbygoogle.js?client=ca-pub-4089586018074219\" crossorigin=\"anonymous\"><\/script><ins class=\"adsbygoogle\" style=\"display:block;\" data-ad-client=\"ca-pub-4089586018074219\" \ndata-ad-slot=\"2087940154\" \ndata-ad-format=\"auto\"><\/ins>\n<script> \n(adsbygoogle = window.adsbygoogle || []).push({}); \n<\/script>\n<\/div>\n\n\n\n<p>Face \u00e0 la  presse, ce vendredi au quartier g\u00e9n\u00e9ral de l&rsquo;Alliance Pour la R\u00e9publique, a tenu \u00e0 saluer l&rsquo;initiative de l&rsquo;\u00c9tat du S\u00e9n\u00e9gal de reconstruire et relever le plateau m\u00e9dical l&rsquo;h\u00f4pital Aristide Ledantec. Pour les \u00ab\u00a0commandos\u00a0\u00bb charg\u00e9s d&rsquo;assurer la communication et la d\u00e9fenses des r\u00e9alisations et chantier du Pr\u00e9sident de la R\u00e9publique Macky Sall, le de reconstruction dudit h\u00f4pital est une n\u00e9cessit\u00e9. C&rsquo;est l&rsquo;avis du porte-parole du jour Mamadou Kass\u00e9:<em> \u00ab\u00a0Cet exercice est plus qu&rsquo;une n\u00e9cessit\u00e9 pour cet h\u00f4pital qui est en \u00e9tat de d\u00e9labrement tr\u00e8s avanc\u00e9. Ce projet tient en compte les besoins des populations en urgence les infrastructures et r\u00e9pond aux standards internationaux. La reconstruction de Ledantec permettra \u00e0 l&rsquo;augmentation de la capacit\u00e9 d&rsquo;accueil qui passe de 250 \u00e0 658 lits avec un plateau m\u00e9dical relev\u00e9, d&rsquo;un p\u00f4le m\u00e8res-enfants beaucoup plus op\u00e9rationnel , de 15 blocs op\u00e9ratoires entre d&rsquo;autres commodit\u00e9s\u00a0\u00bb.<\/em><a href=\"https:\/\/youtu.be\/hKW_Q54lix8\">https:\/\/youtu.be\/hKW_Q54lix8<\/a><\/p>\n\n\n\n<p><\/p>\n\n\n\n<p><em>\u00ab\u00a0Cet h\u00f4pital devant \u00eatre reconstruit en 18 mois, cr\u00e9\u00e9 en 1910, est financ\u00e9 par un mode de financement innovant avec une captation fonci\u00e8re port\u00e9e par l&rsquo;expertise locale\u00a0\u00bb,<\/em> souligne Mamadou Kass\u00e9.<\/p>\n\n\n\n<p>Sans finir, la Task Force R\u00e9publicaine salue le mode de financement du projet et appelle aux populations de s&rsquo;approprier de cette infrastructure sanitaire de derni\u00e8re g\u00e9n\u00e9ration en soutenant fortement l&rsquo;\u00c9tat.<\/p>\n\n\n\n<p><em>R\u00e9daction Public SN<\/em><\/p>\n<div class=\"publi-apres-le-contenu\" style=\"margin-top: 10px;margin-bottom: 10px;margin-left: auto;margin-right: auto;text-align: center;\" id=\"publi-1811677523\"><div class=\"publi-adlabel\">Publicit\u00e9<\/div><script async src=\"\/\/pagead2.googlesyndication.com\/pagead\/js\/adsbygoogle.js?client=ca-pub-4089586018074219\" crossorigin=\"anonymous\"><\/script><ins class=\"adsbygoogle\" style=\"display:block;\" data-ad-client=\"ca-pub-4089586018074219\" \ndata-ad-slot=\"2087940154\" \ndata-ad-format=\"auto\"><\/ins>\n<script> \n(adsbygoogle = window.adsbygoogle || []).push({}); \n<\/script>\n<\/div>","protected":false},"excerpt":{"rendered":"<p>Vieux de 112 ans, le centre hospitalier Aristide Ledantec devra \u00eatre reconstruit pour relever le niveau du plateau m\u00e9dical comme l&rsquo;avait annonc\u00e9 Mme le ministre de la Sant\u00e9 et de l&rsquo;Action Sociale, Mme Marie Khemesse Ngom lors de sa visite d&rsquo;hier sur les lieux devant recevoir les patients. Face \u00e0 la presse, ce vendredi au quartier g\u00e9n\u00e9ral de l&rsquo;Alliance Pour la R\u00e9publique, a tenu \u00e0 saluer l&rsquo;initiative de l&rsquo;\u00c9tat du S\u00e9n\u00e9gal de reconstruire et relever le plateau m\u00e9dical l&rsquo;h\u00f4pital Aristide Ledantec. Pour les \u00ab\u00a0commandos\u00a0\u00bb charg\u00e9s d&rsquo;assurer la communication et la d\u00e9fenses des r\u00e9alisations et chantier du Pr\u00e9sident de la R\u00e9publique Macky Sall, le de reconstruction dudit h\u00f4pital est une n\u00e9cessit\u00e9. C&rsquo;est l&rsquo;avis du porte-parole du jour Mamadou Kass\u00e9: \u00ab\u00a0Cet exercice est plus qu&rsquo;une n\u00e9cessit\u00e9 pour cet h\u00f4pital qui est en \u00e9tat de d\u00e9labrement tr\u00e8s avanc\u00e9. Ce projet tient en compte les besoins des populations en urgence les infrastructures et r\u00e9pond aux standards internationaux. La reconstruction de Ledantec permettra \u00e0 l&rsquo;augmentation de la capacit\u00e9 d&rsquo;accueil qui passe de 250 \u00e0 658 lits avec un plateau m\u00e9dical relev\u00e9, d&rsquo;un p\u00f4le m\u00e8res-enfants beaucoup plus op\u00e9rationnel , de 15 blocs op\u00e9ratoires entre d&rsquo;autres commodit\u00e9s\u00a0\u00bb.https:\/\/youtu.be\/hKW_Q54lix8 \u00ab\u00a0Cet h\u00f4pital devant \u00eatre reconstruit en 18 mois, cr\u00e9\u00e9 en 1910, est financ\u00e9 par un mode de financement innovant avec une captation fonci\u00e8re port\u00e9e par l&rsquo;expertise locale\u00a0\u00bb, souligne Mamadou Kass\u00e9. Sans finir, la Task Force R\u00e9publicaine salue le mode de financement du projet et appelle aux populations de s&rsquo;approprier de cette infrastructure sanitaire de derni\u00e8re g\u00e9n\u00e9ration en soutenant fortement l&rsquo;\u00c9tat. R\u00e9daction Public SN<\/p>\n","protected":false},"author":1,"featured_media":219,"comment_status":"open","ping_status":"open","sticky":false,"template":"","format":"standard","meta":{"_jetpack_memberships_contains_paid_content":false,"footnotes":""},"categories":[3],"tags":[78,11,85,87,86],"class_list":["post-210","post","type-post","status-publish","format-standard","has-post-thumbnail","hentry","category-politique","tag-ledantec","tag-macky-sall","tag-mamadou-kasse","tag-nene-fatoumata-tall","tag-task-force-republicaine","entry","has-media","owp-thumbs-layout-horizontal","owp-btn-normal","owp-tabs-layout-horizontal","has-no-thumbnails","has-product-nav"],"yoast_head":"<!-- This site is optimized with the Yoast SEO plugin v25.5 - https:\/\/yoast.com\/wordpress\/plugins\/seo\/ -->\n<title>Ledantec : La Task Force R\u00e9publicaine, \u00e0 la D\u00e9fense du Projet de reconstruction, salue le mode de financement. - LE PUBLIC<\/title>\n<meta name=\"robots\" content=\"index, follow, max-snippet:-1, max-image-preview:large, max-video-preview:-1\" \/>\n<link rel=\"canonical\" href=\"https:\/\/www.public.sn\/index.php\/2022\/08\/19\/ledantec-la-task-force-republicaine-a-la-defense-du-projet-de-reconstruction-salue-le-mode-de-financement\/\" \/>\n<meta property=\"og:locale\" content=\"fr_FR\" \/>\n<meta property=\"og:type\" content=\"article\" \/>\n<meta property=\"og:title\" content=\"Ledantec : La Task Force R\u00e9publicaine, \u00e0 la D\u00e9fense du Projet de reconstruction, salue le mode de financement. - LE PUBLIC\" \/>\n<meta property=\"og:description\" content=\"Vieux de 112 ans, le centre hospitalier Aristide Ledantec devra \u00eatre reconstruit pour relever le niveau du plateau m\u00e9dical comme l&rsquo;avait annonc\u00e9 Mme le ministre de la Sant\u00e9 et de l&rsquo;Action Sociale, Mme Marie Khemesse Ngom lors de sa visite d&rsquo;hier sur les lieux devant recevoir les patients. Face \u00e0 la presse, ce vendredi au quartier g\u00e9n\u00e9ral de l&rsquo;Alliance Pour la R\u00e9publique, a tenu \u00e0 saluer l&rsquo;initiative de l&rsquo;\u00c9tat du S\u00e9n\u00e9gal de reconstruire et relever le plateau m\u00e9dical l&rsquo;h\u00f4pital Aristide Ledantec. Pour les \u00ab\u00a0commandos\u00a0\u00bb charg\u00e9s d&rsquo;assurer la communication et la d\u00e9fenses des r\u00e9alisations et chantier du Pr\u00e9sident de la R\u00e9publique Macky Sall, le de reconstruction dudit h\u00f4pital est une n\u00e9cessit\u00e9. C&rsquo;est l&rsquo;avis du porte-parole du jour Mamadou Kass\u00e9: \u00ab\u00a0Cet exercice est plus qu&rsquo;une n\u00e9cessit\u00e9 pour cet h\u00f4pital qui est en \u00e9tat de d\u00e9labrement tr\u00e8s avanc\u00e9. Ce projet tient en compte les besoins des populations en urgence les infrastructures et r\u00e9pond aux standards internationaux. La reconstruction de Ledantec permettra \u00e0 l&rsquo;augmentation de la capacit\u00e9 d&rsquo;accueil qui passe de 250 \u00e0 658 lits avec un plateau m\u00e9dical relev\u00e9, d&rsquo;un p\u00f4le m\u00e8res-enfants beaucoup plus op\u00e9rationnel , de 15 blocs op\u00e9ratoires entre d&rsquo;autres commodit\u00e9s\u00a0\u00bb.https:\/\/youtu.be\/hKW_Q54lix8 \u00ab\u00a0Cet h\u00f4pital devant \u00eatre reconstruit en 18 mois, cr\u00e9\u00e9 en 1910, est financ\u00e9 par un mode de financement innovant avec une captation fonci\u00e8re port\u00e9e par l&rsquo;expertise locale\u00a0\u00bb, souligne Mamadou Kass\u00e9. Sans finir, la Task Force R\u00e9publicaine salue le mode de financement du projet et appelle aux populations de s&rsquo;approprier de cette infrastructure sanitaire de derni\u00e8re g\u00e9n\u00e9ration en soutenant fortement l&rsquo;\u00c9tat. R\u00e9daction Public SN\" \/>\n<meta property=\"og:url\" content=\"https:\/\/www.public.sn\/index.php\/2022\/08\/19\/ledantec-la-task-force-republicaine-a-la-defense-du-projet-de-reconstruction-salue-le-mode-de-financement\/\" \/>\n<meta property=\"og:site_name\" content=\"LE PUBLIC\" \/>\n<meta property=\"article:published_time\" content=\"2022-08-19T19:21:28+00:00\" \/>\n<meta property=\"article:modified_time\" content=\"2022-08-19T23:54:10+00:00\" \/>\n<meta property=\"og:image\" content=\"https:\/\/www.public.sn\/wp-content\/uploads\/2022\/08\/WhatsApp-Image-2022-08-19-at-19.18.48.jpeg\" \/>\n\t<meta property=\"og:image:width\" content=\"1080\" \/>\n\t<meta property=\"og:image:height\" content=\"772\" \/>\n\t<meta property=\"og:image:type\" content=\"image\/jpeg\" \/>\n<meta name=\"author\" content=\"LA REDACTION\" \/>\n<meta name=\"twitter:card\" content=\"summary_large_image\" \/>\n<meta name=\"twitter:label1\" content=\"\u00c9crit par\" \/>\n\t<meta name=\"twitter:data1\" content=\"LA REDACTION\" \/>\n\t<meta name=\"twitter:label2\" content=\"Dur\u00e9e de lecture estim\u00e9e\" \/>\n\t<meta name=\"twitter:data2\" content=\"2 minutes\" \/>\n<script type=\"application\/ld+json\" class=\"yoast-schema-graph\">{\"@context\":\"https:\/\/schema.org\",\"@graph\":[{\"@type\":\"Article\",\"@id\":\"https:\/\/www.public.sn\/index.php\/2022\/08\/19\/ledantec-la-task-force-republicaine-a-la-defense-du-projet-de-reconstruction-salue-le-mode-de-financement\/#article\",\"isPartOf\":{\"@id\":\"https:\/\/www.public.sn\/index.php\/2022\/08\/19\/ledantec-la-task-force-republicaine-a-la-defense-du-projet-de-reconstruction-salue-le-mode-de-financement\/\"},\"author\":{\"name\":\"LA REDACTION\",\"@id\":\"https:\/\/www.public.sn\/#\/schema\/person\/e3f4a11b037d4203902db148f9bc8d5a\"},\"headline\":\"Ledantec : La Task Force R\u00e9publicaine, \u00e0 la D\u00e9fense du Projet de reconstruction, salue le mode de financement.\",\"datePublished\":\"2022-08-19T19:21:28+00:00\",\"dateModified\":\"2022-08-19T23:54:10+00:00\",\"mainEntityOfPage\":{\"@id\":\"https:\/\/www.public.sn\/index.php\/2022\/08\/19\/ledantec-la-task-force-republicaine-a-la-defense-du-projet-de-reconstruction-salue-le-mode-de-financement\/\"},\"wordCount\":302,\"commentCount\":0,\"publisher\":{\"@id\":\"https:\/\/www.public.sn\/#organization\"},\"image\":{\"@id\":\"https:\/\/www.public.sn\/index.php\/2022\/08\/19\/ledantec-la-task-force-republicaine-a-la-defense-du-projet-de-reconstruction-salue-le-mode-de-financement\/#primaryimage\"},\"thumbnailUrl\":\"https:\/\/www.public.sn\/wp-content\/uploads\/2022\/08\/WhatsApp-Image-2022-08-19-at-19.18.48.jpeg\",\"keywords\":[\"Ledantec\",\"Macky Sall\",\"Mamadou Kass\u00e9\",\"N\u00e9n\u00e9 Fatoumata Tall\",\"Task Force R\u00e9publicaine\"],\"articleSection\":[\"POLITIQUE\"],\"inLanguage\":\"fr-FR\",\"potentialAction\":[{\"@type\":\"CommentAction\",\"name\":\"Comment\",\"target\":[\"https:\/\/www.public.sn\/index.php\/2022\/08\/19\/ledantec-la-task-force-republicaine-a-la-defense-du-projet-de-reconstruction-salue-le-mode-de-financement\/#respond\"]}]},{\"@type\":\"WebPage\",\"@id\":\"https:\/\/www.public.sn\/index.php\/2022\/08\/19\/ledantec-la-task-force-republicaine-a-la-defense-du-projet-de-reconstruction-salue-le-mode-de-financement\/\",\"url\":\"https:\/\/www.public.sn\/index.php\/2022\/08\/19\/ledantec-la-task-force-republicaine-a-la-defense-du-projet-de-reconstruction-salue-le-mode-de-financement\/\",\"name\":\"Ledantec : La Task Force R\u00e9publicaine, \u00e0 la D\u00e9fense du Projet de reconstruction, salue le mode de financement. - LE PUBLIC\",\"isPartOf\":{\"@id\":\"https:\/\/www.public.sn\/#website\"},\"primaryImageOfPage\":{\"@id\":\"https:\/\/www.public.sn\/index.php\/2022\/08\/19\/ledantec-la-task-force-republicaine-a-la-defense-du-projet-de-reconstruction-salue-le-mode-de-financement\/#primaryimage\"},\"image\":{\"@id\":\"https:\/\/www.public.sn\/index.php\/2022\/08\/19\/ledantec-la-task-force-republicaine-a-la-defense-du-projet-de-reconstruction-salue-le-mode-de-financement\/#primaryimage\"},\"thumbnailUrl\":\"https:\/\/www.public.sn\/wp-content\/uploads\/2022\/08\/WhatsApp-Image-2022-08-19-at-19.18.48.jpeg\",\"datePublished\":\"2022-08-19T19:21:28+00:00\",\"dateModified\":\"2022-08-19T23:54:10+00:00\",\"breadcrumb\":{\"@id\":\"https:\/\/www.public.sn\/index.php\/2022\/08\/19\/ledantec-la-task-force-republicaine-a-la-defense-du-projet-de-reconstruction-salue-le-mode-de-financement\/#breadcrumb\"},\"inLanguage\":\"fr-FR\",\"potentialAction\":[{\"@type\":\"ReadAction\",\"target\":[\"https:\/\/www.public.sn\/index.php\/2022\/08\/19\/ledantec-la-task-force-republicaine-a-la-defense-du-projet-de-reconstruction-salue-le-mode-de-financement\/\"]}]},{\"@type\":\"ImageObject\",\"inLanguage\":\"fr-FR\",\"@id\":\"https:\/\/www.public.sn\/index.php\/2022\/08\/19\/ledantec-la-task-force-republicaine-a-la-defense-du-projet-de-reconstruction-salue-le-mode-de-financement\/#primaryimage\",\"url\":\"https:\/\/www.public.sn\/wp-content\/uploads\/2022\/08\/WhatsApp-Image-2022-08-19-at-19.18.48.jpeg\",\"contentUrl\":\"https:\/\/www.public.sn\/wp-content\/uploads\/2022\/08\/WhatsApp-Image-2022-08-19-at-19.18.48.jpeg\",\"width\":1080,\"height\":772},{\"@type\":\"BreadcrumbList\",\"@id\":\"https:\/\/www.public.sn\/index.php\/2022\/08\/19\/ledantec-la-task-force-republicaine-a-la-defense-du-projet-de-reconstruction-salue-le-mode-de-financement\/#breadcrumb\",\"itemListElement\":[{\"@type\":\"ListItem\",\"position\":1,\"name\":\"Accueil\",\"item\":\"https:\/\/www.public.sn\/\"},{\"@type\":\"ListItem\",\"position\":2,\"name\":\"Ledantec : La Task Force R\u00e9publicaine, \u00e0 la D\u00e9fense du Projet de reconstruction, salue le mode de financement.\"}]},{\"@type\":\"WebSite\",\"@id\":\"https:\/\/www.public.sn\/#website\",\"url\":\"https:\/\/www.public.sn\/\",\"name\":\"LE PUBLIC\",\"description\":\"\",\"publisher\":{\"@id\":\"https:\/\/www.public.sn\/#organization\"},\"potentialAction\":[{\"@type\":\"SearchAction\",\"target\":{\"@type\":\"EntryPoint\",\"urlTemplate\":\"https:\/\/www.public.sn\/?s={search_term_string}\"},\"query-input\":{\"@type\":\"PropertyValueSpecification\",\"valueRequired\":true,\"valueName\":\"search_term_string\"}}],\"inLanguage\":\"fr-FR\"},{\"@type\":\"Organization\",\"@id\":\"https:\/\/www.public.sn\/#organization\",\"name\":\"LE PUBLIC\",\"url\":\"https:\/\/www.public.sn\/\",\"logo\":{\"@type\":\"ImageObject\",\"inLanguage\":\"fr-FR\",\"@id\":\"https:\/\/www.public.sn\/#\/schema\/logo\/image\/\",\"url\":\"https:\/\/www.public.sn\/wp-content\/uploads\/2024\/05\/cropped-LOGO-PUBLIC.SN_.png\",\"contentUrl\":\"https:\/\/www.public.sn\/wp-content\/uploads\/2024\/05\/cropped-LOGO-PUBLIC.SN_.png\",\"width\":682,\"height\":192,\"caption\":\"LE PUBLIC\"},\"image\":{\"@id\":\"https:\/\/www.public.sn\/#\/schema\/logo\/image\/\"}},{\"@type\":\"Person\",\"@id\":\"https:\/\/www.public.sn\/#\/schema\/person\/e3f4a11b037d4203902db148f9bc8d5a\",\"name\":\"LA REDACTION\",\"image\":{\"@type\":\"ImageObject\",\"inLanguage\":\"fr-FR\",\"@id\":\"https:\/\/www.public.sn\/#\/schema\/person\/image\/\",\"url\":\"https:\/\/secure.gravatar.com\/avatar\/d6c030db45db2883c075085c5d6c6258654a801a93766b49af0b82d4f454e2a5?s=96&d=mm&r=g\",\"contentUrl\":\"https:\/\/secure.gravatar.com\/avatar\/d6c030db45db2883c075085c5d6c6258654a801a93766b49af0b82d4f454e2a5?s=96&d=mm&r=g\",\"caption\":\"LA REDACTION\"},\"sameAs\":[\"http:\/\/www.public.sn\"],\"url\":\"https:\/\/www.public.sn\/index.php\/author\/admin7324\/\"}]}<\/script>\n<!-- \/ Yoast SEO plugin. -->","yoast_head_json":{"title":"Ledantec : La Task Force R\u00e9publicaine, \u00e0 la D\u00e9fense du Projet de reconstruction, salue le mode de financement. - LE PUBLIC","robots":{"index":"index","follow":"follow","max-snippet":"max-snippet:-1","max-image-preview":"max-image-preview:large","max-video-preview":"max-video-preview:-1"},"canonical":"https:\/\/www.public.sn\/index.php\/2022\/08\/19\/ledantec-la-task-force-republicaine-a-la-defense-du-projet-de-reconstruction-salue-le-mode-de-financement\/","og_locale":"fr_FR","og_type":"article","og_title":"Ledantec : La Task Force R\u00e9publicaine, \u00e0 la D\u00e9fense du Projet de reconstruction, salue le mode de financement. - LE PUBLIC","og_description":"Vieux de 112 ans, le centre hospitalier Aristide Ledantec devra \u00eatre reconstruit pour relever le niveau du plateau m\u00e9dical comme l&rsquo;avait annonc\u00e9 Mme le ministre de la Sant\u00e9 et de l&rsquo;Action Sociale, Mme Marie Khemesse Ngom lors de sa visite d&rsquo;hier sur les lieux devant recevoir les patients. Face \u00e0 la presse, ce vendredi au quartier g\u00e9n\u00e9ral de l&rsquo;Alliance Pour la R\u00e9publique, a tenu \u00e0 saluer l&rsquo;initiative de l&rsquo;\u00c9tat du S\u00e9n\u00e9gal de reconstruire et relever le plateau m\u00e9dical l&rsquo;h\u00f4pital Aristide Ledantec. Pour les \u00ab\u00a0commandos\u00a0\u00bb charg\u00e9s d&rsquo;assurer la communication et la d\u00e9fenses des r\u00e9alisations et chantier du Pr\u00e9sident de la R\u00e9publique Macky Sall, le de reconstruction dudit h\u00f4pital est une n\u00e9cessit\u00e9. C&rsquo;est l&rsquo;avis du porte-parole du jour Mamadou Kass\u00e9: \u00ab\u00a0Cet exercice est plus qu&rsquo;une n\u00e9cessit\u00e9 pour cet h\u00f4pital qui est en \u00e9tat de d\u00e9labrement tr\u00e8s avanc\u00e9. Ce projet tient en compte les besoins des populations en urgence les infrastructures et r\u00e9pond aux standards internationaux. La reconstruction de Ledantec permettra \u00e0 l&rsquo;augmentation de la capacit\u00e9 d&rsquo;accueil qui passe de 250 \u00e0 658 lits avec un plateau m\u00e9dical relev\u00e9, d&rsquo;un p\u00f4le m\u00e8res-enfants beaucoup plus op\u00e9rationnel , de 15 blocs op\u00e9ratoires entre d&rsquo;autres commodit\u00e9s\u00a0\u00bb.https:\/\/youtu.be\/hKW_Q54lix8 \u00ab\u00a0Cet h\u00f4pital devant \u00eatre reconstruit en 18 mois, cr\u00e9\u00e9 en 1910, est financ\u00e9 par un mode de financement innovant avec une captation fonci\u00e8re port\u00e9e par l&rsquo;expertise locale\u00a0\u00bb, souligne Mamadou Kass\u00e9. Sans finir, la Task Force R\u00e9publicaine salue le mode de financement du projet et appelle aux populations de s&rsquo;approprier de cette infrastructure sanitaire de derni\u00e8re g\u00e9n\u00e9ration en soutenant fortement l&rsquo;\u00c9tat. R\u00e9daction Public SN","og_url":"https:\/\/www.public.sn\/index.php\/2022\/08\/19\/ledantec-la-task-force-republicaine-a-la-defense-du-projet-de-reconstruction-salue-le-mode-de-financement\/","og_site_name":"LE PUBLIC","article_published_time":"2022-08-19T19:21:28+00:00","article_modified_time":"2022-08-19T23:54:10+00:00","og_image":[{"width":1080,"height":772,"url":"https:\/\/www.public.sn\/wp-content\/uploads\/2022\/08\/WhatsApp-Image-2022-08-19-at-19.18.48.jpeg","type":"image\/jpeg"}],"author":"LA REDACTION","twitter_card":"summary_large_image","twitter_misc":{"\u00c9crit par":"LA REDACTION","Dur\u00e9e de lecture estim\u00e9e":"2 minutes"},"schema":{"@context":"https:\/\/schema.org","@graph":[{"@type":"Article","@id":"https:\/\/www.public.sn\/index.php\/2022\/08\/19\/ledantec-la-task-force-republicaine-a-la-defense-du-projet-de-reconstruction-salue-le-mode-de-financement\/#article","isPartOf":{"@id":"https:\/\/www.public.sn\/index.php\/2022\/08\/19\/ledantec-la-task-force-republicaine-a-la-defense-du-projet-de-reconstruction-salue-le-mode-de-financement\/"},"author":{"name":"LA REDACTION","@id":"https:\/\/www.public.sn\/#\/schema\/person\/e3f4a11b037d4203902db148f9bc8d5a"},"headline":"Ledantec : La Task Force R\u00e9publicaine, \u00e0 la D\u00e9fense du Projet de reconstruction, salue le mode de financement.","datePublished":"2022-08-19T19:21:28+00:00","dateModified":"2022-08-19T23:54:10+00:00","mainEntityOfPage":{"@id":"https:\/\/www.public.sn\/index.php\/2022\/08\/19\/ledantec-la-task-force-republicaine-a-la-defense-du-projet-de-reconstruction-salue-le-mode-de-financement\/"},"wordCount":302,"commentCount":0,"publisher":{"@id":"https:\/\/www.public.sn\/#organization"},"image":{"@id":"https:\/\/www.public.sn\/index.php\/2022\/08\/19\/ledantec-la-task-force-republicaine-a-la-defense-du-projet-de-reconstruction-salue-le-mode-de-financement\/#primaryimage"},"thumbnailUrl":"https:\/\/www.public.sn\/wp-content\/uploads\/2022\/08\/WhatsApp-Image-2022-08-19-at-19.18.48.jpeg","keywords":["Ledantec","Macky Sall","Mamadou Kass\u00e9","N\u00e9n\u00e9 Fatoumata Tall","Task Force R\u00e9publicaine"],"articleSection":["POLITIQUE"],"inLanguage":"fr-FR","potentialAction":[{"@type":"CommentAction","name":"Comment","target":["https:\/\/www.public.sn\/index.php\/2022\/08\/19\/ledantec-la-task-force-republicaine-a-la-defense-du-projet-de-reconstruction-salue-le-mode-de-financement\/#respond"]}]},{"@type":"WebPage","@id":"https:\/\/www.public.sn\/index.php\/2022\/08\/19\/ledantec-la-task-force-republicaine-a-la-defense-du-projet-de-reconstruction-salue-le-mode-de-financement\/","url":"https:\/\/www.public.sn\/index.php\/2022\/08\/19\/ledantec-la-task-force-republicaine-a-la-defense-du-projet-de-reconstruction-salue-le-mode-de-financement\/","name":"Ledantec : La Task Force R\u00e9publicaine, \u00e0 la D\u00e9fense du Projet de reconstruction, salue le mode de financement. - LE PUBLIC","isPartOf":{"@id":"https:\/\/www.public.sn\/#website"},"primaryImageOfPage":{"@id":"https:\/\/www.public.sn\/index.php\/2022\/08\/19\/ledantec-la-task-force-republicaine-a-la-defense-du-projet-de-reconstruction-salue-le-mode-de-financement\/#primaryimage"},"image":{"@id":"https:\/\/www.public.sn\/index.php\/2022\/08\/19\/ledantec-la-task-force-republicaine-a-la-defense-du-projet-de-reconstruction-salue-le-mode-de-financement\/#primaryimage"},"thumbnailUrl":"https:\/\/www.public.sn\/wp-content\/uploads\/2022\/08\/WhatsApp-Image-2022-08-19-at-19.18.48.jpeg","datePublished":"2022-08-19T19:21:28+00:00","dateModified":"2022-08-19T23:54:10+00:00","breadcrumb":{"@id":"https:\/\/www.public.sn\/index.php\/2022\/08\/19\/ledantec-la-task-force-republicaine-a-la-defense-du-projet-de-reconstruction-salue-le-mode-de-financement\/#breadcrumb"},"inLanguage":"fr-FR","potentialAction":[{"@type":"ReadAction","target":["https:\/\/www.public.sn\/index.php\/2022\/08\/19\/ledantec-la-task-force-republicaine-a-la-defense-du-projet-de-reconstruction-salue-le-mode-de-financement\/"]}]},{"@type":"ImageObject","inLanguage":"fr-FR","@id":"https:\/\/www.public.sn\/index.php\/2022\/08\/19\/ledantec-la-task-force-republicaine-a-la-defense-du-projet-de-reconstruction-salue-le-mode-de-financement\/#primaryimage","url":"https:\/\/www.public.sn\/wp-content\/uploads\/2022\/08\/WhatsApp-Image-2022-08-19-at-19.18.48.jpeg","contentUrl":"https:\/\/www.public.sn\/wp-content\/uploads\/2022\/08\/WhatsApp-Image-2022-08-19-at-19.18.48.jpeg","width":1080,"height":772},{"@type":"BreadcrumbList","@id":"https:\/\/www.public.sn\/index.php\/2022\/08\/19\/ledantec-la-task-force-republicaine-a-la-defense-du-projet-de-reconstruction-salue-le-mode-de-financement\/#breadcrumb","itemListElement":[{"@type":"ListItem","position":1,"name":"Accueil","item":"https:\/\/www.public.sn\/"},{"@type":"ListItem","position":2,"name":"Ledantec : La Task Force R\u00e9publicaine, \u00e0 la D\u00e9fense du Projet de reconstruction, salue le mode de financement."}]},{"@type":"WebSite","@id":"https:\/\/www.public.sn\/#website","url":"https:\/\/www.public.sn\/","name":"LE PUBLIC","description":"","publisher":{"@id":"https:\/\/www.public.sn\/#organization"},"potentialAction":[{"@type":"SearchAction","target":{"@type":"EntryPoint","urlTemplate":"https:\/\/www.public.sn\/?s={search_term_string}"},"query-input":{"@type":"PropertyValueSpecification","valueRequired":true,"valueName":"search_term_string"}}],"inLanguage":"fr-FR"},{"@type":"Organization","@id":"https:\/\/www.public.sn\/#organization","name":"LE PUBLIC","url":"https:\/\/www.public.sn\/","logo":{"@type":"ImageObject","inLanguage":"fr-FR","@id":"https:\/\/www.public.sn\/#\/schema\/logo\/image\/","url":"https:\/\/www.public.sn\/wp-content\/uploads\/2024\/05\/cropped-LOGO-PUBLIC.SN_.png","contentUrl":"https:\/\/www.public.sn\/wp-content\/uploads\/2024\/05\/cropped-LOGO-PUBLIC.SN_.png","width":682,"height":192,"caption":"LE PUBLIC"},"image":{"@id":"https:\/\/www.public.sn\/#\/schema\/logo\/image\/"}},{"@type":"Person","@id":"https:\/\/www.public.sn\/#\/schema\/person\/e3f4a11b037d4203902db148f9bc8d5a","name":"LA REDACTION","image":{"@type":"ImageObject","inLanguage":"fr-FR","@id":"https:\/\/www.public.sn\/#\/schema\/person\/image\/","url":"https:\/\/secure.gravatar.com\/avatar\/d6c030db45db2883c075085c5d6c6258654a801a93766b49af0b82d4f454e2a5?s=96&d=mm&r=g","contentUrl":"https:\/\/secure.gravatar.com\/avatar\/d6c030db45db2883c075085c5d6c6258654a801a93766b49af0b82d4f454e2a5?s=96&d=mm&r=g","caption":"LA REDACTION"},"sameAs":["http:\/\/www.public.sn"],"url":"https:\/\/www.public.sn\/index.php\/author\/admin7324\/"}]}},"jetpack_featured_media_url":"https:\/\/www.public.sn\/wp-content\/uploads\/2022\/08\/WhatsApp-Image-2022-08-19-at-19.18.48.jpeg","jetpack_sharing_enabled":true,"_links":{"self":[{"href":"https:\/\/www.public.sn\/index.php\/wp-json\/wp\/v2\/posts\/210","targetHints":{"allow":["GET"]}}],"collection":[{"href":"https:\/\/www.public.sn\/index.php\/wp-json\/wp\/v2\/posts"}],"about":[{"href":"https:\/\/www.public.sn\/index.php\/wp-json\/wp\/v2\/types\/post"}],"author":[{"embeddable":true,"href":"https:\/\/www.public.sn\/index.php\/wp-json\/wp\/v2\/users\/1"}],"replies":[{"embeddable":true,"href":"https:\/\/www.public.sn\/index.php\/wp-json\/wp\/v2\/comments?post=210"}],"version-history":[{"count":3,"href":"https:\/\/www.public.sn\/index.php\/wp-json\/wp\/v2\/posts\/210\/revisions"}],"predecessor-version":[{"id":237,"href":"https:\/\/www.public.sn\/index.php\/wp-json\/wp\/v2\/posts\/210\/revisions\/237"}],"wp:featuredmedia":[{"embeddable":true,"href":"https:\/\/www.public.sn\/index.php\/wp-json\/wp\/v2\/media\/219"}],"wp:attachment":[{"href":"https:\/\/www.public.sn\/index.php\/wp-json\/wp\/v2\/media?parent=210"}],"wp:term":[{"taxonomy":"category","embeddable":true,"href":"https:\/\/www.public.sn\/index.php\/wp-json\/wp\/v2\/categories?post=210"},{"taxonomy":"post_tag","embeddable":true,"href":"https:\/\/www.public.sn\/index.php\/wp-json\/wp\/v2\/tags?post=210"}],"curies":[{"name":"wp","href":"https:\/\/api.w.org\/{rel}","templated":true}]}}