{"id":2100,"date":"2022-09-16T23:08:30","date_gmt":"2022-09-16T23:08:30","guid":{"rendered":"https:\/\/www.public.sn\/?p=2100"},"modified":"2022-09-16T23:09:09","modified_gmt":"2022-09-16T23:09:09","slug":"mimi-toure-je-mattendais-a-ce-que-le-president-annonce-quil-ne-serait-pas-candidat-pour-2024","status":"publish","type":"post","link":"https:\/\/www.public.sn\/index.php\/2022\/09\/16\/mimi-toure-je-mattendais-a-ce-que-le-president-annonce-quil-ne-serait-pas-candidat-pour-2024\/","title":{"rendered":"Mimi Tour\u00e9: \u201cJe m\u2019attendais \u00e0 ce que le Pr\u00e9sident annonce qu\u2019il ne serait pas candidat pour 2024\u201d."},"content":{"rendered":"\n<p>L\u2019ancien Premier ministre, Mimi Tour\u00e9, a r\u00e9agi \u00e0 l\u2019adresse \u00e0 la Nation du Pr\u00e9sident Macky Sall de ce vendredi, sur la chaine nationale. La t\u00eate de liste de la coalition Benno Bokk Yakaar lors des derni\u00e8res L\u00e9gislatives a exprim\u00e9 sa d\u00e9ception quant au contenu du discours de Macky Sall.<br><br>\u00a0\u201c<em>J\u2019attendais une nouvelle, le peuple s\u00e9n\u00e9galais attendait une nouvelle. Elle n\u2019est pas encore arriv\u00e9e, mais on va \u00eatre patients. Je m\u2019attendais \u00e0 ce que le Pr\u00e9sident annonce qu\u2019il ne serait pas candidat pour 2024. C\u2019\u00e9tait l\u2019attente g\u00e9n\u00e9rale. Mais on va patienter. Certainement apr\u00e8s la publication du Gouvernement, je consid\u00e8re que ce sera sa prochaine t\u00e2che quand il s\u2019adressera \u00e0 la Nation\u201d,<\/em> a-t-elle d\u00e9clar\u00e9 sur les ondes de la Sud FM.<\/p><div class=\"publi-paragraphe1\" style=\"margin-top: 10px;margin-bottom: 10px;margin-left: auto;margin-right: auto;text-align: center;\" id=\"publi-624105892\"><div class=\"publi-adlabel\">Publicit\u00e9<\/div><script async src=\"\/\/pagead2.googlesyndication.com\/pagead\/js\/adsbygoogle.js?client=ca-pub-4089586018074219\" crossorigin=\"anonymous\"><\/script><ins class=\"adsbygoogle\" style=\"display:block;\" data-ad-client=\"ca-pub-4089586018074219\" \ndata-ad-slot=\"2087940154\" \ndata-ad-format=\"auto\"><\/ins>\n<script> \n(adsbygoogle = window.adsbygoogle || []).push({}); \n<\/script>\n<\/div>\n\n\n\n<p>Mimi Tour\u00e9 a une nouvelle fois assur\u00e9 qu\u2019elle compte bien si\u00e9ger \u00e0 l\u2019Assembl\u00e9e nationale pour assumer son mandat de d\u00e9put\u00e9 &nbsp;\u00ab&nbsp;en tant que repr\u00e9sentant du peuple&nbsp;\u00bb. Ce malgr\u00e9 les menaces qu\u2019elle re\u00e7oit.<\/p>\n<div class=\"publi-apres-le-contenu\" style=\"margin-top: 10px;margin-bottom: 10px;margin-left: auto;margin-right: auto;text-align: center;\" id=\"publi-353217857\"><div class=\"publi-adlabel\">Publicit\u00e9<\/div><script async src=\"\/\/pagead2.googlesyndication.com\/pagead\/js\/adsbygoogle.js?client=ca-pub-4089586018074219\" crossorigin=\"anonymous\"><\/script><ins class=\"adsbygoogle\" style=\"display:block;\" data-ad-client=\"ca-pub-4089586018074219\" \ndata-ad-slot=\"2087940154\" \ndata-ad-format=\"auto\"><\/ins>\n<script> \n(adsbygoogle = window.adsbygoogle || []).push({}); \n<\/script>\n<\/div>","protected":false},"excerpt":{"rendered":"<p>L\u2019ancien Premier ministre, Mimi Tour\u00e9, a r\u00e9agi \u00e0 l\u2019adresse \u00e0 la Nation du Pr\u00e9sident Macky Sall de ce vendredi, sur la chaine nationale. La t\u00eate de liste de la coalition Benno Bokk Yakaar lors des derni\u00e8res L\u00e9gislatives a exprim\u00e9 sa d\u00e9ception quant au contenu du discours de Macky Sall. \u00a0\u201cJ\u2019attendais une nouvelle, le peuple s\u00e9n\u00e9galais attendait une nouvelle. Elle n\u2019est pas encore arriv\u00e9e, mais on va \u00eatre patients. Je m\u2019attendais \u00e0 ce que le Pr\u00e9sident annonce qu\u2019il ne serait pas candidat pour 2024. C\u2019\u00e9tait l\u2019attente g\u00e9n\u00e9rale. Mais on va patienter. Certainement apr\u00e8s la publication du Gouvernement, je consid\u00e8re que ce sera sa prochaine t\u00e2che quand il s\u2019adressera \u00e0 la Nation\u201d, a-t-elle d\u00e9clar\u00e9 sur les ondes de la Sud FM. Mimi Tour\u00e9 a une nouvelle fois assur\u00e9 qu\u2019elle compte bien si\u00e9ger \u00e0 l\u2019Assembl\u00e9e nationale pour assumer son mandat de d\u00e9put\u00e9 &nbsp;\u00ab&nbsp;en tant que repr\u00e9sentant du peuple&nbsp;\u00bb. Ce malgr\u00e9 les menaces qu\u2019elle re\u00e7oit.<\/p>\n","protected":false},"author":1,"featured_media":2101,"comment_status":"open","ping_status":"open","sticky":false,"template":"","format":"standard","meta":{"_jetpack_memberships_contains_paid_content":false,"footnotes":""},"categories":[375,3],"tags":[295,12,24,11,17],"class_list":["post-2100","post","type-post","status-publish","format-standard","has-post-thumbnail","hentry","category-actualites","category-politique","tag-3eme-mandat","tag-assemblee-nationale","tag-justice","tag-macky-sall","tag-opposition","entry","has-media","owp-thumbs-layout-horizontal","owp-btn-normal","owp-tabs-layout-horizontal","has-no-thumbnails","has-product-nav"],"yoast_head":"<!-- This site is optimized with the Yoast SEO plugin v25.5 - https:\/\/yoast.com\/wordpress\/plugins\/seo\/ -->\n<title>Mimi Tour\u00e9: \u201cJe m\u2019attendais \u00e0 ce que le Pr\u00e9sident annonce qu\u2019il ne serait pas candidat pour 2024\u201d. - LE PUBLIC<\/title>\n<meta name=\"robots\" content=\"index, follow, max-snippet:-1, max-image-preview:large, max-video-preview:-1\" \/>\n<link rel=\"canonical\" href=\"https:\/\/www.public.sn\/index.php\/2022\/09\/16\/mimi-toure-je-mattendais-a-ce-que-le-president-annonce-quil-ne-serait-pas-candidat-pour-2024\/\" \/>\n<meta property=\"og:locale\" content=\"fr_FR\" \/>\n<meta property=\"og:type\" content=\"article\" \/>\n<meta property=\"og:title\" content=\"Mimi Tour\u00e9: \u201cJe m\u2019attendais \u00e0 ce que le Pr\u00e9sident annonce qu\u2019il ne serait pas candidat pour 2024\u201d. - LE PUBLIC\" \/>\n<meta property=\"og:description\" content=\"L\u2019ancien Premier ministre, Mimi Tour\u00e9, a r\u00e9agi \u00e0 l\u2019adresse \u00e0 la Nation du Pr\u00e9sident Macky Sall de ce vendredi, sur la chaine nationale. La t\u00eate de liste de la coalition Benno Bokk Yakaar lors des derni\u00e8res L\u00e9gislatives a exprim\u00e9 sa d\u00e9ception quant au contenu du discours de Macky Sall. \u00a0\u201cJ\u2019attendais une nouvelle, le peuple s\u00e9n\u00e9galais attendait une nouvelle. Elle n\u2019est pas encore arriv\u00e9e, mais on va \u00eatre patients. Je m\u2019attendais \u00e0 ce que le Pr\u00e9sident annonce qu\u2019il ne serait pas candidat pour 2024. C\u2019\u00e9tait l\u2019attente g\u00e9n\u00e9rale. Mais on va patienter. Certainement apr\u00e8s la publication du Gouvernement, je consid\u00e8re que ce sera sa prochaine t\u00e2che quand il s\u2019adressera \u00e0 la Nation\u201d, a-t-elle d\u00e9clar\u00e9 sur les ondes de la Sud FM. Mimi Tour\u00e9 a une nouvelle fois assur\u00e9 qu\u2019elle compte bien si\u00e9ger \u00e0 l\u2019Assembl\u00e9e nationale pour assumer son mandat de d\u00e9put\u00e9 &nbsp;\u00ab&nbsp;en tant que repr\u00e9sentant du peuple&nbsp;\u00bb. Ce malgr\u00e9 les menaces qu\u2019elle re\u00e7oit.\" \/>\n<meta property=\"og:url\" content=\"https:\/\/www.public.sn\/index.php\/2022\/09\/16\/mimi-toure-je-mattendais-a-ce-que-le-president-annonce-quil-ne-serait-pas-candidat-pour-2024\/\" \/>\n<meta property=\"og:site_name\" content=\"LE PUBLIC\" \/>\n<meta property=\"article:published_time\" content=\"2022-09-16T23:08:30+00:00\" \/>\n<meta property=\"article:modified_time\" content=\"2022-09-16T23:09:09+00:00\" \/>\n<meta property=\"og:image\" content=\"https:\/\/www.public.sn\/wp-content\/uploads\/2022\/09\/76C9EEE7-F984-4663-9B0C-E5FA311B369E.jpeg\" \/>\n\t<meta property=\"og:image:width\" content=\"900\" \/>\n\t<meta property=\"og:image:height\" content=\"600\" \/>\n\t<meta property=\"og:image:type\" content=\"image\/jpeg\" \/>\n<meta name=\"author\" content=\"LA REDACTION\" \/>\n<meta name=\"twitter:card\" content=\"summary_large_image\" \/>\n<meta name=\"twitter:label1\" content=\"\u00c9crit par\" \/>\n\t<meta name=\"twitter:data1\" content=\"LA REDACTION\" \/>\n\t<meta name=\"twitter:label2\" content=\"Dur\u00e9e de lecture estim\u00e9e\" \/>\n\t<meta name=\"twitter:data2\" content=\"1 minute\" \/>\n<script type=\"application\/ld+json\" class=\"yoast-schema-graph\">{\"@context\":\"https:\/\/schema.org\",\"@graph\":[{\"@type\":\"Article\",\"@id\":\"https:\/\/www.public.sn\/index.php\/2022\/09\/16\/mimi-toure-je-mattendais-a-ce-que-le-president-annonce-quil-ne-serait-pas-candidat-pour-2024\/#article\",\"isPartOf\":{\"@id\":\"https:\/\/www.public.sn\/index.php\/2022\/09\/16\/mimi-toure-je-mattendais-a-ce-que-le-president-annonce-quil-ne-serait-pas-candidat-pour-2024\/\"},\"author\":{\"name\":\"LA REDACTION\",\"@id\":\"https:\/\/www.public.sn\/#\/schema\/person\/e3f4a11b037d4203902db148f9bc8d5a\"},\"headline\":\"Mimi Tour\u00e9: \u201cJe m\u2019attendais \u00e0 ce que le Pr\u00e9sident annonce qu\u2019il ne serait pas candidat pour 2024\u201d.\",\"datePublished\":\"2022-09-16T23:08:30+00:00\",\"dateModified\":\"2022-09-16T23:09:09+00:00\",\"mainEntityOfPage\":{\"@id\":\"https:\/\/www.public.sn\/index.php\/2022\/09\/16\/mimi-toure-je-mattendais-a-ce-que-le-president-annonce-quil-ne-serait-pas-candidat-pour-2024\/\"},\"wordCount\":199,\"commentCount\":0,\"publisher\":{\"@id\":\"https:\/\/www.public.sn\/#organization\"},\"image\":{\"@id\":\"https:\/\/www.public.sn\/index.php\/2022\/09\/16\/mimi-toure-je-mattendais-a-ce-que-le-president-annonce-quil-ne-serait-pas-candidat-pour-2024\/#primaryimage\"},\"thumbnailUrl\":\"https:\/\/www.public.sn\/wp-content\/uploads\/2022\/09\/76C9EEE7-F984-4663-9B0C-E5FA311B369E.jpeg\",\"keywords\":[\"3\u00e8me mandat\",\"Assembl\u00e9e Nationale\",\"Justice\",\"Macky Sall\",\"Opposition\"],\"articleSection\":[\"ACTUALIT\u00c9S\",\"POLITIQUE\"],\"inLanguage\":\"fr-FR\",\"potentialAction\":[{\"@type\":\"CommentAction\",\"name\":\"Comment\",\"target\":[\"https:\/\/www.public.sn\/index.php\/2022\/09\/16\/mimi-toure-je-mattendais-a-ce-que-le-president-annonce-quil-ne-serait-pas-candidat-pour-2024\/#respond\"]}]},{\"@type\":\"WebPage\",\"@id\":\"https:\/\/www.public.sn\/index.php\/2022\/09\/16\/mimi-toure-je-mattendais-a-ce-que-le-president-annonce-quil-ne-serait-pas-candidat-pour-2024\/\",\"url\":\"https:\/\/www.public.sn\/index.php\/2022\/09\/16\/mimi-toure-je-mattendais-a-ce-que-le-president-annonce-quil-ne-serait-pas-candidat-pour-2024\/\",\"name\":\"Mimi Tour\u00e9: \u201cJe m\u2019attendais \u00e0 ce que le Pr\u00e9sident annonce qu\u2019il ne serait pas candidat pour 2024\u201d. - LE PUBLIC\",\"isPartOf\":{\"@id\":\"https:\/\/www.public.sn\/#website\"},\"primaryImageOfPage\":{\"@id\":\"https:\/\/www.public.sn\/index.php\/2022\/09\/16\/mimi-toure-je-mattendais-a-ce-que-le-president-annonce-quil-ne-serait-pas-candidat-pour-2024\/#primaryimage\"},\"image\":{\"@id\":\"https:\/\/www.public.sn\/index.php\/2022\/09\/16\/mimi-toure-je-mattendais-a-ce-que-le-president-annonce-quil-ne-serait-pas-candidat-pour-2024\/#primaryimage\"},\"thumbnailUrl\":\"https:\/\/www.public.sn\/wp-content\/uploads\/2022\/09\/76C9EEE7-F984-4663-9B0C-E5FA311B369E.jpeg\",\"datePublished\":\"2022-09-16T23:08:30+00:00\",\"dateModified\":\"2022-09-16T23:09:09+00:00\",\"breadcrumb\":{\"@id\":\"https:\/\/www.public.sn\/index.php\/2022\/09\/16\/mimi-toure-je-mattendais-a-ce-que-le-president-annonce-quil-ne-serait-pas-candidat-pour-2024\/#breadcrumb\"},\"inLanguage\":\"fr-FR\",\"potentialAction\":[{\"@type\":\"ReadAction\",\"target\":[\"https:\/\/www.public.sn\/index.php\/2022\/09\/16\/mimi-toure-je-mattendais-a-ce-que-le-president-annonce-quil-ne-serait-pas-candidat-pour-2024\/\"]}]},{\"@type\":\"ImageObject\",\"inLanguage\":\"fr-FR\",\"@id\":\"https:\/\/www.public.sn\/index.php\/2022\/09\/16\/mimi-toure-je-mattendais-a-ce-que-le-president-annonce-quil-ne-serait-pas-candidat-pour-2024\/#primaryimage\",\"url\":\"https:\/\/www.public.sn\/wp-content\/uploads\/2022\/09\/76C9EEE7-F984-4663-9B0C-E5FA311B369E.jpeg\",\"contentUrl\":\"https:\/\/www.public.sn\/wp-content\/uploads\/2022\/09\/76C9EEE7-F984-4663-9B0C-E5FA311B369E.jpeg\",\"width\":900,\"height\":600},{\"@type\":\"BreadcrumbList\",\"@id\":\"https:\/\/www.public.sn\/index.php\/2022\/09\/16\/mimi-toure-je-mattendais-a-ce-que-le-president-annonce-quil-ne-serait-pas-candidat-pour-2024\/#breadcrumb\",\"itemListElement\":[{\"@type\":\"ListItem\",\"position\":1,\"name\":\"Accueil\",\"item\":\"https:\/\/www.public.sn\/\"},{\"@type\":\"ListItem\",\"position\":2,\"name\":\"Mimi Tour\u00e9: \u201cJe m\u2019attendais \u00e0 ce que le Pr\u00e9sident annonce qu\u2019il ne serait pas candidat pour 2024\u201d.\"}]},{\"@type\":\"WebSite\",\"@id\":\"https:\/\/www.public.sn\/#website\",\"url\":\"https:\/\/www.public.sn\/\",\"name\":\"LE PUBLIC\",\"description\":\"\",\"publisher\":{\"@id\":\"https:\/\/www.public.sn\/#organization\"},\"potentialAction\":[{\"@type\":\"SearchAction\",\"target\":{\"@type\":\"EntryPoint\",\"urlTemplate\":\"https:\/\/www.public.sn\/?s={search_term_string}\"},\"query-input\":{\"@type\":\"PropertyValueSpecification\",\"valueRequired\":true,\"valueName\":\"search_term_string\"}}],\"inLanguage\":\"fr-FR\"},{\"@type\":\"Organization\",\"@id\":\"https:\/\/www.public.sn\/#organization\",\"name\":\"LE PUBLIC\",\"url\":\"https:\/\/www.public.sn\/\",\"logo\":{\"@type\":\"ImageObject\",\"inLanguage\":\"fr-FR\",\"@id\":\"https:\/\/www.public.sn\/#\/schema\/logo\/image\/\",\"url\":\"https:\/\/www.public.sn\/wp-content\/uploads\/2024\/05\/cropped-LOGO-PUBLIC.SN_.png\",\"contentUrl\":\"https:\/\/www.public.sn\/wp-content\/uploads\/2024\/05\/cropped-LOGO-PUBLIC.SN_.png\",\"width\":682,\"height\":192,\"caption\":\"LE PUBLIC\"},\"image\":{\"@id\":\"https:\/\/www.public.sn\/#\/schema\/logo\/image\/\"}},{\"@type\":\"Person\",\"@id\":\"https:\/\/www.public.sn\/#\/schema\/person\/e3f4a11b037d4203902db148f9bc8d5a\",\"name\":\"LA REDACTION\",\"image\":{\"@type\":\"ImageObject\",\"inLanguage\":\"fr-FR\",\"@id\":\"https:\/\/www.public.sn\/#\/schema\/person\/image\/\",\"url\":\"https:\/\/secure.gravatar.com\/avatar\/d6c030db45db2883c075085c5d6c6258654a801a93766b49af0b82d4f454e2a5?s=96&d=mm&r=g\",\"contentUrl\":\"https:\/\/secure.gravatar.com\/avatar\/d6c030db45db2883c075085c5d6c6258654a801a93766b49af0b82d4f454e2a5?s=96&d=mm&r=g\",\"caption\":\"LA REDACTION\"},\"sameAs\":[\"http:\/\/www.public.sn\"],\"url\":\"https:\/\/www.public.sn\/index.php\/author\/admin7324\/\"}]}<\/script>\n<!-- \/ Yoast SEO plugin. -->","yoast_head_json":{"title":"Mimi Tour\u00e9: \u201cJe m\u2019attendais \u00e0 ce que le Pr\u00e9sident annonce qu\u2019il ne serait pas candidat pour 2024\u201d. - LE PUBLIC","robots":{"index":"index","follow":"follow","max-snippet":"max-snippet:-1","max-image-preview":"max-image-preview:large","max-video-preview":"max-video-preview:-1"},"canonical":"https:\/\/www.public.sn\/index.php\/2022\/09\/16\/mimi-toure-je-mattendais-a-ce-que-le-president-annonce-quil-ne-serait-pas-candidat-pour-2024\/","og_locale":"fr_FR","og_type":"article","og_title":"Mimi Tour\u00e9: \u201cJe m\u2019attendais \u00e0 ce que le Pr\u00e9sident annonce qu\u2019il ne serait pas candidat pour 2024\u201d. - LE PUBLIC","og_description":"L\u2019ancien Premier ministre, Mimi Tour\u00e9, a r\u00e9agi \u00e0 l\u2019adresse \u00e0 la Nation du Pr\u00e9sident Macky Sall de ce vendredi, sur la chaine nationale. La t\u00eate de liste de la coalition Benno Bokk Yakaar lors des derni\u00e8res L\u00e9gislatives a exprim\u00e9 sa d\u00e9ception quant au contenu du discours de Macky Sall. \u00a0\u201cJ\u2019attendais une nouvelle, le peuple s\u00e9n\u00e9galais attendait une nouvelle. Elle n\u2019est pas encore arriv\u00e9e, mais on va \u00eatre patients. Je m\u2019attendais \u00e0 ce que le Pr\u00e9sident annonce qu\u2019il ne serait pas candidat pour 2024. C\u2019\u00e9tait l\u2019attente g\u00e9n\u00e9rale. Mais on va patienter. Certainement apr\u00e8s la publication du Gouvernement, je consid\u00e8re que ce sera sa prochaine t\u00e2che quand il s\u2019adressera \u00e0 la Nation\u201d, a-t-elle d\u00e9clar\u00e9 sur les ondes de la Sud FM. Mimi Tour\u00e9 a une nouvelle fois assur\u00e9 qu\u2019elle compte bien si\u00e9ger \u00e0 l\u2019Assembl\u00e9e nationale pour assumer son mandat de d\u00e9put\u00e9 &nbsp;\u00ab&nbsp;en tant que repr\u00e9sentant du peuple&nbsp;\u00bb. Ce malgr\u00e9 les menaces qu\u2019elle re\u00e7oit.","og_url":"https:\/\/www.public.sn\/index.php\/2022\/09\/16\/mimi-toure-je-mattendais-a-ce-que-le-president-annonce-quil-ne-serait-pas-candidat-pour-2024\/","og_site_name":"LE PUBLIC","article_published_time":"2022-09-16T23:08:30+00:00","article_modified_time":"2022-09-16T23:09:09+00:00","og_image":[{"width":900,"height":600,"url":"https:\/\/www.public.sn\/wp-content\/uploads\/2022\/09\/76C9EEE7-F984-4663-9B0C-E5FA311B369E.jpeg","type":"image\/jpeg"}],"author":"LA REDACTION","twitter_card":"summary_large_image","twitter_misc":{"\u00c9crit par":"LA REDACTION","Dur\u00e9e de lecture estim\u00e9e":"1 minute"},"schema":{"@context":"https:\/\/schema.org","@graph":[{"@type":"Article","@id":"https:\/\/www.public.sn\/index.php\/2022\/09\/16\/mimi-toure-je-mattendais-a-ce-que-le-president-annonce-quil-ne-serait-pas-candidat-pour-2024\/#article","isPartOf":{"@id":"https:\/\/www.public.sn\/index.php\/2022\/09\/16\/mimi-toure-je-mattendais-a-ce-que-le-president-annonce-quil-ne-serait-pas-candidat-pour-2024\/"},"author":{"name":"LA REDACTION","@id":"https:\/\/www.public.sn\/#\/schema\/person\/e3f4a11b037d4203902db148f9bc8d5a"},"headline":"Mimi Tour\u00e9: \u201cJe m\u2019attendais \u00e0 ce que le Pr\u00e9sident annonce qu\u2019il ne serait pas candidat pour 2024\u201d.","datePublished":"2022-09-16T23:08:30+00:00","dateModified":"2022-09-16T23:09:09+00:00","mainEntityOfPage":{"@id":"https:\/\/www.public.sn\/index.php\/2022\/09\/16\/mimi-toure-je-mattendais-a-ce-que-le-president-annonce-quil-ne-serait-pas-candidat-pour-2024\/"},"wordCount":199,"commentCount":0,"publisher":{"@id":"https:\/\/www.public.sn\/#organization"},"image":{"@id":"https:\/\/www.public.sn\/index.php\/2022\/09\/16\/mimi-toure-je-mattendais-a-ce-que-le-president-annonce-quil-ne-serait-pas-candidat-pour-2024\/#primaryimage"},"thumbnailUrl":"https:\/\/www.public.sn\/wp-content\/uploads\/2022\/09\/76C9EEE7-F984-4663-9B0C-E5FA311B369E.jpeg","keywords":["3\u00e8me mandat","Assembl\u00e9e Nationale","Justice","Macky Sall","Opposition"],"articleSection":["ACTUALIT\u00c9S","POLITIQUE"],"inLanguage":"fr-FR","potentialAction":[{"@type":"CommentAction","name":"Comment","target":["https:\/\/www.public.sn\/index.php\/2022\/09\/16\/mimi-toure-je-mattendais-a-ce-que-le-president-annonce-quil-ne-serait-pas-candidat-pour-2024\/#respond"]}]},{"@type":"WebPage","@id":"https:\/\/www.public.sn\/index.php\/2022\/09\/16\/mimi-toure-je-mattendais-a-ce-que-le-president-annonce-quil-ne-serait-pas-candidat-pour-2024\/","url":"https:\/\/www.public.sn\/index.php\/2022\/09\/16\/mimi-toure-je-mattendais-a-ce-que-le-president-annonce-quil-ne-serait-pas-candidat-pour-2024\/","name":"Mimi Tour\u00e9: \u201cJe m\u2019attendais \u00e0 ce que le Pr\u00e9sident annonce qu\u2019il ne serait pas candidat pour 2024\u201d. - LE PUBLIC","isPartOf":{"@id":"https:\/\/www.public.sn\/#website"},"primaryImageOfPage":{"@id":"https:\/\/www.public.sn\/index.php\/2022\/09\/16\/mimi-toure-je-mattendais-a-ce-que-le-president-annonce-quil-ne-serait-pas-candidat-pour-2024\/#primaryimage"},"image":{"@id":"https:\/\/www.public.sn\/index.php\/2022\/09\/16\/mimi-toure-je-mattendais-a-ce-que-le-president-annonce-quil-ne-serait-pas-candidat-pour-2024\/#primaryimage"},"thumbnailUrl":"https:\/\/www.public.sn\/wp-content\/uploads\/2022\/09\/76C9EEE7-F984-4663-9B0C-E5FA311B369E.jpeg","datePublished":"2022-09-16T23:08:30+00:00","dateModified":"2022-09-16T23:09:09+00:00","breadcrumb":{"@id":"https:\/\/www.public.sn\/index.php\/2022\/09\/16\/mimi-toure-je-mattendais-a-ce-que-le-president-annonce-quil-ne-serait-pas-candidat-pour-2024\/#breadcrumb"},"inLanguage":"fr-FR","potentialAction":[{"@type":"ReadAction","target":["https:\/\/www.public.sn\/index.php\/2022\/09\/16\/mimi-toure-je-mattendais-a-ce-que-le-president-annonce-quil-ne-serait-pas-candidat-pour-2024\/"]}]},{"@type":"ImageObject","inLanguage":"fr-FR","@id":"https:\/\/www.public.sn\/index.php\/2022\/09\/16\/mimi-toure-je-mattendais-a-ce-que-le-president-annonce-quil-ne-serait-pas-candidat-pour-2024\/#primaryimage","url":"https:\/\/www.public.sn\/wp-content\/uploads\/2022\/09\/76C9EEE7-F984-4663-9B0C-E5FA311B369E.jpeg","contentUrl":"https:\/\/www.public.sn\/wp-content\/uploads\/2022\/09\/76C9EEE7-F984-4663-9B0C-E5FA311B369E.jpeg","width":900,"height":600},{"@type":"BreadcrumbList","@id":"https:\/\/www.public.sn\/index.php\/2022\/09\/16\/mimi-toure-je-mattendais-a-ce-que-le-president-annonce-quil-ne-serait-pas-candidat-pour-2024\/#breadcrumb","itemListElement":[{"@type":"ListItem","position":1,"name":"Accueil","item":"https:\/\/www.public.sn\/"},{"@type":"ListItem","position":2,"name":"Mimi Tour\u00e9: \u201cJe m\u2019attendais \u00e0 ce que le Pr\u00e9sident annonce qu\u2019il ne serait pas candidat pour 2024\u201d."}]},{"@type":"WebSite","@id":"https:\/\/www.public.sn\/#website","url":"https:\/\/www.public.sn\/","name":"LE PUBLIC","description":"","publisher":{"@id":"https:\/\/www.public.sn\/#organization"},"potentialAction":[{"@type":"SearchAction","target":{"@type":"EntryPoint","urlTemplate":"https:\/\/www.public.sn\/?s={search_term_string}"},"query-input":{"@type":"PropertyValueSpecification","valueRequired":true,"valueName":"search_term_string"}}],"inLanguage":"fr-FR"},{"@type":"Organization","@id":"https:\/\/www.public.sn\/#organization","name":"LE PUBLIC","url":"https:\/\/www.public.sn\/","logo":{"@type":"ImageObject","inLanguage":"fr-FR","@id":"https:\/\/www.public.sn\/#\/schema\/logo\/image\/","url":"https:\/\/www.public.sn\/wp-content\/uploads\/2024\/05\/cropped-LOGO-PUBLIC.SN_.png","contentUrl":"https:\/\/www.public.sn\/wp-content\/uploads\/2024\/05\/cropped-LOGO-PUBLIC.SN_.png","width":682,"height":192,"caption":"LE PUBLIC"},"image":{"@id":"https:\/\/www.public.sn\/#\/schema\/logo\/image\/"}},{"@type":"Person","@id":"https:\/\/www.public.sn\/#\/schema\/person\/e3f4a11b037d4203902db148f9bc8d5a","name":"LA REDACTION","image":{"@type":"ImageObject","inLanguage":"fr-FR","@id":"https:\/\/www.public.sn\/#\/schema\/person\/image\/","url":"https:\/\/secure.gravatar.com\/avatar\/d6c030db45db2883c075085c5d6c6258654a801a93766b49af0b82d4f454e2a5?s=96&d=mm&r=g","contentUrl":"https:\/\/secure.gravatar.com\/avatar\/d6c030db45db2883c075085c5d6c6258654a801a93766b49af0b82d4f454e2a5?s=96&d=mm&r=g","caption":"LA REDACTION"},"sameAs":["http:\/\/www.public.sn"],"url":"https:\/\/www.public.sn\/index.php\/author\/admin7324\/"}]}},"jetpack_featured_media_url":"https:\/\/www.public.sn\/wp-content\/uploads\/2022\/09\/76C9EEE7-F984-4663-9B0C-E5FA311B369E.jpeg","jetpack_sharing_enabled":true,"_links":{"self":[{"href":"https:\/\/www.public.sn\/index.php\/wp-json\/wp\/v2\/posts\/2100","targetHints":{"allow":["GET"]}}],"collection":[{"href":"https:\/\/www.public.sn\/index.php\/wp-json\/wp\/v2\/posts"}],"about":[{"href":"https:\/\/www.public.sn\/index.php\/wp-json\/wp\/v2\/types\/post"}],"author":[{"embeddable":true,"href":"https:\/\/www.public.sn\/index.php\/wp-json\/wp\/v2\/users\/1"}],"replies":[{"embeddable":true,"href":"https:\/\/www.public.sn\/index.php\/wp-json\/wp\/v2\/comments?post=2100"}],"version-history":[{"count":1,"href":"https:\/\/www.public.sn\/index.php\/wp-json\/wp\/v2\/posts\/2100\/revisions"}],"predecessor-version":[{"id":2102,"href":"https:\/\/www.public.sn\/index.php\/wp-json\/wp\/v2\/posts\/2100\/revisions\/2102"}],"wp:featuredmedia":[{"embeddable":true,"href":"https:\/\/www.public.sn\/index.php\/wp-json\/wp\/v2\/media\/2101"}],"wp:attachment":[{"href":"https:\/\/www.public.sn\/index.php\/wp-json\/wp\/v2\/media?parent=2100"}],"wp:term":[{"taxonomy":"category","embeddable":true,"href":"https:\/\/www.public.sn\/index.php\/wp-json\/wp\/v2\/categories?post=2100"},{"taxonomy":"post_tag","embeddable":true,"href":"https:\/\/www.public.sn\/index.php\/wp-json\/wp\/v2\/tags?post=2100"}],"curies":[{"name":"wp","href":"https:\/\/api.w.org\/{rel}","templated":true}]}}