{"id":21007,"date":"2023-05-04T07:29:47","date_gmt":"2023-05-04T07:29:47","guid":{"rendered":"https:\/\/www.public.sn\/?p=21007"},"modified":"2023-05-04T07:13:03","modified_gmt":"2023-05-04T07:13:03","slug":"franc-forza-en-face-a-face-le-7-mai-prochain","status":"publish","type":"post","link":"https:\/\/www.public.sn\/index.php\/2023\/05\/04\/franc-forza-en-face-a-face-le-7-mai-prochain\/","title":{"rendered":"Franc \u2013 Forza en face-\u00e0-face le 7 mai prochain"},"content":{"rendered":"<p><strong>En attendant le jour de leur combat pr\u00e9vu le 21 mai \u00e0 l\u2019ar\u00e8ne nationale, Franc (Jambars Wrestling Academy) vs Forza (Fass-Ndakaru) vont se retrouver pour une nouvelle guerre des mots. Les deux lutteurs seront en face-\u00e0-face le 7 mai prochain.<\/strong><\/p><div class=\"publi-paragraphe1\" style=\"margin-top: 10px;margin-bottom: 10px;margin-left: auto;margin-right: auto;text-align: center;\" id=\"publi-98849776\"><div class=\"publi-adlabel\">Publicit\u00e9<\/div><script async src=\"\/\/pagead2.googlesyndication.com\/pagead\/js\/adsbygoogle.js?client=ca-pub-4089586018074219\" crossorigin=\"anonymous\"><\/script><ins class=\"adsbygoogle\" style=\"display:block;\" data-ad-client=\"ca-pub-4089586018074219\" \ndata-ad-slot=\"2087940154\" \ndata-ad-format=\"auto\"><\/ins>\n<script> \n(adsbygoogle = window.adsbygoogle || []).push({}); \n<\/script>\n<\/div>\n<p>Initialement pr\u00e9vu le 14 mai 2023, le combat Forza et Franc est report\u00e9 au 21 mai. Cette d\u00e9cision fait suite \u00e0 la reprogrammation du Drapeau du Chef de l\u2019Etat qui se tiendra d\u00e9sormais du 12 au 14 mai au lieu du 5 au 7 mai. Les deux lutteurs seront d&rsquo;ailleurs en face-\u00e0-face le 7 mai. Le duel ficel\u00e9 par la structure Gaston Productions cristallise toutes les attentions tant les deux protagonistes ont r\u00e9alis\u00e9 jusque-l\u00e0 une carri\u00e8re r\u00e9ussie.<\/p>\n<p>En effet, Franc reste sur une belle dynamique avec 11 victoires en autant de combats. Le parcellois \u00e9crase tout sur son passage. Mais il fera face \u00e0 un autre colosse de l\u2019ar\u00e8ne qui a disput\u00e9 le m\u00eame nombre de combats que lui. Forza, dont les qualit\u00e9s techniques ne sont plus \u00e0 d\u00e9montrer, n\u2019a mordu la poussi\u00e8re qu\u2019\u00e0 deux (2) reprises.<\/p>\n<div class=\"publi-apres-le-contenu\" style=\"margin-top: 10px;margin-bottom: 10px;margin-left: auto;margin-right: auto;text-align: center;\" id=\"publi-3851280009\"><div class=\"publi-adlabel\">Publicit\u00e9<\/div><script async src=\"\/\/pagead2.googlesyndication.com\/pagead\/js\/adsbygoogle.js?client=ca-pub-4089586018074219\" crossorigin=\"anonymous\"><\/script><ins class=\"adsbygoogle\" style=\"display:block;\" data-ad-client=\"ca-pub-4089586018074219\" \ndata-ad-slot=\"2087940154\" \ndata-ad-format=\"auto\"><\/ins>\n<script> \n(adsbygoogle = window.adsbygoogle || []).push({}); \n<\/script>\n<\/div>","protected":false},"excerpt":{"rendered":"<p>En attendant le jour de leur combat pr\u00e9vu le 21 mai \u00e0 l\u2019ar\u00e8ne nationale, Franc (Jambars Wrestling Academy) vs Forza (Fass-Ndakaru) vont se retrouver pour une nouvelle guerre des mots. Les deux lutteurs seront en face-\u00e0-face le 7 mai prochain. Initialement pr\u00e9vu le 14 mai 2023, le combat Forza et Franc est report\u00e9 au 21 mai. Cette d\u00e9cision fait suite \u00e0 la reprogrammation du Drapeau du Chef de l\u2019Etat qui se tiendra d\u00e9sormais du 12 au 14 mai au lieu du 5 au 7 mai. Les deux lutteurs seront d&rsquo;ailleurs en face-\u00e0-face le 7 mai. Le duel ficel\u00e9 par la structure Gaston Productions cristallise toutes les attentions tant les deux protagonistes ont r\u00e9alis\u00e9 jusque-l\u00e0 une carri\u00e8re r\u00e9ussie. En effet, Franc reste sur une belle dynamique avec 11 victoires en autant de combats. Le parcellois \u00e9crase tout sur son passage. Mais il fera face \u00e0 un autre colosse de l\u2019ar\u00e8ne qui a disput\u00e9 le m\u00eame nombre de combats que lui. Forza, dont les qualit\u00e9s techniques ne sont plus \u00e0 d\u00e9montrer, n\u2019a mordu la poussi\u00e8re qu\u2019\u00e0 deux (2) reprises.<\/p>\n","protected":false},"author":1,"featured_media":21008,"comment_status":"open","ping_status":"open","sticky":false,"template":"","format":"standard","meta":{"_jetpack_memberships_contains_paid_content":false,"footnotes":""},"categories":[375,902,1,7],"tags":[2580,5125,5124],"class_list":["post-21007","post","type-post","status-publish","format-standard","has-post-thumbnail","hentry","category-actualites","category-lutte-senegalaise","category-non-classe","category-sport","tag-face-a-face","tag-forza","tag-franc","entry","has-media","owp-thumbs-layout-horizontal","owp-btn-normal","owp-tabs-layout-horizontal","has-no-thumbnails","has-product-nav"],"yoast_head":"<!-- This site is optimized with the Yoast SEO plugin v25.5 - https:\/\/yoast.com\/wordpress\/plugins\/seo\/ -->\n<title>Franc \u2013 Forza en face-\u00e0-face le 7 mai prochain - LE PUBLIC<\/title>\n<meta name=\"description\" content=\"En attendant le jour de leur combat pr\u00e9vu le 21 mai \u00e0 l\u2019ar\u00e8ne nationale, Franc (Jambars Wrestling Academy) vs Forza (Fass-Ndakaru) vont se retrouver pour une nouvelle guerre des mots. Les deux lutteurs seront en face-\u00e0-face le 7 mai prochain\" \/>\n<meta name=\"robots\" content=\"index, follow, max-snippet:-1, max-image-preview:large, max-video-preview:-1\" \/>\n<link rel=\"canonical\" href=\"https:\/\/www.public.sn\/index.php\/2023\/05\/04\/franc-forza-en-face-a-face-le-7-mai-prochain\/\" \/>\n<meta property=\"og:locale\" content=\"fr_FR\" \/>\n<meta property=\"og:type\" content=\"article\" \/>\n<meta property=\"og:title\" content=\"Franc \u2013 Forza en face-\u00e0-face le 7 mai prochain - LE PUBLIC\" \/>\n<meta property=\"og:description\" content=\"En attendant le jour de leur combat pr\u00e9vu le 21 mai \u00e0 l\u2019ar\u00e8ne nationale, Franc (Jambars Wrestling Academy) vs Forza (Fass-Ndakaru) vont se retrouver pour une nouvelle guerre des mots. Les deux lutteurs seront en face-\u00e0-face le 7 mai prochain\" \/>\n<meta property=\"og:url\" content=\"https:\/\/www.public.sn\/index.php\/2023\/05\/04\/franc-forza-en-face-a-face-le-7-mai-prochain\/\" \/>\n<meta property=\"og:site_name\" content=\"LE PUBLIC\" \/>\n<meta property=\"article:published_time\" content=\"2023-05-04T07:29:47+00:00\" \/>\n<meta property=\"og:image\" content=\"https:\/\/www.public.sn\/wp-content\/uploads\/2023\/05\/franc-forza.webp\" \/>\n\t<meta property=\"og:image:width\" content=\"481\" \/>\n\t<meta property=\"og:image:height\" content=\"269\" \/>\n\t<meta property=\"og:image:type\" content=\"image\/webp\" \/>\n<meta name=\"author\" content=\"LA REDACTION\" \/>\n<meta name=\"twitter:card\" content=\"summary_large_image\" \/>\n<meta name=\"twitter:label1\" content=\"\u00c9crit par\" \/>\n\t<meta name=\"twitter:data1\" content=\"LA REDACTION\" \/>\n\t<meta name=\"twitter:label2\" content=\"Dur\u00e9e de lecture estim\u00e9e\" \/>\n\t<meta name=\"twitter:data2\" content=\"1 minute\" \/>\n<script type=\"application\/ld+json\" class=\"yoast-schema-graph\">{\"@context\":\"https:\/\/schema.org\",\"@graph\":[{\"@type\":\"Article\",\"@id\":\"https:\/\/www.public.sn\/index.php\/2023\/05\/04\/franc-forza-en-face-a-face-le-7-mai-prochain\/#article\",\"isPartOf\":{\"@id\":\"https:\/\/www.public.sn\/index.php\/2023\/05\/04\/franc-forza-en-face-a-face-le-7-mai-prochain\/\"},\"author\":{\"name\":\"LA REDACTION\",\"@id\":\"https:\/\/www.public.sn\/#\/schema\/person\/e3f4a11b037d4203902db148f9bc8d5a\"},\"headline\":\"Franc \u2013 Forza en face-\u00e0-face le 7 mai prochain\",\"datePublished\":\"2023-05-04T07:29:47+00:00\",\"mainEntityOfPage\":{\"@id\":\"https:\/\/www.public.sn\/index.php\/2023\/05\/04\/franc-forza-en-face-a-face-le-7-mai-prochain\/\"},\"wordCount\":188,\"commentCount\":0,\"publisher\":{\"@id\":\"https:\/\/www.public.sn\/#organization\"},\"image\":{\"@id\":\"https:\/\/www.public.sn\/index.php\/2023\/05\/04\/franc-forza-en-face-a-face-le-7-mai-prochain\/#primaryimage\"},\"thumbnailUrl\":\"https:\/\/www.public.sn\/wp-content\/uploads\/2023\/05\/franc-forza.webp\",\"keywords\":[\"face \u00e0 face\",\"Forza\",\"Franc\"],\"articleSection\":[\"ACTUALIT\u00c9S\",\"LUTTE S\u00c9N\u00c9GALAISE\",\"S\u00c9N\u00c9GAL\",\"SPORTS\"],\"inLanguage\":\"fr-FR\",\"potentialAction\":[{\"@type\":\"CommentAction\",\"name\":\"Comment\",\"target\":[\"https:\/\/www.public.sn\/index.php\/2023\/05\/04\/franc-forza-en-face-a-face-le-7-mai-prochain\/#respond\"]}]},{\"@type\":\"WebPage\",\"@id\":\"https:\/\/www.public.sn\/index.php\/2023\/05\/04\/franc-forza-en-face-a-face-le-7-mai-prochain\/\",\"url\":\"https:\/\/www.public.sn\/index.php\/2023\/05\/04\/franc-forza-en-face-a-face-le-7-mai-prochain\/\",\"name\":\"Franc \u2013 Forza en face-\u00e0-face le 7 mai prochain - LE PUBLIC\",\"isPartOf\":{\"@id\":\"https:\/\/www.public.sn\/#website\"},\"primaryImageOfPage\":{\"@id\":\"https:\/\/www.public.sn\/index.php\/2023\/05\/04\/franc-forza-en-face-a-face-le-7-mai-prochain\/#primaryimage\"},\"image\":{\"@id\":\"https:\/\/www.public.sn\/index.php\/2023\/05\/04\/franc-forza-en-face-a-face-le-7-mai-prochain\/#primaryimage\"},\"thumbnailUrl\":\"https:\/\/www.public.sn\/wp-content\/uploads\/2023\/05\/franc-forza.webp\",\"datePublished\":\"2023-05-04T07:29:47+00:00\",\"description\":\"En attendant le jour de leur combat pr\u00e9vu le 21 mai \u00e0 l\u2019ar\u00e8ne nationale, Franc (Jambars Wrestling Academy) vs Forza (Fass-Ndakaru) vont se retrouver pour une nouvelle guerre des mots. Les deux lutteurs seront en face-\u00e0-face le 7 mai prochain\",\"breadcrumb\":{\"@id\":\"https:\/\/www.public.sn\/index.php\/2023\/05\/04\/franc-forza-en-face-a-face-le-7-mai-prochain\/#breadcrumb\"},\"inLanguage\":\"fr-FR\",\"potentialAction\":[{\"@type\":\"ReadAction\",\"target\":[\"https:\/\/www.public.sn\/index.php\/2023\/05\/04\/franc-forza-en-face-a-face-le-7-mai-prochain\/\"]}]},{\"@type\":\"ImageObject\",\"inLanguage\":\"fr-FR\",\"@id\":\"https:\/\/www.public.sn\/index.php\/2023\/05\/04\/franc-forza-en-face-a-face-le-7-mai-prochain\/#primaryimage\",\"url\":\"https:\/\/www.public.sn\/wp-content\/uploads\/2023\/05\/franc-forza.webp\",\"contentUrl\":\"https:\/\/www.public.sn\/wp-content\/uploads\/2023\/05\/franc-forza.webp\",\"width\":481,\"height\":269},{\"@type\":\"BreadcrumbList\",\"@id\":\"https:\/\/www.public.sn\/index.php\/2023\/05\/04\/franc-forza-en-face-a-face-le-7-mai-prochain\/#breadcrumb\",\"itemListElement\":[{\"@type\":\"ListItem\",\"position\":1,\"name\":\"Accueil\",\"item\":\"https:\/\/www.public.sn\/\"},{\"@type\":\"ListItem\",\"position\":2,\"name\":\"Franc \u2013 Forza en face-\u00e0-face le 7 mai prochain\"}]},{\"@type\":\"WebSite\",\"@id\":\"https:\/\/www.public.sn\/#website\",\"url\":\"https:\/\/www.public.sn\/\",\"name\":\"LE PUBLIC\",\"description\":\"\",\"publisher\":{\"@id\":\"https:\/\/www.public.sn\/#organization\"},\"potentialAction\":[{\"@type\":\"SearchAction\",\"target\":{\"@type\":\"EntryPoint\",\"urlTemplate\":\"https:\/\/www.public.sn\/?s={search_term_string}\"},\"query-input\":{\"@type\":\"PropertyValueSpecification\",\"valueRequired\":true,\"valueName\":\"search_term_string\"}}],\"inLanguage\":\"fr-FR\"},{\"@type\":\"Organization\",\"@id\":\"https:\/\/www.public.sn\/#organization\",\"name\":\"LE PUBLIC\",\"url\":\"https:\/\/www.public.sn\/\",\"logo\":{\"@type\":\"ImageObject\",\"inLanguage\":\"fr-FR\",\"@id\":\"https:\/\/www.public.sn\/#\/schema\/logo\/image\/\",\"url\":\"https:\/\/www.public.sn\/wp-content\/uploads\/2024\/05\/cropped-LOGO-PUBLIC.SN_.png\",\"contentUrl\":\"https:\/\/www.public.sn\/wp-content\/uploads\/2024\/05\/cropped-LOGO-PUBLIC.SN_.png\",\"width\":682,\"height\":192,\"caption\":\"LE PUBLIC\"},\"image\":{\"@id\":\"https:\/\/www.public.sn\/#\/schema\/logo\/image\/\"}},{\"@type\":\"Person\",\"@id\":\"https:\/\/www.public.sn\/#\/schema\/person\/e3f4a11b037d4203902db148f9bc8d5a\",\"name\":\"LA REDACTION\",\"image\":{\"@type\":\"ImageObject\",\"inLanguage\":\"fr-FR\",\"@id\":\"https:\/\/www.public.sn\/#\/schema\/person\/image\/\",\"url\":\"https:\/\/secure.gravatar.com\/avatar\/d6c030db45db2883c075085c5d6c6258654a801a93766b49af0b82d4f454e2a5?s=96&d=mm&r=g\",\"contentUrl\":\"https:\/\/secure.gravatar.com\/avatar\/d6c030db45db2883c075085c5d6c6258654a801a93766b49af0b82d4f454e2a5?s=96&d=mm&r=g\",\"caption\":\"LA REDACTION\"},\"sameAs\":[\"http:\/\/www.public.sn\"],\"url\":\"https:\/\/www.public.sn\/index.php\/author\/admin7324\/\"}]}<\/script>\n<!-- \/ Yoast SEO plugin. -->","yoast_head_json":{"title":"Franc \u2013 Forza en face-\u00e0-face le 7 mai prochain - LE PUBLIC","description":"En attendant le jour de leur combat pr\u00e9vu le 21 mai \u00e0 l\u2019ar\u00e8ne nationale, Franc (Jambars Wrestling Academy) vs Forza (Fass-Ndakaru) vont se retrouver pour une nouvelle guerre des mots. Les deux lutteurs seront en face-\u00e0-face le 7 mai prochain","robots":{"index":"index","follow":"follow","max-snippet":"max-snippet:-1","max-image-preview":"max-image-preview:large","max-video-preview":"max-video-preview:-1"},"canonical":"https:\/\/www.public.sn\/index.php\/2023\/05\/04\/franc-forza-en-face-a-face-le-7-mai-prochain\/","og_locale":"fr_FR","og_type":"article","og_title":"Franc \u2013 Forza en face-\u00e0-face le 7 mai prochain - LE PUBLIC","og_description":"En attendant le jour de leur combat pr\u00e9vu le 21 mai \u00e0 l\u2019ar\u00e8ne nationale, Franc (Jambars Wrestling Academy) vs Forza (Fass-Ndakaru) vont se retrouver pour une nouvelle guerre des mots. Les deux lutteurs seront en face-\u00e0-face le 7 mai prochain","og_url":"https:\/\/www.public.sn\/index.php\/2023\/05\/04\/franc-forza-en-face-a-face-le-7-mai-prochain\/","og_site_name":"LE PUBLIC","article_published_time":"2023-05-04T07:29:47+00:00","og_image":[{"width":481,"height":269,"url":"https:\/\/www.public.sn\/wp-content\/uploads\/2023\/05\/franc-forza.webp","type":"image\/webp"}],"author":"LA REDACTION","twitter_card":"summary_large_image","twitter_misc":{"\u00c9crit par":"LA REDACTION","Dur\u00e9e de lecture estim\u00e9e":"1 minute"},"schema":{"@context":"https:\/\/schema.org","@graph":[{"@type":"Article","@id":"https:\/\/www.public.sn\/index.php\/2023\/05\/04\/franc-forza-en-face-a-face-le-7-mai-prochain\/#article","isPartOf":{"@id":"https:\/\/www.public.sn\/index.php\/2023\/05\/04\/franc-forza-en-face-a-face-le-7-mai-prochain\/"},"author":{"name":"LA REDACTION","@id":"https:\/\/www.public.sn\/#\/schema\/person\/e3f4a11b037d4203902db148f9bc8d5a"},"headline":"Franc \u2013 Forza en face-\u00e0-face le 7 mai prochain","datePublished":"2023-05-04T07:29:47+00:00","mainEntityOfPage":{"@id":"https:\/\/www.public.sn\/index.php\/2023\/05\/04\/franc-forza-en-face-a-face-le-7-mai-prochain\/"},"wordCount":188,"commentCount":0,"publisher":{"@id":"https:\/\/www.public.sn\/#organization"},"image":{"@id":"https:\/\/www.public.sn\/index.php\/2023\/05\/04\/franc-forza-en-face-a-face-le-7-mai-prochain\/#primaryimage"},"thumbnailUrl":"https:\/\/www.public.sn\/wp-content\/uploads\/2023\/05\/franc-forza.webp","keywords":["face \u00e0 face","Forza","Franc"],"articleSection":["ACTUALIT\u00c9S","LUTTE S\u00c9N\u00c9GALAISE","S\u00c9N\u00c9GAL","SPORTS"],"inLanguage":"fr-FR","potentialAction":[{"@type":"CommentAction","name":"Comment","target":["https:\/\/www.public.sn\/index.php\/2023\/05\/04\/franc-forza-en-face-a-face-le-7-mai-prochain\/#respond"]}]},{"@type":"WebPage","@id":"https:\/\/www.public.sn\/index.php\/2023\/05\/04\/franc-forza-en-face-a-face-le-7-mai-prochain\/","url":"https:\/\/www.public.sn\/index.php\/2023\/05\/04\/franc-forza-en-face-a-face-le-7-mai-prochain\/","name":"Franc \u2013 Forza en face-\u00e0-face le 7 mai prochain - LE PUBLIC","isPartOf":{"@id":"https:\/\/www.public.sn\/#website"},"primaryImageOfPage":{"@id":"https:\/\/www.public.sn\/index.php\/2023\/05\/04\/franc-forza-en-face-a-face-le-7-mai-prochain\/#primaryimage"},"image":{"@id":"https:\/\/www.public.sn\/index.php\/2023\/05\/04\/franc-forza-en-face-a-face-le-7-mai-prochain\/#primaryimage"},"thumbnailUrl":"https:\/\/www.public.sn\/wp-content\/uploads\/2023\/05\/franc-forza.webp","datePublished":"2023-05-04T07:29:47+00:00","description":"En attendant le jour de leur combat pr\u00e9vu le 21 mai \u00e0 l\u2019ar\u00e8ne nationale, Franc (Jambars Wrestling Academy) vs Forza (Fass-Ndakaru) vont se retrouver pour une nouvelle guerre des mots. Les deux lutteurs seront en face-\u00e0-face le 7 mai prochain","breadcrumb":{"@id":"https:\/\/www.public.sn\/index.php\/2023\/05\/04\/franc-forza-en-face-a-face-le-7-mai-prochain\/#breadcrumb"},"inLanguage":"fr-FR","potentialAction":[{"@type":"ReadAction","target":["https:\/\/www.public.sn\/index.php\/2023\/05\/04\/franc-forza-en-face-a-face-le-7-mai-prochain\/"]}]},{"@type":"ImageObject","inLanguage":"fr-FR","@id":"https:\/\/www.public.sn\/index.php\/2023\/05\/04\/franc-forza-en-face-a-face-le-7-mai-prochain\/#primaryimage","url":"https:\/\/www.public.sn\/wp-content\/uploads\/2023\/05\/franc-forza.webp","contentUrl":"https:\/\/www.public.sn\/wp-content\/uploads\/2023\/05\/franc-forza.webp","width":481,"height":269},{"@type":"BreadcrumbList","@id":"https:\/\/www.public.sn\/index.php\/2023\/05\/04\/franc-forza-en-face-a-face-le-7-mai-prochain\/#breadcrumb","itemListElement":[{"@type":"ListItem","position":1,"name":"Accueil","item":"https:\/\/www.public.sn\/"},{"@type":"ListItem","position":2,"name":"Franc \u2013 Forza en face-\u00e0-face le 7 mai prochain"}]},{"@type":"WebSite","@id":"https:\/\/www.public.sn\/#website","url":"https:\/\/www.public.sn\/","name":"LE PUBLIC","description":"","publisher":{"@id":"https:\/\/www.public.sn\/#organization"},"potentialAction":[{"@type":"SearchAction","target":{"@type":"EntryPoint","urlTemplate":"https:\/\/www.public.sn\/?s={search_term_string}"},"query-input":{"@type":"PropertyValueSpecification","valueRequired":true,"valueName":"search_term_string"}}],"inLanguage":"fr-FR"},{"@type":"Organization","@id":"https:\/\/www.public.sn\/#organization","name":"LE PUBLIC","url":"https:\/\/www.public.sn\/","logo":{"@type":"ImageObject","inLanguage":"fr-FR","@id":"https:\/\/www.public.sn\/#\/schema\/logo\/image\/","url":"https:\/\/www.public.sn\/wp-content\/uploads\/2024\/05\/cropped-LOGO-PUBLIC.SN_.png","contentUrl":"https:\/\/www.public.sn\/wp-content\/uploads\/2024\/05\/cropped-LOGO-PUBLIC.SN_.png","width":682,"height":192,"caption":"LE PUBLIC"},"image":{"@id":"https:\/\/www.public.sn\/#\/schema\/logo\/image\/"}},{"@type":"Person","@id":"https:\/\/www.public.sn\/#\/schema\/person\/e3f4a11b037d4203902db148f9bc8d5a","name":"LA REDACTION","image":{"@type":"ImageObject","inLanguage":"fr-FR","@id":"https:\/\/www.public.sn\/#\/schema\/person\/image\/","url":"https:\/\/secure.gravatar.com\/avatar\/d6c030db45db2883c075085c5d6c6258654a801a93766b49af0b82d4f454e2a5?s=96&d=mm&r=g","contentUrl":"https:\/\/secure.gravatar.com\/avatar\/d6c030db45db2883c075085c5d6c6258654a801a93766b49af0b82d4f454e2a5?s=96&d=mm&r=g","caption":"LA REDACTION"},"sameAs":["http:\/\/www.public.sn"],"url":"https:\/\/www.public.sn\/index.php\/author\/admin7324\/"}]}},"jetpack_featured_media_url":"https:\/\/www.public.sn\/wp-content\/uploads\/2023\/05\/franc-forza.webp","jetpack_sharing_enabled":true,"_links":{"self":[{"href":"https:\/\/www.public.sn\/index.php\/wp-json\/wp\/v2\/posts\/21007","targetHints":{"allow":["GET"]}}],"collection":[{"href":"https:\/\/www.public.sn\/index.php\/wp-json\/wp\/v2\/posts"}],"about":[{"href":"https:\/\/www.public.sn\/index.php\/wp-json\/wp\/v2\/types\/post"}],"author":[{"embeddable":true,"href":"https:\/\/www.public.sn\/index.php\/wp-json\/wp\/v2\/users\/1"}],"replies":[{"embeddable":true,"href":"https:\/\/www.public.sn\/index.php\/wp-json\/wp\/v2\/comments?post=21007"}],"version-history":[{"count":1,"href":"https:\/\/www.public.sn\/index.php\/wp-json\/wp\/v2\/posts\/21007\/revisions"}],"predecessor-version":[{"id":21009,"href":"https:\/\/www.public.sn\/index.php\/wp-json\/wp\/v2\/posts\/21007\/revisions\/21009"}],"wp:featuredmedia":[{"embeddable":true,"href":"https:\/\/www.public.sn\/index.php\/wp-json\/wp\/v2\/media\/21008"}],"wp:attachment":[{"href":"https:\/\/www.public.sn\/index.php\/wp-json\/wp\/v2\/media?parent=21007"}],"wp:term":[{"taxonomy":"category","embeddable":true,"href":"https:\/\/www.public.sn\/index.php\/wp-json\/wp\/v2\/categories?post=21007"},{"taxonomy":"post_tag","embeddable":true,"href":"https:\/\/www.public.sn\/index.php\/wp-json\/wp\/v2\/tags?post=21007"}],"curies":[{"name":"wp","href":"https:\/\/api.w.org\/{rel}","templated":true}]}}