{"id":21012,"date":"2023-05-04T07:52:09","date_gmt":"2023-05-04T07:52:09","guid":{"rendered":"https:\/\/www.public.sn\/?p=21012"},"modified":"2023-05-04T07:52:09","modified_gmt":"2023-05-04T07:52:09","slug":"soutien-de-ousmane-sonko-mimi-toure-rend-la-monnaie-au-leader-du-pastef","status":"publish","type":"post","link":"https:\/\/www.public.sn\/index.php\/2023\/05\/04\/soutien-de-ousmane-sonko-mimi-toure-rend-la-monnaie-au-leader-du-pastef\/","title":{"rendered":"Soutien de Ousmane Sonko : Mimi Tour\u00e9 rend la monnaie au leader du Pastef"},"content":{"rendered":"<p><strong>Aminata Tour\u00e9 et Ousmane Sonko \u00e9mettent sur la m\u00eame longueur d\u2019onde sur certaines questions. L\u2019ex-ancien premier Ministre, Aminata Tour\u00e9 a adress\u00e9 ses remerciements au leader du PASTEF Ousmane SONKO. Ce dernier l\u2019a assur\u00e9 de son soutien suite aux tentatives d\u2019intimidations dont fait l\u2019objet Aminata Tour\u00e9 suite \u00e0 la d\u00e9nonciation \u00bb d\u2019un deal \u00bb entre la mouvance pr\u00e9sidentielle et le PDS \u00e0 travers l\u2019organisation d\u2019un dialogue politique.<\/strong><\/p><div class=\"publi-paragraphe1\" style=\"margin-top: 10px;margin-bottom: 10px;margin-left: auto;margin-right: auto;text-align: center;\" id=\"publi-1335617335\"><div class=\"publi-adlabel\">Publicit\u00e9<\/div><script async src=\"\/\/pagead2.googlesyndication.com\/pagead\/js\/adsbygoogle.js?client=ca-pub-4089586018074219\" crossorigin=\"anonymous\"><\/script><ins class=\"adsbygoogle\" style=\"display:block;\" data-ad-client=\"ca-pub-4089586018074219\" \ndata-ad-slot=\"2087940154\" \ndata-ad-format=\"auto\"><\/ins>\n<script> \n(adsbygoogle = window.adsbygoogle || []).push({}); \n<\/script>\n<\/div>\n<p>\u00ab Je remercie le pr\u00e9sident du Pastef, Ousmane Sonko pour son soutien et sa solidarit\u00e9 agissante face aux tentatives d\u2019intimidations des tenants d\u2019un pseudo-dialogue, le Pr\u00e9sident Macky Sall et ses alli\u00e9s du PDS \u00bb,a-t-elle partag\u00e9, rapporte Seneweb.com.<\/p>\n<p>Aminata Tour\u00e9 d\u2019ajouter que \u00ab le seul objectif bien compris par le Peuple s\u00e9n\u00e9galais est la validation d\u2019un 3\u00e8me mandat ill\u00e9gitime du Pr\u00e9sident Macky Sall et la liquidation de l\u2019opposant Ousmane Sonko. Je r\u00e9it\u00e8re \u00e0 Ousmane Sonko mon soutien et ma solidarit\u00e9 et je salue sa r\u00e9silience et son engagement pour le S\u00e9n\u00e9gal \u00bb<\/p>\n<p><strong>Avec cafeactu<\/strong><\/p>\n<div class=\"publi-apres-le-contenu\" style=\"margin-top: 10px;margin-bottom: 10px;margin-left: auto;margin-right: auto;text-align: center;\" id=\"publi-658393064\"><div class=\"publi-adlabel\">Publicit\u00e9<\/div><script async src=\"\/\/pagead2.googlesyndication.com\/pagead\/js\/adsbygoogle.js?client=ca-pub-4089586018074219\" crossorigin=\"anonymous\"><\/script><ins class=\"adsbygoogle\" style=\"display:block;\" data-ad-client=\"ca-pub-4089586018074219\" \ndata-ad-slot=\"2087940154\" \ndata-ad-format=\"auto\"><\/ins>\n<script> \n(adsbygoogle = window.adsbygoogle || []).push({}); \n<\/script>\n<\/div>","protected":false},"excerpt":{"rendered":"<p>Aminata Tour\u00e9 et Ousmane Sonko \u00e9mettent sur la m\u00eame longueur d\u2019onde sur certaines questions. L\u2019ex-ancien premier Ministre, Aminata Tour\u00e9 a adress\u00e9 ses remerciements au leader du PASTEF Ousmane SONKO. Ce dernier l\u2019a assur\u00e9 de son soutien suite aux tentatives d\u2019intimidations dont fait l\u2019objet Aminata Tour\u00e9 suite \u00e0 la d\u00e9nonciation \u00bb d\u2019un deal \u00bb entre la mouvance pr\u00e9sidentielle et le PDS \u00e0 travers l\u2019organisation d\u2019un dialogue politique. \u00ab Je remercie le pr\u00e9sident du Pastef, Ousmane Sonko pour son soutien et sa solidarit\u00e9 agissante face aux tentatives d\u2019intimidations des tenants d\u2019un pseudo-dialogue, le Pr\u00e9sident Macky Sall et ses alli\u00e9s du PDS \u00bb,a-t-elle partag\u00e9, rapporte Seneweb.com. Aminata Tour\u00e9 d\u2019ajouter que \u00ab le seul objectif bien compris par le Peuple s\u00e9n\u00e9galais est la validation d\u2019un 3\u00e8me mandat ill\u00e9gitime du Pr\u00e9sident Macky Sall et la liquidation de l\u2019opposant Ousmane Sonko. Je r\u00e9it\u00e8re \u00e0 Ousmane Sonko mon soutien et ma solidarit\u00e9 et je salue sa r\u00e9silience et son engagement pour le S\u00e9n\u00e9gal \u00bb Avec cafeactu<\/p>\n","protected":false},"author":1,"featured_media":8999,"comment_status":"open","ping_status":"open","sticky":false,"template":"","format":"standard","meta":{"_jetpack_memberships_contains_paid_content":false,"footnotes":""},"categories":[375,3],"tags":[774,16],"class_list":["post-21012","post","type-post","status-publish","format-standard","has-post-thumbnail","hentry","category-actualites","category-politique","tag-mimi","tag-ousmane-sonko","entry","has-media","owp-thumbs-layout-horizontal","owp-btn-normal","owp-tabs-layout-horizontal","has-no-thumbnails","has-product-nav"],"yoast_head":"<!-- This site is optimized with the Yoast SEO plugin v25.5 - https:\/\/yoast.com\/wordpress\/plugins\/seo\/ -->\n<title>Soutien de Ousmane Sonko : Mimi Tour\u00e9 rend la monnaie au leader du Pastef - LE PUBLIC<\/title>\n<meta name=\"description\" content=\"Aminata Tour\u00e9 et Ousmane Sonko \u00e9mettent sur la m\u00eame longueur d\u2019onde sur certaines questions. L\u2019ex-ancien premier Ministre, Aminata Tour\u00e9 a adress\u00e9 ses remerciements au leader du PASTEF Ousmane SONKO. Ce dernier l\u2019a assur\u00e9 de son soutien suite aux tentatives d\u2019intimidations dont fait l\u2019objet Aminata Tour\u00e9 suite \u00e0 la d\u00e9nonciation \u00bb d\u2019un deal \u00bb entre la mouvance pr\u00e9sidentielle et le PDS \u00e0 travers l\u2019organisation d\u2019un dialogue politique.\" \/>\n<meta name=\"robots\" content=\"index, follow, max-snippet:-1, max-image-preview:large, max-video-preview:-1\" \/>\n<link rel=\"canonical\" href=\"https:\/\/www.public.sn\/index.php\/2023\/05\/04\/soutien-de-ousmane-sonko-mimi-toure-rend-la-monnaie-au-leader-du-pastef\/\" \/>\n<meta property=\"og:locale\" content=\"fr_FR\" \/>\n<meta property=\"og:type\" content=\"article\" \/>\n<meta property=\"og:title\" content=\"Soutien de Ousmane Sonko : Mimi Tour\u00e9 rend la monnaie au leader du Pastef - LE PUBLIC\" \/>\n<meta property=\"og:description\" content=\"Aminata Tour\u00e9 et Ousmane Sonko \u00e9mettent sur la m\u00eame longueur d\u2019onde sur certaines questions. L\u2019ex-ancien premier Ministre, Aminata Tour\u00e9 a adress\u00e9 ses remerciements au leader du PASTEF Ousmane SONKO. Ce dernier l\u2019a assur\u00e9 de son soutien suite aux tentatives d\u2019intimidations dont fait l\u2019objet Aminata Tour\u00e9 suite \u00e0 la d\u00e9nonciation \u00bb d\u2019un deal \u00bb entre la mouvance pr\u00e9sidentielle et le PDS \u00e0 travers l\u2019organisation d\u2019un dialogue politique.\" \/>\n<meta property=\"og:url\" content=\"https:\/\/www.public.sn\/index.php\/2023\/05\/04\/soutien-de-ousmane-sonko-mimi-toure-rend-la-monnaie-au-leader-du-pastef\/\" \/>\n<meta property=\"og:site_name\" content=\"LE PUBLIC\" \/>\n<meta property=\"article:published_time\" content=\"2023-05-04T07:52:09+00:00\" \/>\n<meta property=\"og:image\" content=\"https:\/\/www.public.sn\/wp-content\/uploads\/2022\/11\/sonko-et-aminata-toure.jpg\" \/>\n\t<meta property=\"og:image:width\" content=\"1284\" \/>\n\t<meta property=\"og:image:height\" content=\"1224\" \/>\n\t<meta property=\"og:image:type\" content=\"image\/jpeg\" \/>\n<meta name=\"author\" content=\"LA REDACTION\" \/>\n<meta name=\"twitter:card\" content=\"summary_large_image\" \/>\n<meta name=\"twitter:label1\" content=\"\u00c9crit par\" \/>\n\t<meta name=\"twitter:data1\" content=\"LA REDACTION\" \/>\n\t<meta name=\"twitter:label2\" content=\"Dur\u00e9e de lecture estim\u00e9e\" \/>\n\t<meta name=\"twitter:data2\" content=\"1 minute\" \/>\n<script type=\"application\/ld+json\" class=\"yoast-schema-graph\">{\"@context\":\"https:\/\/schema.org\",\"@graph\":[{\"@type\":\"Article\",\"@id\":\"https:\/\/www.public.sn\/index.php\/2023\/05\/04\/soutien-de-ousmane-sonko-mimi-toure-rend-la-monnaie-au-leader-du-pastef\/#article\",\"isPartOf\":{\"@id\":\"https:\/\/www.public.sn\/index.php\/2023\/05\/04\/soutien-de-ousmane-sonko-mimi-toure-rend-la-monnaie-au-leader-du-pastef\/\"},\"author\":{\"name\":\"LA REDACTION\",\"@id\":\"https:\/\/www.public.sn\/#\/schema\/person\/e3f4a11b037d4203902db148f9bc8d5a\"},\"headline\":\"Soutien de Ousmane Sonko : Mimi Tour\u00e9 rend la monnaie au leader du Pastef\",\"datePublished\":\"2023-05-04T07:52:09+00:00\",\"mainEntityOfPage\":{\"@id\":\"https:\/\/www.public.sn\/index.php\/2023\/05\/04\/soutien-de-ousmane-sonko-mimi-toure-rend-la-monnaie-au-leader-du-pastef\/\"},\"wordCount\":193,\"commentCount\":0,\"publisher\":{\"@id\":\"https:\/\/www.public.sn\/#organization\"},\"image\":{\"@id\":\"https:\/\/www.public.sn\/index.php\/2023\/05\/04\/soutien-de-ousmane-sonko-mimi-toure-rend-la-monnaie-au-leader-du-pastef\/#primaryimage\"},\"thumbnailUrl\":\"https:\/\/www.public.sn\/wp-content\/uploads\/2022\/11\/sonko-et-aminata-toure.jpg\",\"keywords\":[\"Mimi\",\"Ousmane Sonko\"],\"articleSection\":[\"ACTUALIT\u00c9S\",\"POLITIQUE\"],\"inLanguage\":\"fr-FR\",\"potentialAction\":[{\"@type\":\"CommentAction\",\"name\":\"Comment\",\"target\":[\"https:\/\/www.public.sn\/index.php\/2023\/05\/04\/soutien-de-ousmane-sonko-mimi-toure-rend-la-monnaie-au-leader-du-pastef\/#respond\"]}]},{\"@type\":\"WebPage\",\"@id\":\"https:\/\/www.public.sn\/index.php\/2023\/05\/04\/soutien-de-ousmane-sonko-mimi-toure-rend-la-monnaie-au-leader-du-pastef\/\",\"url\":\"https:\/\/www.public.sn\/index.php\/2023\/05\/04\/soutien-de-ousmane-sonko-mimi-toure-rend-la-monnaie-au-leader-du-pastef\/\",\"name\":\"Soutien de Ousmane Sonko : Mimi Tour\u00e9 rend la monnaie au leader du Pastef - LE PUBLIC\",\"isPartOf\":{\"@id\":\"https:\/\/www.public.sn\/#website\"},\"primaryImageOfPage\":{\"@id\":\"https:\/\/www.public.sn\/index.php\/2023\/05\/04\/soutien-de-ousmane-sonko-mimi-toure-rend-la-monnaie-au-leader-du-pastef\/#primaryimage\"},\"image\":{\"@id\":\"https:\/\/www.public.sn\/index.php\/2023\/05\/04\/soutien-de-ousmane-sonko-mimi-toure-rend-la-monnaie-au-leader-du-pastef\/#primaryimage\"},\"thumbnailUrl\":\"https:\/\/www.public.sn\/wp-content\/uploads\/2022\/11\/sonko-et-aminata-toure.jpg\",\"datePublished\":\"2023-05-04T07:52:09+00:00\",\"description\":\"Aminata Tour\u00e9 et Ousmane Sonko \u00e9mettent sur la m\u00eame longueur d\u2019onde sur certaines questions. L\u2019ex-ancien premier Ministre, Aminata Tour\u00e9 a adress\u00e9 ses remerciements au leader du PASTEF Ousmane SONKO. Ce dernier l\u2019a assur\u00e9 de son soutien suite aux tentatives d\u2019intimidations dont fait l\u2019objet Aminata Tour\u00e9 suite \u00e0 la d\u00e9nonciation \u00bb d\u2019un deal \u00bb entre la mouvance pr\u00e9sidentielle et le PDS \u00e0 travers l\u2019organisation d\u2019un dialogue politique.\",\"breadcrumb\":{\"@id\":\"https:\/\/www.public.sn\/index.php\/2023\/05\/04\/soutien-de-ousmane-sonko-mimi-toure-rend-la-monnaie-au-leader-du-pastef\/#breadcrumb\"},\"inLanguage\":\"fr-FR\",\"potentialAction\":[{\"@type\":\"ReadAction\",\"target\":[\"https:\/\/www.public.sn\/index.php\/2023\/05\/04\/soutien-de-ousmane-sonko-mimi-toure-rend-la-monnaie-au-leader-du-pastef\/\"]}]},{\"@type\":\"ImageObject\",\"inLanguage\":\"fr-FR\",\"@id\":\"https:\/\/www.public.sn\/index.php\/2023\/05\/04\/soutien-de-ousmane-sonko-mimi-toure-rend-la-monnaie-au-leader-du-pastef\/#primaryimage\",\"url\":\"https:\/\/www.public.sn\/wp-content\/uploads\/2022\/11\/sonko-et-aminata-toure.jpg\",\"contentUrl\":\"https:\/\/www.public.sn\/wp-content\/uploads\/2022\/11\/sonko-et-aminata-toure.jpg\",\"width\":1284,\"height\":1224,\"caption\":\"publicsn\"},{\"@type\":\"BreadcrumbList\",\"@id\":\"https:\/\/www.public.sn\/index.php\/2023\/05\/04\/soutien-de-ousmane-sonko-mimi-toure-rend-la-monnaie-au-leader-du-pastef\/#breadcrumb\",\"itemListElement\":[{\"@type\":\"ListItem\",\"position\":1,\"name\":\"Accueil\",\"item\":\"https:\/\/www.public.sn\/\"},{\"@type\":\"ListItem\",\"position\":2,\"name\":\"Soutien de Ousmane Sonko : Mimi Tour\u00e9 rend la monnaie au leader du Pastef\"}]},{\"@type\":\"WebSite\",\"@id\":\"https:\/\/www.public.sn\/#website\",\"url\":\"https:\/\/www.public.sn\/\",\"name\":\"LE PUBLIC\",\"description\":\"\",\"publisher\":{\"@id\":\"https:\/\/www.public.sn\/#organization\"},\"potentialAction\":[{\"@type\":\"SearchAction\",\"target\":{\"@type\":\"EntryPoint\",\"urlTemplate\":\"https:\/\/www.public.sn\/?s={search_term_string}\"},\"query-input\":{\"@type\":\"PropertyValueSpecification\",\"valueRequired\":true,\"valueName\":\"search_term_string\"}}],\"inLanguage\":\"fr-FR\"},{\"@type\":\"Organization\",\"@id\":\"https:\/\/www.public.sn\/#organization\",\"name\":\"LE PUBLIC\",\"url\":\"https:\/\/www.public.sn\/\",\"logo\":{\"@type\":\"ImageObject\",\"inLanguage\":\"fr-FR\",\"@id\":\"https:\/\/www.public.sn\/#\/schema\/logo\/image\/\",\"url\":\"https:\/\/www.public.sn\/wp-content\/uploads\/2024\/05\/cropped-LOGO-PUBLIC.SN_.png\",\"contentUrl\":\"https:\/\/www.public.sn\/wp-content\/uploads\/2024\/05\/cropped-LOGO-PUBLIC.SN_.png\",\"width\":682,\"height\":192,\"caption\":\"LE PUBLIC\"},\"image\":{\"@id\":\"https:\/\/www.public.sn\/#\/schema\/logo\/image\/\"}},{\"@type\":\"Person\",\"@id\":\"https:\/\/www.public.sn\/#\/schema\/person\/e3f4a11b037d4203902db148f9bc8d5a\",\"name\":\"LA REDACTION\",\"image\":{\"@type\":\"ImageObject\",\"inLanguage\":\"fr-FR\",\"@id\":\"https:\/\/www.public.sn\/#\/schema\/person\/image\/\",\"url\":\"https:\/\/secure.gravatar.com\/avatar\/d6c030db45db2883c075085c5d6c6258654a801a93766b49af0b82d4f454e2a5?s=96&d=mm&r=g\",\"contentUrl\":\"https:\/\/secure.gravatar.com\/avatar\/d6c030db45db2883c075085c5d6c6258654a801a93766b49af0b82d4f454e2a5?s=96&d=mm&r=g\",\"caption\":\"LA REDACTION\"},\"sameAs\":[\"http:\/\/www.public.sn\"],\"url\":\"https:\/\/www.public.sn\/index.php\/author\/admin7324\/\"}]}<\/script>\n<!-- \/ Yoast SEO plugin. -->","yoast_head_json":{"title":"Soutien de Ousmane Sonko : Mimi Tour\u00e9 rend la monnaie au leader du Pastef - LE PUBLIC","description":"Aminata Tour\u00e9 et Ousmane Sonko \u00e9mettent sur la m\u00eame longueur d\u2019onde sur certaines questions. L\u2019ex-ancien premier Ministre, Aminata Tour\u00e9 a adress\u00e9 ses remerciements au leader du PASTEF Ousmane SONKO. Ce dernier l\u2019a assur\u00e9 de son soutien suite aux tentatives d\u2019intimidations dont fait l\u2019objet Aminata Tour\u00e9 suite \u00e0 la d\u00e9nonciation \u00bb d\u2019un deal \u00bb entre la mouvance pr\u00e9sidentielle et le PDS \u00e0 travers l\u2019organisation d\u2019un dialogue politique.","robots":{"index":"index","follow":"follow","max-snippet":"max-snippet:-1","max-image-preview":"max-image-preview:large","max-video-preview":"max-video-preview:-1"},"canonical":"https:\/\/www.public.sn\/index.php\/2023\/05\/04\/soutien-de-ousmane-sonko-mimi-toure-rend-la-monnaie-au-leader-du-pastef\/","og_locale":"fr_FR","og_type":"article","og_title":"Soutien de Ousmane Sonko : Mimi Tour\u00e9 rend la monnaie au leader du Pastef - LE PUBLIC","og_description":"Aminata Tour\u00e9 et Ousmane Sonko \u00e9mettent sur la m\u00eame longueur d\u2019onde sur certaines questions. L\u2019ex-ancien premier Ministre, Aminata Tour\u00e9 a adress\u00e9 ses remerciements au leader du PASTEF Ousmane SONKO. Ce dernier l\u2019a assur\u00e9 de son soutien suite aux tentatives d\u2019intimidations dont fait l\u2019objet Aminata Tour\u00e9 suite \u00e0 la d\u00e9nonciation \u00bb d\u2019un deal \u00bb entre la mouvance pr\u00e9sidentielle et le PDS \u00e0 travers l\u2019organisation d\u2019un dialogue politique.","og_url":"https:\/\/www.public.sn\/index.php\/2023\/05\/04\/soutien-de-ousmane-sonko-mimi-toure-rend-la-monnaie-au-leader-du-pastef\/","og_site_name":"LE PUBLIC","article_published_time":"2023-05-04T07:52:09+00:00","og_image":[{"width":1284,"height":1224,"url":"https:\/\/www.public.sn\/wp-content\/uploads\/2022\/11\/sonko-et-aminata-toure.jpg","type":"image\/jpeg"}],"author":"LA REDACTION","twitter_card":"summary_large_image","twitter_misc":{"\u00c9crit par":"LA REDACTION","Dur\u00e9e de lecture estim\u00e9e":"1 minute"},"schema":{"@context":"https:\/\/schema.org","@graph":[{"@type":"Article","@id":"https:\/\/www.public.sn\/index.php\/2023\/05\/04\/soutien-de-ousmane-sonko-mimi-toure-rend-la-monnaie-au-leader-du-pastef\/#article","isPartOf":{"@id":"https:\/\/www.public.sn\/index.php\/2023\/05\/04\/soutien-de-ousmane-sonko-mimi-toure-rend-la-monnaie-au-leader-du-pastef\/"},"author":{"name":"LA REDACTION","@id":"https:\/\/www.public.sn\/#\/schema\/person\/e3f4a11b037d4203902db148f9bc8d5a"},"headline":"Soutien de Ousmane Sonko : Mimi Tour\u00e9 rend la monnaie au leader du Pastef","datePublished":"2023-05-04T07:52:09+00:00","mainEntityOfPage":{"@id":"https:\/\/www.public.sn\/index.php\/2023\/05\/04\/soutien-de-ousmane-sonko-mimi-toure-rend-la-monnaie-au-leader-du-pastef\/"},"wordCount":193,"commentCount":0,"publisher":{"@id":"https:\/\/www.public.sn\/#organization"},"image":{"@id":"https:\/\/www.public.sn\/index.php\/2023\/05\/04\/soutien-de-ousmane-sonko-mimi-toure-rend-la-monnaie-au-leader-du-pastef\/#primaryimage"},"thumbnailUrl":"https:\/\/www.public.sn\/wp-content\/uploads\/2022\/11\/sonko-et-aminata-toure.jpg","keywords":["Mimi","Ousmane Sonko"],"articleSection":["ACTUALIT\u00c9S","POLITIQUE"],"inLanguage":"fr-FR","potentialAction":[{"@type":"CommentAction","name":"Comment","target":["https:\/\/www.public.sn\/index.php\/2023\/05\/04\/soutien-de-ousmane-sonko-mimi-toure-rend-la-monnaie-au-leader-du-pastef\/#respond"]}]},{"@type":"WebPage","@id":"https:\/\/www.public.sn\/index.php\/2023\/05\/04\/soutien-de-ousmane-sonko-mimi-toure-rend-la-monnaie-au-leader-du-pastef\/","url":"https:\/\/www.public.sn\/index.php\/2023\/05\/04\/soutien-de-ousmane-sonko-mimi-toure-rend-la-monnaie-au-leader-du-pastef\/","name":"Soutien de Ousmane Sonko : Mimi Tour\u00e9 rend la monnaie au leader du Pastef - LE PUBLIC","isPartOf":{"@id":"https:\/\/www.public.sn\/#website"},"primaryImageOfPage":{"@id":"https:\/\/www.public.sn\/index.php\/2023\/05\/04\/soutien-de-ousmane-sonko-mimi-toure-rend-la-monnaie-au-leader-du-pastef\/#primaryimage"},"image":{"@id":"https:\/\/www.public.sn\/index.php\/2023\/05\/04\/soutien-de-ousmane-sonko-mimi-toure-rend-la-monnaie-au-leader-du-pastef\/#primaryimage"},"thumbnailUrl":"https:\/\/www.public.sn\/wp-content\/uploads\/2022\/11\/sonko-et-aminata-toure.jpg","datePublished":"2023-05-04T07:52:09+00:00","description":"Aminata Tour\u00e9 et Ousmane Sonko \u00e9mettent sur la m\u00eame longueur d\u2019onde sur certaines questions. L\u2019ex-ancien premier Ministre, Aminata Tour\u00e9 a adress\u00e9 ses remerciements au leader du PASTEF Ousmane SONKO. Ce dernier l\u2019a assur\u00e9 de son soutien suite aux tentatives d\u2019intimidations dont fait l\u2019objet Aminata Tour\u00e9 suite \u00e0 la d\u00e9nonciation \u00bb d\u2019un deal \u00bb entre la mouvance pr\u00e9sidentielle et le PDS \u00e0 travers l\u2019organisation d\u2019un dialogue politique.","breadcrumb":{"@id":"https:\/\/www.public.sn\/index.php\/2023\/05\/04\/soutien-de-ousmane-sonko-mimi-toure-rend-la-monnaie-au-leader-du-pastef\/#breadcrumb"},"inLanguage":"fr-FR","potentialAction":[{"@type":"ReadAction","target":["https:\/\/www.public.sn\/index.php\/2023\/05\/04\/soutien-de-ousmane-sonko-mimi-toure-rend-la-monnaie-au-leader-du-pastef\/"]}]},{"@type":"ImageObject","inLanguage":"fr-FR","@id":"https:\/\/www.public.sn\/index.php\/2023\/05\/04\/soutien-de-ousmane-sonko-mimi-toure-rend-la-monnaie-au-leader-du-pastef\/#primaryimage","url":"https:\/\/www.public.sn\/wp-content\/uploads\/2022\/11\/sonko-et-aminata-toure.jpg","contentUrl":"https:\/\/www.public.sn\/wp-content\/uploads\/2022\/11\/sonko-et-aminata-toure.jpg","width":1284,"height":1224,"caption":"publicsn"},{"@type":"BreadcrumbList","@id":"https:\/\/www.public.sn\/index.php\/2023\/05\/04\/soutien-de-ousmane-sonko-mimi-toure-rend-la-monnaie-au-leader-du-pastef\/#breadcrumb","itemListElement":[{"@type":"ListItem","position":1,"name":"Accueil","item":"https:\/\/www.public.sn\/"},{"@type":"ListItem","position":2,"name":"Soutien de Ousmane Sonko : Mimi Tour\u00e9 rend la monnaie au leader du Pastef"}]},{"@type":"WebSite","@id":"https:\/\/www.public.sn\/#website","url":"https:\/\/www.public.sn\/","name":"LE PUBLIC","description":"","publisher":{"@id":"https:\/\/www.public.sn\/#organization"},"potentialAction":[{"@type":"SearchAction","target":{"@type":"EntryPoint","urlTemplate":"https:\/\/www.public.sn\/?s={search_term_string}"},"query-input":{"@type":"PropertyValueSpecification","valueRequired":true,"valueName":"search_term_string"}}],"inLanguage":"fr-FR"},{"@type":"Organization","@id":"https:\/\/www.public.sn\/#organization","name":"LE PUBLIC","url":"https:\/\/www.public.sn\/","logo":{"@type":"ImageObject","inLanguage":"fr-FR","@id":"https:\/\/www.public.sn\/#\/schema\/logo\/image\/","url":"https:\/\/www.public.sn\/wp-content\/uploads\/2024\/05\/cropped-LOGO-PUBLIC.SN_.png","contentUrl":"https:\/\/www.public.sn\/wp-content\/uploads\/2024\/05\/cropped-LOGO-PUBLIC.SN_.png","width":682,"height":192,"caption":"LE PUBLIC"},"image":{"@id":"https:\/\/www.public.sn\/#\/schema\/logo\/image\/"}},{"@type":"Person","@id":"https:\/\/www.public.sn\/#\/schema\/person\/e3f4a11b037d4203902db148f9bc8d5a","name":"LA REDACTION","image":{"@type":"ImageObject","inLanguage":"fr-FR","@id":"https:\/\/www.public.sn\/#\/schema\/person\/image\/","url":"https:\/\/secure.gravatar.com\/avatar\/d6c030db45db2883c075085c5d6c6258654a801a93766b49af0b82d4f454e2a5?s=96&d=mm&r=g","contentUrl":"https:\/\/secure.gravatar.com\/avatar\/d6c030db45db2883c075085c5d6c6258654a801a93766b49af0b82d4f454e2a5?s=96&d=mm&r=g","caption":"LA REDACTION"},"sameAs":["http:\/\/www.public.sn"],"url":"https:\/\/www.public.sn\/index.php\/author\/admin7324\/"}]}},"jetpack_featured_media_url":"https:\/\/www.public.sn\/wp-content\/uploads\/2022\/11\/sonko-et-aminata-toure.jpg","jetpack_sharing_enabled":true,"_links":{"self":[{"href":"https:\/\/www.public.sn\/index.php\/wp-json\/wp\/v2\/posts\/21012","targetHints":{"allow":["GET"]}}],"collection":[{"href":"https:\/\/www.public.sn\/index.php\/wp-json\/wp\/v2\/posts"}],"about":[{"href":"https:\/\/www.public.sn\/index.php\/wp-json\/wp\/v2\/types\/post"}],"author":[{"embeddable":true,"href":"https:\/\/www.public.sn\/index.php\/wp-json\/wp\/v2\/users\/1"}],"replies":[{"embeddable":true,"href":"https:\/\/www.public.sn\/index.php\/wp-json\/wp\/v2\/comments?post=21012"}],"version-history":[{"count":1,"href":"https:\/\/www.public.sn\/index.php\/wp-json\/wp\/v2\/posts\/21012\/revisions"}],"predecessor-version":[{"id":21013,"href":"https:\/\/www.public.sn\/index.php\/wp-json\/wp\/v2\/posts\/21012\/revisions\/21013"}],"wp:featuredmedia":[{"embeddable":true,"href":"https:\/\/www.public.sn\/index.php\/wp-json\/wp\/v2\/media\/8999"}],"wp:attachment":[{"href":"https:\/\/www.public.sn\/index.php\/wp-json\/wp\/v2\/media?parent=21012"}],"wp:term":[{"taxonomy":"category","embeddable":true,"href":"https:\/\/www.public.sn\/index.php\/wp-json\/wp\/v2\/categories?post=21012"},{"taxonomy":"post_tag","embeddable":true,"href":"https:\/\/www.public.sn\/index.php\/wp-json\/wp\/v2\/tags?post=21012"}],"curies":[{"name":"wp","href":"https:\/\/api.w.org\/{rel}","templated":true}]}}