{"id":21014,"date":"2023-05-04T07:58:47","date_gmt":"2023-05-04T07:58:47","guid":{"rendered":"https:\/\/www.public.sn\/?p=21014"},"modified":"2023-05-04T07:58:47","modified_gmt":"2023-05-04T07:58:47","slug":"refus-de-recevoir-sonko-chez-lui-imam-samb-je-ne-suis-pas-un-marabout-mais-un-imam-donc-cest-a-la-mosquee-quon-doit-me-trouver","status":"publish","type":"post","link":"https:\/\/www.public.sn\/index.php\/2023\/05\/04\/refus-de-recevoir-sonko-chez-lui-imam-samb-je-ne-suis-pas-un-marabout-mais-un-imam-donc-cest-a-la-mosquee-quon-doit-me-trouver\/","title":{"rendered":"Refus de recevoir Sonko chez lui \/ Imam Samb : \u00ab je ne suis pas un marabout, mais un imam, donc c\u2019est \u00e0 la mosqu\u00e9e qu\u2019on doit me trouver\u00a0\u00bb"},"content":{"rendered":"<p><strong>Ousmane Sonko a-t-il demand\u00e9 une audience \u00e0 l\u2019imam ratib de la grande mosqu\u00e9e de Dakar ?<\/strong><\/p><div class=\"publi-paragraphe1\" style=\"margin-top: 10px;margin-bottom: 10px;margin-left: auto;margin-right: auto;text-align: center;\" id=\"publi-4170638808\"><div class=\"publi-adlabel\">Publicit\u00e9<\/div><script async src=\"\/\/pagead2.googlesyndication.com\/pagead\/js\/adsbygoogle.js?client=ca-pub-4089586018074219\" crossorigin=\"anonymous\"><\/script><ins class=\"adsbygoogle\" style=\"display:block;\" data-ad-client=\"ca-pub-4089586018074219\" \ndata-ad-slot=\"2087940154\" \ndata-ad-format=\"auto\"><\/ins>\n<script> \n(adsbygoogle = window.adsbygoogle || []).push({}); \n<\/script>\n<\/div>\n<p>En effet. \u00ab Il (Ousmane Sonko) a demand\u00e9 \u00e0 me rencontrer chez moi, mais je lui ai fait savoir que je ne re\u00e7ois qu\u2019\u00e0 la mosqu\u00e9e \u00bb, a confi\u00e9 l\u2019imam El Hadji Alioune Samb, repris par L\u2019OBS.<\/p>\n<p>Confirmant la requ\u00eate du leader de Pastef, l\u2019imam pr\u00e9cise toutefois que les portes de la mosqu\u00e9e lui sont grandement ouvertes, comme tout autre musulman.<\/p>\n<p>Il ajoute : \u00ab je ne suis pas un marabout, mais un imam, donc c\u2019est \u00e0 la mosqu\u00e9e qu\u2019on doit me trouver, nulle part ailleurs. Voil\u00e0 ce que je lui ai dit \u00bb, ressasse l\u2019imam Alioune Samb.<\/p>\n<p>Des sources de L\u2019OBS renseigne que la discussion a \u00e9t\u00e9 possible gr\u00e2ce \u00e0 Malick Ndiaye, secr\u00e9taire national \u00e0 la communication de Pastef.<\/p>\n<p>Imam Samb pr\u00e9cise qu\u2019ils n\u2019ont convenu d\u2019aucune date. \u00ab Je ne fixe de rendez-vous \u00e0 qui que ce soit pour venir \u00e0 la mosqu\u00e9e. Il est un musulman, il a le droit de prier \u00e0 la grande mosqu\u00e9e comme tout autre. Personne ne lui interdira l\u2019acc\u00e8s. S\u2019il veut venir effectuer sa pri\u00e8re, il est libre de le faire \u00bb, d\u00e9clare-t-il.<\/p>\n<p>A la question de savoir si Sonko a pr\u00e9sent\u00e9 ses excuses, il r\u00e9pond : \u00ab il n\u2019y a pas d\u2019animosit\u00e9 entre nous. Je ne suis pas un homme politique, je ne d\u00e9fends aucun leader de quelque bord que ce soit. Je ne suis l\u00e0 que pour ma religion, pour l\u2019islam \u00bb, confie-t-il.<\/p>\n<div class=\"publi-apres-le-contenu\" style=\"margin-top: 10px;margin-bottom: 10px;margin-left: auto;margin-right: auto;text-align: center;\" id=\"publi-4164005456\"><div class=\"publi-adlabel\">Publicit\u00e9<\/div><script async src=\"\/\/pagead2.googlesyndication.com\/pagead\/js\/adsbygoogle.js?client=ca-pub-4089586018074219\" crossorigin=\"anonymous\"><\/script><ins class=\"adsbygoogle\" style=\"display:block;\" data-ad-client=\"ca-pub-4089586018074219\" \ndata-ad-slot=\"2087940154\" \ndata-ad-format=\"auto\"><\/ins>\n<script> \n(adsbygoogle = window.adsbygoogle || []).push({}); \n<\/script>\n<\/div>","protected":false},"excerpt":{"rendered":"<p>Ousmane Sonko a-t-il demand\u00e9 une audience \u00e0 l\u2019imam ratib de la grande mosqu\u00e9e de Dakar ? En effet. \u00ab Il (Ousmane Sonko) a demand\u00e9 \u00e0 me rencontrer chez moi, mais je lui ai fait savoir que je ne re\u00e7ois qu\u2019\u00e0 la mosqu\u00e9e \u00bb, a confi\u00e9 l\u2019imam El Hadji Alioune Samb, repris par L\u2019OBS. Confirmant la requ\u00eate du leader de Pastef, l\u2019imam pr\u00e9cise toutefois que les portes de la mosqu\u00e9e lui sont grandement ouvertes, comme tout autre musulman. Il ajoute : \u00ab je ne suis pas un marabout, mais un imam, donc c\u2019est \u00e0 la mosqu\u00e9e qu\u2019on doit me trouver, nulle part ailleurs. Voil\u00e0 ce que je lui ai dit \u00bb, ressasse l\u2019imam Alioune Samb. Des sources de L\u2019OBS renseigne que la discussion a \u00e9t\u00e9 possible gr\u00e2ce \u00e0 Malick Ndiaye, secr\u00e9taire national \u00e0 la communication de Pastef. Imam Samb pr\u00e9cise qu\u2019ils n\u2019ont convenu d\u2019aucune date. \u00ab Je ne fixe de rendez-vous \u00e0 qui que ce soit pour venir \u00e0 la mosqu\u00e9e. Il est un musulman, il a le droit de prier \u00e0 la grande mosqu\u00e9e comme tout autre. Personne ne lui interdira l\u2019acc\u00e8s. S\u2019il veut venir effectuer sa pri\u00e8re, il est libre de le faire \u00bb, d\u00e9clare-t-il. A la question de savoir si Sonko a pr\u00e9sent\u00e9 ses excuses, il r\u00e9pond : \u00ab il n\u2019y a pas d\u2019animosit\u00e9 entre nous. Je ne suis pas un homme politique, je ne d\u00e9fends aucun leader de quelque bord que ce soit. Je ne suis l\u00e0 que pour ma religion, pour l\u2019islam \u00bb, confie-t-il.<\/p>\n","protected":false},"author":1,"featured_media":20309,"comment_status":"open","ping_status":"open","sticky":false,"template":"","format":"standard","meta":{"_jetpack_memberships_contains_paid_content":false,"footnotes":""},"categories":[375,3,878,1,372],"tags":[5126,306],"class_list":["post-21014","post","type-post","status-publish","format-standard","has-post-thumbnail","hentry","category-actualites","category-politique","category-religion","category-non-classe","category-vedette","tag-imam-samb","tag-sonko","entry","has-media","owp-thumbs-layout-horizontal","owp-btn-normal","owp-tabs-layout-horizontal","has-no-thumbnails","has-product-nav"],"yoast_head":"<!-- This site is optimized with the Yoast SEO plugin v25.5 - https:\/\/yoast.com\/wordpress\/plugins\/seo\/ -->\n<title>Refus de recevoir Sonko chez lui \/ Imam Samb : \u00ab je ne suis pas un marabout, mais un imam, donc c\u2019est \u00e0 la mosqu\u00e9e qu\u2019on doit me trouver&quot; - LE PUBLIC<\/title>\n<meta name=\"description\" content=\"Ousmane Sonko a-t-il demand\u00e9 une audience \u00e0 l\u2019imam ratib de la grande mosqu\u00e9e de Dakar ?\" \/>\n<meta name=\"robots\" content=\"index, follow, max-snippet:-1, max-image-preview:large, max-video-preview:-1\" \/>\n<link rel=\"canonical\" href=\"https:\/\/www.public.sn\/index.php\/2023\/05\/04\/refus-de-recevoir-sonko-chez-lui-imam-samb-je-ne-suis-pas-un-marabout-mais-un-imam-donc-cest-a-la-mosquee-quon-doit-me-trouver\/\" \/>\n<meta property=\"og:locale\" content=\"fr_FR\" \/>\n<meta property=\"og:type\" content=\"article\" \/>\n<meta property=\"og:title\" content=\"Refus de recevoir Sonko chez lui \/ Imam Samb : \u00ab je ne suis pas un marabout, mais un imam, donc c\u2019est \u00e0 la mosqu\u00e9e qu\u2019on doit me trouver&quot; - LE PUBLIC\" \/>\n<meta property=\"og:description\" content=\"Ousmane Sonko a-t-il demand\u00e9 une audience \u00e0 l\u2019imam ratib de la grande mosqu\u00e9e de Dakar ?\" \/>\n<meta property=\"og:url\" content=\"https:\/\/www.public.sn\/index.php\/2023\/05\/04\/refus-de-recevoir-sonko-chez-lui-imam-samb-je-ne-suis-pas-un-marabout-mais-un-imam-donc-cest-a-la-mosquee-quon-doit-me-trouver\/\" \/>\n<meta property=\"og:site_name\" content=\"LE PUBLIC\" \/>\n<meta property=\"article:published_time\" content=\"2023-05-04T07:58:47+00:00\" \/>\n<meta property=\"og:image\" content=\"https:\/\/www.public.sn\/wp-content\/uploads\/2023\/04\/Imam-Grande-Mosquee-de-Dakar-Cultiver-le-bien-et-bannir-le-mal_article-681x344-1.jpg\" \/>\n\t<meta property=\"og:image:width\" content=\"681\" \/>\n\t<meta property=\"og:image:height\" content=\"344\" \/>\n\t<meta property=\"og:image:type\" content=\"image\/jpeg\" \/>\n<meta name=\"author\" content=\"LA REDACTION\" \/>\n<meta name=\"twitter:card\" content=\"summary_large_image\" \/>\n<meta name=\"twitter:label1\" content=\"\u00c9crit par\" \/>\n\t<meta name=\"twitter:data1\" content=\"LA REDACTION\" \/>\n\t<meta name=\"twitter:label2\" content=\"Dur\u00e9e de lecture estim\u00e9e\" \/>\n\t<meta name=\"twitter:data2\" content=\"2 minutes\" \/>\n<script type=\"application\/ld+json\" class=\"yoast-schema-graph\">{\"@context\":\"https:\/\/schema.org\",\"@graph\":[{\"@type\":\"Article\",\"@id\":\"https:\/\/www.public.sn\/index.php\/2023\/05\/04\/refus-de-recevoir-sonko-chez-lui-imam-samb-je-ne-suis-pas-un-marabout-mais-un-imam-donc-cest-a-la-mosquee-quon-doit-me-trouver\/#article\",\"isPartOf\":{\"@id\":\"https:\/\/www.public.sn\/index.php\/2023\/05\/04\/refus-de-recevoir-sonko-chez-lui-imam-samb-je-ne-suis-pas-un-marabout-mais-un-imam-donc-cest-a-la-mosquee-quon-doit-me-trouver\/\"},\"author\":{\"name\":\"LA REDACTION\",\"@id\":\"https:\/\/www.public.sn\/#\/schema\/person\/e3f4a11b037d4203902db148f9bc8d5a\"},\"headline\":\"Refus de recevoir Sonko chez lui \/ Imam Samb : \u00ab je ne suis pas un marabout, mais un imam, donc c\u2019est \u00e0 la mosqu\u00e9e qu\u2019on doit me trouver\u00a0\u00bb\",\"datePublished\":\"2023-05-04T07:58:47+00:00\",\"mainEntityOfPage\":{\"@id\":\"https:\/\/www.public.sn\/index.php\/2023\/05\/04\/refus-de-recevoir-sonko-chez-lui-imam-samb-je-ne-suis-pas-un-marabout-mais-un-imam-donc-cest-a-la-mosquee-quon-doit-me-trouver\/\"},\"wordCount\":291,\"commentCount\":0,\"publisher\":{\"@id\":\"https:\/\/www.public.sn\/#organization\"},\"image\":{\"@id\":\"https:\/\/www.public.sn\/index.php\/2023\/05\/04\/refus-de-recevoir-sonko-chez-lui-imam-samb-je-ne-suis-pas-un-marabout-mais-un-imam-donc-cest-a-la-mosquee-quon-doit-me-trouver\/#primaryimage\"},\"thumbnailUrl\":\"https:\/\/www.public.sn\/wp-content\/uploads\/2023\/04\/Imam-Grande-Mosquee-de-Dakar-Cultiver-le-bien-et-bannir-le-mal_article-681x344-1.jpg\",\"keywords\":[\"imam samb\",\"sonko\"],\"articleSection\":[\"ACTUALIT\u00c9S\",\"POLITIQUE\",\"RELIGION\",\"S\u00c9N\u00c9GAL\",\"VEDETTE\"],\"inLanguage\":\"fr-FR\",\"potentialAction\":[{\"@type\":\"CommentAction\",\"name\":\"Comment\",\"target\":[\"https:\/\/www.public.sn\/index.php\/2023\/05\/04\/refus-de-recevoir-sonko-chez-lui-imam-samb-je-ne-suis-pas-un-marabout-mais-un-imam-donc-cest-a-la-mosquee-quon-doit-me-trouver\/#respond\"]}]},{\"@type\":\"WebPage\",\"@id\":\"https:\/\/www.public.sn\/index.php\/2023\/05\/04\/refus-de-recevoir-sonko-chez-lui-imam-samb-je-ne-suis-pas-un-marabout-mais-un-imam-donc-cest-a-la-mosquee-quon-doit-me-trouver\/\",\"url\":\"https:\/\/www.public.sn\/index.php\/2023\/05\/04\/refus-de-recevoir-sonko-chez-lui-imam-samb-je-ne-suis-pas-un-marabout-mais-un-imam-donc-cest-a-la-mosquee-quon-doit-me-trouver\/\",\"name\":\"Refus de recevoir Sonko chez lui \/ Imam Samb : \u00ab je ne suis pas un marabout, mais un imam, donc c\u2019est \u00e0 la mosqu\u00e9e qu\u2019on doit me trouver\\\" - LE PUBLIC\",\"isPartOf\":{\"@id\":\"https:\/\/www.public.sn\/#website\"},\"primaryImageOfPage\":{\"@id\":\"https:\/\/www.public.sn\/index.php\/2023\/05\/04\/refus-de-recevoir-sonko-chez-lui-imam-samb-je-ne-suis-pas-un-marabout-mais-un-imam-donc-cest-a-la-mosquee-quon-doit-me-trouver\/#primaryimage\"},\"image\":{\"@id\":\"https:\/\/www.public.sn\/index.php\/2023\/05\/04\/refus-de-recevoir-sonko-chez-lui-imam-samb-je-ne-suis-pas-un-marabout-mais-un-imam-donc-cest-a-la-mosquee-quon-doit-me-trouver\/#primaryimage\"},\"thumbnailUrl\":\"https:\/\/www.public.sn\/wp-content\/uploads\/2023\/04\/Imam-Grande-Mosquee-de-Dakar-Cultiver-le-bien-et-bannir-le-mal_article-681x344-1.jpg\",\"datePublished\":\"2023-05-04T07:58:47+00:00\",\"description\":\"Ousmane Sonko a-t-il demand\u00e9 une audience \u00e0 l\u2019imam ratib de la grande mosqu\u00e9e de Dakar ?\",\"breadcrumb\":{\"@id\":\"https:\/\/www.public.sn\/index.php\/2023\/05\/04\/refus-de-recevoir-sonko-chez-lui-imam-samb-je-ne-suis-pas-un-marabout-mais-un-imam-donc-cest-a-la-mosquee-quon-doit-me-trouver\/#breadcrumb\"},\"inLanguage\":\"fr-FR\",\"potentialAction\":[{\"@type\":\"ReadAction\",\"target\":[\"https:\/\/www.public.sn\/index.php\/2023\/05\/04\/refus-de-recevoir-sonko-chez-lui-imam-samb-je-ne-suis-pas-un-marabout-mais-un-imam-donc-cest-a-la-mosquee-quon-doit-me-trouver\/\"]}]},{\"@type\":\"ImageObject\",\"inLanguage\":\"fr-FR\",\"@id\":\"https:\/\/www.public.sn\/index.php\/2023\/05\/04\/refus-de-recevoir-sonko-chez-lui-imam-samb-je-ne-suis-pas-un-marabout-mais-un-imam-donc-cest-a-la-mosquee-quon-doit-me-trouver\/#primaryimage\",\"url\":\"https:\/\/www.public.sn\/wp-content\/uploads\/2023\/04\/Imam-Grande-Mosquee-de-Dakar-Cultiver-le-bien-et-bannir-le-mal_article-681x344-1.jpg\",\"contentUrl\":\"https:\/\/www.public.sn\/wp-content\/uploads\/2023\/04\/Imam-Grande-Mosquee-de-Dakar-Cultiver-le-bien-et-bannir-le-mal_article-681x344-1.jpg\",\"width\":681,\"height\":344},{\"@type\":\"BreadcrumbList\",\"@id\":\"https:\/\/www.public.sn\/index.php\/2023\/05\/04\/refus-de-recevoir-sonko-chez-lui-imam-samb-je-ne-suis-pas-un-marabout-mais-un-imam-donc-cest-a-la-mosquee-quon-doit-me-trouver\/#breadcrumb\",\"itemListElement\":[{\"@type\":\"ListItem\",\"position\":1,\"name\":\"Accueil\",\"item\":\"https:\/\/www.public.sn\/\"},{\"@type\":\"ListItem\",\"position\":2,\"name\":\"Refus de recevoir Sonko chez lui \/ Imam Samb : \u00ab je ne suis pas un marabout, mais un imam, donc c\u2019est \u00e0 la mosqu\u00e9e qu\u2019on doit me trouver\u00a0\u00bb\"}]},{\"@type\":\"WebSite\",\"@id\":\"https:\/\/www.public.sn\/#website\",\"url\":\"https:\/\/www.public.sn\/\",\"name\":\"LE PUBLIC\",\"description\":\"\",\"publisher\":{\"@id\":\"https:\/\/www.public.sn\/#organization\"},\"potentialAction\":[{\"@type\":\"SearchAction\",\"target\":{\"@type\":\"EntryPoint\",\"urlTemplate\":\"https:\/\/www.public.sn\/?s={search_term_string}\"},\"query-input\":{\"@type\":\"PropertyValueSpecification\",\"valueRequired\":true,\"valueName\":\"search_term_string\"}}],\"inLanguage\":\"fr-FR\"},{\"@type\":\"Organization\",\"@id\":\"https:\/\/www.public.sn\/#organization\",\"name\":\"LE PUBLIC\",\"url\":\"https:\/\/www.public.sn\/\",\"logo\":{\"@type\":\"ImageObject\",\"inLanguage\":\"fr-FR\",\"@id\":\"https:\/\/www.public.sn\/#\/schema\/logo\/image\/\",\"url\":\"https:\/\/www.public.sn\/wp-content\/uploads\/2024\/05\/cropped-LOGO-PUBLIC.SN_.png\",\"contentUrl\":\"https:\/\/www.public.sn\/wp-content\/uploads\/2024\/05\/cropped-LOGO-PUBLIC.SN_.png\",\"width\":682,\"height\":192,\"caption\":\"LE PUBLIC\"},\"image\":{\"@id\":\"https:\/\/www.public.sn\/#\/schema\/logo\/image\/\"}},{\"@type\":\"Person\",\"@id\":\"https:\/\/www.public.sn\/#\/schema\/person\/e3f4a11b037d4203902db148f9bc8d5a\",\"name\":\"LA REDACTION\",\"image\":{\"@type\":\"ImageObject\",\"inLanguage\":\"fr-FR\",\"@id\":\"https:\/\/www.public.sn\/#\/schema\/person\/image\/\",\"url\":\"https:\/\/secure.gravatar.com\/avatar\/d6c030db45db2883c075085c5d6c6258654a801a93766b49af0b82d4f454e2a5?s=96&d=mm&r=g\",\"contentUrl\":\"https:\/\/secure.gravatar.com\/avatar\/d6c030db45db2883c075085c5d6c6258654a801a93766b49af0b82d4f454e2a5?s=96&d=mm&r=g\",\"caption\":\"LA REDACTION\"},\"sameAs\":[\"http:\/\/www.public.sn\"],\"url\":\"https:\/\/www.public.sn\/index.php\/author\/admin7324\/\"}]}<\/script>\n<!-- \/ Yoast SEO plugin. -->","yoast_head_json":{"title":"Refus de recevoir Sonko chez lui \/ Imam Samb : \u00ab je ne suis pas un marabout, mais un imam, donc c\u2019est \u00e0 la mosqu\u00e9e qu\u2019on doit me trouver\" - LE PUBLIC","description":"Ousmane Sonko a-t-il demand\u00e9 une audience \u00e0 l\u2019imam ratib de la grande mosqu\u00e9e de Dakar ?","robots":{"index":"index","follow":"follow","max-snippet":"max-snippet:-1","max-image-preview":"max-image-preview:large","max-video-preview":"max-video-preview:-1"},"canonical":"https:\/\/www.public.sn\/index.php\/2023\/05\/04\/refus-de-recevoir-sonko-chez-lui-imam-samb-je-ne-suis-pas-un-marabout-mais-un-imam-donc-cest-a-la-mosquee-quon-doit-me-trouver\/","og_locale":"fr_FR","og_type":"article","og_title":"Refus de recevoir Sonko chez lui \/ Imam Samb : \u00ab je ne suis pas un marabout, mais un imam, donc c\u2019est \u00e0 la mosqu\u00e9e qu\u2019on doit me trouver\" - LE PUBLIC","og_description":"Ousmane Sonko a-t-il demand\u00e9 une audience \u00e0 l\u2019imam ratib de la grande mosqu\u00e9e de Dakar ?","og_url":"https:\/\/www.public.sn\/index.php\/2023\/05\/04\/refus-de-recevoir-sonko-chez-lui-imam-samb-je-ne-suis-pas-un-marabout-mais-un-imam-donc-cest-a-la-mosquee-quon-doit-me-trouver\/","og_site_name":"LE PUBLIC","article_published_time":"2023-05-04T07:58:47+00:00","og_image":[{"width":681,"height":344,"url":"https:\/\/www.public.sn\/wp-content\/uploads\/2023\/04\/Imam-Grande-Mosquee-de-Dakar-Cultiver-le-bien-et-bannir-le-mal_article-681x344-1.jpg","type":"image\/jpeg"}],"author":"LA REDACTION","twitter_card":"summary_large_image","twitter_misc":{"\u00c9crit par":"LA REDACTION","Dur\u00e9e de lecture estim\u00e9e":"2 minutes"},"schema":{"@context":"https:\/\/schema.org","@graph":[{"@type":"Article","@id":"https:\/\/www.public.sn\/index.php\/2023\/05\/04\/refus-de-recevoir-sonko-chez-lui-imam-samb-je-ne-suis-pas-un-marabout-mais-un-imam-donc-cest-a-la-mosquee-quon-doit-me-trouver\/#article","isPartOf":{"@id":"https:\/\/www.public.sn\/index.php\/2023\/05\/04\/refus-de-recevoir-sonko-chez-lui-imam-samb-je-ne-suis-pas-un-marabout-mais-un-imam-donc-cest-a-la-mosquee-quon-doit-me-trouver\/"},"author":{"name":"LA REDACTION","@id":"https:\/\/www.public.sn\/#\/schema\/person\/e3f4a11b037d4203902db148f9bc8d5a"},"headline":"Refus de recevoir Sonko chez lui \/ Imam Samb : \u00ab je ne suis pas un marabout, mais un imam, donc c\u2019est \u00e0 la mosqu\u00e9e qu\u2019on doit me trouver\u00a0\u00bb","datePublished":"2023-05-04T07:58:47+00:00","mainEntityOfPage":{"@id":"https:\/\/www.public.sn\/index.php\/2023\/05\/04\/refus-de-recevoir-sonko-chez-lui-imam-samb-je-ne-suis-pas-un-marabout-mais-un-imam-donc-cest-a-la-mosquee-quon-doit-me-trouver\/"},"wordCount":291,"commentCount":0,"publisher":{"@id":"https:\/\/www.public.sn\/#organization"},"image":{"@id":"https:\/\/www.public.sn\/index.php\/2023\/05\/04\/refus-de-recevoir-sonko-chez-lui-imam-samb-je-ne-suis-pas-un-marabout-mais-un-imam-donc-cest-a-la-mosquee-quon-doit-me-trouver\/#primaryimage"},"thumbnailUrl":"https:\/\/www.public.sn\/wp-content\/uploads\/2023\/04\/Imam-Grande-Mosquee-de-Dakar-Cultiver-le-bien-et-bannir-le-mal_article-681x344-1.jpg","keywords":["imam samb","sonko"],"articleSection":["ACTUALIT\u00c9S","POLITIQUE","RELIGION","S\u00c9N\u00c9GAL","VEDETTE"],"inLanguage":"fr-FR","potentialAction":[{"@type":"CommentAction","name":"Comment","target":["https:\/\/www.public.sn\/index.php\/2023\/05\/04\/refus-de-recevoir-sonko-chez-lui-imam-samb-je-ne-suis-pas-un-marabout-mais-un-imam-donc-cest-a-la-mosquee-quon-doit-me-trouver\/#respond"]}]},{"@type":"WebPage","@id":"https:\/\/www.public.sn\/index.php\/2023\/05\/04\/refus-de-recevoir-sonko-chez-lui-imam-samb-je-ne-suis-pas-un-marabout-mais-un-imam-donc-cest-a-la-mosquee-quon-doit-me-trouver\/","url":"https:\/\/www.public.sn\/index.php\/2023\/05\/04\/refus-de-recevoir-sonko-chez-lui-imam-samb-je-ne-suis-pas-un-marabout-mais-un-imam-donc-cest-a-la-mosquee-quon-doit-me-trouver\/","name":"Refus de recevoir Sonko chez lui \/ Imam Samb : \u00ab je ne suis pas un marabout, mais un imam, donc c\u2019est \u00e0 la mosqu\u00e9e qu\u2019on doit me trouver\" - LE PUBLIC","isPartOf":{"@id":"https:\/\/www.public.sn\/#website"},"primaryImageOfPage":{"@id":"https:\/\/www.public.sn\/index.php\/2023\/05\/04\/refus-de-recevoir-sonko-chez-lui-imam-samb-je-ne-suis-pas-un-marabout-mais-un-imam-donc-cest-a-la-mosquee-quon-doit-me-trouver\/#primaryimage"},"image":{"@id":"https:\/\/www.public.sn\/index.php\/2023\/05\/04\/refus-de-recevoir-sonko-chez-lui-imam-samb-je-ne-suis-pas-un-marabout-mais-un-imam-donc-cest-a-la-mosquee-quon-doit-me-trouver\/#primaryimage"},"thumbnailUrl":"https:\/\/www.public.sn\/wp-content\/uploads\/2023\/04\/Imam-Grande-Mosquee-de-Dakar-Cultiver-le-bien-et-bannir-le-mal_article-681x344-1.jpg","datePublished":"2023-05-04T07:58:47+00:00","description":"Ousmane Sonko a-t-il demand\u00e9 une audience \u00e0 l\u2019imam ratib de la grande mosqu\u00e9e de Dakar ?","breadcrumb":{"@id":"https:\/\/www.public.sn\/index.php\/2023\/05\/04\/refus-de-recevoir-sonko-chez-lui-imam-samb-je-ne-suis-pas-un-marabout-mais-un-imam-donc-cest-a-la-mosquee-quon-doit-me-trouver\/#breadcrumb"},"inLanguage":"fr-FR","potentialAction":[{"@type":"ReadAction","target":["https:\/\/www.public.sn\/index.php\/2023\/05\/04\/refus-de-recevoir-sonko-chez-lui-imam-samb-je-ne-suis-pas-un-marabout-mais-un-imam-donc-cest-a-la-mosquee-quon-doit-me-trouver\/"]}]},{"@type":"ImageObject","inLanguage":"fr-FR","@id":"https:\/\/www.public.sn\/index.php\/2023\/05\/04\/refus-de-recevoir-sonko-chez-lui-imam-samb-je-ne-suis-pas-un-marabout-mais-un-imam-donc-cest-a-la-mosquee-quon-doit-me-trouver\/#primaryimage","url":"https:\/\/www.public.sn\/wp-content\/uploads\/2023\/04\/Imam-Grande-Mosquee-de-Dakar-Cultiver-le-bien-et-bannir-le-mal_article-681x344-1.jpg","contentUrl":"https:\/\/www.public.sn\/wp-content\/uploads\/2023\/04\/Imam-Grande-Mosquee-de-Dakar-Cultiver-le-bien-et-bannir-le-mal_article-681x344-1.jpg","width":681,"height":344},{"@type":"BreadcrumbList","@id":"https:\/\/www.public.sn\/index.php\/2023\/05\/04\/refus-de-recevoir-sonko-chez-lui-imam-samb-je-ne-suis-pas-un-marabout-mais-un-imam-donc-cest-a-la-mosquee-quon-doit-me-trouver\/#breadcrumb","itemListElement":[{"@type":"ListItem","position":1,"name":"Accueil","item":"https:\/\/www.public.sn\/"},{"@type":"ListItem","position":2,"name":"Refus de recevoir Sonko chez lui \/ Imam Samb : \u00ab je ne suis pas un marabout, mais un imam, donc c\u2019est \u00e0 la mosqu\u00e9e qu\u2019on doit me trouver\u00a0\u00bb"}]},{"@type":"WebSite","@id":"https:\/\/www.public.sn\/#website","url":"https:\/\/www.public.sn\/","name":"LE PUBLIC","description":"","publisher":{"@id":"https:\/\/www.public.sn\/#organization"},"potentialAction":[{"@type":"SearchAction","target":{"@type":"EntryPoint","urlTemplate":"https:\/\/www.public.sn\/?s={search_term_string}"},"query-input":{"@type":"PropertyValueSpecification","valueRequired":true,"valueName":"search_term_string"}}],"inLanguage":"fr-FR"},{"@type":"Organization","@id":"https:\/\/www.public.sn\/#organization","name":"LE PUBLIC","url":"https:\/\/www.public.sn\/","logo":{"@type":"ImageObject","inLanguage":"fr-FR","@id":"https:\/\/www.public.sn\/#\/schema\/logo\/image\/","url":"https:\/\/www.public.sn\/wp-content\/uploads\/2024\/05\/cropped-LOGO-PUBLIC.SN_.png","contentUrl":"https:\/\/www.public.sn\/wp-content\/uploads\/2024\/05\/cropped-LOGO-PUBLIC.SN_.png","width":682,"height":192,"caption":"LE PUBLIC"},"image":{"@id":"https:\/\/www.public.sn\/#\/schema\/logo\/image\/"}},{"@type":"Person","@id":"https:\/\/www.public.sn\/#\/schema\/person\/e3f4a11b037d4203902db148f9bc8d5a","name":"LA REDACTION","image":{"@type":"ImageObject","inLanguage":"fr-FR","@id":"https:\/\/www.public.sn\/#\/schema\/person\/image\/","url":"https:\/\/secure.gravatar.com\/avatar\/d6c030db45db2883c075085c5d6c6258654a801a93766b49af0b82d4f454e2a5?s=96&d=mm&r=g","contentUrl":"https:\/\/secure.gravatar.com\/avatar\/d6c030db45db2883c075085c5d6c6258654a801a93766b49af0b82d4f454e2a5?s=96&d=mm&r=g","caption":"LA REDACTION"},"sameAs":["http:\/\/www.public.sn"],"url":"https:\/\/www.public.sn\/index.php\/author\/admin7324\/"}]}},"jetpack_featured_media_url":"https:\/\/www.public.sn\/wp-content\/uploads\/2023\/04\/Imam-Grande-Mosquee-de-Dakar-Cultiver-le-bien-et-bannir-le-mal_article-681x344-1.jpg","jetpack_sharing_enabled":true,"_links":{"self":[{"href":"https:\/\/www.public.sn\/index.php\/wp-json\/wp\/v2\/posts\/21014","targetHints":{"allow":["GET"]}}],"collection":[{"href":"https:\/\/www.public.sn\/index.php\/wp-json\/wp\/v2\/posts"}],"about":[{"href":"https:\/\/www.public.sn\/index.php\/wp-json\/wp\/v2\/types\/post"}],"author":[{"embeddable":true,"href":"https:\/\/www.public.sn\/index.php\/wp-json\/wp\/v2\/users\/1"}],"replies":[{"embeddable":true,"href":"https:\/\/www.public.sn\/index.php\/wp-json\/wp\/v2\/comments?post=21014"}],"version-history":[{"count":1,"href":"https:\/\/www.public.sn\/index.php\/wp-json\/wp\/v2\/posts\/21014\/revisions"}],"predecessor-version":[{"id":21015,"href":"https:\/\/www.public.sn\/index.php\/wp-json\/wp\/v2\/posts\/21014\/revisions\/21015"}],"wp:featuredmedia":[{"embeddable":true,"href":"https:\/\/www.public.sn\/index.php\/wp-json\/wp\/v2\/media\/20309"}],"wp:attachment":[{"href":"https:\/\/www.public.sn\/index.php\/wp-json\/wp\/v2\/media?parent=21014"}],"wp:term":[{"taxonomy":"category","embeddable":true,"href":"https:\/\/www.public.sn\/index.php\/wp-json\/wp\/v2\/categories?post=21014"},{"taxonomy":"post_tag","embeddable":true,"href":"https:\/\/www.public.sn\/index.php\/wp-json\/wp\/v2\/tags?post=21014"}],"curies":[{"name":"wp","href":"https:\/\/api.w.org\/{rel}","templated":true}]}}