{"id":2104,"date":"2022-09-16T23:23:20","date_gmt":"2022-09-16T23:23:20","guid":{"rendered":"https:\/\/www.public.sn\/?p=2104"},"modified":"2022-09-16T23:23:21","modified_gmt":"2022-09-16T23:23:21","slug":"bougane-gueye-dany-le-chef-de-letat-devait-seulement-envoyer-un-message-vocal-whatsapp-aux-senegalais","status":"publish","type":"post","link":"https:\/\/www.public.sn\/index.php\/2022\/09\/16\/bougane-gueye-dany-le-chef-de-letat-devait-seulement-envoyer-un-message-vocal-whatsapp-aux-senegalais\/","title":{"rendered":"Bougane Gu\u00e9ye Dany: \u201c\u00a0le chef de l\u2019\u00c9tat devait seulement envoyer un message vocal WhatsApp aux S\u00e9n\u00e9galais\u201d."},"content":{"rendered":"\n<p>Le leader de Gueum Sa Bopp n\u2019a pas attendu tr\u00e8s longtemps pour r\u00e9agir sur le discours du Pr\u00e9sident Macky Sall.<\/p><div class=\"publi-paragraphe1\" style=\"margin-top: 10px;margin-bottom: 10px;margin-left: auto;margin-right: auto;text-align: center;\" id=\"publi-948678213\"><div class=\"publi-adlabel\">Publicit\u00e9<\/div><script async src=\"\/\/pagead2.googlesyndication.com\/pagead\/js\/adsbygoogle.js?client=ca-pub-4089586018074219\" crossorigin=\"anonymous\"><\/script><ins class=\"adsbygoogle\" style=\"display:block;\" data-ad-client=\"ca-pub-4089586018074219\" \ndata-ad-slot=\"2087940154\" \ndata-ad-format=\"auto\"><\/ins>\n<script> \n(adsbygoogle = window.adsbygoogle || []).push({}); \n<\/script>\n<\/div>\n\n\n\n<p>Selon le Pdg de Dm\u00e9dia, \u201cle chef de l\u2019\u00c9tat devait seulement envoyer un message vocal WhatsApp aux S\u00e9n\u00e9galais\u201d. Pour Bougane Gu\u00e8ye, l\u2019attente a \u00e9t\u00e9 longue, mais le discours n\u2019a finalement pas de sens.<\/p>\n<div class=\"publi-apres-le-contenu\" style=\"margin-top: 10px;margin-bottom: 10px;margin-left: auto;margin-right: auto;text-align: center;\" id=\"publi-1493619334\"><div class=\"publi-adlabel\">Publicit\u00e9<\/div><script async src=\"\/\/pagead2.googlesyndication.com\/pagead\/js\/adsbygoogle.js?client=ca-pub-4089586018074219\" crossorigin=\"anonymous\"><\/script><ins class=\"adsbygoogle\" style=\"display:block;\" data-ad-client=\"ca-pub-4089586018074219\" \ndata-ad-slot=\"2087940154\" \ndata-ad-format=\"auto\"><\/ins>\n<script> \n(adsbygoogle = window.adsbygoogle || []).push({}); \n<\/script>\n<\/div>","protected":false},"excerpt":{"rendered":"<p>Le leader de Gueum Sa Bopp n\u2019a pas attendu tr\u00e8s longtemps pour r\u00e9agir sur le discours du Pr\u00e9sident Macky Sall. Selon le Pdg de Dm\u00e9dia, \u201cle chef de l\u2019\u00c9tat devait seulement envoyer un message vocal WhatsApp aux S\u00e9n\u00e9galais\u201d. Pour Bougane Gu\u00e8ye, l\u2019attente a \u00e9t\u00e9 longue, mais le discours n\u2019a finalement pas de sens.<\/p>\n","protected":false},"author":1,"featured_media":2105,"comment_status":"open","ping_status":"open","sticky":false,"template":"","format":"standard","meta":{"_jetpack_memberships_contains_paid_content":false,"footnotes":""},"categories":[375,3],"tags":[295,12,308,11],"class_list":["post-2104","post","type-post","status-publish","format-standard","has-post-thumbnail","hentry","category-actualites","category-politique","tag-3eme-mandat","tag-assemblee-nationale","tag-bougane","tag-macky-sall","entry","has-media","owp-thumbs-layout-horizontal","owp-btn-normal","owp-tabs-layout-horizontal","has-no-thumbnails","has-product-nav"],"yoast_head":"<!-- This site is optimized with the Yoast SEO plugin v25.5 - https:\/\/yoast.com\/wordpress\/plugins\/seo\/ -->\n<title>Bougane Gu\u00e9ye Dany: \u201c\u00a0le chef de l\u2019\u00c9tat devait seulement envoyer un message vocal WhatsApp aux S\u00e9n\u00e9galais\u201d. - LE PUBLIC<\/title>\n<meta name=\"robots\" content=\"index, follow, max-snippet:-1, max-image-preview:large, max-video-preview:-1\" \/>\n<link rel=\"canonical\" href=\"https:\/\/www.public.sn\/index.php\/2022\/09\/16\/bougane-gueye-dany-le-chef-de-letat-devait-seulement-envoyer-un-message-vocal-whatsapp-aux-senegalais\/\" \/>\n<meta property=\"og:locale\" content=\"fr_FR\" \/>\n<meta property=\"og:type\" content=\"article\" \/>\n<meta property=\"og:title\" content=\"Bougane Gu\u00e9ye Dany: \u201c\u00a0le chef de l\u2019\u00c9tat devait seulement envoyer un message vocal WhatsApp aux S\u00e9n\u00e9galais\u201d. - LE PUBLIC\" \/>\n<meta property=\"og:description\" content=\"Le leader de Gueum Sa Bopp n\u2019a pas attendu tr\u00e8s longtemps pour r\u00e9agir sur le discours du Pr\u00e9sident Macky Sall. Selon le Pdg de Dm\u00e9dia, \u201cle chef de l\u2019\u00c9tat devait seulement envoyer un message vocal WhatsApp aux S\u00e9n\u00e9galais\u201d. Pour Bougane Gu\u00e8ye, l\u2019attente a \u00e9t\u00e9 longue, mais le discours n\u2019a finalement pas de sens.\" \/>\n<meta property=\"og:url\" content=\"https:\/\/www.public.sn\/index.php\/2022\/09\/16\/bougane-gueye-dany-le-chef-de-letat-devait-seulement-envoyer-un-message-vocal-whatsapp-aux-senegalais\/\" \/>\n<meta property=\"og:site_name\" content=\"LE PUBLIC\" \/>\n<meta property=\"article:published_time\" content=\"2022-09-16T23:23:20+00:00\" \/>\n<meta property=\"article:modified_time\" content=\"2022-09-16T23:23:21+00:00\" \/>\n<meta property=\"og:image\" content=\"https:\/\/www.public.sn\/wp-content\/uploads\/2022\/09\/E5CEFCE6-D771-4EA0-B6A9-27578ABE7C16.jpeg\" \/>\n\t<meta property=\"og:image:width\" content=\"1280\" \/>\n\t<meta property=\"og:image:height\" content=\"720\" \/>\n\t<meta property=\"og:image:type\" content=\"image\/jpeg\" \/>\n<meta name=\"author\" content=\"LA REDACTION\" \/>\n<meta name=\"twitter:card\" content=\"summary_large_image\" \/>\n<meta name=\"twitter:label1\" content=\"\u00c9crit par\" \/>\n\t<meta name=\"twitter:data1\" content=\"LA REDACTION\" \/>\n\t<meta name=\"twitter:label2\" content=\"Dur\u00e9e de lecture estim\u00e9e\" \/>\n\t<meta name=\"twitter:data2\" content=\"1 minute\" \/>\n<script type=\"application\/ld+json\" class=\"yoast-schema-graph\">{\"@context\":\"https:\/\/schema.org\",\"@graph\":[{\"@type\":\"Article\",\"@id\":\"https:\/\/www.public.sn\/index.php\/2022\/09\/16\/bougane-gueye-dany-le-chef-de-letat-devait-seulement-envoyer-un-message-vocal-whatsapp-aux-senegalais\/#article\",\"isPartOf\":{\"@id\":\"https:\/\/www.public.sn\/index.php\/2022\/09\/16\/bougane-gueye-dany-le-chef-de-letat-devait-seulement-envoyer-un-message-vocal-whatsapp-aux-senegalais\/\"},\"author\":{\"name\":\"LA REDACTION\",\"@id\":\"https:\/\/www.public.sn\/#\/schema\/person\/e3f4a11b037d4203902db148f9bc8d5a\"},\"headline\":\"Bougane Gu\u00e9ye Dany: \u201c\u00a0le chef de l\u2019\u00c9tat devait seulement envoyer un message vocal WhatsApp aux S\u00e9n\u00e9galais\u201d.\",\"datePublished\":\"2022-09-16T23:23:20+00:00\",\"dateModified\":\"2022-09-16T23:23:21+00:00\",\"mainEntityOfPage\":{\"@id\":\"https:\/\/www.public.sn\/index.php\/2022\/09\/16\/bougane-gueye-dany-le-chef-de-letat-devait-seulement-envoyer-un-message-vocal-whatsapp-aux-senegalais\/\"},\"wordCount\":84,\"commentCount\":0,\"publisher\":{\"@id\":\"https:\/\/www.public.sn\/#organization\"},\"image\":{\"@id\":\"https:\/\/www.public.sn\/index.php\/2022\/09\/16\/bougane-gueye-dany-le-chef-de-letat-devait-seulement-envoyer-un-message-vocal-whatsapp-aux-senegalais\/#primaryimage\"},\"thumbnailUrl\":\"https:\/\/www.public.sn\/wp-content\/uploads\/2022\/09\/E5CEFCE6-D771-4EA0-B6A9-27578ABE7C16.jpeg\",\"keywords\":[\"3\u00e8me mandat\",\"Assembl\u00e9e Nationale\",\"bougane\",\"Macky Sall\"],\"articleSection\":[\"ACTUALIT\u00c9S\",\"POLITIQUE\"],\"inLanguage\":\"fr-FR\",\"potentialAction\":[{\"@type\":\"CommentAction\",\"name\":\"Comment\",\"target\":[\"https:\/\/www.public.sn\/index.php\/2022\/09\/16\/bougane-gueye-dany-le-chef-de-letat-devait-seulement-envoyer-un-message-vocal-whatsapp-aux-senegalais\/#respond\"]}]},{\"@type\":\"WebPage\",\"@id\":\"https:\/\/www.public.sn\/index.php\/2022\/09\/16\/bougane-gueye-dany-le-chef-de-letat-devait-seulement-envoyer-un-message-vocal-whatsapp-aux-senegalais\/\",\"url\":\"https:\/\/www.public.sn\/index.php\/2022\/09\/16\/bougane-gueye-dany-le-chef-de-letat-devait-seulement-envoyer-un-message-vocal-whatsapp-aux-senegalais\/\",\"name\":\"Bougane Gu\u00e9ye Dany: \u201c\u00a0le chef de l\u2019\u00c9tat devait seulement envoyer un message vocal WhatsApp aux S\u00e9n\u00e9galais\u201d. - LE PUBLIC\",\"isPartOf\":{\"@id\":\"https:\/\/www.public.sn\/#website\"},\"primaryImageOfPage\":{\"@id\":\"https:\/\/www.public.sn\/index.php\/2022\/09\/16\/bougane-gueye-dany-le-chef-de-letat-devait-seulement-envoyer-un-message-vocal-whatsapp-aux-senegalais\/#primaryimage\"},\"image\":{\"@id\":\"https:\/\/www.public.sn\/index.php\/2022\/09\/16\/bougane-gueye-dany-le-chef-de-letat-devait-seulement-envoyer-un-message-vocal-whatsapp-aux-senegalais\/#primaryimage\"},\"thumbnailUrl\":\"https:\/\/www.public.sn\/wp-content\/uploads\/2022\/09\/E5CEFCE6-D771-4EA0-B6A9-27578ABE7C16.jpeg\",\"datePublished\":\"2022-09-16T23:23:20+00:00\",\"dateModified\":\"2022-09-16T23:23:21+00:00\",\"breadcrumb\":{\"@id\":\"https:\/\/www.public.sn\/index.php\/2022\/09\/16\/bougane-gueye-dany-le-chef-de-letat-devait-seulement-envoyer-un-message-vocal-whatsapp-aux-senegalais\/#breadcrumb\"},\"inLanguage\":\"fr-FR\",\"potentialAction\":[{\"@type\":\"ReadAction\",\"target\":[\"https:\/\/www.public.sn\/index.php\/2022\/09\/16\/bougane-gueye-dany-le-chef-de-letat-devait-seulement-envoyer-un-message-vocal-whatsapp-aux-senegalais\/\"]}]},{\"@type\":\"ImageObject\",\"inLanguage\":\"fr-FR\",\"@id\":\"https:\/\/www.public.sn\/index.php\/2022\/09\/16\/bougane-gueye-dany-le-chef-de-letat-devait-seulement-envoyer-un-message-vocal-whatsapp-aux-senegalais\/#primaryimage\",\"url\":\"https:\/\/www.public.sn\/wp-content\/uploads\/2022\/09\/E5CEFCE6-D771-4EA0-B6A9-27578ABE7C16.jpeg\",\"contentUrl\":\"https:\/\/www.public.sn\/wp-content\/uploads\/2022\/09\/E5CEFCE6-D771-4EA0-B6A9-27578ABE7C16.jpeg\",\"width\":1280,\"height\":720},{\"@type\":\"BreadcrumbList\",\"@id\":\"https:\/\/www.public.sn\/index.php\/2022\/09\/16\/bougane-gueye-dany-le-chef-de-letat-devait-seulement-envoyer-un-message-vocal-whatsapp-aux-senegalais\/#breadcrumb\",\"itemListElement\":[{\"@type\":\"ListItem\",\"position\":1,\"name\":\"Accueil\",\"item\":\"https:\/\/www.public.sn\/\"},{\"@type\":\"ListItem\",\"position\":2,\"name\":\"Bougane Gu\u00e9ye Dany: \u201c\u00a0le chef de l\u2019\u00c9tat devait seulement envoyer un message vocal WhatsApp aux S\u00e9n\u00e9galais\u201d.\"}]},{\"@type\":\"WebSite\",\"@id\":\"https:\/\/www.public.sn\/#website\",\"url\":\"https:\/\/www.public.sn\/\",\"name\":\"LE PUBLIC\",\"description\":\"\",\"publisher\":{\"@id\":\"https:\/\/www.public.sn\/#organization\"},\"potentialAction\":[{\"@type\":\"SearchAction\",\"target\":{\"@type\":\"EntryPoint\",\"urlTemplate\":\"https:\/\/www.public.sn\/?s={search_term_string}\"},\"query-input\":{\"@type\":\"PropertyValueSpecification\",\"valueRequired\":true,\"valueName\":\"search_term_string\"}}],\"inLanguage\":\"fr-FR\"},{\"@type\":\"Organization\",\"@id\":\"https:\/\/www.public.sn\/#organization\",\"name\":\"LE PUBLIC\",\"url\":\"https:\/\/www.public.sn\/\",\"logo\":{\"@type\":\"ImageObject\",\"inLanguage\":\"fr-FR\",\"@id\":\"https:\/\/www.public.sn\/#\/schema\/logo\/image\/\",\"url\":\"https:\/\/www.public.sn\/wp-content\/uploads\/2024\/05\/cropped-LOGO-PUBLIC.SN_.png\",\"contentUrl\":\"https:\/\/www.public.sn\/wp-content\/uploads\/2024\/05\/cropped-LOGO-PUBLIC.SN_.png\",\"width\":682,\"height\":192,\"caption\":\"LE PUBLIC\"},\"image\":{\"@id\":\"https:\/\/www.public.sn\/#\/schema\/logo\/image\/\"}},{\"@type\":\"Person\",\"@id\":\"https:\/\/www.public.sn\/#\/schema\/person\/e3f4a11b037d4203902db148f9bc8d5a\",\"name\":\"LA REDACTION\",\"image\":{\"@type\":\"ImageObject\",\"inLanguage\":\"fr-FR\",\"@id\":\"https:\/\/www.public.sn\/#\/schema\/person\/image\/\",\"url\":\"https:\/\/secure.gravatar.com\/avatar\/d6c030db45db2883c075085c5d6c6258654a801a93766b49af0b82d4f454e2a5?s=96&d=mm&r=g\",\"contentUrl\":\"https:\/\/secure.gravatar.com\/avatar\/d6c030db45db2883c075085c5d6c6258654a801a93766b49af0b82d4f454e2a5?s=96&d=mm&r=g\",\"caption\":\"LA REDACTION\"},\"sameAs\":[\"http:\/\/www.public.sn\"],\"url\":\"https:\/\/www.public.sn\/index.php\/author\/admin7324\/\"}]}<\/script>\n<!-- \/ Yoast SEO plugin. -->","yoast_head_json":{"title":"Bougane Gu\u00e9ye Dany: \u201c\u00a0le chef de l\u2019\u00c9tat devait seulement envoyer un message vocal WhatsApp aux S\u00e9n\u00e9galais\u201d. - LE PUBLIC","robots":{"index":"index","follow":"follow","max-snippet":"max-snippet:-1","max-image-preview":"max-image-preview:large","max-video-preview":"max-video-preview:-1"},"canonical":"https:\/\/www.public.sn\/index.php\/2022\/09\/16\/bougane-gueye-dany-le-chef-de-letat-devait-seulement-envoyer-un-message-vocal-whatsapp-aux-senegalais\/","og_locale":"fr_FR","og_type":"article","og_title":"Bougane Gu\u00e9ye Dany: \u201c\u00a0le chef de l\u2019\u00c9tat devait seulement envoyer un message vocal WhatsApp aux S\u00e9n\u00e9galais\u201d. - LE PUBLIC","og_description":"Le leader de Gueum Sa Bopp n\u2019a pas attendu tr\u00e8s longtemps pour r\u00e9agir sur le discours du Pr\u00e9sident Macky Sall. Selon le Pdg de Dm\u00e9dia, \u201cle chef de l\u2019\u00c9tat devait seulement envoyer un message vocal WhatsApp aux S\u00e9n\u00e9galais\u201d. Pour Bougane Gu\u00e8ye, l\u2019attente a \u00e9t\u00e9 longue, mais le discours n\u2019a finalement pas de sens.","og_url":"https:\/\/www.public.sn\/index.php\/2022\/09\/16\/bougane-gueye-dany-le-chef-de-letat-devait-seulement-envoyer-un-message-vocal-whatsapp-aux-senegalais\/","og_site_name":"LE PUBLIC","article_published_time":"2022-09-16T23:23:20+00:00","article_modified_time":"2022-09-16T23:23:21+00:00","og_image":[{"width":1280,"height":720,"url":"https:\/\/www.public.sn\/wp-content\/uploads\/2022\/09\/E5CEFCE6-D771-4EA0-B6A9-27578ABE7C16.jpeg","type":"image\/jpeg"}],"author":"LA REDACTION","twitter_card":"summary_large_image","twitter_misc":{"\u00c9crit par":"LA REDACTION","Dur\u00e9e de lecture estim\u00e9e":"1 minute"},"schema":{"@context":"https:\/\/schema.org","@graph":[{"@type":"Article","@id":"https:\/\/www.public.sn\/index.php\/2022\/09\/16\/bougane-gueye-dany-le-chef-de-letat-devait-seulement-envoyer-un-message-vocal-whatsapp-aux-senegalais\/#article","isPartOf":{"@id":"https:\/\/www.public.sn\/index.php\/2022\/09\/16\/bougane-gueye-dany-le-chef-de-letat-devait-seulement-envoyer-un-message-vocal-whatsapp-aux-senegalais\/"},"author":{"name":"LA REDACTION","@id":"https:\/\/www.public.sn\/#\/schema\/person\/e3f4a11b037d4203902db148f9bc8d5a"},"headline":"Bougane Gu\u00e9ye Dany: \u201c\u00a0le chef de l\u2019\u00c9tat devait seulement envoyer un message vocal WhatsApp aux S\u00e9n\u00e9galais\u201d.","datePublished":"2022-09-16T23:23:20+00:00","dateModified":"2022-09-16T23:23:21+00:00","mainEntityOfPage":{"@id":"https:\/\/www.public.sn\/index.php\/2022\/09\/16\/bougane-gueye-dany-le-chef-de-letat-devait-seulement-envoyer-un-message-vocal-whatsapp-aux-senegalais\/"},"wordCount":84,"commentCount":0,"publisher":{"@id":"https:\/\/www.public.sn\/#organization"},"image":{"@id":"https:\/\/www.public.sn\/index.php\/2022\/09\/16\/bougane-gueye-dany-le-chef-de-letat-devait-seulement-envoyer-un-message-vocal-whatsapp-aux-senegalais\/#primaryimage"},"thumbnailUrl":"https:\/\/www.public.sn\/wp-content\/uploads\/2022\/09\/E5CEFCE6-D771-4EA0-B6A9-27578ABE7C16.jpeg","keywords":["3\u00e8me mandat","Assembl\u00e9e Nationale","bougane","Macky Sall"],"articleSection":["ACTUALIT\u00c9S","POLITIQUE"],"inLanguage":"fr-FR","potentialAction":[{"@type":"CommentAction","name":"Comment","target":["https:\/\/www.public.sn\/index.php\/2022\/09\/16\/bougane-gueye-dany-le-chef-de-letat-devait-seulement-envoyer-un-message-vocal-whatsapp-aux-senegalais\/#respond"]}]},{"@type":"WebPage","@id":"https:\/\/www.public.sn\/index.php\/2022\/09\/16\/bougane-gueye-dany-le-chef-de-letat-devait-seulement-envoyer-un-message-vocal-whatsapp-aux-senegalais\/","url":"https:\/\/www.public.sn\/index.php\/2022\/09\/16\/bougane-gueye-dany-le-chef-de-letat-devait-seulement-envoyer-un-message-vocal-whatsapp-aux-senegalais\/","name":"Bougane Gu\u00e9ye Dany: \u201c\u00a0le chef de l\u2019\u00c9tat devait seulement envoyer un message vocal WhatsApp aux S\u00e9n\u00e9galais\u201d. - LE PUBLIC","isPartOf":{"@id":"https:\/\/www.public.sn\/#website"},"primaryImageOfPage":{"@id":"https:\/\/www.public.sn\/index.php\/2022\/09\/16\/bougane-gueye-dany-le-chef-de-letat-devait-seulement-envoyer-un-message-vocal-whatsapp-aux-senegalais\/#primaryimage"},"image":{"@id":"https:\/\/www.public.sn\/index.php\/2022\/09\/16\/bougane-gueye-dany-le-chef-de-letat-devait-seulement-envoyer-un-message-vocal-whatsapp-aux-senegalais\/#primaryimage"},"thumbnailUrl":"https:\/\/www.public.sn\/wp-content\/uploads\/2022\/09\/E5CEFCE6-D771-4EA0-B6A9-27578ABE7C16.jpeg","datePublished":"2022-09-16T23:23:20+00:00","dateModified":"2022-09-16T23:23:21+00:00","breadcrumb":{"@id":"https:\/\/www.public.sn\/index.php\/2022\/09\/16\/bougane-gueye-dany-le-chef-de-letat-devait-seulement-envoyer-un-message-vocal-whatsapp-aux-senegalais\/#breadcrumb"},"inLanguage":"fr-FR","potentialAction":[{"@type":"ReadAction","target":["https:\/\/www.public.sn\/index.php\/2022\/09\/16\/bougane-gueye-dany-le-chef-de-letat-devait-seulement-envoyer-un-message-vocal-whatsapp-aux-senegalais\/"]}]},{"@type":"ImageObject","inLanguage":"fr-FR","@id":"https:\/\/www.public.sn\/index.php\/2022\/09\/16\/bougane-gueye-dany-le-chef-de-letat-devait-seulement-envoyer-un-message-vocal-whatsapp-aux-senegalais\/#primaryimage","url":"https:\/\/www.public.sn\/wp-content\/uploads\/2022\/09\/E5CEFCE6-D771-4EA0-B6A9-27578ABE7C16.jpeg","contentUrl":"https:\/\/www.public.sn\/wp-content\/uploads\/2022\/09\/E5CEFCE6-D771-4EA0-B6A9-27578ABE7C16.jpeg","width":1280,"height":720},{"@type":"BreadcrumbList","@id":"https:\/\/www.public.sn\/index.php\/2022\/09\/16\/bougane-gueye-dany-le-chef-de-letat-devait-seulement-envoyer-un-message-vocal-whatsapp-aux-senegalais\/#breadcrumb","itemListElement":[{"@type":"ListItem","position":1,"name":"Accueil","item":"https:\/\/www.public.sn\/"},{"@type":"ListItem","position":2,"name":"Bougane Gu\u00e9ye Dany: \u201c\u00a0le chef de l\u2019\u00c9tat devait seulement envoyer un message vocal WhatsApp aux S\u00e9n\u00e9galais\u201d."}]},{"@type":"WebSite","@id":"https:\/\/www.public.sn\/#website","url":"https:\/\/www.public.sn\/","name":"LE PUBLIC","description":"","publisher":{"@id":"https:\/\/www.public.sn\/#organization"},"potentialAction":[{"@type":"SearchAction","target":{"@type":"EntryPoint","urlTemplate":"https:\/\/www.public.sn\/?s={search_term_string}"},"query-input":{"@type":"PropertyValueSpecification","valueRequired":true,"valueName":"search_term_string"}}],"inLanguage":"fr-FR"},{"@type":"Organization","@id":"https:\/\/www.public.sn\/#organization","name":"LE PUBLIC","url":"https:\/\/www.public.sn\/","logo":{"@type":"ImageObject","inLanguage":"fr-FR","@id":"https:\/\/www.public.sn\/#\/schema\/logo\/image\/","url":"https:\/\/www.public.sn\/wp-content\/uploads\/2024\/05\/cropped-LOGO-PUBLIC.SN_.png","contentUrl":"https:\/\/www.public.sn\/wp-content\/uploads\/2024\/05\/cropped-LOGO-PUBLIC.SN_.png","width":682,"height":192,"caption":"LE PUBLIC"},"image":{"@id":"https:\/\/www.public.sn\/#\/schema\/logo\/image\/"}},{"@type":"Person","@id":"https:\/\/www.public.sn\/#\/schema\/person\/e3f4a11b037d4203902db148f9bc8d5a","name":"LA REDACTION","image":{"@type":"ImageObject","inLanguage":"fr-FR","@id":"https:\/\/www.public.sn\/#\/schema\/person\/image\/","url":"https:\/\/secure.gravatar.com\/avatar\/d6c030db45db2883c075085c5d6c6258654a801a93766b49af0b82d4f454e2a5?s=96&d=mm&r=g","contentUrl":"https:\/\/secure.gravatar.com\/avatar\/d6c030db45db2883c075085c5d6c6258654a801a93766b49af0b82d4f454e2a5?s=96&d=mm&r=g","caption":"LA REDACTION"},"sameAs":["http:\/\/www.public.sn"],"url":"https:\/\/www.public.sn\/index.php\/author\/admin7324\/"}]}},"jetpack_featured_media_url":"https:\/\/www.public.sn\/wp-content\/uploads\/2022\/09\/E5CEFCE6-D771-4EA0-B6A9-27578ABE7C16.jpeg","jetpack_sharing_enabled":true,"_links":{"self":[{"href":"https:\/\/www.public.sn\/index.php\/wp-json\/wp\/v2\/posts\/2104","targetHints":{"allow":["GET"]}}],"collection":[{"href":"https:\/\/www.public.sn\/index.php\/wp-json\/wp\/v2\/posts"}],"about":[{"href":"https:\/\/www.public.sn\/index.php\/wp-json\/wp\/v2\/types\/post"}],"author":[{"embeddable":true,"href":"https:\/\/www.public.sn\/index.php\/wp-json\/wp\/v2\/users\/1"}],"replies":[{"embeddable":true,"href":"https:\/\/www.public.sn\/index.php\/wp-json\/wp\/v2\/comments?post=2104"}],"version-history":[{"count":1,"href":"https:\/\/www.public.sn\/index.php\/wp-json\/wp\/v2\/posts\/2104\/revisions"}],"predecessor-version":[{"id":2106,"href":"https:\/\/www.public.sn\/index.php\/wp-json\/wp\/v2\/posts\/2104\/revisions\/2106"}],"wp:featuredmedia":[{"embeddable":true,"href":"https:\/\/www.public.sn\/index.php\/wp-json\/wp\/v2\/media\/2105"}],"wp:attachment":[{"href":"https:\/\/www.public.sn\/index.php\/wp-json\/wp\/v2\/media?parent=2104"}],"wp:term":[{"taxonomy":"category","embeddable":true,"href":"https:\/\/www.public.sn\/index.php\/wp-json\/wp\/v2\/categories?post=2104"},{"taxonomy":"post_tag","embeddable":true,"href":"https:\/\/www.public.sn\/index.php\/wp-json\/wp\/v2\/tags?post=2104"}],"curies":[{"name":"wp","href":"https:\/\/api.w.org\/{rel}","templated":true}]}}