{"id":2123,"date":"2022-09-17T17:34:50","date_gmt":"2022-09-17T17:34:50","guid":{"rendered":"https:\/\/www.public.sn\/?p=2123"},"modified":"2022-09-17T17:34:51","modified_gmt":"2022-09-17T17:34:51","slug":"macky-sall-felicite-son-ex-gouvernement-et-souhaite-plein-succes-a-son-premier-ministre","status":"publish","type":"post","link":"https:\/\/www.public.sn\/index.php\/2022\/09\/17\/macky-sall-felicite-son-ex-gouvernement-et-souhaite-plein-succes-a-son-premier-ministre\/","title":{"rendered":"Macky Sall f\u00e9licite son ex gouvernement et souhaite plein succ\u00e8s \u00e0 son premier ministre."},"content":{"rendered":"\n<p>Confirmant la nomination de Amadou Ba comme nouveau Premier ministre, le pr\u00e9sident Macky Sall \u00e0 travers un tweet a adress\u00e9 ses f\u00e9licitations et souhaits \u00e0 l\u2019ancien ministre des affaires \u00e9trang\u00e8res.<\/p><div class=\"publi-paragraphe1\" style=\"margin-top: 10px;margin-bottom: 10px;margin-left: auto;margin-right: auto;text-align: center;\" id=\"publi-1283900551\"><div class=\"publi-adlabel\">Publicit\u00e9<\/div><script async src=\"\/\/pagead2.googlesyndication.com\/pagead\/js\/adsbygoogle.js?client=ca-pub-4089586018074219\" crossorigin=\"anonymous\"><\/script><ins class=\"adsbygoogle\" style=\"display:block;\" data-ad-client=\"ca-pub-4089586018074219\" \ndata-ad-slot=\"2087940154\" \ndata-ad-format=\"auto\"><\/ins>\n<script> \n(adsbygoogle = window.adsbygoogle || []).push({}); \n<\/script>\n<\/div>\n\n\n\n<p><em>\u201cJe f\u00e9licite le gouvernement sortant pour son engagement et le travail de qualit\u00e9 accompli durant plus de 22 mois. De m\u00eame, je f\u00e9licite le premier ministre Amadou Ba pour cette nouvelle mission et lui souhaite plein succ\u00e8s\u201d,<\/em> a-t-il \u00e9crit sur son compte Twitter.<\/p>\n<div class=\"publi-apres-le-contenu\" style=\"margin-top: 10px;margin-bottom: 10px;margin-left: auto;margin-right: auto;text-align: center;\" id=\"publi-2598035189\"><div class=\"publi-adlabel\">Publicit\u00e9<\/div><script async src=\"\/\/pagead2.googlesyndication.com\/pagead\/js\/adsbygoogle.js?client=ca-pub-4089586018074219\" crossorigin=\"anonymous\"><\/script><ins class=\"adsbygoogle\" style=\"display:block;\" data-ad-client=\"ca-pub-4089586018074219\" \ndata-ad-slot=\"2087940154\" \ndata-ad-format=\"auto\"><\/ins>\n<script> \n(adsbygoogle = window.adsbygoogle || []).push({}); \n<\/script>\n<\/div>","protected":false},"excerpt":{"rendered":"<p>Confirmant la nomination de Amadou Ba comme nouveau Premier ministre, le pr\u00e9sident Macky Sall \u00e0 travers un tweet a adress\u00e9 ses f\u00e9licitations et souhaits \u00e0 l\u2019ancien ministre des affaires \u00e9trang\u00e8res. \u201cJe f\u00e9licite le gouvernement sortant pour son engagement et le travail de qualit\u00e9 accompli durant plus de 22 mois. De m\u00eame, je f\u00e9licite le premier ministre Amadou Ba pour cette nouvelle mission et lui souhaite plein succ\u00e8s\u201d, a-t-il \u00e9crit sur son compte Twitter.<\/p>\n","protected":false},"author":1,"featured_media":2124,"comment_status":"open","ping_status":"open","sticky":false,"template":"","format":"standard","meta":{"_jetpack_memberships_contains_paid_content":false,"footnotes":""},"categories":[375,3],"tags":[744,12,11,44,20],"class_list":["post-2123","post","type-post","status-publish","format-standard","has-post-thumbnail","hentry","category-actualites","category-politique","tag-amadou-ba","tag-assemblee-nationale","tag-macky-sall","tag-premier-ministre","tag-presidentielle-2024","entry","has-media","owp-thumbs-layout-horizontal","owp-btn-normal","owp-tabs-layout-horizontal","has-no-thumbnails","has-product-nav"],"yoast_head":"<!-- This site is optimized with the Yoast SEO plugin v25.5 - https:\/\/yoast.com\/wordpress\/plugins\/seo\/ -->\n<title>Macky Sall f\u00e9licite son ex gouvernement et souhaite plein succ\u00e8s \u00e0 son premier ministre. - LE PUBLIC<\/title>\n<meta name=\"robots\" content=\"index, follow, max-snippet:-1, max-image-preview:large, max-video-preview:-1\" \/>\n<link rel=\"canonical\" href=\"https:\/\/www.public.sn\/index.php\/2022\/09\/17\/macky-sall-felicite-son-ex-gouvernement-et-souhaite-plein-succes-a-son-premier-ministre\/\" \/>\n<meta property=\"og:locale\" content=\"fr_FR\" \/>\n<meta property=\"og:type\" content=\"article\" \/>\n<meta property=\"og:title\" content=\"Macky Sall f\u00e9licite son ex gouvernement et souhaite plein succ\u00e8s \u00e0 son premier ministre. - LE PUBLIC\" \/>\n<meta property=\"og:description\" content=\"Confirmant la nomination de Amadou Ba comme nouveau Premier ministre, le pr\u00e9sident Macky Sall \u00e0 travers un tweet a adress\u00e9 ses f\u00e9licitations et souhaits \u00e0 l\u2019ancien ministre des affaires \u00e9trang\u00e8res. \u201cJe f\u00e9licite le gouvernement sortant pour son engagement et le travail de qualit\u00e9 accompli durant plus de 22 mois. De m\u00eame, je f\u00e9licite le premier ministre Amadou Ba pour cette nouvelle mission et lui souhaite plein succ\u00e8s\u201d, a-t-il \u00e9crit sur son compte Twitter.\" \/>\n<meta property=\"og:url\" content=\"https:\/\/www.public.sn\/index.php\/2022\/09\/17\/macky-sall-felicite-son-ex-gouvernement-et-souhaite-plein-succes-a-son-premier-ministre\/\" \/>\n<meta property=\"og:site_name\" content=\"LE PUBLIC\" \/>\n<meta property=\"article:published_time\" content=\"2022-09-17T17:34:50+00:00\" \/>\n<meta property=\"article:modified_time\" content=\"2022-09-17T17:34:51+00:00\" \/>\n<meta property=\"og:image\" content=\"https:\/\/www.public.sn\/wp-content\/uploads\/2022\/09\/52E7D7B9-C7F1-4463-8CB0-871833087827.jpeg\" \/>\n\t<meta property=\"og:image:width\" content=\"1256\" \/>\n\t<meta property=\"og:image:height\" content=\"961\" \/>\n\t<meta property=\"og:image:type\" content=\"image\/jpeg\" \/>\n<meta name=\"author\" content=\"LA REDACTION\" \/>\n<meta name=\"twitter:card\" content=\"summary_large_image\" \/>\n<meta name=\"twitter:label1\" content=\"\u00c9crit par\" \/>\n\t<meta name=\"twitter:data1\" content=\"LA REDACTION\" \/>\n\t<meta name=\"twitter:label2\" content=\"Dur\u00e9e de lecture estim\u00e9e\" \/>\n\t<meta name=\"twitter:data2\" content=\"1 minute\" \/>\n<script type=\"application\/ld+json\" class=\"yoast-schema-graph\">{\"@context\":\"https:\/\/schema.org\",\"@graph\":[{\"@type\":\"Article\",\"@id\":\"https:\/\/www.public.sn\/index.php\/2022\/09\/17\/macky-sall-felicite-son-ex-gouvernement-et-souhaite-plein-succes-a-son-premier-ministre\/#article\",\"isPartOf\":{\"@id\":\"https:\/\/www.public.sn\/index.php\/2022\/09\/17\/macky-sall-felicite-son-ex-gouvernement-et-souhaite-plein-succes-a-son-premier-ministre\/\"},\"author\":{\"name\":\"LA REDACTION\",\"@id\":\"https:\/\/www.public.sn\/#\/schema\/person\/e3f4a11b037d4203902db148f9bc8d5a\"},\"headline\":\"Macky Sall f\u00e9licite son ex gouvernement et souhaite plein succ\u00e8s \u00e0 son premier ministre.\",\"datePublished\":\"2022-09-17T17:34:50+00:00\",\"dateModified\":\"2022-09-17T17:34:51+00:00\",\"mainEntityOfPage\":{\"@id\":\"https:\/\/www.public.sn\/index.php\/2022\/09\/17\/macky-sall-felicite-son-ex-gouvernement-et-souhaite-plein-succes-a-son-premier-ministre\/\"},\"wordCount\":93,\"commentCount\":0,\"publisher\":{\"@id\":\"https:\/\/www.public.sn\/#organization\"},\"image\":{\"@id\":\"https:\/\/www.public.sn\/index.php\/2022\/09\/17\/macky-sall-felicite-son-ex-gouvernement-et-souhaite-plein-succes-a-son-premier-ministre\/#primaryimage\"},\"thumbnailUrl\":\"https:\/\/www.public.sn\/wp-content\/uploads\/2022\/09\/52E7D7B9-C7F1-4463-8CB0-871833087827.jpeg\",\"keywords\":[\"Amadou Ba\",\"Assembl\u00e9e Nationale\",\"Macky Sall\",\"Premier Ministre\",\"Pr\u00e9sidentielle 2024\"],\"articleSection\":[\"ACTUALIT\u00c9S\",\"POLITIQUE\"],\"inLanguage\":\"fr-FR\",\"potentialAction\":[{\"@type\":\"CommentAction\",\"name\":\"Comment\",\"target\":[\"https:\/\/www.public.sn\/index.php\/2022\/09\/17\/macky-sall-felicite-son-ex-gouvernement-et-souhaite-plein-succes-a-son-premier-ministre\/#respond\"]}]},{\"@type\":\"WebPage\",\"@id\":\"https:\/\/www.public.sn\/index.php\/2022\/09\/17\/macky-sall-felicite-son-ex-gouvernement-et-souhaite-plein-succes-a-son-premier-ministre\/\",\"url\":\"https:\/\/www.public.sn\/index.php\/2022\/09\/17\/macky-sall-felicite-son-ex-gouvernement-et-souhaite-plein-succes-a-son-premier-ministre\/\",\"name\":\"Macky Sall f\u00e9licite son ex gouvernement et souhaite plein succ\u00e8s \u00e0 son premier ministre. - LE PUBLIC\",\"isPartOf\":{\"@id\":\"https:\/\/www.public.sn\/#website\"},\"primaryImageOfPage\":{\"@id\":\"https:\/\/www.public.sn\/index.php\/2022\/09\/17\/macky-sall-felicite-son-ex-gouvernement-et-souhaite-plein-succes-a-son-premier-ministre\/#primaryimage\"},\"image\":{\"@id\":\"https:\/\/www.public.sn\/index.php\/2022\/09\/17\/macky-sall-felicite-son-ex-gouvernement-et-souhaite-plein-succes-a-son-premier-ministre\/#primaryimage\"},\"thumbnailUrl\":\"https:\/\/www.public.sn\/wp-content\/uploads\/2022\/09\/52E7D7B9-C7F1-4463-8CB0-871833087827.jpeg\",\"datePublished\":\"2022-09-17T17:34:50+00:00\",\"dateModified\":\"2022-09-17T17:34:51+00:00\",\"breadcrumb\":{\"@id\":\"https:\/\/www.public.sn\/index.php\/2022\/09\/17\/macky-sall-felicite-son-ex-gouvernement-et-souhaite-plein-succes-a-son-premier-ministre\/#breadcrumb\"},\"inLanguage\":\"fr-FR\",\"potentialAction\":[{\"@type\":\"ReadAction\",\"target\":[\"https:\/\/www.public.sn\/index.php\/2022\/09\/17\/macky-sall-felicite-son-ex-gouvernement-et-souhaite-plein-succes-a-son-premier-ministre\/\"]}]},{\"@type\":\"ImageObject\",\"inLanguage\":\"fr-FR\",\"@id\":\"https:\/\/www.public.sn\/index.php\/2022\/09\/17\/macky-sall-felicite-son-ex-gouvernement-et-souhaite-plein-succes-a-son-premier-ministre\/#primaryimage\",\"url\":\"https:\/\/www.public.sn\/wp-content\/uploads\/2022\/09\/52E7D7B9-C7F1-4463-8CB0-871833087827.jpeg\",\"contentUrl\":\"https:\/\/www.public.sn\/wp-content\/uploads\/2022\/09\/52E7D7B9-C7F1-4463-8CB0-871833087827.jpeg\",\"width\":1256,\"height\":961},{\"@type\":\"BreadcrumbList\",\"@id\":\"https:\/\/www.public.sn\/index.php\/2022\/09\/17\/macky-sall-felicite-son-ex-gouvernement-et-souhaite-plein-succes-a-son-premier-ministre\/#breadcrumb\",\"itemListElement\":[{\"@type\":\"ListItem\",\"position\":1,\"name\":\"Accueil\",\"item\":\"https:\/\/www.public.sn\/\"},{\"@type\":\"ListItem\",\"position\":2,\"name\":\"Macky Sall f\u00e9licite son ex gouvernement et souhaite plein succ\u00e8s \u00e0 son premier ministre.\"}]},{\"@type\":\"WebSite\",\"@id\":\"https:\/\/www.public.sn\/#website\",\"url\":\"https:\/\/www.public.sn\/\",\"name\":\"LE PUBLIC\",\"description\":\"\",\"publisher\":{\"@id\":\"https:\/\/www.public.sn\/#organization\"},\"potentialAction\":[{\"@type\":\"SearchAction\",\"target\":{\"@type\":\"EntryPoint\",\"urlTemplate\":\"https:\/\/www.public.sn\/?s={search_term_string}\"},\"query-input\":{\"@type\":\"PropertyValueSpecification\",\"valueRequired\":true,\"valueName\":\"search_term_string\"}}],\"inLanguage\":\"fr-FR\"},{\"@type\":\"Organization\",\"@id\":\"https:\/\/www.public.sn\/#organization\",\"name\":\"LE PUBLIC\",\"url\":\"https:\/\/www.public.sn\/\",\"logo\":{\"@type\":\"ImageObject\",\"inLanguage\":\"fr-FR\",\"@id\":\"https:\/\/www.public.sn\/#\/schema\/logo\/image\/\",\"url\":\"https:\/\/www.public.sn\/wp-content\/uploads\/2024\/05\/cropped-LOGO-PUBLIC.SN_.png\",\"contentUrl\":\"https:\/\/www.public.sn\/wp-content\/uploads\/2024\/05\/cropped-LOGO-PUBLIC.SN_.png\",\"width\":682,\"height\":192,\"caption\":\"LE PUBLIC\"},\"image\":{\"@id\":\"https:\/\/www.public.sn\/#\/schema\/logo\/image\/\"}},{\"@type\":\"Person\",\"@id\":\"https:\/\/www.public.sn\/#\/schema\/person\/e3f4a11b037d4203902db148f9bc8d5a\",\"name\":\"LA REDACTION\",\"image\":{\"@type\":\"ImageObject\",\"inLanguage\":\"fr-FR\",\"@id\":\"https:\/\/www.public.sn\/#\/schema\/person\/image\/\",\"url\":\"https:\/\/secure.gravatar.com\/avatar\/d6c030db45db2883c075085c5d6c6258654a801a93766b49af0b82d4f454e2a5?s=96&d=mm&r=g\",\"contentUrl\":\"https:\/\/secure.gravatar.com\/avatar\/d6c030db45db2883c075085c5d6c6258654a801a93766b49af0b82d4f454e2a5?s=96&d=mm&r=g\",\"caption\":\"LA REDACTION\"},\"sameAs\":[\"http:\/\/www.public.sn\"],\"url\":\"https:\/\/www.public.sn\/index.php\/author\/admin7324\/\"}]}<\/script>\n<!-- \/ Yoast SEO plugin. -->","yoast_head_json":{"title":"Macky Sall f\u00e9licite son ex gouvernement et souhaite plein succ\u00e8s \u00e0 son premier ministre. - LE PUBLIC","robots":{"index":"index","follow":"follow","max-snippet":"max-snippet:-1","max-image-preview":"max-image-preview:large","max-video-preview":"max-video-preview:-1"},"canonical":"https:\/\/www.public.sn\/index.php\/2022\/09\/17\/macky-sall-felicite-son-ex-gouvernement-et-souhaite-plein-succes-a-son-premier-ministre\/","og_locale":"fr_FR","og_type":"article","og_title":"Macky Sall f\u00e9licite son ex gouvernement et souhaite plein succ\u00e8s \u00e0 son premier ministre. - LE PUBLIC","og_description":"Confirmant la nomination de Amadou Ba comme nouveau Premier ministre, le pr\u00e9sident Macky Sall \u00e0 travers un tweet a adress\u00e9 ses f\u00e9licitations et souhaits \u00e0 l\u2019ancien ministre des affaires \u00e9trang\u00e8res. \u201cJe f\u00e9licite le gouvernement sortant pour son engagement et le travail de qualit\u00e9 accompli durant plus de 22 mois. De m\u00eame, je f\u00e9licite le premier ministre Amadou Ba pour cette nouvelle mission et lui souhaite plein succ\u00e8s\u201d, a-t-il \u00e9crit sur son compte Twitter.","og_url":"https:\/\/www.public.sn\/index.php\/2022\/09\/17\/macky-sall-felicite-son-ex-gouvernement-et-souhaite-plein-succes-a-son-premier-ministre\/","og_site_name":"LE PUBLIC","article_published_time":"2022-09-17T17:34:50+00:00","article_modified_time":"2022-09-17T17:34:51+00:00","og_image":[{"width":1256,"height":961,"url":"https:\/\/www.public.sn\/wp-content\/uploads\/2022\/09\/52E7D7B9-C7F1-4463-8CB0-871833087827.jpeg","type":"image\/jpeg"}],"author":"LA REDACTION","twitter_card":"summary_large_image","twitter_misc":{"\u00c9crit par":"LA REDACTION","Dur\u00e9e de lecture estim\u00e9e":"1 minute"},"schema":{"@context":"https:\/\/schema.org","@graph":[{"@type":"Article","@id":"https:\/\/www.public.sn\/index.php\/2022\/09\/17\/macky-sall-felicite-son-ex-gouvernement-et-souhaite-plein-succes-a-son-premier-ministre\/#article","isPartOf":{"@id":"https:\/\/www.public.sn\/index.php\/2022\/09\/17\/macky-sall-felicite-son-ex-gouvernement-et-souhaite-plein-succes-a-son-premier-ministre\/"},"author":{"name":"LA REDACTION","@id":"https:\/\/www.public.sn\/#\/schema\/person\/e3f4a11b037d4203902db148f9bc8d5a"},"headline":"Macky Sall f\u00e9licite son ex gouvernement et souhaite plein succ\u00e8s \u00e0 son premier ministre.","datePublished":"2022-09-17T17:34:50+00:00","dateModified":"2022-09-17T17:34:51+00:00","mainEntityOfPage":{"@id":"https:\/\/www.public.sn\/index.php\/2022\/09\/17\/macky-sall-felicite-son-ex-gouvernement-et-souhaite-plein-succes-a-son-premier-ministre\/"},"wordCount":93,"commentCount":0,"publisher":{"@id":"https:\/\/www.public.sn\/#organization"},"image":{"@id":"https:\/\/www.public.sn\/index.php\/2022\/09\/17\/macky-sall-felicite-son-ex-gouvernement-et-souhaite-plein-succes-a-son-premier-ministre\/#primaryimage"},"thumbnailUrl":"https:\/\/www.public.sn\/wp-content\/uploads\/2022\/09\/52E7D7B9-C7F1-4463-8CB0-871833087827.jpeg","keywords":["Amadou Ba","Assembl\u00e9e Nationale","Macky Sall","Premier Ministre","Pr\u00e9sidentielle 2024"],"articleSection":["ACTUALIT\u00c9S","POLITIQUE"],"inLanguage":"fr-FR","potentialAction":[{"@type":"CommentAction","name":"Comment","target":["https:\/\/www.public.sn\/index.php\/2022\/09\/17\/macky-sall-felicite-son-ex-gouvernement-et-souhaite-plein-succes-a-son-premier-ministre\/#respond"]}]},{"@type":"WebPage","@id":"https:\/\/www.public.sn\/index.php\/2022\/09\/17\/macky-sall-felicite-son-ex-gouvernement-et-souhaite-plein-succes-a-son-premier-ministre\/","url":"https:\/\/www.public.sn\/index.php\/2022\/09\/17\/macky-sall-felicite-son-ex-gouvernement-et-souhaite-plein-succes-a-son-premier-ministre\/","name":"Macky Sall f\u00e9licite son ex gouvernement et souhaite plein succ\u00e8s \u00e0 son premier ministre. - LE PUBLIC","isPartOf":{"@id":"https:\/\/www.public.sn\/#website"},"primaryImageOfPage":{"@id":"https:\/\/www.public.sn\/index.php\/2022\/09\/17\/macky-sall-felicite-son-ex-gouvernement-et-souhaite-plein-succes-a-son-premier-ministre\/#primaryimage"},"image":{"@id":"https:\/\/www.public.sn\/index.php\/2022\/09\/17\/macky-sall-felicite-son-ex-gouvernement-et-souhaite-plein-succes-a-son-premier-ministre\/#primaryimage"},"thumbnailUrl":"https:\/\/www.public.sn\/wp-content\/uploads\/2022\/09\/52E7D7B9-C7F1-4463-8CB0-871833087827.jpeg","datePublished":"2022-09-17T17:34:50+00:00","dateModified":"2022-09-17T17:34:51+00:00","breadcrumb":{"@id":"https:\/\/www.public.sn\/index.php\/2022\/09\/17\/macky-sall-felicite-son-ex-gouvernement-et-souhaite-plein-succes-a-son-premier-ministre\/#breadcrumb"},"inLanguage":"fr-FR","potentialAction":[{"@type":"ReadAction","target":["https:\/\/www.public.sn\/index.php\/2022\/09\/17\/macky-sall-felicite-son-ex-gouvernement-et-souhaite-plein-succes-a-son-premier-ministre\/"]}]},{"@type":"ImageObject","inLanguage":"fr-FR","@id":"https:\/\/www.public.sn\/index.php\/2022\/09\/17\/macky-sall-felicite-son-ex-gouvernement-et-souhaite-plein-succes-a-son-premier-ministre\/#primaryimage","url":"https:\/\/www.public.sn\/wp-content\/uploads\/2022\/09\/52E7D7B9-C7F1-4463-8CB0-871833087827.jpeg","contentUrl":"https:\/\/www.public.sn\/wp-content\/uploads\/2022\/09\/52E7D7B9-C7F1-4463-8CB0-871833087827.jpeg","width":1256,"height":961},{"@type":"BreadcrumbList","@id":"https:\/\/www.public.sn\/index.php\/2022\/09\/17\/macky-sall-felicite-son-ex-gouvernement-et-souhaite-plein-succes-a-son-premier-ministre\/#breadcrumb","itemListElement":[{"@type":"ListItem","position":1,"name":"Accueil","item":"https:\/\/www.public.sn\/"},{"@type":"ListItem","position":2,"name":"Macky Sall f\u00e9licite son ex gouvernement et souhaite plein succ\u00e8s \u00e0 son premier ministre."}]},{"@type":"WebSite","@id":"https:\/\/www.public.sn\/#website","url":"https:\/\/www.public.sn\/","name":"LE PUBLIC","description":"","publisher":{"@id":"https:\/\/www.public.sn\/#organization"},"potentialAction":[{"@type":"SearchAction","target":{"@type":"EntryPoint","urlTemplate":"https:\/\/www.public.sn\/?s={search_term_string}"},"query-input":{"@type":"PropertyValueSpecification","valueRequired":true,"valueName":"search_term_string"}}],"inLanguage":"fr-FR"},{"@type":"Organization","@id":"https:\/\/www.public.sn\/#organization","name":"LE PUBLIC","url":"https:\/\/www.public.sn\/","logo":{"@type":"ImageObject","inLanguage":"fr-FR","@id":"https:\/\/www.public.sn\/#\/schema\/logo\/image\/","url":"https:\/\/www.public.sn\/wp-content\/uploads\/2024\/05\/cropped-LOGO-PUBLIC.SN_.png","contentUrl":"https:\/\/www.public.sn\/wp-content\/uploads\/2024\/05\/cropped-LOGO-PUBLIC.SN_.png","width":682,"height":192,"caption":"LE PUBLIC"},"image":{"@id":"https:\/\/www.public.sn\/#\/schema\/logo\/image\/"}},{"@type":"Person","@id":"https:\/\/www.public.sn\/#\/schema\/person\/e3f4a11b037d4203902db148f9bc8d5a","name":"LA REDACTION","image":{"@type":"ImageObject","inLanguage":"fr-FR","@id":"https:\/\/www.public.sn\/#\/schema\/person\/image\/","url":"https:\/\/secure.gravatar.com\/avatar\/d6c030db45db2883c075085c5d6c6258654a801a93766b49af0b82d4f454e2a5?s=96&d=mm&r=g","contentUrl":"https:\/\/secure.gravatar.com\/avatar\/d6c030db45db2883c075085c5d6c6258654a801a93766b49af0b82d4f454e2a5?s=96&d=mm&r=g","caption":"LA REDACTION"},"sameAs":["http:\/\/www.public.sn"],"url":"https:\/\/www.public.sn\/index.php\/author\/admin7324\/"}]}},"jetpack_featured_media_url":"https:\/\/www.public.sn\/wp-content\/uploads\/2022\/09\/52E7D7B9-C7F1-4463-8CB0-871833087827.jpeg","jetpack_sharing_enabled":true,"_links":{"self":[{"href":"https:\/\/www.public.sn\/index.php\/wp-json\/wp\/v2\/posts\/2123","targetHints":{"allow":["GET"]}}],"collection":[{"href":"https:\/\/www.public.sn\/index.php\/wp-json\/wp\/v2\/posts"}],"about":[{"href":"https:\/\/www.public.sn\/index.php\/wp-json\/wp\/v2\/types\/post"}],"author":[{"embeddable":true,"href":"https:\/\/www.public.sn\/index.php\/wp-json\/wp\/v2\/users\/1"}],"replies":[{"embeddable":true,"href":"https:\/\/www.public.sn\/index.php\/wp-json\/wp\/v2\/comments?post=2123"}],"version-history":[{"count":1,"href":"https:\/\/www.public.sn\/index.php\/wp-json\/wp\/v2\/posts\/2123\/revisions"}],"predecessor-version":[{"id":2125,"href":"https:\/\/www.public.sn\/index.php\/wp-json\/wp\/v2\/posts\/2123\/revisions\/2125"}],"wp:featuredmedia":[{"embeddable":true,"href":"https:\/\/www.public.sn\/index.php\/wp-json\/wp\/v2\/media\/2124"}],"wp:attachment":[{"href":"https:\/\/www.public.sn\/index.php\/wp-json\/wp\/v2\/media?parent=2123"}],"wp:term":[{"taxonomy":"category","embeddable":true,"href":"https:\/\/www.public.sn\/index.php\/wp-json\/wp\/v2\/categories?post=2123"},{"taxonomy":"post_tag","embeddable":true,"href":"https:\/\/www.public.sn\/index.php\/wp-json\/wp\/v2\/tags?post=2123"}],"curies":[{"name":"wp","href":"https:\/\/api.w.org\/{rel}","templated":true}]}}