{"id":21243,"date":"2023-05-07T23:47:08","date_gmt":"2023-05-07T23:47:08","guid":{"rendered":"https:\/\/www.public.sn\/?p=21243"},"modified":"2023-05-07T23:47:08","modified_gmt":"2023-05-07T23:47:08","slug":"pointe-des-almadies-un-conducteur-emeche-ravage-tout-sur-son-passage","status":"publish","type":"post","link":"https:\/\/www.public.sn\/index.php\/2023\/05\/07\/pointe-des-almadies-un-conducteur-emeche-ravage-tout-sur-son-passage\/","title":{"rendered":"Pointe des Almadies : un conducteur \u00e9m\u00e9ch\u00e9 ravage tout sur son passage"},"content":{"rendered":"<div><span style=\"font-size: x-large;\">\u00a0Une sc\u00e8ne inou\u00efe s\u2019est d\u00e9roul\u00e9e \u00e0 la Pointe des Almadies. Un v\u00e9hicule, avec \u00e0 l\u2019int\u00e9rieur des personnes en \u00e9tat d\u2019ivresses, a fini sa course vers des cantines situ\u00e9es sur un trottoir, ravageant tout sur son passage.<\/span><\/div>\n<div><span style=\"font-size: x-large;\">\u00a0<\/span><\/div>\n<div><span style=\"font-size: x-large;\">La sc\u00e8ne s\u2019est d\u00e9roul\u00e9e ce dimanche matin vers huit heures. Heureusement, cette zone tr\u00e8s fr\u00e9quent\u00e9e par des marchands \u00e9tait d\u00e9serte \u00e0 cette heure, sinon le bilan aurait pu \u00eatre pire.<\/span><\/div>\n<div><span style=\"font-size: x-large;\">\u00a0<\/span><\/div>\n<div><span style=\"font-size: x-large;\">Les passagers du v\u00e9hicule, quant \u00e0 eux, ont subi de l\u00e9g\u00e8res blessures.<\/span><\/div>\n<div>lala RASSOUL<\/div>\n<div class=\"publi-apres-le-contenu\" style=\"margin-top: 10px;margin-bottom: 10px;margin-left: auto;margin-right: auto;text-align: center;\" id=\"publi-1827628518\"><div class=\"publi-adlabel\">Publicit\u00e9<\/div><script async src=\"\/\/pagead2.googlesyndication.com\/pagead\/js\/adsbygoogle.js?client=ca-pub-4089586018074219\" crossorigin=\"anonymous\"><\/script><ins class=\"adsbygoogle\" style=\"display:block;\" data-ad-client=\"ca-pub-4089586018074219\" \ndata-ad-slot=\"2087940154\" \ndata-ad-format=\"auto\"><\/ins>\n<script> \n(adsbygoogle = window.adsbygoogle || []).push({}); \n<\/script>\n<\/div>","protected":false},"excerpt":{"rendered":"<p>\u00a0Une sc\u00e8ne inou\u00efe s\u2019est d\u00e9roul\u00e9e \u00e0 la Pointe des Almadies. Un v\u00e9hicule, avec \u00e0 l\u2019int\u00e9rieur des personnes en \u00e9tat d\u2019ivresses, a fini sa course vers des cantines situ\u00e9es sur un trottoir, ravageant tout sur son passage. \u00a0 La sc\u00e8ne s\u2019est d\u00e9roul\u00e9e ce dimanche matin vers huit heures. Heureusement, cette zone tr\u00e8s fr\u00e9quent\u00e9e par des marchands \u00e9tait d\u00e9serte \u00e0 cette heure, sinon le bilan aurait pu \u00eatre pire. \u00a0 Les passagers du v\u00e9hicule, quant \u00e0 eux, ont subi de l\u00e9g\u00e8res blessures. lala RASSOUL<\/p>\n","protected":false},"author":7,"featured_media":21244,"comment_status":"open","ping_status":"open","sticky":false,"template":"","format":"standard","meta":{"_jetpack_memberships_contains_paid_content":false,"footnotes":""},"categories":[1],"tags":[],"class_list":["post-21243","post","type-post","status-publish","format-standard","has-post-thumbnail","hentry","category-non-classe","entry","has-media","owp-thumbs-layout-horizontal","owp-btn-normal","owp-tabs-layout-horizontal","has-no-thumbnails","has-product-nav"],"yoast_head":"<!-- This site is optimized with the Yoast SEO plugin v25.5 - https:\/\/yoast.com\/wordpress\/plugins\/seo\/ -->\n<title>Pointe des Almadies : un conducteur \u00e9m\u00e9ch\u00e9 ravage tout sur son passage - LE PUBLIC<\/title>\n<meta name=\"robots\" content=\"index, follow, max-snippet:-1, max-image-preview:large, max-video-preview:-1\" \/>\n<link rel=\"canonical\" href=\"https:\/\/www.public.sn\/index.php\/2023\/05\/07\/pointe-des-almadies-un-conducteur-emeche-ravage-tout-sur-son-passage\/\" \/>\n<meta property=\"og:locale\" content=\"fr_FR\" \/>\n<meta property=\"og:type\" content=\"article\" \/>\n<meta property=\"og:title\" content=\"Pointe des Almadies : un conducteur \u00e9m\u00e9ch\u00e9 ravage tout sur son passage - LE PUBLIC\" \/>\n<meta property=\"og:description\" content=\"\u00a0Une sc\u00e8ne inou\u00efe s\u2019est d\u00e9roul\u00e9e \u00e0 la Pointe des Almadies. Un v\u00e9hicule, avec \u00e0 l\u2019int\u00e9rieur des personnes en \u00e9tat d\u2019ivresses, a fini sa course vers des cantines situ\u00e9es sur un trottoir, ravageant tout sur son passage. \u00a0 La sc\u00e8ne s\u2019est d\u00e9roul\u00e9e ce dimanche matin vers huit heures. Heureusement, cette zone tr\u00e8s fr\u00e9quent\u00e9e par des marchands \u00e9tait d\u00e9serte \u00e0 cette heure, sinon le bilan aurait pu \u00eatre pire. \u00a0 Les passagers du v\u00e9hicule, quant \u00e0 eux, ont subi de l\u00e9g\u00e8res blessures. lala RASSOUL\" \/>\n<meta property=\"og:url\" content=\"https:\/\/www.public.sn\/index.php\/2023\/05\/07\/pointe-des-almadies-un-conducteur-emeche-ravage-tout-sur-son-passage\/\" \/>\n<meta property=\"og:site_name\" content=\"LE PUBLIC\" \/>\n<meta property=\"article:published_time\" content=\"2023-05-07T23:47:08+00:00\" \/>\n<meta property=\"og:image\" content=\"https:\/\/www.public.sn\/wp-content\/uploads\/2023\/05\/083f7a7faf74f977d7eb560cabe055365a910c9f.jpeg\" \/>\n\t<meta property=\"og:image:width\" content=\"612\" \/>\n\t<meta property=\"og:image:height\" content=\"298\" \/>\n\t<meta property=\"og:image:type\" content=\"image\/jpeg\" \/>\n<meta name=\"author\" content=\"LA REDACTION\" \/>\n<meta name=\"twitter:card\" content=\"summary_large_image\" \/>\n<meta name=\"twitter:label1\" content=\"\u00c9crit par\" \/>\n\t<meta name=\"twitter:data1\" content=\"LA REDACTION\" \/>\n\t<meta name=\"twitter:label2\" content=\"Dur\u00e9e de lecture estim\u00e9e\" \/>\n\t<meta name=\"twitter:data2\" content=\"1 minute\" \/>\n<script type=\"application\/ld+json\" class=\"yoast-schema-graph\">{\"@context\":\"https:\/\/schema.org\",\"@graph\":[{\"@type\":\"Article\",\"@id\":\"https:\/\/www.public.sn\/index.php\/2023\/05\/07\/pointe-des-almadies-un-conducteur-emeche-ravage-tout-sur-son-passage\/#article\",\"isPartOf\":{\"@id\":\"https:\/\/www.public.sn\/index.php\/2023\/05\/07\/pointe-des-almadies-un-conducteur-emeche-ravage-tout-sur-son-passage\/\"},\"author\":{\"name\":\"LA REDACTION\",\"@id\":\"https:\/\/www.public.sn\/#\/schema\/person\/cb76c8e1b8becc6be61fb5e92d6d0224\"},\"headline\":\"Pointe des Almadies : un conducteur \u00e9m\u00e9ch\u00e9 ravage tout sur son passage\",\"datePublished\":\"2023-05-07T23:47:08+00:00\",\"mainEntityOfPage\":{\"@id\":\"https:\/\/www.public.sn\/index.php\/2023\/05\/07\/pointe-des-almadies-un-conducteur-emeche-ravage-tout-sur-son-passage\/\"},\"wordCount\":109,\"commentCount\":0,\"publisher\":{\"@id\":\"https:\/\/www.public.sn\/#organization\"},\"image\":{\"@id\":\"https:\/\/www.public.sn\/index.php\/2023\/05\/07\/pointe-des-almadies-un-conducteur-emeche-ravage-tout-sur-son-passage\/#primaryimage\"},\"thumbnailUrl\":\"https:\/\/www.public.sn\/wp-content\/uploads\/2023\/05\/083f7a7faf74f977d7eb560cabe055365a910c9f.jpeg\",\"articleSection\":[\"S\u00c9N\u00c9GAL\"],\"inLanguage\":\"fr-FR\",\"potentialAction\":[{\"@type\":\"CommentAction\",\"name\":\"Comment\",\"target\":[\"https:\/\/www.public.sn\/index.php\/2023\/05\/07\/pointe-des-almadies-un-conducteur-emeche-ravage-tout-sur-son-passage\/#respond\"]}]},{\"@type\":\"WebPage\",\"@id\":\"https:\/\/www.public.sn\/index.php\/2023\/05\/07\/pointe-des-almadies-un-conducteur-emeche-ravage-tout-sur-son-passage\/\",\"url\":\"https:\/\/www.public.sn\/index.php\/2023\/05\/07\/pointe-des-almadies-un-conducteur-emeche-ravage-tout-sur-son-passage\/\",\"name\":\"Pointe des Almadies : un conducteur \u00e9m\u00e9ch\u00e9 ravage tout sur son passage - LE PUBLIC\",\"isPartOf\":{\"@id\":\"https:\/\/www.public.sn\/#website\"},\"primaryImageOfPage\":{\"@id\":\"https:\/\/www.public.sn\/index.php\/2023\/05\/07\/pointe-des-almadies-un-conducteur-emeche-ravage-tout-sur-son-passage\/#primaryimage\"},\"image\":{\"@id\":\"https:\/\/www.public.sn\/index.php\/2023\/05\/07\/pointe-des-almadies-un-conducteur-emeche-ravage-tout-sur-son-passage\/#primaryimage\"},\"thumbnailUrl\":\"https:\/\/www.public.sn\/wp-content\/uploads\/2023\/05\/083f7a7faf74f977d7eb560cabe055365a910c9f.jpeg\",\"datePublished\":\"2023-05-07T23:47:08+00:00\",\"breadcrumb\":{\"@id\":\"https:\/\/www.public.sn\/index.php\/2023\/05\/07\/pointe-des-almadies-un-conducteur-emeche-ravage-tout-sur-son-passage\/#breadcrumb\"},\"inLanguage\":\"fr-FR\",\"potentialAction\":[{\"@type\":\"ReadAction\",\"target\":[\"https:\/\/www.public.sn\/index.php\/2023\/05\/07\/pointe-des-almadies-un-conducteur-emeche-ravage-tout-sur-son-passage\/\"]}]},{\"@type\":\"ImageObject\",\"inLanguage\":\"fr-FR\",\"@id\":\"https:\/\/www.public.sn\/index.php\/2023\/05\/07\/pointe-des-almadies-un-conducteur-emeche-ravage-tout-sur-son-passage\/#primaryimage\",\"url\":\"https:\/\/www.public.sn\/wp-content\/uploads\/2023\/05\/083f7a7faf74f977d7eb560cabe055365a910c9f.jpeg\",\"contentUrl\":\"https:\/\/www.public.sn\/wp-content\/uploads\/2023\/05\/083f7a7faf74f977d7eb560cabe055365a910c9f.jpeg\",\"width\":612,\"height\":298},{\"@type\":\"BreadcrumbList\",\"@id\":\"https:\/\/www.public.sn\/index.php\/2023\/05\/07\/pointe-des-almadies-un-conducteur-emeche-ravage-tout-sur-son-passage\/#breadcrumb\",\"itemListElement\":[{\"@type\":\"ListItem\",\"position\":1,\"name\":\"Accueil\",\"item\":\"https:\/\/www.public.sn\/\"},{\"@type\":\"ListItem\",\"position\":2,\"name\":\"Pointe des Almadies : un conducteur \u00e9m\u00e9ch\u00e9 ravage tout sur son passage\"}]},{\"@type\":\"WebSite\",\"@id\":\"https:\/\/www.public.sn\/#website\",\"url\":\"https:\/\/www.public.sn\/\",\"name\":\"LE PUBLIC\",\"description\":\"\",\"publisher\":{\"@id\":\"https:\/\/www.public.sn\/#organization\"},\"potentialAction\":[{\"@type\":\"SearchAction\",\"target\":{\"@type\":\"EntryPoint\",\"urlTemplate\":\"https:\/\/www.public.sn\/?s={search_term_string}\"},\"query-input\":{\"@type\":\"PropertyValueSpecification\",\"valueRequired\":true,\"valueName\":\"search_term_string\"}}],\"inLanguage\":\"fr-FR\"},{\"@type\":\"Organization\",\"@id\":\"https:\/\/www.public.sn\/#organization\",\"name\":\"LE PUBLIC\",\"url\":\"https:\/\/www.public.sn\/\",\"logo\":{\"@type\":\"ImageObject\",\"inLanguage\":\"fr-FR\",\"@id\":\"https:\/\/www.public.sn\/#\/schema\/logo\/image\/\",\"url\":\"https:\/\/www.public.sn\/wp-content\/uploads\/2024\/05\/cropped-LOGO-PUBLIC.SN_.png\",\"contentUrl\":\"https:\/\/www.public.sn\/wp-content\/uploads\/2024\/05\/cropped-LOGO-PUBLIC.SN_.png\",\"width\":682,\"height\":192,\"caption\":\"LE PUBLIC\"},\"image\":{\"@id\":\"https:\/\/www.public.sn\/#\/schema\/logo\/image\/\"}},{\"@type\":\"Person\",\"@id\":\"https:\/\/www.public.sn\/#\/schema\/person\/cb76c8e1b8becc6be61fb5e92d6d0224\",\"name\":\"LA REDACTION\",\"image\":{\"@type\":\"ImageObject\",\"inLanguage\":\"fr-FR\",\"@id\":\"https:\/\/www.public.sn\/#\/schema\/person\/image\/\",\"url\":\"https:\/\/secure.gravatar.com\/avatar\/2dce5ddd34b8fef0180efe03aa2a9bee7d953856048f9a16b298190a3178407c?s=96&d=mm&r=g\",\"contentUrl\":\"https:\/\/secure.gravatar.com\/avatar\/2dce5ddd34b8fef0180efe03aa2a9bee7d953856048f9a16b298190a3178407c?s=96&d=mm&r=g\",\"caption\":\"LA REDACTION\"},\"url\":\"https:\/\/www.public.sn\/index.php\/author\/editeurpsn\/\"}]}<\/script>\n<!-- \/ Yoast SEO plugin. -->","yoast_head_json":{"title":"Pointe des Almadies : un conducteur \u00e9m\u00e9ch\u00e9 ravage tout sur son passage - LE PUBLIC","robots":{"index":"index","follow":"follow","max-snippet":"max-snippet:-1","max-image-preview":"max-image-preview:large","max-video-preview":"max-video-preview:-1"},"canonical":"https:\/\/www.public.sn\/index.php\/2023\/05\/07\/pointe-des-almadies-un-conducteur-emeche-ravage-tout-sur-son-passage\/","og_locale":"fr_FR","og_type":"article","og_title":"Pointe des Almadies : un conducteur \u00e9m\u00e9ch\u00e9 ravage tout sur son passage - LE PUBLIC","og_description":"\u00a0Une sc\u00e8ne inou\u00efe s\u2019est d\u00e9roul\u00e9e \u00e0 la Pointe des Almadies. Un v\u00e9hicule, avec \u00e0 l\u2019int\u00e9rieur des personnes en \u00e9tat d\u2019ivresses, a fini sa course vers des cantines situ\u00e9es sur un trottoir, ravageant tout sur son passage. \u00a0 La sc\u00e8ne s\u2019est d\u00e9roul\u00e9e ce dimanche matin vers huit heures. Heureusement, cette zone tr\u00e8s fr\u00e9quent\u00e9e par des marchands \u00e9tait d\u00e9serte \u00e0 cette heure, sinon le bilan aurait pu \u00eatre pire. \u00a0 Les passagers du v\u00e9hicule, quant \u00e0 eux, ont subi de l\u00e9g\u00e8res blessures. lala RASSOUL","og_url":"https:\/\/www.public.sn\/index.php\/2023\/05\/07\/pointe-des-almadies-un-conducteur-emeche-ravage-tout-sur-son-passage\/","og_site_name":"LE PUBLIC","article_published_time":"2023-05-07T23:47:08+00:00","og_image":[{"width":612,"height":298,"url":"https:\/\/www.public.sn\/wp-content\/uploads\/2023\/05\/083f7a7faf74f977d7eb560cabe055365a910c9f.jpeg","type":"image\/jpeg"}],"author":"LA REDACTION","twitter_card":"summary_large_image","twitter_misc":{"\u00c9crit par":"LA REDACTION","Dur\u00e9e de lecture estim\u00e9e":"1 minute"},"schema":{"@context":"https:\/\/schema.org","@graph":[{"@type":"Article","@id":"https:\/\/www.public.sn\/index.php\/2023\/05\/07\/pointe-des-almadies-un-conducteur-emeche-ravage-tout-sur-son-passage\/#article","isPartOf":{"@id":"https:\/\/www.public.sn\/index.php\/2023\/05\/07\/pointe-des-almadies-un-conducteur-emeche-ravage-tout-sur-son-passage\/"},"author":{"name":"LA REDACTION","@id":"https:\/\/www.public.sn\/#\/schema\/person\/cb76c8e1b8becc6be61fb5e92d6d0224"},"headline":"Pointe des Almadies : un conducteur \u00e9m\u00e9ch\u00e9 ravage tout sur son passage","datePublished":"2023-05-07T23:47:08+00:00","mainEntityOfPage":{"@id":"https:\/\/www.public.sn\/index.php\/2023\/05\/07\/pointe-des-almadies-un-conducteur-emeche-ravage-tout-sur-son-passage\/"},"wordCount":109,"commentCount":0,"publisher":{"@id":"https:\/\/www.public.sn\/#organization"},"image":{"@id":"https:\/\/www.public.sn\/index.php\/2023\/05\/07\/pointe-des-almadies-un-conducteur-emeche-ravage-tout-sur-son-passage\/#primaryimage"},"thumbnailUrl":"https:\/\/www.public.sn\/wp-content\/uploads\/2023\/05\/083f7a7faf74f977d7eb560cabe055365a910c9f.jpeg","articleSection":["S\u00c9N\u00c9GAL"],"inLanguage":"fr-FR","potentialAction":[{"@type":"CommentAction","name":"Comment","target":["https:\/\/www.public.sn\/index.php\/2023\/05\/07\/pointe-des-almadies-un-conducteur-emeche-ravage-tout-sur-son-passage\/#respond"]}]},{"@type":"WebPage","@id":"https:\/\/www.public.sn\/index.php\/2023\/05\/07\/pointe-des-almadies-un-conducteur-emeche-ravage-tout-sur-son-passage\/","url":"https:\/\/www.public.sn\/index.php\/2023\/05\/07\/pointe-des-almadies-un-conducteur-emeche-ravage-tout-sur-son-passage\/","name":"Pointe des Almadies : un conducteur \u00e9m\u00e9ch\u00e9 ravage tout sur son passage - LE PUBLIC","isPartOf":{"@id":"https:\/\/www.public.sn\/#website"},"primaryImageOfPage":{"@id":"https:\/\/www.public.sn\/index.php\/2023\/05\/07\/pointe-des-almadies-un-conducteur-emeche-ravage-tout-sur-son-passage\/#primaryimage"},"image":{"@id":"https:\/\/www.public.sn\/index.php\/2023\/05\/07\/pointe-des-almadies-un-conducteur-emeche-ravage-tout-sur-son-passage\/#primaryimage"},"thumbnailUrl":"https:\/\/www.public.sn\/wp-content\/uploads\/2023\/05\/083f7a7faf74f977d7eb560cabe055365a910c9f.jpeg","datePublished":"2023-05-07T23:47:08+00:00","breadcrumb":{"@id":"https:\/\/www.public.sn\/index.php\/2023\/05\/07\/pointe-des-almadies-un-conducteur-emeche-ravage-tout-sur-son-passage\/#breadcrumb"},"inLanguage":"fr-FR","potentialAction":[{"@type":"ReadAction","target":["https:\/\/www.public.sn\/index.php\/2023\/05\/07\/pointe-des-almadies-un-conducteur-emeche-ravage-tout-sur-son-passage\/"]}]},{"@type":"ImageObject","inLanguage":"fr-FR","@id":"https:\/\/www.public.sn\/index.php\/2023\/05\/07\/pointe-des-almadies-un-conducteur-emeche-ravage-tout-sur-son-passage\/#primaryimage","url":"https:\/\/www.public.sn\/wp-content\/uploads\/2023\/05\/083f7a7faf74f977d7eb560cabe055365a910c9f.jpeg","contentUrl":"https:\/\/www.public.sn\/wp-content\/uploads\/2023\/05\/083f7a7faf74f977d7eb560cabe055365a910c9f.jpeg","width":612,"height":298},{"@type":"BreadcrumbList","@id":"https:\/\/www.public.sn\/index.php\/2023\/05\/07\/pointe-des-almadies-un-conducteur-emeche-ravage-tout-sur-son-passage\/#breadcrumb","itemListElement":[{"@type":"ListItem","position":1,"name":"Accueil","item":"https:\/\/www.public.sn\/"},{"@type":"ListItem","position":2,"name":"Pointe des Almadies : un conducteur \u00e9m\u00e9ch\u00e9 ravage tout sur son passage"}]},{"@type":"WebSite","@id":"https:\/\/www.public.sn\/#website","url":"https:\/\/www.public.sn\/","name":"LE PUBLIC","description":"","publisher":{"@id":"https:\/\/www.public.sn\/#organization"},"potentialAction":[{"@type":"SearchAction","target":{"@type":"EntryPoint","urlTemplate":"https:\/\/www.public.sn\/?s={search_term_string}"},"query-input":{"@type":"PropertyValueSpecification","valueRequired":true,"valueName":"search_term_string"}}],"inLanguage":"fr-FR"},{"@type":"Organization","@id":"https:\/\/www.public.sn\/#organization","name":"LE PUBLIC","url":"https:\/\/www.public.sn\/","logo":{"@type":"ImageObject","inLanguage":"fr-FR","@id":"https:\/\/www.public.sn\/#\/schema\/logo\/image\/","url":"https:\/\/www.public.sn\/wp-content\/uploads\/2024\/05\/cropped-LOGO-PUBLIC.SN_.png","contentUrl":"https:\/\/www.public.sn\/wp-content\/uploads\/2024\/05\/cropped-LOGO-PUBLIC.SN_.png","width":682,"height":192,"caption":"LE PUBLIC"},"image":{"@id":"https:\/\/www.public.sn\/#\/schema\/logo\/image\/"}},{"@type":"Person","@id":"https:\/\/www.public.sn\/#\/schema\/person\/cb76c8e1b8becc6be61fb5e92d6d0224","name":"LA REDACTION","image":{"@type":"ImageObject","inLanguage":"fr-FR","@id":"https:\/\/www.public.sn\/#\/schema\/person\/image\/","url":"https:\/\/secure.gravatar.com\/avatar\/2dce5ddd34b8fef0180efe03aa2a9bee7d953856048f9a16b298190a3178407c?s=96&d=mm&r=g","contentUrl":"https:\/\/secure.gravatar.com\/avatar\/2dce5ddd34b8fef0180efe03aa2a9bee7d953856048f9a16b298190a3178407c?s=96&d=mm&r=g","caption":"LA REDACTION"},"url":"https:\/\/www.public.sn\/index.php\/author\/editeurpsn\/"}]}},"jetpack_featured_media_url":"https:\/\/www.public.sn\/wp-content\/uploads\/2023\/05\/083f7a7faf74f977d7eb560cabe055365a910c9f.jpeg","jetpack_sharing_enabled":true,"_links":{"self":[{"href":"https:\/\/www.public.sn\/index.php\/wp-json\/wp\/v2\/posts\/21243","targetHints":{"allow":["GET"]}}],"collection":[{"href":"https:\/\/www.public.sn\/index.php\/wp-json\/wp\/v2\/posts"}],"about":[{"href":"https:\/\/www.public.sn\/index.php\/wp-json\/wp\/v2\/types\/post"}],"author":[{"embeddable":true,"href":"https:\/\/www.public.sn\/index.php\/wp-json\/wp\/v2\/users\/7"}],"replies":[{"embeddable":true,"href":"https:\/\/www.public.sn\/index.php\/wp-json\/wp\/v2\/comments?post=21243"}],"version-history":[{"count":1,"href":"https:\/\/www.public.sn\/index.php\/wp-json\/wp\/v2\/posts\/21243\/revisions"}],"predecessor-version":[{"id":21245,"href":"https:\/\/www.public.sn\/index.php\/wp-json\/wp\/v2\/posts\/21243\/revisions\/21245"}],"wp:featuredmedia":[{"embeddable":true,"href":"https:\/\/www.public.sn\/index.php\/wp-json\/wp\/v2\/media\/21244"}],"wp:attachment":[{"href":"https:\/\/www.public.sn\/index.php\/wp-json\/wp\/v2\/media?parent=21243"}],"wp:term":[{"taxonomy":"category","embeddable":true,"href":"https:\/\/www.public.sn\/index.php\/wp-json\/wp\/v2\/categories?post=21243"},{"taxonomy":"post_tag","embeddable":true,"href":"https:\/\/www.public.sn\/index.php\/wp-json\/wp\/v2\/tags?post=21243"}],"curies":[{"name":"wp","href":"https:\/\/api.w.org\/{rel}","templated":true}]}}