{"id":21287,"date":"2023-05-08T07:12:08","date_gmt":"2023-05-08T07:12:08","guid":{"rendered":"https:\/\/www.public.sn\/?p=21287"},"modified":"2023-05-08T06:04:51","modified_gmt":"2023-05-08T06:04:51","slug":"ousmane-sonko-je-ne-repondrai-plus-a-une-justice-et-un-etat-injustes","status":"publish","type":"post","link":"https:\/\/www.public.sn\/index.php\/2023\/05\/08\/ousmane-sonko-je-ne-repondrai-plus-a-une-justice-et-un-etat-injustes\/","title":{"rendered":"Ousmane Sonko : \u00ab Je ne r\u00e9pondrai plus \u00e0 une Justice et un Etat injustes \u00bb"},"content":{"rendered":"<p><strong>Apr\u00e8s avoir brav\u00e9 l\u2019interdiction de sortie du territoire national en passant par la Gambie, le leader de Pastef a annonc\u00e9 ce soir qu\u2019il n\u2019ira plus r\u00e9pondre aux convocations de la Justice s\u00e9n\u00e9galaise.<\/strong><\/p><div class=\"publi-paragraphe1\" style=\"margin-top: 10px;margin-bottom: 10px;margin-left: auto;margin-right: auto;text-align: center;\" id=\"publi-3315899163\"><div class=\"publi-adlabel\">Publicit\u00e9<\/div><script async src=\"\/\/pagead2.googlesyndication.com\/pagead\/js\/adsbygoogle.js?client=ca-pub-4089586018074219\" crossorigin=\"anonymous\"><\/script><ins class=\"adsbygoogle\" style=\"display:block;\" data-ad-client=\"ca-pub-4089586018074219\" \ndata-ad-slot=\"2087940154\" \ndata-ad-format=\"auto\"><\/ins>\n<script> \n(adsbygoogle = window.adsbygoogle || []).push({}); \n<\/script>\n<\/div>\n<p>Le leader de Pastef faisait une d\u00e9claration de presse ce dimanche soir, veille du proc\u00e8s en appel pour diffamation contre le ministre Mame Mbaye Niang.<\/p>\n<p>C\u2019est dans une allocution ce dimanche soir que Ousmane Sonko s\u2019est exprim\u00e9 en direct sur ses comptes dans les r\u00e9seaux sociaux pour mobiliser \u00ab ses troupes \u00bb \u00e0 respecter la campagne de d\u00e9sob\u00e9issance civique et d\u2019informer alors qu\u2019il n\u2019ira pas r\u00e9pondre au proc\u00e8s en appel suite au premier jugement pour diffamation contre le ministre du Tourisme Mame Mbaye Niang.<\/p>\n<p><strong>Bon \u00e0 savoir :<\/strong> La d\u00e9sob\u00e9issance civique est une forme de protestation non-violente dans laquelle les citoyens refusent d\u00e9lib\u00e9r\u00e9ment de suivre une loi ou un ordre qu\u2019ils consid\u00e8rent injuste ou immoral. Cela peut prendre la forme de la violation de r\u00e8gles de conduite, de l\u2019occupation pacifique de lieux publics, de la gr\u00e8ve ou d\u2019autres formes de r\u00e9sistance civile.<\/p>\n<div class=\"publi-apres-le-contenu\" style=\"margin-top: 10px;margin-bottom: 10px;margin-left: auto;margin-right: auto;text-align: center;\" id=\"publi-3356001610\"><div class=\"publi-adlabel\">Publicit\u00e9<\/div><script async src=\"\/\/pagead2.googlesyndication.com\/pagead\/js\/adsbygoogle.js?client=ca-pub-4089586018074219\" crossorigin=\"anonymous\"><\/script><ins class=\"adsbygoogle\" style=\"display:block;\" data-ad-client=\"ca-pub-4089586018074219\" \ndata-ad-slot=\"2087940154\" \ndata-ad-format=\"auto\"><\/ins>\n<script> \n(adsbygoogle = window.adsbygoogle || []).push({}); \n<\/script>\n<\/div>","protected":false},"excerpt":{"rendered":"<p>Apr\u00e8s avoir brav\u00e9 l\u2019interdiction de sortie du territoire national en passant par la Gambie, le leader de Pastef a annonc\u00e9 ce soir qu\u2019il n\u2019ira plus r\u00e9pondre aux convocations de la Justice s\u00e9n\u00e9galaise. Le leader de Pastef faisait une d\u00e9claration de presse ce dimanche soir, veille du proc\u00e8s en appel pour diffamation contre le ministre Mame Mbaye Niang. C\u2019est dans une allocution ce dimanche soir que Ousmane Sonko s\u2019est exprim\u00e9 en direct sur ses comptes dans les r\u00e9seaux sociaux pour mobiliser \u00ab ses troupes \u00bb \u00e0 respecter la campagne de d\u00e9sob\u00e9issance civique et d\u2019informer alors qu\u2019il n\u2019ira pas r\u00e9pondre au proc\u00e8s en appel suite au premier jugement pour diffamation contre le ministre du Tourisme Mame Mbaye Niang. Bon \u00e0 savoir : La d\u00e9sob\u00e9issance civique est une forme de protestation non-violente dans laquelle les citoyens refusent d\u00e9lib\u00e9r\u00e9ment de suivre une loi ou un ordre qu\u2019ils consid\u00e8rent injuste ou immoral. Cela peut prendre la forme de la violation de r\u00e8gles de conduite, de l\u2019occupation pacifique de lieux publics, de la gr\u00e8ve ou d\u2019autres formes de r\u00e9sistance civile.<\/p>\n","protected":false},"author":1,"featured_media":17997,"comment_status":"open","ping_status":"open","sticky":false,"template":"","format":"standard","meta":{"_jetpack_memberships_contains_paid_content":false,"footnotes":""},"categories":[375,3,376,1,372],"tags":[293,306],"class_list":["post-21287","post","type-post","status-publish","format-standard","has-post-thumbnail","hentry","category-actualites","category-politique","category-securite-justice","category-non-classe","category-vedette","tag-mame-mbaye-niang","tag-sonko","entry","has-media","owp-thumbs-layout-horizontal","owp-btn-normal","owp-tabs-layout-horizontal","has-no-thumbnails","has-product-nav"],"yoast_head":"<!-- This site is optimized with the Yoast SEO plugin v25.5 - https:\/\/yoast.com\/wordpress\/plugins\/seo\/ -->\n<title>Ousmane Sonko : \u00ab Je ne r\u00e9pondrai plus \u00e0 une Justice et un Etat injustes \u00bb - LE PUBLIC<\/title>\n<meta name=\"description\" content=\"Apr\u00e8s avoir brav\u00e9 l\u2019interdiction de sortie du territoire national en passant par la Gambie, le leader de Pastef a annonc\u00e9 ce soir qu\u2019il n\u2019ira plus r\u00e9pondre aux convocations de la Justice s\u00e9n\u00e9galaise.\" \/>\n<meta name=\"robots\" content=\"index, follow, max-snippet:-1, max-image-preview:large, max-video-preview:-1\" \/>\n<link rel=\"canonical\" href=\"https:\/\/www.public.sn\/index.php\/2023\/05\/08\/ousmane-sonko-je-ne-repondrai-plus-a-une-justice-et-un-etat-injustes\/\" \/>\n<meta property=\"og:locale\" content=\"fr_FR\" \/>\n<meta property=\"og:type\" content=\"article\" \/>\n<meta property=\"og:title\" content=\"Ousmane Sonko : \u00ab Je ne r\u00e9pondrai plus \u00e0 une Justice et un Etat injustes \u00bb - LE PUBLIC\" \/>\n<meta property=\"og:description\" content=\"Apr\u00e8s avoir brav\u00e9 l\u2019interdiction de sortie du territoire national en passant par la Gambie, le leader de Pastef a annonc\u00e9 ce soir qu\u2019il n\u2019ira plus r\u00e9pondre aux convocations de la Justice s\u00e9n\u00e9galaise.\" \/>\n<meta property=\"og:url\" content=\"https:\/\/www.public.sn\/index.php\/2023\/05\/08\/ousmane-sonko-je-ne-repondrai-plus-a-une-justice-et-un-etat-injustes\/\" \/>\n<meta property=\"og:site_name\" content=\"LE PUBLIC\" \/>\n<meta property=\"article:published_time\" content=\"2023-05-08T07:12:08+00:00\" \/>\n<meta property=\"og:image\" content=\"https:\/\/www.public.sn\/wp-content\/uploads\/2023\/03\/Ousmane-Sonko-Meeting-Keur-Massar.webp\" \/>\n\t<meta property=\"og:image:width\" content=\"750\" \/>\n\t<meta property=\"og:image:height\" content=\"430\" \/>\n\t<meta property=\"og:image:type\" content=\"image\/webp\" \/>\n<meta name=\"author\" content=\"LA REDACTION\" \/>\n<meta name=\"twitter:card\" content=\"summary_large_image\" \/>\n<meta name=\"twitter:label1\" content=\"\u00c9crit par\" \/>\n\t<meta name=\"twitter:data1\" content=\"LA REDACTION\" \/>\n\t<meta name=\"twitter:label2\" content=\"Dur\u00e9e de lecture estim\u00e9e\" \/>\n\t<meta name=\"twitter:data2\" content=\"1 minute\" \/>\n<script type=\"application\/ld+json\" class=\"yoast-schema-graph\">{\"@context\":\"https:\/\/schema.org\",\"@graph\":[{\"@type\":\"Article\",\"@id\":\"https:\/\/www.public.sn\/index.php\/2023\/05\/08\/ousmane-sonko-je-ne-repondrai-plus-a-une-justice-et-un-etat-injustes\/#article\",\"isPartOf\":{\"@id\":\"https:\/\/www.public.sn\/index.php\/2023\/05\/08\/ousmane-sonko-je-ne-repondrai-plus-a-une-justice-et-un-etat-injustes\/\"},\"author\":{\"name\":\"LA REDACTION\",\"@id\":\"https:\/\/www.public.sn\/#\/schema\/person\/e3f4a11b037d4203902db148f9bc8d5a\"},\"headline\":\"Ousmane Sonko : \u00ab Je ne r\u00e9pondrai plus \u00e0 une Justice et un Etat injustes \u00bb\",\"datePublished\":\"2023-05-08T07:12:08+00:00\",\"mainEntityOfPage\":{\"@id\":\"https:\/\/www.public.sn\/index.php\/2023\/05\/08\/ousmane-sonko-je-ne-repondrai-plus-a-une-justice-et-un-etat-injustes\/\"},\"wordCount\":213,\"commentCount\":0,\"publisher\":{\"@id\":\"https:\/\/www.public.sn\/#organization\"},\"image\":{\"@id\":\"https:\/\/www.public.sn\/index.php\/2023\/05\/08\/ousmane-sonko-je-ne-repondrai-plus-a-une-justice-et-un-etat-injustes\/#primaryimage\"},\"thumbnailUrl\":\"https:\/\/www.public.sn\/wp-content\/uploads\/2023\/03\/Ousmane-Sonko-Meeting-Keur-Massar.webp\",\"keywords\":[\"Mame Mbaye Niang\",\"sonko\"],\"articleSection\":[\"ACTUALIT\u00c9S\",\"POLITIQUE\",\"S\u00c9CURIT\u00c9 &amp; JUSTICE\",\"S\u00c9N\u00c9GAL\",\"VEDETTE\"],\"inLanguage\":\"fr-FR\",\"potentialAction\":[{\"@type\":\"CommentAction\",\"name\":\"Comment\",\"target\":[\"https:\/\/www.public.sn\/index.php\/2023\/05\/08\/ousmane-sonko-je-ne-repondrai-plus-a-une-justice-et-un-etat-injustes\/#respond\"]}]},{\"@type\":\"WebPage\",\"@id\":\"https:\/\/www.public.sn\/index.php\/2023\/05\/08\/ousmane-sonko-je-ne-repondrai-plus-a-une-justice-et-un-etat-injustes\/\",\"url\":\"https:\/\/www.public.sn\/index.php\/2023\/05\/08\/ousmane-sonko-je-ne-repondrai-plus-a-une-justice-et-un-etat-injustes\/\",\"name\":\"Ousmane Sonko : \u00ab Je ne r\u00e9pondrai plus \u00e0 une Justice et un Etat injustes \u00bb - LE PUBLIC\",\"isPartOf\":{\"@id\":\"https:\/\/www.public.sn\/#website\"},\"primaryImageOfPage\":{\"@id\":\"https:\/\/www.public.sn\/index.php\/2023\/05\/08\/ousmane-sonko-je-ne-repondrai-plus-a-une-justice-et-un-etat-injustes\/#primaryimage\"},\"image\":{\"@id\":\"https:\/\/www.public.sn\/index.php\/2023\/05\/08\/ousmane-sonko-je-ne-repondrai-plus-a-une-justice-et-un-etat-injustes\/#primaryimage\"},\"thumbnailUrl\":\"https:\/\/www.public.sn\/wp-content\/uploads\/2023\/03\/Ousmane-Sonko-Meeting-Keur-Massar.webp\",\"datePublished\":\"2023-05-08T07:12:08+00:00\",\"description\":\"Apr\u00e8s avoir brav\u00e9 l\u2019interdiction de sortie du territoire national en passant par la Gambie, le leader de Pastef a annonc\u00e9 ce soir qu\u2019il n\u2019ira plus r\u00e9pondre aux convocations de la Justice s\u00e9n\u00e9galaise.\",\"breadcrumb\":{\"@id\":\"https:\/\/www.public.sn\/index.php\/2023\/05\/08\/ousmane-sonko-je-ne-repondrai-plus-a-une-justice-et-un-etat-injustes\/#breadcrumb\"},\"inLanguage\":\"fr-FR\",\"potentialAction\":[{\"@type\":\"ReadAction\",\"target\":[\"https:\/\/www.public.sn\/index.php\/2023\/05\/08\/ousmane-sonko-je-ne-repondrai-plus-a-une-justice-et-un-etat-injustes\/\"]}]},{\"@type\":\"ImageObject\",\"inLanguage\":\"fr-FR\",\"@id\":\"https:\/\/www.public.sn\/index.php\/2023\/05\/08\/ousmane-sonko-je-ne-repondrai-plus-a-une-justice-et-un-etat-injustes\/#primaryimage\",\"url\":\"https:\/\/www.public.sn\/wp-content\/uploads\/2023\/03\/Ousmane-Sonko-Meeting-Keur-Massar.webp\",\"contentUrl\":\"https:\/\/www.public.sn\/wp-content\/uploads\/2023\/03\/Ousmane-Sonko-Meeting-Keur-Massar.webp\",\"width\":750,\"height\":430},{\"@type\":\"BreadcrumbList\",\"@id\":\"https:\/\/www.public.sn\/index.php\/2023\/05\/08\/ousmane-sonko-je-ne-repondrai-plus-a-une-justice-et-un-etat-injustes\/#breadcrumb\",\"itemListElement\":[{\"@type\":\"ListItem\",\"position\":1,\"name\":\"Accueil\",\"item\":\"https:\/\/www.public.sn\/\"},{\"@type\":\"ListItem\",\"position\":2,\"name\":\"Ousmane Sonko : \u00ab Je ne r\u00e9pondrai plus \u00e0 une Justice et un Etat injustes \u00bb\"}]},{\"@type\":\"WebSite\",\"@id\":\"https:\/\/www.public.sn\/#website\",\"url\":\"https:\/\/www.public.sn\/\",\"name\":\"LE PUBLIC\",\"description\":\"\",\"publisher\":{\"@id\":\"https:\/\/www.public.sn\/#organization\"},\"potentialAction\":[{\"@type\":\"SearchAction\",\"target\":{\"@type\":\"EntryPoint\",\"urlTemplate\":\"https:\/\/www.public.sn\/?s={search_term_string}\"},\"query-input\":{\"@type\":\"PropertyValueSpecification\",\"valueRequired\":true,\"valueName\":\"search_term_string\"}}],\"inLanguage\":\"fr-FR\"},{\"@type\":\"Organization\",\"@id\":\"https:\/\/www.public.sn\/#organization\",\"name\":\"LE PUBLIC\",\"url\":\"https:\/\/www.public.sn\/\",\"logo\":{\"@type\":\"ImageObject\",\"inLanguage\":\"fr-FR\",\"@id\":\"https:\/\/www.public.sn\/#\/schema\/logo\/image\/\",\"url\":\"https:\/\/www.public.sn\/wp-content\/uploads\/2024\/05\/cropped-LOGO-PUBLIC.SN_.png\",\"contentUrl\":\"https:\/\/www.public.sn\/wp-content\/uploads\/2024\/05\/cropped-LOGO-PUBLIC.SN_.png\",\"width\":682,\"height\":192,\"caption\":\"LE PUBLIC\"},\"image\":{\"@id\":\"https:\/\/www.public.sn\/#\/schema\/logo\/image\/\"}},{\"@type\":\"Person\",\"@id\":\"https:\/\/www.public.sn\/#\/schema\/person\/e3f4a11b037d4203902db148f9bc8d5a\",\"name\":\"LA REDACTION\",\"image\":{\"@type\":\"ImageObject\",\"inLanguage\":\"fr-FR\",\"@id\":\"https:\/\/www.public.sn\/#\/schema\/person\/image\/\",\"url\":\"https:\/\/secure.gravatar.com\/avatar\/d6c030db45db2883c075085c5d6c6258654a801a93766b49af0b82d4f454e2a5?s=96&d=mm&r=g\",\"contentUrl\":\"https:\/\/secure.gravatar.com\/avatar\/d6c030db45db2883c075085c5d6c6258654a801a93766b49af0b82d4f454e2a5?s=96&d=mm&r=g\",\"caption\":\"LA REDACTION\"},\"sameAs\":[\"http:\/\/www.public.sn\"],\"url\":\"https:\/\/www.public.sn\/index.php\/author\/admin7324\/\"}]}<\/script>\n<!-- \/ Yoast SEO plugin. -->","yoast_head_json":{"title":"Ousmane Sonko : \u00ab Je ne r\u00e9pondrai plus \u00e0 une Justice et un Etat injustes \u00bb - LE PUBLIC","description":"Apr\u00e8s avoir brav\u00e9 l\u2019interdiction de sortie du territoire national en passant par la Gambie, le leader de Pastef a annonc\u00e9 ce soir qu\u2019il n\u2019ira plus r\u00e9pondre aux convocations de la Justice s\u00e9n\u00e9galaise.","robots":{"index":"index","follow":"follow","max-snippet":"max-snippet:-1","max-image-preview":"max-image-preview:large","max-video-preview":"max-video-preview:-1"},"canonical":"https:\/\/www.public.sn\/index.php\/2023\/05\/08\/ousmane-sonko-je-ne-repondrai-plus-a-une-justice-et-un-etat-injustes\/","og_locale":"fr_FR","og_type":"article","og_title":"Ousmane Sonko : \u00ab Je ne r\u00e9pondrai plus \u00e0 une Justice et un Etat injustes \u00bb - LE PUBLIC","og_description":"Apr\u00e8s avoir brav\u00e9 l\u2019interdiction de sortie du territoire national en passant par la Gambie, le leader de Pastef a annonc\u00e9 ce soir qu\u2019il n\u2019ira plus r\u00e9pondre aux convocations de la Justice s\u00e9n\u00e9galaise.","og_url":"https:\/\/www.public.sn\/index.php\/2023\/05\/08\/ousmane-sonko-je-ne-repondrai-plus-a-une-justice-et-un-etat-injustes\/","og_site_name":"LE PUBLIC","article_published_time":"2023-05-08T07:12:08+00:00","og_image":[{"width":750,"height":430,"url":"https:\/\/www.public.sn\/wp-content\/uploads\/2023\/03\/Ousmane-Sonko-Meeting-Keur-Massar.webp","type":"image\/webp"}],"author":"LA REDACTION","twitter_card":"summary_large_image","twitter_misc":{"\u00c9crit par":"LA REDACTION","Dur\u00e9e de lecture estim\u00e9e":"1 minute"},"schema":{"@context":"https:\/\/schema.org","@graph":[{"@type":"Article","@id":"https:\/\/www.public.sn\/index.php\/2023\/05\/08\/ousmane-sonko-je-ne-repondrai-plus-a-une-justice-et-un-etat-injustes\/#article","isPartOf":{"@id":"https:\/\/www.public.sn\/index.php\/2023\/05\/08\/ousmane-sonko-je-ne-repondrai-plus-a-une-justice-et-un-etat-injustes\/"},"author":{"name":"LA REDACTION","@id":"https:\/\/www.public.sn\/#\/schema\/person\/e3f4a11b037d4203902db148f9bc8d5a"},"headline":"Ousmane Sonko : \u00ab Je ne r\u00e9pondrai plus \u00e0 une Justice et un Etat injustes \u00bb","datePublished":"2023-05-08T07:12:08+00:00","mainEntityOfPage":{"@id":"https:\/\/www.public.sn\/index.php\/2023\/05\/08\/ousmane-sonko-je-ne-repondrai-plus-a-une-justice-et-un-etat-injustes\/"},"wordCount":213,"commentCount":0,"publisher":{"@id":"https:\/\/www.public.sn\/#organization"},"image":{"@id":"https:\/\/www.public.sn\/index.php\/2023\/05\/08\/ousmane-sonko-je-ne-repondrai-plus-a-une-justice-et-un-etat-injustes\/#primaryimage"},"thumbnailUrl":"https:\/\/www.public.sn\/wp-content\/uploads\/2023\/03\/Ousmane-Sonko-Meeting-Keur-Massar.webp","keywords":["Mame Mbaye Niang","sonko"],"articleSection":["ACTUALIT\u00c9S","POLITIQUE","S\u00c9CURIT\u00c9 &amp; JUSTICE","S\u00c9N\u00c9GAL","VEDETTE"],"inLanguage":"fr-FR","potentialAction":[{"@type":"CommentAction","name":"Comment","target":["https:\/\/www.public.sn\/index.php\/2023\/05\/08\/ousmane-sonko-je-ne-repondrai-plus-a-une-justice-et-un-etat-injustes\/#respond"]}]},{"@type":"WebPage","@id":"https:\/\/www.public.sn\/index.php\/2023\/05\/08\/ousmane-sonko-je-ne-repondrai-plus-a-une-justice-et-un-etat-injustes\/","url":"https:\/\/www.public.sn\/index.php\/2023\/05\/08\/ousmane-sonko-je-ne-repondrai-plus-a-une-justice-et-un-etat-injustes\/","name":"Ousmane Sonko : \u00ab Je ne r\u00e9pondrai plus \u00e0 une Justice et un Etat injustes \u00bb - LE PUBLIC","isPartOf":{"@id":"https:\/\/www.public.sn\/#website"},"primaryImageOfPage":{"@id":"https:\/\/www.public.sn\/index.php\/2023\/05\/08\/ousmane-sonko-je-ne-repondrai-plus-a-une-justice-et-un-etat-injustes\/#primaryimage"},"image":{"@id":"https:\/\/www.public.sn\/index.php\/2023\/05\/08\/ousmane-sonko-je-ne-repondrai-plus-a-une-justice-et-un-etat-injustes\/#primaryimage"},"thumbnailUrl":"https:\/\/www.public.sn\/wp-content\/uploads\/2023\/03\/Ousmane-Sonko-Meeting-Keur-Massar.webp","datePublished":"2023-05-08T07:12:08+00:00","description":"Apr\u00e8s avoir brav\u00e9 l\u2019interdiction de sortie du territoire national en passant par la Gambie, le leader de Pastef a annonc\u00e9 ce soir qu\u2019il n\u2019ira plus r\u00e9pondre aux convocations de la Justice s\u00e9n\u00e9galaise.","breadcrumb":{"@id":"https:\/\/www.public.sn\/index.php\/2023\/05\/08\/ousmane-sonko-je-ne-repondrai-plus-a-une-justice-et-un-etat-injustes\/#breadcrumb"},"inLanguage":"fr-FR","potentialAction":[{"@type":"ReadAction","target":["https:\/\/www.public.sn\/index.php\/2023\/05\/08\/ousmane-sonko-je-ne-repondrai-plus-a-une-justice-et-un-etat-injustes\/"]}]},{"@type":"ImageObject","inLanguage":"fr-FR","@id":"https:\/\/www.public.sn\/index.php\/2023\/05\/08\/ousmane-sonko-je-ne-repondrai-plus-a-une-justice-et-un-etat-injustes\/#primaryimage","url":"https:\/\/www.public.sn\/wp-content\/uploads\/2023\/03\/Ousmane-Sonko-Meeting-Keur-Massar.webp","contentUrl":"https:\/\/www.public.sn\/wp-content\/uploads\/2023\/03\/Ousmane-Sonko-Meeting-Keur-Massar.webp","width":750,"height":430},{"@type":"BreadcrumbList","@id":"https:\/\/www.public.sn\/index.php\/2023\/05\/08\/ousmane-sonko-je-ne-repondrai-plus-a-une-justice-et-un-etat-injustes\/#breadcrumb","itemListElement":[{"@type":"ListItem","position":1,"name":"Accueil","item":"https:\/\/www.public.sn\/"},{"@type":"ListItem","position":2,"name":"Ousmane Sonko : \u00ab Je ne r\u00e9pondrai plus \u00e0 une Justice et un Etat injustes \u00bb"}]},{"@type":"WebSite","@id":"https:\/\/www.public.sn\/#website","url":"https:\/\/www.public.sn\/","name":"LE PUBLIC","description":"","publisher":{"@id":"https:\/\/www.public.sn\/#organization"},"potentialAction":[{"@type":"SearchAction","target":{"@type":"EntryPoint","urlTemplate":"https:\/\/www.public.sn\/?s={search_term_string}"},"query-input":{"@type":"PropertyValueSpecification","valueRequired":true,"valueName":"search_term_string"}}],"inLanguage":"fr-FR"},{"@type":"Organization","@id":"https:\/\/www.public.sn\/#organization","name":"LE PUBLIC","url":"https:\/\/www.public.sn\/","logo":{"@type":"ImageObject","inLanguage":"fr-FR","@id":"https:\/\/www.public.sn\/#\/schema\/logo\/image\/","url":"https:\/\/www.public.sn\/wp-content\/uploads\/2024\/05\/cropped-LOGO-PUBLIC.SN_.png","contentUrl":"https:\/\/www.public.sn\/wp-content\/uploads\/2024\/05\/cropped-LOGO-PUBLIC.SN_.png","width":682,"height":192,"caption":"LE PUBLIC"},"image":{"@id":"https:\/\/www.public.sn\/#\/schema\/logo\/image\/"}},{"@type":"Person","@id":"https:\/\/www.public.sn\/#\/schema\/person\/e3f4a11b037d4203902db148f9bc8d5a","name":"LA REDACTION","image":{"@type":"ImageObject","inLanguage":"fr-FR","@id":"https:\/\/www.public.sn\/#\/schema\/person\/image\/","url":"https:\/\/secure.gravatar.com\/avatar\/d6c030db45db2883c075085c5d6c6258654a801a93766b49af0b82d4f454e2a5?s=96&d=mm&r=g","contentUrl":"https:\/\/secure.gravatar.com\/avatar\/d6c030db45db2883c075085c5d6c6258654a801a93766b49af0b82d4f454e2a5?s=96&d=mm&r=g","caption":"LA REDACTION"},"sameAs":["http:\/\/www.public.sn"],"url":"https:\/\/www.public.sn\/index.php\/author\/admin7324\/"}]}},"jetpack_featured_media_url":"https:\/\/www.public.sn\/wp-content\/uploads\/2023\/03\/Ousmane-Sonko-Meeting-Keur-Massar.webp","jetpack_sharing_enabled":true,"_links":{"self":[{"href":"https:\/\/www.public.sn\/index.php\/wp-json\/wp\/v2\/posts\/21287","targetHints":{"allow":["GET"]}}],"collection":[{"href":"https:\/\/www.public.sn\/index.php\/wp-json\/wp\/v2\/posts"}],"about":[{"href":"https:\/\/www.public.sn\/index.php\/wp-json\/wp\/v2\/types\/post"}],"author":[{"embeddable":true,"href":"https:\/\/www.public.sn\/index.php\/wp-json\/wp\/v2\/users\/1"}],"replies":[{"embeddable":true,"href":"https:\/\/www.public.sn\/index.php\/wp-json\/wp\/v2\/comments?post=21287"}],"version-history":[{"count":1,"href":"https:\/\/www.public.sn\/index.php\/wp-json\/wp\/v2\/posts\/21287\/revisions"}],"predecessor-version":[{"id":21288,"href":"https:\/\/www.public.sn\/index.php\/wp-json\/wp\/v2\/posts\/21287\/revisions\/21288"}],"wp:featuredmedia":[{"embeddable":true,"href":"https:\/\/www.public.sn\/index.php\/wp-json\/wp\/v2\/media\/17997"}],"wp:attachment":[{"href":"https:\/\/www.public.sn\/index.php\/wp-json\/wp\/v2\/media?parent=21287"}],"wp:term":[{"taxonomy":"category","embeddable":true,"href":"https:\/\/www.public.sn\/index.php\/wp-json\/wp\/v2\/categories?post=21287"},{"taxonomy":"post_tag","embeddable":true,"href":"https:\/\/www.public.sn\/index.php\/wp-json\/wp\/v2\/tags?post=21287"}],"curies":[{"name":"wp","href":"https:\/\/api.w.org\/{rel}","templated":true}]}}