{"id":2133,"date":"2022-09-17T19:22:55","date_gmt":"2022-09-17T19:22:55","guid":{"rendered":"https:\/\/www.public.sn\/?p=2133"},"modified":"2022-09-17T19:24:02","modified_gmt":"2022-09-17T19:24:02","slug":"remaniement-macky-sall-gardera-t-il-les-poids-lourds-de-son-ancienne-equipe-ou-fera-t-il-changer-a-certains-de-portefeuilles","status":"publish","type":"post","link":"https:\/\/www.public.sn\/index.php\/2022\/09\/17\/remaniement-macky-sall-gardera-t-il-les-poids-lourds-de-son-ancienne-equipe-ou-fera-t-il-changer-a-certains-de-portefeuilles\/","title":{"rendered":"Remaniement: Macky Sall gardera t-il les poids lourds de son ancienne \u00e9quipe ou fera t-il changer \u00e0 certains de portefeuilles ?"},"content":{"rendered":"\n<p class=\"has-text-align-left\"><strong>\u00ab\u00a0Un Gouvernement d&rsquo;attaque, de combat et de veille\u00a0\u00bb, dixit le tout nouveau premier ministre Amadou Ba.<\/strong><\/p><div class=\"publi-paragraphe1\" style=\"margin-top: 10px;margin-bottom: 10px;margin-left: auto;margin-right: auto;text-align: center;\" id=\"publi-1447226158\"><div class=\"publi-adlabel\">Publicit\u00e9<\/div><script async src=\"\/\/pagead2.googlesyndication.com\/pagead\/js\/adsbygoogle.js?client=ca-pub-4089586018074219\" crossorigin=\"anonymous\"><\/script><ins class=\"adsbygoogle\" style=\"display:block;\" data-ad-client=\"ca-pub-4089586018074219\" \ndata-ad-slot=\"2087940154\" \ndata-ad-format=\"auto\"><\/ins>\n<script> \n(adsbygoogle = window.adsbygoogle || []).push({}); \n<\/script>\n<\/div>\n\n\n\n<p>Attendu depuis plusieurs semaines voire mois, ce gouvernement aura pour t\u00e2che principale d\u2019acc\u00e9l\u00e9rer la mise en \u0153uvre du Plan S\u00e9n\u00e9gal \u00e9mergent (PSE) avec une tribune de priorit\u00e9s, d&rsquo;urgences telles que la flamb\u00e9e des prix, les inondations, la formation professionnelle, le ch\u00f4mage&#8230;<\/p>\n\n\n\n<p>L\u2019attente a \u00e9t\u00e9 longue. Depuis l&rsquo;installation du bureau de l&rsquo;Assembl\u00e9e Nationale, lundi dernier, le S\u00e9n\u00e9gal attendait la composition d&rsquo;un nouveau gouvernement. Ce jour-l\u00e0, un ministre-conseiller du chf de l\u2019Etat, un ministre \u00e9lu d\u00e9put\u00e9, l\u2019affirmait avec assurance : <em>\u00ab\u00a0le Premier ministre serait connu d\u00e8s le week-end, et la composition du gouvernement dans la foul\u00e9e\u00a0\u00bb.<\/em><\/p>\n\n\n\n<p>Dans son nouveau gouvernement, Macky Sall gardera t-il les poids lourds de son ancienne \u00e9quipe ou fera t-il changer \u00e0 certains de portefeuilles minist\u00e9riels ?<\/p>\n<div class=\"publi-apres-le-contenu\" style=\"margin-top: 10px;margin-bottom: 10px;margin-left: auto;margin-right: auto;text-align: center;\" id=\"publi-631303113\"><div class=\"publi-adlabel\">Publicit\u00e9<\/div><script async src=\"\/\/pagead2.googlesyndication.com\/pagead\/js\/adsbygoogle.js?client=ca-pub-4089586018074219\" crossorigin=\"anonymous\"><\/script><ins class=\"adsbygoogle\" style=\"display:block;\" data-ad-client=\"ca-pub-4089586018074219\" \ndata-ad-slot=\"2087940154\" \ndata-ad-format=\"auto\"><\/ins>\n<script> \n(adsbygoogle = window.adsbygoogle || []).push({}); \n<\/script>\n<\/div>","protected":false},"excerpt":{"rendered":"<p>\u00ab\u00a0Un Gouvernement d&rsquo;attaque, de combat et de veille\u00a0\u00bb, dixit le tout nouveau premier ministre Amadou Ba. Attendu depuis plusieurs semaines voire mois, ce gouvernement aura pour t\u00e2che principale d\u2019acc\u00e9l\u00e9rer la mise en \u0153uvre du Plan S\u00e9n\u00e9gal \u00e9mergent (PSE) avec une tribune de priorit\u00e9s, d&rsquo;urgences telles que la flamb\u00e9e des prix, les inondations, la formation professionnelle, le ch\u00f4mage&#8230; L\u2019attente a \u00e9t\u00e9 longue. Depuis l&rsquo;installation du bureau de l&rsquo;Assembl\u00e9e Nationale, lundi dernier, le S\u00e9n\u00e9gal attendait la composition d&rsquo;un nouveau gouvernement. Ce jour-l\u00e0, un ministre-conseiller du chf de l\u2019Etat, un ministre \u00e9lu d\u00e9put\u00e9, l\u2019affirmait avec assurance : \u00ab\u00a0le Premier ministre serait connu d\u00e8s le week-end, et la composition du gouvernement dans la foul\u00e9e\u00a0\u00bb. Dans son nouveau gouvernement, Macky Sall gardera t-il les poids lourds de son ancienne \u00e9quipe ou fera t-il changer \u00e0 certains de portefeuilles minist\u00e9riels ?<\/p>\n","protected":false},"author":1,"featured_media":2135,"comment_status":"open","ping_status":"open","sticky":false,"template":"","format":"standard","meta":{"_jetpack_memberships_contains_paid_content":false,"footnotes":""},"categories":[375,3],"tags":[744,754,11,20,799],"class_list":["post-2133","post","type-post","status-publish","format-standard","has-post-thumbnail","hentry","category-actualites","category-politique","tag-amadou-ba","tag-gouvernement","tag-macky-sall","tag-presidentielle-2024","tag-remaniement","entry","has-media","owp-thumbs-layout-horizontal","owp-btn-normal","owp-tabs-layout-horizontal","has-no-thumbnails","has-product-nav"],"yoast_head":"<!-- This site is optimized with the Yoast SEO plugin v25.5 - https:\/\/yoast.com\/wordpress\/plugins\/seo\/ -->\n<title>Remaniement: Macky Sall gardera t-il les poids lourds de son ancienne \u00e9quipe ou fera t-il changer \u00e0 certains de portefeuilles ? - LE PUBLIC<\/title>\n<meta name=\"robots\" content=\"index, follow, max-snippet:-1, max-image-preview:large, max-video-preview:-1\" \/>\n<link rel=\"canonical\" href=\"https:\/\/www.public.sn\/index.php\/2022\/09\/17\/remaniement-macky-sall-gardera-t-il-les-poids-lourds-de-son-ancienne-equipe-ou-fera-t-il-changer-a-certains-de-portefeuilles\/\" \/>\n<meta property=\"og:locale\" content=\"fr_FR\" \/>\n<meta property=\"og:type\" content=\"article\" \/>\n<meta property=\"og:title\" content=\"Remaniement: Macky Sall gardera t-il les poids lourds de son ancienne \u00e9quipe ou fera t-il changer \u00e0 certains de portefeuilles ? - LE PUBLIC\" \/>\n<meta property=\"og:description\" content=\"\u00ab\u00a0Un Gouvernement d&rsquo;attaque, de combat et de veille\u00a0\u00bb, dixit le tout nouveau premier ministre Amadou Ba. Attendu depuis plusieurs semaines voire mois, ce gouvernement aura pour t\u00e2che principale d\u2019acc\u00e9l\u00e9rer la mise en \u0153uvre du Plan S\u00e9n\u00e9gal \u00e9mergent (PSE) avec une tribune de priorit\u00e9s, d&rsquo;urgences telles que la flamb\u00e9e des prix, les inondations, la formation professionnelle, le ch\u00f4mage&#8230; L\u2019attente a \u00e9t\u00e9 longue. Depuis l&rsquo;installation du bureau de l&rsquo;Assembl\u00e9e Nationale, lundi dernier, le S\u00e9n\u00e9gal attendait la composition d&rsquo;un nouveau gouvernement. Ce jour-l\u00e0, un ministre-conseiller du chf de l\u2019Etat, un ministre \u00e9lu d\u00e9put\u00e9, l\u2019affirmait avec assurance : \u00ab\u00a0le Premier ministre serait connu d\u00e8s le week-end, et la composition du gouvernement dans la foul\u00e9e\u00a0\u00bb. Dans son nouveau gouvernement, Macky Sall gardera t-il les poids lourds de son ancienne \u00e9quipe ou fera t-il changer \u00e0 certains de portefeuilles minist\u00e9riels ?\" \/>\n<meta property=\"og:url\" content=\"https:\/\/www.public.sn\/index.php\/2022\/09\/17\/remaniement-macky-sall-gardera-t-il-les-poids-lourds-de-son-ancienne-equipe-ou-fera-t-il-changer-a-certains-de-portefeuilles\/\" \/>\n<meta property=\"og:site_name\" content=\"LE PUBLIC\" \/>\n<meta property=\"article:published_time\" content=\"2022-09-17T19:22:55+00:00\" \/>\n<meta property=\"article:modified_time\" content=\"2022-09-17T19:24:02+00:00\" \/>\n<meta property=\"og:image\" content=\"https:\/\/www.public.sn\/wp-content\/uploads\/2022\/09\/67390963-47671923.jpg\" \/>\n\t<meta property=\"og:image:width\" content=\"960\" \/>\n\t<meta property=\"og:image:height\" content=\"640\" \/>\n\t<meta property=\"og:image:type\" content=\"image\/jpeg\" \/>\n<meta name=\"author\" content=\"LA REDACTION\" \/>\n<meta name=\"twitter:card\" content=\"summary_large_image\" \/>\n<meta name=\"twitter:label1\" content=\"\u00c9crit par\" \/>\n\t<meta name=\"twitter:data1\" content=\"LA REDACTION\" \/>\n\t<meta name=\"twitter:label2\" content=\"Dur\u00e9e de lecture estim\u00e9e\" \/>\n\t<meta name=\"twitter:data2\" content=\"1 minute\" \/>\n<script type=\"application\/ld+json\" class=\"yoast-schema-graph\">{\"@context\":\"https:\/\/schema.org\",\"@graph\":[{\"@type\":\"Article\",\"@id\":\"https:\/\/www.public.sn\/index.php\/2022\/09\/17\/remaniement-macky-sall-gardera-t-il-les-poids-lourds-de-son-ancienne-equipe-ou-fera-t-il-changer-a-certains-de-portefeuilles\/#article\",\"isPartOf\":{\"@id\":\"https:\/\/www.public.sn\/index.php\/2022\/09\/17\/remaniement-macky-sall-gardera-t-il-les-poids-lourds-de-son-ancienne-equipe-ou-fera-t-il-changer-a-certains-de-portefeuilles\/\"},\"author\":{\"name\":\"LA REDACTION\",\"@id\":\"https:\/\/www.public.sn\/#\/schema\/person\/e3f4a11b037d4203902db148f9bc8d5a\"},\"headline\":\"Remaniement: Macky Sall gardera t-il les poids lourds de son ancienne \u00e9quipe ou fera t-il changer \u00e0 certains de portefeuilles ?\",\"datePublished\":\"2022-09-17T19:22:55+00:00\",\"dateModified\":\"2022-09-17T19:24:02+00:00\",\"mainEntityOfPage\":{\"@id\":\"https:\/\/www.public.sn\/index.php\/2022\/09\/17\/remaniement-macky-sall-gardera-t-il-les-poids-lourds-de-son-ancienne-equipe-ou-fera-t-il-changer-a-certains-de-portefeuilles\/\"},\"wordCount\":170,\"commentCount\":0,\"publisher\":{\"@id\":\"https:\/\/www.public.sn\/#organization\"},\"image\":{\"@id\":\"https:\/\/www.public.sn\/index.php\/2022\/09\/17\/remaniement-macky-sall-gardera-t-il-les-poids-lourds-de-son-ancienne-equipe-ou-fera-t-il-changer-a-certains-de-portefeuilles\/#primaryimage\"},\"thumbnailUrl\":\"https:\/\/www.public.sn\/wp-content\/uploads\/2022\/09\/67390963-47671923.jpg\",\"keywords\":[\"Amadou Ba\",\"Gouvernement\",\"Macky Sall\",\"Pr\u00e9sidentielle 2024\",\"Remaniement\"],\"articleSection\":[\"ACTUALIT\u00c9S\",\"POLITIQUE\"],\"inLanguage\":\"fr-FR\",\"potentialAction\":[{\"@type\":\"CommentAction\",\"name\":\"Comment\",\"target\":[\"https:\/\/www.public.sn\/index.php\/2022\/09\/17\/remaniement-macky-sall-gardera-t-il-les-poids-lourds-de-son-ancienne-equipe-ou-fera-t-il-changer-a-certains-de-portefeuilles\/#respond\"]}]},{\"@type\":\"WebPage\",\"@id\":\"https:\/\/www.public.sn\/index.php\/2022\/09\/17\/remaniement-macky-sall-gardera-t-il-les-poids-lourds-de-son-ancienne-equipe-ou-fera-t-il-changer-a-certains-de-portefeuilles\/\",\"url\":\"https:\/\/www.public.sn\/index.php\/2022\/09\/17\/remaniement-macky-sall-gardera-t-il-les-poids-lourds-de-son-ancienne-equipe-ou-fera-t-il-changer-a-certains-de-portefeuilles\/\",\"name\":\"Remaniement: Macky Sall gardera t-il les poids lourds de son ancienne \u00e9quipe ou fera t-il changer \u00e0 certains de portefeuilles ? - LE PUBLIC\",\"isPartOf\":{\"@id\":\"https:\/\/www.public.sn\/#website\"},\"primaryImageOfPage\":{\"@id\":\"https:\/\/www.public.sn\/index.php\/2022\/09\/17\/remaniement-macky-sall-gardera-t-il-les-poids-lourds-de-son-ancienne-equipe-ou-fera-t-il-changer-a-certains-de-portefeuilles\/#primaryimage\"},\"image\":{\"@id\":\"https:\/\/www.public.sn\/index.php\/2022\/09\/17\/remaniement-macky-sall-gardera-t-il-les-poids-lourds-de-son-ancienne-equipe-ou-fera-t-il-changer-a-certains-de-portefeuilles\/#primaryimage\"},\"thumbnailUrl\":\"https:\/\/www.public.sn\/wp-content\/uploads\/2022\/09\/67390963-47671923.jpg\",\"datePublished\":\"2022-09-17T19:22:55+00:00\",\"dateModified\":\"2022-09-17T19:24:02+00:00\",\"breadcrumb\":{\"@id\":\"https:\/\/www.public.sn\/index.php\/2022\/09\/17\/remaniement-macky-sall-gardera-t-il-les-poids-lourds-de-son-ancienne-equipe-ou-fera-t-il-changer-a-certains-de-portefeuilles\/#breadcrumb\"},\"inLanguage\":\"fr-FR\",\"potentialAction\":[{\"@type\":\"ReadAction\",\"target\":[\"https:\/\/www.public.sn\/index.php\/2022\/09\/17\/remaniement-macky-sall-gardera-t-il-les-poids-lourds-de-son-ancienne-equipe-ou-fera-t-il-changer-a-certains-de-portefeuilles\/\"]}]},{\"@type\":\"ImageObject\",\"inLanguage\":\"fr-FR\",\"@id\":\"https:\/\/www.public.sn\/index.php\/2022\/09\/17\/remaniement-macky-sall-gardera-t-il-les-poids-lourds-de-son-ancienne-equipe-ou-fera-t-il-changer-a-certains-de-portefeuilles\/#primaryimage\",\"url\":\"https:\/\/www.public.sn\/wp-content\/uploads\/2022\/09\/67390963-47671923.jpg\",\"contentUrl\":\"https:\/\/www.public.sn\/wp-content\/uploads\/2022\/09\/67390963-47671923.jpg\",\"width\":960,\"height\":640},{\"@type\":\"BreadcrumbList\",\"@id\":\"https:\/\/www.public.sn\/index.php\/2022\/09\/17\/remaniement-macky-sall-gardera-t-il-les-poids-lourds-de-son-ancienne-equipe-ou-fera-t-il-changer-a-certains-de-portefeuilles\/#breadcrumb\",\"itemListElement\":[{\"@type\":\"ListItem\",\"position\":1,\"name\":\"Accueil\",\"item\":\"https:\/\/www.public.sn\/\"},{\"@type\":\"ListItem\",\"position\":2,\"name\":\"Remaniement: Macky Sall gardera t-il les poids lourds de son ancienne \u00e9quipe ou fera t-il changer \u00e0 certains de portefeuilles ?\"}]},{\"@type\":\"WebSite\",\"@id\":\"https:\/\/www.public.sn\/#website\",\"url\":\"https:\/\/www.public.sn\/\",\"name\":\"LE PUBLIC\",\"description\":\"\",\"publisher\":{\"@id\":\"https:\/\/www.public.sn\/#organization\"},\"potentialAction\":[{\"@type\":\"SearchAction\",\"target\":{\"@type\":\"EntryPoint\",\"urlTemplate\":\"https:\/\/www.public.sn\/?s={search_term_string}\"},\"query-input\":{\"@type\":\"PropertyValueSpecification\",\"valueRequired\":true,\"valueName\":\"search_term_string\"}}],\"inLanguage\":\"fr-FR\"},{\"@type\":\"Organization\",\"@id\":\"https:\/\/www.public.sn\/#organization\",\"name\":\"LE PUBLIC\",\"url\":\"https:\/\/www.public.sn\/\",\"logo\":{\"@type\":\"ImageObject\",\"inLanguage\":\"fr-FR\",\"@id\":\"https:\/\/www.public.sn\/#\/schema\/logo\/image\/\",\"url\":\"https:\/\/www.public.sn\/wp-content\/uploads\/2024\/05\/cropped-LOGO-PUBLIC.SN_.png\",\"contentUrl\":\"https:\/\/www.public.sn\/wp-content\/uploads\/2024\/05\/cropped-LOGO-PUBLIC.SN_.png\",\"width\":682,\"height\":192,\"caption\":\"LE PUBLIC\"},\"image\":{\"@id\":\"https:\/\/www.public.sn\/#\/schema\/logo\/image\/\"}},{\"@type\":\"Person\",\"@id\":\"https:\/\/www.public.sn\/#\/schema\/person\/e3f4a11b037d4203902db148f9bc8d5a\",\"name\":\"LA REDACTION\",\"image\":{\"@type\":\"ImageObject\",\"inLanguage\":\"fr-FR\",\"@id\":\"https:\/\/www.public.sn\/#\/schema\/person\/image\/\",\"url\":\"https:\/\/secure.gravatar.com\/avatar\/d6c030db45db2883c075085c5d6c6258654a801a93766b49af0b82d4f454e2a5?s=96&d=mm&r=g\",\"contentUrl\":\"https:\/\/secure.gravatar.com\/avatar\/d6c030db45db2883c075085c5d6c6258654a801a93766b49af0b82d4f454e2a5?s=96&d=mm&r=g\",\"caption\":\"LA REDACTION\"},\"sameAs\":[\"http:\/\/www.public.sn\"],\"url\":\"https:\/\/www.public.sn\/index.php\/author\/admin7324\/\"}]}<\/script>\n<!-- \/ Yoast SEO plugin. -->","yoast_head_json":{"title":"Remaniement: Macky Sall gardera t-il les poids lourds de son ancienne \u00e9quipe ou fera t-il changer \u00e0 certains de portefeuilles ? - LE PUBLIC","robots":{"index":"index","follow":"follow","max-snippet":"max-snippet:-1","max-image-preview":"max-image-preview:large","max-video-preview":"max-video-preview:-1"},"canonical":"https:\/\/www.public.sn\/index.php\/2022\/09\/17\/remaniement-macky-sall-gardera-t-il-les-poids-lourds-de-son-ancienne-equipe-ou-fera-t-il-changer-a-certains-de-portefeuilles\/","og_locale":"fr_FR","og_type":"article","og_title":"Remaniement: Macky Sall gardera t-il les poids lourds de son ancienne \u00e9quipe ou fera t-il changer \u00e0 certains de portefeuilles ? - LE PUBLIC","og_description":"\u00ab\u00a0Un Gouvernement d&rsquo;attaque, de combat et de veille\u00a0\u00bb, dixit le tout nouveau premier ministre Amadou Ba. Attendu depuis plusieurs semaines voire mois, ce gouvernement aura pour t\u00e2che principale d\u2019acc\u00e9l\u00e9rer la mise en \u0153uvre du Plan S\u00e9n\u00e9gal \u00e9mergent (PSE) avec une tribune de priorit\u00e9s, d&rsquo;urgences telles que la flamb\u00e9e des prix, les inondations, la formation professionnelle, le ch\u00f4mage&#8230; L\u2019attente a \u00e9t\u00e9 longue. Depuis l&rsquo;installation du bureau de l&rsquo;Assembl\u00e9e Nationale, lundi dernier, le S\u00e9n\u00e9gal attendait la composition d&rsquo;un nouveau gouvernement. Ce jour-l\u00e0, un ministre-conseiller du chf de l\u2019Etat, un ministre \u00e9lu d\u00e9put\u00e9, l\u2019affirmait avec assurance : \u00ab\u00a0le Premier ministre serait connu d\u00e8s le week-end, et la composition du gouvernement dans la foul\u00e9e\u00a0\u00bb. Dans son nouveau gouvernement, Macky Sall gardera t-il les poids lourds de son ancienne \u00e9quipe ou fera t-il changer \u00e0 certains de portefeuilles minist\u00e9riels ?","og_url":"https:\/\/www.public.sn\/index.php\/2022\/09\/17\/remaniement-macky-sall-gardera-t-il-les-poids-lourds-de-son-ancienne-equipe-ou-fera-t-il-changer-a-certains-de-portefeuilles\/","og_site_name":"LE PUBLIC","article_published_time":"2022-09-17T19:22:55+00:00","article_modified_time":"2022-09-17T19:24:02+00:00","og_image":[{"width":960,"height":640,"url":"https:\/\/www.public.sn\/wp-content\/uploads\/2022\/09\/67390963-47671923.jpg","type":"image\/jpeg"}],"author":"LA REDACTION","twitter_card":"summary_large_image","twitter_misc":{"\u00c9crit par":"LA REDACTION","Dur\u00e9e de lecture estim\u00e9e":"1 minute"},"schema":{"@context":"https:\/\/schema.org","@graph":[{"@type":"Article","@id":"https:\/\/www.public.sn\/index.php\/2022\/09\/17\/remaniement-macky-sall-gardera-t-il-les-poids-lourds-de-son-ancienne-equipe-ou-fera-t-il-changer-a-certains-de-portefeuilles\/#article","isPartOf":{"@id":"https:\/\/www.public.sn\/index.php\/2022\/09\/17\/remaniement-macky-sall-gardera-t-il-les-poids-lourds-de-son-ancienne-equipe-ou-fera-t-il-changer-a-certains-de-portefeuilles\/"},"author":{"name":"LA REDACTION","@id":"https:\/\/www.public.sn\/#\/schema\/person\/e3f4a11b037d4203902db148f9bc8d5a"},"headline":"Remaniement: Macky Sall gardera t-il les poids lourds de son ancienne \u00e9quipe ou fera t-il changer \u00e0 certains de portefeuilles ?","datePublished":"2022-09-17T19:22:55+00:00","dateModified":"2022-09-17T19:24:02+00:00","mainEntityOfPage":{"@id":"https:\/\/www.public.sn\/index.php\/2022\/09\/17\/remaniement-macky-sall-gardera-t-il-les-poids-lourds-de-son-ancienne-equipe-ou-fera-t-il-changer-a-certains-de-portefeuilles\/"},"wordCount":170,"commentCount":0,"publisher":{"@id":"https:\/\/www.public.sn\/#organization"},"image":{"@id":"https:\/\/www.public.sn\/index.php\/2022\/09\/17\/remaniement-macky-sall-gardera-t-il-les-poids-lourds-de-son-ancienne-equipe-ou-fera-t-il-changer-a-certains-de-portefeuilles\/#primaryimage"},"thumbnailUrl":"https:\/\/www.public.sn\/wp-content\/uploads\/2022\/09\/67390963-47671923.jpg","keywords":["Amadou Ba","Gouvernement","Macky Sall","Pr\u00e9sidentielle 2024","Remaniement"],"articleSection":["ACTUALIT\u00c9S","POLITIQUE"],"inLanguage":"fr-FR","potentialAction":[{"@type":"CommentAction","name":"Comment","target":["https:\/\/www.public.sn\/index.php\/2022\/09\/17\/remaniement-macky-sall-gardera-t-il-les-poids-lourds-de-son-ancienne-equipe-ou-fera-t-il-changer-a-certains-de-portefeuilles\/#respond"]}]},{"@type":"WebPage","@id":"https:\/\/www.public.sn\/index.php\/2022\/09\/17\/remaniement-macky-sall-gardera-t-il-les-poids-lourds-de-son-ancienne-equipe-ou-fera-t-il-changer-a-certains-de-portefeuilles\/","url":"https:\/\/www.public.sn\/index.php\/2022\/09\/17\/remaniement-macky-sall-gardera-t-il-les-poids-lourds-de-son-ancienne-equipe-ou-fera-t-il-changer-a-certains-de-portefeuilles\/","name":"Remaniement: Macky Sall gardera t-il les poids lourds de son ancienne \u00e9quipe ou fera t-il changer \u00e0 certains de portefeuilles ? - LE PUBLIC","isPartOf":{"@id":"https:\/\/www.public.sn\/#website"},"primaryImageOfPage":{"@id":"https:\/\/www.public.sn\/index.php\/2022\/09\/17\/remaniement-macky-sall-gardera-t-il-les-poids-lourds-de-son-ancienne-equipe-ou-fera-t-il-changer-a-certains-de-portefeuilles\/#primaryimage"},"image":{"@id":"https:\/\/www.public.sn\/index.php\/2022\/09\/17\/remaniement-macky-sall-gardera-t-il-les-poids-lourds-de-son-ancienne-equipe-ou-fera-t-il-changer-a-certains-de-portefeuilles\/#primaryimage"},"thumbnailUrl":"https:\/\/www.public.sn\/wp-content\/uploads\/2022\/09\/67390963-47671923.jpg","datePublished":"2022-09-17T19:22:55+00:00","dateModified":"2022-09-17T19:24:02+00:00","breadcrumb":{"@id":"https:\/\/www.public.sn\/index.php\/2022\/09\/17\/remaniement-macky-sall-gardera-t-il-les-poids-lourds-de-son-ancienne-equipe-ou-fera-t-il-changer-a-certains-de-portefeuilles\/#breadcrumb"},"inLanguage":"fr-FR","potentialAction":[{"@type":"ReadAction","target":["https:\/\/www.public.sn\/index.php\/2022\/09\/17\/remaniement-macky-sall-gardera-t-il-les-poids-lourds-de-son-ancienne-equipe-ou-fera-t-il-changer-a-certains-de-portefeuilles\/"]}]},{"@type":"ImageObject","inLanguage":"fr-FR","@id":"https:\/\/www.public.sn\/index.php\/2022\/09\/17\/remaniement-macky-sall-gardera-t-il-les-poids-lourds-de-son-ancienne-equipe-ou-fera-t-il-changer-a-certains-de-portefeuilles\/#primaryimage","url":"https:\/\/www.public.sn\/wp-content\/uploads\/2022\/09\/67390963-47671923.jpg","contentUrl":"https:\/\/www.public.sn\/wp-content\/uploads\/2022\/09\/67390963-47671923.jpg","width":960,"height":640},{"@type":"BreadcrumbList","@id":"https:\/\/www.public.sn\/index.php\/2022\/09\/17\/remaniement-macky-sall-gardera-t-il-les-poids-lourds-de-son-ancienne-equipe-ou-fera-t-il-changer-a-certains-de-portefeuilles\/#breadcrumb","itemListElement":[{"@type":"ListItem","position":1,"name":"Accueil","item":"https:\/\/www.public.sn\/"},{"@type":"ListItem","position":2,"name":"Remaniement: Macky Sall gardera t-il les poids lourds de son ancienne \u00e9quipe ou fera t-il changer \u00e0 certains de portefeuilles ?"}]},{"@type":"WebSite","@id":"https:\/\/www.public.sn\/#website","url":"https:\/\/www.public.sn\/","name":"LE PUBLIC","description":"","publisher":{"@id":"https:\/\/www.public.sn\/#organization"},"potentialAction":[{"@type":"SearchAction","target":{"@type":"EntryPoint","urlTemplate":"https:\/\/www.public.sn\/?s={search_term_string}"},"query-input":{"@type":"PropertyValueSpecification","valueRequired":true,"valueName":"search_term_string"}}],"inLanguage":"fr-FR"},{"@type":"Organization","@id":"https:\/\/www.public.sn\/#organization","name":"LE PUBLIC","url":"https:\/\/www.public.sn\/","logo":{"@type":"ImageObject","inLanguage":"fr-FR","@id":"https:\/\/www.public.sn\/#\/schema\/logo\/image\/","url":"https:\/\/www.public.sn\/wp-content\/uploads\/2024\/05\/cropped-LOGO-PUBLIC.SN_.png","contentUrl":"https:\/\/www.public.sn\/wp-content\/uploads\/2024\/05\/cropped-LOGO-PUBLIC.SN_.png","width":682,"height":192,"caption":"LE PUBLIC"},"image":{"@id":"https:\/\/www.public.sn\/#\/schema\/logo\/image\/"}},{"@type":"Person","@id":"https:\/\/www.public.sn\/#\/schema\/person\/e3f4a11b037d4203902db148f9bc8d5a","name":"LA REDACTION","image":{"@type":"ImageObject","inLanguage":"fr-FR","@id":"https:\/\/www.public.sn\/#\/schema\/person\/image\/","url":"https:\/\/secure.gravatar.com\/avatar\/d6c030db45db2883c075085c5d6c6258654a801a93766b49af0b82d4f454e2a5?s=96&d=mm&r=g","contentUrl":"https:\/\/secure.gravatar.com\/avatar\/d6c030db45db2883c075085c5d6c6258654a801a93766b49af0b82d4f454e2a5?s=96&d=mm&r=g","caption":"LA REDACTION"},"sameAs":["http:\/\/www.public.sn"],"url":"https:\/\/www.public.sn\/index.php\/author\/admin7324\/"}]}},"jetpack_featured_media_url":"https:\/\/www.public.sn\/wp-content\/uploads\/2022\/09\/67390963-47671923.jpg","jetpack_sharing_enabled":true,"_links":{"self":[{"href":"https:\/\/www.public.sn\/index.php\/wp-json\/wp\/v2\/posts\/2133","targetHints":{"allow":["GET"]}}],"collection":[{"href":"https:\/\/www.public.sn\/index.php\/wp-json\/wp\/v2\/posts"}],"about":[{"href":"https:\/\/www.public.sn\/index.php\/wp-json\/wp\/v2\/types\/post"}],"author":[{"embeddable":true,"href":"https:\/\/www.public.sn\/index.php\/wp-json\/wp\/v2\/users\/1"}],"replies":[{"embeddable":true,"href":"https:\/\/www.public.sn\/index.php\/wp-json\/wp\/v2\/comments?post=2133"}],"version-history":[{"count":2,"href":"https:\/\/www.public.sn\/index.php\/wp-json\/wp\/v2\/posts\/2133\/revisions"}],"predecessor-version":[{"id":2137,"href":"https:\/\/www.public.sn\/index.php\/wp-json\/wp\/v2\/posts\/2133\/revisions\/2137"}],"wp:featuredmedia":[{"embeddable":true,"href":"https:\/\/www.public.sn\/index.php\/wp-json\/wp\/v2\/media\/2135"}],"wp:attachment":[{"href":"https:\/\/www.public.sn\/index.php\/wp-json\/wp\/v2\/media?parent=2133"}],"wp:term":[{"taxonomy":"category","embeddable":true,"href":"https:\/\/www.public.sn\/index.php\/wp-json\/wp\/v2\/categories?post=2133"},{"taxonomy":"post_tag","embeddable":true,"href":"https:\/\/www.public.sn\/index.php\/wp-json\/wp\/v2\/tags?post=2133"}],"curies":[{"name":"wp","href":"https:\/\/api.w.org\/{rel}","templated":true}]}}