{"id":21345,"date":"2023-05-08T15:35:42","date_gmt":"2023-05-08T15:35:42","guid":{"rendered":"https:\/\/www.public.sn\/?p=21345"},"modified":"2023-05-08T15:41:06","modified_gmt":"2023-05-08T15:41:06","slug":"amadou-ba-a-la-jeunesse-nous-sommes-la-pour-vous-soutenir-et-pour-vous-aider-a-reussir","status":"publish","type":"post","link":"https:\/\/www.public.sn\/index.php\/2023\/05\/08\/amadou-ba-a-la-jeunesse-nous-sommes-la-pour-vous-soutenir-et-pour-vous-aider-a-reussir\/","title":{"rendered":"Amadou Ba face \u00e0 la jeunesse : \u00ab Nous sommes l\u00e0 pour vous soutenir et vous aider \u00e0 r\u00e9ussir \u00bb"},"content":{"rendered":"<div><span style=\"font-size: x-large;\">A l\u2019\u00e9valuation du programme \u00ab Xeyu Ndaw Ni \u00bb, le Premier ministre Amadou Ba exprime sa gratitude \u00e0 soutenir les jeunes pour un emploi d\u00e9cent. En ces termes, il dira : \u00ab\u00a0Je m&rsquo;adresse \u00e0 vous aujourd&rsquo;hui, \u00e9galement, avec une mission importante : celle de vous encourager \u00e0 saisir les opportunit\u00e9s qui se pr\u00e9sentent \u00e0 vous \u00bb. Avant d&rsquo;ajouter que \u00ab\u00a0le pr\u00e9sident de la R\u00e9publique a lanc\u00e9 cet ambitieux programme d&rsquo;insertion des jeunes afin de les aider \u00e0 relever les d\u00e9fis auxquels vous \u00eates confront\u00e9s.\u00a0\u00bb<\/span><\/div>\n<div><span style=\"font-size: x-large;\">Toutefois, le Premier ministre Amadou Ba\u00a0 rel\u00e8ve quelques\u00a0 difficult\u00e9s\u00a0 dans la mise en \u0153uvre du programme \u00ab Xeyu Ndaw Ni \u00bb. A cet effet, il invite les jeunesse s\u00e9n\u00e9galaise \u00e0<\/span><span style=\"font-size: x-large;\"> s\u2019approprier de l&rsquo;initiative du Pr\u00e9sident Macky Sall.\u00a0<\/span><\/div>\n<div><span style=\"font-size: x-large;\"><span style=\"font-size: x-large;\">En effet, Amadou Ba estime que le programme offre des opportunit\u00e9s et des services pour les jeunes \u00e0 acqu\u00e9rir de l&rsquo;exp\u00e9rience et \u00e0 b\u00e2tir un r\u00e9seau de contacts utiles. \u00ab\u00a0Qu&rsquo;il s&rsquo;agisse d&rsquo;apprentissage, de formation professionnelle ou de stages, nous avons les outils pour vous aider \u00e0 r\u00e9ussir \u00bb. dit-il.\u00a0 Sur ce, il rappelle \u00e0 <\/span><\/span><span style=\"font-size: x-large;\">la g\u00e9n\u00e9ration la n\u00e9cessit\u00e9 de\u00a0 relever les d\u00e9fis du XXIe si\u00e8cle.\u00a0 \u00ab\u00a0Nou avons confiance en vous et nous croyons que vous \u00eates capables de r\u00e9aliser de grandes choses et nous sommes pr\u00eats \u00e0 vous aider \u00e0 y parvenir \u00bba exprim\u00e9 le Premier ministre. Avant d&rsquo;inviter les jeunes<\/span><span style=\"font-size: x-large;\">\u00a0\u00e0 saisir cette grande opportunit\u00e9.<\/span><\/div>\n<div><\/div>\n<div><strong>Nd\u00e9ye Khady MBAYE GOUDIABY<\/strong><\/div>\n<div class=\"publi-apres-le-contenu\" style=\"margin-top: 10px;margin-bottom: 10px;margin-left: auto;margin-right: auto;text-align: center;\" id=\"publi-3928620509\"><div class=\"publi-adlabel\">Publicit\u00e9<\/div><script async src=\"\/\/pagead2.googlesyndication.com\/pagead\/js\/adsbygoogle.js?client=ca-pub-4089586018074219\" crossorigin=\"anonymous\"><\/script><ins class=\"adsbygoogle\" style=\"display:block;\" data-ad-client=\"ca-pub-4089586018074219\" \ndata-ad-slot=\"2087940154\" \ndata-ad-format=\"auto\"><\/ins>\n<script> \n(adsbygoogle = window.adsbygoogle || []).push({}); \n<\/script>\n<\/div>","protected":false},"excerpt":{"rendered":"<p>A l\u2019\u00e9valuation du programme \u00ab Xeyu Ndaw Ni \u00bb, le Premier ministre Amadou Ba exprime sa gratitude \u00e0 soutenir les jeunes pour un emploi d\u00e9cent. En ces termes, il dira : \u00ab\u00a0Je m&rsquo;adresse \u00e0 vous aujourd&rsquo;hui, \u00e9galement, avec une mission importante : celle de vous encourager \u00e0 saisir les opportunit\u00e9s qui se pr\u00e9sentent \u00e0 vous \u00bb. Avant d&rsquo;ajouter que \u00ab\u00a0le pr\u00e9sident de la R\u00e9publique a lanc\u00e9 cet ambitieux programme d&rsquo;insertion des jeunes afin de les aider \u00e0 relever les d\u00e9fis auxquels vous \u00eates confront\u00e9s.\u00a0\u00bb Toutefois, le Premier ministre Amadou Ba\u00a0 rel\u00e8ve quelques\u00a0 difficult\u00e9s\u00a0 dans la mise en \u0153uvre du programme \u00ab Xeyu Ndaw Ni \u00bb. A cet effet, il invite les jeunesse s\u00e9n\u00e9galaise \u00e0 s\u2019approprier de l&rsquo;initiative du Pr\u00e9sident Macky Sall.\u00a0 En effet, Amadou Ba estime que le programme offre des opportunit\u00e9s et des services pour les jeunes \u00e0 acqu\u00e9rir de l&rsquo;exp\u00e9rience et \u00e0 b\u00e2tir un r\u00e9seau de contacts utiles. \u00ab\u00a0Qu&rsquo;il s&rsquo;agisse d&rsquo;apprentissage, de formation professionnelle ou de stages, nous avons les outils pour vous aider \u00e0 r\u00e9ussir \u00bb. dit-il.\u00a0 Sur ce, il rappelle \u00e0 la g\u00e9n\u00e9ration la n\u00e9cessit\u00e9 de\u00a0 relever les d\u00e9fis du XXIe si\u00e8cle.\u00a0 \u00ab\u00a0Nou avons confiance en vous et nous croyons que vous \u00eates capables de r\u00e9aliser de grandes choses et nous sommes pr\u00eats \u00e0 vous aider \u00e0 y parvenir \u00bba exprim\u00e9 le Premier ministre. Avant d&rsquo;inviter les jeunes\u00a0\u00e0 saisir cette grande opportunit\u00e9. Nd\u00e9ye Khady MBAYE GOUDIABY<\/p>\n","protected":false},"author":7,"featured_media":11773,"comment_status":"open","ping_status":"open","sticky":false,"template":"","format":"standard","meta":{"_jetpack_memberships_contains_paid_content":false,"footnotes":""},"categories":[1],"tags":[],"class_list":["post-21345","post","type-post","status-publish","format-standard","has-post-thumbnail","hentry","category-non-classe","entry","has-media","owp-thumbs-layout-horizontal","owp-btn-normal","owp-tabs-layout-horizontal","has-no-thumbnails","has-product-nav"],"yoast_head":"<!-- This site is optimized with the Yoast SEO plugin v25.5 - https:\/\/yoast.com\/wordpress\/plugins\/seo\/ -->\n<title>Amadou Ba face \u00e0 la jeunesse : \u00ab Nous sommes l\u00e0 pour vous soutenir et vous aider \u00e0 r\u00e9ussir \u00bb - LE PUBLIC<\/title>\n<meta name=\"robots\" content=\"index, follow, max-snippet:-1, max-image-preview:large, max-video-preview:-1\" \/>\n<link rel=\"canonical\" href=\"https:\/\/www.public.sn\/index.php\/2023\/05\/08\/amadou-ba-a-la-jeunesse-nous-sommes-la-pour-vous-soutenir-et-pour-vous-aider-a-reussir\/\" \/>\n<meta property=\"og:locale\" content=\"fr_FR\" \/>\n<meta property=\"og:type\" content=\"article\" \/>\n<meta property=\"og:title\" content=\"Amadou Ba face \u00e0 la jeunesse : \u00ab Nous sommes l\u00e0 pour vous soutenir et vous aider \u00e0 r\u00e9ussir \u00bb - LE PUBLIC\" \/>\n<meta property=\"og:description\" content=\"A l\u2019\u00e9valuation du programme \u00ab Xeyu Ndaw Ni \u00bb, le Premier ministre Amadou Ba exprime sa gratitude \u00e0 soutenir les jeunes pour un emploi d\u00e9cent. En ces termes, il dira : \u00ab\u00a0Je m&rsquo;adresse \u00e0 vous aujourd&rsquo;hui, \u00e9galement, avec une mission importante : celle de vous encourager \u00e0 saisir les opportunit\u00e9s qui se pr\u00e9sentent \u00e0 vous \u00bb. Avant d&rsquo;ajouter que \u00ab\u00a0le pr\u00e9sident de la R\u00e9publique a lanc\u00e9 cet ambitieux programme d&rsquo;insertion des jeunes afin de les aider \u00e0 relever les d\u00e9fis auxquels vous \u00eates confront\u00e9s.\u00a0\u00bb Toutefois, le Premier ministre Amadou Ba\u00a0 rel\u00e8ve quelques\u00a0 difficult\u00e9s\u00a0 dans la mise en \u0153uvre du programme \u00ab Xeyu Ndaw Ni \u00bb. A cet effet, il invite les jeunesse s\u00e9n\u00e9galaise \u00e0 s\u2019approprier de l&rsquo;initiative du Pr\u00e9sident Macky Sall.\u00a0 En effet, Amadou Ba estime que le programme offre des opportunit\u00e9s et des services pour les jeunes \u00e0 acqu\u00e9rir de l&rsquo;exp\u00e9rience et \u00e0 b\u00e2tir un r\u00e9seau de contacts utiles. \u00ab\u00a0Qu&rsquo;il s&rsquo;agisse d&rsquo;apprentissage, de formation professionnelle ou de stages, nous avons les outils pour vous aider \u00e0 r\u00e9ussir \u00bb. dit-il.\u00a0 Sur ce, il rappelle \u00e0 la g\u00e9n\u00e9ration la n\u00e9cessit\u00e9 de\u00a0 relever les d\u00e9fis du XXIe si\u00e8cle.\u00a0 \u00ab\u00a0Nou avons confiance en vous et nous croyons que vous \u00eates capables de r\u00e9aliser de grandes choses et nous sommes pr\u00eats \u00e0 vous aider \u00e0 y parvenir \u00bba exprim\u00e9 le Premier ministre. Avant d&rsquo;inviter les jeunes\u00a0\u00e0 saisir cette grande opportunit\u00e9. Nd\u00e9ye Khady MBAYE GOUDIABY\" \/>\n<meta property=\"og:url\" content=\"https:\/\/www.public.sn\/index.php\/2023\/05\/08\/amadou-ba-a-la-jeunesse-nous-sommes-la-pour-vous-soutenir-et-pour-vous-aider-a-reussir\/\" \/>\n<meta property=\"og:site_name\" content=\"LE PUBLIC\" \/>\n<meta property=\"article:published_time\" content=\"2023-05-08T15:35:42+00:00\" \/>\n<meta property=\"article:modified_time\" content=\"2023-05-08T15:41:06+00:00\" \/>\n<meta property=\"og:image\" content=\"https:\/\/www.public.sn\/wp-content\/uploads\/2022\/12\/amadou-ba.webp\" \/>\n\t<meta property=\"og:image:width\" content=\"575\" \/>\n\t<meta property=\"og:image:height\" content=\"403\" \/>\n\t<meta property=\"og:image:type\" content=\"image\/webp\" \/>\n<meta name=\"author\" content=\"LA REDACTION\" \/>\n<meta name=\"twitter:card\" content=\"summary_large_image\" \/>\n<meta name=\"twitter:label1\" content=\"\u00c9crit par\" \/>\n\t<meta name=\"twitter:data1\" content=\"LA REDACTION\" \/>\n\t<meta name=\"twitter:label2\" content=\"Dur\u00e9e de lecture estim\u00e9e\" \/>\n\t<meta name=\"twitter:data2\" content=\"2 minutes\" \/>\n<script type=\"application\/ld+json\" class=\"yoast-schema-graph\">{\"@context\":\"https:\/\/schema.org\",\"@graph\":[{\"@type\":\"Article\",\"@id\":\"https:\/\/www.public.sn\/index.php\/2023\/05\/08\/amadou-ba-a-la-jeunesse-nous-sommes-la-pour-vous-soutenir-et-pour-vous-aider-a-reussir\/#article\",\"isPartOf\":{\"@id\":\"https:\/\/www.public.sn\/index.php\/2023\/05\/08\/amadou-ba-a-la-jeunesse-nous-sommes-la-pour-vous-soutenir-et-pour-vous-aider-a-reussir\/\"},\"author\":{\"name\":\"LA REDACTION\",\"@id\":\"https:\/\/www.public.sn\/#\/schema\/person\/cb76c8e1b8becc6be61fb5e92d6d0224\"},\"headline\":\"Amadou Ba face \u00e0 la jeunesse : \u00ab Nous sommes l\u00e0 pour vous soutenir et vous aider \u00e0 r\u00e9ussir \u00bb\",\"datePublished\":\"2023-05-08T15:35:42+00:00\",\"dateModified\":\"2023-05-08T15:41:06+00:00\",\"mainEntityOfPage\":{\"@id\":\"https:\/\/www.public.sn\/index.php\/2023\/05\/08\/amadou-ba-a-la-jeunesse-nous-sommes-la-pour-vous-soutenir-et-pour-vous-aider-a-reussir\/\"},\"wordCount\":254,\"commentCount\":0,\"publisher\":{\"@id\":\"https:\/\/www.public.sn\/#organization\"},\"image\":{\"@id\":\"https:\/\/www.public.sn\/index.php\/2023\/05\/08\/amadou-ba-a-la-jeunesse-nous-sommes-la-pour-vous-soutenir-et-pour-vous-aider-a-reussir\/#primaryimage\"},\"thumbnailUrl\":\"https:\/\/www.public.sn\/wp-content\/uploads\/2022\/12\/amadou-ba.webp\",\"articleSection\":[\"S\u00c9N\u00c9GAL\"],\"inLanguage\":\"fr-FR\",\"potentialAction\":[{\"@type\":\"CommentAction\",\"name\":\"Comment\",\"target\":[\"https:\/\/www.public.sn\/index.php\/2023\/05\/08\/amadou-ba-a-la-jeunesse-nous-sommes-la-pour-vous-soutenir-et-pour-vous-aider-a-reussir\/#respond\"]}]},{\"@type\":\"WebPage\",\"@id\":\"https:\/\/www.public.sn\/index.php\/2023\/05\/08\/amadou-ba-a-la-jeunesse-nous-sommes-la-pour-vous-soutenir-et-pour-vous-aider-a-reussir\/\",\"url\":\"https:\/\/www.public.sn\/index.php\/2023\/05\/08\/amadou-ba-a-la-jeunesse-nous-sommes-la-pour-vous-soutenir-et-pour-vous-aider-a-reussir\/\",\"name\":\"Amadou Ba face \u00e0 la jeunesse : \u00ab Nous sommes l\u00e0 pour vous soutenir et vous aider \u00e0 r\u00e9ussir \u00bb - LE PUBLIC\",\"isPartOf\":{\"@id\":\"https:\/\/www.public.sn\/#website\"},\"primaryImageOfPage\":{\"@id\":\"https:\/\/www.public.sn\/index.php\/2023\/05\/08\/amadou-ba-a-la-jeunesse-nous-sommes-la-pour-vous-soutenir-et-pour-vous-aider-a-reussir\/#primaryimage\"},\"image\":{\"@id\":\"https:\/\/www.public.sn\/index.php\/2023\/05\/08\/amadou-ba-a-la-jeunesse-nous-sommes-la-pour-vous-soutenir-et-pour-vous-aider-a-reussir\/#primaryimage\"},\"thumbnailUrl\":\"https:\/\/www.public.sn\/wp-content\/uploads\/2022\/12\/amadou-ba.webp\",\"datePublished\":\"2023-05-08T15:35:42+00:00\",\"dateModified\":\"2023-05-08T15:41:06+00:00\",\"breadcrumb\":{\"@id\":\"https:\/\/www.public.sn\/index.php\/2023\/05\/08\/amadou-ba-a-la-jeunesse-nous-sommes-la-pour-vous-soutenir-et-pour-vous-aider-a-reussir\/#breadcrumb\"},\"inLanguage\":\"fr-FR\",\"potentialAction\":[{\"@type\":\"ReadAction\",\"target\":[\"https:\/\/www.public.sn\/index.php\/2023\/05\/08\/amadou-ba-a-la-jeunesse-nous-sommes-la-pour-vous-soutenir-et-pour-vous-aider-a-reussir\/\"]}]},{\"@type\":\"ImageObject\",\"inLanguage\":\"fr-FR\",\"@id\":\"https:\/\/www.public.sn\/index.php\/2023\/05\/08\/amadou-ba-a-la-jeunesse-nous-sommes-la-pour-vous-soutenir-et-pour-vous-aider-a-reussir\/#primaryimage\",\"url\":\"https:\/\/www.public.sn\/wp-content\/uploads\/2022\/12\/amadou-ba.webp\",\"contentUrl\":\"https:\/\/www.public.sn\/wp-content\/uploads\/2022\/12\/amadou-ba.webp\",\"width\":575,\"height\":403},{\"@type\":\"BreadcrumbList\",\"@id\":\"https:\/\/www.public.sn\/index.php\/2023\/05\/08\/amadou-ba-a-la-jeunesse-nous-sommes-la-pour-vous-soutenir-et-pour-vous-aider-a-reussir\/#breadcrumb\",\"itemListElement\":[{\"@type\":\"ListItem\",\"position\":1,\"name\":\"Accueil\",\"item\":\"https:\/\/www.public.sn\/\"},{\"@type\":\"ListItem\",\"position\":2,\"name\":\"Amadou Ba face \u00e0 la jeunesse : \u00ab Nous sommes l\u00e0 pour vous soutenir et vous aider \u00e0 r\u00e9ussir \u00bb\"}]},{\"@type\":\"WebSite\",\"@id\":\"https:\/\/www.public.sn\/#website\",\"url\":\"https:\/\/www.public.sn\/\",\"name\":\"LE PUBLIC\",\"description\":\"\",\"publisher\":{\"@id\":\"https:\/\/www.public.sn\/#organization\"},\"potentialAction\":[{\"@type\":\"SearchAction\",\"target\":{\"@type\":\"EntryPoint\",\"urlTemplate\":\"https:\/\/www.public.sn\/?s={search_term_string}\"},\"query-input\":{\"@type\":\"PropertyValueSpecification\",\"valueRequired\":true,\"valueName\":\"search_term_string\"}}],\"inLanguage\":\"fr-FR\"},{\"@type\":\"Organization\",\"@id\":\"https:\/\/www.public.sn\/#organization\",\"name\":\"LE PUBLIC\",\"url\":\"https:\/\/www.public.sn\/\",\"logo\":{\"@type\":\"ImageObject\",\"inLanguage\":\"fr-FR\",\"@id\":\"https:\/\/www.public.sn\/#\/schema\/logo\/image\/\",\"url\":\"https:\/\/www.public.sn\/wp-content\/uploads\/2024\/05\/cropped-LOGO-PUBLIC.SN_.png\",\"contentUrl\":\"https:\/\/www.public.sn\/wp-content\/uploads\/2024\/05\/cropped-LOGO-PUBLIC.SN_.png\",\"width\":682,\"height\":192,\"caption\":\"LE PUBLIC\"},\"image\":{\"@id\":\"https:\/\/www.public.sn\/#\/schema\/logo\/image\/\"}},{\"@type\":\"Person\",\"@id\":\"https:\/\/www.public.sn\/#\/schema\/person\/cb76c8e1b8becc6be61fb5e92d6d0224\",\"name\":\"LA REDACTION\",\"image\":{\"@type\":\"ImageObject\",\"inLanguage\":\"fr-FR\",\"@id\":\"https:\/\/www.public.sn\/#\/schema\/person\/image\/\",\"url\":\"https:\/\/secure.gravatar.com\/avatar\/2dce5ddd34b8fef0180efe03aa2a9bee7d953856048f9a16b298190a3178407c?s=96&d=mm&r=g\",\"contentUrl\":\"https:\/\/secure.gravatar.com\/avatar\/2dce5ddd34b8fef0180efe03aa2a9bee7d953856048f9a16b298190a3178407c?s=96&d=mm&r=g\",\"caption\":\"LA REDACTION\"},\"url\":\"https:\/\/www.public.sn\/index.php\/author\/editeurpsn\/\"}]}<\/script>\n<!-- \/ Yoast SEO plugin. -->","yoast_head_json":{"title":"Amadou Ba face \u00e0 la jeunesse : \u00ab Nous sommes l\u00e0 pour vous soutenir et vous aider \u00e0 r\u00e9ussir \u00bb - LE PUBLIC","robots":{"index":"index","follow":"follow","max-snippet":"max-snippet:-1","max-image-preview":"max-image-preview:large","max-video-preview":"max-video-preview:-1"},"canonical":"https:\/\/www.public.sn\/index.php\/2023\/05\/08\/amadou-ba-a-la-jeunesse-nous-sommes-la-pour-vous-soutenir-et-pour-vous-aider-a-reussir\/","og_locale":"fr_FR","og_type":"article","og_title":"Amadou Ba face \u00e0 la jeunesse : \u00ab Nous sommes l\u00e0 pour vous soutenir et vous aider \u00e0 r\u00e9ussir \u00bb - LE PUBLIC","og_description":"A l\u2019\u00e9valuation du programme \u00ab Xeyu Ndaw Ni \u00bb, le Premier ministre Amadou Ba exprime sa gratitude \u00e0 soutenir les jeunes pour un emploi d\u00e9cent. En ces termes, il dira : \u00ab\u00a0Je m&rsquo;adresse \u00e0 vous aujourd&rsquo;hui, \u00e9galement, avec une mission importante : celle de vous encourager \u00e0 saisir les opportunit\u00e9s qui se pr\u00e9sentent \u00e0 vous \u00bb. Avant d&rsquo;ajouter que \u00ab\u00a0le pr\u00e9sident de la R\u00e9publique a lanc\u00e9 cet ambitieux programme d&rsquo;insertion des jeunes afin de les aider \u00e0 relever les d\u00e9fis auxquels vous \u00eates confront\u00e9s.\u00a0\u00bb Toutefois, le Premier ministre Amadou Ba\u00a0 rel\u00e8ve quelques\u00a0 difficult\u00e9s\u00a0 dans la mise en \u0153uvre du programme \u00ab Xeyu Ndaw Ni \u00bb. A cet effet, il invite les jeunesse s\u00e9n\u00e9galaise \u00e0 s\u2019approprier de l&rsquo;initiative du Pr\u00e9sident Macky Sall.\u00a0 En effet, Amadou Ba estime que le programme offre des opportunit\u00e9s et des services pour les jeunes \u00e0 acqu\u00e9rir de l&rsquo;exp\u00e9rience et \u00e0 b\u00e2tir un r\u00e9seau de contacts utiles. \u00ab\u00a0Qu&rsquo;il s&rsquo;agisse d&rsquo;apprentissage, de formation professionnelle ou de stages, nous avons les outils pour vous aider \u00e0 r\u00e9ussir \u00bb. dit-il.\u00a0 Sur ce, il rappelle \u00e0 la g\u00e9n\u00e9ration la n\u00e9cessit\u00e9 de\u00a0 relever les d\u00e9fis du XXIe si\u00e8cle.\u00a0 \u00ab\u00a0Nou avons confiance en vous et nous croyons que vous \u00eates capables de r\u00e9aliser de grandes choses et nous sommes pr\u00eats \u00e0 vous aider \u00e0 y parvenir \u00bba exprim\u00e9 le Premier ministre. Avant d&rsquo;inviter les jeunes\u00a0\u00e0 saisir cette grande opportunit\u00e9. Nd\u00e9ye Khady MBAYE GOUDIABY","og_url":"https:\/\/www.public.sn\/index.php\/2023\/05\/08\/amadou-ba-a-la-jeunesse-nous-sommes-la-pour-vous-soutenir-et-pour-vous-aider-a-reussir\/","og_site_name":"LE PUBLIC","article_published_time":"2023-05-08T15:35:42+00:00","article_modified_time":"2023-05-08T15:41:06+00:00","og_image":[{"width":575,"height":403,"url":"https:\/\/www.public.sn\/wp-content\/uploads\/2022\/12\/amadou-ba.webp","type":"image\/webp"}],"author":"LA REDACTION","twitter_card":"summary_large_image","twitter_misc":{"\u00c9crit par":"LA REDACTION","Dur\u00e9e de lecture estim\u00e9e":"2 minutes"},"schema":{"@context":"https:\/\/schema.org","@graph":[{"@type":"Article","@id":"https:\/\/www.public.sn\/index.php\/2023\/05\/08\/amadou-ba-a-la-jeunesse-nous-sommes-la-pour-vous-soutenir-et-pour-vous-aider-a-reussir\/#article","isPartOf":{"@id":"https:\/\/www.public.sn\/index.php\/2023\/05\/08\/amadou-ba-a-la-jeunesse-nous-sommes-la-pour-vous-soutenir-et-pour-vous-aider-a-reussir\/"},"author":{"name":"LA REDACTION","@id":"https:\/\/www.public.sn\/#\/schema\/person\/cb76c8e1b8becc6be61fb5e92d6d0224"},"headline":"Amadou Ba face \u00e0 la jeunesse : \u00ab Nous sommes l\u00e0 pour vous soutenir et vous aider \u00e0 r\u00e9ussir \u00bb","datePublished":"2023-05-08T15:35:42+00:00","dateModified":"2023-05-08T15:41:06+00:00","mainEntityOfPage":{"@id":"https:\/\/www.public.sn\/index.php\/2023\/05\/08\/amadou-ba-a-la-jeunesse-nous-sommes-la-pour-vous-soutenir-et-pour-vous-aider-a-reussir\/"},"wordCount":254,"commentCount":0,"publisher":{"@id":"https:\/\/www.public.sn\/#organization"},"image":{"@id":"https:\/\/www.public.sn\/index.php\/2023\/05\/08\/amadou-ba-a-la-jeunesse-nous-sommes-la-pour-vous-soutenir-et-pour-vous-aider-a-reussir\/#primaryimage"},"thumbnailUrl":"https:\/\/www.public.sn\/wp-content\/uploads\/2022\/12\/amadou-ba.webp","articleSection":["S\u00c9N\u00c9GAL"],"inLanguage":"fr-FR","potentialAction":[{"@type":"CommentAction","name":"Comment","target":["https:\/\/www.public.sn\/index.php\/2023\/05\/08\/amadou-ba-a-la-jeunesse-nous-sommes-la-pour-vous-soutenir-et-pour-vous-aider-a-reussir\/#respond"]}]},{"@type":"WebPage","@id":"https:\/\/www.public.sn\/index.php\/2023\/05\/08\/amadou-ba-a-la-jeunesse-nous-sommes-la-pour-vous-soutenir-et-pour-vous-aider-a-reussir\/","url":"https:\/\/www.public.sn\/index.php\/2023\/05\/08\/amadou-ba-a-la-jeunesse-nous-sommes-la-pour-vous-soutenir-et-pour-vous-aider-a-reussir\/","name":"Amadou Ba face \u00e0 la jeunesse : \u00ab Nous sommes l\u00e0 pour vous soutenir et vous aider \u00e0 r\u00e9ussir \u00bb - LE PUBLIC","isPartOf":{"@id":"https:\/\/www.public.sn\/#website"},"primaryImageOfPage":{"@id":"https:\/\/www.public.sn\/index.php\/2023\/05\/08\/amadou-ba-a-la-jeunesse-nous-sommes-la-pour-vous-soutenir-et-pour-vous-aider-a-reussir\/#primaryimage"},"image":{"@id":"https:\/\/www.public.sn\/index.php\/2023\/05\/08\/amadou-ba-a-la-jeunesse-nous-sommes-la-pour-vous-soutenir-et-pour-vous-aider-a-reussir\/#primaryimage"},"thumbnailUrl":"https:\/\/www.public.sn\/wp-content\/uploads\/2022\/12\/amadou-ba.webp","datePublished":"2023-05-08T15:35:42+00:00","dateModified":"2023-05-08T15:41:06+00:00","breadcrumb":{"@id":"https:\/\/www.public.sn\/index.php\/2023\/05\/08\/amadou-ba-a-la-jeunesse-nous-sommes-la-pour-vous-soutenir-et-pour-vous-aider-a-reussir\/#breadcrumb"},"inLanguage":"fr-FR","potentialAction":[{"@type":"ReadAction","target":["https:\/\/www.public.sn\/index.php\/2023\/05\/08\/amadou-ba-a-la-jeunesse-nous-sommes-la-pour-vous-soutenir-et-pour-vous-aider-a-reussir\/"]}]},{"@type":"ImageObject","inLanguage":"fr-FR","@id":"https:\/\/www.public.sn\/index.php\/2023\/05\/08\/amadou-ba-a-la-jeunesse-nous-sommes-la-pour-vous-soutenir-et-pour-vous-aider-a-reussir\/#primaryimage","url":"https:\/\/www.public.sn\/wp-content\/uploads\/2022\/12\/amadou-ba.webp","contentUrl":"https:\/\/www.public.sn\/wp-content\/uploads\/2022\/12\/amadou-ba.webp","width":575,"height":403},{"@type":"BreadcrumbList","@id":"https:\/\/www.public.sn\/index.php\/2023\/05\/08\/amadou-ba-a-la-jeunesse-nous-sommes-la-pour-vous-soutenir-et-pour-vous-aider-a-reussir\/#breadcrumb","itemListElement":[{"@type":"ListItem","position":1,"name":"Accueil","item":"https:\/\/www.public.sn\/"},{"@type":"ListItem","position":2,"name":"Amadou Ba face \u00e0 la jeunesse : \u00ab Nous sommes l\u00e0 pour vous soutenir et vous aider \u00e0 r\u00e9ussir \u00bb"}]},{"@type":"WebSite","@id":"https:\/\/www.public.sn\/#website","url":"https:\/\/www.public.sn\/","name":"LE PUBLIC","description":"","publisher":{"@id":"https:\/\/www.public.sn\/#organization"},"potentialAction":[{"@type":"SearchAction","target":{"@type":"EntryPoint","urlTemplate":"https:\/\/www.public.sn\/?s={search_term_string}"},"query-input":{"@type":"PropertyValueSpecification","valueRequired":true,"valueName":"search_term_string"}}],"inLanguage":"fr-FR"},{"@type":"Organization","@id":"https:\/\/www.public.sn\/#organization","name":"LE PUBLIC","url":"https:\/\/www.public.sn\/","logo":{"@type":"ImageObject","inLanguage":"fr-FR","@id":"https:\/\/www.public.sn\/#\/schema\/logo\/image\/","url":"https:\/\/www.public.sn\/wp-content\/uploads\/2024\/05\/cropped-LOGO-PUBLIC.SN_.png","contentUrl":"https:\/\/www.public.sn\/wp-content\/uploads\/2024\/05\/cropped-LOGO-PUBLIC.SN_.png","width":682,"height":192,"caption":"LE PUBLIC"},"image":{"@id":"https:\/\/www.public.sn\/#\/schema\/logo\/image\/"}},{"@type":"Person","@id":"https:\/\/www.public.sn\/#\/schema\/person\/cb76c8e1b8becc6be61fb5e92d6d0224","name":"LA REDACTION","image":{"@type":"ImageObject","inLanguage":"fr-FR","@id":"https:\/\/www.public.sn\/#\/schema\/person\/image\/","url":"https:\/\/secure.gravatar.com\/avatar\/2dce5ddd34b8fef0180efe03aa2a9bee7d953856048f9a16b298190a3178407c?s=96&d=mm&r=g","contentUrl":"https:\/\/secure.gravatar.com\/avatar\/2dce5ddd34b8fef0180efe03aa2a9bee7d953856048f9a16b298190a3178407c?s=96&d=mm&r=g","caption":"LA REDACTION"},"url":"https:\/\/www.public.sn\/index.php\/author\/editeurpsn\/"}]}},"jetpack_featured_media_url":"https:\/\/www.public.sn\/wp-content\/uploads\/2022\/12\/amadou-ba.webp","jetpack_sharing_enabled":true,"_links":{"self":[{"href":"https:\/\/www.public.sn\/index.php\/wp-json\/wp\/v2\/posts\/21345","targetHints":{"allow":["GET"]}}],"collection":[{"href":"https:\/\/www.public.sn\/index.php\/wp-json\/wp\/v2\/posts"}],"about":[{"href":"https:\/\/www.public.sn\/index.php\/wp-json\/wp\/v2\/types\/post"}],"author":[{"embeddable":true,"href":"https:\/\/www.public.sn\/index.php\/wp-json\/wp\/v2\/users\/7"}],"replies":[{"embeddable":true,"href":"https:\/\/www.public.sn\/index.php\/wp-json\/wp\/v2\/comments?post=21345"}],"version-history":[{"count":3,"href":"https:\/\/www.public.sn\/index.php\/wp-json\/wp\/v2\/posts\/21345\/revisions"}],"predecessor-version":[{"id":21352,"href":"https:\/\/www.public.sn\/index.php\/wp-json\/wp\/v2\/posts\/21345\/revisions\/21352"}],"wp:featuredmedia":[{"embeddable":true,"href":"https:\/\/www.public.sn\/index.php\/wp-json\/wp\/v2\/media\/11773"}],"wp:attachment":[{"href":"https:\/\/www.public.sn\/index.php\/wp-json\/wp\/v2\/media?parent=21345"}],"wp:term":[{"taxonomy":"category","embeddable":true,"href":"https:\/\/www.public.sn\/index.php\/wp-json\/wp\/v2\/categories?post=21345"},{"taxonomy":"post_tag","embeddable":true,"href":"https:\/\/www.public.sn\/index.php\/wp-json\/wp\/v2\/tags?post=21345"}],"curies":[{"name":"wp","href":"https:\/\/api.w.org\/{rel}","templated":true}]}}