{"id":2141,"date":"2022-09-17T22:18:11","date_gmt":"2022-09-17T22:18:11","guid":{"rendered":"https:\/\/www.public.sn\/?p=2141"},"modified":"2022-09-17T22:18:14","modified_gmt":"2022-09-17T22:18:14","slug":"macky-sall-nomme-un-gouvernement-de-38-ministres-dont-08-jeunes-08-femmes","status":"publish","type":"post","link":"https:\/\/www.public.sn\/index.php\/2022\/09\/17\/macky-sall-nomme-un-gouvernement-de-38-ministres-dont-08-jeunes-08-femmes\/","title":{"rendered":"Macky Sall nomme un gouvernement de 38 ministres dont 08 jeunes, 08 femmes."},"content":{"rendered":"\n<p>Un nouveau gouvernement vient d\u2019\u00eatre form\u00e9 au S\u00e9n\u00e9gal ce samedi. Amadou Ba, nomm\u00e9 Premier ministre ce matin, a ainsi ficel\u00e9 son \u00e9quipe pour relever les d\u00e9fis soulign\u00e9s par le chef de l\u2019Etat.<\/p><div class=\"publi-paragraphe1\" style=\"margin-top: 10px;margin-bottom: 10px;margin-left: auto;margin-right: auto;text-align: center;\" id=\"publi-4180882023\"><div class=\"publi-adlabel\">Publicit\u00e9<\/div><script async src=\"\/\/pagead2.googlesyndication.com\/pagead\/js\/adsbygoogle.js?client=ca-pub-4089586018074219\" crossorigin=\"anonymous\"><\/script><ins class=\"adsbygoogle\" style=\"display:block;\" data-ad-client=\"ca-pub-4089586018074219\" \ndata-ad-slot=\"2087940154\" \ndata-ad-format=\"auto\"><\/ins>\n<script> \n(adsbygoogle = window.adsbygoogle || []).push({}); \n<\/script>\n<\/div>\n\n\n\n<p>S\u2019adressant \u00e0 la Nation sur les ondes du radiodiffuseur RTS, ce dernier a expliqu\u00e9 que l\u2019une des \u00ab\u00a0t\u00e2ches prioritaires\u00a0\u00bb de ce nouveau gouvernement sera de faire face aux difficult\u00e9s que rencontrent les S\u00e9n\u00e9galais, \u00e0 travers \u00ab\u00a0l\u2019organisation de larges concertations avec toutes les parties prenantes, notamment les associations de consommateurs, de commer\u00e7ants, etc. pour arr\u00eater de nouvelles mesures\u00a0.<\/p>\n\n\n\n<p>Amadou Ba, Premier Ministre<\/p>\n\n\n\n<p>Abdou Latif Coulibaly, ministre secr\u00e9taire g\u00e9n\u00e9ral du gouvernement<\/p>\n\n\n\n<p>Sidiki Kaba, Ministre des Forces arm\u00e9es<\/p>\n\n\n\n<p>Amadou Moustapha Ba, Ministre des Finances et du budget<\/p>\n\n\n\n<p>Ismaila Madior Fall, Garde des Sceaux, Ministre de la Justice<\/p>\n\n\n\n<p>Mamadou Slaiou Sow, ministre aupr\u00e8s du Garde des Sceaux, Ministre de la Justice<\/p>\n\n\n\n<p>Me Aissata Tall Sall, Ministre des Affaires \u00e9trang\u00e8res et des S\u00e9n\u00e9galais de l\u2019Ext\u00e9rieur<\/p>\n\n\n\n<p>Annette Seck, ministre aupr\u00e8s du ministre des Affaires \u00e9trang\u00e8res et des S\u00e9n\u00e9galais de l\u2019Ext\u00e9rieur<\/p>\n\n\n\n<p>Antoine Felix Diome, Ministre de l\u2019Int\u00e9rieur<\/p>\n\n\n\n<p>Birame Faye, ministre aupr\u00e8s du ministre de l\u2019Int\u00e9rieur<\/p>\n\n\n\n<p>Mansour Faye, Ministre des Infrastructures, des Transports terrestres et du D\u00e9senclavement<\/p>\n\n\n\n<p>Oulimata Sarr, Ministre de l\u2019Economie, du Plan et de la Coop\u00e9ration<\/p>\n\n\n\n<p>Gallo Ba, Ministre de la Fonction publique et du Renouveau du Service public<\/p>\n\n\n\n<p>Marie Kh\u00e9mess Ngom, Ministre de la Sant\u00e9 et de l\u2019Action sociale<\/p>\n\n\n\n<p>Fatou Dian\u00e9, Ministre de la femme, de la Famille, du Genre et de la Protection des Enfants<\/p>\n\n\n\n<p>Oumar Sarr, Ministre des Mines et de la G\u00e9ologie<\/p>\n\n\n\n<p>Aly Ngouille Ndiaye, Ministre de l\u2019Agriculture et de l\u2019\u00c9quipement rural<\/p>\n\n\n\n<p>Serigne Mbaye Thiam, Ministre de l\u2019Eau et de l\u2019Assainissement<\/p>\n\n\n\n<p>Yankhoba Issa Diop, ministre aupr\u00e8s du ministre de l\u2019Eau et de l\u2019Assainissement<\/p>\n\n\n\n<p>Doudou Ka, Ministre des Transports a\u00e9riens<\/p>\n\n\n\n<p>Mame Mbaye Niang, Ministre du Tourisme<\/p>\n\n\n\n<p>Mamadou Talla, Ministre des Collectivit\u00e9s territoriales, du D\u00e9veloppement et de l\u2019am\u00e9nagement des Territoires, Porte-Parole du Gouvernement<\/p>\n\n\n\n<p>Cheikh Oumar Hann, Ministre de l\u2019Education nationale<\/p>\n\n\n\n<p>Moussa Bald\u00e9, Ministre de l\u2019Enseignement sup\u00e9rieur, de la Recherche et de l\u2019Innovation<\/p>\n\n\n\n<p>Sophie Gladima, Ministre du P\u00e9trole et des Energies<\/p>\n\n\n\n<p>Samba Ndiobb\u00e9ne Ka, Ministre du D\u00e9veloppement communautaire, de l\u2019Equit\u00e9 sociale et territoriale<\/p>\n\n\n\n<p>Moustapha Diop, Ministre du D\u00e9veloppement industriel et des Petites et Moyennes industries<\/p>\n\n\n\n<p>Pape Sagna Mbaye, Ministre des P\u00eaches et de l\u2019\u00c9conomie maritime<\/p>\n\n\n\n<p>Samba Sy, Ministre du Travail, du Dialogue social et des Relations avec les Institutions<\/p>\n\n\n\n<p>Alioune Ndoye, Ministre de l\u2019Environnement et du D\u00e9veloppement durable<\/p>\n\n\n\n<p>Yankhoba Diattara, Ministre des Sports<\/p>\n\n\n\n<p>Abdoulaye Seydou Sow, Ministre de l\u2019Urbanisme, du Logement et de l\u2019Hygi\u00e8ne publique<\/p>\n\n\n\n<p>Abdou Karim Fofana, Ministre du Commerce et des Petites et Moyennes entreprises<\/p>\n\n\n\n<p>Alioune Sow, Ministre de la Culture<\/p>\n\n\n\n<p>Bocar Thiam, Ministre de la Communication<\/p>\n\n\n\n<p>Aly Saleh Diop, Ministre de l\u2019Elevage et des Productions animales<\/p>\n\n\n\n<p>Pape Malick Ndour, Ministre de la Jeunesse<\/p>\n\n\n\n<p>Victorine Ndeye, Ministre de la Microfinance et de l\u2019Economie sociale et solidaire<\/p>\n\n\n\n<p>Mariama Sarr, Ministre de l\u2019Emploi, de la Formation professionnelle, de 1\u2019Apprentissage et de l\u2019Insertion<\/p>\n\n\n\n<p>Pape Amadou Ndiaye, Ministre de l\u2019Artisanat et de la Transformation du Secteur informel<\/p>\n\n\n\n<p>Le gouvernement est ainsi compos\u00e9 de 38 ministres dont 8 femmes et 8 jeunes.<\/p>\n<div class=\"publi-apres-le-contenu\" style=\"margin-top: 10px;margin-bottom: 10px;margin-left: auto;margin-right: auto;text-align: center;\" id=\"publi-3756960125\"><div class=\"publi-adlabel\">Publicit\u00e9<\/div><script async src=\"\/\/pagead2.googlesyndication.com\/pagead\/js\/adsbygoogle.js?client=ca-pub-4089586018074219\" crossorigin=\"anonymous\"><\/script><ins class=\"adsbygoogle\" style=\"display:block;\" data-ad-client=\"ca-pub-4089586018074219\" \ndata-ad-slot=\"2087940154\" \ndata-ad-format=\"auto\"><\/ins>\n<script> \n(adsbygoogle = window.adsbygoogle || []).push({}); \n<\/script>\n<\/div>","protected":false},"excerpt":{"rendered":"<p>Un nouveau gouvernement vient d\u2019\u00eatre form\u00e9 au S\u00e9n\u00e9gal ce samedi. Amadou Ba, nomm\u00e9 Premier ministre ce matin, a ainsi ficel\u00e9 son \u00e9quipe pour relever les d\u00e9fis soulign\u00e9s par le chef de l\u2019Etat. S\u2019adressant \u00e0 la Nation sur les ondes du radiodiffuseur RTS, ce dernier a expliqu\u00e9 que l\u2019une des \u00ab\u00a0t\u00e2ches prioritaires\u00a0\u00bb de ce nouveau gouvernement sera de faire face aux difficult\u00e9s que rencontrent les S\u00e9n\u00e9galais, \u00e0 travers \u00ab\u00a0l\u2019organisation de larges concertations avec toutes les parties prenantes, notamment les associations de consommateurs, de commer\u00e7ants, etc. pour arr\u00eater de nouvelles mesures\u00a0. Amadou Ba, Premier Ministre Abdou Latif Coulibaly, ministre secr\u00e9taire g\u00e9n\u00e9ral du gouvernement Sidiki Kaba, Ministre des Forces arm\u00e9es Amadou Moustapha Ba, Ministre des Finances et du budget Ismaila Madior Fall, Garde des Sceaux, Ministre de la Justice Mamadou Slaiou Sow, ministre aupr\u00e8s du Garde des Sceaux, Ministre de la Justice Me Aissata Tall Sall, Ministre des Affaires \u00e9trang\u00e8res et des S\u00e9n\u00e9galais de l\u2019Ext\u00e9rieur Annette Seck, ministre aupr\u00e8s du ministre des Affaires \u00e9trang\u00e8res et des S\u00e9n\u00e9galais de l\u2019Ext\u00e9rieur Antoine Felix Diome, Ministre de l\u2019Int\u00e9rieur Birame Faye, ministre aupr\u00e8s du ministre de l\u2019Int\u00e9rieur Mansour Faye, Ministre des Infrastructures, des Transports terrestres et du D\u00e9senclavement Oulimata Sarr, Ministre de l\u2019Economie, du Plan et de la Coop\u00e9ration Gallo Ba, Ministre de la Fonction publique et du Renouveau du Service public Marie Kh\u00e9mess Ngom, Ministre de la Sant\u00e9 et de l\u2019Action sociale Fatou Dian\u00e9, Ministre de la femme, de la Famille, du Genre et de la Protection des Enfants Oumar Sarr, Ministre des Mines et de la G\u00e9ologie Aly Ngouille Ndiaye, Ministre de l\u2019Agriculture et de l\u2019\u00c9quipement rural Serigne Mbaye Thiam, Ministre de l\u2019Eau et de l\u2019Assainissement Yankhoba Issa Diop, ministre aupr\u00e8s du ministre de l\u2019Eau et de l\u2019Assainissement Doudou Ka, Ministre des Transports a\u00e9riens Mame Mbaye Niang, Ministre du Tourisme Mamadou Talla, Ministre des Collectivit\u00e9s territoriales, du D\u00e9veloppement et de l\u2019am\u00e9nagement des Territoires, Porte-Parole du Gouvernement Cheikh Oumar Hann, Ministre de l\u2019Education nationale Moussa Bald\u00e9, Ministre de l\u2019Enseignement sup\u00e9rieur, de la Recherche et de l\u2019Innovation Sophie Gladima, Ministre du P\u00e9trole et des Energies Samba Ndiobb\u00e9ne Ka, Ministre du D\u00e9veloppement communautaire, de l\u2019Equit\u00e9 sociale et territoriale Moustapha Diop, Ministre du D\u00e9veloppement industriel et des Petites et Moyennes industries Pape Sagna Mbaye, Ministre des P\u00eaches et de l\u2019\u00c9conomie maritime Samba Sy, Ministre du Travail, du Dialogue social et des Relations avec les Institutions Alioune Ndoye, Ministre de l\u2019Environnement et du D\u00e9veloppement durable Yankhoba Diattara, Ministre des Sports Abdoulaye Seydou Sow, Ministre de l\u2019Urbanisme, du Logement et de l\u2019Hygi\u00e8ne publique Abdou Karim Fofana, Ministre du Commerce et des Petites et Moyennes entreprises Alioune Sow, Ministre de la Culture Bocar Thiam, Ministre de la Communication Aly Saleh Diop, Ministre de l\u2019Elevage et des Productions animales Pape Malick Ndour, Ministre de la Jeunesse Victorine Ndeye, Ministre de la Microfinance et de l\u2019Economie sociale et solidaire Mariama Sarr, Ministre de l\u2019Emploi, de la Formation professionnelle, de 1\u2019Apprentissage et de l\u2019Insertion Pape Amadou Ndiaye, Ministre de l\u2019Artisanat et de la Transformation du Secteur informel Le gouvernement est ainsi compos\u00e9 de 38 ministres dont 8 femmes et 8 jeunes.<\/p>\n","protected":false},"author":1,"featured_media":2142,"comment_status":"open","ping_status":"open","sticky":false,"template":"","format":"standard","meta":{"_jetpack_memberships_contains_paid_content":false,"footnotes":""},"categories":[375,3],"tags":[],"class_list":["post-2141","post","type-post","status-publish","format-standard","has-post-thumbnail","hentry","category-actualites","category-politique","entry","has-media","owp-thumbs-layout-horizontal","owp-btn-normal","owp-tabs-layout-horizontal","has-no-thumbnails","has-product-nav"],"yoast_head":"<!-- This site is optimized with the Yoast SEO plugin v25.5 - https:\/\/yoast.com\/wordpress\/plugins\/seo\/ -->\n<title>Macky Sall nomme un gouvernement de 38 ministres dont 08 jeunes, 08 femmes. - LE PUBLIC<\/title>\n<meta name=\"robots\" content=\"index, follow, max-snippet:-1, max-image-preview:large, max-video-preview:-1\" \/>\n<link rel=\"canonical\" href=\"https:\/\/www.public.sn\/index.php\/2022\/09\/17\/macky-sall-nomme-un-gouvernement-de-38-ministres-dont-08-jeunes-08-femmes\/\" \/>\n<meta property=\"og:locale\" content=\"fr_FR\" \/>\n<meta property=\"og:type\" content=\"article\" \/>\n<meta property=\"og:title\" content=\"Macky Sall nomme un gouvernement de 38 ministres dont 08 jeunes, 08 femmes. - LE PUBLIC\" \/>\n<meta property=\"og:description\" content=\"Un nouveau gouvernement vient d\u2019\u00eatre form\u00e9 au S\u00e9n\u00e9gal ce samedi. Amadou Ba, nomm\u00e9 Premier ministre ce matin, a ainsi ficel\u00e9 son \u00e9quipe pour relever les d\u00e9fis soulign\u00e9s par le chef de l\u2019Etat. S\u2019adressant \u00e0 la Nation sur les ondes du radiodiffuseur RTS, ce dernier a expliqu\u00e9 que l\u2019une des \u00ab\u00a0t\u00e2ches prioritaires\u00a0\u00bb de ce nouveau gouvernement sera de faire face aux difficult\u00e9s que rencontrent les S\u00e9n\u00e9galais, \u00e0 travers \u00ab\u00a0l\u2019organisation de larges concertations avec toutes les parties prenantes, notamment les associations de consommateurs, de commer\u00e7ants, etc. pour arr\u00eater de nouvelles mesures\u00a0. Amadou Ba, Premier Ministre Abdou Latif Coulibaly, ministre secr\u00e9taire g\u00e9n\u00e9ral du gouvernement Sidiki Kaba, Ministre des Forces arm\u00e9es Amadou Moustapha Ba, Ministre des Finances et du budget Ismaila Madior Fall, Garde des Sceaux, Ministre de la Justice Mamadou Slaiou Sow, ministre aupr\u00e8s du Garde des Sceaux, Ministre de la Justice Me Aissata Tall Sall, Ministre des Affaires \u00e9trang\u00e8res et des S\u00e9n\u00e9galais de l\u2019Ext\u00e9rieur Annette Seck, ministre aupr\u00e8s du ministre des Affaires \u00e9trang\u00e8res et des S\u00e9n\u00e9galais de l\u2019Ext\u00e9rieur Antoine Felix Diome, Ministre de l\u2019Int\u00e9rieur Birame Faye, ministre aupr\u00e8s du ministre de l\u2019Int\u00e9rieur Mansour Faye, Ministre des Infrastructures, des Transports terrestres et du D\u00e9senclavement Oulimata Sarr, Ministre de l\u2019Economie, du Plan et de la Coop\u00e9ration Gallo Ba, Ministre de la Fonction publique et du Renouveau du Service public Marie Kh\u00e9mess Ngom, Ministre de la Sant\u00e9 et de l\u2019Action sociale Fatou Dian\u00e9, Ministre de la femme, de la Famille, du Genre et de la Protection des Enfants Oumar Sarr, Ministre des Mines et de la G\u00e9ologie Aly Ngouille Ndiaye, Ministre de l\u2019Agriculture et de l\u2019\u00c9quipement rural Serigne Mbaye Thiam, Ministre de l\u2019Eau et de l\u2019Assainissement Yankhoba Issa Diop, ministre aupr\u00e8s du ministre de l\u2019Eau et de l\u2019Assainissement Doudou Ka, Ministre des Transports a\u00e9riens Mame Mbaye Niang, Ministre du Tourisme Mamadou Talla, Ministre des Collectivit\u00e9s territoriales, du D\u00e9veloppement et de l\u2019am\u00e9nagement des Territoires, Porte-Parole du Gouvernement Cheikh Oumar Hann, Ministre de l\u2019Education nationale Moussa Bald\u00e9, Ministre de l\u2019Enseignement sup\u00e9rieur, de la Recherche et de l\u2019Innovation Sophie Gladima, Ministre du P\u00e9trole et des Energies Samba Ndiobb\u00e9ne Ka, Ministre du D\u00e9veloppement communautaire, de l\u2019Equit\u00e9 sociale et territoriale Moustapha Diop, Ministre du D\u00e9veloppement industriel et des Petites et Moyennes industries Pape Sagna Mbaye, Ministre des P\u00eaches et de l\u2019\u00c9conomie maritime Samba Sy, Ministre du Travail, du Dialogue social et des Relations avec les Institutions Alioune Ndoye, Ministre de l\u2019Environnement et du D\u00e9veloppement durable Yankhoba Diattara, Ministre des Sports Abdoulaye Seydou Sow, Ministre de l\u2019Urbanisme, du Logement et de l\u2019Hygi\u00e8ne publique Abdou Karim Fofana, Ministre du Commerce et des Petites et Moyennes entreprises Alioune Sow, Ministre de la Culture Bocar Thiam, Ministre de la Communication Aly Saleh Diop, Ministre de l\u2019Elevage et des Productions animales Pape Malick Ndour, Ministre de la Jeunesse Victorine Ndeye, Ministre de la Microfinance et de l\u2019Economie sociale et solidaire Mariama Sarr, Ministre de l\u2019Emploi, de la Formation professionnelle, de 1\u2019Apprentissage et de l\u2019Insertion Pape Amadou Ndiaye, Ministre de l\u2019Artisanat et de la Transformation du Secteur informel Le gouvernement est ainsi compos\u00e9 de 38 ministres dont 8 femmes et 8 jeunes.\" \/>\n<meta property=\"og:url\" content=\"https:\/\/www.public.sn\/index.php\/2022\/09\/17\/macky-sall-nomme-un-gouvernement-de-38-ministres-dont-08-jeunes-08-femmes\/\" \/>\n<meta property=\"og:site_name\" content=\"LE PUBLIC\" \/>\n<meta property=\"article:published_time\" content=\"2022-09-17T22:18:11+00:00\" \/>\n<meta property=\"article:modified_time\" content=\"2022-09-17T22:18:14+00:00\" \/>\n<meta property=\"og:image\" content=\"https:\/\/www.public.sn\/wp-content\/uploads\/2022\/09\/A7E87778-00FC-4A95-984C-15549321BD39-scaled.jpeg\" \/>\n\t<meta property=\"og:image:width\" content=\"2560\" \/>\n\t<meta property=\"og:image:height\" content=\"1485\" \/>\n\t<meta property=\"og:image:type\" content=\"image\/jpeg\" \/>\n<meta name=\"author\" content=\"LA REDACTION\" \/>\n<meta name=\"twitter:card\" content=\"summary_large_image\" \/>\n<meta name=\"twitter:label1\" content=\"\u00c9crit par\" \/>\n\t<meta name=\"twitter:data1\" content=\"LA REDACTION\" \/>\n\t<meta name=\"twitter:label2\" content=\"Dur\u00e9e de lecture estim\u00e9e\" \/>\n\t<meta name=\"twitter:data2\" content=\"3 minutes\" \/>\n<script type=\"application\/ld+json\" class=\"yoast-schema-graph\">{\"@context\":\"https:\/\/schema.org\",\"@graph\":[{\"@type\":\"Article\",\"@id\":\"https:\/\/www.public.sn\/index.php\/2022\/09\/17\/macky-sall-nomme-un-gouvernement-de-38-ministres-dont-08-jeunes-08-femmes\/#article\",\"isPartOf\":{\"@id\":\"https:\/\/www.public.sn\/index.php\/2022\/09\/17\/macky-sall-nomme-un-gouvernement-de-38-ministres-dont-08-jeunes-08-femmes\/\"},\"author\":{\"name\":\"LA REDACTION\",\"@id\":\"https:\/\/www.public.sn\/#\/schema\/person\/e3f4a11b037d4203902db148f9bc8d5a\"},\"headline\":\"Macky Sall nomme un gouvernement de 38 ministres dont 08 jeunes, 08 femmes.\",\"datePublished\":\"2022-09-17T22:18:11+00:00\",\"dateModified\":\"2022-09-17T22:18:14+00:00\",\"mainEntityOfPage\":{\"@id\":\"https:\/\/www.public.sn\/index.php\/2022\/09\/17\/macky-sall-nomme-un-gouvernement-de-38-ministres-dont-08-jeunes-08-femmes\/\"},\"wordCount\":586,\"commentCount\":0,\"publisher\":{\"@id\":\"https:\/\/www.public.sn\/#organization\"},\"image\":{\"@id\":\"https:\/\/www.public.sn\/index.php\/2022\/09\/17\/macky-sall-nomme-un-gouvernement-de-38-ministres-dont-08-jeunes-08-femmes\/#primaryimage\"},\"thumbnailUrl\":\"https:\/\/www.public.sn\/wp-content\/uploads\/2022\/09\/A7E87778-00FC-4A95-984C-15549321BD39-scaled.jpeg\",\"articleSection\":[\"ACTUALIT\u00c9S\",\"POLITIQUE\"],\"inLanguage\":\"fr-FR\",\"potentialAction\":[{\"@type\":\"CommentAction\",\"name\":\"Comment\",\"target\":[\"https:\/\/www.public.sn\/index.php\/2022\/09\/17\/macky-sall-nomme-un-gouvernement-de-38-ministres-dont-08-jeunes-08-femmes\/#respond\"]}]},{\"@type\":\"WebPage\",\"@id\":\"https:\/\/www.public.sn\/index.php\/2022\/09\/17\/macky-sall-nomme-un-gouvernement-de-38-ministres-dont-08-jeunes-08-femmes\/\",\"url\":\"https:\/\/www.public.sn\/index.php\/2022\/09\/17\/macky-sall-nomme-un-gouvernement-de-38-ministres-dont-08-jeunes-08-femmes\/\",\"name\":\"Macky Sall nomme un gouvernement de 38 ministres dont 08 jeunes, 08 femmes. - LE PUBLIC\",\"isPartOf\":{\"@id\":\"https:\/\/www.public.sn\/#website\"},\"primaryImageOfPage\":{\"@id\":\"https:\/\/www.public.sn\/index.php\/2022\/09\/17\/macky-sall-nomme-un-gouvernement-de-38-ministres-dont-08-jeunes-08-femmes\/#primaryimage\"},\"image\":{\"@id\":\"https:\/\/www.public.sn\/index.php\/2022\/09\/17\/macky-sall-nomme-un-gouvernement-de-38-ministres-dont-08-jeunes-08-femmes\/#primaryimage\"},\"thumbnailUrl\":\"https:\/\/www.public.sn\/wp-content\/uploads\/2022\/09\/A7E87778-00FC-4A95-984C-15549321BD39-scaled.jpeg\",\"datePublished\":\"2022-09-17T22:18:11+00:00\",\"dateModified\":\"2022-09-17T22:18:14+00:00\",\"breadcrumb\":{\"@id\":\"https:\/\/www.public.sn\/index.php\/2022\/09\/17\/macky-sall-nomme-un-gouvernement-de-38-ministres-dont-08-jeunes-08-femmes\/#breadcrumb\"},\"inLanguage\":\"fr-FR\",\"potentialAction\":[{\"@type\":\"ReadAction\",\"target\":[\"https:\/\/www.public.sn\/index.php\/2022\/09\/17\/macky-sall-nomme-un-gouvernement-de-38-ministres-dont-08-jeunes-08-femmes\/\"]}]},{\"@type\":\"ImageObject\",\"inLanguage\":\"fr-FR\",\"@id\":\"https:\/\/www.public.sn\/index.php\/2022\/09\/17\/macky-sall-nomme-un-gouvernement-de-38-ministres-dont-08-jeunes-08-femmes\/#primaryimage\",\"url\":\"https:\/\/www.public.sn\/wp-content\/uploads\/2022\/09\/A7E87778-00FC-4A95-984C-15549321BD39-scaled.jpeg\",\"contentUrl\":\"https:\/\/www.public.sn\/wp-content\/uploads\/2022\/09\/A7E87778-00FC-4A95-984C-15549321BD39-scaled.jpeg\",\"width\":2560,\"height\":1485},{\"@type\":\"BreadcrumbList\",\"@id\":\"https:\/\/www.public.sn\/index.php\/2022\/09\/17\/macky-sall-nomme-un-gouvernement-de-38-ministres-dont-08-jeunes-08-femmes\/#breadcrumb\",\"itemListElement\":[{\"@type\":\"ListItem\",\"position\":1,\"name\":\"Accueil\",\"item\":\"https:\/\/www.public.sn\/\"},{\"@type\":\"ListItem\",\"position\":2,\"name\":\"Macky Sall nomme un gouvernement de 38 ministres dont 08 jeunes, 08 femmes.\"}]},{\"@type\":\"WebSite\",\"@id\":\"https:\/\/www.public.sn\/#website\",\"url\":\"https:\/\/www.public.sn\/\",\"name\":\"LE PUBLIC\",\"description\":\"\",\"publisher\":{\"@id\":\"https:\/\/www.public.sn\/#organization\"},\"potentialAction\":[{\"@type\":\"SearchAction\",\"target\":{\"@type\":\"EntryPoint\",\"urlTemplate\":\"https:\/\/www.public.sn\/?s={search_term_string}\"},\"query-input\":{\"@type\":\"PropertyValueSpecification\",\"valueRequired\":true,\"valueName\":\"search_term_string\"}}],\"inLanguage\":\"fr-FR\"},{\"@type\":\"Organization\",\"@id\":\"https:\/\/www.public.sn\/#organization\",\"name\":\"LE PUBLIC\",\"url\":\"https:\/\/www.public.sn\/\",\"logo\":{\"@type\":\"ImageObject\",\"inLanguage\":\"fr-FR\",\"@id\":\"https:\/\/www.public.sn\/#\/schema\/logo\/image\/\",\"url\":\"https:\/\/www.public.sn\/wp-content\/uploads\/2024\/05\/cropped-LOGO-PUBLIC.SN_.png\",\"contentUrl\":\"https:\/\/www.public.sn\/wp-content\/uploads\/2024\/05\/cropped-LOGO-PUBLIC.SN_.png\",\"width\":682,\"height\":192,\"caption\":\"LE PUBLIC\"},\"image\":{\"@id\":\"https:\/\/www.public.sn\/#\/schema\/logo\/image\/\"}},{\"@type\":\"Person\",\"@id\":\"https:\/\/www.public.sn\/#\/schema\/person\/e3f4a11b037d4203902db148f9bc8d5a\",\"name\":\"LA REDACTION\",\"image\":{\"@type\":\"ImageObject\",\"inLanguage\":\"fr-FR\",\"@id\":\"https:\/\/www.public.sn\/#\/schema\/person\/image\/\",\"url\":\"https:\/\/secure.gravatar.com\/avatar\/d6c030db45db2883c075085c5d6c6258654a801a93766b49af0b82d4f454e2a5?s=96&d=mm&r=g\",\"contentUrl\":\"https:\/\/secure.gravatar.com\/avatar\/d6c030db45db2883c075085c5d6c6258654a801a93766b49af0b82d4f454e2a5?s=96&d=mm&r=g\",\"caption\":\"LA REDACTION\"},\"sameAs\":[\"http:\/\/www.public.sn\"],\"url\":\"https:\/\/www.public.sn\/index.php\/author\/admin7324\/\"}]}<\/script>\n<!-- \/ Yoast SEO plugin. -->","yoast_head_json":{"title":"Macky Sall nomme un gouvernement de 38 ministres dont 08 jeunes, 08 femmes. - LE PUBLIC","robots":{"index":"index","follow":"follow","max-snippet":"max-snippet:-1","max-image-preview":"max-image-preview:large","max-video-preview":"max-video-preview:-1"},"canonical":"https:\/\/www.public.sn\/index.php\/2022\/09\/17\/macky-sall-nomme-un-gouvernement-de-38-ministres-dont-08-jeunes-08-femmes\/","og_locale":"fr_FR","og_type":"article","og_title":"Macky Sall nomme un gouvernement de 38 ministres dont 08 jeunes, 08 femmes. - LE PUBLIC","og_description":"Un nouveau gouvernement vient d\u2019\u00eatre form\u00e9 au S\u00e9n\u00e9gal ce samedi. Amadou Ba, nomm\u00e9 Premier ministre ce matin, a ainsi ficel\u00e9 son \u00e9quipe pour relever les d\u00e9fis soulign\u00e9s par le chef de l\u2019Etat. S\u2019adressant \u00e0 la Nation sur les ondes du radiodiffuseur RTS, ce dernier a expliqu\u00e9 que l\u2019une des \u00ab\u00a0t\u00e2ches prioritaires\u00a0\u00bb de ce nouveau gouvernement sera de faire face aux difficult\u00e9s que rencontrent les S\u00e9n\u00e9galais, \u00e0 travers \u00ab\u00a0l\u2019organisation de larges concertations avec toutes les parties prenantes, notamment les associations de consommateurs, de commer\u00e7ants, etc. pour arr\u00eater de nouvelles mesures\u00a0. Amadou Ba, Premier Ministre Abdou Latif Coulibaly, ministre secr\u00e9taire g\u00e9n\u00e9ral du gouvernement Sidiki Kaba, Ministre des Forces arm\u00e9es Amadou Moustapha Ba, Ministre des Finances et du budget Ismaila Madior Fall, Garde des Sceaux, Ministre de la Justice Mamadou Slaiou Sow, ministre aupr\u00e8s du Garde des Sceaux, Ministre de la Justice Me Aissata Tall Sall, Ministre des Affaires \u00e9trang\u00e8res et des S\u00e9n\u00e9galais de l\u2019Ext\u00e9rieur Annette Seck, ministre aupr\u00e8s du ministre des Affaires \u00e9trang\u00e8res et des S\u00e9n\u00e9galais de l\u2019Ext\u00e9rieur Antoine Felix Diome, Ministre de l\u2019Int\u00e9rieur Birame Faye, ministre aupr\u00e8s du ministre de l\u2019Int\u00e9rieur Mansour Faye, Ministre des Infrastructures, des Transports terrestres et du D\u00e9senclavement Oulimata Sarr, Ministre de l\u2019Economie, du Plan et de la Coop\u00e9ration Gallo Ba, Ministre de la Fonction publique et du Renouveau du Service public Marie Kh\u00e9mess Ngom, Ministre de la Sant\u00e9 et de l\u2019Action sociale Fatou Dian\u00e9, Ministre de la femme, de la Famille, du Genre et de la Protection des Enfants Oumar Sarr, Ministre des Mines et de la G\u00e9ologie Aly Ngouille Ndiaye, Ministre de l\u2019Agriculture et de l\u2019\u00c9quipement rural Serigne Mbaye Thiam, Ministre de l\u2019Eau et de l\u2019Assainissement Yankhoba Issa Diop, ministre aupr\u00e8s du ministre de l\u2019Eau et de l\u2019Assainissement Doudou Ka, Ministre des Transports a\u00e9riens Mame Mbaye Niang, Ministre du Tourisme Mamadou Talla, Ministre des Collectivit\u00e9s territoriales, du D\u00e9veloppement et de l\u2019am\u00e9nagement des Territoires, Porte-Parole du Gouvernement Cheikh Oumar Hann, Ministre de l\u2019Education nationale Moussa Bald\u00e9, Ministre de l\u2019Enseignement sup\u00e9rieur, de la Recherche et de l\u2019Innovation Sophie Gladima, Ministre du P\u00e9trole et des Energies Samba Ndiobb\u00e9ne Ka, Ministre du D\u00e9veloppement communautaire, de l\u2019Equit\u00e9 sociale et territoriale Moustapha Diop, Ministre du D\u00e9veloppement industriel et des Petites et Moyennes industries Pape Sagna Mbaye, Ministre des P\u00eaches et de l\u2019\u00c9conomie maritime Samba Sy, Ministre du Travail, du Dialogue social et des Relations avec les Institutions Alioune Ndoye, Ministre de l\u2019Environnement et du D\u00e9veloppement durable Yankhoba Diattara, Ministre des Sports Abdoulaye Seydou Sow, Ministre de l\u2019Urbanisme, du Logement et de l\u2019Hygi\u00e8ne publique Abdou Karim Fofana, Ministre du Commerce et des Petites et Moyennes entreprises Alioune Sow, Ministre de la Culture Bocar Thiam, Ministre de la Communication Aly Saleh Diop, Ministre de l\u2019Elevage et des Productions animales Pape Malick Ndour, Ministre de la Jeunesse Victorine Ndeye, Ministre de la Microfinance et de l\u2019Economie sociale et solidaire Mariama Sarr, Ministre de l\u2019Emploi, de la Formation professionnelle, de 1\u2019Apprentissage et de l\u2019Insertion Pape Amadou Ndiaye, Ministre de l\u2019Artisanat et de la Transformation du Secteur informel Le gouvernement est ainsi compos\u00e9 de 38 ministres dont 8 femmes et 8 jeunes.","og_url":"https:\/\/www.public.sn\/index.php\/2022\/09\/17\/macky-sall-nomme-un-gouvernement-de-38-ministres-dont-08-jeunes-08-femmes\/","og_site_name":"LE PUBLIC","article_published_time":"2022-09-17T22:18:11+00:00","article_modified_time":"2022-09-17T22:18:14+00:00","og_image":[{"width":2560,"height":1485,"url":"https:\/\/www.public.sn\/wp-content\/uploads\/2022\/09\/A7E87778-00FC-4A95-984C-15549321BD39-scaled.jpeg","type":"image\/jpeg"}],"author":"LA REDACTION","twitter_card":"summary_large_image","twitter_misc":{"\u00c9crit par":"LA REDACTION","Dur\u00e9e de lecture estim\u00e9e":"3 minutes"},"schema":{"@context":"https:\/\/schema.org","@graph":[{"@type":"Article","@id":"https:\/\/www.public.sn\/index.php\/2022\/09\/17\/macky-sall-nomme-un-gouvernement-de-38-ministres-dont-08-jeunes-08-femmes\/#article","isPartOf":{"@id":"https:\/\/www.public.sn\/index.php\/2022\/09\/17\/macky-sall-nomme-un-gouvernement-de-38-ministres-dont-08-jeunes-08-femmes\/"},"author":{"name":"LA REDACTION","@id":"https:\/\/www.public.sn\/#\/schema\/person\/e3f4a11b037d4203902db148f9bc8d5a"},"headline":"Macky Sall nomme un gouvernement de 38 ministres dont 08 jeunes, 08 femmes.","datePublished":"2022-09-17T22:18:11+00:00","dateModified":"2022-09-17T22:18:14+00:00","mainEntityOfPage":{"@id":"https:\/\/www.public.sn\/index.php\/2022\/09\/17\/macky-sall-nomme-un-gouvernement-de-38-ministres-dont-08-jeunes-08-femmes\/"},"wordCount":586,"commentCount":0,"publisher":{"@id":"https:\/\/www.public.sn\/#organization"},"image":{"@id":"https:\/\/www.public.sn\/index.php\/2022\/09\/17\/macky-sall-nomme-un-gouvernement-de-38-ministres-dont-08-jeunes-08-femmes\/#primaryimage"},"thumbnailUrl":"https:\/\/www.public.sn\/wp-content\/uploads\/2022\/09\/A7E87778-00FC-4A95-984C-15549321BD39-scaled.jpeg","articleSection":["ACTUALIT\u00c9S","POLITIQUE"],"inLanguage":"fr-FR","potentialAction":[{"@type":"CommentAction","name":"Comment","target":["https:\/\/www.public.sn\/index.php\/2022\/09\/17\/macky-sall-nomme-un-gouvernement-de-38-ministres-dont-08-jeunes-08-femmes\/#respond"]}]},{"@type":"WebPage","@id":"https:\/\/www.public.sn\/index.php\/2022\/09\/17\/macky-sall-nomme-un-gouvernement-de-38-ministres-dont-08-jeunes-08-femmes\/","url":"https:\/\/www.public.sn\/index.php\/2022\/09\/17\/macky-sall-nomme-un-gouvernement-de-38-ministres-dont-08-jeunes-08-femmes\/","name":"Macky Sall nomme un gouvernement de 38 ministres dont 08 jeunes, 08 femmes. - LE PUBLIC","isPartOf":{"@id":"https:\/\/www.public.sn\/#website"},"primaryImageOfPage":{"@id":"https:\/\/www.public.sn\/index.php\/2022\/09\/17\/macky-sall-nomme-un-gouvernement-de-38-ministres-dont-08-jeunes-08-femmes\/#primaryimage"},"image":{"@id":"https:\/\/www.public.sn\/index.php\/2022\/09\/17\/macky-sall-nomme-un-gouvernement-de-38-ministres-dont-08-jeunes-08-femmes\/#primaryimage"},"thumbnailUrl":"https:\/\/www.public.sn\/wp-content\/uploads\/2022\/09\/A7E87778-00FC-4A95-984C-15549321BD39-scaled.jpeg","datePublished":"2022-09-17T22:18:11+00:00","dateModified":"2022-09-17T22:18:14+00:00","breadcrumb":{"@id":"https:\/\/www.public.sn\/index.php\/2022\/09\/17\/macky-sall-nomme-un-gouvernement-de-38-ministres-dont-08-jeunes-08-femmes\/#breadcrumb"},"inLanguage":"fr-FR","potentialAction":[{"@type":"ReadAction","target":["https:\/\/www.public.sn\/index.php\/2022\/09\/17\/macky-sall-nomme-un-gouvernement-de-38-ministres-dont-08-jeunes-08-femmes\/"]}]},{"@type":"ImageObject","inLanguage":"fr-FR","@id":"https:\/\/www.public.sn\/index.php\/2022\/09\/17\/macky-sall-nomme-un-gouvernement-de-38-ministres-dont-08-jeunes-08-femmes\/#primaryimage","url":"https:\/\/www.public.sn\/wp-content\/uploads\/2022\/09\/A7E87778-00FC-4A95-984C-15549321BD39-scaled.jpeg","contentUrl":"https:\/\/www.public.sn\/wp-content\/uploads\/2022\/09\/A7E87778-00FC-4A95-984C-15549321BD39-scaled.jpeg","width":2560,"height":1485},{"@type":"BreadcrumbList","@id":"https:\/\/www.public.sn\/index.php\/2022\/09\/17\/macky-sall-nomme-un-gouvernement-de-38-ministres-dont-08-jeunes-08-femmes\/#breadcrumb","itemListElement":[{"@type":"ListItem","position":1,"name":"Accueil","item":"https:\/\/www.public.sn\/"},{"@type":"ListItem","position":2,"name":"Macky Sall nomme un gouvernement de 38 ministres dont 08 jeunes, 08 femmes."}]},{"@type":"WebSite","@id":"https:\/\/www.public.sn\/#website","url":"https:\/\/www.public.sn\/","name":"LE PUBLIC","description":"","publisher":{"@id":"https:\/\/www.public.sn\/#organization"},"potentialAction":[{"@type":"SearchAction","target":{"@type":"EntryPoint","urlTemplate":"https:\/\/www.public.sn\/?s={search_term_string}"},"query-input":{"@type":"PropertyValueSpecification","valueRequired":true,"valueName":"search_term_string"}}],"inLanguage":"fr-FR"},{"@type":"Organization","@id":"https:\/\/www.public.sn\/#organization","name":"LE PUBLIC","url":"https:\/\/www.public.sn\/","logo":{"@type":"ImageObject","inLanguage":"fr-FR","@id":"https:\/\/www.public.sn\/#\/schema\/logo\/image\/","url":"https:\/\/www.public.sn\/wp-content\/uploads\/2024\/05\/cropped-LOGO-PUBLIC.SN_.png","contentUrl":"https:\/\/www.public.sn\/wp-content\/uploads\/2024\/05\/cropped-LOGO-PUBLIC.SN_.png","width":682,"height":192,"caption":"LE PUBLIC"},"image":{"@id":"https:\/\/www.public.sn\/#\/schema\/logo\/image\/"}},{"@type":"Person","@id":"https:\/\/www.public.sn\/#\/schema\/person\/e3f4a11b037d4203902db148f9bc8d5a","name":"LA REDACTION","image":{"@type":"ImageObject","inLanguage":"fr-FR","@id":"https:\/\/www.public.sn\/#\/schema\/person\/image\/","url":"https:\/\/secure.gravatar.com\/avatar\/d6c030db45db2883c075085c5d6c6258654a801a93766b49af0b82d4f454e2a5?s=96&d=mm&r=g","contentUrl":"https:\/\/secure.gravatar.com\/avatar\/d6c030db45db2883c075085c5d6c6258654a801a93766b49af0b82d4f454e2a5?s=96&d=mm&r=g","caption":"LA REDACTION"},"sameAs":["http:\/\/www.public.sn"],"url":"https:\/\/www.public.sn\/index.php\/author\/admin7324\/"}]}},"jetpack_featured_media_url":"https:\/\/www.public.sn\/wp-content\/uploads\/2022\/09\/A7E87778-00FC-4A95-984C-15549321BD39-scaled.jpeg","jetpack_sharing_enabled":true,"_links":{"self":[{"href":"https:\/\/www.public.sn\/index.php\/wp-json\/wp\/v2\/posts\/2141","targetHints":{"allow":["GET"]}}],"collection":[{"href":"https:\/\/www.public.sn\/index.php\/wp-json\/wp\/v2\/posts"}],"about":[{"href":"https:\/\/www.public.sn\/index.php\/wp-json\/wp\/v2\/types\/post"}],"author":[{"embeddable":true,"href":"https:\/\/www.public.sn\/index.php\/wp-json\/wp\/v2\/users\/1"}],"replies":[{"embeddable":true,"href":"https:\/\/www.public.sn\/index.php\/wp-json\/wp\/v2\/comments?post=2141"}],"version-history":[{"count":1,"href":"https:\/\/www.public.sn\/index.php\/wp-json\/wp\/v2\/posts\/2141\/revisions"}],"predecessor-version":[{"id":2143,"href":"https:\/\/www.public.sn\/index.php\/wp-json\/wp\/v2\/posts\/2141\/revisions\/2143"}],"wp:featuredmedia":[{"embeddable":true,"href":"https:\/\/www.public.sn\/index.php\/wp-json\/wp\/v2\/media\/2142"}],"wp:attachment":[{"href":"https:\/\/www.public.sn\/index.php\/wp-json\/wp\/v2\/media?parent=2141"}],"wp:term":[{"taxonomy":"category","embeddable":true,"href":"https:\/\/www.public.sn\/index.php\/wp-json\/wp\/v2\/categories?post=2141"},{"taxonomy":"post_tag","embeddable":true,"href":"https:\/\/www.public.sn\/index.php\/wp-json\/wp\/v2\/tags?post=2141"}],"curies":[{"name":"wp","href":"https:\/\/api.w.org\/{rel}","templated":true}]}}