{"id":2147,"date":"2022-09-18T08:14:14","date_gmt":"2022-09-18T08:14:14","guid":{"rendered":"https:\/\/www.public.sn\/?p=2147"},"modified":"2022-09-18T08:22:57","modified_gmt":"2022-09-18T08:22:57","slug":"remaniement-qui-son-ces-huit-08-femmes-ministres-du-nouveau-gouvernement","status":"publish","type":"post","link":"https:\/\/www.public.sn\/index.php\/2022\/09\/18\/remaniement-qui-son-ces-huit-08-femmes-ministres-du-nouveau-gouvernement\/","title":{"rendered":"Remaniement: Qui sont ces huit (08) femmes ministres du nouveau gouvernement ?"},"content":{"rendered":"\n<p>Le gouvernement Amadou Ba I a \u00e9t\u00e9 form\u00e9 ce samedi soir apr\u00e8s de longues attentes. Il est compos\u00e9 de 38 ministres dont 8 femmes.<\/p><div class=\"publi-paragraphe1\" style=\"margin-top: 10px;margin-bottom: 10px;margin-left: auto;margin-right: auto;text-align: center;\" id=\"publi-1891332071\"><div class=\"publi-adlabel\">Publicit\u00e9<\/div><script async src=\"\/\/pagead2.googlesyndication.com\/pagead\/js\/adsbygoogle.js?client=ca-pub-4089586018074219\" crossorigin=\"anonymous\"><\/script><ins class=\"adsbygoogle\" style=\"display:block;\" data-ad-client=\"ca-pub-4089586018074219\" \ndata-ad-slot=\"2087940154\" \ndata-ad-format=\"auto\"><\/ins>\n<script> \n(adsbygoogle = window.adsbygoogle || []).push({}); \n<\/script>\n<\/div>\n\n\n\n<p>Huit femmes ont fait leur entr\u00e9e dans le nouvel attelage gouvernemental. Il s\u2019agit de A\u00efssata Tall Sall, ministre des Affaires \u00e9trang\u00e8res et des S\u00e9n\u00e9galais de l\u2019ext\u00e9rieur, de Annette Seck, ministre aupr\u00e8s du ministre des Affaires \u00e9trang\u00e8res, de Oulimata Sarr, ministre de l\u2019Economie, du plan et de la coop\u00e9ration, de Marie Khemesse Ngom Ndiaye, ministre de la Sant\u00e9 et de l\u2019action sociale, de Fatou Dian\u00e9, ministre de la Femme, de la famille, du Genre et de la Protection des enfants, de Sophie Gladima, ministre du P\u00e9trole et des \u00e9nergies, de Victorine Ndeye, ministre de la Microfinance, de l\u2019\u00e9conomie sociale et solidaire et de Mariama Sarr ministre de l\u2019Emploi, de la formation professionnelle, de l\u2019apprentissage et de l\u2019insertion.<\/p>\n<div class=\"publi-apres-le-contenu\" style=\"margin-top: 10px;margin-bottom: 10px;margin-left: auto;margin-right: auto;text-align: center;\" id=\"publi-1480549244\"><div class=\"publi-adlabel\">Publicit\u00e9<\/div><script async src=\"\/\/pagead2.googlesyndication.com\/pagead\/js\/adsbygoogle.js?client=ca-pub-4089586018074219\" crossorigin=\"anonymous\"><\/script><ins class=\"adsbygoogle\" style=\"display:block;\" data-ad-client=\"ca-pub-4089586018074219\" \ndata-ad-slot=\"2087940154\" \ndata-ad-format=\"auto\"><\/ins>\n<script> \n(adsbygoogle = window.adsbygoogle || []).push({}); \n<\/script>\n<\/div>","protected":false},"excerpt":{"rendered":"<p>Le gouvernement Amadou Ba I a \u00e9t\u00e9 form\u00e9 ce samedi soir apr\u00e8s de longues attentes. Il est compos\u00e9 de 38 ministres dont 8 femmes. Huit femmes ont fait leur entr\u00e9e dans le nouvel attelage gouvernemental. Il s\u2019agit de A\u00efssata Tall Sall, ministre des Affaires \u00e9trang\u00e8res et des S\u00e9n\u00e9galais de l\u2019ext\u00e9rieur, de Annette Seck, ministre aupr\u00e8s du ministre des Affaires \u00e9trang\u00e8res, de Oulimata Sarr, ministre de l\u2019Economie, du plan et de la coop\u00e9ration, de Marie Khemesse Ngom Ndiaye, ministre de la Sant\u00e9 et de l\u2019action sociale, de Fatou Dian\u00e9, ministre de la Femme, de la famille, du Genre et de la Protection des enfants, de Sophie Gladima, ministre du P\u00e9trole et des \u00e9nergies, de Victorine Ndeye, ministre de la Microfinance, de l\u2019\u00e9conomie sociale et solidaire et de Mariama Sarr ministre de l\u2019Emploi, de la formation professionnelle, de l\u2019apprentissage et de l\u2019insertion.<\/p>\n","protected":false},"author":1,"featured_media":2148,"comment_status":"open","ping_status":"open","sticky":false,"template":"","format":"standard","meta":{"_jetpack_memberships_contains_paid_content":false,"footnotes":""},"categories":[375,3,372],"tags":[744,11,807,14],"class_list":["post-2147","post","type-post","status-publish","format-standard","has-post-thumbnail","hentry","category-actualites","category-politique","category-vedette","tag-amadou-ba","tag-macky-sall","tag-ministres-femmes","tag-nouveau-gouvernement","entry","has-media","owp-thumbs-layout-horizontal","owp-btn-normal","owp-tabs-layout-horizontal","has-no-thumbnails","has-product-nav"],"yoast_head":"<!-- This site is optimized with the Yoast SEO plugin v25.5 - https:\/\/yoast.com\/wordpress\/plugins\/seo\/ -->\n<title>Remaniement: Qui sont ces huit (08) femmes ministres du nouveau gouvernement ? - LE PUBLIC<\/title>\n<meta name=\"robots\" content=\"index, follow, max-snippet:-1, max-image-preview:large, max-video-preview:-1\" \/>\n<link rel=\"canonical\" href=\"https:\/\/www.public.sn\/index.php\/2022\/09\/18\/remaniement-qui-son-ces-huit-08-femmes-ministres-du-nouveau-gouvernement\/\" \/>\n<meta property=\"og:locale\" content=\"fr_FR\" \/>\n<meta property=\"og:type\" content=\"article\" \/>\n<meta property=\"og:title\" content=\"Remaniement: Qui sont ces huit (08) femmes ministres du nouveau gouvernement ? - LE PUBLIC\" \/>\n<meta property=\"og:description\" content=\"Le gouvernement Amadou Ba I a \u00e9t\u00e9 form\u00e9 ce samedi soir apr\u00e8s de longues attentes. Il est compos\u00e9 de 38 ministres dont 8 femmes. Huit femmes ont fait leur entr\u00e9e dans le nouvel attelage gouvernemental. Il s\u2019agit de A\u00efssata Tall Sall, ministre des Affaires \u00e9trang\u00e8res et des S\u00e9n\u00e9galais de l\u2019ext\u00e9rieur, de Annette Seck, ministre aupr\u00e8s du ministre des Affaires \u00e9trang\u00e8res, de Oulimata Sarr, ministre de l\u2019Economie, du plan et de la coop\u00e9ration, de Marie Khemesse Ngom Ndiaye, ministre de la Sant\u00e9 et de l\u2019action sociale, de Fatou Dian\u00e9, ministre de la Femme, de la famille, du Genre et de la Protection des enfants, de Sophie Gladima, ministre du P\u00e9trole et des \u00e9nergies, de Victorine Ndeye, ministre de la Microfinance, de l\u2019\u00e9conomie sociale et solidaire et de Mariama Sarr ministre de l\u2019Emploi, de la formation professionnelle, de l\u2019apprentissage et de l\u2019insertion.\" \/>\n<meta property=\"og:url\" content=\"https:\/\/www.public.sn\/index.php\/2022\/09\/18\/remaniement-qui-son-ces-huit-08-femmes-ministres-du-nouveau-gouvernement\/\" \/>\n<meta property=\"og:site_name\" content=\"LE PUBLIC\" \/>\n<meta property=\"article:published_time\" content=\"2022-09-18T08:14:14+00:00\" \/>\n<meta property=\"article:modified_time\" content=\"2022-09-18T08:22:57+00:00\" \/>\n<meta property=\"og:image\" content=\"https:\/\/www.public.sn\/wp-content\/uploads\/2022\/09\/2E17D600-CF11-4B2A-BCCB-E179A77AA9C8.jpeg\" \/>\n\t<meta property=\"og:image:width\" content=\"600\" \/>\n\t<meta property=\"og:image:height\" content=\"400\" \/>\n\t<meta property=\"og:image:type\" content=\"image\/jpeg\" \/>\n<meta name=\"author\" content=\"LA REDACTION\" \/>\n<meta name=\"twitter:card\" content=\"summary_large_image\" \/>\n<meta name=\"twitter:label1\" content=\"\u00c9crit par\" \/>\n\t<meta name=\"twitter:data1\" content=\"LA REDACTION\" \/>\n\t<meta name=\"twitter:label2\" content=\"Dur\u00e9e de lecture estim\u00e9e\" \/>\n\t<meta name=\"twitter:data2\" content=\"1 minute\" \/>\n<script type=\"application\/ld+json\" class=\"yoast-schema-graph\">{\"@context\":\"https:\/\/schema.org\",\"@graph\":[{\"@type\":\"Article\",\"@id\":\"https:\/\/www.public.sn\/index.php\/2022\/09\/18\/remaniement-qui-son-ces-huit-08-femmes-ministres-du-nouveau-gouvernement\/#article\",\"isPartOf\":{\"@id\":\"https:\/\/www.public.sn\/index.php\/2022\/09\/18\/remaniement-qui-son-ces-huit-08-femmes-ministres-du-nouveau-gouvernement\/\"},\"author\":{\"name\":\"LA REDACTION\",\"@id\":\"https:\/\/www.public.sn\/#\/schema\/person\/e3f4a11b037d4203902db148f9bc8d5a\"},\"headline\":\"Remaniement: Qui sont ces huit (08) femmes ministres du nouveau gouvernement ?\",\"datePublished\":\"2022-09-18T08:14:14+00:00\",\"dateModified\":\"2022-09-18T08:22:57+00:00\",\"mainEntityOfPage\":{\"@id\":\"https:\/\/www.public.sn\/index.php\/2022\/09\/18\/remaniement-qui-son-ces-huit-08-femmes-ministres-du-nouveau-gouvernement\/\"},\"wordCount\":167,\"commentCount\":0,\"publisher\":{\"@id\":\"https:\/\/www.public.sn\/#organization\"},\"image\":{\"@id\":\"https:\/\/www.public.sn\/index.php\/2022\/09\/18\/remaniement-qui-son-ces-huit-08-femmes-ministres-du-nouveau-gouvernement\/#primaryimage\"},\"thumbnailUrl\":\"https:\/\/www.public.sn\/wp-content\/uploads\/2022\/09\/2E17D600-CF11-4B2A-BCCB-E179A77AA9C8.jpeg\",\"keywords\":[\"Amadou Ba\",\"Macky Sall\",\"ministres femmes\",\"Nouveau Gouvernement\"],\"articleSection\":[\"ACTUALIT\u00c9S\",\"POLITIQUE\",\"VEDETTE\"],\"inLanguage\":\"fr-FR\",\"potentialAction\":[{\"@type\":\"CommentAction\",\"name\":\"Comment\",\"target\":[\"https:\/\/www.public.sn\/index.php\/2022\/09\/18\/remaniement-qui-son-ces-huit-08-femmes-ministres-du-nouveau-gouvernement\/#respond\"]}]},{\"@type\":\"WebPage\",\"@id\":\"https:\/\/www.public.sn\/index.php\/2022\/09\/18\/remaniement-qui-son-ces-huit-08-femmes-ministres-du-nouveau-gouvernement\/\",\"url\":\"https:\/\/www.public.sn\/index.php\/2022\/09\/18\/remaniement-qui-son-ces-huit-08-femmes-ministres-du-nouveau-gouvernement\/\",\"name\":\"Remaniement: Qui sont ces huit (08) femmes ministres du nouveau gouvernement ? - LE PUBLIC\",\"isPartOf\":{\"@id\":\"https:\/\/www.public.sn\/#website\"},\"primaryImageOfPage\":{\"@id\":\"https:\/\/www.public.sn\/index.php\/2022\/09\/18\/remaniement-qui-son-ces-huit-08-femmes-ministres-du-nouveau-gouvernement\/#primaryimage\"},\"image\":{\"@id\":\"https:\/\/www.public.sn\/index.php\/2022\/09\/18\/remaniement-qui-son-ces-huit-08-femmes-ministres-du-nouveau-gouvernement\/#primaryimage\"},\"thumbnailUrl\":\"https:\/\/www.public.sn\/wp-content\/uploads\/2022\/09\/2E17D600-CF11-4B2A-BCCB-E179A77AA9C8.jpeg\",\"datePublished\":\"2022-09-18T08:14:14+00:00\",\"dateModified\":\"2022-09-18T08:22:57+00:00\",\"breadcrumb\":{\"@id\":\"https:\/\/www.public.sn\/index.php\/2022\/09\/18\/remaniement-qui-son-ces-huit-08-femmes-ministres-du-nouveau-gouvernement\/#breadcrumb\"},\"inLanguage\":\"fr-FR\",\"potentialAction\":[{\"@type\":\"ReadAction\",\"target\":[\"https:\/\/www.public.sn\/index.php\/2022\/09\/18\/remaniement-qui-son-ces-huit-08-femmes-ministres-du-nouveau-gouvernement\/\"]}]},{\"@type\":\"ImageObject\",\"inLanguage\":\"fr-FR\",\"@id\":\"https:\/\/www.public.sn\/index.php\/2022\/09\/18\/remaniement-qui-son-ces-huit-08-femmes-ministres-du-nouveau-gouvernement\/#primaryimage\",\"url\":\"https:\/\/www.public.sn\/wp-content\/uploads\/2022\/09\/2E17D600-CF11-4B2A-BCCB-E179A77AA9C8.jpeg\",\"contentUrl\":\"https:\/\/www.public.sn\/wp-content\/uploads\/2022\/09\/2E17D600-CF11-4B2A-BCCB-E179A77AA9C8.jpeg\",\"width\":600,\"height\":400},{\"@type\":\"BreadcrumbList\",\"@id\":\"https:\/\/www.public.sn\/index.php\/2022\/09\/18\/remaniement-qui-son-ces-huit-08-femmes-ministres-du-nouveau-gouvernement\/#breadcrumb\",\"itemListElement\":[{\"@type\":\"ListItem\",\"position\":1,\"name\":\"Accueil\",\"item\":\"https:\/\/www.public.sn\/\"},{\"@type\":\"ListItem\",\"position\":2,\"name\":\"Remaniement: Qui sont ces huit (08) femmes ministres du nouveau gouvernement ?\"}]},{\"@type\":\"WebSite\",\"@id\":\"https:\/\/www.public.sn\/#website\",\"url\":\"https:\/\/www.public.sn\/\",\"name\":\"LE PUBLIC\",\"description\":\"\",\"publisher\":{\"@id\":\"https:\/\/www.public.sn\/#organization\"},\"potentialAction\":[{\"@type\":\"SearchAction\",\"target\":{\"@type\":\"EntryPoint\",\"urlTemplate\":\"https:\/\/www.public.sn\/?s={search_term_string}\"},\"query-input\":{\"@type\":\"PropertyValueSpecification\",\"valueRequired\":true,\"valueName\":\"search_term_string\"}}],\"inLanguage\":\"fr-FR\"},{\"@type\":\"Organization\",\"@id\":\"https:\/\/www.public.sn\/#organization\",\"name\":\"LE PUBLIC\",\"url\":\"https:\/\/www.public.sn\/\",\"logo\":{\"@type\":\"ImageObject\",\"inLanguage\":\"fr-FR\",\"@id\":\"https:\/\/www.public.sn\/#\/schema\/logo\/image\/\",\"url\":\"https:\/\/www.public.sn\/wp-content\/uploads\/2024\/05\/cropped-LOGO-PUBLIC.SN_.png\",\"contentUrl\":\"https:\/\/www.public.sn\/wp-content\/uploads\/2024\/05\/cropped-LOGO-PUBLIC.SN_.png\",\"width\":682,\"height\":192,\"caption\":\"LE PUBLIC\"},\"image\":{\"@id\":\"https:\/\/www.public.sn\/#\/schema\/logo\/image\/\"}},{\"@type\":\"Person\",\"@id\":\"https:\/\/www.public.sn\/#\/schema\/person\/e3f4a11b037d4203902db148f9bc8d5a\",\"name\":\"LA REDACTION\",\"image\":{\"@type\":\"ImageObject\",\"inLanguage\":\"fr-FR\",\"@id\":\"https:\/\/www.public.sn\/#\/schema\/person\/image\/\",\"url\":\"https:\/\/secure.gravatar.com\/avatar\/d6c030db45db2883c075085c5d6c6258654a801a93766b49af0b82d4f454e2a5?s=96&d=mm&r=g\",\"contentUrl\":\"https:\/\/secure.gravatar.com\/avatar\/d6c030db45db2883c075085c5d6c6258654a801a93766b49af0b82d4f454e2a5?s=96&d=mm&r=g\",\"caption\":\"LA REDACTION\"},\"sameAs\":[\"http:\/\/www.public.sn\"],\"url\":\"https:\/\/www.public.sn\/index.php\/author\/admin7324\/\"}]}<\/script>\n<!-- \/ Yoast SEO plugin. -->","yoast_head_json":{"title":"Remaniement: Qui sont ces huit (08) femmes ministres du nouveau gouvernement ? - LE PUBLIC","robots":{"index":"index","follow":"follow","max-snippet":"max-snippet:-1","max-image-preview":"max-image-preview:large","max-video-preview":"max-video-preview:-1"},"canonical":"https:\/\/www.public.sn\/index.php\/2022\/09\/18\/remaniement-qui-son-ces-huit-08-femmes-ministres-du-nouveau-gouvernement\/","og_locale":"fr_FR","og_type":"article","og_title":"Remaniement: Qui sont ces huit (08) femmes ministres du nouveau gouvernement ? - LE PUBLIC","og_description":"Le gouvernement Amadou Ba I a \u00e9t\u00e9 form\u00e9 ce samedi soir apr\u00e8s de longues attentes. Il est compos\u00e9 de 38 ministres dont 8 femmes. Huit femmes ont fait leur entr\u00e9e dans le nouvel attelage gouvernemental. Il s\u2019agit de A\u00efssata Tall Sall, ministre des Affaires \u00e9trang\u00e8res et des S\u00e9n\u00e9galais de l\u2019ext\u00e9rieur, de Annette Seck, ministre aupr\u00e8s du ministre des Affaires \u00e9trang\u00e8res, de Oulimata Sarr, ministre de l\u2019Economie, du plan et de la coop\u00e9ration, de Marie Khemesse Ngom Ndiaye, ministre de la Sant\u00e9 et de l\u2019action sociale, de Fatou Dian\u00e9, ministre de la Femme, de la famille, du Genre et de la Protection des enfants, de Sophie Gladima, ministre du P\u00e9trole et des \u00e9nergies, de Victorine Ndeye, ministre de la Microfinance, de l\u2019\u00e9conomie sociale et solidaire et de Mariama Sarr ministre de l\u2019Emploi, de la formation professionnelle, de l\u2019apprentissage et de l\u2019insertion.","og_url":"https:\/\/www.public.sn\/index.php\/2022\/09\/18\/remaniement-qui-son-ces-huit-08-femmes-ministres-du-nouveau-gouvernement\/","og_site_name":"LE PUBLIC","article_published_time":"2022-09-18T08:14:14+00:00","article_modified_time":"2022-09-18T08:22:57+00:00","og_image":[{"width":600,"height":400,"url":"https:\/\/www.public.sn\/wp-content\/uploads\/2022\/09\/2E17D600-CF11-4B2A-BCCB-E179A77AA9C8.jpeg","type":"image\/jpeg"}],"author":"LA REDACTION","twitter_card":"summary_large_image","twitter_misc":{"\u00c9crit par":"LA REDACTION","Dur\u00e9e de lecture estim\u00e9e":"1 minute"},"schema":{"@context":"https:\/\/schema.org","@graph":[{"@type":"Article","@id":"https:\/\/www.public.sn\/index.php\/2022\/09\/18\/remaniement-qui-son-ces-huit-08-femmes-ministres-du-nouveau-gouvernement\/#article","isPartOf":{"@id":"https:\/\/www.public.sn\/index.php\/2022\/09\/18\/remaniement-qui-son-ces-huit-08-femmes-ministres-du-nouveau-gouvernement\/"},"author":{"name":"LA REDACTION","@id":"https:\/\/www.public.sn\/#\/schema\/person\/e3f4a11b037d4203902db148f9bc8d5a"},"headline":"Remaniement: Qui sont ces huit (08) femmes ministres du nouveau gouvernement ?","datePublished":"2022-09-18T08:14:14+00:00","dateModified":"2022-09-18T08:22:57+00:00","mainEntityOfPage":{"@id":"https:\/\/www.public.sn\/index.php\/2022\/09\/18\/remaniement-qui-son-ces-huit-08-femmes-ministres-du-nouveau-gouvernement\/"},"wordCount":167,"commentCount":0,"publisher":{"@id":"https:\/\/www.public.sn\/#organization"},"image":{"@id":"https:\/\/www.public.sn\/index.php\/2022\/09\/18\/remaniement-qui-son-ces-huit-08-femmes-ministres-du-nouveau-gouvernement\/#primaryimage"},"thumbnailUrl":"https:\/\/www.public.sn\/wp-content\/uploads\/2022\/09\/2E17D600-CF11-4B2A-BCCB-E179A77AA9C8.jpeg","keywords":["Amadou Ba","Macky Sall","ministres femmes","Nouveau Gouvernement"],"articleSection":["ACTUALIT\u00c9S","POLITIQUE","VEDETTE"],"inLanguage":"fr-FR","potentialAction":[{"@type":"CommentAction","name":"Comment","target":["https:\/\/www.public.sn\/index.php\/2022\/09\/18\/remaniement-qui-son-ces-huit-08-femmes-ministres-du-nouveau-gouvernement\/#respond"]}]},{"@type":"WebPage","@id":"https:\/\/www.public.sn\/index.php\/2022\/09\/18\/remaniement-qui-son-ces-huit-08-femmes-ministres-du-nouveau-gouvernement\/","url":"https:\/\/www.public.sn\/index.php\/2022\/09\/18\/remaniement-qui-son-ces-huit-08-femmes-ministres-du-nouveau-gouvernement\/","name":"Remaniement: Qui sont ces huit (08) femmes ministres du nouveau gouvernement ? - LE PUBLIC","isPartOf":{"@id":"https:\/\/www.public.sn\/#website"},"primaryImageOfPage":{"@id":"https:\/\/www.public.sn\/index.php\/2022\/09\/18\/remaniement-qui-son-ces-huit-08-femmes-ministres-du-nouveau-gouvernement\/#primaryimage"},"image":{"@id":"https:\/\/www.public.sn\/index.php\/2022\/09\/18\/remaniement-qui-son-ces-huit-08-femmes-ministres-du-nouveau-gouvernement\/#primaryimage"},"thumbnailUrl":"https:\/\/www.public.sn\/wp-content\/uploads\/2022\/09\/2E17D600-CF11-4B2A-BCCB-E179A77AA9C8.jpeg","datePublished":"2022-09-18T08:14:14+00:00","dateModified":"2022-09-18T08:22:57+00:00","breadcrumb":{"@id":"https:\/\/www.public.sn\/index.php\/2022\/09\/18\/remaniement-qui-son-ces-huit-08-femmes-ministres-du-nouveau-gouvernement\/#breadcrumb"},"inLanguage":"fr-FR","potentialAction":[{"@type":"ReadAction","target":["https:\/\/www.public.sn\/index.php\/2022\/09\/18\/remaniement-qui-son-ces-huit-08-femmes-ministres-du-nouveau-gouvernement\/"]}]},{"@type":"ImageObject","inLanguage":"fr-FR","@id":"https:\/\/www.public.sn\/index.php\/2022\/09\/18\/remaniement-qui-son-ces-huit-08-femmes-ministres-du-nouveau-gouvernement\/#primaryimage","url":"https:\/\/www.public.sn\/wp-content\/uploads\/2022\/09\/2E17D600-CF11-4B2A-BCCB-E179A77AA9C8.jpeg","contentUrl":"https:\/\/www.public.sn\/wp-content\/uploads\/2022\/09\/2E17D600-CF11-4B2A-BCCB-E179A77AA9C8.jpeg","width":600,"height":400},{"@type":"BreadcrumbList","@id":"https:\/\/www.public.sn\/index.php\/2022\/09\/18\/remaniement-qui-son-ces-huit-08-femmes-ministres-du-nouveau-gouvernement\/#breadcrumb","itemListElement":[{"@type":"ListItem","position":1,"name":"Accueil","item":"https:\/\/www.public.sn\/"},{"@type":"ListItem","position":2,"name":"Remaniement: Qui sont ces huit (08) femmes ministres du nouveau gouvernement ?"}]},{"@type":"WebSite","@id":"https:\/\/www.public.sn\/#website","url":"https:\/\/www.public.sn\/","name":"LE PUBLIC","description":"","publisher":{"@id":"https:\/\/www.public.sn\/#organization"},"potentialAction":[{"@type":"SearchAction","target":{"@type":"EntryPoint","urlTemplate":"https:\/\/www.public.sn\/?s={search_term_string}"},"query-input":{"@type":"PropertyValueSpecification","valueRequired":true,"valueName":"search_term_string"}}],"inLanguage":"fr-FR"},{"@type":"Organization","@id":"https:\/\/www.public.sn\/#organization","name":"LE PUBLIC","url":"https:\/\/www.public.sn\/","logo":{"@type":"ImageObject","inLanguage":"fr-FR","@id":"https:\/\/www.public.sn\/#\/schema\/logo\/image\/","url":"https:\/\/www.public.sn\/wp-content\/uploads\/2024\/05\/cropped-LOGO-PUBLIC.SN_.png","contentUrl":"https:\/\/www.public.sn\/wp-content\/uploads\/2024\/05\/cropped-LOGO-PUBLIC.SN_.png","width":682,"height":192,"caption":"LE PUBLIC"},"image":{"@id":"https:\/\/www.public.sn\/#\/schema\/logo\/image\/"}},{"@type":"Person","@id":"https:\/\/www.public.sn\/#\/schema\/person\/e3f4a11b037d4203902db148f9bc8d5a","name":"LA REDACTION","image":{"@type":"ImageObject","inLanguage":"fr-FR","@id":"https:\/\/www.public.sn\/#\/schema\/person\/image\/","url":"https:\/\/secure.gravatar.com\/avatar\/d6c030db45db2883c075085c5d6c6258654a801a93766b49af0b82d4f454e2a5?s=96&d=mm&r=g","contentUrl":"https:\/\/secure.gravatar.com\/avatar\/d6c030db45db2883c075085c5d6c6258654a801a93766b49af0b82d4f454e2a5?s=96&d=mm&r=g","caption":"LA REDACTION"},"sameAs":["http:\/\/www.public.sn"],"url":"https:\/\/www.public.sn\/index.php\/author\/admin7324\/"}]}},"jetpack_featured_media_url":"https:\/\/www.public.sn\/wp-content\/uploads\/2022\/09\/2E17D600-CF11-4B2A-BCCB-E179A77AA9C8.jpeg","jetpack_sharing_enabled":true,"_links":{"self":[{"href":"https:\/\/www.public.sn\/index.php\/wp-json\/wp\/v2\/posts\/2147","targetHints":{"allow":["GET"]}}],"collection":[{"href":"https:\/\/www.public.sn\/index.php\/wp-json\/wp\/v2\/posts"}],"about":[{"href":"https:\/\/www.public.sn\/index.php\/wp-json\/wp\/v2\/types\/post"}],"author":[{"embeddable":true,"href":"https:\/\/www.public.sn\/index.php\/wp-json\/wp\/v2\/users\/1"}],"replies":[{"embeddable":true,"href":"https:\/\/www.public.sn\/index.php\/wp-json\/wp\/v2\/comments?post=2147"}],"version-history":[{"count":2,"href":"https:\/\/www.public.sn\/index.php\/wp-json\/wp\/v2\/posts\/2147\/revisions"}],"predecessor-version":[{"id":2153,"href":"https:\/\/www.public.sn\/index.php\/wp-json\/wp\/v2\/posts\/2147\/revisions\/2153"}],"wp:featuredmedia":[{"embeddable":true,"href":"https:\/\/www.public.sn\/index.php\/wp-json\/wp\/v2\/media\/2148"}],"wp:attachment":[{"href":"https:\/\/www.public.sn\/index.php\/wp-json\/wp\/v2\/media?parent=2147"}],"wp:term":[{"taxonomy":"category","embeddable":true,"href":"https:\/\/www.public.sn\/index.php\/wp-json\/wp\/v2\/categories?post=2147"},{"taxonomy":"post_tag","embeddable":true,"href":"https:\/\/www.public.sn\/index.php\/wp-json\/wp\/v2\/tags?post=2147"}],"curies":[{"name":"wp","href":"https:\/\/api.w.org\/{rel}","templated":true}]}}