{"id":2150,"date":"2022-09-18T08:22:13","date_gmt":"2022-09-18T08:22:13","guid":{"rendered":"https:\/\/www.public.sn\/?p=2150"},"modified":"2022-09-18T08:22:14","modified_gmt":"2022-09-18T08:22:14","slug":"la-nomination-de-serigne-mbaye-thiam-cree-un-malaise-dans-le-ps","status":"publish","type":"post","link":"https:\/\/www.public.sn\/index.php\/2022\/09\/18\/la-nomination-de-serigne-mbaye-thiam-cree-un-malaise-dans-le-ps\/","title":{"rendered":"La nomination de Serigne Mbaye Thiam cr\u00e9e un malaise dans le Ps."},"content":{"rendered":"\n<p>La reconduction de Serigne Mbaye Thiam, ministre de l\u2019Eau et de l\u2019Assainissement dans le gouvernement de Amadou Ba n\u2019est pas du go\u00fbt de certains responsables socialistes dont Aly Man\u00e9. Il a exprim\u00e9 son m\u00e9contentement sur les ondes de la RFM.\u00a0<\/p><div class=\"publi-paragraphe1\" style=\"margin-top: 10px;margin-bottom: 10px;margin-left: auto;margin-right: auto;text-align: center;\" id=\"publi-1620218102\"><div class=\"publi-adlabel\">Publicit\u00e9<\/div><script async src=\"\/\/pagead2.googlesyndication.com\/pagead\/js\/adsbygoogle.js?client=ca-pub-4089586018074219\" crossorigin=\"anonymous\"><\/script><ins class=\"adsbygoogle\" style=\"display:block;\" data-ad-client=\"ca-pub-4089586018074219\" \ndata-ad-slot=\"2087940154\" \ndata-ad-format=\"auto\"><\/ins>\n<script> \n(adsbygoogle = window.adsbygoogle || []).push({}); \n<\/script>\n<\/div>\n\n\n\n<p>\u201c<em>Par principe, je le conteste. Et ce n\u2019est pas moi seul qui conteste cette reconduction. Il y a une jeunesse. Il y a des militants, des membres du bureau politique et du secr\u00e9tariat ex\u00e9cutif qui contestent \u00e7a. Si madame la secr\u00e9taire g\u00e9n\u00e9rale (Aminata Mbengue Ndiaye) est complice, on va combattre toute personne qui veut g\u00e9rer notre parti de cette fa\u00e7on. Nous ne demandons pas d\u2019\u00eatre nomm\u00e9, mais comme l\u2019AFP l\u2019a fait, nous voulons que le ministre qui est l\u00e0 depuis 8 ans soit remplac\u00e9<\/em>\u201d, a dit Aly Man\u00e9.<\/p>\n\n\n\n<p>Selon lui, quand on parle de Parti socialiste, on doit parler de solidarit\u00e9 et de justice sociale. \u201c<em>\u00c0 cet effet, je lance un appel \u00e0 tous les camarades de se regrouper et de dire non. Nous ne l\u2019acceptons pas et nous n\u2019allons pas l\u2019accepter<\/em>\u201d.<\/p>\n<div class=\"publi-apres-le-contenu\" style=\"margin-top: 10px;margin-bottom: 10px;margin-left: auto;margin-right: auto;text-align: center;\" id=\"publi-1990721967\"><div class=\"publi-adlabel\">Publicit\u00e9<\/div><script async src=\"\/\/pagead2.googlesyndication.com\/pagead\/js\/adsbygoogle.js?client=ca-pub-4089586018074219\" crossorigin=\"anonymous\"><\/script><ins class=\"adsbygoogle\" style=\"display:block;\" data-ad-client=\"ca-pub-4089586018074219\" \ndata-ad-slot=\"2087940154\" \ndata-ad-format=\"auto\"><\/ins>\n<script> \n(adsbygoogle = window.adsbygoogle || []).push({}); \n<\/script>\n<\/div>","protected":false},"excerpt":{"rendered":"<p>La reconduction de Serigne Mbaye Thiam, ministre de l\u2019Eau et de l\u2019Assainissement dans le gouvernement de Amadou Ba n\u2019est pas du go\u00fbt de certains responsables socialistes dont Aly Man\u00e9. Il a exprim\u00e9 son m\u00e9contentement sur les ondes de la RFM.\u00a0 \u201cPar principe, je le conteste. Et ce n\u2019est pas moi seul qui conteste cette reconduction. Il y a une jeunesse. Il y a des militants, des membres du bureau politique et du secr\u00e9tariat ex\u00e9cutif qui contestent \u00e7a. Si madame la secr\u00e9taire g\u00e9n\u00e9rale (Aminata Mbengue Ndiaye) est complice, on va combattre toute personne qui veut g\u00e9rer notre parti de cette fa\u00e7on. Nous ne demandons pas d\u2019\u00eatre nomm\u00e9, mais comme l\u2019AFP l\u2019a fait, nous voulons que le ministre qui est l\u00e0 depuis 8 ans soit remplac\u00e9\u201d, a dit Aly Man\u00e9. Selon lui, quand on parle de Parti socialiste, on doit parler de solidarit\u00e9 et de justice sociale. \u201c\u00c0 cet effet, je lance un appel \u00e0 tous les camarades de se regrouper et de dire non. Nous ne l\u2019acceptons pas et nous n\u2019allons pas l\u2019accepter\u201d.<\/p>\n","protected":false},"author":1,"featured_media":2151,"comment_status":"open","ping_status":"open","sticky":false,"template":"","format":"standard","meta":{"_jetpack_memberships_contains_paid_content":false,"footnotes":""},"categories":[375,3],"tags":[744,479,11,20,809,808],"class_list":["post-2150","post","type-post","status-publish","format-standard","has-post-thumbnail","hentry","category-actualites","category-politique","tag-amadou-ba","tag-benno","tag-macky-sall","tag-presidentielle-2024","tag-ps","tag-serigne-mbaye-thiam-2","entry","has-media","owp-thumbs-layout-horizontal","owp-btn-normal","owp-tabs-layout-horizontal","has-no-thumbnails","has-product-nav"],"yoast_head":"<!-- This site is optimized with the Yoast SEO plugin v25.5 - https:\/\/yoast.com\/wordpress\/plugins\/seo\/ -->\n<title>La nomination de Serigne Mbaye Thiam cr\u00e9e un malaise dans le Ps. - LE PUBLIC<\/title>\n<meta name=\"robots\" content=\"index, follow, max-snippet:-1, max-image-preview:large, max-video-preview:-1\" \/>\n<link rel=\"canonical\" href=\"https:\/\/www.public.sn\/index.php\/2022\/09\/18\/la-nomination-de-serigne-mbaye-thiam-cree-un-malaise-dans-le-ps\/\" \/>\n<meta property=\"og:locale\" content=\"fr_FR\" \/>\n<meta property=\"og:type\" content=\"article\" \/>\n<meta property=\"og:title\" content=\"La nomination de Serigne Mbaye Thiam cr\u00e9e un malaise dans le Ps. - LE PUBLIC\" \/>\n<meta property=\"og:description\" content=\"La reconduction de Serigne Mbaye Thiam, ministre de l\u2019Eau et de l\u2019Assainissement dans le gouvernement de Amadou Ba n\u2019est pas du go\u00fbt de certains responsables socialistes dont Aly Man\u00e9. Il a exprim\u00e9 son m\u00e9contentement sur les ondes de la RFM.\u00a0 \u201cPar principe, je le conteste. Et ce n\u2019est pas moi seul qui conteste cette reconduction. Il y a une jeunesse. Il y a des militants, des membres du bureau politique et du secr\u00e9tariat ex\u00e9cutif qui contestent \u00e7a. Si madame la secr\u00e9taire g\u00e9n\u00e9rale (Aminata Mbengue Ndiaye) est complice, on va combattre toute personne qui veut g\u00e9rer notre parti de cette fa\u00e7on. Nous ne demandons pas d\u2019\u00eatre nomm\u00e9, mais comme l\u2019AFP l\u2019a fait, nous voulons que le ministre qui est l\u00e0 depuis 8 ans soit remplac\u00e9\u201d, a dit Aly Man\u00e9. Selon lui, quand on parle de Parti socialiste, on doit parler de solidarit\u00e9 et de justice sociale. \u201c\u00c0 cet effet, je lance un appel \u00e0 tous les camarades de se regrouper et de dire non. Nous ne l\u2019acceptons pas et nous n\u2019allons pas l\u2019accepter\u201d.\" \/>\n<meta property=\"og:url\" content=\"https:\/\/www.public.sn\/index.php\/2022\/09\/18\/la-nomination-de-serigne-mbaye-thiam-cree-un-malaise-dans-le-ps\/\" \/>\n<meta property=\"og:site_name\" content=\"LE PUBLIC\" \/>\n<meta property=\"article:published_time\" content=\"2022-09-18T08:22:13+00:00\" \/>\n<meta property=\"article:modified_time\" content=\"2022-09-18T08:22:14+00:00\" \/>\n<meta property=\"og:image\" content=\"https:\/\/www.public.sn\/wp-content\/uploads\/2022\/09\/3C09864D-F7EC-49B2-BF01-68A9AE139AEE.jpeg\" \/>\n\t<meta property=\"og:image:width\" content=\"650\" \/>\n\t<meta property=\"og:image:height\" content=\"512\" \/>\n\t<meta property=\"og:image:type\" content=\"image\/jpeg\" \/>\n<meta name=\"author\" content=\"LA REDACTION\" \/>\n<meta name=\"twitter:card\" content=\"summary_large_image\" \/>\n<meta name=\"twitter:label1\" content=\"\u00c9crit par\" \/>\n\t<meta name=\"twitter:data1\" content=\"LA REDACTION\" \/>\n\t<meta name=\"twitter:label2\" content=\"Dur\u00e9e de lecture estim\u00e9e\" \/>\n\t<meta name=\"twitter:data2\" content=\"1 minute\" \/>\n<script type=\"application\/ld+json\" class=\"yoast-schema-graph\">{\"@context\":\"https:\/\/schema.org\",\"@graph\":[{\"@type\":\"Article\",\"@id\":\"https:\/\/www.public.sn\/index.php\/2022\/09\/18\/la-nomination-de-serigne-mbaye-thiam-cree-un-malaise-dans-le-ps\/#article\",\"isPartOf\":{\"@id\":\"https:\/\/www.public.sn\/index.php\/2022\/09\/18\/la-nomination-de-serigne-mbaye-thiam-cree-un-malaise-dans-le-ps\/\"},\"author\":{\"name\":\"LA REDACTION\",\"@id\":\"https:\/\/www.public.sn\/#\/schema\/person\/e3f4a11b037d4203902db148f9bc8d5a\"},\"headline\":\"La nomination de Serigne Mbaye Thiam cr\u00e9e un malaise dans le Ps.\",\"datePublished\":\"2022-09-18T08:22:13+00:00\",\"dateModified\":\"2022-09-18T08:22:14+00:00\",\"mainEntityOfPage\":{\"@id\":\"https:\/\/www.public.sn\/index.php\/2022\/09\/18\/la-nomination-de-serigne-mbaye-thiam-cree-un-malaise-dans-le-ps\/\"},\"wordCount\":201,\"commentCount\":0,\"publisher\":{\"@id\":\"https:\/\/www.public.sn\/#organization\"},\"image\":{\"@id\":\"https:\/\/www.public.sn\/index.php\/2022\/09\/18\/la-nomination-de-serigne-mbaye-thiam-cree-un-malaise-dans-le-ps\/#primaryimage\"},\"thumbnailUrl\":\"https:\/\/www.public.sn\/wp-content\/uploads\/2022\/09\/3C09864D-F7EC-49B2-BF01-68A9AE139AEE.jpeg\",\"keywords\":[\"Amadou Ba\",\"Benno\",\"Macky Sall\",\"Pr\u00e9sidentielle 2024\",\"Ps\",\"S\u00e9rigne Mbaye Thiam\"],\"articleSection\":[\"ACTUALIT\u00c9S\",\"POLITIQUE\"],\"inLanguage\":\"fr-FR\",\"potentialAction\":[{\"@type\":\"CommentAction\",\"name\":\"Comment\",\"target\":[\"https:\/\/www.public.sn\/index.php\/2022\/09\/18\/la-nomination-de-serigne-mbaye-thiam-cree-un-malaise-dans-le-ps\/#respond\"]}]},{\"@type\":\"WebPage\",\"@id\":\"https:\/\/www.public.sn\/index.php\/2022\/09\/18\/la-nomination-de-serigne-mbaye-thiam-cree-un-malaise-dans-le-ps\/\",\"url\":\"https:\/\/www.public.sn\/index.php\/2022\/09\/18\/la-nomination-de-serigne-mbaye-thiam-cree-un-malaise-dans-le-ps\/\",\"name\":\"La nomination de Serigne Mbaye Thiam cr\u00e9e un malaise dans le Ps. - LE PUBLIC\",\"isPartOf\":{\"@id\":\"https:\/\/www.public.sn\/#website\"},\"primaryImageOfPage\":{\"@id\":\"https:\/\/www.public.sn\/index.php\/2022\/09\/18\/la-nomination-de-serigne-mbaye-thiam-cree-un-malaise-dans-le-ps\/#primaryimage\"},\"image\":{\"@id\":\"https:\/\/www.public.sn\/index.php\/2022\/09\/18\/la-nomination-de-serigne-mbaye-thiam-cree-un-malaise-dans-le-ps\/#primaryimage\"},\"thumbnailUrl\":\"https:\/\/www.public.sn\/wp-content\/uploads\/2022\/09\/3C09864D-F7EC-49B2-BF01-68A9AE139AEE.jpeg\",\"datePublished\":\"2022-09-18T08:22:13+00:00\",\"dateModified\":\"2022-09-18T08:22:14+00:00\",\"breadcrumb\":{\"@id\":\"https:\/\/www.public.sn\/index.php\/2022\/09\/18\/la-nomination-de-serigne-mbaye-thiam-cree-un-malaise-dans-le-ps\/#breadcrumb\"},\"inLanguage\":\"fr-FR\",\"potentialAction\":[{\"@type\":\"ReadAction\",\"target\":[\"https:\/\/www.public.sn\/index.php\/2022\/09\/18\/la-nomination-de-serigne-mbaye-thiam-cree-un-malaise-dans-le-ps\/\"]}]},{\"@type\":\"ImageObject\",\"inLanguage\":\"fr-FR\",\"@id\":\"https:\/\/www.public.sn\/index.php\/2022\/09\/18\/la-nomination-de-serigne-mbaye-thiam-cree-un-malaise-dans-le-ps\/#primaryimage\",\"url\":\"https:\/\/www.public.sn\/wp-content\/uploads\/2022\/09\/3C09864D-F7EC-49B2-BF01-68A9AE139AEE.jpeg\",\"contentUrl\":\"https:\/\/www.public.sn\/wp-content\/uploads\/2022\/09\/3C09864D-F7EC-49B2-BF01-68A9AE139AEE.jpeg\",\"width\":650,\"height\":512},{\"@type\":\"BreadcrumbList\",\"@id\":\"https:\/\/www.public.sn\/index.php\/2022\/09\/18\/la-nomination-de-serigne-mbaye-thiam-cree-un-malaise-dans-le-ps\/#breadcrumb\",\"itemListElement\":[{\"@type\":\"ListItem\",\"position\":1,\"name\":\"Accueil\",\"item\":\"https:\/\/www.public.sn\/\"},{\"@type\":\"ListItem\",\"position\":2,\"name\":\"La nomination de Serigne Mbaye Thiam cr\u00e9e un malaise dans le Ps.\"}]},{\"@type\":\"WebSite\",\"@id\":\"https:\/\/www.public.sn\/#website\",\"url\":\"https:\/\/www.public.sn\/\",\"name\":\"LE PUBLIC\",\"description\":\"\",\"publisher\":{\"@id\":\"https:\/\/www.public.sn\/#organization\"},\"potentialAction\":[{\"@type\":\"SearchAction\",\"target\":{\"@type\":\"EntryPoint\",\"urlTemplate\":\"https:\/\/www.public.sn\/?s={search_term_string}\"},\"query-input\":{\"@type\":\"PropertyValueSpecification\",\"valueRequired\":true,\"valueName\":\"search_term_string\"}}],\"inLanguage\":\"fr-FR\"},{\"@type\":\"Organization\",\"@id\":\"https:\/\/www.public.sn\/#organization\",\"name\":\"LE PUBLIC\",\"url\":\"https:\/\/www.public.sn\/\",\"logo\":{\"@type\":\"ImageObject\",\"inLanguage\":\"fr-FR\",\"@id\":\"https:\/\/www.public.sn\/#\/schema\/logo\/image\/\",\"url\":\"https:\/\/www.public.sn\/wp-content\/uploads\/2024\/05\/cropped-LOGO-PUBLIC.SN_.png\",\"contentUrl\":\"https:\/\/www.public.sn\/wp-content\/uploads\/2024\/05\/cropped-LOGO-PUBLIC.SN_.png\",\"width\":682,\"height\":192,\"caption\":\"LE PUBLIC\"},\"image\":{\"@id\":\"https:\/\/www.public.sn\/#\/schema\/logo\/image\/\"}},{\"@type\":\"Person\",\"@id\":\"https:\/\/www.public.sn\/#\/schema\/person\/e3f4a11b037d4203902db148f9bc8d5a\",\"name\":\"LA REDACTION\",\"image\":{\"@type\":\"ImageObject\",\"inLanguage\":\"fr-FR\",\"@id\":\"https:\/\/www.public.sn\/#\/schema\/person\/image\/\",\"url\":\"https:\/\/secure.gravatar.com\/avatar\/d6c030db45db2883c075085c5d6c6258654a801a93766b49af0b82d4f454e2a5?s=96&d=mm&r=g\",\"contentUrl\":\"https:\/\/secure.gravatar.com\/avatar\/d6c030db45db2883c075085c5d6c6258654a801a93766b49af0b82d4f454e2a5?s=96&d=mm&r=g\",\"caption\":\"LA REDACTION\"},\"sameAs\":[\"http:\/\/www.public.sn\"],\"url\":\"https:\/\/www.public.sn\/index.php\/author\/admin7324\/\"}]}<\/script>\n<!-- \/ Yoast SEO plugin. -->","yoast_head_json":{"title":"La nomination de Serigne Mbaye Thiam cr\u00e9e un malaise dans le Ps. - LE PUBLIC","robots":{"index":"index","follow":"follow","max-snippet":"max-snippet:-1","max-image-preview":"max-image-preview:large","max-video-preview":"max-video-preview:-1"},"canonical":"https:\/\/www.public.sn\/index.php\/2022\/09\/18\/la-nomination-de-serigne-mbaye-thiam-cree-un-malaise-dans-le-ps\/","og_locale":"fr_FR","og_type":"article","og_title":"La nomination de Serigne Mbaye Thiam cr\u00e9e un malaise dans le Ps. - LE PUBLIC","og_description":"La reconduction de Serigne Mbaye Thiam, ministre de l\u2019Eau et de l\u2019Assainissement dans le gouvernement de Amadou Ba n\u2019est pas du go\u00fbt de certains responsables socialistes dont Aly Man\u00e9. Il a exprim\u00e9 son m\u00e9contentement sur les ondes de la RFM.\u00a0 \u201cPar principe, je le conteste. Et ce n\u2019est pas moi seul qui conteste cette reconduction. Il y a une jeunesse. Il y a des militants, des membres du bureau politique et du secr\u00e9tariat ex\u00e9cutif qui contestent \u00e7a. Si madame la secr\u00e9taire g\u00e9n\u00e9rale (Aminata Mbengue Ndiaye) est complice, on va combattre toute personne qui veut g\u00e9rer notre parti de cette fa\u00e7on. Nous ne demandons pas d\u2019\u00eatre nomm\u00e9, mais comme l\u2019AFP l\u2019a fait, nous voulons que le ministre qui est l\u00e0 depuis 8 ans soit remplac\u00e9\u201d, a dit Aly Man\u00e9. Selon lui, quand on parle de Parti socialiste, on doit parler de solidarit\u00e9 et de justice sociale. \u201c\u00c0 cet effet, je lance un appel \u00e0 tous les camarades de se regrouper et de dire non. Nous ne l\u2019acceptons pas et nous n\u2019allons pas l\u2019accepter\u201d.","og_url":"https:\/\/www.public.sn\/index.php\/2022\/09\/18\/la-nomination-de-serigne-mbaye-thiam-cree-un-malaise-dans-le-ps\/","og_site_name":"LE PUBLIC","article_published_time":"2022-09-18T08:22:13+00:00","article_modified_time":"2022-09-18T08:22:14+00:00","og_image":[{"width":650,"height":512,"url":"https:\/\/www.public.sn\/wp-content\/uploads\/2022\/09\/3C09864D-F7EC-49B2-BF01-68A9AE139AEE.jpeg","type":"image\/jpeg"}],"author":"LA REDACTION","twitter_card":"summary_large_image","twitter_misc":{"\u00c9crit par":"LA REDACTION","Dur\u00e9e de lecture estim\u00e9e":"1 minute"},"schema":{"@context":"https:\/\/schema.org","@graph":[{"@type":"Article","@id":"https:\/\/www.public.sn\/index.php\/2022\/09\/18\/la-nomination-de-serigne-mbaye-thiam-cree-un-malaise-dans-le-ps\/#article","isPartOf":{"@id":"https:\/\/www.public.sn\/index.php\/2022\/09\/18\/la-nomination-de-serigne-mbaye-thiam-cree-un-malaise-dans-le-ps\/"},"author":{"name":"LA REDACTION","@id":"https:\/\/www.public.sn\/#\/schema\/person\/e3f4a11b037d4203902db148f9bc8d5a"},"headline":"La nomination de Serigne Mbaye Thiam cr\u00e9e un malaise dans le Ps.","datePublished":"2022-09-18T08:22:13+00:00","dateModified":"2022-09-18T08:22:14+00:00","mainEntityOfPage":{"@id":"https:\/\/www.public.sn\/index.php\/2022\/09\/18\/la-nomination-de-serigne-mbaye-thiam-cree-un-malaise-dans-le-ps\/"},"wordCount":201,"commentCount":0,"publisher":{"@id":"https:\/\/www.public.sn\/#organization"},"image":{"@id":"https:\/\/www.public.sn\/index.php\/2022\/09\/18\/la-nomination-de-serigne-mbaye-thiam-cree-un-malaise-dans-le-ps\/#primaryimage"},"thumbnailUrl":"https:\/\/www.public.sn\/wp-content\/uploads\/2022\/09\/3C09864D-F7EC-49B2-BF01-68A9AE139AEE.jpeg","keywords":["Amadou Ba","Benno","Macky Sall","Pr\u00e9sidentielle 2024","Ps","S\u00e9rigne Mbaye Thiam"],"articleSection":["ACTUALIT\u00c9S","POLITIQUE"],"inLanguage":"fr-FR","potentialAction":[{"@type":"CommentAction","name":"Comment","target":["https:\/\/www.public.sn\/index.php\/2022\/09\/18\/la-nomination-de-serigne-mbaye-thiam-cree-un-malaise-dans-le-ps\/#respond"]}]},{"@type":"WebPage","@id":"https:\/\/www.public.sn\/index.php\/2022\/09\/18\/la-nomination-de-serigne-mbaye-thiam-cree-un-malaise-dans-le-ps\/","url":"https:\/\/www.public.sn\/index.php\/2022\/09\/18\/la-nomination-de-serigne-mbaye-thiam-cree-un-malaise-dans-le-ps\/","name":"La nomination de Serigne Mbaye Thiam cr\u00e9e un malaise dans le Ps. - LE PUBLIC","isPartOf":{"@id":"https:\/\/www.public.sn\/#website"},"primaryImageOfPage":{"@id":"https:\/\/www.public.sn\/index.php\/2022\/09\/18\/la-nomination-de-serigne-mbaye-thiam-cree-un-malaise-dans-le-ps\/#primaryimage"},"image":{"@id":"https:\/\/www.public.sn\/index.php\/2022\/09\/18\/la-nomination-de-serigne-mbaye-thiam-cree-un-malaise-dans-le-ps\/#primaryimage"},"thumbnailUrl":"https:\/\/www.public.sn\/wp-content\/uploads\/2022\/09\/3C09864D-F7EC-49B2-BF01-68A9AE139AEE.jpeg","datePublished":"2022-09-18T08:22:13+00:00","dateModified":"2022-09-18T08:22:14+00:00","breadcrumb":{"@id":"https:\/\/www.public.sn\/index.php\/2022\/09\/18\/la-nomination-de-serigne-mbaye-thiam-cree-un-malaise-dans-le-ps\/#breadcrumb"},"inLanguage":"fr-FR","potentialAction":[{"@type":"ReadAction","target":["https:\/\/www.public.sn\/index.php\/2022\/09\/18\/la-nomination-de-serigne-mbaye-thiam-cree-un-malaise-dans-le-ps\/"]}]},{"@type":"ImageObject","inLanguage":"fr-FR","@id":"https:\/\/www.public.sn\/index.php\/2022\/09\/18\/la-nomination-de-serigne-mbaye-thiam-cree-un-malaise-dans-le-ps\/#primaryimage","url":"https:\/\/www.public.sn\/wp-content\/uploads\/2022\/09\/3C09864D-F7EC-49B2-BF01-68A9AE139AEE.jpeg","contentUrl":"https:\/\/www.public.sn\/wp-content\/uploads\/2022\/09\/3C09864D-F7EC-49B2-BF01-68A9AE139AEE.jpeg","width":650,"height":512},{"@type":"BreadcrumbList","@id":"https:\/\/www.public.sn\/index.php\/2022\/09\/18\/la-nomination-de-serigne-mbaye-thiam-cree-un-malaise-dans-le-ps\/#breadcrumb","itemListElement":[{"@type":"ListItem","position":1,"name":"Accueil","item":"https:\/\/www.public.sn\/"},{"@type":"ListItem","position":2,"name":"La nomination de Serigne Mbaye Thiam cr\u00e9e un malaise dans le Ps."}]},{"@type":"WebSite","@id":"https:\/\/www.public.sn\/#website","url":"https:\/\/www.public.sn\/","name":"LE PUBLIC","description":"","publisher":{"@id":"https:\/\/www.public.sn\/#organization"},"potentialAction":[{"@type":"SearchAction","target":{"@type":"EntryPoint","urlTemplate":"https:\/\/www.public.sn\/?s={search_term_string}"},"query-input":{"@type":"PropertyValueSpecification","valueRequired":true,"valueName":"search_term_string"}}],"inLanguage":"fr-FR"},{"@type":"Organization","@id":"https:\/\/www.public.sn\/#organization","name":"LE PUBLIC","url":"https:\/\/www.public.sn\/","logo":{"@type":"ImageObject","inLanguage":"fr-FR","@id":"https:\/\/www.public.sn\/#\/schema\/logo\/image\/","url":"https:\/\/www.public.sn\/wp-content\/uploads\/2024\/05\/cropped-LOGO-PUBLIC.SN_.png","contentUrl":"https:\/\/www.public.sn\/wp-content\/uploads\/2024\/05\/cropped-LOGO-PUBLIC.SN_.png","width":682,"height":192,"caption":"LE PUBLIC"},"image":{"@id":"https:\/\/www.public.sn\/#\/schema\/logo\/image\/"}},{"@type":"Person","@id":"https:\/\/www.public.sn\/#\/schema\/person\/e3f4a11b037d4203902db148f9bc8d5a","name":"LA REDACTION","image":{"@type":"ImageObject","inLanguage":"fr-FR","@id":"https:\/\/www.public.sn\/#\/schema\/person\/image\/","url":"https:\/\/secure.gravatar.com\/avatar\/d6c030db45db2883c075085c5d6c6258654a801a93766b49af0b82d4f454e2a5?s=96&d=mm&r=g","contentUrl":"https:\/\/secure.gravatar.com\/avatar\/d6c030db45db2883c075085c5d6c6258654a801a93766b49af0b82d4f454e2a5?s=96&d=mm&r=g","caption":"LA REDACTION"},"sameAs":["http:\/\/www.public.sn"],"url":"https:\/\/www.public.sn\/index.php\/author\/admin7324\/"}]}},"jetpack_featured_media_url":"https:\/\/www.public.sn\/wp-content\/uploads\/2022\/09\/3C09864D-F7EC-49B2-BF01-68A9AE139AEE.jpeg","jetpack_sharing_enabled":true,"_links":{"self":[{"href":"https:\/\/www.public.sn\/index.php\/wp-json\/wp\/v2\/posts\/2150","targetHints":{"allow":["GET"]}}],"collection":[{"href":"https:\/\/www.public.sn\/index.php\/wp-json\/wp\/v2\/posts"}],"about":[{"href":"https:\/\/www.public.sn\/index.php\/wp-json\/wp\/v2\/types\/post"}],"author":[{"embeddable":true,"href":"https:\/\/www.public.sn\/index.php\/wp-json\/wp\/v2\/users\/1"}],"replies":[{"embeddable":true,"href":"https:\/\/www.public.sn\/index.php\/wp-json\/wp\/v2\/comments?post=2150"}],"version-history":[{"count":1,"href":"https:\/\/www.public.sn\/index.php\/wp-json\/wp\/v2\/posts\/2150\/revisions"}],"predecessor-version":[{"id":2152,"href":"https:\/\/www.public.sn\/index.php\/wp-json\/wp\/v2\/posts\/2150\/revisions\/2152"}],"wp:featuredmedia":[{"embeddable":true,"href":"https:\/\/www.public.sn\/index.php\/wp-json\/wp\/v2\/media\/2151"}],"wp:attachment":[{"href":"https:\/\/www.public.sn\/index.php\/wp-json\/wp\/v2\/media?parent=2150"}],"wp:term":[{"taxonomy":"category","embeddable":true,"href":"https:\/\/www.public.sn\/index.php\/wp-json\/wp\/v2\/categories?post=2150"},{"taxonomy":"post_tag","embeddable":true,"href":"https:\/\/www.public.sn\/index.php\/wp-json\/wp\/v2\/tags?post=2150"}],"curies":[{"name":"wp","href":"https:\/\/api.w.org\/{rel}","templated":true}]}}