{"id":2154,"date":"2022-09-18T08:36:26","date_gmt":"2022-09-18T08:36:26","guid":{"rendered":"https:\/\/www.public.sn\/?p=2154"},"modified":"2022-09-18T08:36:27","modified_gmt":"2022-09-18T08:36:27","slug":"portrait-de-mame-mbaye-niang-ministre-du-tourisme-et-des-loisirs","status":"publish","type":"post","link":"https:\/\/www.public.sn\/index.php\/2022\/09\/18\/portrait-de-mame-mbaye-niang-ministre-du-tourisme-et-des-loisirs\/","title":{"rendered":"Portrait de Mame Mbaye Niang, ministre du Tourisme et des Loisirs."},"content":{"rendered":"\n<p>Ancien Ministre de la Jeunesse, de l\u2019Emploi et de la Construction citoyenne, Mame Mbaye Niang est un cadre de l\u2019aviation civile. C\u2019est en juillet 2014, Mame Mbaye Niang fait son entr\u00e9e dans le gouvernement comme ministre. Sa mission consistait \u00e0 mettre en \u0153uvre la politique d\u00e9finie par le chef de l\u2019Etat en mati\u00e8re de jeunesse, d\u2019emploi et de promotion des valeurs civiques. Le ministre de la Jeunesse, de l\u2019Emploi et de la Construction citoyenne a pr\u00e9c\u00e9demment \u00e9t\u00e9 pr\u00e9sident du Conseil de Surveillance de la Haute autorit\u00e9 de l\u2019a\u00e9roport L\u00e9opold Sedar Senghor avant d\u2019\u00eatre mut\u00e9 \u00e0 la pr\u00e9sidence du Conseil d\u2019administration de l\u2019A\u00e9roport International Blaise Diagne. Avec un Baccalaur\u00e9at en s\u00e9rie D obtenue en 1998, il a int\u00e9gr\u00e9 l\u2019Ecole africaine de la m\u00e9t\u00e9orologie et de l\u2019aviation civile apr\u00e8s un bref passage \u00e0 l\u2019Ucad. Mame Mbaye Niang est d\u00e9tenteur d\u2019un dipl\u00f4me de Contr\u00f4leur de la navigation a\u00e9rienne en 2004. En 2007, il d\u00e9crocha son dipl\u00f4me d\u2019ing\u00e9nieur technologue \u00e0 l\u2019Institut africain de management. L\u2019ex ministre de la jeunesse, de l\u2019Emploi et de la construction citoyenne est le fils du d\u00e9put\u00e9 Imam Mbaye Niang, actuel leader du Mouvement de la r\u00e9forme pour le d\u00e9veloppement social (Mrds). Mame Mbaye Niang se d\u00e9marque de la trajectoire trac\u00e9e par son p\u00e8re. Il a choisi d\u2019arborer les couleurs de l\u2019Alliance pour la R\u00e9publique (Apr). Au sein de la Convergence des jeunes r\u00e9publicains, il a \u00e9t\u00e9 port\u00e9 \u00e0 la t\u00eate du secr\u00e9tariat g\u00e9n\u00e9ral charg\u00e9 des relations avec les jeunes du parti.<\/p><div class=\"publi-paragraphe1\" style=\"margin-top: 10px;margin-bottom: 10px;margin-left: auto;margin-right: auto;text-align: center;\" id=\"publi-1461565214\"><div class=\"publi-adlabel\">Publicit\u00e9<\/div><script async src=\"\/\/pagead2.googlesyndication.com\/pagead\/js\/adsbygoogle.js?client=ca-pub-4089586018074219\" crossorigin=\"anonymous\"><\/script><ins class=\"adsbygoogle\" style=\"display:block;\" data-ad-client=\"ca-pub-4089586018074219\" \ndata-ad-slot=\"2087940154\" \ndata-ad-format=\"auto\"><\/ins>\n<script> \n(adsbygoogle = window.adsbygoogle || []).push({}); \n<\/script>\n<\/div>\n\n\n\n<p>Hier dans la soir\u00e9e, il est nomm\u00e9 par le Pr\u00e9sident de la R\u00e9publique Macky Sall, ministre du Tourisme et des Loisirs.<\/p>\n<div class=\"publi-apres-le-contenu\" style=\"margin-top: 10px;margin-bottom: 10px;margin-left: auto;margin-right: auto;text-align: center;\" id=\"publi-781361434\"><div class=\"publi-adlabel\">Publicit\u00e9<\/div><script async src=\"\/\/pagead2.googlesyndication.com\/pagead\/js\/adsbygoogle.js?client=ca-pub-4089586018074219\" crossorigin=\"anonymous\"><\/script><ins class=\"adsbygoogle\" style=\"display:block;\" data-ad-client=\"ca-pub-4089586018074219\" \ndata-ad-slot=\"2087940154\" \ndata-ad-format=\"auto\"><\/ins>\n<script> \n(adsbygoogle = window.adsbygoogle || []).push({}); \n<\/script>\n<\/div>","protected":false},"excerpt":{"rendered":"<p>Ancien Ministre de la Jeunesse, de l\u2019Emploi et de la Construction citoyenne, Mame Mbaye Niang est un cadre de l\u2019aviation civile. C\u2019est en juillet 2014, Mame Mbaye Niang fait son entr\u00e9e dans le gouvernement comme ministre. Sa mission consistait \u00e0 mettre en \u0153uvre la politique d\u00e9finie par le chef de l\u2019Etat en mati\u00e8re de jeunesse, d\u2019emploi et de promotion des valeurs civiques. Le ministre de la Jeunesse, de l\u2019Emploi et de la Construction citoyenne a pr\u00e9c\u00e9demment \u00e9t\u00e9 pr\u00e9sident du Conseil de Surveillance de la Haute autorit\u00e9 de l\u2019a\u00e9roport L\u00e9opold Sedar Senghor avant d\u2019\u00eatre mut\u00e9 \u00e0 la pr\u00e9sidence du Conseil d\u2019administration de l\u2019A\u00e9roport International Blaise Diagne. Avec un Baccalaur\u00e9at en s\u00e9rie D obtenue en 1998, il a int\u00e9gr\u00e9 l\u2019Ecole africaine de la m\u00e9t\u00e9orologie et de l\u2019aviation civile apr\u00e8s un bref passage \u00e0 l\u2019Ucad. Mame Mbaye Niang est d\u00e9tenteur d\u2019un dipl\u00f4me de Contr\u00f4leur de la navigation a\u00e9rienne en 2004. En 2007, il d\u00e9crocha son dipl\u00f4me d\u2019ing\u00e9nieur technologue \u00e0 l\u2019Institut africain de management. L\u2019ex ministre de la jeunesse, de l\u2019Emploi et de la construction citoyenne est le fils du d\u00e9put\u00e9 Imam Mbaye Niang, actuel leader du Mouvement de la r\u00e9forme pour le d\u00e9veloppement social (Mrds). Mame Mbaye Niang se d\u00e9marque de la trajectoire trac\u00e9e par son p\u00e8re. Il a choisi d\u2019arborer les couleurs de l\u2019Alliance pour la R\u00e9publique (Apr). Au sein de la Convergence des jeunes r\u00e9publicains, il a \u00e9t\u00e9 port\u00e9 \u00e0 la t\u00eate du secr\u00e9tariat g\u00e9n\u00e9ral charg\u00e9 des relations avec les jeunes du parti. Hier dans la soir\u00e9e, il est nomm\u00e9 par le Pr\u00e9sident de la R\u00e9publique Macky Sall, ministre du Tourisme et des Loisirs.<\/p>\n","protected":false},"author":1,"featured_media":2155,"comment_status":"open","ping_status":"open","sticky":false,"template":"","format":"standard","meta":{"_jetpack_memberships_contains_paid_content":false,"footnotes":""},"categories":[375,3],"tags":[810,11,293,20],"class_list":["post-2154","post","type-post","status-publish","format-standard","has-post-thumbnail","hentry","category-actualites","category-politique","tag-loisirs-tourisme","tag-macky-sall","tag-mame-mbaye-niang","tag-presidentielle-2024","entry","has-media","owp-thumbs-layout-horizontal","owp-btn-normal","owp-tabs-layout-horizontal","has-no-thumbnails","has-product-nav"],"yoast_head":"<!-- This site is optimized with the Yoast SEO plugin v25.5 - https:\/\/yoast.com\/wordpress\/plugins\/seo\/ -->\n<title>Portrait de Mame Mbaye Niang, ministre du Tourisme et des Loisirs. - LE PUBLIC<\/title>\n<meta name=\"robots\" content=\"index, follow, max-snippet:-1, max-image-preview:large, max-video-preview:-1\" \/>\n<link rel=\"canonical\" href=\"https:\/\/www.public.sn\/index.php\/2022\/09\/18\/portrait-de-mame-mbaye-niang-ministre-du-tourisme-et-des-loisirs\/\" \/>\n<meta property=\"og:locale\" content=\"fr_FR\" \/>\n<meta property=\"og:type\" content=\"article\" \/>\n<meta property=\"og:title\" content=\"Portrait de Mame Mbaye Niang, ministre du Tourisme et des Loisirs. - LE PUBLIC\" \/>\n<meta property=\"og:description\" content=\"Ancien Ministre de la Jeunesse, de l\u2019Emploi et de la Construction citoyenne, Mame Mbaye Niang est un cadre de l\u2019aviation civile. C\u2019est en juillet 2014, Mame Mbaye Niang fait son entr\u00e9e dans le gouvernement comme ministre. Sa mission consistait \u00e0 mettre en \u0153uvre la politique d\u00e9finie par le chef de l\u2019Etat en mati\u00e8re de jeunesse, d\u2019emploi et de promotion des valeurs civiques. Le ministre de la Jeunesse, de l\u2019Emploi et de la Construction citoyenne a pr\u00e9c\u00e9demment \u00e9t\u00e9 pr\u00e9sident du Conseil de Surveillance de la Haute autorit\u00e9 de l\u2019a\u00e9roport L\u00e9opold Sedar Senghor avant d\u2019\u00eatre mut\u00e9 \u00e0 la pr\u00e9sidence du Conseil d\u2019administration de l\u2019A\u00e9roport International Blaise Diagne. Avec un Baccalaur\u00e9at en s\u00e9rie D obtenue en 1998, il a int\u00e9gr\u00e9 l\u2019Ecole africaine de la m\u00e9t\u00e9orologie et de l\u2019aviation civile apr\u00e8s un bref passage \u00e0 l\u2019Ucad. Mame Mbaye Niang est d\u00e9tenteur d\u2019un dipl\u00f4me de Contr\u00f4leur de la navigation a\u00e9rienne en 2004. En 2007, il d\u00e9crocha son dipl\u00f4me d\u2019ing\u00e9nieur technologue \u00e0 l\u2019Institut africain de management. L\u2019ex ministre de la jeunesse, de l\u2019Emploi et de la construction citoyenne est le fils du d\u00e9put\u00e9 Imam Mbaye Niang, actuel leader du Mouvement de la r\u00e9forme pour le d\u00e9veloppement social (Mrds). Mame Mbaye Niang se d\u00e9marque de la trajectoire trac\u00e9e par son p\u00e8re. Il a choisi d\u2019arborer les couleurs de l\u2019Alliance pour la R\u00e9publique (Apr). Au sein de la Convergence des jeunes r\u00e9publicains, il a \u00e9t\u00e9 port\u00e9 \u00e0 la t\u00eate du secr\u00e9tariat g\u00e9n\u00e9ral charg\u00e9 des relations avec les jeunes du parti. Hier dans la soir\u00e9e, il est nomm\u00e9 par le Pr\u00e9sident de la R\u00e9publique Macky Sall, ministre du Tourisme et des Loisirs.\" \/>\n<meta property=\"og:url\" content=\"https:\/\/www.public.sn\/index.php\/2022\/09\/18\/portrait-de-mame-mbaye-niang-ministre-du-tourisme-et-des-loisirs\/\" \/>\n<meta property=\"og:site_name\" content=\"LE PUBLIC\" \/>\n<meta property=\"article:published_time\" content=\"2022-09-18T08:36:26+00:00\" \/>\n<meta property=\"article:modified_time\" content=\"2022-09-18T08:36:27+00:00\" \/>\n<meta property=\"og:image\" content=\"https:\/\/www.public.sn\/wp-content\/uploads\/2022\/09\/A542C806-4280-4E9C-86EB-E02533087931.jpeg\" \/>\n\t<meta property=\"og:image:width\" content=\"916\" \/>\n\t<meta property=\"og:image:height\" content=\"583\" \/>\n\t<meta property=\"og:image:type\" content=\"image\/jpeg\" \/>\n<meta name=\"author\" content=\"LA REDACTION\" \/>\n<meta name=\"twitter:card\" content=\"summary_large_image\" \/>\n<meta name=\"twitter:label1\" content=\"\u00c9crit par\" \/>\n\t<meta name=\"twitter:data1\" content=\"LA REDACTION\" \/>\n\t<meta name=\"twitter:label2\" content=\"Dur\u00e9e de lecture estim\u00e9e\" \/>\n\t<meta name=\"twitter:data2\" content=\"2 minutes\" \/>\n<script type=\"application\/ld+json\" class=\"yoast-schema-graph\">{\"@context\":\"https:\/\/schema.org\",\"@graph\":[{\"@type\":\"Article\",\"@id\":\"https:\/\/www.public.sn\/index.php\/2022\/09\/18\/portrait-de-mame-mbaye-niang-ministre-du-tourisme-et-des-loisirs\/#article\",\"isPartOf\":{\"@id\":\"https:\/\/www.public.sn\/index.php\/2022\/09\/18\/portrait-de-mame-mbaye-niang-ministre-du-tourisme-et-des-loisirs\/\"},\"author\":{\"name\":\"LA REDACTION\",\"@id\":\"https:\/\/www.public.sn\/#\/schema\/person\/e3f4a11b037d4203902db148f9bc8d5a\"},\"headline\":\"Portrait de Mame Mbaye Niang, ministre du Tourisme et des Loisirs.\",\"datePublished\":\"2022-09-18T08:36:26+00:00\",\"dateModified\":\"2022-09-18T08:36:27+00:00\",\"mainEntityOfPage\":{\"@id\":\"https:\/\/www.public.sn\/index.php\/2022\/09\/18\/portrait-de-mame-mbaye-niang-ministre-du-tourisme-et-des-loisirs\/\"},\"wordCount\":323,\"commentCount\":0,\"publisher\":{\"@id\":\"https:\/\/www.public.sn\/#organization\"},\"image\":{\"@id\":\"https:\/\/www.public.sn\/index.php\/2022\/09\/18\/portrait-de-mame-mbaye-niang-ministre-du-tourisme-et-des-loisirs\/#primaryimage\"},\"thumbnailUrl\":\"https:\/\/www.public.sn\/wp-content\/uploads\/2022\/09\/A542C806-4280-4E9C-86EB-E02533087931.jpeg\",\"keywords\":[\"Loisirs &amp; Tourisme\",\"Macky Sall\",\"Mame Mbaye Niang\",\"Pr\u00e9sidentielle 2024\"],\"articleSection\":[\"ACTUALIT\u00c9S\",\"POLITIQUE\"],\"inLanguage\":\"fr-FR\",\"potentialAction\":[{\"@type\":\"CommentAction\",\"name\":\"Comment\",\"target\":[\"https:\/\/www.public.sn\/index.php\/2022\/09\/18\/portrait-de-mame-mbaye-niang-ministre-du-tourisme-et-des-loisirs\/#respond\"]}]},{\"@type\":\"WebPage\",\"@id\":\"https:\/\/www.public.sn\/index.php\/2022\/09\/18\/portrait-de-mame-mbaye-niang-ministre-du-tourisme-et-des-loisirs\/\",\"url\":\"https:\/\/www.public.sn\/index.php\/2022\/09\/18\/portrait-de-mame-mbaye-niang-ministre-du-tourisme-et-des-loisirs\/\",\"name\":\"Portrait de Mame Mbaye Niang, ministre du Tourisme et des Loisirs. - LE PUBLIC\",\"isPartOf\":{\"@id\":\"https:\/\/www.public.sn\/#website\"},\"primaryImageOfPage\":{\"@id\":\"https:\/\/www.public.sn\/index.php\/2022\/09\/18\/portrait-de-mame-mbaye-niang-ministre-du-tourisme-et-des-loisirs\/#primaryimage\"},\"image\":{\"@id\":\"https:\/\/www.public.sn\/index.php\/2022\/09\/18\/portrait-de-mame-mbaye-niang-ministre-du-tourisme-et-des-loisirs\/#primaryimage\"},\"thumbnailUrl\":\"https:\/\/www.public.sn\/wp-content\/uploads\/2022\/09\/A542C806-4280-4E9C-86EB-E02533087931.jpeg\",\"datePublished\":\"2022-09-18T08:36:26+00:00\",\"dateModified\":\"2022-09-18T08:36:27+00:00\",\"breadcrumb\":{\"@id\":\"https:\/\/www.public.sn\/index.php\/2022\/09\/18\/portrait-de-mame-mbaye-niang-ministre-du-tourisme-et-des-loisirs\/#breadcrumb\"},\"inLanguage\":\"fr-FR\",\"potentialAction\":[{\"@type\":\"ReadAction\",\"target\":[\"https:\/\/www.public.sn\/index.php\/2022\/09\/18\/portrait-de-mame-mbaye-niang-ministre-du-tourisme-et-des-loisirs\/\"]}]},{\"@type\":\"ImageObject\",\"inLanguage\":\"fr-FR\",\"@id\":\"https:\/\/www.public.sn\/index.php\/2022\/09\/18\/portrait-de-mame-mbaye-niang-ministre-du-tourisme-et-des-loisirs\/#primaryimage\",\"url\":\"https:\/\/www.public.sn\/wp-content\/uploads\/2022\/09\/A542C806-4280-4E9C-86EB-E02533087931.jpeg\",\"contentUrl\":\"https:\/\/www.public.sn\/wp-content\/uploads\/2022\/09\/A542C806-4280-4E9C-86EB-E02533087931.jpeg\",\"width\":916,\"height\":583},{\"@type\":\"BreadcrumbList\",\"@id\":\"https:\/\/www.public.sn\/index.php\/2022\/09\/18\/portrait-de-mame-mbaye-niang-ministre-du-tourisme-et-des-loisirs\/#breadcrumb\",\"itemListElement\":[{\"@type\":\"ListItem\",\"position\":1,\"name\":\"Accueil\",\"item\":\"https:\/\/www.public.sn\/\"},{\"@type\":\"ListItem\",\"position\":2,\"name\":\"Portrait de Mame Mbaye Niang, ministre du Tourisme et des Loisirs.\"}]},{\"@type\":\"WebSite\",\"@id\":\"https:\/\/www.public.sn\/#website\",\"url\":\"https:\/\/www.public.sn\/\",\"name\":\"LE PUBLIC\",\"description\":\"\",\"publisher\":{\"@id\":\"https:\/\/www.public.sn\/#organization\"},\"potentialAction\":[{\"@type\":\"SearchAction\",\"target\":{\"@type\":\"EntryPoint\",\"urlTemplate\":\"https:\/\/www.public.sn\/?s={search_term_string}\"},\"query-input\":{\"@type\":\"PropertyValueSpecification\",\"valueRequired\":true,\"valueName\":\"search_term_string\"}}],\"inLanguage\":\"fr-FR\"},{\"@type\":\"Organization\",\"@id\":\"https:\/\/www.public.sn\/#organization\",\"name\":\"LE PUBLIC\",\"url\":\"https:\/\/www.public.sn\/\",\"logo\":{\"@type\":\"ImageObject\",\"inLanguage\":\"fr-FR\",\"@id\":\"https:\/\/www.public.sn\/#\/schema\/logo\/image\/\",\"url\":\"https:\/\/www.public.sn\/wp-content\/uploads\/2024\/05\/cropped-LOGO-PUBLIC.SN_.png\",\"contentUrl\":\"https:\/\/www.public.sn\/wp-content\/uploads\/2024\/05\/cropped-LOGO-PUBLIC.SN_.png\",\"width\":682,\"height\":192,\"caption\":\"LE PUBLIC\"},\"image\":{\"@id\":\"https:\/\/www.public.sn\/#\/schema\/logo\/image\/\"}},{\"@type\":\"Person\",\"@id\":\"https:\/\/www.public.sn\/#\/schema\/person\/e3f4a11b037d4203902db148f9bc8d5a\",\"name\":\"LA REDACTION\",\"image\":{\"@type\":\"ImageObject\",\"inLanguage\":\"fr-FR\",\"@id\":\"https:\/\/www.public.sn\/#\/schema\/person\/image\/\",\"url\":\"https:\/\/secure.gravatar.com\/avatar\/d6c030db45db2883c075085c5d6c6258654a801a93766b49af0b82d4f454e2a5?s=96&d=mm&r=g\",\"contentUrl\":\"https:\/\/secure.gravatar.com\/avatar\/d6c030db45db2883c075085c5d6c6258654a801a93766b49af0b82d4f454e2a5?s=96&d=mm&r=g\",\"caption\":\"LA REDACTION\"},\"sameAs\":[\"http:\/\/www.public.sn\"],\"url\":\"https:\/\/www.public.sn\/index.php\/author\/admin7324\/\"}]}<\/script>\n<!-- \/ Yoast SEO plugin. -->","yoast_head_json":{"title":"Portrait de Mame Mbaye Niang, ministre du Tourisme et des Loisirs. - LE PUBLIC","robots":{"index":"index","follow":"follow","max-snippet":"max-snippet:-1","max-image-preview":"max-image-preview:large","max-video-preview":"max-video-preview:-1"},"canonical":"https:\/\/www.public.sn\/index.php\/2022\/09\/18\/portrait-de-mame-mbaye-niang-ministre-du-tourisme-et-des-loisirs\/","og_locale":"fr_FR","og_type":"article","og_title":"Portrait de Mame Mbaye Niang, ministre du Tourisme et des Loisirs. - LE PUBLIC","og_description":"Ancien Ministre de la Jeunesse, de l\u2019Emploi et de la Construction citoyenne, Mame Mbaye Niang est un cadre de l\u2019aviation civile. C\u2019est en juillet 2014, Mame Mbaye Niang fait son entr\u00e9e dans le gouvernement comme ministre. Sa mission consistait \u00e0 mettre en \u0153uvre la politique d\u00e9finie par le chef de l\u2019Etat en mati\u00e8re de jeunesse, d\u2019emploi et de promotion des valeurs civiques. Le ministre de la Jeunesse, de l\u2019Emploi et de la Construction citoyenne a pr\u00e9c\u00e9demment \u00e9t\u00e9 pr\u00e9sident du Conseil de Surveillance de la Haute autorit\u00e9 de l\u2019a\u00e9roport L\u00e9opold Sedar Senghor avant d\u2019\u00eatre mut\u00e9 \u00e0 la pr\u00e9sidence du Conseil d\u2019administration de l\u2019A\u00e9roport International Blaise Diagne. Avec un Baccalaur\u00e9at en s\u00e9rie D obtenue en 1998, il a int\u00e9gr\u00e9 l\u2019Ecole africaine de la m\u00e9t\u00e9orologie et de l\u2019aviation civile apr\u00e8s un bref passage \u00e0 l\u2019Ucad. Mame Mbaye Niang est d\u00e9tenteur d\u2019un dipl\u00f4me de Contr\u00f4leur de la navigation a\u00e9rienne en 2004. En 2007, il d\u00e9crocha son dipl\u00f4me d\u2019ing\u00e9nieur technologue \u00e0 l\u2019Institut africain de management. L\u2019ex ministre de la jeunesse, de l\u2019Emploi et de la construction citoyenne est le fils du d\u00e9put\u00e9 Imam Mbaye Niang, actuel leader du Mouvement de la r\u00e9forme pour le d\u00e9veloppement social (Mrds). Mame Mbaye Niang se d\u00e9marque de la trajectoire trac\u00e9e par son p\u00e8re. Il a choisi d\u2019arborer les couleurs de l\u2019Alliance pour la R\u00e9publique (Apr). Au sein de la Convergence des jeunes r\u00e9publicains, il a \u00e9t\u00e9 port\u00e9 \u00e0 la t\u00eate du secr\u00e9tariat g\u00e9n\u00e9ral charg\u00e9 des relations avec les jeunes du parti. Hier dans la soir\u00e9e, il est nomm\u00e9 par le Pr\u00e9sident de la R\u00e9publique Macky Sall, ministre du Tourisme et des Loisirs.","og_url":"https:\/\/www.public.sn\/index.php\/2022\/09\/18\/portrait-de-mame-mbaye-niang-ministre-du-tourisme-et-des-loisirs\/","og_site_name":"LE PUBLIC","article_published_time":"2022-09-18T08:36:26+00:00","article_modified_time":"2022-09-18T08:36:27+00:00","og_image":[{"width":916,"height":583,"url":"https:\/\/www.public.sn\/wp-content\/uploads\/2022\/09\/A542C806-4280-4E9C-86EB-E02533087931.jpeg","type":"image\/jpeg"}],"author":"LA REDACTION","twitter_card":"summary_large_image","twitter_misc":{"\u00c9crit par":"LA REDACTION","Dur\u00e9e de lecture estim\u00e9e":"2 minutes"},"schema":{"@context":"https:\/\/schema.org","@graph":[{"@type":"Article","@id":"https:\/\/www.public.sn\/index.php\/2022\/09\/18\/portrait-de-mame-mbaye-niang-ministre-du-tourisme-et-des-loisirs\/#article","isPartOf":{"@id":"https:\/\/www.public.sn\/index.php\/2022\/09\/18\/portrait-de-mame-mbaye-niang-ministre-du-tourisme-et-des-loisirs\/"},"author":{"name":"LA REDACTION","@id":"https:\/\/www.public.sn\/#\/schema\/person\/e3f4a11b037d4203902db148f9bc8d5a"},"headline":"Portrait de Mame Mbaye Niang, ministre du Tourisme et des Loisirs.","datePublished":"2022-09-18T08:36:26+00:00","dateModified":"2022-09-18T08:36:27+00:00","mainEntityOfPage":{"@id":"https:\/\/www.public.sn\/index.php\/2022\/09\/18\/portrait-de-mame-mbaye-niang-ministre-du-tourisme-et-des-loisirs\/"},"wordCount":323,"commentCount":0,"publisher":{"@id":"https:\/\/www.public.sn\/#organization"},"image":{"@id":"https:\/\/www.public.sn\/index.php\/2022\/09\/18\/portrait-de-mame-mbaye-niang-ministre-du-tourisme-et-des-loisirs\/#primaryimage"},"thumbnailUrl":"https:\/\/www.public.sn\/wp-content\/uploads\/2022\/09\/A542C806-4280-4E9C-86EB-E02533087931.jpeg","keywords":["Loisirs &amp; Tourisme","Macky Sall","Mame Mbaye Niang","Pr\u00e9sidentielle 2024"],"articleSection":["ACTUALIT\u00c9S","POLITIQUE"],"inLanguage":"fr-FR","potentialAction":[{"@type":"CommentAction","name":"Comment","target":["https:\/\/www.public.sn\/index.php\/2022\/09\/18\/portrait-de-mame-mbaye-niang-ministre-du-tourisme-et-des-loisirs\/#respond"]}]},{"@type":"WebPage","@id":"https:\/\/www.public.sn\/index.php\/2022\/09\/18\/portrait-de-mame-mbaye-niang-ministre-du-tourisme-et-des-loisirs\/","url":"https:\/\/www.public.sn\/index.php\/2022\/09\/18\/portrait-de-mame-mbaye-niang-ministre-du-tourisme-et-des-loisirs\/","name":"Portrait de Mame Mbaye Niang, ministre du Tourisme et des Loisirs. - LE PUBLIC","isPartOf":{"@id":"https:\/\/www.public.sn\/#website"},"primaryImageOfPage":{"@id":"https:\/\/www.public.sn\/index.php\/2022\/09\/18\/portrait-de-mame-mbaye-niang-ministre-du-tourisme-et-des-loisirs\/#primaryimage"},"image":{"@id":"https:\/\/www.public.sn\/index.php\/2022\/09\/18\/portrait-de-mame-mbaye-niang-ministre-du-tourisme-et-des-loisirs\/#primaryimage"},"thumbnailUrl":"https:\/\/www.public.sn\/wp-content\/uploads\/2022\/09\/A542C806-4280-4E9C-86EB-E02533087931.jpeg","datePublished":"2022-09-18T08:36:26+00:00","dateModified":"2022-09-18T08:36:27+00:00","breadcrumb":{"@id":"https:\/\/www.public.sn\/index.php\/2022\/09\/18\/portrait-de-mame-mbaye-niang-ministre-du-tourisme-et-des-loisirs\/#breadcrumb"},"inLanguage":"fr-FR","potentialAction":[{"@type":"ReadAction","target":["https:\/\/www.public.sn\/index.php\/2022\/09\/18\/portrait-de-mame-mbaye-niang-ministre-du-tourisme-et-des-loisirs\/"]}]},{"@type":"ImageObject","inLanguage":"fr-FR","@id":"https:\/\/www.public.sn\/index.php\/2022\/09\/18\/portrait-de-mame-mbaye-niang-ministre-du-tourisme-et-des-loisirs\/#primaryimage","url":"https:\/\/www.public.sn\/wp-content\/uploads\/2022\/09\/A542C806-4280-4E9C-86EB-E02533087931.jpeg","contentUrl":"https:\/\/www.public.sn\/wp-content\/uploads\/2022\/09\/A542C806-4280-4E9C-86EB-E02533087931.jpeg","width":916,"height":583},{"@type":"BreadcrumbList","@id":"https:\/\/www.public.sn\/index.php\/2022\/09\/18\/portrait-de-mame-mbaye-niang-ministre-du-tourisme-et-des-loisirs\/#breadcrumb","itemListElement":[{"@type":"ListItem","position":1,"name":"Accueil","item":"https:\/\/www.public.sn\/"},{"@type":"ListItem","position":2,"name":"Portrait de Mame Mbaye Niang, ministre du Tourisme et des Loisirs."}]},{"@type":"WebSite","@id":"https:\/\/www.public.sn\/#website","url":"https:\/\/www.public.sn\/","name":"LE PUBLIC","description":"","publisher":{"@id":"https:\/\/www.public.sn\/#organization"},"potentialAction":[{"@type":"SearchAction","target":{"@type":"EntryPoint","urlTemplate":"https:\/\/www.public.sn\/?s={search_term_string}"},"query-input":{"@type":"PropertyValueSpecification","valueRequired":true,"valueName":"search_term_string"}}],"inLanguage":"fr-FR"},{"@type":"Organization","@id":"https:\/\/www.public.sn\/#organization","name":"LE PUBLIC","url":"https:\/\/www.public.sn\/","logo":{"@type":"ImageObject","inLanguage":"fr-FR","@id":"https:\/\/www.public.sn\/#\/schema\/logo\/image\/","url":"https:\/\/www.public.sn\/wp-content\/uploads\/2024\/05\/cropped-LOGO-PUBLIC.SN_.png","contentUrl":"https:\/\/www.public.sn\/wp-content\/uploads\/2024\/05\/cropped-LOGO-PUBLIC.SN_.png","width":682,"height":192,"caption":"LE PUBLIC"},"image":{"@id":"https:\/\/www.public.sn\/#\/schema\/logo\/image\/"}},{"@type":"Person","@id":"https:\/\/www.public.sn\/#\/schema\/person\/e3f4a11b037d4203902db148f9bc8d5a","name":"LA REDACTION","image":{"@type":"ImageObject","inLanguage":"fr-FR","@id":"https:\/\/www.public.sn\/#\/schema\/person\/image\/","url":"https:\/\/secure.gravatar.com\/avatar\/d6c030db45db2883c075085c5d6c6258654a801a93766b49af0b82d4f454e2a5?s=96&d=mm&r=g","contentUrl":"https:\/\/secure.gravatar.com\/avatar\/d6c030db45db2883c075085c5d6c6258654a801a93766b49af0b82d4f454e2a5?s=96&d=mm&r=g","caption":"LA REDACTION"},"sameAs":["http:\/\/www.public.sn"],"url":"https:\/\/www.public.sn\/index.php\/author\/admin7324\/"}]}},"jetpack_featured_media_url":"https:\/\/www.public.sn\/wp-content\/uploads\/2022\/09\/A542C806-4280-4E9C-86EB-E02533087931.jpeg","jetpack_sharing_enabled":true,"_links":{"self":[{"href":"https:\/\/www.public.sn\/index.php\/wp-json\/wp\/v2\/posts\/2154","targetHints":{"allow":["GET"]}}],"collection":[{"href":"https:\/\/www.public.sn\/index.php\/wp-json\/wp\/v2\/posts"}],"about":[{"href":"https:\/\/www.public.sn\/index.php\/wp-json\/wp\/v2\/types\/post"}],"author":[{"embeddable":true,"href":"https:\/\/www.public.sn\/index.php\/wp-json\/wp\/v2\/users\/1"}],"replies":[{"embeddable":true,"href":"https:\/\/www.public.sn\/index.php\/wp-json\/wp\/v2\/comments?post=2154"}],"version-history":[{"count":1,"href":"https:\/\/www.public.sn\/index.php\/wp-json\/wp\/v2\/posts\/2154\/revisions"}],"predecessor-version":[{"id":2156,"href":"https:\/\/www.public.sn\/index.php\/wp-json\/wp\/v2\/posts\/2154\/revisions\/2156"}],"wp:featuredmedia":[{"embeddable":true,"href":"https:\/\/www.public.sn\/index.php\/wp-json\/wp\/v2\/media\/2155"}],"wp:attachment":[{"href":"https:\/\/www.public.sn\/index.php\/wp-json\/wp\/v2\/media?parent=2154"}],"wp:term":[{"taxonomy":"category","embeddable":true,"href":"https:\/\/www.public.sn\/index.php\/wp-json\/wp\/v2\/categories?post=2154"},{"taxonomy":"post_tag","embeddable":true,"href":"https:\/\/www.public.sn\/index.php\/wp-json\/wp\/v2\/tags?post=2154"}],"curies":[{"name":"wp","href":"https:\/\/api.w.org\/{rel}","templated":true}]}}