{"id":21553,"date":"2023-05-10T07:43:27","date_gmt":"2023-05-10T07:43:27","guid":{"rendered":"https:\/\/www.public.sn\/?p=21553"},"modified":"2023-05-10T07:40:46","modified_gmt":"2023-05-10T07:40:46","slug":"remous-a-ngor-sur-le-foncier-le-president-macky-sall-eteint-le-feu","status":"publish","type":"post","link":"https:\/\/www.public.sn\/index.php\/2023\/05\/10\/remous-a-ngor-sur-le-foncier-le-president-macky-sall-eteint-le-feu\/","title":{"rendered":"Remous \u00e0 Ngor sur le foncier : le pr\u00e9sident Macky Sall \u00e9teint le feu"},"content":{"rendered":"<p><strong>L\u2019Etat du S\u00e9n\u00e9gal a l\u00e2ch\u00e9 du lest dans le bras de fer (foncier) qui l\u2019oppose aux populations de Ngor.<\/strong><\/p><div class=\"publi-paragraphe1\" style=\"margin-top: 10px;margin-bottom: 10px;margin-left: auto;margin-right: auto;text-align: center;\" id=\"publi-2084879763\"><div class=\"publi-adlabel\">Publicit\u00e9<\/div><script async src=\"\/\/pagead2.googlesyndication.com\/pagead\/js\/adsbygoogle.js?client=ca-pub-4089586018074219\" crossorigin=\"anonymous\"><\/script><ins class=\"adsbygoogle\" style=\"display:block;\" data-ad-client=\"ca-pub-4089586018074219\" \ndata-ad-slot=\"2087940154\" \ndata-ad-format=\"auto\"><\/ins>\n<script> \n(adsbygoogle = window.adsbygoogle || []).push({}); \n<\/script>\n<\/div>\n<p>Des affrontements ont \u00e9clat\u00e9 entre force de l\u2019ordre et jeunes. (2) personnes sont mortes mardi soir, lors des affrontements entre les populations et les forces de l\u2019ordre, a annonc\u00e9 le pr\u00e9sident du mouvement \u00ab Ngor debout \u00bb, Mamadou Ndiaye.<\/p>\n<p>\u00ab Il y aurait deux d\u00e9c\u00e8s. Une maman et une autre fille \u00bb, selon le pr\u00e9sident du mouvement \u00ab Ngor debout \u00bb, Mamadou Ndiaye<\/p>\n<p>Suffisant pour que le chef de l\u2019Etat Macky Sall appelle au dialogue les Ngorois pour une sortie de crise. Le pr\u00e9sident de la r\u00e9publique a convi\u00e9 les notables de Ngor au Palais pour un dialogue autour de ce litige foncier.<\/p>\n<p>A la fin de l\u2019audience, rapporte L\u2019OBS, il a \u00e9t\u00e9 d\u00e9cid\u00e9 de se partager les 6000 M2, objet du litige, \u00e0 part \u00e9gale. Ainsi, les 3000 m2 vont \u00eatre affect\u00e9s \u00e0 la gendarmerie, l\u2019autre partie aux populations de Ngor.<\/p>\n<div class=\"publi-apres-le-contenu\" style=\"margin-top: 10px;margin-bottom: 10px;margin-left: auto;margin-right: auto;text-align: center;\" id=\"publi-636813030\"><div class=\"publi-adlabel\">Publicit\u00e9<\/div><script async src=\"\/\/pagead2.googlesyndication.com\/pagead\/js\/adsbygoogle.js?client=ca-pub-4089586018074219\" crossorigin=\"anonymous\"><\/script><ins class=\"adsbygoogle\" style=\"display:block;\" data-ad-client=\"ca-pub-4089586018074219\" \ndata-ad-slot=\"2087940154\" \ndata-ad-format=\"auto\"><\/ins>\n<script> \n(adsbygoogle = window.adsbygoogle || []).push({}); \n<\/script>\n<\/div>","protected":false},"excerpt":{"rendered":"<p>L\u2019Etat du S\u00e9n\u00e9gal a l\u00e2ch\u00e9 du lest dans le bras de fer (foncier) qui l\u2019oppose aux populations de Ngor. Des affrontements ont \u00e9clat\u00e9 entre force de l\u2019ordre et jeunes. (2) personnes sont mortes mardi soir, lors des affrontements entre les populations et les forces de l\u2019ordre, a annonc\u00e9 le pr\u00e9sident du mouvement \u00ab Ngor debout \u00bb, Mamadou Ndiaye. \u00ab Il y aurait deux d\u00e9c\u00e8s. Une maman et une autre fille \u00bb, selon le pr\u00e9sident du mouvement \u00ab Ngor debout \u00bb, Mamadou Ndiaye Suffisant pour que le chef de l\u2019Etat Macky Sall appelle au dialogue les Ngorois pour une sortie de crise. Le pr\u00e9sident de la r\u00e9publique a convi\u00e9 les notables de Ngor au Palais pour un dialogue autour de ce litige foncier. A la fin de l\u2019audience, rapporte L\u2019OBS, il a \u00e9t\u00e9 d\u00e9cid\u00e9 de se partager les 6000 M2, objet du litige, \u00e0 part \u00e9gale. Ainsi, les 3000 m2 vont \u00eatre affect\u00e9s \u00e0 la gendarmerie, l\u2019autre partie aux populations de Ngor.<\/p>\n","protected":false},"author":1,"featured_media":17472,"comment_status":"open","ping_status":"open","sticky":false,"template":"","format":"standard","meta":{"_jetpack_memberships_contains_paid_content":false,"footnotes":""},"categories":[375,1,4],"tags":[11,1203],"class_list":["post-21553","post","type-post","status-publish","format-standard","has-post-thumbnail","hentry","category-actualites","category-non-classe","category-societe","tag-macky-sall","tag-ngor","entry","has-media","owp-thumbs-layout-horizontal","owp-btn-normal","owp-tabs-layout-horizontal","has-no-thumbnails","has-product-nav"],"yoast_head":"<!-- This site is optimized with the Yoast SEO plugin v25.5 - https:\/\/yoast.com\/wordpress\/plugins\/seo\/ -->\n<title>Remous \u00e0 Ngor sur le foncier : le pr\u00e9sident Macky Sall \u00e9teint le feu - LE PUBLIC<\/title>\n<meta name=\"description\" content=\"L\u2019Etat du S\u00e9n\u00e9gal a l\u00e2ch\u00e9 du lest dans le bras de fer (foncier) qui l\u2019oppose aux populations de Ngor.\" \/>\n<meta name=\"robots\" content=\"index, follow, max-snippet:-1, max-image-preview:large, max-video-preview:-1\" \/>\n<link rel=\"canonical\" href=\"https:\/\/www.public.sn\/index.php\/2023\/05\/10\/remous-a-ngor-sur-le-foncier-le-president-macky-sall-eteint-le-feu\/\" \/>\n<meta property=\"og:locale\" content=\"fr_FR\" \/>\n<meta property=\"og:type\" content=\"article\" \/>\n<meta property=\"og:title\" content=\"Remous \u00e0 Ngor sur le foncier : le pr\u00e9sident Macky Sall \u00e9teint le feu - LE PUBLIC\" \/>\n<meta property=\"og:description\" content=\"L\u2019Etat du S\u00e9n\u00e9gal a l\u00e2ch\u00e9 du lest dans le bras de fer (foncier) qui l\u2019oppose aux populations de Ngor.\" \/>\n<meta property=\"og:url\" content=\"https:\/\/www.public.sn\/index.php\/2023\/05\/10\/remous-a-ngor-sur-le-foncier-le-president-macky-sall-eteint-le-feu\/\" \/>\n<meta property=\"og:site_name\" content=\"LE PUBLIC\" \/>\n<meta property=\"article:published_time\" content=\"2023-05-10T07:43:27+00:00\" \/>\n<meta property=\"og:image\" content=\"https:\/\/www.public.sn\/wp-content\/uploads\/2023\/03\/macky-sall-1.jpg\" \/>\n\t<meta property=\"og:image:width\" content=\"600\" \/>\n\t<meta property=\"og:image:height\" content=\"344\" \/>\n\t<meta property=\"og:image:type\" content=\"image\/jpeg\" \/>\n<meta name=\"author\" content=\"LA REDACTION\" \/>\n<meta name=\"twitter:card\" content=\"summary_large_image\" \/>\n<meta name=\"twitter:label1\" content=\"\u00c9crit par\" \/>\n\t<meta name=\"twitter:data1\" content=\"LA REDACTION\" \/>\n\t<meta name=\"twitter:label2\" content=\"Dur\u00e9e de lecture estim\u00e9e\" \/>\n\t<meta name=\"twitter:data2\" content=\"1 minute\" \/>\n<script type=\"application\/ld+json\" class=\"yoast-schema-graph\">{\"@context\":\"https:\/\/schema.org\",\"@graph\":[{\"@type\":\"Article\",\"@id\":\"https:\/\/www.public.sn\/index.php\/2023\/05\/10\/remous-a-ngor-sur-le-foncier-le-president-macky-sall-eteint-le-feu\/#article\",\"isPartOf\":{\"@id\":\"https:\/\/www.public.sn\/index.php\/2023\/05\/10\/remous-a-ngor-sur-le-foncier-le-president-macky-sall-eteint-le-feu\/\"},\"author\":{\"name\":\"LA REDACTION\",\"@id\":\"https:\/\/www.public.sn\/#\/schema\/person\/e3f4a11b037d4203902db148f9bc8d5a\"},\"headline\":\"Remous \u00e0 Ngor sur le foncier : le pr\u00e9sident Macky Sall \u00e9teint le feu\",\"datePublished\":\"2023-05-10T07:43:27+00:00\",\"mainEntityOfPage\":{\"@id\":\"https:\/\/www.public.sn\/index.php\/2023\/05\/10\/remous-a-ngor-sur-le-foncier-le-president-macky-sall-eteint-le-feu\/\"},\"wordCount\":182,\"commentCount\":0,\"publisher\":{\"@id\":\"https:\/\/www.public.sn\/#organization\"},\"image\":{\"@id\":\"https:\/\/www.public.sn\/index.php\/2023\/05\/10\/remous-a-ngor-sur-le-foncier-le-president-macky-sall-eteint-le-feu\/#primaryimage\"},\"thumbnailUrl\":\"https:\/\/www.public.sn\/wp-content\/uploads\/2023\/03\/macky-sall-1.jpg\",\"keywords\":[\"Macky Sall\",\"Ngor\"],\"articleSection\":[\"ACTUALIT\u00c9S\",\"S\u00c9N\u00c9GAL\",\"SOCIETE\"],\"inLanguage\":\"fr-FR\",\"potentialAction\":[{\"@type\":\"CommentAction\",\"name\":\"Comment\",\"target\":[\"https:\/\/www.public.sn\/index.php\/2023\/05\/10\/remous-a-ngor-sur-le-foncier-le-president-macky-sall-eteint-le-feu\/#respond\"]}]},{\"@type\":\"WebPage\",\"@id\":\"https:\/\/www.public.sn\/index.php\/2023\/05\/10\/remous-a-ngor-sur-le-foncier-le-president-macky-sall-eteint-le-feu\/\",\"url\":\"https:\/\/www.public.sn\/index.php\/2023\/05\/10\/remous-a-ngor-sur-le-foncier-le-president-macky-sall-eteint-le-feu\/\",\"name\":\"Remous \u00e0 Ngor sur le foncier : le pr\u00e9sident Macky Sall \u00e9teint le feu - LE PUBLIC\",\"isPartOf\":{\"@id\":\"https:\/\/www.public.sn\/#website\"},\"primaryImageOfPage\":{\"@id\":\"https:\/\/www.public.sn\/index.php\/2023\/05\/10\/remous-a-ngor-sur-le-foncier-le-president-macky-sall-eteint-le-feu\/#primaryimage\"},\"image\":{\"@id\":\"https:\/\/www.public.sn\/index.php\/2023\/05\/10\/remous-a-ngor-sur-le-foncier-le-president-macky-sall-eteint-le-feu\/#primaryimage\"},\"thumbnailUrl\":\"https:\/\/www.public.sn\/wp-content\/uploads\/2023\/03\/macky-sall-1.jpg\",\"datePublished\":\"2023-05-10T07:43:27+00:00\",\"description\":\"L\u2019Etat du S\u00e9n\u00e9gal a l\u00e2ch\u00e9 du lest dans le bras de fer (foncier) qui l\u2019oppose aux populations de Ngor.\",\"breadcrumb\":{\"@id\":\"https:\/\/www.public.sn\/index.php\/2023\/05\/10\/remous-a-ngor-sur-le-foncier-le-president-macky-sall-eteint-le-feu\/#breadcrumb\"},\"inLanguage\":\"fr-FR\",\"potentialAction\":[{\"@type\":\"ReadAction\",\"target\":[\"https:\/\/www.public.sn\/index.php\/2023\/05\/10\/remous-a-ngor-sur-le-foncier-le-president-macky-sall-eteint-le-feu\/\"]}]},{\"@type\":\"ImageObject\",\"inLanguage\":\"fr-FR\",\"@id\":\"https:\/\/www.public.sn\/index.php\/2023\/05\/10\/remous-a-ngor-sur-le-foncier-le-president-macky-sall-eteint-le-feu\/#primaryimage\",\"url\":\"https:\/\/www.public.sn\/wp-content\/uploads\/2023\/03\/macky-sall-1.jpg\",\"contentUrl\":\"https:\/\/www.public.sn\/wp-content\/uploads\/2023\/03\/macky-sall-1.jpg\",\"width\":600,\"height\":344},{\"@type\":\"BreadcrumbList\",\"@id\":\"https:\/\/www.public.sn\/index.php\/2023\/05\/10\/remous-a-ngor-sur-le-foncier-le-president-macky-sall-eteint-le-feu\/#breadcrumb\",\"itemListElement\":[{\"@type\":\"ListItem\",\"position\":1,\"name\":\"Accueil\",\"item\":\"https:\/\/www.public.sn\/\"},{\"@type\":\"ListItem\",\"position\":2,\"name\":\"Remous \u00e0 Ngor sur le foncier : le pr\u00e9sident Macky Sall \u00e9teint le feu\"}]},{\"@type\":\"WebSite\",\"@id\":\"https:\/\/www.public.sn\/#website\",\"url\":\"https:\/\/www.public.sn\/\",\"name\":\"LE PUBLIC\",\"description\":\"\",\"publisher\":{\"@id\":\"https:\/\/www.public.sn\/#organization\"},\"potentialAction\":[{\"@type\":\"SearchAction\",\"target\":{\"@type\":\"EntryPoint\",\"urlTemplate\":\"https:\/\/www.public.sn\/?s={search_term_string}\"},\"query-input\":{\"@type\":\"PropertyValueSpecification\",\"valueRequired\":true,\"valueName\":\"search_term_string\"}}],\"inLanguage\":\"fr-FR\"},{\"@type\":\"Organization\",\"@id\":\"https:\/\/www.public.sn\/#organization\",\"name\":\"LE PUBLIC\",\"url\":\"https:\/\/www.public.sn\/\",\"logo\":{\"@type\":\"ImageObject\",\"inLanguage\":\"fr-FR\",\"@id\":\"https:\/\/www.public.sn\/#\/schema\/logo\/image\/\",\"url\":\"https:\/\/www.public.sn\/wp-content\/uploads\/2024\/05\/cropped-LOGO-PUBLIC.SN_.png\",\"contentUrl\":\"https:\/\/www.public.sn\/wp-content\/uploads\/2024\/05\/cropped-LOGO-PUBLIC.SN_.png\",\"width\":682,\"height\":192,\"caption\":\"LE PUBLIC\"},\"image\":{\"@id\":\"https:\/\/www.public.sn\/#\/schema\/logo\/image\/\"}},{\"@type\":\"Person\",\"@id\":\"https:\/\/www.public.sn\/#\/schema\/person\/e3f4a11b037d4203902db148f9bc8d5a\",\"name\":\"LA REDACTION\",\"image\":{\"@type\":\"ImageObject\",\"inLanguage\":\"fr-FR\",\"@id\":\"https:\/\/www.public.sn\/#\/schema\/person\/image\/\",\"url\":\"https:\/\/secure.gravatar.com\/avatar\/d6c030db45db2883c075085c5d6c6258654a801a93766b49af0b82d4f454e2a5?s=96&d=mm&r=g\",\"contentUrl\":\"https:\/\/secure.gravatar.com\/avatar\/d6c030db45db2883c075085c5d6c6258654a801a93766b49af0b82d4f454e2a5?s=96&d=mm&r=g\",\"caption\":\"LA REDACTION\"},\"sameAs\":[\"http:\/\/www.public.sn\"],\"url\":\"https:\/\/www.public.sn\/index.php\/author\/admin7324\/\"}]}<\/script>\n<!-- \/ Yoast SEO plugin. -->","yoast_head_json":{"title":"Remous \u00e0 Ngor sur le foncier : le pr\u00e9sident Macky Sall \u00e9teint le feu - LE PUBLIC","description":"L\u2019Etat du S\u00e9n\u00e9gal a l\u00e2ch\u00e9 du lest dans le bras de fer (foncier) qui l\u2019oppose aux populations de Ngor.","robots":{"index":"index","follow":"follow","max-snippet":"max-snippet:-1","max-image-preview":"max-image-preview:large","max-video-preview":"max-video-preview:-1"},"canonical":"https:\/\/www.public.sn\/index.php\/2023\/05\/10\/remous-a-ngor-sur-le-foncier-le-president-macky-sall-eteint-le-feu\/","og_locale":"fr_FR","og_type":"article","og_title":"Remous \u00e0 Ngor sur le foncier : le pr\u00e9sident Macky Sall \u00e9teint le feu - LE PUBLIC","og_description":"L\u2019Etat du S\u00e9n\u00e9gal a l\u00e2ch\u00e9 du lest dans le bras de fer (foncier) qui l\u2019oppose aux populations de Ngor.","og_url":"https:\/\/www.public.sn\/index.php\/2023\/05\/10\/remous-a-ngor-sur-le-foncier-le-president-macky-sall-eteint-le-feu\/","og_site_name":"LE PUBLIC","article_published_time":"2023-05-10T07:43:27+00:00","og_image":[{"width":600,"height":344,"url":"https:\/\/www.public.sn\/wp-content\/uploads\/2023\/03\/macky-sall-1.jpg","type":"image\/jpeg"}],"author":"LA REDACTION","twitter_card":"summary_large_image","twitter_misc":{"\u00c9crit par":"LA REDACTION","Dur\u00e9e de lecture estim\u00e9e":"1 minute"},"schema":{"@context":"https:\/\/schema.org","@graph":[{"@type":"Article","@id":"https:\/\/www.public.sn\/index.php\/2023\/05\/10\/remous-a-ngor-sur-le-foncier-le-president-macky-sall-eteint-le-feu\/#article","isPartOf":{"@id":"https:\/\/www.public.sn\/index.php\/2023\/05\/10\/remous-a-ngor-sur-le-foncier-le-president-macky-sall-eteint-le-feu\/"},"author":{"name":"LA REDACTION","@id":"https:\/\/www.public.sn\/#\/schema\/person\/e3f4a11b037d4203902db148f9bc8d5a"},"headline":"Remous \u00e0 Ngor sur le foncier : le pr\u00e9sident Macky Sall \u00e9teint le feu","datePublished":"2023-05-10T07:43:27+00:00","mainEntityOfPage":{"@id":"https:\/\/www.public.sn\/index.php\/2023\/05\/10\/remous-a-ngor-sur-le-foncier-le-president-macky-sall-eteint-le-feu\/"},"wordCount":182,"commentCount":0,"publisher":{"@id":"https:\/\/www.public.sn\/#organization"},"image":{"@id":"https:\/\/www.public.sn\/index.php\/2023\/05\/10\/remous-a-ngor-sur-le-foncier-le-president-macky-sall-eteint-le-feu\/#primaryimage"},"thumbnailUrl":"https:\/\/www.public.sn\/wp-content\/uploads\/2023\/03\/macky-sall-1.jpg","keywords":["Macky Sall","Ngor"],"articleSection":["ACTUALIT\u00c9S","S\u00c9N\u00c9GAL","SOCIETE"],"inLanguage":"fr-FR","potentialAction":[{"@type":"CommentAction","name":"Comment","target":["https:\/\/www.public.sn\/index.php\/2023\/05\/10\/remous-a-ngor-sur-le-foncier-le-president-macky-sall-eteint-le-feu\/#respond"]}]},{"@type":"WebPage","@id":"https:\/\/www.public.sn\/index.php\/2023\/05\/10\/remous-a-ngor-sur-le-foncier-le-president-macky-sall-eteint-le-feu\/","url":"https:\/\/www.public.sn\/index.php\/2023\/05\/10\/remous-a-ngor-sur-le-foncier-le-president-macky-sall-eteint-le-feu\/","name":"Remous \u00e0 Ngor sur le foncier : le pr\u00e9sident Macky Sall \u00e9teint le feu - LE PUBLIC","isPartOf":{"@id":"https:\/\/www.public.sn\/#website"},"primaryImageOfPage":{"@id":"https:\/\/www.public.sn\/index.php\/2023\/05\/10\/remous-a-ngor-sur-le-foncier-le-president-macky-sall-eteint-le-feu\/#primaryimage"},"image":{"@id":"https:\/\/www.public.sn\/index.php\/2023\/05\/10\/remous-a-ngor-sur-le-foncier-le-president-macky-sall-eteint-le-feu\/#primaryimage"},"thumbnailUrl":"https:\/\/www.public.sn\/wp-content\/uploads\/2023\/03\/macky-sall-1.jpg","datePublished":"2023-05-10T07:43:27+00:00","description":"L\u2019Etat du S\u00e9n\u00e9gal a l\u00e2ch\u00e9 du lest dans le bras de fer (foncier) qui l\u2019oppose aux populations de Ngor.","breadcrumb":{"@id":"https:\/\/www.public.sn\/index.php\/2023\/05\/10\/remous-a-ngor-sur-le-foncier-le-president-macky-sall-eteint-le-feu\/#breadcrumb"},"inLanguage":"fr-FR","potentialAction":[{"@type":"ReadAction","target":["https:\/\/www.public.sn\/index.php\/2023\/05\/10\/remous-a-ngor-sur-le-foncier-le-president-macky-sall-eteint-le-feu\/"]}]},{"@type":"ImageObject","inLanguage":"fr-FR","@id":"https:\/\/www.public.sn\/index.php\/2023\/05\/10\/remous-a-ngor-sur-le-foncier-le-president-macky-sall-eteint-le-feu\/#primaryimage","url":"https:\/\/www.public.sn\/wp-content\/uploads\/2023\/03\/macky-sall-1.jpg","contentUrl":"https:\/\/www.public.sn\/wp-content\/uploads\/2023\/03\/macky-sall-1.jpg","width":600,"height":344},{"@type":"BreadcrumbList","@id":"https:\/\/www.public.sn\/index.php\/2023\/05\/10\/remous-a-ngor-sur-le-foncier-le-president-macky-sall-eteint-le-feu\/#breadcrumb","itemListElement":[{"@type":"ListItem","position":1,"name":"Accueil","item":"https:\/\/www.public.sn\/"},{"@type":"ListItem","position":2,"name":"Remous \u00e0 Ngor sur le foncier : le pr\u00e9sident Macky Sall \u00e9teint le feu"}]},{"@type":"WebSite","@id":"https:\/\/www.public.sn\/#website","url":"https:\/\/www.public.sn\/","name":"LE PUBLIC","description":"","publisher":{"@id":"https:\/\/www.public.sn\/#organization"},"potentialAction":[{"@type":"SearchAction","target":{"@type":"EntryPoint","urlTemplate":"https:\/\/www.public.sn\/?s={search_term_string}"},"query-input":{"@type":"PropertyValueSpecification","valueRequired":true,"valueName":"search_term_string"}}],"inLanguage":"fr-FR"},{"@type":"Organization","@id":"https:\/\/www.public.sn\/#organization","name":"LE PUBLIC","url":"https:\/\/www.public.sn\/","logo":{"@type":"ImageObject","inLanguage":"fr-FR","@id":"https:\/\/www.public.sn\/#\/schema\/logo\/image\/","url":"https:\/\/www.public.sn\/wp-content\/uploads\/2024\/05\/cropped-LOGO-PUBLIC.SN_.png","contentUrl":"https:\/\/www.public.sn\/wp-content\/uploads\/2024\/05\/cropped-LOGO-PUBLIC.SN_.png","width":682,"height":192,"caption":"LE PUBLIC"},"image":{"@id":"https:\/\/www.public.sn\/#\/schema\/logo\/image\/"}},{"@type":"Person","@id":"https:\/\/www.public.sn\/#\/schema\/person\/e3f4a11b037d4203902db148f9bc8d5a","name":"LA REDACTION","image":{"@type":"ImageObject","inLanguage":"fr-FR","@id":"https:\/\/www.public.sn\/#\/schema\/person\/image\/","url":"https:\/\/secure.gravatar.com\/avatar\/d6c030db45db2883c075085c5d6c6258654a801a93766b49af0b82d4f454e2a5?s=96&d=mm&r=g","contentUrl":"https:\/\/secure.gravatar.com\/avatar\/d6c030db45db2883c075085c5d6c6258654a801a93766b49af0b82d4f454e2a5?s=96&d=mm&r=g","caption":"LA REDACTION"},"sameAs":["http:\/\/www.public.sn"],"url":"https:\/\/www.public.sn\/index.php\/author\/admin7324\/"}]}},"jetpack_featured_media_url":"https:\/\/www.public.sn\/wp-content\/uploads\/2023\/03\/macky-sall-1.jpg","jetpack_sharing_enabled":true,"_links":{"self":[{"href":"https:\/\/www.public.sn\/index.php\/wp-json\/wp\/v2\/posts\/21553","targetHints":{"allow":["GET"]}}],"collection":[{"href":"https:\/\/www.public.sn\/index.php\/wp-json\/wp\/v2\/posts"}],"about":[{"href":"https:\/\/www.public.sn\/index.php\/wp-json\/wp\/v2\/types\/post"}],"author":[{"embeddable":true,"href":"https:\/\/www.public.sn\/index.php\/wp-json\/wp\/v2\/users\/1"}],"replies":[{"embeddable":true,"href":"https:\/\/www.public.sn\/index.php\/wp-json\/wp\/v2\/comments?post=21553"}],"version-history":[{"count":1,"href":"https:\/\/www.public.sn\/index.php\/wp-json\/wp\/v2\/posts\/21553\/revisions"}],"predecessor-version":[{"id":21554,"href":"https:\/\/www.public.sn\/index.php\/wp-json\/wp\/v2\/posts\/21553\/revisions\/21554"}],"wp:featuredmedia":[{"embeddable":true,"href":"https:\/\/www.public.sn\/index.php\/wp-json\/wp\/v2\/media\/17472"}],"wp:attachment":[{"href":"https:\/\/www.public.sn\/index.php\/wp-json\/wp\/v2\/media?parent=21553"}],"wp:term":[{"taxonomy":"category","embeddable":true,"href":"https:\/\/www.public.sn\/index.php\/wp-json\/wp\/v2\/categories?post=21553"},{"taxonomy":"post_tag","embeddable":true,"href":"https:\/\/www.public.sn\/index.php\/wp-json\/wp\/v2\/tags?post=21553"}],"curies":[{"name":"wp","href":"https:\/\/api.w.org\/{rel}","templated":true}]}}