{"id":2160,"date":"2022-09-18T14:57:50","date_gmt":"2022-09-18T14:57:50","guid":{"rendered":"https:\/\/www.public.sn\/?p=2160"},"modified":"2022-09-18T14:57:51","modified_gmt":"2022-09-18T14:57:51","slug":"oulimata-sarr-ministre-de-leconomie-cest-la-patrie-qui-ma-appelee-et-je-demissionne-des-nations-unies","status":"publish","type":"post","link":"https:\/\/www.public.sn\/index.php\/2022\/09\/18\/oulimata-sarr-ministre-de-leconomie-cest-la-patrie-qui-ma-appelee-et-je-demissionne-des-nations-unies\/","title":{"rendered":"Oulimata Sarr, Ministre de l\u2019\u00e9conomie: \u201cC\u2019est la patrie qui m\u2019a appel\u00e9e et je d\u00e9missionne des Nations Unies\u201d."},"content":{"rendered":"\n<p>La nouvelle ministre de l\u2019Economie, du plan et de la coop\u00e9ration, Oulimata Sarr a confi\u00e9 \u00e0 Dakaractu en exclusivit\u00e9, ses premiers mots apr\u00e8s sa nomination \u00e0 la t\u00eate de ce minist\u00e8re qui reste pour elle, un d\u00e9partement o\u00f9 il y a \u00e9norm\u00e9ment de personnes qualifi\u00e9es.<\/p><div class=\"publi-paragraphe1\" style=\"margin-top: 10px;margin-bottom: 10px;margin-left: auto;margin-right: auto;text-align: center;\" id=\"publi-3937944071\"><div class=\"publi-adlabel\">Publicit\u00e9<\/div><script async src=\"\/\/pagead2.googlesyndication.com\/pagead\/js\/adsbygoogle.js?client=ca-pub-4089586018074219\" crossorigin=\"anonymous\"><\/script><ins class=\"adsbygoogle\" style=\"display:block;\" data-ad-client=\"ca-pub-4089586018074219\" \ndata-ad-slot=\"2087940154\" \ndata-ad-format=\"auto\"><\/ins>\n<script> \n(adsbygoogle = window.adsbygoogle || []).push({}); \n<\/script>\n<\/div>\n\n\n\n<p>\u00ab J\u2019ai r\u00e9pondu \u00e0 l\u2019appel du S\u00e9n\u00e9gal. C\u2019est la patrie qui m\u2019a appel\u00e9e et je d\u00e9missionne des Nations Unies pour r\u00e9pondre\u2026 \u00bb, d\u00e9clare la dipl\u00f4m\u00e9e de l\u2019\u00c9cole des Hautes \u00e9tudes Commerciales de Montr\u00e9al qui consid\u00e8re, qu\u2019en d\u00e9pit de ce que repr\u00e9sente ONU femmes, la situation socio-\u00e9conomique au S\u00e9n\u00e9gal m\u00e9rite bien qu\u2019elle renonce \u00e0 cette t\u00e2che pour la patrie.<\/p>\n\n\n\n<p>Pour sa nouvelle nomination, Oulimata Sarr au bout du fil de Dakaractu, estime que c\u2019est une grande fiert\u00e9 et aussi un honneur pour tout S\u00e9n\u00e9galais. \u00ab Nous sommes plus de 17 millions et quand on vous choisit parmi tant d\u2019autres personnes, c\u2019est parce que nous pouvons apporter notre humble contribution. C\u2019est dans le cadre d\u2019un gouvernement d\u2019ouverture que le pr\u00e9sident a pens\u00e9 que les s\u00e9n\u00e9galais quel que soit leur background, peuvent contribuer \u00e0 l\u2019\u00e9mergence du pays. Lorsque j\u2019ai \u00e9t\u00e9 appel\u00e9e, je n\u2019ai pas h\u00e9sit\u00e9. Et je donnerai tout ce que j\u2019ai comme connaissance, comme comp\u00e9tence\u2026 \u00bb, a martel\u00e9 la d\u00e9sormais ancienne directrice de ONU femmes.<\/p>\n\n\n\n<p>Pour rappel, Oulimata Sarr \u00e9tait jusque-l\u00e0, la Directrice R\u00e9gionale du bureau d\u2019ONU Femmes \u00e0 Dakar qui couvre l\u2019Afrique de l\u2019Ouest et l\u2019Afrique Centrale, avec 24 pays sous sa responsabilit\u00e9. Elle avait comme mission d\u2019aider les gouvernements \u00e0 \u00e9laborer des programmes visant \u00e0 promouvoir l\u2019autonomisation \u00e9conomique des femmes mais \u00e9galement, d\u2019amener les politiques publiques et le secteur priv\u00e9 \u00e0 cr\u00e9er des opportunit\u00e9s pour les femmes \u00e0 tous les niveaux de l\u2019activit\u00e9 \u00e9conomique.<\/p>\n<div class=\"publi-apres-le-contenu\" style=\"margin-top: 10px;margin-bottom: 10px;margin-left: auto;margin-right: auto;text-align: center;\" id=\"publi-2851660651\"><div class=\"publi-adlabel\">Publicit\u00e9<\/div><script async src=\"\/\/pagead2.googlesyndication.com\/pagead\/js\/adsbygoogle.js?client=ca-pub-4089586018074219\" crossorigin=\"anonymous\"><\/script><ins class=\"adsbygoogle\" style=\"display:block;\" data-ad-client=\"ca-pub-4089586018074219\" \ndata-ad-slot=\"2087940154\" \ndata-ad-format=\"auto\"><\/ins>\n<script> \n(adsbygoogle = window.adsbygoogle || []).push({}); \n<\/script>\n<\/div>","protected":false},"excerpt":{"rendered":"<p>La nouvelle ministre de l\u2019Economie, du plan et de la coop\u00e9ration, Oulimata Sarr a confi\u00e9 \u00e0 Dakaractu en exclusivit\u00e9, ses premiers mots apr\u00e8s sa nomination \u00e0 la t\u00eate de ce minist\u00e8re qui reste pour elle, un d\u00e9partement o\u00f9 il y a \u00e9norm\u00e9ment de personnes qualifi\u00e9es. \u00ab J\u2019ai r\u00e9pondu \u00e0 l\u2019appel du S\u00e9n\u00e9gal. C\u2019est la patrie qui m\u2019a appel\u00e9e et je d\u00e9missionne des Nations Unies pour r\u00e9pondre\u2026 \u00bb, d\u00e9clare la dipl\u00f4m\u00e9e de l\u2019\u00c9cole des Hautes \u00e9tudes Commerciales de Montr\u00e9al qui consid\u00e8re, qu\u2019en d\u00e9pit de ce que repr\u00e9sente ONU femmes, la situation socio-\u00e9conomique au S\u00e9n\u00e9gal m\u00e9rite bien qu\u2019elle renonce \u00e0 cette t\u00e2che pour la patrie. Pour sa nouvelle nomination, Oulimata Sarr au bout du fil de Dakaractu, estime que c\u2019est une grande fiert\u00e9 et aussi un honneur pour tout S\u00e9n\u00e9galais. \u00ab Nous sommes plus de 17 millions et quand on vous choisit parmi tant d\u2019autres personnes, c\u2019est parce que nous pouvons apporter notre humble contribution. C\u2019est dans le cadre d\u2019un gouvernement d\u2019ouverture que le pr\u00e9sident a pens\u00e9 que les s\u00e9n\u00e9galais quel que soit leur background, peuvent contribuer \u00e0 l\u2019\u00e9mergence du pays. Lorsque j\u2019ai \u00e9t\u00e9 appel\u00e9e, je n\u2019ai pas h\u00e9sit\u00e9. Et je donnerai tout ce que j\u2019ai comme connaissance, comme comp\u00e9tence\u2026 \u00bb, a martel\u00e9 la d\u00e9sormais ancienne directrice de ONU femmes. Pour rappel, Oulimata Sarr \u00e9tait jusque-l\u00e0, la Directrice R\u00e9gionale du bureau d\u2019ONU Femmes \u00e0 Dakar qui couvre l\u2019Afrique de l\u2019Ouest et l\u2019Afrique Centrale, avec 24 pays sous sa responsabilit\u00e9. Elle avait comme mission d\u2019aider les gouvernements \u00e0 \u00e9laborer des programmes visant \u00e0 promouvoir l\u2019autonomisation \u00e9conomique des femmes mais \u00e9galement, d\u2019amener les politiques publiques et le secteur priv\u00e9 \u00e0 cr\u00e9er des opportunit\u00e9s pour les femmes \u00e0 tous les niveaux de l\u2019activit\u00e9 \u00e9conomique.<\/p>\n","protected":false},"author":1,"featured_media":2161,"comment_status":"open","ping_status":"open","sticky":false,"template":"","format":"standard","meta":{"_jetpack_memberships_contains_paid_content":false,"footnotes":""},"categories":[375,3],"tags":[744,813,11,383,812],"class_list":["post-2160","post","type-post","status-publish","format-standard","has-post-thumbnail","hentry","category-actualites","category-politique","tag-amadou-ba","tag-economie","tag-macky-sall","tag-nations-unies","tag-oulimata-sarr","entry","has-media","owp-thumbs-layout-horizontal","owp-btn-normal","owp-tabs-layout-horizontal","has-no-thumbnails","has-product-nav"],"yoast_head":"<!-- This site is optimized with the Yoast SEO plugin v25.5 - https:\/\/yoast.com\/wordpress\/plugins\/seo\/ -->\n<title>Oulimata Sarr, Ministre de l\u2019\u00e9conomie: \u201cC\u2019est la patrie qui m\u2019a appel\u00e9e et je d\u00e9missionne des Nations Unies\u201d. - LE PUBLIC<\/title>\n<meta name=\"robots\" content=\"index, follow, max-snippet:-1, max-image-preview:large, max-video-preview:-1\" \/>\n<link rel=\"canonical\" href=\"https:\/\/www.public.sn\/index.php\/2022\/09\/18\/oulimata-sarr-ministre-de-leconomie-cest-la-patrie-qui-ma-appelee-et-je-demissionne-des-nations-unies\/\" \/>\n<meta property=\"og:locale\" content=\"fr_FR\" \/>\n<meta property=\"og:type\" content=\"article\" \/>\n<meta property=\"og:title\" content=\"Oulimata Sarr, Ministre de l\u2019\u00e9conomie: \u201cC\u2019est la patrie qui m\u2019a appel\u00e9e et je d\u00e9missionne des Nations Unies\u201d. - LE PUBLIC\" \/>\n<meta property=\"og:description\" content=\"La nouvelle ministre de l\u2019Economie, du plan et de la coop\u00e9ration, Oulimata Sarr a confi\u00e9 \u00e0 Dakaractu en exclusivit\u00e9, ses premiers mots apr\u00e8s sa nomination \u00e0 la t\u00eate de ce minist\u00e8re qui reste pour elle, un d\u00e9partement o\u00f9 il y a \u00e9norm\u00e9ment de personnes qualifi\u00e9es. \u00ab J\u2019ai r\u00e9pondu \u00e0 l\u2019appel du S\u00e9n\u00e9gal. C\u2019est la patrie qui m\u2019a appel\u00e9e et je d\u00e9missionne des Nations Unies pour r\u00e9pondre\u2026 \u00bb, d\u00e9clare la dipl\u00f4m\u00e9e de l\u2019\u00c9cole des Hautes \u00e9tudes Commerciales de Montr\u00e9al qui consid\u00e8re, qu\u2019en d\u00e9pit de ce que repr\u00e9sente ONU femmes, la situation socio-\u00e9conomique au S\u00e9n\u00e9gal m\u00e9rite bien qu\u2019elle renonce \u00e0 cette t\u00e2che pour la patrie. Pour sa nouvelle nomination, Oulimata Sarr au bout du fil de Dakaractu, estime que c\u2019est une grande fiert\u00e9 et aussi un honneur pour tout S\u00e9n\u00e9galais. \u00ab Nous sommes plus de 17 millions et quand on vous choisit parmi tant d\u2019autres personnes, c\u2019est parce que nous pouvons apporter notre humble contribution. C\u2019est dans le cadre d\u2019un gouvernement d\u2019ouverture que le pr\u00e9sident a pens\u00e9 que les s\u00e9n\u00e9galais quel que soit leur background, peuvent contribuer \u00e0 l\u2019\u00e9mergence du pays. Lorsque j\u2019ai \u00e9t\u00e9 appel\u00e9e, je n\u2019ai pas h\u00e9sit\u00e9. Et je donnerai tout ce que j\u2019ai comme connaissance, comme comp\u00e9tence\u2026 \u00bb, a martel\u00e9 la d\u00e9sormais ancienne directrice de ONU femmes. Pour rappel, Oulimata Sarr \u00e9tait jusque-l\u00e0, la Directrice R\u00e9gionale du bureau d\u2019ONU Femmes \u00e0 Dakar qui couvre l\u2019Afrique de l\u2019Ouest et l\u2019Afrique Centrale, avec 24 pays sous sa responsabilit\u00e9. Elle avait comme mission d\u2019aider les gouvernements \u00e0 \u00e9laborer des programmes visant \u00e0 promouvoir l\u2019autonomisation \u00e9conomique des femmes mais \u00e9galement, d\u2019amener les politiques publiques et le secteur priv\u00e9 \u00e0 cr\u00e9er des opportunit\u00e9s pour les femmes \u00e0 tous les niveaux de l\u2019activit\u00e9 \u00e9conomique.\" \/>\n<meta property=\"og:url\" content=\"https:\/\/www.public.sn\/index.php\/2022\/09\/18\/oulimata-sarr-ministre-de-leconomie-cest-la-patrie-qui-ma-appelee-et-je-demissionne-des-nations-unies\/\" \/>\n<meta property=\"og:site_name\" content=\"LE PUBLIC\" \/>\n<meta property=\"article:published_time\" content=\"2022-09-18T14:57:50+00:00\" \/>\n<meta property=\"article:modified_time\" content=\"2022-09-18T14:57:51+00:00\" \/>\n<meta property=\"og:image\" content=\"https:\/\/www.public.sn\/wp-content\/uploads\/2022\/09\/0171FEB4-0E01-4861-A4EF-446666EE9AD4.jpeg\" \/>\n\t<meta property=\"og:image:width\" content=\"612\" \/>\n\t<meta property=\"og:image:height\" content=\"298\" \/>\n\t<meta property=\"og:image:type\" content=\"image\/jpeg\" \/>\n<meta name=\"author\" content=\"LA REDACTION\" \/>\n<meta name=\"twitter:card\" content=\"summary_large_image\" \/>\n<meta name=\"twitter:label1\" content=\"\u00c9crit par\" \/>\n\t<meta name=\"twitter:data1\" content=\"LA REDACTION\" \/>\n\t<meta name=\"twitter:label2\" content=\"Dur\u00e9e de lecture estim\u00e9e\" \/>\n\t<meta name=\"twitter:data2\" content=\"2 minutes\" \/>\n<script type=\"application\/ld+json\" class=\"yoast-schema-graph\">{\"@context\":\"https:\/\/schema.org\",\"@graph\":[{\"@type\":\"Article\",\"@id\":\"https:\/\/www.public.sn\/index.php\/2022\/09\/18\/oulimata-sarr-ministre-de-leconomie-cest-la-patrie-qui-ma-appelee-et-je-demissionne-des-nations-unies\/#article\",\"isPartOf\":{\"@id\":\"https:\/\/www.public.sn\/index.php\/2022\/09\/18\/oulimata-sarr-ministre-de-leconomie-cest-la-patrie-qui-ma-appelee-et-je-demissionne-des-nations-unies\/\"},\"author\":{\"name\":\"LA REDACTION\",\"@id\":\"https:\/\/www.public.sn\/#\/schema\/person\/e3f4a11b037d4203902db148f9bc8d5a\"},\"headline\":\"Oulimata Sarr, Ministre de l\u2019\u00e9conomie: \u201cC\u2019est la patrie qui m\u2019a appel\u00e9e et je d\u00e9missionne des Nations Unies\u201d.\",\"datePublished\":\"2022-09-18T14:57:50+00:00\",\"dateModified\":\"2022-09-18T14:57:51+00:00\",\"mainEntityOfPage\":{\"@id\":\"https:\/\/www.public.sn\/index.php\/2022\/09\/18\/oulimata-sarr-ministre-de-leconomie-cest-la-patrie-qui-ma-appelee-et-je-demissionne-des-nations-unies\/\"},\"wordCount\":348,\"commentCount\":0,\"publisher\":{\"@id\":\"https:\/\/www.public.sn\/#organization\"},\"image\":{\"@id\":\"https:\/\/www.public.sn\/index.php\/2022\/09\/18\/oulimata-sarr-ministre-de-leconomie-cest-la-patrie-qui-ma-appelee-et-je-demissionne-des-nations-unies\/#primaryimage\"},\"thumbnailUrl\":\"https:\/\/www.public.sn\/wp-content\/uploads\/2022\/09\/0171FEB4-0E01-4861-A4EF-446666EE9AD4.jpeg\",\"keywords\":[\"Amadou Ba\",\"\u00c9conomie\",\"Macky Sall\",\"Nations Unies\",\"Oulimata Sarr\"],\"articleSection\":[\"ACTUALIT\u00c9S\",\"POLITIQUE\"],\"inLanguage\":\"fr-FR\",\"potentialAction\":[{\"@type\":\"CommentAction\",\"name\":\"Comment\",\"target\":[\"https:\/\/www.public.sn\/index.php\/2022\/09\/18\/oulimata-sarr-ministre-de-leconomie-cest-la-patrie-qui-ma-appelee-et-je-demissionne-des-nations-unies\/#respond\"]}]},{\"@type\":\"WebPage\",\"@id\":\"https:\/\/www.public.sn\/index.php\/2022\/09\/18\/oulimata-sarr-ministre-de-leconomie-cest-la-patrie-qui-ma-appelee-et-je-demissionne-des-nations-unies\/\",\"url\":\"https:\/\/www.public.sn\/index.php\/2022\/09\/18\/oulimata-sarr-ministre-de-leconomie-cest-la-patrie-qui-ma-appelee-et-je-demissionne-des-nations-unies\/\",\"name\":\"Oulimata Sarr, Ministre de l\u2019\u00e9conomie: \u201cC\u2019est la patrie qui m\u2019a appel\u00e9e et je d\u00e9missionne des Nations Unies\u201d. - LE PUBLIC\",\"isPartOf\":{\"@id\":\"https:\/\/www.public.sn\/#website\"},\"primaryImageOfPage\":{\"@id\":\"https:\/\/www.public.sn\/index.php\/2022\/09\/18\/oulimata-sarr-ministre-de-leconomie-cest-la-patrie-qui-ma-appelee-et-je-demissionne-des-nations-unies\/#primaryimage\"},\"image\":{\"@id\":\"https:\/\/www.public.sn\/index.php\/2022\/09\/18\/oulimata-sarr-ministre-de-leconomie-cest-la-patrie-qui-ma-appelee-et-je-demissionne-des-nations-unies\/#primaryimage\"},\"thumbnailUrl\":\"https:\/\/www.public.sn\/wp-content\/uploads\/2022\/09\/0171FEB4-0E01-4861-A4EF-446666EE9AD4.jpeg\",\"datePublished\":\"2022-09-18T14:57:50+00:00\",\"dateModified\":\"2022-09-18T14:57:51+00:00\",\"breadcrumb\":{\"@id\":\"https:\/\/www.public.sn\/index.php\/2022\/09\/18\/oulimata-sarr-ministre-de-leconomie-cest-la-patrie-qui-ma-appelee-et-je-demissionne-des-nations-unies\/#breadcrumb\"},\"inLanguage\":\"fr-FR\",\"potentialAction\":[{\"@type\":\"ReadAction\",\"target\":[\"https:\/\/www.public.sn\/index.php\/2022\/09\/18\/oulimata-sarr-ministre-de-leconomie-cest-la-patrie-qui-ma-appelee-et-je-demissionne-des-nations-unies\/\"]}]},{\"@type\":\"ImageObject\",\"inLanguage\":\"fr-FR\",\"@id\":\"https:\/\/www.public.sn\/index.php\/2022\/09\/18\/oulimata-sarr-ministre-de-leconomie-cest-la-patrie-qui-ma-appelee-et-je-demissionne-des-nations-unies\/#primaryimage\",\"url\":\"https:\/\/www.public.sn\/wp-content\/uploads\/2022\/09\/0171FEB4-0E01-4861-A4EF-446666EE9AD4.jpeg\",\"contentUrl\":\"https:\/\/www.public.sn\/wp-content\/uploads\/2022\/09\/0171FEB4-0E01-4861-A4EF-446666EE9AD4.jpeg\",\"width\":612,\"height\":298},{\"@type\":\"BreadcrumbList\",\"@id\":\"https:\/\/www.public.sn\/index.php\/2022\/09\/18\/oulimata-sarr-ministre-de-leconomie-cest-la-patrie-qui-ma-appelee-et-je-demissionne-des-nations-unies\/#breadcrumb\",\"itemListElement\":[{\"@type\":\"ListItem\",\"position\":1,\"name\":\"Accueil\",\"item\":\"https:\/\/www.public.sn\/\"},{\"@type\":\"ListItem\",\"position\":2,\"name\":\"Oulimata Sarr, Ministre de l\u2019\u00e9conomie: \u201cC\u2019est la patrie qui m\u2019a appel\u00e9e et je d\u00e9missionne des Nations Unies\u201d.\"}]},{\"@type\":\"WebSite\",\"@id\":\"https:\/\/www.public.sn\/#website\",\"url\":\"https:\/\/www.public.sn\/\",\"name\":\"LE PUBLIC\",\"description\":\"\",\"publisher\":{\"@id\":\"https:\/\/www.public.sn\/#organization\"},\"potentialAction\":[{\"@type\":\"SearchAction\",\"target\":{\"@type\":\"EntryPoint\",\"urlTemplate\":\"https:\/\/www.public.sn\/?s={search_term_string}\"},\"query-input\":{\"@type\":\"PropertyValueSpecification\",\"valueRequired\":true,\"valueName\":\"search_term_string\"}}],\"inLanguage\":\"fr-FR\"},{\"@type\":\"Organization\",\"@id\":\"https:\/\/www.public.sn\/#organization\",\"name\":\"LE PUBLIC\",\"url\":\"https:\/\/www.public.sn\/\",\"logo\":{\"@type\":\"ImageObject\",\"inLanguage\":\"fr-FR\",\"@id\":\"https:\/\/www.public.sn\/#\/schema\/logo\/image\/\",\"url\":\"https:\/\/www.public.sn\/wp-content\/uploads\/2024\/05\/cropped-LOGO-PUBLIC.SN_.png\",\"contentUrl\":\"https:\/\/www.public.sn\/wp-content\/uploads\/2024\/05\/cropped-LOGO-PUBLIC.SN_.png\",\"width\":682,\"height\":192,\"caption\":\"LE PUBLIC\"},\"image\":{\"@id\":\"https:\/\/www.public.sn\/#\/schema\/logo\/image\/\"}},{\"@type\":\"Person\",\"@id\":\"https:\/\/www.public.sn\/#\/schema\/person\/e3f4a11b037d4203902db148f9bc8d5a\",\"name\":\"LA REDACTION\",\"image\":{\"@type\":\"ImageObject\",\"inLanguage\":\"fr-FR\",\"@id\":\"https:\/\/www.public.sn\/#\/schema\/person\/image\/\",\"url\":\"https:\/\/secure.gravatar.com\/avatar\/d6c030db45db2883c075085c5d6c6258654a801a93766b49af0b82d4f454e2a5?s=96&d=mm&r=g\",\"contentUrl\":\"https:\/\/secure.gravatar.com\/avatar\/d6c030db45db2883c075085c5d6c6258654a801a93766b49af0b82d4f454e2a5?s=96&d=mm&r=g\",\"caption\":\"LA REDACTION\"},\"sameAs\":[\"http:\/\/www.public.sn\"],\"url\":\"https:\/\/www.public.sn\/index.php\/author\/admin7324\/\"}]}<\/script>\n<!-- \/ Yoast SEO plugin. -->","yoast_head_json":{"title":"Oulimata Sarr, Ministre de l\u2019\u00e9conomie: \u201cC\u2019est la patrie qui m\u2019a appel\u00e9e et je d\u00e9missionne des Nations Unies\u201d. - LE PUBLIC","robots":{"index":"index","follow":"follow","max-snippet":"max-snippet:-1","max-image-preview":"max-image-preview:large","max-video-preview":"max-video-preview:-1"},"canonical":"https:\/\/www.public.sn\/index.php\/2022\/09\/18\/oulimata-sarr-ministre-de-leconomie-cest-la-patrie-qui-ma-appelee-et-je-demissionne-des-nations-unies\/","og_locale":"fr_FR","og_type":"article","og_title":"Oulimata Sarr, Ministre de l\u2019\u00e9conomie: \u201cC\u2019est la patrie qui m\u2019a appel\u00e9e et je d\u00e9missionne des Nations Unies\u201d. - LE PUBLIC","og_description":"La nouvelle ministre de l\u2019Economie, du plan et de la coop\u00e9ration, Oulimata Sarr a confi\u00e9 \u00e0 Dakaractu en exclusivit\u00e9, ses premiers mots apr\u00e8s sa nomination \u00e0 la t\u00eate de ce minist\u00e8re qui reste pour elle, un d\u00e9partement o\u00f9 il y a \u00e9norm\u00e9ment de personnes qualifi\u00e9es. \u00ab J\u2019ai r\u00e9pondu \u00e0 l\u2019appel du S\u00e9n\u00e9gal. C\u2019est la patrie qui m\u2019a appel\u00e9e et je d\u00e9missionne des Nations Unies pour r\u00e9pondre\u2026 \u00bb, d\u00e9clare la dipl\u00f4m\u00e9e de l\u2019\u00c9cole des Hautes \u00e9tudes Commerciales de Montr\u00e9al qui consid\u00e8re, qu\u2019en d\u00e9pit de ce que repr\u00e9sente ONU femmes, la situation socio-\u00e9conomique au S\u00e9n\u00e9gal m\u00e9rite bien qu\u2019elle renonce \u00e0 cette t\u00e2che pour la patrie. Pour sa nouvelle nomination, Oulimata Sarr au bout du fil de Dakaractu, estime que c\u2019est une grande fiert\u00e9 et aussi un honneur pour tout S\u00e9n\u00e9galais. \u00ab Nous sommes plus de 17 millions et quand on vous choisit parmi tant d\u2019autres personnes, c\u2019est parce que nous pouvons apporter notre humble contribution. C\u2019est dans le cadre d\u2019un gouvernement d\u2019ouverture que le pr\u00e9sident a pens\u00e9 que les s\u00e9n\u00e9galais quel que soit leur background, peuvent contribuer \u00e0 l\u2019\u00e9mergence du pays. Lorsque j\u2019ai \u00e9t\u00e9 appel\u00e9e, je n\u2019ai pas h\u00e9sit\u00e9. Et je donnerai tout ce que j\u2019ai comme connaissance, comme comp\u00e9tence\u2026 \u00bb, a martel\u00e9 la d\u00e9sormais ancienne directrice de ONU femmes. Pour rappel, Oulimata Sarr \u00e9tait jusque-l\u00e0, la Directrice R\u00e9gionale du bureau d\u2019ONU Femmes \u00e0 Dakar qui couvre l\u2019Afrique de l\u2019Ouest et l\u2019Afrique Centrale, avec 24 pays sous sa responsabilit\u00e9. Elle avait comme mission d\u2019aider les gouvernements \u00e0 \u00e9laborer des programmes visant \u00e0 promouvoir l\u2019autonomisation \u00e9conomique des femmes mais \u00e9galement, d\u2019amener les politiques publiques et le secteur priv\u00e9 \u00e0 cr\u00e9er des opportunit\u00e9s pour les femmes \u00e0 tous les niveaux de l\u2019activit\u00e9 \u00e9conomique.","og_url":"https:\/\/www.public.sn\/index.php\/2022\/09\/18\/oulimata-sarr-ministre-de-leconomie-cest-la-patrie-qui-ma-appelee-et-je-demissionne-des-nations-unies\/","og_site_name":"LE PUBLIC","article_published_time":"2022-09-18T14:57:50+00:00","article_modified_time":"2022-09-18T14:57:51+00:00","og_image":[{"width":612,"height":298,"url":"https:\/\/www.public.sn\/wp-content\/uploads\/2022\/09\/0171FEB4-0E01-4861-A4EF-446666EE9AD4.jpeg","type":"image\/jpeg"}],"author":"LA REDACTION","twitter_card":"summary_large_image","twitter_misc":{"\u00c9crit par":"LA REDACTION","Dur\u00e9e de lecture estim\u00e9e":"2 minutes"},"schema":{"@context":"https:\/\/schema.org","@graph":[{"@type":"Article","@id":"https:\/\/www.public.sn\/index.php\/2022\/09\/18\/oulimata-sarr-ministre-de-leconomie-cest-la-patrie-qui-ma-appelee-et-je-demissionne-des-nations-unies\/#article","isPartOf":{"@id":"https:\/\/www.public.sn\/index.php\/2022\/09\/18\/oulimata-sarr-ministre-de-leconomie-cest-la-patrie-qui-ma-appelee-et-je-demissionne-des-nations-unies\/"},"author":{"name":"LA REDACTION","@id":"https:\/\/www.public.sn\/#\/schema\/person\/e3f4a11b037d4203902db148f9bc8d5a"},"headline":"Oulimata Sarr, Ministre de l\u2019\u00e9conomie: \u201cC\u2019est la patrie qui m\u2019a appel\u00e9e et je d\u00e9missionne des Nations Unies\u201d.","datePublished":"2022-09-18T14:57:50+00:00","dateModified":"2022-09-18T14:57:51+00:00","mainEntityOfPage":{"@id":"https:\/\/www.public.sn\/index.php\/2022\/09\/18\/oulimata-sarr-ministre-de-leconomie-cest-la-patrie-qui-ma-appelee-et-je-demissionne-des-nations-unies\/"},"wordCount":348,"commentCount":0,"publisher":{"@id":"https:\/\/www.public.sn\/#organization"},"image":{"@id":"https:\/\/www.public.sn\/index.php\/2022\/09\/18\/oulimata-sarr-ministre-de-leconomie-cest-la-patrie-qui-ma-appelee-et-je-demissionne-des-nations-unies\/#primaryimage"},"thumbnailUrl":"https:\/\/www.public.sn\/wp-content\/uploads\/2022\/09\/0171FEB4-0E01-4861-A4EF-446666EE9AD4.jpeg","keywords":["Amadou Ba","\u00c9conomie","Macky Sall","Nations Unies","Oulimata Sarr"],"articleSection":["ACTUALIT\u00c9S","POLITIQUE"],"inLanguage":"fr-FR","potentialAction":[{"@type":"CommentAction","name":"Comment","target":["https:\/\/www.public.sn\/index.php\/2022\/09\/18\/oulimata-sarr-ministre-de-leconomie-cest-la-patrie-qui-ma-appelee-et-je-demissionne-des-nations-unies\/#respond"]}]},{"@type":"WebPage","@id":"https:\/\/www.public.sn\/index.php\/2022\/09\/18\/oulimata-sarr-ministre-de-leconomie-cest-la-patrie-qui-ma-appelee-et-je-demissionne-des-nations-unies\/","url":"https:\/\/www.public.sn\/index.php\/2022\/09\/18\/oulimata-sarr-ministre-de-leconomie-cest-la-patrie-qui-ma-appelee-et-je-demissionne-des-nations-unies\/","name":"Oulimata Sarr, Ministre de l\u2019\u00e9conomie: \u201cC\u2019est la patrie qui m\u2019a appel\u00e9e et je d\u00e9missionne des Nations Unies\u201d. - LE PUBLIC","isPartOf":{"@id":"https:\/\/www.public.sn\/#website"},"primaryImageOfPage":{"@id":"https:\/\/www.public.sn\/index.php\/2022\/09\/18\/oulimata-sarr-ministre-de-leconomie-cest-la-patrie-qui-ma-appelee-et-je-demissionne-des-nations-unies\/#primaryimage"},"image":{"@id":"https:\/\/www.public.sn\/index.php\/2022\/09\/18\/oulimata-sarr-ministre-de-leconomie-cest-la-patrie-qui-ma-appelee-et-je-demissionne-des-nations-unies\/#primaryimage"},"thumbnailUrl":"https:\/\/www.public.sn\/wp-content\/uploads\/2022\/09\/0171FEB4-0E01-4861-A4EF-446666EE9AD4.jpeg","datePublished":"2022-09-18T14:57:50+00:00","dateModified":"2022-09-18T14:57:51+00:00","breadcrumb":{"@id":"https:\/\/www.public.sn\/index.php\/2022\/09\/18\/oulimata-sarr-ministre-de-leconomie-cest-la-patrie-qui-ma-appelee-et-je-demissionne-des-nations-unies\/#breadcrumb"},"inLanguage":"fr-FR","potentialAction":[{"@type":"ReadAction","target":["https:\/\/www.public.sn\/index.php\/2022\/09\/18\/oulimata-sarr-ministre-de-leconomie-cest-la-patrie-qui-ma-appelee-et-je-demissionne-des-nations-unies\/"]}]},{"@type":"ImageObject","inLanguage":"fr-FR","@id":"https:\/\/www.public.sn\/index.php\/2022\/09\/18\/oulimata-sarr-ministre-de-leconomie-cest-la-patrie-qui-ma-appelee-et-je-demissionne-des-nations-unies\/#primaryimage","url":"https:\/\/www.public.sn\/wp-content\/uploads\/2022\/09\/0171FEB4-0E01-4861-A4EF-446666EE9AD4.jpeg","contentUrl":"https:\/\/www.public.sn\/wp-content\/uploads\/2022\/09\/0171FEB4-0E01-4861-A4EF-446666EE9AD4.jpeg","width":612,"height":298},{"@type":"BreadcrumbList","@id":"https:\/\/www.public.sn\/index.php\/2022\/09\/18\/oulimata-sarr-ministre-de-leconomie-cest-la-patrie-qui-ma-appelee-et-je-demissionne-des-nations-unies\/#breadcrumb","itemListElement":[{"@type":"ListItem","position":1,"name":"Accueil","item":"https:\/\/www.public.sn\/"},{"@type":"ListItem","position":2,"name":"Oulimata Sarr, Ministre de l\u2019\u00e9conomie: \u201cC\u2019est la patrie qui m\u2019a appel\u00e9e et je d\u00e9missionne des Nations Unies\u201d."}]},{"@type":"WebSite","@id":"https:\/\/www.public.sn\/#website","url":"https:\/\/www.public.sn\/","name":"LE PUBLIC","description":"","publisher":{"@id":"https:\/\/www.public.sn\/#organization"},"potentialAction":[{"@type":"SearchAction","target":{"@type":"EntryPoint","urlTemplate":"https:\/\/www.public.sn\/?s={search_term_string}"},"query-input":{"@type":"PropertyValueSpecification","valueRequired":true,"valueName":"search_term_string"}}],"inLanguage":"fr-FR"},{"@type":"Organization","@id":"https:\/\/www.public.sn\/#organization","name":"LE PUBLIC","url":"https:\/\/www.public.sn\/","logo":{"@type":"ImageObject","inLanguage":"fr-FR","@id":"https:\/\/www.public.sn\/#\/schema\/logo\/image\/","url":"https:\/\/www.public.sn\/wp-content\/uploads\/2024\/05\/cropped-LOGO-PUBLIC.SN_.png","contentUrl":"https:\/\/www.public.sn\/wp-content\/uploads\/2024\/05\/cropped-LOGO-PUBLIC.SN_.png","width":682,"height":192,"caption":"LE PUBLIC"},"image":{"@id":"https:\/\/www.public.sn\/#\/schema\/logo\/image\/"}},{"@type":"Person","@id":"https:\/\/www.public.sn\/#\/schema\/person\/e3f4a11b037d4203902db148f9bc8d5a","name":"LA REDACTION","image":{"@type":"ImageObject","inLanguage":"fr-FR","@id":"https:\/\/www.public.sn\/#\/schema\/person\/image\/","url":"https:\/\/secure.gravatar.com\/avatar\/d6c030db45db2883c075085c5d6c6258654a801a93766b49af0b82d4f454e2a5?s=96&d=mm&r=g","contentUrl":"https:\/\/secure.gravatar.com\/avatar\/d6c030db45db2883c075085c5d6c6258654a801a93766b49af0b82d4f454e2a5?s=96&d=mm&r=g","caption":"LA REDACTION"},"sameAs":["http:\/\/www.public.sn"],"url":"https:\/\/www.public.sn\/index.php\/author\/admin7324\/"}]}},"jetpack_featured_media_url":"https:\/\/www.public.sn\/wp-content\/uploads\/2022\/09\/0171FEB4-0E01-4861-A4EF-446666EE9AD4.jpeg","jetpack_sharing_enabled":true,"_links":{"self":[{"href":"https:\/\/www.public.sn\/index.php\/wp-json\/wp\/v2\/posts\/2160","targetHints":{"allow":["GET"]}}],"collection":[{"href":"https:\/\/www.public.sn\/index.php\/wp-json\/wp\/v2\/posts"}],"about":[{"href":"https:\/\/www.public.sn\/index.php\/wp-json\/wp\/v2\/types\/post"}],"author":[{"embeddable":true,"href":"https:\/\/www.public.sn\/index.php\/wp-json\/wp\/v2\/users\/1"}],"replies":[{"embeddable":true,"href":"https:\/\/www.public.sn\/index.php\/wp-json\/wp\/v2\/comments?post=2160"}],"version-history":[{"count":1,"href":"https:\/\/www.public.sn\/index.php\/wp-json\/wp\/v2\/posts\/2160\/revisions"}],"predecessor-version":[{"id":2162,"href":"https:\/\/www.public.sn\/index.php\/wp-json\/wp\/v2\/posts\/2160\/revisions\/2162"}],"wp:featuredmedia":[{"embeddable":true,"href":"https:\/\/www.public.sn\/index.php\/wp-json\/wp\/v2\/media\/2161"}],"wp:attachment":[{"href":"https:\/\/www.public.sn\/index.php\/wp-json\/wp\/v2\/media?parent=2160"}],"wp:term":[{"taxonomy":"category","embeddable":true,"href":"https:\/\/www.public.sn\/index.php\/wp-json\/wp\/v2\/categories?post=2160"},{"taxonomy":"post_tag","embeddable":true,"href":"https:\/\/www.public.sn\/index.php\/wp-json\/wp\/v2\/tags?post=2160"}],"curies":[{"name":"wp","href":"https:\/\/api.w.org\/{rel}","templated":true}]}}