{"id":21604,"date":"2023-05-11T07:24:09","date_gmt":"2023-05-11T07:24:09","guid":{"rendered":"https:\/\/www.public.sn\/?p=21604"},"modified":"2023-05-11T04:38:57","modified_gmt":"2023-05-11T04:38:57","slug":"sortie-dousmane-sonko-barthelemy-dias-revient-a-la-charge","status":"publish","type":"post","link":"https:\/\/www.public.sn\/index.php\/2023\/05\/11\/sortie-dousmane-sonko-barthelemy-dias-revient-a-la-charge\/","title":{"rendered":"SORTIE D\u2019OUSMANE SONKO : Barth\u00e9l\u00e9my Dias revient \u00e0 la charge"},"content":{"rendered":"<p><strong>Le maire de Dakar et non moins fid\u00e8le de Khalifa Ababacar Sall ne compte pas laisser de r\u00e9pit \u00e0 Ousmane Sonko qui s\u2019amuse \u00e0 faire des insinuations sur un certain leader de Yaw.<\/strong><\/p><div class=\"publi-paragraphe1\" style=\"margin-top: 10px;margin-bottom: 10px;margin-left: auto;margin-right: auto;text-align: center;\" id=\"publi-3930885420\"><div class=\"publi-adlabel\">Publicit\u00e9<\/div><script async src=\"\/\/pagead2.googlesyndication.com\/pagead\/js\/adsbygoogle.js?client=ca-pub-4089586018074219\" crossorigin=\"anonymous\"><\/script><ins class=\"adsbygoogle\" style=\"display:block;\" data-ad-client=\"ca-pub-4089586018074219\" \ndata-ad-slot=\"2087940154\" \ndata-ad-format=\"auto\"><\/ins>\n<script> \n(adsbygoogle = window.adsbygoogle || []).push({}); \n<\/script>\n<\/div>\n<p>En effet, Barthelemy Dias est revenu \u00e0 la charge hier, au lendemain de la sortie du leader de Pastef. Il a r\u00e9p\u00e9t\u00e9 qu\u2019Ousmane Sonko \u00ab \u00e9tait au coeur du Dialogue et au c\u0153ur de la d\u00e9marche \u00bb. C\u2019est dans ce m\u00eame sillage qu\u2019il est revenu sur la rencontre entre Idrissa Seck et Sonko. \u00ab Il \u00e9tait au c\u0153ur du Dialogue. Il \u00e9tait au c\u0153ur de toutes les d\u00e9marches. Pourtant, un leader politique (Idrissa Seck) a dit publiquement qu\u2019il a d\u00een\u00e9 avec Macky Sall et ensuite il a rendu visite \u00e0 un leader de Yewwi Askan Wi. Et pourtant, ce leader (Sonko) auquel on fait allusion n\u2019a jamais parl\u00e9 de cette rencontre avec l\u2019\u00e9missaire de Macky Sall \u00bb, a-t-il rappel\u00e9.<\/p>\n<p>Le maire de Dakar a promis de d\u00e9molir tous les \u00abmensonges\u00bb qui seront v\u00e9hicul\u00e9s \u00e0 propos de la<br \/>\nparticipation de la coalition Yewwi Askan Wi au dialogue pr\u00f4n\u00e9 par le chef de l&rsquo;\u00c9tat. Pour justifier la participation de son leader Khalifa Sall au dialogue, Barth\u00e9l\u00e9my Dias dira : \u00ab dans la Coalition Yewwi Askan Wi on n\u2019a jamais pos\u00e9 un acte pour rendre \u00e0 Khalifa Sall son \u00e9ligibilit\u00e9. Depuis 2014, Khalifa Sall ne peut pas \u00eatre candidat. Quand on adh\u00e9rait \u00e0 Yewwi, on ne l\u2019a pas fait pour se battre pour un seul leader. On veut utiliser cette coalition pour une coalition d\u2019int\u00e9r\u00eat ou une coalition de clan. Cette coalition n\u2019appartient \u00e0 personne, mais au peuple \u00bb.<\/p>\n<p>Le maire de Dakar a, auparavant, t\u00e9moign\u00e9 sa solidarit\u00e9 \u00e0 la population de Ngor, suite aux d\u00e9c\u00e8s enregistr\u00e9s lors des manifestations de mardi soir entre habitants de ladite localit\u00e9 et des \u00e9l\u00e9ments de la gendarmerie<\/p>\n<div class=\"publi-apres-le-contenu\" style=\"margin-top: 10px;margin-bottom: 10px;margin-left: auto;margin-right: auto;text-align: center;\" id=\"publi-4195086791\"><div class=\"publi-adlabel\">Publicit\u00e9<\/div><script async src=\"\/\/pagead2.googlesyndication.com\/pagead\/js\/adsbygoogle.js?client=ca-pub-4089586018074219\" crossorigin=\"anonymous\"><\/script><ins class=\"adsbygoogle\" style=\"display:block;\" data-ad-client=\"ca-pub-4089586018074219\" \ndata-ad-slot=\"2087940154\" \ndata-ad-format=\"auto\"><\/ins>\n<script> \n(adsbygoogle = window.adsbygoogle || []).push({}); \n<\/script>\n<\/div>","protected":false},"excerpt":{"rendered":"<p>Le maire de Dakar et non moins fid\u00e8le de Khalifa Ababacar Sall ne compte pas laisser de r\u00e9pit \u00e0 Ousmane Sonko qui s\u2019amuse \u00e0 faire des insinuations sur un certain leader de Yaw. En effet, Barthelemy Dias est revenu \u00e0 la charge hier, au lendemain de la sortie du leader de Pastef. Il a r\u00e9p\u00e9t\u00e9 qu\u2019Ousmane Sonko \u00ab \u00e9tait au coeur du Dialogue et au c\u0153ur de la d\u00e9marche \u00bb. C\u2019est dans ce m\u00eame sillage qu\u2019il est revenu sur la rencontre entre Idrissa Seck et Sonko. \u00ab Il \u00e9tait au c\u0153ur du Dialogue. Il \u00e9tait au c\u0153ur de toutes les d\u00e9marches. Pourtant, un leader politique (Idrissa Seck) a dit publiquement qu\u2019il a d\u00een\u00e9 avec Macky Sall et ensuite il a rendu visite \u00e0 un leader de Yewwi Askan Wi. Et pourtant, ce leader (Sonko) auquel on fait allusion n\u2019a jamais parl\u00e9 de cette rencontre avec l\u2019\u00e9missaire de Macky Sall \u00bb, a-t-il rappel\u00e9. Le maire de Dakar a promis de d\u00e9molir tous les \u00abmensonges\u00bb qui seront v\u00e9hicul\u00e9s \u00e0 propos de la participation de la coalition Yewwi Askan Wi au dialogue pr\u00f4n\u00e9 par le chef de l&rsquo;\u00c9tat. Pour justifier la participation de son leader Khalifa Sall au dialogue, Barth\u00e9l\u00e9my Dias dira : \u00ab dans la Coalition Yewwi Askan Wi on n\u2019a jamais pos\u00e9 un acte pour rendre \u00e0 Khalifa Sall son \u00e9ligibilit\u00e9. Depuis 2014, Khalifa Sall ne peut pas \u00eatre candidat. Quand on adh\u00e9rait \u00e0 Yewwi, on ne l\u2019a pas fait pour se battre pour un seul leader. On veut utiliser cette coalition pour une coalition d\u2019int\u00e9r\u00eat ou une coalition de clan. Cette coalition n\u2019appartient \u00e0 personne, mais au peuple \u00bb. Le maire de Dakar a, auparavant, t\u00e9moign\u00e9 sa solidarit\u00e9 \u00e0 la population de Ngor, suite aux d\u00e9c\u00e8s enregistr\u00e9s lors des manifestations de mardi soir entre habitants de ladite localit\u00e9 et des \u00e9l\u00e9ments de la gendarmerie<\/p>\n","protected":false},"author":1,"featured_media":7579,"comment_status":"open","ping_status":"open","sticky":false,"template":"","format":"standard","meta":{"_jetpack_memberships_contains_paid_content":false,"footnotes":""},"categories":[375,3,1,372],"tags":[402],"class_list":["post-21604","post","type-post","status-publish","format-standard","has-post-thumbnail","hentry","category-actualites","category-politique","category-non-classe","category-vedette","tag-barthelemy-dias","entry","has-media","owp-thumbs-layout-horizontal","owp-btn-normal","owp-tabs-layout-horizontal","has-no-thumbnails","has-product-nav"],"yoast_head":"<!-- This site is optimized with the Yoast SEO plugin v25.5 - https:\/\/yoast.com\/wordpress\/plugins\/seo\/ -->\n<title>SORTIE D\u2019OUSMANE SONKO : Barth\u00e9l\u00e9my Dias revient \u00e0 la charge - LE PUBLIC<\/title>\n<meta name=\"description\" content=\"Le maire de Dakar et non moins fid\u00e8le de Khalifa Ababacar Sall ne compte pas laisser de r\u00e9pit \u00e0 Ousmane Sonko qui s\u2019amuse \u00e0 faire des insinuations sur un certain leader de Yaw.\" \/>\n<meta name=\"robots\" content=\"index, follow, max-snippet:-1, max-image-preview:large, max-video-preview:-1\" \/>\n<link rel=\"canonical\" href=\"https:\/\/www.public.sn\/index.php\/2023\/05\/11\/sortie-dousmane-sonko-barthelemy-dias-revient-a-la-charge\/\" \/>\n<meta property=\"og:locale\" content=\"fr_FR\" \/>\n<meta property=\"og:type\" content=\"article\" \/>\n<meta property=\"og:title\" content=\"SORTIE D\u2019OUSMANE SONKO : Barth\u00e9l\u00e9my Dias revient \u00e0 la charge - LE PUBLIC\" \/>\n<meta property=\"og:description\" content=\"Le maire de Dakar et non moins fid\u00e8le de Khalifa Ababacar Sall ne compte pas laisser de r\u00e9pit \u00e0 Ousmane Sonko qui s\u2019amuse \u00e0 faire des insinuations sur un certain leader de Yaw.\" \/>\n<meta property=\"og:url\" content=\"https:\/\/www.public.sn\/index.php\/2023\/05\/11\/sortie-dousmane-sonko-barthelemy-dias-revient-a-la-charge\/\" \/>\n<meta property=\"og:site_name\" content=\"LE PUBLIC\" \/>\n<meta property=\"article:published_time\" content=\"2023-05-11T07:24:09+00:00\" \/>\n<meta property=\"og:image\" content=\"https:\/\/www.public.sn\/wp-content\/uploads\/2022\/11\/Barthelemy-dias.jpg\" \/>\n\t<meta property=\"og:image:width\" content=\"640\" \/>\n\t<meta property=\"og:image:height\" content=\"480\" \/>\n\t<meta property=\"og:image:type\" content=\"image\/jpeg\" \/>\n<meta name=\"author\" content=\"LA REDACTION\" \/>\n<meta name=\"twitter:card\" content=\"summary_large_image\" \/>\n<meta name=\"twitter:label1\" content=\"\u00c9crit par\" \/>\n\t<meta name=\"twitter:data1\" content=\"LA REDACTION\" \/>\n\t<meta name=\"twitter:label2\" content=\"Dur\u00e9e de lecture estim\u00e9e\" \/>\n\t<meta name=\"twitter:data2\" content=\"2 minutes\" \/>\n<script type=\"application\/ld+json\" class=\"yoast-schema-graph\">{\"@context\":\"https:\/\/schema.org\",\"@graph\":[{\"@type\":\"Article\",\"@id\":\"https:\/\/www.public.sn\/index.php\/2023\/05\/11\/sortie-dousmane-sonko-barthelemy-dias-revient-a-la-charge\/#article\",\"isPartOf\":{\"@id\":\"https:\/\/www.public.sn\/index.php\/2023\/05\/11\/sortie-dousmane-sonko-barthelemy-dias-revient-a-la-charge\/\"},\"author\":{\"name\":\"LA REDACTION\",\"@id\":\"https:\/\/www.public.sn\/#\/schema\/person\/e3f4a11b037d4203902db148f9bc8d5a\"},\"headline\":\"SORTIE D\u2019OUSMANE SONKO : Barth\u00e9l\u00e9my Dias revient \u00e0 la charge\",\"datePublished\":\"2023-05-11T07:24:09+00:00\",\"mainEntityOfPage\":{\"@id\":\"https:\/\/www.public.sn\/index.php\/2023\/05\/11\/sortie-dousmane-sonko-barthelemy-dias-revient-a-la-charge\/\"},\"wordCount\":335,\"commentCount\":0,\"publisher\":{\"@id\":\"https:\/\/www.public.sn\/#organization\"},\"image\":{\"@id\":\"https:\/\/www.public.sn\/index.php\/2023\/05\/11\/sortie-dousmane-sonko-barthelemy-dias-revient-a-la-charge\/#primaryimage\"},\"thumbnailUrl\":\"https:\/\/www.public.sn\/wp-content\/uploads\/2022\/11\/Barthelemy-dias.jpg\",\"keywords\":[\"Barthel\u00e9my Dias\"],\"articleSection\":[\"ACTUALIT\u00c9S\",\"POLITIQUE\",\"S\u00c9N\u00c9GAL\",\"VEDETTE\"],\"inLanguage\":\"fr-FR\",\"potentialAction\":[{\"@type\":\"CommentAction\",\"name\":\"Comment\",\"target\":[\"https:\/\/www.public.sn\/index.php\/2023\/05\/11\/sortie-dousmane-sonko-barthelemy-dias-revient-a-la-charge\/#respond\"]}]},{\"@type\":\"WebPage\",\"@id\":\"https:\/\/www.public.sn\/index.php\/2023\/05\/11\/sortie-dousmane-sonko-barthelemy-dias-revient-a-la-charge\/\",\"url\":\"https:\/\/www.public.sn\/index.php\/2023\/05\/11\/sortie-dousmane-sonko-barthelemy-dias-revient-a-la-charge\/\",\"name\":\"SORTIE D\u2019OUSMANE SONKO : Barth\u00e9l\u00e9my Dias revient \u00e0 la charge - LE PUBLIC\",\"isPartOf\":{\"@id\":\"https:\/\/www.public.sn\/#website\"},\"primaryImageOfPage\":{\"@id\":\"https:\/\/www.public.sn\/index.php\/2023\/05\/11\/sortie-dousmane-sonko-barthelemy-dias-revient-a-la-charge\/#primaryimage\"},\"image\":{\"@id\":\"https:\/\/www.public.sn\/index.php\/2023\/05\/11\/sortie-dousmane-sonko-barthelemy-dias-revient-a-la-charge\/#primaryimage\"},\"thumbnailUrl\":\"https:\/\/www.public.sn\/wp-content\/uploads\/2022\/11\/Barthelemy-dias.jpg\",\"datePublished\":\"2023-05-11T07:24:09+00:00\",\"description\":\"Le maire de Dakar et non moins fid\u00e8le de Khalifa Ababacar Sall ne compte pas laisser de r\u00e9pit \u00e0 Ousmane Sonko qui s\u2019amuse \u00e0 faire des insinuations sur un certain leader de Yaw.\",\"breadcrumb\":{\"@id\":\"https:\/\/www.public.sn\/index.php\/2023\/05\/11\/sortie-dousmane-sonko-barthelemy-dias-revient-a-la-charge\/#breadcrumb\"},\"inLanguage\":\"fr-FR\",\"potentialAction\":[{\"@type\":\"ReadAction\",\"target\":[\"https:\/\/www.public.sn\/index.php\/2023\/05\/11\/sortie-dousmane-sonko-barthelemy-dias-revient-a-la-charge\/\"]}]},{\"@type\":\"ImageObject\",\"inLanguage\":\"fr-FR\",\"@id\":\"https:\/\/www.public.sn\/index.php\/2023\/05\/11\/sortie-dousmane-sonko-barthelemy-dias-revient-a-la-charge\/#primaryimage\",\"url\":\"https:\/\/www.public.sn\/wp-content\/uploads\/2022\/11\/Barthelemy-dias.jpg\",\"contentUrl\":\"https:\/\/www.public.sn\/wp-content\/uploads\/2022\/11\/Barthelemy-dias.jpg\",\"width\":640,\"height\":480},{\"@type\":\"BreadcrumbList\",\"@id\":\"https:\/\/www.public.sn\/index.php\/2023\/05\/11\/sortie-dousmane-sonko-barthelemy-dias-revient-a-la-charge\/#breadcrumb\",\"itemListElement\":[{\"@type\":\"ListItem\",\"position\":1,\"name\":\"Accueil\",\"item\":\"https:\/\/www.public.sn\/\"},{\"@type\":\"ListItem\",\"position\":2,\"name\":\"SORTIE D\u2019OUSMANE SONKO : Barth\u00e9l\u00e9my Dias revient \u00e0 la charge\"}]},{\"@type\":\"WebSite\",\"@id\":\"https:\/\/www.public.sn\/#website\",\"url\":\"https:\/\/www.public.sn\/\",\"name\":\"LE PUBLIC\",\"description\":\"\",\"publisher\":{\"@id\":\"https:\/\/www.public.sn\/#organization\"},\"potentialAction\":[{\"@type\":\"SearchAction\",\"target\":{\"@type\":\"EntryPoint\",\"urlTemplate\":\"https:\/\/www.public.sn\/?s={search_term_string}\"},\"query-input\":{\"@type\":\"PropertyValueSpecification\",\"valueRequired\":true,\"valueName\":\"search_term_string\"}}],\"inLanguage\":\"fr-FR\"},{\"@type\":\"Organization\",\"@id\":\"https:\/\/www.public.sn\/#organization\",\"name\":\"LE PUBLIC\",\"url\":\"https:\/\/www.public.sn\/\",\"logo\":{\"@type\":\"ImageObject\",\"inLanguage\":\"fr-FR\",\"@id\":\"https:\/\/www.public.sn\/#\/schema\/logo\/image\/\",\"url\":\"https:\/\/www.public.sn\/wp-content\/uploads\/2024\/05\/cropped-LOGO-PUBLIC.SN_.png\",\"contentUrl\":\"https:\/\/www.public.sn\/wp-content\/uploads\/2024\/05\/cropped-LOGO-PUBLIC.SN_.png\",\"width\":682,\"height\":192,\"caption\":\"LE PUBLIC\"},\"image\":{\"@id\":\"https:\/\/www.public.sn\/#\/schema\/logo\/image\/\"}},{\"@type\":\"Person\",\"@id\":\"https:\/\/www.public.sn\/#\/schema\/person\/e3f4a11b037d4203902db148f9bc8d5a\",\"name\":\"LA REDACTION\",\"image\":{\"@type\":\"ImageObject\",\"inLanguage\":\"fr-FR\",\"@id\":\"https:\/\/www.public.sn\/#\/schema\/person\/image\/\",\"url\":\"https:\/\/secure.gravatar.com\/avatar\/d6c030db45db2883c075085c5d6c6258654a801a93766b49af0b82d4f454e2a5?s=96&d=mm&r=g\",\"contentUrl\":\"https:\/\/secure.gravatar.com\/avatar\/d6c030db45db2883c075085c5d6c6258654a801a93766b49af0b82d4f454e2a5?s=96&d=mm&r=g\",\"caption\":\"LA REDACTION\"},\"sameAs\":[\"http:\/\/www.public.sn\"],\"url\":\"https:\/\/www.public.sn\/index.php\/author\/admin7324\/\"}]}<\/script>\n<!-- \/ Yoast SEO plugin. -->","yoast_head_json":{"title":"SORTIE D\u2019OUSMANE SONKO : Barth\u00e9l\u00e9my Dias revient \u00e0 la charge - LE PUBLIC","description":"Le maire de Dakar et non moins fid\u00e8le de Khalifa Ababacar Sall ne compte pas laisser de r\u00e9pit \u00e0 Ousmane Sonko qui s\u2019amuse \u00e0 faire des insinuations sur un certain leader de Yaw.","robots":{"index":"index","follow":"follow","max-snippet":"max-snippet:-1","max-image-preview":"max-image-preview:large","max-video-preview":"max-video-preview:-1"},"canonical":"https:\/\/www.public.sn\/index.php\/2023\/05\/11\/sortie-dousmane-sonko-barthelemy-dias-revient-a-la-charge\/","og_locale":"fr_FR","og_type":"article","og_title":"SORTIE D\u2019OUSMANE SONKO : Barth\u00e9l\u00e9my Dias revient \u00e0 la charge - LE PUBLIC","og_description":"Le maire de Dakar et non moins fid\u00e8le de Khalifa Ababacar Sall ne compte pas laisser de r\u00e9pit \u00e0 Ousmane Sonko qui s\u2019amuse \u00e0 faire des insinuations sur un certain leader de Yaw.","og_url":"https:\/\/www.public.sn\/index.php\/2023\/05\/11\/sortie-dousmane-sonko-barthelemy-dias-revient-a-la-charge\/","og_site_name":"LE PUBLIC","article_published_time":"2023-05-11T07:24:09+00:00","og_image":[{"width":640,"height":480,"url":"https:\/\/www.public.sn\/wp-content\/uploads\/2022\/11\/Barthelemy-dias.jpg","type":"image\/jpeg"}],"author":"LA REDACTION","twitter_card":"summary_large_image","twitter_misc":{"\u00c9crit par":"LA REDACTION","Dur\u00e9e de lecture estim\u00e9e":"2 minutes"},"schema":{"@context":"https:\/\/schema.org","@graph":[{"@type":"Article","@id":"https:\/\/www.public.sn\/index.php\/2023\/05\/11\/sortie-dousmane-sonko-barthelemy-dias-revient-a-la-charge\/#article","isPartOf":{"@id":"https:\/\/www.public.sn\/index.php\/2023\/05\/11\/sortie-dousmane-sonko-barthelemy-dias-revient-a-la-charge\/"},"author":{"name":"LA REDACTION","@id":"https:\/\/www.public.sn\/#\/schema\/person\/e3f4a11b037d4203902db148f9bc8d5a"},"headline":"SORTIE D\u2019OUSMANE SONKO : Barth\u00e9l\u00e9my Dias revient \u00e0 la charge","datePublished":"2023-05-11T07:24:09+00:00","mainEntityOfPage":{"@id":"https:\/\/www.public.sn\/index.php\/2023\/05\/11\/sortie-dousmane-sonko-barthelemy-dias-revient-a-la-charge\/"},"wordCount":335,"commentCount":0,"publisher":{"@id":"https:\/\/www.public.sn\/#organization"},"image":{"@id":"https:\/\/www.public.sn\/index.php\/2023\/05\/11\/sortie-dousmane-sonko-barthelemy-dias-revient-a-la-charge\/#primaryimage"},"thumbnailUrl":"https:\/\/www.public.sn\/wp-content\/uploads\/2022\/11\/Barthelemy-dias.jpg","keywords":["Barthel\u00e9my Dias"],"articleSection":["ACTUALIT\u00c9S","POLITIQUE","S\u00c9N\u00c9GAL","VEDETTE"],"inLanguage":"fr-FR","potentialAction":[{"@type":"CommentAction","name":"Comment","target":["https:\/\/www.public.sn\/index.php\/2023\/05\/11\/sortie-dousmane-sonko-barthelemy-dias-revient-a-la-charge\/#respond"]}]},{"@type":"WebPage","@id":"https:\/\/www.public.sn\/index.php\/2023\/05\/11\/sortie-dousmane-sonko-barthelemy-dias-revient-a-la-charge\/","url":"https:\/\/www.public.sn\/index.php\/2023\/05\/11\/sortie-dousmane-sonko-barthelemy-dias-revient-a-la-charge\/","name":"SORTIE D\u2019OUSMANE SONKO : Barth\u00e9l\u00e9my Dias revient \u00e0 la charge - LE PUBLIC","isPartOf":{"@id":"https:\/\/www.public.sn\/#website"},"primaryImageOfPage":{"@id":"https:\/\/www.public.sn\/index.php\/2023\/05\/11\/sortie-dousmane-sonko-barthelemy-dias-revient-a-la-charge\/#primaryimage"},"image":{"@id":"https:\/\/www.public.sn\/index.php\/2023\/05\/11\/sortie-dousmane-sonko-barthelemy-dias-revient-a-la-charge\/#primaryimage"},"thumbnailUrl":"https:\/\/www.public.sn\/wp-content\/uploads\/2022\/11\/Barthelemy-dias.jpg","datePublished":"2023-05-11T07:24:09+00:00","description":"Le maire de Dakar et non moins fid\u00e8le de Khalifa Ababacar Sall ne compte pas laisser de r\u00e9pit \u00e0 Ousmane Sonko qui s\u2019amuse \u00e0 faire des insinuations sur un certain leader de Yaw.","breadcrumb":{"@id":"https:\/\/www.public.sn\/index.php\/2023\/05\/11\/sortie-dousmane-sonko-barthelemy-dias-revient-a-la-charge\/#breadcrumb"},"inLanguage":"fr-FR","potentialAction":[{"@type":"ReadAction","target":["https:\/\/www.public.sn\/index.php\/2023\/05\/11\/sortie-dousmane-sonko-barthelemy-dias-revient-a-la-charge\/"]}]},{"@type":"ImageObject","inLanguage":"fr-FR","@id":"https:\/\/www.public.sn\/index.php\/2023\/05\/11\/sortie-dousmane-sonko-barthelemy-dias-revient-a-la-charge\/#primaryimage","url":"https:\/\/www.public.sn\/wp-content\/uploads\/2022\/11\/Barthelemy-dias.jpg","contentUrl":"https:\/\/www.public.sn\/wp-content\/uploads\/2022\/11\/Barthelemy-dias.jpg","width":640,"height":480},{"@type":"BreadcrumbList","@id":"https:\/\/www.public.sn\/index.php\/2023\/05\/11\/sortie-dousmane-sonko-barthelemy-dias-revient-a-la-charge\/#breadcrumb","itemListElement":[{"@type":"ListItem","position":1,"name":"Accueil","item":"https:\/\/www.public.sn\/"},{"@type":"ListItem","position":2,"name":"SORTIE D\u2019OUSMANE SONKO : Barth\u00e9l\u00e9my Dias revient \u00e0 la charge"}]},{"@type":"WebSite","@id":"https:\/\/www.public.sn\/#website","url":"https:\/\/www.public.sn\/","name":"LE PUBLIC","description":"","publisher":{"@id":"https:\/\/www.public.sn\/#organization"},"potentialAction":[{"@type":"SearchAction","target":{"@type":"EntryPoint","urlTemplate":"https:\/\/www.public.sn\/?s={search_term_string}"},"query-input":{"@type":"PropertyValueSpecification","valueRequired":true,"valueName":"search_term_string"}}],"inLanguage":"fr-FR"},{"@type":"Organization","@id":"https:\/\/www.public.sn\/#organization","name":"LE PUBLIC","url":"https:\/\/www.public.sn\/","logo":{"@type":"ImageObject","inLanguage":"fr-FR","@id":"https:\/\/www.public.sn\/#\/schema\/logo\/image\/","url":"https:\/\/www.public.sn\/wp-content\/uploads\/2024\/05\/cropped-LOGO-PUBLIC.SN_.png","contentUrl":"https:\/\/www.public.sn\/wp-content\/uploads\/2024\/05\/cropped-LOGO-PUBLIC.SN_.png","width":682,"height":192,"caption":"LE PUBLIC"},"image":{"@id":"https:\/\/www.public.sn\/#\/schema\/logo\/image\/"}},{"@type":"Person","@id":"https:\/\/www.public.sn\/#\/schema\/person\/e3f4a11b037d4203902db148f9bc8d5a","name":"LA REDACTION","image":{"@type":"ImageObject","inLanguage":"fr-FR","@id":"https:\/\/www.public.sn\/#\/schema\/person\/image\/","url":"https:\/\/secure.gravatar.com\/avatar\/d6c030db45db2883c075085c5d6c6258654a801a93766b49af0b82d4f454e2a5?s=96&d=mm&r=g","contentUrl":"https:\/\/secure.gravatar.com\/avatar\/d6c030db45db2883c075085c5d6c6258654a801a93766b49af0b82d4f454e2a5?s=96&d=mm&r=g","caption":"LA REDACTION"},"sameAs":["http:\/\/www.public.sn"],"url":"https:\/\/www.public.sn\/index.php\/author\/admin7324\/"}]}},"jetpack_featured_media_url":"https:\/\/www.public.sn\/wp-content\/uploads\/2022\/11\/Barthelemy-dias.jpg","jetpack_sharing_enabled":true,"_links":{"self":[{"href":"https:\/\/www.public.sn\/index.php\/wp-json\/wp\/v2\/posts\/21604","targetHints":{"allow":["GET"]}}],"collection":[{"href":"https:\/\/www.public.sn\/index.php\/wp-json\/wp\/v2\/posts"}],"about":[{"href":"https:\/\/www.public.sn\/index.php\/wp-json\/wp\/v2\/types\/post"}],"author":[{"embeddable":true,"href":"https:\/\/www.public.sn\/index.php\/wp-json\/wp\/v2\/users\/1"}],"replies":[{"embeddable":true,"href":"https:\/\/www.public.sn\/index.php\/wp-json\/wp\/v2\/comments?post=21604"}],"version-history":[{"count":1,"href":"https:\/\/www.public.sn\/index.php\/wp-json\/wp\/v2\/posts\/21604\/revisions"}],"predecessor-version":[{"id":21605,"href":"https:\/\/www.public.sn\/index.php\/wp-json\/wp\/v2\/posts\/21604\/revisions\/21605"}],"wp:featuredmedia":[{"embeddable":true,"href":"https:\/\/www.public.sn\/index.php\/wp-json\/wp\/v2\/media\/7579"}],"wp:attachment":[{"href":"https:\/\/www.public.sn\/index.php\/wp-json\/wp\/v2\/media?parent=21604"}],"wp:term":[{"taxonomy":"category","embeddable":true,"href":"https:\/\/www.public.sn\/index.php\/wp-json\/wp\/v2\/categories?post=21604"},{"taxonomy":"post_tag","embeddable":true,"href":"https:\/\/www.public.sn\/index.php\/wp-json\/wp\/v2\/tags?post=21604"}],"curies":[{"name":"wp","href":"https:\/\/api.w.org\/{rel}","templated":true}]}}