{"id":21644,"date":"2023-05-11T07:43:19","date_gmt":"2023-05-11T07:43:19","guid":{"rendered":"https:\/\/www.public.sn\/?p=21644"},"modified":"2023-05-11T05:21:03","modified_gmt":"2023-05-11T05:21:03","slug":"le-responsable-des-roquettes-du-jihad-islamique-tue-dans-une-frappe-israelienne","status":"publish","type":"post","link":"https:\/\/www.public.sn\/index.php\/2023\/05\/11\/le-responsable-des-roquettes-du-jihad-islamique-tue-dans-une-frappe-israelienne\/","title":{"rendered":"Le responsable des roquettes du Jihad islamique tu\u00e9 dans une frappe isra\u00e9lienne"},"content":{"rendered":"<p><strong>Deux autres membres du groupe qui se cachaient avec lui ont \u00e9galement \u00e9t\u00e9 tu\u00e9s<\/strong><\/p><div class=\"publi-paragraphe1\" style=\"margin-top: 10px;margin-bottom: 10px;margin-left: auto;margin-right: auto;text-align: center;\" id=\"publi-4141623798\"><div class=\"publi-adlabel\">Publicit\u00e9<\/div><script async src=\"\/\/pagead2.googlesyndication.com\/pagead\/js\/adsbygoogle.js?client=ca-pub-4089586018074219\" crossorigin=\"anonymous\"><\/script><ins class=\"adsbygoogle\" style=\"display:block;\" data-ad-client=\"ca-pub-4089586018074219\" \ndata-ad-slot=\"2087940154\" \ndata-ad-format=\"auto\"><\/ins>\n<script> \n(adsbygoogle = window.adsbygoogle || []).push({}); \n<\/script>\n<\/div>\n<p><strong>L&rsquo;arm\u00e9e isra\u00e9lienne a d\u00e9clar\u00e9 jeudi matin t\u00f4t que le commandant du r\u00e9seau de roquettes du Jihad islamique palestinien, Ali Ghali, a \u00e9t\u00e9 tu\u00e9 lors d&rsquo;une frappe de son aviation. Deux autres membres du groupe qui se cachaient avec lui ont \u00e9galement \u00e9t\u00e9 tu\u00e9s. Selon des sources palestiniennes, Isra\u00ebl a frapp\u00e9 un immeuble r\u00e9sidentiel \u00e0 Khan Younis, dans le sud de la bande de Gaza.<\/strong><\/p>\n<div class=\"oceanwp-oembed-wrap clr\">\n<blockquote class=\"twitter-tweet\" data-width=\"550\" data-dnt=\"true\">\n<p lang=\"fr\" dir=\"ltr\">?MISE \u00c0 JOUR OP\u00c9RATIONNELLE: Nous venons de cibler Ali Ghali, le commandant de la force de lancement de roquettes du Jihad islamique, ainsi que deux autres membres \u00e0 Gaza.<\/p>\n<p>Il \u00e9tait une figure centrale du JI, ainsi que responsable des r\u00e9centes roquettes lanc\u00e9es contre Isra\u00ebl. <a href=\"https:\/\/t.co\/3qFkB7hnnD\">pic.twitter.com\/3qFkB7hnnD<\/a><\/p>\n<p>&mdash; Tsahal (@Tsahal_IDF) <a href=\"https:\/\/twitter.com\/Tsahal_IDF\/status\/1656473827302334464?ref_src=twsrc%5Etfw\">May 11, 2023<\/a><\/p><\/blockquote>\n<p><script async src=\"https:\/\/platform.twitter.com\/widgets.js\" charset=\"utf-8\"><\/script><\/div>\n<p>Ali Ghali \u00e9tait une figure centrale de l&rsquo;organisation terroriste, responsable du ciblage et du lancement de roquettes, a d\u00e9clar\u00e9 Tsahal. Il avait particip\u00e9 \u00e0 plusieurs s\u00e9ries de combats avec Isra\u00ebl, notamment lors de l&rsquo;op\u00e9ration \u00ab\u00a0Gardien du mur\u00a0\u00bb en 2021 et \u00ab\u00a0Aube naissante\u00a0\u00bb en 2022.<\/p>\n<p>Cette frappe isra\u00e9lienne intervient apr\u00e8s l\u2019\u00e9limination cibl\u00e9e de trois importants dirigeants du Jihad islamique palestinien mardi matin, d\u00e9clenchant l&rsquo;actuelle escalade de violence entre Isra\u00ebl et le groupe terroriste ainsi que la pluie de roquettes qui s\u2019est abattue sur l\u2019\u00c9tat h\u00e9breu. Pr\u00e8s de 500 roquettes ont \u00e9t\u00e9 tir\u00e9e en direction du territoire isra\u00e9lien, dont un grand nombre intercept\u00e9 par le d\u00f4me de fer ou qui n\u2019ont pas r\u00e9ussi \u00e0 entrer en Isra\u00ebl.<\/p>\n<div class=\"oceanwp-oembed-wrap clr\">\n<blockquote class=\"twitter-tweet\" data-width=\"550\" data-dnt=\"true\">\n<p lang=\"fr\" dir=\"ltr\">\u00ab Tous les habitants de Gaza ne souhaitent pas l\u2019envoi de missiles, ne veulent pas la guerre. Mais le gouvernement isra\u00e9lien a liquid\u00e9 vingt Gazaouis, que devions-nous faire ? \u00bb<\/p>\n<p>Sami Obied, journaliste \u00e0 Gaza <a href=\"https:\/\/twitter.com\/hashtag\/D%C3%A9fense?src=hash&amp;ref_src=twsrc%5Etfw\">#D\u00e9fense<\/a> <a href=\"https:\/\/twitter.com\/MatthiasInbar?ref_src=twsrc%5Etfw\">@MatthiasInbar<\/a> <a href=\"https:\/\/t.co\/SK2hPKsBHm\">pic.twitter.com\/SK2hPKsBHm<\/a><\/p>\n<p>&mdash; i24NEWS Fran\u00e7ais (@i24NEWS_FR) <a href=\"https:\/\/twitter.com\/i24NEWS_FR\/status\/1656388453800591361?ref_src=twsrc%5Etfw\">May 10, 2023<\/a><\/p><\/blockquote>\n<p><script async src=\"https:\/\/platform.twitter.com\/widgets.js\" charset=\"utf-8\"><\/script><\/div>\n<div class=\"components\" data-min-tv-running=\"true\">\n<p class=\"\" data-is=\"component-paragraph\">Les Isra\u00e9liens se sont r\u00e9fugi\u00e9s dans les abris une grande partie de la journ\u00e9e de mardi, les sir\u00e8nes ayant retenties jusqu\u2019\u00e0 Tel Aviv. L&rsquo;arm\u00e9e isra\u00e9lienne a demand\u00e9 aux habitants des villes du sud, o\u00f9 les civils n&rsquo;ont que quelques secondes pour se mettre \u00e0 l&rsquo;abri lorsque les sir\u00e8nes retentissent de ne pas s\u2019en \u00e9loigner. Elle a \u00e9galement affr\u00e9t\u00e9 des bus pour\u00a0\u00e9vacuer des milliers d&rsquo;habitants vivant \u00e0 proximit\u00e9 imm\u00e9diate de la fronti\u00e8re avec Gaza.<\/p>\n<\/div>\n<div class=\"editor-tv-wrapper editor-tv-active\">\n<div class=\"editor-tv-component\">\n<div id=\"minute-size-container\">\n<div id=\"aniplayer72438\" class=\"minute-tvp-promo\">\n<div id=\"aniplayer72438gui\">\n<div id=\"av-container\" class=\" av-desktop hide-controls\">\n<div id=\"av-inner\">\n<div id=\"slot\">\n<div id=\"imgpreloader\"><strong>I24NEWS<\/strong><\/div>\n<div id=\"preloader\"><\/div>\n<\/div>\n<\/div>\n<\/div>\n<\/div>\n<\/div>\n<\/div>\n<\/div>\n<\/div>\n<div class=\"publi-apres-le-contenu\" style=\"margin-top: 10px;margin-bottom: 10px;margin-left: auto;margin-right: auto;text-align: center;\" id=\"publi-3151505121\"><div class=\"publi-adlabel\">Publicit\u00e9<\/div><script async src=\"\/\/pagead2.googlesyndication.com\/pagead\/js\/adsbygoogle.js?client=ca-pub-4089586018074219\" crossorigin=\"anonymous\"><\/script><ins class=\"adsbygoogle\" style=\"display:block;\" data-ad-client=\"ca-pub-4089586018074219\" \ndata-ad-slot=\"2087940154\" \ndata-ad-format=\"auto\"><\/ins>\n<script> \n(adsbygoogle = window.adsbygoogle || []).push({}); \n<\/script>\n<\/div>","protected":false},"excerpt":{"rendered":"<p>Deux autres membres du groupe qui se cachaient avec lui ont \u00e9galement \u00e9t\u00e9 tu\u00e9s L&rsquo;arm\u00e9e isra\u00e9lienne a d\u00e9clar\u00e9 jeudi matin t\u00f4t que le commandant du r\u00e9seau de roquettes du Jihad islamique palestinien, Ali Ghali, a \u00e9t\u00e9 tu\u00e9 lors d&rsquo;une frappe de son aviation. Deux autres membres du groupe qui se cachaient avec lui ont \u00e9galement \u00e9t\u00e9 tu\u00e9s. Selon des sources palestiniennes, Isra\u00ebl a frapp\u00e9 un immeuble r\u00e9sidentiel \u00e0 Khan Younis, dans le sud de la bande de Gaza. ?MISE \u00c0 JOUR OP\u00c9RATIONNELLE: Nous venons de cibler Ali Ghali, le commandant de la force de lancement de roquettes du Jihad islamique, ainsi que deux autres membres \u00e0 Gaza. Il \u00e9tait une figure centrale du JI, ainsi que responsable des r\u00e9centes roquettes lanc\u00e9es contre Isra\u00ebl. pic.twitter.com\/3qFkB7hnnD &mdash; Tsahal (@Tsahal_IDF) May 11, 2023 Ali Ghali \u00e9tait une figure centrale de l&rsquo;organisation terroriste, responsable du ciblage et du lancement de roquettes, a d\u00e9clar\u00e9 Tsahal. Il avait particip\u00e9 \u00e0 plusieurs s\u00e9ries de combats avec Isra\u00ebl, notamment lors de l&rsquo;op\u00e9ration \u00ab\u00a0Gardien du mur\u00a0\u00bb en 2021 et \u00ab\u00a0Aube naissante\u00a0\u00bb en 2022. Cette frappe isra\u00e9lienne intervient apr\u00e8s l\u2019\u00e9limination cibl\u00e9e de trois importants dirigeants du Jihad islamique palestinien mardi matin, d\u00e9clenchant l&rsquo;actuelle escalade de violence entre Isra\u00ebl et le groupe terroriste ainsi que la pluie de roquettes qui s\u2019est abattue sur l\u2019\u00c9tat h\u00e9breu. Pr\u00e8s de 500 roquettes ont \u00e9t\u00e9 tir\u00e9e en direction du territoire isra\u00e9lien, dont un grand nombre intercept\u00e9 par le d\u00f4me de fer ou qui n\u2019ont pas r\u00e9ussi \u00e0 entrer en Isra\u00ebl. \u00ab Tous les habitants de Gaza ne souhaitent pas l\u2019envoi de missiles, ne veulent pas la guerre. Mais le gouvernement isra\u00e9lien a liquid\u00e9 vingt Gazaouis, que devions-nous faire ? \u00bb Sami Obied, journaliste \u00e0 Gaza #D\u00e9fense @MatthiasInbar pic.twitter.com\/SK2hPKsBHm &mdash; i24NEWS Fran\u00e7ais (@i24NEWS_FR) May 10, 2023 Les Isra\u00e9liens se sont r\u00e9fugi\u00e9s dans les abris une grande partie de la journ\u00e9e de mardi, les sir\u00e8nes ayant retenties jusqu\u2019\u00e0 Tel Aviv. L&rsquo;arm\u00e9e isra\u00e9lienne a demand\u00e9 aux habitants des villes du sud, o\u00f9 les civils n&rsquo;ont que quelques secondes pour se mettre \u00e0 l&rsquo;abri lorsque les sir\u00e8nes retentissent de ne pas s\u2019en \u00e9loigner. Elle a \u00e9galement affr\u00e9t\u00e9 des bus pour\u00a0\u00e9vacuer des milliers d&rsquo;habitants vivant \u00e0 proximit\u00e9 imm\u00e9diate de la fronti\u00e8re avec Gaza. I24NEWS<\/p>\n","protected":false},"author":1,"featured_media":21645,"comment_status":"open","ping_status":"open","sticky":false,"template":"","format":"standard","meta":{"_jetpack_memberships_contains_paid_content":false,"footnotes":""},"categories":[375,550],"tags":[4949,4948],"class_list":["post-21644","post","type-post","status-publish","format-standard","has-post-thumbnail","hentry","category-actualites","category-afrique-monde","tag-israel","tag-palestine","entry","has-media","owp-thumbs-layout-horizontal","owp-btn-normal","owp-tabs-layout-horizontal","has-no-thumbnails","has-product-nav"],"yoast_head":"<!-- This site is optimized with the Yoast SEO plugin v25.5 - https:\/\/yoast.com\/wordpress\/plugins\/seo\/ -->\n<title>Le responsable des roquettes du Jihad islamique tu\u00e9 dans une frappe isra\u00e9lienne - LE PUBLIC<\/title>\n<meta name=\"robots\" content=\"index, follow, max-snippet:-1, max-image-preview:large, max-video-preview:-1\" \/>\n<link rel=\"canonical\" href=\"https:\/\/www.public.sn\/index.php\/2023\/05\/11\/le-responsable-des-roquettes-du-jihad-islamique-tue-dans-une-frappe-israelienne\/\" \/>\n<meta property=\"og:locale\" content=\"fr_FR\" \/>\n<meta property=\"og:type\" content=\"article\" \/>\n<meta property=\"og:title\" content=\"Le responsable des roquettes du Jihad islamique tu\u00e9 dans une frappe isra\u00e9lienne - LE PUBLIC\" \/>\n<meta property=\"og:description\" content=\"Deux autres membres du groupe qui se cachaient avec lui ont \u00e9galement \u00e9t\u00e9 tu\u00e9s L&rsquo;arm\u00e9e isra\u00e9lienne a d\u00e9clar\u00e9 jeudi matin t\u00f4t que le commandant du r\u00e9seau de roquettes du Jihad islamique palestinien, Ali Ghali, a \u00e9t\u00e9 tu\u00e9 lors d&rsquo;une frappe de son aviation. Deux autres membres du groupe qui se cachaient avec lui ont \u00e9galement \u00e9t\u00e9 tu\u00e9s. Selon des sources palestiniennes, Isra\u00ebl a frapp\u00e9 un immeuble r\u00e9sidentiel \u00e0 Khan Younis, dans le sud de la bande de Gaza. ?MISE \u00c0 JOUR OP\u00c9RATIONNELLE: Nous venons de cibler Ali Ghali, le commandant de la force de lancement de roquettes du Jihad islamique, ainsi que deux autres membres \u00e0 Gaza. Il \u00e9tait une figure centrale du JI, ainsi que responsable des r\u00e9centes roquettes lanc\u00e9es contre Isra\u00ebl. pic.twitter.com\/3qFkB7hnnD &mdash; Tsahal (@Tsahal_IDF) May 11, 2023 Ali Ghali \u00e9tait une figure centrale de l&rsquo;organisation terroriste, responsable du ciblage et du lancement de roquettes, a d\u00e9clar\u00e9 Tsahal. Il avait particip\u00e9 \u00e0 plusieurs s\u00e9ries de combats avec Isra\u00ebl, notamment lors de l&rsquo;op\u00e9ration \u00ab\u00a0Gardien du mur\u00a0\u00bb en 2021 et \u00ab\u00a0Aube naissante\u00a0\u00bb en 2022. Cette frappe isra\u00e9lienne intervient apr\u00e8s l\u2019\u00e9limination cibl\u00e9e de trois importants dirigeants du Jihad islamique palestinien mardi matin, d\u00e9clenchant l&rsquo;actuelle escalade de violence entre Isra\u00ebl et le groupe terroriste ainsi que la pluie de roquettes qui s\u2019est abattue sur l\u2019\u00c9tat h\u00e9breu. Pr\u00e8s de 500 roquettes ont \u00e9t\u00e9 tir\u00e9e en direction du territoire isra\u00e9lien, dont un grand nombre intercept\u00e9 par le d\u00f4me de fer ou qui n\u2019ont pas r\u00e9ussi \u00e0 entrer en Isra\u00ebl. \u00ab Tous les habitants de Gaza ne souhaitent pas l\u2019envoi de missiles, ne veulent pas la guerre. Mais le gouvernement isra\u00e9lien a liquid\u00e9 vingt Gazaouis, que devions-nous faire ? \u00bb Sami Obied, journaliste \u00e0 Gaza #D\u00e9fense @MatthiasInbar pic.twitter.com\/SK2hPKsBHm &mdash; i24NEWS Fran\u00e7ais (@i24NEWS_FR) May 10, 2023 Les Isra\u00e9liens se sont r\u00e9fugi\u00e9s dans les abris une grande partie de la journ\u00e9e de mardi, les sir\u00e8nes ayant retenties jusqu\u2019\u00e0 Tel Aviv. L&rsquo;arm\u00e9e isra\u00e9lienne a demand\u00e9 aux habitants des villes du sud, o\u00f9 les civils n&rsquo;ont que quelques secondes pour se mettre \u00e0 l&rsquo;abri lorsque les sir\u00e8nes retentissent de ne pas s\u2019en \u00e9loigner. Elle a \u00e9galement affr\u00e9t\u00e9 des bus pour\u00a0\u00e9vacuer des milliers d&rsquo;habitants vivant \u00e0 proximit\u00e9 imm\u00e9diate de la fronti\u00e8re avec Gaza. I24NEWS\" \/>\n<meta property=\"og:url\" content=\"https:\/\/www.public.sn\/index.php\/2023\/05\/11\/le-responsable-des-roquettes-du-jihad-islamique-tue-dans-une-frappe-israelienne\/\" \/>\n<meta property=\"og:site_name\" content=\"LE PUBLIC\" \/>\n<meta property=\"article:published_time\" content=\"2023-05-11T07:43:19+00:00\" \/>\n<meta property=\"og:image\" content=\"https:\/\/www.public.sn\/wp-content\/uploads\/2023\/05\/55e965b9a4ffa18a09d5e050dfafd2e0.webp\" \/>\n\t<meta property=\"og:image:width\" content=\"1000\" \/>\n\t<meta property=\"og:image:height\" content=\"667\" \/>\n\t<meta property=\"og:image:type\" content=\"image\/webp\" \/>\n<meta name=\"author\" content=\"LA REDACTION\" \/>\n<meta name=\"twitter:card\" content=\"summary_large_image\" \/>\n<meta name=\"twitter:label1\" content=\"\u00c9crit par\" \/>\n\t<meta name=\"twitter:data1\" content=\"LA REDACTION\" \/>\n\t<meta name=\"twitter:label2\" content=\"Dur\u00e9e de lecture estim\u00e9e\" \/>\n\t<meta name=\"twitter:data2\" content=\"2 minutes\" \/>\n<script type=\"application\/ld+json\" class=\"yoast-schema-graph\">{\"@context\":\"https:\/\/schema.org\",\"@graph\":[{\"@type\":\"Article\",\"@id\":\"https:\/\/www.public.sn\/index.php\/2023\/05\/11\/le-responsable-des-roquettes-du-jihad-islamique-tue-dans-une-frappe-israelienne\/#article\",\"isPartOf\":{\"@id\":\"https:\/\/www.public.sn\/index.php\/2023\/05\/11\/le-responsable-des-roquettes-du-jihad-islamique-tue-dans-une-frappe-israelienne\/\"},\"author\":{\"name\":\"LA REDACTION\",\"@id\":\"https:\/\/www.public.sn\/#\/schema\/person\/e3f4a11b037d4203902db148f9bc8d5a\"},\"headline\":\"Le responsable des roquettes du Jihad islamique tu\u00e9 dans une frappe isra\u00e9lienne\",\"datePublished\":\"2023-05-11T07:43:19+00:00\",\"mainEntityOfPage\":{\"@id\":\"https:\/\/www.public.sn\/index.php\/2023\/05\/11\/le-responsable-des-roquettes-du-jihad-islamique-tue-dans-une-frappe-israelienne\/\"},\"wordCount\":404,\"commentCount\":0,\"publisher\":{\"@id\":\"https:\/\/www.public.sn\/#organization\"},\"image\":{\"@id\":\"https:\/\/www.public.sn\/index.php\/2023\/05\/11\/le-responsable-des-roquettes-du-jihad-islamique-tue-dans-une-frappe-israelienne\/#primaryimage\"},\"thumbnailUrl\":\"https:\/\/www.public.sn\/wp-content\/uploads\/2023\/05\/55e965b9a4ffa18a09d5e050dfafd2e0.webp\",\"keywords\":[\"israel\",\"palestine\"],\"articleSection\":[\"ACTUALIT\u00c9S\",\"AFRIQUE &amp; MONDE\"],\"inLanguage\":\"fr-FR\",\"potentialAction\":[{\"@type\":\"CommentAction\",\"name\":\"Comment\",\"target\":[\"https:\/\/www.public.sn\/index.php\/2023\/05\/11\/le-responsable-des-roquettes-du-jihad-islamique-tue-dans-une-frappe-israelienne\/#respond\"]}]},{\"@type\":\"WebPage\",\"@id\":\"https:\/\/www.public.sn\/index.php\/2023\/05\/11\/le-responsable-des-roquettes-du-jihad-islamique-tue-dans-une-frappe-israelienne\/\",\"url\":\"https:\/\/www.public.sn\/index.php\/2023\/05\/11\/le-responsable-des-roquettes-du-jihad-islamique-tue-dans-une-frappe-israelienne\/\",\"name\":\"Le responsable des roquettes du Jihad islamique tu\u00e9 dans une frappe isra\u00e9lienne - LE PUBLIC\",\"isPartOf\":{\"@id\":\"https:\/\/www.public.sn\/#website\"},\"primaryImageOfPage\":{\"@id\":\"https:\/\/www.public.sn\/index.php\/2023\/05\/11\/le-responsable-des-roquettes-du-jihad-islamique-tue-dans-une-frappe-israelienne\/#primaryimage\"},\"image\":{\"@id\":\"https:\/\/www.public.sn\/index.php\/2023\/05\/11\/le-responsable-des-roquettes-du-jihad-islamique-tue-dans-une-frappe-israelienne\/#primaryimage\"},\"thumbnailUrl\":\"https:\/\/www.public.sn\/wp-content\/uploads\/2023\/05\/55e965b9a4ffa18a09d5e050dfafd2e0.webp\",\"datePublished\":\"2023-05-11T07:43:19+00:00\",\"breadcrumb\":{\"@id\":\"https:\/\/www.public.sn\/index.php\/2023\/05\/11\/le-responsable-des-roquettes-du-jihad-islamique-tue-dans-une-frappe-israelienne\/#breadcrumb\"},\"inLanguage\":\"fr-FR\",\"potentialAction\":[{\"@type\":\"ReadAction\",\"target\":[\"https:\/\/www.public.sn\/index.php\/2023\/05\/11\/le-responsable-des-roquettes-du-jihad-islamique-tue-dans-une-frappe-israelienne\/\"]}]},{\"@type\":\"ImageObject\",\"inLanguage\":\"fr-FR\",\"@id\":\"https:\/\/www.public.sn\/index.php\/2023\/05\/11\/le-responsable-des-roquettes-du-jihad-islamique-tue-dans-une-frappe-israelienne\/#primaryimage\",\"url\":\"https:\/\/www.public.sn\/wp-content\/uploads\/2023\/05\/55e965b9a4ffa18a09d5e050dfafd2e0.webp\",\"contentUrl\":\"https:\/\/www.public.sn\/wp-content\/uploads\/2023\/05\/55e965b9a4ffa18a09d5e050dfafd2e0.webp\",\"width\":1000,\"height\":667},{\"@type\":\"BreadcrumbList\",\"@id\":\"https:\/\/www.public.sn\/index.php\/2023\/05\/11\/le-responsable-des-roquettes-du-jihad-islamique-tue-dans-une-frappe-israelienne\/#breadcrumb\",\"itemListElement\":[{\"@type\":\"ListItem\",\"position\":1,\"name\":\"Accueil\",\"item\":\"https:\/\/www.public.sn\/\"},{\"@type\":\"ListItem\",\"position\":2,\"name\":\"Le responsable des roquettes du Jihad islamique tu\u00e9 dans une frappe isra\u00e9lienne\"}]},{\"@type\":\"WebSite\",\"@id\":\"https:\/\/www.public.sn\/#website\",\"url\":\"https:\/\/www.public.sn\/\",\"name\":\"LE PUBLIC\",\"description\":\"\",\"publisher\":{\"@id\":\"https:\/\/www.public.sn\/#organization\"},\"potentialAction\":[{\"@type\":\"SearchAction\",\"target\":{\"@type\":\"EntryPoint\",\"urlTemplate\":\"https:\/\/www.public.sn\/?s={search_term_string}\"},\"query-input\":{\"@type\":\"PropertyValueSpecification\",\"valueRequired\":true,\"valueName\":\"search_term_string\"}}],\"inLanguage\":\"fr-FR\"},{\"@type\":\"Organization\",\"@id\":\"https:\/\/www.public.sn\/#organization\",\"name\":\"LE PUBLIC\",\"url\":\"https:\/\/www.public.sn\/\",\"logo\":{\"@type\":\"ImageObject\",\"inLanguage\":\"fr-FR\",\"@id\":\"https:\/\/www.public.sn\/#\/schema\/logo\/image\/\",\"url\":\"https:\/\/www.public.sn\/wp-content\/uploads\/2024\/05\/cropped-LOGO-PUBLIC.SN_.png\",\"contentUrl\":\"https:\/\/www.public.sn\/wp-content\/uploads\/2024\/05\/cropped-LOGO-PUBLIC.SN_.png\",\"width\":682,\"height\":192,\"caption\":\"LE PUBLIC\"},\"image\":{\"@id\":\"https:\/\/www.public.sn\/#\/schema\/logo\/image\/\"}},{\"@type\":\"Person\",\"@id\":\"https:\/\/www.public.sn\/#\/schema\/person\/e3f4a11b037d4203902db148f9bc8d5a\",\"name\":\"LA REDACTION\",\"image\":{\"@type\":\"ImageObject\",\"inLanguage\":\"fr-FR\",\"@id\":\"https:\/\/www.public.sn\/#\/schema\/person\/image\/\",\"url\":\"https:\/\/secure.gravatar.com\/avatar\/d6c030db45db2883c075085c5d6c6258654a801a93766b49af0b82d4f454e2a5?s=96&d=mm&r=g\",\"contentUrl\":\"https:\/\/secure.gravatar.com\/avatar\/d6c030db45db2883c075085c5d6c6258654a801a93766b49af0b82d4f454e2a5?s=96&d=mm&r=g\",\"caption\":\"LA REDACTION\"},\"sameAs\":[\"http:\/\/www.public.sn\"],\"url\":\"https:\/\/www.public.sn\/index.php\/author\/admin7324\/\"}]}<\/script>\n<!-- \/ Yoast SEO plugin. -->","yoast_head_json":{"title":"Le responsable des roquettes du Jihad islamique tu\u00e9 dans une frappe isra\u00e9lienne - LE PUBLIC","robots":{"index":"index","follow":"follow","max-snippet":"max-snippet:-1","max-image-preview":"max-image-preview:large","max-video-preview":"max-video-preview:-1"},"canonical":"https:\/\/www.public.sn\/index.php\/2023\/05\/11\/le-responsable-des-roquettes-du-jihad-islamique-tue-dans-une-frappe-israelienne\/","og_locale":"fr_FR","og_type":"article","og_title":"Le responsable des roquettes du Jihad islamique tu\u00e9 dans une frappe isra\u00e9lienne - LE PUBLIC","og_description":"Deux autres membres du groupe qui se cachaient avec lui ont \u00e9galement \u00e9t\u00e9 tu\u00e9s L&rsquo;arm\u00e9e isra\u00e9lienne a d\u00e9clar\u00e9 jeudi matin t\u00f4t que le commandant du r\u00e9seau de roquettes du Jihad islamique palestinien, Ali Ghali, a \u00e9t\u00e9 tu\u00e9 lors d&rsquo;une frappe de son aviation. Deux autres membres du groupe qui se cachaient avec lui ont \u00e9galement \u00e9t\u00e9 tu\u00e9s. Selon des sources palestiniennes, Isra\u00ebl a frapp\u00e9 un immeuble r\u00e9sidentiel \u00e0 Khan Younis, dans le sud de la bande de Gaza. ?MISE \u00c0 JOUR OP\u00c9RATIONNELLE: Nous venons de cibler Ali Ghali, le commandant de la force de lancement de roquettes du Jihad islamique, ainsi que deux autres membres \u00e0 Gaza. Il \u00e9tait une figure centrale du JI, ainsi que responsable des r\u00e9centes roquettes lanc\u00e9es contre Isra\u00ebl. pic.twitter.com\/3qFkB7hnnD &mdash; Tsahal (@Tsahal_IDF) May 11, 2023 Ali Ghali \u00e9tait une figure centrale de l&rsquo;organisation terroriste, responsable du ciblage et du lancement de roquettes, a d\u00e9clar\u00e9 Tsahal. Il avait particip\u00e9 \u00e0 plusieurs s\u00e9ries de combats avec Isra\u00ebl, notamment lors de l&rsquo;op\u00e9ration \u00ab\u00a0Gardien du mur\u00a0\u00bb en 2021 et \u00ab\u00a0Aube naissante\u00a0\u00bb en 2022. Cette frappe isra\u00e9lienne intervient apr\u00e8s l\u2019\u00e9limination cibl\u00e9e de trois importants dirigeants du Jihad islamique palestinien mardi matin, d\u00e9clenchant l&rsquo;actuelle escalade de violence entre Isra\u00ebl et le groupe terroriste ainsi que la pluie de roquettes qui s\u2019est abattue sur l\u2019\u00c9tat h\u00e9breu. Pr\u00e8s de 500 roquettes ont \u00e9t\u00e9 tir\u00e9e en direction du territoire isra\u00e9lien, dont un grand nombre intercept\u00e9 par le d\u00f4me de fer ou qui n\u2019ont pas r\u00e9ussi \u00e0 entrer en Isra\u00ebl. \u00ab Tous les habitants de Gaza ne souhaitent pas l\u2019envoi de missiles, ne veulent pas la guerre. Mais le gouvernement isra\u00e9lien a liquid\u00e9 vingt Gazaouis, que devions-nous faire ? \u00bb Sami Obied, journaliste \u00e0 Gaza #D\u00e9fense @MatthiasInbar pic.twitter.com\/SK2hPKsBHm &mdash; i24NEWS Fran\u00e7ais (@i24NEWS_FR) May 10, 2023 Les Isra\u00e9liens se sont r\u00e9fugi\u00e9s dans les abris une grande partie de la journ\u00e9e de mardi, les sir\u00e8nes ayant retenties jusqu\u2019\u00e0 Tel Aviv. L&rsquo;arm\u00e9e isra\u00e9lienne a demand\u00e9 aux habitants des villes du sud, o\u00f9 les civils n&rsquo;ont que quelques secondes pour se mettre \u00e0 l&rsquo;abri lorsque les sir\u00e8nes retentissent de ne pas s\u2019en \u00e9loigner. Elle a \u00e9galement affr\u00e9t\u00e9 des bus pour\u00a0\u00e9vacuer des milliers d&rsquo;habitants vivant \u00e0 proximit\u00e9 imm\u00e9diate de la fronti\u00e8re avec Gaza. I24NEWS","og_url":"https:\/\/www.public.sn\/index.php\/2023\/05\/11\/le-responsable-des-roquettes-du-jihad-islamique-tue-dans-une-frappe-israelienne\/","og_site_name":"LE PUBLIC","article_published_time":"2023-05-11T07:43:19+00:00","og_image":[{"width":1000,"height":667,"url":"https:\/\/www.public.sn\/wp-content\/uploads\/2023\/05\/55e965b9a4ffa18a09d5e050dfafd2e0.webp","type":"image\/webp"}],"author":"LA REDACTION","twitter_card":"summary_large_image","twitter_misc":{"\u00c9crit par":"LA REDACTION","Dur\u00e9e de lecture estim\u00e9e":"2 minutes"},"schema":{"@context":"https:\/\/schema.org","@graph":[{"@type":"Article","@id":"https:\/\/www.public.sn\/index.php\/2023\/05\/11\/le-responsable-des-roquettes-du-jihad-islamique-tue-dans-une-frappe-israelienne\/#article","isPartOf":{"@id":"https:\/\/www.public.sn\/index.php\/2023\/05\/11\/le-responsable-des-roquettes-du-jihad-islamique-tue-dans-une-frappe-israelienne\/"},"author":{"name":"LA REDACTION","@id":"https:\/\/www.public.sn\/#\/schema\/person\/e3f4a11b037d4203902db148f9bc8d5a"},"headline":"Le responsable des roquettes du Jihad islamique tu\u00e9 dans une frappe isra\u00e9lienne","datePublished":"2023-05-11T07:43:19+00:00","mainEntityOfPage":{"@id":"https:\/\/www.public.sn\/index.php\/2023\/05\/11\/le-responsable-des-roquettes-du-jihad-islamique-tue-dans-une-frappe-israelienne\/"},"wordCount":404,"commentCount":0,"publisher":{"@id":"https:\/\/www.public.sn\/#organization"},"image":{"@id":"https:\/\/www.public.sn\/index.php\/2023\/05\/11\/le-responsable-des-roquettes-du-jihad-islamique-tue-dans-une-frappe-israelienne\/#primaryimage"},"thumbnailUrl":"https:\/\/www.public.sn\/wp-content\/uploads\/2023\/05\/55e965b9a4ffa18a09d5e050dfafd2e0.webp","keywords":["israel","palestine"],"articleSection":["ACTUALIT\u00c9S","AFRIQUE &amp; MONDE"],"inLanguage":"fr-FR","potentialAction":[{"@type":"CommentAction","name":"Comment","target":["https:\/\/www.public.sn\/index.php\/2023\/05\/11\/le-responsable-des-roquettes-du-jihad-islamique-tue-dans-une-frappe-israelienne\/#respond"]}]},{"@type":"WebPage","@id":"https:\/\/www.public.sn\/index.php\/2023\/05\/11\/le-responsable-des-roquettes-du-jihad-islamique-tue-dans-une-frappe-israelienne\/","url":"https:\/\/www.public.sn\/index.php\/2023\/05\/11\/le-responsable-des-roquettes-du-jihad-islamique-tue-dans-une-frappe-israelienne\/","name":"Le responsable des roquettes du Jihad islamique tu\u00e9 dans une frappe isra\u00e9lienne - LE PUBLIC","isPartOf":{"@id":"https:\/\/www.public.sn\/#website"},"primaryImageOfPage":{"@id":"https:\/\/www.public.sn\/index.php\/2023\/05\/11\/le-responsable-des-roquettes-du-jihad-islamique-tue-dans-une-frappe-israelienne\/#primaryimage"},"image":{"@id":"https:\/\/www.public.sn\/index.php\/2023\/05\/11\/le-responsable-des-roquettes-du-jihad-islamique-tue-dans-une-frappe-israelienne\/#primaryimage"},"thumbnailUrl":"https:\/\/www.public.sn\/wp-content\/uploads\/2023\/05\/55e965b9a4ffa18a09d5e050dfafd2e0.webp","datePublished":"2023-05-11T07:43:19+00:00","breadcrumb":{"@id":"https:\/\/www.public.sn\/index.php\/2023\/05\/11\/le-responsable-des-roquettes-du-jihad-islamique-tue-dans-une-frappe-israelienne\/#breadcrumb"},"inLanguage":"fr-FR","potentialAction":[{"@type":"ReadAction","target":["https:\/\/www.public.sn\/index.php\/2023\/05\/11\/le-responsable-des-roquettes-du-jihad-islamique-tue-dans-une-frappe-israelienne\/"]}]},{"@type":"ImageObject","inLanguage":"fr-FR","@id":"https:\/\/www.public.sn\/index.php\/2023\/05\/11\/le-responsable-des-roquettes-du-jihad-islamique-tue-dans-une-frappe-israelienne\/#primaryimage","url":"https:\/\/www.public.sn\/wp-content\/uploads\/2023\/05\/55e965b9a4ffa18a09d5e050dfafd2e0.webp","contentUrl":"https:\/\/www.public.sn\/wp-content\/uploads\/2023\/05\/55e965b9a4ffa18a09d5e050dfafd2e0.webp","width":1000,"height":667},{"@type":"BreadcrumbList","@id":"https:\/\/www.public.sn\/index.php\/2023\/05\/11\/le-responsable-des-roquettes-du-jihad-islamique-tue-dans-une-frappe-israelienne\/#breadcrumb","itemListElement":[{"@type":"ListItem","position":1,"name":"Accueil","item":"https:\/\/www.public.sn\/"},{"@type":"ListItem","position":2,"name":"Le responsable des roquettes du Jihad islamique tu\u00e9 dans une frappe isra\u00e9lienne"}]},{"@type":"WebSite","@id":"https:\/\/www.public.sn\/#website","url":"https:\/\/www.public.sn\/","name":"LE PUBLIC","description":"","publisher":{"@id":"https:\/\/www.public.sn\/#organization"},"potentialAction":[{"@type":"SearchAction","target":{"@type":"EntryPoint","urlTemplate":"https:\/\/www.public.sn\/?s={search_term_string}"},"query-input":{"@type":"PropertyValueSpecification","valueRequired":true,"valueName":"search_term_string"}}],"inLanguage":"fr-FR"},{"@type":"Organization","@id":"https:\/\/www.public.sn\/#organization","name":"LE PUBLIC","url":"https:\/\/www.public.sn\/","logo":{"@type":"ImageObject","inLanguage":"fr-FR","@id":"https:\/\/www.public.sn\/#\/schema\/logo\/image\/","url":"https:\/\/www.public.sn\/wp-content\/uploads\/2024\/05\/cropped-LOGO-PUBLIC.SN_.png","contentUrl":"https:\/\/www.public.sn\/wp-content\/uploads\/2024\/05\/cropped-LOGO-PUBLIC.SN_.png","width":682,"height":192,"caption":"LE PUBLIC"},"image":{"@id":"https:\/\/www.public.sn\/#\/schema\/logo\/image\/"}},{"@type":"Person","@id":"https:\/\/www.public.sn\/#\/schema\/person\/e3f4a11b037d4203902db148f9bc8d5a","name":"LA REDACTION","image":{"@type":"ImageObject","inLanguage":"fr-FR","@id":"https:\/\/www.public.sn\/#\/schema\/person\/image\/","url":"https:\/\/secure.gravatar.com\/avatar\/d6c030db45db2883c075085c5d6c6258654a801a93766b49af0b82d4f454e2a5?s=96&d=mm&r=g","contentUrl":"https:\/\/secure.gravatar.com\/avatar\/d6c030db45db2883c075085c5d6c6258654a801a93766b49af0b82d4f454e2a5?s=96&d=mm&r=g","caption":"LA REDACTION"},"sameAs":["http:\/\/www.public.sn"],"url":"https:\/\/www.public.sn\/index.php\/author\/admin7324\/"}]}},"jetpack_featured_media_url":"https:\/\/www.public.sn\/wp-content\/uploads\/2023\/05\/55e965b9a4ffa18a09d5e050dfafd2e0.webp","jetpack_sharing_enabled":true,"_links":{"self":[{"href":"https:\/\/www.public.sn\/index.php\/wp-json\/wp\/v2\/posts\/21644","targetHints":{"allow":["GET"]}}],"collection":[{"href":"https:\/\/www.public.sn\/index.php\/wp-json\/wp\/v2\/posts"}],"about":[{"href":"https:\/\/www.public.sn\/index.php\/wp-json\/wp\/v2\/types\/post"}],"author":[{"embeddable":true,"href":"https:\/\/www.public.sn\/index.php\/wp-json\/wp\/v2\/users\/1"}],"replies":[{"embeddable":true,"href":"https:\/\/www.public.sn\/index.php\/wp-json\/wp\/v2\/comments?post=21644"}],"version-history":[{"count":1,"href":"https:\/\/www.public.sn\/index.php\/wp-json\/wp\/v2\/posts\/21644\/revisions"}],"predecessor-version":[{"id":21646,"href":"https:\/\/www.public.sn\/index.php\/wp-json\/wp\/v2\/posts\/21644\/revisions\/21646"}],"wp:featuredmedia":[{"embeddable":true,"href":"https:\/\/www.public.sn\/index.php\/wp-json\/wp\/v2\/media\/21645"}],"wp:attachment":[{"href":"https:\/\/www.public.sn\/index.php\/wp-json\/wp\/v2\/media?parent=21644"}],"wp:term":[{"taxonomy":"category","embeddable":true,"href":"https:\/\/www.public.sn\/index.php\/wp-json\/wp\/v2\/categories?post=21644"},{"taxonomy":"post_tag","embeddable":true,"href":"https:\/\/www.public.sn\/index.php\/wp-json\/wp\/v2\/tags?post=21644"}],"curies":[{"name":"wp","href":"https:\/\/api.w.org\/{rel}","templated":true}]}}