{"id":21649,"date":"2023-05-11T07:08:06","date_gmt":"2023-05-11T07:08:06","guid":{"rendered":"https:\/\/www.public.sn\/?p=21649"},"modified":"2023-05-11T07:08:06","modified_gmt":"2023-05-11T07:08:06","slug":"ngor-le-domicile-de-cheikh-yerim-seck-incendie","status":"publish","type":"post","link":"https:\/\/www.public.sn\/index.php\/2023\/05\/11\/ngor-le-domicile-de-cheikh-yerim-seck-incendie\/","title":{"rendered":"Ngor: Le domicile de Cheikh Y\u00e9rim Seck incendi\u00e9"},"content":{"rendered":"<p>La maison du journaliste Cheikh Y\u00e9rim Seck a \u00e9t\u00e9 prise d\u2019assaut dans la soir\u00e9e du 10 mai par des jeunes de Ngor pour \u00e9teindre un feu qui s\u2019est d\u00e9clench\u00e9 sur la terrasse. Selon Seneweb, le journaliste et sa famille n\u2019occupaient pas la maison au moment des faits. L\u2019origine de l\u2019incendie n\u2019a pas encore \u00e9t\u00e9 d\u00e9termin\u00e9e.<\/p><div class=\"publi-paragraphe1\" style=\"margin-top: 10px;margin-bottom: 10px;margin-left: auto;margin-right: auto;text-align: center;\" id=\"publi-3020335831\"><div class=\"publi-adlabel\">Publicit\u00e9<\/div><script async src=\"\/\/pagead2.googlesyndication.com\/pagead\/js\/adsbygoogle.js?client=ca-pub-4089586018074219\" crossorigin=\"anonymous\"><\/script><ins class=\"adsbygoogle\" style=\"display:block;\" data-ad-client=\"ca-pub-4089586018074219\" \ndata-ad-slot=\"2087940154\" \ndata-ad-format=\"auto\"><\/ins>\n<script> \n(adsbygoogle = window.adsbygoogle || []).push({}); \n<\/script>\n<\/div>\n<div class=\"publi-apres-le-contenu\" style=\"margin-top: 10px;margin-bottom: 10px;margin-left: auto;margin-right: auto;text-align: center;\" id=\"publi-1913332571\"><div class=\"publi-adlabel\">Publicit\u00e9<\/div><script async src=\"\/\/pagead2.googlesyndication.com\/pagead\/js\/adsbygoogle.js?client=ca-pub-4089586018074219\" crossorigin=\"anonymous\"><\/script><ins class=\"adsbygoogle\" style=\"display:block;\" data-ad-client=\"ca-pub-4089586018074219\" \ndata-ad-slot=\"2087940154\" \ndata-ad-format=\"auto\"><\/ins>\n<script> \n(adsbygoogle = window.adsbygoogle || []).push({}); \n<\/script>\n<\/div>","protected":false},"excerpt":{"rendered":"<p>La maison du journaliste Cheikh Y\u00e9rim Seck a \u00e9t\u00e9 prise d\u2019assaut dans la soir\u00e9e du 10 mai par des jeunes de Ngor pour \u00e9teindre un feu qui s\u2019est d\u00e9clench\u00e9 sur la terrasse. Selon Seneweb, le journaliste et sa famille n\u2019occupaient pas la maison au moment des faits. L\u2019origine de l\u2019incendie n\u2019a pas encore \u00e9t\u00e9 d\u00e9termin\u00e9e.<\/p>\n","protected":false},"author":1,"featured_media":16017,"comment_status":"open","ping_status":"open","sticky":false,"template":"","format":"standard","meta":{"_jetpack_memberships_contains_paid_content":false,"footnotes":""},"categories":[375,372],"tags":[1507,1183,4600,1203],"class_list":["post-21649","post","type-post","status-publish","format-standard","has-post-thumbnail","hentry","category-actualites","category-vedette","tag-cheikh-yerim-seck","tag-incendie","tag-maison","tag-ngor","entry","has-media","owp-thumbs-layout-horizontal","owp-btn-normal","owp-tabs-layout-horizontal","has-no-thumbnails","has-product-nav"],"yoast_head":"<!-- This site is optimized with the Yoast SEO plugin v25.5 - https:\/\/yoast.com\/wordpress\/plugins\/seo\/ -->\n<title>Ngor: Le domicile de Cheikh Y\u00e9rim Seck incendi\u00e9 - LE PUBLIC<\/title>\n<meta name=\"description\" content=\"La maison du journaliste Cheikh Y\u00e9rim Seck a \u00e9t\u00e9 prise d\u2019assaut dans la soir\u00e9e du 10 mai par des jeunes de Ngor pour \u00e9teindre un feu qui s\u2019est d\u00e9clench\u00e9 sur la terrasse. Selon Seneweb, le journaliste et sa famille n\u2019occupaient pas la maison au moment des faits. L\u2019origine de l\u2019incendie n\u2019a pas encore \u00e9t\u00e9 d\u00e9termin\u00e9e.\" \/>\n<meta name=\"robots\" content=\"index, follow, max-snippet:-1, max-image-preview:large, max-video-preview:-1\" \/>\n<link rel=\"canonical\" href=\"https:\/\/www.public.sn\/index.php\/2023\/05\/11\/ngor-le-domicile-de-cheikh-yerim-seck-incendie\/\" \/>\n<meta property=\"og:locale\" content=\"fr_FR\" \/>\n<meta property=\"og:type\" content=\"article\" \/>\n<meta property=\"og:title\" content=\"Ngor: Le domicile de Cheikh Y\u00e9rim Seck incendi\u00e9 - LE PUBLIC\" \/>\n<meta property=\"og:description\" content=\"La maison du journaliste Cheikh Y\u00e9rim Seck a \u00e9t\u00e9 prise d\u2019assaut dans la soir\u00e9e du 10 mai par des jeunes de Ngor pour \u00e9teindre un feu qui s\u2019est d\u00e9clench\u00e9 sur la terrasse. Selon Seneweb, le journaliste et sa famille n\u2019occupaient pas la maison au moment des faits. L\u2019origine de l\u2019incendie n\u2019a pas encore \u00e9t\u00e9 d\u00e9termin\u00e9e.\" \/>\n<meta property=\"og:url\" content=\"https:\/\/www.public.sn\/index.php\/2023\/05\/11\/ngor-le-domicile-de-cheikh-yerim-seck-incendie\/\" \/>\n<meta property=\"og:site_name\" content=\"LE PUBLIC\" \/>\n<meta property=\"article:published_time\" content=\"2023-05-11T07:08:06+00:00\" \/>\n<meta property=\"og:image\" content=\"https:\/\/www.public.sn\/wp-content\/uploads\/2023\/02\/CHEIKH-YERIM-SECKRT.png\" \/>\n\t<meta property=\"og:image:width\" content=\"1156\" \/>\n\t<meta property=\"og:image:height\" content=\"610\" \/>\n\t<meta property=\"og:image:type\" content=\"image\/png\" \/>\n<meta name=\"author\" content=\"LA REDACTION\" \/>\n<meta name=\"twitter:card\" content=\"summary_large_image\" \/>\n<meta name=\"twitter:label1\" content=\"\u00c9crit par\" \/>\n\t<meta name=\"twitter:data1\" content=\"LA REDACTION\" \/>\n<script type=\"application\/ld+json\" class=\"yoast-schema-graph\">{\"@context\":\"https:\/\/schema.org\",\"@graph\":[{\"@type\":\"Article\",\"@id\":\"https:\/\/www.public.sn\/index.php\/2023\/05\/11\/ngor-le-domicile-de-cheikh-yerim-seck-incendie\/#article\",\"isPartOf\":{\"@id\":\"https:\/\/www.public.sn\/index.php\/2023\/05\/11\/ngor-le-domicile-de-cheikh-yerim-seck-incendie\/\"},\"author\":{\"name\":\"LA REDACTION\",\"@id\":\"https:\/\/www.public.sn\/#\/schema\/person\/e3f4a11b037d4203902db148f9bc8d5a\"},\"headline\":\"Ngor: Le domicile de Cheikh Y\u00e9rim Seck incendi\u00e9\",\"datePublished\":\"2023-05-11T07:08:06+00:00\",\"mainEntityOfPage\":{\"@id\":\"https:\/\/www.public.sn\/index.php\/2023\/05\/11\/ngor-le-domicile-de-cheikh-yerim-seck-incendie\/\"},\"wordCount\":74,\"commentCount\":0,\"publisher\":{\"@id\":\"https:\/\/www.public.sn\/#organization\"},\"image\":{\"@id\":\"https:\/\/www.public.sn\/index.php\/2023\/05\/11\/ngor-le-domicile-de-cheikh-yerim-seck-incendie\/#primaryimage\"},\"thumbnailUrl\":\"https:\/\/www.public.sn\/wp-content\/uploads\/2023\/02\/CHEIKH-YERIM-SECKRT.png\",\"keywords\":[\"Cheikh Yerim Seck\",\"incendie\",\"Maison\",\"Ngor\"],\"articleSection\":[\"ACTUALIT\u00c9S\",\"VEDETTE\"],\"inLanguage\":\"fr-FR\",\"potentialAction\":[{\"@type\":\"CommentAction\",\"name\":\"Comment\",\"target\":[\"https:\/\/www.public.sn\/index.php\/2023\/05\/11\/ngor-le-domicile-de-cheikh-yerim-seck-incendie\/#respond\"]}]},{\"@type\":\"WebPage\",\"@id\":\"https:\/\/www.public.sn\/index.php\/2023\/05\/11\/ngor-le-domicile-de-cheikh-yerim-seck-incendie\/\",\"url\":\"https:\/\/www.public.sn\/index.php\/2023\/05\/11\/ngor-le-domicile-de-cheikh-yerim-seck-incendie\/\",\"name\":\"Ngor: Le domicile de Cheikh Y\u00e9rim Seck incendi\u00e9 - LE PUBLIC\",\"isPartOf\":{\"@id\":\"https:\/\/www.public.sn\/#website\"},\"primaryImageOfPage\":{\"@id\":\"https:\/\/www.public.sn\/index.php\/2023\/05\/11\/ngor-le-domicile-de-cheikh-yerim-seck-incendie\/#primaryimage\"},\"image\":{\"@id\":\"https:\/\/www.public.sn\/index.php\/2023\/05\/11\/ngor-le-domicile-de-cheikh-yerim-seck-incendie\/#primaryimage\"},\"thumbnailUrl\":\"https:\/\/www.public.sn\/wp-content\/uploads\/2023\/02\/CHEIKH-YERIM-SECKRT.png\",\"datePublished\":\"2023-05-11T07:08:06+00:00\",\"description\":\"La maison du journaliste Cheikh Y\u00e9rim Seck a \u00e9t\u00e9 prise d\u2019assaut dans la soir\u00e9e du 10 mai par des jeunes de Ngor pour \u00e9teindre un feu qui s\u2019est d\u00e9clench\u00e9 sur la terrasse. Selon Seneweb, le journaliste et sa famille n\u2019occupaient pas la maison au moment des faits. L\u2019origine de l\u2019incendie n\u2019a pas encore \u00e9t\u00e9 d\u00e9termin\u00e9e.\",\"breadcrumb\":{\"@id\":\"https:\/\/www.public.sn\/index.php\/2023\/05\/11\/ngor-le-domicile-de-cheikh-yerim-seck-incendie\/#breadcrumb\"},\"inLanguage\":\"fr-FR\",\"potentialAction\":[{\"@type\":\"ReadAction\",\"target\":[\"https:\/\/www.public.sn\/index.php\/2023\/05\/11\/ngor-le-domicile-de-cheikh-yerim-seck-incendie\/\"]}]},{\"@type\":\"ImageObject\",\"inLanguage\":\"fr-FR\",\"@id\":\"https:\/\/www.public.sn\/index.php\/2023\/05\/11\/ngor-le-domicile-de-cheikh-yerim-seck-incendie\/#primaryimage\",\"url\":\"https:\/\/www.public.sn\/wp-content\/uploads\/2023\/02\/CHEIKH-YERIM-SECKRT.png\",\"contentUrl\":\"https:\/\/www.public.sn\/wp-content\/uploads\/2023\/02\/CHEIKH-YERIM-SECKRT.png\",\"width\":1156,\"height\":610},{\"@type\":\"BreadcrumbList\",\"@id\":\"https:\/\/www.public.sn\/index.php\/2023\/05\/11\/ngor-le-domicile-de-cheikh-yerim-seck-incendie\/#breadcrumb\",\"itemListElement\":[{\"@type\":\"ListItem\",\"position\":1,\"name\":\"Accueil\",\"item\":\"https:\/\/www.public.sn\/\"},{\"@type\":\"ListItem\",\"position\":2,\"name\":\"Ngor: Le domicile de Cheikh Y\u00e9rim Seck incendi\u00e9\"}]},{\"@type\":\"WebSite\",\"@id\":\"https:\/\/www.public.sn\/#website\",\"url\":\"https:\/\/www.public.sn\/\",\"name\":\"LE PUBLIC\",\"description\":\"\",\"publisher\":{\"@id\":\"https:\/\/www.public.sn\/#organization\"},\"potentialAction\":[{\"@type\":\"SearchAction\",\"target\":{\"@type\":\"EntryPoint\",\"urlTemplate\":\"https:\/\/www.public.sn\/?s={search_term_string}\"},\"query-input\":{\"@type\":\"PropertyValueSpecification\",\"valueRequired\":true,\"valueName\":\"search_term_string\"}}],\"inLanguage\":\"fr-FR\"},{\"@type\":\"Organization\",\"@id\":\"https:\/\/www.public.sn\/#organization\",\"name\":\"LE PUBLIC\",\"url\":\"https:\/\/www.public.sn\/\",\"logo\":{\"@type\":\"ImageObject\",\"inLanguage\":\"fr-FR\",\"@id\":\"https:\/\/www.public.sn\/#\/schema\/logo\/image\/\",\"url\":\"https:\/\/www.public.sn\/wp-content\/uploads\/2024\/05\/cropped-LOGO-PUBLIC.SN_.png\",\"contentUrl\":\"https:\/\/www.public.sn\/wp-content\/uploads\/2024\/05\/cropped-LOGO-PUBLIC.SN_.png\",\"width\":682,\"height\":192,\"caption\":\"LE PUBLIC\"},\"image\":{\"@id\":\"https:\/\/www.public.sn\/#\/schema\/logo\/image\/\"}},{\"@type\":\"Person\",\"@id\":\"https:\/\/www.public.sn\/#\/schema\/person\/e3f4a11b037d4203902db148f9bc8d5a\",\"name\":\"LA REDACTION\",\"image\":{\"@type\":\"ImageObject\",\"inLanguage\":\"fr-FR\",\"@id\":\"https:\/\/www.public.sn\/#\/schema\/person\/image\/\",\"url\":\"https:\/\/secure.gravatar.com\/avatar\/d6c030db45db2883c075085c5d6c6258654a801a93766b49af0b82d4f454e2a5?s=96&d=mm&r=g\",\"contentUrl\":\"https:\/\/secure.gravatar.com\/avatar\/d6c030db45db2883c075085c5d6c6258654a801a93766b49af0b82d4f454e2a5?s=96&d=mm&r=g\",\"caption\":\"LA REDACTION\"},\"sameAs\":[\"http:\/\/www.public.sn\"],\"url\":\"https:\/\/www.public.sn\/index.php\/author\/admin7324\/\"}]}<\/script>\n<!-- \/ Yoast SEO plugin. -->","yoast_head_json":{"title":"Ngor: Le domicile de Cheikh Y\u00e9rim Seck incendi\u00e9 - LE PUBLIC","description":"La maison du journaliste Cheikh Y\u00e9rim Seck a \u00e9t\u00e9 prise d\u2019assaut dans la soir\u00e9e du 10 mai par des jeunes de Ngor pour \u00e9teindre un feu qui s\u2019est d\u00e9clench\u00e9 sur la terrasse. Selon Seneweb, le journaliste et sa famille n\u2019occupaient pas la maison au moment des faits. L\u2019origine de l\u2019incendie n\u2019a pas encore \u00e9t\u00e9 d\u00e9termin\u00e9e.","robots":{"index":"index","follow":"follow","max-snippet":"max-snippet:-1","max-image-preview":"max-image-preview:large","max-video-preview":"max-video-preview:-1"},"canonical":"https:\/\/www.public.sn\/index.php\/2023\/05\/11\/ngor-le-domicile-de-cheikh-yerim-seck-incendie\/","og_locale":"fr_FR","og_type":"article","og_title":"Ngor: Le domicile de Cheikh Y\u00e9rim Seck incendi\u00e9 - LE PUBLIC","og_description":"La maison du journaliste Cheikh Y\u00e9rim Seck a \u00e9t\u00e9 prise d\u2019assaut dans la soir\u00e9e du 10 mai par des jeunes de Ngor pour \u00e9teindre un feu qui s\u2019est d\u00e9clench\u00e9 sur la terrasse. Selon Seneweb, le journaliste et sa famille n\u2019occupaient pas la maison au moment des faits. L\u2019origine de l\u2019incendie n\u2019a pas encore \u00e9t\u00e9 d\u00e9termin\u00e9e.","og_url":"https:\/\/www.public.sn\/index.php\/2023\/05\/11\/ngor-le-domicile-de-cheikh-yerim-seck-incendie\/","og_site_name":"LE PUBLIC","article_published_time":"2023-05-11T07:08:06+00:00","og_image":[{"width":1156,"height":610,"url":"https:\/\/www.public.sn\/wp-content\/uploads\/2023\/02\/CHEIKH-YERIM-SECKRT.png","type":"image\/png"}],"author":"LA REDACTION","twitter_card":"summary_large_image","twitter_misc":{"\u00c9crit par":"LA REDACTION"},"schema":{"@context":"https:\/\/schema.org","@graph":[{"@type":"Article","@id":"https:\/\/www.public.sn\/index.php\/2023\/05\/11\/ngor-le-domicile-de-cheikh-yerim-seck-incendie\/#article","isPartOf":{"@id":"https:\/\/www.public.sn\/index.php\/2023\/05\/11\/ngor-le-domicile-de-cheikh-yerim-seck-incendie\/"},"author":{"name":"LA REDACTION","@id":"https:\/\/www.public.sn\/#\/schema\/person\/e3f4a11b037d4203902db148f9bc8d5a"},"headline":"Ngor: Le domicile de Cheikh Y\u00e9rim Seck incendi\u00e9","datePublished":"2023-05-11T07:08:06+00:00","mainEntityOfPage":{"@id":"https:\/\/www.public.sn\/index.php\/2023\/05\/11\/ngor-le-domicile-de-cheikh-yerim-seck-incendie\/"},"wordCount":74,"commentCount":0,"publisher":{"@id":"https:\/\/www.public.sn\/#organization"},"image":{"@id":"https:\/\/www.public.sn\/index.php\/2023\/05\/11\/ngor-le-domicile-de-cheikh-yerim-seck-incendie\/#primaryimage"},"thumbnailUrl":"https:\/\/www.public.sn\/wp-content\/uploads\/2023\/02\/CHEIKH-YERIM-SECKRT.png","keywords":["Cheikh Yerim Seck","incendie","Maison","Ngor"],"articleSection":["ACTUALIT\u00c9S","VEDETTE"],"inLanguage":"fr-FR","potentialAction":[{"@type":"CommentAction","name":"Comment","target":["https:\/\/www.public.sn\/index.php\/2023\/05\/11\/ngor-le-domicile-de-cheikh-yerim-seck-incendie\/#respond"]}]},{"@type":"WebPage","@id":"https:\/\/www.public.sn\/index.php\/2023\/05\/11\/ngor-le-domicile-de-cheikh-yerim-seck-incendie\/","url":"https:\/\/www.public.sn\/index.php\/2023\/05\/11\/ngor-le-domicile-de-cheikh-yerim-seck-incendie\/","name":"Ngor: Le domicile de Cheikh Y\u00e9rim Seck incendi\u00e9 - LE PUBLIC","isPartOf":{"@id":"https:\/\/www.public.sn\/#website"},"primaryImageOfPage":{"@id":"https:\/\/www.public.sn\/index.php\/2023\/05\/11\/ngor-le-domicile-de-cheikh-yerim-seck-incendie\/#primaryimage"},"image":{"@id":"https:\/\/www.public.sn\/index.php\/2023\/05\/11\/ngor-le-domicile-de-cheikh-yerim-seck-incendie\/#primaryimage"},"thumbnailUrl":"https:\/\/www.public.sn\/wp-content\/uploads\/2023\/02\/CHEIKH-YERIM-SECKRT.png","datePublished":"2023-05-11T07:08:06+00:00","description":"La maison du journaliste Cheikh Y\u00e9rim Seck a \u00e9t\u00e9 prise d\u2019assaut dans la soir\u00e9e du 10 mai par des jeunes de Ngor pour \u00e9teindre un feu qui s\u2019est d\u00e9clench\u00e9 sur la terrasse. Selon Seneweb, le journaliste et sa famille n\u2019occupaient pas la maison au moment des faits. L\u2019origine de l\u2019incendie n\u2019a pas encore \u00e9t\u00e9 d\u00e9termin\u00e9e.","breadcrumb":{"@id":"https:\/\/www.public.sn\/index.php\/2023\/05\/11\/ngor-le-domicile-de-cheikh-yerim-seck-incendie\/#breadcrumb"},"inLanguage":"fr-FR","potentialAction":[{"@type":"ReadAction","target":["https:\/\/www.public.sn\/index.php\/2023\/05\/11\/ngor-le-domicile-de-cheikh-yerim-seck-incendie\/"]}]},{"@type":"ImageObject","inLanguage":"fr-FR","@id":"https:\/\/www.public.sn\/index.php\/2023\/05\/11\/ngor-le-domicile-de-cheikh-yerim-seck-incendie\/#primaryimage","url":"https:\/\/www.public.sn\/wp-content\/uploads\/2023\/02\/CHEIKH-YERIM-SECKRT.png","contentUrl":"https:\/\/www.public.sn\/wp-content\/uploads\/2023\/02\/CHEIKH-YERIM-SECKRT.png","width":1156,"height":610},{"@type":"BreadcrumbList","@id":"https:\/\/www.public.sn\/index.php\/2023\/05\/11\/ngor-le-domicile-de-cheikh-yerim-seck-incendie\/#breadcrumb","itemListElement":[{"@type":"ListItem","position":1,"name":"Accueil","item":"https:\/\/www.public.sn\/"},{"@type":"ListItem","position":2,"name":"Ngor: Le domicile de Cheikh Y\u00e9rim Seck incendi\u00e9"}]},{"@type":"WebSite","@id":"https:\/\/www.public.sn\/#website","url":"https:\/\/www.public.sn\/","name":"LE PUBLIC","description":"","publisher":{"@id":"https:\/\/www.public.sn\/#organization"},"potentialAction":[{"@type":"SearchAction","target":{"@type":"EntryPoint","urlTemplate":"https:\/\/www.public.sn\/?s={search_term_string}"},"query-input":{"@type":"PropertyValueSpecification","valueRequired":true,"valueName":"search_term_string"}}],"inLanguage":"fr-FR"},{"@type":"Organization","@id":"https:\/\/www.public.sn\/#organization","name":"LE PUBLIC","url":"https:\/\/www.public.sn\/","logo":{"@type":"ImageObject","inLanguage":"fr-FR","@id":"https:\/\/www.public.sn\/#\/schema\/logo\/image\/","url":"https:\/\/www.public.sn\/wp-content\/uploads\/2024\/05\/cropped-LOGO-PUBLIC.SN_.png","contentUrl":"https:\/\/www.public.sn\/wp-content\/uploads\/2024\/05\/cropped-LOGO-PUBLIC.SN_.png","width":682,"height":192,"caption":"LE PUBLIC"},"image":{"@id":"https:\/\/www.public.sn\/#\/schema\/logo\/image\/"}},{"@type":"Person","@id":"https:\/\/www.public.sn\/#\/schema\/person\/e3f4a11b037d4203902db148f9bc8d5a","name":"LA REDACTION","image":{"@type":"ImageObject","inLanguage":"fr-FR","@id":"https:\/\/www.public.sn\/#\/schema\/person\/image\/","url":"https:\/\/secure.gravatar.com\/avatar\/d6c030db45db2883c075085c5d6c6258654a801a93766b49af0b82d4f454e2a5?s=96&d=mm&r=g","contentUrl":"https:\/\/secure.gravatar.com\/avatar\/d6c030db45db2883c075085c5d6c6258654a801a93766b49af0b82d4f454e2a5?s=96&d=mm&r=g","caption":"LA REDACTION"},"sameAs":["http:\/\/www.public.sn"],"url":"https:\/\/www.public.sn\/index.php\/author\/admin7324\/"}]}},"jetpack_featured_media_url":"https:\/\/www.public.sn\/wp-content\/uploads\/2023\/02\/CHEIKH-YERIM-SECKRT.png","jetpack_sharing_enabled":true,"_links":{"self":[{"href":"https:\/\/www.public.sn\/index.php\/wp-json\/wp\/v2\/posts\/21649","targetHints":{"allow":["GET"]}}],"collection":[{"href":"https:\/\/www.public.sn\/index.php\/wp-json\/wp\/v2\/posts"}],"about":[{"href":"https:\/\/www.public.sn\/index.php\/wp-json\/wp\/v2\/types\/post"}],"author":[{"embeddable":true,"href":"https:\/\/www.public.sn\/index.php\/wp-json\/wp\/v2\/users\/1"}],"replies":[{"embeddable":true,"href":"https:\/\/www.public.sn\/index.php\/wp-json\/wp\/v2\/comments?post=21649"}],"version-history":[{"count":1,"href":"https:\/\/www.public.sn\/index.php\/wp-json\/wp\/v2\/posts\/21649\/revisions"}],"predecessor-version":[{"id":21650,"href":"https:\/\/www.public.sn\/index.php\/wp-json\/wp\/v2\/posts\/21649\/revisions\/21650"}],"wp:featuredmedia":[{"embeddable":true,"href":"https:\/\/www.public.sn\/index.php\/wp-json\/wp\/v2\/media\/16017"}],"wp:attachment":[{"href":"https:\/\/www.public.sn\/index.php\/wp-json\/wp\/v2\/media?parent=21649"}],"wp:term":[{"taxonomy":"category","embeddable":true,"href":"https:\/\/www.public.sn\/index.php\/wp-json\/wp\/v2\/categories?post=21649"},{"taxonomy":"post_tag","embeddable":true,"href":"https:\/\/www.public.sn\/index.php\/wp-json\/wp\/v2\/tags?post=21649"}],"curies":[{"name":"wp","href":"https:\/\/api.w.org\/{rel}","templated":true}]}}