{"id":21750,"date":"2023-05-12T09:54:33","date_gmt":"2023-05-12T09:54:33","guid":{"rendered":"https:\/\/www.public.sn\/?p=21750"},"modified":"2023-05-12T09:54:33","modified_gmt":"2023-05-12T09:54:33","slug":"le-senegal-est-un-pays-de-dialogue-et-on-doit-laccepter-dixit-pape-modou-fall-video","status":"publish","type":"post","link":"https:\/\/www.public.sn\/index.php\/2023\/05\/12\/le-senegal-est-un-pays-de-dialogue-et-on-doit-laccepter-dixit-pape-modou-fall-video\/","title":{"rendered":"\u00ab\u00a0Le S\u00e9n\u00e9gal est un pays de dialogue et on doit l&rsquo;accepter \u00a0\u00bb dixit Pape Modou Fall (Vid\u00e9o)"},"content":{"rendered":"<p><strong>Le dialogue politique propos\u00e9 par le pr\u00e9sident de la R\u00e9publique Macky Sall, \u00e0 dix mois de la pr\u00e9sidentielle, est sur toutes les l\u00e8vres. Dans le camp de l\u2019opposition, seuls le Parti d\u00e9mocratique s\u00e9n\u00e9galais (Pds) et le mouvement Taxawu Ndakaru de l\u2019ancien maire de Dakar, Khalifa Ababacar Sall, ont pour le moment r\u00e9pondu favorablement \u00e0 cette main tendue du chef de l\u2019Etat. Du c\u00f4t\u00e9 de la mouvance pr\u00e9sidentielle, certains leaders tentent d&rsquo;expliquer la n\u00e9cessit\u00e9 de r\u00e9unir les acteurs politiques autour d&rsquo;une table . C&rsquo;est le cas du directeur de l&rsquo;Emploi Pape Modou Fall qui dans une r\u00e9cente sortie est revenu sur o\u00f9, pourquoi et comment dialoguer?<\/strong><\/p><div class=\"publi-paragraphe1\" style=\"margin-top: 10px;margin-bottom: 10px;margin-left: auto;margin-right: auto;text-align: center;\" id=\"publi-732527906\"><div class=\"publi-adlabel\">Publicit\u00e9<\/div><script async src=\"\/\/pagead2.googlesyndication.com\/pagead\/js\/adsbygoogle.js?client=ca-pub-4089586018074219\" crossorigin=\"anonymous\"><\/script><ins class=\"adsbygoogle\" style=\"display:block;\" data-ad-client=\"ca-pub-4089586018074219\" \ndata-ad-slot=\"2087940154\" \ndata-ad-format=\"auto\"><\/ins>\n<script> \n(adsbygoogle = window.adsbygoogle || []).push({}); \n<\/script>\n<\/div>\n<p><em>\u00a0\u00bb Le dialogue politique permet aux partis de convenir d\u2019un code de conduite \u00e9lectoral et d\u2019une modification de la loi \u00e9lectorale en faveur d\u2019une plus grande transparence des \u00e9lections. Il est un \u00e9l\u00e9ment essentiel \u00e0 une paix, \u00e0 une d\u00e9mocratie et \u00e0 un d\u00e9veloppement durable. Auparavant, au S\u00e9n\u00e9gal, les maires \u00e9taient \u00e9lus par les conseillers municipaux mais actuellement, un dialogue a permis de changer la donne puisqu\u2019ils sont maintenant \u00e9lus au suffrage universel direct. Les partis politiques, en partenariat avec la soci\u00e9t\u00e9 civile, doivent conduire l\u2019ensemble des phases du dialogue. Le processus d\u00e9bute par la r\u00e9alisation d\u2019analyses exhaustives de la situation politique et la s\u00e9lection des participants, mais \u00e9galement par la conception institutionnelle du dialogue, la d\u00e9finition des priorit\u00e9s et la d\u00e9termination des r\u00e8gles du jeu. Le S\u00e9n\u00e9gal est un pays de dialogue et on doit accepter\u00a0\u00bb a fait savoir Pape Modou Fall, pr\u00e9sident du parti \u00a0RV\/Deug mo\u00a0woor\u00a0<\/em><\/p>\n<div style=\"position: relative; padding-bottom: 56.25%; height: 0; overflow: hidden;\"><iframe style=\"width: 100%; height: 100%; position: absolute; left: 0px; top: 0px; overflow: hidden;\" src=\"https:\/\/www.dailymotion.com\/embed\/video\/x8kvftl\" width=\"100%\" height=\"100%\" frameborder=\"0\" allowfullscreen=\"allowfullscreen\"><\/iframe><\/div>\n<div class=\"publi-apres-le-contenu\" style=\"margin-top: 10px;margin-bottom: 10px;margin-left: auto;margin-right: auto;text-align: center;\" id=\"publi-2750010806\"><div class=\"publi-adlabel\">Publicit\u00e9<\/div><script async src=\"\/\/pagead2.googlesyndication.com\/pagead\/js\/adsbygoogle.js?client=ca-pub-4089586018074219\" crossorigin=\"anonymous\"><\/script><ins class=\"adsbygoogle\" style=\"display:block;\" data-ad-client=\"ca-pub-4089586018074219\" \ndata-ad-slot=\"2087940154\" \ndata-ad-format=\"auto\"><\/ins>\n<script> \n(adsbygoogle = window.adsbygoogle || []).push({}); \n<\/script>\n<\/div>","protected":false},"excerpt":{"rendered":"<p>Le dialogue politique propos\u00e9 par le pr\u00e9sident de la R\u00e9publique Macky Sall, \u00e0 dix mois de la pr\u00e9sidentielle, est sur toutes les l\u00e8vres. Dans le camp de l\u2019opposition, seuls le Parti d\u00e9mocratique s\u00e9n\u00e9galais (Pds) et le mouvement Taxawu Ndakaru de l\u2019ancien maire de Dakar, Khalifa Ababacar Sall, ont pour le moment r\u00e9pondu favorablement \u00e0 cette main tendue du chef de l\u2019Etat. Du c\u00f4t\u00e9 de la mouvance pr\u00e9sidentielle, certains leaders tentent d&rsquo;expliquer la n\u00e9cessit\u00e9 de r\u00e9unir les acteurs politiques autour d&rsquo;une table . C&rsquo;est le cas du directeur de l&rsquo;Emploi Pape Modou Fall qui dans une r\u00e9cente sortie est revenu sur o\u00f9, pourquoi et comment dialoguer? \u00a0\u00bb Le dialogue politique permet aux partis de convenir d\u2019un code de conduite \u00e9lectoral et d\u2019une modification de la loi \u00e9lectorale en faveur d\u2019une plus grande transparence des \u00e9lections. Il est un \u00e9l\u00e9ment essentiel \u00e0 une paix, \u00e0 une d\u00e9mocratie et \u00e0 un d\u00e9veloppement durable. Auparavant, au S\u00e9n\u00e9gal, les maires \u00e9taient \u00e9lus par les conseillers municipaux mais actuellement, un dialogue a permis de changer la donne puisqu\u2019ils sont maintenant \u00e9lus au suffrage universel direct. Les partis politiques, en partenariat avec la soci\u00e9t\u00e9 civile, doivent conduire l\u2019ensemble des phases du dialogue. Le processus d\u00e9bute par la r\u00e9alisation d\u2019analyses exhaustives de la situation politique et la s\u00e9lection des participants, mais \u00e9galement par la conception institutionnelle du dialogue, la d\u00e9finition des priorit\u00e9s et la d\u00e9termination des r\u00e8gles du jeu. Le S\u00e9n\u00e9gal est un pays de dialogue et on doit accepter\u00a0\u00bb a fait savoir Pape Modou Fall, pr\u00e9sident du parti \u00a0RV\/Deug mo\u00a0woor\u00a0<\/p>\n","protected":false},"author":1,"featured_media":21751,"comment_status":"open","ping_status":"open","sticky":false,"template":"","format":"standard","meta":{"_jetpack_memberships_contains_paid_content":false,"footnotes":""},"categories":[375,3,8,1,372,6],"tags":[5145,3140],"class_list":["post-21750","post","type-post","status-publish","format-standard","has-post-thumbnail","hentry","category-actualites","category-politique","category-public-tv","category-non-classe","category-vedette","category-videos","tag-dialogue-politique","tag-pape-modou-fall","entry","has-media","owp-thumbs-layout-horizontal","owp-btn-normal","owp-tabs-layout-horizontal","has-no-thumbnails","has-product-nav"],"yoast_head":"<!-- This site is optimized with the Yoast SEO plugin v25.5 - https:\/\/yoast.com\/wordpress\/plugins\/seo\/ -->\n<title>&quot;Le S\u00e9n\u00e9gal est un pays de dialogue et on doit l&#039;accepter &quot; dixit Pape Modou Fall (Vid\u00e9o) - LE PUBLIC<\/title>\n<meta name=\"description\" content=\"Le dialogue politique propos\u00e9 par le pr\u00e9sident de la R\u00e9publique Macky Sall, \u00e0 dix mois de la pr\u00e9sidentielle, est sur toutes les l\u00e8vres. Dans le camp de l\u2019opposition, seuls le Parti d\u00e9mocratique s\u00e9n\u00e9galais (Pds) et le mouvement Taxawu Ndakaru de l\u2019ancien maire de Dakar, Khalifa Ababacar Sall, ont pour le moment r\u00e9pondu favorablement \u00e0 cette main tendue du chef de l\u2019Etat. Du c\u00f4t\u00e9 de la mouvance pr\u00e9sidentielle, certains leaders tentent d&#039;expliquer la n\u00e9cessit\u00e9 de r\u00e9unir les acteurs politiques autour d&#039;une table . C&#039;est le cas du directeur de l&#039;Emploi Pape Modou Fall qui dans une r\u00e9cente sortie est revenu sur o\u00f9, pourquoi et comment dialoguer.\" \/>\n<meta name=\"robots\" content=\"index, follow, max-snippet:-1, max-image-preview:large, max-video-preview:-1\" \/>\n<link rel=\"canonical\" href=\"https:\/\/www.public.sn\/index.php\/2023\/05\/12\/le-senegal-est-un-pays-de-dialogue-et-on-doit-laccepter-dixit-pape-modou-fall-video\/\" \/>\n<meta property=\"og:locale\" content=\"fr_FR\" \/>\n<meta property=\"og:type\" content=\"article\" \/>\n<meta property=\"og:title\" content=\"&quot;Le S\u00e9n\u00e9gal est un pays de dialogue et on doit l&#039;accepter &quot; dixit Pape Modou Fall (Vid\u00e9o) - LE PUBLIC\" \/>\n<meta property=\"og:description\" content=\"Le dialogue politique propos\u00e9 par le pr\u00e9sident de la R\u00e9publique Macky Sall, \u00e0 dix mois de la pr\u00e9sidentielle, est sur toutes les l\u00e8vres. Dans le camp de l\u2019opposition, seuls le Parti d\u00e9mocratique s\u00e9n\u00e9galais (Pds) et le mouvement Taxawu Ndakaru de l\u2019ancien maire de Dakar, Khalifa Ababacar Sall, ont pour le moment r\u00e9pondu favorablement \u00e0 cette main tendue du chef de l\u2019Etat. Du c\u00f4t\u00e9 de la mouvance pr\u00e9sidentielle, certains leaders tentent d&#039;expliquer la n\u00e9cessit\u00e9 de r\u00e9unir les acteurs politiques autour d&#039;une table . C&#039;est le cas du directeur de l&#039;Emploi Pape Modou Fall qui dans une r\u00e9cente sortie est revenu sur o\u00f9, pourquoi et comment dialoguer.\" \/>\n<meta property=\"og:url\" content=\"https:\/\/www.public.sn\/index.php\/2023\/05\/12\/le-senegal-est-un-pays-de-dialogue-et-on-doit-laccepter-dixit-pape-modou-fall-video\/\" \/>\n<meta property=\"og:site_name\" content=\"LE PUBLIC\" \/>\n<meta property=\"article:published_time\" content=\"2023-05-12T09:54:33+00:00\" \/>\n<meta property=\"og:image\" content=\"https:\/\/www.public.sn\/wp-content\/uploads\/2023\/05\/Pape-Modou-Fall-DE.jpg\" \/>\n\t<meta property=\"og:image:width\" content=\"700\" \/>\n\t<meta property=\"og:image:height\" content=\"450\" \/>\n\t<meta property=\"og:image:type\" content=\"image\/jpeg\" \/>\n<meta name=\"author\" content=\"LA REDACTION\" \/>\n<meta name=\"twitter:card\" content=\"summary_large_image\" \/>\n<meta name=\"twitter:label1\" content=\"\u00c9crit par\" \/>\n\t<meta name=\"twitter:data1\" content=\"LA REDACTION\" \/>\n\t<meta name=\"twitter:label2\" content=\"Dur\u00e9e de lecture estim\u00e9e\" \/>\n\t<meta name=\"twitter:data2\" content=\"2 minutes\" \/>\n<script type=\"application\/ld+json\" class=\"yoast-schema-graph\">{\"@context\":\"https:\/\/schema.org\",\"@graph\":[{\"@type\":\"Article\",\"@id\":\"https:\/\/www.public.sn\/index.php\/2023\/05\/12\/le-senegal-est-un-pays-de-dialogue-et-on-doit-laccepter-dixit-pape-modou-fall-video\/#article\",\"isPartOf\":{\"@id\":\"https:\/\/www.public.sn\/index.php\/2023\/05\/12\/le-senegal-est-un-pays-de-dialogue-et-on-doit-laccepter-dixit-pape-modou-fall-video\/\"},\"author\":{\"name\":\"LA REDACTION\",\"@id\":\"https:\/\/www.public.sn\/#\/schema\/person\/e3f4a11b037d4203902db148f9bc8d5a\"},\"headline\":\"\u00ab\u00a0Le S\u00e9n\u00e9gal est un pays de dialogue et on doit l&rsquo;accepter \u00a0\u00bb dixit Pape Modou Fall (Vid\u00e9o)\",\"datePublished\":\"2023-05-12T09:54:33+00:00\",\"mainEntityOfPage\":{\"@id\":\"https:\/\/www.public.sn\/index.php\/2023\/05\/12\/le-senegal-est-un-pays-de-dialogue-et-on-doit-laccepter-dixit-pape-modou-fall-video\/\"},\"wordCount\":305,\"commentCount\":0,\"publisher\":{\"@id\":\"https:\/\/www.public.sn\/#organization\"},\"image\":{\"@id\":\"https:\/\/www.public.sn\/index.php\/2023\/05\/12\/le-senegal-est-un-pays-de-dialogue-et-on-doit-laccepter-dixit-pape-modou-fall-video\/#primaryimage\"},\"thumbnailUrl\":\"https:\/\/www.public.sn\/wp-content\/uploads\/2023\/05\/Pape-Modou-Fall-DE.jpg\",\"keywords\":[\"Dialogue politique\",\"Pape Modou Fall\"],\"articleSection\":[\"ACTUALIT\u00c9S\",\"POLITIQUE\",\"PUBLIC TV\",\"S\u00c9N\u00c9GAL\",\"VEDETTE\",\"VIDEOS\"],\"inLanguage\":\"fr-FR\",\"potentialAction\":[{\"@type\":\"CommentAction\",\"name\":\"Comment\",\"target\":[\"https:\/\/www.public.sn\/index.php\/2023\/05\/12\/le-senegal-est-un-pays-de-dialogue-et-on-doit-laccepter-dixit-pape-modou-fall-video\/#respond\"]}]},{\"@type\":\"WebPage\",\"@id\":\"https:\/\/www.public.sn\/index.php\/2023\/05\/12\/le-senegal-est-un-pays-de-dialogue-et-on-doit-laccepter-dixit-pape-modou-fall-video\/\",\"url\":\"https:\/\/www.public.sn\/index.php\/2023\/05\/12\/le-senegal-est-un-pays-de-dialogue-et-on-doit-laccepter-dixit-pape-modou-fall-video\/\",\"name\":\"\\\"Le S\u00e9n\u00e9gal est un pays de dialogue et on doit l'accepter \\\" dixit Pape Modou Fall (Vid\u00e9o) - LE PUBLIC\",\"isPartOf\":{\"@id\":\"https:\/\/www.public.sn\/#website\"},\"primaryImageOfPage\":{\"@id\":\"https:\/\/www.public.sn\/index.php\/2023\/05\/12\/le-senegal-est-un-pays-de-dialogue-et-on-doit-laccepter-dixit-pape-modou-fall-video\/#primaryimage\"},\"image\":{\"@id\":\"https:\/\/www.public.sn\/index.php\/2023\/05\/12\/le-senegal-est-un-pays-de-dialogue-et-on-doit-laccepter-dixit-pape-modou-fall-video\/#primaryimage\"},\"thumbnailUrl\":\"https:\/\/www.public.sn\/wp-content\/uploads\/2023\/05\/Pape-Modou-Fall-DE.jpg\",\"datePublished\":\"2023-05-12T09:54:33+00:00\",\"description\":\"Le dialogue politique propos\u00e9 par le pr\u00e9sident de la R\u00e9publique Macky Sall, \u00e0 dix mois de la pr\u00e9sidentielle, est sur toutes les l\u00e8vres. Dans le camp de l\u2019opposition, seuls le Parti d\u00e9mocratique s\u00e9n\u00e9galais (Pds) et le mouvement Taxawu Ndakaru de l\u2019ancien maire de Dakar, Khalifa Ababacar Sall, ont pour le moment r\u00e9pondu favorablement \u00e0 cette main tendue du chef de l\u2019Etat. Du c\u00f4t\u00e9 de la mouvance pr\u00e9sidentielle, certains leaders tentent d'expliquer la n\u00e9cessit\u00e9 de r\u00e9unir les acteurs politiques autour d'une table . C'est le cas du directeur de l'Emploi Pape Modou Fall qui dans une r\u00e9cente sortie est revenu sur o\u00f9, pourquoi et comment dialoguer.\",\"breadcrumb\":{\"@id\":\"https:\/\/www.public.sn\/index.php\/2023\/05\/12\/le-senegal-est-un-pays-de-dialogue-et-on-doit-laccepter-dixit-pape-modou-fall-video\/#breadcrumb\"},\"inLanguage\":\"fr-FR\",\"potentialAction\":[{\"@type\":\"ReadAction\",\"target\":[\"https:\/\/www.public.sn\/index.php\/2023\/05\/12\/le-senegal-est-un-pays-de-dialogue-et-on-doit-laccepter-dixit-pape-modou-fall-video\/\"]}]},{\"@type\":\"ImageObject\",\"inLanguage\":\"fr-FR\",\"@id\":\"https:\/\/www.public.sn\/index.php\/2023\/05\/12\/le-senegal-est-un-pays-de-dialogue-et-on-doit-laccepter-dixit-pape-modou-fall-video\/#primaryimage\",\"url\":\"https:\/\/www.public.sn\/wp-content\/uploads\/2023\/05\/Pape-Modou-Fall-DE.jpg\",\"contentUrl\":\"https:\/\/www.public.sn\/wp-content\/uploads\/2023\/05\/Pape-Modou-Fall-DE.jpg\",\"width\":700,\"height\":450},{\"@type\":\"BreadcrumbList\",\"@id\":\"https:\/\/www.public.sn\/index.php\/2023\/05\/12\/le-senegal-est-un-pays-de-dialogue-et-on-doit-laccepter-dixit-pape-modou-fall-video\/#breadcrumb\",\"itemListElement\":[{\"@type\":\"ListItem\",\"position\":1,\"name\":\"Accueil\",\"item\":\"https:\/\/www.public.sn\/\"},{\"@type\":\"ListItem\",\"position\":2,\"name\":\"\u00ab\u00a0Le S\u00e9n\u00e9gal est un pays de dialogue et on doit l&rsquo;accepter \u00a0\u00bb dixit Pape Modou Fall (Vid\u00e9o)\"}]},{\"@type\":\"WebSite\",\"@id\":\"https:\/\/www.public.sn\/#website\",\"url\":\"https:\/\/www.public.sn\/\",\"name\":\"LE PUBLIC\",\"description\":\"\",\"publisher\":{\"@id\":\"https:\/\/www.public.sn\/#organization\"},\"potentialAction\":[{\"@type\":\"SearchAction\",\"target\":{\"@type\":\"EntryPoint\",\"urlTemplate\":\"https:\/\/www.public.sn\/?s={search_term_string}\"},\"query-input\":{\"@type\":\"PropertyValueSpecification\",\"valueRequired\":true,\"valueName\":\"search_term_string\"}}],\"inLanguage\":\"fr-FR\"},{\"@type\":\"Organization\",\"@id\":\"https:\/\/www.public.sn\/#organization\",\"name\":\"LE PUBLIC\",\"url\":\"https:\/\/www.public.sn\/\",\"logo\":{\"@type\":\"ImageObject\",\"inLanguage\":\"fr-FR\",\"@id\":\"https:\/\/www.public.sn\/#\/schema\/logo\/image\/\",\"url\":\"https:\/\/www.public.sn\/wp-content\/uploads\/2024\/05\/cropped-LOGO-PUBLIC.SN_.png\",\"contentUrl\":\"https:\/\/www.public.sn\/wp-content\/uploads\/2024\/05\/cropped-LOGO-PUBLIC.SN_.png\",\"width\":682,\"height\":192,\"caption\":\"LE PUBLIC\"},\"image\":{\"@id\":\"https:\/\/www.public.sn\/#\/schema\/logo\/image\/\"}},{\"@type\":\"Person\",\"@id\":\"https:\/\/www.public.sn\/#\/schema\/person\/e3f4a11b037d4203902db148f9bc8d5a\",\"name\":\"LA REDACTION\",\"image\":{\"@type\":\"ImageObject\",\"inLanguage\":\"fr-FR\",\"@id\":\"https:\/\/www.public.sn\/#\/schema\/person\/image\/\",\"url\":\"https:\/\/secure.gravatar.com\/avatar\/d6c030db45db2883c075085c5d6c6258654a801a93766b49af0b82d4f454e2a5?s=96&d=mm&r=g\",\"contentUrl\":\"https:\/\/secure.gravatar.com\/avatar\/d6c030db45db2883c075085c5d6c6258654a801a93766b49af0b82d4f454e2a5?s=96&d=mm&r=g\",\"caption\":\"LA REDACTION\"},\"sameAs\":[\"http:\/\/www.public.sn\"],\"url\":\"https:\/\/www.public.sn\/index.php\/author\/admin7324\/\"}]}<\/script>\n<!-- \/ Yoast SEO plugin. -->","yoast_head_json":{"title":"\"Le S\u00e9n\u00e9gal est un pays de dialogue et on doit l'accepter \" dixit Pape Modou Fall (Vid\u00e9o) - LE PUBLIC","description":"Le dialogue politique propos\u00e9 par le pr\u00e9sident de la R\u00e9publique Macky Sall, \u00e0 dix mois de la pr\u00e9sidentielle, est sur toutes les l\u00e8vres. Dans le camp de l\u2019opposition, seuls le Parti d\u00e9mocratique s\u00e9n\u00e9galais (Pds) et le mouvement Taxawu Ndakaru de l\u2019ancien maire de Dakar, Khalifa Ababacar Sall, ont pour le moment r\u00e9pondu favorablement \u00e0 cette main tendue du chef de l\u2019Etat. Du c\u00f4t\u00e9 de la mouvance pr\u00e9sidentielle, certains leaders tentent d'expliquer la n\u00e9cessit\u00e9 de r\u00e9unir les acteurs politiques autour d'une table . C'est le cas du directeur de l'Emploi Pape Modou Fall qui dans une r\u00e9cente sortie est revenu sur o\u00f9, pourquoi et comment dialoguer.","robots":{"index":"index","follow":"follow","max-snippet":"max-snippet:-1","max-image-preview":"max-image-preview:large","max-video-preview":"max-video-preview:-1"},"canonical":"https:\/\/www.public.sn\/index.php\/2023\/05\/12\/le-senegal-est-un-pays-de-dialogue-et-on-doit-laccepter-dixit-pape-modou-fall-video\/","og_locale":"fr_FR","og_type":"article","og_title":"\"Le S\u00e9n\u00e9gal est un pays de dialogue et on doit l'accepter \" dixit Pape Modou Fall (Vid\u00e9o) - LE PUBLIC","og_description":"Le dialogue politique propos\u00e9 par le pr\u00e9sident de la R\u00e9publique Macky Sall, \u00e0 dix mois de la pr\u00e9sidentielle, est sur toutes les l\u00e8vres. Dans le camp de l\u2019opposition, seuls le Parti d\u00e9mocratique s\u00e9n\u00e9galais (Pds) et le mouvement Taxawu Ndakaru de l\u2019ancien maire de Dakar, Khalifa Ababacar Sall, ont pour le moment r\u00e9pondu favorablement \u00e0 cette main tendue du chef de l\u2019Etat. Du c\u00f4t\u00e9 de la mouvance pr\u00e9sidentielle, certains leaders tentent d'expliquer la n\u00e9cessit\u00e9 de r\u00e9unir les acteurs politiques autour d'une table . C'est le cas du directeur de l'Emploi Pape Modou Fall qui dans une r\u00e9cente sortie est revenu sur o\u00f9, pourquoi et comment dialoguer.","og_url":"https:\/\/www.public.sn\/index.php\/2023\/05\/12\/le-senegal-est-un-pays-de-dialogue-et-on-doit-laccepter-dixit-pape-modou-fall-video\/","og_site_name":"LE PUBLIC","article_published_time":"2023-05-12T09:54:33+00:00","og_image":[{"width":700,"height":450,"url":"https:\/\/www.public.sn\/wp-content\/uploads\/2023\/05\/Pape-Modou-Fall-DE.jpg","type":"image\/jpeg"}],"author":"LA REDACTION","twitter_card":"summary_large_image","twitter_misc":{"\u00c9crit par":"LA REDACTION","Dur\u00e9e de lecture estim\u00e9e":"2 minutes"},"schema":{"@context":"https:\/\/schema.org","@graph":[{"@type":"Article","@id":"https:\/\/www.public.sn\/index.php\/2023\/05\/12\/le-senegal-est-un-pays-de-dialogue-et-on-doit-laccepter-dixit-pape-modou-fall-video\/#article","isPartOf":{"@id":"https:\/\/www.public.sn\/index.php\/2023\/05\/12\/le-senegal-est-un-pays-de-dialogue-et-on-doit-laccepter-dixit-pape-modou-fall-video\/"},"author":{"name":"LA REDACTION","@id":"https:\/\/www.public.sn\/#\/schema\/person\/e3f4a11b037d4203902db148f9bc8d5a"},"headline":"\u00ab\u00a0Le S\u00e9n\u00e9gal est un pays de dialogue et on doit l&rsquo;accepter \u00a0\u00bb dixit Pape Modou Fall (Vid\u00e9o)","datePublished":"2023-05-12T09:54:33+00:00","mainEntityOfPage":{"@id":"https:\/\/www.public.sn\/index.php\/2023\/05\/12\/le-senegal-est-un-pays-de-dialogue-et-on-doit-laccepter-dixit-pape-modou-fall-video\/"},"wordCount":305,"commentCount":0,"publisher":{"@id":"https:\/\/www.public.sn\/#organization"},"image":{"@id":"https:\/\/www.public.sn\/index.php\/2023\/05\/12\/le-senegal-est-un-pays-de-dialogue-et-on-doit-laccepter-dixit-pape-modou-fall-video\/#primaryimage"},"thumbnailUrl":"https:\/\/www.public.sn\/wp-content\/uploads\/2023\/05\/Pape-Modou-Fall-DE.jpg","keywords":["Dialogue politique","Pape Modou Fall"],"articleSection":["ACTUALIT\u00c9S","POLITIQUE","PUBLIC TV","S\u00c9N\u00c9GAL","VEDETTE","VIDEOS"],"inLanguage":"fr-FR","potentialAction":[{"@type":"CommentAction","name":"Comment","target":["https:\/\/www.public.sn\/index.php\/2023\/05\/12\/le-senegal-est-un-pays-de-dialogue-et-on-doit-laccepter-dixit-pape-modou-fall-video\/#respond"]}]},{"@type":"WebPage","@id":"https:\/\/www.public.sn\/index.php\/2023\/05\/12\/le-senegal-est-un-pays-de-dialogue-et-on-doit-laccepter-dixit-pape-modou-fall-video\/","url":"https:\/\/www.public.sn\/index.php\/2023\/05\/12\/le-senegal-est-un-pays-de-dialogue-et-on-doit-laccepter-dixit-pape-modou-fall-video\/","name":"\"Le S\u00e9n\u00e9gal est un pays de dialogue et on doit l'accepter \" dixit Pape Modou Fall (Vid\u00e9o) - LE PUBLIC","isPartOf":{"@id":"https:\/\/www.public.sn\/#website"},"primaryImageOfPage":{"@id":"https:\/\/www.public.sn\/index.php\/2023\/05\/12\/le-senegal-est-un-pays-de-dialogue-et-on-doit-laccepter-dixit-pape-modou-fall-video\/#primaryimage"},"image":{"@id":"https:\/\/www.public.sn\/index.php\/2023\/05\/12\/le-senegal-est-un-pays-de-dialogue-et-on-doit-laccepter-dixit-pape-modou-fall-video\/#primaryimage"},"thumbnailUrl":"https:\/\/www.public.sn\/wp-content\/uploads\/2023\/05\/Pape-Modou-Fall-DE.jpg","datePublished":"2023-05-12T09:54:33+00:00","description":"Le dialogue politique propos\u00e9 par le pr\u00e9sident de la R\u00e9publique Macky Sall, \u00e0 dix mois de la pr\u00e9sidentielle, est sur toutes les l\u00e8vres. Dans le camp de l\u2019opposition, seuls le Parti d\u00e9mocratique s\u00e9n\u00e9galais (Pds) et le mouvement Taxawu Ndakaru de l\u2019ancien maire de Dakar, Khalifa Ababacar Sall, ont pour le moment r\u00e9pondu favorablement \u00e0 cette main tendue du chef de l\u2019Etat. Du c\u00f4t\u00e9 de la mouvance pr\u00e9sidentielle, certains leaders tentent d'expliquer la n\u00e9cessit\u00e9 de r\u00e9unir les acteurs politiques autour d'une table . C'est le cas du directeur de l'Emploi Pape Modou Fall qui dans une r\u00e9cente sortie est revenu sur o\u00f9, pourquoi et comment dialoguer.","breadcrumb":{"@id":"https:\/\/www.public.sn\/index.php\/2023\/05\/12\/le-senegal-est-un-pays-de-dialogue-et-on-doit-laccepter-dixit-pape-modou-fall-video\/#breadcrumb"},"inLanguage":"fr-FR","potentialAction":[{"@type":"ReadAction","target":["https:\/\/www.public.sn\/index.php\/2023\/05\/12\/le-senegal-est-un-pays-de-dialogue-et-on-doit-laccepter-dixit-pape-modou-fall-video\/"]}]},{"@type":"ImageObject","inLanguage":"fr-FR","@id":"https:\/\/www.public.sn\/index.php\/2023\/05\/12\/le-senegal-est-un-pays-de-dialogue-et-on-doit-laccepter-dixit-pape-modou-fall-video\/#primaryimage","url":"https:\/\/www.public.sn\/wp-content\/uploads\/2023\/05\/Pape-Modou-Fall-DE.jpg","contentUrl":"https:\/\/www.public.sn\/wp-content\/uploads\/2023\/05\/Pape-Modou-Fall-DE.jpg","width":700,"height":450},{"@type":"BreadcrumbList","@id":"https:\/\/www.public.sn\/index.php\/2023\/05\/12\/le-senegal-est-un-pays-de-dialogue-et-on-doit-laccepter-dixit-pape-modou-fall-video\/#breadcrumb","itemListElement":[{"@type":"ListItem","position":1,"name":"Accueil","item":"https:\/\/www.public.sn\/"},{"@type":"ListItem","position":2,"name":"\u00ab\u00a0Le S\u00e9n\u00e9gal est un pays de dialogue et on doit l&rsquo;accepter \u00a0\u00bb dixit Pape Modou Fall (Vid\u00e9o)"}]},{"@type":"WebSite","@id":"https:\/\/www.public.sn\/#website","url":"https:\/\/www.public.sn\/","name":"LE PUBLIC","description":"","publisher":{"@id":"https:\/\/www.public.sn\/#organization"},"potentialAction":[{"@type":"SearchAction","target":{"@type":"EntryPoint","urlTemplate":"https:\/\/www.public.sn\/?s={search_term_string}"},"query-input":{"@type":"PropertyValueSpecification","valueRequired":true,"valueName":"search_term_string"}}],"inLanguage":"fr-FR"},{"@type":"Organization","@id":"https:\/\/www.public.sn\/#organization","name":"LE PUBLIC","url":"https:\/\/www.public.sn\/","logo":{"@type":"ImageObject","inLanguage":"fr-FR","@id":"https:\/\/www.public.sn\/#\/schema\/logo\/image\/","url":"https:\/\/www.public.sn\/wp-content\/uploads\/2024\/05\/cropped-LOGO-PUBLIC.SN_.png","contentUrl":"https:\/\/www.public.sn\/wp-content\/uploads\/2024\/05\/cropped-LOGO-PUBLIC.SN_.png","width":682,"height":192,"caption":"LE PUBLIC"},"image":{"@id":"https:\/\/www.public.sn\/#\/schema\/logo\/image\/"}},{"@type":"Person","@id":"https:\/\/www.public.sn\/#\/schema\/person\/e3f4a11b037d4203902db148f9bc8d5a","name":"LA REDACTION","image":{"@type":"ImageObject","inLanguage":"fr-FR","@id":"https:\/\/www.public.sn\/#\/schema\/person\/image\/","url":"https:\/\/secure.gravatar.com\/avatar\/d6c030db45db2883c075085c5d6c6258654a801a93766b49af0b82d4f454e2a5?s=96&d=mm&r=g","contentUrl":"https:\/\/secure.gravatar.com\/avatar\/d6c030db45db2883c075085c5d6c6258654a801a93766b49af0b82d4f454e2a5?s=96&d=mm&r=g","caption":"LA REDACTION"},"sameAs":["http:\/\/www.public.sn"],"url":"https:\/\/www.public.sn\/index.php\/author\/admin7324\/"}]}},"jetpack_featured_media_url":"https:\/\/www.public.sn\/wp-content\/uploads\/2023\/05\/Pape-Modou-Fall-DE.jpg","jetpack_sharing_enabled":true,"_links":{"self":[{"href":"https:\/\/www.public.sn\/index.php\/wp-json\/wp\/v2\/posts\/21750","targetHints":{"allow":["GET"]}}],"collection":[{"href":"https:\/\/www.public.sn\/index.php\/wp-json\/wp\/v2\/posts"}],"about":[{"href":"https:\/\/www.public.sn\/index.php\/wp-json\/wp\/v2\/types\/post"}],"author":[{"embeddable":true,"href":"https:\/\/www.public.sn\/index.php\/wp-json\/wp\/v2\/users\/1"}],"replies":[{"embeddable":true,"href":"https:\/\/www.public.sn\/index.php\/wp-json\/wp\/v2\/comments?post=21750"}],"version-history":[{"count":1,"href":"https:\/\/www.public.sn\/index.php\/wp-json\/wp\/v2\/posts\/21750\/revisions"}],"predecessor-version":[{"id":21752,"href":"https:\/\/www.public.sn\/index.php\/wp-json\/wp\/v2\/posts\/21750\/revisions\/21752"}],"wp:featuredmedia":[{"embeddable":true,"href":"https:\/\/www.public.sn\/index.php\/wp-json\/wp\/v2\/media\/21751"}],"wp:attachment":[{"href":"https:\/\/www.public.sn\/index.php\/wp-json\/wp\/v2\/media?parent=21750"}],"wp:term":[{"taxonomy":"category","embeddable":true,"href":"https:\/\/www.public.sn\/index.php\/wp-json\/wp\/v2\/categories?post=21750"},{"taxonomy":"post_tag","embeddable":true,"href":"https:\/\/www.public.sn\/index.php\/wp-json\/wp\/v2\/tags?post=21750"}],"curies":[{"name":"wp","href":"https:\/\/api.w.org\/{rel}","templated":true}]}}