{"id":21834,"date":"2023-05-13T07:13:47","date_gmt":"2023-05-13T07:13:47","guid":{"rendered":"https:\/\/www.public.sn\/?p=21834"},"modified":"2023-05-13T06:56:02","modified_gmt":"2023-05-13T06:56:02","slug":"bassirou-diomaye-faye-beneficie-dune-liberte-provisoire","status":"publish","type":"post","link":"https:\/\/www.public.sn\/index.php\/2023\/05\/13\/bassirou-diomaye-faye-beneficie-dune-liberte-provisoire\/","title":{"rendered":"Bassirou Diomaye Faye b\u00e9n\u00e9ficie d\u2019une libert\u00e9 provisoire"},"content":{"rendered":"<p><strong>Bassirou Diomaye Faye est enfin libre.\u00a0 Le Secr\u00e9taire g\u00e9n\u00e9ral de Pastef\u00a0 vient de b\u00e9n\u00e9ficier d&rsquo;une libert\u00e9 provisoire.<\/strong><\/p><div class=\"publi-paragraphe1\" style=\"margin-top: 10px;margin-bottom: 10px;margin-left: auto;margin-right: auto;text-align: center;\" id=\"publi-2854397649\"><div class=\"publi-adlabel\">Publicit\u00e9<\/div><script async src=\"\/\/pagead2.googlesyndication.com\/pagead\/js\/adsbygoogle.js?client=ca-pub-4089586018074219\" crossorigin=\"anonymous\"><\/script><ins class=\"adsbygoogle\" style=\"display:block;\" data-ad-client=\"ca-pub-4089586018074219\" \ndata-ad-slot=\"2087940154\" \ndata-ad-format=\"auto\"><\/ins>\n<script> \n(adsbygoogle = window.adsbygoogle || []).push({}); \n<\/script>\n<\/div>\n<p>Arr\u00eat\u00e9 le 15 Avril dernier devant son bureau \u00e0 la Direction g\u00e9n\u00e9rale des imp\u00f4ts et domaines (DGID), le lieutenant de Sonko a finalement pass\u00e9 pr\u00e8s d\u2019un mois en d\u00e9tention.<\/p>\n<p>Il \u00e9tait poursuivi pour outrage \u00e0 magistrat, diffamation et actes de nature \u00e0 compromettre la paix publique, il lui est reproch\u00e9 un post sur les r\u00e9seaux sociaux dans lequel il fustigeait l\u2019attitude de certains magistrats.<\/p>\n<div class=\"publi-apres-le-contenu\" style=\"margin-top: 10px;margin-bottom: 10px;margin-left: auto;margin-right: auto;text-align: center;\" id=\"publi-2895839153\"><div class=\"publi-adlabel\">Publicit\u00e9<\/div><script async src=\"\/\/pagead2.googlesyndication.com\/pagead\/js\/adsbygoogle.js?client=ca-pub-4089586018074219\" crossorigin=\"anonymous\"><\/script><ins class=\"adsbygoogle\" style=\"display:block;\" data-ad-client=\"ca-pub-4089586018074219\" \ndata-ad-slot=\"2087940154\" \ndata-ad-format=\"auto\"><\/ins>\n<script> \n(adsbygoogle = window.adsbygoogle || []).push({}); \n<\/script>\n<\/div>","protected":false},"excerpt":{"rendered":"<p>Bassirou Diomaye Faye est enfin libre.\u00a0 Le Secr\u00e9taire g\u00e9n\u00e9ral de Pastef\u00a0 vient de b\u00e9n\u00e9ficier d&rsquo;une libert\u00e9 provisoire. Arr\u00eat\u00e9 le 15 Avril dernier devant son bureau \u00e0 la Direction g\u00e9n\u00e9rale des imp\u00f4ts et domaines (DGID), le lieutenant de Sonko a finalement pass\u00e9 pr\u00e8s d\u2019un mois en d\u00e9tention. Il \u00e9tait poursuivi pour outrage \u00e0 magistrat, diffamation et actes de nature \u00e0 compromettre la paix publique, il lui est reproch\u00e9 un post sur les r\u00e9seaux sociaux dans lequel il fustigeait l\u2019attitude de certains magistrats.<\/p>\n","protected":false},"author":1,"featured_media":14383,"comment_status":"open","ping_status":"open","sticky":false,"template":"","format":"standard","meta":{"_jetpack_memberships_contains_paid_content":false,"footnotes":""},"categories":[375,3,376,372],"tags":[3678],"class_list":["post-21834","post","type-post","status-publish","format-standard","has-post-thumbnail","hentry","category-actualites","category-politique","category-securite-justice","category-vedette","tag-bassirou-diomaye-faye","entry","has-media","owp-thumbs-layout-horizontal","owp-btn-normal","owp-tabs-layout-horizontal","has-no-thumbnails","has-product-nav"],"yoast_head":"<!-- This site is optimized with the Yoast SEO plugin v25.5 - https:\/\/yoast.com\/wordpress\/plugins\/seo\/ -->\n<title>Bassirou Diomaye Faye b\u00e9n\u00e9ficie d\u2019une libert\u00e9 provisoire - LE PUBLIC<\/title>\n<meta name=\"description\" content=\"Bassirou Diomaye Faye est enfin libre.\u00a0 Le Secr\u00e9taire g\u00e9n\u00e9ral de Pastef\u00a0 vient de b\u00e9n\u00e9ficier d&#039;une libert\u00e9 provisoire.\" \/>\n<meta name=\"robots\" content=\"index, follow, max-snippet:-1, max-image-preview:large, max-video-preview:-1\" \/>\n<link rel=\"canonical\" href=\"https:\/\/www.public.sn\/index.php\/2023\/05\/13\/bassirou-diomaye-faye-beneficie-dune-liberte-provisoire\/\" \/>\n<meta property=\"og:locale\" content=\"fr_FR\" \/>\n<meta property=\"og:type\" content=\"article\" \/>\n<meta property=\"og:title\" content=\"Bassirou Diomaye Faye b\u00e9n\u00e9ficie d\u2019une libert\u00e9 provisoire - LE PUBLIC\" \/>\n<meta property=\"og:description\" content=\"Bassirou Diomaye Faye est enfin libre.\u00a0 Le Secr\u00e9taire g\u00e9n\u00e9ral de Pastef\u00a0 vient de b\u00e9n\u00e9ficier d&#039;une libert\u00e9 provisoire.\" \/>\n<meta property=\"og:url\" content=\"https:\/\/www.public.sn\/index.php\/2023\/05\/13\/bassirou-diomaye-faye-beneficie-dune-liberte-provisoire\/\" \/>\n<meta property=\"og:site_name\" content=\"LE PUBLIC\" \/>\n<meta property=\"article:published_time\" content=\"2023-05-13T07:13:47+00:00\" \/>\n<meta property=\"og:image\" content=\"https:\/\/www.public.sn\/wp-content\/uploads\/2023\/01\/Bassirou-Diomaye-Faye.png\" \/>\n\t<meta property=\"og:image:width\" content=\"1102\" \/>\n\t<meta property=\"og:image:height\" content=\"691\" \/>\n\t<meta property=\"og:image:type\" content=\"image\/png\" \/>\n<meta name=\"author\" content=\"LA REDACTION\" \/>\n<meta name=\"twitter:card\" content=\"summary_large_image\" \/>\n<meta name=\"twitter:label1\" content=\"\u00c9crit par\" \/>\n\t<meta name=\"twitter:data1\" content=\"LA REDACTION\" \/>\n\t<meta name=\"twitter:label2\" content=\"Dur\u00e9e de lecture estim\u00e9e\" \/>\n\t<meta name=\"twitter:data2\" content=\"1 minute\" \/>\n<script type=\"application\/ld+json\" class=\"yoast-schema-graph\">{\"@context\":\"https:\/\/schema.org\",\"@graph\":[{\"@type\":\"Article\",\"@id\":\"https:\/\/www.public.sn\/index.php\/2023\/05\/13\/bassirou-diomaye-faye-beneficie-dune-liberte-provisoire\/#article\",\"isPartOf\":{\"@id\":\"https:\/\/www.public.sn\/index.php\/2023\/05\/13\/bassirou-diomaye-faye-beneficie-dune-liberte-provisoire\/\"},\"author\":{\"name\":\"LA REDACTION\",\"@id\":\"https:\/\/www.public.sn\/#\/schema\/person\/e3f4a11b037d4203902db148f9bc8d5a\"},\"headline\":\"Bassirou Diomaye Faye b\u00e9n\u00e9ficie d\u2019une libert\u00e9 provisoire\",\"datePublished\":\"2023-05-13T07:13:47+00:00\",\"mainEntityOfPage\":{\"@id\":\"https:\/\/www.public.sn\/index.php\/2023\/05\/13\/bassirou-diomaye-faye-beneficie-dune-liberte-provisoire\/\"},\"wordCount\":101,\"commentCount\":0,\"publisher\":{\"@id\":\"https:\/\/www.public.sn\/#organization\"},\"image\":{\"@id\":\"https:\/\/www.public.sn\/index.php\/2023\/05\/13\/bassirou-diomaye-faye-beneficie-dune-liberte-provisoire\/#primaryimage\"},\"thumbnailUrl\":\"https:\/\/www.public.sn\/wp-content\/uploads\/2023\/01\/Bassirou-Diomaye-Faye.png\",\"keywords\":[\"bassirou diomaye faye\"],\"articleSection\":[\"ACTUALIT\u00c9S\",\"POLITIQUE\",\"S\u00c9CURIT\u00c9 &amp; JUSTICE\",\"VEDETTE\"],\"inLanguage\":\"fr-FR\",\"potentialAction\":[{\"@type\":\"CommentAction\",\"name\":\"Comment\",\"target\":[\"https:\/\/www.public.sn\/index.php\/2023\/05\/13\/bassirou-diomaye-faye-beneficie-dune-liberte-provisoire\/#respond\"]}]},{\"@type\":\"WebPage\",\"@id\":\"https:\/\/www.public.sn\/index.php\/2023\/05\/13\/bassirou-diomaye-faye-beneficie-dune-liberte-provisoire\/\",\"url\":\"https:\/\/www.public.sn\/index.php\/2023\/05\/13\/bassirou-diomaye-faye-beneficie-dune-liberte-provisoire\/\",\"name\":\"Bassirou Diomaye Faye b\u00e9n\u00e9ficie d\u2019une libert\u00e9 provisoire - LE PUBLIC\",\"isPartOf\":{\"@id\":\"https:\/\/www.public.sn\/#website\"},\"primaryImageOfPage\":{\"@id\":\"https:\/\/www.public.sn\/index.php\/2023\/05\/13\/bassirou-diomaye-faye-beneficie-dune-liberte-provisoire\/#primaryimage\"},\"image\":{\"@id\":\"https:\/\/www.public.sn\/index.php\/2023\/05\/13\/bassirou-diomaye-faye-beneficie-dune-liberte-provisoire\/#primaryimage\"},\"thumbnailUrl\":\"https:\/\/www.public.sn\/wp-content\/uploads\/2023\/01\/Bassirou-Diomaye-Faye.png\",\"datePublished\":\"2023-05-13T07:13:47+00:00\",\"description\":\"Bassirou Diomaye Faye est enfin libre.\u00a0 Le Secr\u00e9taire g\u00e9n\u00e9ral de Pastef\u00a0 vient de b\u00e9n\u00e9ficier d'une libert\u00e9 provisoire.\",\"breadcrumb\":{\"@id\":\"https:\/\/www.public.sn\/index.php\/2023\/05\/13\/bassirou-diomaye-faye-beneficie-dune-liberte-provisoire\/#breadcrumb\"},\"inLanguage\":\"fr-FR\",\"potentialAction\":[{\"@type\":\"ReadAction\",\"target\":[\"https:\/\/www.public.sn\/index.php\/2023\/05\/13\/bassirou-diomaye-faye-beneficie-dune-liberte-provisoire\/\"]}]},{\"@type\":\"ImageObject\",\"inLanguage\":\"fr-FR\",\"@id\":\"https:\/\/www.public.sn\/index.php\/2023\/05\/13\/bassirou-diomaye-faye-beneficie-dune-liberte-provisoire\/#primaryimage\",\"url\":\"https:\/\/www.public.sn\/wp-content\/uploads\/2023\/01\/Bassirou-Diomaye-Faye.png\",\"contentUrl\":\"https:\/\/www.public.sn\/wp-content\/uploads\/2023\/01\/Bassirou-Diomaye-Faye.png\",\"width\":1102,\"height\":691},{\"@type\":\"BreadcrumbList\",\"@id\":\"https:\/\/www.public.sn\/index.php\/2023\/05\/13\/bassirou-diomaye-faye-beneficie-dune-liberte-provisoire\/#breadcrumb\",\"itemListElement\":[{\"@type\":\"ListItem\",\"position\":1,\"name\":\"Accueil\",\"item\":\"https:\/\/www.public.sn\/\"},{\"@type\":\"ListItem\",\"position\":2,\"name\":\"Bassirou Diomaye Faye b\u00e9n\u00e9ficie d\u2019une libert\u00e9 provisoire\"}]},{\"@type\":\"WebSite\",\"@id\":\"https:\/\/www.public.sn\/#website\",\"url\":\"https:\/\/www.public.sn\/\",\"name\":\"LE PUBLIC\",\"description\":\"\",\"publisher\":{\"@id\":\"https:\/\/www.public.sn\/#organization\"},\"potentialAction\":[{\"@type\":\"SearchAction\",\"target\":{\"@type\":\"EntryPoint\",\"urlTemplate\":\"https:\/\/www.public.sn\/?s={search_term_string}\"},\"query-input\":{\"@type\":\"PropertyValueSpecification\",\"valueRequired\":true,\"valueName\":\"search_term_string\"}}],\"inLanguage\":\"fr-FR\"},{\"@type\":\"Organization\",\"@id\":\"https:\/\/www.public.sn\/#organization\",\"name\":\"LE PUBLIC\",\"url\":\"https:\/\/www.public.sn\/\",\"logo\":{\"@type\":\"ImageObject\",\"inLanguage\":\"fr-FR\",\"@id\":\"https:\/\/www.public.sn\/#\/schema\/logo\/image\/\",\"url\":\"https:\/\/www.public.sn\/wp-content\/uploads\/2024\/05\/cropped-LOGO-PUBLIC.SN_.png\",\"contentUrl\":\"https:\/\/www.public.sn\/wp-content\/uploads\/2024\/05\/cropped-LOGO-PUBLIC.SN_.png\",\"width\":682,\"height\":192,\"caption\":\"LE PUBLIC\"},\"image\":{\"@id\":\"https:\/\/www.public.sn\/#\/schema\/logo\/image\/\"}},{\"@type\":\"Person\",\"@id\":\"https:\/\/www.public.sn\/#\/schema\/person\/e3f4a11b037d4203902db148f9bc8d5a\",\"name\":\"LA REDACTION\",\"image\":{\"@type\":\"ImageObject\",\"inLanguage\":\"fr-FR\",\"@id\":\"https:\/\/www.public.sn\/#\/schema\/person\/image\/\",\"url\":\"https:\/\/secure.gravatar.com\/avatar\/d6c030db45db2883c075085c5d6c6258654a801a93766b49af0b82d4f454e2a5?s=96&d=mm&r=g\",\"contentUrl\":\"https:\/\/secure.gravatar.com\/avatar\/d6c030db45db2883c075085c5d6c6258654a801a93766b49af0b82d4f454e2a5?s=96&d=mm&r=g\",\"caption\":\"LA REDACTION\"},\"sameAs\":[\"http:\/\/www.public.sn\"],\"url\":\"https:\/\/www.public.sn\/index.php\/author\/admin7324\/\"}]}<\/script>\n<!-- \/ Yoast SEO plugin. -->","yoast_head_json":{"title":"Bassirou Diomaye Faye b\u00e9n\u00e9ficie d\u2019une libert\u00e9 provisoire - LE PUBLIC","description":"Bassirou Diomaye Faye est enfin libre.\u00a0 Le Secr\u00e9taire g\u00e9n\u00e9ral de Pastef\u00a0 vient de b\u00e9n\u00e9ficier d'une libert\u00e9 provisoire.","robots":{"index":"index","follow":"follow","max-snippet":"max-snippet:-1","max-image-preview":"max-image-preview:large","max-video-preview":"max-video-preview:-1"},"canonical":"https:\/\/www.public.sn\/index.php\/2023\/05\/13\/bassirou-diomaye-faye-beneficie-dune-liberte-provisoire\/","og_locale":"fr_FR","og_type":"article","og_title":"Bassirou Diomaye Faye b\u00e9n\u00e9ficie d\u2019une libert\u00e9 provisoire - LE PUBLIC","og_description":"Bassirou Diomaye Faye est enfin libre.\u00a0 Le Secr\u00e9taire g\u00e9n\u00e9ral de Pastef\u00a0 vient de b\u00e9n\u00e9ficier d'une libert\u00e9 provisoire.","og_url":"https:\/\/www.public.sn\/index.php\/2023\/05\/13\/bassirou-diomaye-faye-beneficie-dune-liberte-provisoire\/","og_site_name":"LE PUBLIC","article_published_time":"2023-05-13T07:13:47+00:00","og_image":[{"width":1102,"height":691,"url":"https:\/\/www.public.sn\/wp-content\/uploads\/2023\/01\/Bassirou-Diomaye-Faye.png","type":"image\/png"}],"author":"LA REDACTION","twitter_card":"summary_large_image","twitter_misc":{"\u00c9crit par":"LA REDACTION","Dur\u00e9e de lecture estim\u00e9e":"1 minute"},"schema":{"@context":"https:\/\/schema.org","@graph":[{"@type":"Article","@id":"https:\/\/www.public.sn\/index.php\/2023\/05\/13\/bassirou-diomaye-faye-beneficie-dune-liberte-provisoire\/#article","isPartOf":{"@id":"https:\/\/www.public.sn\/index.php\/2023\/05\/13\/bassirou-diomaye-faye-beneficie-dune-liberte-provisoire\/"},"author":{"name":"LA REDACTION","@id":"https:\/\/www.public.sn\/#\/schema\/person\/e3f4a11b037d4203902db148f9bc8d5a"},"headline":"Bassirou Diomaye Faye b\u00e9n\u00e9ficie d\u2019une libert\u00e9 provisoire","datePublished":"2023-05-13T07:13:47+00:00","mainEntityOfPage":{"@id":"https:\/\/www.public.sn\/index.php\/2023\/05\/13\/bassirou-diomaye-faye-beneficie-dune-liberte-provisoire\/"},"wordCount":101,"commentCount":0,"publisher":{"@id":"https:\/\/www.public.sn\/#organization"},"image":{"@id":"https:\/\/www.public.sn\/index.php\/2023\/05\/13\/bassirou-diomaye-faye-beneficie-dune-liberte-provisoire\/#primaryimage"},"thumbnailUrl":"https:\/\/www.public.sn\/wp-content\/uploads\/2023\/01\/Bassirou-Diomaye-Faye.png","keywords":["bassirou diomaye faye"],"articleSection":["ACTUALIT\u00c9S","POLITIQUE","S\u00c9CURIT\u00c9 &amp; JUSTICE","VEDETTE"],"inLanguage":"fr-FR","potentialAction":[{"@type":"CommentAction","name":"Comment","target":["https:\/\/www.public.sn\/index.php\/2023\/05\/13\/bassirou-diomaye-faye-beneficie-dune-liberte-provisoire\/#respond"]}]},{"@type":"WebPage","@id":"https:\/\/www.public.sn\/index.php\/2023\/05\/13\/bassirou-diomaye-faye-beneficie-dune-liberte-provisoire\/","url":"https:\/\/www.public.sn\/index.php\/2023\/05\/13\/bassirou-diomaye-faye-beneficie-dune-liberte-provisoire\/","name":"Bassirou Diomaye Faye b\u00e9n\u00e9ficie d\u2019une libert\u00e9 provisoire - LE PUBLIC","isPartOf":{"@id":"https:\/\/www.public.sn\/#website"},"primaryImageOfPage":{"@id":"https:\/\/www.public.sn\/index.php\/2023\/05\/13\/bassirou-diomaye-faye-beneficie-dune-liberte-provisoire\/#primaryimage"},"image":{"@id":"https:\/\/www.public.sn\/index.php\/2023\/05\/13\/bassirou-diomaye-faye-beneficie-dune-liberte-provisoire\/#primaryimage"},"thumbnailUrl":"https:\/\/www.public.sn\/wp-content\/uploads\/2023\/01\/Bassirou-Diomaye-Faye.png","datePublished":"2023-05-13T07:13:47+00:00","description":"Bassirou Diomaye Faye est enfin libre.\u00a0 Le Secr\u00e9taire g\u00e9n\u00e9ral de Pastef\u00a0 vient de b\u00e9n\u00e9ficier d'une libert\u00e9 provisoire.","breadcrumb":{"@id":"https:\/\/www.public.sn\/index.php\/2023\/05\/13\/bassirou-diomaye-faye-beneficie-dune-liberte-provisoire\/#breadcrumb"},"inLanguage":"fr-FR","potentialAction":[{"@type":"ReadAction","target":["https:\/\/www.public.sn\/index.php\/2023\/05\/13\/bassirou-diomaye-faye-beneficie-dune-liberte-provisoire\/"]}]},{"@type":"ImageObject","inLanguage":"fr-FR","@id":"https:\/\/www.public.sn\/index.php\/2023\/05\/13\/bassirou-diomaye-faye-beneficie-dune-liberte-provisoire\/#primaryimage","url":"https:\/\/www.public.sn\/wp-content\/uploads\/2023\/01\/Bassirou-Diomaye-Faye.png","contentUrl":"https:\/\/www.public.sn\/wp-content\/uploads\/2023\/01\/Bassirou-Diomaye-Faye.png","width":1102,"height":691},{"@type":"BreadcrumbList","@id":"https:\/\/www.public.sn\/index.php\/2023\/05\/13\/bassirou-diomaye-faye-beneficie-dune-liberte-provisoire\/#breadcrumb","itemListElement":[{"@type":"ListItem","position":1,"name":"Accueil","item":"https:\/\/www.public.sn\/"},{"@type":"ListItem","position":2,"name":"Bassirou Diomaye Faye b\u00e9n\u00e9ficie d\u2019une libert\u00e9 provisoire"}]},{"@type":"WebSite","@id":"https:\/\/www.public.sn\/#website","url":"https:\/\/www.public.sn\/","name":"LE PUBLIC","description":"","publisher":{"@id":"https:\/\/www.public.sn\/#organization"},"potentialAction":[{"@type":"SearchAction","target":{"@type":"EntryPoint","urlTemplate":"https:\/\/www.public.sn\/?s={search_term_string}"},"query-input":{"@type":"PropertyValueSpecification","valueRequired":true,"valueName":"search_term_string"}}],"inLanguage":"fr-FR"},{"@type":"Organization","@id":"https:\/\/www.public.sn\/#organization","name":"LE PUBLIC","url":"https:\/\/www.public.sn\/","logo":{"@type":"ImageObject","inLanguage":"fr-FR","@id":"https:\/\/www.public.sn\/#\/schema\/logo\/image\/","url":"https:\/\/www.public.sn\/wp-content\/uploads\/2024\/05\/cropped-LOGO-PUBLIC.SN_.png","contentUrl":"https:\/\/www.public.sn\/wp-content\/uploads\/2024\/05\/cropped-LOGO-PUBLIC.SN_.png","width":682,"height":192,"caption":"LE PUBLIC"},"image":{"@id":"https:\/\/www.public.sn\/#\/schema\/logo\/image\/"}},{"@type":"Person","@id":"https:\/\/www.public.sn\/#\/schema\/person\/e3f4a11b037d4203902db148f9bc8d5a","name":"LA REDACTION","image":{"@type":"ImageObject","inLanguage":"fr-FR","@id":"https:\/\/www.public.sn\/#\/schema\/person\/image\/","url":"https:\/\/secure.gravatar.com\/avatar\/d6c030db45db2883c075085c5d6c6258654a801a93766b49af0b82d4f454e2a5?s=96&d=mm&r=g","contentUrl":"https:\/\/secure.gravatar.com\/avatar\/d6c030db45db2883c075085c5d6c6258654a801a93766b49af0b82d4f454e2a5?s=96&d=mm&r=g","caption":"LA REDACTION"},"sameAs":["http:\/\/www.public.sn"],"url":"https:\/\/www.public.sn\/index.php\/author\/admin7324\/"}]}},"jetpack_featured_media_url":"https:\/\/www.public.sn\/wp-content\/uploads\/2023\/01\/Bassirou-Diomaye-Faye.png","jetpack_sharing_enabled":true,"_links":{"self":[{"href":"https:\/\/www.public.sn\/index.php\/wp-json\/wp\/v2\/posts\/21834","targetHints":{"allow":["GET"]}}],"collection":[{"href":"https:\/\/www.public.sn\/index.php\/wp-json\/wp\/v2\/posts"}],"about":[{"href":"https:\/\/www.public.sn\/index.php\/wp-json\/wp\/v2\/types\/post"}],"author":[{"embeddable":true,"href":"https:\/\/www.public.sn\/index.php\/wp-json\/wp\/v2\/users\/1"}],"replies":[{"embeddable":true,"href":"https:\/\/www.public.sn\/index.php\/wp-json\/wp\/v2\/comments?post=21834"}],"version-history":[{"count":1,"href":"https:\/\/www.public.sn\/index.php\/wp-json\/wp\/v2\/posts\/21834\/revisions"}],"predecessor-version":[{"id":21835,"href":"https:\/\/www.public.sn\/index.php\/wp-json\/wp\/v2\/posts\/21834\/revisions\/21835"}],"wp:featuredmedia":[{"embeddable":true,"href":"https:\/\/www.public.sn\/index.php\/wp-json\/wp\/v2\/media\/14383"}],"wp:attachment":[{"href":"https:\/\/www.public.sn\/index.php\/wp-json\/wp\/v2\/media?parent=21834"}],"wp:term":[{"taxonomy":"category","embeddable":true,"href":"https:\/\/www.public.sn\/index.php\/wp-json\/wp\/v2\/categories?post=21834"},{"taxonomy":"post_tag","embeddable":true,"href":"https:\/\/www.public.sn\/index.php\/wp-json\/wp\/v2\/tags?post=21834"}],"curies":[{"name":"wp","href":"https:\/\/api.w.org\/{rel}","templated":true}]}}