{"id":2189,"date":"2022-09-19T13:29:17","date_gmt":"2022-09-19T13:29:17","guid":{"rendered":"https:\/\/www.public.sn\/?p=2189"},"modified":"2022-09-19T13:29:18","modified_gmt":"2022-09-19T13:29:18","slug":"les-notes-du-ministre-moussa-balde-adressees-au-president-macky-sall","status":"publish","type":"post","link":"https:\/\/www.public.sn\/index.php\/2022\/09\/19\/les-notes-du-ministre-moussa-balde-adressees-au-president-macky-sall\/","title":{"rendered":"Les notes du ministre Moussa Bald\u00e9 adress\u00e9es au Pr\u00e9sident Macky Sall."},"content":{"rendered":"\n<p>Apr\u00e8s une premi\u00e8re nomination au poste de Directeur G\u00e9n\u00e9ral de la SODAGRI, une deuxi\u00e8me comme Ministre de l\u2019agriculture et de l\u2019\u00e9quipement rural et une troisi\u00e8me toujours au m\u00eame minist\u00e8re, le pr\u00e9sident de la R\u00e9publique, Son Excellence Macky SALL vient de me renouveler sa confiance en me d\u00e9signant nouveau Ministre de l\u2019Enseignement Sup\u00e9rieur, de la Recherche et de L\u2019innovation.<\/p><div class=\"publi-paragraphe1\" style=\"margin-top: 10px;margin-bottom: 10px;margin-left: auto;margin-right: auto;text-align: center;\" id=\"publi-2179175476\"><div class=\"publi-adlabel\">Publicit\u00e9<\/div><script async src=\"\/\/pagead2.googlesyndication.com\/pagead\/js\/adsbygoogle.js?client=ca-pub-4089586018074219\" crossorigin=\"anonymous\"><\/script><ins class=\"adsbygoogle\" style=\"display:block;\" data-ad-client=\"ca-pub-4089586018074219\" \ndata-ad-slot=\"2087940154\" \ndata-ad-format=\"auto\"><\/ins>\n<script> \n(adsbygoogle = window.adsbygoogle || []).push({}); \n<\/script>\n<\/div>\n\n\n\n<p>Je voudrais saisir cette occasion pour remercier tr\u00e8s profond\u00e9ment le Chef de l\u2019Etat. Aussi, qu\u2019il me soit permis de rendre un vibrant hommage aux populations du Fouladou qui ont depuis 2012 gagn\u00e9 toutes les \u00e9lections au profit de Macky SALL.<\/p>\n\n\n\n<p><strong>Moussa Bald\u00e9<\/strong><br>Ministre de L\u2019enseignement sup\u00e9rieur de la Recherche et de l\u2019innovation<\/p>\n<div class=\"publi-apres-le-contenu\" style=\"margin-top: 10px;margin-bottom: 10px;margin-left: auto;margin-right: auto;text-align: center;\" id=\"publi-912443011\"><div class=\"publi-adlabel\">Publicit\u00e9<\/div><script async src=\"\/\/pagead2.googlesyndication.com\/pagead\/js\/adsbygoogle.js?client=ca-pub-4089586018074219\" crossorigin=\"anonymous\"><\/script><ins class=\"adsbygoogle\" style=\"display:block;\" data-ad-client=\"ca-pub-4089586018074219\" \ndata-ad-slot=\"2087940154\" \ndata-ad-format=\"auto\"><\/ins>\n<script> \n(adsbygoogle = window.adsbygoogle || []).push({}); \n<\/script>\n<\/div>","protected":false},"excerpt":{"rendered":"<p>Apr\u00e8s une premi\u00e8re nomination au poste de Directeur G\u00e9n\u00e9ral de la SODAGRI, une deuxi\u00e8me comme Ministre de l\u2019agriculture et de l\u2019\u00e9quipement rural et une troisi\u00e8me toujours au m\u00eame minist\u00e8re, le pr\u00e9sident de la R\u00e9publique, Son Excellence Macky SALL vient de me renouveler sa confiance en me d\u00e9signant nouveau Ministre de l\u2019Enseignement Sup\u00e9rieur, de la Recherche et de L\u2019innovation. Je voudrais saisir cette occasion pour remercier tr\u00e8s profond\u00e9ment le Chef de l\u2019Etat. Aussi, qu\u2019il me soit permis de rendre un vibrant hommage aux populations du Fouladou qui ont depuis 2012 gagn\u00e9 toutes les \u00e9lections au profit de Macky SALL. Moussa Bald\u00e9Ministre de L\u2019enseignement sup\u00e9rieur de la Recherche et de l\u2019innovation<\/p>\n","protected":false},"author":1,"featured_media":2190,"comment_status":"open","ping_status":"open","sticky":false,"template":"","format":"standard","meta":{"_jetpack_memberships_contains_paid_content":false,"footnotes":""},"categories":[375,3],"tags":[479,11,823,20,799],"class_list":["post-2189","post","type-post","status-publish","format-standard","has-post-thumbnail","hentry","category-actualites","category-politique","tag-benno","tag-macky-sall","tag-moussa-balde","tag-presidentielle-2024","tag-remaniement","entry","has-media","owp-thumbs-layout-horizontal","owp-btn-normal","owp-tabs-layout-horizontal","has-no-thumbnails","has-product-nav"],"yoast_head":"<!-- This site is optimized with the Yoast SEO plugin v25.5 - https:\/\/yoast.com\/wordpress\/plugins\/seo\/ -->\n<title>Les notes du ministre Moussa Bald\u00e9 adress\u00e9es au Pr\u00e9sident Macky Sall. - LE PUBLIC<\/title>\n<meta name=\"robots\" content=\"index, follow, max-snippet:-1, max-image-preview:large, max-video-preview:-1\" \/>\n<link rel=\"canonical\" href=\"https:\/\/www.public.sn\/index.php\/2022\/09\/19\/les-notes-du-ministre-moussa-balde-adressees-au-president-macky-sall\/\" \/>\n<meta property=\"og:locale\" content=\"fr_FR\" \/>\n<meta property=\"og:type\" content=\"article\" \/>\n<meta property=\"og:title\" content=\"Les notes du ministre Moussa Bald\u00e9 adress\u00e9es au Pr\u00e9sident Macky Sall. - LE PUBLIC\" \/>\n<meta property=\"og:description\" content=\"Apr\u00e8s une premi\u00e8re nomination au poste de Directeur G\u00e9n\u00e9ral de la SODAGRI, une deuxi\u00e8me comme Ministre de l\u2019agriculture et de l\u2019\u00e9quipement rural et une troisi\u00e8me toujours au m\u00eame minist\u00e8re, le pr\u00e9sident de la R\u00e9publique, Son Excellence Macky SALL vient de me renouveler sa confiance en me d\u00e9signant nouveau Ministre de l\u2019Enseignement Sup\u00e9rieur, de la Recherche et de L\u2019innovation. Je voudrais saisir cette occasion pour remercier tr\u00e8s profond\u00e9ment le Chef de l\u2019Etat. Aussi, qu\u2019il me soit permis de rendre un vibrant hommage aux populations du Fouladou qui ont depuis 2012 gagn\u00e9 toutes les \u00e9lections au profit de Macky SALL. Moussa Bald\u00e9Ministre de L\u2019enseignement sup\u00e9rieur de la Recherche et de l\u2019innovation\" \/>\n<meta property=\"og:url\" content=\"https:\/\/www.public.sn\/index.php\/2022\/09\/19\/les-notes-du-ministre-moussa-balde-adressees-au-president-macky-sall\/\" \/>\n<meta property=\"og:site_name\" content=\"LE PUBLIC\" \/>\n<meta property=\"article:published_time\" content=\"2022-09-19T13:29:17+00:00\" \/>\n<meta property=\"article:modified_time\" content=\"2022-09-19T13:29:18+00:00\" \/>\n<meta property=\"og:image\" content=\"https:\/\/www.public.sn\/wp-content\/uploads\/2022\/09\/80AF484C-EB2D-47AA-999D-98EFE89565A5.jpeg\" \/>\n\t<meta property=\"og:image:width\" content=\"600\" \/>\n\t<meta property=\"og:image:height\" content=\"391\" \/>\n\t<meta property=\"og:image:type\" content=\"image\/jpeg\" \/>\n<meta name=\"author\" content=\"LA REDACTION\" \/>\n<meta name=\"twitter:card\" content=\"summary_large_image\" \/>\n<meta name=\"twitter:label1\" content=\"\u00c9crit par\" \/>\n\t<meta name=\"twitter:data1\" content=\"LA REDACTION\" \/>\n\t<meta name=\"twitter:label2\" content=\"Dur\u00e9e de lecture estim\u00e9e\" \/>\n\t<meta name=\"twitter:data2\" content=\"1 minute\" \/>\n<script type=\"application\/ld+json\" class=\"yoast-schema-graph\">{\"@context\":\"https:\/\/schema.org\",\"@graph\":[{\"@type\":\"Article\",\"@id\":\"https:\/\/www.public.sn\/index.php\/2022\/09\/19\/les-notes-du-ministre-moussa-balde-adressees-au-president-macky-sall\/#article\",\"isPartOf\":{\"@id\":\"https:\/\/www.public.sn\/index.php\/2022\/09\/19\/les-notes-du-ministre-moussa-balde-adressees-au-president-macky-sall\/\"},\"author\":{\"name\":\"LA REDACTION\",\"@id\":\"https:\/\/www.public.sn\/#\/schema\/person\/e3f4a11b037d4203902db148f9bc8d5a\"},\"headline\":\"Les notes du ministre Moussa Bald\u00e9 adress\u00e9es au Pr\u00e9sident Macky Sall.\",\"datePublished\":\"2022-09-19T13:29:17+00:00\",\"dateModified\":\"2022-09-19T13:29:18+00:00\",\"mainEntityOfPage\":{\"@id\":\"https:\/\/www.public.sn\/index.php\/2022\/09\/19\/les-notes-du-ministre-moussa-balde-adressees-au-president-macky-sall\/\"},\"wordCount\":145,\"commentCount\":0,\"publisher\":{\"@id\":\"https:\/\/www.public.sn\/#organization\"},\"image\":{\"@id\":\"https:\/\/www.public.sn\/index.php\/2022\/09\/19\/les-notes-du-ministre-moussa-balde-adressees-au-president-macky-sall\/#primaryimage\"},\"thumbnailUrl\":\"https:\/\/www.public.sn\/wp-content\/uploads\/2022\/09\/80AF484C-EB2D-47AA-999D-98EFE89565A5.jpeg\",\"keywords\":[\"Benno\",\"Macky Sall\",\"Moussa Bald\u00e9\",\"Pr\u00e9sidentielle 2024\",\"Remaniement\"],\"articleSection\":[\"ACTUALIT\u00c9S\",\"POLITIQUE\"],\"inLanguage\":\"fr-FR\",\"potentialAction\":[{\"@type\":\"CommentAction\",\"name\":\"Comment\",\"target\":[\"https:\/\/www.public.sn\/index.php\/2022\/09\/19\/les-notes-du-ministre-moussa-balde-adressees-au-president-macky-sall\/#respond\"]}]},{\"@type\":\"WebPage\",\"@id\":\"https:\/\/www.public.sn\/index.php\/2022\/09\/19\/les-notes-du-ministre-moussa-balde-adressees-au-president-macky-sall\/\",\"url\":\"https:\/\/www.public.sn\/index.php\/2022\/09\/19\/les-notes-du-ministre-moussa-balde-adressees-au-president-macky-sall\/\",\"name\":\"Les notes du ministre Moussa Bald\u00e9 adress\u00e9es au Pr\u00e9sident Macky Sall. - LE PUBLIC\",\"isPartOf\":{\"@id\":\"https:\/\/www.public.sn\/#website\"},\"primaryImageOfPage\":{\"@id\":\"https:\/\/www.public.sn\/index.php\/2022\/09\/19\/les-notes-du-ministre-moussa-balde-adressees-au-president-macky-sall\/#primaryimage\"},\"image\":{\"@id\":\"https:\/\/www.public.sn\/index.php\/2022\/09\/19\/les-notes-du-ministre-moussa-balde-adressees-au-president-macky-sall\/#primaryimage\"},\"thumbnailUrl\":\"https:\/\/www.public.sn\/wp-content\/uploads\/2022\/09\/80AF484C-EB2D-47AA-999D-98EFE89565A5.jpeg\",\"datePublished\":\"2022-09-19T13:29:17+00:00\",\"dateModified\":\"2022-09-19T13:29:18+00:00\",\"breadcrumb\":{\"@id\":\"https:\/\/www.public.sn\/index.php\/2022\/09\/19\/les-notes-du-ministre-moussa-balde-adressees-au-president-macky-sall\/#breadcrumb\"},\"inLanguage\":\"fr-FR\",\"potentialAction\":[{\"@type\":\"ReadAction\",\"target\":[\"https:\/\/www.public.sn\/index.php\/2022\/09\/19\/les-notes-du-ministre-moussa-balde-adressees-au-president-macky-sall\/\"]}]},{\"@type\":\"ImageObject\",\"inLanguage\":\"fr-FR\",\"@id\":\"https:\/\/www.public.sn\/index.php\/2022\/09\/19\/les-notes-du-ministre-moussa-balde-adressees-au-president-macky-sall\/#primaryimage\",\"url\":\"https:\/\/www.public.sn\/wp-content\/uploads\/2022\/09\/80AF484C-EB2D-47AA-999D-98EFE89565A5.jpeg\",\"contentUrl\":\"https:\/\/www.public.sn\/wp-content\/uploads\/2022\/09\/80AF484C-EB2D-47AA-999D-98EFE89565A5.jpeg\",\"width\":600,\"height\":391},{\"@type\":\"BreadcrumbList\",\"@id\":\"https:\/\/www.public.sn\/index.php\/2022\/09\/19\/les-notes-du-ministre-moussa-balde-adressees-au-president-macky-sall\/#breadcrumb\",\"itemListElement\":[{\"@type\":\"ListItem\",\"position\":1,\"name\":\"Accueil\",\"item\":\"https:\/\/www.public.sn\/\"},{\"@type\":\"ListItem\",\"position\":2,\"name\":\"Les notes du ministre Moussa Bald\u00e9 adress\u00e9es au Pr\u00e9sident Macky Sall.\"}]},{\"@type\":\"WebSite\",\"@id\":\"https:\/\/www.public.sn\/#website\",\"url\":\"https:\/\/www.public.sn\/\",\"name\":\"LE PUBLIC\",\"description\":\"\",\"publisher\":{\"@id\":\"https:\/\/www.public.sn\/#organization\"},\"potentialAction\":[{\"@type\":\"SearchAction\",\"target\":{\"@type\":\"EntryPoint\",\"urlTemplate\":\"https:\/\/www.public.sn\/?s={search_term_string}\"},\"query-input\":{\"@type\":\"PropertyValueSpecification\",\"valueRequired\":true,\"valueName\":\"search_term_string\"}}],\"inLanguage\":\"fr-FR\"},{\"@type\":\"Organization\",\"@id\":\"https:\/\/www.public.sn\/#organization\",\"name\":\"LE PUBLIC\",\"url\":\"https:\/\/www.public.sn\/\",\"logo\":{\"@type\":\"ImageObject\",\"inLanguage\":\"fr-FR\",\"@id\":\"https:\/\/www.public.sn\/#\/schema\/logo\/image\/\",\"url\":\"https:\/\/www.public.sn\/wp-content\/uploads\/2024\/05\/cropped-LOGO-PUBLIC.SN_.png\",\"contentUrl\":\"https:\/\/www.public.sn\/wp-content\/uploads\/2024\/05\/cropped-LOGO-PUBLIC.SN_.png\",\"width\":682,\"height\":192,\"caption\":\"LE PUBLIC\"},\"image\":{\"@id\":\"https:\/\/www.public.sn\/#\/schema\/logo\/image\/\"}},{\"@type\":\"Person\",\"@id\":\"https:\/\/www.public.sn\/#\/schema\/person\/e3f4a11b037d4203902db148f9bc8d5a\",\"name\":\"LA REDACTION\",\"image\":{\"@type\":\"ImageObject\",\"inLanguage\":\"fr-FR\",\"@id\":\"https:\/\/www.public.sn\/#\/schema\/person\/image\/\",\"url\":\"https:\/\/secure.gravatar.com\/avatar\/d6c030db45db2883c075085c5d6c6258654a801a93766b49af0b82d4f454e2a5?s=96&d=mm&r=g\",\"contentUrl\":\"https:\/\/secure.gravatar.com\/avatar\/d6c030db45db2883c075085c5d6c6258654a801a93766b49af0b82d4f454e2a5?s=96&d=mm&r=g\",\"caption\":\"LA REDACTION\"},\"sameAs\":[\"http:\/\/www.public.sn\"],\"url\":\"https:\/\/www.public.sn\/index.php\/author\/admin7324\/\"}]}<\/script>\n<!-- \/ Yoast SEO plugin. -->","yoast_head_json":{"title":"Les notes du ministre Moussa Bald\u00e9 adress\u00e9es au Pr\u00e9sident Macky Sall. - LE PUBLIC","robots":{"index":"index","follow":"follow","max-snippet":"max-snippet:-1","max-image-preview":"max-image-preview:large","max-video-preview":"max-video-preview:-1"},"canonical":"https:\/\/www.public.sn\/index.php\/2022\/09\/19\/les-notes-du-ministre-moussa-balde-adressees-au-president-macky-sall\/","og_locale":"fr_FR","og_type":"article","og_title":"Les notes du ministre Moussa Bald\u00e9 adress\u00e9es au Pr\u00e9sident Macky Sall. - LE PUBLIC","og_description":"Apr\u00e8s une premi\u00e8re nomination au poste de Directeur G\u00e9n\u00e9ral de la SODAGRI, une deuxi\u00e8me comme Ministre de l\u2019agriculture et de l\u2019\u00e9quipement rural et une troisi\u00e8me toujours au m\u00eame minist\u00e8re, le pr\u00e9sident de la R\u00e9publique, Son Excellence Macky SALL vient de me renouveler sa confiance en me d\u00e9signant nouveau Ministre de l\u2019Enseignement Sup\u00e9rieur, de la Recherche et de L\u2019innovation. Je voudrais saisir cette occasion pour remercier tr\u00e8s profond\u00e9ment le Chef de l\u2019Etat. Aussi, qu\u2019il me soit permis de rendre un vibrant hommage aux populations du Fouladou qui ont depuis 2012 gagn\u00e9 toutes les \u00e9lections au profit de Macky SALL. Moussa Bald\u00e9Ministre de L\u2019enseignement sup\u00e9rieur de la Recherche et de l\u2019innovation","og_url":"https:\/\/www.public.sn\/index.php\/2022\/09\/19\/les-notes-du-ministre-moussa-balde-adressees-au-president-macky-sall\/","og_site_name":"LE PUBLIC","article_published_time":"2022-09-19T13:29:17+00:00","article_modified_time":"2022-09-19T13:29:18+00:00","og_image":[{"width":600,"height":391,"url":"https:\/\/www.public.sn\/wp-content\/uploads\/2022\/09\/80AF484C-EB2D-47AA-999D-98EFE89565A5.jpeg","type":"image\/jpeg"}],"author":"LA REDACTION","twitter_card":"summary_large_image","twitter_misc":{"\u00c9crit par":"LA REDACTION","Dur\u00e9e de lecture estim\u00e9e":"1 minute"},"schema":{"@context":"https:\/\/schema.org","@graph":[{"@type":"Article","@id":"https:\/\/www.public.sn\/index.php\/2022\/09\/19\/les-notes-du-ministre-moussa-balde-adressees-au-president-macky-sall\/#article","isPartOf":{"@id":"https:\/\/www.public.sn\/index.php\/2022\/09\/19\/les-notes-du-ministre-moussa-balde-adressees-au-president-macky-sall\/"},"author":{"name":"LA REDACTION","@id":"https:\/\/www.public.sn\/#\/schema\/person\/e3f4a11b037d4203902db148f9bc8d5a"},"headline":"Les notes du ministre Moussa Bald\u00e9 adress\u00e9es au Pr\u00e9sident Macky Sall.","datePublished":"2022-09-19T13:29:17+00:00","dateModified":"2022-09-19T13:29:18+00:00","mainEntityOfPage":{"@id":"https:\/\/www.public.sn\/index.php\/2022\/09\/19\/les-notes-du-ministre-moussa-balde-adressees-au-president-macky-sall\/"},"wordCount":145,"commentCount":0,"publisher":{"@id":"https:\/\/www.public.sn\/#organization"},"image":{"@id":"https:\/\/www.public.sn\/index.php\/2022\/09\/19\/les-notes-du-ministre-moussa-balde-adressees-au-president-macky-sall\/#primaryimage"},"thumbnailUrl":"https:\/\/www.public.sn\/wp-content\/uploads\/2022\/09\/80AF484C-EB2D-47AA-999D-98EFE89565A5.jpeg","keywords":["Benno","Macky Sall","Moussa Bald\u00e9","Pr\u00e9sidentielle 2024","Remaniement"],"articleSection":["ACTUALIT\u00c9S","POLITIQUE"],"inLanguage":"fr-FR","potentialAction":[{"@type":"CommentAction","name":"Comment","target":["https:\/\/www.public.sn\/index.php\/2022\/09\/19\/les-notes-du-ministre-moussa-balde-adressees-au-president-macky-sall\/#respond"]}]},{"@type":"WebPage","@id":"https:\/\/www.public.sn\/index.php\/2022\/09\/19\/les-notes-du-ministre-moussa-balde-adressees-au-president-macky-sall\/","url":"https:\/\/www.public.sn\/index.php\/2022\/09\/19\/les-notes-du-ministre-moussa-balde-adressees-au-president-macky-sall\/","name":"Les notes du ministre Moussa Bald\u00e9 adress\u00e9es au Pr\u00e9sident Macky Sall. - LE PUBLIC","isPartOf":{"@id":"https:\/\/www.public.sn\/#website"},"primaryImageOfPage":{"@id":"https:\/\/www.public.sn\/index.php\/2022\/09\/19\/les-notes-du-ministre-moussa-balde-adressees-au-president-macky-sall\/#primaryimage"},"image":{"@id":"https:\/\/www.public.sn\/index.php\/2022\/09\/19\/les-notes-du-ministre-moussa-balde-adressees-au-president-macky-sall\/#primaryimage"},"thumbnailUrl":"https:\/\/www.public.sn\/wp-content\/uploads\/2022\/09\/80AF484C-EB2D-47AA-999D-98EFE89565A5.jpeg","datePublished":"2022-09-19T13:29:17+00:00","dateModified":"2022-09-19T13:29:18+00:00","breadcrumb":{"@id":"https:\/\/www.public.sn\/index.php\/2022\/09\/19\/les-notes-du-ministre-moussa-balde-adressees-au-president-macky-sall\/#breadcrumb"},"inLanguage":"fr-FR","potentialAction":[{"@type":"ReadAction","target":["https:\/\/www.public.sn\/index.php\/2022\/09\/19\/les-notes-du-ministre-moussa-balde-adressees-au-president-macky-sall\/"]}]},{"@type":"ImageObject","inLanguage":"fr-FR","@id":"https:\/\/www.public.sn\/index.php\/2022\/09\/19\/les-notes-du-ministre-moussa-balde-adressees-au-president-macky-sall\/#primaryimage","url":"https:\/\/www.public.sn\/wp-content\/uploads\/2022\/09\/80AF484C-EB2D-47AA-999D-98EFE89565A5.jpeg","contentUrl":"https:\/\/www.public.sn\/wp-content\/uploads\/2022\/09\/80AF484C-EB2D-47AA-999D-98EFE89565A5.jpeg","width":600,"height":391},{"@type":"BreadcrumbList","@id":"https:\/\/www.public.sn\/index.php\/2022\/09\/19\/les-notes-du-ministre-moussa-balde-adressees-au-president-macky-sall\/#breadcrumb","itemListElement":[{"@type":"ListItem","position":1,"name":"Accueil","item":"https:\/\/www.public.sn\/"},{"@type":"ListItem","position":2,"name":"Les notes du ministre Moussa Bald\u00e9 adress\u00e9es au Pr\u00e9sident Macky Sall."}]},{"@type":"WebSite","@id":"https:\/\/www.public.sn\/#website","url":"https:\/\/www.public.sn\/","name":"LE PUBLIC","description":"","publisher":{"@id":"https:\/\/www.public.sn\/#organization"},"potentialAction":[{"@type":"SearchAction","target":{"@type":"EntryPoint","urlTemplate":"https:\/\/www.public.sn\/?s={search_term_string}"},"query-input":{"@type":"PropertyValueSpecification","valueRequired":true,"valueName":"search_term_string"}}],"inLanguage":"fr-FR"},{"@type":"Organization","@id":"https:\/\/www.public.sn\/#organization","name":"LE PUBLIC","url":"https:\/\/www.public.sn\/","logo":{"@type":"ImageObject","inLanguage":"fr-FR","@id":"https:\/\/www.public.sn\/#\/schema\/logo\/image\/","url":"https:\/\/www.public.sn\/wp-content\/uploads\/2024\/05\/cropped-LOGO-PUBLIC.SN_.png","contentUrl":"https:\/\/www.public.sn\/wp-content\/uploads\/2024\/05\/cropped-LOGO-PUBLIC.SN_.png","width":682,"height":192,"caption":"LE PUBLIC"},"image":{"@id":"https:\/\/www.public.sn\/#\/schema\/logo\/image\/"}},{"@type":"Person","@id":"https:\/\/www.public.sn\/#\/schema\/person\/e3f4a11b037d4203902db148f9bc8d5a","name":"LA REDACTION","image":{"@type":"ImageObject","inLanguage":"fr-FR","@id":"https:\/\/www.public.sn\/#\/schema\/person\/image\/","url":"https:\/\/secure.gravatar.com\/avatar\/d6c030db45db2883c075085c5d6c6258654a801a93766b49af0b82d4f454e2a5?s=96&d=mm&r=g","contentUrl":"https:\/\/secure.gravatar.com\/avatar\/d6c030db45db2883c075085c5d6c6258654a801a93766b49af0b82d4f454e2a5?s=96&d=mm&r=g","caption":"LA REDACTION"},"sameAs":["http:\/\/www.public.sn"],"url":"https:\/\/www.public.sn\/index.php\/author\/admin7324\/"}]}},"jetpack_featured_media_url":"https:\/\/www.public.sn\/wp-content\/uploads\/2022\/09\/80AF484C-EB2D-47AA-999D-98EFE89565A5.jpeg","jetpack_sharing_enabled":true,"_links":{"self":[{"href":"https:\/\/www.public.sn\/index.php\/wp-json\/wp\/v2\/posts\/2189","targetHints":{"allow":["GET"]}}],"collection":[{"href":"https:\/\/www.public.sn\/index.php\/wp-json\/wp\/v2\/posts"}],"about":[{"href":"https:\/\/www.public.sn\/index.php\/wp-json\/wp\/v2\/types\/post"}],"author":[{"embeddable":true,"href":"https:\/\/www.public.sn\/index.php\/wp-json\/wp\/v2\/users\/1"}],"replies":[{"embeddable":true,"href":"https:\/\/www.public.sn\/index.php\/wp-json\/wp\/v2\/comments?post=2189"}],"version-history":[{"count":1,"href":"https:\/\/www.public.sn\/index.php\/wp-json\/wp\/v2\/posts\/2189\/revisions"}],"predecessor-version":[{"id":2191,"href":"https:\/\/www.public.sn\/index.php\/wp-json\/wp\/v2\/posts\/2189\/revisions\/2191"}],"wp:featuredmedia":[{"embeddable":true,"href":"https:\/\/www.public.sn\/index.php\/wp-json\/wp\/v2\/media\/2190"}],"wp:attachment":[{"href":"https:\/\/www.public.sn\/index.php\/wp-json\/wp\/v2\/media?parent=2189"}],"wp:term":[{"taxonomy":"category","embeddable":true,"href":"https:\/\/www.public.sn\/index.php\/wp-json\/wp\/v2\/categories?post=2189"},{"taxonomy":"post_tag","embeddable":true,"href":"https:\/\/www.public.sn\/index.php\/wp-json\/wp\/v2\/tags?post=2189"}],"curies":[{"name":"wp","href":"https:\/\/api.w.org\/{rel}","templated":true}]}}