{"id":2192,"date":"2022-09-19T14:04:38","date_gmt":"2022-09-19T14:04:38","guid":{"rendered":"https:\/\/www.public.sn\/?p=2192"},"modified":"2022-09-19T14:04:39","modified_gmt":"2022-09-19T14:04:39","slug":"frapp-engage-le-combat-contre-le-3eme-mandat-de-macky-sall","status":"publish","type":"post","link":"https:\/\/www.public.sn\/index.php\/2022\/09\/19\/frapp-engage-le-combat-contre-le-3eme-mandat-de-macky-sall\/","title":{"rendered":"Frapp engage le combat contre le 3\u00e8me mandat de Macky Sall."},"content":{"rendered":"\n<p>Le Bureau ex\u00e9cutif du mouvement panafricaniste Frapp annonce une campagne pour s\u2019opposer \u00e0 une \u00e9ventuelle candidature du Pr\u00e9sident Macky Sall. Selon les camarades de Guy Marius Sagna, la derni\u00e8re nomination du gouvernement montre la position du Chef de l\u2019Etat.&nbsp;<\/p><div class=\"publi-paragraphe1\" style=\"margin-top: 10px;margin-bottom: 10px;margin-left: auto;margin-right: auto;text-align: center;\" id=\"publi-2653364961\"><div class=\"publi-adlabel\">Publicit\u00e9<\/div><script async src=\"\/\/pagead2.googlesyndication.com\/pagead\/js\/adsbygoogle.js?client=ca-pub-4089586018074219\" crossorigin=\"anonymous\"><\/script><ins class=\"adsbygoogle\" style=\"display:block;\" data-ad-client=\"ca-pub-4089586018074219\" \ndata-ad-slot=\"2087940154\" \ndata-ad-format=\"auto\"><\/ins>\n<script> \n(adsbygoogle = window.adsbygoogle || []).push({}); \n<\/script>\n<\/div>\n\n\n\n<p>Dans cette campagne, d\u00e9nomm\u00e9e \u00ab Macky d\u00e9gage ! Gor Ca Wax Ja ! 2024 C\u2019est fini ! \u00bb, le Frapp se prononce sur plusieurs consid\u00e9rations qui indiquent clairement la volont\u00e9 de briguer un 3e mandat. Alors que la Constitution, disent-ils, est tr\u00e8s claire dans ses textes.<\/p>\n\n\n\n<p>Les camarades de Guy Marius Sagna lance un appel \u00e0 la jonction de toutes les forces vives du S\u00e9n\u00e9gal, pour faire barrage au projet anticonstitutionnel du Pr\u00e9sident Macky Sall.&nbsp;<\/p>\n\n\n\n<p><strong>COMMUNIQU\u00c9<\/strong> !<br>MACKY D\u00c9GAGE !<\/p>\n\n\n\n<p>LE FRAPP LANCE LA CAMPAGNE \u00ab\u00a0MACKY D\u00c9GAGE ! GOR CA WAX JA ! 2024 C&rsquo;EST FINI !\u00a0\u00bb<\/p>\n\n\n\n<p>Consid\u00e9rant que la constitution du S\u00e9n\u00e9gal est claire sur l&rsquo;impossibilit\u00e9 pour le pr\u00e9sident Macky Sall d&rsquo;avoir un 3e mandat de suite et par cons\u00e9quent l&rsquo;impossibilit\u00e9 pour lui d&rsquo;\u00eatre candidat \u00e0 l&rsquo;\u00e9lection pr\u00e9sidentielle de 2024<\/p>\n\n\n\n<p>Consid\u00e9rant que tous les actes que le pr\u00e9sident Macky Sall pose montrent qu&rsquo;il veut imposer au peuple s\u00e9n\u00e9galais sa 3e candidature ill\u00e9gale et ill\u00e9gitime<\/p>\n\n\n\n<p>Consid\u00e9rant la nomination r\u00e9cente d&rsquo;un premier ministre qui faisait l&rsquo;apologie de la non limitation des mandats au profit du pr\u00e9sident Macky Sall et l&rsquo;interdiction le m\u00eame jour par le pr\u00e9fet de Dakar d&rsquo;un concert pour la limitation des mandats<\/p>\n\n\n\n<p>Consid\u00e9rant que cette probl\u00e9matique du 3e mandat avait caus\u00e9 plus d&rsquo;une dizaine de morts en 2011 au S\u00e9n\u00e9gal et provoqu\u00e9 des troubles \u00e9lectoraux mortif\u00e8res dans plusieurs pays africains<\/p>\n\n\n\n<p>Le FRAPP, en toute responsabilit\u00e9 :<\/p>\n\n\n\n<ul class=\"wp-block-list\"><li>d\u00e9marre aujourd&rsquo;hui la campagne contre le 3e mandat du pr\u00e9sident Macky Sall d\u00e9nomm\u00e9e: MACKY D\u00c9GAGE ! GOR CA WAX JA! 2024 C&rsquo;EST FINI !<\/li><li>lance un appel \u00e0 la jonction de toutes les forces vives du S\u00e9n\u00e9gal pour faire barrage au projet anticonstitutionnel du pr\u00e9sident Macky Sall.<\/li><li>\u00ab\u00a0MACKY D\u00c9GAGE ! GOR CA WAX JA! 2024 C&rsquo;EST FINI !\u00a0\u00bb a comme contenu:<\/li><\/ul>\n\n\n\n<p>1) d\u00e9fendre la constitution et emp\u00eacher la 3e candidature ill\u00e9gale et ill\u00e9gitime de Macky Sall<\/p>\n\n\n\n<p>2) La jonction avec le peuple en lutte contre les agressions dont il est victime (vie ch\u00e8re, spoliation fonci\u00e8re, atteintes des droits des travailleurs\u2026)<\/p>\n\n\n\n<p>3- la lib\u00e9ration des prisonniers politiques<\/p>\n\n\n\n<p>4) Pour un programme de lib\u00e9ration nationale d\u00e9mocratique, populaire et panafricain<\/p>\n\n\n\n<p>5) installer dans toutes les localit\u00e9s du S\u00e9n\u00e9gal des comit\u00e9s de d\u00e9fense de la constitution \u00ab\u00a0MACKY D\u00c9GAGE ! GOR CA WAX! 2024 C&rsquo;EST FINI !\u00a0\u00bb<\/p>\n\n\n\n<p>6) mener partout des activit\u00e9s de sensibilisation pour la d\u00e9fense de la constitution et contre le 3e mandat ill\u00e9gale et ill\u00e9gitime de Macky Sall<\/p>\n\n\n\n<p>7) faire face \u00e0 Macky Sall le jour o\u00f9 il osera annoncer qu&rsquo;il va pi\u00e9tiner la constitution du S\u00e9n\u00e9gal<\/p>\n\n\n\n<p>Le secr\u00e9tariat ex\u00e9cutif national (SEN) du FRAPP<\/p>\n\n\n\n<p>Dakar, le 19 septembre 2022<\/p>\n<div class=\"publi-apres-le-contenu\" style=\"margin-top: 10px;margin-bottom: 10px;margin-left: auto;margin-right: auto;text-align: center;\" id=\"publi-3128065518\"><div class=\"publi-adlabel\">Publicit\u00e9<\/div><script async src=\"\/\/pagead2.googlesyndication.com\/pagead\/js\/adsbygoogle.js?client=ca-pub-4089586018074219\" crossorigin=\"anonymous\"><\/script><ins class=\"adsbygoogle\" style=\"display:block;\" data-ad-client=\"ca-pub-4089586018074219\" \ndata-ad-slot=\"2087940154\" \ndata-ad-format=\"auto\"><\/ins>\n<script> \n(adsbygoogle = window.adsbygoogle || []).push({}); \n<\/script>\n<\/div>","protected":false},"excerpt":{"rendered":"<p>Le Bureau ex\u00e9cutif du mouvement panafricaniste Frapp annonce une campagne pour s\u2019opposer \u00e0 une \u00e9ventuelle candidature du Pr\u00e9sident Macky Sall. Selon les camarades de Guy Marius Sagna, la derni\u00e8re nomination du gouvernement montre la position du Chef de l\u2019Etat.&nbsp; Dans cette campagne, d\u00e9nomm\u00e9e \u00ab Macky d\u00e9gage ! Gor Ca Wax Ja ! 2024 C\u2019est fini ! \u00bb, le Frapp se prononce sur plusieurs consid\u00e9rations qui indiquent clairement la volont\u00e9 de briguer un 3e mandat. Alors que la Constitution, disent-ils, est tr\u00e8s claire dans ses textes. Les camarades de Guy Marius Sagna lance un appel \u00e0 la jonction de toutes les forces vives du S\u00e9n\u00e9gal, pour faire barrage au projet anticonstitutionnel du Pr\u00e9sident Macky Sall.&nbsp; COMMUNIQU\u00c9 !MACKY D\u00c9GAGE ! LE FRAPP LANCE LA CAMPAGNE \u00ab\u00a0MACKY D\u00c9GAGE ! GOR CA WAX JA ! 2024 C&rsquo;EST FINI !\u00a0\u00bb Consid\u00e9rant que la constitution du S\u00e9n\u00e9gal est claire sur l&rsquo;impossibilit\u00e9 pour le pr\u00e9sident Macky Sall d&rsquo;avoir un 3e mandat de suite et par cons\u00e9quent l&rsquo;impossibilit\u00e9 pour lui d&rsquo;\u00eatre candidat \u00e0 l&rsquo;\u00e9lection pr\u00e9sidentielle de 2024 Consid\u00e9rant que tous les actes que le pr\u00e9sident Macky Sall pose montrent qu&rsquo;il veut imposer au peuple s\u00e9n\u00e9galais sa 3e candidature ill\u00e9gale et ill\u00e9gitime Consid\u00e9rant la nomination r\u00e9cente d&rsquo;un premier ministre qui faisait l&rsquo;apologie de la non limitation des mandats au profit du pr\u00e9sident Macky Sall et l&rsquo;interdiction le m\u00eame jour par le pr\u00e9fet de Dakar d&rsquo;un concert pour la limitation des mandats Consid\u00e9rant que cette probl\u00e9matique du 3e mandat avait caus\u00e9 plus d&rsquo;une dizaine de morts en 2011 au S\u00e9n\u00e9gal et provoqu\u00e9 des troubles \u00e9lectoraux mortif\u00e8res dans plusieurs pays africains Le FRAPP, en toute responsabilit\u00e9 : d\u00e9marre aujourd&rsquo;hui la campagne contre le 3e mandat du pr\u00e9sident Macky Sall d\u00e9nomm\u00e9e: MACKY D\u00c9GAGE ! GOR CA WAX JA! 2024 C&rsquo;EST FINI ! lance un appel \u00e0 la jonction de toutes les forces vives du S\u00e9n\u00e9gal pour faire barrage au projet anticonstitutionnel du pr\u00e9sident Macky Sall. \u00ab\u00a0MACKY D\u00c9GAGE ! GOR CA WAX JA! 2024 C&rsquo;EST FINI !\u00a0\u00bb a comme contenu: 1) d\u00e9fendre la constitution et emp\u00eacher la 3e candidature ill\u00e9gale et ill\u00e9gitime de Macky Sall 2) La jonction avec le peuple en lutte contre les agressions dont il est victime (vie ch\u00e8re, spoliation fonci\u00e8re, atteintes des droits des travailleurs\u2026) 3- la lib\u00e9ration des prisonniers politiques 4) Pour un programme de lib\u00e9ration nationale d\u00e9mocratique, populaire et panafricain 5) installer dans toutes les localit\u00e9s du S\u00e9n\u00e9gal des comit\u00e9s de d\u00e9fense de la constitution \u00ab\u00a0MACKY D\u00c9GAGE ! GOR CA WAX! 2024 C&rsquo;EST FINI !\u00a0\u00bb 6) mener partout des activit\u00e9s de sensibilisation pour la d\u00e9fense de la constitution et contre le 3e mandat ill\u00e9gale et ill\u00e9gitime de Macky Sall 7) faire face \u00e0 Macky Sall le jour o\u00f9 il osera annoncer qu&rsquo;il va pi\u00e9tiner la constitution du S\u00e9n\u00e9gal Le secr\u00e9tariat ex\u00e9cutif national (SEN) du FRAPP Dakar, le 19 septembre 2022<\/p>\n","protected":false},"author":1,"featured_media":2193,"comment_status":"open","ping_status":"open","sticky":false,"template":"","format":"standard","meta":{"_jetpack_memberships_contains_paid_content":false,"footnotes":""},"categories":[375,3],"tags":[295,824,112,11,20],"class_list":["post-2192","post","type-post","status-publish","format-standard","has-post-thumbnail","hentry","category-actualites","category-politique","tag-3eme-mandat","tag-constitution","tag-guy-marius-sagna","tag-macky-sall","tag-presidentielle-2024","entry","has-media","owp-thumbs-layout-horizontal","owp-btn-normal","owp-tabs-layout-horizontal","has-no-thumbnails","has-product-nav"],"yoast_head":"<!-- This site is optimized with the Yoast SEO plugin v25.5 - https:\/\/yoast.com\/wordpress\/plugins\/seo\/ -->\n<title>Frapp engage le combat contre le 3\u00e8me mandat de Macky Sall. - LE PUBLIC<\/title>\n<meta name=\"robots\" content=\"index, follow, max-snippet:-1, max-image-preview:large, max-video-preview:-1\" \/>\n<link rel=\"canonical\" href=\"https:\/\/www.public.sn\/index.php\/2022\/09\/19\/frapp-engage-le-combat-contre-le-3eme-mandat-de-macky-sall\/\" \/>\n<meta property=\"og:locale\" content=\"fr_FR\" \/>\n<meta property=\"og:type\" content=\"article\" \/>\n<meta property=\"og:title\" content=\"Frapp engage le combat contre le 3\u00e8me mandat de Macky Sall. - LE PUBLIC\" \/>\n<meta property=\"og:description\" content=\"Le Bureau ex\u00e9cutif du mouvement panafricaniste Frapp annonce une campagne pour s\u2019opposer \u00e0 une \u00e9ventuelle candidature du Pr\u00e9sident Macky Sall. Selon les camarades de Guy Marius Sagna, la derni\u00e8re nomination du gouvernement montre la position du Chef de l\u2019Etat.&nbsp; Dans cette campagne, d\u00e9nomm\u00e9e \u00ab Macky d\u00e9gage ! Gor Ca Wax Ja ! 2024 C\u2019est fini ! \u00bb, le Frapp se prononce sur plusieurs consid\u00e9rations qui indiquent clairement la volont\u00e9 de briguer un 3e mandat. Alors que la Constitution, disent-ils, est tr\u00e8s claire dans ses textes. Les camarades de Guy Marius Sagna lance un appel \u00e0 la jonction de toutes les forces vives du S\u00e9n\u00e9gal, pour faire barrage au projet anticonstitutionnel du Pr\u00e9sident Macky Sall.&nbsp; COMMUNIQU\u00c9 !MACKY D\u00c9GAGE ! LE FRAPP LANCE LA CAMPAGNE \u00ab\u00a0MACKY D\u00c9GAGE ! GOR CA WAX JA ! 2024 C&rsquo;EST FINI !\u00a0\u00bb Consid\u00e9rant que la constitution du S\u00e9n\u00e9gal est claire sur l&rsquo;impossibilit\u00e9 pour le pr\u00e9sident Macky Sall d&rsquo;avoir un 3e mandat de suite et par cons\u00e9quent l&rsquo;impossibilit\u00e9 pour lui d&rsquo;\u00eatre candidat \u00e0 l&rsquo;\u00e9lection pr\u00e9sidentielle de 2024 Consid\u00e9rant que tous les actes que le pr\u00e9sident Macky Sall pose montrent qu&rsquo;il veut imposer au peuple s\u00e9n\u00e9galais sa 3e candidature ill\u00e9gale et ill\u00e9gitime Consid\u00e9rant la nomination r\u00e9cente d&rsquo;un premier ministre qui faisait l&rsquo;apologie de la non limitation des mandats au profit du pr\u00e9sident Macky Sall et l&rsquo;interdiction le m\u00eame jour par le pr\u00e9fet de Dakar d&rsquo;un concert pour la limitation des mandats Consid\u00e9rant que cette probl\u00e9matique du 3e mandat avait caus\u00e9 plus d&rsquo;une dizaine de morts en 2011 au S\u00e9n\u00e9gal et provoqu\u00e9 des troubles \u00e9lectoraux mortif\u00e8res dans plusieurs pays africains Le FRAPP, en toute responsabilit\u00e9 : d\u00e9marre aujourd&rsquo;hui la campagne contre le 3e mandat du pr\u00e9sident Macky Sall d\u00e9nomm\u00e9e: MACKY D\u00c9GAGE ! GOR CA WAX JA! 2024 C&rsquo;EST FINI ! lance un appel \u00e0 la jonction de toutes les forces vives du S\u00e9n\u00e9gal pour faire barrage au projet anticonstitutionnel du pr\u00e9sident Macky Sall. \u00ab\u00a0MACKY D\u00c9GAGE ! GOR CA WAX JA! 2024 C&rsquo;EST FINI !\u00a0\u00bb a comme contenu: 1) d\u00e9fendre la constitution et emp\u00eacher la 3e candidature ill\u00e9gale et ill\u00e9gitime de Macky Sall 2) La jonction avec le peuple en lutte contre les agressions dont il est victime (vie ch\u00e8re, spoliation fonci\u00e8re, atteintes des droits des travailleurs\u2026) 3- la lib\u00e9ration des prisonniers politiques 4) Pour un programme de lib\u00e9ration nationale d\u00e9mocratique, populaire et panafricain 5) installer dans toutes les localit\u00e9s du S\u00e9n\u00e9gal des comit\u00e9s de d\u00e9fense de la constitution \u00ab\u00a0MACKY D\u00c9GAGE ! GOR CA WAX! 2024 C&rsquo;EST FINI !\u00a0\u00bb 6) mener partout des activit\u00e9s de sensibilisation pour la d\u00e9fense de la constitution et contre le 3e mandat ill\u00e9gale et ill\u00e9gitime de Macky Sall 7) faire face \u00e0 Macky Sall le jour o\u00f9 il osera annoncer qu&rsquo;il va pi\u00e9tiner la constitution du S\u00e9n\u00e9gal Le secr\u00e9tariat ex\u00e9cutif national (SEN) du FRAPP Dakar, le 19 septembre 2022\" \/>\n<meta property=\"og:url\" content=\"https:\/\/www.public.sn\/index.php\/2022\/09\/19\/frapp-engage-le-combat-contre-le-3eme-mandat-de-macky-sall\/\" \/>\n<meta property=\"og:site_name\" content=\"LE PUBLIC\" \/>\n<meta property=\"article:published_time\" content=\"2022-09-19T14:04:38+00:00\" \/>\n<meta property=\"article:modified_time\" content=\"2022-09-19T14:04:39+00:00\" \/>\n<meta property=\"og:image\" content=\"https:\/\/www.public.sn\/wp-content\/uploads\/2022\/09\/E7A91F0B-BE97-4528-B502-C2BE8451CC76.jpeg\" \/>\n\t<meta property=\"og:image:width\" content=\"755\" \/>\n\t<meta property=\"og:image:height\" content=\"449\" \/>\n\t<meta property=\"og:image:type\" content=\"image\/jpeg\" \/>\n<meta name=\"author\" content=\"LA REDACTION\" \/>\n<meta name=\"twitter:card\" content=\"summary_large_image\" \/>\n<meta name=\"twitter:label1\" content=\"\u00c9crit par\" \/>\n\t<meta name=\"twitter:data1\" content=\"LA REDACTION\" \/>\n\t<meta name=\"twitter:label2\" content=\"Dur\u00e9e de lecture estim\u00e9e\" \/>\n\t<meta name=\"twitter:data2\" content=\"3 minutes\" \/>\n<script type=\"application\/ld+json\" class=\"yoast-schema-graph\">{\"@context\":\"https:\/\/schema.org\",\"@graph\":[{\"@type\":\"Article\",\"@id\":\"https:\/\/www.public.sn\/index.php\/2022\/09\/19\/frapp-engage-le-combat-contre-le-3eme-mandat-de-macky-sall\/#article\",\"isPartOf\":{\"@id\":\"https:\/\/www.public.sn\/index.php\/2022\/09\/19\/frapp-engage-le-combat-contre-le-3eme-mandat-de-macky-sall\/\"},\"author\":{\"name\":\"LA REDACTION\",\"@id\":\"https:\/\/www.public.sn\/#\/schema\/person\/e3f4a11b037d4203902db148f9bc8d5a\"},\"headline\":\"Frapp engage le combat contre le 3\u00e8me mandat de Macky Sall.\",\"datePublished\":\"2022-09-19T14:04:38+00:00\",\"dateModified\":\"2022-09-19T14:04:39+00:00\",\"mainEntityOfPage\":{\"@id\":\"https:\/\/www.public.sn\/index.php\/2022\/09\/19\/frapp-engage-le-combat-contre-le-3eme-mandat-de-macky-sall\/\"},\"wordCount\":513,\"commentCount\":0,\"publisher\":{\"@id\":\"https:\/\/www.public.sn\/#organization\"},\"image\":{\"@id\":\"https:\/\/www.public.sn\/index.php\/2022\/09\/19\/frapp-engage-le-combat-contre-le-3eme-mandat-de-macky-sall\/#primaryimage\"},\"thumbnailUrl\":\"https:\/\/www.public.sn\/wp-content\/uploads\/2022\/09\/E7A91F0B-BE97-4528-B502-C2BE8451CC76.jpeg\",\"keywords\":[\"3\u00e8me mandat\",\"Constitution\",\"Guy Marius Sagna\",\"Macky Sall\",\"Pr\u00e9sidentielle 2024\"],\"articleSection\":[\"ACTUALIT\u00c9S\",\"POLITIQUE\"],\"inLanguage\":\"fr-FR\",\"potentialAction\":[{\"@type\":\"CommentAction\",\"name\":\"Comment\",\"target\":[\"https:\/\/www.public.sn\/index.php\/2022\/09\/19\/frapp-engage-le-combat-contre-le-3eme-mandat-de-macky-sall\/#respond\"]}]},{\"@type\":\"WebPage\",\"@id\":\"https:\/\/www.public.sn\/index.php\/2022\/09\/19\/frapp-engage-le-combat-contre-le-3eme-mandat-de-macky-sall\/\",\"url\":\"https:\/\/www.public.sn\/index.php\/2022\/09\/19\/frapp-engage-le-combat-contre-le-3eme-mandat-de-macky-sall\/\",\"name\":\"Frapp engage le combat contre le 3\u00e8me mandat de Macky Sall. - LE PUBLIC\",\"isPartOf\":{\"@id\":\"https:\/\/www.public.sn\/#website\"},\"primaryImageOfPage\":{\"@id\":\"https:\/\/www.public.sn\/index.php\/2022\/09\/19\/frapp-engage-le-combat-contre-le-3eme-mandat-de-macky-sall\/#primaryimage\"},\"image\":{\"@id\":\"https:\/\/www.public.sn\/index.php\/2022\/09\/19\/frapp-engage-le-combat-contre-le-3eme-mandat-de-macky-sall\/#primaryimage\"},\"thumbnailUrl\":\"https:\/\/www.public.sn\/wp-content\/uploads\/2022\/09\/E7A91F0B-BE97-4528-B502-C2BE8451CC76.jpeg\",\"datePublished\":\"2022-09-19T14:04:38+00:00\",\"dateModified\":\"2022-09-19T14:04:39+00:00\",\"breadcrumb\":{\"@id\":\"https:\/\/www.public.sn\/index.php\/2022\/09\/19\/frapp-engage-le-combat-contre-le-3eme-mandat-de-macky-sall\/#breadcrumb\"},\"inLanguage\":\"fr-FR\",\"potentialAction\":[{\"@type\":\"ReadAction\",\"target\":[\"https:\/\/www.public.sn\/index.php\/2022\/09\/19\/frapp-engage-le-combat-contre-le-3eme-mandat-de-macky-sall\/\"]}]},{\"@type\":\"ImageObject\",\"inLanguage\":\"fr-FR\",\"@id\":\"https:\/\/www.public.sn\/index.php\/2022\/09\/19\/frapp-engage-le-combat-contre-le-3eme-mandat-de-macky-sall\/#primaryimage\",\"url\":\"https:\/\/www.public.sn\/wp-content\/uploads\/2022\/09\/E7A91F0B-BE97-4528-B502-C2BE8451CC76.jpeg\",\"contentUrl\":\"https:\/\/www.public.sn\/wp-content\/uploads\/2022\/09\/E7A91F0B-BE97-4528-B502-C2BE8451CC76.jpeg\",\"width\":755,\"height\":449},{\"@type\":\"BreadcrumbList\",\"@id\":\"https:\/\/www.public.sn\/index.php\/2022\/09\/19\/frapp-engage-le-combat-contre-le-3eme-mandat-de-macky-sall\/#breadcrumb\",\"itemListElement\":[{\"@type\":\"ListItem\",\"position\":1,\"name\":\"Accueil\",\"item\":\"https:\/\/www.public.sn\/\"},{\"@type\":\"ListItem\",\"position\":2,\"name\":\"Frapp engage le combat contre le 3\u00e8me mandat de Macky Sall.\"}]},{\"@type\":\"WebSite\",\"@id\":\"https:\/\/www.public.sn\/#website\",\"url\":\"https:\/\/www.public.sn\/\",\"name\":\"LE PUBLIC\",\"description\":\"\",\"publisher\":{\"@id\":\"https:\/\/www.public.sn\/#organization\"},\"potentialAction\":[{\"@type\":\"SearchAction\",\"target\":{\"@type\":\"EntryPoint\",\"urlTemplate\":\"https:\/\/www.public.sn\/?s={search_term_string}\"},\"query-input\":{\"@type\":\"PropertyValueSpecification\",\"valueRequired\":true,\"valueName\":\"search_term_string\"}}],\"inLanguage\":\"fr-FR\"},{\"@type\":\"Organization\",\"@id\":\"https:\/\/www.public.sn\/#organization\",\"name\":\"LE PUBLIC\",\"url\":\"https:\/\/www.public.sn\/\",\"logo\":{\"@type\":\"ImageObject\",\"inLanguage\":\"fr-FR\",\"@id\":\"https:\/\/www.public.sn\/#\/schema\/logo\/image\/\",\"url\":\"https:\/\/www.public.sn\/wp-content\/uploads\/2024\/05\/cropped-LOGO-PUBLIC.SN_.png\",\"contentUrl\":\"https:\/\/www.public.sn\/wp-content\/uploads\/2024\/05\/cropped-LOGO-PUBLIC.SN_.png\",\"width\":682,\"height\":192,\"caption\":\"LE PUBLIC\"},\"image\":{\"@id\":\"https:\/\/www.public.sn\/#\/schema\/logo\/image\/\"}},{\"@type\":\"Person\",\"@id\":\"https:\/\/www.public.sn\/#\/schema\/person\/e3f4a11b037d4203902db148f9bc8d5a\",\"name\":\"LA REDACTION\",\"image\":{\"@type\":\"ImageObject\",\"inLanguage\":\"fr-FR\",\"@id\":\"https:\/\/www.public.sn\/#\/schema\/person\/image\/\",\"url\":\"https:\/\/secure.gravatar.com\/avatar\/d6c030db45db2883c075085c5d6c6258654a801a93766b49af0b82d4f454e2a5?s=96&d=mm&r=g\",\"contentUrl\":\"https:\/\/secure.gravatar.com\/avatar\/d6c030db45db2883c075085c5d6c6258654a801a93766b49af0b82d4f454e2a5?s=96&d=mm&r=g\",\"caption\":\"LA REDACTION\"},\"sameAs\":[\"http:\/\/www.public.sn\"],\"url\":\"https:\/\/www.public.sn\/index.php\/author\/admin7324\/\"}]}<\/script>\n<!-- \/ Yoast SEO plugin. -->","yoast_head_json":{"title":"Frapp engage le combat contre le 3\u00e8me mandat de Macky Sall. - LE PUBLIC","robots":{"index":"index","follow":"follow","max-snippet":"max-snippet:-1","max-image-preview":"max-image-preview:large","max-video-preview":"max-video-preview:-1"},"canonical":"https:\/\/www.public.sn\/index.php\/2022\/09\/19\/frapp-engage-le-combat-contre-le-3eme-mandat-de-macky-sall\/","og_locale":"fr_FR","og_type":"article","og_title":"Frapp engage le combat contre le 3\u00e8me mandat de Macky Sall. - LE PUBLIC","og_description":"Le Bureau ex\u00e9cutif du mouvement panafricaniste Frapp annonce une campagne pour s\u2019opposer \u00e0 une \u00e9ventuelle candidature du Pr\u00e9sident Macky Sall. Selon les camarades de Guy Marius Sagna, la derni\u00e8re nomination du gouvernement montre la position du Chef de l\u2019Etat.&nbsp; Dans cette campagne, d\u00e9nomm\u00e9e \u00ab Macky d\u00e9gage ! Gor Ca Wax Ja ! 2024 C\u2019est fini ! \u00bb, le Frapp se prononce sur plusieurs consid\u00e9rations qui indiquent clairement la volont\u00e9 de briguer un 3e mandat. Alors que la Constitution, disent-ils, est tr\u00e8s claire dans ses textes. Les camarades de Guy Marius Sagna lance un appel \u00e0 la jonction de toutes les forces vives du S\u00e9n\u00e9gal, pour faire barrage au projet anticonstitutionnel du Pr\u00e9sident Macky Sall.&nbsp; COMMUNIQU\u00c9 !MACKY D\u00c9GAGE ! LE FRAPP LANCE LA CAMPAGNE \u00ab\u00a0MACKY D\u00c9GAGE ! GOR CA WAX JA ! 2024 C&rsquo;EST FINI !\u00a0\u00bb Consid\u00e9rant que la constitution du S\u00e9n\u00e9gal est claire sur l&rsquo;impossibilit\u00e9 pour le pr\u00e9sident Macky Sall d&rsquo;avoir un 3e mandat de suite et par cons\u00e9quent l&rsquo;impossibilit\u00e9 pour lui d&rsquo;\u00eatre candidat \u00e0 l&rsquo;\u00e9lection pr\u00e9sidentielle de 2024 Consid\u00e9rant que tous les actes que le pr\u00e9sident Macky Sall pose montrent qu&rsquo;il veut imposer au peuple s\u00e9n\u00e9galais sa 3e candidature ill\u00e9gale et ill\u00e9gitime Consid\u00e9rant la nomination r\u00e9cente d&rsquo;un premier ministre qui faisait l&rsquo;apologie de la non limitation des mandats au profit du pr\u00e9sident Macky Sall et l&rsquo;interdiction le m\u00eame jour par le pr\u00e9fet de Dakar d&rsquo;un concert pour la limitation des mandats Consid\u00e9rant que cette probl\u00e9matique du 3e mandat avait caus\u00e9 plus d&rsquo;une dizaine de morts en 2011 au S\u00e9n\u00e9gal et provoqu\u00e9 des troubles \u00e9lectoraux mortif\u00e8res dans plusieurs pays africains Le FRAPP, en toute responsabilit\u00e9 : d\u00e9marre aujourd&rsquo;hui la campagne contre le 3e mandat du pr\u00e9sident Macky Sall d\u00e9nomm\u00e9e: MACKY D\u00c9GAGE ! GOR CA WAX JA! 2024 C&rsquo;EST FINI ! lance un appel \u00e0 la jonction de toutes les forces vives du S\u00e9n\u00e9gal pour faire barrage au projet anticonstitutionnel du pr\u00e9sident Macky Sall. \u00ab\u00a0MACKY D\u00c9GAGE ! GOR CA WAX JA! 2024 C&rsquo;EST FINI !\u00a0\u00bb a comme contenu: 1) d\u00e9fendre la constitution et emp\u00eacher la 3e candidature ill\u00e9gale et ill\u00e9gitime de Macky Sall 2) La jonction avec le peuple en lutte contre les agressions dont il est victime (vie ch\u00e8re, spoliation fonci\u00e8re, atteintes des droits des travailleurs\u2026) 3- la lib\u00e9ration des prisonniers politiques 4) Pour un programme de lib\u00e9ration nationale d\u00e9mocratique, populaire et panafricain 5) installer dans toutes les localit\u00e9s du S\u00e9n\u00e9gal des comit\u00e9s de d\u00e9fense de la constitution \u00ab\u00a0MACKY D\u00c9GAGE ! GOR CA WAX! 2024 C&rsquo;EST FINI !\u00a0\u00bb 6) mener partout des activit\u00e9s de sensibilisation pour la d\u00e9fense de la constitution et contre le 3e mandat ill\u00e9gale et ill\u00e9gitime de Macky Sall 7) faire face \u00e0 Macky Sall le jour o\u00f9 il osera annoncer qu&rsquo;il va pi\u00e9tiner la constitution du S\u00e9n\u00e9gal Le secr\u00e9tariat ex\u00e9cutif national (SEN) du FRAPP Dakar, le 19 septembre 2022","og_url":"https:\/\/www.public.sn\/index.php\/2022\/09\/19\/frapp-engage-le-combat-contre-le-3eme-mandat-de-macky-sall\/","og_site_name":"LE PUBLIC","article_published_time":"2022-09-19T14:04:38+00:00","article_modified_time":"2022-09-19T14:04:39+00:00","og_image":[{"width":755,"height":449,"url":"https:\/\/www.public.sn\/wp-content\/uploads\/2022\/09\/E7A91F0B-BE97-4528-B502-C2BE8451CC76.jpeg","type":"image\/jpeg"}],"author":"LA REDACTION","twitter_card":"summary_large_image","twitter_misc":{"\u00c9crit par":"LA REDACTION","Dur\u00e9e de lecture estim\u00e9e":"3 minutes"},"schema":{"@context":"https:\/\/schema.org","@graph":[{"@type":"Article","@id":"https:\/\/www.public.sn\/index.php\/2022\/09\/19\/frapp-engage-le-combat-contre-le-3eme-mandat-de-macky-sall\/#article","isPartOf":{"@id":"https:\/\/www.public.sn\/index.php\/2022\/09\/19\/frapp-engage-le-combat-contre-le-3eme-mandat-de-macky-sall\/"},"author":{"name":"LA REDACTION","@id":"https:\/\/www.public.sn\/#\/schema\/person\/e3f4a11b037d4203902db148f9bc8d5a"},"headline":"Frapp engage le combat contre le 3\u00e8me mandat de Macky Sall.","datePublished":"2022-09-19T14:04:38+00:00","dateModified":"2022-09-19T14:04:39+00:00","mainEntityOfPage":{"@id":"https:\/\/www.public.sn\/index.php\/2022\/09\/19\/frapp-engage-le-combat-contre-le-3eme-mandat-de-macky-sall\/"},"wordCount":513,"commentCount":0,"publisher":{"@id":"https:\/\/www.public.sn\/#organization"},"image":{"@id":"https:\/\/www.public.sn\/index.php\/2022\/09\/19\/frapp-engage-le-combat-contre-le-3eme-mandat-de-macky-sall\/#primaryimage"},"thumbnailUrl":"https:\/\/www.public.sn\/wp-content\/uploads\/2022\/09\/E7A91F0B-BE97-4528-B502-C2BE8451CC76.jpeg","keywords":["3\u00e8me mandat","Constitution","Guy Marius Sagna","Macky Sall","Pr\u00e9sidentielle 2024"],"articleSection":["ACTUALIT\u00c9S","POLITIQUE"],"inLanguage":"fr-FR","potentialAction":[{"@type":"CommentAction","name":"Comment","target":["https:\/\/www.public.sn\/index.php\/2022\/09\/19\/frapp-engage-le-combat-contre-le-3eme-mandat-de-macky-sall\/#respond"]}]},{"@type":"WebPage","@id":"https:\/\/www.public.sn\/index.php\/2022\/09\/19\/frapp-engage-le-combat-contre-le-3eme-mandat-de-macky-sall\/","url":"https:\/\/www.public.sn\/index.php\/2022\/09\/19\/frapp-engage-le-combat-contre-le-3eme-mandat-de-macky-sall\/","name":"Frapp engage le combat contre le 3\u00e8me mandat de Macky Sall. - LE PUBLIC","isPartOf":{"@id":"https:\/\/www.public.sn\/#website"},"primaryImageOfPage":{"@id":"https:\/\/www.public.sn\/index.php\/2022\/09\/19\/frapp-engage-le-combat-contre-le-3eme-mandat-de-macky-sall\/#primaryimage"},"image":{"@id":"https:\/\/www.public.sn\/index.php\/2022\/09\/19\/frapp-engage-le-combat-contre-le-3eme-mandat-de-macky-sall\/#primaryimage"},"thumbnailUrl":"https:\/\/www.public.sn\/wp-content\/uploads\/2022\/09\/E7A91F0B-BE97-4528-B502-C2BE8451CC76.jpeg","datePublished":"2022-09-19T14:04:38+00:00","dateModified":"2022-09-19T14:04:39+00:00","breadcrumb":{"@id":"https:\/\/www.public.sn\/index.php\/2022\/09\/19\/frapp-engage-le-combat-contre-le-3eme-mandat-de-macky-sall\/#breadcrumb"},"inLanguage":"fr-FR","potentialAction":[{"@type":"ReadAction","target":["https:\/\/www.public.sn\/index.php\/2022\/09\/19\/frapp-engage-le-combat-contre-le-3eme-mandat-de-macky-sall\/"]}]},{"@type":"ImageObject","inLanguage":"fr-FR","@id":"https:\/\/www.public.sn\/index.php\/2022\/09\/19\/frapp-engage-le-combat-contre-le-3eme-mandat-de-macky-sall\/#primaryimage","url":"https:\/\/www.public.sn\/wp-content\/uploads\/2022\/09\/E7A91F0B-BE97-4528-B502-C2BE8451CC76.jpeg","contentUrl":"https:\/\/www.public.sn\/wp-content\/uploads\/2022\/09\/E7A91F0B-BE97-4528-B502-C2BE8451CC76.jpeg","width":755,"height":449},{"@type":"BreadcrumbList","@id":"https:\/\/www.public.sn\/index.php\/2022\/09\/19\/frapp-engage-le-combat-contre-le-3eme-mandat-de-macky-sall\/#breadcrumb","itemListElement":[{"@type":"ListItem","position":1,"name":"Accueil","item":"https:\/\/www.public.sn\/"},{"@type":"ListItem","position":2,"name":"Frapp engage le combat contre le 3\u00e8me mandat de Macky Sall."}]},{"@type":"WebSite","@id":"https:\/\/www.public.sn\/#website","url":"https:\/\/www.public.sn\/","name":"LE PUBLIC","description":"","publisher":{"@id":"https:\/\/www.public.sn\/#organization"},"potentialAction":[{"@type":"SearchAction","target":{"@type":"EntryPoint","urlTemplate":"https:\/\/www.public.sn\/?s={search_term_string}"},"query-input":{"@type":"PropertyValueSpecification","valueRequired":true,"valueName":"search_term_string"}}],"inLanguage":"fr-FR"},{"@type":"Organization","@id":"https:\/\/www.public.sn\/#organization","name":"LE PUBLIC","url":"https:\/\/www.public.sn\/","logo":{"@type":"ImageObject","inLanguage":"fr-FR","@id":"https:\/\/www.public.sn\/#\/schema\/logo\/image\/","url":"https:\/\/www.public.sn\/wp-content\/uploads\/2024\/05\/cropped-LOGO-PUBLIC.SN_.png","contentUrl":"https:\/\/www.public.sn\/wp-content\/uploads\/2024\/05\/cropped-LOGO-PUBLIC.SN_.png","width":682,"height":192,"caption":"LE PUBLIC"},"image":{"@id":"https:\/\/www.public.sn\/#\/schema\/logo\/image\/"}},{"@type":"Person","@id":"https:\/\/www.public.sn\/#\/schema\/person\/e3f4a11b037d4203902db148f9bc8d5a","name":"LA REDACTION","image":{"@type":"ImageObject","inLanguage":"fr-FR","@id":"https:\/\/www.public.sn\/#\/schema\/person\/image\/","url":"https:\/\/secure.gravatar.com\/avatar\/d6c030db45db2883c075085c5d6c6258654a801a93766b49af0b82d4f454e2a5?s=96&d=mm&r=g","contentUrl":"https:\/\/secure.gravatar.com\/avatar\/d6c030db45db2883c075085c5d6c6258654a801a93766b49af0b82d4f454e2a5?s=96&d=mm&r=g","caption":"LA REDACTION"},"sameAs":["http:\/\/www.public.sn"],"url":"https:\/\/www.public.sn\/index.php\/author\/admin7324\/"}]}},"jetpack_featured_media_url":"https:\/\/www.public.sn\/wp-content\/uploads\/2022\/09\/E7A91F0B-BE97-4528-B502-C2BE8451CC76.jpeg","jetpack_sharing_enabled":true,"_links":{"self":[{"href":"https:\/\/www.public.sn\/index.php\/wp-json\/wp\/v2\/posts\/2192","targetHints":{"allow":["GET"]}}],"collection":[{"href":"https:\/\/www.public.sn\/index.php\/wp-json\/wp\/v2\/posts"}],"about":[{"href":"https:\/\/www.public.sn\/index.php\/wp-json\/wp\/v2\/types\/post"}],"author":[{"embeddable":true,"href":"https:\/\/www.public.sn\/index.php\/wp-json\/wp\/v2\/users\/1"}],"replies":[{"embeddable":true,"href":"https:\/\/www.public.sn\/index.php\/wp-json\/wp\/v2\/comments?post=2192"}],"version-history":[{"count":1,"href":"https:\/\/www.public.sn\/index.php\/wp-json\/wp\/v2\/posts\/2192\/revisions"}],"predecessor-version":[{"id":2194,"href":"https:\/\/www.public.sn\/index.php\/wp-json\/wp\/v2\/posts\/2192\/revisions\/2194"}],"wp:featuredmedia":[{"embeddable":true,"href":"https:\/\/www.public.sn\/index.php\/wp-json\/wp\/v2\/media\/2193"}],"wp:attachment":[{"href":"https:\/\/www.public.sn\/index.php\/wp-json\/wp\/v2\/media?parent=2192"}],"wp:term":[{"taxonomy":"category","embeddable":true,"href":"https:\/\/www.public.sn\/index.php\/wp-json\/wp\/v2\/categories?post=2192"},{"taxonomy":"post_tag","embeddable":true,"href":"https:\/\/www.public.sn\/index.php\/wp-json\/wp\/v2\/tags?post=2192"}],"curies":[{"name":"wp","href":"https:\/\/api.w.org\/{rel}","templated":true}]}}