{"id":2195,"date":"2022-09-19T14:21:53","date_gmt":"2022-09-19T14:21:53","guid":{"rendered":"https:\/\/www.public.sn\/?p=2195"},"modified":"2022-09-19T14:21:53","modified_gmt":"2022-09-19T14:21:53","slug":"pr-ismaila-madior-fall-le-senegal-est-un-pays-de-droit-qui-a-une-justice-reputee","status":"publish","type":"post","link":"https:\/\/www.public.sn\/index.php\/2022\/09\/19\/pr-ismaila-madior-fall-le-senegal-est-un-pays-de-droit-qui-a-une-justice-reputee\/","title":{"rendered":"Pr Ismaila Madior Fall: \u201cLe S\u00e9n\u00e9gal est un pays de droit qui a une justice r\u00e9put\u00e9e\u201d."},"content":{"rendered":"\n<p>Vingt (20) procureurs, juges d\u2019instruction et avocats venus de diff\u00e9rents pays africains ont pris part, ce lundi, \u00e0 un s\u00e9minaire de perfectionnement sur les enqu\u00eates et poursuites des crimes internationaux organis\u00e9 \u00e0 Dakar. Venu pr\u00e9sider ladite c\u00e9r\u00e9monie, le ministre de la justice, garde des sceaux, Isma\u00efla Madior Fall a r\u00e9it\u00e9r\u00e9 que le S\u00e9n\u00e9gal est un Etat de droit qui a une justice r\u00e9put\u00e9e. \u00ab\u00a0Le Sg des nations unies disait qu\u2019\u00e0 chaque fois qu\u2019on pense \u00e0 un s\u00e9minaire sur les crimes internationaux on pense au S\u00e9n\u00e9gal. Parce que le S\u00e9n\u00e9gal est un pays qui a une bonne r\u00e9putation en mati\u00e8re de justice et en mati\u00e8re d\u2019Etat de droit. On n\u2019oublie que c\u2019est le premier pays \u00e0 avoir ratifi\u00e9 la Cour p\u00e9nale internationale. Donc, le S\u00e9n\u00e9gal est un pays de droit et je suis fier d\u2019\u00eatre \u00e0 la t\u00eate du minist\u00e8re de la justice d\u2019un pays qui a une bonne r\u00e9putation en mati\u00e8re d\u2019Etat de droit\u00a0\u00bb, a dit le garde des sceaux. R\u00e9agissant sur son retour aux affaires, il a soutenu que\u00a0: \u00ab\u00a0je remercie le chef de l\u2019Etat pour sa confiance qu\u2019il m\u2019a renouvel\u00e9. C\u2019est juste un changement de position. Depuis une dizaine d\u2019ann\u00e9es je travaille avec le chef de l\u2019Etat. J\u2019ai \u00e9t\u00e9 d\u2019abord son conseill\u00e9 juridique. \u00c0 un moment donn\u00e9 j\u2019ai \u00e9t\u00e9 ministre de la Justice, Garde des Sceaux de 2017 \u00e0 2019. Ensuite, j\u2019ai \u00e9t\u00e9 ministre d\u2019\u00c9tat \u00e0 la pr\u00e9sidence avant de retrouver aujourd\u2019hui le minist\u00e8re de la Justice\u00a0\u00bb.<\/p><div class=\"publi-paragraphe1\" style=\"margin-top: 10px;margin-bottom: 10px;margin-left: auto;margin-right: auto;text-align: center;\" id=\"publi-1261736752\"><div class=\"publi-adlabel\">Publicit\u00e9<\/div><script async src=\"\/\/pagead2.googlesyndication.com\/pagead\/js\/adsbygoogle.js?client=ca-pub-4089586018074219\" crossorigin=\"anonymous\"><\/script><ins class=\"adsbygoogle\" style=\"display:block;\" data-ad-client=\"ca-pub-4089586018074219\" \ndata-ad-slot=\"2087940154\" \ndata-ad-format=\"auto\"><\/ins>\n<script> \n(adsbygoogle = window.adsbygoogle || []).push({}); \n<\/script>\n<\/div>\n\n\n\n<p>Pour sa part, Serge Brammertz, procureur du M\u00e9canisme international charg\u00e9 d\u2019exercer les fonctions r\u00e9siduelles des tribunaux p\u00e9naux, parlant de la justice internationale a indiqu\u00e9 qu\u2019elle se joue souvent au niveau national. \u00ab&nbsp;La compl\u00e9mentarit\u00e9 doit jouer un r\u00f4le important dans tous les continents certainement aussi en Afrique. Et c\u2019est un peu l\u2019endroit logique quand on parle de formation des magistrats pour des pays francophones. La majorit\u00e9 de nos formations ont \u00e9t\u00e9 donn\u00e9es \u00e0 Dakar. Parce que le S\u00e9n\u00e9gal a toujours jou\u00e9 un r\u00f4le tr\u00e8s particulier quand il s\u2019agit de justice international. On a d\u00e9j\u00e0 parl\u00e9 des chambres africaines extraordinaires. Ce sont des magistrats africains exp\u00e9riment\u00e9s qui participent aux formations&nbsp;\u00bb, a-t-il d\u00e9clar\u00e9.<\/p>\n\n\n\n<p>Serge Brammertz travaille depuis plus de 10 ans avec les magistrats africains et c\u2019est pourquoi, estime-t-il, qu\u2019il y\u2019a d\u2019excellents juristes tr\u00e8s exp\u00e9riment\u00e9s. Mais, il se pose souvent un probl\u00e8me de moyens. \u00ab&nbsp;La justice n\u2019est pas n\u00e9cessairement le secteur le mieux financ\u00e9 et je le dis avec tout le respect avec tous les gouvernements respectifs. Je suis convaincu qu\u2019une d\u00e9mocratie sans un syst\u00e8me judiciaire fort ne peut pas fonctionner. Il faut que les enqu\u00eateurs aient les moyens. Il faut que les magistrats aient les moyens. C\u2019est vraiment une cl\u00e9 de succ\u00e8s pour toute d\u00e9mocratie et l\u2019Afrique ne fait pas exception&nbsp;\u00bb, a-t-il \u00e9galement ajout\u00e9.<\/p>\n\n\n\n<p>Parlant des poursuites, Serge Brammertz a rappel\u00e9 qu\u2019ils ont poursuivi au niveau des juridictions des nations unies plus de 250 personnes dans les tribunaux de Rwanda et l\u2019ex Yougoslavie. \u00ab&nbsp;C\u2019est beaucoup par rapport aux autres juridictions internationales mais c\u2019est tr\u00e8s peu si on regarde le nombre de proc\u00e8s qu\u2019il y\u2019a encore \u00e0 faire. Le procureur du Rwanda a encore plus de 1.300 mandats d\u2019arr\u00eat par rapport \u00e0 des g\u00e9nocidaires potentiels. Des personnes qui sont des fugitives sur le continent africain, sur les continents europ\u00e9ens et ailleurs. J\u2019ai \u00e9t\u00e9 en ex Yougoslavie il y\u2019a trois semaines et, il y\u2019a encore 3000 enqu\u00eates en cours. Donc, c\u2019est pour dire que la justice internationale seule ne peut r\u00e9soudre une crise ou donner une justice suffisante par rapport aux crimes commis. Il faut toujours un \u00e9l\u00e9ment national et de l\u00e0, la justice internationale des pays directement concern\u00e9s par le conflit mais aussi d\u2019autres pays qui, dans le cadre de comp\u00e9tence universel ou de comp\u00e9tence extraordinaire, peuvent contribuer \u00e0 donner une meilleure chance \u00e0 la justice&nbsp;\u00bb, a-t-il conclu.<\/p>\n<div class=\"publi-apres-le-contenu\" style=\"margin-top: 10px;margin-bottom: 10px;margin-left: auto;margin-right: auto;text-align: center;\" id=\"publi-743977890\"><div class=\"publi-adlabel\">Publicit\u00e9<\/div><script async src=\"\/\/pagead2.googlesyndication.com\/pagead\/js\/adsbygoogle.js?client=ca-pub-4089586018074219\" crossorigin=\"anonymous\"><\/script><ins class=\"adsbygoogle\" style=\"display:block;\" data-ad-client=\"ca-pub-4089586018074219\" \ndata-ad-slot=\"2087940154\" \ndata-ad-format=\"auto\"><\/ins>\n<script> \n(adsbygoogle = window.adsbygoogle || []).push({}); \n<\/script>\n<\/div>","protected":false},"excerpt":{"rendered":"<p>Vingt (20) procureurs, juges d\u2019instruction et avocats venus de diff\u00e9rents pays africains ont pris part, ce lundi, \u00e0 un s\u00e9minaire de perfectionnement sur les enqu\u00eates et poursuites des crimes internationaux organis\u00e9 \u00e0 Dakar. Venu pr\u00e9sider ladite c\u00e9r\u00e9monie, le ministre de la justice, garde des sceaux, Isma\u00efla Madior Fall a r\u00e9it\u00e9r\u00e9 que le S\u00e9n\u00e9gal est un Etat de droit qui a une justice r\u00e9put\u00e9e. \u00ab\u00a0Le Sg des nations unies disait qu\u2019\u00e0 chaque fois qu\u2019on pense \u00e0 un s\u00e9minaire sur les crimes internationaux on pense au S\u00e9n\u00e9gal. Parce que le S\u00e9n\u00e9gal est un pays qui a une bonne r\u00e9putation en mati\u00e8re de justice et en mati\u00e8re d\u2019Etat de droit. On n\u2019oublie que c\u2019est le premier pays \u00e0 avoir ratifi\u00e9 la Cour p\u00e9nale internationale. Donc, le S\u00e9n\u00e9gal est un pays de droit et je suis fier d\u2019\u00eatre \u00e0 la t\u00eate du minist\u00e8re de la justice d\u2019un pays qui a une bonne r\u00e9putation en mati\u00e8re d\u2019Etat de droit\u00a0\u00bb, a dit le garde des sceaux. R\u00e9agissant sur son retour aux affaires, il a soutenu que\u00a0: \u00ab\u00a0je remercie le chef de l\u2019Etat pour sa confiance qu\u2019il m\u2019a renouvel\u00e9. C\u2019est juste un changement de position. Depuis une dizaine d\u2019ann\u00e9es je travaille avec le chef de l\u2019Etat. J\u2019ai \u00e9t\u00e9 d\u2019abord son conseill\u00e9 juridique. \u00c0 un moment donn\u00e9 j\u2019ai \u00e9t\u00e9 ministre de la Justice, Garde des Sceaux de 2017 \u00e0 2019. Ensuite, j\u2019ai \u00e9t\u00e9 ministre d\u2019\u00c9tat \u00e0 la pr\u00e9sidence avant de retrouver aujourd\u2019hui le minist\u00e8re de la Justice\u00a0\u00bb. Pour sa part, Serge Brammertz, procureur du M\u00e9canisme international charg\u00e9 d\u2019exercer les fonctions r\u00e9siduelles des tribunaux p\u00e9naux, parlant de la justice internationale a indiqu\u00e9 qu\u2019elle se joue souvent au niveau national. \u00ab&nbsp;La compl\u00e9mentarit\u00e9 doit jouer un r\u00f4le important dans tous les continents certainement aussi en Afrique. Et c\u2019est un peu l\u2019endroit logique quand on parle de formation des magistrats pour des pays francophones. La majorit\u00e9 de nos formations ont \u00e9t\u00e9 donn\u00e9es \u00e0 Dakar. Parce que le S\u00e9n\u00e9gal a toujours jou\u00e9 un r\u00f4le tr\u00e8s particulier quand il s\u2019agit de justice international. On a d\u00e9j\u00e0 parl\u00e9 des chambres africaines extraordinaires. Ce sont des magistrats africains exp\u00e9riment\u00e9s qui participent aux formations&nbsp;\u00bb, a-t-il d\u00e9clar\u00e9. Serge Brammertz travaille depuis plus de 10 ans avec les magistrats africains et c\u2019est pourquoi, estime-t-il, qu\u2019il y\u2019a d\u2019excellents juristes tr\u00e8s exp\u00e9riment\u00e9s. Mais, il se pose souvent un probl\u00e8me de moyens. \u00ab&nbsp;La justice n\u2019est pas n\u00e9cessairement le secteur le mieux financ\u00e9 et je le dis avec tout le respect avec tous les gouvernements respectifs. Je suis convaincu qu\u2019une d\u00e9mocratie sans un syst\u00e8me judiciaire fort ne peut pas fonctionner. Il faut que les enqu\u00eateurs aient les moyens. Il faut que les magistrats aient les moyens. C\u2019est vraiment une cl\u00e9 de succ\u00e8s pour toute d\u00e9mocratie et l\u2019Afrique ne fait pas exception&nbsp;\u00bb, a-t-il \u00e9galement ajout\u00e9. Parlant des poursuites, Serge Brammertz a rappel\u00e9 qu\u2019ils ont poursuivi au niveau des juridictions des nations unies plus de 250 personnes dans les tribunaux de Rwanda et l\u2019ex Yougoslavie. \u00ab&nbsp;C\u2019est beaucoup par rapport aux autres juridictions internationales mais c\u2019est tr\u00e8s peu si on regarde le nombre de proc\u00e8s qu\u2019il y\u2019a encore \u00e0 faire. Le procureur du Rwanda a encore plus de 1.300 mandats d\u2019arr\u00eat par rapport \u00e0 des g\u00e9nocidaires potentiels. Des personnes qui sont des fugitives sur le continent africain, sur les continents europ\u00e9ens et ailleurs. J\u2019ai \u00e9t\u00e9 en ex Yougoslavie il y\u2019a trois semaines et, il y\u2019a encore 3000 enqu\u00eates en cours. Donc, c\u2019est pour dire que la justice internationale seule ne peut r\u00e9soudre une crise ou donner une justice suffisante par rapport aux crimes commis. Il faut toujours un \u00e9l\u00e9ment national et de l\u00e0, la justice internationale des pays directement concern\u00e9s par le conflit mais aussi d\u2019autres pays qui, dans le cadre de comp\u00e9tence universel ou de comp\u00e9tence extraordinaire, peuvent contribuer \u00e0 donner une meilleure chance \u00e0 la justice&nbsp;\u00bb, a-t-il conclu.<\/p>\n","protected":false},"author":1,"featured_media":2196,"comment_status":"open","ping_status":"open","sticky":false,"template":"","format":"standard","meta":{"_jetpack_memberships_contains_paid_content":false,"footnotes":""},"categories":[375,376],"tags":[826,582,24,825,611],"class_list":["post-2195","post","type-post","status-publish","format-standard","has-post-thumbnail","hentry","category-actualites","category-securite-justice","tag-cours-et-tribunaux","tag-etat-de-droit","tag-justice","tag-pr-ismail-madior-fall","tag-proces","entry","has-media","owp-thumbs-layout-horizontal","owp-btn-normal","owp-tabs-layout-horizontal","has-no-thumbnails","has-product-nav"],"yoast_head":"<!-- This site is optimized with the Yoast SEO plugin v25.5 - https:\/\/yoast.com\/wordpress\/plugins\/seo\/ -->\n<title>Pr Ismaila Madior Fall: \u201cLe S\u00e9n\u00e9gal est un pays de droit qui a une justice r\u00e9put\u00e9e\u201d. - LE PUBLIC<\/title>\n<meta name=\"robots\" content=\"index, follow, max-snippet:-1, max-image-preview:large, max-video-preview:-1\" \/>\n<link rel=\"canonical\" href=\"https:\/\/www.public.sn\/index.php\/2022\/09\/19\/pr-ismaila-madior-fall-le-senegal-est-un-pays-de-droit-qui-a-une-justice-reputee\/\" \/>\n<meta property=\"og:locale\" content=\"fr_FR\" \/>\n<meta property=\"og:type\" content=\"article\" \/>\n<meta property=\"og:title\" content=\"Pr Ismaila Madior Fall: \u201cLe S\u00e9n\u00e9gal est un pays de droit qui a une justice r\u00e9put\u00e9e\u201d. - LE PUBLIC\" \/>\n<meta property=\"og:description\" content=\"Vingt (20) procureurs, juges d\u2019instruction et avocats venus de diff\u00e9rents pays africains ont pris part, ce lundi, \u00e0 un s\u00e9minaire de perfectionnement sur les enqu\u00eates et poursuites des crimes internationaux organis\u00e9 \u00e0 Dakar. Venu pr\u00e9sider ladite c\u00e9r\u00e9monie, le ministre de la justice, garde des sceaux, Isma\u00efla Madior Fall a r\u00e9it\u00e9r\u00e9 que le S\u00e9n\u00e9gal est un Etat de droit qui a une justice r\u00e9put\u00e9e. \u00ab\u00a0Le Sg des nations unies disait qu\u2019\u00e0 chaque fois qu\u2019on pense \u00e0 un s\u00e9minaire sur les crimes internationaux on pense au S\u00e9n\u00e9gal. Parce que le S\u00e9n\u00e9gal est un pays qui a une bonne r\u00e9putation en mati\u00e8re de justice et en mati\u00e8re d\u2019Etat de droit. On n\u2019oublie que c\u2019est le premier pays \u00e0 avoir ratifi\u00e9 la Cour p\u00e9nale internationale. Donc, le S\u00e9n\u00e9gal est un pays de droit et je suis fier d\u2019\u00eatre \u00e0 la t\u00eate du minist\u00e8re de la justice d\u2019un pays qui a une bonne r\u00e9putation en mati\u00e8re d\u2019Etat de droit\u00a0\u00bb, a dit le garde des sceaux. R\u00e9agissant sur son retour aux affaires, il a soutenu que\u00a0: \u00ab\u00a0je remercie le chef de l\u2019Etat pour sa confiance qu\u2019il m\u2019a renouvel\u00e9. C\u2019est juste un changement de position. Depuis une dizaine d\u2019ann\u00e9es je travaille avec le chef de l\u2019Etat. J\u2019ai \u00e9t\u00e9 d\u2019abord son conseill\u00e9 juridique. \u00c0 un moment donn\u00e9 j\u2019ai \u00e9t\u00e9 ministre de la Justice, Garde des Sceaux de 2017 \u00e0 2019. Ensuite, j\u2019ai \u00e9t\u00e9 ministre d\u2019\u00c9tat \u00e0 la pr\u00e9sidence avant de retrouver aujourd\u2019hui le minist\u00e8re de la Justice\u00a0\u00bb. Pour sa part, Serge Brammertz, procureur du M\u00e9canisme international charg\u00e9 d\u2019exercer les fonctions r\u00e9siduelles des tribunaux p\u00e9naux, parlant de la justice internationale a indiqu\u00e9 qu\u2019elle se joue souvent au niveau national. \u00ab&nbsp;La compl\u00e9mentarit\u00e9 doit jouer un r\u00f4le important dans tous les continents certainement aussi en Afrique. Et c\u2019est un peu l\u2019endroit logique quand on parle de formation des magistrats pour des pays francophones. La majorit\u00e9 de nos formations ont \u00e9t\u00e9 donn\u00e9es \u00e0 Dakar. Parce que le S\u00e9n\u00e9gal a toujours jou\u00e9 un r\u00f4le tr\u00e8s particulier quand il s\u2019agit de justice international. On a d\u00e9j\u00e0 parl\u00e9 des chambres africaines extraordinaires. Ce sont des magistrats africains exp\u00e9riment\u00e9s qui participent aux formations&nbsp;\u00bb, a-t-il d\u00e9clar\u00e9. Serge Brammertz travaille depuis plus de 10 ans avec les magistrats africains et c\u2019est pourquoi, estime-t-il, qu\u2019il y\u2019a d\u2019excellents juristes tr\u00e8s exp\u00e9riment\u00e9s. Mais, il se pose souvent un probl\u00e8me de moyens. \u00ab&nbsp;La justice n\u2019est pas n\u00e9cessairement le secteur le mieux financ\u00e9 et je le dis avec tout le respect avec tous les gouvernements respectifs. Je suis convaincu qu\u2019une d\u00e9mocratie sans un syst\u00e8me judiciaire fort ne peut pas fonctionner. Il faut que les enqu\u00eateurs aient les moyens. Il faut que les magistrats aient les moyens. C\u2019est vraiment une cl\u00e9 de succ\u00e8s pour toute d\u00e9mocratie et l\u2019Afrique ne fait pas exception&nbsp;\u00bb, a-t-il \u00e9galement ajout\u00e9. Parlant des poursuites, Serge Brammertz a rappel\u00e9 qu\u2019ils ont poursuivi au niveau des juridictions des nations unies plus de 250 personnes dans les tribunaux de Rwanda et l\u2019ex Yougoslavie. \u00ab&nbsp;C\u2019est beaucoup par rapport aux autres juridictions internationales mais c\u2019est tr\u00e8s peu si on regarde le nombre de proc\u00e8s qu\u2019il y\u2019a encore \u00e0 faire. Le procureur du Rwanda a encore plus de 1.300 mandats d\u2019arr\u00eat par rapport \u00e0 des g\u00e9nocidaires potentiels. Des personnes qui sont des fugitives sur le continent africain, sur les continents europ\u00e9ens et ailleurs. J\u2019ai \u00e9t\u00e9 en ex Yougoslavie il y\u2019a trois semaines et, il y\u2019a encore 3000 enqu\u00eates en cours. Donc, c\u2019est pour dire que la justice internationale seule ne peut r\u00e9soudre une crise ou donner une justice suffisante par rapport aux crimes commis. Il faut toujours un \u00e9l\u00e9ment national et de l\u00e0, la justice internationale des pays directement concern\u00e9s par le conflit mais aussi d\u2019autres pays qui, dans le cadre de comp\u00e9tence universel ou de comp\u00e9tence extraordinaire, peuvent contribuer \u00e0 donner une meilleure chance \u00e0 la justice&nbsp;\u00bb, a-t-il conclu.\" \/>\n<meta property=\"og:url\" content=\"https:\/\/www.public.sn\/index.php\/2022\/09\/19\/pr-ismaila-madior-fall-le-senegal-est-un-pays-de-droit-qui-a-une-justice-reputee\/\" \/>\n<meta property=\"og:site_name\" content=\"LE PUBLIC\" \/>\n<meta property=\"article:published_time\" content=\"2022-09-19T14:21:53+00:00\" \/>\n<meta property=\"og:image\" content=\"https:\/\/www.public.sn\/wp-content\/uploads\/2022\/09\/F39CC85C-F28E-4583-A0D5-193A6DAC835E.jpeg\" \/>\n\t<meta property=\"og:image:width\" content=\"264\" \/>\n\t<meta property=\"og:image:height\" content=\"191\" \/>\n\t<meta property=\"og:image:type\" content=\"image\/jpeg\" \/>\n<meta name=\"author\" content=\"LA REDACTION\" \/>\n<meta name=\"twitter:card\" content=\"summary_large_image\" \/>\n<meta name=\"twitter:label1\" content=\"\u00c9crit par\" \/>\n\t<meta name=\"twitter:data1\" content=\"LA REDACTION\" \/>\n\t<meta name=\"twitter:label2\" content=\"Dur\u00e9e de lecture estim\u00e9e\" \/>\n\t<meta name=\"twitter:data2\" content=\"4 minutes\" \/>\n<script type=\"application\/ld+json\" class=\"yoast-schema-graph\">{\"@context\":\"https:\/\/schema.org\",\"@graph\":[{\"@type\":\"Article\",\"@id\":\"https:\/\/www.public.sn\/index.php\/2022\/09\/19\/pr-ismaila-madior-fall-le-senegal-est-un-pays-de-droit-qui-a-une-justice-reputee\/#article\",\"isPartOf\":{\"@id\":\"https:\/\/www.public.sn\/index.php\/2022\/09\/19\/pr-ismaila-madior-fall-le-senegal-est-un-pays-de-droit-qui-a-une-justice-reputee\/\"},\"author\":{\"name\":\"LA REDACTION\",\"@id\":\"https:\/\/www.public.sn\/#\/schema\/person\/e3f4a11b037d4203902db148f9bc8d5a\"},\"headline\":\"Pr Ismaila Madior Fall: \u201cLe S\u00e9n\u00e9gal est un pays de droit qui a une justice r\u00e9put\u00e9e\u201d.\",\"datePublished\":\"2022-09-19T14:21:53+00:00\",\"mainEntityOfPage\":{\"@id\":\"https:\/\/www.public.sn\/index.php\/2022\/09\/19\/pr-ismaila-madior-fall-le-senegal-est-un-pays-de-droit-qui-a-une-justice-reputee\/\"},\"wordCount\":742,\"commentCount\":0,\"publisher\":{\"@id\":\"https:\/\/www.public.sn\/#organization\"},\"image\":{\"@id\":\"https:\/\/www.public.sn\/index.php\/2022\/09\/19\/pr-ismaila-madior-fall-le-senegal-est-un-pays-de-droit-qui-a-une-justice-reputee\/#primaryimage\"},\"thumbnailUrl\":\"https:\/\/www.public.sn\/wp-content\/uploads\/2022\/09\/F39CC85C-F28E-4583-A0D5-193A6DAC835E.jpeg\",\"keywords\":[\"Cours et tribunaux\",\"\u00c9tat de droit\",\"Justice\",\"Pr Ismail Madior Fall\",\"Proc\u00e8s\"],\"articleSection\":[\"ACTUALIT\u00c9S\",\"S\u00c9CURIT\u00c9 &amp; JUSTICE\"],\"inLanguage\":\"fr-FR\",\"potentialAction\":[{\"@type\":\"CommentAction\",\"name\":\"Comment\",\"target\":[\"https:\/\/www.public.sn\/index.php\/2022\/09\/19\/pr-ismaila-madior-fall-le-senegal-est-un-pays-de-droit-qui-a-une-justice-reputee\/#respond\"]}]},{\"@type\":\"WebPage\",\"@id\":\"https:\/\/www.public.sn\/index.php\/2022\/09\/19\/pr-ismaila-madior-fall-le-senegal-est-un-pays-de-droit-qui-a-une-justice-reputee\/\",\"url\":\"https:\/\/www.public.sn\/index.php\/2022\/09\/19\/pr-ismaila-madior-fall-le-senegal-est-un-pays-de-droit-qui-a-une-justice-reputee\/\",\"name\":\"Pr Ismaila Madior Fall: \u201cLe S\u00e9n\u00e9gal est un pays de droit qui a une justice r\u00e9put\u00e9e\u201d. - LE PUBLIC\",\"isPartOf\":{\"@id\":\"https:\/\/www.public.sn\/#website\"},\"primaryImageOfPage\":{\"@id\":\"https:\/\/www.public.sn\/index.php\/2022\/09\/19\/pr-ismaila-madior-fall-le-senegal-est-un-pays-de-droit-qui-a-une-justice-reputee\/#primaryimage\"},\"image\":{\"@id\":\"https:\/\/www.public.sn\/index.php\/2022\/09\/19\/pr-ismaila-madior-fall-le-senegal-est-un-pays-de-droit-qui-a-une-justice-reputee\/#primaryimage\"},\"thumbnailUrl\":\"https:\/\/www.public.sn\/wp-content\/uploads\/2022\/09\/F39CC85C-F28E-4583-A0D5-193A6DAC835E.jpeg\",\"datePublished\":\"2022-09-19T14:21:53+00:00\",\"breadcrumb\":{\"@id\":\"https:\/\/www.public.sn\/index.php\/2022\/09\/19\/pr-ismaila-madior-fall-le-senegal-est-un-pays-de-droit-qui-a-une-justice-reputee\/#breadcrumb\"},\"inLanguage\":\"fr-FR\",\"potentialAction\":[{\"@type\":\"ReadAction\",\"target\":[\"https:\/\/www.public.sn\/index.php\/2022\/09\/19\/pr-ismaila-madior-fall-le-senegal-est-un-pays-de-droit-qui-a-une-justice-reputee\/\"]}]},{\"@type\":\"ImageObject\",\"inLanguage\":\"fr-FR\",\"@id\":\"https:\/\/www.public.sn\/index.php\/2022\/09\/19\/pr-ismaila-madior-fall-le-senegal-est-un-pays-de-droit-qui-a-une-justice-reputee\/#primaryimage\",\"url\":\"https:\/\/www.public.sn\/wp-content\/uploads\/2022\/09\/F39CC85C-F28E-4583-A0D5-193A6DAC835E.jpeg\",\"contentUrl\":\"https:\/\/www.public.sn\/wp-content\/uploads\/2022\/09\/F39CC85C-F28E-4583-A0D5-193A6DAC835E.jpeg\",\"width\":264,\"height\":191},{\"@type\":\"BreadcrumbList\",\"@id\":\"https:\/\/www.public.sn\/index.php\/2022\/09\/19\/pr-ismaila-madior-fall-le-senegal-est-un-pays-de-droit-qui-a-une-justice-reputee\/#breadcrumb\",\"itemListElement\":[{\"@type\":\"ListItem\",\"position\":1,\"name\":\"Accueil\",\"item\":\"https:\/\/www.public.sn\/\"},{\"@type\":\"ListItem\",\"position\":2,\"name\":\"Pr Ismaila Madior Fall: \u201cLe S\u00e9n\u00e9gal est un pays de droit qui a une justice r\u00e9put\u00e9e\u201d.\"}]},{\"@type\":\"WebSite\",\"@id\":\"https:\/\/www.public.sn\/#website\",\"url\":\"https:\/\/www.public.sn\/\",\"name\":\"LE PUBLIC\",\"description\":\"\",\"publisher\":{\"@id\":\"https:\/\/www.public.sn\/#organization\"},\"potentialAction\":[{\"@type\":\"SearchAction\",\"target\":{\"@type\":\"EntryPoint\",\"urlTemplate\":\"https:\/\/www.public.sn\/?s={search_term_string}\"},\"query-input\":{\"@type\":\"PropertyValueSpecification\",\"valueRequired\":true,\"valueName\":\"search_term_string\"}}],\"inLanguage\":\"fr-FR\"},{\"@type\":\"Organization\",\"@id\":\"https:\/\/www.public.sn\/#organization\",\"name\":\"LE PUBLIC\",\"url\":\"https:\/\/www.public.sn\/\",\"logo\":{\"@type\":\"ImageObject\",\"inLanguage\":\"fr-FR\",\"@id\":\"https:\/\/www.public.sn\/#\/schema\/logo\/image\/\",\"url\":\"https:\/\/www.public.sn\/wp-content\/uploads\/2024\/05\/cropped-LOGO-PUBLIC.SN_.png\",\"contentUrl\":\"https:\/\/www.public.sn\/wp-content\/uploads\/2024\/05\/cropped-LOGO-PUBLIC.SN_.png\",\"width\":682,\"height\":192,\"caption\":\"LE PUBLIC\"},\"image\":{\"@id\":\"https:\/\/www.public.sn\/#\/schema\/logo\/image\/\"}},{\"@type\":\"Person\",\"@id\":\"https:\/\/www.public.sn\/#\/schema\/person\/e3f4a11b037d4203902db148f9bc8d5a\",\"name\":\"LA REDACTION\",\"image\":{\"@type\":\"ImageObject\",\"inLanguage\":\"fr-FR\",\"@id\":\"https:\/\/www.public.sn\/#\/schema\/person\/image\/\",\"url\":\"https:\/\/secure.gravatar.com\/avatar\/d6c030db45db2883c075085c5d6c6258654a801a93766b49af0b82d4f454e2a5?s=96&d=mm&r=g\",\"contentUrl\":\"https:\/\/secure.gravatar.com\/avatar\/d6c030db45db2883c075085c5d6c6258654a801a93766b49af0b82d4f454e2a5?s=96&d=mm&r=g\",\"caption\":\"LA REDACTION\"},\"sameAs\":[\"http:\/\/www.public.sn\"],\"url\":\"https:\/\/www.public.sn\/index.php\/author\/admin7324\/\"}]}<\/script>\n<!-- \/ Yoast SEO plugin. -->","yoast_head_json":{"title":"Pr Ismaila Madior Fall: \u201cLe S\u00e9n\u00e9gal est un pays de droit qui a une justice r\u00e9put\u00e9e\u201d. - LE PUBLIC","robots":{"index":"index","follow":"follow","max-snippet":"max-snippet:-1","max-image-preview":"max-image-preview:large","max-video-preview":"max-video-preview:-1"},"canonical":"https:\/\/www.public.sn\/index.php\/2022\/09\/19\/pr-ismaila-madior-fall-le-senegal-est-un-pays-de-droit-qui-a-une-justice-reputee\/","og_locale":"fr_FR","og_type":"article","og_title":"Pr Ismaila Madior Fall: \u201cLe S\u00e9n\u00e9gal est un pays de droit qui a une justice r\u00e9put\u00e9e\u201d. - LE PUBLIC","og_description":"Vingt (20) procureurs, juges d\u2019instruction et avocats venus de diff\u00e9rents pays africains ont pris part, ce lundi, \u00e0 un s\u00e9minaire de perfectionnement sur les enqu\u00eates et poursuites des crimes internationaux organis\u00e9 \u00e0 Dakar. Venu pr\u00e9sider ladite c\u00e9r\u00e9monie, le ministre de la justice, garde des sceaux, Isma\u00efla Madior Fall a r\u00e9it\u00e9r\u00e9 que le S\u00e9n\u00e9gal est un Etat de droit qui a une justice r\u00e9put\u00e9e. \u00ab\u00a0Le Sg des nations unies disait qu\u2019\u00e0 chaque fois qu\u2019on pense \u00e0 un s\u00e9minaire sur les crimes internationaux on pense au S\u00e9n\u00e9gal. Parce que le S\u00e9n\u00e9gal est un pays qui a une bonne r\u00e9putation en mati\u00e8re de justice et en mati\u00e8re d\u2019Etat de droit. On n\u2019oublie que c\u2019est le premier pays \u00e0 avoir ratifi\u00e9 la Cour p\u00e9nale internationale. Donc, le S\u00e9n\u00e9gal est un pays de droit et je suis fier d\u2019\u00eatre \u00e0 la t\u00eate du minist\u00e8re de la justice d\u2019un pays qui a une bonne r\u00e9putation en mati\u00e8re d\u2019Etat de droit\u00a0\u00bb, a dit le garde des sceaux. R\u00e9agissant sur son retour aux affaires, il a soutenu que\u00a0: \u00ab\u00a0je remercie le chef de l\u2019Etat pour sa confiance qu\u2019il m\u2019a renouvel\u00e9. C\u2019est juste un changement de position. Depuis une dizaine d\u2019ann\u00e9es je travaille avec le chef de l\u2019Etat. J\u2019ai \u00e9t\u00e9 d\u2019abord son conseill\u00e9 juridique. \u00c0 un moment donn\u00e9 j\u2019ai \u00e9t\u00e9 ministre de la Justice, Garde des Sceaux de 2017 \u00e0 2019. Ensuite, j\u2019ai \u00e9t\u00e9 ministre d\u2019\u00c9tat \u00e0 la pr\u00e9sidence avant de retrouver aujourd\u2019hui le minist\u00e8re de la Justice\u00a0\u00bb. Pour sa part, Serge Brammertz, procureur du M\u00e9canisme international charg\u00e9 d\u2019exercer les fonctions r\u00e9siduelles des tribunaux p\u00e9naux, parlant de la justice internationale a indiqu\u00e9 qu\u2019elle se joue souvent au niveau national. \u00ab&nbsp;La compl\u00e9mentarit\u00e9 doit jouer un r\u00f4le important dans tous les continents certainement aussi en Afrique. Et c\u2019est un peu l\u2019endroit logique quand on parle de formation des magistrats pour des pays francophones. La majorit\u00e9 de nos formations ont \u00e9t\u00e9 donn\u00e9es \u00e0 Dakar. Parce que le S\u00e9n\u00e9gal a toujours jou\u00e9 un r\u00f4le tr\u00e8s particulier quand il s\u2019agit de justice international. On a d\u00e9j\u00e0 parl\u00e9 des chambres africaines extraordinaires. Ce sont des magistrats africains exp\u00e9riment\u00e9s qui participent aux formations&nbsp;\u00bb, a-t-il d\u00e9clar\u00e9. Serge Brammertz travaille depuis plus de 10 ans avec les magistrats africains et c\u2019est pourquoi, estime-t-il, qu\u2019il y\u2019a d\u2019excellents juristes tr\u00e8s exp\u00e9riment\u00e9s. Mais, il se pose souvent un probl\u00e8me de moyens. \u00ab&nbsp;La justice n\u2019est pas n\u00e9cessairement le secteur le mieux financ\u00e9 et je le dis avec tout le respect avec tous les gouvernements respectifs. Je suis convaincu qu\u2019une d\u00e9mocratie sans un syst\u00e8me judiciaire fort ne peut pas fonctionner. Il faut que les enqu\u00eateurs aient les moyens. Il faut que les magistrats aient les moyens. C\u2019est vraiment une cl\u00e9 de succ\u00e8s pour toute d\u00e9mocratie et l\u2019Afrique ne fait pas exception&nbsp;\u00bb, a-t-il \u00e9galement ajout\u00e9. Parlant des poursuites, Serge Brammertz a rappel\u00e9 qu\u2019ils ont poursuivi au niveau des juridictions des nations unies plus de 250 personnes dans les tribunaux de Rwanda et l\u2019ex Yougoslavie. \u00ab&nbsp;C\u2019est beaucoup par rapport aux autres juridictions internationales mais c\u2019est tr\u00e8s peu si on regarde le nombre de proc\u00e8s qu\u2019il y\u2019a encore \u00e0 faire. Le procureur du Rwanda a encore plus de 1.300 mandats d\u2019arr\u00eat par rapport \u00e0 des g\u00e9nocidaires potentiels. Des personnes qui sont des fugitives sur le continent africain, sur les continents europ\u00e9ens et ailleurs. J\u2019ai \u00e9t\u00e9 en ex Yougoslavie il y\u2019a trois semaines et, il y\u2019a encore 3000 enqu\u00eates en cours. Donc, c\u2019est pour dire que la justice internationale seule ne peut r\u00e9soudre une crise ou donner une justice suffisante par rapport aux crimes commis. Il faut toujours un \u00e9l\u00e9ment national et de l\u00e0, la justice internationale des pays directement concern\u00e9s par le conflit mais aussi d\u2019autres pays qui, dans le cadre de comp\u00e9tence universel ou de comp\u00e9tence extraordinaire, peuvent contribuer \u00e0 donner une meilleure chance \u00e0 la justice&nbsp;\u00bb, a-t-il conclu.","og_url":"https:\/\/www.public.sn\/index.php\/2022\/09\/19\/pr-ismaila-madior-fall-le-senegal-est-un-pays-de-droit-qui-a-une-justice-reputee\/","og_site_name":"LE PUBLIC","article_published_time":"2022-09-19T14:21:53+00:00","og_image":[{"width":264,"height":191,"url":"https:\/\/www.public.sn\/wp-content\/uploads\/2022\/09\/F39CC85C-F28E-4583-A0D5-193A6DAC835E.jpeg","type":"image\/jpeg"}],"author":"LA REDACTION","twitter_card":"summary_large_image","twitter_misc":{"\u00c9crit par":"LA REDACTION","Dur\u00e9e de lecture estim\u00e9e":"4 minutes"},"schema":{"@context":"https:\/\/schema.org","@graph":[{"@type":"Article","@id":"https:\/\/www.public.sn\/index.php\/2022\/09\/19\/pr-ismaila-madior-fall-le-senegal-est-un-pays-de-droit-qui-a-une-justice-reputee\/#article","isPartOf":{"@id":"https:\/\/www.public.sn\/index.php\/2022\/09\/19\/pr-ismaila-madior-fall-le-senegal-est-un-pays-de-droit-qui-a-une-justice-reputee\/"},"author":{"name":"LA REDACTION","@id":"https:\/\/www.public.sn\/#\/schema\/person\/e3f4a11b037d4203902db148f9bc8d5a"},"headline":"Pr Ismaila Madior Fall: \u201cLe S\u00e9n\u00e9gal est un pays de droit qui a une justice r\u00e9put\u00e9e\u201d.","datePublished":"2022-09-19T14:21:53+00:00","mainEntityOfPage":{"@id":"https:\/\/www.public.sn\/index.php\/2022\/09\/19\/pr-ismaila-madior-fall-le-senegal-est-un-pays-de-droit-qui-a-une-justice-reputee\/"},"wordCount":742,"commentCount":0,"publisher":{"@id":"https:\/\/www.public.sn\/#organization"},"image":{"@id":"https:\/\/www.public.sn\/index.php\/2022\/09\/19\/pr-ismaila-madior-fall-le-senegal-est-un-pays-de-droit-qui-a-une-justice-reputee\/#primaryimage"},"thumbnailUrl":"https:\/\/www.public.sn\/wp-content\/uploads\/2022\/09\/F39CC85C-F28E-4583-A0D5-193A6DAC835E.jpeg","keywords":["Cours et tribunaux","\u00c9tat de droit","Justice","Pr Ismail Madior Fall","Proc\u00e8s"],"articleSection":["ACTUALIT\u00c9S","S\u00c9CURIT\u00c9 &amp; JUSTICE"],"inLanguage":"fr-FR","potentialAction":[{"@type":"CommentAction","name":"Comment","target":["https:\/\/www.public.sn\/index.php\/2022\/09\/19\/pr-ismaila-madior-fall-le-senegal-est-un-pays-de-droit-qui-a-une-justice-reputee\/#respond"]}]},{"@type":"WebPage","@id":"https:\/\/www.public.sn\/index.php\/2022\/09\/19\/pr-ismaila-madior-fall-le-senegal-est-un-pays-de-droit-qui-a-une-justice-reputee\/","url":"https:\/\/www.public.sn\/index.php\/2022\/09\/19\/pr-ismaila-madior-fall-le-senegal-est-un-pays-de-droit-qui-a-une-justice-reputee\/","name":"Pr Ismaila Madior Fall: \u201cLe S\u00e9n\u00e9gal est un pays de droit qui a une justice r\u00e9put\u00e9e\u201d. - LE PUBLIC","isPartOf":{"@id":"https:\/\/www.public.sn\/#website"},"primaryImageOfPage":{"@id":"https:\/\/www.public.sn\/index.php\/2022\/09\/19\/pr-ismaila-madior-fall-le-senegal-est-un-pays-de-droit-qui-a-une-justice-reputee\/#primaryimage"},"image":{"@id":"https:\/\/www.public.sn\/index.php\/2022\/09\/19\/pr-ismaila-madior-fall-le-senegal-est-un-pays-de-droit-qui-a-une-justice-reputee\/#primaryimage"},"thumbnailUrl":"https:\/\/www.public.sn\/wp-content\/uploads\/2022\/09\/F39CC85C-F28E-4583-A0D5-193A6DAC835E.jpeg","datePublished":"2022-09-19T14:21:53+00:00","breadcrumb":{"@id":"https:\/\/www.public.sn\/index.php\/2022\/09\/19\/pr-ismaila-madior-fall-le-senegal-est-un-pays-de-droit-qui-a-une-justice-reputee\/#breadcrumb"},"inLanguage":"fr-FR","potentialAction":[{"@type":"ReadAction","target":["https:\/\/www.public.sn\/index.php\/2022\/09\/19\/pr-ismaila-madior-fall-le-senegal-est-un-pays-de-droit-qui-a-une-justice-reputee\/"]}]},{"@type":"ImageObject","inLanguage":"fr-FR","@id":"https:\/\/www.public.sn\/index.php\/2022\/09\/19\/pr-ismaila-madior-fall-le-senegal-est-un-pays-de-droit-qui-a-une-justice-reputee\/#primaryimage","url":"https:\/\/www.public.sn\/wp-content\/uploads\/2022\/09\/F39CC85C-F28E-4583-A0D5-193A6DAC835E.jpeg","contentUrl":"https:\/\/www.public.sn\/wp-content\/uploads\/2022\/09\/F39CC85C-F28E-4583-A0D5-193A6DAC835E.jpeg","width":264,"height":191},{"@type":"BreadcrumbList","@id":"https:\/\/www.public.sn\/index.php\/2022\/09\/19\/pr-ismaila-madior-fall-le-senegal-est-un-pays-de-droit-qui-a-une-justice-reputee\/#breadcrumb","itemListElement":[{"@type":"ListItem","position":1,"name":"Accueil","item":"https:\/\/www.public.sn\/"},{"@type":"ListItem","position":2,"name":"Pr Ismaila Madior Fall: \u201cLe S\u00e9n\u00e9gal est un pays de droit qui a une justice r\u00e9put\u00e9e\u201d."}]},{"@type":"WebSite","@id":"https:\/\/www.public.sn\/#website","url":"https:\/\/www.public.sn\/","name":"LE PUBLIC","description":"","publisher":{"@id":"https:\/\/www.public.sn\/#organization"},"potentialAction":[{"@type":"SearchAction","target":{"@type":"EntryPoint","urlTemplate":"https:\/\/www.public.sn\/?s={search_term_string}"},"query-input":{"@type":"PropertyValueSpecification","valueRequired":true,"valueName":"search_term_string"}}],"inLanguage":"fr-FR"},{"@type":"Organization","@id":"https:\/\/www.public.sn\/#organization","name":"LE PUBLIC","url":"https:\/\/www.public.sn\/","logo":{"@type":"ImageObject","inLanguage":"fr-FR","@id":"https:\/\/www.public.sn\/#\/schema\/logo\/image\/","url":"https:\/\/www.public.sn\/wp-content\/uploads\/2024\/05\/cropped-LOGO-PUBLIC.SN_.png","contentUrl":"https:\/\/www.public.sn\/wp-content\/uploads\/2024\/05\/cropped-LOGO-PUBLIC.SN_.png","width":682,"height":192,"caption":"LE PUBLIC"},"image":{"@id":"https:\/\/www.public.sn\/#\/schema\/logo\/image\/"}},{"@type":"Person","@id":"https:\/\/www.public.sn\/#\/schema\/person\/e3f4a11b037d4203902db148f9bc8d5a","name":"LA REDACTION","image":{"@type":"ImageObject","inLanguage":"fr-FR","@id":"https:\/\/www.public.sn\/#\/schema\/person\/image\/","url":"https:\/\/secure.gravatar.com\/avatar\/d6c030db45db2883c075085c5d6c6258654a801a93766b49af0b82d4f454e2a5?s=96&d=mm&r=g","contentUrl":"https:\/\/secure.gravatar.com\/avatar\/d6c030db45db2883c075085c5d6c6258654a801a93766b49af0b82d4f454e2a5?s=96&d=mm&r=g","caption":"LA REDACTION"},"sameAs":["http:\/\/www.public.sn"],"url":"https:\/\/www.public.sn\/index.php\/author\/admin7324\/"}]}},"jetpack_featured_media_url":"https:\/\/www.public.sn\/wp-content\/uploads\/2022\/09\/F39CC85C-F28E-4583-A0D5-193A6DAC835E.jpeg","jetpack_sharing_enabled":true,"_links":{"self":[{"href":"https:\/\/www.public.sn\/index.php\/wp-json\/wp\/v2\/posts\/2195","targetHints":{"allow":["GET"]}}],"collection":[{"href":"https:\/\/www.public.sn\/index.php\/wp-json\/wp\/v2\/posts"}],"about":[{"href":"https:\/\/www.public.sn\/index.php\/wp-json\/wp\/v2\/types\/post"}],"author":[{"embeddable":true,"href":"https:\/\/www.public.sn\/index.php\/wp-json\/wp\/v2\/users\/1"}],"replies":[{"embeddable":true,"href":"https:\/\/www.public.sn\/index.php\/wp-json\/wp\/v2\/comments?post=2195"}],"version-history":[{"count":1,"href":"https:\/\/www.public.sn\/index.php\/wp-json\/wp\/v2\/posts\/2195\/revisions"}],"predecessor-version":[{"id":2197,"href":"https:\/\/www.public.sn\/index.php\/wp-json\/wp\/v2\/posts\/2195\/revisions\/2197"}],"wp:featuredmedia":[{"embeddable":true,"href":"https:\/\/www.public.sn\/index.php\/wp-json\/wp\/v2\/media\/2196"}],"wp:attachment":[{"href":"https:\/\/www.public.sn\/index.php\/wp-json\/wp\/v2\/media?parent=2195"}],"wp:term":[{"taxonomy":"category","embeddable":true,"href":"https:\/\/www.public.sn\/index.php\/wp-json\/wp\/v2\/categories?post=2195"},{"taxonomy":"post_tag","embeddable":true,"href":"https:\/\/www.public.sn\/index.php\/wp-json\/wp\/v2\/tags?post=2195"}],"curies":[{"name":"wp","href":"https:\/\/api.w.org\/{rel}","templated":true}]}}