{"id":21958,"date":"2023-05-15T13:04:11","date_gmt":"2023-05-15T13:04:11","guid":{"rendered":"https:\/\/www.public.sn\/?p=21958"},"modified":"2023-05-15T13:04:11","modified_gmt":"2023-05-15T13:04:11","slug":"veille-proces-a-ziguinchor-ousmane-sonko-reste-introuvable","status":"publish","type":"post","link":"https:\/\/www.public.sn\/index.php\/2023\/05\/15\/veille-proces-a-ziguinchor-ousmane-sonko-reste-introuvable\/","title":{"rendered":"Veille proc\u00e8s  \u00e0 Ziguinchor : \u00abOusmane Sonko reste introuvable\u00bb"},"content":{"rendered":"<p><strong>La veille de son proc\u00e8s devant la chambre criminelle contre Adji Sarr, qui l\u2019accuse de viol et menaces de mort, Madiambal Diagne laisse entendre que le pr\u00e9sident de Pastef n\u2019est pas l\u00e0 o\u00f9 il est annonc\u00e9. \u00abIl rest\u00e9 dans la ville dont il est le maire (dans la zone, devrait-on dire), plus de temps qu\u2019il n\u2019a jamais eu \u00e0 y passer auparavant. Esp\u00e9rait-il trouver des foules de jeunes gaillards pr\u00eats \u00e0 d\u00e9fendre son quartier g\u00e9n\u00e9ral ?\u00bb, questionne le journaliste ce lundi dans sa chronique qui para\u00eet chaque semaine dans Le Quotidien.<\/strong><\/p><div class=\"publi-paragraphe1\" style=\"margin-top: 10px;margin-bottom: 10px;margin-left: auto;margin-right: auto;text-align: center;\" id=\"publi-803589376\"><div class=\"publi-adlabel\">Publicit\u00e9<\/div><script async src=\"\/\/pagead2.googlesyndication.com\/pagead\/js\/adsbygoogle.js?client=ca-pub-4089586018074219\" crossorigin=\"anonymous\"><\/script><ins class=\"adsbygoogle\" style=\"display:block;\" data-ad-client=\"ca-pub-4089586018074219\" \ndata-ad-slot=\"2087940154\" \ndata-ad-format=\"auto\"><\/ins>\n<script> \n(adsbygoogle = window.adsbygoogle || []).push({}); \n<\/script>\n<\/div>\n<p>Madiambal Diagne pr\u00e9cise : \u00abQuand il (Sonko) a compris qu\u2019il ne trouverait pas dans sa ville de Ziguinchor le bouclier humain qui pourrait emp\u00eacher les Forces de s\u00e9curit\u00e9 d\u2019ex\u00e9cuter une \u00e9ventuelle ordonnance de prise de corps afin qu\u2019il comparaisse manu militari, Ousmane Sonko a pris les devants pour se fondre dans la nature. Il reste introuvable \u00e0 Ziguinchor et fait des p\u00e9r\u00e9grinations \u00e0 travers divers \u2018bois sacr\u00e9s\u2019 de la r\u00e9gion.\u00bb<br \/>\nCe matin, plusieurs quotidiens ont annonc\u00e9 que des militants de Pastef se sont regroup\u00e9s devant son\u00a0 domicile .<\/p>\n<p>D\u2019apr\u00e8s la loi, Ousmane Sonko doit se pr\u00e9senter au greffe, au plus tard ce lundi, veille de son proc\u00e8s, pour assurer sa repr\u00e9sentation en justice et \u00eatre interrog\u00e9e par le pr\u00e9sident de la chambre criminelle en vue de son proc\u00e8s. S\u2019il n\u2019honore pas ce rendez-vous, l\u2019ordonnance de prise de corps sera ex\u00e9cut\u00e9e et il sera pr\u00e9sent\u00e9 de force au juge.<\/p>\n<p><strong>Lala RASSOUL<\/strong><\/p>\n<div class=\"publi-apres-le-contenu\" style=\"margin-top: 10px;margin-bottom: 10px;margin-left: auto;margin-right: auto;text-align: center;\" id=\"publi-644528232\"><div class=\"publi-adlabel\">Publicit\u00e9<\/div><script async src=\"\/\/pagead2.googlesyndication.com\/pagead\/js\/adsbygoogle.js?client=ca-pub-4089586018074219\" crossorigin=\"anonymous\"><\/script><ins class=\"adsbygoogle\" style=\"display:block;\" data-ad-client=\"ca-pub-4089586018074219\" \ndata-ad-slot=\"2087940154\" \ndata-ad-format=\"auto\"><\/ins>\n<script> \n(adsbygoogle = window.adsbygoogle || []).push({}); \n<\/script>\n<\/div>","protected":false},"excerpt":{"rendered":"<p>La veille de son proc\u00e8s devant la chambre criminelle contre Adji Sarr, qui l\u2019accuse de viol et menaces de mort, Madiambal Diagne laisse entendre que le pr\u00e9sident de Pastef n\u2019est pas l\u00e0 o\u00f9 il est annonc\u00e9. \u00abIl rest\u00e9 dans la ville dont il est le maire (dans la zone, devrait-on dire), plus de temps qu\u2019il n\u2019a jamais eu \u00e0 y passer auparavant. Esp\u00e9rait-il trouver des foules de jeunes gaillards pr\u00eats \u00e0 d\u00e9fendre son quartier g\u00e9n\u00e9ral ?\u00bb, questionne le journaliste ce lundi dans sa chronique qui para\u00eet chaque semaine dans Le Quotidien. Madiambal Diagne pr\u00e9cise : \u00abQuand il (Sonko) a compris qu\u2019il ne trouverait pas dans sa ville de Ziguinchor le bouclier humain qui pourrait emp\u00eacher les Forces de s\u00e9curit\u00e9 d\u2019ex\u00e9cuter une \u00e9ventuelle ordonnance de prise de corps afin qu\u2019il comparaisse manu militari, Ousmane Sonko a pris les devants pour se fondre dans la nature. Il reste introuvable \u00e0 Ziguinchor et fait des p\u00e9r\u00e9grinations \u00e0 travers divers \u2018bois sacr\u00e9s\u2019 de la r\u00e9gion.\u00bb Ce matin, plusieurs quotidiens ont annonc\u00e9 que des militants de Pastef se sont regroup\u00e9s devant son\u00a0 domicile . D\u2019apr\u00e8s la loi, Ousmane Sonko doit se pr\u00e9senter au greffe, au plus tard ce lundi, veille de son proc\u00e8s, pour assurer sa repr\u00e9sentation en justice et \u00eatre interrog\u00e9e par le pr\u00e9sident de la chambre criminelle en vue de son proc\u00e8s. S\u2019il n\u2019honore pas ce rendez-vous, l\u2019ordonnance de prise de corps sera ex\u00e9cut\u00e9e et il sera pr\u00e9sent\u00e9 de force au juge. Lala RASSOUL<\/p>\n","protected":false},"author":7,"featured_media":21960,"comment_status":"open","ping_status":"open","sticky":false,"template":"","format":"standard","meta":{"_jetpack_memberships_contains_paid_content":false,"footnotes":""},"categories":[375,3],"tags":[],"class_list":["post-21958","post","type-post","status-publish","format-standard","has-post-thumbnail","hentry","category-actualites","category-politique","entry","has-media","owp-thumbs-layout-horizontal","owp-btn-normal","owp-tabs-layout-horizontal","has-no-thumbnails","has-product-nav"],"yoast_head":"<!-- This site is optimized with the Yoast SEO plugin v25.5 - https:\/\/yoast.com\/wordpress\/plugins\/seo\/ -->\n<title>Veille proc\u00e8s \u00e0 Ziguinchor : \u00abOusmane Sonko reste introuvable\u00bb - LE PUBLIC<\/title>\n<meta name=\"robots\" content=\"index, follow, max-snippet:-1, max-image-preview:large, max-video-preview:-1\" \/>\n<link rel=\"canonical\" href=\"https:\/\/www.public.sn\/index.php\/2023\/05\/15\/veille-proces-a-ziguinchor-ousmane-sonko-reste-introuvable\/\" \/>\n<meta property=\"og:locale\" content=\"fr_FR\" \/>\n<meta property=\"og:type\" content=\"article\" \/>\n<meta property=\"og:title\" content=\"Veille proc\u00e8s \u00e0 Ziguinchor : \u00abOusmane Sonko reste introuvable\u00bb - LE PUBLIC\" \/>\n<meta property=\"og:description\" content=\"La veille de son proc\u00e8s devant la chambre criminelle contre Adji Sarr, qui l\u2019accuse de viol et menaces de mort, Madiambal Diagne laisse entendre que le pr\u00e9sident de Pastef n\u2019est pas l\u00e0 o\u00f9 il est annonc\u00e9. \u00abIl rest\u00e9 dans la ville dont il est le maire (dans la zone, devrait-on dire), plus de temps qu\u2019il n\u2019a jamais eu \u00e0 y passer auparavant. Esp\u00e9rait-il trouver des foules de jeunes gaillards pr\u00eats \u00e0 d\u00e9fendre son quartier g\u00e9n\u00e9ral ?\u00bb, questionne le journaliste ce lundi dans sa chronique qui para\u00eet chaque semaine dans Le Quotidien. Madiambal Diagne pr\u00e9cise : \u00abQuand il (Sonko) a compris qu\u2019il ne trouverait pas dans sa ville de Ziguinchor le bouclier humain qui pourrait emp\u00eacher les Forces de s\u00e9curit\u00e9 d\u2019ex\u00e9cuter une \u00e9ventuelle ordonnance de prise de corps afin qu\u2019il comparaisse manu militari, Ousmane Sonko a pris les devants pour se fondre dans la nature. Il reste introuvable \u00e0 Ziguinchor et fait des p\u00e9r\u00e9grinations \u00e0 travers divers \u2018bois sacr\u00e9s\u2019 de la r\u00e9gion.\u00bb Ce matin, plusieurs quotidiens ont annonc\u00e9 que des militants de Pastef se sont regroup\u00e9s devant son\u00a0 domicile . D\u2019apr\u00e8s la loi, Ousmane Sonko doit se pr\u00e9senter au greffe, au plus tard ce lundi, veille de son proc\u00e8s, pour assurer sa repr\u00e9sentation en justice et \u00eatre interrog\u00e9e par le pr\u00e9sident de la chambre criminelle en vue de son proc\u00e8s. S\u2019il n\u2019honore pas ce rendez-vous, l\u2019ordonnance de prise de corps sera ex\u00e9cut\u00e9e et il sera pr\u00e9sent\u00e9 de force au juge. Lala RASSOUL\" \/>\n<meta property=\"og:url\" content=\"https:\/\/www.public.sn\/index.php\/2023\/05\/15\/veille-proces-a-ziguinchor-ousmane-sonko-reste-introuvable\/\" \/>\n<meta property=\"og:site_name\" content=\"LE PUBLIC\" \/>\n<meta property=\"article:published_time\" content=\"2023-05-15T13:04:11+00:00\" \/>\n<meta property=\"og:image\" content=\"https:\/\/www.public.sn\/wp-content\/uploads\/2023\/05\/sonko-ousmane-696x464-1.jpeg\" \/>\n\t<meta property=\"og:image:width\" content=\"696\" \/>\n\t<meta property=\"og:image:height\" content=\"464\" \/>\n\t<meta property=\"og:image:type\" content=\"image\/jpeg\" \/>\n<meta name=\"author\" content=\"LA REDACTION\" \/>\n<meta name=\"twitter:card\" content=\"summary_large_image\" \/>\n<meta name=\"twitter:label1\" content=\"\u00c9crit par\" \/>\n\t<meta name=\"twitter:data1\" content=\"LA REDACTION\" \/>\n\t<meta name=\"twitter:label2\" content=\"Dur\u00e9e de lecture estim\u00e9e\" \/>\n\t<meta name=\"twitter:data2\" content=\"2 minutes\" \/>\n<script type=\"application\/ld+json\" class=\"yoast-schema-graph\">{\"@context\":\"https:\/\/schema.org\",\"@graph\":[{\"@type\":\"Article\",\"@id\":\"https:\/\/www.public.sn\/index.php\/2023\/05\/15\/veille-proces-a-ziguinchor-ousmane-sonko-reste-introuvable\/#article\",\"isPartOf\":{\"@id\":\"https:\/\/www.public.sn\/index.php\/2023\/05\/15\/veille-proces-a-ziguinchor-ousmane-sonko-reste-introuvable\/\"},\"author\":{\"name\":\"LA REDACTION\",\"@id\":\"https:\/\/www.public.sn\/#\/schema\/person\/cb76c8e1b8becc6be61fb5e92d6d0224\"},\"headline\":\"Veille proc\u00e8s \u00e0 Ziguinchor : \u00abOusmane Sonko reste introuvable\u00bb\",\"datePublished\":\"2023-05-15T13:04:11+00:00\",\"mainEntityOfPage\":{\"@id\":\"https:\/\/www.public.sn\/index.php\/2023\/05\/15\/veille-proces-a-ziguinchor-ousmane-sonko-reste-introuvable\/\"},\"wordCount\":280,\"commentCount\":1,\"publisher\":{\"@id\":\"https:\/\/www.public.sn\/#organization\"},\"image\":{\"@id\":\"https:\/\/www.public.sn\/index.php\/2023\/05\/15\/veille-proces-a-ziguinchor-ousmane-sonko-reste-introuvable\/#primaryimage\"},\"thumbnailUrl\":\"https:\/\/www.public.sn\/wp-content\/uploads\/2023\/05\/sonko-ousmane-696x464-1.jpeg\",\"articleSection\":[\"ACTUALIT\u00c9S\",\"POLITIQUE\"],\"inLanguage\":\"fr-FR\",\"potentialAction\":[{\"@type\":\"CommentAction\",\"name\":\"Comment\",\"target\":[\"https:\/\/www.public.sn\/index.php\/2023\/05\/15\/veille-proces-a-ziguinchor-ousmane-sonko-reste-introuvable\/#respond\"]}]},{\"@type\":\"WebPage\",\"@id\":\"https:\/\/www.public.sn\/index.php\/2023\/05\/15\/veille-proces-a-ziguinchor-ousmane-sonko-reste-introuvable\/\",\"url\":\"https:\/\/www.public.sn\/index.php\/2023\/05\/15\/veille-proces-a-ziguinchor-ousmane-sonko-reste-introuvable\/\",\"name\":\"Veille proc\u00e8s \u00e0 Ziguinchor : \u00abOusmane Sonko reste introuvable\u00bb - LE PUBLIC\",\"isPartOf\":{\"@id\":\"https:\/\/www.public.sn\/#website\"},\"primaryImageOfPage\":{\"@id\":\"https:\/\/www.public.sn\/index.php\/2023\/05\/15\/veille-proces-a-ziguinchor-ousmane-sonko-reste-introuvable\/#primaryimage\"},\"image\":{\"@id\":\"https:\/\/www.public.sn\/index.php\/2023\/05\/15\/veille-proces-a-ziguinchor-ousmane-sonko-reste-introuvable\/#primaryimage\"},\"thumbnailUrl\":\"https:\/\/www.public.sn\/wp-content\/uploads\/2023\/05\/sonko-ousmane-696x464-1.jpeg\",\"datePublished\":\"2023-05-15T13:04:11+00:00\",\"breadcrumb\":{\"@id\":\"https:\/\/www.public.sn\/index.php\/2023\/05\/15\/veille-proces-a-ziguinchor-ousmane-sonko-reste-introuvable\/#breadcrumb\"},\"inLanguage\":\"fr-FR\",\"potentialAction\":[{\"@type\":\"ReadAction\",\"target\":[\"https:\/\/www.public.sn\/index.php\/2023\/05\/15\/veille-proces-a-ziguinchor-ousmane-sonko-reste-introuvable\/\"]}]},{\"@type\":\"ImageObject\",\"inLanguage\":\"fr-FR\",\"@id\":\"https:\/\/www.public.sn\/index.php\/2023\/05\/15\/veille-proces-a-ziguinchor-ousmane-sonko-reste-introuvable\/#primaryimage\",\"url\":\"https:\/\/www.public.sn\/wp-content\/uploads\/2023\/05\/sonko-ousmane-696x464-1.jpeg\",\"contentUrl\":\"https:\/\/www.public.sn\/wp-content\/uploads\/2023\/05\/sonko-ousmane-696x464-1.jpeg\",\"width\":696,\"height\":464},{\"@type\":\"BreadcrumbList\",\"@id\":\"https:\/\/www.public.sn\/index.php\/2023\/05\/15\/veille-proces-a-ziguinchor-ousmane-sonko-reste-introuvable\/#breadcrumb\",\"itemListElement\":[{\"@type\":\"ListItem\",\"position\":1,\"name\":\"Accueil\",\"item\":\"https:\/\/www.public.sn\/\"},{\"@type\":\"ListItem\",\"position\":2,\"name\":\"Veille proc\u00e8s \u00e0 Ziguinchor : \u00abOusmane Sonko reste introuvable\u00bb\"}]},{\"@type\":\"WebSite\",\"@id\":\"https:\/\/www.public.sn\/#website\",\"url\":\"https:\/\/www.public.sn\/\",\"name\":\"LE PUBLIC\",\"description\":\"\",\"publisher\":{\"@id\":\"https:\/\/www.public.sn\/#organization\"},\"potentialAction\":[{\"@type\":\"SearchAction\",\"target\":{\"@type\":\"EntryPoint\",\"urlTemplate\":\"https:\/\/www.public.sn\/?s={search_term_string}\"},\"query-input\":{\"@type\":\"PropertyValueSpecification\",\"valueRequired\":true,\"valueName\":\"search_term_string\"}}],\"inLanguage\":\"fr-FR\"},{\"@type\":\"Organization\",\"@id\":\"https:\/\/www.public.sn\/#organization\",\"name\":\"LE PUBLIC\",\"url\":\"https:\/\/www.public.sn\/\",\"logo\":{\"@type\":\"ImageObject\",\"inLanguage\":\"fr-FR\",\"@id\":\"https:\/\/www.public.sn\/#\/schema\/logo\/image\/\",\"url\":\"https:\/\/www.public.sn\/wp-content\/uploads\/2024\/05\/cropped-LOGO-PUBLIC.SN_.png\",\"contentUrl\":\"https:\/\/www.public.sn\/wp-content\/uploads\/2024\/05\/cropped-LOGO-PUBLIC.SN_.png\",\"width\":682,\"height\":192,\"caption\":\"LE PUBLIC\"},\"image\":{\"@id\":\"https:\/\/www.public.sn\/#\/schema\/logo\/image\/\"}},{\"@type\":\"Person\",\"@id\":\"https:\/\/www.public.sn\/#\/schema\/person\/cb76c8e1b8becc6be61fb5e92d6d0224\",\"name\":\"LA REDACTION\",\"image\":{\"@type\":\"ImageObject\",\"inLanguage\":\"fr-FR\",\"@id\":\"https:\/\/www.public.sn\/#\/schema\/person\/image\/\",\"url\":\"https:\/\/secure.gravatar.com\/avatar\/2dce5ddd34b8fef0180efe03aa2a9bee7d953856048f9a16b298190a3178407c?s=96&d=mm&r=g\",\"contentUrl\":\"https:\/\/secure.gravatar.com\/avatar\/2dce5ddd34b8fef0180efe03aa2a9bee7d953856048f9a16b298190a3178407c?s=96&d=mm&r=g\",\"caption\":\"LA REDACTION\"},\"url\":\"https:\/\/www.public.sn\/index.php\/author\/editeurpsn\/\"}]}<\/script>\n<!-- \/ Yoast SEO plugin. -->","yoast_head_json":{"title":"Veille proc\u00e8s \u00e0 Ziguinchor : \u00abOusmane Sonko reste introuvable\u00bb - LE PUBLIC","robots":{"index":"index","follow":"follow","max-snippet":"max-snippet:-1","max-image-preview":"max-image-preview:large","max-video-preview":"max-video-preview:-1"},"canonical":"https:\/\/www.public.sn\/index.php\/2023\/05\/15\/veille-proces-a-ziguinchor-ousmane-sonko-reste-introuvable\/","og_locale":"fr_FR","og_type":"article","og_title":"Veille proc\u00e8s \u00e0 Ziguinchor : \u00abOusmane Sonko reste introuvable\u00bb - LE PUBLIC","og_description":"La veille de son proc\u00e8s devant la chambre criminelle contre Adji Sarr, qui l\u2019accuse de viol et menaces de mort, Madiambal Diagne laisse entendre que le pr\u00e9sident de Pastef n\u2019est pas l\u00e0 o\u00f9 il est annonc\u00e9. \u00abIl rest\u00e9 dans la ville dont il est le maire (dans la zone, devrait-on dire), plus de temps qu\u2019il n\u2019a jamais eu \u00e0 y passer auparavant. Esp\u00e9rait-il trouver des foules de jeunes gaillards pr\u00eats \u00e0 d\u00e9fendre son quartier g\u00e9n\u00e9ral ?\u00bb, questionne le journaliste ce lundi dans sa chronique qui para\u00eet chaque semaine dans Le Quotidien. Madiambal Diagne pr\u00e9cise : \u00abQuand il (Sonko) a compris qu\u2019il ne trouverait pas dans sa ville de Ziguinchor le bouclier humain qui pourrait emp\u00eacher les Forces de s\u00e9curit\u00e9 d\u2019ex\u00e9cuter une \u00e9ventuelle ordonnance de prise de corps afin qu\u2019il comparaisse manu militari, Ousmane Sonko a pris les devants pour se fondre dans la nature. Il reste introuvable \u00e0 Ziguinchor et fait des p\u00e9r\u00e9grinations \u00e0 travers divers \u2018bois sacr\u00e9s\u2019 de la r\u00e9gion.\u00bb Ce matin, plusieurs quotidiens ont annonc\u00e9 que des militants de Pastef se sont regroup\u00e9s devant son\u00a0 domicile . D\u2019apr\u00e8s la loi, Ousmane Sonko doit se pr\u00e9senter au greffe, au plus tard ce lundi, veille de son proc\u00e8s, pour assurer sa repr\u00e9sentation en justice et \u00eatre interrog\u00e9e par le pr\u00e9sident de la chambre criminelle en vue de son proc\u00e8s. S\u2019il n\u2019honore pas ce rendez-vous, l\u2019ordonnance de prise de corps sera ex\u00e9cut\u00e9e et il sera pr\u00e9sent\u00e9 de force au juge. Lala RASSOUL","og_url":"https:\/\/www.public.sn\/index.php\/2023\/05\/15\/veille-proces-a-ziguinchor-ousmane-sonko-reste-introuvable\/","og_site_name":"LE PUBLIC","article_published_time":"2023-05-15T13:04:11+00:00","og_image":[{"width":696,"height":464,"url":"https:\/\/www.public.sn\/wp-content\/uploads\/2023\/05\/sonko-ousmane-696x464-1.jpeg","type":"image\/jpeg"}],"author":"LA REDACTION","twitter_card":"summary_large_image","twitter_misc":{"\u00c9crit par":"LA REDACTION","Dur\u00e9e de lecture estim\u00e9e":"2 minutes"},"schema":{"@context":"https:\/\/schema.org","@graph":[{"@type":"Article","@id":"https:\/\/www.public.sn\/index.php\/2023\/05\/15\/veille-proces-a-ziguinchor-ousmane-sonko-reste-introuvable\/#article","isPartOf":{"@id":"https:\/\/www.public.sn\/index.php\/2023\/05\/15\/veille-proces-a-ziguinchor-ousmane-sonko-reste-introuvable\/"},"author":{"name":"LA REDACTION","@id":"https:\/\/www.public.sn\/#\/schema\/person\/cb76c8e1b8becc6be61fb5e92d6d0224"},"headline":"Veille proc\u00e8s \u00e0 Ziguinchor : \u00abOusmane Sonko reste introuvable\u00bb","datePublished":"2023-05-15T13:04:11+00:00","mainEntityOfPage":{"@id":"https:\/\/www.public.sn\/index.php\/2023\/05\/15\/veille-proces-a-ziguinchor-ousmane-sonko-reste-introuvable\/"},"wordCount":280,"commentCount":1,"publisher":{"@id":"https:\/\/www.public.sn\/#organization"},"image":{"@id":"https:\/\/www.public.sn\/index.php\/2023\/05\/15\/veille-proces-a-ziguinchor-ousmane-sonko-reste-introuvable\/#primaryimage"},"thumbnailUrl":"https:\/\/www.public.sn\/wp-content\/uploads\/2023\/05\/sonko-ousmane-696x464-1.jpeg","articleSection":["ACTUALIT\u00c9S","POLITIQUE"],"inLanguage":"fr-FR","potentialAction":[{"@type":"CommentAction","name":"Comment","target":["https:\/\/www.public.sn\/index.php\/2023\/05\/15\/veille-proces-a-ziguinchor-ousmane-sonko-reste-introuvable\/#respond"]}]},{"@type":"WebPage","@id":"https:\/\/www.public.sn\/index.php\/2023\/05\/15\/veille-proces-a-ziguinchor-ousmane-sonko-reste-introuvable\/","url":"https:\/\/www.public.sn\/index.php\/2023\/05\/15\/veille-proces-a-ziguinchor-ousmane-sonko-reste-introuvable\/","name":"Veille proc\u00e8s \u00e0 Ziguinchor : \u00abOusmane Sonko reste introuvable\u00bb - LE PUBLIC","isPartOf":{"@id":"https:\/\/www.public.sn\/#website"},"primaryImageOfPage":{"@id":"https:\/\/www.public.sn\/index.php\/2023\/05\/15\/veille-proces-a-ziguinchor-ousmane-sonko-reste-introuvable\/#primaryimage"},"image":{"@id":"https:\/\/www.public.sn\/index.php\/2023\/05\/15\/veille-proces-a-ziguinchor-ousmane-sonko-reste-introuvable\/#primaryimage"},"thumbnailUrl":"https:\/\/www.public.sn\/wp-content\/uploads\/2023\/05\/sonko-ousmane-696x464-1.jpeg","datePublished":"2023-05-15T13:04:11+00:00","breadcrumb":{"@id":"https:\/\/www.public.sn\/index.php\/2023\/05\/15\/veille-proces-a-ziguinchor-ousmane-sonko-reste-introuvable\/#breadcrumb"},"inLanguage":"fr-FR","potentialAction":[{"@type":"ReadAction","target":["https:\/\/www.public.sn\/index.php\/2023\/05\/15\/veille-proces-a-ziguinchor-ousmane-sonko-reste-introuvable\/"]}]},{"@type":"ImageObject","inLanguage":"fr-FR","@id":"https:\/\/www.public.sn\/index.php\/2023\/05\/15\/veille-proces-a-ziguinchor-ousmane-sonko-reste-introuvable\/#primaryimage","url":"https:\/\/www.public.sn\/wp-content\/uploads\/2023\/05\/sonko-ousmane-696x464-1.jpeg","contentUrl":"https:\/\/www.public.sn\/wp-content\/uploads\/2023\/05\/sonko-ousmane-696x464-1.jpeg","width":696,"height":464},{"@type":"BreadcrumbList","@id":"https:\/\/www.public.sn\/index.php\/2023\/05\/15\/veille-proces-a-ziguinchor-ousmane-sonko-reste-introuvable\/#breadcrumb","itemListElement":[{"@type":"ListItem","position":1,"name":"Accueil","item":"https:\/\/www.public.sn\/"},{"@type":"ListItem","position":2,"name":"Veille proc\u00e8s \u00e0 Ziguinchor : \u00abOusmane Sonko reste introuvable\u00bb"}]},{"@type":"WebSite","@id":"https:\/\/www.public.sn\/#website","url":"https:\/\/www.public.sn\/","name":"LE PUBLIC","description":"","publisher":{"@id":"https:\/\/www.public.sn\/#organization"},"potentialAction":[{"@type":"SearchAction","target":{"@type":"EntryPoint","urlTemplate":"https:\/\/www.public.sn\/?s={search_term_string}"},"query-input":{"@type":"PropertyValueSpecification","valueRequired":true,"valueName":"search_term_string"}}],"inLanguage":"fr-FR"},{"@type":"Organization","@id":"https:\/\/www.public.sn\/#organization","name":"LE PUBLIC","url":"https:\/\/www.public.sn\/","logo":{"@type":"ImageObject","inLanguage":"fr-FR","@id":"https:\/\/www.public.sn\/#\/schema\/logo\/image\/","url":"https:\/\/www.public.sn\/wp-content\/uploads\/2024\/05\/cropped-LOGO-PUBLIC.SN_.png","contentUrl":"https:\/\/www.public.sn\/wp-content\/uploads\/2024\/05\/cropped-LOGO-PUBLIC.SN_.png","width":682,"height":192,"caption":"LE PUBLIC"},"image":{"@id":"https:\/\/www.public.sn\/#\/schema\/logo\/image\/"}},{"@type":"Person","@id":"https:\/\/www.public.sn\/#\/schema\/person\/cb76c8e1b8becc6be61fb5e92d6d0224","name":"LA REDACTION","image":{"@type":"ImageObject","inLanguage":"fr-FR","@id":"https:\/\/www.public.sn\/#\/schema\/person\/image\/","url":"https:\/\/secure.gravatar.com\/avatar\/2dce5ddd34b8fef0180efe03aa2a9bee7d953856048f9a16b298190a3178407c?s=96&d=mm&r=g","contentUrl":"https:\/\/secure.gravatar.com\/avatar\/2dce5ddd34b8fef0180efe03aa2a9bee7d953856048f9a16b298190a3178407c?s=96&d=mm&r=g","caption":"LA REDACTION"},"url":"https:\/\/www.public.sn\/index.php\/author\/editeurpsn\/"}]}},"jetpack_featured_media_url":"https:\/\/www.public.sn\/wp-content\/uploads\/2023\/05\/sonko-ousmane-696x464-1.jpeg","jetpack_sharing_enabled":true,"_links":{"self":[{"href":"https:\/\/www.public.sn\/index.php\/wp-json\/wp\/v2\/posts\/21958","targetHints":{"allow":["GET"]}}],"collection":[{"href":"https:\/\/www.public.sn\/index.php\/wp-json\/wp\/v2\/posts"}],"about":[{"href":"https:\/\/www.public.sn\/index.php\/wp-json\/wp\/v2\/types\/post"}],"author":[{"embeddable":true,"href":"https:\/\/www.public.sn\/index.php\/wp-json\/wp\/v2\/users\/7"}],"replies":[{"embeddable":true,"href":"https:\/\/www.public.sn\/index.php\/wp-json\/wp\/v2\/comments?post=21958"}],"version-history":[{"count":1,"href":"https:\/\/www.public.sn\/index.php\/wp-json\/wp\/v2\/posts\/21958\/revisions"}],"predecessor-version":[{"id":21961,"href":"https:\/\/www.public.sn\/index.php\/wp-json\/wp\/v2\/posts\/21958\/revisions\/21961"}],"wp:featuredmedia":[{"embeddable":true,"href":"https:\/\/www.public.sn\/index.php\/wp-json\/wp\/v2\/media\/21960"}],"wp:attachment":[{"href":"https:\/\/www.public.sn\/index.php\/wp-json\/wp\/v2\/media?parent=21958"}],"wp:term":[{"taxonomy":"category","embeddable":true,"href":"https:\/\/www.public.sn\/index.php\/wp-json\/wp\/v2\/categories?post=21958"},{"taxonomy":"post_tag","embeddable":true,"href":"https:\/\/www.public.sn\/index.php\/wp-json\/wp\/v2\/tags?post=21958"}],"curies":[{"name":"wp","href":"https:\/\/api.w.org\/{rel}","templated":true}]}}